{"id":1328,"date":"2013-11-23T21:32:27","date_gmt":"2013-11-23T19:32:27","guid":{"rendered":"http:\/\/www.skimo.at\/sportler\/?p=1328"},"modified":"2013-11-24T09:35:54","modified_gmt":"2013-11-24T07:35:54","slug":"teammeeting-in-matrei-in-osttirol-in-vollem-gange","status":"publish","type":"post","link":"https:\/\/www.skimo.at\/sportler\/1328\/teammeeting-in-matrei-in-osttirol-in-vollem-gange\/","title":{"rendered":"Teammeeting in Matrei in Osttirol in vollem Gange"},"content":{"rendered":"<p>Der offizielle Startschu\u00df in die neue Saison f\u00e4llt an diesem Wochenende! Die \u00f6sterreichische Nationalmannschaft im Wettkampf-Skibergsteigen trifft sich von Freitag bis Sonntag in Matrei in Osttirol. Alle 14 Athleten versammeln sich und nutzen die M\u00f6glichkeit sich zumindest einmal pro Saison ohne Wettkampfstress zu treffen.<\/p>\n<p>Am Freitag standen die neuen Teammitglieder im Mittelpunkt. Die drei Jungathleten (Verena Streitberger, Jakob Siedler und Daniel Zugg) bekamen von Trainer Alex Lugger eine umfangreiche Einf\u00fchrung f\u00fcr ihre Mitgliedschaft im Nationalteam und von Mannschaftsleiter Karl Posch eine Medienschulung. Zuk\u00fcnftige Sieger m\u00fcssen ja immerhin auch auf Interviews hintrainiert werden \ud83d\ude09<\/p>\n<p>Am Samstag Morgen reiste der Rest der Mannschaft an. Der Vormittag stand im Zeichen von <a href=\"http:\/\/www.adidas.at\/outdoor\/Outdoor,de_AT,sc.html?cm_mmc=AdieSEM_Google-_-Outdoor-Brand-B-EXACT-_-General-Outdoor_Brand-X-General-_-adidas%20outdoor&amp;cm_mmca1=AT&amp;cm_mmca2=Exact&amp;utm_source=google&amp;utm_medium=cpc&amp;utm_term=adidas%20outdoor&amp;utm_campaign=Outdoor-Brand-B-EXACT\" target=\"_blank\">adidas<\/a>. Alex Nehls von <a href=\"http:\/\/www.adidas.at\/outdoor\/Outdoor,de_AT,sc.html?cm_mmc=AdieSEM_Google-_-Outdoor-Brand-B-EXACT-_-General-Outdoor_Brand-X-General-_-adidas%20outdoor&amp;cm_mmca1=AT&amp;cm_mmca2=Exact&amp;utm_source=google&amp;utm_medium=cpc&amp;utm_term=adidas%20outdoor&amp;utm_campaign=Outdoor-Brand-B-EXACT\" target=\"_blank\">adidas Outdoor <\/a>erz\u00e4hlte in einem Vortrag \u00fcber die wichtigsten Fakten der Firma, anschlie\u00dfend berichtete Karin Sattur von<a href=\"http:\/\/www.adidas.com\/Eyewear\/content\/at\/\" target=\"_blank\"> adidas Eyewear\u00a0<\/a>wie wichtig der richtige Schutz f\u00fcr die Augen im Gel\u00e4nde sei und somit das Verwenden einer guten Sonnenbrille. Flei\u00dfig wurde mit den Athleten diskutiert, welche Eigenschaften die Brillen f\u00fcr einen optimalen Einsatz im Wettkampf haben m\u00fcssen und was verbessert werden k\u00f6nnte. Der Firma\u00a0<a href=\"http:\/\/www.adidas.at\/outdoor\/Outdoor,de_AT,sc.html?cm_mmc=AdieSEM_Google-_-Outdoor-Brand-B-EXACT-_-General-Outdoor_Brand-X-General-_-adidas%20outdoor&amp;cm_mmca1=AT&amp;cm_mmca2=Exact&amp;utm_source=google&amp;utm_medium=cpc&amp;utm_term=adidas%20outdoor&amp;utm_campaign=Outdoor-Brand-B-EXACT\" target=\"_blank\">adidas<\/a> ist es sehr wichtig, Feedback von dem getesteten Material zu bekommen, um ihr Position im Outdoormarkt mit qualitativ hochwertigen Produkten immer mehr ausbauen zu k\u00f6nnen. Die Erfahrung unserer Athleten wird in der Entwicklung und Verbesserung sehr intensiv miteinbezogen.<br \/>\nAm Nachmittag kam dann das \u201eChristkind\u201c: die Materialausgabe zauberte allen ein Gl\u00e4nzen in die Augen. <a href=\"http:\/\/www.adidas.at\/outdoor\/Outdoor,de_AT,sc.html?cm_mmc=AdieSEM_Google-_-Outdoor-Brand-B-EXACT-_-General-Outdoor_Brand-X-General-_-adidas%20outdoor&amp;cm_mmca1=AT&amp;cm_mmca2=Exact&amp;utm_source=google&amp;utm_medium=cpc&amp;utm_term=adidas%20outdoor&amp;utm_campaign=Outdoor-Brand-B-EXACT\" target=\"_blank\">ADIDAS<\/a>, <a href=\"http:\/\/www.nikwax.de\/de-de\/\" target=\"_blank\">NIKWAX<\/a>, <a href=\"http:\/\/www.sportpintar.com\/a_startseite\/front_content.php\" target=\"_blank\">BUFF<\/a>, <a href=\"http:\/\/eu.blackdiamondequipment.com\/de\/home\" target=\"_blank\">BLACK DIAMOND <\/a>und <a href=\"http:\/\/www.pieps.com\" target=\"_blank\">PIEPS<\/a> lieferten eine gro\u00dfe und hochwertige Anzahl an ihren Produkten, die das Team die ganze Saison \u00fcber begleiten werden.<\/p>\n<p>Morgen geht\u2019s mit dem Programm weiter. Diverse Informationen zur Wettkampfsaison werden folgen, weiters eine Pr\u00e4sentation von Sponsor <a href=\"http:\/\/www.kochalpin.at\/\" target=\"_blank\">CONTOUR<\/a>. Und am Nachmittag hei\u00dft es noch Ski anziehen und ein paar Schw\u00fcnge im frisch gefallenen Schnee Osttirols ziehen.<\/p>\n<p>Ein genauer Bericht mit allen Bilden folgt in K\u00fcrze!<\/p>\n<p>&nbsp;<\/p>\n<p>&nbsp;<\/p>\n","protected":false},"excerpt":{"rendered":"<p>Der offizielle Startschu\u00df in die neue Saison f\u00e4llt an diesem Wochenende! Die \u00f6sterreichische Nationalmannschaft im Wettkampf-Skibergsteigen trifft sich von Freitag bis Sonntag in Matrei in Osttirol. Alle 14 Athleten versammeln sich und nutzen die M\u00f6glichkeit sich zumindest einmal pro Saison ohne Wettkampfstress zu treffen. Am Freitag standen die neuen Teammitglieder im Mittelpunkt. Die drei Jungathleten [&hellip;]<\/p>\n","protected":false},"author":4,"featured_media":1339,"comment_status":"closed","ping_status":"closed","sticky":false,"template":"","format":"standard","meta":[],"categories":[3],"tags":[],"yoast_head":"<!-- This site is optimized with the Yoast SEO plugin v16.3 - https:\/\/yoast.com\/wordpress\/plugins\/seo\/ -->\n<title>Teammeeting in Matrei in Osttirol in vollem Gange - Sportler<\/title>\n<meta name=\"robots\" content=\"index, follow, max-snippet:-1, max-image-preview:large, max-video-preview:-1\" \/>\n<link rel=\"canonical\" href=\"https:\/\/www.skimo.at\/sportler\/1328\/teammeeting-in-matrei-in-osttirol-in-vollem-gange\/\" \/>\n<meta property=\"og:locale\" content=\"de_DE\" \/>\n<meta property=\"og:type\" content=\"article\" \/>\n<meta property=\"og:title\" content=\"Teammeeting in Matrei in Osttirol in vollem Gange - Sportler\" \/>\n<meta property=\"og:description\" content=\"Der offizielle Startschu\u00df in die neue Saison f\u00e4llt an diesem Wochenende! Die \u00f6sterreichische Nationalmannschaft im Wettkampf-Skibergsteigen trifft sich von Freitag bis Sonntag in Matrei in Osttirol. Alle 14 Athleten versammeln sich und nutzen die M\u00f6glichkeit sich zumindest einmal pro Saison ohne Wettkampfstress zu treffen. Am Freitag standen die neuen Teammitglieder im Mittelpunkt. Die drei Jungathleten [&hellip;]\" \/>\n<meta property=\"og:url\" content=\"https:\/\/www.skimo.at\/sportler\/1328\/teammeeting-in-matrei-in-osttirol-in-vollem-gange\/\" \/>\n<meta property=\"og:site_name\" content=\"Sportler\" \/>\n<meta property=\"article:published_time\" content=\"2013-11-23T19:32:27+00:00\" \/>\n<meta property=\"article:modified_time\" content=\"2013-11-24T07:35:54+00:00\" \/>\n<meta property=\"og:image\" content=\"https:\/\/skimo.73.jarolim.eu\/sportler\/files\/2013\/11\/Teammeeting-2013-_-Mannschaft-3-_-Bild-Karl-Posch.jpg\" \/>\n\t<meta property=\"og:image:width\" content=\"1296\" \/>\n\t<meta property=\"og:image:height\" content=\"864\" \/>\n<meta name=\"twitter:card\" content=\"summary\" \/>\n<meta name=\"twitter:label1\" content=\"Gesch\u00e4tzte Lesezeit\">\n\t<meta name=\"twitter:data1\" content=\"2\u00a0Minuten\">\n<script type=\"application\/ld+json\" class=\"yoast-schema-graph\">{\"@context\":\"https:\/\/schema.org\",\"@graph\":[{\"@type\":\"WebSite\",\"@id\":\"https:\/\/skimo.73.jarolim.eu\/sportler\/#website\",\"url\":\"https:\/\/skimo.73.jarolim.eu\/sportler\/\",\"name\":\"Sportler\",\"description\":\"\",\"potentialAction\":[{\"@type\":\"SearchAction\",\"target\":\"https:\/\/skimo.73.jarolim.eu\/sportler\/?s={search_term_string}\",\"query-input\":\"required name=search_term_string\"}],\"inLanguage\":\"de\"},{\"@type\":\"ImageObject\",\"@id\":\"https:\/\/www.skimo.at\/sportler\/1328\/teammeeting-in-matrei-in-osttirol-in-vollem-gange\/#primaryimage\",\"inLanguage\":\"de\",\"url\":\"https:\/\/www.skimo.at\/sportler\/files\/2013\/11\/Teammeeting-2013-_-Mannschaft-3-_-Bild-Karl-Posch.jpg\",\"contentUrl\":\"https:\/\/www.skimo.at\/sportler\/files\/2013\/11\/Teammeeting-2013-_-Mannschaft-3-_-Bild-Karl-Posch.jpg\",\"width\":1296,\"height\":864},{\"@type\":\"WebPage\",\"@id\":\"https:\/\/www.skimo.at\/sportler\/1328\/teammeeting-in-matrei-in-osttirol-in-vollem-gange\/#webpage\",\"url\":\"https:\/\/www.skimo.at\/sportler\/1328\/teammeeting-in-matrei-in-osttirol-in-vollem-gange\/\",\"name\":\"Teammeeting in Matrei in Osttirol in vollem Gange - Sportler\",\"isPartOf\":{\"@id\":\"https:\/\/skimo.73.jarolim.eu\/sportler\/#website\"},\"primaryImageOfPage\":{\"@id\":\"https:\/\/www.skimo.at\/sportler\/1328\/teammeeting-in-matrei-in-osttirol-in-vollem-gange\/#primaryimage\"},\"datePublished\":\"2013-11-23T19:32:27+00:00\",\"dateModified\":\"2013-11-24T07:35:54+00:00\",\"author\":{\"@id\":\"https:\/\/skimo.73.jarolim.eu\/sportler\/#\/schema\/person\/89e18f4c3d09b5434dbc2dc0cefbcd30\"},\"breadcrumb\":{\"@id\":\"https:\/\/www.skimo.at\/sportler\/1328\/teammeeting-in-matrei-in-osttirol-in-vollem-gange\/#breadcrumb\"},\"inLanguage\":\"de\",\"potentialAction\":[{\"@type\":\"ReadAction\",\"target\":[\"https:\/\/www.skimo.at\/sportler\/1328\/teammeeting-in-matrei-in-osttirol-in-vollem-gange\/\"]}]},{\"@type\":\"BreadcrumbList\",\"@id\":\"https:\/\/www.skimo.at\/sportler\/1328\/teammeeting-in-matrei-in-osttirol-in-vollem-gange\/#breadcrumb\",\"itemListElement\":[{\"@type\":\"ListItem\",\"position\":1,\"item\":{\"@type\":\"WebPage\",\"@id\":\"https:\/\/skimo.73.jarolim.eu\/sportler\/\",\"url\":\"https:\/\/skimo.73.jarolim.eu\/sportler\/\",\"name\":\"Home\"}},{\"@type\":\"ListItem\",\"position\":2,\"item\":{\"@id\":\"https:\/\/www.skimo.at\/sportler\/1328\/teammeeting-in-matrei-in-osttirol-in-vollem-gange\/#webpage\"}}]},{\"@type\":\"Person\",\"@id\":\"https:\/\/skimo.73.jarolim.eu\/sportler\/#\/schema\/person\/89e18f4c3d09b5434dbc2dc0cefbcd30\",\"name\":\"aspielbuechler\",\"image\":{\"@type\":\"ImageObject\",\"@id\":\"https:\/\/skimo.73.jarolim.eu\/sportler\/#personlogo\",\"inLanguage\":\"de\",\"url\":\"https:\/\/secure.gravatar.com\/avatar\/1220d25619b41a33e4710c8b968dc56e?s=96&r=g\",\"contentUrl\":\"https:\/\/secure.gravatar.com\/avatar\/1220d25619b41a33e4710c8b968dc56e?s=96&r=g\",\"caption\":\"aspielbuechler\"},\"url\":\"https:\/\/www.skimo.at\/sportler\/author\/aspielbuechler\/\"}]}<\/script>\n<!-- \/ Yoast SEO plugin. -->","_links":{"self":[{"href":"https:\/\/www.skimo.at\/sportler\/wp-json\/wp\/v2\/posts\/1328"}],"collection":[{"href":"https:\/\/www.skimo.at\/sportler\/wp-json\/wp\/v2\/posts"}],"about":[{"href":"https:\/\/www.skimo.at\/sportler\/wp-json\/wp\/v2\/types\/post"}],"author":[{"embeddable":true,"href":"https:\/\/www.skimo.at\/sportler\/wp-json\/wp\/v2\/users\/4"}],"replies":[{"embeddable":true,"href":"https:\/\/www.skimo.at\/sportler\/wp-json\/wp\/v2\/comments?post=1328"}],"version-history":[{"count":4,"href":"https:\/\/www.skimo.at\/sportler\/wp-json\/wp\/v2\/posts\/1328\/revisions"}],"predecessor-version":[{"id":1347,"href":"https:\/\/www.skimo.at\/sportler\/wp-json\/wp\/v2\/posts\/1328\/revisions\/1347"}],"wp:featuredmedia":[{"embeddable":true,"href":"https:\/\/www.skimo.at\/sportler\/wp-json\/wp\/v2\/media\/1339"}],"wp:attachment":[{"href":"https:\/\/www.skimo.at\/sportler\/wp-json\/wp\/v2\/media?parent=1328"}],"wp:term":[{"taxonomy":"category","embeddable":true,"href":"https:\/\/www.skimo.at\/sportler\/wp-json\/wp\/v2\/categories?post=1328"},{"taxonomy":"post_tag","embeddable":true,"href":"https:\/\/www.skimo.at\/sportler\/wp-json\/wp\/v2\/tags?post=1328"}],"curies":[{"name":"wp","href":"https:\/\/api.w.org\/{rel}","templated":true}]}}