{"id":1316,"date":"2013-11-11T19:47:03","date_gmt":"2013-11-11T17:47:03","guid":{"rendered":"http:\/\/www.skimo.at\/sportler\/?p=1316"},"modified":"2013-11-11T19:54:17","modified_gmt":"2013-11-11T17:54:17","slug":"trainingstage-der-tiroler-jugend-am-stubaier-gletscher","status":"publish","type":"post","link":"https:\/\/www.skimo.at\/sportler\/1316\/trainingstage-der-tiroler-jugend-am-stubaier-gletscher\/","title":{"rendered":"Trainingstage der Tiroler Jugend am Stubaier Gletscher"},"content":{"rendered":"<p>Letzte Woche genossen wir junge Tiroler ein paar tolle Trainingstage am Stubaier Gletscher. Mit dabei waren Martin Islitzer, Martin Wei\u00dfkopf und ich, Philipp Brugger. Richtig sch\u00f6nes Wetter gab\u2018s leider nur am Donnerstag und am Freitag, die restliche Zeit schneite es und war auch ziemlich st\u00fcrmisch. Trotzdem geniale Trainingsbedingungen, wir waren haupts\u00e4chlich im Gel\u00e4nde unterwegs, viel auf Graten, in Rinnen und zweimal ging sich auch die Abfahrt \u00fcber die Zuckerh\u00fctl Nordwand aus.<\/p>\n<p>Unserer Meinung nach d\u00fcrfte der Schnee jetzt langsam kommen, so genial war es, wieder mit den Skiern unterwegs zu sein. Genie\u00dft die Bilder und freut euch ebenfalls so wie wir auf die Wintersaison!<\/p>\n<p>Text: Philipp Brugger<\/p>\n","protected":false},"excerpt":{"rendered":"<p>Letzte Woche genossen wir junge Tiroler ein paar tolle Trainingstage am Stubaier Gletscher. Mit dabei waren Martin Islitzer, Martin Wei\u00dfkopf und ich, Philipp Brugger. Richtig sch\u00f6nes Wetter gab\u2018s leider nur am Donnerstag und am Freitag, die restliche Zeit schneite es und war auch ziemlich st\u00fcrmisch. Trotzdem geniale Trainingsbedingungen, wir waren haupts\u00e4chlich im Gel\u00e4nde unterwegs, viel [&hellip;]<\/p>\n","protected":false},"author":2,"featured_media":1321,"comment_status":"closed","ping_status":"closed","sticky":false,"template":"","format":"standard","meta":[],"categories":[1,3],"tags":[],"yoast_head":"<!-- This site is optimized with the Yoast SEO plugin v16.3 - https:\/\/yoast.com\/wordpress\/plugins\/seo\/ -->\n<title>Trainingstage der Tiroler Jugend am Stubaier Gletscher - Sportler<\/title>\n<meta name=\"robots\" content=\"index, follow, max-snippet:-1, max-image-preview:large, max-video-preview:-1\" \/>\n<link rel=\"canonical\" href=\"https:\/\/www.skimo.at\/sportler\/1316\/trainingstage-der-tiroler-jugend-am-stubaier-gletscher\/\" \/>\n<meta property=\"og:locale\" content=\"de_DE\" \/>\n<meta property=\"og:type\" content=\"article\" \/>\n<meta property=\"og:title\" content=\"Trainingstage der Tiroler Jugend am Stubaier Gletscher - Sportler\" \/>\n<meta property=\"og:description\" content=\"Letzte Woche genossen wir junge Tiroler ein paar tolle Trainingstage am Stubaier Gletscher. Mit dabei waren Martin Islitzer, Martin Wei\u00dfkopf und ich, Philipp Brugger. Richtig sch\u00f6nes Wetter gab\u2018s leider nur am Donnerstag und am Freitag, die restliche Zeit schneite es und war auch ziemlich st\u00fcrmisch. Trotzdem geniale Trainingsbedingungen, wir waren haupts\u00e4chlich im Gel\u00e4nde unterwegs, viel [&hellip;]\" \/>\n<meta property=\"og:url\" content=\"https:\/\/www.skimo.at\/sportler\/1316\/trainingstage-der-tiroler-jugend-am-stubaier-gletscher\/\" \/>\n<meta property=\"og:site_name\" content=\"Sportler\" \/>\n<meta property=\"article:published_time\" content=\"2013-11-11T17:47:03+00:00\" \/>\n<meta property=\"article:modified_time\" content=\"2013-11-11T17:54:17+00:00\" \/>\n<meta property=\"og:image\" content=\"https:\/\/skimo.73.jarolim.eu\/sportler\/files\/2013\/11\/Stubaier-Gletscher-2013_Rinne-2_Bild-Philipp-Brugger.jpg\" \/>\n\t<meta property=\"og:image:width\" content=\"720\" \/>\n\t<meta property=\"og:image:height\" content=\"960\" \/>\n<meta name=\"twitter:card\" content=\"summary\" \/>\n<meta name=\"twitter:label1\" content=\"Gesch\u00e4tzte Lesezeit\">\n\t<meta name=\"twitter:data1\" content=\"1\u00a0Minute\">\n<script type=\"application\/ld+json\" class=\"yoast-schema-graph\">{\"@context\":\"https:\/\/schema.org\",\"@graph\":[{\"@type\":\"WebSite\",\"@id\":\"https:\/\/skimo.73.jarolim.eu\/sportler\/#website\",\"url\":\"https:\/\/skimo.73.jarolim.eu\/sportler\/\",\"name\":\"Sportler\",\"description\":\"\",\"potentialAction\":[{\"@type\":\"SearchAction\",\"target\":\"https:\/\/skimo.73.jarolim.eu\/sportler\/?s={search_term_string}\",\"query-input\":\"required name=search_term_string\"}],\"inLanguage\":\"de\"},{\"@type\":\"ImageObject\",\"@id\":\"https:\/\/www.skimo.at\/sportler\/1316\/trainingstage-der-tiroler-jugend-am-stubaier-gletscher\/#primaryimage\",\"inLanguage\":\"de\",\"url\":\"https:\/\/www.skimo.at\/sportler\/files\/2013\/11\/Stubaier-Gletscher-2013_Rinne-2_Bild-Philipp-Brugger.jpg\",\"contentUrl\":\"https:\/\/www.skimo.at\/sportler\/files\/2013\/11\/Stubaier-Gletscher-2013_Rinne-2_Bild-Philipp-Brugger.jpg\",\"width\":720,\"height\":960},{\"@type\":\"WebPage\",\"@id\":\"https:\/\/www.skimo.at\/sportler\/1316\/trainingstage-der-tiroler-jugend-am-stubaier-gletscher\/#webpage\",\"url\":\"https:\/\/www.skimo.at\/sportler\/1316\/trainingstage-der-tiroler-jugend-am-stubaier-gletscher\/\",\"name\":\"Trainingstage der Tiroler Jugend am Stubaier Gletscher - Sportler\",\"isPartOf\":{\"@id\":\"https:\/\/skimo.73.jarolim.eu\/sportler\/#website\"},\"primaryImageOfPage\":{\"@id\":\"https:\/\/www.skimo.at\/sportler\/1316\/trainingstage-der-tiroler-jugend-am-stubaier-gletscher\/#primaryimage\"},\"datePublished\":\"2013-11-11T17:47:03+00:00\",\"dateModified\":\"2013-11-11T17:54:17+00:00\",\"author\":{\"@id\":\"https:\/\/skimo.73.jarolim.eu\/sportler\/#\/schema\/person\/fa5f5b4a9d8774ba9e02b5755d6afe98\"},\"breadcrumb\":{\"@id\":\"https:\/\/www.skimo.at\/sportler\/1316\/trainingstage-der-tiroler-jugend-am-stubaier-gletscher\/#breadcrumb\"},\"inLanguage\":\"de\",\"potentialAction\":[{\"@type\":\"ReadAction\",\"target\":[\"https:\/\/www.skimo.at\/sportler\/1316\/trainingstage-der-tiroler-jugend-am-stubaier-gletscher\/\"]}]},{\"@type\":\"BreadcrumbList\",\"@id\":\"https:\/\/www.skimo.at\/sportler\/1316\/trainingstage-der-tiroler-jugend-am-stubaier-gletscher\/#breadcrumb\",\"itemListElement\":[{\"@type\":\"ListItem\",\"position\":1,\"item\":{\"@type\":\"WebPage\",\"@id\":\"https:\/\/skimo.73.jarolim.eu\/sportler\/\",\"url\":\"https:\/\/skimo.73.jarolim.eu\/sportler\/\",\"name\":\"Home\"}},{\"@type\":\"ListItem\",\"position\":2,\"item\":{\"@id\":\"https:\/\/www.skimo.at\/sportler\/1316\/trainingstage-der-tiroler-jugend-am-stubaier-gletscher\/#webpage\"}}]},{\"@type\":\"Person\",\"@id\":\"https:\/\/skimo.73.jarolim.eu\/sportler\/#\/schema\/person\/fa5f5b4a9d8774ba9e02b5755d6afe98\",\"name\":\"redakteur\",\"image\":{\"@type\":\"ImageObject\",\"@id\":\"https:\/\/skimo.73.jarolim.eu\/sportler\/#personlogo\",\"inLanguage\":\"de\",\"url\":\"https:\/\/secure.gravatar.com\/avatar\/3300eedab6a4487ced1bc49e10e618f4?s=96&r=g\",\"contentUrl\":\"https:\/\/secure.gravatar.com\/avatar\/3300eedab6a4487ced1bc49e10e618f4?s=96&r=g\",\"caption\":\"redakteur\"},\"url\":\"https:\/\/www.skimo.at\/sportler\/author\/redakteur\/\"}]}<\/script>\n<!-- \/ Yoast SEO plugin. -->","_links":{"self":[{"href":"https:\/\/www.skimo.at\/sportler\/wp-json\/wp\/v2\/posts\/1316"}],"collection":[{"href":"https:\/\/www.skimo.at\/sportler\/wp-json\/wp\/v2\/posts"}],"about":[{"href":"https:\/\/www.skimo.at\/sportler\/wp-json\/wp\/v2\/types\/post"}],"author":[{"embeddable":true,"href":"https:\/\/www.skimo.at\/sportler\/wp-json\/wp\/v2\/users\/2"}],"replies":[{"embeddable":true,"href":"https:\/\/www.skimo.at\/sportler\/wp-json\/wp\/v2\/comments?post=1316"}],"version-history":[{"count":2,"href":"https:\/\/www.skimo.at\/sportler\/wp-json\/wp\/v2\/posts\/1316\/revisions"}],"predecessor-version":[{"id":1323,"href":"https:\/\/www.skimo.at\/sportler\/wp-json\/wp\/v2\/posts\/1316\/revisions\/1323"}],"wp:featuredmedia":[{"embeddable":true,"href":"https:\/\/www.skimo.at\/sportler\/wp-json\/wp\/v2\/media\/1321"}],"wp:attachment":[{"href":"https:\/\/www.skimo.at\/sportler\/wp-json\/wp\/v2\/media?parent=1316"}],"wp:term":[{"taxonomy":"category","embeddable":true,"href":"https:\/\/www.skimo.at\/sportler\/wp-json\/wp\/v2\/categories?post=1316"},{"taxonomy":"post_tag","embeddable":true,"href":"https:\/\/www.skimo.at\/sportler\/wp-json\/wp\/v2\/tags?post=1316"}],"curies":[{"name":"wp","href":"https:\/\/api.w.org\/{rel}","templated":true}]}}