{"id":1301,"date":"2013-11-14T06:00:45","date_gmt":"2013-11-14T04:00:45","guid":{"rendered":"http:\/\/www.skimo.at\/sportler\/?p=1301"},"modified":"2013-11-10T20:57:40","modified_gmt":"2013-11-10T18:57:40","slug":"die-tage-vor-dem-wettkampf-was-tun","status":"publish","type":"post","link":"https:\/\/www.skimo.at\/sportler\/1301\/die-tage-vor-dem-wettkampf-was-tun\/","title":{"rendered":"Die Tage vor dem Wettkampf \u2013 was tun?"},"content":{"rendered":"<p>Im letzten Artikel haben wir erfahren, dass die optimale Vorbereitung auf die Wintersaison, ein richtiges Einplanen der Trainingseinheiten neben dem Job und ein vorheriges Auff\u00fcllen der Energiespeicher mit Ruhephasen f\u00fcr einen guten Athleten ein Muss sind. Aber wie verbringt nun ein Athlet die anstrengende Wintersaison?<\/p>\n<p>Der Kalender der Athleten ist dicht gedr\u00e4ngt. Zu Beginn der Saison hei\u00dft es schon bestm\u00f6gliche Leistung zeigen und sich dadurch f\u00fcr Weltcup Eins\u00e4tze und f\u00fcr die Europameisterschaft im Team intern zu qualifizieren. \u201eNeben den Training, der Rennbelastung und den Job noch ausreichend Erholung zu bekommen ist enorm wichtig. Man muss lernen, in sich hinein zuh\u00f6ren\u201c, so Jakob Herrmann. Wie sieht die Zeit vor einem wichtigen Rennen aus? Wenige Tage vorher noch eine intensivere Einheit und dann Beine hochlagern, entspannen und so mit vollen Speichern Vollgas in ein Rennen starten. Zus\u00e4tzlich einzuplanen sind nat\u00fcrlich immer wieder die oft lange Anreise und eine genaue aber lockere Streckenbesichtigung, meist am Vortag der Rennen. Die Weltcup Bewerbe bestehen immer aus zwei Renntagen (Individual und Sprint oder Vertical), viele Athleten starten an beiden Tagen, was nat\u00fcrlich physisch und mental sehr kr\u00e4fteraubend ist. Daher ist nach den Rennen unbedingt Regeneration, Regeneration und nochmals Regeneration angesagt!<\/p>\n<p>Eine enorm wichtige Rolle spielt gerade in der Wettkampfzeit auch die Ern\u00e4hrung. Generell ist man als Leistungssportler nat\u00fcrlich sehr auf bewusste Ern\u00e4hrung bedacht, aber vor allem w\u00e4hrend der Saison ist ein Auff\u00fcllen der Energiespeicher und eine Bereitstellung der n\u00f6tigen Reserven im Rennen selber durch die richtige Ern\u00e4hrung ein Muss. Knapp vor einem Bewerb hei\u00dft es f\u00fcr die Athleten Kohlehydrate essen und nat\u00fcrlich am Vorabend und beim Fr\u00fchst\u00fcck leichte Kost, damit sich der Organismus auf bestm\u00f6gliche Leistung im Wettkampf konzentrieren kann und nicht auf die Verdauung der Mahlzeiten. Trotzdem hei\u00dft Leistungssportler zu sein nicht gleichzeitig der Verzicht auf Gaumenfreuden. Ausgewogen und hochwertig muss sie halt bleiben, da sind sich alle Teammitglieder einig. \u201eDas erste Jahr im Nationalteam habe ich auf zu viel verzichtet, was im Nachhinein betrachtet ein gro\u00dfer Fehler war. Damals wusste ich das noch weniger, heute habe ich gelernt auf den K\u00f6rper zu h\u00f6ren, der sagt einem schon was erbraucht\u201c, Martin Islitzer lernte aus den Fehlern in seiner Anfangszeit.<\/p>\n<p>Viel Substanz verbrauchen die Athleten im Winter nicht nur bei den Wettk\u00e4mpfen selber, sondern auch bei der Anreise zu den Wettkampforten. Im Skibergsteigen handelt es sich Sportart bedingt um eine Disziplin, die leider (oder gl\u00fccklicherweise) nicht in Metropolen und Hauptst\u00e4dten ausgetragen werden kann, sondern in der sch\u00f6nsten Arena \u00fcberhaupt: der freien Natur am Berg! Der negative Aspekt dabei ist, dass die Anreise zu den Veranstaltungen oft sehr beschwerlich und kompliziert sein kann. Diese Jahr steht die Europameisterschaft in Andorra am Programm, mindestens ein Trag Anreise muss eingeplant werden, bis man den Flug nach Barcelona und die anschlie\u00dfende mehrst\u00fcndige Autofahrt in die Pyren\u00e4en hinter sich hat. \u201eNat\u00fcrlich ist eine Anreise zu internationalen Rennen schwerer als zu Bewerben in \u00d6sterreich. Dazu kommen vielleicht vorher auch noch einige Pflichttermine wie Pressekonferenzen, etc. Aber alles in allem macht man dies trotzdem gerne, sonst w\u00e4re man im Nationalteam ohnehin fehl am Platz\u201c, so Philipp Brugger, der sich bereits voll auf die bald startende Saison freut. Andererseits: w\u00fcrde man die Anreise nicht in Kauf nehmen, so k\u00f6nnte man daheim in \u00d6sterreich niemals berichten, bei der Abfahrt vom \u00c4tna das Mittelmeer gesehen zu haben, in Troms\u00f8 bis auf Meeresh\u00f6he in die Fjorde hinab gefahren zu sein oder in Griechenland am Olymp gemeinsam mit den Teamkollegen ein Teamrennen bestritten und gewonnen zu haben.<\/p>\n<p>Und solche Erlebnisse sind wohl auch Gr\u00fcnde, weshalb die Athleten ohne viel nachzudenken auf die Frage \u201e W\u00fcrdest du im n\u00e4chsten Leben wieder Skibergsteiger werden?\u201c ein klares JA geben. \u201eIch denke, so abwechslungsreich, fordernd und faszinierend ist kaum eine andere Sportart, trotz vieler Entbehrungen\u201c, spricht Clemens Steinberger seinen Teamkollegen aus der Seele. In diesem Sinne: AUF IN EINE ERFOLGREICHE WINTERSAISON MIT DER NATIONALMANNSCHAFT!<\/p>\n","protected":false},"excerpt":{"rendered":"<p>Im letzten Artikel haben wir erfahren, dass die optimale Vorbereitung auf die Wintersaison, ein richtiges Einplanen der Trainingseinheiten neben dem Job und ein vorheriges Auff\u00fcllen der Energiespeicher mit Ruhephasen f\u00fcr einen guten Athleten ein Muss sind. Aber wie verbringt nun ein Athlet die anstrengende Wintersaison? Der Kalender der Athleten ist dicht gedr\u00e4ngt. Zu Beginn der [&hellip;]<\/p>\n","protected":false},"author":4,"featured_media":1312,"comment_status":"closed","ping_status":"closed","sticky":false,"template":"","format":"standard","meta":[],"categories":[1,3],"tags":[],"yoast_head":"<!-- This site is optimized with the Yoast SEO plugin v16.3 - https:\/\/yoast.com\/wordpress\/plugins\/seo\/ -->\n<title>Die Tage vor dem Wettkampf \u2013 was tun? - Sportler<\/title>\n<meta name=\"robots\" content=\"index, follow, max-snippet:-1, max-image-preview:large, max-video-preview:-1\" \/>\n<link rel=\"canonical\" href=\"https:\/\/www.skimo.at\/sportler\/1301\/die-tage-vor-dem-wettkampf-was-tun\/\" \/>\n<meta property=\"og:locale\" content=\"de_DE\" \/>\n<meta property=\"og:type\" content=\"article\" \/>\n<meta property=\"og:title\" content=\"Die Tage vor dem Wettkampf \u2013 was tun? - Sportler\" \/>\n<meta property=\"og:description\" content=\"Im letzten Artikel haben wir erfahren, dass die optimale Vorbereitung auf die Wintersaison, ein richtiges Einplanen der Trainingseinheiten neben dem Job und ein vorheriges Auff\u00fcllen der Energiespeicher mit Ruhephasen f\u00fcr einen guten Athleten ein Muss sind. Aber wie verbringt nun ein Athlet die anstrengende Wintersaison? Der Kalender der Athleten ist dicht gedr\u00e4ngt. Zu Beginn der [&hellip;]\" \/>\n<meta property=\"og:url\" content=\"https:\/\/www.skimo.at\/sportler\/1301\/die-tage-vor-dem-wettkampf-was-tun\/\" \/>\n<meta property=\"og:site_name\" content=\"Sportler\" \/>\n<meta property=\"article:published_time\" content=\"2013-11-14T04:00:45+00:00\" \/>\n<meta property=\"article:modified_time\" content=\"2013-11-10T18:57:40+00:00\" \/>\n<meta property=\"og:image\" content=\"https:\/\/skimo.73.jarolim.eu\/sportler\/files\/2013\/11\/Andorra-Lifestyle-1721-Bild-Stephan-Mantler-LR.jpg\" \/>\n\t<meta property=\"og:image:width\" content=\"2000\" \/>\n\t<meta property=\"og:image:height\" content=\"1331\" \/>\n<meta name=\"twitter:card\" content=\"summary\" \/>\n<meta name=\"twitter:label1\" content=\"Gesch\u00e4tzte Lesezeit\">\n\t<meta name=\"twitter:data1\" content=\"3\u00a0Minuten\">\n<script type=\"application\/ld+json\" class=\"yoast-schema-graph\">{\"@context\":\"https:\/\/schema.org\",\"@graph\":[{\"@type\":\"WebSite\",\"@id\":\"https:\/\/skimo.73.jarolim.eu\/sportler\/#website\",\"url\":\"https:\/\/skimo.73.jarolim.eu\/sportler\/\",\"name\":\"Sportler\",\"description\":\"\",\"potentialAction\":[{\"@type\":\"SearchAction\",\"target\":\"https:\/\/skimo.73.jarolim.eu\/sportler\/?s={search_term_string}\",\"query-input\":\"required name=search_term_string\"}],\"inLanguage\":\"de\"},{\"@type\":\"ImageObject\",\"@id\":\"https:\/\/www.skimo.at\/sportler\/1301\/die-tage-vor-dem-wettkampf-was-tun\/#primaryimage\",\"inLanguage\":\"de\",\"url\":\"https:\/\/www.skimo.at\/sportler\/files\/2013\/11\/Andorra-Lifestyle-1721-Bild-Stephan-Mantler-LR.jpg\",\"contentUrl\":\"https:\/\/www.skimo.at\/sportler\/files\/2013\/11\/Andorra-Lifestyle-1721-Bild-Stephan-Mantler-LR.jpg\",\"width\":2000,\"height\":1331},{\"@type\":\"WebPage\",\"@id\":\"https:\/\/www.skimo.at\/sportler\/1301\/die-tage-vor-dem-wettkampf-was-tun\/#webpage\",\"url\":\"https:\/\/www.skimo.at\/sportler\/1301\/die-tage-vor-dem-wettkampf-was-tun\/\",\"name\":\"Die Tage vor dem Wettkampf \\u2013 was tun? - Sportler\",\"isPartOf\":{\"@id\":\"https:\/\/skimo.73.jarolim.eu\/sportler\/#website\"},\"primaryImageOfPage\":{\"@id\":\"https:\/\/www.skimo.at\/sportler\/1301\/die-tage-vor-dem-wettkampf-was-tun\/#primaryimage\"},\"datePublished\":\"2013-11-14T04:00:45+00:00\",\"dateModified\":\"2013-11-10T18:57:40+00:00\",\"author\":{\"@id\":\"https:\/\/skimo.73.jarolim.eu\/sportler\/#\/schema\/person\/89e18f4c3d09b5434dbc2dc0cefbcd30\"},\"breadcrumb\":{\"@id\":\"https:\/\/www.skimo.at\/sportler\/1301\/die-tage-vor-dem-wettkampf-was-tun\/#breadcrumb\"},\"inLanguage\":\"de\",\"potentialAction\":[{\"@type\":\"ReadAction\",\"target\":[\"https:\/\/www.skimo.at\/sportler\/1301\/die-tage-vor-dem-wettkampf-was-tun\/\"]}]},{\"@type\":\"BreadcrumbList\",\"@id\":\"https:\/\/www.skimo.at\/sportler\/1301\/die-tage-vor-dem-wettkampf-was-tun\/#breadcrumb\",\"itemListElement\":[{\"@type\":\"ListItem\",\"position\":1,\"item\":{\"@type\":\"WebPage\",\"@id\":\"https:\/\/skimo.73.jarolim.eu\/sportler\/\",\"url\":\"https:\/\/skimo.73.jarolim.eu\/sportler\/\",\"name\":\"Home\"}},{\"@type\":\"ListItem\",\"position\":2,\"item\":{\"@id\":\"https:\/\/www.skimo.at\/sportler\/1301\/die-tage-vor-dem-wettkampf-was-tun\/#webpage\"}}]},{\"@type\":\"Person\",\"@id\":\"https:\/\/skimo.73.jarolim.eu\/sportler\/#\/schema\/person\/89e18f4c3d09b5434dbc2dc0cefbcd30\",\"name\":\"aspielbuechler\",\"image\":{\"@type\":\"ImageObject\",\"@id\":\"https:\/\/skimo.73.jarolim.eu\/sportler\/#personlogo\",\"inLanguage\":\"de\",\"url\":\"https:\/\/secure.gravatar.com\/avatar\/1220d25619b41a33e4710c8b968dc56e?s=96&r=g\",\"contentUrl\":\"https:\/\/secure.gravatar.com\/avatar\/1220d25619b41a33e4710c8b968dc56e?s=96&r=g\",\"caption\":\"aspielbuechler\"},\"url\":\"https:\/\/www.skimo.at\/sportler\/author\/aspielbuechler\/\"}]}<\/script>\n<!-- \/ Yoast SEO plugin. -->","_links":{"self":[{"href":"https:\/\/www.skimo.at\/sportler\/wp-json\/wp\/v2\/posts\/1301"}],"collection":[{"href":"https:\/\/www.skimo.at\/sportler\/wp-json\/wp\/v2\/posts"}],"about":[{"href":"https:\/\/www.skimo.at\/sportler\/wp-json\/wp\/v2\/types\/post"}],"author":[{"embeddable":true,"href":"https:\/\/www.skimo.at\/sportler\/wp-json\/wp\/v2\/users\/4"}],"replies":[{"embeddable":true,"href":"https:\/\/www.skimo.at\/sportler\/wp-json\/wp\/v2\/comments?post=1301"}],"version-history":[{"count":1,"href":"https:\/\/www.skimo.at\/sportler\/wp-json\/wp\/v2\/posts\/1301\/revisions"}],"predecessor-version":[{"id":1302,"href":"https:\/\/www.skimo.at\/sportler\/wp-json\/wp\/v2\/posts\/1301\/revisions\/1302"}],"wp:featuredmedia":[{"embeddable":true,"href":"https:\/\/www.skimo.at\/sportler\/wp-json\/wp\/v2\/media\/1312"}],"wp:attachment":[{"href":"https:\/\/www.skimo.at\/sportler\/wp-json\/wp\/v2\/media?parent=1301"}],"wp:term":[{"taxonomy":"category","embeddable":true,"href":"https:\/\/www.skimo.at\/sportler\/wp-json\/wp\/v2\/categories?post=1301"},{"taxonomy":"post_tag","embeddable":true,"href":"https:\/\/www.skimo.at\/sportler\/wp-json\/wp\/v2\/tags?post=1301"}],"curies":[{"name":"wp","href":"https:\/\/api.w.org\/{rel}","templated":true}]}}