{"id":12994,"date":"2020-01-11T13:04:11","date_gmt":"2020-01-11T11:04:11","guid":{"rendered":"http:\/\/www.skimo.at\/sportler\/?p=12994"},"modified":"2020-01-11T17:56:04","modified_gmt":"2020-01-11T15:56:04","slug":"live-ticker-vom-compedal-sprint-oem","status":"publish","type":"post","link":"https:\/\/www.skimo.at\/sportler\/12994\/live-ticker-vom-compedal-sprint-oem\/","title":{"rendered":"Live-Ticker vom Compedal Sprint &#8211; \u00d6M"},"content":{"rendered":"<p>Heute f\u00e4llt um <strong>12:30 Uhr<\/strong> der Startschuss zur \u00d6sterreichischen Meisterschaft im Sprint, die heuer im Rahmen des Compedal Sprint der Union Compedal Thal-Assling ausgetragen wird.\u00a0<!--more--><\/p>\n<p>Um<strong> 10:30 Uhr<\/strong> geht&#8217;s los mit der <strong>Streckenbesichtigung<\/strong> und der <strong>Startnummernausgabe<\/strong>. Es m\u00fcssen auf der Strecke beim Compedal Schilift auf einer Strecke von <strong>800 Metern<\/strong> von den Athleten und Athletinnen <strong>85 H\u00f6henmeter<\/strong> \u00fcberwunden werden (siehe Streckenplan unten). Sowohl Aufstieg als auch Abfahrt gestalten sich steil, die S-Kurve erschwert den Sprint zus\u00e4tzlich &#8211; es wird also ein knackiges Rennen um den Meistertitel.<\/p>\n<p><a href=\"http:\/\/www.skimo.at\/sportler\/files\/2020\/01\/Strecke-Compedal-Sprint-2020.png\" rel=\"attachment wp-att-12996\"><img loading=\"lazy\" class=\"wp-image-12996 alignnone\" title=\"Strecke Compedal Sprint 2020\" src=\"http:\/\/www.skimo.at\/sportler\/files\/2020\/01\/Strecke-Compedal-Sprint-2020.png\" alt=\"Strecke Compedal Sprint 2020\" width=\"329\" height=\"385\" srcset=\"https:\/\/www.skimo.at\/sportler\/files\/2020\/01\/Strecke-Compedal-Sprint-2020.png 537w, https:\/\/www.skimo.at\/sportler\/files\/2020\/01\/Strecke-Compedal-Sprint-2020-257x300.png 257w, https:\/\/www.skimo.at\/sportler\/files\/2020\/01\/Strecke-Compedal-Sprint-2020-80x93.png 80w\" sizes=\"(max-width: 329px) 100vw, 329px\" \/><\/a><\/p>\n<p><strong>Aktuell:<\/strong> Tolles Wetter vor Ort, es ist alles bereit und der Start wird nach Plan erfolgen.<\/p>\n<p><a href=\"http:\/\/www.skimo.at\/sportler\/files\/2020\/01\/Compedal-Sprint_Karl-Posch-04.jpg\" rel=\"attachment wp-att-13004\"><img loading=\"lazy\" class=\"alignnone wp-image-13004\" title=\"Compedal Sprint Karl Posch 04\" src=\"http:\/\/www.skimo.at\/sportler\/files\/2020\/01\/Compedal-Sprint_Karl-Posch-04.jpg\" alt=\"Compedal Sprint Karl Posch 04\" width=\"481\" height=\"361\" srcset=\"https:\/\/www.skimo.at\/sportler\/files\/2020\/01\/Compedal-Sprint_Karl-Posch-04.jpg 1600w, https:\/\/www.skimo.at\/sportler\/files\/2020\/01\/Compedal-Sprint_Karl-Posch-04-300x225.jpg 300w, https:\/\/www.skimo.at\/sportler\/files\/2020\/01\/Compedal-Sprint_Karl-Posch-04-1024x768.jpg 1024w, https:\/\/www.skimo.at\/sportler\/files\/2020\/01\/Compedal-Sprint_Karl-Posch-04-768x576.jpg 768w, https:\/\/www.skimo.at\/sportler\/files\/2020\/01\/Compedal-Sprint_Karl-Posch-04-1224x918.jpg 1224w, https:\/\/www.skimo.at\/sportler\/files\/2020\/01\/Compedal-Sprint_Karl-Posch-04-970x728.jpg 970w, https:\/\/www.skimo.at\/sportler\/files\/2020\/01\/Compedal-Sprint_Karl-Posch-04-554x416.jpg 554w, https:\/\/www.skimo.at\/sportler\/files\/2020\/01\/Compedal-Sprint_Karl-Posch-04-124x93.jpg 124w\" sizes=\"(max-width: 481px) 100vw, 481px\" \/><\/a><\/p>\n<p>Hier die Liste der Angemeldeten Athletinnen und Athleten:<\/p>\n<p><a href=\"http:\/\/www.skimo.at\/sportler\/files\/2020\/01\/Startliste-\u00d6M-Sprint_Peter-Gruber.jpg\" rel=\"attachment wp-att-13010\"><img loading=\"lazy\" class=\"alignnone wp-image-13010\" title=\"Startliste \u00d6M Sprint Peter Gruber\" src=\"http:\/\/www.skimo.at\/sportler\/files\/2020\/01\/Startliste-\u00d6M-Sprint_Peter-Gruber.jpg\" alt=\"Startliste \u00d6M Sprint Peter Gruber\" width=\"473\" height=\"308\" srcset=\"https:\/\/www.skimo.at\/sportler\/files\/2020\/01\/Startliste-\u00d6M-Sprint_Peter-Gruber.jpg 989w, https:\/\/www.skimo.at\/sportler\/files\/2020\/01\/Startliste-\u00d6M-Sprint_Peter-Gruber-300x196.jpg 300w, https:\/\/www.skimo.at\/sportler\/files\/2020\/01\/Startliste-\u00d6M-Sprint_Peter-Gruber-768x501.jpg 768w, https:\/\/www.skimo.at\/sportler\/files\/2020\/01\/Startliste-\u00d6M-Sprint_Peter-Gruber-970x633.jpg 970w, https:\/\/www.skimo.at\/sportler\/files\/2020\/01\/Startliste-\u00d6M-Sprint_Peter-Gruber-554x361.jpg 554w, https:\/\/www.skimo.at\/sportler\/files\/2020\/01\/Startliste-\u00d6M-Sprint_Peter-Gruber-143x93.jpg 143w\" sizes=\"(max-width: 473px) 100vw, 473px\" \/><\/a><\/p>\n<hr \/>\n<h2>Live-Ticker<\/h2>\n<p><em>Alle Angaben ohne Gew\u00e4hr!<\/em><\/p>\n<p><strong>12:29:<\/strong> Paul Verbnjak wird schon t\u00fcchtig angefeuert!<\/p>\n<p><a href=\"http:\/\/www.skimo.at\/sportler\/files\/2020\/01\/Compedal-Sprint_Karl-Posch-05.jpg\" rel=\"attachment wp-att-13008\"><img loading=\"lazy\" class=\"alignnone wp-image-13008\" title=\"Compedal Sprint Karl Posch 05\" src=\"http:\/\/www.skimo.at\/sportler\/files\/2020\/01\/Compedal-Sprint_Karl-Posch-05.jpg\" alt=\"Compedal Sprint Karl Posch 05\" width=\"318\" height=\"424\" srcset=\"https:\/\/www.skimo.at\/sportler\/files\/2020\/01\/Compedal-Sprint_Karl-Posch-05.jpg 1200w, https:\/\/www.skimo.at\/sportler\/files\/2020\/01\/Compedal-Sprint_Karl-Posch-05-225x300.jpg 225w, https:\/\/www.skimo.at\/sportler\/files\/2020\/01\/Compedal-Sprint_Karl-Posch-05-768x1024.jpg 768w, https:\/\/www.skimo.at\/sportler\/files\/2020\/01\/Compedal-Sprint_Karl-Posch-05-970x1293.jpg 970w, https:\/\/www.skimo.at\/sportler\/files\/2020\/01\/Compedal-Sprint_Karl-Posch-05-554x739.jpg 554w, https:\/\/www.skimo.at\/sportler\/files\/2020\/01\/Compedal-Sprint_Karl-Posch-05-70x93.jpg 70w\" sizes=\"(max-width: 318px) 100vw, 318px\" \/><\/a><\/p>\n<p><strong>12:30:<\/strong> Die Qualifikation ist gestartet, vorraussichtliches Ende: 12:50 Uhr, Start der KO-L\u00e4ufe um 13:15 Uhr.<\/p>\n<p><strong>Reihenfolge:<\/strong><\/p>\n<p>1. Viertelfinale Herren, Juniors, Seniors und Masters gemeinsam (somit hat auch Paul Verbnjak die Chance, Staatsmeister zu werden!)<\/p>\n<p>2. Finale Kadetten<\/p>\n<p>3. Halbfinale Herren<\/p>\n<p>4. Finale Damen mit der Kadettin Nele Kurz (kein Viertelfinale, da nur 5 Damen und eine Kadettin gemeldet)<\/p>\n<p>5. Finale Herren<\/p>\n<p><strong>12:33 Uhr:<\/strong> Erste L\u00e4uferin auf der Strecke ist Nele Kurz.<\/p>\n<p><script> \n                DeferLib.deferInline({ \n                    event: \"THIRD_PARTY.YOUTUBE\", \n                    html: \"<iframe width=\\\"500\\\" height=\\\"281\\\" src=\\\"https:\\\/\\\/www.youtube.com\\\/embed\\\/9DjzQQHgWU0?feature=oembed\\\" frameborder=\\\"0\\\" allow=\\\"accelerometer; autoplay; encrypted-media; gyroscope; picture-in-picture\\\" allowfullscreen><\\\/iframe>\", \n                    placeholder: \"<span class=\\\"skimo-dsgvo-content-placeholder placeholder-third-party placeholder-third-party--youtube\\\">\\r\\n    <span class=\\\"paragraph\\\">Um Sie umfassen informieren zu k\\u00f6nnen, f\\u00fcgen wir bei Bedarf redaktionelle Inhalte Dritter ein.<br \/>YouTube setzt Cookies.<\\\/span>\\r\\n    <a href=\\\"javascript:void(0);\\\" onclick=\\\"dsgvoOptIn.allow('THIRD_PARTY.YOUTUBE');\\\">YouTube Videos erlauben<\\\/a>\\r\\n<\\\/span>\" \n                }); \n            <\/script><\/p>\n<p><strong>12:45 Uhr:<\/strong> Sarah Dreier hat im Aufstieg den Ski verloren! Weil es aber im Qualifikationslauf passiert ist und alle Damen qualifiziert werden, ist sie trotzdem noch mit dabei!<\/p>\n<p><strong>12:49 Uhr:\u00a0<\/strong>Florian Vergeiner und Andreas Niederwieser vom Veranstalterteam sind auch dabei!<\/p>\n<p><a href=\"http:\/\/www.skimo.at\/sportler\/files\/2020\/01\/Compedal-Sprint-Peter-Gruber-01.jpg\" rel=\"attachment wp-att-13020\"><img loading=\"lazy\" class=\"alignnone wp-image-13020\" title=\"Compedal Sprint Peter Gruber 01\" src=\"http:\/\/www.skimo.at\/sportler\/files\/2020\/01\/Compedal-Sprint-Peter-Gruber-01.jpg\" alt=\"Compedal Sprint Peter Gruber 01\" width=\"299\" height=\"399\" srcset=\"https:\/\/www.skimo.at\/sportler\/files\/2020\/01\/Compedal-Sprint-Peter-Gruber-01.jpg 1200w, https:\/\/www.skimo.at\/sportler\/files\/2020\/01\/Compedal-Sprint-Peter-Gruber-01-225x300.jpg 225w, https:\/\/www.skimo.at\/sportler\/files\/2020\/01\/Compedal-Sprint-Peter-Gruber-01-768x1024.jpg 768w, https:\/\/www.skimo.at\/sportler\/files\/2020\/01\/Compedal-Sprint-Peter-Gruber-01-970x1293.jpg 970w, https:\/\/www.skimo.at\/sportler\/files\/2020\/01\/Compedal-Sprint-Peter-Gruber-01-554x739.jpg 554w, https:\/\/www.skimo.at\/sportler\/files\/2020\/01\/Compedal-Sprint-Peter-Gruber-01-70x93.jpg 70w\" sizes=\"(max-width: 299px) 100vw, 299px\" \/><\/a><\/p>\n<p><strong>12:50 Uhr:<\/strong> Daniel Zugg in der Qualifikation!<\/p>\n<p><script> \n                DeferLib.deferInline({ \n                    event: \"THIRD_PARTY.YOUTUBE\", \n                    html: \"<iframe width=\\\"500\\\" height=\\\"281\\\" src=\\\"https:\\\/\\\/www.youtube.com\\\/embed\\\/qJOXpJctXk8?feature=oembed\\\" frameborder=\\\"0\\\" allow=\\\"accelerometer; autoplay; encrypted-media; gyroscope; picture-in-picture\\\" allowfullscreen><\\\/iframe>\", \n                    placeholder: \"<span class=\\\"skimo-dsgvo-content-placeholder placeholder-third-party placeholder-third-party--youtube\\\">\\r\\n    <span class=\\\"paragraph\\\">Um Sie umfassen informieren zu k\\u00f6nnen, f\\u00fcgen wir bei Bedarf redaktionelle Inhalte Dritter ein.<br \/>YouTube setzt Cookies.<\\\/span>\\r\\n    <a href=\\\"javascript:void(0);\\\" onclick=\\\"dsgvoOptIn.allow('THIRD_PARTY.YOUTUBE');\\\">YouTube Videos erlauben<\\\/a>\\r\\n<\\\/span>\" \n                }); \n            <\/script><\/p>\n<p><strong>12:57 Uhr:<\/strong> Paul &#8222;Pauli&#8220; Verbnjak inspiziert sein Fanplakat! Wir w\u00fcnschen dir alles Gute!<\/p>\n<p><a href=\"http:\/\/www.skimo.at\/sportler\/files\/2020\/01\/Compedal-Sprint_Karl-Posch-08.jpg\" rel=\"attachment wp-att-13024\"><img loading=\"lazy\" class=\"alignnone wp-image-13024\" title=\"Compedal Sprint Karl Posch 08\" src=\"http:\/\/www.skimo.at\/sportler\/files\/2020\/01\/Compedal-Sprint_Karl-Posch-08.jpg\" alt=\"Compedal Sprint Karl Posch 08\" width=\"499\" height=\"374\" srcset=\"https:\/\/www.skimo.at\/sportler\/files\/2020\/01\/Compedal-Sprint_Karl-Posch-08.jpg 1600w, https:\/\/www.skimo.at\/sportler\/files\/2020\/01\/Compedal-Sprint_Karl-Posch-08-300x225.jpg 300w, https:\/\/www.skimo.at\/sportler\/files\/2020\/01\/Compedal-Sprint_Karl-Posch-08-1024x768.jpg 1024w, https:\/\/www.skimo.at\/sportler\/files\/2020\/01\/Compedal-Sprint_Karl-Posch-08-768x576.jpg 768w, https:\/\/www.skimo.at\/sportler\/files\/2020\/01\/Compedal-Sprint_Karl-Posch-08-1224x918.jpg 1224w, https:\/\/www.skimo.at\/sportler\/files\/2020\/01\/Compedal-Sprint_Karl-Posch-08-970x728.jpg 970w, https:\/\/www.skimo.at\/sportler\/files\/2020\/01\/Compedal-Sprint_Karl-Posch-08-554x416.jpg 554w, https:\/\/www.skimo.at\/sportler\/files\/2020\/01\/Compedal-Sprint_Karl-Posch-08-124x93.jpg 124w\" sizes=\"(max-width: 499px) 100vw, 499px\" \/><\/a><\/p>\n<p><strong>12:58 Uhr:<\/strong> Qualifikation beendet, in gut 10 Minuten geht es weiter.<\/p>\n<p>PC vs. Bettina &#8211; 1:0 &#8211;&gt; ihr m\u00fcsst leider mit schiefen Fotos Vorlieb nehmen \ud83d\ude09 Tipp: Beim Anklicken werden sie gerade.<\/p>\n<p><a href=\"http:\/\/www.skimo.at\/sportler\/files\/2020\/01\/Ergebnisse-Qualifikation-Men.jpeg\" rel=\"attachment wp-att-13029\"><img loading=\"lazy\" class=\"alignnone wp-image-13029\" title=\"Ergebnisse Qualifikation Men\" src=\"http:\/\/www.skimo.at\/sportler\/files\/2020\/01\/Ergebnisse-Qualifikation-Men.jpeg\" alt=\"Ergebnisse Qualifikation Men\" width=\"482\" height=\"642\" \/><\/a><\/p>\n<p><a href=\"http:\/\/www.skimo.at\/sportler\/files\/2020\/01\/Ergebnisse-Qualifikation-Women.jpeg\" rel=\"attachment wp-att-13030\"><img loading=\"lazy\" class=\"alignnone wp-image-13030\" title=\"Ergebnisse Qualifikation Women\" src=\"http:\/\/www.skimo.at\/sportler\/files\/2020\/01\/Ergebnisse-Qualifikation-Women.jpeg\" alt=\"Ergebnisse Qualifikation Women\" width=\"474\" height=\"631\" \/><\/a><\/p>\n<p><strong>13:24 Uhr:<\/strong> um 13:30 Uhr geht&#8217;s weiter. Hier die Startlisten f\u00fcrs Viertelfinale der Herren.<\/p>\n<p><a href=\"http:\/\/www.skimo.at\/sportler\/files\/2020\/01\/Startliste-Viertelfinale-\u00d6M-Sprint.jpg\" rel=\"attachment wp-att-13037\"><img loading=\"lazy\" class=\"alignnone wp-image-13037\" title=\"Startliste Viertelfinale \u00d6M Sprint\" src=\"http:\/\/www.skimo.at\/sportler\/files\/2020\/01\/Startliste-Viertelfinale-\u00d6M-Sprint.jpg\" alt=\"Startliste Viertelfinale \u00d6M Sprint\" width=\"473\" height=\"841\" srcset=\"https:\/\/www.skimo.at\/sportler\/files\/2020\/01\/Startliste-Viertelfinale-\u00d6M-Sprint.jpg 901w, https:\/\/www.skimo.at\/sportler\/files\/2020\/01\/Startliste-Viertelfinale-\u00d6M-Sprint-169x300.jpg 169w, https:\/\/www.skimo.at\/sportler\/files\/2020\/01\/Startliste-Viertelfinale-\u00d6M-Sprint-768x1364.jpg 768w, https:\/\/www.skimo.at\/sportler\/files\/2020\/01\/Startliste-Viertelfinale-\u00d6M-Sprint-554x984.jpg 554w, https:\/\/www.skimo.at\/sportler\/files\/2020\/01\/Startliste-Viertelfinale-\u00d6M-Sprint-52x93.jpg 52w\" sizes=\"(max-width: 473px) 100vw, 473px\" \/><\/a><\/p>\n<p><strong>13:27 Uhr:\u00a0<\/strong>Daniel Zugg eruiert, welche Startbahn die beste Wahl ist.<\/p>\n<p><a href=\"http:\/\/www.skimo.at\/sportler\/files\/2020\/01\/Compedal-Sprint-Peter-Gruber-04.jpg\" rel=\"attachment wp-att-13039\"><img loading=\"lazy\" class=\"alignnone wp-image-13039\" title=\"Compedal Sprint Peter Gruber 04\" src=\"http:\/\/www.skimo.at\/sportler\/files\/2020\/01\/Compedal-Sprint-Peter-Gruber-04.jpg\" alt=\"Compedal Sprint Peter Gruber 04\" width=\"477\" height=\"358\" srcset=\"https:\/\/www.skimo.at\/sportler\/files\/2020\/01\/Compedal-Sprint-Peter-Gruber-04.jpg 1600w, https:\/\/www.skimo.at\/sportler\/files\/2020\/01\/Compedal-Sprint-Peter-Gruber-04-300x225.jpg 300w, https:\/\/www.skimo.at\/sportler\/files\/2020\/01\/Compedal-Sprint-Peter-Gruber-04-1024x768.jpg 1024w, https:\/\/www.skimo.at\/sportler\/files\/2020\/01\/Compedal-Sprint-Peter-Gruber-04-768x576.jpg 768w, https:\/\/www.skimo.at\/sportler\/files\/2020\/01\/Compedal-Sprint-Peter-Gruber-04-1224x918.jpg 1224w, https:\/\/www.skimo.at\/sportler\/files\/2020\/01\/Compedal-Sprint-Peter-Gruber-04-970x728.jpg 970w, https:\/\/www.skimo.at\/sportler\/files\/2020\/01\/Compedal-Sprint-Peter-Gruber-04-554x416.jpg 554w, https:\/\/www.skimo.at\/sportler\/files\/2020\/01\/Compedal-Sprint-Peter-Gruber-04-124x93.jpg 124w\" sizes=\"(max-width: 477px) 100vw, 477px\" \/><\/a><\/p>\n<hr \/>\n<p>&nbsp;<\/p>\n<p><strong>13:29 Uhr:<\/strong> 30 Sekunden bis zum Start des ersten Viertelfinales.<\/p>\n<p><strong>13:30 Uhr:<\/strong> Das erste Viertelfinale ist soeben gestartet.<\/p>\n<p><script> \n                DeferLib.deferInline({ \n                    event: \"THIRD_PARTY.YOUTUBE\", \n                    html: \"<iframe width=\\\"500\\\" height=\\\"281\\\" src=\\\"https:\\\/\\\/www.youtube.com\\\/embed\\\/vCZMgiTVTOI?feature=oembed\\\" frameborder=\\\"0\\\" allow=\\\"accelerometer; autoplay; encrypted-media; gyroscope; picture-in-picture\\\" allowfullscreen><\\\/iframe>\", \n                    placeholder: \"<span class=\\\"skimo-dsgvo-content-placeholder placeholder-third-party placeholder-third-party--youtube\\\">\\r\\n    <span class=\\\"paragraph\\\">Um Sie umfassen informieren zu k\\u00f6nnen, f\\u00fcgen wir bei Bedarf redaktionelle Inhalte Dritter ein.<br \/>YouTube setzt Cookies.<\\\/span>\\r\\n    <a href=\\\"javascript:void(0);\\\" onclick=\\\"dsgvoOptIn.allow('THIRD_PARTY.YOUTUBE');\\\">YouTube Videos erlauben<\\\/a>\\r\\n<\\\/span>\" \n                }); \n            <\/script><\/p>\n<p><strong>13:35 Uhr:<\/strong> Daniel Zugg und Josef Bodner fix weiter, Andreas Niederwieser muss abwarten.<\/p>\n<p><strong>13:37 Uhr:<\/strong> 2. Viertelfinale soeben gestartet.<\/p>\n<p><strong>13:39 Uhr:<\/strong> Alexander Brandner-Egger f\u00fchrt momentan vor David K\u00f6gler.<\/p>\n<p><strong>13:41 Uhr:<\/strong>\u00a0Sie konnten die F\u00fchrung beibehalten, beide Athleten fix weiter. Thomas Mair muss abwarten.<\/p>\n<p><strong>13:45 Uhr:<\/strong> Daniel Ganahl verliert im Anstieg den Ski &#8211; vermutlich nur mehr wenig Chance!<\/p>\n<ul>\n<li>1. (momentan) Andreas Mayer<\/li>\n<li>2. Daniel Ganahl (anscheinend trotz Fehler)<\/li>\n<li>3. Andreas Hetzenauer<\/li>\n<li>4. Thomas Kogler<\/li>\n<\/ul>\n<p><strong>13:51 Uhr:<\/strong> Daniel Ganahl schafft es noch, gemeinsam mit Andreas Mayer Laufsieger zu werden!!! Andreas Hetzenauer muss abwarten.<\/p>\n<p><strong>13:55 Uhr:<\/strong> Das 3. Viertelfinale l\u00e4uft, momentan Martin Wei\u00dfkopf auf Rang 3.<\/p>\n<p><strong>13:57 Uhr:<\/strong> Josef Pelzer und Florian Vergeiner weiter, Martin Wei\u00dfkopf 3. (&#8211;&gt; schnellster &#8222;Lucky Loser&#8220; kommt auch weiter!)<\/p>\n<p><strong>14:00 Uhr:<\/strong> letztes Viertelfinale l\u00e4uft, momentan Manuel Seibald vorne vor Paul Verbnjak. Dahinter Marvin Hundegger und Georg Auer.<\/p>\n<p><strong>14:04 Uhr:<\/strong> Manuel Seibald und Paul Verbnjak weiter, Lucky Loser wird Local-Hero Andreas Niederwieser.<\/p>\n<p>Somit Martin Wei\u00dfkopf und Andreas Niederwieser beide weiter.<\/p>\n<p><strong>Das sagt Trainer Patrick Innerhofer \u00fcber die Leistung seiner Vorarlberger:<\/strong><\/p>\n<p><script> \n                DeferLib.deferInline({ \n                    event: \"THIRD_PARTY.YOUTUBE\", \n                    html: \"<iframe width=\\\"500\\\" height=\\\"281\\\" src=\\\"https:\\\/\\\/www.youtube.com\\\/embed\\\/AH8N948ET2M?feature=oembed\\\" frameborder=\\\"0\\\" allow=\\\"accelerometer; autoplay; encrypted-media; gyroscope; picture-in-picture\\\" allowfullscreen><\\\/iframe>\", \n                    placeholder: \"<span class=\\\"skimo-dsgvo-content-placeholder placeholder-third-party placeholder-third-party--youtube\\\">\\r\\n    <span class=\\\"paragraph\\\">Um Sie umfassen informieren zu k\\u00f6nnen, f\\u00fcgen wir bei Bedarf redaktionelle Inhalte Dritter ein.<br \/>YouTube setzt Cookies.<\\\/span>\\r\\n    <a href=\\\"javascript:void(0);\\\" onclick=\\\"dsgvoOptIn.allow('THIRD_PARTY.YOUTUBE');\\\">YouTube Videos erlauben<\\\/a>\\r\\n<\\\/span>\" \n                }); \n            <\/script><\/p>\n<p><strong>Ergebnisse Viertelfinale:<\/strong><\/p>\n<p><a href=\"http:\/\/www.skimo.at\/sportler\/files\/2020\/01\/Ergebnisse-Viertelfinale-Herren.jpg\" rel=\"attachment wp-att-13063\"><img loading=\"lazy\" class=\"alignnone wp-image-13063\" title=\"Ergebnisse Viertelfinale Herren\" src=\"http:\/\/www.skimo.at\/sportler\/files\/2020\/01\/Ergebnisse-Viertelfinale-Herren.jpg\" alt=\"Ergebnisse Viertelfinale Herren\" width=\"501\" height=\"733\" srcset=\"https:\/\/www.skimo.at\/sportler\/files\/2020\/01\/Ergebnisse-Viertelfinale-Herren.jpg 868w, https:\/\/www.skimo.at\/sportler\/files\/2020\/01\/Ergebnisse-Viertelfinale-Herren-205x300.jpg 205w, https:\/\/www.skimo.at\/sportler\/files\/2020\/01\/Ergebnisse-Viertelfinale-Herren-699x1024.jpg 699w, https:\/\/www.skimo.at\/sportler\/files\/2020\/01\/Ergebnisse-Viertelfinale-Herren-768x1125.jpg 768w, https:\/\/www.skimo.at\/sportler\/files\/2020\/01\/Ergebnisse-Viertelfinale-Herren-554x811.jpg 554w, https:\/\/www.skimo.at\/sportler\/files\/2020\/01\/Ergebnisse-Viertelfinale-Herren-64x93.jpg 64w\" sizes=\"(max-width: 501px) 100vw, 501px\" \/><\/a><\/p>\n<hr \/>\n<p>&nbsp;<\/p>\n<p><strong>14:18 Uhr:<\/strong> Finale der Cadets in wenigen Momenten.<\/p>\n<p><a href=\"http:\/\/www.skimo.at\/sportler\/files\/2020\/01\/Compedal-Sprint_Karl-Posch-15.jpg\" rel=\"attachment wp-att-13069\"><img loading=\"lazy\" class=\"alignnone wp-image-13069\" title=\"Compedal Sprint Karl Posch 15\" src=\"http:\/\/www.skimo.at\/sportler\/files\/2020\/01\/Compedal-Sprint_Karl-Posch-15.jpg\" alt=\"Compedal Sprint Karl Posch 15\" width=\"499\" height=\"281\" srcset=\"https:\/\/www.skimo.at\/sportler\/files\/2020\/01\/Compedal-Sprint_Karl-Posch-15.jpg 1600w, https:\/\/www.skimo.at\/sportler\/files\/2020\/01\/Compedal-Sprint_Karl-Posch-15-300x169.jpg 300w, https:\/\/www.skimo.at\/sportler\/files\/2020\/01\/Compedal-Sprint_Karl-Posch-15-1024x577.jpg 1024w, https:\/\/www.skimo.at\/sportler\/files\/2020\/01\/Compedal-Sprint_Karl-Posch-15-768x432.jpg 768w, https:\/\/www.skimo.at\/sportler\/files\/2020\/01\/Compedal-Sprint_Karl-Posch-15-1224x689.jpg 1224w, https:\/\/www.skimo.at\/sportler\/files\/2020\/01\/Compedal-Sprint_Karl-Posch-15-970x546.jpg 970w, https:\/\/www.skimo.at\/sportler\/files\/2020\/01\/Compedal-Sprint_Karl-Posch-15-554x312.jpg 554w, https:\/\/www.skimo.at\/sportler\/files\/2020\/01\/Compedal-Sprint_Karl-Posch-15-165x93.jpg 165w\" sizes=\"(max-width: 499px) 100vw, 499px\" \/><\/a><\/p>\n<p><strong>14:23 Uhr:<\/strong>\u00a0Marcel Mader f\u00fchrt mit riesigem Vorsprung.<\/p>\n<p><strong>14:26 Uhr:<\/strong> <span style=\"color: #ff0000\">Marcel Mader gewinnt bei den Kadetten. Zweiter Luca Asslaber, vor Matteo Mayr (aber nicht \u00d6SV) und Sebastian Steiner. Somit \u00d6M Bronze f\u00fcr Steiner.<\/span><\/p>\n<p><a href=\"http:\/\/www.skimo.at\/sportler\/files\/2020\/01\/Compedal-Sprint-Peter-Gruber-05.jpg\" rel=\"attachment wp-att-13076\"><img loading=\"lazy\" class=\"alignnone wp-image-13076\" title=\"Compedal Sprint Peter Gruber 05\" src=\"http:\/\/www.skimo.at\/sportler\/files\/2020\/01\/Compedal-Sprint-Peter-Gruber-05.jpg\" alt=\"Compedal Sprint Peter Gruber 05\" width=\"505\" height=\"284\" srcset=\"https:\/\/www.skimo.at\/sportler\/files\/2020\/01\/Compedal-Sprint-Peter-Gruber-05.jpg 1600w, https:\/\/www.skimo.at\/sportler\/files\/2020\/01\/Compedal-Sprint-Peter-Gruber-05-300x169.jpg 300w, https:\/\/www.skimo.at\/sportler\/files\/2020\/01\/Compedal-Sprint-Peter-Gruber-05-1024x577.jpg 1024w, https:\/\/www.skimo.at\/sportler\/files\/2020\/01\/Compedal-Sprint-Peter-Gruber-05-768x432.jpg 768w, https:\/\/www.skimo.at\/sportler\/files\/2020\/01\/Compedal-Sprint-Peter-Gruber-05-1224x689.jpg 1224w, https:\/\/www.skimo.at\/sportler\/files\/2020\/01\/Compedal-Sprint-Peter-Gruber-05-970x546.jpg 970w, https:\/\/www.skimo.at\/sportler\/files\/2020\/01\/Compedal-Sprint-Peter-Gruber-05-554x312.jpg 554w, https:\/\/www.skimo.at\/sportler\/files\/2020\/01\/Compedal-Sprint-Peter-Gruber-05-165x93.jpg 165w\" sizes=\"(max-width: 505px) 100vw, 505px\" \/><\/a><\/p>\n<hr \/>\n<p>&nbsp;<\/p>\n<p><strong>14:25 Uhr:<\/strong> Start der Herren ins Halbfinale in 5 Minuten, Daniel Zugg ist im 1. Lauf dabei.<\/p>\n<p><a href=\"http:\/\/www.skimo.at\/sportler\/files\/2020\/01\/Halbfinale-Herren.jpg\" rel=\"attachment wp-att-13087\"><img loading=\"lazy\" class=\"alignnone wp-image-13087\" title=\"Halbfinale Herren\" src=\"http:\/\/www.skimo.at\/sportler\/files\/2020\/01\/Halbfinale-Herren.jpg\" alt=\"Halbfinale Herren\" width=\"234\" height=\"416\" srcset=\"https:\/\/www.skimo.at\/sportler\/files\/2020\/01\/Halbfinale-Herren.jpg 901w, https:\/\/www.skimo.at\/sportler\/files\/2020\/01\/Halbfinale-Herren-169x300.jpg 169w, https:\/\/www.skimo.at\/sportler\/files\/2020\/01\/Halbfinale-Herren-577x1024.jpg 577w, https:\/\/www.skimo.at\/sportler\/files\/2020\/01\/Halbfinale-Herren-768x1364.jpg 768w, https:\/\/www.skimo.at\/sportler\/files\/2020\/01\/Halbfinale-Herren-554x984.jpg 554w, https:\/\/www.skimo.at\/sportler\/files\/2020\/01\/Halbfinale-Herren-52x93.jpg 52w\" sizes=\"(max-width: 234px) 100vw, 234px\" \/><\/a><\/p>\n<p><strong>14:33 Uhr:<\/strong> Start des 1. Halbfinale der Herren ist erfolgt.<\/p>\n<p><a href=\"http:\/\/www.skimo.at\/sportler\/files\/2020\/01\/Compedal-Sprint-Peter-Gruber-06.jpg\" rel=\"attachment wp-att-13080\"><img loading=\"lazy\" class=\"alignnone wp-image-13080\" title=\"Compedal Sprint Peter Gruber 06\" src=\"http:\/\/www.skimo.at\/sportler\/files\/2020\/01\/Compedal-Sprint-Peter-Gruber-06.jpg\" alt=\"Compedal Sprint Peter Gruber 06\" width=\"505\" height=\"673\" srcset=\"https:\/\/www.skimo.at\/sportler\/files\/2020\/01\/Compedal-Sprint-Peter-Gruber-06.jpg 1200w, https:\/\/www.skimo.at\/sportler\/files\/2020\/01\/Compedal-Sprint-Peter-Gruber-06-225x300.jpg 225w, https:\/\/www.skimo.at\/sportler\/files\/2020\/01\/Compedal-Sprint-Peter-Gruber-06-768x1024.jpg 768w, https:\/\/www.skimo.at\/sportler\/files\/2020\/01\/Compedal-Sprint-Peter-Gruber-06-970x1293.jpg 970w, https:\/\/www.skimo.at\/sportler\/files\/2020\/01\/Compedal-Sprint-Peter-Gruber-06-554x739.jpg 554w, https:\/\/www.skimo.at\/sportler\/files\/2020\/01\/Compedal-Sprint-Peter-Gruber-06-70x93.jpg 70w\" sizes=\"(max-width: 505px) 100vw, 505px\" \/><\/a><\/p>\n<p><strong>14:35 Uhr:<\/strong> aktuell Daniel Zugg vor Alexander Brandner-Egger und Daniel Ganahl!<\/p>\n<p><strong>14:42 Uhr: <\/strong>Zugg vor Brandner auf Rang 1 und 2 im 1. Halbfinale.\u00a0Fotofinish zwischen Wei\u00dfkopf und Ganahl um Rang 3 &#8211; Martin Wei\u00dfkopf kann es f\u00fcr sich entscheiden!<\/p>\n<p><strong>14:45 Uhr:<\/strong> Martin Wei\u00dfkopf muss sich nach dem Zielfoto einer Kontrolle der Fellverstauung unterziehen, die gerade noch positiv f\u00fcr ihn ausf\u00e4llt. Somit: 1. Zugg, 2. Brandner-Egger, 3. Wei\u00dfkopf, 4. Ganahl<\/p>\n<hr \/>\n<p>&nbsp;<\/p>\n<p><strong>14:57 Uhr:<\/strong> Finale der Damen gestartet.<\/p>\n<p><a href=\"http:\/\/www.skimo.at\/sportler\/files\/2020\/01\/Compedal-Sprint-Peter-Gruber-07.jpg\" rel=\"attachment wp-att-13090\"><img loading=\"lazy\" class=\"alignnone wp-image-13090\" title=\"Compedal Sprint Peter Gruber 07\" src=\"http:\/\/www.skimo.at\/sportler\/files\/2020\/01\/Compedal-Sprint-Peter-Gruber-07.jpg\" alt=\"Compedal Sprint Peter Gruber 07\" width=\"503\" height=\"283\" srcset=\"https:\/\/www.skimo.at\/sportler\/files\/2020\/01\/Compedal-Sprint-Peter-Gruber-07.jpg 1600w, https:\/\/www.skimo.at\/sportler\/files\/2020\/01\/Compedal-Sprint-Peter-Gruber-07-300x169.jpg 300w, https:\/\/www.skimo.at\/sportler\/files\/2020\/01\/Compedal-Sprint-Peter-Gruber-07-1024x577.jpg 1024w, https:\/\/www.skimo.at\/sportler\/files\/2020\/01\/Compedal-Sprint-Peter-Gruber-07-768x432.jpg 768w, https:\/\/www.skimo.at\/sportler\/files\/2020\/01\/Compedal-Sprint-Peter-Gruber-07-1224x689.jpg 1224w, https:\/\/www.skimo.at\/sportler\/files\/2020\/01\/Compedal-Sprint-Peter-Gruber-07-970x546.jpg 970w, https:\/\/www.skimo.at\/sportler\/files\/2020\/01\/Compedal-Sprint-Peter-Gruber-07-554x312.jpg 554w, https:\/\/www.skimo.at\/sportler\/files\/2020\/01\/Compedal-Sprint-Peter-Gruber-07-165x93.jpg 165w\" sizes=\"(max-width: 503px) 100vw, 503px\" \/><\/a><\/p>\n<p><strong>14:59 Uhr:<\/strong> Theresa Kober f\u00fchrt vor Ina Forchthammer.<\/p>\n<p><script> \n                DeferLib.deferInline({ \n                    event: \"THIRD_PARTY.YOUTUBE\", \n                    html: \"<iframe width=\\\"500\\\" height=\\\"281\\\" src=\\\"https:\\\/\\\/www.youtube.com\\\/embed\\\/x5i_HlMLWgc?feature=oembed\\\" frameborder=\\\"0\\\" allow=\\\"accelerometer; autoplay; encrypted-media; gyroscope; picture-in-picture\\\" allowfullscreen><\\\/iframe>\", \n                    placeholder: \"<span class=\\\"skimo-dsgvo-content-placeholder placeholder-third-party placeholder-third-party--youtube\\\">\\r\\n    <span class=\\\"paragraph\\\">Um Sie umfassen informieren zu k\\u00f6nnen, f\\u00fcgen wir bei Bedarf redaktionelle Inhalte Dritter ein.<br \/>YouTube setzt Cookies.<\\\/span>\\r\\n    <a href=\\\"javascript:void(0);\\\" onclick=\\\"dsgvoOptIn.allow('THIRD_PARTY.YOUTUBE');\\\">YouTube Videos erlauben<\\\/a>\\r\\n<\\\/span>\" \n                }); \n            <\/script><\/p>\n<p><strong>15:04 Uhr: <span style=\"color: #ff0000\">Ergebnis Damen<\/span><\/strong><\/p>\n<ul>\n<li><span style=\"color: #ff0000\">1. Theresa Kober<\/span><\/li>\n<li><span style=\"color: #ff0000\">2. Jacqueline Brandl<\/span><\/li>\n<li><span style=\"color: #ff0000\">3. Ina Forchthammer<\/span><\/li>\n<li><span style=\"color: #ff0000\">4. Bernadette Klotz<\/span><\/li>\n<li><span style=\"color: #ff0000\">5.\u00a0Nele Kurz<\/span><\/li>\n<li><span style=\"color: #ff0000\">6. Sarah Dreier (Strafe wegen Fellverstauung!)<\/span><\/li>\n<\/ul>\n<p><a href=\"http:\/\/www.skimo.at\/sportler\/files\/2020\/01\/Compedal-Sprint-Peter-Gruber-09.jpg\" rel=\"attachment wp-att-13094\"><img loading=\"lazy\" class=\"alignnone wp-image-13094\" title=\"Compedal Sprint Peter Gruber 09\" src=\"http:\/\/www.skimo.at\/sportler\/files\/2020\/01\/Compedal-Sprint-Peter-Gruber-09.jpg\" alt=\"Compedal Sprint Peter Gruber 09\" width=\"501\" height=\"282\" srcset=\"https:\/\/www.skimo.at\/sportler\/files\/2020\/01\/Compedal-Sprint-Peter-Gruber-09.jpg 1600w, https:\/\/www.skimo.at\/sportler\/files\/2020\/01\/Compedal-Sprint-Peter-Gruber-09-300x169.jpg 300w, https:\/\/www.skimo.at\/sportler\/files\/2020\/01\/Compedal-Sprint-Peter-Gruber-09-1024x577.jpg 1024w, https:\/\/www.skimo.at\/sportler\/files\/2020\/01\/Compedal-Sprint-Peter-Gruber-09-768x432.jpg 768w, https:\/\/www.skimo.at\/sportler\/files\/2020\/01\/Compedal-Sprint-Peter-Gruber-09-1224x689.jpg 1224w, https:\/\/www.skimo.at\/sportler\/files\/2020\/01\/Compedal-Sprint-Peter-Gruber-09-970x546.jpg 970w, https:\/\/www.skimo.at\/sportler\/files\/2020\/01\/Compedal-Sprint-Peter-Gruber-09-554x312.jpg 554w, https:\/\/www.skimo.at\/sportler\/files\/2020\/01\/Compedal-Sprint-Peter-Gruber-09-165x93.jpg 165w\" sizes=\"(max-width: 501px) 100vw, 501px\" \/><\/a><\/p>\n<p><a href=\"http:\/\/www.skimo.at\/sportler\/files\/2020\/01\/Ergebnis-Finale-Damen_\u00d6M-Sprint.jpg\" rel=\"attachment wp-att-13099\"><img loading=\"lazy\" class=\"alignnone wp-image-13099\" title=\"Ergebnis Finale Damen \u00d6M Sprint\" src=\"http:\/\/www.skimo.at\/sportler\/files\/2020\/01\/Ergebnis-Finale-Damen_\u00d6M-Sprint.jpg\" alt=\"Ergebnis Finale Damen \u00d6M Sprint\" width=\"501\" height=\"282\" srcset=\"https:\/\/www.skimo.at\/sportler\/files\/2020\/01\/Ergebnis-Finale-Damen_\u00d6M-Sprint.jpg 1600w, https:\/\/www.skimo.at\/sportler\/files\/2020\/01\/Ergebnis-Finale-Damen_\u00d6M-Sprint-300x169.jpg 300w, https:\/\/www.skimo.at\/sportler\/files\/2020\/01\/Ergebnis-Finale-Damen_\u00d6M-Sprint-1024x577.jpg 1024w, https:\/\/www.skimo.at\/sportler\/files\/2020\/01\/Ergebnis-Finale-Damen_\u00d6M-Sprint-768x432.jpg 768w, https:\/\/www.skimo.at\/sportler\/files\/2020\/01\/Ergebnis-Finale-Damen_\u00d6M-Sprint-1224x689.jpg 1224w, https:\/\/www.skimo.at\/sportler\/files\/2020\/01\/Ergebnis-Finale-Damen_\u00d6M-Sprint-970x546.jpg 970w, https:\/\/www.skimo.at\/sportler\/files\/2020\/01\/Ergebnis-Finale-Damen_\u00d6M-Sprint-554x312.jpg 554w, https:\/\/www.skimo.at\/sportler\/files\/2020\/01\/Ergebnis-Finale-Damen_\u00d6M-Sprint-165x93.jpg 165w\" sizes=\"(max-width: 501px) 100vw, 501px\" \/><\/a><\/p>\n<hr \/>\n<p>&nbsp;<\/p>\n<p><strong>15:15 Uhr:<\/strong> Finale Herren gestartet.<\/p>\n<p><script> \n                DeferLib.deferInline({ \n                    event: \"THIRD_PARTY.YOUTUBE\", \n                    html: \"<iframe width=\\\"500\\\" height=\\\"281\\\" src=\\\"https:\\\/\\\/www.youtube.com\\\/embed\\\/Hqh7hYFq7fc?feature=oembed\\\" frameborder=\\\"0\\\" allow=\\\"accelerometer; autoplay; encrypted-media; gyroscope; picture-in-picture\\\" allowfullscreen><\\\/iframe>\", \n                    placeholder: \"<span class=\\\"skimo-dsgvo-content-placeholder placeholder-third-party placeholder-third-party--youtube\\\">\\r\\n    <span class=\\\"paragraph\\\">Um Sie umfassen informieren zu k\\u00f6nnen, f\\u00fcgen wir bei Bedarf redaktionelle Inhalte Dritter ein.<br \/>YouTube setzt Cookies.<\\\/span>\\r\\n    <a href=\\\"javascript:void(0);\\\" onclick=\\\"dsgvoOptIn.allow('THIRD_PARTY.YOUTUBE');\\\">YouTube Videos erlauben<\\\/a>\\r\\n<\\\/span>\" \n                }); \n            <\/script><\/p>\n<p>Daniel Zugg geht als Erster in die Wechselzone, vor Martin Wei\u00dfkopf und Alexander Brandner-Egger.<\/p>\n<p><a href=\"http:\/\/www.skimo.at\/sportler\/files\/2020\/01\/Compedal-Sprint-Peter-Gruber-12.jpg\" rel=\"attachment wp-att-13105\"><img loading=\"lazy\" class=\"alignnone wp-image-13105\" title=\"Compedal Sprint Peter Gruber 12\" src=\"http:\/\/www.skimo.at\/sportler\/files\/2020\/01\/Compedal-Sprint-Peter-Gruber-12.jpg\" alt=\"Compedal Sprint Peter Gruber 12\" width=\"497\" height=\"280\" srcset=\"https:\/\/www.skimo.at\/sportler\/files\/2020\/01\/Compedal-Sprint-Peter-Gruber-12.jpg 1600w, https:\/\/www.skimo.at\/sportler\/files\/2020\/01\/Compedal-Sprint-Peter-Gruber-12-300x169.jpg 300w, https:\/\/www.skimo.at\/sportler\/files\/2020\/01\/Compedal-Sprint-Peter-Gruber-12-1024x577.jpg 1024w, https:\/\/www.skimo.at\/sportler\/files\/2020\/01\/Compedal-Sprint-Peter-Gruber-12-768x432.jpg 768w, https:\/\/www.skimo.at\/sportler\/files\/2020\/01\/Compedal-Sprint-Peter-Gruber-12-1224x689.jpg 1224w, https:\/\/www.skimo.at\/sportler\/files\/2020\/01\/Compedal-Sprint-Peter-Gruber-12-970x546.jpg 970w, https:\/\/www.skimo.at\/sportler\/files\/2020\/01\/Compedal-Sprint-Peter-Gruber-12-554x312.jpg 554w, https:\/\/www.skimo.at\/sportler\/files\/2020\/01\/Compedal-Sprint-Peter-Gruber-12-165x93.jpg 165w\" sizes=\"(max-width: 497px) 100vw, 497px\" \/><\/a><\/p>\n<p><strong>15:17 Uhr:<\/strong> In der Abfahrt Zugg vor Brandner-Egger und Wei\u00dfkopf.<\/p>\n<p><strong>15:19 Uhr:<\/strong> Die Ahtleten sind im Ziel!<\/p>\n<p><span style=\"color: #ff0000\"><strong>Ergebnis Herren:<\/strong><\/span><\/p>\n<ul>\n<li><span style=\"color: #ff0000\">1. Daniel Zugg<\/span><\/li>\n<li><span style=\"color: #ff0000\">2. Alexander Brandner-Egger<\/span><\/li>\n<li><span style=\"color: #ff0000\">3. Martin Wei\u00dfkopf<\/span><\/li>\n<li><span style=\"color: #ff0000\">4. Andreas Mayer (Rang 1 Junior)<\/span><\/li>\n<li><span style=\"color: #ff0000\">5. Paul Verbnjak (Rang 2 Junior)<\/span><\/li>\n<\/ul>\n<p><a href=\"http:\/\/www.skimo.at\/sportler\/files\/2020\/01\/Compedal-Sprint-Peter-Gruber-11.jpg\" rel=\"attachment wp-att-13104\"><img loading=\"lazy\" class=\"alignnone wp-image-13104\" title=\"Compedal Sprint Peter Gruber 11\" src=\"http:\/\/www.skimo.at\/sportler\/files\/2020\/01\/Compedal-Sprint-Peter-Gruber-11.jpg\" alt=\"Compedal Sprint Peter Gruber 11\" width=\"501\" height=\"282\" srcset=\"https:\/\/www.skimo.at\/sportler\/files\/2020\/01\/Compedal-Sprint-Peter-Gruber-11.jpg 1600w, https:\/\/www.skimo.at\/sportler\/files\/2020\/01\/Compedal-Sprint-Peter-Gruber-11-300x169.jpg 300w, https:\/\/www.skimo.at\/sportler\/files\/2020\/01\/Compedal-Sprint-Peter-Gruber-11-1024x577.jpg 1024w, https:\/\/www.skimo.at\/sportler\/files\/2020\/01\/Compedal-Sprint-Peter-Gruber-11-768x432.jpg 768w, https:\/\/www.skimo.at\/sportler\/files\/2020\/01\/Compedal-Sprint-Peter-Gruber-11-1224x689.jpg 1224w, https:\/\/www.skimo.at\/sportler\/files\/2020\/01\/Compedal-Sprint-Peter-Gruber-11-970x546.jpg 970w, https:\/\/www.skimo.at\/sportler\/files\/2020\/01\/Compedal-Sprint-Peter-Gruber-11-554x312.jpg 554w, https:\/\/www.skimo.at\/sportler\/files\/2020\/01\/Compedal-Sprint-Peter-Gruber-11-165x93.jpg 165w\" sizes=\"(max-width: 501px) 100vw, 501px\" \/><\/a><\/p>\n","protected":false},"excerpt":{"rendered":"<p>Heute f\u00e4llt um 12:30 Uhr der Startschuss zur \u00d6sterreichischen Meisterschaft im Sprint, die heuer im Rahmen des Compedal Sprint der Union Compedal Thal-Assling ausgetragen wird.\u00a0<\/p>\n","protected":false},"author":36,"featured_media":12999,"comment_status":"closed","ping_status":"closed","sticky":false,"template":"","format":"standard","meta":[],"categories":[1,3],"tags":[],"yoast_head":"<!-- This site is optimized with the Yoast SEO plugin v16.3 - https:\/\/yoast.com\/wordpress\/plugins\/seo\/ -->\n<title>Live-Ticker vom Compedal Sprint - \u00d6M - Sportler<\/title>\n<meta name=\"robots\" content=\"index, follow, max-snippet:-1, max-image-preview:large, max-video-preview:-1\" \/>\n<link rel=\"canonical\" href=\"https:\/\/www.skimo.at\/sportler\/12994\/live-ticker-vom-compedal-sprint-oem\/\" \/>\n<meta property=\"og:locale\" content=\"de_DE\" \/>\n<meta property=\"og:type\" content=\"article\" \/>\n<meta property=\"og:title\" content=\"Live-Ticker vom Compedal Sprint - \u00d6M - Sportler\" \/>\n<meta property=\"og:description\" content=\"Heute f\u00e4llt um 12:30 Uhr der Startschuss zur \u00d6sterreichischen Meisterschaft im Sprint, die heuer im Rahmen des Compedal Sprint der Union Compedal Thal-Assling ausgetragen wird.\u00a0\" \/>\n<meta property=\"og:url\" content=\"https:\/\/www.skimo.at\/sportler\/12994\/live-ticker-vom-compedal-sprint-oem\/\" \/>\n<meta property=\"og:site_name\" content=\"Sportler\" \/>\n<meta property=\"article:published_time\" content=\"2020-01-11T11:04:11+00:00\" \/>\n<meta property=\"article:modified_time\" content=\"2020-01-11T15:56:04+00:00\" \/>\n<meta property=\"og:image\" content=\"https:\/\/www.skimo.at\/sportler\/files\/2020\/01\/Compedal-Sprint-Logo.png\" \/>\n\t<meta property=\"og:image:width\" content=\"854\" \/>\n\t<meta property=\"og:image:height\" content=\"769\" \/>\n<meta name=\"twitter:card\" content=\"summary\" \/>\n<meta name=\"twitter:label1\" content=\"Gesch\u00e4tzte Lesezeit\">\n\t<meta name=\"twitter:data1\" content=\"4\u00a0Minuten\">\n<script type=\"application\/ld+json\" class=\"yoast-schema-graph\">{\"@context\":\"https:\/\/schema.org\",\"@graph\":[{\"@type\":\"WebSite\",\"@id\":\"https:\/\/skimo.73.jarolim.eu\/sportler\/#website\",\"url\":\"https:\/\/skimo.73.jarolim.eu\/sportler\/\",\"name\":\"Sportler\",\"description\":\"\",\"potentialAction\":[{\"@type\":\"SearchAction\",\"target\":\"https:\/\/skimo.73.jarolim.eu\/sportler\/?s={search_term_string}\",\"query-input\":\"required name=search_term_string\"}],\"inLanguage\":\"de\"},{\"@type\":\"ImageObject\",\"@id\":\"https:\/\/www.skimo.at\/sportler\/12994\/live-ticker-vom-compedal-sprint-oem\/#primaryimage\",\"inLanguage\":\"de\",\"url\":\"https:\/\/www.skimo.at\/sportler\/files\/2020\/01\/Compedal-Sprint-Logo.png\",\"contentUrl\":\"https:\/\/www.skimo.at\/sportler\/files\/2020\/01\/Compedal-Sprint-Logo.png\",\"width\":854,\"height\":769,\"caption\":\"Compedal Sprint Logo\"},{\"@type\":\"WebPage\",\"@id\":\"https:\/\/www.skimo.at\/sportler\/12994\/live-ticker-vom-compedal-sprint-oem\/#webpage\",\"url\":\"https:\/\/www.skimo.at\/sportler\/12994\/live-ticker-vom-compedal-sprint-oem\/\",\"name\":\"Live-Ticker vom Compedal Sprint - \\u00d6M - Sportler\",\"isPartOf\":{\"@id\":\"https:\/\/skimo.73.jarolim.eu\/sportler\/#website\"},\"primaryImageOfPage\":{\"@id\":\"https:\/\/www.skimo.at\/sportler\/12994\/live-ticker-vom-compedal-sprint-oem\/#primaryimage\"},\"datePublished\":\"2020-01-11T11:04:11+00:00\",\"dateModified\":\"2020-01-11T15:56:04+00:00\",\"author\":{\"@id\":\"https:\/\/skimo.73.jarolim.eu\/sportler\/#\/schema\/person\/36ee7a8c6ab79008da6333318c056afe\"},\"breadcrumb\":{\"@id\":\"https:\/\/www.skimo.at\/sportler\/12994\/live-ticker-vom-compedal-sprint-oem\/#breadcrumb\"},\"inLanguage\":\"de\",\"potentialAction\":[{\"@type\":\"ReadAction\",\"target\":[\"https:\/\/www.skimo.at\/sportler\/12994\/live-ticker-vom-compedal-sprint-oem\/\"]}]},{\"@type\":\"BreadcrumbList\",\"@id\":\"https:\/\/www.skimo.at\/sportler\/12994\/live-ticker-vom-compedal-sprint-oem\/#breadcrumb\",\"itemListElement\":[{\"@type\":\"ListItem\",\"position\":1,\"item\":{\"@type\":\"WebPage\",\"@id\":\"https:\/\/skimo.73.jarolim.eu\/sportler\/\",\"url\":\"https:\/\/skimo.73.jarolim.eu\/sportler\/\",\"name\":\"Home\"}},{\"@type\":\"ListItem\",\"position\":2,\"item\":{\"@id\":\"https:\/\/www.skimo.at\/sportler\/12994\/live-ticker-vom-compedal-sprint-oem\/#webpage\"}}]},{\"@type\":\"Person\",\"@id\":\"https:\/\/skimo.73.jarolim.eu\/sportler\/#\/schema\/person\/36ee7a8c6ab79008da6333318c056afe\",\"name\":\"bnussbaumer\",\"image\":{\"@type\":\"ImageObject\",\"@id\":\"https:\/\/skimo.73.jarolim.eu\/sportler\/#personlogo\",\"inLanguage\":\"de\",\"url\":\"https:\/\/secure.gravatar.com\/avatar\/a60fb9ed247917105478e1b88642ddf2?s=96&r=g\",\"contentUrl\":\"https:\/\/secure.gravatar.com\/avatar\/a60fb9ed247917105478e1b88642ddf2?s=96&r=g\",\"caption\":\"bnussbaumer\"},\"url\":\"https:\/\/www.skimo.at\/sportler\/author\/bnussbaumer\/\"}]}<\/script>\n<!-- \/ Yoast SEO plugin. -->","_links":{"self":[{"href":"https:\/\/www.skimo.at\/sportler\/wp-json\/wp\/v2\/posts\/12994"}],"collection":[{"href":"https:\/\/www.skimo.at\/sportler\/wp-json\/wp\/v2\/posts"}],"about":[{"href":"https:\/\/www.skimo.at\/sportler\/wp-json\/wp\/v2\/types\/post"}],"author":[{"embeddable":true,"href":"https:\/\/www.skimo.at\/sportler\/wp-json\/wp\/v2\/users\/36"}],"replies":[{"embeddable":true,"href":"https:\/\/www.skimo.at\/sportler\/wp-json\/wp\/v2\/comments?post=12994"}],"version-history":[{"count":76,"href":"https:\/\/www.skimo.at\/sportler\/wp-json\/wp\/v2\/posts\/12994\/revisions"}],"predecessor-version":[{"id":13108,"href":"https:\/\/www.skimo.at\/sportler\/wp-json\/wp\/v2\/posts\/12994\/revisions\/13108"}],"wp:featuredmedia":[{"embeddable":true,"href":"https:\/\/www.skimo.at\/sportler\/wp-json\/wp\/v2\/media\/12999"}],"wp:attachment":[{"href":"https:\/\/www.skimo.at\/sportler\/wp-json\/wp\/v2\/media?parent=12994"}],"wp:term":[{"taxonomy":"category","embeddable":true,"href":"https:\/\/www.skimo.at\/sportler\/wp-json\/wp\/v2\/categories?post=12994"},{"taxonomy":"post_tag","embeddable":true,"href":"https:\/\/www.skimo.at\/sportler\/wp-json\/wp\/v2\/tags?post=12994"}],"curies":[{"name":"wp","href":"https:\/\/api.w.org\/{rel}","templated":true}]}}