{"id":1293,"date":"2013-11-12T12:00:11","date_gmt":"2013-11-12T10:00:11","guid":{"rendered":"http:\/\/www.skimo.at\/sportler\/?p=1293"},"modified":"2013-11-11T19:55:51","modified_gmt":"2013-11-11T17:55:51","slug":"medienpartnerschaft-der-oesterreichischen-nationalmannschaft-fuer-firmen-und-ausruester","status":"publish","type":"post","link":"https:\/\/www.skimo.at\/sportler\/1293\/medienpartnerschaft-der-oesterreichischen-nationalmannschaft-fuer-firmen-und-ausruester\/","title":{"rendered":"Medienpartnerschaft der \u00d6sterreichischen Nationalmannschaft f\u00fcr Firmen und Ausr\u00fcster"},"content":{"rendered":"<p>Im letzten Artikel \u00fcber das \u00d6sterreichische Nationalteam ging es um die Vorbereitung zum Erreichen der Ziele f\u00fcr den kommenden Winter. Der ASKIMO hofft nat\u00fcrlich, diese gemeinsam mit seinen Athleten verwirklichen zu k\u00f6nnen und die Athleten der Nationalmannschaft so oft wie m\u00f6glich auf den Siegerpodesten der nationalen und internationalen Wettk\u00e4mpfe zu sehen. Den (inzwischen teilweise jahrelang treuen) Sponsoren des Teams ist es bewusst, dass die Athleten eine hervorragende Werbeplattform f\u00fcr ihre Produkte\/ihr Material darstellen, sind sie doch weltweit erfolgreich unterwegs, bzw. stehen bei den nationalen Rennen am Stockerl und somit auch in den Medien. Damit es aber erst einmal so weit kommt, stehen viel Vorbereitung und hohe Kosten an. Im Vergleich zu einigen anderen Sportarten ist es unseren Athleten zwar nicht m\u00f6glich, nur vom Sport allein zu leben, sie sind aber in der gl\u00fccklichen Lage, dass sie vom Verband die Kosten f\u00fcr internationale Eins\u00e4tze ersetzt bekommen, was bei anderen Nationen in der Sportart Skibergsteigen oft nicht der Fall ist. Dass dies auch weiterhin m\u00f6glich bleibt, hat sich der ASKIMO entschlossen, von den Firmen einen Media-Beitrag einzufordern der letztlich voll dem Nationalteam im Wettkampfeinsatz zugutekommt. Sprich: der geleistete Mediabeitrag der Firmen erm\u00f6glicht dem Nationalteam die Starts bei den Rennen, die Athleten verwenden die Ausr\u00fcstungsgegenst\u00e4nde, bringen eine gute Leistungen und erscheinen mit ihrem Material in den Medien (TV, Print und Internet).<\/p>\n<p>Seit der Aufstellung des Nationalteams 2007 hat es sich der ASKIMO zur Aufgabe gemacht, das ganze Jahr \u00fcber Medien aller Art mit qualitativ hochwertigen Bildmaterial zu versorgen, welches unsere Teamfotografen von den Rennen mitbringen und das eine Grundvoraussetzung f\u00fcr eine Ver\u00f6ffentlichung in den Medien ist. Ein sehr breites mediales Ergebnis wird somit erreicht, das zeigen die j\u00e4hrlichen Presseclippings deutlich. \u00dcber die 8 Hauptsponsoren der Nationalmannschaft hinaus gibt es viele Ausr\u00fcstundpartner, deren Material von den Athleten verwendet wird und dessen Pr\u00e4senz bei Auftritten von Athleten der Nationalmannschaft von den Firmen gew\u00fcnscht wird. Dies bringt den Ausr\u00fcstungspartnern gute Werbung. Ab dieser Saison werden aber nur mehr Ausr\u00fcstungsmarken optisch sichtbar sein, die den ASKIMO Media-Beitrag entrichten. Wird der Beitrag nicht entrichtet, so darf das Material von den Athleten nicht verwendet werden bzw. wird der Hersteller optisch unkenntlich gemacht (z.B. \u00fcberklebt, etc.).<\/p>\n<p>Diese Erneuerung wurde den diversen Firmenvertretern bereits im Zuge der letzten ASKIMO Sommergespr\u00e4che in Salzburg pr\u00e4sentiert, zus\u00e4tzlich ist die Information in den letzten Tagen noch einmal an die betroffenen Firmen gegangen. In K\u00fcrze werden alle Medienpartner der \u00f6sterreichischen Mannschaft im Wettkampf-Skibergsteigen auch online kundgetan auf der Seite <a href=\"http:\/\/www.skimo.at\/sportler\/partner-und-sponsoren\/\" target=\"_blank\">Partner und Sponsoren<\/a>.<\/p>\n","protected":false},"excerpt":{"rendered":"<p>Im letzten Artikel \u00fcber das \u00d6sterreichische Nationalteam ging es um die Vorbereitung zum Erreichen der Ziele f\u00fcr den kommenden Winter. Der ASKIMO hofft nat\u00fcrlich, diese gemeinsam mit seinen Athleten verwirklichen zu k\u00f6nnen und die Athleten der Nationalmannschaft so oft wie m\u00f6glich auf den Siegerpodesten der nationalen und internationalen Wettk\u00e4mpfe zu sehen. Den (inzwischen teilweise jahrelang [&hellip;]<\/p>\n","protected":false},"author":4,"featured_media":1295,"comment_status":"closed","ping_status":"closed","sticky":false,"template":"","format":"standard","meta":[],"categories":[1,3],"tags":[],"yoast_head":"<!-- This site is optimized with the Yoast SEO plugin v16.3 - https:\/\/yoast.com\/wordpress\/plugins\/seo\/ -->\n<title>Medienpartnerschaft der \u00d6sterreichischen Nationalmannschaft f\u00fcr Firmen und Ausr\u00fcster - Sportler<\/title>\n<meta name=\"robots\" content=\"index, follow, max-snippet:-1, max-image-preview:large, max-video-preview:-1\" \/>\n<link rel=\"canonical\" href=\"https:\/\/www.skimo.at\/sportler\/1293\/medienpartnerschaft-der-oesterreichischen-nationalmannschaft-fuer-firmen-und-ausruester\/\" \/>\n<meta property=\"og:locale\" content=\"de_DE\" \/>\n<meta property=\"og:type\" content=\"article\" \/>\n<meta property=\"og:title\" content=\"Medienpartnerschaft der \u00d6sterreichischen Nationalmannschaft f\u00fcr Firmen und Ausr\u00fcster - Sportler\" \/>\n<meta property=\"og:description\" content=\"Im letzten Artikel \u00fcber das \u00d6sterreichische Nationalteam ging es um die Vorbereitung zum Erreichen der Ziele f\u00fcr den kommenden Winter. Der ASKIMO hofft nat\u00fcrlich, diese gemeinsam mit seinen Athleten verwirklichen zu k\u00f6nnen und die Athleten der Nationalmannschaft so oft wie m\u00f6glich auf den Siegerpodesten der nationalen und internationalen Wettk\u00e4mpfe zu sehen. Den (inzwischen teilweise jahrelang [&hellip;]\" \/>\n<meta property=\"og:url\" content=\"https:\/\/www.skimo.at\/sportler\/1293\/medienpartnerschaft-der-oesterreichischen-nationalmannschaft-fuer-firmen-und-ausruester\/\" \/>\n<meta property=\"og:site_name\" content=\"Sportler\" \/>\n<meta property=\"article:published_time\" content=\"2013-11-12T10:00:11+00:00\" \/>\n<meta property=\"article:modified_time\" content=\"2013-11-11T17:55:51+00:00\" \/>\n<meta property=\"og:image\" content=\"https:\/\/skimo.73.jarolim.eu\/sportler\/files\/2013\/11\/Individual_Martin-Weisskopf-1_Bild-Stephan-Mantler_LR.jpg\" \/>\n\t<meta property=\"og:image:width\" content=\"2000\" \/>\n\t<meta property=\"og:image:height\" content=\"1331\" \/>\n<meta name=\"twitter:card\" content=\"summary\" \/>\n<meta name=\"twitter:label1\" content=\"Gesch\u00e4tzte Lesezeit\">\n\t<meta name=\"twitter:data1\" content=\"2\u00a0Minuten\">\n<script type=\"application\/ld+json\" class=\"yoast-schema-graph\">{\"@context\":\"https:\/\/schema.org\",\"@graph\":[{\"@type\":\"WebSite\",\"@id\":\"https:\/\/skimo.73.jarolim.eu\/sportler\/#website\",\"url\":\"https:\/\/skimo.73.jarolim.eu\/sportler\/\",\"name\":\"Sportler\",\"description\":\"\",\"potentialAction\":[{\"@type\":\"SearchAction\",\"target\":\"https:\/\/skimo.73.jarolim.eu\/sportler\/?s={search_term_string}\",\"query-input\":\"required name=search_term_string\"}],\"inLanguage\":\"de\"},{\"@type\":\"ImageObject\",\"@id\":\"https:\/\/www.skimo.at\/sportler\/1293\/medienpartnerschaft-der-oesterreichischen-nationalmannschaft-fuer-firmen-und-ausruester\/#primaryimage\",\"inLanguage\":\"de\",\"url\":\"https:\/\/www.skimo.at\/sportler\/files\/2013\/11\/Individual_Martin-Weisskopf-1_Bild-Stephan-Mantler_LR.jpg\",\"contentUrl\":\"https:\/\/www.skimo.at\/sportler\/files\/2013\/11\/Individual_Martin-Weisskopf-1_Bild-Stephan-Mantler_LR.jpg\",\"width\":2000,\"height\":1331},{\"@type\":\"WebPage\",\"@id\":\"https:\/\/www.skimo.at\/sportler\/1293\/medienpartnerschaft-der-oesterreichischen-nationalmannschaft-fuer-firmen-und-ausruester\/#webpage\",\"url\":\"https:\/\/www.skimo.at\/sportler\/1293\/medienpartnerschaft-der-oesterreichischen-nationalmannschaft-fuer-firmen-und-ausruester\/\",\"name\":\"Medienpartnerschaft der \\u00d6sterreichischen Nationalmannschaft f\\u00fcr Firmen und Ausr\\u00fcster - Sportler\",\"isPartOf\":{\"@id\":\"https:\/\/skimo.73.jarolim.eu\/sportler\/#website\"},\"primaryImageOfPage\":{\"@id\":\"https:\/\/www.skimo.at\/sportler\/1293\/medienpartnerschaft-der-oesterreichischen-nationalmannschaft-fuer-firmen-und-ausruester\/#primaryimage\"},\"datePublished\":\"2013-11-12T10:00:11+00:00\",\"dateModified\":\"2013-11-11T17:55:51+00:00\",\"author\":{\"@id\":\"https:\/\/skimo.73.jarolim.eu\/sportler\/#\/schema\/person\/89e18f4c3d09b5434dbc2dc0cefbcd30\"},\"breadcrumb\":{\"@id\":\"https:\/\/www.skimo.at\/sportler\/1293\/medienpartnerschaft-der-oesterreichischen-nationalmannschaft-fuer-firmen-und-ausruester\/#breadcrumb\"},\"inLanguage\":\"de\",\"potentialAction\":[{\"@type\":\"ReadAction\",\"target\":[\"https:\/\/www.skimo.at\/sportler\/1293\/medienpartnerschaft-der-oesterreichischen-nationalmannschaft-fuer-firmen-und-ausruester\/\"]}]},{\"@type\":\"BreadcrumbList\",\"@id\":\"https:\/\/www.skimo.at\/sportler\/1293\/medienpartnerschaft-der-oesterreichischen-nationalmannschaft-fuer-firmen-und-ausruester\/#breadcrumb\",\"itemListElement\":[{\"@type\":\"ListItem\",\"position\":1,\"item\":{\"@type\":\"WebPage\",\"@id\":\"https:\/\/skimo.73.jarolim.eu\/sportler\/\",\"url\":\"https:\/\/skimo.73.jarolim.eu\/sportler\/\",\"name\":\"Home\"}},{\"@type\":\"ListItem\",\"position\":2,\"item\":{\"@id\":\"https:\/\/www.skimo.at\/sportler\/1293\/medienpartnerschaft-der-oesterreichischen-nationalmannschaft-fuer-firmen-und-ausruester\/#webpage\"}}]},{\"@type\":\"Person\",\"@id\":\"https:\/\/skimo.73.jarolim.eu\/sportler\/#\/schema\/person\/89e18f4c3d09b5434dbc2dc0cefbcd30\",\"name\":\"aspielbuechler\",\"image\":{\"@type\":\"ImageObject\",\"@id\":\"https:\/\/skimo.73.jarolim.eu\/sportler\/#personlogo\",\"inLanguage\":\"de\",\"url\":\"https:\/\/secure.gravatar.com\/avatar\/1220d25619b41a33e4710c8b968dc56e?s=96&r=g\",\"contentUrl\":\"https:\/\/secure.gravatar.com\/avatar\/1220d25619b41a33e4710c8b968dc56e?s=96&r=g\",\"caption\":\"aspielbuechler\"},\"url\":\"https:\/\/www.skimo.at\/sportler\/author\/aspielbuechler\/\"}]}<\/script>\n<!-- \/ Yoast SEO plugin. -->","_links":{"self":[{"href":"https:\/\/www.skimo.at\/sportler\/wp-json\/wp\/v2\/posts\/1293"}],"collection":[{"href":"https:\/\/www.skimo.at\/sportler\/wp-json\/wp\/v2\/posts"}],"about":[{"href":"https:\/\/www.skimo.at\/sportler\/wp-json\/wp\/v2\/types\/post"}],"author":[{"embeddable":true,"href":"https:\/\/www.skimo.at\/sportler\/wp-json\/wp\/v2\/users\/4"}],"replies":[{"embeddable":true,"href":"https:\/\/www.skimo.at\/sportler\/wp-json\/wp\/v2\/comments?post=1293"}],"version-history":[{"count":2,"href":"https:\/\/www.skimo.at\/sportler\/wp-json\/wp\/v2\/posts\/1293\/revisions"}],"predecessor-version":[{"id":1300,"href":"https:\/\/www.skimo.at\/sportler\/wp-json\/wp\/v2\/posts\/1293\/revisions\/1300"}],"wp:featuredmedia":[{"embeddable":true,"href":"https:\/\/www.skimo.at\/sportler\/wp-json\/wp\/v2\/media\/1295"}],"wp:attachment":[{"href":"https:\/\/www.skimo.at\/sportler\/wp-json\/wp\/v2\/media?parent=1293"}],"wp:term":[{"taxonomy":"category","embeddable":true,"href":"https:\/\/www.skimo.at\/sportler\/wp-json\/wp\/v2\/categories?post=1293"},{"taxonomy":"post_tag","embeddable":true,"href":"https:\/\/www.skimo.at\/sportler\/wp-json\/wp\/v2\/tags?post=1293"}],"curies":[{"name":"wp","href":"https:\/\/api.w.org\/{rel}","templated":true}]}}