{"id":1283,"date":"2013-11-10T20:27:17","date_gmt":"2013-11-10T18:27:17","guid":{"rendered":"http:\/\/www.skimo.at\/sportler\/?p=1283"},"modified":"2021-01-05T18:23:14","modified_gmt":"2021-01-05T16:23:14","slug":"die-zeit-vor-der-wettkampfsaison-die-basis-fuer-erfolge-im-winter","status":"publish","type":"post","link":"https:\/\/www.skimo.at\/sportler\/1283\/die-zeit-vor-der-wettkampfsaison-die-basis-fuer-erfolge-im-winter\/","title":{"rendered":"Die Zeit vor der Wettkampfsaison \u2013 die Basis f\u00fcr Erfolge im Winter"},"content":{"rendered":"<p>Was sind unsere Ziele f\u00fcr die kommende Saison? In der internationalen Elite im Wettkampf-Skibergsteigen ordentlich mitzumischen! Gute Leistungen in der Europameisterschaft und an den f\u00fcnf Weltcup Wochenenden zu bringen! Und nat\u00fcrlich auch bei den national wichtigen Bewerben, z.B. \u00d6sterreichische Meisterschaften, am Stockerl zu stehen \u2013 einfach zu den besten Skibergsteigern aus unserem Land zu geh\u00f6ren!<\/p>\n<p>Um diese Ziele zu erreichen haben sich die Athleten der Nationalmannschaft im Wettkampf-Skibergsteigen den Sommer \u00fcber optimal vorbereitet. Durchschnittlich 15 bis 20 Stunden Training pro Woche spulten sie in der wettkampffreien Zeit herunter.<\/p>\n<blockquote><p>\u201eM\u00f6chte man Skibergsteigen als Leistungssport betreiben, muss die Arbeit manchmal hintenan stehen, soweit dies halt geht. Als Mountainbike Guide und Biolandwirt, gemeinsam mit meinem Vater, l\u00e4sst sich die Zeit gl\u00fccklicherweise leichter einteilen\u201c, so Alex Fasser.<\/p><\/blockquote>\n<p>Den Sommer \u00fcber hei\u00dft es f\u00fcr ihn, sowie seine Teamkollegen, viel Grundlagenausdauer-Training mit dem Mountainbike, auf Bergtouren oder durch Laufen, kombiniert mit Krafttraining. Im Herbst wird das Training spezifischer, mehr auf Skiroller oder wenn m\u00f6glich bereits mit Ski und zus\u00e4tzliches Augenmerk auf ein Intervalltraining zwischendurch. Genaue Trainingspl\u00e4ne bekommen die Athleten aufgrund der Ergebnisse der regelm\u00e4\u00dfigen leistungsdiagnostischen Tests. Der Gro\u00dfteil des Nationalteams macht diese bei Dr. Andrea Hoffmann in Innsbruck, weitere im Olympiazentrum in Rif\/Salzburg. Durchschnittlich zweimal pro Jahr wird ein solcher Test durchgef\u00fchrt und dabei die aktuelle Leistung ermittelt, Verbesserungen oder Defizite festgestellt und dadurch alle wichtigen Parameter zur weiteren Trainingssteuerung und Trainingsplanung ermittelt. Denn gerade bei den gro\u00dfen Trainingsumf\u00e4ngen der Sportler ist ein auf den Athleten exakt abgestimmter Plan enorm wichtig. Ansonsten kann es relativ schnell einerseits zu einem Leistungsabfall oder andererseits auch einem \u00dcbertraining kommen. Auf den Punkt gebracht: es w\u00fcrde nichts bringen X-tausende H\u00f6henmeter zu \u00fcberwinden, wenn die Intensit\u00e4t und der Umfang nicht stimmten. Die Leistung w\u00fcrde nicht steigen, das falsche Training aber Gesundheit und K\u00f6rper Schaden bringen.<br \/>\nGenauso wichtig in einem guten Trainingsplan sind aber auch die Ruhepausen, die den Athleten, in deren Lebensmittelpunkt Bewegung steht, manchmal ganz sch\u00f6n schwer fallen k\u00f6nnen. Nach dem Ende der Rennsaison zu Sommerbeginn und vor der n\u00e4chsten Wettkampfperiode am Sommerende hei\u00dft es f\u00fcr ca. 2 Wochen pausieren, um die Speicher wieder voll aufzuladen.<\/p>\n<p>Ein Athlet des Teams wird sich in der kommenden Saison v\u00f6llig auf den Leistungssport Skibergsteigen konzentrieren: Martin Wei\u00dfkopf. Der Osttiroler war letzten Winter f\u00fcr mehrere Top10 Platzierungen in der Espoir Klasse verantwortlich, heuer will er in der Senior Klasse weiter deutlich aufzeigen und legt deshalb in seinem Job als Fertigungstechniker eine einj\u00e4hrige Pause ein, um sich ganz auf den Sport konzentrieren zu k\u00f6nnen. Andere Athleten wie z.B. Daniel Rohringer haben ihre Wochenstunden heruntergesetzt, damit ausreichend Zeit f\u00fcr ein optimales Training bleibt.<\/p>\n<p>Die anstrengendste Zeit im Jahr ist f\u00fcr viele Athleten der Herbst. Einerseits werden die Trainingseinheiten immer h\u00e4rter und intensiver, andererseits beginnt auch der Kampf ums beste Material f\u00fcr den kommenden Winter. Philipp Brugger hat dieses Jahr einen entscheidenden Trumpf f\u00fcr sich: er hat einen Job bei der Firma Koch Alpin angefangen, die sich mit ihrem Haftfell Contour inzwischen einen festen Platz am Markt der Steigfelle gesichert haben. Philipp sitzt somit direkt an der Quelle zu hervorragendem Material und kann als Gegenleistung daf\u00fcr der Firma jahrelange Testerfahrung bieten, die in die weitere Entwicklung und Verbesserung einflie\u00dft. Das n\u00fctzt auch dem ganzen Nationalteam, denn Koch Alpin ist jahrelang bereits ein treuer Sponsor der Nationalmannschaft und versorgt die Athleten mit ihren Steigfellen.<\/p>\n<p>Veronika Swidrak und Tom Wallners \u201eBrotjob\u201c ist es, bei der Polizei f\u00fcr Sicherheit und Ordnung zu sorgen \u2013 und nebenbei dank Mitgliedschaft im \u201eBMI Leistungskader Radsport\u201c auch eine gewisse Anzahl an Trainingsstunden zur Verf\u00fcgung gestellt zu bekommen. Einerseits gut, wenn man einen Teil der 50 Stunden langen Arbeitswoche f\u00fcr Sport nutzen darf, andererseits unterliegt man damit im Sommer ebenfalls einem Leistungsdruck. Denn um sich den Platz im Kader zu sichern, ist das Erreichen einer vorgegebenen Leistung notwendig und Radrennen m\u00fcssen bestritten werden. Umso wichtiger ist ein gut abgestimmter Trainingsplan, damit die Doppelsaison nicht physisch und mental zur \u00dcberforderung f\u00fchrt.<br \/>\nAber zum Testen der Leistung und Steigern der Motivation darf zwischendurch f\u00fcr die anderen Athleten der Nationalmannschaft Skibergsteigen auch das ein oder andere Rennen zu bestreiten sein, bevorzugt werden neben Mountainbike Rennen noch Bergl\u00e4ufe, bevor es wieder in die Hauptsaison \u201eWinter\u201c \u00fcber geht.<\/p>\n<p>Im n\u00e4chsten Artikel m\u00f6chten wir noch berichten, wie sich die Nationalteammitglieder auf die einzelnen Wettkampfwochenenden w\u00e4hrend der intensiven Wintersaison vorbereiten. Vielleicht kann man sich als Hobbyathlet noch den einen oder anderen Tipp abholen? Der n\u00e4chste Bericht folgt in K\u00fcrze.<\/p>\n","protected":false},"excerpt":{"rendered":"<p>Was sind unsere Ziele f\u00fcr die kommende Saison? In der internationalen Elite im Wettkampf-Skibergsteigen ordentlich mitzumischen! Gute Leistungen in der Europameisterschaft und an den f\u00fcnf Weltcup Wochenenden zu bringen! Und nat\u00fcrlich auch bei den national wichtigen Bewerben, z.B. \u00d6sterreichische Meisterschaften, am Stockerl zu stehen \u2013 einfach zu den besten Skibergsteigern aus unserem Land zu geh\u00f6ren! [&hellip;]<\/p>\n","protected":false},"author":4,"featured_media":1292,"comment_status":"closed","ping_status":"closed","sticky":false,"template":"","format":"standard","meta":[],"categories":[1,3],"tags":[],"yoast_head":"<!-- This site is optimized with the Yoast SEO plugin v16.3 - https:\/\/yoast.com\/wordpress\/plugins\/seo\/ -->\n<title>Die Zeit vor der Wettkampfsaison \u2013 die Basis f\u00fcr Erfolge im Winter - Sportler<\/title>\n<meta name=\"robots\" content=\"index, follow, max-snippet:-1, max-image-preview:large, max-video-preview:-1\" \/>\n<link rel=\"canonical\" href=\"https:\/\/www.skimo.at\/sportler\/1283\/die-zeit-vor-der-wettkampfsaison-die-basis-fuer-erfolge-im-winter\/\" \/>\n<meta property=\"og:locale\" content=\"de_DE\" \/>\n<meta property=\"og:type\" content=\"article\" \/>\n<meta property=\"og:title\" content=\"Die Zeit vor der Wettkampfsaison \u2013 die Basis f\u00fcr Erfolge im Winter - Sportler\" \/>\n<meta property=\"og:description\" content=\"Was sind unsere Ziele f\u00fcr die kommende Saison? In der internationalen Elite im Wettkampf-Skibergsteigen ordentlich mitzumischen! Gute Leistungen in der Europameisterschaft und an den f\u00fcnf Weltcup Wochenenden zu bringen! Und nat\u00fcrlich auch bei den national wichtigen Bewerben, z.B. \u00d6sterreichische Meisterschaften, am Stockerl zu stehen \u2013 einfach zu den besten Skibergsteigern aus unserem Land zu geh\u00f6ren! [&hellip;]\" \/>\n<meta property=\"og:url\" content=\"https:\/\/www.skimo.at\/sportler\/1283\/die-zeit-vor-der-wettkampfsaison-die-basis-fuer-erfolge-im-winter\/\" \/>\n<meta property=\"og:site_name\" content=\"Sportler\" \/>\n<meta property=\"article:published_time\" content=\"2013-11-10T18:27:17+00:00\" \/>\n<meta property=\"article:modified_time\" content=\"2021-01-05T16:23:14+00:00\" \/>\n<meta property=\"og:image\" content=\"https:\/\/skimo.73.jarolim.eu\/sportler\/files\/2013\/11\/Sommerbesch\u00e4ftigung-Mountainbike_Bild-Tom-Wallner-privat.jpg\" \/>\n\t<meta property=\"og:image:width\" content=\"2560\" \/>\n\t<meta property=\"og:image:height\" content=\"1440\" \/>\n<meta name=\"twitter:card\" content=\"summary\" \/>\n<meta name=\"twitter:label1\" content=\"Gesch\u00e4tzte Lesezeit\">\n\t<meta name=\"twitter:data1\" content=\"4\u00a0Minuten\">\n<script type=\"application\/ld+json\" class=\"yoast-schema-graph\">{\"@context\":\"https:\/\/schema.org\",\"@graph\":[{\"@type\":\"WebSite\",\"@id\":\"https:\/\/skimo.73.jarolim.eu\/sportler\/#website\",\"url\":\"https:\/\/skimo.73.jarolim.eu\/sportler\/\",\"name\":\"Sportler\",\"description\":\"\",\"potentialAction\":[{\"@type\":\"SearchAction\",\"target\":\"https:\/\/skimo.73.jarolim.eu\/sportler\/?s={search_term_string}\",\"query-input\":\"required name=search_term_string\"}],\"inLanguage\":\"de\"},{\"@type\":\"ImageObject\",\"@id\":\"https:\/\/www.skimo.at\/sportler\/1283\/die-zeit-vor-der-wettkampfsaison-die-basis-fuer-erfolge-im-winter\/#primaryimage\",\"inLanguage\":\"de\",\"url\":\"https:\/\/www.skimo.at\/sportler\/files\/2013\/11\/Sommerbesch\\u00e4ftigung-Mountainbike_Bild-Tom-Wallner-privat.jpg\",\"contentUrl\":\"https:\/\/www.skimo.at\/sportler\/files\/2013\/11\/Sommerbesch\\u00e4ftigung-Mountainbike_Bild-Tom-Wallner-privat.jpg\",\"width\":2560,\"height\":1440},{\"@type\":\"WebPage\",\"@id\":\"https:\/\/www.skimo.at\/sportler\/1283\/die-zeit-vor-der-wettkampfsaison-die-basis-fuer-erfolge-im-winter\/#webpage\",\"url\":\"https:\/\/www.skimo.at\/sportler\/1283\/die-zeit-vor-der-wettkampfsaison-die-basis-fuer-erfolge-im-winter\/\",\"name\":\"Die Zeit vor der Wettkampfsaison \\u2013 die Basis f\\u00fcr Erfolge im Winter - Sportler\",\"isPartOf\":{\"@id\":\"https:\/\/skimo.73.jarolim.eu\/sportler\/#website\"},\"primaryImageOfPage\":{\"@id\":\"https:\/\/www.skimo.at\/sportler\/1283\/die-zeit-vor-der-wettkampfsaison-die-basis-fuer-erfolge-im-winter\/#primaryimage\"},\"datePublished\":\"2013-11-10T18:27:17+00:00\",\"dateModified\":\"2021-01-05T16:23:14+00:00\",\"author\":{\"@id\":\"https:\/\/skimo.73.jarolim.eu\/sportler\/#\/schema\/person\/89e18f4c3d09b5434dbc2dc0cefbcd30\"},\"breadcrumb\":{\"@id\":\"https:\/\/www.skimo.at\/sportler\/1283\/die-zeit-vor-der-wettkampfsaison-die-basis-fuer-erfolge-im-winter\/#breadcrumb\"},\"inLanguage\":\"de\",\"potentialAction\":[{\"@type\":\"ReadAction\",\"target\":[\"https:\/\/www.skimo.at\/sportler\/1283\/die-zeit-vor-der-wettkampfsaison-die-basis-fuer-erfolge-im-winter\/\"]}]},{\"@type\":\"BreadcrumbList\",\"@id\":\"https:\/\/www.skimo.at\/sportler\/1283\/die-zeit-vor-der-wettkampfsaison-die-basis-fuer-erfolge-im-winter\/#breadcrumb\",\"itemListElement\":[{\"@type\":\"ListItem\",\"position\":1,\"item\":{\"@type\":\"WebPage\",\"@id\":\"https:\/\/skimo.73.jarolim.eu\/sportler\/\",\"url\":\"https:\/\/skimo.73.jarolim.eu\/sportler\/\",\"name\":\"Home\"}},{\"@type\":\"ListItem\",\"position\":2,\"item\":{\"@id\":\"https:\/\/www.skimo.at\/sportler\/1283\/die-zeit-vor-der-wettkampfsaison-die-basis-fuer-erfolge-im-winter\/#webpage\"}}]},{\"@type\":\"Person\",\"@id\":\"https:\/\/skimo.73.jarolim.eu\/sportler\/#\/schema\/person\/89e18f4c3d09b5434dbc2dc0cefbcd30\",\"name\":\"aspielbuechler\",\"image\":{\"@type\":\"ImageObject\",\"@id\":\"https:\/\/skimo.73.jarolim.eu\/sportler\/#personlogo\",\"inLanguage\":\"de\",\"url\":\"https:\/\/secure.gravatar.com\/avatar\/1220d25619b41a33e4710c8b968dc56e?s=96&r=g\",\"contentUrl\":\"https:\/\/secure.gravatar.com\/avatar\/1220d25619b41a33e4710c8b968dc56e?s=96&r=g\",\"caption\":\"aspielbuechler\"},\"url\":\"https:\/\/www.skimo.at\/sportler\/author\/aspielbuechler\/\"}]}<\/script>\n<!-- \/ Yoast SEO plugin. -->","_links":{"self":[{"href":"https:\/\/www.skimo.at\/sportler\/wp-json\/wp\/v2\/posts\/1283"}],"collection":[{"href":"https:\/\/www.skimo.at\/sportler\/wp-json\/wp\/v2\/posts"}],"about":[{"href":"https:\/\/www.skimo.at\/sportler\/wp-json\/wp\/v2\/types\/post"}],"author":[{"embeddable":true,"href":"https:\/\/www.skimo.at\/sportler\/wp-json\/wp\/v2\/users\/4"}],"replies":[{"embeddable":true,"href":"https:\/\/www.skimo.at\/sportler\/wp-json\/wp\/v2\/comments?post=1283"}],"version-history":[{"count":2,"href":"https:\/\/www.skimo.at\/sportler\/wp-json\/wp\/v2\/posts\/1283\/revisions"}],"predecessor-version":[{"id":15601,"href":"https:\/\/www.skimo.at\/sportler\/wp-json\/wp\/v2\/posts\/1283\/revisions\/15601"}],"wp:featuredmedia":[{"embeddable":true,"href":"https:\/\/www.skimo.at\/sportler\/wp-json\/wp\/v2\/media\/1292"}],"wp:attachment":[{"href":"https:\/\/www.skimo.at\/sportler\/wp-json\/wp\/v2\/media?parent=1283"}],"wp:term":[{"taxonomy":"category","embeddable":true,"href":"https:\/\/www.skimo.at\/sportler\/wp-json\/wp\/v2\/categories?post=1283"},{"taxonomy":"post_tag","embeddable":true,"href":"https:\/\/www.skimo.at\/sportler\/wp-json\/wp\/v2\/tags?post=1283"}],"curies":[{"name":"wp","href":"https:\/\/api.w.org\/{rel}","templated":true}]}}