{"id":1270,"date":"2013-11-07T16:10:52","date_gmt":"2013-11-07T14:10:52","guid":{"rendered":"http:\/\/www.skimo.at\/sportler\/?p=1270"},"modified":"2013-11-10T11:00:20","modified_gmt":"2013-11-10T09:00:20","slug":"die-nationalmannschaft-stellt-sich-vor-drei-neuzugaenge-im-team","status":"publish","type":"post","link":"https:\/\/www.skimo.at\/sportler\/1270\/die-nationalmannschaft-stellt-sich-vor-drei-neuzugaenge-im-team\/","title":{"rendered":"Die Nationalmannschaft stellt sich vor: drei Neuzug\u00e4nge im Team"},"content":{"rendered":"<p>N\u00e4chste Woche soll\u2018s wieder schneien! \u201eJawohl!\u201c denken sich wohl alle\/die meisten unsere Leser, endlich ist die Wintersaison wieder in St\u00fcck n\u00e4her ger\u00fcckt! Das Nationalteam ist derselben Meinung und steht bereits voll in den Startl\u00f6chern. In den letzten Tagen hatten sie aber noch Zeit, mir ausf\u00fchrliche Interviews zu geben, deren Antworten ich unseren Lesern nun in den n\u00e4chsten Tagen in einer kleinen Artikelreihe pr\u00e4sentieren m\u00f6chte.<\/p>\n<p>Aus 14 Athleten besteht das \u00d6sterreichische Nationalteam dieses Jahr, darunter drei Damen und vier Nachwuchsathleten. Mit<strong> Verena Streitberger (Maishofen, Salzburg), Jakob Siedler (Alpbach, Tirol) und Daniel Zugg (St. Gallenkirchen, Vorarlberg)<\/strong> sind auch drei Neuzug\u00e4nge im Team dabei. Diese drei sollen im ersten Artikel nun etwas n\u00e4her vorgestellt werden.<\/p>\n<p>Mit der 16-j\u00e4hrigen <strong>Verena Streitberger<\/strong> freut es den ASKIMO sehr, eine weitere junge Dame neben Ina Forchthammer im Team zu haben. Die beiden kennen sich bereits gut, denn sie haben sich in den letzten Jahren bereits bei dem einen oder anderen Rennen duelliert. Zwei Vizemeister Titel bei den \u00d6Ms in der letzten Saison waren f\u00fcr Verena die Folge. Ist man kein Insider, so kann bei einem Blick auf die Ergebnisliste schnell die Aussage kommen, dass ja in der Klasse Cadet weiblich selten mehr als die zwei M\u00e4dls mitgemacht haben. In \u00d6sterreich stimmt dies leider, nur wenige junge Damen \u00fcben den Wettkampfsport Skibergsteigen aus. Auch viele andere L\u00e4nder (au\u00dfer z.B. Italien, die haben eine Unmenge an Nachwuchsathleten und Athletinnen) k\u00e4mpfen mit \u00e4hnlichen Problemen. Betrachtet man in weiterer Folge daher die Rennzeiten unserer zwei M\u00e4dls im Vergleich zu den internationalen Konkurrentinnen, so brauchen sie diesen nicht zu scheuen. Und andererseits hat wenig Konkurrenz international gesehen auch einen gro\u00dfen Vorteil: die Chancen auf Erfolge und ein Dabeisein bei Gro\u00dfveranstaltungen wie WM und EM liegen wesentlich h\u00f6her als in vielen anderen Sportarten, in denen lediglich der Kampf um Startpl\u00e4tze schon beinhart ist, vom Rennen selber ganz zu schweigen. Wenngleich das Erzielen der bestm\u00f6glichen Leistung das wichtigste Ziel der \u00f6sterreichischen Athleten ist und immer bleiben wird, so wird es im Skibergsteigen sehr genossen, dass es sich in der Weltelite um eine kleine Gesellschaft handelt, in der man einander kennt, sch\u00e4tzt, gut befreundet ist und sich so auf jedes Treffen bei den internationalen Events freut. Ina Forchthammer hat es in den letzten Jahren vorgemacht, dass man sich auch als einzige \u00f6sterreichische Athletin, der in der Heimat der Vergleich zu anderen Alterskolleginnen v\u00f6llig gefehlt hat, international bestens nach vorne k\u00e4mpfen kann. Mehrere WM und EM Medaillen und ein Weltcup Sieg zeigen dies deutlich. Mit Verena Streitberger ist nun eine Freundin und gleichzeitig im Wettkampf Konkurrentin mit im Team, wir blicken gespannt auf die kommenden Saison, in der sich die zwei M\u00e4dls (Ina dieses Jahr in der Klasse Junior, Verena in der Klasse Cadet) sicher gemeinsam kr\u00e4ftig nach vorne puschen werden.<br \/>\nSport stand f\u00fcr die junge Salzburgerin schon von Kindesbeinen an im Mittelpunkt, mit 13 Jahren ging\u2019s mit dem Vater das erste Mal mit einer eigenen Ausr\u00fcstung auf eine Skitour, kurz darauf folgte ein Abstecher zu einem Rennen \u2013 vorerst nur als Zuseherin. \u201eIch war ich begeistert von den Athleten, wie schnell und ehrgeizig sie das Rennen bestritten \u2013 f\u00fcr mich war klar: das will ich auch machen!\u201c Verena startete bei kleineren Bewerben, begann immer mehr zu trainieren und entdeckte mit dem Skibergsteigen ihre jetzige Leidenschaft. Im Sommer ist Verena (Mitglied im Rennteam <a href=\"http:\/\/www.bigtime-sport.at\/de\/sommer\/rennteam.html\" target=\"_blank\">Bigtime Sport Maishofen<\/a>) flei\u00dfig am Rennrad unterwegs und feierte in dieser Sportart schon Erfolge wie z.B. der 3. Rang ihrer Klasse bei der \u00d6M im Einzelzeitfahren. Ist sie nicht am Trainieren, muss die Sch\u00fclerin noch ihre Zeit in der H\u00f6heren Bundeslehranstalt f\u00fcr Wirtschaft in Saalfelden verbringen.<\/p>\n<p>Der einzige m\u00e4nnliche Starter in der Cadet Klasse wird f\u00fcr das \u00d6sterreichische Team in der kommenden Saison der Neuzug\u00e4nger aus Tirol, <strong>Jakob Siedle<\/strong>r, sein. Der 14-j\u00e4hrige Alpbacher zeigte mit einer guten Leistung und dem Sieg seiner Klasse bei der \u00d6M Individual auf, der erste gro\u00dfe H\u00f6hepunkt in seiner noch jungen Karriere. Dem werden sicher noch einige folgen, hoffentlich ebenfalls im Skibergsteigen. Gute Vorbilder hat der Hauptsch\u00fcler auf jeden Fall an der Seite, denn Jakob verbringt seine Trainingszeit viel mit den Kollegen im <a href=\"http:\/\/rennteam-alpbachtal.at\" target=\"_blank\">Rennteam Alpbachtal<\/a>, einem seit 2007 in Tirol bestens etablierten Rennteam, in dem z.B. auch Alex Fasser seine Anfangsjahre im Skibergsteigen verbracht hat.\u00a0Mit dem zarten Alter von 7 Jahren ging\u2019s mit dem Vater das erste Mal auf eine Skitour und die Leidenschaft f\u00fcr die Berge wurde damit im sportbegeisterten Tiroler (Fu\u00dfball, und Skifahren) erweckt.<\/p>\n<p>Seit der Gr\u00fcndung des ASKIMO Landesfachverbandes Vorarlberg im Jahr 2009 und dessen aktiver Unterst\u00fctzung der Athleten im Bundesland, war es nur mehr eine Frage der Zeit, dass auch einmal ein Vorarlberger Athlet ins Nationalteam kommt. Mit <strong>Daniel Zugg<\/strong> ist es nun endlich soweit. Der 20-j\u00e4hrige <a href=\"http:\/\/www.skinfitracing.com\/\" target=\"_blank\">Skinfit Racing Team<\/a> Athlet kommt eigentlich aus der Mountainbike Szene, in der er bereits einige Erfolge vorweisen kann. 2001 hat er z.B. hier die Qualifikation ins Nationalteam nur um wenige Sekunden vers\u00e4umt, konnte aber immerhin gute Erfolge im Cross Country Weltcup erzielen. Wenngleich das Skibergsteigen f\u00fcr Daniel immer schon als Ausgleich eine wichtige Rolle spielte, so begann er erst in der letzten Saison an den Wettk\u00e4mpfen teilzunehmen. Das aber gleich mit vollem Erfolg: der Sieg in der \u00d6sterreichischen Meisterschaft Individual (Klasse Junior) und der \u00d6sterreichischen Heeresmeisterschaft waren ihm nicht zu nehmen. Vor allem die \u00d6M war ein Highlight f\u00fcr den jungen Athleten, das ihn nebenbei auch noch zum Schmunzeln gebracht hat: \u201eIch kannte keine meiner Gegner und die Strecke nur sehr schlecht. Dennoch konnte ich mich gleich an die Spitze vorarbeiten, bis einige Zeit sp\u00e4ter erst der n\u00e4chste L\u00e4ufer zu mir vordringen konnte, mir aber dank meiner guten Abfahrk\u00fcnste den Sieg nicht mehr nehmen konnte. Als man mich dann noch fragte wer, und ob ich denn ein \u00d6sterreicher sei, musste ich mir fast das Lachen verkneifen.\u201c<\/p>\n<p>Was sind die Ziele der jungen Neuzug\u00e4nge des Nationalteams in dieser Saison? Von den Teamkollegen zu lernen, ihre Leistung zu verbessern, erste Erfahrungen inmitten der Elite im Skibergsteigern zu sammeln und nat\u00fcrlich gute Resultat einzubringen. Der ASKIMO m\u00f6chte Verena, Jakob und Daniel auf diesem Weg offiziell ganz herzlich willkommen hei\u00dfen und freut sich auf die gemeinsame und hoffentlich erfolgreiche Wintersaison.<\/p>\n<p>Mehr Athletenbeschreibungen gibt&#8217;s aktuell auf der Seite des <a href=\"http:\/\/www.skimo.at\/sportler\/category\/sportler\/\" target=\"_blank\">ASKIMO Nationalteams<\/a><\/p>\n<p>In weiterer Folge m\u00f6chten wir unseren Lesern in den n\u00e4chsten Artikeln verraten, wie sich das Nationalteam auf die Wintersaisonen vorbereitet bzw. ihre pers\u00f6nlichen Highlights im Sport, genauso wie m\u00f6gliche negativen Eindr\u00fccke. Dranbleiben \ud83d\ude09<\/p>\n","protected":false},"excerpt":{"rendered":"<p>N\u00e4chste Woche soll\u2018s wieder schneien! \u201eJawohl!\u201c denken sich wohl alle\/die meisten unsere Leser, endlich ist die Wintersaison wieder in St\u00fcck n\u00e4her ger\u00fcckt! Das Nationalteam ist derselben Meinung und steht bereits voll in den Startl\u00f6chern. In den letzten Tagen hatten sie aber noch Zeit, mir ausf\u00fchrliche Interviews zu geben, deren Antworten ich unseren Lesern nun in [&hellip;]<\/p>\n","protected":false},"author":4,"featured_media":1275,"comment_status":"closed","ping_status":"closed","sticky":false,"template":"","format":"standard","meta":[],"categories":[1,3],"tags":[],"yoast_head":"<!-- This site is optimized with the Yoast SEO plugin v16.3 - https:\/\/yoast.com\/wordpress\/plugins\/seo\/ -->\n<title>Die Nationalmannschaft stellt sich vor: drei Neuzug\u00e4nge im Team - Sportler<\/title>\n<meta name=\"robots\" content=\"index, follow, max-snippet:-1, max-image-preview:large, max-video-preview:-1\" \/>\n<link rel=\"canonical\" href=\"https:\/\/www.skimo.at\/sportler\/1270\/die-nationalmannschaft-stellt-sich-vor-drei-neuzugaenge-im-team\/\" \/>\n<meta property=\"og:locale\" content=\"de_DE\" \/>\n<meta property=\"og:type\" content=\"article\" \/>\n<meta property=\"og:title\" content=\"Die Nationalmannschaft stellt sich vor: drei Neuzug\u00e4nge im Team - Sportler\" \/>\n<meta property=\"og:description\" content=\"N\u00e4chste Woche soll\u2018s wieder schneien! \u201eJawohl!\u201c denken sich wohl alle\/die meisten unsere Leser, endlich ist die Wintersaison wieder in St\u00fcck n\u00e4her ger\u00fcckt! Das Nationalteam ist derselben Meinung und steht bereits voll in den Startl\u00f6chern. In den letzten Tagen hatten sie aber noch Zeit, mir ausf\u00fchrliche Interviews zu geben, deren Antworten ich unseren Lesern nun in [&hellip;]\" \/>\n<meta property=\"og:url\" content=\"https:\/\/www.skimo.at\/sportler\/1270\/die-nationalmannschaft-stellt-sich-vor-drei-neuzugaenge-im-team\/\" \/>\n<meta property=\"og:site_name\" content=\"Sportler\" \/>\n<meta property=\"article:published_time\" content=\"2013-11-07T14:10:52+00:00\" \/>\n<meta property=\"article:modified_time\" content=\"2013-11-10T09:00:20+00:00\" \/>\n<meta property=\"og:image\" content=\"https:\/\/skimo.73.jarolim.eu\/sportler\/files\/2013\/11\/HoheTauernTrophy2013-_-Jakob-Siedler-2-_-Bild-Andreas-Renner-_-LR.jpg\" \/>\n\t<meta property=\"og:image:width\" content=\"1114\" \/>\n\t<meta property=\"og:image:height\" content=\"853\" \/>\n<meta name=\"twitter:card\" content=\"summary\" \/>\n<meta name=\"twitter:label1\" content=\"Gesch\u00e4tzte Lesezeit\">\n\t<meta name=\"twitter:data1\" content=\"6\u00a0Minuten\">\n<script type=\"application\/ld+json\" class=\"yoast-schema-graph\">{\"@context\":\"https:\/\/schema.org\",\"@graph\":[{\"@type\":\"WebSite\",\"@id\":\"https:\/\/skimo.73.jarolim.eu\/sportler\/#website\",\"url\":\"https:\/\/skimo.73.jarolim.eu\/sportler\/\",\"name\":\"Sportler\",\"description\":\"\",\"potentialAction\":[{\"@type\":\"SearchAction\",\"target\":\"https:\/\/skimo.73.jarolim.eu\/sportler\/?s={search_term_string}\",\"query-input\":\"required name=search_term_string\"}],\"inLanguage\":\"de\"},{\"@type\":\"ImageObject\",\"@id\":\"https:\/\/www.skimo.at\/sportler\/1270\/die-nationalmannschaft-stellt-sich-vor-drei-neuzugaenge-im-team\/#primaryimage\",\"inLanguage\":\"de\",\"url\":\"https:\/\/www.skimo.at\/sportler\/files\/2013\/11\/HoheTauernTrophy2013-_-Jakob-Siedler-2-_-Bild-Andreas-Renner-_-LR.jpg\",\"contentUrl\":\"https:\/\/www.skimo.at\/sportler\/files\/2013\/11\/HoheTauernTrophy2013-_-Jakob-Siedler-2-_-Bild-Andreas-Renner-_-LR.jpg\",\"width\":1114,\"height\":853},{\"@type\":\"WebPage\",\"@id\":\"https:\/\/www.skimo.at\/sportler\/1270\/die-nationalmannschaft-stellt-sich-vor-drei-neuzugaenge-im-team\/#webpage\",\"url\":\"https:\/\/www.skimo.at\/sportler\/1270\/die-nationalmannschaft-stellt-sich-vor-drei-neuzugaenge-im-team\/\",\"name\":\"Die Nationalmannschaft stellt sich vor: drei Neuzug\\u00e4nge im Team - Sportler\",\"isPartOf\":{\"@id\":\"https:\/\/skimo.73.jarolim.eu\/sportler\/#website\"},\"primaryImageOfPage\":{\"@id\":\"https:\/\/www.skimo.at\/sportler\/1270\/die-nationalmannschaft-stellt-sich-vor-drei-neuzugaenge-im-team\/#primaryimage\"},\"datePublished\":\"2013-11-07T14:10:52+00:00\",\"dateModified\":\"2013-11-10T09:00:20+00:00\",\"author\":{\"@id\":\"https:\/\/skimo.73.jarolim.eu\/sportler\/#\/schema\/person\/89e18f4c3d09b5434dbc2dc0cefbcd30\"},\"breadcrumb\":{\"@id\":\"https:\/\/www.skimo.at\/sportler\/1270\/die-nationalmannschaft-stellt-sich-vor-drei-neuzugaenge-im-team\/#breadcrumb\"},\"inLanguage\":\"de\",\"potentialAction\":[{\"@type\":\"ReadAction\",\"target\":[\"https:\/\/www.skimo.at\/sportler\/1270\/die-nationalmannschaft-stellt-sich-vor-drei-neuzugaenge-im-team\/\"]}]},{\"@type\":\"BreadcrumbList\",\"@id\":\"https:\/\/www.skimo.at\/sportler\/1270\/die-nationalmannschaft-stellt-sich-vor-drei-neuzugaenge-im-team\/#breadcrumb\",\"itemListElement\":[{\"@type\":\"ListItem\",\"position\":1,\"item\":{\"@type\":\"WebPage\",\"@id\":\"https:\/\/skimo.73.jarolim.eu\/sportler\/\",\"url\":\"https:\/\/skimo.73.jarolim.eu\/sportler\/\",\"name\":\"Home\"}},{\"@type\":\"ListItem\",\"position\":2,\"item\":{\"@id\":\"https:\/\/www.skimo.at\/sportler\/1270\/die-nationalmannschaft-stellt-sich-vor-drei-neuzugaenge-im-team\/#webpage\"}}]},{\"@type\":\"Person\",\"@id\":\"https:\/\/skimo.73.jarolim.eu\/sportler\/#\/schema\/person\/89e18f4c3d09b5434dbc2dc0cefbcd30\",\"name\":\"aspielbuechler\",\"image\":{\"@type\":\"ImageObject\",\"@id\":\"https:\/\/skimo.73.jarolim.eu\/sportler\/#personlogo\",\"inLanguage\":\"de\",\"url\":\"https:\/\/secure.gravatar.com\/avatar\/1220d25619b41a33e4710c8b968dc56e?s=96&r=g\",\"contentUrl\":\"https:\/\/secure.gravatar.com\/avatar\/1220d25619b41a33e4710c8b968dc56e?s=96&r=g\",\"caption\":\"aspielbuechler\"},\"url\":\"https:\/\/www.skimo.at\/sportler\/author\/aspielbuechler\/\"}]}<\/script>\n<!-- \/ Yoast SEO plugin. -->","_links":{"self":[{"href":"https:\/\/www.skimo.at\/sportler\/wp-json\/wp\/v2\/posts\/1270"}],"collection":[{"href":"https:\/\/www.skimo.at\/sportler\/wp-json\/wp\/v2\/posts"}],"about":[{"href":"https:\/\/www.skimo.at\/sportler\/wp-json\/wp\/v2\/types\/post"}],"author":[{"embeddable":true,"href":"https:\/\/www.skimo.at\/sportler\/wp-json\/wp\/v2\/users\/4"}],"replies":[{"embeddable":true,"href":"https:\/\/www.skimo.at\/sportler\/wp-json\/wp\/v2\/comments?post=1270"}],"version-history":[{"count":7,"href":"https:\/\/www.skimo.at\/sportler\/wp-json\/wp\/v2\/posts\/1270\/revisions"}],"predecessor-version":[{"id":1281,"href":"https:\/\/www.skimo.at\/sportler\/wp-json\/wp\/v2\/posts\/1270\/revisions\/1281"}],"wp:featuredmedia":[{"embeddable":true,"href":"https:\/\/www.skimo.at\/sportler\/wp-json\/wp\/v2\/media\/1275"}],"wp:attachment":[{"href":"https:\/\/www.skimo.at\/sportler\/wp-json\/wp\/v2\/media?parent=1270"}],"wp:term":[{"taxonomy":"category","embeddable":true,"href":"https:\/\/www.skimo.at\/sportler\/wp-json\/wp\/v2\/categories?post=1270"},{"taxonomy":"post_tag","embeddable":true,"href":"https:\/\/www.skimo.at\/sportler\/wp-json\/wp\/v2\/tags?post=1270"}],"curies":[{"name":"wp","href":"https:\/\/api.w.org\/{rel}","templated":true}]}}