{"id":1259,"date":"2013-11-03T14:24:48","date_gmt":"2013-11-03T12:24:48","guid":{"rendered":"http:\/\/www.skimo.at\/sportler\/?p=1259"},"modified":"2016-12-05T20:35:45","modified_gmt":"2016-12-05T18:35:45","slug":"siedler-jakob","status":"publish","type":"post","link":"https:\/\/www.skimo.at\/sportler\/1259\/siedler-jakob\/","title":{"rendered":"Siedler Jakob"},"content":{"rendered":"<h2>SIEDLER JAKOB<\/h2>\n<table style=\"height: 143px\" width=\"400\">\n<tbody>\n<tr>\n<td><strong>Ort:<\/strong><\/td>\n<td>Alpbach\/Tirol<\/td>\n<\/tr>\n<tr>\n<td><strong>Jahrgang:<\/strong><\/td>\n<td>1999<\/td>\n<\/tr>\n<tr>\n<td><strong>Klasse:<\/strong><\/td>\n<td>Junior<\/td>\n<\/tr>\n<tr>\n<td><strong>Kader:<\/strong><\/td>\n<td>C-Kader<\/td>\n<\/tr>\n<tr>\n<td><strong>Team:<\/strong><\/td>\n<td>Rennteam Alpbachtal<\/td>\n<\/tr>\n<tr>\n<td><strong>Ski:<\/strong><\/td>\n<td>Fischer<\/td>\n<\/tr>\n<tr>\n<td><strong>Im Nationalteam seit:<\/strong><\/td>\n<td>2013<\/td>\n<\/tr>\n<\/tbody>\n<\/table>\n<p>&nbsp;<\/p>\n<h2>Erfolge:<\/h2>\n<div>\n<p><strong>2016<br \/>\n<\/strong>Internationale Erfolge:<br \/>\n2. Rang EM Sprint Salvan-Les Marecottes (SUI), Klasse Cadet<br \/>\n6. Rang EM Individual Salvan-Les Marecottes (SUI), Klasse Cadet<\/p>\n<p>Nationale Erfolge:<br \/>\n1. Rang STM Sprint Sch\u00f6nleiten Trophy, Klasse Cadet, Staatsmeister Cadet<br \/>\n1. Rang STM Vertical Speckjagern, Klasse Cadet, Staatsmeister Cadet<br \/>\n1. Rang STM Individual Erztrophy, Klasse Cadet, Staatsmeister Cadet<\/p>\n<p><strong>2015<\/strong><br \/>\nInternationale Erfolge:<br \/>\n6. Rang WM Verbier Individual\u00a0Race, Klasse Cadet<br \/>\n6. Rang WM Verbier Sprint\u00a0Race, Klasse Cadet<\/p>\n<p>Nationale Erfolge:<br \/>\n\u00d6sterreichischer Meister Vertical Klasse Cadet<br \/>\n\u00d6sterreichischer Meister Individual Klasse Cadet<\/p>\n<p><strong>2014<\/strong><br \/>\nInternationale Erfolge:<br \/>\n5. Rang EM Andorra Vertical Race, Klasse Cadet<br \/>\n7. Rang EM Andorra Individual Race, Klasse Cadet<\/p>\n<p>Nationale Erfolge:<br \/>\n\u00d6sterreichischer Meister Vertical Klasse Cadet<br \/>\n\u00d6sterreichischer Meister Individual Klasse Cadet<\/p>\n<p><strong>2013<br \/>\n<\/strong>Nationale Erfolge:<br \/>\n\u00d6sterreichischer Meister Individual Klasse Cadet<br \/>\nTiroler Meister Individual Klasse Cadet<br \/>\nASTC Gesamtsieger Klasse Cadet<\/p>\n<h2>\u00dcber mich:<\/h2>\n<div>\n<p>Bereits in jungen Jahren war ich schon sehr sportbegeistert und so trieb es mich fr\u00fch in die Alpbacher Berge. Mit erst sieben Jahren nahm mich mein Vater zur ersten Skitour mit, die Leidenschaft an dieser Sportart wurde erweckt und so nahm alles seinen Lauf. 2012 wurde ich Mitglied des Rennteam Alpbachtal. Ein gro\u00dfer H\u00f6hepunkt meiner bisherigen Laufbahn war der \u00d6sterreichische Meistertitel im April 2013 bei der Hohen Tauern Trophy<\/p>\n<p>Zum Ausgleich gehe ich im Sommer gerne Radfahren, Laufen, Wandern oder unternehme etwas mit meinen Freunden.<\/p>\n<h2>Kontakt:<\/h2>\n<p>Mail: <a href=\"mailto:hj.siedler@yahoo.de\">hj.siedler@yahoo.de<\/a><\/p>\n<\/div>\n<\/div>\n","protected":false},"excerpt":{"rendered":"<p>SIEDLER JAKOB Ort: Alpbach\/Tirol Jahrgang: 1999 Klasse: Junior Kader: C-Kader Team: Rennteam Alpbachtal Ski: Fischer Im Nationalteam seit: 2013 &nbsp; Erfolge: 2016 Internationale Erfolge: 2. Rang EM Sprint Salvan-Les Marecottes (SUI), Klasse Cadet 6. Rang EM Individual Salvan-Les Marecottes (SUI), Klasse Cadet Nationale Erfolge: 1. Rang STM Sprint Sch\u00f6nleiten Trophy, Klasse Cadet, Staatsmeister Cadet 1. [&hellip;]<\/p>\n","protected":false},"author":35,"featured_media":6203,"comment_status":"closed","ping_status":"closed","sticky":false,"template":"","format":"standard","meta":[],"categories":[4],"tags":[61,123,16],"yoast_head":"<!-- This site is optimized with the Yoast SEO plugin v16.3 - https:\/\/yoast.com\/wordpress\/plugins\/seo\/ -->\n<title>Siedler Jakob - Sportler<\/title>\n<meta name=\"description\" content=\"Jakob Siedler ist Athlet im Jugendkader des \u00d6SV Nationalkader Skibergsteigen.\" \/>\n<meta name=\"robots\" content=\"index, follow, max-snippet:-1, max-image-preview:large, max-video-preview:-1\" \/>\n<link rel=\"canonical\" href=\"https:\/\/www.skimo.at\/sportler\/1259\/siedler-jakob\/\" \/>\n<meta property=\"og:locale\" content=\"de_DE\" \/>\n<meta property=\"og:type\" content=\"article\" \/>\n<meta property=\"og:title\" content=\"Siedler Jakob - Sportler\" \/>\n<meta property=\"og:description\" content=\"Jakob Siedler ist Athlet im Jugendkader des \u00d6SV Nationalkader Skibergsteigen.\" \/>\n<meta property=\"og:url\" content=\"https:\/\/www.skimo.at\/sportler\/1259\/siedler-jakob\/\" \/>\n<meta property=\"og:site_name\" content=\"Sportler\" \/>\n<meta property=\"article:published_time\" content=\"2013-11-03T12:24:48+00:00\" \/>\n<meta property=\"article:modified_time\" content=\"2016-12-05T18:35:45+00:00\" \/>\n<meta property=\"og:image\" content=\"https:\/\/skimo.73.jarolim.eu\/sportler\/files\/2013\/11\/\u00d6SV-Nationalkader-2017-_-Jakob-Siedler-1-_-Bild-Karl-Posch-_-LR.jpg\" \/>\n\t<meta property=\"og:image:width\" content=\"1800\" \/>\n\t<meta property=\"og:image:height\" content=\"1800\" \/>\n<meta name=\"twitter:card\" content=\"summary\" \/>\n<meta name=\"twitter:label1\" content=\"Gesch\u00e4tzte Lesezeit\">\n\t<meta name=\"twitter:data1\" content=\"1\u00a0Minute\">\n<script type=\"application\/ld+json\" class=\"yoast-schema-graph\">{\"@context\":\"https:\/\/schema.org\",\"@graph\":[{\"@type\":\"WebSite\",\"@id\":\"https:\/\/skimo.73.jarolim.eu\/sportler\/#website\",\"url\":\"https:\/\/skimo.73.jarolim.eu\/sportler\/\",\"name\":\"Sportler\",\"description\":\"\",\"potentialAction\":[{\"@type\":\"SearchAction\",\"target\":\"https:\/\/skimo.73.jarolim.eu\/sportler\/?s={search_term_string}\",\"query-input\":\"required name=search_term_string\"}],\"inLanguage\":\"de\"},{\"@type\":\"ImageObject\",\"@id\":\"https:\/\/www.skimo.at\/sportler\/1259\/siedler-jakob\/#primaryimage\",\"inLanguage\":\"de\",\"url\":\"https:\/\/www.skimo.at\/sportler\/files\/2013\/11\/\\u00d6SV-Nationalkader-2017-_-Jakob-Siedler-1-_-Bild-Karl-Posch-_-LR.jpg\",\"contentUrl\":\"https:\/\/www.skimo.at\/sportler\/files\/2013\/11\/\\u00d6SV-Nationalkader-2017-_-Jakob-Siedler-1-_-Bild-Karl-Posch-_-LR.jpg\",\"width\":1800,\"height\":1800},{\"@type\":\"WebPage\",\"@id\":\"https:\/\/www.skimo.at\/sportler\/1259\/siedler-jakob\/#webpage\",\"url\":\"https:\/\/www.skimo.at\/sportler\/1259\/siedler-jakob\/\",\"name\":\"Siedler Jakob - Sportler\",\"isPartOf\":{\"@id\":\"https:\/\/skimo.73.jarolim.eu\/sportler\/#website\"},\"primaryImageOfPage\":{\"@id\":\"https:\/\/www.skimo.at\/sportler\/1259\/siedler-jakob\/#primaryimage\"},\"datePublished\":\"2013-11-03T12:24:48+00:00\",\"dateModified\":\"2016-12-05T18:35:45+00:00\",\"author\":{\"@id\":\"https:\/\/skimo.73.jarolim.eu\/sportler\/#\/schema\/person\/98f79b69381628f9078a5fab8eac4811\"},\"description\":\"Jakob Siedler ist Athlet im Jugendkader des \\u00d6SV Nationalkader Skibergsteigen.\",\"breadcrumb\":{\"@id\":\"https:\/\/www.skimo.at\/sportler\/1259\/siedler-jakob\/#breadcrumb\"},\"inLanguage\":\"de\",\"potentialAction\":[{\"@type\":\"ReadAction\",\"target\":[\"https:\/\/www.skimo.at\/sportler\/1259\/siedler-jakob\/\"]}]},{\"@type\":\"BreadcrumbList\",\"@id\":\"https:\/\/www.skimo.at\/sportler\/1259\/siedler-jakob\/#breadcrumb\",\"itemListElement\":[{\"@type\":\"ListItem\",\"position\":1,\"item\":{\"@type\":\"WebPage\",\"@id\":\"https:\/\/skimo.73.jarolim.eu\/sportler\/\",\"url\":\"https:\/\/skimo.73.jarolim.eu\/sportler\/\",\"name\":\"Home\"}},{\"@type\":\"ListItem\",\"position\":2,\"item\":{\"@id\":\"https:\/\/www.skimo.at\/sportler\/1259\/siedler-jakob\/#webpage\"}}]},{\"@type\":\"Person\",\"@id\":\"https:\/\/skimo.73.jarolim.eu\/sportler\/#\/schema\/person\/98f79b69381628f9078a5fab8eac4811\",\"name\":\"sbinder\",\"image\":{\"@type\":\"ImageObject\",\"@id\":\"https:\/\/skimo.73.jarolim.eu\/sportler\/#personlogo\",\"inLanguage\":\"de\",\"url\":\"https:\/\/secure.gravatar.com\/avatar\/11f3623e7f24f658f1be6d4cb550331e?s=96&r=g\",\"contentUrl\":\"https:\/\/secure.gravatar.com\/avatar\/11f3623e7f24f658f1be6d4cb550331e?s=96&r=g\",\"caption\":\"sbinder\"},\"url\":\"https:\/\/www.skimo.at\/sportler\/author\/sbinder\/\"}]}<\/script>\n<!-- \/ Yoast SEO plugin. -->","_links":{"self":[{"href":"https:\/\/www.skimo.at\/sportler\/wp-json\/wp\/v2\/posts\/1259"}],"collection":[{"href":"https:\/\/www.skimo.at\/sportler\/wp-json\/wp\/v2\/posts"}],"about":[{"href":"https:\/\/www.skimo.at\/sportler\/wp-json\/wp\/v2\/types\/post"}],"author":[{"embeddable":true,"href":"https:\/\/www.skimo.at\/sportler\/wp-json\/wp\/v2\/users\/35"}],"replies":[{"embeddable":true,"href":"https:\/\/www.skimo.at\/sportler\/wp-json\/wp\/v2\/comments?post=1259"}],"version-history":[{"count":12,"href":"https:\/\/www.skimo.at\/sportler\/wp-json\/wp\/v2\/posts\/1259\/revisions"}],"predecessor-version":[{"id":5913,"href":"https:\/\/www.skimo.at\/sportler\/wp-json\/wp\/v2\/posts\/1259\/revisions\/5913"}],"wp:featuredmedia":[{"embeddable":true,"href":"https:\/\/www.skimo.at\/sportler\/wp-json\/wp\/v2\/media\/6203"}],"wp:attachment":[{"href":"https:\/\/www.skimo.at\/sportler\/wp-json\/wp\/v2\/media?parent=1259"}],"wp:term":[{"taxonomy":"category","embeddable":true,"href":"https:\/\/www.skimo.at\/sportler\/wp-json\/wp\/v2\/categories?post=1259"},{"taxonomy":"post_tag","embeddable":true,"href":"https:\/\/www.skimo.at\/sportler\/wp-json\/wp\/v2\/tags?post=1259"}],"curies":[{"name":"wp","href":"https:\/\/api.w.org\/{rel}","templated":true}]}}