{"id":12205,"date":"2019-04-06T12:14:03","date_gmt":"2019-04-06T10:14:03","guid":{"rendered":"http:\/\/www.skimo.at\/sportler\/?p=12205"},"modified":"2019-04-06T12:14:03","modified_gmt":"2019-04-06T10:14:03","slug":"oesv-skibergsteiger-beschliessen-beste-weltcupsaison","status":"publish","type":"post","link":"https:\/\/www.skimo.at\/sportler\/12205\/oesv-skibergsteiger-beschliessen-beste-weltcupsaison\/","title":{"rendered":"\u00d6SV Skibergsteiger beschlie\u00dfen beste Weltcupsaison"},"content":{"rendered":"<p>Mit dem heutigen Vertical von Madonna di Campiglio (ITA) endete die Weltcupsaison der Skibergsteiger. Aus \u00d6SV Sicht hoch erfreulich. Nie zuvor beschloss das Team rund um Daniel Zugg und Jakob Herrmann die Weltcupperiode erfolgreicher als heuer.<\/p>\n<p><!--more--><\/p>\n<p>Mit der Erwartung, die TOP 10 Platzierungen der Senior Herren im Gesamtweltcup absichern zu k\u00f6nnen, war das \u00d6SV Team zum Weltcupfinale gereist. Nach dem letzten Weltcuprennen Rennen heute, stehen mit Armin H\u00f6fl (5.), Jakob Herrmann (6.) und Daniel Zugg (8.) gleich drei \u00d6sterreicher unter den besten zehn im Gesamtweltcupranking. Ma\u00dfgeblich dazu beigetragen haben die Ergebnisse des letzten Rennwochenendes.<\/p>\n<p>Daniel Zugg zeigte sich im Sprint einmal mehr von seiner besten Seite und fixierte mit Platz sieben, hinter Iwan Arnold (SUI) und dem Italiener Robert Antonioli den dritten Gesamtrang im Disziplinenweltcup. Im Individual feierte der K\u00e4rntner Paul Verbnjak als Dritter sein erstes Weltcuppodium bei den Junioren. Nur knapp am Stockerl vorbei schrammte Verbnjak im heutigen Vertical Rennen, wo der K\u00e4rntner vor seinem Mannschaftskollegen Andreas Mayer (5.) als gro\u00dfartiger Vierter ins Ziel lief. In der Senior Klasse demonstrierten die \u00d6SV Herren heute die enorme mannschaftliche Geschlossenheit. Alle f\u00fcnf Starter, beendeten das Vertical unter den besten 16.<\/p>\n<p>\u201eWir k\u00f6nnen uns \u00fcber die bislang beste Weltcupsaison freuen\u201c, zeigte sich der Sportliche Leiter der \u00d6SV Skibergsteiger, Josef Gruber, in einer ersten Bilanz sehr gl\u00fccklich. \u201e Mit der Titelverteidigung ihres Weltmeistertitels ist Andrea Mayr eine gro\u00dfartige Leitung gelungen. Ein H\u00f6hepunkt dieser Saison war sicherlich der Weltcupsieg von Daniel Zugg beim Sprint in China und sein Platz drei im Sprint Disziplinenweltcup. Stolz bin ich auf die Konstanz der Senior Herren, die bei jedem Weltcuprennen heuer eine Top Ten Platzierung schafften.<\/p>\n<p>Sehr zufrieden stimmt mich unser erfolgreicher Nachwuchs. Zwei vierte Pl\u00e4tze bei der Weltmeisterschaft durch Paul Verbnjak und Nils Oberauer und eine gro\u00dfartige Saisonleistung von Paul , der bei jedem Antreten im Individual unter die besten Zehn kam. Zudem erreichte er mit seinem gestrigen Podiumsplatz im Vertical sein Saisonhighlight.<\/p>\n<p>Armin H\u00f6fl beendet die Saison im Gesamtweltcup auf Rang f\u00fcnf, so erfolgreich wie noch nie. Seine konstanten Saisonergebnisse sicherten ihm schlussendlich Platz vier im Disziplinenweltcup Vertical. Zusammengefasst freut mich, dass wir starke Athleten in allen drei Disziplinen haben und wir f\u00fcr die neue Saison breit aufgestellt sind\u201c, so Gruber.<\/p>\n<p>Text: \u00d6SV, Bilder werden bestimmt nachgereicht<\/p>\n","protected":false},"excerpt":{"rendered":"<p>Mit dem heutigen Vertical von Madonna di Campiglio (ITA) endete die Weltcupsaison der Skibergsteiger. Aus \u00d6SV Sicht hoch erfreulich. Nie zuvor beschloss das Team rund um Daniel Zugg und Jakob Herrmann die Weltcupperiode erfolgreicher als heuer.<\/p>\n","protected":false},"author":3,"featured_media":0,"comment_status":"closed","ping_status":"closed","sticky":false,"template":"","format":"standard","meta":[],"categories":[1,3],"tags":[],"yoast_head":"<!-- This site is optimized with the Yoast SEO plugin v16.3 - https:\/\/yoast.com\/wordpress\/plugins\/seo\/ -->\n<title>\u00d6SV Skibergsteiger beschlie\u00dfen beste Weltcupsaison - Sportler<\/title>\n<meta name=\"robots\" content=\"index, follow, max-snippet:-1, max-image-preview:large, max-video-preview:-1\" \/>\n<link rel=\"canonical\" href=\"https:\/\/www.skimo.at\/sportler\/12205\/oesv-skibergsteiger-beschliessen-beste-weltcupsaison\/\" \/>\n<meta property=\"og:locale\" content=\"de_DE\" \/>\n<meta property=\"og:type\" content=\"article\" \/>\n<meta property=\"og:title\" content=\"\u00d6SV Skibergsteiger beschlie\u00dfen beste Weltcupsaison - Sportler\" \/>\n<meta property=\"og:description\" content=\"Mit dem heutigen Vertical von Madonna di Campiglio (ITA) endete die Weltcupsaison der Skibergsteiger. Aus \u00d6SV Sicht hoch erfreulich. Nie zuvor beschloss das Team rund um Daniel Zugg und Jakob Herrmann die Weltcupperiode erfolgreicher als heuer.\" \/>\n<meta property=\"og:url\" content=\"https:\/\/www.skimo.at\/sportler\/12205\/oesv-skibergsteiger-beschliessen-beste-weltcupsaison\/\" \/>\n<meta property=\"og:site_name\" content=\"Sportler\" \/>\n<meta property=\"article:published_time\" content=\"2019-04-06T10:14:03+00:00\" \/>\n<meta name=\"twitter:card\" content=\"summary\" \/>\n<meta name=\"twitter:label1\" content=\"Gesch\u00e4tzte Lesezeit\">\n\t<meta name=\"twitter:data1\" content=\"2\u00a0Minuten\">\n<script type=\"application\/ld+json\" class=\"yoast-schema-graph\">{\"@context\":\"https:\/\/schema.org\",\"@graph\":[{\"@type\":\"WebSite\",\"@id\":\"https:\/\/skimo.73.jarolim.eu\/sportler\/#website\",\"url\":\"https:\/\/skimo.73.jarolim.eu\/sportler\/\",\"name\":\"Sportler\",\"description\":\"\",\"potentialAction\":[{\"@type\":\"SearchAction\",\"target\":\"https:\/\/skimo.73.jarolim.eu\/sportler\/?s={search_term_string}\",\"query-input\":\"required name=search_term_string\"}],\"inLanguage\":\"de\"},{\"@type\":\"WebPage\",\"@id\":\"https:\/\/www.skimo.at\/sportler\/12205\/oesv-skibergsteiger-beschliessen-beste-weltcupsaison\/#webpage\",\"url\":\"https:\/\/www.skimo.at\/sportler\/12205\/oesv-skibergsteiger-beschliessen-beste-weltcupsaison\/\",\"name\":\"\\u00d6SV Skibergsteiger beschlie\\u00dfen beste Weltcupsaison - Sportler\",\"isPartOf\":{\"@id\":\"https:\/\/skimo.73.jarolim.eu\/sportler\/#website\"},\"datePublished\":\"2019-04-06T10:14:03+00:00\",\"dateModified\":\"2019-04-06T10:14:03+00:00\",\"author\":{\"@id\":\"https:\/\/skimo.73.jarolim.eu\/sportler\/#\/schema\/person\/796ecbce6796efca58bf848ca63ec12c\"},\"breadcrumb\":{\"@id\":\"https:\/\/www.skimo.at\/sportler\/12205\/oesv-skibergsteiger-beschliessen-beste-weltcupsaison\/#breadcrumb\"},\"inLanguage\":\"de\",\"potentialAction\":[{\"@type\":\"ReadAction\",\"target\":[\"https:\/\/www.skimo.at\/sportler\/12205\/oesv-skibergsteiger-beschliessen-beste-weltcupsaison\/\"]}]},{\"@type\":\"BreadcrumbList\",\"@id\":\"https:\/\/www.skimo.at\/sportler\/12205\/oesv-skibergsteiger-beschliessen-beste-weltcupsaison\/#breadcrumb\",\"itemListElement\":[{\"@type\":\"ListItem\",\"position\":1,\"item\":{\"@type\":\"WebPage\",\"@id\":\"https:\/\/skimo.73.jarolim.eu\/sportler\/\",\"url\":\"https:\/\/skimo.73.jarolim.eu\/sportler\/\",\"name\":\"Home\"}},{\"@type\":\"ListItem\",\"position\":2,\"item\":{\"@id\":\"https:\/\/www.skimo.at\/sportler\/12205\/oesv-skibergsteiger-beschliessen-beste-weltcupsaison\/#webpage\"}}]},{\"@type\":\"Person\",\"@id\":\"https:\/\/skimo.73.jarolim.eu\/sportler\/#\/schema\/person\/796ecbce6796efca58bf848ca63ec12c\",\"name\":\"kposch\",\"image\":{\"@type\":\"ImageObject\",\"@id\":\"https:\/\/skimo.73.jarolim.eu\/sportler\/#personlogo\",\"inLanguage\":\"de\",\"url\":\"https:\/\/secure.gravatar.com\/avatar\/e9f5f28da60e5e563d3f4d3cc0b9b425?s=96&r=g\",\"contentUrl\":\"https:\/\/secure.gravatar.com\/avatar\/e9f5f28da60e5e563d3f4d3cc0b9b425?s=96&r=g\",\"caption\":\"kposch\"},\"url\":\"https:\/\/www.skimo.at\/sportler\/author\/kposch\/\"}]}<\/script>\n<!-- \/ Yoast SEO plugin. -->","_links":{"self":[{"href":"https:\/\/www.skimo.at\/sportler\/wp-json\/wp\/v2\/posts\/12205"}],"collection":[{"href":"https:\/\/www.skimo.at\/sportler\/wp-json\/wp\/v2\/posts"}],"about":[{"href":"https:\/\/www.skimo.at\/sportler\/wp-json\/wp\/v2\/types\/post"}],"author":[{"embeddable":true,"href":"https:\/\/www.skimo.at\/sportler\/wp-json\/wp\/v2\/users\/3"}],"replies":[{"embeddable":true,"href":"https:\/\/www.skimo.at\/sportler\/wp-json\/wp\/v2\/comments?post=12205"}],"version-history":[{"count":1,"href":"https:\/\/www.skimo.at\/sportler\/wp-json\/wp\/v2\/posts\/12205\/revisions"}],"predecessor-version":[{"id":12206,"href":"https:\/\/www.skimo.at\/sportler\/wp-json\/wp\/v2\/posts\/12205\/revisions\/12206"}],"wp:attachment":[{"href":"https:\/\/www.skimo.at\/sportler\/wp-json\/wp\/v2\/media?parent=12205"}],"wp:term":[{"taxonomy":"category","embeddable":true,"href":"https:\/\/www.skimo.at\/sportler\/wp-json\/wp\/v2\/categories?post=12205"},{"taxonomy":"post_tag","embeddable":true,"href":"https:\/\/www.skimo.at\/sportler\/wp-json\/wp\/v2\/tags?post=12205"}],"curies":[{"name":"wp","href":"https:\/\/api.w.org\/{rel}","templated":true}]}}