{"id":1197,"date":"2013-10-03T13:18:35","date_gmt":"2013-10-03T11:18:35","guid":{"rendered":"http:\/\/www.skimo.at\/sportler\/?p=1197"},"modified":"2013-11-10T14:10:09","modified_gmt":"2013-11-10T12:10:09","slug":"news-zur-nationalmannschaft-fur-die-kommende-wintersaison","status":"publish","type":"post","link":"https:\/\/www.skimo.at\/sportler\/1197\/news-zur-nationalmannschaft-fur-die-kommende-wintersaison\/","title":{"rendered":"News zur Nationalmannschaft f\u00fcr die kommende Wintersaison"},"content":{"rendered":"<p>Der Herbst ist in vollen Z\u00fcgen da und es wird langsam Zeit, sich wieder intensiv der nahenden Wintersaison zu widmen. Die Nationalmannschaft um Trainer Alex Lugger und Mannschaftsleiter Karl Posch sind in den Vorbereitungen schon mitten drinnen, trainingstechnisch und organisatorisch. Vom 19.9.bis 22.9.2013 hat das erste Trainingslager stattgefunden, gemeinsam mit der italienischen Mannschaft in Sappada (ITA). Im November trifft sich die gesamte Mannschaft das n\u00e4chste Mal, das j\u00e4hrliche Teammeeting findet heuer von 22.11. bis 24.11.2013 in Osttirol (Matrei) statt.<\/p>\n<p>Die Vorbereitung der Nationalmannschaft im Sommer lief sehr gut, einige kleine Wettk\u00e4mpfe wurden ebenfalls gemeistert \u2013 mit gutem Erfolg, das Training im Team scheint zu passen.<\/p>\n<p>In der Besetzung des Nationalteams gab es einige \u00c4nderungen: Zwei Athleten werden in der kommenden Saison nicht mehr im Nationalteam zu finden sein, Michaela Essl und Matthias Lechner verlassen die Mannschaft. Bei beiden Sportlern d\u00fcrfen wir uns f\u00fcr den jahrelangen Einsatz im Team und f\u00fcr den ASKIMO herzlich bedanken! Daf\u00fcr m\u00f6chten wir drei junge Neuzug\u00e4nge vorstellen: Verena Streitberger (16 Jahre, Salzburg), Jakob Siedler (15 Jahre, Tirol) und Daniel Zugg (21 Jahre, Vorarlberg).<\/p>\n<p>Dank unserer Partner <a href=\"http:\/\/www.adidas.at\/\" target=\"_blank\">ADIDAS<\/a>, <a href=\"http:\/\/www.sportpintar.com\/epmsports\/front_content.php?idcat=3\" target=\"_blank\">BUFF<\/a>, <a href=\"http:\/\/www.kochalpin.at\/contour.html\" target=\"_blank\">CONTOUR<\/a>, <a href=\"http:\/\/www.nikwax.de\/de-de\/\" target=\"_blank\">NIKWAX<\/a>, <a href=\"http:\/\/www.orthomol.com\/at\/desktopdefault.aspx\/tabid-1\/286_read-468\/\" target=\"_blank\">ORTHOMOL<\/a>, <a href=\"http:\/\/www.pieps.com\/\" target=\"_blank\">PIEPS<\/a> und <a href=\"http:\/\/www.lenzing.com\/fasern\/tencel.html\" target=\"_blank\">TENCEL<\/a> wird die \u00d6sterreichische Nationalmannschaft im Wettkampf-Skibergsteigen auch in der kommenden Saison wieder auf den internationalen Wettk\u00e4mpfen ihr Bestes geben und \u00d6sterreich w\u00fcrdig vertreten. Los geht es f\u00fcr die Athleten am 18.1.2014 im Verbier (SUI), H\u00f6hepunkt der Saison ist die Europameisterschaft vom 14.2. bis 16.2.2014 in Andorra. Insgesamt stehen heuer 5 Weltcuprennen am Programm mit jeweils zwei Bewerben am Rennwochenende (Vertical oder Sprint, Individual), die EM wurde heuer erstmals verk\u00fcrzt auf ein Rennwochenende.<\/p>\n<p>Der Rennkalender (mit nationalen und internationalen Bewerben) ist in Arbeit, in K\u00fcrze ist er wie gewohnt und aktualisiert auf der ASKIMO Webseite online.<\/p>\n<p>Ebenfalls online sind die aktuellen Selektionsrichtlinien f\u00fcr die Aufnahme und den Verbleib in der Nationalmannschaft im Wettkampf-Skibergsteigen. <a href=\"http:\/\/www.skimo.at\/sportler\/qualifikation\/\" target=\"_blank\">Interessierte finden unter diesem Link s\u00e4mtliche Infos und Voraussetzungen.<\/a><\/p>\n","protected":false},"excerpt":{"rendered":"<p>Der Herbst ist in vollen Z\u00fcgen da und es wird langsam Zeit, sich wieder intensiv der nahenden Wintersaison zu widmen. Die Nationalmannschaft um Trainer Alex Lugger und Mannschaftsleiter Karl Posch sind in den Vorbereitungen schon mitten drinnen, trainingstechnisch und organisatorisch. Vom 19.9.bis 22.9.2013 hat das erste Trainingslager stattgefunden, gemeinsam mit der italienischen Mannschaft in Sappada [&hellip;]<\/p>\n","protected":false},"author":4,"featured_media":0,"comment_status":"closed","ping_status":"closed","sticky":false,"template":"","format":"standard","meta":[],"categories":[1,3],"tags":[],"yoast_head":"<!-- This site is optimized with the Yoast SEO plugin v16.3 - https:\/\/yoast.com\/wordpress\/plugins\/seo\/ -->\n<title>News zur Nationalmannschaft f\u00fcr die kommende Wintersaison - Sportler<\/title>\n<meta name=\"robots\" content=\"index, follow, max-snippet:-1, max-image-preview:large, max-video-preview:-1\" \/>\n<link rel=\"canonical\" href=\"https:\/\/www.skimo.at\/sportler\/1197\/news-zur-nationalmannschaft-fur-die-kommende-wintersaison\/\" \/>\n<meta property=\"og:locale\" content=\"de_DE\" \/>\n<meta property=\"og:type\" content=\"article\" \/>\n<meta property=\"og:title\" content=\"News zur Nationalmannschaft f\u00fcr die kommende Wintersaison - Sportler\" \/>\n<meta property=\"og:description\" content=\"Der Herbst ist in vollen Z\u00fcgen da und es wird langsam Zeit, sich wieder intensiv der nahenden Wintersaison zu widmen. Die Nationalmannschaft um Trainer Alex Lugger und Mannschaftsleiter Karl Posch sind in den Vorbereitungen schon mitten drinnen, trainingstechnisch und organisatorisch. Vom 19.9.bis 22.9.2013 hat das erste Trainingslager stattgefunden, gemeinsam mit der italienischen Mannschaft in Sappada [&hellip;]\" \/>\n<meta property=\"og:url\" content=\"https:\/\/www.skimo.at\/sportler\/1197\/news-zur-nationalmannschaft-fur-die-kommende-wintersaison\/\" \/>\n<meta property=\"og:site_name\" content=\"Sportler\" \/>\n<meta property=\"article:published_time\" content=\"2013-10-03T11:18:35+00:00\" \/>\n<meta property=\"article:modified_time\" content=\"2013-11-10T12:10:09+00:00\" \/>\n<meta name=\"twitter:card\" content=\"summary\" \/>\n<meta name=\"twitter:label1\" content=\"Gesch\u00e4tzte Lesezeit\">\n\t<meta name=\"twitter:data1\" content=\"2\u00a0Minuten\">\n<script type=\"application\/ld+json\" class=\"yoast-schema-graph\">{\"@context\":\"https:\/\/schema.org\",\"@graph\":[{\"@type\":\"WebSite\",\"@id\":\"https:\/\/skimo.73.jarolim.eu\/sportler\/#website\",\"url\":\"https:\/\/skimo.73.jarolim.eu\/sportler\/\",\"name\":\"Sportler\",\"description\":\"\",\"potentialAction\":[{\"@type\":\"SearchAction\",\"target\":\"https:\/\/skimo.73.jarolim.eu\/sportler\/?s={search_term_string}\",\"query-input\":\"required name=search_term_string\"}],\"inLanguage\":\"de\"},{\"@type\":\"WebPage\",\"@id\":\"https:\/\/www.skimo.at\/sportler\/1197\/news-zur-nationalmannschaft-fur-die-kommende-wintersaison\/#webpage\",\"url\":\"https:\/\/www.skimo.at\/sportler\/1197\/news-zur-nationalmannschaft-fur-die-kommende-wintersaison\/\",\"name\":\"News zur Nationalmannschaft f\\u00fcr die kommende Wintersaison - Sportler\",\"isPartOf\":{\"@id\":\"https:\/\/skimo.73.jarolim.eu\/sportler\/#website\"},\"datePublished\":\"2013-10-03T11:18:35+00:00\",\"dateModified\":\"2013-11-10T12:10:09+00:00\",\"author\":{\"@id\":\"https:\/\/skimo.73.jarolim.eu\/sportler\/#\/schema\/person\/89e18f4c3d09b5434dbc2dc0cefbcd30\"},\"breadcrumb\":{\"@id\":\"https:\/\/www.skimo.at\/sportler\/1197\/news-zur-nationalmannschaft-fur-die-kommende-wintersaison\/#breadcrumb\"},\"inLanguage\":\"de\",\"potentialAction\":[{\"@type\":\"ReadAction\",\"target\":[\"https:\/\/www.skimo.at\/sportler\/1197\/news-zur-nationalmannschaft-fur-die-kommende-wintersaison\/\"]}]},{\"@type\":\"BreadcrumbList\",\"@id\":\"https:\/\/www.skimo.at\/sportler\/1197\/news-zur-nationalmannschaft-fur-die-kommende-wintersaison\/#breadcrumb\",\"itemListElement\":[{\"@type\":\"ListItem\",\"position\":1,\"item\":{\"@type\":\"WebPage\",\"@id\":\"https:\/\/skimo.73.jarolim.eu\/sportler\/\",\"url\":\"https:\/\/skimo.73.jarolim.eu\/sportler\/\",\"name\":\"Home\"}},{\"@type\":\"ListItem\",\"position\":2,\"item\":{\"@id\":\"https:\/\/www.skimo.at\/sportler\/1197\/news-zur-nationalmannschaft-fur-die-kommende-wintersaison\/#webpage\"}}]},{\"@type\":\"Person\",\"@id\":\"https:\/\/skimo.73.jarolim.eu\/sportler\/#\/schema\/person\/89e18f4c3d09b5434dbc2dc0cefbcd30\",\"name\":\"aspielbuechler\",\"image\":{\"@type\":\"ImageObject\",\"@id\":\"https:\/\/skimo.73.jarolim.eu\/sportler\/#personlogo\",\"inLanguage\":\"de\",\"url\":\"https:\/\/secure.gravatar.com\/avatar\/1220d25619b41a33e4710c8b968dc56e?s=96&r=g\",\"contentUrl\":\"https:\/\/secure.gravatar.com\/avatar\/1220d25619b41a33e4710c8b968dc56e?s=96&r=g\",\"caption\":\"aspielbuechler\"},\"url\":\"https:\/\/www.skimo.at\/sportler\/author\/aspielbuechler\/\"}]}<\/script>\n<!-- \/ Yoast SEO plugin. -->","_links":{"self":[{"href":"https:\/\/www.skimo.at\/sportler\/wp-json\/wp\/v2\/posts\/1197"}],"collection":[{"href":"https:\/\/www.skimo.at\/sportler\/wp-json\/wp\/v2\/posts"}],"about":[{"href":"https:\/\/www.skimo.at\/sportler\/wp-json\/wp\/v2\/types\/post"}],"author":[{"embeddable":true,"href":"https:\/\/www.skimo.at\/sportler\/wp-json\/wp\/v2\/users\/4"}],"replies":[{"embeddable":true,"href":"https:\/\/www.skimo.at\/sportler\/wp-json\/wp\/v2\/comments?post=1197"}],"version-history":[{"count":5,"href":"https:\/\/www.skimo.at\/sportler\/wp-json\/wp\/v2\/posts\/1197\/revisions"}],"predecessor-version":[{"id":1282,"href":"https:\/\/www.skimo.at\/sportler\/wp-json\/wp\/v2\/posts\/1197\/revisions\/1282"}],"wp:attachment":[{"href":"https:\/\/www.skimo.at\/sportler\/wp-json\/wp\/v2\/media?parent=1197"}],"wp:term":[{"taxonomy":"category","embeddable":true,"href":"https:\/\/www.skimo.at\/sportler\/wp-json\/wp\/v2\/categories?post=1197"},{"taxonomy":"post_tag","embeddable":true,"href":"https:\/\/www.skimo.at\/sportler\/wp-json\/wp\/v2\/tags?post=1197"}],"curies":[{"name":"wp","href":"https:\/\/api.w.org\/{rel}","templated":true}]}}