{"id":1174,"date":"2013-09-23T11:26:02","date_gmt":"2013-09-23T09:26:02","guid":{"rendered":"http:\/\/www.skimo.at\/sportler\/?p=1174"},"modified":"2013-09-24T16:26:47","modified_gmt":"2013-09-24T14:26:47","slug":"trainingslager-in-sappada-ita-19-22-9-2013","status":"publish","type":"post","link":"https:\/\/www.skimo.at\/sportler\/1174\/trainingslager-in-sappada-ita-19-22-9-2013\/","title":{"rendered":"Trainingslager in Sappada (ITA) 19.-22.9.2013"},"content":{"rendered":"<p>Ein Teil der \u00d6sterreichischen Nationalmannschaft Skibergsteigen ist letzte Woche dem super schlechten Wetter in \u00d6sterreich nach Italien entflohen. Auf Einladung der Organisatoren des \u201eLa Pitturina\u201c Skitourenrennens, das von 31.1. bis 1.2.2014 als Weltcuprennen der ISMF stattfindet, waren 6 Athleten zum intensiven Training mit der italienischen Nationalmannschaft eingeladen.<\/p>\n<p>Super organisiert war dieses Trainingslager, erfahren wir\u00a0 soeben von unseren Athleten, und freundlich empfangen wurden die \u00d6sterreicher. In Italien waren neben Trainer Alexander Lugger die Sportler Daniel Rohringer, Philipp Brugger, Martin Islitzer, Martin Wei\u00dfkopf und Clemens Steinberger.<\/p>\n<p>Am Donnerstag als Anreisetag sausten die Sportler alle zusammen mit den Italienern gleich mit den Skirollern los. Gleich \u00fcber 700 hm,verbunden mit einem Techniktraining, bevor es am Abend zum ersten (von einigen!) Sektempfang ging.<\/p>\n<p>Der Freitag war dann schon etwas h\u00e4rter: ein Berglauf mit Klettersteigeinlagen auf den 2.700 Meter hohen Kinigat auf der Itailenisch-\u00d6sterreichsichen Grenze stand am Programm. Mit von der Partie als Guide ein bekannter Name von fr\u00fcher: Fontana Luciana, ein alter Haudegen der Skitourenszene, immer noch beisammen wie ein Jungspund. Am Abend ging\u2018s auf Einladung der Italiener zu einer Sponsorenpr\u00e4sentation von Partner GARMIN.<\/p>\n<p>Samstag vormittags dann nochmal ein \u201eBeuschlreisser\u201c: w\u00e4hrend die Italiener mit dem Mountainbike eine Runde fuhren, gaben unsere Sportler dem Heimweh nach. Nach einer einst\u00fcndigen Anfahrt mit Skirollern ging\u2018s im Laufschritt \u00fcber den Monte Peralba und die \u00a0Grenze zum Hochweissteinhaus zur freundlichen Wirtin Ingeborg. Endlich wieder Gailtalerisch\u2026.Alex Lugger f\u00fchlte sich laut Augenzeugenberichten sichtlich wohl. Zeit war allerdings nicht viel, denn nach einem kurzen Besuch auf dem Rifugio Calvi mussten sich alle beeilen, um zum Nachmittagsprogramm zurecht zu kommen: Golfen! Zusammen mit Ex Weltklasse-Langl\u00e4ufer Silvio Fauner (jetzt Trainer bei der FISI) machten unsere Burschen ihre ersten Abschl\u00e4ge. Tiger Woods muss sich jetzt wohl \u00a0warm anziehen! Die offizielle Vorstellung des Skitourenrennens \u201eLa Pitturina\u201c bildete den offiziellen Abschluss des langen Tags\u2026.inoffiziell ging man zum hervorragenden Rotwein \u00fcber.<\/p>\n<p>Wer nun gedacht h\u00e4tte, Trainer Lugger h\u00e4tte zumindest am abschlie\u00dfenden Sonntag Gnade mit den Athleten gehabt, der irrt: ein 25 km lange Tour mit den Skirollern und 1.000 H\u00f6henmetern von S. Stafano zur Sorgenti del Piave stand noch am Programm. Und dann: endlich nach Hause!<\/p>\n<p>Ein herzlicher Dank gilt den Organisatoren f\u00fcr ihre Gastfreundschaft und die hervorragende Organisation. Auch dem italienischen Nationalteam unter Oscar Angeloni darf an dieser Stelle gedankt werden, die gro\u00dfe Herzlichkeit und Offenheit war ein Traum. Wir sehen uns sp\u00e4testens Ende J\u00e4nner beim Rennen in Sappada!<\/p>\n<p>Hier gehts zur Homepage des Rennens:\u00a0<a href=\"http:\/\/www.lapitturina.it\/de\/homepage.html\">http:\/\/www.lapitturina.it\/de\/homepage.html<\/a><\/p>\n","protected":false},"excerpt":{"rendered":"<p>Ein Teil der \u00d6sterreichischen Nationalmannschaft Skibergsteigen ist letzte Woche dem super schlechten Wetter in \u00d6sterreich nach Italien entflohen. Auf Einladung der Organisatoren des \u201eLa Pitturina\u201c Skitourenrennens, das von 31.1. bis 1.2.2014 als Weltcuprennen der ISMF stattfindet, waren 6 Athleten zum intensiven Training mit der italienischen Nationalmannschaft eingeladen. Super organisiert war dieses Trainingslager, erfahren wir\u00a0 soeben [&hellip;]<\/p>\n","protected":false},"author":3,"featured_media":1183,"comment_status":"closed","ping_status":"closed","sticky":false,"template":"","format":"standard","meta":[],"categories":[1,11,9,3],"tags":[],"yoast_head":"<!-- This site is optimized with the Yoast SEO plugin v16.3 - https:\/\/yoast.com\/wordpress\/plugins\/seo\/ -->\n<title>Trainingslager in Sappada (ITA) 19.-22.9.2013 - Sportler<\/title>\n<meta name=\"robots\" content=\"index, follow, max-snippet:-1, max-image-preview:large, max-video-preview:-1\" \/>\n<link rel=\"canonical\" href=\"https:\/\/www.skimo.at\/sportler\/1174\/trainingslager-in-sappada-ita-19-22-9-2013\/\" \/>\n<meta property=\"og:locale\" content=\"de_DE\" \/>\n<meta property=\"og:type\" content=\"article\" \/>\n<meta property=\"og:title\" content=\"Trainingslager in Sappada (ITA) 19.-22.9.2013 - Sportler\" \/>\n<meta property=\"og:description\" content=\"Ein Teil der \u00d6sterreichischen Nationalmannschaft Skibergsteigen ist letzte Woche dem super schlechten Wetter in \u00d6sterreich nach Italien entflohen. Auf Einladung der Organisatoren des \u201eLa Pitturina\u201c Skitourenrennens, das von 31.1. bis 1.2.2014 als Weltcuprennen der ISMF stattfindet, waren 6 Athleten zum intensiven Training mit der italienischen Nationalmannschaft eingeladen. Super organisiert war dieses Trainingslager, erfahren wir\u00a0 soeben [&hellip;]\" \/>\n<meta property=\"og:url\" content=\"https:\/\/www.skimo.at\/sportler\/1174\/trainingslager-in-sappada-ita-19-22-9-2013\/\" \/>\n<meta property=\"og:site_name\" content=\"Sportler\" \/>\n<meta property=\"article:published_time\" content=\"2013-09-23T09:26:02+00:00\" \/>\n<meta property=\"article:modified_time\" content=\"2013-09-24T14:26:47+00:00\" \/>\n<meta property=\"og:image\" content=\"https:\/\/skimo.73.jarolim.eu\/sportler\/files\/2013\/09\/Sappada2013-_-Nationalmannschaft-19-_-Bild-Alexander-Lugger-_-LR.jpg\" \/>\n\t<meta property=\"og:image:width\" content=\"1707\" \/>\n\t<meta property=\"og:image:height\" content=\"1280\" \/>\n<meta name=\"twitter:card\" content=\"summary\" \/>\n<meta name=\"twitter:label1\" content=\"Gesch\u00e4tzte Lesezeit\">\n\t<meta name=\"twitter:data1\" content=\"2\u00a0Minuten\">\n<script type=\"application\/ld+json\" class=\"yoast-schema-graph\">{\"@context\":\"https:\/\/schema.org\",\"@graph\":[{\"@type\":\"WebSite\",\"@id\":\"https:\/\/skimo.73.jarolim.eu\/sportler\/#website\",\"url\":\"https:\/\/skimo.73.jarolim.eu\/sportler\/\",\"name\":\"Sportler\",\"description\":\"\",\"potentialAction\":[{\"@type\":\"SearchAction\",\"target\":\"https:\/\/skimo.73.jarolim.eu\/sportler\/?s={search_term_string}\",\"query-input\":\"required name=search_term_string\"}],\"inLanguage\":\"de\"},{\"@type\":\"ImageObject\",\"@id\":\"https:\/\/www.skimo.at\/sportler\/1174\/trainingslager-in-sappada-ita-19-22-9-2013\/#primaryimage\",\"inLanguage\":\"de\",\"url\":\"https:\/\/www.skimo.at\/sportler\/files\/2013\/09\/Sappada2013-_-Nationalmannschaft-19-_-Bild-Alexander-Lugger-_-LR.jpg\",\"contentUrl\":\"https:\/\/www.skimo.at\/sportler\/files\/2013\/09\/Sappada2013-_-Nationalmannschaft-19-_-Bild-Alexander-Lugger-_-LR.jpg\",\"width\":1707,\"height\":1280,\"caption\":\"Die Sportler am Trainingscamp in Sappada\"},{\"@type\":\"WebPage\",\"@id\":\"https:\/\/www.skimo.at\/sportler\/1174\/trainingslager-in-sappada-ita-19-22-9-2013\/#webpage\",\"url\":\"https:\/\/www.skimo.at\/sportler\/1174\/trainingslager-in-sappada-ita-19-22-9-2013\/\",\"name\":\"Trainingslager in Sappada (ITA) 19.-22.9.2013 - Sportler\",\"isPartOf\":{\"@id\":\"https:\/\/skimo.73.jarolim.eu\/sportler\/#website\"},\"primaryImageOfPage\":{\"@id\":\"https:\/\/www.skimo.at\/sportler\/1174\/trainingslager-in-sappada-ita-19-22-9-2013\/#primaryimage\"},\"datePublished\":\"2013-09-23T09:26:02+00:00\",\"dateModified\":\"2013-09-24T14:26:47+00:00\",\"author\":{\"@id\":\"https:\/\/skimo.73.jarolim.eu\/sportler\/#\/schema\/person\/796ecbce6796efca58bf848ca63ec12c\"},\"breadcrumb\":{\"@id\":\"https:\/\/www.skimo.at\/sportler\/1174\/trainingslager-in-sappada-ita-19-22-9-2013\/#breadcrumb\"},\"inLanguage\":\"de\",\"potentialAction\":[{\"@type\":\"ReadAction\",\"target\":[\"https:\/\/www.skimo.at\/sportler\/1174\/trainingslager-in-sappada-ita-19-22-9-2013\/\"]}]},{\"@type\":\"BreadcrumbList\",\"@id\":\"https:\/\/www.skimo.at\/sportler\/1174\/trainingslager-in-sappada-ita-19-22-9-2013\/#breadcrumb\",\"itemListElement\":[{\"@type\":\"ListItem\",\"position\":1,\"item\":{\"@type\":\"WebPage\",\"@id\":\"https:\/\/skimo.73.jarolim.eu\/sportler\/\",\"url\":\"https:\/\/skimo.73.jarolim.eu\/sportler\/\",\"name\":\"Home\"}},{\"@type\":\"ListItem\",\"position\":2,\"item\":{\"@id\":\"https:\/\/www.skimo.at\/sportler\/1174\/trainingslager-in-sappada-ita-19-22-9-2013\/#webpage\"}}]},{\"@type\":\"Person\",\"@id\":\"https:\/\/skimo.73.jarolim.eu\/sportler\/#\/schema\/person\/796ecbce6796efca58bf848ca63ec12c\",\"name\":\"kposch\",\"image\":{\"@type\":\"ImageObject\",\"@id\":\"https:\/\/skimo.73.jarolim.eu\/sportler\/#personlogo\",\"inLanguage\":\"de\",\"url\":\"https:\/\/secure.gravatar.com\/avatar\/e9f5f28da60e5e563d3f4d3cc0b9b425?s=96&r=g\",\"contentUrl\":\"https:\/\/secure.gravatar.com\/avatar\/e9f5f28da60e5e563d3f4d3cc0b9b425?s=96&r=g\",\"caption\":\"kposch\"},\"url\":\"https:\/\/www.skimo.at\/sportler\/author\/kposch\/\"}]}<\/script>\n<!-- \/ Yoast SEO plugin. -->","_links":{"self":[{"href":"https:\/\/www.skimo.at\/sportler\/wp-json\/wp\/v2\/posts\/1174"}],"collection":[{"href":"https:\/\/www.skimo.at\/sportler\/wp-json\/wp\/v2\/posts"}],"about":[{"href":"https:\/\/www.skimo.at\/sportler\/wp-json\/wp\/v2\/types\/post"}],"author":[{"embeddable":true,"href":"https:\/\/www.skimo.at\/sportler\/wp-json\/wp\/v2\/users\/3"}],"replies":[{"embeddable":true,"href":"https:\/\/www.skimo.at\/sportler\/wp-json\/wp\/v2\/comments?post=1174"}],"version-history":[{"count":5,"href":"https:\/\/www.skimo.at\/sportler\/wp-json\/wp\/v2\/posts\/1174\/revisions"}],"predecessor-version":[{"id":1189,"href":"https:\/\/www.skimo.at\/sportler\/wp-json\/wp\/v2\/posts\/1174\/revisions\/1189"}],"wp:featuredmedia":[{"embeddable":true,"href":"https:\/\/www.skimo.at\/sportler\/wp-json\/wp\/v2\/media\/1183"}],"wp:attachment":[{"href":"https:\/\/www.skimo.at\/sportler\/wp-json\/wp\/v2\/media?parent=1174"}],"wp:term":[{"taxonomy":"category","embeddable":true,"href":"https:\/\/www.skimo.at\/sportler\/wp-json\/wp\/v2\/categories?post=1174"},{"taxonomy":"post_tag","embeddable":true,"href":"https:\/\/www.skimo.at\/sportler\/wp-json\/wp\/v2\/tags?post=1174"}],"curies":[{"name":"wp","href":"https:\/\/api.w.org\/{rel}","templated":true}]}}