{"id":117,"date":"2012-11-02T19:54:26","date_gmt":"2012-11-02T17:54:26","guid":{"rendered":"http:\/\/www.skimo.at\/sportler\/?p=117"},"modified":"2016-12-05T20:26:00","modified_gmt":"2016-12-05T18:26:00","slug":"hermann-jakob","status":"publish","type":"post","link":"https:\/\/www.skimo.at\/sportler\/117\/hermann-jakob\/","title":{"rendered":"Herrmann Jakob"},"content":{"rendered":"<h2>HERRMANN JAKOB<\/h2>\n<table style=\"height: 143px\" width=\"356\">\n<tbody>\n<tr>\n<td><strong>Ort:<\/strong><\/td>\n<td>Werfenweng\/Salzburg<\/td>\n<\/tr>\n<tr>\n<td><strong>Jahrgang:<\/strong><\/td>\n<td>1987<\/td>\n<\/tr>\n<tr>\n<td><strong>Klasse:<\/strong><\/td>\n<td>Senior<\/td>\n<\/tr>\n<tr>\n<td><strong>Kader:<\/strong><\/td>\n<td>Nationalmannschaft<\/td>\n<\/tr>\n<tr>\n<td><strong>Team:<\/strong><\/td>\n<td>Adidas Outdoor Team<\/td>\n<\/tr>\n<tr>\n<td><strong>Im Nationalteam seit:<\/strong><\/td>\n<td>2009<\/td>\n<\/tr>\n<\/tbody>\n<\/table>\n<p>&nbsp;<\/p>\n<h2>Erfolge:<\/h2>\n<div><strong>2016<\/strong><br \/>\nInternationale Erfolge:<\/div>\n<div>5. Rang Long Distance Weltcup Altitoy Ternua (FRA)<br \/>\n6. Rang Long Distance Weltcup Pierra Menta (FRA)<br \/>\n7. Rang Long Distance Weltcup Tour du Rutor (ITA)<br \/>\n7. Rang\u00a0Long Distance Weltcup Gesamtwertung<br \/>\n12. Rang EM Sprint Salvan-Les Marecottes (SUI)<br \/>\n12. Rang Weltcup Individual Mondol\u00e8 (ITA)<br \/>\n13. Rang Weltcup Gesamtwertung<br \/>\n13. Rang Weltcup Individual Albosaggia (ITA)<br \/>\n14. Rang Weltcup Sprint Tambre\/Transcavallo (ITA)<br \/>\n15. Rang Weltcup Vertical Salvan-Les Marecottes (SUI)<br \/>\n16. Rang Weltcup Sprint Mondol\u00e8 (ITA)<br \/>\n17. Rang Weltcup Sprint Albosaggia (ITA)<br \/>\n19. Rang Weltcup Vertical Font Blanca (AND)<br \/>\n19. Rang Weltcup Vertical Mondol\u00e8 (ITA)<br \/>\n21. Rang Weltcup Individual Font Blanca (AND)<br \/>\n33. Rang Weltcup Individual Tambre\/Transcavallo (ITA)<\/div>\n<div><\/div>\n<p>&nbsp;<\/p>\n<div>Nationale Erfolge:<br \/>\n2. Rang STM Vertical Speckjagern, Vizestaatsmeister<\/div>\n<div><\/div>\n<p>&nbsp;<\/p>\n<div><strong>2015<\/strong><br \/>\nInternationale Erfolge:<br \/>\n4. Rang\u00a0Long Distance Weltcup Mezzalama<br \/>\n5. Rang\u00a0Long Distance Weltcup\u00a0Adamello<br \/>\n5. Rang\u00a0WM Verbier (Staffel)<br \/>\n6. Rang\u00a0Long Distance Weltcup Pierra Menta<br \/>\n8. Rang\u00a0Gesamtweltcup Long Distance<br \/>\n18. Rang Weltcup Puy Saint Vincent (Sprint)<br \/>\n18. Rang\u00a0WM Verbier (Sprint)<br \/>\n24.\u00a0Rang\u00a0WM Verbier (Vertical)<br \/>\n26. Rang\u00a0Weltcup Puy Saint Vincent (Vertical)<\/div>\n<p>&nbsp;<\/p>\n<div><strong>2011<\/strong><br \/>\nWM 2011 in Claut (ITA):<br \/>\n5. Rang Relay (Staffel, mit Rohringer, Stock, Fasser)<br \/>\n7. Rang Team Race (mit Fasser)Weltcupteilnahme 2011<br \/>\n10. Rang Sprint Race<br \/>\n22. Rang Individual Race<\/div>\n<p>&nbsp;<\/p>\n<div>Nationale Erfolge:<br \/>\n1. Rang ASTC Gesamtwertung 2011<br \/>\n1. Rang Laserzlauf (ASTC)<\/div>\n<div><strong>2010<\/strong><br \/>\nInternationale Erfolge:<br \/>\n5. Rang WM Team<br \/>\n6. Rang Espoir Weltcup Trophee des Gastlosen (mit Rohringer Thomas)<br \/>\n7. Rang WM Single (Espoir)<br \/>\n13. Rang WM Vertical (Espoir)<\/p>\n<div>Nationale Erfolge:<br \/>\n3. Rang ASTC Gesamtwertung<br \/>\n5. Rang \u00d6M Achensee Xtreme<br \/>\nTop Ergebnisse bei nationalen Bewerben und ASTC Rennen.<\/p>\n<div>\n<p>Zu diesen Erfolgen kommen aber auch noch etliche im Sommer beim Paragleiten, wie z.B. hervorragende Ergebnisse beim Red Bull Dolomitenmann.<\/p>\n<h2>\u00dcber mich:<\/h2>\n<div>\n<p>Schon als kleines Kind haben mich die Berge fasziniert. In meiner Kindheit hatte ich die M\u00f6glichkeit mit meinen Eltern viele verschiedene Berge in \u00d6sterreich zu erklimmen. Im Jahr 1991 zogen wir dann in das idyllische Bergdorf Werfenweng \u2013 ca. 50 km s\u00fcdlich von Salzburg. Mein Vater erlernte das Gleitschirmfliegen und es dauerte nicht lange, bis mich die Faszination ergriffen hatte. Mit 14 Jahren durfte ich den Grundschein machen und ich war damals der j\u00fcngste Pilot in \u00d6sterreich.<\/p>\n<p>Das normale Fliegen war mir aber zu langweilig und ich suchte schon immer die Kombination Bergsteigen mit Fliegen, da ich das bergab gehen nie mochte. In dieser Zeit lernte ich viele interessante Alpinisten kennen, die mich immer mehr auf das Skitourengehen brachten.<\/p>\n<p>Ich war aber zu 100% im Gel\u00e4nde unterwegs und kannte eigentlich das Pistengehen \u00fcberhaupt nicht. Erst mit 19 Jahren probierte ich es einmal aus bei einem Rennen. Es erf\u00fcllte mich aber nicht wirklich, denn ich liebe die Natur, die Berge , die Ruhe von einer Seite die nur wir \u201eGel\u00e4ndegeher\u201c kennen. Deshalb versuchte ich vorwiegend nur an Gel\u00e4nderennen teilzunehmen. Die Abfahrten im Gel\u00e4nde waren f\u00fcr mich immer leichter, denn als gelernter Skifahrer, Rennl\u00e4ufer und Landesskilehrer war es f\u00fcr mich keine Qual bei schwierigen Bedingungen ins Tal zu kommen. Im letzten Winter 2009\/2010 hatte ich dann auch den Durchbruch beim Aufstieg geschafft, der bis dahin immer meine schw\u00e4chere Seite war.<\/p>\n<p>F\u00fcr die n\u00e4chsten Jahre habe ich mir immer viel vorgenommen und werde den Unterschied zwischen Aufstiegsleistung und Abfahrtsleistung noch zu kompensieren versuchen, auch wenn ich im Sommer viel zu viel unter meinem Gleitschirm h\u00e4nge und die Berge von einer ganz anderen Perspektive genie\u00dfe.<\/p>\n<h2>Kontakt:<\/h2>\n<p>Mail: <a href=\"mailto:jakob@flytandem.at\">jakob@flytandem.at<\/a><\/p>\n<\/div>\n<\/div>\n<\/div>\n<\/div>\n","protected":false},"excerpt":{"rendered":"<p>HERRMANN JAKOB Ort: Werfenweng\/Salzburg Jahrgang: 1987 Klasse: Senior Kader: Nationalmannschaft Team: Adidas Outdoor Team Im Nationalteam seit: 2009 &nbsp; Erfolge: 2016 Internationale Erfolge: 5. Rang Long Distance Weltcup Altitoy Ternua (FRA) 6. Rang Long Distance Weltcup Pierra Menta (FRA) 7. Rang Long Distance Weltcup Tour du Rutor (ITA) 7. Rang\u00a0Long Distance Weltcup Gesamtwertung 12. Rang [&hellip;]<\/p>\n","protected":false},"author":35,"featured_media":6191,"comment_status":"closed","ping_status":"closed","sticky":false,"template":"","format":"standard","meta":[],"categories":[4],"tags":[50,123,16],"yoast_head":"<!-- This site is optimized with the Yoast SEO plugin v16.3 - https:\/\/yoast.com\/wordpress\/plugins\/seo\/ -->\n<title>Herrmann Jakob - Sportler<\/title>\n<meta name=\"description\" content=\"Jakob Herrmann ist A-Kader Athlet im \u00d6SV Nationalkader Skibergsteigen.\" \/>\n<meta name=\"robots\" content=\"index, follow, max-snippet:-1, max-image-preview:large, max-video-preview:-1\" \/>\n<link rel=\"canonical\" href=\"https:\/\/www.skimo.at\/sportler\/117\/hermann-jakob\/\" \/>\n<meta property=\"og:locale\" content=\"de_DE\" \/>\n<meta property=\"og:type\" content=\"article\" \/>\n<meta property=\"og:title\" content=\"Herrmann Jakob - Sportler\" \/>\n<meta property=\"og:description\" content=\"Jakob Herrmann ist A-Kader Athlet im \u00d6SV Nationalkader Skibergsteigen.\" \/>\n<meta property=\"og:url\" content=\"https:\/\/www.skimo.at\/sportler\/117\/hermann-jakob\/\" \/>\n<meta property=\"og:site_name\" content=\"Sportler\" \/>\n<meta property=\"article:published_time\" content=\"2012-11-02T17:54:26+00:00\" \/>\n<meta property=\"article:modified_time\" content=\"2016-12-05T18:26:00+00:00\" \/>\n<meta property=\"og:image\" content=\"https:\/\/skimo.73.jarolim.eu\/sportler\/files\/2012\/11\/\u00d6SV-Nationalkader-2017-_-Jakob-Herrmann-2-_-Bild-Karl-Posch-_-LR-scaled.jpg\" \/>\n\t<meta property=\"og:image:width\" content=\"2560\" \/>\n\t<meta property=\"og:image:height\" content=\"1707\" \/>\n<meta name=\"twitter:card\" content=\"summary\" \/>\n<meta name=\"twitter:label1\" content=\"Gesch\u00e4tzte Lesezeit\">\n\t<meta name=\"twitter:data1\" content=\"3\u00a0Minuten\">\n<script type=\"application\/ld+json\" class=\"yoast-schema-graph\">{\"@context\":\"https:\/\/schema.org\",\"@graph\":[{\"@type\":\"WebSite\",\"@id\":\"https:\/\/skimo.73.jarolim.eu\/sportler\/#website\",\"url\":\"https:\/\/skimo.73.jarolim.eu\/sportler\/\",\"name\":\"Sportler\",\"description\":\"\",\"potentialAction\":[{\"@type\":\"SearchAction\",\"target\":\"https:\/\/skimo.73.jarolim.eu\/sportler\/?s={search_term_string}\",\"query-input\":\"required name=search_term_string\"}],\"inLanguage\":\"de\"},{\"@type\":\"ImageObject\",\"@id\":\"https:\/\/www.skimo.at\/sportler\/117\/hermann-jakob\/#primaryimage\",\"inLanguage\":\"de\",\"url\":\"https:\/\/www.skimo.at\/sportler\/files\/2012\/11\/\\u00d6SV-Nationalkader-2017-_-Jakob-Herrmann-2-_-Bild-Karl-Posch-_-LR-scaled.jpg\",\"contentUrl\":\"https:\/\/www.skimo.at\/sportler\/files\/2012\/11\/\\u00d6SV-Nationalkader-2017-_-Jakob-Herrmann-2-_-Bild-Karl-Posch-_-LR-scaled.jpg\",\"width\":2560,\"height\":1707},{\"@type\":\"WebPage\",\"@id\":\"https:\/\/www.skimo.at\/sportler\/117\/hermann-jakob\/#webpage\",\"url\":\"https:\/\/www.skimo.at\/sportler\/117\/hermann-jakob\/\",\"name\":\"Herrmann Jakob - Sportler\",\"isPartOf\":{\"@id\":\"https:\/\/skimo.73.jarolim.eu\/sportler\/#website\"},\"primaryImageOfPage\":{\"@id\":\"https:\/\/www.skimo.at\/sportler\/117\/hermann-jakob\/#primaryimage\"},\"datePublished\":\"2012-11-02T17:54:26+00:00\",\"dateModified\":\"2016-12-05T18:26:00+00:00\",\"author\":{\"@id\":\"https:\/\/skimo.73.jarolim.eu\/sportler\/#\/schema\/person\/98f79b69381628f9078a5fab8eac4811\"},\"description\":\"Jakob Herrmann ist A-Kader Athlet im \\u00d6SV Nationalkader Skibergsteigen.\",\"breadcrumb\":{\"@id\":\"https:\/\/www.skimo.at\/sportler\/117\/hermann-jakob\/#breadcrumb\"},\"inLanguage\":\"de\",\"potentialAction\":[{\"@type\":\"ReadAction\",\"target\":[\"https:\/\/www.skimo.at\/sportler\/117\/hermann-jakob\/\"]}]},{\"@type\":\"BreadcrumbList\",\"@id\":\"https:\/\/www.skimo.at\/sportler\/117\/hermann-jakob\/#breadcrumb\",\"itemListElement\":[{\"@type\":\"ListItem\",\"position\":1,\"item\":{\"@type\":\"WebPage\",\"@id\":\"https:\/\/skimo.73.jarolim.eu\/sportler\/\",\"url\":\"https:\/\/skimo.73.jarolim.eu\/sportler\/\",\"name\":\"Home\"}},{\"@type\":\"ListItem\",\"position\":2,\"item\":{\"@id\":\"https:\/\/www.skimo.at\/sportler\/117\/hermann-jakob\/#webpage\"}}]},{\"@type\":\"Person\",\"@id\":\"https:\/\/skimo.73.jarolim.eu\/sportler\/#\/schema\/person\/98f79b69381628f9078a5fab8eac4811\",\"name\":\"sbinder\",\"image\":{\"@type\":\"ImageObject\",\"@id\":\"https:\/\/skimo.73.jarolim.eu\/sportler\/#personlogo\",\"inLanguage\":\"de\",\"url\":\"https:\/\/secure.gravatar.com\/avatar\/11f3623e7f24f658f1be6d4cb550331e?s=96&r=g\",\"contentUrl\":\"https:\/\/secure.gravatar.com\/avatar\/11f3623e7f24f658f1be6d4cb550331e?s=96&r=g\",\"caption\":\"sbinder\"},\"url\":\"https:\/\/www.skimo.at\/sportler\/author\/sbinder\/\"}]}<\/script>\n<!-- \/ Yoast SEO plugin. -->","_links":{"self":[{"href":"https:\/\/www.skimo.at\/sportler\/wp-json\/wp\/v2\/posts\/117"}],"collection":[{"href":"https:\/\/www.skimo.at\/sportler\/wp-json\/wp\/v2\/posts"}],"about":[{"href":"https:\/\/www.skimo.at\/sportler\/wp-json\/wp\/v2\/types\/post"}],"author":[{"embeddable":true,"href":"https:\/\/www.skimo.at\/sportler\/wp-json\/wp\/v2\/users\/35"}],"replies":[{"embeddable":true,"href":"https:\/\/www.skimo.at\/sportler\/wp-json\/wp\/v2\/comments?post=117"}],"version-history":[{"count":44,"href":"https:\/\/www.skimo.at\/sportler\/wp-json\/wp\/v2\/posts\/117\/revisions"}],"predecessor-version":[{"id":5891,"href":"https:\/\/www.skimo.at\/sportler\/wp-json\/wp\/v2\/posts\/117\/revisions\/5891"}],"wp:featuredmedia":[{"embeddable":true,"href":"https:\/\/www.skimo.at\/sportler\/wp-json\/wp\/v2\/media\/6191"}],"wp:attachment":[{"href":"https:\/\/www.skimo.at\/sportler\/wp-json\/wp\/v2\/media?parent=117"}],"wp:term":[{"taxonomy":"category","embeddable":true,"href":"https:\/\/www.skimo.at\/sportler\/wp-json\/wp\/v2\/categories?post=117"},{"taxonomy":"post_tag","embeddable":true,"href":"https:\/\/www.skimo.at\/sportler\/wp-json\/wp\/v2\/tags?post=117"}],"curies":[{"name":"wp","href":"https:\/\/api.w.org\/{rel}","templated":true}]}}