{"id":1160,"date":"2013-09-19T14:39:46","date_gmt":"2013-09-19T12:39:46","guid":{"rendered":"http:\/\/www.skimo.at\/sportler\/?p=1160"},"modified":"2013-09-19T14:44:01","modified_gmt":"2013-09-19T12:44:01","slug":"aus-skibergsteigern-werden-spitzen-trailrunner","status":"publish","type":"post","link":"https:\/\/www.skimo.at\/sportler\/1160\/aus-skibergsteigern-werden-spitzen-trailrunner\/","title":{"rendered":"Skibergsteiger werden zu Spitzen-Trailrunnern"},"content":{"rendered":"<p>Schneller als so mancher \u201egelernte\u201c Trailrunner sind derzeit die Athleten der Nationalmannschaft in ihren ADIDAS-Laufschuhen unterwegs. Aus dem Training heraus, teilweise noch in der Grundlage (!) bestritten einige in den letzten Wochen Lauf- und Trailrunning-Wettk\u00e4mpfe. Dabei konnten Erfolge erreicht werden, die so manchen L\u00e4ufer vor neid erblassen lie\u00dfen.<\/p>\n<p>Warum das so ist, daf\u00fcr hat Nationaltrainer Alexander Lugger eine einfache Erkl\u00e4rung:<br \/>\n<em>\u201eIm direkten Vergleich darf man nicht vergessen, dass unsere Top-Athleten im Skibergsteigen zwar jetzt nicht auf der absoluten H\u00f6he Ihrer Leistungskraft sind, daf\u00fcr aber frisch. Und der Vergleich mit Bergl\u00e4ufern hinkt auch dahingehend, dass unsere Athleten diese Wettk\u00e4mpfe ja nur als Training-H\u00f6hepunkte zwischendurch nutzen. Aber zweifellos zeigen die Ergebnisse die Leistungsf\u00e4higkeit der Athleten, und das freut uns alle sehr. Es ist zwar noch lang bis zur Wintersaison, aber die Zeichen stehen gut!\u201c<\/em><\/p>\n<p>Wer also gute Ergebnisse f\u00fcr die 2014er Laufsaison will\u2026.Skibergsteigen als Training ist scheinbar super!<\/p>\n<p><strong>Einige Ergebnisse der letzten Wochen (ohne Anspruch auf Vollst\u00e4ndigkeit):<\/strong><\/p>\n<ul>\n<li>Karwendelmarsch 24.8.2013, Pertisau, 52 km\/2.281 hm\n<ul>\n<li>1. Stock Markus\u00a0\u00a0\u00a0\u00a0\u00a0\u00a0 \u00a0\u00a0\u00a0\u00a0\u00a0\u00a0\u00a0\u00a0\u00a0\u00a0\u00a0\u00a0\u00a0\u00a0\u00a0 4:26:53 Stunden<\/li>\n<li>5. Brugger Philipp\u00a0\u00a0 \u00a0\u00a0\u00a0\u00a0\u00a0\u00a0\u00a0\u00a0\u00a0\u00a0\u00a0\u00a0\u00a0\u00a0\u00a0 4:37:35 Stunden<\/li>\n<\/ul>\n<\/li>\n<\/ul>\n<ul>\n<li>Mohar Berglauf 31.8.2013, Grosskirchheim, 6,08 km\/1.350 hm\n<ul>\n<li>3. Fasser Alexander\u00a0\u00a0\u00a0\u00a0\u00a0\u00a0\u00a0\u00a0\u00a0\u00a0\u00a0\u00a0\u00a0\u00a0\u00a0\u00a0\u00a0\u00a0\u00a0\u00a0\u00a0\u00a0\u00a0\u00a0\u00a0\u00a0\u00a0\u00a0\u00a0 54:58 Minuten<\/li>\n<li>4. Weisskopf Martin\u00a0\u00a0\u00a0\u00a0\u00a0\u00a0\u00a0\u00a0\u00a0\u00a0\u00a0\u00a0\u00a0 55:25 Minuten<\/li>\n<li>5. Islitzer Martin\u00a0\u00a0\u00a0\u00a0\u00a0\u00a0\u00a0\u00a0\u00a0\u00a0\u00a0\u00a0\u00a0\u00a0\u00a0\u00a0\u00a0\u00a0\u00a0\u00a0\u00a0 57:17 Minuten<\/li>\n<\/ul>\n<\/li>\n<\/ul>\n<ul>\n<li>Dolomitenmann 7.9.2013, Lienz, 1.770 hm\n<ul>\n<li>17. Brugger Philipp\u00a0\u00a0\u00a0\u00a0\u00a0\u00a0\u00a0\u00a0\u00a0\u00a0\u00a0\u00a0\u00a0\u00a0\u00a0\u00a0 1:35:49 Stunden<\/li>\n<li>18. Weisskopf Martin\u00a0\u00a0\u00a0\u00a0\u00a0\u00a0\u00a0\u00a0\u00a0\u00a0 1:36:25 Stunden<\/li>\n<li>37. Islitzer Martin\u00a0\u00a0\u00a0\u00a0\u00a0\u00a0\u00a0\u00a0\u00a0\u00a0\u00a0\u00a0\u00a0\u00a0\u00a0\u00a0\u00a0\u00a0 1:43:31 Stunden<\/li>\n<li>Gesamtsieg im Team f\u00fcr Hermann Jakob als Paragleiter!<\/li>\n<\/ul>\n<\/li>\n<\/ul>\n<ul>\n<li>Drei Zinnen Alpine Run 8.9.2013, Sexten, 17,5 km\/1.350 hm\n<ul>\n<li>21. Rohringer Daniel\u00a0\u00a0\u00a0\u00a0\u00a0\u00a0\u00a0\u00a0\u00a0\u00a0\u00a0\u00a0\u00a0 1:42:08 Stunden<\/li>\n<li>25. Stock Markus\u00a0\u00a0\u00a0\u00a0\u00a0\u00a0\u00a0\u00a0\u00a0\u00a0\u00a0\u00a0\u00a0\u00a0\u00a0\u00a0\u00a0\u00a0\u00a0 1:44:17 Stunden<\/li>\n<\/ul>\n<\/li>\n<\/ul>\n","protected":false},"excerpt":{"rendered":"<p>Schneller als so mancher \u201egelernte\u201c Trailrunner sind derzeit die Athleten der Nationalmannschaft in ihren ADIDAS-Laufschuhen unterwegs. Aus dem Training heraus, teilweise noch in der Grundlage (!) bestritten einige in den letzten Wochen Lauf- und Trailrunning-Wettk\u00e4mpfe. Dabei konnten Erfolge erreicht werden, die so manchen L\u00e4ufer vor neid erblassen lie\u00dfen. Warum das so ist, daf\u00fcr hat Nationaltrainer [&hellip;]<\/p>\n","protected":false},"author":3,"featured_media":0,"comment_status":"closed","ping_status":"closed","sticky":false,"template":"","format":"standard","meta":[],"categories":[1,11,9,3],"tags":[],"yoast_head":"<!-- This site is optimized with the Yoast SEO plugin v16.3 - https:\/\/yoast.com\/wordpress\/plugins\/seo\/ -->\n<title>Skibergsteiger werden zu Spitzen-Trailrunnern - Sportler<\/title>\n<meta name=\"robots\" content=\"index, follow, max-snippet:-1, max-image-preview:large, max-video-preview:-1\" \/>\n<link rel=\"canonical\" href=\"https:\/\/www.skimo.at\/sportler\/1160\/aus-skibergsteigern-werden-spitzen-trailrunner\/\" \/>\n<meta property=\"og:locale\" content=\"de_DE\" \/>\n<meta property=\"og:type\" content=\"article\" \/>\n<meta property=\"og:title\" content=\"Skibergsteiger werden zu Spitzen-Trailrunnern - Sportler\" \/>\n<meta property=\"og:description\" content=\"Schneller als so mancher \u201egelernte\u201c Trailrunner sind derzeit die Athleten der Nationalmannschaft in ihren ADIDAS-Laufschuhen unterwegs. Aus dem Training heraus, teilweise noch in der Grundlage (!) bestritten einige in den letzten Wochen Lauf- und Trailrunning-Wettk\u00e4mpfe. Dabei konnten Erfolge erreicht werden, die so manchen L\u00e4ufer vor neid erblassen lie\u00dfen. Warum das so ist, daf\u00fcr hat Nationaltrainer [&hellip;]\" \/>\n<meta property=\"og:url\" content=\"https:\/\/www.skimo.at\/sportler\/1160\/aus-skibergsteigern-werden-spitzen-trailrunner\/\" \/>\n<meta property=\"og:site_name\" content=\"Sportler\" \/>\n<meta property=\"article:published_time\" content=\"2013-09-19T12:39:46+00:00\" \/>\n<meta property=\"article:modified_time\" content=\"2013-09-19T12:44:01+00:00\" \/>\n<meta name=\"twitter:card\" content=\"summary\" \/>\n<meta name=\"twitter:label1\" content=\"Gesch\u00e4tzte Lesezeit\">\n\t<meta name=\"twitter:data1\" content=\"1\u00a0Minute\">\n<script type=\"application\/ld+json\" class=\"yoast-schema-graph\">{\"@context\":\"https:\/\/schema.org\",\"@graph\":[{\"@type\":\"WebSite\",\"@id\":\"https:\/\/skimo.73.jarolim.eu\/sportler\/#website\",\"url\":\"https:\/\/skimo.73.jarolim.eu\/sportler\/\",\"name\":\"Sportler\",\"description\":\"\",\"potentialAction\":[{\"@type\":\"SearchAction\",\"target\":\"https:\/\/skimo.73.jarolim.eu\/sportler\/?s={search_term_string}\",\"query-input\":\"required name=search_term_string\"}],\"inLanguage\":\"de\"},{\"@type\":\"WebPage\",\"@id\":\"https:\/\/www.skimo.at\/sportler\/1160\/aus-skibergsteigern-werden-spitzen-trailrunner\/#webpage\",\"url\":\"https:\/\/www.skimo.at\/sportler\/1160\/aus-skibergsteigern-werden-spitzen-trailrunner\/\",\"name\":\"Skibergsteiger werden zu Spitzen-Trailrunnern - Sportler\",\"isPartOf\":{\"@id\":\"https:\/\/skimo.73.jarolim.eu\/sportler\/#website\"},\"datePublished\":\"2013-09-19T12:39:46+00:00\",\"dateModified\":\"2013-09-19T12:44:01+00:00\",\"author\":{\"@id\":\"https:\/\/skimo.73.jarolim.eu\/sportler\/#\/schema\/person\/796ecbce6796efca58bf848ca63ec12c\"},\"breadcrumb\":{\"@id\":\"https:\/\/www.skimo.at\/sportler\/1160\/aus-skibergsteigern-werden-spitzen-trailrunner\/#breadcrumb\"},\"inLanguage\":\"de\",\"potentialAction\":[{\"@type\":\"ReadAction\",\"target\":[\"https:\/\/www.skimo.at\/sportler\/1160\/aus-skibergsteigern-werden-spitzen-trailrunner\/\"]}]},{\"@type\":\"BreadcrumbList\",\"@id\":\"https:\/\/www.skimo.at\/sportler\/1160\/aus-skibergsteigern-werden-spitzen-trailrunner\/#breadcrumb\",\"itemListElement\":[{\"@type\":\"ListItem\",\"position\":1,\"item\":{\"@type\":\"WebPage\",\"@id\":\"https:\/\/skimo.73.jarolim.eu\/sportler\/\",\"url\":\"https:\/\/skimo.73.jarolim.eu\/sportler\/\",\"name\":\"Home\"}},{\"@type\":\"ListItem\",\"position\":2,\"item\":{\"@id\":\"https:\/\/www.skimo.at\/sportler\/1160\/aus-skibergsteigern-werden-spitzen-trailrunner\/#webpage\"}}]},{\"@type\":\"Person\",\"@id\":\"https:\/\/skimo.73.jarolim.eu\/sportler\/#\/schema\/person\/796ecbce6796efca58bf848ca63ec12c\",\"name\":\"kposch\",\"image\":{\"@type\":\"ImageObject\",\"@id\":\"https:\/\/skimo.73.jarolim.eu\/sportler\/#personlogo\",\"inLanguage\":\"de\",\"url\":\"https:\/\/secure.gravatar.com\/avatar\/e9f5f28da60e5e563d3f4d3cc0b9b425?s=96&r=g\",\"contentUrl\":\"https:\/\/secure.gravatar.com\/avatar\/e9f5f28da60e5e563d3f4d3cc0b9b425?s=96&r=g\",\"caption\":\"kposch\"},\"url\":\"https:\/\/www.skimo.at\/sportler\/author\/kposch\/\"}]}<\/script>\n<!-- \/ Yoast SEO plugin. -->","_links":{"self":[{"href":"https:\/\/www.skimo.at\/sportler\/wp-json\/wp\/v2\/posts\/1160"}],"collection":[{"href":"https:\/\/www.skimo.at\/sportler\/wp-json\/wp\/v2\/posts"}],"about":[{"href":"https:\/\/www.skimo.at\/sportler\/wp-json\/wp\/v2\/types\/post"}],"author":[{"embeddable":true,"href":"https:\/\/www.skimo.at\/sportler\/wp-json\/wp\/v2\/users\/3"}],"replies":[{"embeddable":true,"href":"https:\/\/www.skimo.at\/sportler\/wp-json\/wp\/v2\/comments?post=1160"}],"version-history":[{"count":10,"href":"https:\/\/www.skimo.at\/sportler\/wp-json\/wp\/v2\/posts\/1160\/revisions"}],"predecessor-version":[{"id":1173,"href":"https:\/\/www.skimo.at\/sportler\/wp-json\/wp\/v2\/posts\/1160\/revisions\/1173"}],"wp:attachment":[{"href":"https:\/\/www.skimo.at\/sportler\/wp-json\/wp\/v2\/media?parent=1160"}],"wp:term":[{"taxonomy":"category","embeddable":true,"href":"https:\/\/www.skimo.at\/sportler\/wp-json\/wp\/v2\/categories?post=1160"},{"taxonomy":"post_tag","embeddable":true,"href":"https:\/\/www.skimo.at\/sportler\/wp-json\/wp\/v2\/tags?post=1160"}],"curies":[{"name":"wp","href":"https:\/\/api.w.org\/{rel}","templated":true}]}}