{"id":1149,"date":"2013-09-12T18:40:05","date_gmt":"2013-09-12T16:40:05","guid":{"rendered":"http:\/\/www.skimo.at\/sportler\/?p=1149"},"modified":"2013-09-12T18:40:22","modified_gmt":"2013-09-12T16:40:22","slug":"gemeinsames-trainingswochenende-der-osterreichischen-und-italienischen-mannschaft-im-skibergsteigen-in-sappada-ita","status":"publish","type":"post","link":"https:\/\/www.skimo.at\/sportler\/1149\/gemeinsames-trainingswochenende-der-osterreichischen-und-italienischen-mannschaft-im-skibergsteigen-in-sappada-ita\/","title":{"rendered":"Gemeinsames Trainingswochenende der \u00d6sterreichischen und Italienischen Mannschaft im Skibergsteigen in Sappada (ITA)"},"content":{"rendered":"<p>Die Temperaturen werden k\u00e4lter, der Schnee schaut langsam von den Bergspitzen, die Wintersportausr\u00fcstung wird wieder auf Vordermann\/-frau gebracht. Unsere \u00f6sterreichischen Athleten befinden sich nat\u00fcrlich bereits mitten in den Vorbereitungen auf die ersten Rennen und stehen voll im Training. Gemeinsam mit der Italienischen Mannschaft, der f\u00fchrenden Nation bei der letzten Weltmeisterschaft 2013 im Wettkampf-Skibergsteigen, wird das \u00f6sterreichische Nationalteam am n\u00e4chsten Wochenende, vom 19. bis zum 22.September 2013 in diese Wintersaison starten. Wie bereits im letzten Jahr erfolgreich in Falcade durchgef\u00fchrt, wurde auch f\u00fcr heuer wieder ein Trainingslager organisiert, zu dem die \u00d6sterreichischen Athleten eingeladen worden sind.<\/p>\n<p>Vom Organisationsteam des Pitturina Ski Race, einem Weltcupbewerb der kommenden Saison (31.1.2014), werden die Teams eingeladen, ein gemeinsames Trainingswochenende im Weltcupgebiet zu absolvieren und am Mountainbike oder Laufend die Berge des Veranstaltungsortes Sappada (Comelico Tal) zu erkunden. Das Pitturina Ski Race ist auch aus \u00f6sterreichischer Sicht ein ganz besonderes Rennen, denn es hat sich auf italienischem und \u00f6sterreichischem Gebiet entwickelt, zwei benachbarte H\u00e4nge werden einbezogen und es ist daher der einzige grenz\u00fcberschreitende Wettbewerb in den Alpen.<\/p>\n<p>Einige junge Athleten des \u00f6sterreichischen Nationalteams werden die M\u00f6glichkeit nutzen, gemeinsam mit den Italienern so in das Herbsttraining zu starten und sich auf freundschaftlicher Ebene sicher auch den ein oder anderen Konkurrenzkampf zum Messen der eigenen Leistung zu geben.\u00a0Daniel Rohringer, Martin Wei\u00dfkopf (beide heuer erstmals in der Klasse Senior), Philipp Brugger, Martin Islitzer (beide in der Klasse Espoir) und Clemens Steinberger (Klasse Junior) reisen am Donnerstag, 19.9.2013 in Italien an und werden bis Sonntag, 22.9.2013 gemeinsam das Training verbringen.<\/p>\n<p>Wir werden nat\u00fcrlich nach dem gemeinsamen Trainingslager unseren interessierten Lesern einen weiteren Bericht dar\u00fcber geben.<\/p>\n<p><a href=\"http:\/\/www.lapitturina.it\/\" target=\"_blank\">Hier geht&#8217;s zur Webseite des Veranstalters<\/a><\/p>\n","protected":false},"excerpt":{"rendered":"<p>Die Temperaturen werden k\u00e4lter, der Schnee schaut langsam von den Bergspitzen, die Wintersportausr\u00fcstung wird wieder auf Vordermann\/-frau gebracht. Unsere \u00f6sterreichischen Athleten befinden sich nat\u00fcrlich bereits mitten in den Vorbereitungen auf die ersten Rennen und stehen voll im Training. Gemeinsam mit der Italienischen Mannschaft, der f\u00fchrenden Nation bei der letzten Weltmeisterschaft 2013 im Wettkampf-Skibergsteigen, wird das [&hellip;]<\/p>\n","protected":false},"author":4,"featured_media":0,"comment_status":"closed","ping_status":"closed","sticky":false,"template":"","format":"standard","meta":[],"categories":[1,9,3],"tags":[],"yoast_head":"<!-- This site is optimized with the Yoast SEO plugin v16.3 - https:\/\/yoast.com\/wordpress\/plugins\/seo\/ -->\n<title>Gemeinsames Trainingswochenende der \u00d6sterreichischen und Italienischen Mannschaft im Skibergsteigen in Sappada (ITA) - Sportler<\/title>\n<meta name=\"robots\" content=\"index, follow, max-snippet:-1, max-image-preview:large, max-video-preview:-1\" \/>\n<link rel=\"canonical\" href=\"https:\/\/www.skimo.at\/sportler\/1149\/gemeinsames-trainingswochenende-der-osterreichischen-und-italienischen-mannschaft-im-skibergsteigen-in-sappada-ita\/\" \/>\n<meta property=\"og:locale\" content=\"de_DE\" \/>\n<meta property=\"og:type\" content=\"article\" \/>\n<meta property=\"og:title\" content=\"Gemeinsames Trainingswochenende der \u00d6sterreichischen und Italienischen Mannschaft im Skibergsteigen in Sappada (ITA) - Sportler\" \/>\n<meta property=\"og:description\" content=\"Die Temperaturen werden k\u00e4lter, der Schnee schaut langsam von den Bergspitzen, die Wintersportausr\u00fcstung wird wieder auf Vordermann\/-frau gebracht. Unsere \u00f6sterreichischen Athleten befinden sich nat\u00fcrlich bereits mitten in den Vorbereitungen auf die ersten Rennen und stehen voll im Training. Gemeinsam mit der Italienischen Mannschaft, der f\u00fchrenden Nation bei der letzten Weltmeisterschaft 2013 im Wettkampf-Skibergsteigen, wird das [&hellip;]\" \/>\n<meta property=\"og:url\" content=\"https:\/\/www.skimo.at\/sportler\/1149\/gemeinsames-trainingswochenende-der-osterreichischen-und-italienischen-mannschaft-im-skibergsteigen-in-sappada-ita\/\" \/>\n<meta property=\"og:site_name\" content=\"Sportler\" \/>\n<meta property=\"article:published_time\" content=\"2013-09-12T16:40:05+00:00\" \/>\n<meta property=\"article:modified_time\" content=\"2013-09-12T16:40:22+00:00\" \/>\n<meta name=\"twitter:card\" content=\"summary\" \/>\n<meta name=\"twitter:label1\" content=\"Gesch\u00e4tzte Lesezeit\">\n\t<meta name=\"twitter:data1\" content=\"1\u00a0Minute\">\n<script type=\"application\/ld+json\" class=\"yoast-schema-graph\">{\"@context\":\"https:\/\/schema.org\",\"@graph\":[{\"@type\":\"WebSite\",\"@id\":\"https:\/\/skimo.73.jarolim.eu\/sportler\/#website\",\"url\":\"https:\/\/skimo.73.jarolim.eu\/sportler\/\",\"name\":\"Sportler\",\"description\":\"\",\"potentialAction\":[{\"@type\":\"SearchAction\",\"target\":\"https:\/\/skimo.73.jarolim.eu\/sportler\/?s={search_term_string}\",\"query-input\":\"required name=search_term_string\"}],\"inLanguage\":\"de\"},{\"@type\":\"WebPage\",\"@id\":\"https:\/\/www.skimo.at\/sportler\/1149\/gemeinsames-trainingswochenende-der-osterreichischen-und-italienischen-mannschaft-im-skibergsteigen-in-sappada-ita\/#webpage\",\"url\":\"https:\/\/www.skimo.at\/sportler\/1149\/gemeinsames-trainingswochenende-der-osterreichischen-und-italienischen-mannschaft-im-skibergsteigen-in-sappada-ita\/\",\"name\":\"Gemeinsames Trainingswochenende der \\u00d6sterreichischen und Italienischen Mannschaft im Skibergsteigen in Sappada (ITA) - Sportler\",\"isPartOf\":{\"@id\":\"https:\/\/skimo.73.jarolim.eu\/sportler\/#website\"},\"datePublished\":\"2013-09-12T16:40:05+00:00\",\"dateModified\":\"2013-09-12T16:40:22+00:00\",\"author\":{\"@id\":\"https:\/\/skimo.73.jarolim.eu\/sportler\/#\/schema\/person\/89e18f4c3d09b5434dbc2dc0cefbcd30\"},\"breadcrumb\":{\"@id\":\"https:\/\/www.skimo.at\/sportler\/1149\/gemeinsames-trainingswochenende-der-osterreichischen-und-italienischen-mannschaft-im-skibergsteigen-in-sappada-ita\/#breadcrumb\"},\"inLanguage\":\"de\",\"potentialAction\":[{\"@type\":\"ReadAction\",\"target\":[\"https:\/\/www.skimo.at\/sportler\/1149\/gemeinsames-trainingswochenende-der-osterreichischen-und-italienischen-mannschaft-im-skibergsteigen-in-sappada-ita\/\"]}]},{\"@type\":\"BreadcrumbList\",\"@id\":\"https:\/\/www.skimo.at\/sportler\/1149\/gemeinsames-trainingswochenende-der-osterreichischen-und-italienischen-mannschaft-im-skibergsteigen-in-sappada-ita\/#breadcrumb\",\"itemListElement\":[{\"@type\":\"ListItem\",\"position\":1,\"item\":{\"@type\":\"WebPage\",\"@id\":\"https:\/\/skimo.73.jarolim.eu\/sportler\/\",\"url\":\"https:\/\/skimo.73.jarolim.eu\/sportler\/\",\"name\":\"Home\"}},{\"@type\":\"ListItem\",\"position\":2,\"item\":{\"@id\":\"https:\/\/www.skimo.at\/sportler\/1149\/gemeinsames-trainingswochenende-der-osterreichischen-und-italienischen-mannschaft-im-skibergsteigen-in-sappada-ita\/#webpage\"}}]},{\"@type\":\"Person\",\"@id\":\"https:\/\/skimo.73.jarolim.eu\/sportler\/#\/schema\/person\/89e18f4c3d09b5434dbc2dc0cefbcd30\",\"name\":\"aspielbuechler\",\"image\":{\"@type\":\"ImageObject\",\"@id\":\"https:\/\/skimo.73.jarolim.eu\/sportler\/#personlogo\",\"inLanguage\":\"de\",\"url\":\"https:\/\/secure.gravatar.com\/avatar\/1220d25619b41a33e4710c8b968dc56e?s=96&r=g\",\"contentUrl\":\"https:\/\/secure.gravatar.com\/avatar\/1220d25619b41a33e4710c8b968dc56e?s=96&r=g\",\"caption\":\"aspielbuechler\"},\"url\":\"https:\/\/www.skimo.at\/sportler\/author\/aspielbuechler\/\"}]}<\/script>\n<!-- \/ Yoast SEO plugin. -->","_links":{"self":[{"href":"https:\/\/www.skimo.at\/sportler\/wp-json\/wp\/v2\/posts\/1149"}],"collection":[{"href":"https:\/\/www.skimo.at\/sportler\/wp-json\/wp\/v2\/posts"}],"about":[{"href":"https:\/\/www.skimo.at\/sportler\/wp-json\/wp\/v2\/types\/post"}],"author":[{"embeddable":true,"href":"https:\/\/www.skimo.at\/sportler\/wp-json\/wp\/v2\/users\/4"}],"replies":[{"embeddable":true,"href":"https:\/\/www.skimo.at\/sportler\/wp-json\/wp\/v2\/comments?post=1149"}],"version-history":[{"count":4,"href":"https:\/\/www.skimo.at\/sportler\/wp-json\/wp\/v2\/posts\/1149\/revisions"}],"predecessor-version":[{"id":1154,"href":"https:\/\/www.skimo.at\/sportler\/wp-json\/wp\/v2\/posts\/1149\/revisions\/1154"}],"wp:attachment":[{"href":"https:\/\/www.skimo.at\/sportler\/wp-json\/wp\/v2\/media?parent=1149"}],"wp:term":[{"taxonomy":"category","embeddable":true,"href":"https:\/\/www.skimo.at\/sportler\/wp-json\/wp\/v2\/categories?post=1149"},{"taxonomy":"post_tag","embeddable":true,"href":"https:\/\/www.skimo.at\/sportler\/wp-json\/wp\/v2\/tags?post=1149"}],"curies":[{"name":"wp","href":"https:\/\/api.w.org\/{rel}","templated":true}]}}