{"id":1133,"date":"2013-06-01T09:58:50","date_gmt":"2013-06-01T07:58:50","guid":{"rendered":"http:\/\/www.skimo.at\/sportler\/?p=1133"},"modified":"2013-06-01T09:59:06","modified_gmt":"2013-06-01T07:59:06","slug":"abschlusmeeting-der-nationalmannschaft-in-mittersill","status":"publish","type":"post","link":"https:\/\/www.skimo.at\/sportler\/1133\/abschlusmeeting-der-nationalmannschaft-in-mittersill\/","title":{"rendered":"Abschlu\u00dfmeeting der Nationalmannschaft in Mittersill"},"content":{"rendered":"<p>Wenngleich das Wetter gestern in Mittersill eher einem Meeting zum Saisonbeginn der Wettkampf-Skibergsteiger entsprochen h\u00e4tte, so traf sich die Nationalmannschaft trotzdem wie \u00fcblich Ende Mai zum allj\u00e4hrlichen Abschlusstreffen, bevor es endg\u00fcltig in die wohlverdiente Sommerpause gehen wird. Wie bereits die Jahre zuvor quartierte sich der ASKIMO mit seinen Athleten bei der Familie Aigner im <a href=\"http:\/\/www.hotel-hirschenwirt.at\/\" target=\"_blank\">Gasthof Hirschenwirt<\/a> ein und wurde hier am langen Besprechungstag perfekt versorgt. Der Ort Mittersill wird seit Jahren f\u00fcr das Teammeeting genommen, da er f\u00fcr die aus ganz \u00d6sterreich zusammenkommenden Athleten gleich lange Anfahrtszeiten hat. Au\u00dfer f\u00fcr die Osttiroler, die mussten zu Fu\u00df gehen\u2026 Luftlinie lediglich ein paar Kilometer entfernt, kann der Felbertauern aufgrund des Hangrutsches und der Versch\u00fcttung der Stra\u00dfe nicht befahren werden. So nahmen die zwei Martins das Bus-Shuttle in Anspruch, bei diesem ist in der Mitte ein kurzer Fu\u00dfmarsch beinhaltet. Diesen Weg kannten die beiden bereits von der Hohen Tauern Trophy, er ist ein Teil der Rennstrecke. Die Anreise zum Teammeeting diente sozusagen bereits wieder als Vorbereitung f\u00fcr das Rennen im n\u00e4chsten Jahr!<\/p>\n<p>Dichtes Programm stand am Plan, der Vormittag begann mit einem Training von Mentalcoach Claudia Kroske. Die Athleten bekamen hier interessante Infos zu h\u00f6ren, welche Faktoren die sportliche Leistung beeinflussen und wie wichtig die mentale Einstellung dabei ist. Gut aufbereitet von Claudia Kroske dufte dabei auch der Spa\u00df zwischendurch nicht zu kurz kommen.<\/p>\n<p>Im Anschluss auf das Coaching fanden die \u00fcblichen Einzelgespr\u00e4che der Athleten mit Trainer Alex Lugger und Teamleiter Karl Posch statt.<\/p>\n<p>Das Nationalteam hat mit dem Sommerprogramm schon voll begonnen, die Ski so richtig in die Ecke ger\u00e4umt hat aber noch nicht jeder \u2013 kein Wunder bei dem vielen Neuschnee in der letzten Zeit. Wettkampfm\u00e4\u00dfig hei\u00dft es nun mal etwas pausieren, der ein oder andere Berglauf wird aus Spa\u00df gemacht, ansonsten konzentrieren sich die Teammitglieder mit ihrem Trainingsplan wieder voll auf die Wintersaison.<\/p>\n","protected":false},"excerpt":{"rendered":"<p>Wenngleich das Wetter gestern in Mittersill eher einem Meeting zum Saisonbeginn der Wettkampf-Skibergsteiger entsprochen h\u00e4tte, so traf sich die Nationalmannschaft trotzdem wie \u00fcblich Ende Mai zum allj\u00e4hrlichen Abschlusstreffen, bevor es endg\u00fcltig in die wohlverdiente Sommerpause gehen wird. Wie bereits die Jahre zuvor quartierte sich der ASKIMO mit seinen Athleten bei der Familie Aigner im Gasthof [&hellip;]<\/p>\n","protected":false},"author":4,"featured_media":1136,"comment_status":"closed","ping_status":"closed","sticky":false,"template":"","format":"standard","meta":[],"categories":[1,9,3,7],"tags":[],"yoast_head":"<!-- This site is optimized with the Yoast SEO plugin v16.3 - https:\/\/yoast.com\/wordpress\/plugins\/seo\/ -->\n<title>Abschlu\u00dfmeeting der Nationalmannschaft in Mittersill - Sportler<\/title>\n<meta name=\"robots\" content=\"index, follow, max-snippet:-1, max-image-preview:large, max-video-preview:-1\" \/>\n<link rel=\"canonical\" href=\"https:\/\/www.skimo.at\/sportler\/1133\/abschlusmeeting-der-nationalmannschaft-in-mittersill\/\" \/>\n<meta property=\"og:locale\" content=\"de_DE\" \/>\n<meta property=\"og:type\" content=\"article\" \/>\n<meta property=\"og:title\" content=\"Abschlu\u00dfmeeting der Nationalmannschaft in Mittersill - Sportler\" \/>\n<meta property=\"og:description\" content=\"Wenngleich das Wetter gestern in Mittersill eher einem Meeting zum Saisonbeginn der Wettkampf-Skibergsteiger entsprochen h\u00e4tte, so traf sich die Nationalmannschaft trotzdem wie \u00fcblich Ende Mai zum allj\u00e4hrlichen Abschlusstreffen, bevor es endg\u00fcltig in die wohlverdiente Sommerpause gehen wird. Wie bereits die Jahre zuvor quartierte sich der ASKIMO mit seinen Athleten bei der Familie Aigner im Gasthof [&hellip;]\" \/>\n<meta property=\"og:url\" content=\"https:\/\/www.skimo.at\/sportler\/1133\/abschlusmeeting-der-nationalmannschaft-in-mittersill\/\" \/>\n<meta property=\"og:site_name\" content=\"Sportler\" \/>\n<meta property=\"article:published_time\" content=\"2013-06-01T07:58:50+00:00\" \/>\n<meta property=\"article:modified_time\" content=\"2013-06-01T07:59:06+00:00\" \/>\n<meta property=\"og:image\" content=\"https:\/\/skimo.73.jarolim.eu\/sportler\/files\/2013\/06\/Teammeeting-Mittersill-2013-_-2-_-Bild-Anna-Spielbuechler.jpg\" \/>\n\t<meta property=\"og:image:width\" content=\"1843\" \/>\n\t<meta property=\"og:image:height\" content=\"1213\" \/>\n<meta name=\"twitter:card\" content=\"summary\" \/>\n<meta name=\"twitter:label1\" content=\"Gesch\u00e4tzte Lesezeit\">\n\t<meta name=\"twitter:data1\" content=\"2\u00a0Minuten\">\n<script type=\"application\/ld+json\" class=\"yoast-schema-graph\">{\"@context\":\"https:\/\/schema.org\",\"@graph\":[{\"@type\":\"WebSite\",\"@id\":\"https:\/\/skimo.73.jarolim.eu\/sportler\/#website\",\"url\":\"https:\/\/skimo.73.jarolim.eu\/sportler\/\",\"name\":\"Sportler\",\"description\":\"\",\"potentialAction\":[{\"@type\":\"SearchAction\",\"target\":\"https:\/\/skimo.73.jarolim.eu\/sportler\/?s={search_term_string}\",\"query-input\":\"required name=search_term_string\"}],\"inLanguage\":\"de\"},{\"@type\":\"ImageObject\",\"@id\":\"https:\/\/www.skimo.at\/sportler\/1133\/abschlusmeeting-der-nationalmannschaft-in-mittersill\/#primaryimage\",\"inLanguage\":\"de\",\"url\":\"https:\/\/www.skimo.at\/sportler\/files\/2013\/06\/Teammeeting-Mittersill-2013-_-2-_-Bild-Anna-Spielbuechler.jpg\",\"contentUrl\":\"https:\/\/www.skimo.at\/sportler\/files\/2013\/06\/Teammeeting-Mittersill-2013-_-2-_-Bild-Anna-Spielbuechler.jpg\",\"width\":1843,\"height\":1213},{\"@type\":\"WebPage\",\"@id\":\"https:\/\/www.skimo.at\/sportler\/1133\/abschlusmeeting-der-nationalmannschaft-in-mittersill\/#webpage\",\"url\":\"https:\/\/www.skimo.at\/sportler\/1133\/abschlusmeeting-der-nationalmannschaft-in-mittersill\/\",\"name\":\"Abschlu\\u00dfmeeting der Nationalmannschaft in Mittersill - Sportler\",\"isPartOf\":{\"@id\":\"https:\/\/skimo.73.jarolim.eu\/sportler\/#website\"},\"primaryImageOfPage\":{\"@id\":\"https:\/\/www.skimo.at\/sportler\/1133\/abschlusmeeting-der-nationalmannschaft-in-mittersill\/#primaryimage\"},\"datePublished\":\"2013-06-01T07:58:50+00:00\",\"dateModified\":\"2013-06-01T07:59:06+00:00\",\"author\":{\"@id\":\"https:\/\/skimo.73.jarolim.eu\/sportler\/#\/schema\/person\/89e18f4c3d09b5434dbc2dc0cefbcd30\"},\"breadcrumb\":{\"@id\":\"https:\/\/www.skimo.at\/sportler\/1133\/abschlusmeeting-der-nationalmannschaft-in-mittersill\/#breadcrumb\"},\"inLanguage\":\"de\",\"potentialAction\":[{\"@type\":\"ReadAction\",\"target\":[\"https:\/\/www.skimo.at\/sportler\/1133\/abschlusmeeting-der-nationalmannschaft-in-mittersill\/\"]}]},{\"@type\":\"BreadcrumbList\",\"@id\":\"https:\/\/www.skimo.at\/sportler\/1133\/abschlusmeeting-der-nationalmannschaft-in-mittersill\/#breadcrumb\",\"itemListElement\":[{\"@type\":\"ListItem\",\"position\":1,\"item\":{\"@type\":\"WebPage\",\"@id\":\"https:\/\/skimo.73.jarolim.eu\/sportler\/\",\"url\":\"https:\/\/skimo.73.jarolim.eu\/sportler\/\",\"name\":\"Home\"}},{\"@type\":\"ListItem\",\"position\":2,\"item\":{\"@id\":\"https:\/\/www.skimo.at\/sportler\/1133\/abschlusmeeting-der-nationalmannschaft-in-mittersill\/#webpage\"}}]},{\"@type\":\"Person\",\"@id\":\"https:\/\/skimo.73.jarolim.eu\/sportler\/#\/schema\/person\/89e18f4c3d09b5434dbc2dc0cefbcd30\",\"name\":\"aspielbuechler\",\"image\":{\"@type\":\"ImageObject\",\"@id\":\"https:\/\/skimo.73.jarolim.eu\/sportler\/#personlogo\",\"inLanguage\":\"de\",\"url\":\"https:\/\/secure.gravatar.com\/avatar\/1220d25619b41a33e4710c8b968dc56e?s=96&r=g\",\"contentUrl\":\"https:\/\/secure.gravatar.com\/avatar\/1220d25619b41a33e4710c8b968dc56e?s=96&r=g\",\"caption\":\"aspielbuechler\"},\"url\":\"https:\/\/www.skimo.at\/sportler\/author\/aspielbuechler\/\"}]}<\/script>\n<!-- \/ Yoast SEO plugin. -->","_links":{"self":[{"href":"https:\/\/www.skimo.at\/sportler\/wp-json\/wp\/v2\/posts\/1133"}],"collection":[{"href":"https:\/\/www.skimo.at\/sportler\/wp-json\/wp\/v2\/posts"}],"about":[{"href":"https:\/\/www.skimo.at\/sportler\/wp-json\/wp\/v2\/types\/post"}],"author":[{"embeddable":true,"href":"https:\/\/www.skimo.at\/sportler\/wp-json\/wp\/v2\/users\/4"}],"replies":[{"embeddable":true,"href":"https:\/\/www.skimo.at\/sportler\/wp-json\/wp\/v2\/comments?post=1133"}],"version-history":[{"count":3,"href":"https:\/\/www.skimo.at\/sportler\/wp-json\/wp\/v2\/posts\/1133\/revisions"}],"predecessor-version":[{"id":1142,"href":"https:\/\/www.skimo.at\/sportler\/wp-json\/wp\/v2\/posts\/1133\/revisions\/1142"}],"wp:featuredmedia":[{"embeddable":true,"href":"https:\/\/www.skimo.at\/sportler\/wp-json\/wp\/v2\/media\/1136"}],"wp:attachment":[{"href":"https:\/\/www.skimo.at\/sportler\/wp-json\/wp\/v2\/media?parent=1133"}],"wp:term":[{"taxonomy":"category","embeddable":true,"href":"https:\/\/www.skimo.at\/sportler\/wp-json\/wp\/v2\/categories?post=1133"},{"taxonomy":"post_tag","embeddable":true,"href":"https:\/\/www.skimo.at\/sportler\/wp-json\/wp\/v2\/tags?post=1133"}],"curies":[{"name":"wp","href":"https:\/\/api.w.org\/{rel}","templated":true}]}}