{"id":1094,"date":"2013-04-14T12:28:15","date_gmt":"2013-04-14T10:28:15","guid":{"rendered":"http:\/\/www.skimo.at\/sportler\/?p=1094"},"modified":"2013-04-14T17:57:20","modified_gmt":"2013-04-14T15:57:20","slug":"weltcupfinale-tromso-tag-3-individual-race","status":"publish","type":"post","link":"https:\/\/www.skimo.at\/sportler\/1094\/weltcupfinale-tromso-tag-3-individual-race\/","title":{"rendered":"Weltcupfinale Troms\u00f6 Tag 3: das \u00d6sterreichische Nationalteam schlie\u00dft den Weltcup 2013 mit einem erfolgreichen Wochenende"},"content":{"rendered":"<p>Mit einem Rennwochenende der Extraklasse beendete die \u00f6sterreichische Nationalmannschaft ihre diesj\u00e4hrige Weltcup Saison. Das gro\u00dfe Finale fand heuer bereits zum zweiten Mal in der norwegischen K\u00fcstenstadt Troms\u00f8 statt. Nach einer schwierigen Saison, durchwachsen von gesundheitlichen Problemen und Verletzungen im Team, konnten die \u00d6sterreicher im Finale doch noch mit guten Ergebnissen den Abschluss verdient feiern. Auf den gestrigen Sprintbewerb folgte heute noch ein erfolgreiches Individual Race f\u00fcr Martin Wei\u00dfkopf und Alex Fasser.<\/p>\n<p>Der alpine Bewerb mit mehreren Aufstiegen, Tragepassagen und Abfahrten f\u00fchrte die Athleten in die umliegende Bergwelt von Troms\u00f8, im Blickwinkel stets das Meer und die Fjorde, bei den Abfahrten ging es hinunter bis ans Meeresniveau. Kurzfristig wurde die Strecke heute am Morgen noch verk\u00fcrzt. Eine Schlechtwetterfront h\u00fcllte p\u00fcnktlich vor Startbeginn die Berggipfel in dichten Nebel, ein Aufstieg bis zum Gipfel, wie die Rennstrecke urspr\u00fcnglich geplant war, war auch Sicherheitsgr\u00fcnden nicht m\u00f6glich. Und wie es sich f\u00fcr den April so geh\u00f6rt, strahlte nach dem Rennen wieder die Sonne vom Himmel\u2026 Trotzdem war die um rund 400 Hm verk\u00fcrzte Strecke technisch sehr anspruchsvoll, eine steile Tragepassage und Abfahrten mit Bruchharsch verlangten den Oberschenkeln der Athleten einiges ab.<\/p>\n<p>Martin Wei\u00dfkopf konnte seine gestrige Leistung (der 9. Rang von gestern wurde leider nicht zu seinem Gunsten auf einen 10. Platz korrigiert\u2026) wiederholen und finishte in einem erneut sehr stark besetzten Rennen mit dem 13. Rang \u2013 w\u00e4re \u00fcbrigens heute wieder, h\u00e4tte es eine Espoirwertung gegeben, ein 3. Platz geworden. \u201eEs war eindeutig das beste Wochenende der Saison, ich bin super zufrieden mit beiden Ergebnissen. Heute war ich immer mit Alex relativ gleich unterwegs, erst im letzten Aufstieg habe ich mich noch etwas absetzen k\u00f6nnen\u201c, so ein gl\u00fccklicher Wei\u00dfkopf im Ziel. Im Zielsprint, bestehend aus einem Skatingteil hat er zus\u00e4tzlich noch weitere Pl\u00e4tze gut machen k\u00f6nnen und zwei Konkurrenten \u00fcberholen.<br \/>\nAlexander Fasser, der am Sprint nicht teilgenommen hat, hat der Konkurrenz heute im Individual Race gezeigt, dass er nach seiner gesundheitsbedingten Pause wieder gut mithalten kann. Er beendete das Rennen mit dem 16. Rang. \u201eEs war kein leichtes Rennen. Schwierig war vor allem die letzte Abfahrt mit gro\u00dfteils Bruchharsch. Aber mir ist es sehr gut gegangen, so machen die Rennen wirklich wieder Spa\u00df\u201c, ein zufriedener Alex Fasser nach dem Wettkampf. Laut Trainer Alex Lugger h\u00e4tten f\u00fcr unsere zwei Athleten vielleicht sogar noch bessere Platzierungen drinnen sein k\u00f6nnen, w\u00e4re die Strecke nicht gek\u00fcrzt worden. So war zum Beispiel Weltmeister Matheo Jacquemoud schon relativ \u201eblau\u201c gegen Ende hin, f\u00fcr Martin Wei\u00dfkopf w\u00e4re hier ein Einholen eventuell noch m\u00f6glich gewesen, w\u00e4re das Rennen erst sp\u00e4ter zu Ende gewesen. Generell ist Alex Lugger heute sehr zufrieden mit der Leistung der zwei Athleten. Rund vier Minuten R\u00fcckstand unserer \u00d6sterreicher auf den F\u00fchrenden William Bon Mardion (FRA), der das Rennen mit einer Zeit von 1:10:41,2 und nur 42 Sekunden Vorsprung vor Martin Anthamatten (SUI) und Matteo Eydallin (ITA) beendete, sind nicht viel. Auch dass sich mit Martin Wei\u00dfkopf und Alex Fasser erstmals zwei Athleten auf Platzierungen im Spitzenfeld mitmischen, ist f\u00fcr den Trainer ein mehr als gelungener Saisonabschluss. Vor allem da es von Jahr zu Jahr h\u00e4rter und knapper wird unter den ersten 20 Athleten im Feld. Gerade im Finale ist f\u00fcr die Herren Senior noch ein harter Kampf um die wertvollen Punkte f\u00fcr die Gesamtwertung ausgebrochen, die so manchen Athleten weiter nach vorne oder auch weiter nach hinten gebracht haben.<\/p>\n<p>Bei den Damen gingen der heutige Sieg ebenfalls nach Frankreich durch Laetitia Roux vor Maude Mathys (SUI) und Gloriana Pellissier (ITA).<\/p>\n<p>F\u00fcr das \u00d6sterreichische Nationalteam geht mit diesem Wochenende eine schwierige Saison durch ein meist stark dezimiertes Team (Verletzung von Veronika Swidrak, gesundheitliche Probleme von Alex Fasser und Michaela Essl und Erkrankung von WM-Medaillenhoffnung Ina Forchthammer) bei Weltcup und Weltmeisterschaft zu Ende. Trotzdem kann das Team auf insgesamt 14 hart erk\u00e4mpfte TopTen Pl\u00e4tze, einen 10. Rang in der Nationenwertung der Weltmeisterschaft und drei TopFive Platzierungen in der Weltcupgesamtwertung zur\u00fcckblicken. Martin Wei\u00dfkopf holte letztlich in der Espoirklasse im Gesamtweltcup (Individual, Sprint und Vertical zusammen), in der Sprint Gesamtwertung und in der Individual Gesamtwertung den 5. Rang in der Espoirklasse.<\/p>\n<p>F\u00fcr die Athleten geht es nun in die wohlverdiente Sommerpause mit einer kurzen Ruhephase zu Beginn, bevor die harten Vorbereitungen f\u00fcr die n\u00e4chste Saison bevorstehen. Denn die Motivation von Athleten und Verband ist gro\u00df: n\u00e4chstes Jahr muss die rot-wei\u00df-rote Flagge wieder mehr auf den internationalen Siegerpodesten zu sehen sein!<\/p>\n","protected":false},"excerpt":{"rendered":"<p>Mit einem Rennwochenende der Extraklasse beendete die \u00f6sterreichische Nationalmannschaft ihre diesj\u00e4hrige Weltcup Saison. Das gro\u00dfe Finale fand heuer bereits zum zweiten Mal in der norwegischen K\u00fcstenstadt Troms\u00f8 statt. Nach einer schwierigen Saison, durchwachsen von gesundheitlichen Problemen und Verletzungen im Team, konnten die \u00d6sterreicher im Finale doch noch mit guten Ergebnissen den Abschluss verdient feiern. Auf [&hellip;]<\/p>\n","protected":false},"author":4,"featured_media":1110,"comment_status":"closed","ping_status":"closed","sticky":false,"template":"","format":"standard","meta":[],"categories":[1,9,3,7],"tags":[],"yoast_head":"<!-- This site is optimized with the Yoast SEO plugin v16.3 - https:\/\/yoast.com\/wordpress\/plugins\/seo\/ -->\n<title>Weltcupfinale Troms\u00f6 Tag 3: das \u00d6sterreichische Nationalteam schlie\u00dft den Weltcup 2013 mit einem erfolgreichen Wochenende - Sportler<\/title>\n<meta name=\"robots\" content=\"index, follow, max-snippet:-1, max-image-preview:large, max-video-preview:-1\" \/>\n<link rel=\"canonical\" href=\"https:\/\/www.skimo.at\/sportler\/1094\/weltcupfinale-tromso-tag-3-individual-race\/\" \/>\n<meta property=\"og:locale\" content=\"de_DE\" \/>\n<meta property=\"og:type\" content=\"article\" \/>\n<meta property=\"og:title\" content=\"Weltcupfinale Troms\u00f6 Tag 3: das \u00d6sterreichische Nationalteam schlie\u00dft den Weltcup 2013 mit einem erfolgreichen Wochenende - Sportler\" \/>\n<meta property=\"og:description\" content=\"Mit einem Rennwochenende der Extraklasse beendete die \u00f6sterreichische Nationalmannschaft ihre diesj\u00e4hrige Weltcup Saison. Das gro\u00dfe Finale fand heuer bereits zum zweiten Mal in der norwegischen K\u00fcstenstadt Troms\u00f8 statt. Nach einer schwierigen Saison, durchwachsen von gesundheitlichen Problemen und Verletzungen im Team, konnten die \u00d6sterreicher im Finale doch noch mit guten Ergebnissen den Abschluss verdient feiern. Auf [&hellip;]\" \/>\n<meta property=\"og:url\" content=\"https:\/\/www.skimo.at\/sportler\/1094\/weltcupfinale-tromso-tag-3-individual-race\/\" \/>\n<meta property=\"og:site_name\" content=\"Sportler\" \/>\n<meta property=\"article:published_time\" content=\"2013-04-14T10:28:15+00:00\" \/>\n<meta property=\"article:modified_time\" content=\"2013-04-14T15:57:20+00:00\" \/>\n<meta property=\"og:image\" content=\"https:\/\/skimo.73.jarolim.eu\/sportler\/files\/2013\/04\/Individual_Martin-Weisskopf-1_Bild-Stephan-Mantler_LR.jpg\" \/>\n\t<meta property=\"og:image:width\" content=\"2000\" \/>\n\t<meta property=\"og:image:height\" content=\"1331\" \/>\n<meta name=\"twitter:card\" content=\"summary\" \/>\n<meta name=\"twitter:label1\" content=\"Gesch\u00e4tzte Lesezeit\">\n\t<meta name=\"twitter:data1\" content=\"4\u00a0Minuten\">\n<script type=\"application\/ld+json\" class=\"yoast-schema-graph\">{\"@context\":\"https:\/\/schema.org\",\"@graph\":[{\"@type\":\"WebSite\",\"@id\":\"https:\/\/skimo.73.jarolim.eu\/sportler\/#website\",\"url\":\"https:\/\/skimo.73.jarolim.eu\/sportler\/\",\"name\":\"Sportler\",\"description\":\"\",\"potentialAction\":[{\"@type\":\"SearchAction\",\"target\":\"https:\/\/skimo.73.jarolim.eu\/sportler\/?s={search_term_string}\",\"query-input\":\"required name=search_term_string\"}],\"inLanguage\":\"de\"},{\"@type\":\"ImageObject\",\"@id\":\"https:\/\/www.skimo.at\/sportler\/1094\/weltcupfinale-tromso-tag-3-individual-race\/#primaryimage\",\"inLanguage\":\"de\",\"url\":\"https:\/\/www.skimo.at\/sportler\/files\/2013\/04\/Individual_Martin-Weisskopf-1_Bild-Stephan-Mantler_LR.jpg\",\"contentUrl\":\"https:\/\/www.skimo.at\/sportler\/files\/2013\/04\/Individual_Martin-Weisskopf-1_Bild-Stephan-Mantler_LR.jpg\",\"width\":2000,\"height\":1331},{\"@type\":\"WebPage\",\"@id\":\"https:\/\/www.skimo.at\/sportler\/1094\/weltcupfinale-tromso-tag-3-individual-race\/#webpage\",\"url\":\"https:\/\/www.skimo.at\/sportler\/1094\/weltcupfinale-tromso-tag-3-individual-race\/\",\"name\":\"Weltcupfinale Troms\\u00f6 Tag 3: das \\u00d6sterreichische Nationalteam schlie\\u00dft den Weltcup 2013 mit einem erfolgreichen Wochenende - Sportler\",\"isPartOf\":{\"@id\":\"https:\/\/skimo.73.jarolim.eu\/sportler\/#website\"},\"primaryImageOfPage\":{\"@id\":\"https:\/\/www.skimo.at\/sportler\/1094\/weltcupfinale-tromso-tag-3-individual-race\/#primaryimage\"},\"datePublished\":\"2013-04-14T10:28:15+00:00\",\"dateModified\":\"2013-04-14T15:57:20+00:00\",\"author\":{\"@id\":\"https:\/\/skimo.73.jarolim.eu\/sportler\/#\/schema\/person\/89e18f4c3d09b5434dbc2dc0cefbcd30\"},\"breadcrumb\":{\"@id\":\"https:\/\/www.skimo.at\/sportler\/1094\/weltcupfinale-tromso-tag-3-individual-race\/#breadcrumb\"},\"inLanguage\":\"de\",\"potentialAction\":[{\"@type\":\"ReadAction\",\"target\":[\"https:\/\/www.skimo.at\/sportler\/1094\/weltcupfinale-tromso-tag-3-individual-race\/\"]}]},{\"@type\":\"BreadcrumbList\",\"@id\":\"https:\/\/www.skimo.at\/sportler\/1094\/weltcupfinale-tromso-tag-3-individual-race\/#breadcrumb\",\"itemListElement\":[{\"@type\":\"ListItem\",\"position\":1,\"item\":{\"@type\":\"WebPage\",\"@id\":\"https:\/\/skimo.73.jarolim.eu\/sportler\/\",\"url\":\"https:\/\/skimo.73.jarolim.eu\/sportler\/\",\"name\":\"Home\"}},{\"@type\":\"ListItem\",\"position\":2,\"item\":{\"@id\":\"https:\/\/www.skimo.at\/sportler\/1094\/weltcupfinale-tromso-tag-3-individual-race\/#webpage\"}}]},{\"@type\":\"Person\",\"@id\":\"https:\/\/skimo.73.jarolim.eu\/sportler\/#\/schema\/person\/89e18f4c3d09b5434dbc2dc0cefbcd30\",\"name\":\"aspielbuechler\",\"image\":{\"@type\":\"ImageObject\",\"@id\":\"https:\/\/skimo.73.jarolim.eu\/sportler\/#personlogo\",\"inLanguage\":\"de\",\"url\":\"https:\/\/secure.gravatar.com\/avatar\/1220d25619b41a33e4710c8b968dc56e?s=96&r=g\",\"contentUrl\":\"https:\/\/secure.gravatar.com\/avatar\/1220d25619b41a33e4710c8b968dc56e?s=96&r=g\",\"caption\":\"aspielbuechler\"},\"url\":\"https:\/\/www.skimo.at\/sportler\/author\/aspielbuechler\/\"}]}<\/script>\n<!-- \/ Yoast SEO plugin. -->","_links":{"self":[{"href":"https:\/\/www.skimo.at\/sportler\/wp-json\/wp\/v2\/posts\/1094"}],"collection":[{"href":"https:\/\/www.skimo.at\/sportler\/wp-json\/wp\/v2\/posts"}],"about":[{"href":"https:\/\/www.skimo.at\/sportler\/wp-json\/wp\/v2\/types\/post"}],"author":[{"embeddable":true,"href":"https:\/\/www.skimo.at\/sportler\/wp-json\/wp\/v2\/users\/4"}],"replies":[{"embeddable":true,"href":"https:\/\/www.skimo.at\/sportler\/wp-json\/wp\/v2\/comments?post=1094"}],"version-history":[{"count":6,"href":"https:\/\/www.skimo.at\/sportler\/wp-json\/wp\/v2\/posts\/1094\/revisions"}],"predecessor-version":[{"id":1102,"href":"https:\/\/www.skimo.at\/sportler\/wp-json\/wp\/v2\/posts\/1094\/revisions\/1102"}],"wp:featuredmedia":[{"embeddable":true,"href":"https:\/\/www.skimo.at\/sportler\/wp-json\/wp\/v2\/media\/1110"}],"wp:attachment":[{"href":"https:\/\/www.skimo.at\/sportler\/wp-json\/wp\/v2\/media?parent=1094"}],"wp:term":[{"taxonomy":"category","embeddable":true,"href":"https:\/\/www.skimo.at\/sportler\/wp-json\/wp\/v2\/categories?post=1094"},{"taxonomy":"post_tag","embeddable":true,"href":"https:\/\/www.skimo.at\/sportler\/wp-json\/wp\/v2\/tags?post=1094"}],"curies":[{"name":"wp","href":"https:\/\/api.w.org\/{rel}","templated":true}]}}