{"id":1084,"date":"2013-04-13T18:24:44","date_gmt":"2013-04-13T16:24:44","guid":{"rendered":"http:\/\/www.skimo.at\/sportler\/?p=1084"},"modified":"2021-01-05T18:19:14","modified_gmt":"2021-01-05T16:19:14","slug":"weltcupfinale-tromso-nor-tag-2-sprintrennen","status":"publish","type":"post","link":"https:\/\/www.skimo.at\/sportler\/1084\/weltcupfinale-tromso-nor-tag-2-sprintrennen\/","title":{"rendered":"Weltcupfinale Troms\u00f6 (NOR) \u2013 Tag 2, Sprintrennen"},"content":{"rendered":"<p><span style=\"font-size: small\"><span style=\"color: #000000\"><span style=\"font-family: Tahoma\">Ein sensationelles Ergebnis gelang Martin Wei\u00dfkopf im heutigen Sprintrace in Troms\u00f8 (Norwegen): im sehr stark besetzten Rennen &#8211; schlie\u00dflich ging es f\u00fcr alle Top Athleten um die letzten begehrten Weltcup Punkte &#8211; sprintete Martin Wei\u00dfkopf auf den 9. Rang in der Gesamtwertung! <\/span><\/span><\/span><\/p>\n<p><span style=\"font-size: small\"><span style=\"color: #000000\"><span style=\"font-family: Tahoma\">Martin Wei\u00dfkopf begann das Rennen bereits souver\u00e4n mit einem 10. Platz im Prolog mit nur 8 Sekunden R\u00fcckstand auf die beste Zeit. Im Viertelfinale k\u00e4mpfte er sich weiter stark nach vorne, erreichte als zweiter seiner Gruppe, hinter Sepp Rottmoser das Ziel. Im Halbfinale musste er sich dann aber leider geschlagen geben. Er traf hier wieder auf den dominierenden Sprinter dieser Saison, Sepp Rottmoser, ebenso waren die starken Schweizer Athleten in seiner Gruppe, das Tempo in diesem Lauf war enorm hoch. Es ging sich hier f\u00fcr Martin letztendlich nur ein 5. Rang aus, er schied aus. Durch den starken Prologlauf zu Beginn kam aber letztendlich trotzdem der hervorragende 9. Gesamtrang f\u00fcr den jungen Osttiroler heraus, das beste Ergebnis der gesamten Saison f\u00fcr ihn.<\/span><\/span><\/span><\/p>\n<blockquote><p><span style=\"font-size: small\"><span style=\"color: #000000\"><span style=\"font-family: Tahoma\"> \u201eMein gro\u00dfes Ziel war es, bis ins Halbfinale zu kommen, das habe ich erreicht. Dass es dann sogar noch ein 9. Gesamtrang geworden ist, freut mich nat\u00fcrlich umso mehr. Ich bin \u00fcbergl\u00fccklich\u201c<\/span><\/span><\/span><\/p>\n<p><span style=\"font-size: small\"><span style=\"color: #000000\"><span style=\"font-family: Tahoma\">Martin Wei\u00dfkopf nach dem Rennen<\/span><\/span><\/span><\/p><\/blockquote>\n<blockquote><p><span style=\"font-size: small\"><span style=\"color: #000000\"><span style=\"font-family: Tahoma\">\u201eIch bin heute sehr zufrieden mit der Leistung von Martin, er ist ein super Rennen gelaufen, vom Prolog bis hin zum Halbfinale war er immer sehr stark unterwegs\u201c<\/span><\/span><\/span><\/p>\n<p><span style=\"font-size: small\"><span style=\"color: #000000\"><span style=\"font-family: Tahoma\">lobende Worte von Trainer Alex Lugger<\/span><\/span><\/span><\/p><\/blockquote>\n<p><span style=\"font-size: small\"><span style=\"color: #000000\"><span style=\"font-family: Tahoma\"> Dabei war die Strecke technisch absolut nicht leicht. Wie bereits im letzten Jahr f\u00fchrte die Runde durch die Innenstadt von Troms\u00f8, dieses Jahr haben die Organisatoren noch einige Schikanen f\u00fcr die Athleten eingebaut. Steilkurven und Wellen machten den Parcours somit nicht nur f\u00fcr die Athleten, sondern auch f\u00fcr die Zuschauer noch interessanter. Aufgrund der gut angelegten Streckenf\u00fchrung inmitten der kleinen norwegischen Hafenstadt und der spannenden und enorm starken Darbietungen der Sportler bei strahlendem Sonnenschein herrschte eine dementsprechend gute Stimmung w\u00e4hrend des gesamten Bewerbes. <\/span><\/span><\/span><\/p>\n<p><span style=\"font-size: small\"><span style=\"color: #000000\"><span style=\"font-family: Tahoma\">Dominiert hat heute durchgehend der Deutsche Sepp Rottmoser. Der Sprintweltmeister gewann souver\u00e4n alle L\u00e4ufe dieses Rennens und ist somit als w\u00fcrdiger Sieger aus diesem Bewerb herausgegangen. Rang 2 ging an den Schweizer Andreas Steindl, gefolgt von dem Franzosen Yannick Gachet. Bei den Damen ging der Sieg an die Amerikanerin Nina Silitch vor den beiden Schweizerinnen Emilie Gex-Fabry und Mireille Richard. <\/span><\/span><\/span><\/p>\n<p><span style=\"font-size: small\"><span style=\"color: #000000\"><span style=\"font-family: Tahoma\">Kleiner Wermutstropfen: es gibt in Troms\u00f8 leider keine Jugendwertungen, das hei\u00dft auch keine Espoirwertung, denn hier h\u00e4tte Martin als dritter seiner Altersklasse somit auch die erste Medaille mit nach Hause nehmen d\u00fcrfen\u2026 <\/span><\/span><\/span><\/p>\n<p><span style=\"font-size: small\"><span style=\"color: #000000\"><span style=\"font-family: Tahoma\">F\u00fcr unsere Athleten hei\u00dft es nun Ausruhen f\u00fcr morgen. Martin Wei\u00dfkopf ist nach dem heutigen Triumph nat\u00fcrlich hei\u00df auf eine Wiederholung dessen. Auch Alex Fasser, der am Sprint nicht teilgenommen hat, freut sich voller Motivation auf das morgige Rennen. Es wird sicher kein leichter Bewerb, die Schneeverh\u00e4ltnisse sind sehr schwierig. Bereits gestern bei der Besichtigung haben die Athleten extremen Bruchharsch vorgefunden, morgen werden die Bedingungen nicht anders sein. Gute Skifahrer werden hier einen Vorteil haben, unsere zwei Athleten k\u00f6nnen sich hier auf jeden Fall dazu z\u00e4hlen. Es wird aber auch morgen so sein wie bereits heute: Wenig Starter, daf\u00fcr aber nur die weltbesten Athleten, f\u00fcr die \u00d6sterreicher wird es mit Sicherheit erneut ein harter Kampf! Wir werden nat\u00fcrlich wieder, sobald es Ergebnisse gibt, aktuell auf der ASKIMO Facebook Seite und hier auf unserer Webseite berichten.<\/span><\/span><\/span><\/p>\n<p><span style=\"font-size: small\"><span style=\"color: #000000\"><span style=\"font-family: Tahoma\">Also: Daumen dr\u00fccken f\u00fcr einen guten Abschluss der \u00d6sterreicher morgen!<\/span><\/span><\/span><\/p>\n<p>Nachfolgend noch die Ergebnisliste von heute.<\/p>\n","protected":false},"excerpt":{"rendered":"<p>Ein sensationelles Ergebnis gelang Martin Wei\u00dfkopf im heutigen Sprintrace in Troms\u00f8 (Norwegen): im sehr stark besetzten Rennen &#8211; schlie\u00dflich ging es f\u00fcr alle Top Athleten um die letzten begehrten Weltcup Punkte &#8211; sprintete Martin Wei\u00dfkopf auf den 9. Rang in der Gesamtwertung! Martin Wei\u00dfkopf begann das Rennen bereits souver\u00e4n mit einem 10. Platz im Prolog [&hellip;]<\/p>\n","protected":false},"author":3,"featured_media":1087,"comment_status":"closed","ping_status":"closed","sticky":false,"template":"","format":"standard","meta":[],"categories":[1,11,9,3,7],"tags":[],"yoast_head":"<!-- This site is optimized with the Yoast SEO plugin v16.3 - https:\/\/yoast.com\/wordpress\/plugins\/seo\/ -->\n<title>Weltcupfinale Troms\u00f6 (NOR) \u2013 Tag 2, Sprintrennen - Sportler<\/title>\n<meta name=\"robots\" content=\"index, follow, max-snippet:-1, max-image-preview:large, max-video-preview:-1\" \/>\n<link rel=\"canonical\" href=\"https:\/\/www.skimo.at\/sportler\/1084\/weltcupfinale-tromso-nor-tag-2-sprintrennen\/\" \/>\n<meta property=\"og:locale\" content=\"de_DE\" \/>\n<meta property=\"og:type\" content=\"article\" \/>\n<meta property=\"og:title\" content=\"Weltcupfinale Troms\u00f6 (NOR) \u2013 Tag 2, Sprintrennen - Sportler\" \/>\n<meta property=\"og:description\" content=\"Ein sensationelles Ergebnis gelang Martin Wei\u00dfkopf im heutigen Sprintrace in Troms\u00f8 (Norwegen): im sehr stark besetzten Rennen &#8211; schlie\u00dflich ging es f\u00fcr alle Top Athleten um die letzten begehrten Weltcup Punkte &#8211; sprintete Martin Wei\u00dfkopf auf den 9. Rang in der Gesamtwertung! Martin Wei\u00dfkopf begann das Rennen bereits souver\u00e4n mit einem 10. Platz im Prolog [&hellip;]\" \/>\n<meta property=\"og:url\" content=\"https:\/\/www.skimo.at\/sportler\/1084\/weltcupfinale-tromso-nor-tag-2-sprintrennen\/\" \/>\n<meta property=\"og:site_name\" content=\"Sportler\" \/>\n<meta property=\"article:published_time\" content=\"2013-04-13T16:24:44+00:00\" \/>\n<meta property=\"article:modified_time\" content=\"2021-01-05T16:19:14+00:00\" \/>\n<meta property=\"og:image\" content=\"https:\/\/skimo.73.jarolim.eu\/sportler\/files\/2013\/04\/Sprint_20130413121013_Bild-Stephan-Mantler_LR.jpg\" \/>\n\t<meta property=\"og:image:width\" content=\"2000\" \/>\n\t<meta property=\"og:image:height\" content=\"1331\" \/>\n<meta name=\"twitter:card\" content=\"summary\" \/>\n<meta name=\"twitter:label1\" content=\"Gesch\u00e4tzte Lesezeit\">\n\t<meta name=\"twitter:data1\" content=\"3\u00a0Minuten\">\n<script type=\"application\/ld+json\" class=\"yoast-schema-graph\">{\"@context\":\"https:\/\/schema.org\",\"@graph\":[{\"@type\":\"WebSite\",\"@id\":\"https:\/\/skimo.73.jarolim.eu\/sportler\/#website\",\"url\":\"https:\/\/skimo.73.jarolim.eu\/sportler\/\",\"name\":\"Sportler\",\"description\":\"\",\"potentialAction\":[{\"@type\":\"SearchAction\",\"target\":\"https:\/\/skimo.73.jarolim.eu\/sportler\/?s={search_term_string}\",\"query-input\":\"required name=search_term_string\"}],\"inLanguage\":\"de\"},{\"@type\":\"ImageObject\",\"@id\":\"https:\/\/www.skimo.at\/sportler\/1084\/weltcupfinale-tromso-nor-tag-2-sprintrennen\/#primaryimage\",\"inLanguage\":\"de\",\"url\":\"https:\/\/www.skimo.at\/sportler\/files\/2013\/04\/Sprint_20130413121013_Bild-Stephan-Mantler_LR.jpg\",\"contentUrl\":\"https:\/\/www.skimo.at\/sportler\/files\/2013\/04\/Sprint_20130413121013_Bild-Stephan-Mantler_LR.jpg\",\"width\":2000,\"height\":1331,\"caption\":\"Martin gibt Vollgas....am Weg zum Traumergebnis 9. Platz\"},{\"@type\":\"WebPage\",\"@id\":\"https:\/\/www.skimo.at\/sportler\/1084\/weltcupfinale-tromso-nor-tag-2-sprintrennen\/#webpage\",\"url\":\"https:\/\/www.skimo.at\/sportler\/1084\/weltcupfinale-tromso-nor-tag-2-sprintrennen\/\",\"name\":\"Weltcupfinale Troms\\u00f6 (NOR) \\u2013 Tag 2, Sprintrennen - Sportler\",\"isPartOf\":{\"@id\":\"https:\/\/skimo.73.jarolim.eu\/sportler\/#website\"},\"primaryImageOfPage\":{\"@id\":\"https:\/\/www.skimo.at\/sportler\/1084\/weltcupfinale-tromso-nor-tag-2-sprintrennen\/#primaryimage\"},\"datePublished\":\"2013-04-13T16:24:44+00:00\",\"dateModified\":\"2021-01-05T16:19:14+00:00\",\"author\":{\"@id\":\"https:\/\/skimo.73.jarolim.eu\/sportler\/#\/schema\/person\/796ecbce6796efca58bf848ca63ec12c\"},\"breadcrumb\":{\"@id\":\"https:\/\/www.skimo.at\/sportler\/1084\/weltcupfinale-tromso-nor-tag-2-sprintrennen\/#breadcrumb\"},\"inLanguage\":\"de\",\"potentialAction\":[{\"@type\":\"ReadAction\",\"target\":[\"https:\/\/www.skimo.at\/sportler\/1084\/weltcupfinale-tromso-nor-tag-2-sprintrennen\/\"]}]},{\"@type\":\"BreadcrumbList\",\"@id\":\"https:\/\/www.skimo.at\/sportler\/1084\/weltcupfinale-tromso-nor-tag-2-sprintrennen\/#breadcrumb\",\"itemListElement\":[{\"@type\":\"ListItem\",\"position\":1,\"item\":{\"@type\":\"WebPage\",\"@id\":\"https:\/\/skimo.73.jarolim.eu\/sportler\/\",\"url\":\"https:\/\/skimo.73.jarolim.eu\/sportler\/\",\"name\":\"Home\"}},{\"@type\":\"ListItem\",\"position\":2,\"item\":{\"@id\":\"https:\/\/www.skimo.at\/sportler\/1084\/weltcupfinale-tromso-nor-tag-2-sprintrennen\/#webpage\"}}]},{\"@type\":\"Person\",\"@id\":\"https:\/\/skimo.73.jarolim.eu\/sportler\/#\/schema\/person\/796ecbce6796efca58bf848ca63ec12c\",\"name\":\"kposch\",\"image\":{\"@type\":\"ImageObject\",\"@id\":\"https:\/\/skimo.73.jarolim.eu\/sportler\/#personlogo\",\"inLanguage\":\"de\",\"url\":\"https:\/\/secure.gravatar.com\/avatar\/e9f5f28da60e5e563d3f4d3cc0b9b425?s=96&r=g\",\"contentUrl\":\"https:\/\/secure.gravatar.com\/avatar\/e9f5f28da60e5e563d3f4d3cc0b9b425?s=96&r=g\",\"caption\":\"kposch\"},\"url\":\"https:\/\/www.skimo.at\/sportler\/author\/kposch\/\"}]}<\/script>\n<!-- \/ Yoast SEO plugin. -->","_links":{"self":[{"href":"https:\/\/www.skimo.at\/sportler\/wp-json\/wp\/v2\/posts\/1084"}],"collection":[{"href":"https:\/\/www.skimo.at\/sportler\/wp-json\/wp\/v2\/posts"}],"about":[{"href":"https:\/\/www.skimo.at\/sportler\/wp-json\/wp\/v2\/types\/post"}],"author":[{"embeddable":true,"href":"https:\/\/www.skimo.at\/sportler\/wp-json\/wp\/v2\/users\/3"}],"replies":[{"embeddable":true,"href":"https:\/\/www.skimo.at\/sportler\/wp-json\/wp\/v2\/comments?post=1084"}],"version-history":[{"count":5,"href":"https:\/\/www.skimo.at\/sportler\/wp-json\/wp\/v2\/posts\/1084\/revisions"}],"predecessor-version":[{"id":15600,"href":"https:\/\/www.skimo.at\/sportler\/wp-json\/wp\/v2\/posts\/1084\/revisions\/15600"}],"wp:featuredmedia":[{"embeddable":true,"href":"https:\/\/www.skimo.at\/sportler\/wp-json\/wp\/v2\/media\/1087"}],"wp:attachment":[{"href":"https:\/\/www.skimo.at\/sportler\/wp-json\/wp\/v2\/media?parent=1084"}],"wp:term":[{"taxonomy":"category","embeddable":true,"href":"https:\/\/www.skimo.at\/sportler\/wp-json\/wp\/v2\/categories?post=1084"},{"taxonomy":"post_tag","embeddable":true,"href":"https:\/\/www.skimo.at\/sportler\/wp-json\/wp\/v2\/tags?post=1084"}],"curies":[{"name":"wp","href":"https:\/\/api.w.org\/{rel}","templated":true}]}}