{"id":1075,"date":"2013-04-12T21:56:43","date_gmt":"2013-04-12T19:56:43","guid":{"rendered":"http:\/\/www.skimo.at\/sportler\/?p=1075"},"modified":"2013-04-12T21:56:43","modified_gmt":"2013-04-12T19:56:43","slug":"weltcupfinale-tromso-nor-tag-1-besichtigung","status":"publish","type":"post","link":"https:\/\/www.skimo.at\/sportler\/1075\/weltcupfinale-tromso-nor-tag-1-besichtigung\/","title":{"rendered":"Weltcupfinale Troms\u00f6 (NOR) \u2013 Tag 1, Besichtigung"},"content":{"rendered":"<p><span style=\"font-size: medium\"><span style=\"color: #000000\"><span style=\"font-family: Calibri\">Unsere Recken sind in Norwegen angekommen! Diesesmal sogar alle im selben Flieger, alle zusammen und zeitgerecht. Warum das so was Besonderes ist? Da k\u00f6nnte man bei Gelegenheit Trainer Alex Lugger fragen\u2026 <\/span>\ud83d\ude42<\/span><\/span><\/p>\n<p><span style=\"font-size: medium\"><span style=\"color: #000000\"><span style=\"font-family: Calibri\">Nach dem gestrigen langen und anstrengenden Flug \u00fcber den Polarkreis mit einer v\u00f6llig mit Skibergsteigern vollgestopften Maschine gings heute f\u00fcr die Rennpferde erstmals auf die Strecke. Bei besten Bedingungen, Traumwetter und in \u00fcberm\u00fctiger Stimmung fuhren heute praktisch alle anwesneden Athleten aus diversen Nationen ca. 1 Autostunde zum Blatind, an dem am Sonntag das Individualrennen stattfinden wird. Die Strecke ist bereits (fast) fertig hergerichtet, die Ecken und Kanten vom letzten Jahr (da gab es einige Diskussionen bei den Abfahrten, auch unsere Michi Essl erwischte es) sind ausgeb\u00fcgelt. Bei wunderbarem (Platten-)Pulver konnten unsere zwei Athleten Martin Wei\u00dfkopf aus Pr\u00e4graten und Alex Fasser aus Lermoos rund 1.000 H\u00f6henmeter Abfahrt bis direkt ans Meer genie\u00dfen.<\/span><\/span><\/span><\/p>\n<p><span style=\"font-size: medium\"><span style=\"color: #000000\"><span style=\"font-family: Calibri\">Vor dem Individualrennen am Sonntag steht aber morgen der Sprint als Prolog am Programm. Dort wird nur Martin Wei\u00dfkopf antreten. Erst sp\u00e4t, um 12:00 Uhr mittags, findet der Start statt, bereits heute wurden 100e Lastwagenfuhren Schnee in den Stra\u00dfen der Stadt verteilt. Der Kurs ist recht flach, mal schauen, wie es Martin morgen ergehen wird. Rund 25 m\u00e4nnliche Athleten werden in der Weltcupklasse antreten, die gilt es zu schlagen.<\/span><\/span><\/span><\/p>\n<p><span style=\"font-size: medium\"><span style=\"color: #000000\"><span style=\"font-family: Calibri\">Wir halten die Daumen und geben morgen alle News flott weiter!<\/span><\/span><\/span><\/p>\n","protected":false},"excerpt":{"rendered":"<p>Unsere Recken sind in Norwegen angekommen! Diesesmal sogar alle im selben Flieger, alle zusammen und zeitgerecht. Warum das so was Besonderes ist? Da k\u00f6nnte man bei Gelegenheit Trainer Alex Lugger fragen\u2026 \ud83d\ude42 Nach dem gestrigen langen und anstrengenden Flug \u00fcber den Polarkreis mit einer v\u00f6llig mit Skibergsteigern vollgestopften Maschine gings heute f\u00fcr die Rennpferde erstmals [&hellip;]<\/p>\n","protected":false},"author":3,"featured_media":0,"comment_status":"closed","ping_status":"closed","sticky":false,"template":"","format":"standard","meta":[],"categories":[1,11,9,3,7],"tags":[],"yoast_head":"<!-- This site is optimized with the Yoast SEO plugin v16.3 - https:\/\/yoast.com\/wordpress\/plugins\/seo\/ -->\n<title>Weltcupfinale Troms\u00f6 (NOR) \u2013 Tag 1, Besichtigung - Sportler<\/title>\n<meta name=\"robots\" content=\"index, follow, max-snippet:-1, max-image-preview:large, max-video-preview:-1\" \/>\n<link rel=\"canonical\" href=\"https:\/\/www.skimo.at\/sportler\/1075\/weltcupfinale-tromso-nor-tag-1-besichtigung\/\" \/>\n<meta property=\"og:locale\" content=\"de_DE\" \/>\n<meta property=\"og:type\" content=\"article\" \/>\n<meta property=\"og:title\" content=\"Weltcupfinale Troms\u00f6 (NOR) \u2013 Tag 1, Besichtigung - Sportler\" \/>\n<meta property=\"og:description\" content=\"Unsere Recken sind in Norwegen angekommen! Diesesmal sogar alle im selben Flieger, alle zusammen und zeitgerecht. Warum das so was Besonderes ist? Da k\u00f6nnte man bei Gelegenheit Trainer Alex Lugger fragen\u2026 \ud83d\ude42 Nach dem gestrigen langen und anstrengenden Flug \u00fcber den Polarkreis mit einer v\u00f6llig mit Skibergsteigern vollgestopften Maschine gings heute f\u00fcr die Rennpferde erstmals [&hellip;]\" \/>\n<meta property=\"og:url\" content=\"https:\/\/www.skimo.at\/sportler\/1075\/weltcupfinale-tromso-nor-tag-1-besichtigung\/\" \/>\n<meta property=\"og:site_name\" content=\"Sportler\" \/>\n<meta property=\"article:published_time\" content=\"2013-04-12T19:56:43+00:00\" \/>\n<meta name=\"twitter:card\" content=\"summary\" \/>\n<meta name=\"twitter:label1\" content=\"Gesch\u00e4tzte Lesezeit\">\n\t<meta name=\"twitter:data1\" content=\"1\u00a0Minute\">\n<script type=\"application\/ld+json\" class=\"yoast-schema-graph\">{\"@context\":\"https:\/\/schema.org\",\"@graph\":[{\"@type\":\"WebSite\",\"@id\":\"https:\/\/skimo.73.jarolim.eu\/sportler\/#website\",\"url\":\"https:\/\/skimo.73.jarolim.eu\/sportler\/\",\"name\":\"Sportler\",\"description\":\"\",\"potentialAction\":[{\"@type\":\"SearchAction\",\"target\":\"https:\/\/skimo.73.jarolim.eu\/sportler\/?s={search_term_string}\",\"query-input\":\"required name=search_term_string\"}],\"inLanguage\":\"de\"},{\"@type\":\"WebPage\",\"@id\":\"https:\/\/www.skimo.at\/sportler\/1075\/weltcupfinale-tromso-nor-tag-1-besichtigung\/#webpage\",\"url\":\"https:\/\/www.skimo.at\/sportler\/1075\/weltcupfinale-tromso-nor-tag-1-besichtigung\/\",\"name\":\"Weltcupfinale Troms\\u00f6 (NOR) \\u2013 Tag 1, Besichtigung - Sportler\",\"isPartOf\":{\"@id\":\"https:\/\/skimo.73.jarolim.eu\/sportler\/#website\"},\"datePublished\":\"2013-04-12T19:56:43+00:00\",\"dateModified\":\"2013-04-12T19:56:43+00:00\",\"author\":{\"@id\":\"https:\/\/skimo.73.jarolim.eu\/sportler\/#\/schema\/person\/796ecbce6796efca58bf848ca63ec12c\"},\"breadcrumb\":{\"@id\":\"https:\/\/www.skimo.at\/sportler\/1075\/weltcupfinale-tromso-nor-tag-1-besichtigung\/#breadcrumb\"},\"inLanguage\":\"de\",\"potentialAction\":[{\"@type\":\"ReadAction\",\"target\":[\"https:\/\/www.skimo.at\/sportler\/1075\/weltcupfinale-tromso-nor-tag-1-besichtigung\/\"]}]},{\"@type\":\"BreadcrumbList\",\"@id\":\"https:\/\/www.skimo.at\/sportler\/1075\/weltcupfinale-tromso-nor-tag-1-besichtigung\/#breadcrumb\",\"itemListElement\":[{\"@type\":\"ListItem\",\"position\":1,\"item\":{\"@type\":\"WebPage\",\"@id\":\"https:\/\/skimo.73.jarolim.eu\/sportler\/\",\"url\":\"https:\/\/skimo.73.jarolim.eu\/sportler\/\",\"name\":\"Home\"}},{\"@type\":\"ListItem\",\"position\":2,\"item\":{\"@id\":\"https:\/\/www.skimo.at\/sportler\/1075\/weltcupfinale-tromso-nor-tag-1-besichtigung\/#webpage\"}}]},{\"@type\":\"Person\",\"@id\":\"https:\/\/skimo.73.jarolim.eu\/sportler\/#\/schema\/person\/796ecbce6796efca58bf848ca63ec12c\",\"name\":\"kposch\",\"image\":{\"@type\":\"ImageObject\",\"@id\":\"https:\/\/skimo.73.jarolim.eu\/sportler\/#personlogo\",\"inLanguage\":\"de\",\"url\":\"https:\/\/secure.gravatar.com\/avatar\/e9f5f28da60e5e563d3f4d3cc0b9b425?s=96&r=g\",\"contentUrl\":\"https:\/\/secure.gravatar.com\/avatar\/e9f5f28da60e5e563d3f4d3cc0b9b425?s=96&r=g\",\"caption\":\"kposch\"},\"url\":\"https:\/\/www.skimo.at\/sportler\/author\/kposch\/\"}]}<\/script>\n<!-- \/ Yoast SEO plugin. -->","_links":{"self":[{"href":"https:\/\/www.skimo.at\/sportler\/wp-json\/wp\/v2\/posts\/1075"}],"collection":[{"href":"https:\/\/www.skimo.at\/sportler\/wp-json\/wp\/v2\/posts"}],"about":[{"href":"https:\/\/www.skimo.at\/sportler\/wp-json\/wp\/v2\/types\/post"}],"author":[{"embeddable":true,"href":"https:\/\/www.skimo.at\/sportler\/wp-json\/wp\/v2\/users\/3"}],"replies":[{"embeddable":true,"href":"https:\/\/www.skimo.at\/sportler\/wp-json\/wp\/v2\/comments?post=1075"}],"version-history":[{"count":2,"href":"https:\/\/www.skimo.at\/sportler\/wp-json\/wp\/v2\/posts\/1075\/revisions"}],"predecessor-version":[{"id":1083,"href":"https:\/\/www.skimo.at\/sportler\/wp-json\/wp\/v2\/posts\/1075\/revisions\/1083"}],"wp:attachment":[{"href":"https:\/\/www.skimo.at\/sportler\/wp-json\/wp\/v2\/media?parent=1075"}],"wp:term":[{"taxonomy":"category","embeddable":true,"href":"https:\/\/www.skimo.at\/sportler\/wp-json\/wp\/v2\/categories?post=1075"},{"taxonomy":"post_tag","embeddable":true,"href":"https:\/\/www.skimo.at\/sportler\/wp-json\/wp\/v2\/tags?post=1075"}],"curies":[{"name":"wp","href":"https:\/\/api.w.org\/{rel}","templated":true}]}}