{"id":1057,"date":"2013-04-05T09:09:45","date_gmt":"2013-04-05T07:09:45","guid":{"rendered":"http:\/\/www.skimo.at\/sportler\/?p=1057"},"modified":"2013-04-05T09:09:45","modified_gmt":"2013-04-05T07:09:45","slug":"askimo-damen-mussen-saison-beenden","status":"publish","type":"post","link":"https:\/\/www.skimo.at\/sportler\/1057\/askimo-damen-mussen-saison-beenden\/","title":{"rendered":"ASKIMO-Damen m\u00fcssen Saison beenden"},"content":{"rendered":"<p>Unter keinem guten Stern stand die diesj\u00e4hrige Saison der \u00d6sterreichischen Skibergsteiger-Damen der Seniors-Klasse. Bereits im Juni 2012 hatte Veronika Swidrak (Radfeld\/Tirol) mit einer Achillessehnen-Verletzung inklusive Operation zu k\u00e4mpfen. Diese Einschr\u00e4nkung stellte sich hartn\u00e4ckiger als erwartet heraus, und Veronika konnte trotz intensiver Rehab-Bem\u00fchungen w\u00e4hrend der gesamten Wintersaison kein Rennen bestreiten. Gerade als es so ausschaute, als ob sich\u2019s f\u00fcr die \u00d6M im Skibergsteigen im Rahmen der Hohe-Tauern-Trophy noch ausgehen w\u00fcrde, kam auch noch eine schwere Grippe mit Fieber dazu. Veronika hat sich schlie\u00dflich Mitte M\u00e4rz schweren Herzens entschlossen, diese Saison abzuhaken und das Augenmerk auf die Saison 2013\/14 zu legen. Bei Michaela Essl (Abtenau\/Salzburg) begann die Saison zwar gut, ab Anfang Februar ging Ihre Leistung aber immer weiter zur\u00fcck, sie war der Verzweiflung nahe. Auch der verkorkste WM-Einsatz zerrte an den Nerven. Jetzt, nach unz\u00e4hligen Untersuchungen, steht fest, dass Michaela einen Virus mit sich herumtr\u00e4gt, der dringend ausgeheilt werden muss. Als F\u00fchrende im DYNAFIT Austria Skitour Cup und als bereits fix nominierte f\u00fcr das Weltcupfinale in Troms\u00f6 (Norwegen) musste nun auch sie vorzeitig die Saison beenden.<\/p>\n<p>Nachfolgend finden sich zwei heute gef\u00fchrte Telefoninterviews mit den beiden Damen.<\/p>\n<p>Die Damenmannschaft ist damit nun v\u00f6llig aus dem Rennen, einzig die 17-j\u00e4hrige Nachwuchsathletin Ina Forchthammer (St. Johann\/Salzburg) steht noch aufrecht\u2026.sie wird die Ehre der \u00d6sterreichischen Nationalkader-Damen bei der morgigen \u00d6M im Skibergsteigen aufrecht halten.<\/p>\n","protected":false},"excerpt":{"rendered":"<p>Unter keinem guten Stern stand die diesj\u00e4hrige Saison der \u00d6sterreichischen Skibergsteiger-Damen der Seniors-Klasse. Bereits im Juni 2012 hatte Veronika Swidrak (Radfeld\/Tirol) mit einer Achillessehnen-Verletzung inklusive Operation zu k\u00e4mpfen. Diese Einschr\u00e4nkung stellte sich hartn\u00e4ckiger als erwartet heraus, und Veronika konnte trotz intensiver Rehab-Bem\u00fchungen w\u00e4hrend der gesamten Wintersaison kein Rennen bestreiten. Gerade als es so ausschaute, als [&hellip;]<\/p>\n","protected":false},"author":3,"featured_media":0,"comment_status":"closed","ping_status":"closed","sticky":false,"template":"","format":"standard","meta":[],"categories":[1,11,3,7],"tags":[],"yoast_head":"<!-- This site is optimized with the Yoast SEO plugin v16.3 - https:\/\/yoast.com\/wordpress\/plugins\/seo\/ -->\n<title>ASKIMO-Damen m\u00fcssen Saison beenden - Sportler<\/title>\n<meta name=\"robots\" content=\"index, follow, max-snippet:-1, max-image-preview:large, max-video-preview:-1\" \/>\n<link rel=\"canonical\" href=\"https:\/\/www.skimo.at\/sportler\/1057\/askimo-damen-mussen-saison-beenden\/\" \/>\n<meta property=\"og:locale\" content=\"de_DE\" \/>\n<meta property=\"og:type\" content=\"article\" \/>\n<meta property=\"og:title\" content=\"ASKIMO-Damen m\u00fcssen Saison beenden - Sportler\" \/>\n<meta property=\"og:description\" content=\"Unter keinem guten Stern stand die diesj\u00e4hrige Saison der \u00d6sterreichischen Skibergsteiger-Damen der Seniors-Klasse. Bereits im Juni 2012 hatte Veronika Swidrak (Radfeld\/Tirol) mit einer Achillessehnen-Verletzung inklusive Operation zu k\u00e4mpfen. Diese Einschr\u00e4nkung stellte sich hartn\u00e4ckiger als erwartet heraus, und Veronika konnte trotz intensiver Rehab-Bem\u00fchungen w\u00e4hrend der gesamten Wintersaison kein Rennen bestreiten. Gerade als es so ausschaute, als [&hellip;]\" \/>\n<meta property=\"og:url\" content=\"https:\/\/www.skimo.at\/sportler\/1057\/askimo-damen-mussen-saison-beenden\/\" \/>\n<meta property=\"og:site_name\" content=\"Sportler\" \/>\n<meta property=\"article:published_time\" content=\"2013-04-05T07:09:45+00:00\" \/>\n<meta name=\"twitter:card\" content=\"summary\" \/>\n<meta name=\"twitter:label1\" content=\"Gesch\u00e4tzte Lesezeit\">\n\t<meta name=\"twitter:data1\" content=\"1\u00a0Minute\">\n<script type=\"application\/ld+json\" class=\"yoast-schema-graph\">{\"@context\":\"https:\/\/schema.org\",\"@graph\":[{\"@type\":\"WebSite\",\"@id\":\"https:\/\/skimo.73.jarolim.eu\/sportler\/#website\",\"url\":\"https:\/\/skimo.73.jarolim.eu\/sportler\/\",\"name\":\"Sportler\",\"description\":\"\",\"potentialAction\":[{\"@type\":\"SearchAction\",\"target\":\"https:\/\/skimo.73.jarolim.eu\/sportler\/?s={search_term_string}\",\"query-input\":\"required name=search_term_string\"}],\"inLanguage\":\"de\"},{\"@type\":\"WebPage\",\"@id\":\"https:\/\/www.skimo.at\/sportler\/1057\/askimo-damen-mussen-saison-beenden\/#webpage\",\"url\":\"https:\/\/www.skimo.at\/sportler\/1057\/askimo-damen-mussen-saison-beenden\/\",\"name\":\"ASKIMO-Damen m\\u00fcssen Saison beenden - Sportler\",\"isPartOf\":{\"@id\":\"https:\/\/skimo.73.jarolim.eu\/sportler\/#website\"},\"datePublished\":\"2013-04-05T07:09:45+00:00\",\"dateModified\":\"2013-04-05T07:09:45+00:00\",\"author\":{\"@id\":\"https:\/\/skimo.73.jarolim.eu\/sportler\/#\/schema\/person\/796ecbce6796efca58bf848ca63ec12c\"},\"breadcrumb\":{\"@id\":\"https:\/\/www.skimo.at\/sportler\/1057\/askimo-damen-mussen-saison-beenden\/#breadcrumb\"},\"inLanguage\":\"de\",\"potentialAction\":[{\"@type\":\"ReadAction\",\"target\":[\"https:\/\/www.skimo.at\/sportler\/1057\/askimo-damen-mussen-saison-beenden\/\"]}]},{\"@type\":\"BreadcrumbList\",\"@id\":\"https:\/\/www.skimo.at\/sportler\/1057\/askimo-damen-mussen-saison-beenden\/#breadcrumb\",\"itemListElement\":[{\"@type\":\"ListItem\",\"position\":1,\"item\":{\"@type\":\"WebPage\",\"@id\":\"https:\/\/skimo.73.jarolim.eu\/sportler\/\",\"url\":\"https:\/\/skimo.73.jarolim.eu\/sportler\/\",\"name\":\"Home\"}},{\"@type\":\"ListItem\",\"position\":2,\"item\":{\"@id\":\"https:\/\/www.skimo.at\/sportler\/1057\/askimo-damen-mussen-saison-beenden\/#webpage\"}}]},{\"@type\":\"Person\",\"@id\":\"https:\/\/skimo.73.jarolim.eu\/sportler\/#\/schema\/person\/796ecbce6796efca58bf848ca63ec12c\",\"name\":\"kposch\",\"image\":{\"@type\":\"ImageObject\",\"@id\":\"https:\/\/skimo.73.jarolim.eu\/sportler\/#personlogo\",\"inLanguage\":\"de\",\"url\":\"https:\/\/secure.gravatar.com\/avatar\/e9f5f28da60e5e563d3f4d3cc0b9b425?s=96&r=g\",\"contentUrl\":\"https:\/\/secure.gravatar.com\/avatar\/e9f5f28da60e5e563d3f4d3cc0b9b425?s=96&r=g\",\"caption\":\"kposch\"},\"url\":\"https:\/\/www.skimo.at\/sportler\/author\/kposch\/\"}]}<\/script>\n<!-- \/ Yoast SEO plugin. -->","_links":{"self":[{"href":"https:\/\/www.skimo.at\/sportler\/wp-json\/wp\/v2\/posts\/1057"}],"collection":[{"href":"https:\/\/www.skimo.at\/sportler\/wp-json\/wp\/v2\/posts"}],"about":[{"href":"https:\/\/www.skimo.at\/sportler\/wp-json\/wp\/v2\/types\/post"}],"author":[{"embeddable":true,"href":"https:\/\/www.skimo.at\/sportler\/wp-json\/wp\/v2\/users\/3"}],"replies":[{"embeddable":true,"href":"https:\/\/www.skimo.at\/sportler\/wp-json\/wp\/v2\/comments?post=1057"}],"version-history":[{"count":5,"href":"https:\/\/www.skimo.at\/sportler\/wp-json\/wp\/v2\/posts\/1057\/revisions"}],"predecessor-version":[{"id":1065,"href":"https:\/\/www.skimo.at\/sportler\/wp-json\/wp\/v2\/posts\/1057\/revisions\/1065"}],"wp:attachment":[{"href":"https:\/\/www.skimo.at\/sportler\/wp-json\/wp\/v2\/media?parent=1057"}],"wp:term":[{"taxonomy":"category","embeddable":true,"href":"https:\/\/www.skimo.at\/sportler\/wp-json\/wp\/v2\/categories?post=1057"},{"taxonomy":"post_tag","embeddable":true,"href":"https:\/\/www.skimo.at\/sportler\/wp-json\/wp\/v2\/tags?post=1057"}],"curies":[{"name":"wp","href":"https:\/\/api.w.org\/{rel}","templated":true}]}}