{"id":1048,"date":"2013-03-20T14:33:28","date_gmt":"2013-03-20T12:33:28","guid":{"rendered":"http:\/\/www.skimo.at\/sportler\/?p=1048"},"modified":"2013-03-20T14:33:28","modified_gmt":"2013-03-20T12:33:28","slug":"skibergsteigen-olympisch-zumindest-fur-einen-tag","status":"publish","type":"post","link":"https:\/\/www.skimo.at\/sportler\/1048\/skibergsteigen-olympisch-zumindest-fur-einen-tag\/","title":{"rendered":"Skibergsteigen olympisch\u2026.zumindest f\u00fcr einen Tag"},"content":{"rendered":"<p>Einen spannenden Ausflug machten 4 Mitglieder der Nationalmannschaft am vergangenen Wochenende. Martin Wei\u00dfkopf, Martin Islitzer, Daniel Rohringer und Philipp Brugger flogen nach Griechenland, um an einem ISMF homologierten Rennen am 17.3.2013 auf den Olymp teilzunehmen\u2026.und waren dabei h\u00f6chst erfolgreich.<\/p>\n<p>Der Sitz der G\u00f6tter war der Schauplatz eines 2er- Teamrennens mit rund 3.000 H\u00f6henmetern. Organisiert von der griechischen Skibergsteiger-Federation gab es bei diesem Bewerb neben der offiziellen ISMF-Wertung auch die griechische Meisterschaft im Teambewerb.<br \/>\nUnsere Sportler waren in Griechenland wie in einer anderen Welt unterwegs. 15\u00b0C, gr\u00fcne Wiesen, griechische Tavernen. A bisserl anders als in \u00d6sterreich, wo uns der Winter noch immer im Griff hat.<\/p>\n<p>Die kuschelige Atmosph\u00e4re \u00e4nderte sich aber sehr rasch am Renntag. Denn auf der H\u00f6he (der Olymp ist ein richtig gro\u00dfes Bergmassiv mit \u00fcber 2.900 Meter hohen Gipfeln!) pfiff den Sportlern der Wind nur so um die Ohren. Abgesichert vom griechischen Milit\u00e4r nahemn sie die Rennstrecke mit riesigen Aufstiegen und laaaangen Abfahrten \u00fcber endlose H\u00e4nge in Angriff. Schon bald zeigte sich, dass unsere Burschen die anderen Sportler gut im Griff hatten, und trotz Wind, Eisesk\u00e4lte und schwierigen \u00e4usseren Bedingungen konnte schie\u00dflich das Team Wei\u00dfkopf\/Islitzer das Rennen siegreich beenden, gefolgt vom Team Rohringer\/Brugger.<\/p>\n<p>Ein tolles Abenteuer f\u00fcr die 4, der sportliche Erfolg dabei ist die verdiente Draufgabe. Und wer kann schon von sich als Skibergsteiger sagen, dass sein Sport Olympisch ist (auch wenns nur f\u00fcr einen Tag war)?<\/p>\n<p><a href=\"http:\/\/www.olympusskimountaineering.com\/\">Hier geht\u2019s zur Webseite des Veranstalters<\/a>.<\/p>\n","protected":false},"excerpt":{"rendered":"<p>Einen spannenden Ausflug machten 4 Mitglieder der Nationalmannschaft am vergangenen Wochenende. Martin Wei\u00dfkopf, Martin Islitzer, Daniel Rohringer und Philipp Brugger flogen nach Griechenland, um an einem ISMF homologierten Rennen am 17.3.2013 auf den Olymp teilzunehmen\u2026.und waren dabei h\u00f6chst erfolgreich. Der Sitz der G\u00f6tter war der Schauplatz eines 2er- Teamrennens mit rund 3.000 H\u00f6henmetern. Organisiert von [&hellip;]<\/p>\n","protected":false},"author":3,"featured_media":1053,"comment_status":"closed","ping_status":"closed","sticky":false,"template":"","format":"standard","meta":[],"categories":[1,11,3,7],"tags":[],"yoast_head":"<!-- This site is optimized with the Yoast SEO plugin v16.3 - https:\/\/yoast.com\/wordpress\/plugins\/seo\/ -->\n<title>Skibergsteigen olympisch\u2026.zumindest f\u00fcr einen Tag  - Sportler<\/title>\n<meta name=\"robots\" content=\"index, follow, max-snippet:-1, max-image-preview:large, max-video-preview:-1\" \/>\n<link rel=\"canonical\" href=\"https:\/\/www.skimo.at\/sportler\/1048\/skibergsteigen-olympisch-zumindest-fur-einen-tag\/\" \/>\n<meta property=\"og:locale\" content=\"de_DE\" \/>\n<meta property=\"og:type\" content=\"article\" \/>\n<meta property=\"og:title\" content=\"Skibergsteigen olympisch\u2026.zumindest f\u00fcr einen Tag  - Sportler\" \/>\n<meta property=\"og:description\" content=\"Einen spannenden Ausflug machten 4 Mitglieder der Nationalmannschaft am vergangenen Wochenende. Martin Wei\u00dfkopf, Martin Islitzer, Daniel Rohringer und Philipp Brugger flogen nach Griechenland, um an einem ISMF homologierten Rennen am 17.3.2013 auf den Olymp teilzunehmen\u2026.und waren dabei h\u00f6chst erfolgreich. Der Sitz der G\u00f6tter war der Schauplatz eines 2er- Teamrennens mit rund 3.000 H\u00f6henmetern. Organisiert von [&hellip;]\" \/>\n<meta property=\"og:url\" content=\"https:\/\/www.skimo.at\/sportler\/1048\/skibergsteigen-olympisch-zumindest-fur-einen-tag\/\" \/>\n<meta property=\"og:site_name\" content=\"Sportler\" \/>\n<meta property=\"article:published_time\" content=\"2013-03-20T12:33:28+00:00\" \/>\n<meta property=\"og:image\" content=\"https:\/\/skimo.73.jarolim.eu\/sportler\/files\/2013\/03\/5.jpg\" \/>\n\t<meta property=\"og:image:width\" content=\"800\" \/>\n\t<meta property=\"og:image:height\" content=\"532\" \/>\n<meta name=\"twitter:card\" content=\"summary\" \/>\n<meta name=\"twitter:label1\" content=\"Gesch\u00e4tzte Lesezeit\">\n\t<meta name=\"twitter:data1\" content=\"1\u00a0Minute\">\n<script type=\"application\/ld+json\" class=\"yoast-schema-graph\">{\"@context\":\"https:\/\/schema.org\",\"@graph\":[{\"@type\":\"WebSite\",\"@id\":\"https:\/\/skimo.73.jarolim.eu\/sportler\/#website\",\"url\":\"https:\/\/skimo.73.jarolim.eu\/sportler\/\",\"name\":\"Sportler\",\"description\":\"\",\"potentialAction\":[{\"@type\":\"SearchAction\",\"target\":\"https:\/\/skimo.73.jarolim.eu\/sportler\/?s={search_term_string}\",\"query-input\":\"required name=search_term_string\"}],\"inLanguage\":\"de\"},{\"@type\":\"ImageObject\",\"@id\":\"https:\/\/www.skimo.at\/sportler\/1048\/skibergsteigen-olympisch-zumindest-fur-einen-tag\/#primaryimage\",\"inLanguage\":\"de\",\"url\":\"https:\/\/www.skimo.at\/sportler\/files\/2013\/03\/5.jpg\",\"contentUrl\":\"https:\/\/www.skimo.at\/sportler\/files\/2013\/03\/5.jpg\",\"width\":800,\"height\":532,\"caption\":\"Siegerteam Weisskopf\/Islitzer\"},{\"@type\":\"WebPage\",\"@id\":\"https:\/\/www.skimo.at\/sportler\/1048\/skibergsteigen-olympisch-zumindest-fur-einen-tag\/#webpage\",\"url\":\"https:\/\/www.skimo.at\/sportler\/1048\/skibergsteigen-olympisch-zumindest-fur-einen-tag\/\",\"name\":\"Skibergsteigen olympisch\\u2026.zumindest f\\u00fcr einen Tag - Sportler\",\"isPartOf\":{\"@id\":\"https:\/\/skimo.73.jarolim.eu\/sportler\/#website\"},\"primaryImageOfPage\":{\"@id\":\"https:\/\/www.skimo.at\/sportler\/1048\/skibergsteigen-olympisch-zumindest-fur-einen-tag\/#primaryimage\"},\"datePublished\":\"2013-03-20T12:33:28+00:00\",\"dateModified\":\"2013-03-20T12:33:28+00:00\",\"author\":{\"@id\":\"https:\/\/skimo.73.jarolim.eu\/sportler\/#\/schema\/person\/796ecbce6796efca58bf848ca63ec12c\"},\"breadcrumb\":{\"@id\":\"https:\/\/www.skimo.at\/sportler\/1048\/skibergsteigen-olympisch-zumindest-fur-einen-tag\/#breadcrumb\"},\"inLanguage\":\"de\",\"potentialAction\":[{\"@type\":\"ReadAction\",\"target\":[\"https:\/\/www.skimo.at\/sportler\/1048\/skibergsteigen-olympisch-zumindest-fur-einen-tag\/\"]}]},{\"@type\":\"BreadcrumbList\",\"@id\":\"https:\/\/www.skimo.at\/sportler\/1048\/skibergsteigen-olympisch-zumindest-fur-einen-tag\/#breadcrumb\",\"itemListElement\":[{\"@type\":\"ListItem\",\"position\":1,\"item\":{\"@type\":\"WebPage\",\"@id\":\"https:\/\/skimo.73.jarolim.eu\/sportler\/\",\"url\":\"https:\/\/skimo.73.jarolim.eu\/sportler\/\",\"name\":\"Home\"}},{\"@type\":\"ListItem\",\"position\":2,\"item\":{\"@id\":\"https:\/\/www.skimo.at\/sportler\/1048\/skibergsteigen-olympisch-zumindest-fur-einen-tag\/#webpage\"}}]},{\"@type\":\"Person\",\"@id\":\"https:\/\/skimo.73.jarolim.eu\/sportler\/#\/schema\/person\/796ecbce6796efca58bf848ca63ec12c\",\"name\":\"kposch\",\"image\":{\"@type\":\"ImageObject\",\"@id\":\"https:\/\/skimo.73.jarolim.eu\/sportler\/#personlogo\",\"inLanguage\":\"de\",\"url\":\"https:\/\/secure.gravatar.com\/avatar\/e9f5f28da60e5e563d3f4d3cc0b9b425?s=96&r=g\",\"contentUrl\":\"https:\/\/secure.gravatar.com\/avatar\/e9f5f28da60e5e563d3f4d3cc0b9b425?s=96&r=g\",\"caption\":\"kposch\"},\"url\":\"https:\/\/www.skimo.at\/sportler\/author\/kposch\/\"}]}<\/script>\n<!-- \/ Yoast SEO plugin. -->","_links":{"self":[{"href":"https:\/\/www.skimo.at\/sportler\/wp-json\/wp\/v2\/posts\/1048"}],"collection":[{"href":"https:\/\/www.skimo.at\/sportler\/wp-json\/wp\/v2\/posts"}],"about":[{"href":"https:\/\/www.skimo.at\/sportler\/wp-json\/wp\/v2\/types\/post"}],"author":[{"embeddable":true,"href":"https:\/\/www.skimo.at\/sportler\/wp-json\/wp\/v2\/users\/3"}],"replies":[{"embeddable":true,"href":"https:\/\/www.skimo.at\/sportler\/wp-json\/wp\/v2\/comments?post=1048"}],"version-history":[{"count":2,"href":"https:\/\/www.skimo.at\/sportler\/wp-json\/wp\/v2\/posts\/1048\/revisions"}],"predecessor-version":[{"id":1055,"href":"https:\/\/www.skimo.at\/sportler\/wp-json\/wp\/v2\/posts\/1048\/revisions\/1055"}],"wp:featuredmedia":[{"embeddable":true,"href":"https:\/\/www.skimo.at\/sportler\/wp-json\/wp\/v2\/media\/1053"}],"wp:attachment":[{"href":"https:\/\/www.skimo.at\/sportler\/wp-json\/wp\/v2\/media?parent=1048"}],"wp:term":[{"taxonomy":"category","embeddable":true,"href":"https:\/\/www.skimo.at\/sportler\/wp-json\/wp\/v2\/categories?post=1048"},{"taxonomy":"post_tag","embeddable":true,"href":"https:\/\/www.skimo.at\/sportler\/wp-json\/wp\/v2\/tags?post=1048"}],"curies":[{"name":"wp","href":"https:\/\/api.w.org\/{rel}","templated":true}]}}