{"id":1018,"date":"2013-03-10T16:15:11","date_gmt":"2013-03-10T14:15:11","guid":{"rendered":"http:\/\/www.skimo.at\/sportler\/?p=1018"},"modified":"2021-01-05T17:21:25","modified_gmt":"2021-01-05T15:21:25","slug":"weltcup-font-blanca-and-tag-3-das-individualrennen-platz-6","status":"publish","type":"post","link":"https:\/\/www.skimo.at\/sportler\/1018\/weltcup-font-blanca-and-tag-3-das-individualrennen-platz-6\/","title":{"rendered":"Weltcup Font Blanca (AND) Tag 3 \u2013 das Individualrennen, Platz 6"},"content":{"rendered":"<p><span style=\"font-size: medium\"><span style=\"color: #000000\"><span style=\"font-family: Calibri\">Super lief es heute in Andorra! Bei besten \u00e4u\u00dferen Bedingungen starteten f\u00fcr \u00d6sterreich Martin Wei\u00dfkopf (Pr\u00e4graten\/Tirol) und Alex Fasser (Lermoos\/Tirol), der zuletzt eine krankheitsbedingte Zwangspause von einem Monat einhalten musste. Zwar musste wegen der Schneef\u00e4lle der letzten Tage die Strecke in einen Rundkurs mit 2 Runden verwandelt werden, der Rennh\u00e4rte tat dies aber keinen Abbruch. F\u00fcr die Stimmung an der Strecke war diese \u00c4nderung im Gegenteil sogar zutr\u00e4glich, viele Zuschauer s\u00e4umten bei Sonnenschein die Rennstrecke.<\/span><\/span><\/span><\/p>\n<p><span style=\"font-size: medium\"><span style=\"color: #000000\"><span style=\"font-family: Calibri\">Eine Italo-franz\u00f6sische Spitzengruppe st\u00fcrmte gleich einmal vorneweg, der Franzose Wiliam Bon Mardion \u00fcbernahm gleich zu Beginn die F\u00fchrung. Hinter ihm hechteten neben der Phalanx von Franzosen und Italienern auch noch zwei gute Bekannte in die Strecke: die Deutschen Seppi Rottmoser und Toni Palzer. F\u00fcr Toni war es heute ein besonderer Auftritt. Wegen der besonderen Begebenheiten der Strecke wurden n\u00e4mlich auch die Junioren \u00fcber die gesamte L\u00e4nge gef\u00fchrt, sein Tempo war damti erstmals mit der Wewltspitze der Skibergsteiger vergleichbar. Und was da passierte, war echt ein Hammer: Toni lief als Gesamt 7. ins Ziel!<\/span><\/span><\/span><\/p>\n<p><span style=\"font-size: medium\"><span style=\"color: #000000\"><span style=\"font-family: Calibri\">Unsere beiden Athleten erwischten den Start jedenfalls auch blendend. Martin dr\u00fcckte gleich mal auf die Tube und reihte sich rund um Platz 15 ein, wobei er jeweils auf den Abfahrten gewann und auf den Anstiegen eher zur\u00fccknehmen musste. Alex konnte bei seinem Comebackrennen noch nicht von Anfang an Vollgas laufen, in seinem Motor hatten sich offenbar einige Rost-Ablagerungen gebildet, er stotterte. Die Ablagerungen putzte es aber mit zunehmender Rennl\u00e4nge immer besser raus und er wurde schneller und schneller. Dieses schneller werden hielt an bis zum letzten Anstieg, wo er den leicht einknickenden Martin Wei\u00dfkopf \u00fcberholte. Martin musste dem hohen Tempo Tribut zollen. F\u00fcr ihn war es aber weniger Alex Fasser, der ihn \u00e4rgerte, sondern der Schweizer Espoir Cyrille Gardet, dem er zwar auf der letzten Abfahrt noch ordentlich auf den Pelz r\u00fcckte, der aber nur 3 Sekunden (!) vor ihm den 5. Espoir-Rang einheimste. F\u00fcr Alex Fasser war es mit 1:45:02 Stunden und Platz 17 schlie\u00dflich ein rundum gelungenes zur\u00fcckkehren auf die Rennb\u00fchne, Martin Wei\u00dfkopf errang mit 1:45:57 Platz 17 Gesamt und Platz 6 bei den Espoirs, eine wahrlich super Leistung.<\/span><\/span><\/span><\/p>\n<blockquote><p><span style=\"font-size: medium\"><span style=\"color: #000000\"><span style=\"font-family: Calibri\"> Auf die 3 Sekunden angesprochen, um die er Platz 5 vers\u00e4umt hatte, sagte Martin im Ziel: \u201eDrei Sekunden sind drei Sekunden, da hilft alles nichts. W\u00e4re die letzte Abfahrt etwas l\u00e4nger gewesen, h\u00e4tte es vielleicht noch gepasst. Ich bin aber auch so super zufrieden!\u201c Alex Fasser freute sich ebenfalls enorm \u00fcber seine gute Platzierung: \u201eEs geht aufw\u00e4rts! Ich hatte vor dem Bewerb richtige Angst, wie es mir beim ersten internationalen Vergleich gehen w\u00fcrde. Vor allem die 2. H\u00e4lfte war aber richtig gut, und es f\u00fchlt sich gut an nach der Pause wieder im Spiel zu sein.\u201c<\/span><\/span><\/span><\/p><\/blockquote>\n<p><span style=\"font-size: medium\"><span style=\"color: #000000\"><span style=\"font-family: Calibri\">Bereits kurz nach der Siegerehrung springen unsere Athleten und Betreuer (Alex Lugger und Step Mantler) ins Auto und fahren zur\u00fcck nach Barcelona, von wo es dann mit dem Flieger wieder nach M\u00fcnchen zur\u00fcckgeht. Dieses Mal wird das Team versuchen, gemeinsam eine Maschine zu erwischen\u2026.:-)<\/span><\/span><\/span><\/p>\n<p><span style=\"font-family: Calibri;color: #000000;font-size: medium\">Nachfolgend findet sich die Ergebnisliste vom heutigen Rennen.<\/span><\/p>\n","protected":false},"excerpt":{"rendered":"<p>Super lief es heute in Andorra! Bei besten \u00e4u\u00dferen Bedingungen starteten f\u00fcr \u00d6sterreich Martin Wei\u00dfkopf (Pr\u00e4graten\/Tirol) und Alex Fasser (Lermoos\/Tirol), der zuletzt eine krankheitsbedingte Zwangspause von einem Monat einhalten musste. Zwar musste wegen der Schneef\u00e4lle der letzten Tage die Strecke in einen Rundkurs mit 2 Runden verwandelt werden, der Rennh\u00e4rte tat dies aber keinen Abbruch. [&hellip;]<\/p>\n","protected":false},"author":3,"featured_media":0,"comment_status":"closed","ping_status":"closed","sticky":false,"template":"","format":"standard","meta":[],"categories":[1,11,9,3,7],"tags":[],"yoast_head":"<!-- This site is optimized with the Yoast SEO plugin v16.3 - https:\/\/yoast.com\/wordpress\/plugins\/seo\/ -->\n<title>Weltcup Font Blanca (AND) Tag 3 \u2013 das Individualrennen, Platz 6 - Sportler<\/title>\n<meta name=\"robots\" content=\"index, follow, max-snippet:-1, max-image-preview:large, max-video-preview:-1\" \/>\n<link rel=\"canonical\" href=\"https:\/\/www.skimo.at\/sportler\/1018\/weltcup-font-blanca-and-tag-3-das-individualrennen-platz-6\/\" \/>\n<meta property=\"og:locale\" content=\"de_DE\" \/>\n<meta property=\"og:type\" content=\"article\" \/>\n<meta property=\"og:title\" content=\"Weltcup Font Blanca (AND) Tag 3 \u2013 das Individualrennen, Platz 6 - Sportler\" \/>\n<meta property=\"og:description\" content=\"Super lief es heute in Andorra! Bei besten \u00e4u\u00dferen Bedingungen starteten f\u00fcr \u00d6sterreich Martin Wei\u00dfkopf (Pr\u00e4graten\/Tirol) und Alex Fasser (Lermoos\/Tirol), der zuletzt eine krankheitsbedingte Zwangspause von einem Monat einhalten musste. Zwar musste wegen der Schneef\u00e4lle der letzten Tage die Strecke in einen Rundkurs mit 2 Runden verwandelt werden, der Rennh\u00e4rte tat dies aber keinen Abbruch. [&hellip;]\" \/>\n<meta property=\"og:url\" content=\"https:\/\/www.skimo.at\/sportler\/1018\/weltcup-font-blanca-and-tag-3-das-individualrennen-platz-6\/\" \/>\n<meta property=\"og:site_name\" content=\"Sportler\" \/>\n<meta property=\"article:published_time\" content=\"2013-03-10T14:15:11+00:00\" \/>\n<meta property=\"article:modified_time\" content=\"2021-01-05T15:21:25+00:00\" \/>\n<meta name=\"twitter:card\" content=\"summary\" \/>\n<meta name=\"twitter:label1\" content=\"Gesch\u00e4tzte Lesezeit\">\n\t<meta name=\"twitter:data1\" content=\"3\u00a0Minuten\">\n<script type=\"application\/ld+json\" class=\"yoast-schema-graph\">{\"@context\":\"https:\/\/schema.org\",\"@graph\":[{\"@type\":\"WebSite\",\"@id\":\"https:\/\/skimo.73.jarolim.eu\/sportler\/#website\",\"url\":\"https:\/\/skimo.73.jarolim.eu\/sportler\/\",\"name\":\"Sportler\",\"description\":\"\",\"potentialAction\":[{\"@type\":\"SearchAction\",\"target\":\"https:\/\/skimo.73.jarolim.eu\/sportler\/?s={search_term_string}\",\"query-input\":\"required name=search_term_string\"}],\"inLanguage\":\"de\"},{\"@type\":\"WebPage\",\"@id\":\"https:\/\/www.skimo.at\/sportler\/1018\/weltcup-font-blanca-and-tag-3-das-individualrennen-platz-6\/#webpage\",\"url\":\"https:\/\/www.skimo.at\/sportler\/1018\/weltcup-font-blanca-and-tag-3-das-individualrennen-platz-6\/\",\"name\":\"Weltcup Font Blanca (AND) Tag 3 \\u2013 das Individualrennen, Platz 6 - Sportler\",\"isPartOf\":{\"@id\":\"https:\/\/skimo.73.jarolim.eu\/sportler\/#website\"},\"datePublished\":\"2013-03-10T14:15:11+00:00\",\"dateModified\":\"2021-01-05T15:21:25+00:00\",\"author\":{\"@id\":\"https:\/\/skimo.73.jarolim.eu\/sportler\/#\/schema\/person\/796ecbce6796efca58bf848ca63ec12c\"},\"breadcrumb\":{\"@id\":\"https:\/\/www.skimo.at\/sportler\/1018\/weltcup-font-blanca-and-tag-3-das-individualrennen-platz-6\/#breadcrumb\"},\"inLanguage\":\"de\",\"potentialAction\":[{\"@type\":\"ReadAction\",\"target\":[\"https:\/\/www.skimo.at\/sportler\/1018\/weltcup-font-blanca-and-tag-3-das-individualrennen-platz-6\/\"]}]},{\"@type\":\"BreadcrumbList\",\"@id\":\"https:\/\/www.skimo.at\/sportler\/1018\/weltcup-font-blanca-and-tag-3-das-individualrennen-platz-6\/#breadcrumb\",\"itemListElement\":[{\"@type\":\"ListItem\",\"position\":1,\"item\":{\"@type\":\"WebPage\",\"@id\":\"https:\/\/skimo.73.jarolim.eu\/sportler\/\",\"url\":\"https:\/\/skimo.73.jarolim.eu\/sportler\/\",\"name\":\"Home\"}},{\"@type\":\"ListItem\",\"position\":2,\"item\":{\"@id\":\"https:\/\/www.skimo.at\/sportler\/1018\/weltcup-font-blanca-and-tag-3-das-individualrennen-platz-6\/#webpage\"}}]},{\"@type\":\"Person\",\"@id\":\"https:\/\/skimo.73.jarolim.eu\/sportler\/#\/schema\/person\/796ecbce6796efca58bf848ca63ec12c\",\"name\":\"kposch\",\"image\":{\"@type\":\"ImageObject\",\"@id\":\"https:\/\/skimo.73.jarolim.eu\/sportler\/#personlogo\",\"inLanguage\":\"de\",\"url\":\"https:\/\/secure.gravatar.com\/avatar\/e9f5f28da60e5e563d3f4d3cc0b9b425?s=96&r=g\",\"contentUrl\":\"https:\/\/secure.gravatar.com\/avatar\/e9f5f28da60e5e563d3f4d3cc0b9b425?s=96&r=g\",\"caption\":\"kposch\"},\"url\":\"https:\/\/www.skimo.at\/sportler\/author\/kposch\/\"}]}<\/script>\n<!-- \/ Yoast SEO plugin. -->","_links":{"self":[{"href":"https:\/\/www.skimo.at\/sportler\/wp-json\/wp\/v2\/posts\/1018"}],"collection":[{"href":"https:\/\/www.skimo.at\/sportler\/wp-json\/wp\/v2\/posts"}],"about":[{"href":"https:\/\/www.skimo.at\/sportler\/wp-json\/wp\/v2\/types\/post"}],"author":[{"embeddable":true,"href":"https:\/\/www.skimo.at\/sportler\/wp-json\/wp\/v2\/users\/3"}],"replies":[{"embeddable":true,"href":"https:\/\/www.skimo.at\/sportler\/wp-json\/wp\/v2\/comments?post=1018"}],"version-history":[{"count":6,"href":"https:\/\/www.skimo.at\/sportler\/wp-json\/wp\/v2\/posts\/1018\/revisions"}],"predecessor-version":[{"id":15597,"href":"https:\/\/www.skimo.at\/sportler\/wp-json\/wp\/v2\/posts\/1018\/revisions\/15597"}],"wp:attachment":[{"href":"https:\/\/www.skimo.at\/sportler\/wp-json\/wp\/v2\/media?parent=1018"}],"wp:term":[{"taxonomy":"category","embeddable":true,"href":"https:\/\/www.skimo.at\/sportler\/wp-json\/wp\/v2\/categories?post=1018"},{"taxonomy":"post_tag","embeddable":true,"href":"https:\/\/www.skimo.at\/sportler\/wp-json\/wp\/v2\/tags?post=1018"}],"curies":[{"name":"wp","href":"https:\/\/api.w.org\/{rel}","templated":true}]}}