{"id":1005,"date":"2013-03-09T15:53:37","date_gmt":"2013-03-09T13:53:37","guid":{"rendered":"http:\/\/www.skimo.at\/sportler\/?p=1005"},"modified":"2021-01-05T17:20:57","modified_gmt":"2021-01-05T15:20:57","slug":"weltcup-font-blanca-and-tag-2-das-verticalrennen","status":"publish","type":"post","link":"https:\/\/www.skimo.at\/sportler\/1005\/weltcup-font-blanca-and-tag-2-das-verticalrennen\/","title":{"rendered":"Weltcup Font Blanca (AND) Tag 2 \u2013 das Verticalrennen, Platz 9"},"content":{"rendered":"<p>Kurz und knackig war\u2019s heute in Andorra. Das Verticalrennen als Erstrennen des Weltcup-Wochenendes in Arcalis\/Font Blanca f\u00fchrte nur \u00fcber rund 580 H\u00f6henmeter und 2,7 km. Auf einer Piste gings aufw\u00e4rts, schwierig dabei war die H\u00f6henlage: Start auf 1.920 m (!), f\u00fcr Flachlandindianer durchaus ein Kriterium.<\/p>\n<p>F\u00fcr \u00d6sterreich ging heute Martin Wei\u00dfkopf ins Rennen, Alex Fasser wollte sich nach seinem langen Ausfall nicht schon heute verausgaben und die Kr\u00e4fte f\u00fcrs morgige Individual aufsparen. Wei\u00dfkopf, dem Verticalrennen und Pistenrennen eigentlich nicht richtig liegen, schlug sich schlie\u00dflich ausgesprochen gut. Nach einem guten Start fiel er zwar zwischenzeitlich etwas zur\u00fcck, mit einem gesunden Ma\u00df an Willen und Kampfkraft gings dann aber wieder nach vorne und Martin konnte mit einer Zeit von 25:31 Minuten schlie\u00dflich als 9. in der Klasse Espoir finishen (gesamt 27.). Ein sehr hektisches und schnelles Rennen \u2013 eigentlich gar nicht das was Martin mag \u2013 konnte damit besser als erwartet beendet werden.<\/p>\n<blockquote><p>Im Telefoninterview war er dem entsprechend auch sehr entspannt: \u201eEs l\u00e4uft f\u00fcr mich von Rennen zu Rennen besser bei den Verticalbewerben. Der Aufbau d\u00fcrfte stimmen, das freut mich riesig. Das heutige Rennen sehe ich aber vor allem als Vorbereitung f\u00fcr den morgigen Individualbewerb, auf den freue ich mich schon!\u201c.<\/p><\/blockquote>\n<p>Der Sieg beim Rennen ging an den Italiener Damiano Lenzi in 22:29 Minuten, der Damensieg ging mit Gloriana Pellissier in 27:25 Minuten ebenfalls nach Italien.<\/p>\n<p>Ein gutes Ergebnis heute also in Andorra, das Haupt-Augenmerk liegt aber dennoch am morgigen Einzelrennen. Aufgrund der heftigen Schneef\u00e4lle der letzten Tage wurde die Strecke zwar aus den Gipfelregionen genommen, dennoch erwartet die beiden \u00d6sterreichischen Athleten Wei\u00dfkopf und Fasser morgen jedoch eine hochalpine Unternehmung. Detaiuls gibt\u2019s noch nicht, die Bergf\u00fchrer sind grade eben beim herrichten der Strecke, wahrscheinlich d\u00fcrften aber 2 Runden gelaufen werden.<\/p>\n<p>Hier gehts zur Webseite des Veranstalters: <a href=\"http:\/\/www.fontblanca.ad\/\">http:\/\/www.fontblanca.ad\/<\/a><\/p>\n<p>Nachfolgend noch die Ergebnisliste des heutigen Verticalrennens.<\/p>\n","protected":false},"excerpt":{"rendered":"<p>Kurz und knackig war\u2019s heute in Andorra. Das Verticalrennen als Erstrennen des Weltcup-Wochenendes in Arcalis\/Font Blanca f\u00fchrte nur \u00fcber rund 580 H\u00f6henmeter und 2,7 km. Auf einer Piste gings aufw\u00e4rts, schwierig dabei war die H\u00f6henlage: Start auf 1.920 m (!), f\u00fcr Flachlandindianer durchaus ein Kriterium. F\u00fcr \u00d6sterreich ging heute Martin Wei\u00dfkopf ins Rennen, Alex Fasser [&hellip;]<\/p>\n","protected":false},"author":3,"featured_media":0,"comment_status":"closed","ping_status":"closed","sticky":false,"template":"","format":"standard","meta":[],"categories":[1,11,3,7],"tags":[],"yoast_head":"<!-- This site is optimized with the Yoast SEO plugin v16.3 - https:\/\/yoast.com\/wordpress\/plugins\/seo\/ -->\n<title>Weltcup Font Blanca (AND) Tag 2 \u2013 das Verticalrennen, Platz 9 - Sportler<\/title>\n<meta name=\"robots\" content=\"index, follow, max-snippet:-1, max-image-preview:large, max-video-preview:-1\" \/>\n<link rel=\"canonical\" href=\"https:\/\/www.skimo.at\/sportler\/1005\/weltcup-font-blanca-and-tag-2-das-verticalrennen\/\" \/>\n<meta property=\"og:locale\" content=\"de_DE\" \/>\n<meta property=\"og:type\" content=\"article\" \/>\n<meta property=\"og:title\" content=\"Weltcup Font Blanca (AND) Tag 2 \u2013 das Verticalrennen, Platz 9 - Sportler\" \/>\n<meta property=\"og:description\" content=\"Kurz und knackig war\u2019s heute in Andorra. Das Verticalrennen als Erstrennen des Weltcup-Wochenendes in Arcalis\/Font Blanca f\u00fchrte nur \u00fcber rund 580 H\u00f6henmeter und 2,7 km. Auf einer Piste gings aufw\u00e4rts, schwierig dabei war die H\u00f6henlage: Start auf 1.920 m (!), f\u00fcr Flachlandindianer durchaus ein Kriterium. F\u00fcr \u00d6sterreich ging heute Martin Wei\u00dfkopf ins Rennen, Alex Fasser [&hellip;]\" \/>\n<meta property=\"og:url\" content=\"https:\/\/www.skimo.at\/sportler\/1005\/weltcup-font-blanca-and-tag-2-das-verticalrennen\/\" \/>\n<meta property=\"og:site_name\" content=\"Sportler\" \/>\n<meta property=\"article:published_time\" content=\"2013-03-09T13:53:37+00:00\" \/>\n<meta property=\"article:modified_time\" content=\"2021-01-05T15:20:57+00:00\" \/>\n<meta name=\"twitter:card\" content=\"summary\" \/>\n<meta name=\"twitter:label1\" content=\"Gesch\u00e4tzte Lesezeit\">\n\t<meta name=\"twitter:data1\" content=\"2\u00a0Minuten\">\n<script type=\"application\/ld+json\" class=\"yoast-schema-graph\">{\"@context\":\"https:\/\/schema.org\",\"@graph\":[{\"@type\":\"WebSite\",\"@id\":\"https:\/\/skimo.73.jarolim.eu\/sportler\/#website\",\"url\":\"https:\/\/skimo.73.jarolim.eu\/sportler\/\",\"name\":\"Sportler\",\"description\":\"\",\"potentialAction\":[{\"@type\":\"SearchAction\",\"target\":\"https:\/\/skimo.73.jarolim.eu\/sportler\/?s={search_term_string}\",\"query-input\":\"required name=search_term_string\"}],\"inLanguage\":\"de\"},{\"@type\":\"WebPage\",\"@id\":\"https:\/\/www.skimo.at\/sportler\/1005\/weltcup-font-blanca-and-tag-2-das-verticalrennen\/#webpage\",\"url\":\"https:\/\/www.skimo.at\/sportler\/1005\/weltcup-font-blanca-and-tag-2-das-verticalrennen\/\",\"name\":\"Weltcup Font Blanca (AND) Tag 2 \\u2013 das Verticalrennen, Platz 9 - Sportler\",\"isPartOf\":{\"@id\":\"https:\/\/skimo.73.jarolim.eu\/sportler\/#website\"},\"datePublished\":\"2013-03-09T13:53:37+00:00\",\"dateModified\":\"2021-01-05T15:20:57+00:00\",\"author\":{\"@id\":\"https:\/\/skimo.73.jarolim.eu\/sportler\/#\/schema\/person\/796ecbce6796efca58bf848ca63ec12c\"},\"breadcrumb\":{\"@id\":\"https:\/\/www.skimo.at\/sportler\/1005\/weltcup-font-blanca-and-tag-2-das-verticalrennen\/#breadcrumb\"},\"inLanguage\":\"de\",\"potentialAction\":[{\"@type\":\"ReadAction\",\"target\":[\"https:\/\/www.skimo.at\/sportler\/1005\/weltcup-font-blanca-and-tag-2-das-verticalrennen\/\"]}]},{\"@type\":\"BreadcrumbList\",\"@id\":\"https:\/\/www.skimo.at\/sportler\/1005\/weltcup-font-blanca-and-tag-2-das-verticalrennen\/#breadcrumb\",\"itemListElement\":[{\"@type\":\"ListItem\",\"position\":1,\"item\":{\"@type\":\"WebPage\",\"@id\":\"https:\/\/skimo.73.jarolim.eu\/sportler\/\",\"url\":\"https:\/\/skimo.73.jarolim.eu\/sportler\/\",\"name\":\"Home\"}},{\"@type\":\"ListItem\",\"position\":2,\"item\":{\"@id\":\"https:\/\/www.skimo.at\/sportler\/1005\/weltcup-font-blanca-and-tag-2-das-verticalrennen\/#webpage\"}}]},{\"@type\":\"Person\",\"@id\":\"https:\/\/skimo.73.jarolim.eu\/sportler\/#\/schema\/person\/796ecbce6796efca58bf848ca63ec12c\",\"name\":\"kposch\",\"image\":{\"@type\":\"ImageObject\",\"@id\":\"https:\/\/skimo.73.jarolim.eu\/sportler\/#personlogo\",\"inLanguage\":\"de\",\"url\":\"https:\/\/secure.gravatar.com\/avatar\/e9f5f28da60e5e563d3f4d3cc0b9b425?s=96&r=g\",\"contentUrl\":\"https:\/\/secure.gravatar.com\/avatar\/e9f5f28da60e5e563d3f4d3cc0b9b425?s=96&r=g\",\"caption\":\"kposch\"},\"url\":\"https:\/\/www.skimo.at\/sportler\/author\/kposch\/\"}]}<\/script>\n<!-- \/ Yoast SEO plugin. -->","_links":{"self":[{"href":"https:\/\/www.skimo.at\/sportler\/wp-json\/wp\/v2\/posts\/1005"}],"collection":[{"href":"https:\/\/www.skimo.at\/sportler\/wp-json\/wp\/v2\/posts"}],"about":[{"href":"https:\/\/www.skimo.at\/sportler\/wp-json\/wp\/v2\/types\/post"}],"author":[{"embeddable":true,"href":"https:\/\/www.skimo.at\/sportler\/wp-json\/wp\/v2\/users\/3"}],"replies":[{"embeddable":true,"href":"https:\/\/www.skimo.at\/sportler\/wp-json\/wp\/v2\/comments?post=1005"}],"version-history":[{"count":7,"href":"https:\/\/www.skimo.at\/sportler\/wp-json\/wp\/v2\/posts\/1005\/revisions"}],"predecessor-version":[{"id":15596,"href":"https:\/\/www.skimo.at\/sportler\/wp-json\/wp\/v2\/posts\/1005\/revisions\/15596"}],"wp:attachment":[{"href":"https:\/\/www.skimo.at\/sportler\/wp-json\/wp\/v2\/media?parent=1005"}],"wp:term":[{"taxonomy":"category","embeddable":true,"href":"https:\/\/www.skimo.at\/sportler\/wp-json\/wp\/v2\/categories?post=1005"},{"taxonomy":"post_tag","embeddable":true,"href":"https:\/\/www.skimo.at\/sportler\/wp-json\/wp\/v2\/tags?post=1005"}],"curies":[{"name":"wp","href":"https:\/\/api.w.org\/{rel}","templated":true}]}}