{"id":192197,"date":"2024-12-20T01:10:45","date_gmt":"2024-12-19T23:10:45","guid":{"rendered":"https:\/\/www.skimo.at\/skibergsteigen\/?p=192197"},"modified":"2024-12-20T01:29:21","modified_gmt":"2024-12-19T23:29:21","slug":"skimo-austria-pressekonferenz-in-salzburg-vom-19-12-2024","status":"publish","type":"post","link":"https:\/\/www.skimo.at\/skibergsteigen\/192197\/skimo-austria-pressekonferenz-in-salzburg-vom-19-12-2024\/","title":{"rendered":"SKIMO Austria Pressekonferenz in Salzburg vom 19.12.2024"},"content":{"rendered":"\n<p>Begeisterung f\u00fcrs Skibergsteigen ungebrochen hoch, Verkauf konsolidiert sich. Das waren die Kernbotschaften der SKIMO Austria PK vom 19.12.2024, die Live in ORF Sport+ \u00fcbertragen wurde.<\/p>\n\n\n\n<!--more-->\n\n\n\n<p>Am 19.12.2024 fand im bew\u00e4hrten Rahmen beim Autohaus SONNLEITNER in Salzburg die j\u00e4hrliche Pressekonferenz von SKIMO Austria statt. Traditionell h\u00f6chsten Wert haben dabei die Einsch\u00e4tzungen zahlreicher Experten \u00fcber die k\u00fcrzliche Entwicklung der Sportart sowie die entsprechenden Zukunftsaussichten.<\/p>\n\n\n\n<p>Als Bezugsjahr f\u00fcr alle Aussagen der anwesenden Vortragenden galt der vergangene Winter 2023\/24, aber nat\u00fcrlich wurde zumindest mit einem Auge auch in den aktuellen Winter geschielt.<\/p>\n\n\n\n<p>Als Experten f\u00fcr drei verschiedene Themenbl\u00f6cke durften begr\u00fc\u00dft werden:<\/p>\n\n\n\n<p><strong>Themenblock 1: Wirtschaft<\/strong><\/p>\n\n\n\n<ul><li>Irina Andorfer, VSS\u00d6 Pr\u00e4sidiumsmitglied<\/li><li>Michael K\u00f6ltringer, DYNAFIT Senior Trade Marketing Manager<\/li><li>Christian Ehrensberger, Gesch\u00e4ftsf\u00fchrer der Bergbahnen Werfenweng<\/li><\/ul>\n\n\n\n<p><strong>Themenblock 2: Olympia Mailand\/Cortina d\u2019Ampezzo 2026<\/strong><\/p>\n\n\n\n<ul><li>Hermann Gruber, DAV Sportlicher Leiter Skibergsteigen<\/li><li>Johanna Hiemer und Paul Verbnjak, \u00d6SV Nationalteam<\/li><\/ul>\n\n\n\n<p><strong>Themenblock 3: Rennserie SKIMO Alpencup 2025<\/strong><\/p>\n\n\n\n<ul><li>Hannes Laner und Thomas Wallner, OK Erztrophy Werfenweng (AUT)<\/li><li>Gabi Schieder-Moderegger und Beatrice Soyter, OK Jennerstier Berchtesgaden (GER)<\/li><li>Benjamin Neuner und Michael Wilfling, OK Achensee Xtreme Maurach (AUT)<\/li><\/ul>\n\n\n\n<h2><strong>Demografie als Stabilit\u00e4tsfaktor<\/strong><\/h2>\n\n\n\n<p>Den Einstieg in die PK wurde von SKIMO Austria Betreiber <strong>Karl Posch<\/strong> gestaltet. Als langj\u00e4hriger&nbsp; Kenner der Szene hat er die aktuellen Entwicklungen in der Zielgruppe der Tourengeher zusammengefasst.<\/p>\n\n\n\n<p>Die Gesamtzahl der tourengehenden \u00d6sterreicher hat sich offenbar bei rund 700.000 eingependelt, steht seit mehreren Jahren konstant auf diesem hohen Niveau.<\/p>\n\n\n\n<p>Der Trend, dass der Sport Skibergsteigen sich langsam, aber bestimmt verj\u00fcngt und immer weiblicher wird, hat sich ebenfalls wiederum best\u00e4tigt. Der Altersdurchschnitt wird von SKIMO Austria im Mittel aktuell mit 36 Jahren angegeben, der Anteil weiblicher Tourengeher mit 40%. Die Motivation, die Tourenski anzuschnallen, kommt aus der laufenden Fitnessbewegung, liegt aber auch daran, dass die soziale Interaktion beim Tourengehen vergleichsweise hoch ist.<\/p>\n\n\n\n<p>&nbsp;Posch kann der Zielgruppe der Tourengeher viel positives abgewinnen:<\/p>\n\n\n\n<blockquote class=\"wp-block-quote\"><p><em>\u201eDie demografische Zusammensetzung der Skibergsteiger-Community ist vorteilhaft und seit Jahren stabil. Wir wissen, dass die Begeisterung f\u00fcr den Skitourensport ungebremst positiv und wenig beeinflusst von Marktgeschehnissen ist. Kurzfristige Einbu\u00dfen bei den Verkaufszahlen widerspiegeln sich nachweislich nicht in der Anzahl der Tourengeher. Olympia 2026 ist f\u00fcr die Entwicklung des Sports eine tolle Sache.\u201c<\/em><\/p><\/blockquote>\n\n\n\n<figure class=\"wp-block-gallery columns-2 is-cropped\"><ul class=\"blocks-gallery-grid\"><li class=\"blocks-gallery-item\"><figure><img loading=\"lazy\" width=\"600\" height=\"400\" src=\"https:\/\/www.skimo.at\/skibergsteigen\/files\/2024\/12\/skimo-pressekonferenz-kraft-10-von-92-1-600x400.jpg\" alt=\"skimo pressekonferenz kraft 10 von 92 1\" data-id=\"192202\" data-link=\"https:\/\/www.skimo.at\/skibergsteigen\/?attachment_id=192202\" class=\"wp-image-192202\" srcset=\"https:\/\/www.skimo.at\/skibergsteigen\/files\/2024\/12\/skimo-pressekonferenz-kraft-10-von-92-1-600x400.jpg 600w, https:\/\/www.skimo.at\/skibergsteigen\/files\/2024\/12\/skimo-pressekonferenz-kraft-10-von-92-1-300x200.jpg 300w, https:\/\/www.skimo.at\/skibergsteigen\/files\/2024\/12\/skimo-pressekonferenz-kraft-10-von-92-1-768x512.jpg 768w, https:\/\/www.skimo.at\/skibergsteigen\/files\/2024\/12\/skimo-pressekonferenz-kraft-10-von-92-1-746x497.jpg 746w, https:\/\/www.skimo.at\/skibergsteigen\/files\/2024\/12\/skimo-pressekonferenz-kraft-10-von-92-1-618x412.jpg 618w, https:\/\/www.skimo.at\/skibergsteigen\/files\/2024\/12\/skimo-pressekonferenz-kraft-10-von-92-1-554x369.jpg 554w, https:\/\/www.skimo.at\/skibergsteigen\/files\/2024\/12\/skimo-pressekonferenz-kraft-10-von-92-1-299x199.jpg 299w, https:\/\/www.skimo.at\/skibergsteigen\/files\/2024\/12\/skimo-pressekonferenz-kraft-10-von-92-1-1224x816.jpg 1224w, https:\/\/www.skimo.at\/skibergsteigen\/files\/2024\/12\/skimo-pressekonferenz-kraft-10-von-92-1-970x647.jpg 970w, https:\/\/www.skimo.at\/skibergsteigen\/files\/2024\/12\/skimo-pressekonferenz-kraft-10-von-92-1-140x93.jpg 140w, https:\/\/www.skimo.at\/skibergsteigen\/files\/2024\/12\/skimo-pressekonferenz-kraft-10-von-92-1-540x360.jpg 540w, https:\/\/www.skimo.at\/skibergsteigen\/files\/2024\/12\/skimo-pressekonferenz-kraft-10-von-92-1.jpg 2000w\" sizes=\"(max-width: 600px) 100vw, 600px\" \/><figcaption class=\"blocks-gallery-item__caption\">Karl Posch<\/figcaption><\/figure><\/li><li class=\"blocks-gallery-item\"><figure><img loading=\"lazy\" width=\"400\" height=\"600\" src=\"https:\/\/www.skimo.at\/skibergsteigen\/files\/2024\/12\/skimo-pressekonferenz-kraft-28-von-92-400x600.jpg\" alt=\"skimo pressekonferenz kraft 28 von 92\" data-id=\"192203\" data-full-url=\"https:\/\/www.skimo.at\/skibergsteigen\/files\/2024\/12\/skimo-pressekonferenz-kraft-28-von-92.jpg\" data-link=\"https:\/\/www.skimo.at\/skibergsteigen\/?attachment_id=192203\" class=\"wp-image-192203\" srcset=\"https:\/\/www.skimo.at\/skibergsteigen\/files\/2024\/12\/skimo-pressekonferenz-kraft-28-von-92-400x600.jpg 400w, https:\/\/www.skimo.at\/skibergsteigen\/files\/2024\/12\/skimo-pressekonferenz-kraft-28-von-92-200x300.jpg 200w, https:\/\/www.skimo.at\/skibergsteigen\/files\/2024\/12\/skimo-pressekonferenz-kraft-28-von-92-768x1152.jpg 768w, https:\/\/www.skimo.at\/skibergsteigen\/files\/2024\/12\/skimo-pressekonferenz-kraft-28-von-92-1224x1836.jpg 1224w, https:\/\/www.skimo.at\/skibergsteigen\/files\/2024\/12\/skimo-pressekonferenz-kraft-28-von-92-970x1455.jpg 970w, https:\/\/www.skimo.at\/skibergsteigen\/files\/2024\/12\/skimo-pressekonferenz-kraft-28-von-92-554x831.jpg 554w, https:\/\/www.skimo.at\/skibergsteigen\/files\/2024\/12\/skimo-pressekonferenz-kraft-28-von-92-62x93.jpg 62w, https:\/\/www.skimo.at\/skibergsteigen\/files\/2024\/12\/skimo-pressekonferenz-kraft-28-von-92.jpg 1333w\" sizes=\"(max-width: 400px) 100vw, 400px\" \/><figcaption class=\"blocks-gallery-item__caption\">Karl Posch<\/figcaption><\/figure><\/li><\/ul><\/figure>\n\n\n\n<h2><strong>Wirtschaft &amp; Tourismus<\/strong><\/h2>\n\n\n\n<p>Die wirtschaftliche Entwicklung der Sportart Skibergsteigen inklusive R\u00fcckblick und Prognosen wurde von einer Expertenrunde aus Produktion, Handel und Tourismus beleuchtet.<\/p>\n\n\n\n<p>VSS\u00d6 Pr\u00e4sidiumsmitglied und SPORT2000 Gesch\u00e4ftsf\u00fchrerin<strong> Irina Andorfer <\/strong>pr\u00e4sentierte und interpretierte die Verkaufszahlen des vergangenen Winters. Nach einem massiven und \u00fcberproportionalen Anstieg der Verkaufszahlen in \u00d6sterreich w\u00e4hrend der Pandemiejahre auf 77.000 Paar verkaufte Tourenski durch Neueinsteiger und vorgezogene K\u00e4ufe hat es in den letzten drei Jahren einen R\u00fcckgang gegeben. Die letzte Saison zeigt ein Einpendeln auf einem Niveau von vor etwa 10 Jahren, allerdings mit einem langfristigen Trend nach oben. Konkret gingen im Winter 2023\/24 rund 47.000 Paar Tourenski, 53.000 Paar Tourenskischuhe und 40.000 Paar Tourenbindungen \u00fcber die Ladentische.<\/p>\n\n\n\n<blockquote class=\"wp-block-quote\"><p><em>\u201eDer letzte Winter war gepr\u00e4gt von einer langfristigen Konsolidierung. Viele Anbieter und Marken sind ins Tourengehen eingestiegen und Schwankungen pendeln sich ein. Der Tourensport ist aus der Spezialisten-Ecke heraussen und in der Mitte der Gesellschaft angekommen. Die Zusammenarbeit zwischen Handel, Sportorganisationen und dem Tourismus wird dadurch immer sinnvoller.\u201c<\/em><\/p><\/blockquote>\n\n\n\n<p>Allgemein profitieren aktuell der Onlinehandel und Spezialisten. Sehr interessant ist der Vergleich mit anderen Bereichen des sich nach pandemiebedingter \u00dcberhitzung und darauffolgender Unterk\u00fchlung allgemein normalisierenden Winter-Outdoormarkts. Denn w\u00e4hrend im Tourenskisport noch leichte R\u00fcckg\u00e4nge zu verzeichnen waren, hat sich der gesamte Skiverkauf mit einem Plus von 1,5% wieder auf ein Niveau von 402.117 erh\u00f6ht, sich also bereits vollst\u00e4ndig erholt.<\/p>\n\n\n\n<p>Aus Herstellersicht berichtete <strong>Michael K\u00f6ltringer<\/strong>, Senior Trade Marketing Managerdes Tourensport-Riesen DYNAFIT. Die extreme Nachfrage Anfang der 2020er wurde \u00fcberlagert durch Lieferprobleme und zuletzt ged\u00e4mpft durch 3 schneearme Winter in Folge. Die Situation im Sell-In, also zwischen Hersteller und Handel, ist immer noch gepr\u00e4gt von vollen Lagern und einer daraus folgenden schwierigen Preissituation. Dieser \u201ePeitscheneffekt\u201c ist jedoch am Abklingen und l\u00e4sst bereits wieder das seit Anfang der 2000er stabile Wachstum der Sportart mit 4 \u2013 8% p.a. erkennen. Der Gesamtsituation haben die letzten speziellen Jahre allgemein eher nicht geschadet, wie K\u00f6ltringer erkl\u00e4rt:<\/p>\n\n\n\n<blockquote class=\"wp-block-quote\"><p><em>\u201eKurzfristig wurde zuletzt als Reaktion auf die vorangegangene \u00dcberproduktion die Produktionsmenge reduziert, mittelfristig wird es vielleicht auch eine Verschlankung der Kollektionen geben. Langfristig w\u00e4chst der Tourensport aber stabil und ist ein gro\u00dfes Zukunftsthema. Innovation zahlt sich in diesem Markt aus, entsprechend verbessern sich die Produkte und werden intuitiver und komfortabler.\u201c<\/em><\/p><\/blockquote>\n\n\n\n<p>Eine Folge der Etablierung der Sportart ist im \u00dcbrigen auch die Diversifizierung. W\u00e4hrend der Rennsport sich spezialisiert und in Richtung Olympia bewegt, sind Familientouren und vor allem die touristische Betrachtung die zuk\u00fcnftigen Faktoren in der Breite.<\/p>\n\n\n\n<p>Das touristische Potential wurde durch <strong>Christian Ehrensberger, <\/strong>Gesch\u00e4ftsf\u00fchrer der Bergbahnen Werfenweng, herausgearbeitet. Vor dem Hintergund des ver\u00e4nderten Urlaubsverhaltens und einer tendentiell schwierigeren Schneesituation m\u00fcssen speziell niedriger gelegene Destinationen ihre Zug\u00e4nge zum Skisport \u00fcberdenken.<\/p>\n\n\n\n<p>Der alpine Skilauf ist und bleibt Umsatztr\u00e4ger Nr. 1, die Kombination mit alternativen Bet\u00e4tigungen wie Winterwandern, Schneeschuhgehen und Skibergsteigen bringt jedoch Zukunftssicherheit. Multisport scheint das Zauberwort der Zukunft zu sein. Kleinere Skigebiete k\u00f6nnen durch gr\u00f6\u00dfere Felxibilit\u00e4t rascher reagieren, wie Ehrensberger erz\u00e4hlt:<\/p>\n\n\n\n<blockquote class=\"wp-block-quote\"><p><em>\u201eIn Werfenweng haben wir traditionell ein breites alpines Angebot f\u00fcr unsere G\u00e4ste, von Paragleiten \u00fcber Schneeschuhtouren bis zum Alpinskilauf sind wir am Bischling f\u00fcr vieles offen. Der anhaltende Boom bei den Tourengehern hat uns dazu veranlasst, ab heuer eine gesicherte Aufstiegsspur zur Verf\u00fcgung zu stellen. Das passt super zum Gesamtangebot, liegt im Trend und hilft der Gastronomie.\u201c<\/em><\/p><\/blockquote>\n\n\n\n<p>Der gemeinsame Nenner aus den Vortr\u00e4gen \u00fcber die wirtschaftliche Situation war klar erkennbar eine positive langfristige Prognose. Kurzfristige Herausforderungen wie schneearme Winter oder spezielle Wetterlagen k\u00f6nnen dem Skibergsteigen als Wirtschaftsfaktor keinen Abbruch mehr tun, der Sport ist etabliert.<\/p>\n\n\n\n<figure class=\"wp-block-gallery columns-3 is-cropped\"><ul class=\"blocks-gallery-grid\"><li class=\"blocks-gallery-item\"><figure><img loading=\"lazy\" width=\"600\" height=\"400\" src=\"https:\/\/www.skimo.at\/skibergsteigen\/files\/2024\/12\/skimo-pressekonferenz-kraft-82-von-92-600x400.jpg\" alt=\"skimo pressekonferenz kraft 82 von 92\" data-id=\"192198\" data-link=\"https:\/\/www.skimo.at\/skibergsteigen\/?attachment_id=192198\" class=\"wp-image-192198\" srcset=\"https:\/\/www.skimo.at\/skibergsteigen\/files\/2024\/12\/skimo-pressekonferenz-kraft-82-von-92-600x400.jpg 600w, https:\/\/www.skimo.at\/skibergsteigen\/files\/2024\/12\/skimo-pressekonferenz-kraft-82-von-92-300x200.jpg 300w, https:\/\/www.skimo.at\/skibergsteigen\/files\/2024\/12\/skimo-pressekonferenz-kraft-82-von-92-768x512.jpg 768w, https:\/\/www.skimo.at\/skibergsteigen\/files\/2024\/12\/skimo-pressekonferenz-kraft-82-von-92-746x497.jpg 746w, https:\/\/www.skimo.at\/skibergsteigen\/files\/2024\/12\/skimo-pressekonferenz-kraft-82-von-92-618x412.jpg 618w, https:\/\/www.skimo.at\/skibergsteigen\/files\/2024\/12\/skimo-pressekonferenz-kraft-82-von-92-554x369.jpg 554w, https:\/\/www.skimo.at\/skibergsteigen\/files\/2024\/12\/skimo-pressekonferenz-kraft-82-von-92-299x199.jpg 299w, https:\/\/www.skimo.at\/skibergsteigen\/files\/2024\/12\/skimo-pressekonferenz-kraft-82-von-92-1224x816.jpg 1224w, https:\/\/www.skimo.at\/skibergsteigen\/files\/2024\/12\/skimo-pressekonferenz-kraft-82-von-92-970x647.jpg 970w, https:\/\/www.skimo.at\/skibergsteigen\/files\/2024\/12\/skimo-pressekonferenz-kraft-82-von-92-140x93.jpg 140w, https:\/\/www.skimo.at\/skibergsteigen\/files\/2024\/12\/skimo-pressekonferenz-kraft-82-von-92-540x360.jpg 540w, https:\/\/www.skimo.at\/skibergsteigen\/files\/2024\/12\/skimo-pressekonferenz-kraft-82-von-92.jpg 2000w\" sizes=\"(max-width: 600px) 100vw, 600px\" \/><figcaption class=\"blocks-gallery-item__caption\">Michael Ehrensberger, Irina Andorfer, Michael K\u00f6ltringer<\/figcaption><\/figure><\/li><li class=\"blocks-gallery-item\"><figure><img loading=\"lazy\" width=\"600\" height=\"400\" src=\"https:\/\/www.skimo.at\/skibergsteigen\/files\/2024\/12\/skimo-pressekonferenz-kraft-91-von-92-600x400.jpg\" alt=\"skimo pressekonferenz kraft 91 von 92\" data-id=\"192199\" data-link=\"https:\/\/www.skimo.at\/skibergsteigen\/?attachment_id=192199\" class=\"wp-image-192199\" srcset=\"https:\/\/www.skimo.at\/skibergsteigen\/files\/2024\/12\/skimo-pressekonferenz-kraft-91-von-92-600x400.jpg 600w, https:\/\/www.skimo.at\/skibergsteigen\/files\/2024\/12\/skimo-pressekonferenz-kraft-91-von-92-300x200.jpg 300w, https:\/\/www.skimo.at\/skibergsteigen\/files\/2024\/12\/skimo-pressekonferenz-kraft-91-von-92-768x512.jpg 768w, https:\/\/www.skimo.at\/skibergsteigen\/files\/2024\/12\/skimo-pressekonferenz-kraft-91-von-92-746x497.jpg 746w, https:\/\/www.skimo.at\/skibergsteigen\/files\/2024\/12\/skimo-pressekonferenz-kraft-91-von-92-618x412.jpg 618w, https:\/\/www.skimo.at\/skibergsteigen\/files\/2024\/12\/skimo-pressekonferenz-kraft-91-von-92-554x369.jpg 554w, https:\/\/www.skimo.at\/skibergsteigen\/files\/2024\/12\/skimo-pressekonferenz-kraft-91-von-92-299x199.jpg 299w, https:\/\/www.skimo.at\/skibergsteigen\/files\/2024\/12\/skimo-pressekonferenz-kraft-91-von-92-1224x816.jpg 1224w, https:\/\/www.skimo.at\/skibergsteigen\/files\/2024\/12\/skimo-pressekonferenz-kraft-91-von-92-970x647.jpg 970w, https:\/\/www.skimo.at\/skibergsteigen\/files\/2024\/12\/skimo-pressekonferenz-kraft-91-von-92-140x93.jpg 140w, https:\/\/www.skimo.at\/skibergsteigen\/files\/2024\/12\/skimo-pressekonferenz-kraft-91-von-92-540x360.jpg 540w, https:\/\/www.skimo.at\/skibergsteigen\/files\/2024\/12\/skimo-pressekonferenz-kraft-91-von-92.jpg 2000w\" sizes=\"(max-width: 600px) 100vw, 600px\" \/><figcaption class=\"blocks-gallery-item__caption\">Michael Schineis, Irina Andorfer<\/figcaption><\/figure><\/li><li class=\"blocks-gallery-item\"><figure><img loading=\"lazy\" width=\"600\" height=\"400\" src=\"https:\/\/www.skimo.at\/skibergsteigen\/files\/2024\/12\/skimo-pressekonferenz-kraft-17-von-92-600x400.jpg\" alt=\"skimo pressekonferenz kraft 17 von 92\" data-id=\"192200\" data-full-url=\"https:\/\/www.skimo.at\/skibergsteigen\/files\/2024\/12\/skimo-pressekonferenz-kraft-17-von-92.jpg\" data-link=\"https:\/\/www.skimo.at\/skibergsteigen\/?attachment_id=192200\" class=\"wp-image-192200\" srcset=\"https:\/\/www.skimo.at\/skibergsteigen\/files\/2024\/12\/skimo-pressekonferenz-kraft-17-von-92-600x400.jpg 600w, https:\/\/www.skimo.at\/skibergsteigen\/files\/2024\/12\/skimo-pressekonferenz-kraft-17-von-92-300x200.jpg 300w, https:\/\/www.skimo.at\/skibergsteigen\/files\/2024\/12\/skimo-pressekonferenz-kraft-17-von-92-768x512.jpg 768w, https:\/\/www.skimo.at\/skibergsteigen\/files\/2024\/12\/skimo-pressekonferenz-kraft-17-von-92-746x497.jpg 746w, https:\/\/www.skimo.at\/skibergsteigen\/files\/2024\/12\/skimo-pressekonferenz-kraft-17-von-92-618x412.jpg 618w, https:\/\/www.skimo.at\/skibergsteigen\/files\/2024\/12\/skimo-pressekonferenz-kraft-17-von-92-554x369.jpg 554w, https:\/\/www.skimo.at\/skibergsteigen\/files\/2024\/12\/skimo-pressekonferenz-kraft-17-von-92-299x199.jpg 299w, https:\/\/www.skimo.at\/skibergsteigen\/files\/2024\/12\/skimo-pressekonferenz-kraft-17-von-92-1224x816.jpg 1224w, https:\/\/www.skimo.at\/skibergsteigen\/files\/2024\/12\/skimo-pressekonferenz-kraft-17-von-92-970x647.jpg 970w, https:\/\/www.skimo.at\/skibergsteigen\/files\/2024\/12\/skimo-pressekonferenz-kraft-17-von-92-140x93.jpg 140w, https:\/\/www.skimo.at\/skibergsteigen\/files\/2024\/12\/skimo-pressekonferenz-kraft-17-von-92-540x360.jpg 540w, https:\/\/www.skimo.at\/skibergsteigen\/files\/2024\/12\/skimo-pressekonferenz-kraft-17-von-92.jpg 2000w\" sizes=\"(max-width: 600px) 100vw, 600px\" \/><figcaption class=\"blocks-gallery-item__caption\">Michael Ehrensberger, Michael K\u00f6ltringer, Irina Andorfer<\/figcaption><\/figure><\/li><\/ul><\/figure>\n\n\n\n<h2><strong>Skibergsteigen am Weg zu Olympia<\/strong><\/h2>\n\n\n\n<p>Von 19. bis 21. Februar 2026 geht f\u00fcr die Skibergsteiger-Community ein lange gehegter Traum in Erf\u00fcllung. Die Olympischen Spiele Mailand\/Cortina markieren den Erfolg jahrelanger Arbeit des internationalen Verbandes ISMF. Am Wettkampfort Bormio wird die Sportart mit den Disziplinen Sprint und Mixed Relay unter die 5 Olympischen Ringe einziehen. 18 Damen und 18 Herren werden die stolzen Sportler sein, die olympische Ehren erringen k\u00f6nnen.<\/p>\n\n\n\n<p>Der sportliche Leiter Skibergsteigen beim Deutschen Alpenverein DAV <strong>Hermann Gruber<\/strong> erl\u00e4uterte den nicht ganz unkomplizierten Qualifikationsmodus. Diverse Basisvoraussetzungen bilden das Fundament f\u00fcr eine &#8211; die gesamte kommende Wettkampfsaison 2024\/25 m\u00f6gliche &#8211; Qualifikation \u00fcber Mixed Relay und Sprint-Bewerbe und die so genannte Olympic Qualification List. Der umfangreichen Erkl\u00e4rung liegt ein einfacher Gedanke zugrunde, wie Gruber herausstreicht:<\/p>\n\n\n\n<blockquote class=\"wp-block-quote\"><p><em>\u201eDas IOC ist darauf bedacht, alle Kontinente, m\u00f6glichst viele Nationen und die besten Athleten an der Startlinie der Olympischen Spiele zu haben. Das garantiert ein w\u00fcrdiges Olympia-Deb\u00fct unseres Sports.\u201c<\/em><\/p><\/blockquote>\n\n\n\n<p>Mitten in der Qualifikationsphase stecken bereits die beiden \u00d6SV Athleten <strong>Johanna Hiemer<\/strong> (29) aus der Steiermark und <strong>Paul Verbnjak<\/strong> (23) aus K\u00e4rnten. Die beiden haben zusammen bereits einen 2. Weltcupplatz in der olympischen Disziplin Mixed Relay geholt. Durchaus nicht unerwartet, denn beide sind sprintstark und sehr gute Techniker. Die amtierende \u00d6sterreichische Sprintmeisterin Hiemer hat Ihre F\u00e4higkeiten bereits mit 3 Weltcup-Podestpl\u00e4tzen unter Beweis gestellt, der amtierende \u00d6sterreichische Verticalmeister Verbnjak mit 2 Weltcup-Podesten.<\/p>\n\n\n\n<p>Die Zielsetzung Olympia ist f\u00fcr Hiemer seit Jahren definiert, sie ist fokussiert:<\/p>\n\n\n\n<blockquote class=\"wp-block-quote\"><p><em>\u201eMeinen Wieder-Einstieg nach der Babypause habe ich mit dem klaren Ziel eines Starts bei Olympia 2026 geplant und umgesetzt. Dem entsprechend konzentriert sieht meine Planung f\u00fcr die kommende Qualifikationsphase aus, es ist ein Jahr Zeit und da gibt\u2019s noch einiges zu tun.\u201c<\/em><\/p><\/blockquote>\n\n\n\n<p>Verbnjak steckt gedanklich ebenfalls bereits voll im Qualifikationsprozedere:<\/p>\n\n\n\n<blockquote class=\"wp-block-quote\"><p><em>\u201eDie Pl\u00e4tze bei Olympia sind begrenzt, also sollte man bestenfalls kein Rennen auslassen um keine Chance zu verlieren. Das Mixed Relay steht jetzt im Vordergrund, aber auch meine Lieblingsdisziplin Vertical spielt bei der Quali eine Rolle und m\u00f6chte ich nicht vernachl\u00e4ssigen.\u201c<\/em><\/p><\/blockquote>\n\n\n\n<p>Die Konzentration der Sportler ist bemerkenswert, die Ehre des olympischen Deb\u00fcts befl\u00fcgelt die Kr\u00e4fte. Die kommende Weltcupsaison, zu der der auch der Heimweltcup Mitte M\u00e4rz in Schladming z\u00e4hlt, wird f\u00fcr die \u00d6sterreicher hoffentlich eine erfolgreichen Qualifikation bringen.<\/p>\n\n\n\n<figure class=\"wp-block-gallery columns-3 is-cropped\"><ul class=\"blocks-gallery-grid\"><li class=\"blocks-gallery-item\"><figure><img loading=\"lazy\" width=\"600\" height=\"400\" src=\"https:\/\/www.skimo.at\/skibergsteigen\/files\/2024\/12\/skimo-pressekonferenz-kraft-32-von-92-600x400.jpg\" alt=\"skimo pressekonferenz kraft 32 von 92\" data-id=\"192204\" data-link=\"https:\/\/www.skimo.at\/skibergsteigen\/?attachment_id=192204\" class=\"wp-image-192204\" srcset=\"https:\/\/www.skimo.at\/skibergsteigen\/files\/2024\/12\/skimo-pressekonferenz-kraft-32-von-92-600x400.jpg 600w, https:\/\/www.skimo.at\/skibergsteigen\/files\/2024\/12\/skimo-pressekonferenz-kraft-32-von-92-300x200.jpg 300w, https:\/\/www.skimo.at\/skibergsteigen\/files\/2024\/12\/skimo-pressekonferenz-kraft-32-von-92-768x512.jpg 768w, https:\/\/www.skimo.at\/skibergsteigen\/files\/2024\/12\/skimo-pressekonferenz-kraft-32-von-92-746x497.jpg 746w, https:\/\/www.skimo.at\/skibergsteigen\/files\/2024\/12\/skimo-pressekonferenz-kraft-32-von-92-618x412.jpg 618w, https:\/\/www.skimo.at\/skibergsteigen\/files\/2024\/12\/skimo-pressekonferenz-kraft-32-von-92-554x369.jpg 554w, https:\/\/www.skimo.at\/skibergsteigen\/files\/2024\/12\/skimo-pressekonferenz-kraft-32-von-92-299x199.jpg 299w, https:\/\/www.skimo.at\/skibergsteigen\/files\/2024\/12\/skimo-pressekonferenz-kraft-32-von-92-1224x816.jpg 1224w, https:\/\/www.skimo.at\/skibergsteigen\/files\/2024\/12\/skimo-pressekonferenz-kraft-32-von-92-970x647.jpg 970w, https:\/\/www.skimo.at\/skibergsteigen\/files\/2024\/12\/skimo-pressekonferenz-kraft-32-von-92-140x93.jpg 140w, https:\/\/www.skimo.at\/skibergsteigen\/files\/2024\/12\/skimo-pressekonferenz-kraft-32-von-92-540x360.jpg 540w, https:\/\/www.skimo.at\/skibergsteigen\/files\/2024\/12\/skimo-pressekonferenz-kraft-32-von-92.jpg 2000w\" sizes=\"(max-width: 600px) 100vw, 600px\" \/><figcaption class=\"blocks-gallery-item__caption\">Hermann Gruber, Johanna Erhart, Paul Verbnjak<\/figcaption><\/figure><\/li><li class=\"blocks-gallery-item\"><figure><img loading=\"lazy\" width=\"400\" height=\"600\" src=\"https:\/\/www.skimo.at\/skibergsteigen\/files\/2024\/12\/skimo-pressekonferenz-kraft-44-von-92-400x600.jpg\" alt=\"skimo pressekonferenz kraft 44 von 92\" data-id=\"192205\" data-link=\"https:\/\/www.skimo.at\/skibergsteigen\/?attachment_id=192205\" class=\"wp-image-192205\" srcset=\"https:\/\/www.skimo.at\/skibergsteigen\/files\/2024\/12\/skimo-pressekonferenz-kraft-44-von-92-400x600.jpg 400w, https:\/\/www.skimo.at\/skibergsteigen\/files\/2024\/12\/skimo-pressekonferenz-kraft-44-von-92-200x300.jpg 200w, https:\/\/www.skimo.at\/skibergsteigen\/files\/2024\/12\/skimo-pressekonferenz-kraft-44-von-92-768x1152.jpg 768w, https:\/\/www.skimo.at\/skibergsteigen\/files\/2024\/12\/skimo-pressekonferenz-kraft-44-von-92-1224x1836.jpg 1224w, https:\/\/www.skimo.at\/skibergsteigen\/files\/2024\/12\/skimo-pressekonferenz-kraft-44-von-92-970x1455.jpg 970w, https:\/\/www.skimo.at\/skibergsteigen\/files\/2024\/12\/skimo-pressekonferenz-kraft-44-von-92-554x831.jpg 554w, https:\/\/www.skimo.at\/skibergsteigen\/files\/2024\/12\/skimo-pressekonferenz-kraft-44-von-92-62x93.jpg 62w, https:\/\/www.skimo.at\/skibergsteigen\/files\/2024\/12\/skimo-pressekonferenz-kraft-44-von-92.jpg 1333w\" sizes=\"(max-width: 400px) 100vw, 400px\" \/><figcaption class=\"blocks-gallery-item__caption\">Paul Verbnjak<\/figcaption><\/figure><\/li><li class=\"blocks-gallery-item\"><figure><img loading=\"lazy\" width=\"400\" height=\"600\" src=\"https:\/\/www.skimo.at\/skibergsteigen\/files\/2024\/12\/skimo-pressekonferenz-kraft-41-von-92-400x600.jpg\" alt=\"skimo pressekonferenz kraft 41 von 92\" data-id=\"192206\" data-link=\"https:\/\/www.skimo.at\/skibergsteigen\/?attachment_id=192206\" class=\"wp-image-192206\" srcset=\"https:\/\/www.skimo.at\/skibergsteigen\/files\/2024\/12\/skimo-pressekonferenz-kraft-41-von-92-400x600.jpg 400w, https:\/\/www.skimo.at\/skibergsteigen\/files\/2024\/12\/skimo-pressekonferenz-kraft-41-von-92-200x300.jpg 200w, https:\/\/www.skimo.at\/skibergsteigen\/files\/2024\/12\/skimo-pressekonferenz-kraft-41-von-92-768x1152.jpg 768w, https:\/\/www.skimo.at\/skibergsteigen\/files\/2024\/12\/skimo-pressekonferenz-kraft-41-von-92-1224x1836.jpg 1224w, https:\/\/www.skimo.at\/skibergsteigen\/files\/2024\/12\/skimo-pressekonferenz-kraft-41-von-92-970x1455.jpg 970w, https:\/\/www.skimo.at\/skibergsteigen\/files\/2024\/12\/skimo-pressekonferenz-kraft-41-von-92-554x831.jpg 554w, https:\/\/www.skimo.at\/skibergsteigen\/files\/2024\/12\/skimo-pressekonferenz-kraft-41-von-92-62x93.jpg 62w, https:\/\/www.skimo.at\/skibergsteigen\/files\/2024\/12\/skimo-pressekonferenz-kraft-41-von-92.jpg 1333w\" sizes=\"(max-width: 400px) 100vw, 400px\" \/><figcaption class=\"blocks-gallery-item__caption\">Johanna Hiemer<\/figcaption><\/figure><\/li><li class=\"blocks-gallery-item\"><figure><img loading=\"lazy\" width=\"400\" height=\"600\" src=\"https:\/\/www.skimo.at\/skibergsteigen\/files\/2024\/12\/skimo-pressekonferenz-kraft-86-von-92-400x600.jpg\" alt=\"skimo pressekonferenz kraft 86 von 92\" data-id=\"192207\" data-link=\"https:\/\/www.skimo.at\/skibergsteigen\/?attachment_id=192207\" class=\"wp-image-192207\" srcset=\"https:\/\/www.skimo.at\/skibergsteigen\/files\/2024\/12\/skimo-pressekonferenz-kraft-86-von-92-400x600.jpg 400w, https:\/\/www.skimo.at\/skibergsteigen\/files\/2024\/12\/skimo-pressekonferenz-kraft-86-von-92-200x300.jpg 200w, https:\/\/www.skimo.at\/skibergsteigen\/files\/2024\/12\/skimo-pressekonferenz-kraft-86-von-92-768x1152.jpg 768w, https:\/\/www.skimo.at\/skibergsteigen\/files\/2024\/12\/skimo-pressekonferenz-kraft-86-von-92-1224x1836.jpg 1224w, https:\/\/www.skimo.at\/skibergsteigen\/files\/2024\/12\/skimo-pressekonferenz-kraft-86-von-92-970x1455.jpg 970w, https:\/\/www.skimo.at\/skibergsteigen\/files\/2024\/12\/skimo-pressekonferenz-kraft-86-von-92-554x831.jpg 554w, https:\/\/www.skimo.at\/skibergsteigen\/files\/2024\/12\/skimo-pressekonferenz-kraft-86-von-92-62x93.jpg 62w, https:\/\/www.skimo.at\/skibergsteigen\/files\/2024\/12\/skimo-pressekonferenz-kraft-86-von-92.jpg 1333w\" sizes=\"(max-width: 400px) 100vw, 400px\" \/><figcaption class=\"blocks-gallery-item__caption\">Paul Verbnjak, Johanna Hiemer<\/figcaption><\/figure><\/li><li class=\"blocks-gallery-item\"><figure><img loading=\"lazy\" width=\"600\" height=\"400\" src=\"https:\/\/www.skimo.at\/skibergsteigen\/files\/2024\/12\/skimo-pressekonferenz-kraft-89-von-92-600x400.jpg\" alt=\"skimo pressekonferenz kraft 89 von 92\" data-id=\"192208\" data-full-url=\"https:\/\/www.skimo.at\/skibergsteigen\/files\/2024\/12\/skimo-pressekonferenz-kraft-89-von-92.jpg\" data-link=\"https:\/\/www.skimo.at\/skibergsteigen\/?attachment_id=192208\" class=\"wp-image-192208\" srcset=\"https:\/\/www.skimo.at\/skibergsteigen\/files\/2024\/12\/skimo-pressekonferenz-kraft-89-von-92-600x400.jpg 600w, https:\/\/www.skimo.at\/skibergsteigen\/files\/2024\/12\/skimo-pressekonferenz-kraft-89-von-92-300x200.jpg 300w, https:\/\/www.skimo.at\/skibergsteigen\/files\/2024\/12\/skimo-pressekonferenz-kraft-89-von-92-768x512.jpg 768w, https:\/\/www.skimo.at\/skibergsteigen\/files\/2024\/12\/skimo-pressekonferenz-kraft-89-von-92-746x497.jpg 746w, https:\/\/www.skimo.at\/skibergsteigen\/files\/2024\/12\/skimo-pressekonferenz-kraft-89-von-92-618x412.jpg 618w, https:\/\/www.skimo.at\/skibergsteigen\/files\/2024\/12\/skimo-pressekonferenz-kraft-89-von-92-554x369.jpg 554w, https:\/\/www.skimo.at\/skibergsteigen\/files\/2024\/12\/skimo-pressekonferenz-kraft-89-von-92-299x199.jpg 299w, https:\/\/www.skimo.at\/skibergsteigen\/files\/2024\/12\/skimo-pressekonferenz-kraft-89-von-92-1224x816.jpg 1224w, https:\/\/www.skimo.at\/skibergsteigen\/files\/2024\/12\/skimo-pressekonferenz-kraft-89-von-92-970x647.jpg 970w, https:\/\/www.skimo.at\/skibergsteigen\/files\/2024\/12\/skimo-pressekonferenz-kraft-89-von-92-140x93.jpg 140w, https:\/\/www.skimo.at\/skibergsteigen\/files\/2024\/12\/skimo-pressekonferenz-kraft-89-von-92-540x360.jpg 540w, https:\/\/www.skimo.at\/skibergsteigen\/files\/2024\/12\/skimo-pressekonferenz-kraft-89-von-92.jpg 2000w\" sizes=\"(max-width: 600px) 100vw, 600px\" \/><figcaption class=\"blocks-gallery-item__caption\">Paul Verbnjak, Johanna Hiemer, Hermann Gruber<\/figcaption><\/figure><\/li><\/ul><\/figure>\n\n\n\n<h2><strong>Rennserie SKIMO Alpencup 2025<\/strong><\/h2>\n\n\n\n<p>Den Bereich der Rennen, also einem Kernbereich von SKIMO Austria, deckten die Organisatoren der im Winter 2024\/25 stattfindenden Rennen des SKIMO Alpencup ab. Der Alpencup wird in der kommenden Saison wieder auf drei Locations aufgestockt. Neben den bekannten Rennen Erztrophy in Werfenweng am 11. und 12.1.2025 und Jennerstier in Berchtesgaden am 16. und 17.2.2025 wird mit dem Achensee Xtreme in Maurach am 22. und 23.2.2025 an Tradition angekn\u00fcpft. Die rundum neu aufgestellte Veranstaltung im Rofangebirge hoch oberhalb des Achensees im Tiroler Unterland wurde bis 2012 bereits mehrfach durchgef\u00fchrt und geh\u00f6rte damals zu den f\u00fchrenden alpinen Rennen \u00d6sterreichs.<\/p>\n\n\n\n<p>Neben diversen nationalen Meisterschaften wartet der SKIMO Alpencup 2025 mit einer internationalen Gro\u00dfveranstaltung auf: die IMSF Masters Weltmeisterschaft im Rahmen der Erztrophy in Werfenweng.<\/p>\n\n\n\n<p>F\u00fcr die 21. Erztrophy in Werfenweng, \u00d6sterreich, waren <strong>Hannes Laner<\/strong> und <strong>Thomas Wallner<\/strong> vor Ort und berichteten \u00fcber die Pl\u00e4ne f\u00fcr die Veranstaltung.<\/p>\n\n\n\n<blockquote class=\"wp-block-quote\"><p><em>\u201eIm Rahmen der klassischen Erztrophy mit ihren 2 Bewerben im Vertical und Individual freuen wir uns, die ISMF Masters Weltmeisterschaft austragen zu d\u00fcrfen. Wir rechnen mit gro\u00dfer internationaler Beteiligung. Neu an unserem Rennwochenende ist heuer mit der Wenger Skitourenroas am Samstag 11.1.2025. Die Teilnehmer bekommen die Gelegenheit, \u00fcber 550 H\u00f6henmeter eine gemeinsame Skitour zu gehen und eine sch\u00f6ne Zeit am Berg zu haben, ohne den Druck einer Stoppuhr.\u201c<\/em><\/p><\/blockquote>\n\n\n\n<p>Die Erztrophy beginnt am Samstag 11.1.2024 mit dem Hobbybewerb \u201eWenger Skitourenroas\u201c und einem Verticalrennen, am Sonntag 12.1.2024 folgt die klassische alpine Erztrophy als Individualrennen mit der \u00d6sterreichischen Meisterschaft und der angesprochenen ISMF Masters Weltmeisterschaft f\u00fcr Teilnehmer ab 40 Jahren. Die Anmeldung zur Veranstaltung ist bereits ge\u00f6ffnet.<\/p>\n\n\n\n<p>Den 19. Jennerstier in Berchtesgaden, Deutschland, pr\u00e4sentierte OK-Chefin <strong>Gabi Schieder-Moderegger <\/strong>und<strong> J\u00f6rg Fegg<\/strong>.<\/p>\n\n\n\n<blockquote class=\"wp-block-quote\"><p><em>\u201eDer Jenner als Skitourenberg wird auch 2025 wieder zwei tolle Renntage sehen. Klassisch veranstalten wir ein Vertical- und ein Individualrennen. F\u00fcr Amateure bietet sich unser Dreier-Staffelbewerb am Samstag an. Am Sonntag geht auch unser Kids-Race wieder \u00fcber die Startlinie, denn die Nachwuchsarbeit ist uns als DAV Sektion Berchtesgaden besondern wichtig. \u201c<\/em><\/p><\/blockquote>\n\n\n\n<p>Neben einem Kinderrennen und dem klassischen und schwierigen Jennerstier samt Deutscher Meisterschaft mit der ber\u00fchmt-ber\u00fcchtigten Spinnergraben-Passage am Sonntag 17.2.2025 wird also am Samstag 16.2.2025 ein Verticalrennen abgehalten. Ebenfalls am Samstag startet eine Amateur-Dreierstaffel f\u00fcr Jedermann.<\/p>\n\n\n\n<p>Nach 12 Jahren Pause kehrt mit dem Achensee Xtreme in der Ferienregion Achensee ein Klassiker der \u00d6sterreichischen Skibergsteiger-Rennserie in den Kalender zur\u00fcck. Die Veranstalter <strong>Benjamin Neuner<\/strong> und <strong>Michael Wilfling<\/strong> berichteten:<\/p>\n\n\n\n<blockquote class=\"wp-block-quote\"><p><em>\u201eAls wir uns letztes Jahr entschlossen haben, unseren Rennklassiker wieder aufleben zu lassen, war das eine wirklich aufregende Sache. Wir waren bis 2012 schon Teil des SKIMO Alpencups uns freuen uns sehr, 2025 wieder dabei sein zu k\u00f6nnen. Das Gel\u00e4nde am Rofan ist f\u00fcrs Tourengehen perfekt geeignet, deshalb sind wir sicher, den Wettk\u00e4mpfern im Februar ein zweit\u00e4giges Event zu liefern zu k\u00f6nnen.\u201c<\/em><\/p><\/blockquote>\n\n\n\n<p>Unterhalb der Rofanbahn wird am Samstag 22.2.205 ein Verticalrennen f\u00fcr Wettk\u00e4mpfer und mit dem \u201eAchenseer Skitourenspa\u00df\u201c eine Breitensportveranstaltung gestartet. Direkt an der Bergstation befindet sich am Sonntag 23.2.204 Start und Ziel des Individualrennens. Das Besondere: von der Bergstation der Rofanbahn k\u00f6nnen 80% des Rennens beobachtet werden, perfekt also f\u00fcr Zuschauer.<\/p>\n\n\n\n<p>Die mit gro\u00dfem Interesse zuh\u00f6renden knapp 40 G\u00e4ste hatten zum Abschluss der Pressekonferenz noch Gelegenheit, Einzelgespr\u00e4che mit den Fachleuten vor Ort zu f\u00fchren.<\/p>\n\n\n\n<figure class=\"wp-block-gallery columns-3 is-cropped\"><ul class=\"blocks-gallery-grid\"><li class=\"blocks-gallery-item\"><figure><img loading=\"lazy\" width=\"600\" height=\"400\" src=\"https:\/\/www.skimo.at\/skibergsteigen\/files\/2024\/12\/skimo-pressekonferenz-kraft-84-von-92-600x400.jpg\" alt=\"skimo pressekonferenz kraft 84 von 92\" data-id=\"192209\" data-link=\"https:\/\/www.skimo.at\/skibergsteigen\/?attachment_id=192209\" class=\"wp-image-192209\" srcset=\"https:\/\/www.skimo.at\/skibergsteigen\/files\/2024\/12\/skimo-pressekonferenz-kraft-84-von-92-600x400.jpg 600w, https:\/\/www.skimo.at\/skibergsteigen\/files\/2024\/12\/skimo-pressekonferenz-kraft-84-von-92-300x200.jpg 300w, https:\/\/www.skimo.at\/skibergsteigen\/files\/2024\/12\/skimo-pressekonferenz-kraft-84-von-92-768x512.jpg 768w, https:\/\/www.skimo.at\/skibergsteigen\/files\/2024\/12\/skimo-pressekonferenz-kraft-84-von-92-746x497.jpg 746w, https:\/\/www.skimo.at\/skibergsteigen\/files\/2024\/12\/skimo-pressekonferenz-kraft-84-von-92-618x412.jpg 618w, https:\/\/www.skimo.at\/skibergsteigen\/files\/2024\/12\/skimo-pressekonferenz-kraft-84-von-92-554x369.jpg 554w, https:\/\/www.skimo.at\/skibergsteigen\/files\/2024\/12\/skimo-pressekonferenz-kraft-84-von-92-299x199.jpg 299w, https:\/\/www.skimo.at\/skibergsteigen\/files\/2024\/12\/skimo-pressekonferenz-kraft-84-von-92-1224x816.jpg 1224w, https:\/\/www.skimo.at\/skibergsteigen\/files\/2024\/12\/skimo-pressekonferenz-kraft-84-von-92-970x647.jpg 970w, https:\/\/www.skimo.at\/skibergsteigen\/files\/2024\/12\/skimo-pressekonferenz-kraft-84-von-92-140x93.jpg 140w, https:\/\/www.skimo.at\/skibergsteigen\/files\/2024\/12\/skimo-pressekonferenz-kraft-84-von-92-540x360.jpg 540w, https:\/\/www.skimo.at\/skibergsteigen\/files\/2024\/12\/skimo-pressekonferenz-kraft-84-von-92.jpg 2000w\" sizes=\"(max-width: 600px) 100vw, 600px\" \/><figcaption class=\"blocks-gallery-item__caption\">Gabi Schieder-Modergger, J\u00f6rg Fegg, Michael Wilfling, Benni Neuner, Markus Stock, Tom Wallner, Hannes Laner<\/figcaption><\/figure><\/li><li class=\"blocks-gallery-item\"><figure><img loading=\"lazy\" width=\"600\" height=\"400\" src=\"https:\/\/www.skimo.at\/skibergsteigen\/files\/2024\/12\/skimo-pressekonferenz-kraft-93-von-92-600x400.jpg\" alt=\"skimo pressekonferenz kraft 93 von 92\" data-id=\"192210\" data-link=\"https:\/\/www.skimo.at\/skibergsteigen\/?attachment_id=192210\" class=\"wp-image-192210\" srcset=\"https:\/\/www.skimo.at\/skibergsteigen\/files\/2024\/12\/skimo-pressekonferenz-kraft-93-von-92-600x400.jpg 600w, https:\/\/www.skimo.at\/skibergsteigen\/files\/2024\/12\/skimo-pressekonferenz-kraft-93-von-92-300x200.jpg 300w, https:\/\/www.skimo.at\/skibergsteigen\/files\/2024\/12\/skimo-pressekonferenz-kraft-93-von-92-768x512.jpg 768w, https:\/\/www.skimo.at\/skibergsteigen\/files\/2024\/12\/skimo-pressekonferenz-kraft-93-von-92-746x497.jpg 746w, https:\/\/www.skimo.at\/skibergsteigen\/files\/2024\/12\/skimo-pressekonferenz-kraft-93-von-92-618x412.jpg 618w, https:\/\/www.skimo.at\/skibergsteigen\/files\/2024\/12\/skimo-pressekonferenz-kraft-93-von-92-554x369.jpg 554w, https:\/\/www.skimo.at\/skibergsteigen\/files\/2024\/12\/skimo-pressekonferenz-kraft-93-von-92-299x199.jpg 299w, https:\/\/www.skimo.at\/skibergsteigen\/files\/2024\/12\/skimo-pressekonferenz-kraft-93-von-92-1224x816.jpg 1224w, https:\/\/www.skimo.at\/skibergsteigen\/files\/2024\/12\/skimo-pressekonferenz-kraft-93-von-92-970x647.jpg 970w, https:\/\/www.skimo.at\/skibergsteigen\/files\/2024\/12\/skimo-pressekonferenz-kraft-93-von-92-140x93.jpg 140w, https:\/\/www.skimo.at\/skibergsteigen\/files\/2024\/12\/skimo-pressekonferenz-kraft-93-von-92-540x360.jpg 540w, https:\/\/www.skimo.at\/skibergsteigen\/files\/2024\/12\/skimo-pressekonferenz-kraft-93-von-92.jpg 1356w\" sizes=\"(max-width: 600px) 100vw, 600px\" \/><figcaption class=\"blocks-gallery-item__caption\">Thomas Wallner., Hannes Laner<\/figcaption><\/figure><\/li><li class=\"blocks-gallery-item\"><figure><img loading=\"lazy\" width=\"600\" height=\"400\" src=\"https:\/\/www.skimo.at\/skibergsteigen\/files\/2024\/12\/skimo-pressekonferenz-kraft-94-von-92-600x400.jpg\" alt=\"skimo pressekonferenz kraft 94 von 92\" data-id=\"192211\" data-link=\"https:\/\/www.skimo.at\/skibergsteigen\/?attachment_id=192211\" class=\"wp-image-192211\" srcset=\"https:\/\/www.skimo.at\/skibergsteigen\/files\/2024\/12\/skimo-pressekonferenz-kraft-94-von-92-600x400.jpg 600w, https:\/\/www.skimo.at\/skibergsteigen\/files\/2024\/12\/skimo-pressekonferenz-kraft-94-von-92-300x200.jpg 300w, https:\/\/www.skimo.at\/skibergsteigen\/files\/2024\/12\/skimo-pressekonferenz-kraft-94-von-92-768x512.jpg 768w, https:\/\/www.skimo.at\/skibergsteigen\/files\/2024\/12\/skimo-pressekonferenz-kraft-94-von-92-746x497.jpg 746w, https:\/\/www.skimo.at\/skibergsteigen\/files\/2024\/12\/skimo-pressekonferenz-kraft-94-von-92-618x412.jpg 618w, https:\/\/www.skimo.at\/skibergsteigen\/files\/2024\/12\/skimo-pressekonferenz-kraft-94-von-92-554x369.jpg 554w, https:\/\/www.skimo.at\/skibergsteigen\/files\/2024\/12\/skimo-pressekonferenz-kraft-94-von-92-299x199.jpg 299w, https:\/\/www.skimo.at\/skibergsteigen\/files\/2024\/12\/skimo-pressekonferenz-kraft-94-von-92-1224x816.jpg 1224w, https:\/\/www.skimo.at\/skibergsteigen\/files\/2024\/12\/skimo-pressekonferenz-kraft-94-von-92-970x647.jpg 970w, https:\/\/www.skimo.at\/skibergsteigen\/files\/2024\/12\/skimo-pressekonferenz-kraft-94-von-92-140x93.jpg 140w, https:\/\/www.skimo.at\/skibergsteigen\/files\/2024\/12\/skimo-pressekonferenz-kraft-94-von-92-540x360.jpg 540w, https:\/\/www.skimo.at\/skibergsteigen\/files\/2024\/12\/skimo-pressekonferenz-kraft-94-von-92.jpg 1563w\" sizes=\"(max-width: 600px) 100vw, 600px\" \/><figcaption class=\"blocks-gallery-item__caption\">J\u00f6rg Fegg, Gabi Schieder-Moderegger<\/figcaption><\/figure><\/li><li class=\"blocks-gallery-item\"><figure><img loading=\"lazy\" width=\"600\" height=\"400\" src=\"https:\/\/www.skimo.at\/skibergsteigen\/files\/2024\/12\/skimo-pressekonferenz-kraft-76-von-92-600x400.jpg\" alt=\"skimo pressekonferenz kraft 76 von 92\" data-id=\"192212\" data-link=\"https:\/\/www.skimo.at\/skibergsteigen\/?attachment_id=192212\" class=\"wp-image-192212\" srcset=\"https:\/\/www.skimo.at\/skibergsteigen\/files\/2024\/12\/skimo-pressekonferenz-kraft-76-von-92-600x400.jpg 600w, https:\/\/www.skimo.at\/skibergsteigen\/files\/2024\/12\/skimo-pressekonferenz-kraft-76-von-92-300x200.jpg 300w, https:\/\/www.skimo.at\/skibergsteigen\/files\/2024\/12\/skimo-pressekonferenz-kraft-76-von-92-768x512.jpg 768w, https:\/\/www.skimo.at\/skibergsteigen\/files\/2024\/12\/skimo-pressekonferenz-kraft-76-von-92-746x497.jpg 746w, https:\/\/www.skimo.at\/skibergsteigen\/files\/2024\/12\/skimo-pressekonferenz-kraft-76-von-92-618x412.jpg 618w, https:\/\/www.skimo.at\/skibergsteigen\/files\/2024\/12\/skimo-pressekonferenz-kraft-76-von-92-554x369.jpg 554w, https:\/\/www.skimo.at\/skibergsteigen\/files\/2024\/12\/skimo-pressekonferenz-kraft-76-von-92-299x199.jpg 299w, https:\/\/www.skimo.at\/skibergsteigen\/files\/2024\/12\/skimo-pressekonferenz-kraft-76-von-92-1224x816.jpg 1224w, https:\/\/www.skimo.at\/skibergsteigen\/files\/2024\/12\/skimo-pressekonferenz-kraft-76-von-92-970x647.jpg 970w, https:\/\/www.skimo.at\/skibergsteigen\/files\/2024\/12\/skimo-pressekonferenz-kraft-76-von-92-140x93.jpg 140w, https:\/\/www.skimo.at\/skibergsteigen\/files\/2024\/12\/skimo-pressekonferenz-kraft-76-von-92-540x360.jpg 540w, https:\/\/www.skimo.at\/skibergsteigen\/files\/2024\/12\/skimo-pressekonferenz-kraft-76-von-92.jpg 2000w\" sizes=\"(max-width: 600px) 100vw, 600px\" \/><figcaption class=\"blocks-gallery-item__caption\">Michael Wilfling, Benni Neuner<\/figcaption><\/figure><\/li><li class=\"blocks-gallery-item\"><figure><img loading=\"lazy\" width=\"400\" height=\"600\" src=\"https:\/\/www.skimo.at\/skibergsteigen\/files\/2024\/12\/skimo-pressekonferenz-kraft-71-von-92-400x600.jpg\" alt=\"skimo pressekonferenz kraft 71 von 92\" data-id=\"192213\" data-link=\"https:\/\/www.skimo.at\/skibergsteigen\/?attachment_id=192213\" class=\"wp-image-192213\" srcset=\"https:\/\/www.skimo.at\/skibergsteigen\/files\/2024\/12\/skimo-pressekonferenz-kraft-71-von-92-400x600.jpg 400w, https:\/\/www.skimo.at\/skibergsteigen\/files\/2024\/12\/skimo-pressekonferenz-kraft-71-von-92-200x300.jpg 200w, https:\/\/www.skimo.at\/skibergsteigen\/files\/2024\/12\/skimo-pressekonferenz-kraft-71-von-92-768x1152.jpg 768w, https:\/\/www.skimo.at\/skibergsteigen\/files\/2024\/12\/skimo-pressekonferenz-kraft-71-von-92-1224x1836.jpg 1224w, https:\/\/www.skimo.at\/skibergsteigen\/files\/2024\/12\/skimo-pressekonferenz-kraft-71-von-92-970x1455.jpg 970w, https:\/\/www.skimo.at\/skibergsteigen\/files\/2024\/12\/skimo-pressekonferenz-kraft-71-von-92-554x831.jpg 554w, https:\/\/www.skimo.at\/skibergsteigen\/files\/2024\/12\/skimo-pressekonferenz-kraft-71-von-92-62x93.jpg 62w, https:\/\/www.skimo.at\/skibergsteigen\/files\/2024\/12\/skimo-pressekonferenz-kraft-71-von-92.jpg 1333w\" sizes=\"(max-width: 400px) 100vw, 400px\" \/><figcaption class=\"blocks-gallery-item__caption\">J\u00f6rg Fegg<\/figcaption><\/figure><\/li><li class=\"blocks-gallery-item\"><figure><img loading=\"lazy\" width=\"600\" height=\"400\" src=\"https:\/\/www.skimo.at\/skibergsteigen\/files\/2024\/12\/skimo-pressekonferenz-kraft-62-von-92-600x400.jpg\" alt=\"skimo pressekonferenz kraft 62 von 92\" data-id=\"192214\" data-full-url=\"https:\/\/www.skimo.at\/skibergsteigen\/files\/2024\/12\/skimo-pressekonferenz-kraft-62-von-92.jpg\" data-link=\"https:\/\/www.skimo.at\/skibergsteigen\/?attachment_id=192214\" class=\"wp-image-192214\" srcset=\"https:\/\/www.skimo.at\/skibergsteigen\/files\/2024\/12\/skimo-pressekonferenz-kraft-62-von-92-600x400.jpg 600w, https:\/\/www.skimo.at\/skibergsteigen\/files\/2024\/12\/skimo-pressekonferenz-kraft-62-von-92-300x200.jpg 300w, https:\/\/www.skimo.at\/skibergsteigen\/files\/2024\/12\/skimo-pressekonferenz-kraft-62-von-92-768x512.jpg 768w, https:\/\/www.skimo.at\/skibergsteigen\/files\/2024\/12\/skimo-pressekonferenz-kraft-62-von-92-746x497.jpg 746w, https:\/\/www.skimo.at\/skibergsteigen\/files\/2024\/12\/skimo-pressekonferenz-kraft-62-von-92-618x412.jpg 618w, https:\/\/www.skimo.at\/skibergsteigen\/files\/2024\/12\/skimo-pressekonferenz-kraft-62-von-92-554x369.jpg 554w, https:\/\/www.skimo.at\/skibergsteigen\/files\/2024\/12\/skimo-pressekonferenz-kraft-62-von-92-299x199.jpg 299w, https:\/\/www.skimo.at\/skibergsteigen\/files\/2024\/12\/skimo-pressekonferenz-kraft-62-von-92-1224x816.jpg 1224w, https:\/\/www.skimo.at\/skibergsteigen\/files\/2024\/12\/skimo-pressekonferenz-kraft-62-von-92-970x647.jpg 970w, https:\/\/www.skimo.at\/skibergsteigen\/files\/2024\/12\/skimo-pressekonferenz-kraft-62-von-92-140x93.jpg 140w, https:\/\/www.skimo.at\/skibergsteigen\/files\/2024\/12\/skimo-pressekonferenz-kraft-62-von-92-540x360.jpg 540w, https:\/\/www.skimo.at\/skibergsteigen\/files\/2024\/12\/skimo-pressekonferenz-kraft-62-von-92.jpg 2000w\" sizes=\"(max-width: 600px) 100vw, 600px\" \/><figcaption class=\"blocks-gallery-item__caption\">skimo pressekonferenz kraft 62 von 92<\/figcaption><\/figure><\/li><\/ul><\/figure>\n\n\n\n<p>Alle Bilder: Berni Kraft<\/p>\n\n\n\n<p><strong>Die Folien aus der Pressekonferenz zum Nachlesen:<\/strong><\/p>\n\n\n\n<div class=\"wp-block-file\"><a href=\"https:\/\/www.skimo.at\/skibergsteigen\/files\/2024\/12\/SKIMO-PK-19.12.2024_2-Handout.pdf\">SKIMO PK 19.12.2024_2 Handout<\/a><a href=\"https:\/\/www.skimo.at\/skibergsteigen\/files\/2024\/12\/SKIMO-PK-19.12.2024_2-Handout.pdf\" class=\"wp-block-file__button\" download>Herunterladen<\/a><\/div>\n","protected":false},"excerpt":{"rendered":"<p>Begeisterung f\u00fcrs Skibergsteigen ungebrochen hoch, Verkauf konsolidiert sich. Das waren die Kernbotschaften der SKIMO Austria PK vom 19.12.2024, die Live in ORF Sport+ \u00fcbertragen wurde.<\/p>\n","protected":false},"author":3,"featured_media":192201,"comment_status":"closed","ping_status":"closed","sticky":false,"template":"","format":"standard","meta":[],"categories":[1,15,4],"tags":[],"yoast_head":"<!-- This site is optimized with the Yoast SEO plugin v16.3 - https:\/\/yoast.com\/wordpress\/plugins\/seo\/ -->\n<title>SKIMO Austria Pressekonferenz in Salzburg vom 19.12.2024 - Skibergsteigen<\/title>\n<meta name=\"robots\" content=\"index, follow, max-snippet:-1, max-image-preview:large, max-video-preview:-1\" \/>\n<link rel=\"canonical\" href=\"https:\/\/www.skimo.at\/skibergsteigen\/192197\/skimo-austria-pressekonferenz-in-salzburg-vom-19-12-2024\/\" \/>\n<meta property=\"og:locale\" content=\"de_DE\" \/>\n<meta property=\"og:type\" content=\"article\" \/>\n<meta property=\"og:title\" content=\"SKIMO Austria Pressekonferenz in Salzburg vom 19.12.2024 - Skibergsteigen\" \/>\n<meta property=\"og:description\" content=\"Begeisterung f\u00fcrs Skibergsteigen ungebrochen hoch, Verkauf konsolidiert sich. Das waren die Kernbotschaften der SKIMO Austria PK vom 19.12.2024, die Live in ORF Sport+ \u00fcbertragen wurde.\" \/>\n<meta property=\"og:url\" content=\"https:\/\/www.skimo.at\/skibergsteigen\/192197\/skimo-austria-pressekonferenz-in-salzburg-vom-19-12-2024\/\" \/>\n<meta property=\"og:site_name\" content=\"Skibergsteigen\" \/>\n<meta property=\"article:published_time\" content=\"2024-12-19T23:10:45+00:00\" \/>\n<meta property=\"article:modified_time\" content=\"2024-12-19T23:29:21+00:00\" \/>\n<meta property=\"og:image\" content=\"https:\/\/www.skimo.at\/skibergsteigen\/files\/2024\/12\/skimo-pressekonferenz-kraft-10-von-92.jpg\" \/>\n\t<meta property=\"og:image:width\" content=\"2000\" \/>\n\t<meta property=\"og:image:height\" content=\"1333\" \/>\n<meta name=\"twitter:card\" content=\"summary\" \/>\n<meta name=\"twitter:label1\" content=\"Gesch\u00e4tzte Lesezeit\">\n\t<meta name=\"twitter:data1\" content=\"12\u00a0Minuten\">\n<script type=\"application\/ld+json\" class=\"yoast-schema-graph\">{\"@context\":\"https:\/\/schema.org\",\"@graph\":[{\"@type\":\"WebSite\",\"@id\":\"https:\/\/skimo.73.jarolim.eu\/skibergsteigen\/#website\",\"url\":\"https:\/\/skimo.73.jarolim.eu\/skibergsteigen\/\",\"name\":\"Skibergsteigen\",\"description\":\"Skibergsteigen in \\u00d6sterreich\",\"potentialAction\":[{\"@type\":\"SearchAction\",\"target\":\"https:\/\/skimo.73.jarolim.eu\/skibergsteigen\/?s={search_term_string}\",\"query-input\":\"required name=search_term_string\"}],\"inLanguage\":\"de\"},{\"@type\":\"ImageObject\",\"@id\":\"https:\/\/www.skimo.at\/skibergsteigen\/192197\/skimo-austria-pressekonferenz-in-salzburg-vom-19-12-2024\/#primaryimage\",\"inLanguage\":\"de\",\"url\":\"https:\/\/www.skimo.at\/skibergsteigen\/files\/2024\/12\/skimo-pressekonferenz-kraft-10-von-92.jpg\",\"contentUrl\":\"https:\/\/www.skimo.at\/skibergsteigen\/files\/2024\/12\/skimo-pressekonferenz-kraft-10-von-92.jpg\",\"width\":2000,\"height\":1333,\"caption\":\"skimo pressekonferenz kraft 10 von 92\"},{\"@type\":\"WebPage\",\"@id\":\"https:\/\/www.skimo.at\/skibergsteigen\/192197\/skimo-austria-pressekonferenz-in-salzburg-vom-19-12-2024\/#webpage\",\"url\":\"https:\/\/www.skimo.at\/skibergsteigen\/192197\/skimo-austria-pressekonferenz-in-salzburg-vom-19-12-2024\/\",\"name\":\"SKIMO Austria Pressekonferenz in Salzburg vom 19.12.2024 - Skibergsteigen\",\"isPartOf\":{\"@id\":\"https:\/\/skimo.73.jarolim.eu\/skibergsteigen\/#website\"},\"primaryImageOfPage\":{\"@id\":\"https:\/\/www.skimo.at\/skibergsteigen\/192197\/skimo-austria-pressekonferenz-in-salzburg-vom-19-12-2024\/#primaryimage\"},\"datePublished\":\"2024-12-19T23:10:45+00:00\",\"dateModified\":\"2024-12-19T23:29:21+00:00\",\"author\":{\"@id\":\"https:\/\/skimo.73.jarolim.eu\/skibergsteigen\/#\/schema\/person\/796ecbce6796efca58bf848ca63ec12c\"},\"breadcrumb\":{\"@id\":\"https:\/\/www.skimo.at\/skibergsteigen\/192197\/skimo-austria-pressekonferenz-in-salzburg-vom-19-12-2024\/#breadcrumb\"},\"inLanguage\":\"de\",\"potentialAction\":[{\"@type\":\"ReadAction\",\"target\":[\"https:\/\/www.skimo.at\/skibergsteigen\/192197\/skimo-austria-pressekonferenz-in-salzburg-vom-19-12-2024\/\"]}]},{\"@type\":\"BreadcrumbList\",\"@id\":\"https:\/\/www.skimo.at\/skibergsteigen\/192197\/skimo-austria-pressekonferenz-in-salzburg-vom-19-12-2024\/#breadcrumb\",\"itemListElement\":[{\"@type\":\"ListItem\",\"position\":1,\"item\":{\"@type\":\"WebPage\",\"@id\":\"https:\/\/skimo.73.jarolim.eu\/skibergsteigen\/\",\"url\":\"https:\/\/skimo.73.jarolim.eu\/skibergsteigen\/\",\"name\":\"Home\"}},{\"@type\":\"ListItem\",\"position\":2,\"item\":{\"@id\":\"https:\/\/www.skimo.at\/skibergsteigen\/192197\/skimo-austria-pressekonferenz-in-salzburg-vom-19-12-2024\/#webpage\"}}]},{\"@type\":\"Person\",\"@id\":\"https:\/\/skimo.73.jarolim.eu\/skibergsteigen\/#\/schema\/person\/796ecbce6796efca58bf848ca63ec12c\",\"name\":\"kposch\",\"image\":{\"@type\":\"ImageObject\",\"@id\":\"https:\/\/skimo.73.jarolim.eu\/skibergsteigen\/#personlogo\",\"inLanguage\":\"de\",\"url\":\"https:\/\/secure.gravatar.com\/avatar\/e9f5f28da60e5e563d3f4d3cc0b9b425?s=96&r=g\",\"contentUrl\":\"https:\/\/secure.gravatar.com\/avatar\/e9f5f28da60e5e563d3f4d3cc0b9b425?s=96&r=g\",\"caption\":\"kposch\"},\"url\":\"https:\/\/www.skimo.at\/skibergsteigen\/author\/kposch\/\"}]}<\/script>\n<!-- \/ Yoast SEO plugin. -->","_links":{"self":[{"href":"https:\/\/www.skimo.at\/skibergsteigen\/wp-json\/wp\/v2\/posts\/192197"}],"collection":[{"href":"https:\/\/www.skimo.at\/skibergsteigen\/wp-json\/wp\/v2\/posts"}],"about":[{"href":"https:\/\/www.skimo.at\/skibergsteigen\/wp-json\/wp\/v2\/types\/post"}],"author":[{"embeddable":true,"href":"https:\/\/www.skimo.at\/skibergsteigen\/wp-json\/wp\/v2\/users\/3"}],"replies":[{"embeddable":true,"href":"https:\/\/www.skimo.at\/skibergsteigen\/wp-json\/wp\/v2\/comments?post=192197"}],"version-history":[{"count":3,"href":"https:\/\/www.skimo.at\/skibergsteigen\/wp-json\/wp\/v2\/posts\/192197\/revisions"}],"predecessor-version":[{"id":192219,"href":"https:\/\/www.skimo.at\/skibergsteigen\/wp-json\/wp\/v2\/posts\/192197\/revisions\/192219"}],"wp:featuredmedia":[{"embeddable":true,"href":"https:\/\/www.skimo.at\/skibergsteigen\/wp-json\/wp\/v2\/media\/192201"}],"wp:attachment":[{"href":"https:\/\/www.skimo.at\/skibergsteigen\/wp-json\/wp\/v2\/media?parent=192197"}],"wp:term":[{"taxonomy":"category","embeddable":true,"href":"https:\/\/www.skimo.at\/skibergsteigen\/wp-json\/wp\/v2\/categories?post=192197"},{"taxonomy":"post_tag","embeddable":true,"href":"https:\/\/www.skimo.at\/skibergsteigen\/wp-json\/wp\/v2\/tags?post=192197"}],"curies":[{"name":"wp","href":"https:\/\/api.w.org\/{rel}","templated":true}]}}