{"id":191703,"date":"2023-10-27T19:12:00","date_gmt":"2023-10-27T17:12:00","guid":{"rendered":"https:\/\/www.skimo.at\/skibergsteigen\/?p=191703"},"modified":"2023-10-27T19:23:26","modified_gmt":"2023-10-27T17:23:26","slug":"bergfilmfestival2023","status":"publish","type":"post","link":"https:\/\/www.skimo.at\/skibergsteigen\/191703\/bergfilmfestival2023\/","title":{"rendered":"Veranstaltungstipp: Bergfilmfestival in Salzburg"},"content":{"rendered":"\n<p>Vom 8. bis 19. November 2023 findet im Salzburger \u201cDas Kino\u201d das j\u00e4hrliche Bergfilmfestival statt. Unter dem Motto \u201cDas gro\u00dfe Aufbrechen\u201d haben die Veranstalter wieder ein vielf\u00e4ltiges und hochkar\u00e4tiges Programm zusammengestellt &#8211; auch f\u00fcr Skitourengeher:innen ist einiges dabei!<\/p>\n\n\n\n<blockquote class=\"wp-block-quote\"><p>\u201cAbenteuer lassen sich nicht planen. Man muss aufbrechen und sein bequemes Bett gegen eine ungewisse Lagerst\u00e4tte tauschen. Wenn man dann aufgebrochen ist, bricht oft vieles auf: nicht nur die Wolkendecke, zugeschneite Gletscherspalten oder Fahrradketten, auch alte Gewohnheiten, verborgene \u00c4ngste und sogar Freundschaften. F\u00fcr das 29. Bergfilmfestival haben wir Menschen eingeladen, die gute Geschichten davon erz\u00e4hlen.<\/p><cite>Martin Hasen\u00f6hrl, Festivalleiter Bergfilmfestival<\/cite><\/blockquote>\n\n\n\n<p>Neben Vortr\u00e4gen prominenter Bergsteiger wie Simon Messner, Kletter-Urgestein Thomas Huber, der Himalaya-Chronistin Billi Bierling oder den zwei Abenteurern Marlies Czerny und Andreas Lattner (auch bekannt als <a href=\"https:\/\/www.hochzwei.media\/\" target=\"_blank\" rel=\"noreferrer noopener\">Hochzwei.media<\/a>) gibt es vor allem f\u00fcr Skibergsteiger:innen einige spannende Programmpunkte mit bekannten Gesichtern aus der Skimo Szene. <\/p>\n\n\n\n<h2>Skitouren Programm-Highlights<\/h2>\n\n\n\n<p><strong>Mo. 13.11.2023 \/ 20 Uhr: Vortrag 3: Kreta Skitouren<\/strong><strong><br><\/strong>Simone Binder und Roland Hold, zwei passionierte Alpinisten und langj\u00e4hrige Mitglieder von Skimo.at erz\u00e4hlen, wie sie durch Mut und Zufall eine Verbindung zur kretischen Skitouren-Community aufgebaut haben. Im Vortrag verraten sie ein paar der besten Skitouren-Spots auf Kreta und teilen Eindr\u00fccke vom Skitourenrennen Pierra Creta (Skimo.at hat dar\u00fcber berichtet).<\/p>\n\n\n\n<p><strong>Mi. 15.11.2023 \/ 20 Uhr: Film &amp; Gespr\u00e4ch 2: Anton Palzer &#8211; Vom Skitourenheld zum Radprofi. <\/strong><strong><br><\/strong>Eine erstaunliche Geschichte \u00fcber die Skitourenlegende Toni Palzer (die Ramsauer Rakete), der als Quereinsteiger in den Radsport wechselte. Anton Palzer ist mit Regisseur Lukas Gellert zu einem Gespr\u00e4ch vor Ort.<\/p>\n\n\n\n<p><strong>Sa. 18.11.2023 \/ 15:30 Uhr: Skitourenbuch &#8211; Thomas Neuhold<\/strong><br>Als Autor zahlreicher Berg- und Skitourenf\u00fchrer pr\u00e4sentiert Thomas Neuhold in seinem neuen Buch seine pers\u00f6nlichen Lieblingsskitouren aus der Region Salzburg-Berchtesgaden.<\/p>\n\n\n\n<p><strong>Programm 3: Die Freiheit des Schnees<\/strong><strong><br><\/strong>Drei Filme \u00fcber Freiheit und Schnee bei der Skidurchquerung durch Tirol (Cross Tyrol), in den Lyngenalpen in Norwegen (Aligned) und in Alaska, wo die zwei weltbesten Freerider neue Abenteuer suchen (Free Rider).<\/p>\n\n\n\n<p><strong>Das gesamte Programm bzw. den Online Ticketverkauf findet ihr online unter: <a href=\"https:\/\/www.daskino.at\/festivals\/29-bergfilmfestival-2023\" target=\"_blank\" rel=\"noreferrer noopener\">https:\/\/www.daskino.at\/festivals\/29-bergfilmfestival-2023<\/a><\/strong><\/p>\n\n\n\n<p>Weitere Infos:<br><a href=\"https:\/\/www.daskino.at\/\" target=\"_blank\" rel=\"noreferrer noopener\">www.daskino.at<\/a><br><a href=\"https:\/\/www.facebook.com\/bergfilmfestival.sbg\" target=\"_blank\" rel=\"noreferrer noopener\">https:\/\/www.facebook.com\/bergfilmfestival.sbg<\/a><br><a href=\"https:\/\/www.instagram.com\/bergfilmfestival\" target=\"_blank\" rel=\"noreferrer noopener\">https:\/\/www.instagram.com\/bergfilmfestival<\/a><\/p>\n\n\n\n<p>Headerbild: www.daskino.at<\/p>\n","protected":false},"excerpt":{"rendered":"<p>Vom 8. bis 19. November 2023 findet im Salzburger \u201cDas Kino\u201d das j\u00e4hrliche Bergfilmfestival statt. Unter dem Motto \u201cDas gro\u00dfe Aufbrechen\u201d haben die Veranstalter wieder ein vielf\u00e4ltiges und hochkar\u00e4tiges Programm zusammengestellt &#8211; auch f\u00fcr Skitourengeher:innen ist einiges dabei! \u201cAbenteuer lassen sich nicht planen. Man muss aufbrechen und sein bequemes Bett gegen eine ungewisse Lagerst\u00e4tte tauschen. [&hellip;]<\/p>\n","protected":false},"author":35,"featured_media":191705,"comment_status":"closed","ping_status":"closed","sticky":false,"template":"","format":"standard","meta":[],"categories":[1,4],"tags":[],"yoast_head":"<!-- This site is optimized with the Yoast SEO plugin v16.3 - https:\/\/yoast.com\/wordpress\/plugins\/seo\/ -->\n<title>Veranstaltungstipp: Bergfilmfestival in Salzburg - Skibergsteigen<\/title>\n<meta name=\"description\" content=\"Im Rahmen des 29. Bergfilmfestival Salzburg von 8. - 19.11.2023 gibt es spannende Programmpunkte f\u00fcr Skibergsteiger:innen.\" \/>\n<meta name=\"robots\" content=\"index, follow, max-snippet:-1, max-image-preview:large, max-video-preview:-1\" \/>\n<link rel=\"canonical\" href=\"https:\/\/www.skimo.at\/skibergsteigen\/191703\/bergfilmfestival2023\/\" \/>\n<meta property=\"og:locale\" content=\"de_DE\" \/>\n<meta property=\"og:type\" content=\"article\" \/>\n<meta property=\"og:title\" content=\"Veranstaltungstipp: Bergfilmfestival in Salzburg - Skibergsteigen\" \/>\n<meta property=\"og:description\" content=\"Im Rahmen des 29. Bergfilmfestival Salzburg von 8. - 19.11.2023 gibt es spannende Programmpunkte f\u00fcr Skibergsteiger:innen.\" \/>\n<meta property=\"og:url\" content=\"https:\/\/www.skimo.at\/skibergsteigen\/191703\/bergfilmfestival2023\/\" \/>\n<meta property=\"og:site_name\" content=\"Skibergsteigen\" \/>\n<meta property=\"article:published_time\" content=\"2023-10-27T17:12:00+00:00\" \/>\n<meta property=\"article:modified_time\" content=\"2023-10-27T17:23:26+00:00\" \/>\n<meta property=\"og:image\" content=\"https:\/\/www.skimo.at\/skibergsteigen\/files\/2023\/10\/bergfilmfestival-2023-sujet-a6-quer.png\" \/>\n\t<meta property=\"og:image:width\" content=\"2048\" \/>\n\t<meta property=\"og:image:height\" content=\"1452\" \/>\n<meta name=\"twitter:card\" content=\"summary\" \/>\n<meta name=\"twitter:label1\" content=\"Gesch\u00e4tzte Lesezeit\">\n\t<meta name=\"twitter:data1\" content=\"2\u00a0Minuten\">\n<script type=\"application\/ld+json\" class=\"yoast-schema-graph\">{\"@context\":\"https:\/\/schema.org\",\"@graph\":[{\"@type\":\"WebSite\",\"@id\":\"https:\/\/skimo.73.jarolim.eu\/skibergsteigen\/#website\",\"url\":\"https:\/\/skimo.73.jarolim.eu\/skibergsteigen\/\",\"name\":\"Skibergsteigen\",\"description\":\"Skibergsteigen in \\u00d6sterreich\",\"potentialAction\":[{\"@type\":\"SearchAction\",\"target\":\"https:\/\/skimo.73.jarolim.eu\/skibergsteigen\/?s={search_term_string}\",\"query-input\":\"required name=search_term_string\"}],\"inLanguage\":\"de\"},{\"@type\":\"ImageObject\",\"@id\":\"https:\/\/www.skimo.at\/skibergsteigen\/191703\/bergfilmfestival2023\/#primaryimage\",\"inLanguage\":\"de\",\"url\":\"https:\/\/www.skimo.at\/skibergsteigen\/files\/2023\/10\/bergfilmfestival-2023-sujet-a6-quer.png\",\"contentUrl\":\"https:\/\/www.skimo.at\/skibergsteigen\/files\/2023\/10\/bergfilmfestival-2023-sujet-a6-quer.png\",\"width\":2048,\"height\":1452,\"caption\":\"bergfilmfestival 2023 sujet a6 quer\"},{\"@type\":\"WebPage\",\"@id\":\"https:\/\/www.skimo.at\/skibergsteigen\/191703\/bergfilmfestival2023\/#webpage\",\"url\":\"https:\/\/www.skimo.at\/skibergsteigen\/191703\/bergfilmfestival2023\/\",\"name\":\"Veranstaltungstipp: Bergfilmfestival in Salzburg - Skibergsteigen\",\"isPartOf\":{\"@id\":\"https:\/\/skimo.73.jarolim.eu\/skibergsteigen\/#website\"},\"primaryImageOfPage\":{\"@id\":\"https:\/\/www.skimo.at\/skibergsteigen\/191703\/bergfilmfestival2023\/#primaryimage\"},\"datePublished\":\"2023-10-27T17:12:00+00:00\",\"dateModified\":\"2023-10-27T17:23:26+00:00\",\"author\":{\"@id\":\"https:\/\/skimo.73.jarolim.eu\/skibergsteigen\/#\/schema\/person\/98f79b69381628f9078a5fab8eac4811\"},\"description\":\"Im Rahmen des 29. Bergfilmfestival Salzburg von 8. - 19.11.2023 gibt es spannende Programmpunkte f\\u00fcr Skibergsteiger:innen.\",\"breadcrumb\":{\"@id\":\"https:\/\/www.skimo.at\/skibergsteigen\/191703\/bergfilmfestival2023\/#breadcrumb\"},\"inLanguage\":\"de\",\"potentialAction\":[{\"@type\":\"ReadAction\",\"target\":[\"https:\/\/www.skimo.at\/skibergsteigen\/191703\/bergfilmfestival2023\/\"]}]},{\"@type\":\"BreadcrumbList\",\"@id\":\"https:\/\/www.skimo.at\/skibergsteigen\/191703\/bergfilmfestival2023\/#breadcrumb\",\"itemListElement\":[{\"@type\":\"ListItem\",\"position\":1,\"item\":{\"@type\":\"WebPage\",\"@id\":\"https:\/\/skimo.73.jarolim.eu\/skibergsteigen\/\",\"url\":\"https:\/\/skimo.73.jarolim.eu\/skibergsteigen\/\",\"name\":\"Home\"}},{\"@type\":\"ListItem\",\"position\":2,\"item\":{\"@id\":\"https:\/\/www.skimo.at\/skibergsteigen\/191703\/bergfilmfestival2023\/#webpage\"}}]},{\"@type\":\"Person\",\"@id\":\"https:\/\/skimo.73.jarolim.eu\/skibergsteigen\/#\/schema\/person\/98f79b69381628f9078a5fab8eac4811\",\"name\":\"sbinder\",\"image\":{\"@type\":\"ImageObject\",\"@id\":\"https:\/\/skimo.73.jarolim.eu\/skibergsteigen\/#personlogo\",\"inLanguage\":\"de\",\"url\":\"https:\/\/secure.gravatar.com\/avatar\/11f3623e7f24f658f1be6d4cb550331e?s=96&r=g\",\"contentUrl\":\"https:\/\/secure.gravatar.com\/avatar\/11f3623e7f24f658f1be6d4cb550331e?s=96&r=g\",\"caption\":\"sbinder\"},\"url\":\"https:\/\/www.skimo.at\/skibergsteigen\/author\/sbinder\/\"}]}<\/script>\n<!-- \/ Yoast SEO plugin. -->","_links":{"self":[{"href":"https:\/\/www.skimo.at\/skibergsteigen\/wp-json\/wp\/v2\/posts\/191703"}],"collection":[{"href":"https:\/\/www.skimo.at\/skibergsteigen\/wp-json\/wp\/v2\/posts"}],"about":[{"href":"https:\/\/www.skimo.at\/skibergsteigen\/wp-json\/wp\/v2\/types\/post"}],"author":[{"embeddable":true,"href":"https:\/\/www.skimo.at\/skibergsteigen\/wp-json\/wp\/v2\/users\/35"}],"replies":[{"embeddable":true,"href":"https:\/\/www.skimo.at\/skibergsteigen\/wp-json\/wp\/v2\/comments?post=191703"}],"version-history":[{"count":7,"href":"https:\/\/www.skimo.at\/skibergsteigen\/wp-json\/wp\/v2\/posts\/191703\/revisions"}],"predecessor-version":[{"id":191713,"href":"https:\/\/www.skimo.at\/skibergsteigen\/wp-json\/wp\/v2\/posts\/191703\/revisions\/191713"}],"wp:featuredmedia":[{"embeddable":true,"href":"https:\/\/www.skimo.at\/skibergsteigen\/wp-json\/wp\/v2\/media\/191705"}],"wp:attachment":[{"href":"https:\/\/www.skimo.at\/skibergsteigen\/wp-json\/wp\/v2\/media?parent=191703"}],"wp:term":[{"taxonomy":"category","embeddable":true,"href":"https:\/\/www.skimo.at\/skibergsteigen\/wp-json\/wp\/v2\/categories?post=191703"},{"taxonomy":"post_tag","embeddable":true,"href":"https:\/\/www.skimo.at\/skibergsteigen\/wp-json\/wp\/v2\/tags?post=191703"}],"curies":[{"name":"wp","href":"https:\/\/api.w.org\/{rel}","templated":true}]}}