{"id":191134,"date":"2021-03-31T13:29:00","date_gmt":"2021-03-31T11:29:00","guid":{"rendered":"https:\/\/www.skimo.at\/skibergsteigen\/?p=191134"},"modified":"2021-05-04T13:32:59","modified_gmt":"2021-05-04T11:32:59","slug":"covid-skandal-oder-kavaliersdelikt-schweizer-sac-nationalteam-bei-weltcupfinale-ausgeschlossen","status":"publish","type":"post","link":"https:\/\/www.skimo.at\/skibergsteigen\/191134\/covid-skandal-oder-kavaliersdelikt-schweizer-sac-nationalteam-bei-weltcupfinale-ausgeschlossen\/","title":{"rendered":"COVID-Skandal oder Kavaliersdelikt? Schweizer SAC Nationalteam bei Weltcupfinale ausgeschlossen"},"content":{"rendered":"\n<p>Am Rande des sportlich und organisatorisch gelungenen Weltcupfinales in Madonna die Campiglio gab es leider einen Vorfall, der auf breiter Linie f\u00fcr Kopfsch\u00fctteln gesorgt hat. Wegen vors\u00e4tzlicher Nichteinhaltung der ISMF COVID Richtlinien wurde das Schweizer SAC Nationalteam vor dem letzten Bewerb disqualifiziert. Wir wollen hier eine m\u00f6glichst vollst\u00e4ndige Dokumentation der Geschichte und eine Einordnung versuchen.<\/p>\n\n\n\n<p>Quer durch Nationalteams und Funktion\u00e4re geht ein ungl\u00e4ubiges Kopfsch\u00fctteln ob der fast unwirklich anmutenden Tatsache, dass gerade die Schweizer sich die Bl\u00f6\u00dfe solch einer offiziellen Verfehlung gegeben haben. Wir haben in den letzten Tagen viele Telefonate gef\u00fchrt, Meinungen angeh\u00f6rt und Erkl\u00e4rungen zu verstehen versucht. Hier liefern wir eine Aufstellung, damit sich unsere Leser ein Bild machen k\u00f6nnen.<\/p>\n\n\n\n<h3>Die Fakten<\/h3>\n\n\n\n<p>Am Samstag 27.3.2021 Abends wurde am Rande des Teamcaptainsmeetings f\u00fcr das Individualrennen bekannt, dass es ein schwerwiegendes Problem gibt. Eine Physiotherapeutin des SAC Nationalteams war wegen eines fehlenden negativen Corona- Tests schon deutlich fr\u00fcher unmissverst\u00e4ndlich der Wettkampfst\u00e4tten verwiesen worden, war jedoch immer noch in der Mannschaftsunterkunft und hatte Athleten behandelt. Ein Trainer der Schweizer verweigerte die von ISMF\/LOC geforderte schriftliche Best\u00e4tigung, dass die Physio nicht mehr da w\u00e4re, worauf die Sache aufflog. Noch am Abend wurde die gesamte Mannschaft mit Sportlern und Trainern vom Wettkampf ausgeschlossen und reiste am fr\u00fchen Sonntagmorgen nach Hause.<\/p>\n\n\n\n<p>Bereits am Sonntag 28.3.2021 Vormittag&nbsp;<a href=\"https:\/\/www.sac-cas.ch\/fr\/sports-de-competition\/ski-alpinisme\/les-responsables-de-swiss-ski-mountaineering-presentent-ses-excuses-pour-avoir-transgresse-le-reglement-de-la-covid-19-32631\/?fbclid=IwAR2vYI5qvLN8uBSGGlog9LbfPBw20cGwysLpIO3lQkdlWSxtNnfr83EBN5A\">entschuldigte sich der SAC in Persona GS Daniel Marbacher via Web-Eintrag<\/a>, am Nachmittag ver\u00f6ffentlichte die SAC Pressestelle eine umfassende Presseerkl\u00e4rung (liegt diesem Bericht nachfolgend als .pdf bei), in der die Begleitumst\u00e4nde des Vorfalls sehr offen kommuniziert wurden.<\/p>\n\n\n\n<h3>Die Details<\/h3>\n\n\n\n<p>Die Physiotherapeutin war bei obligatorischen Testung in der Heimat vor der Abreise zum Weltcup am \u2013 hier muss&nbsp;<a href=\"http:\/\/www.ismf-ski.org\/webpages\/wp-content\/uploads\/2021\/01\/ISMF_Guidelines_for_COVID-19_updated_11.01.2021-1.pdf\">lt. ISMF Regulativ<\/a>&nbsp;ein maximal 72h alter negativer Test vorliegen &#8211; nach einer durchlebten Corona-Infektion noch positiv. In einer bestimmt gut gemeinten, jedoch durchaus hahneb\u00fcchenen Aktion hatte ein Arzt ihr aber bescheinigt, nicht mehr infekti\u00f6s zu sein. Diese Bescheinigung w\u00e4re normalerweise bestimmt bei der Einreise nach Italien bereits zum Stolperstein geworden, eine Grenzkontrolle fand aber nicht statt. Bei der Akkreditierung in MdC fiel das irregul\u00e4re Konstrukt jedoch sofort auf, und die Dame wurde unmittelbar aufgefordert, wieder abzureisen. F\u00fcr die Umsetzung verantwortlich gemacht wurde das Schweizer Betreuerteam.<\/p>\n\n\n\n<p>In den Tagen darauf ist die Dame allerdings auf Basis einer Initiative aus dem Trainerteam als \u201eU-Boot\u201c in MdC geblieben und hat offenbar auch Athleten aus dem 21-k\u00f6pfigen Sportler-Team der Schweizer behandelt. Zwar war die spezielle Situation nicht ganz unbemerkt geblieben \u2013 daf\u00fcr sprechen mehrere Hinweise \u2013 aber erst am Samstagabend, als mit Nachdruck von ISMF\/LOC eine schriftliche Best\u00e4tigung f\u00fcr die Abreise der Dame verlangt und von einem Trainer verweigert wurde, ist die Bombe geplatzt.<\/p>\n\n\n\n<p>Der sofortige Ausschluss der gesamten Delegation mit Abreise am n\u00e4chsten Morgen kam der von der ISMF f\u00fcr positive Corona- F\u00e4lle vorgesehenen Selbst-Quarant\u00e4ne zuvor.<\/p>\n\n\n\n<p>Der SAC hat in direkter Absprache mit der ISMF in jeder Hinsicht die volle Verantwortung \u00fcbernommen, stellt sich als Organisation vor seine Mitarbeiter und Sportler f\u00fcr eine interne Untersuchung und wird \u2013 das wurde uns versichert \u2013 auch keine sportrechtlichen Mittel gegen die Entscheidung der ISMF anwenden.<\/p>\n\n\n\n<h3>Die offenen Fragen<\/h3>\n\n\n\n<p>Die an sich lobenswert gute Kommunikation des SAC mittels Presseaussendung l\u00e4sst einige wichtige Fragen unbeantwortet.<\/p>\n\n\n\n<ul><li>Die Frage nach dem Beweggrund f\u00fcr die vors\u00e4tzliche Vertuschung des positiven Tests steht nat\u00fcrlich ganz oben. War es Ignoranz, Arroganz, Leichtsinn oder Naivit\u00e4t? Klar ist, dass nach der Aufforderung von ISMF\/LOC hier klarer Vorsatz mit dem Ziel der Vorteilsgewinnung im Spiel war.<\/li><li>Wer hat die Entscheidungen getroffen und wer hat davon gewusst? Wir haben versichert bekommen, dass in der SAC-Zentrale in Bern die Info am Samstagabend erstmals aufgeschlagen ist. Vor Ort waren aber mehrere Trainer, und es ist h\u00f6chst unwahrscheinlich, dass diese nicht alle \u00fcber den nicht vorhandenen negativen Test Bescheid wussten. Aber ob die R\u00fcckweisung bei der Akkreditierung breiter bekannt wurde, ist unklar.<\/li><li>Auch wie man in MdC, das ja auch f\u00fcr die Touristen gesperrt ist und wo die Zahl der Gesichter somit \u00fcberschaubar ist, \u201euntergetaucht\u201c arbeiten kann, ist nicht ganz logisch zu erkl\u00e4ren.<\/li><li>Warum die Abreise der betroffenen Dame nicht konsequenter kontrolliert wurde, diese Frage muss sich die ISMF\/LOC gefallen lassen. Vorschriften zu machen ist das eine, sie bis in die letzte Konsequenz umzusetzen, das andere. Schutz der Pers\u00f6nlichkeitsdaten ist oberste Priorit\u00e4t, wenn aber gesundheitliche Gef\u00e4hrdung zu bef\u00fcrchten ist, dann muss ganz offen und direkt gearbeitet werden.<\/li><li>Am Ende bleibt die sportliche Frage: die Schweizer Athleten wurden um Punkte, R\u00e4nge und Gesamtweltcupplatzierungen gebracht, die Reputation und das Vertrauen in sie als Team ersch\u00fcttert. Sollten die Sportler keine Mitwisser sein, ist hier wohl eine Entschuldigung zu wenig. Wie kann man so eine Breitseite gegen den Sport wiedergutmachen?<\/li><\/ul>\n\n\n\n<h3>Die Konsequenzen<\/h3>\n\n\n\n<p>Der Ausschluss der Schweizer Delegation war sicherlich ein richtiger Schritt von ISMF\/LOC und angesichts des Vorsatzes hinter dem Vorfall undiskutiert n\u00f6tig. Auch die \u00dcbernahme der vollen Verantwortung durch den SAC ist richtig und wichtig.<br>Auf zwei Ebenen kann damit aber wohl noch nicht zur Tagesordnung \u00fcbergegangen werden:<\/p>\n\n\n\n<ul><li>Der SAC wird nach l\u00fcckenloser Aufkl\u00e4rung der Entscheidungskette festlegen m\u00fcssen, wie mit der Verfehlung umgegangen wird. Nat\u00fcrlich war es erstmals, und Fehler machen alle\u2026.aber hier war klarer Vorsatz und das Hinwegsetzen \u00fcber Anordnungen im Spiel. Und es kommt noch was dazu: die COVID Vorschriften sind keine \u201enormalen\u201c Sportregulative, bei denen es \u201enur\u201c um Fairness geht. Hier geht\u2019s um eine Krankheit, die bei laschem Umgang zu gesundheitlichen Konsequenzen von Unbeteiligten f\u00fchren kann.<\/li><li>Die ISMF wird nicht darum herumkommen, die vorhandenen COVID Richtlinien einem Review-Prozess zu unterziehen und vor allem die konsequente Umsetzung in den Fokus zu nehmen. Wir alle hoffen, dass der Virus in der kommenden Saison weg ist. Aber es wird immer wieder aus Vorschriften resultierende Entscheidungen geben, und Legislative braucht immer auch Exekutive und Judikative. Eine \u00dcberarbeitung des Strafenkatalogs f\u00fcr organisatorische Verfehlungen kann eine Konsequenz sein, um Sportler vor Kollektivstrafen f\u00fcr Verfehlungen au\u00dferhalb ihres Bereichs \u2013 wie soeben erfolgt &#8211; zu sch\u00fctzen. Denn um die Sportler geht\u2019s am Ende.<\/li><\/ul>\n\n\n\n<h3>Fazit<\/h3>\n\n\n\n<p>Die Aufregung war am vergangenen Wochenende gro\u00df, solch organisatorische Verfehlungen hat es noch nie im Skibergsteigen gegeben. Ein Skandal?<br>Bei ruhiger Betrachtung mit ein paar Tagen Abstand schauts aber nicht mehr so dramatisch aus, es geht offenbar um Fehler einzelner, wenngleich auch mit gro\u00dfer Energie und klarem Vorsatz.<br>Der Fehler wurde erkannt und es besteht die M\u00f6glichkeit, f\u00fcr die Zukunft daraus zu lernen und die Rahmenbedingungen so anzupassen, dass sowas nicht m\u00f6glich ist oder die Versuchung gar nicht entsteht.<br>Wirklich schade ist es nur f\u00fcr die Schweizer Athleten, denn die f\u00fcr sie verlorene Weltcup- Gesamtwertung 2021 kann keine Ma\u00dfnahme wieder zurechtr\u00fccken.<\/p>\n","protected":false},"excerpt":{"rendered":"<p>Am Rande des sportlich und organisatorisch gelungenen Weltcupfinales in Madonna die Campiglio gab es leider einen Vorfall, der auf breiter Linie f\u00fcr Kopfsch\u00fctteln gesorgt hat. Wegen vors\u00e4tzlicher Nichteinhaltung der ISMF COVID Richtlinien wurde das Schweizer SAC Nationalteam vor dem letzten Bewerb disqualifiziert. Wir wollen hier eine m\u00f6glichst vollst\u00e4ndige Dokumentation der Geschichte und eine Einordnung versuchen.<\/p>\n","protected":false},"author":3,"featured_media":191136,"comment_status":"closed","ping_status":"closed","sticky":false,"template":"","format":"standard","meta":[],"categories":[1,6,4],"tags":[633,634,31],"yoast_head":"<!-- This site is optimized with the Yoast SEO plugin v16.3 - https:\/\/yoast.com\/wordpress\/plugins\/seo\/ -->\n<title>COVID-Skandal oder Kavaliersdelikt? Schweizer SAC Nationalteam bei Weltcupfinale ausgeschlossen - Skibergsteigen<\/title>\n<meta name=\"robots\" content=\"index, follow, max-snippet:-1, max-image-preview:large, max-video-preview:-1\" \/>\n<link rel=\"canonical\" href=\"https:\/\/www.skimo.at\/skibergsteigen\/191134\/covid-skandal-oder-kavaliersdelikt-schweizer-sac-nationalteam-bei-weltcupfinale-ausgeschlossen\/\" \/>\n<meta property=\"og:locale\" content=\"de_DE\" \/>\n<meta property=\"og:type\" content=\"article\" \/>\n<meta property=\"og:title\" content=\"COVID-Skandal oder Kavaliersdelikt? Schweizer SAC Nationalteam bei Weltcupfinale ausgeschlossen - Skibergsteigen\" \/>\n<meta property=\"og:description\" content=\"Am Rande des sportlich und organisatorisch gelungenen Weltcupfinales in Madonna die Campiglio gab es leider einen Vorfall, der auf breiter Linie f\u00fcr Kopfsch\u00fctteln gesorgt hat. Wegen vors\u00e4tzlicher Nichteinhaltung der ISMF COVID Richtlinien wurde das Schweizer SAC Nationalteam vor dem letzten Bewerb disqualifiziert. Wir wollen hier eine m\u00f6glichst vollst\u00e4ndige Dokumentation der Geschichte und eine Einordnung versuchen.\" \/>\n<meta property=\"og:url\" content=\"https:\/\/www.skimo.at\/skibergsteigen\/191134\/covid-skandal-oder-kavaliersdelikt-schweizer-sac-nationalteam-bei-weltcupfinale-ausgeschlossen\/\" \/>\n<meta property=\"og:site_name\" content=\"Skibergsteigen\" \/>\n<meta property=\"article:published_time\" content=\"2021-03-31T11:29:00+00:00\" \/>\n<meta property=\"article:modified_time\" content=\"2021-05-04T11:32:59+00:00\" \/>\n<meta property=\"og:image\" content=\"https:\/\/skimo.73.jarolim.eu\/skibergsteigen\/files\/2021\/05\/coronamaske-im-schnee-skimo-austria-768x576-1.jpg\" \/>\n\t<meta property=\"og:image:width\" content=\"768\" \/>\n\t<meta property=\"og:image:height\" content=\"576\" \/>\n<meta name=\"twitter:card\" content=\"summary\" \/>\n<meta name=\"twitter:label1\" content=\"Gesch\u00e4tzte Lesezeit\">\n\t<meta name=\"twitter:data1\" content=\"6\u00a0Minuten\">\n<script type=\"application\/ld+json\" class=\"yoast-schema-graph\">{\"@context\":\"https:\/\/schema.org\",\"@graph\":[{\"@type\":\"WebSite\",\"@id\":\"https:\/\/skimo.73.jarolim.eu\/skibergsteigen\/#website\",\"url\":\"https:\/\/skimo.73.jarolim.eu\/skibergsteigen\/\",\"name\":\"Skibergsteigen\",\"description\":\"Skibergsteigen in \\u00d6sterreich\",\"potentialAction\":[{\"@type\":\"SearchAction\",\"target\":\"https:\/\/skimo.73.jarolim.eu\/skibergsteigen\/?s={search_term_string}\",\"query-input\":\"required name=search_term_string\"}],\"inLanguage\":\"de\"},{\"@type\":\"ImageObject\",\"@id\":\"https:\/\/www.skimo.at\/skibergsteigen\/191134\/covid-skandal-oder-kavaliersdelikt-schweizer-sac-nationalteam-bei-weltcupfinale-ausgeschlossen\/#primaryimage\",\"inLanguage\":\"de\",\"url\":\"https:\/\/www.skimo.at\/skibergsteigen\/files\/2021\/05\/coronamaske-im-schnee-skimo-austria-768x576-1.jpg\",\"contentUrl\":\"https:\/\/www.skimo.at\/skibergsteigen\/files\/2021\/05\/coronamaske-im-schnee-skimo-austria-768x576-1.jpg\",\"width\":768,\"height\":576,\"caption\":\"coronamaske im schnee skimo austria 768x576 1\"},{\"@type\":\"WebPage\",\"@id\":\"https:\/\/www.skimo.at\/skibergsteigen\/191134\/covid-skandal-oder-kavaliersdelikt-schweizer-sac-nationalteam-bei-weltcupfinale-ausgeschlossen\/#webpage\",\"url\":\"https:\/\/www.skimo.at\/skibergsteigen\/191134\/covid-skandal-oder-kavaliersdelikt-schweizer-sac-nationalteam-bei-weltcupfinale-ausgeschlossen\/\",\"name\":\"COVID-Skandal oder Kavaliersdelikt? Schweizer SAC Nationalteam bei Weltcupfinale ausgeschlossen - Skibergsteigen\",\"isPartOf\":{\"@id\":\"https:\/\/skimo.73.jarolim.eu\/skibergsteigen\/#website\"},\"primaryImageOfPage\":{\"@id\":\"https:\/\/www.skimo.at\/skibergsteigen\/191134\/covid-skandal-oder-kavaliersdelikt-schweizer-sac-nationalteam-bei-weltcupfinale-ausgeschlossen\/#primaryimage\"},\"datePublished\":\"2021-03-31T11:29:00+00:00\",\"dateModified\":\"2021-05-04T11:32:59+00:00\",\"author\":{\"@id\":\"https:\/\/skimo.73.jarolim.eu\/skibergsteigen\/#\/schema\/person\/796ecbce6796efca58bf848ca63ec12c\"},\"breadcrumb\":{\"@id\":\"https:\/\/www.skimo.at\/skibergsteigen\/191134\/covid-skandal-oder-kavaliersdelikt-schweizer-sac-nationalteam-bei-weltcupfinale-ausgeschlossen\/#breadcrumb\"},\"inLanguage\":\"de\",\"potentialAction\":[{\"@type\":\"ReadAction\",\"target\":[\"https:\/\/www.skimo.at\/skibergsteigen\/191134\/covid-skandal-oder-kavaliersdelikt-schweizer-sac-nationalteam-bei-weltcupfinale-ausgeschlossen\/\"]}]},{\"@type\":\"BreadcrumbList\",\"@id\":\"https:\/\/www.skimo.at\/skibergsteigen\/191134\/covid-skandal-oder-kavaliersdelikt-schweizer-sac-nationalteam-bei-weltcupfinale-ausgeschlossen\/#breadcrumb\",\"itemListElement\":[{\"@type\":\"ListItem\",\"position\":1,\"item\":{\"@type\":\"WebPage\",\"@id\":\"https:\/\/skimo.73.jarolim.eu\/skibergsteigen\/\",\"url\":\"https:\/\/skimo.73.jarolim.eu\/skibergsteigen\/\",\"name\":\"Home\"}},{\"@type\":\"ListItem\",\"position\":2,\"item\":{\"@id\":\"https:\/\/www.skimo.at\/skibergsteigen\/191134\/covid-skandal-oder-kavaliersdelikt-schweizer-sac-nationalteam-bei-weltcupfinale-ausgeschlossen\/#webpage\"}}]},{\"@type\":\"Person\",\"@id\":\"https:\/\/skimo.73.jarolim.eu\/skibergsteigen\/#\/schema\/person\/796ecbce6796efca58bf848ca63ec12c\",\"name\":\"kposch\",\"image\":{\"@type\":\"ImageObject\",\"@id\":\"https:\/\/skimo.73.jarolim.eu\/skibergsteigen\/#personlogo\",\"inLanguage\":\"de\",\"url\":\"https:\/\/secure.gravatar.com\/avatar\/e9f5f28da60e5e563d3f4d3cc0b9b425?s=96&r=g\",\"contentUrl\":\"https:\/\/secure.gravatar.com\/avatar\/e9f5f28da60e5e563d3f4d3cc0b9b425?s=96&r=g\",\"caption\":\"kposch\"},\"url\":\"https:\/\/www.skimo.at\/skibergsteigen\/author\/kposch\/\"}]}<\/script>\n<!-- \/ Yoast SEO plugin. -->","_links":{"self":[{"href":"https:\/\/www.skimo.at\/skibergsteigen\/wp-json\/wp\/v2\/posts\/191134"}],"collection":[{"href":"https:\/\/www.skimo.at\/skibergsteigen\/wp-json\/wp\/v2\/posts"}],"about":[{"href":"https:\/\/www.skimo.at\/skibergsteigen\/wp-json\/wp\/v2\/types\/post"}],"author":[{"embeddable":true,"href":"https:\/\/www.skimo.at\/skibergsteigen\/wp-json\/wp\/v2\/users\/3"}],"replies":[{"embeddable":true,"href":"https:\/\/www.skimo.at\/skibergsteigen\/wp-json\/wp\/v2\/comments?post=191134"}],"version-history":[{"count":1,"href":"https:\/\/www.skimo.at\/skibergsteigen\/wp-json\/wp\/v2\/posts\/191134\/revisions"}],"predecessor-version":[{"id":191137,"href":"https:\/\/www.skimo.at\/skibergsteigen\/wp-json\/wp\/v2\/posts\/191134\/revisions\/191137"}],"wp:featuredmedia":[{"embeddable":true,"href":"https:\/\/www.skimo.at\/skibergsteigen\/wp-json\/wp\/v2\/media\/191136"}],"wp:attachment":[{"href":"https:\/\/www.skimo.at\/skibergsteigen\/wp-json\/wp\/v2\/media?parent=191134"}],"wp:term":[{"taxonomy":"category","embeddable":true,"href":"https:\/\/www.skimo.at\/skibergsteigen\/wp-json\/wp\/v2\/categories?post=191134"},{"taxonomy":"post_tag","embeddable":true,"href":"https:\/\/www.skimo.at\/skibergsteigen\/wp-json\/wp\/v2\/tags?post=191134"}],"curies":[{"name":"wp","href":"https:\/\/api.w.org\/{rel}","templated":true}]}}