{"id":308026,"date":"2026-03-13T17:07:26","date_gmt":"2026-03-13T15:07:26","guid":{"rendered":"https:\/\/www.skimo.at\/rennen\/?p=308026"},"modified":"2026-03-13T17:07:26","modified_gmt":"2026-03-13T15:07:26","slug":"epische-atmosphaere-am-grand-mont-franzoesische-teams-harrop-ravinel-sowie-bon-mardion-gachet-glaenzen-in-etappe-3","status":"publish","type":"post","link":"https:\/\/www.skimo.at\/rennen\/308026\/epische-atmosphaere-am-grand-mont-franzoesische-teams-harrop-ravinel-sowie-bon-mardion-gachet-glaenzen-in-etappe-3\/","title":{"rendered":"Epische Atmosph\u00e4re am Grand Mont: Franz\u00f6sische Teams (Harrop &amp; Ravinel sowie Bon Mardion &amp; Gachet) gl\u00e4nzen in Etappe 3"},"content":{"rendered":"\n<p>Die dritte Etappe der Pierra Menta fand an einem spektakul\u00e4ren sonnigen Freitag in den Bergen des Beaufortain statt. Sie war eine der anspruchsvollsten Etappen des Rennens mit rund <strong>2.850 H\u00f6henmetern im Aufstieg<\/strong>, gekr\u00f6nt vom legend\u00e4ren Anstieg \u00fcber den <strong>S\u00fcdgrat des Grand Mont<\/strong>, wo sich jedes Jahr Hunderte Zuschauer versammeln, um die Athletinnen und Athleten vor der finalen Abfahrt anzufeuern.<\/p>\n\n\n\n<p>Die Etappe begann mit einem <strong>1.120-Meter-Anstieg<\/strong> zum <strong>Passage du Dard<\/strong>. Von dort aus f\u00fchrte die Strecke hinab nach <strong>Chiseraz<\/strong>, gefolgt von einem <strong>510-Meter-Anstieg<\/strong> zum zweiten Gipfel, der <strong>Ant\u00e9cime Bizard<\/strong>.<\/p>\n\n\n\n<p>Anschlie\u00dfend kehrten die Rennteams in denselben Bereich zur\u00fcck, um einen weiteren Anstieg zu absolvieren, der auch eine kurze <strong>Tragepassage (Boot-Pack)<\/strong> mit etwa <strong>70 H\u00f6henmetern<\/strong> beinhaltete, um die <strong>Pointes des B\u00e9saces<\/strong> zu erreichen.<\/p>\n\n\n\n<p>Die letzte Herausforderung war der ikonische Aufstieg zum <strong>Grand Mont \u00fcber den S\u00fcdgrat<\/strong>, wo sich die Zuschauer entlang des Grats aufstellen und eine der elektrisierendsten Atmosph\u00e4ren im Skibergsteigen schaffen.<\/p>\n\n\n\n<p>Nach dem Gipfel folgte eine lange Abfahrt. Im oberen Abschnitt bot der Schnee gute Bedingungen und relativ schnelles Skifahren. Weiter unten wurde das Gel\u00e4nde technischer, mit Buckeln und wechselnden Schneeverh\u00e4ltnissen, bevor die Athleten die Ziellinie erreichten.<\/p>\n\n\n\n<hr class=\"wp-block-separator\" \/>\n\n\n\n<h2>Frauenrennen \u2013 Kontrolle von Start bis Ziel<\/h2>\n\n\n\n<p>Unter strahlendem Beaufortain-Sonnenschein bot die dritte Etappe der Pierra Menta eines der intensivsten Duelle der Woche. Von den ersten Anstiegen bis zur elektrisierenden Atmosph\u00e4re am Grand-Mont-Grat entwickelte sich der Kampf um den Sieg schnell zu einem Zweikampf zwischen zwei starken franz\u00f6sischen Teams.<\/p>\n\n\n\n<p>Bereits beim ersten Anstieg gaben <strong>Emily Harrop<\/strong> und <strong>Margot Ravinel<\/strong> ein konstantes und kontrolliertes Tempo vor. Anstieg f\u00fcr Anstieg bauten sie ihren Vorsprung auf die Verfolgerinnen weiter aus.<\/p>\n\n\n\n<p>Nach einer kraftvollen und konstanten Leistung auf der anspruchsvollen Strecke \u00fcberquerten Harrop und Ravinel die Ziellinie in <strong>3:22:02<\/strong> und sicherten sich damit einen \u00fcberzeugenden Etappensieg.<\/p>\n\n\n\n<p>Hinter ihnen belegten <strong>Axelle Mollaret<\/strong> und <strong>Emily Perrillat<\/strong> mit <strong>3:29:22<\/strong> den zweiten Platz, w\u00e4hrend das italienische Duo <strong>Alba De Silvestro<\/strong> und <strong>Giulia Murada<\/strong> in <strong>3:32:23<\/strong> das Podium komplettierte.<\/p>\n\n\n\n<h3>Etappe 3 \u2013 Ergebnisse Frauen<\/h3>\n\n\n\n<ol><li>Harrop \/ Ravinel \u2013 <strong>3:22:02<\/strong><\/li><li>Mollaret \/ Perrillat \u2013 <strong>3:29:22<\/strong> (+7:20)<\/li><li>De Silvestro \/ Murada \u2013 <strong>3:32:23<\/strong> (+10:21)<\/li><\/ol>\n\n\n\n<p>Diese Ergebnisse entsprechen zugleich der <strong>ISMF-Weltmeisterschaftswertung<\/strong> f\u00fcr diese Etappe und unterstreichen einen weiteren dominanten Tag der franz\u00f6sischen Teams auf den legend\u00e4ren H\u00e4ngen der Pierra Menta.<\/p>\n\n\n\n<hr class=\"wp-block-separator\" \/>\n\n\n\n<h2>M\u00e4nnerrennen \u2013 Ein Duell an den H\u00e4ngen des Grand Mont<\/h2>\n\n\n\n<p>Im M\u00e4nnerrennen entwickelte sich eine \u00e4hnliche Geschichte mit einer weiteren starken Leistung eines f\u00fchrenden franz\u00f6sischen Duos.<\/p>\n\n\n\n<p>Schritt f\u00fcr Schritt \u00fcber die anspruchsvolle Strecke hinweg setzten <strong>William Bon Mardion<\/strong> und <strong>Xavier Gachet<\/strong> ein unerbittliches Tempo. Dicht dahinter lie\u00df das junge Duo <strong>Samuel Equy<\/strong> und <strong>Anselme Damevin<\/strong> die F\u00fchrenden jedoch nie entkommen und hielt w\u00e4hrend der gesamten Etappe den Druck hoch.<\/p>\n\n\n\n<p>Nach mehr als <strong>2 Stunden und 50 Minuten Rennzeit<\/strong> und fast <strong>2.850 H\u00f6henmetern im Aufstieg<\/strong> \u00fcberquerten Bon Mardion und Gachet als Erste die Ziellinie in <strong>2:51:08<\/strong> und sicherten sich damit den Tagessieg nach einem spektakul\u00e4ren Renntag in den Bergen.<\/p>\n\n\n\n<p>Equy und Damevin folgten nur <strong>1 Minute und 18 Sekunden<\/strong> sp\u00e4ter und best\u00e4tigten die St\u00e4rke der franz\u00f6sischen Teams.<\/p>\n\n\n\n<p>Dahinter zeigten die Italiener <strong>Davide Magnini<\/strong> und <strong>William Boffelli<\/strong> eine starke Leistung und komplettierten das Etappenpodium in <strong>2:57:21<\/strong>.<\/p>\n\n\n\n<h3>Etappe 3 \u2013 Ergebnisse M\u00e4nner<\/h3>\n\n\n\n<ol><li>Bon Mardion \/ Gachet \u2013 <strong>2:51:08<\/strong><\/li><li>Equy \/ Damevin \u2013 <strong>2:52:26<\/strong> (+1:18)<\/li><li>Magnini \/ Boffelli \u2013 <strong>2:57:21<\/strong> (+6:13)<\/li><\/ol>\n\n\n\n<hr class=\"wp-block-separator\" \/>\n\n\n\n<h2>Etappe 3 \u2013 ISMF-Weltmeisterschaften Langdistanz (Top 3)<\/h2>\n\n\n\n<p>Die Etappe z\u00e4hlte gleichzeitig zur Teamwertung der <strong>ISMF Ski Mountaineering World Championships<\/strong>. Auch hier sicherten sich Bon Mardion und Gachet den Sieg vor Equy und Damevin, w\u00e4hrend <strong>R\u00e9mi Cattan<\/strong> und <strong>Simon Bellabouvier<\/strong> mit <strong>3:01:44<\/strong> den dritten Platz belegten.<\/p>\n\n\n\n<ul><li>William Bon Mardion \/ Xavier Gachet \u2013 <strong>2:51:08<\/strong><\/li><li>Samuel Equy \/ Anselme Damevin \u2013 <strong>2:52:26<\/strong> (+1:18)<\/li><li>R\u00e9mi Cattan \/ Simon Bellabouvier \u2013 <strong>3:01:44<\/strong> (+10:36)<\/li><\/ul>\n\n\n\n<hr class=\"wp-block-separator\" \/>\n\n\n\n<h2>Finale Entscheidung im Schnee steht bevor<\/h2>\n\n\n\n<p>Morgen findet die <strong>vierte und letzte Etappe der Pierra Menta<\/strong> unter schwierigen winterlichen Bedingungen statt. F\u00fcr den gesamten Tag ist <strong>Schneefall<\/strong> vorhergesagt.<\/p>\n\n\n\n<p>Im Gegensatz zu den spektakul\u00e4ren Hochgraten der dritten Etappe wird sich das Rennen wahrscheinlich in den <strong>Waldsektoren von Ar\u00eaches und Planay<\/strong> abspielen, wo <strong>Sicht, Orientierung und Schneeverh\u00e4ltnisse<\/strong> eine entscheidende Rolle spielen k\u00f6nnten.<\/p>\n\n\n\n<p>Da die Gesamtwertung weiterhin sehr eng ist, verspricht der letzte Renntag ein dramatisches Finale der <strong>40. Ausgabe<\/strong> des Rennens.<\/p>\n\n\n\n<hr class=\"wp-block-separator\" \/>\n\n\n\n<h1>Gesamtwertung (nach Etappe 3)<\/h1>\n\n\n\n<h2>M\u00e4nner Gesamtwertung<\/h2>\n\n\n\n<p>Der Kampf um den Sieg bleibt \u00e4u\u00dferst knapp zwischen den beiden f\u00fchrenden franz\u00f6sischen Teams.<\/p>\n\n\n\n<ol><li>William Bon Mardion \/ Xavier Gachet \u2013 <strong>8:47:31<\/strong><\/li><li>Samuel Equy \/ Anselme Damevin \u2013 <strong>8:49:01<\/strong> (+1:30)<\/li><li>Davide Magnini \/ William Boffelli \u2013 <strong>9:02:52<\/strong> (+15:21)<\/li><\/ol>\n\n\n\n<p>Mit nur <strong>1 Minute und 30 Sekunden<\/strong> Unterschied zwischen den beiden f\u00fchrenden Teams k\u00f6nnte die finale Etappe das Rennergebnis noch komplett ver\u00e4ndern.<\/p>\n\n\n\n<hr class=\"wp-block-separator\" \/>\n\n\n\n<h2>M\u00e4nner \u2013 ISMF-Weltmeisterschaftswertung<\/h2>\n\n\n\n<p>Das Rennen z\u00e4hlt auch f\u00fcr den <strong>ISMF-Weltmeistertitel im Langdistanz-Teamrennen<\/strong>.<\/p>\n\n\n\n<ol><li>Bon Mardion \/ Gachet \u2013 <strong>8:47:31<\/strong><\/li><li>Equy \/ Damevin \u2013 <strong>8:49:01<\/strong> (+1:30)<\/li><li>Michele Boscacci \/ Robert Antonioli \u2013 <strong>9:17:14<\/strong> (+29:43)<\/li><\/ol>\n\n\n\n<hr class=\"wp-block-separator\" \/>\n\n\n\n<h2>Frauen \u2013 Gesamtwertung &amp; ISMF-Weltmeisterschaftswertung<\/h2>\n\n\n\n<p>Auch im Frauenrennen dominieren die franz\u00f6sischen Teams die Gesamtwertung.<\/p>\n\n\n\n<ol><li>Emily Harrop \/ Margot Ravinel \u2013 <strong>10:20:22<\/strong><\/li><li>Axelle Mollaret \/ C\u00e9lia Perrillat-Pessey \u2013 <strong>10:25:07<\/strong> (+4:45)<\/li><li>Alba De Silvestro \/ Lisa Moreschini \u2013 <strong>10:50:53<\/strong> (+30:31)<\/li><\/ol>\n\n\n\n<hr class=\"wp-block-separator\" \/>\n\n\n\n<p><a href=\"https:\/\/www.chronocompetition.com\/wp-content\/glive\/g-live.html?f=..\/2026\/PM2026.clax\">Hier geht es zu den Ergebnissen.<\/a><\/p>\n\n\n\n<p>Bildergalerie der ISMF<\/p>\n\n\n\n<figure class=\"wp-block-gallery columns-3 is-cropped\"><ul class=\"blocks-gallery-grid\"><li class=\"blocks-gallery-item\"><figure><a href=\"https:\/\/www.skimo.at\/rennen\/?attachment_id=308027\"><img loading=\"lazy\" width=\"1024\" height=\"769\" src=\"https:\/\/www.skimo.at\/rennen\/files\/2026\/03\/pmstage2-1024x769.jpg\" alt=\"\" data-id=\"308027\" data-full-url=\"https:\/\/www.skimo.at\/rennen\/files\/2026\/03\/pmstage2.jpg\" data-link=\"https:\/\/www.skimo.at\/rennen\/?attachment_id=308027\" class=\"wp-image-308027\" srcset=\"https:\/\/www.skimo.at\/rennen\/files\/2026\/03\/pmstage2-1024x769.jpg 1024w, https:\/\/www.skimo.at\/rennen\/files\/2026\/03\/pmstage2-300x225.jpg 300w, https:\/\/www.skimo.at\/rennen\/files\/2026\/03\/pmstage2-768x576.jpg 768w, https:\/\/www.skimo.at\/rennen\/files\/2026\/03\/pmstage2-1224x919.jpg 1224w, https:\/\/www.skimo.at\/rennen\/files\/2026\/03\/pmstage2-970x728.jpg 970w, https:\/\/www.skimo.at\/rennen\/files\/2026\/03\/pmstage2-554x416.jpg 554w, https:\/\/www.skimo.at\/rennen\/files\/2026\/03\/pmstage2-124x93.jpg 124w, https:\/\/www.skimo.at\/rennen\/files\/2026\/03\/pmstage2.jpg 1920w\" sizes=\"(max-width: 1024px) 100vw, 1024px\" \/><\/a><\/figure><\/li><li class=\"blocks-gallery-item\"><figure><a href=\"https:\/\/www.skimo.at\/rennen\/?attachment_id=308028\"><img loading=\"lazy\" width=\"1024\" height=\"769\" src=\"https:\/\/www.skimo.at\/rennen\/files\/2026\/03\/pmstage3-1024x769.jpg\" alt=\"\" data-id=\"308028\" data-full-url=\"https:\/\/www.skimo.at\/rennen\/files\/2026\/03\/pmstage3.jpg\" data-link=\"https:\/\/www.skimo.at\/rennen\/?attachment_id=308028\" class=\"wp-image-308028\" srcset=\"https:\/\/www.skimo.at\/rennen\/files\/2026\/03\/pmstage3-1024x769.jpg 1024w, https:\/\/www.skimo.at\/rennen\/files\/2026\/03\/pmstage3-300x225.jpg 300w, https:\/\/www.skimo.at\/rennen\/files\/2026\/03\/pmstage3-768x576.jpg 768w, https:\/\/www.skimo.at\/rennen\/files\/2026\/03\/pmstage3-1224x919.jpg 1224w, https:\/\/www.skimo.at\/rennen\/files\/2026\/03\/pmstage3-970x728.jpg 970w, https:\/\/www.skimo.at\/rennen\/files\/2026\/03\/pmstage3-554x416.jpg 554w, https:\/\/www.skimo.at\/rennen\/files\/2026\/03\/pmstage3-124x93.jpg 124w, https:\/\/www.skimo.at\/rennen\/files\/2026\/03\/pmstage3.jpg 1920w\" sizes=\"(max-width: 1024px) 100vw, 1024px\" \/><\/a><\/figure><\/li><li class=\"blocks-gallery-item\"><figure><a href=\"https:\/\/www.skimo.at\/rennen\/?attachment_id=308029\"><img loading=\"lazy\" width=\"1024\" height=\"769\" src=\"https:\/\/www.skimo.at\/rennen\/files\/2026\/03\/pmstage3-2-1024x769.jpg\" alt=\"\" data-id=\"308029\" data-full-url=\"https:\/\/www.skimo.at\/rennen\/files\/2026\/03\/pmstage3-2.jpg\" data-link=\"https:\/\/www.skimo.at\/rennen\/?attachment_id=308029\" class=\"wp-image-308029\" srcset=\"https:\/\/www.skimo.at\/rennen\/files\/2026\/03\/pmstage3-2-1024x769.jpg 1024w, https:\/\/www.skimo.at\/rennen\/files\/2026\/03\/pmstage3-2-300x225.jpg 300w, https:\/\/www.skimo.at\/rennen\/files\/2026\/03\/pmstage3-2-768x576.jpg 768w, https:\/\/www.skimo.at\/rennen\/files\/2026\/03\/pmstage3-2-1224x919.jpg 1224w, https:\/\/www.skimo.at\/rennen\/files\/2026\/03\/pmstage3-2-970x728.jpg 970w, https:\/\/www.skimo.at\/rennen\/files\/2026\/03\/pmstage3-2-554x416.jpg 554w, https:\/\/www.skimo.at\/rennen\/files\/2026\/03\/pmstage3-2-124x93.jpg 124w, https:\/\/www.skimo.at\/rennen\/files\/2026\/03\/pmstage3-2.jpg 1920w\" sizes=\"(max-width: 1024px) 100vw, 1024px\" \/><\/a><\/figure><\/li><li class=\"blocks-gallery-item\"><figure><a href=\"https:\/\/www.skimo.at\/rennen\/?attachment_id=308030\"><img loading=\"lazy\" width=\"1024\" height=\"769\" src=\"https:\/\/www.skimo.at\/rennen\/files\/2026\/03\/pmstage3-3-1024x769.jpg\" alt=\"\" data-id=\"308030\" data-full-url=\"https:\/\/www.skimo.at\/rennen\/files\/2026\/03\/pmstage3-3.jpg\" data-link=\"https:\/\/www.skimo.at\/rennen\/?attachment_id=308030\" class=\"wp-image-308030\" srcset=\"https:\/\/www.skimo.at\/rennen\/files\/2026\/03\/pmstage3-3-1024x769.jpg 1024w, https:\/\/www.skimo.at\/rennen\/files\/2026\/03\/pmstage3-3-300x225.jpg 300w, https:\/\/www.skimo.at\/rennen\/files\/2026\/03\/pmstage3-3-768x576.jpg 768w, https:\/\/www.skimo.at\/rennen\/files\/2026\/03\/pmstage3-3-1224x919.jpg 1224w, https:\/\/www.skimo.at\/rennen\/files\/2026\/03\/pmstage3-3-970x728.jpg 970w, https:\/\/www.skimo.at\/rennen\/files\/2026\/03\/pmstage3-3-554x416.jpg 554w, https:\/\/www.skimo.at\/rennen\/files\/2026\/03\/pmstage3-3-124x93.jpg 124w, https:\/\/www.skimo.at\/rennen\/files\/2026\/03\/pmstage3-3.jpg 1920w\" sizes=\"(max-width: 1024px) 100vw, 1024px\" \/><\/a><\/figure><\/li><li class=\"blocks-gallery-item\"><figure><a href=\"https:\/\/www.skimo.at\/rennen\/?attachment_id=308031\"><img loading=\"lazy\" width=\"769\" height=\"1024\" src=\"https:\/\/www.skimo.at\/rennen\/files\/2026\/03\/pmstage3-4-769x1024.jpg\" alt=\"\" data-id=\"308031\" data-full-url=\"https:\/\/www.skimo.at\/rennen\/files\/2026\/03\/pmstage3-4.jpg\" data-link=\"https:\/\/www.skimo.at\/rennen\/?attachment_id=308031\" class=\"wp-image-308031\" srcset=\"https:\/\/www.skimo.at\/rennen\/files\/2026\/03\/pmstage3-4-769x1024.jpg 769w, https:\/\/www.skimo.at\/rennen\/files\/2026\/03\/pmstage3-4-225x300.jpg 225w, https:\/\/www.skimo.at\/rennen\/files\/2026\/03\/pmstage3-4-768x1023.jpg 768w, https:\/\/www.skimo.at\/rennen\/files\/2026\/03\/pmstage3-4-1224x1631.jpg 1224w, https:\/\/www.skimo.at\/rennen\/files\/2026\/03\/pmstage3-4-970x1292.jpg 970w, https:\/\/www.skimo.at\/rennen\/files\/2026\/03\/pmstage3-4-554x738.jpg 554w, https:\/\/www.skimo.at\/rennen\/files\/2026\/03\/pmstage3-4-70x93.jpg 70w, https:\/\/www.skimo.at\/rennen\/files\/2026\/03\/pmstage3-4.jpg 1441w\" sizes=\"(max-width: 769px) 100vw, 769px\" \/><\/a><\/figure><\/li><li class=\"blocks-gallery-item\"><figure><a href=\"https:\/\/www.skimo.at\/rennen\/?attachment_id=308032\"><img loading=\"lazy\" width=\"1024\" height=\"769\" src=\"https:\/\/www.skimo.at\/rennen\/files\/2026\/03\/pmstage3-5-1024x769.jpg\" alt=\"\" data-id=\"308032\" data-full-url=\"https:\/\/www.skimo.at\/rennen\/files\/2026\/03\/pmstage3-5.jpg\" data-link=\"https:\/\/www.skimo.at\/rennen\/?attachment_id=308032\" class=\"wp-image-308032\" srcset=\"https:\/\/www.skimo.at\/rennen\/files\/2026\/03\/pmstage3-5-1024x769.jpg 1024w, https:\/\/www.skimo.at\/rennen\/files\/2026\/03\/pmstage3-5-300x225.jpg 300w, https:\/\/www.skimo.at\/rennen\/files\/2026\/03\/pmstage3-5-768x576.jpg 768w, https:\/\/www.skimo.at\/rennen\/files\/2026\/03\/pmstage3-5-1224x919.jpg 1224w, https:\/\/www.skimo.at\/rennen\/files\/2026\/03\/pmstage3-5-970x728.jpg 970w, https:\/\/www.skimo.at\/rennen\/files\/2026\/03\/pmstage3-5-554x416.jpg 554w, https:\/\/www.skimo.at\/rennen\/files\/2026\/03\/pmstage3-5-124x93.jpg 124w, https:\/\/www.skimo.at\/rennen\/files\/2026\/03\/pmstage3-5.jpg 1920w\" sizes=\"(max-width: 1024px) 100vw, 1024px\" \/><\/a><\/figure><\/li><li class=\"blocks-gallery-item\"><figure><a href=\"https:\/\/www.skimo.at\/rennen\/?attachment_id=308033\"><img loading=\"lazy\" width=\"1024\" height=\"769\" src=\"https:\/\/www.skimo.at\/rennen\/files\/2026\/03\/pmstage3-6-1024x769.jpg\" alt=\"\" data-id=\"308033\" data-full-url=\"https:\/\/www.skimo.at\/rennen\/files\/2026\/03\/pmstage3-6.jpg\" data-link=\"https:\/\/www.skimo.at\/rennen\/?attachment_id=308033\" class=\"wp-image-308033\" srcset=\"https:\/\/www.skimo.at\/rennen\/files\/2026\/03\/pmstage3-6-1024x769.jpg 1024w, https:\/\/www.skimo.at\/rennen\/files\/2026\/03\/pmstage3-6-300x225.jpg 300w, https:\/\/www.skimo.at\/rennen\/files\/2026\/03\/pmstage3-6-768x576.jpg 768w, https:\/\/www.skimo.at\/rennen\/files\/2026\/03\/pmstage3-6-1224x919.jpg 1224w, https:\/\/www.skimo.at\/rennen\/files\/2026\/03\/pmstage3-6-970x728.jpg 970w, https:\/\/www.skimo.at\/rennen\/files\/2026\/03\/pmstage3-6-554x416.jpg 554w, https:\/\/www.skimo.at\/rennen\/files\/2026\/03\/pmstage3-6-124x93.jpg 124w, https:\/\/www.skimo.at\/rennen\/files\/2026\/03\/pmstage3-6.jpg 1920w\" sizes=\"(max-width: 1024px) 100vw, 1024px\" \/><\/a><\/figure><\/li><li class=\"blocks-gallery-item\"><figure><a href=\"https:\/\/www.skimo.at\/rennen\/?attachment_id=308034\"><img loading=\"lazy\" width=\"1024\" height=\"769\" src=\"https:\/\/www.skimo.at\/rennen\/files\/2026\/03\/pmstage3-7-1024x769.jpg\" alt=\"\" data-id=\"308034\" data-full-url=\"https:\/\/www.skimo.at\/rennen\/files\/2026\/03\/pmstage3-7.jpg\" data-link=\"https:\/\/www.skimo.at\/rennen\/?attachment_id=308034\" class=\"wp-image-308034\" srcset=\"https:\/\/www.skimo.at\/rennen\/files\/2026\/03\/pmstage3-7-1024x769.jpg 1024w, https:\/\/www.skimo.at\/rennen\/files\/2026\/03\/pmstage3-7-300x225.jpg 300w, https:\/\/www.skimo.at\/rennen\/files\/2026\/03\/pmstage3-7-768x576.jpg 768w, https:\/\/www.skimo.at\/rennen\/files\/2026\/03\/pmstage3-7-1224x919.jpg 1224w, https:\/\/www.skimo.at\/rennen\/files\/2026\/03\/pmstage3-7-970x728.jpg 970w, https:\/\/www.skimo.at\/rennen\/files\/2026\/03\/pmstage3-7-554x416.jpg 554w, https:\/\/www.skimo.at\/rennen\/files\/2026\/03\/pmstage3-7-124x93.jpg 124w, https:\/\/www.skimo.at\/rennen\/files\/2026\/03\/pmstage3-7.jpg 1920w\" sizes=\"(max-width: 1024px) 100vw, 1024px\" \/><\/a><\/figure><\/li><li class=\"blocks-gallery-item\"><figure><a href=\"https:\/\/www.skimo.at\/rennen\/?attachment_id=308035\"><img loading=\"lazy\" width=\"769\" height=\"1024\" src=\"https:\/\/www.skimo.at\/rennen\/files\/2026\/03\/pmstage3-8-769x1024.jpg\" alt=\"\" data-id=\"308035\" data-full-url=\"https:\/\/www.skimo.at\/rennen\/files\/2026\/03\/pmstage3-8.jpg\" data-link=\"https:\/\/www.skimo.at\/rennen\/?attachment_id=308035\" class=\"wp-image-308035\" srcset=\"https:\/\/www.skimo.at\/rennen\/files\/2026\/03\/pmstage3-8-769x1024.jpg 769w, https:\/\/www.skimo.at\/rennen\/files\/2026\/03\/pmstage3-8-225x300.jpg 225w, https:\/\/www.skimo.at\/rennen\/files\/2026\/03\/pmstage3-8-768x1023.jpg 768w, https:\/\/www.skimo.at\/rennen\/files\/2026\/03\/pmstage3-8-1224x1631.jpg 1224w, https:\/\/www.skimo.at\/rennen\/files\/2026\/03\/pmstage3-8-970x1292.jpg 970w, https:\/\/www.skimo.at\/rennen\/files\/2026\/03\/pmstage3-8-554x738.jpg 554w, https:\/\/www.skimo.at\/rennen\/files\/2026\/03\/pmstage3-8-70x93.jpg 70w, https:\/\/www.skimo.at\/rennen\/files\/2026\/03\/pmstage3-8.jpg 1441w\" sizes=\"(max-width: 769px) 100vw, 769px\" \/><\/a><\/figure><\/li><li class=\"blocks-gallery-item\"><figure><a href=\"https:\/\/www.skimo.at\/rennen\/?attachment_id=308036\"><img loading=\"lazy\" width=\"1024\" height=\"769\" src=\"https:\/\/www.skimo.at\/rennen\/files\/2026\/03\/pmstage3-9-1024x769.jpg\" alt=\"\" data-id=\"308036\" data-full-url=\"https:\/\/www.skimo.at\/rennen\/files\/2026\/03\/pmstage3-9.jpg\" data-link=\"https:\/\/www.skimo.at\/rennen\/?attachment_id=308036\" class=\"wp-image-308036\" srcset=\"https:\/\/www.skimo.at\/rennen\/files\/2026\/03\/pmstage3-9-1024x769.jpg 1024w, https:\/\/www.skimo.at\/rennen\/files\/2026\/03\/pmstage3-9-300x225.jpg 300w, https:\/\/www.skimo.at\/rennen\/files\/2026\/03\/pmstage3-9-768x576.jpg 768w, https:\/\/www.skimo.at\/rennen\/files\/2026\/03\/pmstage3-9-1224x919.jpg 1224w, https:\/\/www.skimo.at\/rennen\/files\/2026\/03\/pmstage3-9-970x728.jpg 970w, https:\/\/www.skimo.at\/rennen\/files\/2026\/03\/pmstage3-9-554x416.jpg 554w, https:\/\/www.skimo.at\/rennen\/files\/2026\/03\/pmstage3-9-124x93.jpg 124w, https:\/\/www.skimo.at\/rennen\/files\/2026\/03\/pmstage3-9.jpg 1920w\" sizes=\"(max-width: 1024px) 100vw, 1024px\" \/><\/a><\/figure><\/li><li class=\"blocks-gallery-item\"><figure><a href=\"https:\/\/www.skimo.at\/rennen\/?attachment_id=308037\"><img loading=\"lazy\" width=\"1024\" height=\"769\" src=\"https:\/\/www.skimo.at\/rennen\/files\/2026\/03\/pmstage3-10-1024x769.jpg\" alt=\"\" data-id=\"308037\" data-full-url=\"https:\/\/www.skimo.at\/rennen\/files\/2026\/03\/pmstage3-10.jpg\" data-link=\"https:\/\/www.skimo.at\/rennen\/?attachment_id=308037\" class=\"wp-image-308037\" srcset=\"https:\/\/www.skimo.at\/rennen\/files\/2026\/03\/pmstage3-10-1024x769.jpg 1024w, https:\/\/www.skimo.at\/rennen\/files\/2026\/03\/pmstage3-10-300x225.jpg 300w, https:\/\/www.skimo.at\/rennen\/files\/2026\/03\/pmstage3-10-768x576.jpg 768w, https:\/\/www.skimo.at\/rennen\/files\/2026\/03\/pmstage3-10-1224x919.jpg 1224w, https:\/\/www.skimo.at\/rennen\/files\/2026\/03\/pmstage3-10-970x728.jpg 970w, https:\/\/www.skimo.at\/rennen\/files\/2026\/03\/pmstage3-10-554x416.jpg 554w, https:\/\/www.skimo.at\/rennen\/files\/2026\/03\/pmstage3-10-124x93.jpg 124w, https:\/\/www.skimo.at\/rennen\/files\/2026\/03\/pmstage3-10.jpg 1920w\" sizes=\"(max-width: 1024px) 100vw, 1024px\" \/><\/a><\/figure><\/li><li class=\"blocks-gallery-item\"><figure><a href=\"https:\/\/www.skimo.at\/rennen\/?attachment_id=308038\"><img loading=\"lazy\" width=\"1024\" height=\"769\" src=\"https:\/\/www.skimo.at\/rennen\/files\/2026\/03\/pmstage3-11-1024x769.jpg\" alt=\"\" data-id=\"308038\" data-full-url=\"https:\/\/www.skimo.at\/rennen\/files\/2026\/03\/pmstage3-11.jpg\" data-link=\"https:\/\/www.skimo.at\/rennen\/?attachment_id=308038\" class=\"wp-image-308038\" srcset=\"https:\/\/www.skimo.at\/rennen\/files\/2026\/03\/pmstage3-11-1024x769.jpg 1024w, https:\/\/www.skimo.at\/rennen\/files\/2026\/03\/pmstage3-11-300x225.jpg 300w, https:\/\/www.skimo.at\/rennen\/files\/2026\/03\/pmstage3-11-768x576.jpg 768w, https:\/\/www.skimo.at\/rennen\/files\/2026\/03\/pmstage3-11-1224x919.jpg 1224w, https:\/\/www.skimo.at\/rennen\/files\/2026\/03\/pmstage3-11-970x728.jpg 970w, https:\/\/www.skimo.at\/rennen\/files\/2026\/03\/pmstage3-11-554x416.jpg 554w, https:\/\/www.skimo.at\/rennen\/files\/2026\/03\/pmstage3-11-124x93.jpg 124w, https:\/\/www.skimo.at\/rennen\/files\/2026\/03\/pmstage3-11.jpg 1920w\" sizes=\"(max-width: 1024px) 100vw, 1024px\" \/><\/a><\/figure><\/li><li class=\"blocks-gallery-item\"><figure><a href=\"https:\/\/www.skimo.at\/rennen\/?attachment_id=308039\"><img loading=\"lazy\" width=\"1024\" height=\"769\" src=\"https:\/\/www.skimo.at\/rennen\/files\/2026\/03\/pmstage3-12-1024x769.jpg\" alt=\"\" data-id=\"308039\" data-full-url=\"https:\/\/www.skimo.at\/rennen\/files\/2026\/03\/pmstage3-12.jpg\" data-link=\"https:\/\/www.skimo.at\/rennen\/?attachment_id=308039\" class=\"wp-image-308039\" srcset=\"https:\/\/www.skimo.at\/rennen\/files\/2026\/03\/pmstage3-12-1024x769.jpg 1024w, https:\/\/www.skimo.at\/rennen\/files\/2026\/03\/pmstage3-12-300x225.jpg 300w, https:\/\/www.skimo.at\/rennen\/files\/2026\/03\/pmstage3-12-768x576.jpg 768w, https:\/\/www.skimo.at\/rennen\/files\/2026\/03\/pmstage3-12-1224x919.jpg 1224w, https:\/\/www.skimo.at\/rennen\/files\/2026\/03\/pmstage3-12-970x728.jpg 970w, https:\/\/www.skimo.at\/rennen\/files\/2026\/03\/pmstage3-12-554x416.jpg 554w, https:\/\/www.skimo.at\/rennen\/files\/2026\/03\/pmstage3-12-124x93.jpg 124w, https:\/\/www.skimo.at\/rennen\/files\/2026\/03\/pmstage3-12.jpg 1920w\" sizes=\"(max-width: 1024px) 100vw, 1024px\" \/><\/a><\/figure><\/li><li class=\"blocks-gallery-item\"><figure><a href=\"https:\/\/www.skimo.at\/rennen\/?attachment_id=308040\"><img loading=\"lazy\" width=\"1024\" height=\"769\" src=\"https:\/\/www.skimo.at\/rennen\/files\/2026\/03\/pmstage3-13-1024x769.jpg\" alt=\"\" data-id=\"308040\" data-full-url=\"https:\/\/www.skimo.at\/rennen\/files\/2026\/03\/pmstage3-13.jpg\" data-link=\"https:\/\/www.skimo.at\/rennen\/?attachment_id=308040\" class=\"wp-image-308040\" srcset=\"https:\/\/www.skimo.at\/rennen\/files\/2026\/03\/pmstage3-13-1024x769.jpg 1024w, https:\/\/www.skimo.at\/rennen\/files\/2026\/03\/pmstage3-13-300x225.jpg 300w, https:\/\/www.skimo.at\/rennen\/files\/2026\/03\/pmstage3-13-768x576.jpg 768w, https:\/\/www.skimo.at\/rennen\/files\/2026\/03\/pmstage3-13-1224x919.jpg 1224w, https:\/\/www.skimo.at\/rennen\/files\/2026\/03\/pmstage3-13-970x728.jpg 970w, https:\/\/www.skimo.at\/rennen\/files\/2026\/03\/pmstage3-13-554x416.jpg 554w, https:\/\/www.skimo.at\/rennen\/files\/2026\/03\/pmstage3-13-124x93.jpg 124w, https:\/\/www.skimo.at\/rennen\/files\/2026\/03\/pmstage3-13.jpg 1920w\" sizes=\"(max-width: 1024px) 100vw, 1024px\" \/><\/a><\/figure><\/li><li class=\"blocks-gallery-item\"><figure><a href=\"https:\/\/www.skimo.at\/rennen\/?attachment_id=308041\"><img loading=\"lazy\" width=\"1024\" height=\"769\" src=\"https:\/\/www.skimo.at\/rennen\/files\/2026\/03\/pmstage3-14-1024x769.jpg\" alt=\"\" data-id=\"308041\" data-full-url=\"https:\/\/www.skimo.at\/rennen\/files\/2026\/03\/pmstage3-14.jpg\" data-link=\"https:\/\/www.skimo.at\/rennen\/?attachment_id=308041\" class=\"wp-image-308041\" srcset=\"https:\/\/www.skimo.at\/rennen\/files\/2026\/03\/pmstage3-14-1024x769.jpg 1024w, https:\/\/www.skimo.at\/rennen\/files\/2026\/03\/pmstage3-14-300x225.jpg 300w, https:\/\/www.skimo.at\/rennen\/files\/2026\/03\/pmstage3-14-768x576.jpg 768w, https:\/\/www.skimo.at\/rennen\/files\/2026\/03\/pmstage3-14-1224x919.jpg 1224w, https:\/\/www.skimo.at\/rennen\/files\/2026\/03\/pmstage3-14-970x728.jpg 970w, https:\/\/www.skimo.at\/rennen\/files\/2026\/03\/pmstage3-14-554x416.jpg 554w, https:\/\/www.skimo.at\/rennen\/files\/2026\/03\/pmstage3-14-124x93.jpg 124w, https:\/\/www.skimo.at\/rennen\/files\/2026\/03\/pmstage3-14.jpg 1920w\" sizes=\"(max-width: 1024px) 100vw, 1024px\" \/><\/a><\/figure><\/li><li class=\"blocks-gallery-item\"><figure><a href=\"https:\/\/www.skimo.at\/rennen\/?attachment_id=308042\"><img loading=\"lazy\" width=\"1024\" height=\"769\" src=\"https:\/\/www.skimo.at\/rennen\/files\/2026\/03\/pmstage3-15-1024x769.jpg\" alt=\"\" data-id=\"308042\" data-full-url=\"https:\/\/www.skimo.at\/rennen\/files\/2026\/03\/pmstage3-15.jpg\" data-link=\"https:\/\/www.skimo.at\/rennen\/?attachment_id=308042\" class=\"wp-image-308042\" srcset=\"https:\/\/www.skimo.at\/rennen\/files\/2026\/03\/pmstage3-15-1024x769.jpg 1024w, https:\/\/www.skimo.at\/rennen\/files\/2026\/03\/pmstage3-15-300x225.jpg 300w, https:\/\/www.skimo.at\/rennen\/files\/2026\/03\/pmstage3-15-768x576.jpg 768w, https:\/\/www.skimo.at\/rennen\/files\/2026\/03\/pmstage3-15-1224x919.jpg 1224w, https:\/\/www.skimo.at\/rennen\/files\/2026\/03\/pmstage3-15-970x728.jpg 970w, https:\/\/www.skimo.at\/rennen\/files\/2026\/03\/pmstage3-15-554x416.jpg 554w, https:\/\/www.skimo.at\/rennen\/files\/2026\/03\/pmstage3-15-124x93.jpg 124w, https:\/\/www.skimo.at\/rennen\/files\/2026\/03\/pmstage3-15.jpg 1920w\" sizes=\"(max-width: 1024px) 100vw, 1024px\" \/><\/a><\/figure><\/li><li class=\"blocks-gallery-item\"><figure><a href=\"https:\/\/www.skimo.at\/rennen\/?attachment_id=308043\"><img loading=\"lazy\" width=\"1024\" height=\"769\" src=\"https:\/\/www.skimo.at\/rennen\/files\/2026\/03\/pmstage3-16-1024x769.jpg\" alt=\"\" data-id=\"308043\" data-full-url=\"https:\/\/www.skimo.at\/rennen\/files\/2026\/03\/pmstage3-16.jpg\" data-link=\"https:\/\/www.skimo.at\/rennen\/?attachment_id=308043\" class=\"wp-image-308043\" srcset=\"https:\/\/www.skimo.at\/rennen\/files\/2026\/03\/pmstage3-16-1024x769.jpg 1024w, https:\/\/www.skimo.at\/rennen\/files\/2026\/03\/pmstage3-16-300x225.jpg 300w, https:\/\/www.skimo.at\/rennen\/files\/2026\/03\/pmstage3-16-768x576.jpg 768w, https:\/\/www.skimo.at\/rennen\/files\/2026\/03\/pmstage3-16-1224x919.jpg 1224w, https:\/\/www.skimo.at\/rennen\/files\/2026\/03\/pmstage3-16-970x728.jpg 970w, https:\/\/www.skimo.at\/rennen\/files\/2026\/03\/pmstage3-16-554x416.jpg 554w, https:\/\/www.skimo.at\/rennen\/files\/2026\/03\/pmstage3-16-124x93.jpg 124w, https:\/\/www.skimo.at\/rennen\/files\/2026\/03\/pmstage3-16.jpg 1920w\" sizes=\"(max-width: 1024px) 100vw, 1024px\" \/><\/a><\/figure><\/li><li class=\"blocks-gallery-item\"><figure><a href=\"https:\/\/www.skimo.at\/rennen\/?attachment_id=308044\"><img loading=\"lazy\" width=\"1024\" height=\"769\" src=\"https:\/\/www.skimo.at\/rennen\/files\/2026\/03\/pmstage3-17-1024x769.jpg\" alt=\"\" data-id=\"308044\" data-full-url=\"https:\/\/www.skimo.at\/rennen\/files\/2026\/03\/pmstage3-17.jpg\" data-link=\"https:\/\/www.skimo.at\/rennen\/?attachment_id=308044\" class=\"wp-image-308044\" srcset=\"https:\/\/www.skimo.at\/rennen\/files\/2026\/03\/pmstage3-17-1024x769.jpg 1024w, https:\/\/www.skimo.at\/rennen\/files\/2026\/03\/pmstage3-17-300x225.jpg 300w, https:\/\/www.skimo.at\/rennen\/files\/2026\/03\/pmstage3-17-768x576.jpg 768w, https:\/\/www.skimo.at\/rennen\/files\/2026\/03\/pmstage3-17-1224x919.jpg 1224w, https:\/\/www.skimo.at\/rennen\/files\/2026\/03\/pmstage3-17-970x728.jpg 970w, https:\/\/www.skimo.at\/rennen\/files\/2026\/03\/pmstage3-17-554x416.jpg 554w, https:\/\/www.skimo.at\/rennen\/files\/2026\/03\/pmstage3-17-124x93.jpg 124w, https:\/\/www.skimo.at\/rennen\/files\/2026\/03\/pmstage3-17.jpg 1920w\" sizes=\"(max-width: 1024px) 100vw, 1024px\" \/><\/a><\/figure><\/li><li class=\"blocks-gallery-item\"><figure><a href=\"https:\/\/www.skimo.at\/rennen\/?attachment_id=308045\"><img loading=\"lazy\" width=\"1024\" height=\"769\" src=\"https:\/\/www.skimo.at\/rennen\/files\/2026\/03\/pmstage3-18-1024x769.jpg\" alt=\"\" data-id=\"308045\" data-full-url=\"https:\/\/www.skimo.at\/rennen\/files\/2026\/03\/pmstage3-18.jpg\" data-link=\"https:\/\/www.skimo.at\/rennen\/?attachment_id=308045\" class=\"wp-image-308045\" srcset=\"https:\/\/www.skimo.at\/rennen\/files\/2026\/03\/pmstage3-18-1024x769.jpg 1024w, https:\/\/www.skimo.at\/rennen\/files\/2026\/03\/pmstage3-18-300x225.jpg 300w, https:\/\/www.skimo.at\/rennen\/files\/2026\/03\/pmstage3-18-768x576.jpg 768w, https:\/\/www.skimo.at\/rennen\/files\/2026\/03\/pmstage3-18-1224x919.jpg 1224w, https:\/\/www.skimo.at\/rennen\/files\/2026\/03\/pmstage3-18-970x728.jpg 970w, https:\/\/www.skimo.at\/rennen\/files\/2026\/03\/pmstage3-18-554x416.jpg 554w, https:\/\/www.skimo.at\/rennen\/files\/2026\/03\/pmstage3-18-124x93.jpg 124w, https:\/\/www.skimo.at\/rennen\/files\/2026\/03\/pmstage3-18.jpg 1920w\" sizes=\"(max-width: 1024px) 100vw, 1024px\" \/><\/a><\/figure><\/li><li class=\"blocks-gallery-item\"><figure><a href=\"https:\/\/www.skimo.at\/rennen\/?attachment_id=308046\"><img loading=\"lazy\" width=\"769\" height=\"1024\" src=\"https:\/\/www.skimo.at\/rennen\/files\/2026\/03\/pmstage3-19-769x1024.jpg\" alt=\"\" data-id=\"308046\" data-full-url=\"https:\/\/www.skimo.at\/rennen\/files\/2026\/03\/pmstage3-19.jpg\" data-link=\"https:\/\/www.skimo.at\/rennen\/?attachment_id=308046\" class=\"wp-image-308046\" srcset=\"https:\/\/www.skimo.at\/rennen\/files\/2026\/03\/pmstage3-19-769x1024.jpg 769w, https:\/\/www.skimo.at\/rennen\/files\/2026\/03\/pmstage3-19-225x300.jpg 225w, https:\/\/www.skimo.at\/rennen\/files\/2026\/03\/pmstage3-19-768x1023.jpg 768w, https:\/\/www.skimo.at\/rennen\/files\/2026\/03\/pmstage3-19-1224x1631.jpg 1224w, https:\/\/www.skimo.at\/rennen\/files\/2026\/03\/pmstage3-19-970x1292.jpg 970w, https:\/\/www.skimo.at\/rennen\/files\/2026\/03\/pmstage3-19-554x738.jpg 554w, https:\/\/www.skimo.at\/rennen\/files\/2026\/03\/pmstage3-19-70x93.jpg 70w, https:\/\/www.skimo.at\/rennen\/files\/2026\/03\/pmstage3-19.jpg 1441w\" sizes=\"(max-width: 769px) 100vw, 769px\" \/><\/a><\/figure><\/li><li class=\"blocks-gallery-item\"><figure><a href=\"https:\/\/www.skimo.at\/rennen\/?attachment_id=308047\"><img loading=\"lazy\" width=\"1024\" height=\"769\" src=\"https:\/\/www.skimo.at\/rennen\/files\/2026\/03\/pmstage3-20-1024x769.jpg\" alt=\"\" data-id=\"308047\" data-full-url=\"https:\/\/www.skimo.at\/rennen\/files\/2026\/03\/pmstage3-20.jpg\" data-link=\"https:\/\/www.skimo.at\/rennen\/?attachment_id=308047\" class=\"wp-image-308047\" srcset=\"https:\/\/www.skimo.at\/rennen\/files\/2026\/03\/pmstage3-20-1024x769.jpg 1024w, https:\/\/www.skimo.at\/rennen\/files\/2026\/03\/pmstage3-20-300x225.jpg 300w, https:\/\/www.skimo.at\/rennen\/files\/2026\/03\/pmstage3-20-768x576.jpg 768w, https:\/\/www.skimo.at\/rennen\/files\/2026\/03\/pmstage3-20-1224x919.jpg 1224w, https:\/\/www.skimo.at\/rennen\/files\/2026\/03\/pmstage3-20-970x728.jpg 970w, https:\/\/www.skimo.at\/rennen\/files\/2026\/03\/pmstage3-20-554x416.jpg 554w, https:\/\/www.skimo.at\/rennen\/files\/2026\/03\/pmstage3-20-124x93.jpg 124w, https:\/\/www.skimo.at\/rennen\/files\/2026\/03\/pmstage3-20.jpg 1920w\" sizes=\"(max-width: 1024px) 100vw, 1024px\" \/><\/a><\/figure><\/li><li class=\"blocks-gallery-item\"><figure><a href=\"https:\/\/www.skimo.at\/rennen\/?attachment_id=308048\"><img loading=\"lazy\" width=\"1024\" height=\"769\" src=\"https:\/\/www.skimo.at\/rennen\/files\/2026\/03\/pmstage3-21-1024x769.jpg\" alt=\"\" data-id=\"308048\" data-full-url=\"https:\/\/www.skimo.at\/rennen\/files\/2026\/03\/pmstage3-21.jpg\" data-link=\"https:\/\/www.skimo.at\/rennen\/?attachment_id=308048\" class=\"wp-image-308048\" srcset=\"https:\/\/www.skimo.at\/rennen\/files\/2026\/03\/pmstage3-21-1024x769.jpg 1024w, https:\/\/www.skimo.at\/rennen\/files\/2026\/03\/pmstage3-21-300x225.jpg 300w, https:\/\/www.skimo.at\/rennen\/files\/2026\/03\/pmstage3-21-768x576.jpg 768w, https:\/\/www.skimo.at\/rennen\/files\/2026\/03\/pmstage3-21-1224x919.jpg 1224w, https:\/\/www.skimo.at\/rennen\/files\/2026\/03\/pmstage3-21-970x728.jpg 970w, https:\/\/www.skimo.at\/rennen\/files\/2026\/03\/pmstage3-21-554x416.jpg 554w, https:\/\/www.skimo.at\/rennen\/files\/2026\/03\/pmstage3-21-124x93.jpg 124w, https:\/\/www.skimo.at\/rennen\/files\/2026\/03\/pmstage3-21.jpg 1920w\" sizes=\"(max-width: 1024px) 100vw, 1024px\" \/><\/a><\/figure><\/li><li class=\"blocks-gallery-item\"><figure><a href=\"https:\/\/www.skimo.at\/rennen\/?attachment_id=308049\"><img loading=\"lazy\" width=\"1024\" height=\"769\" src=\"https:\/\/www.skimo.at\/rennen\/files\/2026\/03\/pmstage3-22-1024x769.jpg\" alt=\"\" data-id=\"308049\" data-full-url=\"https:\/\/www.skimo.at\/rennen\/files\/2026\/03\/pmstage3-22.jpg\" data-link=\"https:\/\/www.skimo.at\/rennen\/?attachment_id=308049\" class=\"wp-image-308049\" srcset=\"https:\/\/www.skimo.at\/rennen\/files\/2026\/03\/pmstage3-22-1024x769.jpg 1024w, https:\/\/www.skimo.at\/rennen\/files\/2026\/03\/pmstage3-22-300x225.jpg 300w, https:\/\/www.skimo.at\/rennen\/files\/2026\/03\/pmstage3-22-768x576.jpg 768w, https:\/\/www.skimo.at\/rennen\/files\/2026\/03\/pmstage3-22-1224x919.jpg 1224w, https:\/\/www.skimo.at\/rennen\/files\/2026\/03\/pmstage3-22-970x728.jpg 970w, https:\/\/www.skimo.at\/rennen\/files\/2026\/03\/pmstage3-22-554x416.jpg 554w, https:\/\/www.skimo.at\/rennen\/files\/2026\/03\/pmstage3-22-124x93.jpg 124w, https:\/\/www.skimo.at\/rennen\/files\/2026\/03\/pmstage3-22.jpg 1920w\" sizes=\"(max-width: 1024px) 100vw, 1024px\" \/><\/a><\/figure><\/li><li class=\"blocks-gallery-item\"><figure><a href=\"https:\/\/www.skimo.at\/rennen\/?attachment_id=308050\"><img loading=\"lazy\" width=\"1024\" height=\"769\" src=\"https:\/\/www.skimo.at\/rennen\/files\/2026\/03\/pmstage3-23-1024x769.jpg\" alt=\"\" data-id=\"308050\" data-full-url=\"https:\/\/www.skimo.at\/rennen\/files\/2026\/03\/pmstage3-23.jpg\" data-link=\"https:\/\/www.skimo.at\/rennen\/?attachment_id=308050\" class=\"wp-image-308050\" srcset=\"https:\/\/www.skimo.at\/rennen\/files\/2026\/03\/pmstage3-23-1024x769.jpg 1024w, https:\/\/www.skimo.at\/rennen\/files\/2026\/03\/pmstage3-23-300x225.jpg 300w, https:\/\/www.skimo.at\/rennen\/files\/2026\/03\/pmstage3-23-768x576.jpg 768w, https:\/\/www.skimo.at\/rennen\/files\/2026\/03\/pmstage3-23-1224x919.jpg 1224w, https:\/\/www.skimo.at\/rennen\/files\/2026\/03\/pmstage3-23-970x728.jpg 970w, https:\/\/www.skimo.at\/rennen\/files\/2026\/03\/pmstage3-23-554x416.jpg 554w, https:\/\/www.skimo.at\/rennen\/files\/2026\/03\/pmstage3-23-124x93.jpg 124w, https:\/\/www.skimo.at\/rennen\/files\/2026\/03\/pmstage3-23.jpg 1920w\" sizes=\"(max-width: 1024px) 100vw, 1024px\" \/><\/a><\/figure><\/li><li class=\"blocks-gallery-item\"><figure><a href=\"https:\/\/www.skimo.at\/rennen\/?attachment_id=308051\"><img loading=\"lazy\" width=\"1024\" height=\"769\" src=\"https:\/\/www.skimo.at\/rennen\/files\/2026\/03\/pmstage3-24-1024x769.jpg\" alt=\"\" data-id=\"308051\" data-full-url=\"https:\/\/www.skimo.at\/rennen\/files\/2026\/03\/pmstage3-24.jpg\" data-link=\"https:\/\/www.skimo.at\/rennen\/?attachment_id=308051\" class=\"wp-image-308051\" srcset=\"https:\/\/www.skimo.at\/rennen\/files\/2026\/03\/pmstage3-24-1024x769.jpg 1024w, https:\/\/www.skimo.at\/rennen\/files\/2026\/03\/pmstage3-24-300x225.jpg 300w, https:\/\/www.skimo.at\/rennen\/files\/2026\/03\/pmstage3-24-768x576.jpg 768w, https:\/\/www.skimo.at\/rennen\/files\/2026\/03\/pmstage3-24-1224x919.jpg 1224w, https:\/\/www.skimo.at\/rennen\/files\/2026\/03\/pmstage3-24-970x728.jpg 970w, https:\/\/www.skimo.at\/rennen\/files\/2026\/03\/pmstage3-24-554x416.jpg 554w, https:\/\/www.skimo.at\/rennen\/files\/2026\/03\/pmstage3-24-124x93.jpg 124w, https:\/\/www.skimo.at\/rennen\/files\/2026\/03\/pmstage3-24.jpg 1920w\" sizes=\"(max-width: 1024px) 100vw, 1024px\" \/><\/a><\/figure><\/li><li class=\"blocks-gallery-item\"><figure><a href=\"https:\/\/www.skimo.at\/rennen\/?attachment_id=308052\"><img loading=\"lazy\" width=\"1024\" height=\"769\" src=\"https:\/\/www.skimo.at\/rennen\/files\/2026\/03\/pmstage3-25-1024x769.jpg\" alt=\"\" data-id=\"308052\" data-full-url=\"https:\/\/www.skimo.at\/rennen\/files\/2026\/03\/pmstage3-25.jpg\" data-link=\"https:\/\/www.skimo.at\/rennen\/?attachment_id=308052\" class=\"wp-image-308052\" srcset=\"https:\/\/www.skimo.at\/rennen\/files\/2026\/03\/pmstage3-25-1024x769.jpg 1024w, https:\/\/www.skimo.at\/rennen\/files\/2026\/03\/pmstage3-25-300x225.jpg 300w, https:\/\/www.skimo.at\/rennen\/files\/2026\/03\/pmstage3-25-768x576.jpg 768w, https:\/\/www.skimo.at\/rennen\/files\/2026\/03\/pmstage3-25-1224x919.jpg 1224w, https:\/\/www.skimo.at\/rennen\/files\/2026\/03\/pmstage3-25-970x728.jpg 970w, https:\/\/www.skimo.at\/rennen\/files\/2026\/03\/pmstage3-25-554x416.jpg 554w, https:\/\/www.skimo.at\/rennen\/files\/2026\/03\/pmstage3-25-124x93.jpg 124w, https:\/\/www.skimo.at\/rennen\/files\/2026\/03\/pmstage3-25.jpg 1920w\" sizes=\"(max-width: 1024px) 100vw, 1024px\" \/><\/a><\/figure><\/li><li class=\"blocks-gallery-item\"><figure><a href=\"https:\/\/www.skimo.at\/rennen\/?attachment_id=308053\"><img loading=\"lazy\" width=\"1024\" height=\"769\" src=\"https:\/\/www.skimo.at\/rennen\/files\/2026\/03\/pmstage3-26-1024x769.jpg\" alt=\"\" data-id=\"308053\" data-full-url=\"https:\/\/www.skimo.at\/rennen\/files\/2026\/03\/pmstage3-26.jpg\" data-link=\"https:\/\/www.skimo.at\/rennen\/?attachment_id=308053\" class=\"wp-image-308053\" srcset=\"https:\/\/www.skimo.at\/rennen\/files\/2026\/03\/pmstage3-26-1024x769.jpg 1024w, https:\/\/www.skimo.at\/rennen\/files\/2026\/03\/pmstage3-26-300x225.jpg 300w, https:\/\/www.skimo.at\/rennen\/files\/2026\/03\/pmstage3-26-768x576.jpg 768w, https:\/\/www.skimo.at\/rennen\/files\/2026\/03\/pmstage3-26-1224x919.jpg 1224w, https:\/\/www.skimo.at\/rennen\/files\/2026\/03\/pmstage3-26-970x728.jpg 970w, https:\/\/www.skimo.at\/rennen\/files\/2026\/03\/pmstage3-26-554x416.jpg 554w, https:\/\/www.skimo.at\/rennen\/files\/2026\/03\/pmstage3-26-124x93.jpg 124w, https:\/\/www.skimo.at\/rennen\/files\/2026\/03\/pmstage3-26.jpg 1920w\" sizes=\"(max-width: 1024px) 100vw, 1024px\" \/><\/a><\/figure><\/li><li class=\"blocks-gallery-item\"><figure><a href=\"https:\/\/www.skimo.at\/rennen\/?attachment_id=308054\"><img loading=\"lazy\" width=\"1024\" height=\"769\" src=\"https:\/\/www.skimo.at\/rennen\/files\/2026\/03\/pmstage3-27-1024x769.jpg\" alt=\"\" data-id=\"308054\" data-full-url=\"https:\/\/www.skimo.at\/rennen\/files\/2026\/03\/pmstage3-27.jpg\" data-link=\"https:\/\/www.skimo.at\/rennen\/?attachment_id=308054\" class=\"wp-image-308054\" srcset=\"https:\/\/www.skimo.at\/rennen\/files\/2026\/03\/pmstage3-27-1024x769.jpg 1024w, https:\/\/www.skimo.at\/rennen\/files\/2026\/03\/pmstage3-27-300x225.jpg 300w, https:\/\/www.skimo.at\/rennen\/files\/2026\/03\/pmstage3-27-768x576.jpg 768w, https:\/\/www.skimo.at\/rennen\/files\/2026\/03\/pmstage3-27-1224x919.jpg 1224w, https:\/\/www.skimo.at\/rennen\/files\/2026\/03\/pmstage3-27-970x728.jpg 970w, https:\/\/www.skimo.at\/rennen\/files\/2026\/03\/pmstage3-27-554x416.jpg 554w, https:\/\/www.skimo.at\/rennen\/files\/2026\/03\/pmstage3-27-124x93.jpg 124w, https:\/\/www.skimo.at\/rennen\/files\/2026\/03\/pmstage3-27.jpg 1920w\" sizes=\"(max-width: 1024px) 100vw, 1024px\" \/><\/a><\/figure><\/li><li class=\"blocks-gallery-item\"><figure><a href=\"https:\/\/www.skimo.at\/rennen\/?attachment_id=308055\"><img loading=\"lazy\" width=\"1024\" height=\"769\" src=\"https:\/\/www.skimo.at\/rennen\/files\/2026\/03\/pmstage3-28-1024x769.jpg\" alt=\"\" data-id=\"308055\" data-full-url=\"https:\/\/www.skimo.at\/rennen\/files\/2026\/03\/pmstage3-28.jpg\" data-link=\"https:\/\/www.skimo.at\/rennen\/?attachment_id=308055\" class=\"wp-image-308055\" srcset=\"https:\/\/www.skimo.at\/rennen\/files\/2026\/03\/pmstage3-28-1024x769.jpg 1024w, https:\/\/www.skimo.at\/rennen\/files\/2026\/03\/pmstage3-28-300x225.jpg 300w, https:\/\/www.skimo.at\/rennen\/files\/2026\/03\/pmstage3-28-768x576.jpg 768w, https:\/\/www.skimo.at\/rennen\/files\/2026\/03\/pmstage3-28-1224x919.jpg 1224w, https:\/\/www.skimo.at\/rennen\/files\/2026\/03\/pmstage3-28-970x728.jpg 970w, https:\/\/www.skimo.at\/rennen\/files\/2026\/03\/pmstage3-28-554x416.jpg 554w, https:\/\/www.skimo.at\/rennen\/files\/2026\/03\/pmstage3-28-124x93.jpg 124w, https:\/\/www.skimo.at\/rennen\/files\/2026\/03\/pmstage3-28.jpg 1920w\" sizes=\"(max-width: 1024px) 100vw, 1024px\" \/><\/a><\/figure><\/li><li class=\"blocks-gallery-item\"><figure><a href=\"https:\/\/www.skimo.at\/rennen\/?attachment_id=308056\"><img loading=\"lazy\" width=\"1024\" height=\"769\" src=\"https:\/\/www.skimo.at\/rennen\/files\/2026\/03\/pmstage3-29-1024x769.jpg\" alt=\"\" data-id=\"308056\" data-full-url=\"https:\/\/www.skimo.at\/rennen\/files\/2026\/03\/pmstage3-29.jpg\" data-link=\"https:\/\/www.skimo.at\/rennen\/?attachment_id=308056\" class=\"wp-image-308056\" srcset=\"https:\/\/www.skimo.at\/rennen\/files\/2026\/03\/pmstage3-29-1024x769.jpg 1024w, https:\/\/www.skimo.at\/rennen\/files\/2026\/03\/pmstage3-29-300x225.jpg 300w, https:\/\/www.skimo.at\/rennen\/files\/2026\/03\/pmstage3-29-768x576.jpg 768w, https:\/\/www.skimo.at\/rennen\/files\/2026\/03\/pmstage3-29-1224x919.jpg 1224w, https:\/\/www.skimo.at\/rennen\/files\/2026\/03\/pmstage3-29-970x728.jpg 970w, https:\/\/www.skimo.at\/rennen\/files\/2026\/03\/pmstage3-29-554x416.jpg 554w, https:\/\/www.skimo.at\/rennen\/files\/2026\/03\/pmstage3-29-124x93.jpg 124w, https:\/\/www.skimo.at\/rennen\/files\/2026\/03\/pmstage3-29.jpg 1920w\" sizes=\"(max-width: 1024px) 100vw, 1024px\" \/><\/a><\/figure><\/li><li class=\"blocks-gallery-item\"><figure><a href=\"https:\/\/www.skimo.at\/rennen\/?attachment_id=308057\"><img loading=\"lazy\" width=\"1024\" height=\"769\" src=\"https:\/\/www.skimo.at\/rennen\/files\/2026\/03\/pmstage3-30-1024x769.jpg\" alt=\"\" data-id=\"308057\" data-full-url=\"https:\/\/www.skimo.at\/rennen\/files\/2026\/03\/pmstage3-30.jpg\" data-link=\"https:\/\/www.skimo.at\/rennen\/?attachment_id=308057\" class=\"wp-image-308057\" srcset=\"https:\/\/www.skimo.at\/rennen\/files\/2026\/03\/pmstage3-30-1024x769.jpg 1024w, https:\/\/www.skimo.at\/rennen\/files\/2026\/03\/pmstage3-30-300x225.jpg 300w, https:\/\/www.skimo.at\/rennen\/files\/2026\/03\/pmstage3-30-768x576.jpg 768w, https:\/\/www.skimo.at\/rennen\/files\/2026\/03\/pmstage3-30-1224x919.jpg 1224w, https:\/\/www.skimo.at\/rennen\/files\/2026\/03\/pmstage3-30-970x728.jpg 970w, https:\/\/www.skimo.at\/rennen\/files\/2026\/03\/pmstage3-30-554x416.jpg 554w, https:\/\/www.skimo.at\/rennen\/files\/2026\/03\/pmstage3-30-124x93.jpg 124w, https:\/\/www.skimo.at\/rennen\/files\/2026\/03\/pmstage3-30.jpg 1920w\" sizes=\"(max-width: 1024px) 100vw, 1024px\" \/><\/a><\/figure><\/li><li class=\"blocks-gallery-item\"><figure><a href=\"https:\/\/www.skimo.at\/rennen\/?attachment_id=308058\"><img loading=\"lazy\" width=\"1024\" height=\"769\" src=\"https:\/\/www.skimo.at\/rennen\/files\/2026\/03\/pmstage3-31-1024x769.jpg\" alt=\"\" data-id=\"308058\" data-full-url=\"https:\/\/www.skimo.at\/rennen\/files\/2026\/03\/pmstage3-31.jpg\" data-link=\"https:\/\/www.skimo.at\/rennen\/?attachment_id=308058\" class=\"wp-image-308058\" srcset=\"https:\/\/www.skimo.at\/rennen\/files\/2026\/03\/pmstage3-31-1024x769.jpg 1024w, https:\/\/www.skimo.at\/rennen\/files\/2026\/03\/pmstage3-31-300x225.jpg 300w, https:\/\/www.skimo.at\/rennen\/files\/2026\/03\/pmstage3-31-768x576.jpg 768w, https:\/\/www.skimo.at\/rennen\/files\/2026\/03\/pmstage3-31-1224x919.jpg 1224w, https:\/\/www.skimo.at\/rennen\/files\/2026\/03\/pmstage3-31-970x728.jpg 970w, https:\/\/www.skimo.at\/rennen\/files\/2026\/03\/pmstage3-31-554x416.jpg 554w, https:\/\/www.skimo.at\/rennen\/files\/2026\/03\/pmstage3-31-124x93.jpg 124w, https:\/\/www.skimo.at\/rennen\/files\/2026\/03\/pmstage3-31.jpg 1920w\" sizes=\"(max-width: 1024px) 100vw, 1024px\" \/><\/a><\/figure><\/li><li class=\"blocks-gallery-item\"><figure><a href=\"https:\/\/www.skimo.at\/rennen\/?attachment_id=308059\"><img loading=\"lazy\" width=\"769\" height=\"1024\" src=\"https:\/\/www.skimo.at\/rennen\/files\/2026\/03\/pmstage3-32-769x1024.jpg\" alt=\"\" data-id=\"308059\" data-full-url=\"https:\/\/www.skimo.at\/rennen\/files\/2026\/03\/pmstage3-32.jpg\" data-link=\"https:\/\/www.skimo.at\/rennen\/?attachment_id=308059\" class=\"wp-image-308059\" srcset=\"https:\/\/www.skimo.at\/rennen\/files\/2026\/03\/pmstage3-32-769x1024.jpg 769w, https:\/\/www.skimo.at\/rennen\/files\/2026\/03\/pmstage3-32-225x300.jpg 225w, https:\/\/www.skimo.at\/rennen\/files\/2026\/03\/pmstage3-32-768x1023.jpg 768w, https:\/\/www.skimo.at\/rennen\/files\/2026\/03\/pmstage3-32-1224x1631.jpg 1224w, https:\/\/www.skimo.at\/rennen\/files\/2026\/03\/pmstage3-32-970x1292.jpg 970w, https:\/\/www.skimo.at\/rennen\/files\/2026\/03\/pmstage3-32-554x738.jpg 554w, https:\/\/www.skimo.at\/rennen\/files\/2026\/03\/pmstage3-32-70x93.jpg 70w, https:\/\/www.skimo.at\/rennen\/files\/2026\/03\/pmstage3-32.jpg 1441w\" sizes=\"(max-width: 769px) 100vw, 769px\" \/><\/a><\/figure><\/li><li class=\"blocks-gallery-item\"><figure><a href=\"https:\/\/www.skimo.at\/rennen\/?attachment_id=308060\"><img loading=\"lazy\" width=\"1024\" height=\"769\" src=\"https:\/\/www.skimo.at\/rennen\/files\/2026\/03\/pmstage3-33-1024x769.jpg\" alt=\"\" data-id=\"308060\" data-full-url=\"https:\/\/www.skimo.at\/rennen\/files\/2026\/03\/pmstage3-33.jpg\" data-link=\"https:\/\/www.skimo.at\/rennen\/?attachment_id=308060\" class=\"wp-image-308060\" srcset=\"https:\/\/www.skimo.at\/rennen\/files\/2026\/03\/pmstage3-33-1024x769.jpg 1024w, https:\/\/www.skimo.at\/rennen\/files\/2026\/03\/pmstage3-33-300x225.jpg 300w, https:\/\/www.skimo.at\/rennen\/files\/2026\/03\/pmstage3-33-768x576.jpg 768w, https:\/\/www.skimo.at\/rennen\/files\/2026\/03\/pmstage3-33-1224x919.jpg 1224w, https:\/\/www.skimo.at\/rennen\/files\/2026\/03\/pmstage3-33-970x728.jpg 970w, https:\/\/www.skimo.at\/rennen\/files\/2026\/03\/pmstage3-33-554x416.jpg 554w, https:\/\/www.skimo.at\/rennen\/files\/2026\/03\/pmstage3-33-124x93.jpg 124w, https:\/\/www.skimo.at\/rennen\/files\/2026\/03\/pmstage3-33.jpg 1920w\" sizes=\"(max-width: 1024px) 100vw, 1024px\" \/><\/a><\/figure><\/li><\/ul><\/figure>\n","protected":false},"excerpt":{"rendered":"<p>Die dritte Etappe der Pierra Menta fand an einem spektakul\u00e4ren sonnigen Freitag in den Bergen des Beaufortain statt. Sie war eine der anspruchsvollsten Etappen des Rennens mit rund 2.850 H\u00f6henmetern im Aufstieg, gekr\u00f6nt vom legend\u00e4ren Anstieg \u00fcber den S\u00fcdgrat des Grand Mont, wo sich jedes Jahr Hunderte Zuschauer versammeln, um die Athletinnen und Athleten vor [&hellip;]<\/p>\n","protected":false},"author":3,"featured_media":308039,"comment_status":"closed","ping_status":"closed","sticky":false,"template":"","format":"standard","meta":[],"categories":[1,3],"tags":[],"yoast_head":"<!-- This site is optimized with the Yoast SEO plugin v16.3 - https:\/\/yoast.com\/wordpress\/plugins\/seo\/ -->\n<title>Epische Atmosph\u00e4re am Grand Mont: Franz\u00f6sische Teams (Harrop &amp; Ravinel sowie Bon Mardion &amp; Gachet) gl\u00e4nzen in Etappe 3 - Rennen<\/title>\n<meta name=\"robots\" content=\"index, follow, max-snippet:-1, max-image-preview:large, max-video-preview:-1\" \/>\n<link rel=\"canonical\" href=\"https:\/\/www.skimo.at\/rennen\/308026\/epische-atmosphaere-am-grand-mont-franzoesische-teams-harrop-ravinel-sowie-bon-mardion-gachet-glaenzen-in-etappe-3\/\" \/>\n<meta property=\"og:locale\" content=\"de_DE\" \/>\n<meta property=\"og:type\" content=\"article\" \/>\n<meta property=\"og:title\" content=\"Epische Atmosph\u00e4re am Grand Mont: Franz\u00f6sische Teams (Harrop &amp; Ravinel sowie Bon Mardion &amp; Gachet) gl\u00e4nzen in Etappe 3 - Rennen\" \/>\n<meta property=\"og:description\" content=\"Die dritte Etappe der Pierra Menta fand an einem spektakul\u00e4ren sonnigen Freitag in den Bergen des Beaufortain statt. Sie war eine der anspruchsvollsten Etappen des Rennens mit rund 2.850 H\u00f6henmetern im Aufstieg, gekr\u00f6nt vom legend\u00e4ren Anstieg \u00fcber den S\u00fcdgrat des Grand Mont, wo sich jedes Jahr Hunderte Zuschauer versammeln, um die Athletinnen und Athleten vor [&hellip;]\" \/>\n<meta property=\"og:url\" content=\"https:\/\/www.skimo.at\/rennen\/308026\/epische-atmosphaere-am-grand-mont-franzoesische-teams-harrop-ravinel-sowie-bon-mardion-gachet-glaenzen-in-etappe-3\/\" \/>\n<meta property=\"og:site_name\" content=\"Rennen\" \/>\n<meta property=\"article:published_time\" content=\"2026-03-13T15:07:26+00:00\" \/>\n<meta property=\"og:image\" content=\"https:\/\/www.skimo.at\/rennen\/files\/2026\/03\/pmstage3-12.jpg\" \/>\n\t<meta property=\"og:image:width\" content=\"1920\" \/>\n\t<meta property=\"og:image:height\" content=\"1441\" \/>\n<meta name=\"twitter:card\" content=\"summary\" \/>\n<meta name=\"twitter:label1\" content=\"Gesch\u00e4tzte Lesezeit\">\n\t<meta name=\"twitter:data1\" content=\"11\u00a0Minuten\">\n<script type=\"application\/ld+json\" class=\"yoast-schema-graph\">{\"@context\":\"https:\/\/schema.org\",\"@graph\":[{\"@type\":\"WebSite\",\"@id\":\"https:\/\/skimo.73.jarolim.eu\/rennen\/#website\",\"url\":\"https:\/\/skimo.73.jarolim.eu\/rennen\/\",\"name\":\"Rennen\",\"description\":\"\",\"potentialAction\":[{\"@type\":\"SearchAction\",\"target\":\"https:\/\/skimo.73.jarolim.eu\/rennen\/?s={search_term_string}\",\"query-input\":\"required name=search_term_string\"}],\"inLanguage\":\"de\"},{\"@type\":\"ImageObject\",\"@id\":\"https:\/\/www.skimo.at\/rennen\/308026\/epische-atmosphaere-am-grand-mont-franzoesische-teams-harrop-ravinel-sowie-bon-mardion-gachet-glaenzen-in-etappe-3\/#primaryimage\",\"inLanguage\":\"de\",\"url\":\"https:\/\/www.skimo.at\/rennen\/files\/2026\/03\/pmstage3-12.jpg\",\"contentUrl\":\"https:\/\/www.skimo.at\/rennen\/files\/2026\/03\/pmstage3-12.jpg\",\"width\":1920,\"height\":1441},{\"@type\":\"WebPage\",\"@id\":\"https:\/\/www.skimo.at\/rennen\/308026\/epische-atmosphaere-am-grand-mont-franzoesische-teams-harrop-ravinel-sowie-bon-mardion-gachet-glaenzen-in-etappe-3\/#webpage\",\"url\":\"https:\/\/www.skimo.at\/rennen\/308026\/epische-atmosphaere-am-grand-mont-franzoesische-teams-harrop-ravinel-sowie-bon-mardion-gachet-glaenzen-in-etappe-3\/\",\"name\":\"Epische Atmosph\\u00e4re am Grand Mont: Franz\\u00f6sische Teams (Harrop &amp; Ravinel sowie Bon Mardion &amp; Gachet) gl\\u00e4nzen in Etappe 3 - Rennen\",\"isPartOf\":{\"@id\":\"https:\/\/skimo.73.jarolim.eu\/rennen\/#website\"},\"primaryImageOfPage\":{\"@id\":\"https:\/\/www.skimo.at\/rennen\/308026\/epische-atmosphaere-am-grand-mont-franzoesische-teams-harrop-ravinel-sowie-bon-mardion-gachet-glaenzen-in-etappe-3\/#primaryimage\"},\"datePublished\":\"2026-03-13T15:07:26+00:00\",\"dateModified\":\"2026-03-13T15:07:26+00:00\",\"author\":{\"@id\":\"https:\/\/skimo.73.jarolim.eu\/rennen\/#\/schema\/person\/796ecbce6796efca58bf848ca63ec12c\"},\"breadcrumb\":{\"@id\":\"https:\/\/www.skimo.at\/rennen\/308026\/epische-atmosphaere-am-grand-mont-franzoesische-teams-harrop-ravinel-sowie-bon-mardion-gachet-glaenzen-in-etappe-3\/#breadcrumb\"},\"inLanguage\":\"de\",\"potentialAction\":[{\"@type\":\"ReadAction\",\"target\":[\"https:\/\/www.skimo.at\/rennen\/308026\/epische-atmosphaere-am-grand-mont-franzoesische-teams-harrop-ravinel-sowie-bon-mardion-gachet-glaenzen-in-etappe-3\/\"]}]},{\"@type\":\"BreadcrumbList\",\"@id\":\"https:\/\/www.skimo.at\/rennen\/308026\/epische-atmosphaere-am-grand-mont-franzoesische-teams-harrop-ravinel-sowie-bon-mardion-gachet-glaenzen-in-etappe-3\/#breadcrumb\",\"itemListElement\":[{\"@type\":\"ListItem\",\"position\":1,\"item\":{\"@type\":\"WebPage\",\"@id\":\"https:\/\/skimo.73.jarolim.eu\/rennen\/\",\"url\":\"https:\/\/skimo.73.jarolim.eu\/rennen\/\",\"name\":\"Home\"}},{\"@type\":\"ListItem\",\"position\":2,\"item\":{\"@id\":\"https:\/\/www.skimo.at\/rennen\/308026\/epische-atmosphaere-am-grand-mont-franzoesische-teams-harrop-ravinel-sowie-bon-mardion-gachet-glaenzen-in-etappe-3\/#webpage\"}}]},{\"@type\":\"Person\",\"@id\":\"https:\/\/skimo.73.jarolim.eu\/rennen\/#\/schema\/person\/796ecbce6796efca58bf848ca63ec12c\",\"name\":\"kposch\",\"image\":{\"@type\":\"ImageObject\",\"@id\":\"https:\/\/skimo.73.jarolim.eu\/rennen\/#personlogo\",\"inLanguage\":\"de\",\"url\":\"https:\/\/secure.gravatar.com\/avatar\/e9f5f28da60e5e563d3f4d3cc0b9b425?s=96&r=g\",\"contentUrl\":\"https:\/\/secure.gravatar.com\/avatar\/e9f5f28da60e5e563d3f4d3cc0b9b425?s=96&r=g\",\"caption\":\"kposch\"},\"url\":\"https:\/\/www.skimo.at\/rennen\/author\/kposch\/\"}]}<\/script>\n<!-- \/ Yoast SEO plugin. -->","_links":{"self":[{"href":"https:\/\/www.skimo.at\/rennen\/wp-json\/wp\/v2\/posts\/308026"}],"collection":[{"href":"https:\/\/www.skimo.at\/rennen\/wp-json\/wp\/v2\/posts"}],"about":[{"href":"https:\/\/www.skimo.at\/rennen\/wp-json\/wp\/v2\/types\/post"}],"author":[{"embeddable":true,"href":"https:\/\/www.skimo.at\/rennen\/wp-json\/wp\/v2\/users\/3"}],"replies":[{"embeddable":true,"href":"https:\/\/www.skimo.at\/rennen\/wp-json\/wp\/v2\/comments?post=308026"}],"version-history":[{"count":1,"href":"https:\/\/www.skimo.at\/rennen\/wp-json\/wp\/v2\/posts\/308026\/revisions"}],"predecessor-version":[{"id":308061,"href":"https:\/\/www.skimo.at\/rennen\/wp-json\/wp\/v2\/posts\/308026\/revisions\/308061"}],"wp:featuredmedia":[{"embeddable":true,"href":"https:\/\/www.skimo.at\/rennen\/wp-json\/wp\/v2\/media\/308039"}],"wp:attachment":[{"href":"https:\/\/www.skimo.at\/rennen\/wp-json\/wp\/v2\/media?parent=308026"}],"wp:term":[{"taxonomy":"category","embeddable":true,"href":"https:\/\/www.skimo.at\/rennen\/wp-json\/wp\/v2\/categories?post=308026"},{"taxonomy":"post_tag","embeddable":true,"href":"https:\/\/www.skimo.at\/rennen\/wp-json\/wp\/v2\/tags?post=308026"}],"curies":[{"name":"wp","href":"https:\/\/api.w.org\/{rel}","templated":true}]}}