{"id":307789,"date":"2026-03-05T15:38:35","date_gmt":"2026-03-05T13:38:35","guid":{"rendered":"https:\/\/www.skimo.at\/rennen\/?p=307789"},"modified":"2026-03-06T19:29:06","modified_gmt":"2026-03-06T17:29:06","slug":"achensee-xtreme-2026-individualrennen-am-7-3-2026-als-kroenender-abschluss-des-skimo-alpencups","status":"publish","type":"post","link":"https:\/\/www.skimo.at\/rennen\/307789\/achensee-xtreme-2026-individualrennen-am-7-3-2026-als-kroenender-abschluss-des-skimo-alpencups\/","title":{"rendered":"Achensee Xtreme 2026: Individualrennen am 7.3.2026 als kr\u00f6nender Abschluss des SKIMO Alpencups"},"content":{"rendered":"\n<p>Am 7. M\u00e4rz 2026 wird das Achensee Xtreme im Rofangebirge zum sportlichen H\u00f6hepunkt des Skitourenwinters. Aufgrund der anhaltenden Altschnee-Problematik musste das urspr\u00fcnglich geplante Vertical-Rennen abgesagt werden. Das Individualrennen wird in angepasster und verk\u00fcrzter Form im gesicherten Skiraum durchgef\u00fchrt \u2013 und steht damit klar im Mittelpunkt des Veranstaltungstags.<\/p>\n\n\n\n<p>Gleichzeitig bildet das Rennen das gro\u00dfe Finale des SKIMO Alpencup promoted by SkimoStats und verspricht damit zus\u00e4tzliche Spannung im Kampf um die Gesamtwertung.<\/p>\n\n\n\n<p><strong>Fokus auf ein hochwertiges Individualrennen<\/strong><\/p>\n\n\n\n<p>Sicherheit und faire Bedingungen stehen f\u00fcr das Organisationsteam an oberster Stelle. Nach sorgf\u00e4ltiger Bewertung der aktuellen Schneesituation fiel die Entscheidung, die Kr\u00e4fte zu b\u00fcndeln und ein sportlich anspruchsvolles Individualrennen auf h\u00f6chstem Niveau zu garantieren.<\/p>\n\n\n\n<p>Die \u00fcberarbeitete Strecke f\u00fchrt durch den gesicherten Skiraum im Bereich der Bergstation der Rofan Seilbahn. Sie kombiniert selektive Anstiege im alpinen Gel\u00e4nde mit technisch fordernden Passagen, Trageabschnitten sowie einer Abfahrt mit Richtungstoren. Trotz verk\u00fcrzter Distanz bleibt der Charakter des Rennens erhalten: intensiv, technisch anspruchsvoll und konditionell fordernd \u2013 ganz im Sinne des klassischen Skibergsteigens.<\/p>\n\n\n\n<p>Rennchef Benjamin Neuner vom WSV Jenbach betont:<\/p>\n\n\n\n<p><em>\u201eWir setzen alles daran, einen Top-Tag im Rofan auf die Beine zu stellen. Deshalb haben wir uns entschieden, den Fokus klar auf das Individualrennen zu legen. Als Finale des SKIMO Alpencups bekommt das Rennen heuer noch einmal zus\u00e4tzliche sportliche Bedeutung\u201c<\/em><\/p>\n\n\n\n<p><strong>Alpiner Charakter vor eindrucksvoller Kulisse<\/strong><\/p>\n\n\n\n<p>Auch mit angepasster Streckenf\u00fchrung bleibt das Rofangebirge oberhalb des Achensee die imposante B\u00fchne f\u00fcr packende Wettk\u00e4mpfe. Technisch anspruchsvolle Anstiege, selektive Passagen und die einzigartige Bergkulisse garantieren ein intensives Rennerlebnis \u2013 f\u00fcr Eliteathletinnen und -athleten ebenso wie f\u00fcr ambitionierte Hobbysportler.<\/p>\n\n\n\n<p>Durch die kompakte Organisation an einem Tag entsteht ein klar strukturierter und zuschauerfreundlicher Rennablauf. Gro\u00dfe Teile der Strecke sind vom Start- und Zielgel\u00e4nde aus einsehbar. Ab 8.30 Uhr ist die Auffahrt mit der Rofan Seilbahn m\u00f6glich, alternativ kann der Aufstieg auch zu Fu\u00df erfolgen.<\/p>\n\n\n\n<p><strong>SKIMO Alpencup-Finale mit Spannungsgarantie<\/strong><\/p>\n\n\n\n<p>Als abschlie\u00dfende Station des SKIMO Alpencups entscheidet sich am Achensee die Gesamtwertung der internationalen Rennserie. Entsprechend hoch ist die sportliche Brisanz: Wertvolle Punkte stehen auf dem Spiel, Favoritinnen und Favoriten m\u00fcssen nochmals ihre gesamte Klasse abrufen. Das Individualrennen wird damit zum w\u00fcrdigen Saisonfinale und sportlichen H\u00f6hepunkt des Winters 2025\/26.<\/p>\n\n\n\n<p><strong>Breitensport und Nachwuchs weiterhin fix im Programm<\/strong><\/p>\n\n\n\n<p>Unver\u00e4ndert Teil des Eventtages bleiben der \u201eAchenseer Skitourenspa\u00df im Rofan\u201c sowie der Achensee Kinderbewerb. W\u00e4hrend beim Skitourenspa\u00df in Dreier-Teams die Ann\u00e4herung an eine geheime Zielzeit im Vordergrund steht, sammeln junge Skitourenfans beim Kinderbewerb spielerisch erste Wettkampferfahrungen \u2013 ganz im Sinne des olympischen Gedankens \u201eDabei sein ist alles\u201c.<\/p>\n\n\n\n<p><strong>Programm \u2013 7. M\u00e4rz 2026<\/strong><\/p>\n\n\n\n<ul><li><strong>Achensee Xtreme Individual Race<\/strong> \u2013 Start 15.00 Uhr<\/li><li><strong>Achenseer Skitourenspa\u00df im Rofan<\/strong> \u2013 10.30 Uhr<\/li><li><strong>Achensee Kinderbewerb<\/strong> \u2013 12.30 Uhr<\/li><\/ul>\n\n\n\n<p>Weitere Informationen und Anmeldung unter: <a href=\"http:\/\/www.achensee.com\/\">www.achensee.com<\/a><\/p>\n\n\n\n<p>Mit der klaren Fokussierung auf ein qualitativ hochwertiges Individualrennen setzt das Achensee Xtreme 2026 ein starkes Zeichen f\u00fcr Professionalit\u00e4t, Sicherheit und sportliche Exzellenz \u2013 und bietet dem SKIMO Alpencup einen w\u00fcrdigen und spannenden Saisonabschluss.<\/p>\n\n\n\n<p><strong>Anmeldung &amp; Informationen<br><\/strong>Details zu Zeitplan, und Anmeldung sind online abrufbar: <a href=\"http:\/\/www.achensee.com\">www.achensee.com<\/a><\/p>\n","protected":false},"excerpt":{"rendered":"<p>Am 7. M\u00e4rz 2026 wird das Achensee Xtreme im Rofangebirge zum sportlichen H\u00f6hepunkt des Skitourenwinters. Aufgrund der anhaltenden Altschnee-Problematik musste das urspr\u00fcnglich geplante Vertical-Rennen abgesagt werden. Das Individualrennen wird in angepasster und verk\u00fcrzter Form im gesicherten Skiraum durchgef\u00fchrt \u2013 und steht damit klar im Mittelpunkt des Veranstaltungstags. Gleichzeitig bildet das Rennen das gro\u00dfe Finale des [&hellip;]<\/p>\n","protected":false},"author":3,"featured_media":0,"comment_status":"closed","ping_status":"closed","sticky":false,"template":"","format":"standard","meta":[],"categories":[1,9,3],"tags":[],"yoast_head":"<!-- This site is optimized with the Yoast SEO plugin v16.3 - https:\/\/yoast.com\/wordpress\/plugins\/seo\/ -->\n<title>Achensee Xtreme 2026: Individualrennen am 7.3.2026 als kr\u00f6nender Abschluss des SKIMO Alpencups - Rennen<\/title>\n<meta name=\"robots\" content=\"index, follow, max-snippet:-1, max-image-preview:large, max-video-preview:-1\" \/>\n<link rel=\"canonical\" href=\"https:\/\/www.skimo.at\/rennen\/307789\/achensee-xtreme-2026-individualrennen-am-7-3-2026-als-kroenender-abschluss-des-skimo-alpencups\/\" \/>\n<meta property=\"og:locale\" content=\"de_DE\" \/>\n<meta property=\"og:type\" content=\"article\" \/>\n<meta property=\"og:title\" content=\"Achensee Xtreme 2026: Individualrennen am 7.3.2026 als kr\u00f6nender Abschluss des SKIMO Alpencups - Rennen\" \/>\n<meta property=\"og:description\" content=\"Am 7. M\u00e4rz 2026 wird das Achensee Xtreme im Rofangebirge zum sportlichen H\u00f6hepunkt des Skitourenwinters. Aufgrund der anhaltenden Altschnee-Problematik musste das urspr\u00fcnglich geplante Vertical-Rennen abgesagt werden. Das Individualrennen wird in angepasster und verk\u00fcrzter Form im gesicherten Skiraum durchgef\u00fchrt \u2013 und steht damit klar im Mittelpunkt des Veranstaltungstags. Gleichzeitig bildet das Rennen das gro\u00dfe Finale des [&hellip;]\" \/>\n<meta property=\"og:url\" content=\"https:\/\/www.skimo.at\/rennen\/307789\/achensee-xtreme-2026-individualrennen-am-7-3-2026-als-kroenender-abschluss-des-skimo-alpencups\/\" \/>\n<meta property=\"og:site_name\" content=\"Rennen\" \/>\n<meta property=\"article:published_time\" content=\"2026-03-05T13:38:35+00:00\" \/>\n<meta property=\"article:modified_time\" content=\"2026-03-06T17:29:06+00:00\" \/>\n<meta name=\"twitter:card\" content=\"summary\" \/>\n<meta name=\"twitter:label1\" content=\"Gesch\u00e4tzte Lesezeit\">\n\t<meta name=\"twitter:data1\" content=\"3\u00a0Minuten\">\n<script type=\"application\/ld+json\" class=\"yoast-schema-graph\">{\"@context\":\"https:\/\/schema.org\",\"@graph\":[{\"@type\":\"WebSite\",\"@id\":\"https:\/\/skimo.73.jarolim.eu\/rennen\/#website\",\"url\":\"https:\/\/skimo.73.jarolim.eu\/rennen\/\",\"name\":\"Rennen\",\"description\":\"\",\"potentialAction\":[{\"@type\":\"SearchAction\",\"target\":\"https:\/\/skimo.73.jarolim.eu\/rennen\/?s={search_term_string}\",\"query-input\":\"required name=search_term_string\"}],\"inLanguage\":\"de\"},{\"@type\":\"WebPage\",\"@id\":\"https:\/\/www.skimo.at\/rennen\/307789\/achensee-xtreme-2026-individualrennen-am-7-3-2026-als-kroenender-abschluss-des-skimo-alpencups\/#webpage\",\"url\":\"https:\/\/www.skimo.at\/rennen\/307789\/achensee-xtreme-2026-individualrennen-am-7-3-2026-als-kroenender-abschluss-des-skimo-alpencups\/\",\"name\":\"Achensee Xtreme 2026: Individualrennen am 7.3.2026 als kr\\u00f6nender Abschluss des SKIMO Alpencups - Rennen\",\"isPartOf\":{\"@id\":\"https:\/\/skimo.73.jarolim.eu\/rennen\/#website\"},\"datePublished\":\"2026-03-05T13:38:35+00:00\",\"dateModified\":\"2026-03-06T17:29:06+00:00\",\"author\":{\"@id\":\"https:\/\/skimo.73.jarolim.eu\/rennen\/#\/schema\/person\/796ecbce6796efca58bf848ca63ec12c\"},\"breadcrumb\":{\"@id\":\"https:\/\/www.skimo.at\/rennen\/307789\/achensee-xtreme-2026-individualrennen-am-7-3-2026-als-kroenender-abschluss-des-skimo-alpencups\/#breadcrumb\"},\"inLanguage\":\"de\",\"potentialAction\":[{\"@type\":\"ReadAction\",\"target\":[\"https:\/\/www.skimo.at\/rennen\/307789\/achensee-xtreme-2026-individualrennen-am-7-3-2026-als-kroenender-abschluss-des-skimo-alpencups\/\"]}]},{\"@type\":\"BreadcrumbList\",\"@id\":\"https:\/\/www.skimo.at\/rennen\/307789\/achensee-xtreme-2026-individualrennen-am-7-3-2026-als-kroenender-abschluss-des-skimo-alpencups\/#breadcrumb\",\"itemListElement\":[{\"@type\":\"ListItem\",\"position\":1,\"item\":{\"@type\":\"WebPage\",\"@id\":\"https:\/\/skimo.73.jarolim.eu\/rennen\/\",\"url\":\"https:\/\/skimo.73.jarolim.eu\/rennen\/\",\"name\":\"Home\"}},{\"@type\":\"ListItem\",\"position\":2,\"item\":{\"@id\":\"https:\/\/www.skimo.at\/rennen\/307789\/achensee-xtreme-2026-individualrennen-am-7-3-2026-als-kroenender-abschluss-des-skimo-alpencups\/#webpage\"}}]},{\"@type\":\"Person\",\"@id\":\"https:\/\/skimo.73.jarolim.eu\/rennen\/#\/schema\/person\/796ecbce6796efca58bf848ca63ec12c\",\"name\":\"kposch\",\"image\":{\"@type\":\"ImageObject\",\"@id\":\"https:\/\/skimo.73.jarolim.eu\/rennen\/#personlogo\",\"inLanguage\":\"de\",\"url\":\"https:\/\/secure.gravatar.com\/avatar\/e9f5f28da60e5e563d3f4d3cc0b9b425?s=96&r=g\",\"contentUrl\":\"https:\/\/secure.gravatar.com\/avatar\/e9f5f28da60e5e563d3f4d3cc0b9b425?s=96&r=g\",\"caption\":\"kposch\"},\"url\":\"https:\/\/www.skimo.at\/rennen\/author\/kposch\/\"}]}<\/script>\n<!-- \/ Yoast SEO plugin. -->","_links":{"self":[{"href":"https:\/\/www.skimo.at\/rennen\/wp-json\/wp\/v2\/posts\/307789"}],"collection":[{"href":"https:\/\/www.skimo.at\/rennen\/wp-json\/wp\/v2\/posts"}],"about":[{"href":"https:\/\/www.skimo.at\/rennen\/wp-json\/wp\/v2\/types\/post"}],"author":[{"embeddable":true,"href":"https:\/\/www.skimo.at\/rennen\/wp-json\/wp\/v2\/users\/3"}],"replies":[{"embeddable":true,"href":"https:\/\/www.skimo.at\/rennen\/wp-json\/wp\/v2\/comments?post=307789"}],"version-history":[{"count":1,"href":"https:\/\/www.skimo.at\/rennen\/wp-json\/wp\/v2\/posts\/307789\/revisions"}],"predecessor-version":[{"id":307791,"href":"https:\/\/www.skimo.at\/rennen\/wp-json\/wp\/v2\/posts\/307789\/revisions\/307791"}],"wp:attachment":[{"href":"https:\/\/www.skimo.at\/rennen\/wp-json\/wp\/v2\/media?parent=307789"}],"wp:term":[{"taxonomy":"category","embeddable":true,"href":"https:\/\/www.skimo.at\/rennen\/wp-json\/wp\/v2\/categories?post=307789"},{"taxonomy":"post_tag","embeddable":true,"href":"https:\/\/www.skimo.at\/rennen\/wp-json\/wp\/v2\/tags?post=307789"}],"curies":[{"name":"wp","href":"https:\/\/api.w.org\/{rel}","templated":true}]}}