{"id":307292,"date":"2026-02-10T21:32:18","date_gmt":"2026-02-10T19:32:18","guid":{"rendered":"https:\/\/www.skimo.at\/rennen\/?p=307292"},"modified":"2026-02-12T08:05:01","modified_gmt":"2026-02-12T06:05:01","slug":"ankuendigung-36-laserzlauf-in-den-lienzer-dolomiten","status":"publish","type":"post","link":"https:\/\/www.skimo.at\/rennen\/307292\/ankuendigung-36-laserzlauf-in-den-lienzer-dolomiten\/","title":{"rendered":"Ank\u00fcndigung: 36. Laserzlauf in den Lienzer Dolomiten"},"content":{"rendered":"\n<p>Mit dem 36. Laserzlauf findet am 22.2.2026 auch heuer wieder einer der sch\u00f6nsten und traditionellsten Sktiourenl\u00e4ufe der Ostalpen statt. Veranstaltet wird der Skitourenlauf in den Lienzer Dolomiten von der Alpinen Gesellschaft Alpenraute Lienz<\/p>\n\n\n\n<p>Zwei Tragepassagen sowie Zwischenabfahrten sind vor der Bergankunft, am Laserzt\u00f6rl, zu meistern bevor die Abfahrt zum Kreithof bestritten werden kann.<\/p>\n\n\n\n<figure class=\"wp-block-image size-large\"><a href=\"https:\/\/www.skimo.at\/rennen\/files\/2026\/02\/laserzlauf-ausschreibung-2026-de-002-seite-1.jpg\"><img loading=\"lazy\" width=\"1024\" height=\"485\" src=\"https:\/\/www.skimo.at\/rennen\/files\/2026\/02\/laserzlauf-ausschreibung-2026-de-002-seite-1-1024x485.jpg\" alt=\"\" class=\"wp-image-307298\" srcset=\"https:\/\/www.skimo.at\/rennen\/files\/2026\/02\/laserzlauf-ausschreibung-2026-de-002-seite-1-1024x485.jpg 1024w, https:\/\/www.skimo.at\/rennen\/files\/2026\/02\/laserzlauf-ausschreibung-2026-de-002-seite-1-300x142.jpg 300w, https:\/\/www.skimo.at\/rennen\/files\/2026\/02\/laserzlauf-ausschreibung-2026-de-002-seite-1-768x364.jpg 768w, https:\/\/www.skimo.at\/rennen\/files\/2026\/02\/laserzlauf-ausschreibung-2026-de-002-seite-1-1224x580.jpg 1224w, https:\/\/www.skimo.at\/rennen\/files\/2026\/02\/laserzlauf-ausschreibung-2026-de-002-seite-1-970x460.jpg 970w, https:\/\/www.skimo.at\/rennen\/files\/2026\/02\/laserzlauf-ausschreibung-2026-de-002-seite-1-554x262.jpg 554w, https:\/\/www.skimo.at\/rennen\/files\/2026\/02\/laserzlauf-ausschreibung-2026-de-002-seite-1-178x84.jpg 178w\" sizes=\"(max-width: 1024px) 100vw, 1024px\" \/><\/a><\/figure>\n\n\n\n<figure class=\"wp-block-image size-large\"><a href=\"https:\/\/www.skimo.at\/rennen\/files\/2026\/02\/laserzlauf-ausschreibung-2026-de-002-seite-2-1.jpg\"><img loading=\"lazy\" width=\"1024\" height=\"485\" src=\"https:\/\/www.skimo.at\/rennen\/files\/2026\/02\/laserzlauf-ausschreibung-2026-de-002-seite-2-1-1024x485.jpg\" alt=\"\" class=\"wp-image-307299\" srcset=\"https:\/\/www.skimo.at\/rennen\/files\/2026\/02\/laserzlauf-ausschreibung-2026-de-002-seite-2-1-1024x485.jpg 1024w, https:\/\/www.skimo.at\/rennen\/files\/2026\/02\/laserzlauf-ausschreibung-2026-de-002-seite-2-1-300x142.jpg 300w, https:\/\/www.skimo.at\/rennen\/files\/2026\/02\/laserzlauf-ausschreibung-2026-de-002-seite-2-1-768x364.jpg 768w, https:\/\/www.skimo.at\/rennen\/files\/2026\/02\/laserzlauf-ausschreibung-2026-de-002-seite-2-1-1224x580.jpg 1224w, https:\/\/www.skimo.at\/rennen\/files\/2026\/02\/laserzlauf-ausschreibung-2026-de-002-seite-2-1-970x459.jpg 970w, https:\/\/www.skimo.at\/rennen\/files\/2026\/02\/laserzlauf-ausschreibung-2026-de-002-seite-2-1-554x262.jpg 554w, https:\/\/www.skimo.at\/rennen\/files\/2026\/02\/laserzlauf-ausschreibung-2026-de-002-seite-2-1-178x84.jpg 178w\" sizes=\"(max-width: 1024px) 100vw, 1024px\" \/><\/a><\/figure>\n\n\n\n<p>F\u00fcr die Tourenklasse geht es, wie in den letzten Jahren, vom Kreithof auf die Karlsbaderh\u00fctte und retour. Neu in diesem Jahr ist die zus\u00e4tzliche Mittelzeitwertung.<\/p>\n\n\n\n<p>Die gesamte Strecke wird professionell markiert, um den Teilnehmern eine klare Orientierung zu bieten. Dar\u00fcber hinaus sorgt die Bergrettung Lienz f\u00fcr die notwendige Sicherheit und Absicherung entlang der Strecke.<\/p>\n\n\n\n<p>Der Startschuss f\u00fcr beide Klassen erfolgt um 08:30 am Kreithof. Die Siegerehrung findet um ca. 14 Uhr am Sportplatz in Tristach statt.<\/p>\n\n\n\n<p>Weitere Informationen zur Anmeldung und Ausschreibung finden sie unter <a href=\"http:\/\/www.alpenraute.at\">www.alpenraute.at<\/a><\/p>\n\n\n\n<figure class=\"wp-block-gallery columns-3 is-cropped\"><ul class=\"blocks-gallery-grid\"><li class=\"blocks-gallery-item\"><figure><a href=\"https:\/\/www.skimo.at\/rennen\/?attachment_id=307293\"><img loading=\"lazy\" width=\"768\" height=\"1024\" src=\"https:\/\/www.skimo.at\/rennen\/files\/2026\/02\/laserzlauf-1-768x1024.jpeg\" alt=\"\" data-id=\"307293\" data-full-url=\"https:\/\/www.skimo.at\/rennen\/files\/2026\/02\/laserzlauf-1-scaled.jpeg\" data-link=\"https:\/\/www.skimo.at\/rennen\/?attachment_id=307293\" class=\"wp-image-307293\" srcset=\"https:\/\/www.skimo.at\/rennen\/files\/2026\/02\/laserzlauf-1-768x1024.jpeg 768w, https:\/\/www.skimo.at\/rennen\/files\/2026\/02\/laserzlauf-1-225x300.jpeg 225w, https:\/\/www.skimo.at\/rennen\/files\/2026\/02\/laserzlauf-1-1224x1632.jpeg 1224w, https:\/\/www.skimo.at\/rennen\/files\/2026\/02\/laserzlauf-1-970x1293.jpeg 970w, https:\/\/www.skimo.at\/rennen\/files\/2026\/02\/laserzlauf-1-554x739.jpeg 554w, https:\/\/www.skimo.at\/rennen\/files\/2026\/02\/laserzlauf-1-70x93.jpeg 70w, https:\/\/www.skimo.at\/rennen\/files\/2026\/02\/laserzlauf-1-scaled.jpeg 1920w\" sizes=\"(max-width: 768px) 100vw, 768px\" \/><\/a><\/figure><\/li><li class=\"blocks-gallery-item\"><figure><a href=\"https:\/\/www.skimo.at\/rennen\/?attachment_id=307294\"><img loading=\"lazy\" width=\"1024\" height=\"678\" src=\"https:\/\/www.skimo.at\/rennen\/files\/2026\/02\/laserzlauf-1-1024x678.jpg\" alt=\"\" data-id=\"307294\" data-full-url=\"https:\/\/www.skimo.at\/rennen\/files\/2026\/02\/laserzlauf-1.jpg\" data-link=\"https:\/\/www.skimo.at\/rennen\/?attachment_id=307294\" class=\"wp-image-307294\" srcset=\"https:\/\/www.skimo.at\/rennen\/files\/2026\/02\/laserzlauf-1-1024x678.jpg 1024w, https:\/\/www.skimo.at\/rennen\/files\/2026\/02\/laserzlauf-1-300x199.jpg 300w, https:\/\/www.skimo.at\/rennen\/files\/2026\/02\/laserzlauf-1-768x509.jpg 768w, https:\/\/www.skimo.at\/rennen\/files\/2026\/02\/laserzlauf-1-299x199.jpg 299w, https:\/\/www.skimo.at\/rennen\/files\/2026\/02\/laserzlauf-1-970x642.jpg 970w, https:\/\/www.skimo.at\/rennen\/files\/2026\/02\/laserzlauf-1-554x367.jpg 554w, https:\/\/www.skimo.at\/rennen\/files\/2026\/02\/laserzlauf-1-140x93.jpg 140w, https:\/\/www.skimo.at\/rennen\/files\/2026\/02\/laserzlauf-1.jpg 1208w\" sizes=\"(max-width: 1024px) 100vw, 1024px\" \/><\/a><\/figure><\/li><li class=\"blocks-gallery-item\"><figure><a href=\"https:\/\/www.skimo.at\/rennen\/?attachment_id=307295\"><img loading=\"lazy\" width=\"1024\" height=\"683\" src=\"https:\/\/www.skimo.at\/rennen\/files\/2026\/02\/laserzlauf-2-1024x683.jpeg\" alt=\"\" data-id=\"307295\" data-full-url=\"https:\/\/www.skimo.at\/rennen\/files\/2026\/02\/laserzlauf-2-scaled.jpeg\" data-link=\"https:\/\/www.skimo.at\/rennen\/?attachment_id=307295\" class=\"wp-image-307295\" srcset=\"https:\/\/www.skimo.at\/rennen\/files\/2026\/02\/laserzlauf-2-1024x683.jpeg 1024w, https:\/\/www.skimo.at\/rennen\/files\/2026\/02\/laserzlauf-2-300x200.jpeg 300w, https:\/\/www.skimo.at\/rennen\/files\/2026\/02\/laserzlauf-2-768x512.jpeg 768w, https:\/\/www.skimo.at\/rennen\/files\/2026\/02\/laserzlauf-2-746x497.jpeg 746w, https:\/\/www.skimo.at\/rennen\/files\/2026\/02\/laserzlauf-2-618x412.jpeg 618w, https:\/\/www.skimo.at\/rennen\/files\/2026\/02\/laserzlauf-2-554x369.jpeg 554w, https:\/\/www.skimo.at\/rennen\/files\/2026\/02\/laserzlauf-2-299x199.jpeg 299w, https:\/\/www.skimo.at\/rennen\/files\/2026\/02\/laserzlauf-2-1224x816.jpeg 1224w, https:\/\/www.skimo.at\/rennen\/files\/2026\/02\/laserzlauf-2-970x647.jpeg 970w, https:\/\/www.skimo.at\/rennen\/files\/2026\/02\/laserzlauf-2-140x93.jpeg 140w, https:\/\/www.skimo.at\/rennen\/files\/2026\/02\/laserzlauf-2-540x360.jpeg 540w\" sizes=\"(max-width: 1024px) 100vw, 1024px\" \/><\/a><\/figure><\/li><li class=\"blocks-gallery-item\"><figure><a href=\"https:\/\/www.skimo.at\/rennen\/?attachment_id=307296\"><img loading=\"lazy\" width=\"1024\" height=\"678\" src=\"https:\/\/www.skimo.at\/rennen\/files\/2026\/02\/laserzlauf-3-1024x678.jpeg\" alt=\"\" data-id=\"307296\" data-full-url=\"https:\/\/www.skimo.at\/rennen\/files\/2026\/02\/laserzlauf-3.jpeg\" data-link=\"https:\/\/www.skimo.at\/rennen\/?attachment_id=307296\" class=\"wp-image-307296\" srcset=\"https:\/\/www.skimo.at\/rennen\/files\/2026\/02\/laserzlauf-3-1024x678.jpeg 1024w, https:\/\/www.skimo.at\/rennen\/files\/2026\/02\/laserzlauf-3-300x199.jpeg 300w, https:\/\/www.skimo.at\/rennen\/files\/2026\/02\/laserzlauf-3-768x509.jpeg 768w, https:\/\/www.skimo.at\/rennen\/files\/2026\/02\/laserzlauf-3-299x199.jpeg 299w, https:\/\/www.skimo.at\/rennen\/files\/2026\/02\/laserzlauf-3-970x642.jpeg 970w, https:\/\/www.skimo.at\/rennen\/files\/2026\/02\/laserzlauf-3-554x367.jpeg 554w, https:\/\/www.skimo.at\/rennen\/files\/2026\/02\/laserzlauf-3-140x93.jpeg 140w, https:\/\/www.skimo.at\/rennen\/files\/2026\/02\/laserzlauf-3.jpeg 1208w\" sizes=\"(max-width: 1024px) 100vw, 1024px\" \/><\/a><\/figure><\/li><\/ul><\/figure>\n","protected":false},"excerpt":{"rendered":"<p>Mit dem 36. Laserzlauf findet am 22.2.2026 auch heuer wieder einer der sch\u00f6nsten und traditionellsten Sktiourenl\u00e4ufe der Ostalpen statt. Veranstaltet wird der Skitourenlauf in den Lienzer Dolomiten von der Alpinen Gesellschaft Alpenraute Lienz Zwei Tragepassagen sowie Zwischenabfahrten sind vor der Bergankunft, am Laserzt\u00f6rl, zu meistern bevor die Abfahrt zum Kreithof bestritten werden kann. F\u00fcr die [&hellip;]<\/p>\n","protected":false},"author":3,"featured_media":307298,"comment_status":"closed","ping_status":"closed","sticky":false,"template":"","format":"standard","meta":[],"categories":[1,9,3],"tags":[],"yoast_head":"<!-- This site is optimized with the Yoast SEO plugin v16.3 - https:\/\/yoast.com\/wordpress\/plugins\/seo\/ -->\n<title>Ank\u00fcndigung: 36. Laserzlauf in den Lienzer Dolomiten - Rennen<\/title>\n<meta name=\"robots\" content=\"index, follow, max-snippet:-1, max-image-preview:large, max-video-preview:-1\" \/>\n<link rel=\"canonical\" href=\"https:\/\/www.skimo.at\/rennen\/307292\/ankuendigung-36-laserzlauf-in-den-lienzer-dolomiten\/\" \/>\n<meta property=\"og:locale\" content=\"de_DE\" \/>\n<meta property=\"og:type\" content=\"article\" \/>\n<meta property=\"og:title\" content=\"Ank\u00fcndigung: 36. Laserzlauf in den Lienzer Dolomiten - Rennen\" \/>\n<meta property=\"og:description\" content=\"Mit dem 36. Laserzlauf findet am 22.2.2026 auch heuer wieder einer der sch\u00f6nsten und traditionellsten Sktiourenl\u00e4ufe der Ostalpen statt. Veranstaltet wird der Skitourenlauf in den Lienzer Dolomiten von der Alpinen Gesellschaft Alpenraute Lienz Zwei Tragepassagen sowie Zwischenabfahrten sind vor der Bergankunft, am Laserzt\u00f6rl, zu meistern bevor die Abfahrt zum Kreithof bestritten werden kann. F\u00fcr die [&hellip;]\" \/>\n<meta property=\"og:url\" content=\"https:\/\/www.skimo.at\/rennen\/307292\/ankuendigung-36-laserzlauf-in-den-lienzer-dolomiten\/\" \/>\n<meta property=\"og:site_name\" content=\"Rennen\" \/>\n<meta property=\"article:published_time\" content=\"2026-02-10T19:32:18+00:00\" \/>\n<meta property=\"article:modified_time\" content=\"2026-02-12T06:05:01+00:00\" \/>\n<meta property=\"og:image\" content=\"https:\/\/www.skimo.at\/rennen\/files\/2026\/02\/laserzlauf-ausschreibung-2026-de-002-seite-1.jpg\" \/>\n\t<meta property=\"og:image:width\" content=\"2550\" \/>\n\t<meta property=\"og:image:height\" content=\"1208\" \/>\n<meta name=\"twitter:card\" content=\"summary\" \/>\n<meta name=\"twitter:label1\" content=\"Gesch\u00e4tzte Lesezeit\">\n\t<meta name=\"twitter:data1\" content=\"2\u00a0Minuten\">\n<script type=\"application\/ld+json\" class=\"yoast-schema-graph\">{\"@context\":\"https:\/\/schema.org\",\"@graph\":[{\"@type\":\"WebSite\",\"@id\":\"https:\/\/skimo.73.jarolim.eu\/rennen\/#website\",\"url\":\"https:\/\/skimo.73.jarolim.eu\/rennen\/\",\"name\":\"Rennen\",\"description\":\"\",\"potentialAction\":[{\"@type\":\"SearchAction\",\"target\":\"https:\/\/skimo.73.jarolim.eu\/rennen\/?s={search_term_string}\",\"query-input\":\"required name=search_term_string\"}],\"inLanguage\":\"de\"},{\"@type\":\"ImageObject\",\"@id\":\"https:\/\/www.skimo.at\/rennen\/307292\/ankuendigung-36-laserzlauf-in-den-lienzer-dolomiten\/#primaryimage\",\"inLanguage\":\"de\",\"url\":\"https:\/\/www.skimo.at\/rennen\/files\/2026\/02\/laserzlauf-ausschreibung-2026-de-002-seite-1.jpg\",\"contentUrl\":\"https:\/\/www.skimo.at\/rennen\/files\/2026\/02\/laserzlauf-ausschreibung-2026-de-002-seite-1.jpg\",\"width\":2550,\"height\":1208},{\"@type\":\"WebPage\",\"@id\":\"https:\/\/www.skimo.at\/rennen\/307292\/ankuendigung-36-laserzlauf-in-den-lienzer-dolomiten\/#webpage\",\"url\":\"https:\/\/www.skimo.at\/rennen\/307292\/ankuendigung-36-laserzlauf-in-den-lienzer-dolomiten\/\",\"name\":\"Ank\\u00fcndigung: 36. Laserzlauf in den Lienzer Dolomiten - Rennen\",\"isPartOf\":{\"@id\":\"https:\/\/skimo.73.jarolim.eu\/rennen\/#website\"},\"primaryImageOfPage\":{\"@id\":\"https:\/\/www.skimo.at\/rennen\/307292\/ankuendigung-36-laserzlauf-in-den-lienzer-dolomiten\/#primaryimage\"},\"datePublished\":\"2026-02-10T19:32:18+00:00\",\"dateModified\":\"2026-02-12T06:05:01+00:00\",\"author\":{\"@id\":\"https:\/\/skimo.73.jarolim.eu\/rennen\/#\/schema\/person\/796ecbce6796efca58bf848ca63ec12c\"},\"breadcrumb\":{\"@id\":\"https:\/\/www.skimo.at\/rennen\/307292\/ankuendigung-36-laserzlauf-in-den-lienzer-dolomiten\/#breadcrumb\"},\"inLanguage\":\"de\",\"potentialAction\":[{\"@type\":\"ReadAction\",\"target\":[\"https:\/\/www.skimo.at\/rennen\/307292\/ankuendigung-36-laserzlauf-in-den-lienzer-dolomiten\/\"]}]},{\"@type\":\"BreadcrumbList\",\"@id\":\"https:\/\/www.skimo.at\/rennen\/307292\/ankuendigung-36-laserzlauf-in-den-lienzer-dolomiten\/#breadcrumb\",\"itemListElement\":[{\"@type\":\"ListItem\",\"position\":1,\"item\":{\"@type\":\"WebPage\",\"@id\":\"https:\/\/skimo.73.jarolim.eu\/rennen\/\",\"url\":\"https:\/\/skimo.73.jarolim.eu\/rennen\/\",\"name\":\"Home\"}},{\"@type\":\"ListItem\",\"position\":2,\"item\":{\"@id\":\"https:\/\/www.skimo.at\/rennen\/307292\/ankuendigung-36-laserzlauf-in-den-lienzer-dolomiten\/#webpage\"}}]},{\"@type\":\"Person\",\"@id\":\"https:\/\/skimo.73.jarolim.eu\/rennen\/#\/schema\/person\/796ecbce6796efca58bf848ca63ec12c\",\"name\":\"kposch\",\"image\":{\"@type\":\"ImageObject\",\"@id\":\"https:\/\/skimo.73.jarolim.eu\/rennen\/#personlogo\",\"inLanguage\":\"de\",\"url\":\"https:\/\/secure.gravatar.com\/avatar\/e9f5f28da60e5e563d3f4d3cc0b9b425?s=96&r=g\",\"contentUrl\":\"https:\/\/secure.gravatar.com\/avatar\/e9f5f28da60e5e563d3f4d3cc0b9b425?s=96&r=g\",\"caption\":\"kposch\"},\"url\":\"https:\/\/www.skimo.at\/rennen\/author\/kposch\/\"}]}<\/script>\n<!-- \/ Yoast SEO plugin. -->","_links":{"self":[{"href":"https:\/\/www.skimo.at\/rennen\/wp-json\/wp\/v2\/posts\/307292"}],"collection":[{"href":"https:\/\/www.skimo.at\/rennen\/wp-json\/wp\/v2\/posts"}],"about":[{"href":"https:\/\/www.skimo.at\/rennen\/wp-json\/wp\/v2\/types\/post"}],"author":[{"embeddable":true,"href":"https:\/\/www.skimo.at\/rennen\/wp-json\/wp\/v2\/users\/3"}],"replies":[{"embeddable":true,"href":"https:\/\/www.skimo.at\/rennen\/wp-json\/wp\/v2\/comments?post=307292"}],"version-history":[{"count":1,"href":"https:\/\/www.skimo.at\/rennen\/wp-json\/wp\/v2\/posts\/307292\/revisions"}],"predecessor-version":[{"id":307300,"href":"https:\/\/www.skimo.at\/rennen\/wp-json\/wp\/v2\/posts\/307292\/revisions\/307300"}],"wp:featuredmedia":[{"embeddable":true,"href":"https:\/\/www.skimo.at\/rennen\/wp-json\/wp\/v2\/media\/307298"}],"wp:attachment":[{"href":"https:\/\/www.skimo.at\/rennen\/wp-json\/wp\/v2\/media?parent=307292"}],"wp:term":[{"taxonomy":"category","embeddable":true,"href":"https:\/\/www.skimo.at\/rennen\/wp-json\/wp\/v2\/categories?post=307292"},{"taxonomy":"post_tag","embeddable":true,"href":"https:\/\/www.skimo.at\/rennen\/wp-json\/wp\/v2\/tags?post=307292"}],"curies":[{"name":"wp","href":"https:\/\/api.w.org\/{rel}","templated":true}]}}