{"id":306651,"date":"2026-01-15T10:40:36","date_gmt":"2026-01-15T08:40:36","guid":{"rendered":"https:\/\/www.skimo.at\/rennen\/?p=306651"},"modified":"2026-01-23T15:15:15","modified_gmt":"2026-01-23T13:15:15","slug":"nur-noch-1-tag-bis-zum-start-der-28-mountain-attack","status":"publish","type":"post","link":"https:\/\/www.skimo.at\/rennen\/306651\/nur-noch-1-tag-bis-zum-start-der-28-mountain-attack\/","title":{"rendered":"Nur noch 1 Tag bis zum Start der 28. Mountain Attack"},"content":{"rendered":"\n<p><strong>Vom Geheimtipp zum ultimativen H\u00e4rtetest der Szene: Was 1999 als Nischen-Event mit rund 300 Pionieren begann, hat sich l\u00e4ngst zum &#8222;Wimbledon&#8220; des Tourenskisports entwickelt. Am Freitag, 16. J\u00e4nner bittet Saalbach-Hinterglemm zur 28. Auflage der Mountain Attack \u2013 und die Vorzeichen k\u00f6nnten kaum besser sein.<\/strong><\/p>\n\n\n\n<p>Saalbach-Hinterglemm steht auch in diesem Jahr ganz im Zeichen des internationalen Tourenskisports. Zur 28. Auflage der \u201eMountain Attack\u201c treten Athletinnen und Athleten aus \u00fcber 20 Nationen an, um sich einem der wohl l\u00e4ngsten, steilsten und h\u00e4rtesten Individualrennen der Welt zu stellen. Punkt 16:00 Uhr f\u00e4llt am Dorfplatz der Startschuss durch Sportlandesrat Martin Zauner \u2013 ab diesem Moment beginnt f\u00fcr Hobby-, Amateur- und Profisportler gleicherma\u00dfen eine Pr\u00fcfung an den Grenzen von Ausdauer, Kraft und mentaler St\u00e4rke.<\/p>\n\n\n\n<figure class=\"wp-block-image size-large\"><a href=\"https:\/\/www.skimo.at\/rennen\/files\/2026\/01\/mountain-attack2025-motiv-085-bild-karl-posch-lr.jpg\"><img loading=\"lazy\" width=\"1024\" height=\"683\" src=\"https:\/\/www.skimo.at\/rennen\/files\/2026\/01\/mountain-attack2025-motiv-085-bild-karl-posch-lr-1024x683.jpg\" alt=\"\" class=\"wp-image-306652\" srcset=\"https:\/\/www.skimo.at\/rennen\/files\/2026\/01\/mountain-attack2025-motiv-085-bild-karl-posch-lr-1024x683.jpg 1024w, https:\/\/www.skimo.at\/rennen\/files\/2026\/01\/mountain-attack2025-motiv-085-bild-karl-posch-lr-300x200.jpg 300w, https:\/\/www.skimo.at\/rennen\/files\/2026\/01\/mountain-attack2025-motiv-085-bild-karl-posch-lr-768x512.jpg 768w, https:\/\/www.skimo.at\/rennen\/files\/2026\/01\/mountain-attack2025-motiv-085-bild-karl-posch-lr-746x497.jpg 746w, https:\/\/www.skimo.at\/rennen\/files\/2026\/01\/mountain-attack2025-motiv-085-bild-karl-posch-lr-618x412.jpg 618w, https:\/\/www.skimo.at\/rennen\/files\/2026\/01\/mountain-attack2025-motiv-085-bild-karl-posch-lr-554x369.jpg 554w, https:\/\/www.skimo.at\/rennen\/files\/2026\/01\/mountain-attack2025-motiv-085-bild-karl-posch-lr-299x199.jpg 299w, https:\/\/www.skimo.at\/rennen\/files\/2026\/01\/mountain-attack2025-motiv-085-bild-karl-posch-lr-1224x816.jpg 1224w, https:\/\/www.skimo.at\/rennen\/files\/2026\/01\/mountain-attack2025-motiv-085-bild-karl-posch-lr-970x647.jpg 970w, https:\/\/www.skimo.at\/rennen\/files\/2026\/01\/mountain-attack2025-motiv-085-bild-karl-posch-lr-140x93.jpg 140w, https:\/\/www.skimo.at\/rennen\/files\/2026\/01\/mountain-attack2025-motiv-085-bild-karl-posch-lr-540x360.jpg 540w, https:\/\/www.skimo.at\/rennen\/files\/2026\/01\/mountain-attack2025-motiv-085-bild-karl-posch-lr.jpg 1920w\" sizes=\"(max-width: 1024px) 100vw, 1024px\" \/><\/a><\/figure>\n\n\n\n<p>Bereits der erste Abschnitt hat es in sich: Der Anstieg auf den Schattberg fordert mit Passagen von bis zu 70 Prozent Steigung h\u00f6chste physische Belastbarkeit. Nach rund 1.000 absolvierten H\u00f6henmetern wartet der erste Checkpoint \u2013 eine Schl\u00fcsselstelle, an der neben Kondition auch pr\u00e4zise Schritttechnik und kluge Renntaktik gefragt sind. Die Vergangenheit hat mehrfach gezeigt, dass hier bereits vorentscheidende Momente entstehen k\u00f6nnen. Mit Einbruch der D\u00e4mmerung, rund eine Stunde nach dem Start, setzt sich das Feld Gipfel f\u00fcr Gipfel weiter in Bewegung \u2013 und mit jedem Schritt r\u00fcckt das Ziel ein St\u00fcck n\u00e4her in greifbare Distanz.<\/p>\n\n\n\n<h2><strong>Die Favoriten 2026<\/strong><\/h2>\n\n\n\n<p><strong>MARATHON<\/strong>: sowohl bei den Damen als auch bei den Herren wird ein spannendes Rennen erwartet. In der Frauenkategorie gehen die Vorjahressiegerin Evi Gudelius (GER) sowie die Tirolerin Bianca Somavilla als Topfavoritinnen ins Rennen. Auch bei den Herren ist ein hochklassiges Teilnehmerfeld gemeldet: Vor allem aus Italien werden starke Starter erwartet. Routinier William Boffelli, Vorjahres-Zweiter Davide Magnini, der S\u00fcdtiroler Alex Oberbacher, sowie Matteo Eydallin z\u00e4hlen zum engsten Kreis der Titelanw\u00e4rter. Der 5-fache Mountain Attack Sieger Christian Hoffmann (AUT) wird ebenfalls versuchen um das Podium mitzugehen. Er ist mit Abstand der erfahrenste Top-Athlet im Teilnehmerfeld.<\/p>\n\n\n\n<p><strong>TOUR<\/strong>: Extrem knapp mit geringen Zeitabst\u00e4nden wird das Rennen der Herren erwartet. Zu den Siegkandidaten z\u00e4hlen Samuel Eisl und Michael F\u00f6lsner (beide AUT) sowie der Deutsche Josef Huber. Bei den Damen f\u00fchrt der Weg zum Titel voraussichtlich \u00fcber die Titelverteidigerin Linda F\u00f6lsner.<\/p>\n\n\n\n<p><strong>SCHATTBERG RACE:<\/strong> hier gelten Tina Fischl (GER) und Martin Schider (AUT) als Favoriten auf den Sieg.<\/p>\n\n\n\n<h2><strong>Attack Fan-Programm<\/strong><\/h2>\n\n\n\n<p>Auch f\u00fcr Zuschauer, Betreuer und Fans ist bestens gesorgt: Nach dem spektakul\u00e4ren Startschuss er\u00f6ffnet die Schattberg X-press Gondel den direkten Zugang zur Mittelstation oder bis hinauf zum Gipfel \u2013 ideal, um die Athletinnen und Athleten hautnah zu unterst\u00fctzen und die Dramatik des Rennens aus n\u00e4chster N\u00e4he mitzuerleben. Unser klarer Tipp: Diese Auffahrt zahlt sich in jedem Fall aus. Am Dorfplatz von Saalbach werden s\u00e4mtliche Renninformationen auf einer gro\u00dfen LED-Wall \u00fcbertragen, begleitet von der Moderation durch Marina Herzmayer und Rudi Schwaiger sowie musikalischer Umrahmung von Red Bull DJs. Die Siegerehrung steigt um 22.00 Uhr im Zielareal, ehe ab 23.00 Uhr das Attack-Clubbing im Castello den sportlichen H\u00f6hepunkt des Abends geb\u00fchrend beschlie\u00dft.<\/p>\n\n\n\n<h2><strong>DIE RENNEN der Mountain Attack: 4 VERSCHIEDENE BEWERBE<\/strong><strong><\/strong><\/h2>\n\n\n\n<p><strong>Das Schattberg Race<\/strong>: das ist ein reines Vertical Race (Aufstiegsrennen). Hier gilt es 1017 H\u00f6henmeter zu bew\u00e4ltigen mit Ziel am Gipfel des Schattbergs.<br><br><strong>Die Tour:<\/strong> das ist ein Individual Rennen (mehrere Aufstiege und Abfahrten). Hier m\u00fcssen von den Teilnehmern 5 Gipfel bew\u00e4ltigt werden, insgesamt 2.036 H\u00f6henmeter im Aufstieg und in den Abfahrten werden absolviert. Die Strecke f\u00fchrt \u00fcber: Schattberg \u2013 Westgipfel \u2013 Abfahrt nach Hinterglemm \u2013 durch den Ort \u2013 Aufstieg Hasenauer K\u00f6pfl \u2013 Reiterkogel \u2013 Abfahrt Wetterkreuz \u2013 Bernkogel \u2013 Abfahrt nach Saalbach<\/p>\n\n\n\n<p><strong>Der Marathon:<\/strong> ebenfalls ein Individual Rennen. Hier gilt es 3.010 H\u00f6henmeter zu bew\u00e4ltigen. Die Strecke ist bis Hinterglemm ident mit der Tour. Jedoch m\u00fcssen die Teilnehmer zus\u00e4tzlich noch den Zw\u00f6lferkogel-Anstieg, die Nordabfahrt in die Hochalm und den Aufstieg von der Hochalm Richtung Hasenauer K\u00f6pfl bew\u00e4ltigen. Die Athleten erklimmen somit insgesamt 6 Gipfel!<br><br><strong>Die Marathon-Staffel: <\/strong>Als 3er Team muss die Marathon-Distanz bew\u00e4ltigt werden. Der Startl\u00e4ufer bew\u00e4ltigt den Anstieg auf den Schattberg \u2013 Westgipfel \u2013 Abfahrt Hinterglemm. Dort wird an den 2. L\u00e4ufer \u00fcbergeben: Anstieg Zw\u00f6lferkogel \u2013 Abfahrt in die Hochalm. \u00dcbergabe auf 3. L\u00e4ufer: Anstieg Hasenauer K\u00f6pfl \u2013 Abfahrt ins Ziel nach Saalbach. Zielgruppe: Bergkameraden, Sportfreunde, Firmenteams<br><br><\/p>\n\n\n\n<p><strong>RENNPROGRAMM<\/strong><\/p>\n\n\n\n<p>16:00 Uhr Start Marathon, Tour, Kategorie +45, Schattberg Race, Marathon-Staffel<\/p>\n\n\n\n<p>ca. 16:40 Uhr Erste geplante Ank\u00fcnfte am Schattberg (alle Kategorien)<\/p>\n\n\n\n<p>ca. 16:55 Uhr Erste geplante Ank\u00fcnfte in Hinterglemm<\/p>\n\n\n\n<p>ca. 17:35 Uhr Erste geplante Zielank\u00fcnfte Saalbach (Tour)<\/p>\n\n\n\n<p>ca. 18:15 Uhr Erste Zielank\u00fcnfte in Saalbach (Marathon)<\/p>\n\n\n\n<p>22:00 Uhr Siegerehrung Schattberg Arena, Saalbach<\/p>\n\n\n\n<p><strong>Sponsoren und Partner der Mountain Attack:<\/strong><\/p>\n\n\n\n<p><strong>Partner der Mountain Attack 2026: <\/strong>Skicircus Saalbach-Hinterglemm-Leogang-Fieberbrunn, Land Salzburg, UNIQA Versicherung, La Sportiva, Red Bull, Edelweiss, ISUZU, Raiffeisen Bank, Skidata, TechnoAlpin, Prinoth, MAKITA, Bauchinger, Salzburg AG, Palfinger, Salzburg Airport, evil eye, Zeiss Vision Center, Suunto, Pieps, Petzl, Colltex, Lenz, Holmenkol, Leki, My Gym Prime, Teekanne, Melasan Sport, Segafredo Zanetti, Velo\/BAT Austria, eurogast, HEAD\/Tyrolia, BOA, Rehrl+Partner, Salzburger Nachrichten, mediahaus.tv, skimostats, die Offset, NMC<\/p>\n","protected":false},"excerpt":{"rendered":"<p>Vom Geheimtipp zum ultimativen H\u00e4rtetest der Szene: Was 1999 als Nischen-Event mit rund 300 Pionieren begann, hat sich l\u00e4ngst zum &#8222;Wimbledon&#8220; des Tourenskisports entwickelt. Am Freitag, 16. J\u00e4nner bittet Saalbach-Hinterglemm zur 28. Auflage der Mountain Attack \u2013 und die Vorzeichen k\u00f6nnten kaum besser sein. Saalbach-Hinterglemm steht auch in diesem Jahr ganz im Zeichen des internationalen [&hellip;]<\/p>\n","protected":false},"author":3,"featured_media":0,"comment_status":"closed","ping_status":"closed","sticky":false,"template":"","format":"standard","meta":[],"categories":[1,3],"tags":[],"yoast_head":"<!-- This site is optimized with the Yoast SEO plugin v16.3 - https:\/\/yoast.com\/wordpress\/plugins\/seo\/ -->\n<title>Nur noch 1 Tag bis zum Start der 28. Mountain Attack - Rennen<\/title>\n<meta name=\"robots\" content=\"index, follow, max-snippet:-1, max-image-preview:large, max-video-preview:-1\" \/>\n<link rel=\"canonical\" href=\"https:\/\/www.skimo.at\/rennen\/306651\/nur-noch-1-tag-bis-zum-start-der-28-mountain-attack\/\" \/>\n<meta property=\"og:locale\" content=\"de_DE\" \/>\n<meta property=\"og:type\" content=\"article\" \/>\n<meta property=\"og:title\" content=\"Nur noch 1 Tag bis zum Start der 28. Mountain Attack - Rennen\" \/>\n<meta property=\"og:description\" content=\"Vom Geheimtipp zum ultimativen H\u00e4rtetest der Szene: Was 1999 als Nischen-Event mit rund 300 Pionieren begann, hat sich l\u00e4ngst zum &#8222;Wimbledon&#8220; des Tourenskisports entwickelt. Am Freitag, 16. J\u00e4nner bittet Saalbach-Hinterglemm zur 28. Auflage der Mountain Attack \u2013 und die Vorzeichen k\u00f6nnten kaum besser sein. Saalbach-Hinterglemm steht auch in diesem Jahr ganz im Zeichen des internationalen [&hellip;]\" \/>\n<meta property=\"og:url\" content=\"https:\/\/www.skimo.at\/rennen\/306651\/nur-noch-1-tag-bis-zum-start-der-28-mountain-attack\/\" \/>\n<meta property=\"og:site_name\" content=\"Rennen\" \/>\n<meta property=\"article:published_time\" content=\"2026-01-15T08:40:36+00:00\" \/>\n<meta property=\"article:modified_time\" content=\"2026-01-23T13:15:15+00:00\" \/>\n<meta property=\"og:image\" content=\"https:\/\/www.skimo.at\/rennen\/files\/2026\/01\/mountain-attack2025-motiv-085-bild-karl-posch-lr-1024x683.jpg\" \/>\n<meta name=\"twitter:card\" content=\"summary\" \/>\n<meta name=\"twitter:label1\" content=\"Gesch\u00e4tzte Lesezeit\">\n\t<meta name=\"twitter:data1\" content=\"4\u00a0Minuten\">\n<script type=\"application\/ld+json\" class=\"yoast-schema-graph\">{\"@context\":\"https:\/\/schema.org\",\"@graph\":[{\"@type\":\"WebSite\",\"@id\":\"https:\/\/skimo.73.jarolim.eu\/rennen\/#website\",\"url\":\"https:\/\/skimo.73.jarolim.eu\/rennen\/\",\"name\":\"Rennen\",\"description\":\"\",\"potentialAction\":[{\"@type\":\"SearchAction\",\"target\":\"https:\/\/skimo.73.jarolim.eu\/rennen\/?s={search_term_string}\",\"query-input\":\"required name=search_term_string\"}],\"inLanguage\":\"de\"},{\"@type\":\"ImageObject\",\"@id\":\"https:\/\/www.skimo.at\/rennen\/306651\/nur-noch-1-tag-bis-zum-start-der-28-mountain-attack\/#primaryimage\",\"inLanguage\":\"de\",\"url\":\"https:\/\/www.skimo.at\/rennen\/files\/2026\/01\/mountain-attack2025-motiv-085-bild-karl-posch-lr.jpg\",\"contentUrl\":\"https:\/\/www.skimo.at\/rennen\/files\/2026\/01\/mountain-attack2025-motiv-085-bild-karl-posch-lr.jpg\",\"width\":1920,\"height\":1280},{\"@type\":\"WebPage\",\"@id\":\"https:\/\/www.skimo.at\/rennen\/306651\/nur-noch-1-tag-bis-zum-start-der-28-mountain-attack\/#webpage\",\"url\":\"https:\/\/www.skimo.at\/rennen\/306651\/nur-noch-1-tag-bis-zum-start-der-28-mountain-attack\/\",\"name\":\"Nur noch 1 Tag bis zum Start der 28. Mountain Attack - Rennen\",\"isPartOf\":{\"@id\":\"https:\/\/skimo.73.jarolim.eu\/rennen\/#website\"},\"primaryImageOfPage\":{\"@id\":\"https:\/\/www.skimo.at\/rennen\/306651\/nur-noch-1-tag-bis-zum-start-der-28-mountain-attack\/#primaryimage\"},\"datePublished\":\"2026-01-15T08:40:36+00:00\",\"dateModified\":\"2026-01-23T13:15:15+00:00\",\"author\":{\"@id\":\"https:\/\/skimo.73.jarolim.eu\/rennen\/#\/schema\/person\/796ecbce6796efca58bf848ca63ec12c\"},\"breadcrumb\":{\"@id\":\"https:\/\/www.skimo.at\/rennen\/306651\/nur-noch-1-tag-bis-zum-start-der-28-mountain-attack\/#breadcrumb\"},\"inLanguage\":\"de\",\"potentialAction\":[{\"@type\":\"ReadAction\",\"target\":[\"https:\/\/www.skimo.at\/rennen\/306651\/nur-noch-1-tag-bis-zum-start-der-28-mountain-attack\/\"]}]},{\"@type\":\"BreadcrumbList\",\"@id\":\"https:\/\/www.skimo.at\/rennen\/306651\/nur-noch-1-tag-bis-zum-start-der-28-mountain-attack\/#breadcrumb\",\"itemListElement\":[{\"@type\":\"ListItem\",\"position\":1,\"item\":{\"@type\":\"WebPage\",\"@id\":\"https:\/\/skimo.73.jarolim.eu\/rennen\/\",\"url\":\"https:\/\/skimo.73.jarolim.eu\/rennen\/\",\"name\":\"Home\"}},{\"@type\":\"ListItem\",\"position\":2,\"item\":{\"@id\":\"https:\/\/www.skimo.at\/rennen\/306651\/nur-noch-1-tag-bis-zum-start-der-28-mountain-attack\/#webpage\"}}]},{\"@type\":\"Person\",\"@id\":\"https:\/\/skimo.73.jarolim.eu\/rennen\/#\/schema\/person\/796ecbce6796efca58bf848ca63ec12c\",\"name\":\"kposch\",\"image\":{\"@type\":\"ImageObject\",\"@id\":\"https:\/\/skimo.73.jarolim.eu\/rennen\/#personlogo\",\"inLanguage\":\"de\",\"url\":\"https:\/\/secure.gravatar.com\/avatar\/e9f5f28da60e5e563d3f4d3cc0b9b425?s=96&r=g\",\"contentUrl\":\"https:\/\/secure.gravatar.com\/avatar\/e9f5f28da60e5e563d3f4d3cc0b9b425?s=96&r=g\",\"caption\":\"kposch\"},\"url\":\"https:\/\/www.skimo.at\/rennen\/author\/kposch\/\"}]}<\/script>\n<!-- \/ Yoast SEO plugin. -->","_links":{"self":[{"href":"https:\/\/www.skimo.at\/rennen\/wp-json\/wp\/v2\/posts\/306651"}],"collection":[{"href":"https:\/\/www.skimo.at\/rennen\/wp-json\/wp\/v2\/posts"}],"about":[{"href":"https:\/\/www.skimo.at\/rennen\/wp-json\/wp\/v2\/types\/post"}],"author":[{"embeddable":true,"href":"https:\/\/www.skimo.at\/rennen\/wp-json\/wp\/v2\/users\/3"}],"replies":[{"embeddable":true,"href":"https:\/\/www.skimo.at\/rennen\/wp-json\/wp\/v2\/comments?post=306651"}],"version-history":[{"count":1,"href":"https:\/\/www.skimo.at\/rennen\/wp-json\/wp\/v2\/posts\/306651\/revisions"}],"predecessor-version":[{"id":306653,"href":"https:\/\/www.skimo.at\/rennen\/wp-json\/wp\/v2\/posts\/306651\/revisions\/306653"}],"wp:attachment":[{"href":"https:\/\/www.skimo.at\/rennen\/wp-json\/wp\/v2\/media?parent=306651"}],"wp:term":[{"taxonomy":"category","embeddable":true,"href":"https:\/\/www.skimo.at\/rennen\/wp-json\/wp\/v2\/categories?post=306651"},{"taxonomy":"post_tag","embeddable":true,"href":"https:\/\/www.skimo.at\/rennen\/wp-json\/wp\/v2\/tags?post=306651"}],"curies":[{"name":"wp","href":"https:\/\/api.w.org\/{rel}","templated":true}]}}