{"id":306344,"date":"2025-12-31T11:33:37","date_gmt":"2025-12-31T09:33:37","guid":{"rendered":"https:\/\/www.skimo.at\/rennen\/?p=306344"},"modified":"2025-12-31T11:34:11","modified_gmt":"2025-12-31T09:34:11","slug":"zwieselalm-aufstieg-am-30-12-2025schwierige-bedingungen-und-glueckliche-gesichter","status":"publish","type":"post","link":"https:\/\/www.skimo.at\/rennen\/306344\/zwieselalm-aufstieg-am-30-12-2025schwierige-bedingungen-und-glueckliche-gesichter\/","title":{"rendered":"Zwieselalm-Aufstieg am 30.12.2025Schwierige Bedingungen und gl\u00fcckliche Gesichter"},"content":{"rendered":"\n<p>Die Durchf\u00fchrung des Skibergsteiger-Rennens Zwieselalm-Aufstieg in Gosau im Skigebiet Dachstein West war durch den Schneemangel im Vorfeld schwierig zu planen. P\u00fcnktlich zum Rennen schickte Frau Holle aber eine Ladung Neuschnee. Zwar war der eiskalte Schneesturm f\u00fcr die Sportler unangenehm, sp\u00e4testens beim gem\u00fctlichen Zusammensitzen nach dem Rennen waren aber alle gl\u00fccklich und zufrieden. Siegerin der Mittelwertung wurde Barbara Traw\u00f6ger aus Gschwandt bei Gmunden.<\/p>\n\n\n\n<p>Die traditionelle Veranstaltung einen Tag vor dem Jahreswechsel wurde heuer bereits zum 16. Mal von der Sektion Ausdauersport des ASK\u00d6 Raiffeisen Gosau abgehalten, mit genau 100 Nennungen war sie auch sehr gut besetzt. Beim Aufstieg \u00fcber 760 H\u00f6henmeter liegt das Hauptaugenmerk auf den \u201eNormalo-Tourengehern\u201c, deshalb wird ein mit Vorteil f\u00fcr die hinteren Finisher gewichteter Mittelwert zur Ermittlung des Tagessiegs angewendet. Die legend\u00e4ren Ausblicke zum Dachstein und Gosaukamm an der Rennstrecke wurden zwar dieses Mal vom Schneesturm geschluckt, der steilste Teil der Strecke, das \u201eKanonenrohr\u201c knapp vor dem Ziel war aber umso mehr gef\u00fcrchtet.<\/p>\n\n\n\n<p>Am genauesten an den Mittelwert von 1:07:10 Stunden kam Barbara Traw\u00f6ger mit 1:09:24 Stunden. Politikprominenz war an den weiteren Pl\u00e4tzen stark vertreten. Die NR Abgeordnete Bettina Zopf landete mit 1:09:26 auf Platz 2, der Gosauer B\u00fcrgermeister Markus Schmaranzer \u2013 ein fr\u00fcherer Kader-Skifahrer \u2013 setzte sich in der beachtlichen Zeit von 1:01:41 auf Platz 5 der Mittelwertung.<br>Die ersten 15 platzierten der Mittelwertung durften sich \u00fcber Sachpreise der Partner Augment, Martini Sportswear und Pomoca im Wert von EUR 2.000,&#8211; freuen.<\/p>\n\n\n\n<p>Weil der Zwieselalm-Aufstieg durchaus auch von Top-Athleten als lohnendes Ziel gesehen wird, sind die Tagesschnellsten keine unbekannten. Linda F\u00f6lsner (La Sportiva Mountain Attack Team) markierte mit 41:13 Minuten eine hervorragende Zeit, der ehemalige bayrische Nationalteamathlet Josef Huber war mit 32:49 Minuten nur eine gute Minute \u00fcber dem 11 Jahre alten Streckenrekord.<br>Der Profi-Mountainbiker und mehrmalige Race Across Amerika Finisher Lukas Kaufmann konnte sich mit 39:21 Minuten einen beachtlichen 14. Platz in der Tageswertung sichern.<\/p>\n\n\n\n<p>Sektionsleiter und Organisator Karl Posch nach der Veranstaltung:<\/p>\n\n\n\n<blockquote class=\"wp-block-quote\"><p><em>\u201eSuper wars! Ich bin stolz, dass mein Team die Strecke trotz schwieriger Bedingungen so hingebracht hat, dass sie f\u00fcr alle Teilnehmer gut zu bew\u00e4ltigen war. Ohne Unf\u00e4lle, harmonisch als Kombination zwischen Breiten- und Spitzensport, genau so haben wir uns die Abwicklung gew\u00fcnscht. Mein Dank gilt allen Helfern, die die Veranstaltung m\u00f6glich gemacht haben und nat\u00fcrlich allen Startern.\u201c<\/em><\/p><\/blockquote>\n\n\n\n<p>Der Ausklang nach dem Rennen fand traditionell in der Sonnenalm statt, wo bei Kasspatzen aus der Eisenpfanne und Live-Musik des Goiserer \u201eElferkogel-Trios\u201c die Nachbesprechung stattfand. Gemeinsam wurde nach der Siegerehrung mit der Kabinenbahn abgefahren, um die Pr\u00e4parierungsarbeiten f\u00fcr den kommenden Tag nicht zu st\u00f6ren.<\/p>\n\n\n\n<div class=\"wp-block-file\"><a href=\"https:\/\/www.skimo.at\/rennen\/files\/2025\/12\/Ergebnisliste-Zwieselalmaufstieg-30.12.2025-1.pdf\">Ergebnisliste Zwieselalmaufstieg 30.12.2025<\/a><a href=\"https:\/\/www.skimo.at\/rennen\/files\/2025\/12\/Ergebnisliste-Zwieselalmaufstieg-30.12.2025-1.pdf\" class=\"wp-block-file__button\" download>Herunterladen<\/a><\/div>\n\n\n\n<figure class=\"wp-block-gallery columns-3 is-cropped\"><ul class=\"blocks-gallery-grid\"><li class=\"blocks-gallery-item\"><figure><a href=\"https:\/\/www.skimo.at\/rennen\/files\/2025\/12\/zwieselalmaufstieg2025-josef-huber-1-bild-andreas-renner-lr.jpg\"><img loading=\"lazy\" width=\"1024\" height=\"683\" src=\"https:\/\/www.skimo.at\/rennen\/files\/2025\/12\/zwieselalmaufstieg2025-josef-huber-1-bild-andreas-renner-lr-1024x683.jpg\" alt=\"\" data-id=\"306346\" data-full-url=\"https:\/\/www.skimo.at\/rennen\/files\/2025\/12\/zwieselalmaufstieg2025-josef-huber-1-bild-andreas-renner-lr.jpg\" data-link=\"https:\/\/www.skimo.at\/rennen\/?attachment_id=306346\" class=\"wp-image-306346\" srcset=\"https:\/\/www.skimo.at\/rennen\/files\/2025\/12\/zwieselalmaufstieg2025-josef-huber-1-bild-andreas-renner-lr-1024x683.jpg 1024w, https:\/\/www.skimo.at\/rennen\/files\/2025\/12\/zwieselalmaufstieg2025-josef-huber-1-bild-andreas-renner-lr-300x200.jpg 300w, https:\/\/www.skimo.at\/rennen\/files\/2025\/12\/zwieselalmaufstieg2025-josef-huber-1-bild-andreas-renner-lr-768x513.jpg 768w, https:\/\/www.skimo.at\/rennen\/files\/2025\/12\/zwieselalmaufstieg2025-josef-huber-1-bild-andreas-renner-lr-746x497.jpg 746w, https:\/\/www.skimo.at\/rennen\/files\/2025\/12\/zwieselalmaufstieg2025-josef-huber-1-bild-andreas-renner-lr-618x412.jpg 618w, https:\/\/www.skimo.at\/rennen\/files\/2025\/12\/zwieselalmaufstieg2025-josef-huber-1-bild-andreas-renner-lr-554x370.jpg 554w, https:\/\/www.skimo.at\/rennen\/files\/2025\/12\/zwieselalmaufstieg2025-josef-huber-1-bild-andreas-renner-lr-299x199.jpg 299w, https:\/\/www.skimo.at\/rennen\/files\/2025\/12\/zwieselalmaufstieg2025-josef-huber-1-bild-andreas-renner-lr-1224x817.jpg 1224w, https:\/\/www.skimo.at\/rennen\/files\/2025\/12\/zwieselalmaufstieg2025-josef-huber-1-bild-andreas-renner-lr-970x647.jpg 970w, https:\/\/www.skimo.at\/rennen\/files\/2025\/12\/zwieselalmaufstieg2025-josef-huber-1-bild-andreas-renner-lr-139x93.jpg 139w, https:\/\/www.skimo.at\/rennen\/files\/2025\/12\/zwieselalmaufstieg2025-josef-huber-1-bild-andreas-renner-lr-540x360.jpg 540w, https:\/\/www.skimo.at\/rennen\/files\/2025\/12\/zwieselalmaufstieg2025-josef-huber-1-bild-andreas-renner-lr.jpg 1476w\" sizes=\"(max-width: 1024px) 100vw, 1024px\" \/><\/a><\/figure><\/li><li class=\"blocks-gallery-item\"><figure><a href=\"https:\/\/www.skimo.at\/rennen\/files\/2025\/12\/zwieselalmaufstieg2025-linda-folsner-1-bild-andreas-renner-lr.jpg\"><img loading=\"lazy\" width=\"1024\" height=\"684\" src=\"https:\/\/www.skimo.at\/rennen\/files\/2025\/12\/zwieselalmaufstieg2025-linda-folsner-1-bild-andreas-renner-lr-1024x684.jpg\" alt=\"\" data-id=\"306347\" data-full-url=\"https:\/\/www.skimo.at\/rennen\/files\/2025\/12\/zwieselalmaufstieg2025-linda-folsner-1-bild-andreas-renner-lr.jpg\" data-link=\"https:\/\/www.skimo.at\/rennen\/?attachment_id=306347\" class=\"wp-image-306347\" srcset=\"https:\/\/www.skimo.at\/rennen\/files\/2025\/12\/zwieselalmaufstieg2025-linda-folsner-1-bild-andreas-renner-lr-1024x684.jpg 1024w, https:\/\/www.skimo.at\/rennen\/files\/2025\/12\/zwieselalmaufstieg2025-linda-folsner-1-bild-andreas-renner-lr-300x200.jpg 300w, https:\/\/www.skimo.at\/rennen\/files\/2025\/12\/zwieselalmaufstieg2025-linda-folsner-1-bild-andreas-renner-lr-768x513.jpg 768w, https:\/\/www.skimo.at\/rennen\/files\/2025\/12\/zwieselalmaufstieg2025-linda-folsner-1-bild-andreas-renner-lr-746x497.jpg 746w, https:\/\/www.skimo.at\/rennen\/files\/2025\/12\/zwieselalmaufstieg2025-linda-folsner-1-bild-andreas-renner-lr-618x412.jpg 618w, https:\/\/www.skimo.at\/rennen\/files\/2025\/12\/zwieselalmaufstieg2025-linda-folsner-1-bild-andreas-renner-lr-554x370.jpg 554w, https:\/\/www.skimo.at\/rennen\/files\/2025\/12\/zwieselalmaufstieg2025-linda-folsner-1-bild-andreas-renner-lr-299x199.jpg 299w, https:\/\/www.skimo.at\/rennen\/files\/2025\/12\/zwieselalmaufstieg2025-linda-folsner-1-bild-andreas-renner-lr-1224x818.jpg 1224w, https:\/\/www.skimo.at\/rennen\/files\/2025\/12\/zwieselalmaufstieg2025-linda-folsner-1-bild-andreas-renner-lr-970x648.jpg 970w, https:\/\/www.skimo.at\/rennen\/files\/2025\/12\/zwieselalmaufstieg2025-linda-folsner-1-bild-andreas-renner-lr-139x93.jpg 139w, https:\/\/www.skimo.at\/rennen\/files\/2025\/12\/zwieselalmaufstieg2025-linda-folsner-1-bild-andreas-renner-lr-540x360.jpg 540w, https:\/\/www.skimo.at\/rennen\/files\/2025\/12\/zwieselalmaufstieg2025-linda-folsner-1-bild-andreas-renner-lr.jpg 1476w\" sizes=\"(max-width: 1024px) 100vw, 1024px\" \/><\/a><\/figure><\/li><li class=\"blocks-gallery-item\"><figure><a href=\"https:\/\/www.skimo.at\/rennen\/files\/2025\/12\/zwieselalmaufstieg2025-lukas-kaufmann-1-bild-karl-posch-lr.jpg\"><img loading=\"lazy\" width=\"1024\" height=\"683\" src=\"https:\/\/www.skimo.at\/rennen\/files\/2025\/12\/zwieselalmaufstieg2025-lukas-kaufmann-1-bild-karl-posch-lr-1024x683.jpg\" alt=\"\" data-id=\"306348\" data-full-url=\"https:\/\/www.skimo.at\/rennen\/files\/2025\/12\/zwieselalmaufstieg2025-lukas-kaufmann-1-bild-karl-posch-lr.jpg\" data-link=\"https:\/\/www.skimo.at\/rennen\/?attachment_id=306348\" class=\"wp-image-306348\" srcset=\"https:\/\/www.skimo.at\/rennen\/files\/2025\/12\/zwieselalmaufstieg2025-lukas-kaufmann-1-bild-karl-posch-lr-1024x683.jpg 1024w, https:\/\/www.skimo.at\/rennen\/files\/2025\/12\/zwieselalmaufstieg2025-lukas-kaufmann-1-bild-karl-posch-lr-300x200.jpg 300w, https:\/\/www.skimo.at\/rennen\/files\/2025\/12\/zwieselalmaufstieg2025-lukas-kaufmann-1-bild-karl-posch-lr-768x512.jpg 768w, https:\/\/www.skimo.at\/rennen\/files\/2025\/12\/zwieselalmaufstieg2025-lukas-kaufmann-1-bild-karl-posch-lr-746x497.jpg 746w, https:\/\/www.skimo.at\/rennen\/files\/2025\/12\/zwieselalmaufstieg2025-lukas-kaufmann-1-bild-karl-posch-lr-618x412.jpg 618w, https:\/\/www.skimo.at\/rennen\/files\/2025\/12\/zwieselalmaufstieg2025-lukas-kaufmann-1-bild-karl-posch-lr-554x369.jpg 554w, https:\/\/www.skimo.at\/rennen\/files\/2025\/12\/zwieselalmaufstieg2025-lukas-kaufmann-1-bild-karl-posch-lr-299x199.jpg 299w, https:\/\/www.skimo.at\/rennen\/files\/2025\/12\/zwieselalmaufstieg2025-lukas-kaufmann-1-bild-karl-posch-lr-1224x816.jpg 1224w, https:\/\/www.skimo.at\/rennen\/files\/2025\/12\/zwieselalmaufstieg2025-lukas-kaufmann-1-bild-karl-posch-lr-970x647.jpg 970w, https:\/\/www.skimo.at\/rennen\/files\/2025\/12\/zwieselalmaufstieg2025-lukas-kaufmann-1-bild-karl-posch-lr-140x93.jpg 140w, https:\/\/www.skimo.at\/rennen\/files\/2025\/12\/zwieselalmaufstieg2025-lukas-kaufmann-1-bild-karl-posch-lr-540x360.jpg 540w, https:\/\/www.skimo.at\/rennen\/files\/2025\/12\/zwieselalmaufstieg2025-lukas-kaufmann-1-bild-karl-posch-lr.jpg 1476w\" sizes=\"(max-width: 1024px) 100vw, 1024px\" \/><\/a><\/figure><\/li><li class=\"blocks-gallery-item\"><figure><a href=\"https:\/\/www.skimo.at\/rennen\/files\/2025\/12\/zwieselalmaufstieg2025-markus-schmaranzer-1-bild-karl-posch-lr.jpg\"><img loading=\"lazy\" width=\"1024\" height=\"683\" src=\"https:\/\/www.skimo.at\/rennen\/files\/2025\/12\/zwieselalmaufstieg2025-markus-schmaranzer-1-bild-karl-posch-lr-1024x683.jpg\" alt=\"\" data-id=\"306349\" data-full-url=\"https:\/\/www.skimo.at\/rennen\/files\/2025\/12\/zwieselalmaufstieg2025-markus-schmaranzer-1-bild-karl-posch-lr.jpg\" data-link=\"https:\/\/www.skimo.at\/rennen\/?attachment_id=306349\" class=\"wp-image-306349\" srcset=\"https:\/\/www.skimo.at\/rennen\/files\/2025\/12\/zwieselalmaufstieg2025-markus-schmaranzer-1-bild-karl-posch-lr-1024x683.jpg 1024w, https:\/\/www.skimo.at\/rennen\/files\/2025\/12\/zwieselalmaufstieg2025-markus-schmaranzer-1-bild-karl-posch-lr-300x200.jpg 300w, https:\/\/www.skimo.at\/rennen\/files\/2025\/12\/zwieselalmaufstieg2025-markus-schmaranzer-1-bild-karl-posch-lr-768x512.jpg 768w, https:\/\/www.skimo.at\/rennen\/files\/2025\/12\/zwieselalmaufstieg2025-markus-schmaranzer-1-bild-karl-posch-lr-746x497.jpg 746w, https:\/\/www.skimo.at\/rennen\/files\/2025\/12\/zwieselalmaufstieg2025-markus-schmaranzer-1-bild-karl-posch-lr-618x412.jpg 618w, https:\/\/www.skimo.at\/rennen\/files\/2025\/12\/zwieselalmaufstieg2025-markus-schmaranzer-1-bild-karl-posch-lr-554x369.jpg 554w, https:\/\/www.skimo.at\/rennen\/files\/2025\/12\/zwieselalmaufstieg2025-markus-schmaranzer-1-bild-karl-posch-lr-299x199.jpg 299w, https:\/\/www.skimo.at\/rennen\/files\/2025\/12\/zwieselalmaufstieg2025-markus-schmaranzer-1-bild-karl-posch-lr-1224x816.jpg 1224w, https:\/\/www.skimo.at\/rennen\/files\/2025\/12\/zwieselalmaufstieg2025-markus-schmaranzer-1-bild-karl-posch-lr-970x647.jpg 970w, https:\/\/www.skimo.at\/rennen\/files\/2025\/12\/zwieselalmaufstieg2025-markus-schmaranzer-1-bild-karl-posch-lr-140x93.jpg 140w, https:\/\/www.skimo.at\/rennen\/files\/2025\/12\/zwieselalmaufstieg2025-markus-schmaranzer-1-bild-karl-posch-lr-540x360.jpg 540w, https:\/\/www.skimo.at\/rennen\/files\/2025\/12\/zwieselalmaufstieg2025-markus-schmaranzer-1-bild-karl-posch-lr.jpg 1476w\" sizes=\"(max-width: 1024px) 100vw, 1024px\" \/><\/a><\/figure><\/li><li class=\"blocks-gallery-item\"><figure><a href=\"https:\/\/www.skimo.at\/rennen\/files\/2025\/12\/zwieselalmaufstieg2025-mittelwertsieger-vlnr-zopf-2-mitterndorfer-3-trawoger-1-bild-andreas-renner-lr.jpg\"><img loading=\"lazy\" width=\"1024\" height=\"683\" src=\"https:\/\/www.skimo.at\/rennen\/files\/2025\/12\/zwieselalmaufstieg2025-mittelwertsieger-vlnr-zopf-2-mitterndorfer-3-trawoger-1-bild-andreas-renner-lr-1024x683.jpg\" alt=\"\" data-id=\"306350\" data-full-url=\"https:\/\/www.skimo.at\/rennen\/files\/2025\/12\/zwieselalmaufstieg2025-mittelwertsieger-vlnr-zopf-2-mitterndorfer-3-trawoger-1-bild-andreas-renner-lr.jpg\" data-link=\"https:\/\/www.skimo.at\/rennen\/?attachment_id=306350\" class=\"wp-image-306350\" srcset=\"https:\/\/www.skimo.at\/rennen\/files\/2025\/12\/zwieselalmaufstieg2025-mittelwertsieger-vlnr-zopf-2-mitterndorfer-3-trawoger-1-bild-andreas-renner-lr-1024x683.jpg 1024w, https:\/\/www.skimo.at\/rennen\/files\/2025\/12\/zwieselalmaufstieg2025-mittelwertsieger-vlnr-zopf-2-mitterndorfer-3-trawoger-1-bild-andreas-renner-lr-300x200.jpg 300w, https:\/\/www.skimo.at\/rennen\/files\/2025\/12\/zwieselalmaufstieg2025-mittelwertsieger-vlnr-zopf-2-mitterndorfer-3-trawoger-1-bild-andreas-renner-lr-768x512.jpg 768w, https:\/\/www.skimo.at\/rennen\/files\/2025\/12\/zwieselalmaufstieg2025-mittelwertsieger-vlnr-zopf-2-mitterndorfer-3-trawoger-1-bild-andreas-renner-lr-746x497.jpg 746w, https:\/\/www.skimo.at\/rennen\/files\/2025\/12\/zwieselalmaufstieg2025-mittelwertsieger-vlnr-zopf-2-mitterndorfer-3-trawoger-1-bild-andreas-renner-lr-618x412.jpg 618w, https:\/\/www.skimo.at\/rennen\/files\/2025\/12\/zwieselalmaufstieg2025-mittelwertsieger-vlnr-zopf-2-mitterndorfer-3-trawoger-1-bild-andreas-renner-lr-554x369.jpg 554w, https:\/\/www.skimo.at\/rennen\/files\/2025\/12\/zwieselalmaufstieg2025-mittelwertsieger-vlnr-zopf-2-mitterndorfer-3-trawoger-1-bild-andreas-renner-lr-299x199.jpg 299w, https:\/\/www.skimo.at\/rennen\/files\/2025\/12\/zwieselalmaufstieg2025-mittelwertsieger-vlnr-zopf-2-mitterndorfer-3-trawoger-1-bild-andreas-renner-lr-1224x816.jpg 1224w, https:\/\/www.skimo.at\/rennen\/files\/2025\/12\/zwieselalmaufstieg2025-mittelwertsieger-vlnr-zopf-2-mitterndorfer-3-trawoger-1-bild-andreas-renner-lr-970x647.jpg 970w, https:\/\/www.skimo.at\/rennen\/files\/2025\/12\/zwieselalmaufstieg2025-mittelwertsieger-vlnr-zopf-2-mitterndorfer-3-trawoger-1-bild-andreas-renner-lr-140x93.jpg 140w, https:\/\/www.skimo.at\/rennen\/files\/2025\/12\/zwieselalmaufstieg2025-mittelwertsieger-vlnr-zopf-2-mitterndorfer-3-trawoger-1-bild-andreas-renner-lr-540x360.jpg 540w, https:\/\/www.skimo.at\/rennen\/files\/2025\/12\/zwieselalmaufstieg2025-mittelwertsieger-vlnr-zopf-2-mitterndorfer-3-trawoger-1-bild-andreas-renner-lr.jpg 1476w\" sizes=\"(max-width: 1024px) 100vw, 1024px\" \/><\/a><\/figure><\/li><li class=\"blocks-gallery-item\"><figure><a href=\"https:\/\/www.skimo.at\/rennen\/files\/2025\/12\/zwieselalmaufstieg2025-siegerehrung-mit-livemusik-bild-andreas-renner-lr.jpg\"><img loading=\"lazy\" width=\"1024\" height=\"683\" src=\"https:\/\/www.skimo.at\/rennen\/files\/2025\/12\/zwieselalmaufstieg2025-siegerehrung-mit-livemusik-bild-andreas-renner-lr-1024x683.jpg\" alt=\"\" data-id=\"306351\" data-full-url=\"https:\/\/www.skimo.at\/rennen\/files\/2025\/12\/zwieselalmaufstieg2025-siegerehrung-mit-livemusik-bild-andreas-renner-lr.jpg\" data-link=\"https:\/\/www.skimo.at\/rennen\/?attachment_id=306351\" class=\"wp-image-306351\" srcset=\"https:\/\/www.skimo.at\/rennen\/files\/2025\/12\/zwieselalmaufstieg2025-siegerehrung-mit-livemusik-bild-andreas-renner-lr-1024x683.jpg 1024w, https:\/\/www.skimo.at\/rennen\/files\/2025\/12\/zwieselalmaufstieg2025-siegerehrung-mit-livemusik-bild-andreas-renner-lr-300x200.jpg 300w, https:\/\/www.skimo.at\/rennen\/files\/2025\/12\/zwieselalmaufstieg2025-siegerehrung-mit-livemusik-bild-andreas-renner-lr-768x512.jpg 768w, https:\/\/www.skimo.at\/rennen\/files\/2025\/12\/zwieselalmaufstieg2025-siegerehrung-mit-livemusik-bild-andreas-renner-lr-746x497.jpg 746w, https:\/\/www.skimo.at\/rennen\/files\/2025\/12\/zwieselalmaufstieg2025-siegerehrung-mit-livemusik-bild-andreas-renner-lr-618x412.jpg 618w, https:\/\/www.skimo.at\/rennen\/files\/2025\/12\/zwieselalmaufstieg2025-siegerehrung-mit-livemusik-bild-andreas-renner-lr-554x369.jpg 554w, https:\/\/www.skimo.at\/rennen\/files\/2025\/12\/zwieselalmaufstieg2025-siegerehrung-mit-livemusik-bild-andreas-renner-lr-299x199.jpg 299w, https:\/\/www.skimo.at\/rennen\/files\/2025\/12\/zwieselalmaufstieg2025-siegerehrung-mit-livemusik-bild-andreas-renner-lr-1224x816.jpg 1224w, https:\/\/www.skimo.at\/rennen\/files\/2025\/12\/zwieselalmaufstieg2025-siegerehrung-mit-livemusik-bild-andreas-renner-lr-970x647.jpg 970w, https:\/\/www.skimo.at\/rennen\/files\/2025\/12\/zwieselalmaufstieg2025-siegerehrung-mit-livemusik-bild-andreas-renner-lr-140x93.jpg 140w, https:\/\/www.skimo.at\/rennen\/files\/2025\/12\/zwieselalmaufstieg2025-siegerehrung-mit-livemusik-bild-andreas-renner-lr-540x360.jpg 540w, https:\/\/www.skimo.at\/rennen\/files\/2025\/12\/zwieselalmaufstieg2025-siegerehrung-mit-livemusik-bild-andreas-renner-lr.jpg 1476w\" sizes=\"(max-width: 1024px) 100vw, 1024px\" \/><\/a><\/figure><\/li><li class=\"blocks-gallery-item\"><figure><a href=\"https:\/\/www.skimo.at\/rennen\/files\/2025\/12\/zwieselalmaufstieg2025-start-bild-katrin-jackle-lr.jpg\"><img loading=\"lazy\" width=\"1024\" height=\"702\" src=\"https:\/\/www.skimo.at\/rennen\/files\/2025\/12\/zwieselalmaufstieg2025-start-bild-katrin-jackle-lr-1024x702.jpg\" alt=\"\" data-id=\"306352\" data-full-url=\"https:\/\/www.skimo.at\/rennen\/files\/2025\/12\/zwieselalmaufstieg2025-start-bild-katrin-jackle-lr.jpg\" data-link=\"https:\/\/www.skimo.at\/rennen\/?attachment_id=306352\" class=\"wp-image-306352\" srcset=\"https:\/\/www.skimo.at\/rennen\/files\/2025\/12\/zwieselalmaufstieg2025-start-bild-katrin-jackle-lr-1024x702.jpg 1024w, https:\/\/www.skimo.at\/rennen\/files\/2025\/12\/zwieselalmaufstieg2025-start-bild-katrin-jackle-lr-300x206.jpg 300w, https:\/\/www.skimo.at\/rennen\/files\/2025\/12\/zwieselalmaufstieg2025-start-bild-katrin-jackle-lr-768x527.jpg 768w, https:\/\/www.skimo.at\/rennen\/files\/2025\/12\/zwieselalmaufstieg2025-start-bild-katrin-jackle-lr-1224x839.jpg 1224w, https:\/\/www.skimo.at\/rennen\/files\/2025\/12\/zwieselalmaufstieg2025-start-bild-katrin-jackle-lr-970x665.jpg 970w, https:\/\/www.skimo.at\/rennen\/files\/2025\/12\/zwieselalmaufstieg2025-start-bild-katrin-jackle-lr-554x380.jpg 554w, https:\/\/www.skimo.at\/rennen\/files\/2025\/12\/zwieselalmaufstieg2025-start-bild-katrin-jackle-lr-136x93.jpg 136w, https:\/\/www.skimo.at\/rennen\/files\/2025\/12\/zwieselalmaufstieg2025-start-bild-katrin-jackle-lr.jpg 1476w\" sizes=\"(max-width: 1024px) 100vw, 1024px\" \/><\/a><\/figure><\/li><\/ul><figcaption class=\"blocks-gallery-caption\">Bilder: Katrin J\u00e4ckle, Andreas Renner, Karl Posch<\/figcaption><\/figure>\n","protected":false},"excerpt":{"rendered":"<p>Die Durchf\u00fchrung des Skibergsteiger-Rennens Zwieselalm-Aufstieg in Gosau im Skigebiet Dachstein West war durch den Schneemangel im Vorfeld schwierig zu planen. P\u00fcnktlich zum Rennen schickte Frau Holle aber eine Ladung Neuschnee. Zwar war der eiskalte Schneesturm f\u00fcr die Sportler unangenehm, sp\u00e4testens beim gem\u00fctlichen Zusammensitzen nach dem Rennen waren aber alle gl\u00fccklich und zufrieden. Siegerin der Mittelwertung [&hellip;]<\/p>\n","protected":false},"author":3,"featured_media":306346,"comment_status":"closed","ping_status":"closed","sticky":false,"template":"","format":"standard","meta":[],"categories":[1,9,3],"tags":[],"yoast_head":"<!-- This site is optimized with the Yoast SEO plugin v16.3 - https:\/\/yoast.com\/wordpress\/plugins\/seo\/ -->\n<title>Zwieselalm-Aufstieg am 30.12.2025Schwierige Bedingungen und gl\u00fcckliche Gesichter - Rennen<\/title>\n<meta name=\"robots\" content=\"index, follow, max-snippet:-1, max-image-preview:large, max-video-preview:-1\" \/>\n<link rel=\"canonical\" href=\"https:\/\/www.skimo.at\/rennen\/306344\/zwieselalm-aufstieg-am-30-12-2025schwierige-bedingungen-und-glueckliche-gesichter\/\" \/>\n<meta property=\"og:locale\" content=\"de_DE\" \/>\n<meta property=\"og:type\" content=\"article\" \/>\n<meta property=\"og:title\" content=\"Zwieselalm-Aufstieg am 30.12.2025Schwierige Bedingungen und gl\u00fcckliche Gesichter - Rennen\" \/>\n<meta property=\"og:description\" content=\"Die Durchf\u00fchrung des Skibergsteiger-Rennens Zwieselalm-Aufstieg in Gosau im Skigebiet Dachstein West war durch den Schneemangel im Vorfeld schwierig zu planen. P\u00fcnktlich zum Rennen schickte Frau Holle aber eine Ladung Neuschnee. Zwar war der eiskalte Schneesturm f\u00fcr die Sportler unangenehm, sp\u00e4testens beim gem\u00fctlichen Zusammensitzen nach dem Rennen waren aber alle gl\u00fccklich und zufrieden. Siegerin der Mittelwertung [&hellip;]\" \/>\n<meta property=\"og:url\" content=\"https:\/\/www.skimo.at\/rennen\/306344\/zwieselalm-aufstieg-am-30-12-2025schwierige-bedingungen-und-glueckliche-gesichter\/\" \/>\n<meta property=\"og:site_name\" content=\"Rennen\" \/>\n<meta property=\"article:published_time\" content=\"2025-12-31T09:33:37+00:00\" \/>\n<meta property=\"article:modified_time\" content=\"2025-12-31T09:34:11+00:00\" \/>\n<meta property=\"og:image\" content=\"https:\/\/www.skimo.at\/rennen\/files\/2025\/12\/zwieselalmaufstieg2025-josef-huber-1-bild-andreas-renner-lr.jpg\" \/>\n\t<meta property=\"og:image:width\" content=\"1476\" \/>\n\t<meta property=\"og:image:height\" content=\"985\" \/>\n<meta name=\"twitter:card\" content=\"summary\" \/>\n<meta name=\"twitter:label1\" content=\"Gesch\u00e4tzte Lesezeit\">\n\t<meta name=\"twitter:data1\" content=\"4\u00a0Minuten\">\n<script type=\"application\/ld+json\" class=\"yoast-schema-graph\">{\"@context\":\"https:\/\/schema.org\",\"@graph\":[{\"@type\":\"WebSite\",\"@id\":\"https:\/\/skimo.73.jarolim.eu\/rennen\/#website\",\"url\":\"https:\/\/skimo.73.jarolim.eu\/rennen\/\",\"name\":\"Rennen\",\"description\":\"\",\"potentialAction\":[{\"@type\":\"SearchAction\",\"target\":\"https:\/\/skimo.73.jarolim.eu\/rennen\/?s={search_term_string}\",\"query-input\":\"required name=search_term_string\"}],\"inLanguage\":\"de\"},{\"@type\":\"ImageObject\",\"@id\":\"https:\/\/www.skimo.at\/rennen\/306344\/zwieselalm-aufstieg-am-30-12-2025schwierige-bedingungen-und-glueckliche-gesichter\/#primaryimage\",\"inLanguage\":\"de\",\"url\":\"https:\/\/www.skimo.at\/rennen\/files\/2025\/12\/zwieselalmaufstieg2025-josef-huber-1-bild-andreas-renner-lr.jpg\",\"contentUrl\":\"https:\/\/www.skimo.at\/rennen\/files\/2025\/12\/zwieselalmaufstieg2025-josef-huber-1-bild-andreas-renner-lr.jpg\",\"width\":1476,\"height\":985},{\"@type\":\"WebPage\",\"@id\":\"https:\/\/www.skimo.at\/rennen\/306344\/zwieselalm-aufstieg-am-30-12-2025schwierige-bedingungen-und-glueckliche-gesichter\/#webpage\",\"url\":\"https:\/\/www.skimo.at\/rennen\/306344\/zwieselalm-aufstieg-am-30-12-2025schwierige-bedingungen-und-glueckliche-gesichter\/\",\"name\":\"Zwieselalm-Aufstieg am 30.12.2025Schwierige Bedingungen und gl\\u00fcckliche Gesichter - Rennen\",\"isPartOf\":{\"@id\":\"https:\/\/skimo.73.jarolim.eu\/rennen\/#website\"},\"primaryImageOfPage\":{\"@id\":\"https:\/\/www.skimo.at\/rennen\/306344\/zwieselalm-aufstieg-am-30-12-2025schwierige-bedingungen-und-glueckliche-gesichter\/#primaryimage\"},\"datePublished\":\"2025-12-31T09:33:37+00:00\",\"dateModified\":\"2025-12-31T09:34:11+00:00\",\"author\":{\"@id\":\"https:\/\/skimo.73.jarolim.eu\/rennen\/#\/schema\/person\/796ecbce6796efca58bf848ca63ec12c\"},\"breadcrumb\":{\"@id\":\"https:\/\/www.skimo.at\/rennen\/306344\/zwieselalm-aufstieg-am-30-12-2025schwierige-bedingungen-und-glueckliche-gesichter\/#breadcrumb\"},\"inLanguage\":\"de\",\"potentialAction\":[{\"@type\":\"ReadAction\",\"target\":[\"https:\/\/www.skimo.at\/rennen\/306344\/zwieselalm-aufstieg-am-30-12-2025schwierige-bedingungen-und-glueckliche-gesichter\/\"]}]},{\"@type\":\"BreadcrumbList\",\"@id\":\"https:\/\/www.skimo.at\/rennen\/306344\/zwieselalm-aufstieg-am-30-12-2025schwierige-bedingungen-und-glueckliche-gesichter\/#breadcrumb\",\"itemListElement\":[{\"@type\":\"ListItem\",\"position\":1,\"item\":{\"@type\":\"WebPage\",\"@id\":\"https:\/\/skimo.73.jarolim.eu\/rennen\/\",\"url\":\"https:\/\/skimo.73.jarolim.eu\/rennen\/\",\"name\":\"Home\"}},{\"@type\":\"ListItem\",\"position\":2,\"item\":{\"@id\":\"https:\/\/www.skimo.at\/rennen\/306344\/zwieselalm-aufstieg-am-30-12-2025schwierige-bedingungen-und-glueckliche-gesichter\/#webpage\"}}]},{\"@type\":\"Person\",\"@id\":\"https:\/\/skimo.73.jarolim.eu\/rennen\/#\/schema\/person\/796ecbce6796efca58bf848ca63ec12c\",\"name\":\"kposch\",\"image\":{\"@type\":\"ImageObject\",\"@id\":\"https:\/\/skimo.73.jarolim.eu\/rennen\/#personlogo\",\"inLanguage\":\"de\",\"url\":\"https:\/\/secure.gravatar.com\/avatar\/e9f5f28da60e5e563d3f4d3cc0b9b425?s=96&r=g\",\"contentUrl\":\"https:\/\/secure.gravatar.com\/avatar\/e9f5f28da60e5e563d3f4d3cc0b9b425?s=96&r=g\",\"caption\":\"kposch\"},\"url\":\"https:\/\/www.skimo.at\/rennen\/author\/kposch\/\"}]}<\/script>\n<!-- \/ Yoast SEO plugin. -->","_links":{"self":[{"href":"https:\/\/www.skimo.at\/rennen\/wp-json\/wp\/v2\/posts\/306344"}],"collection":[{"href":"https:\/\/www.skimo.at\/rennen\/wp-json\/wp\/v2\/posts"}],"about":[{"href":"https:\/\/www.skimo.at\/rennen\/wp-json\/wp\/v2\/types\/post"}],"author":[{"embeddable":true,"href":"https:\/\/www.skimo.at\/rennen\/wp-json\/wp\/v2\/users\/3"}],"replies":[{"embeddable":true,"href":"https:\/\/www.skimo.at\/rennen\/wp-json\/wp\/v2\/comments?post=306344"}],"version-history":[{"count":1,"href":"https:\/\/www.skimo.at\/rennen\/wp-json\/wp\/v2\/posts\/306344\/revisions"}],"predecessor-version":[{"id":306354,"href":"https:\/\/www.skimo.at\/rennen\/wp-json\/wp\/v2\/posts\/306344\/revisions\/306354"}],"wp:featuredmedia":[{"embeddable":true,"href":"https:\/\/www.skimo.at\/rennen\/wp-json\/wp\/v2\/media\/306346"}],"wp:attachment":[{"href":"https:\/\/www.skimo.at\/rennen\/wp-json\/wp\/v2\/media?parent=306344"}],"wp:term":[{"taxonomy":"category","embeddable":true,"href":"https:\/\/www.skimo.at\/rennen\/wp-json\/wp\/v2\/categories?post=306344"},{"taxonomy":"post_tag","embeddable":true,"href":"https:\/\/www.skimo.at\/rennen\/wp-json\/wp\/v2\/tags?post=306344"}],"curies":[{"name":"wp","href":"https:\/\/api.w.org\/{rel}","templated":true}]}}