{"id":306340,"date":"2025-12-31T11:26:58","date_gmt":"2025-12-31T09:26:58","guid":{"rendered":"https:\/\/www.skimo.at\/rennen\/?p=306340"},"modified":"2026-01-03T17:12:50","modified_gmt":"2026-01-03T15:12:50","slug":"hiemer-und-verbnjak-schliessen-2025-als-vertical-staatsmeister-ab","status":"publish","type":"post","link":"https:\/\/www.skimo.at\/rennen\/306340\/hiemer-und-verbnjak-schliessen-2025-als-vertical-staatsmeister-ab\/","title":{"rendered":"Hiemer und Verbnjak schlie\u00dfen 2025 als Vertical Staatsmeister ab"},"content":{"rendered":"\n<p>Johanna Hiemer und Paul Verbnjak kr\u00f6nten sich bei der gestrigen \u00d6M, am Galsterberg (Steiermark), zu \u00f6sterreichischen Vertical-Staatsmeistern. Im neuen Jahr stehen mit der Olympia-Premiere und der EM in Aserbaidschan zwei gro\u00dfe Highlights im Kalender der Skibergsteiger.<\/p>\n\n\n\n<!--more-->\n\n\n\n<p>Am gestrigen Dienstag trugen die Skibergsteiger &#8211; nach 2022 &#8211; die \u00d6sterreichischen Vertical-Staatsmeisterschaften erneut am Galsterberg in Pruggern (Steiermark) aus. Knapp 100 Teilnehmer nahmen die 3,6 Kilometer und 670 H\u00f6henmeter auf der, vom Skiclub Gr\u00f6bming und den Bergbahnen Galsterberg, bestens pr\u00e4parierten Route in Angriff. Mit der Bestzeit von 25:21 Minuten sicherte sich Ski Austria-L\u00e4ufer Paul Verbnjak den Sieg und den Staatsmeistertitel im Vertical. Damit verwies der K\u00e4rntner seinen Teamkollegen und Vorjahressieger Christof Hochenwarter auf den zweiten Platz. Nur wenige Sekunden dahinter holte sich der Salzburger Hannes Lohfeyer den 3. Rang und komplettierte damit das Ski Austria Podium. Auch die R\u00e4nge 4 bis 7 lagen mit Nils Oberauer, Kevin Hinterberger, Silvano Wolf und Julian Tritscher in \u00d6SV-Hand. Routinier Daniel Zugg belegte Rang 10. Die beiden steirischen Nachwuchsl\u00e4ufer Kilian Rettensteiner und Elias Peer kamen als 10. bzw. 11. ins Ziel und holten sich damit \u00d6M-Platz 1 und 2 in der U20.<\/p>\n\n\n\n<p><\/p>\n\n\n\n<figure class=\"wp-block-image size-large\"><a href=\"https:\/\/www.skimo.at\/rennen\/files\/2025\/12\/img-2635-1.jpeg\"><img loading=\"lazy\" width=\"1024\" height=\"698\" src=\"https:\/\/www.skimo.at\/rennen\/files\/2025\/12\/img-2635-1-1024x698.jpeg\" alt=\"\" class=\"wp-image-306342\" srcset=\"https:\/\/www.skimo.at\/rennen\/files\/2025\/12\/img-2635-1-1024x698.jpeg 1024w, https:\/\/www.skimo.at\/rennen\/files\/2025\/12\/img-2635-1-300x205.jpeg 300w, https:\/\/www.skimo.at\/rennen\/files\/2025\/12\/img-2635-1-768x524.jpeg 768w, https:\/\/www.skimo.at\/rennen\/files\/2025\/12\/img-2635-1-1224x834.jpeg 1224w, https:\/\/www.skimo.at\/rennen\/files\/2025\/12\/img-2635-1-970x661.jpeg 970w, https:\/\/www.skimo.at\/rennen\/files\/2025\/12\/img-2635-1-554x378.jpeg 554w, https:\/\/www.skimo.at\/rennen\/files\/2025\/12\/img-2635-1-136x93.jpeg 136w, https:\/\/www.skimo.at\/rennen\/files\/2025\/12\/img-2635-1.jpeg 1920w\" sizes=\"(max-width: 1024px) 100vw, 1024px\" \/><\/a><figcaption>Johanna Hiemer und Paul Verbnjak sind die neuen Vertical Staatsmeister<\/figcaption><\/figure>\n\n\n\n<p>Bei den \u00d6SV-Damen konnte sich Johanna Hiemer von Beginn an absetzen und ihren Vorsprung \u00fcber die Distanz ausbauen. Mit einer Siegerzeit von 30:41 Minuten sicherte sich die Schladmingerin den Staatsmeistertitel und entthronte damit Sarah Dreier, die den Titel zuvor f\u00fcnf Mal in Folge gewinnen konnte. Der 3. Platz ging an die Salzburgerin Ina Forchthammer. Die \u00d6SV-Nachwuchsl\u00e4uferin Emely Breitfuss siegte in der Sch\u00fclerklasse U16.<br><\/p>\n\n\n\n<p><a href=\"https:\/\/time2win.at\/event\/946\/results\">Hier geht es zu den Ergebnissen<\/a><\/p>\n\n\n\n<h2>Vorfreude auf das neue Jahr<\/h2>\n\n\n\n<p>F\u00fcr die \u00d6SV-Skibergsteiger stehen im kommenden Jahr mit der Olympiapremiere in Bormio (ITA) vom 19. bis 21. Februar 2026 und den anschlie\u00dfenden Europameisterschaften in Aserbaidschan (4. \u2013 8. M\u00e4rz 2026) zwei echte Highlights im Kalender. Zun\u00e4chst hei\u00dft es f\u00fcr das \u00d6SV-Team aber erst einmal, sich gut zu regenerieren und sich auf den folgenden Weltcup vorzubereiten. Am 15. und 16. J\u00e4nner gehen in Courchevel (FRA) die Sprint- und Vertical-Bewerbe \u00fcber die B\u00fchne.<\/p>\n\n\n\n<h2>STIMMEN:<\/h2>\n\n\n\n<p>Johanna Hiemer<\/p>\n\n\n\n<blockquote class=\"wp-block-quote\"><p>\u201eMeine \u00d6M-Medaillensammlung ist jetzt, nachdem ich Sprint und Individual ja schon gewonnen habe, vollst\u00e4ndig und das freut mich nat\u00fcrlich sehr. Wobei es fast ein wenig \u00fcberraschend kommt, weil ich mich ja konsequent auf die Sprint- und Mixed-Disziplinen spezialisiert habe. Offensichtlich war meine Sommervorbereitung gut, auch mental. Ich f\u00fchle mich bereit und hoffe die n\u00e4chste Medaille hat f\u00fcnf Ringe.\u201c<\/p><\/blockquote>\n\n\n\n<p>Paul Verbnjak:<\/p>\n\n\n\n<blockquote class=\"wp-block-quote\"><p>\u201eIch habe einen super Tag erwischt und bin wirklich gut in Form, speziell jetzt auch nach den letzten H\u00f6hentrainingslagern. Mein Fokus f\u00fcr die Saison liegt zwar logischerweise auf den kurzen Olympiadistanzen, aber offensichtlich kann ich auch noch ganz gut an die Schwellenleistung und dar\u00fcber gehen. Es war ein toller Kampf mit Christof Hochenwarter und diesmal hatte ich wieder das gl\u00fccklichere Ende f\u00fcr mich.\u201c<\/p><p><\/p><\/blockquote>\n\n\n\n<p>Text: \u00d6SV Martin Weigl<\/p>\n\n\n\n<h2>Nachtrag: nachfolgend der Text vom Veranstalter (3.1.2026):<\/h2>\n\n\n\n<p>Bei winterlichen Bedingungen (starker Schneefall u. Sturm) wurde am vorletzten Tag im Jahr 2025 p\u00fcnktlich um 15:00 Uhr das Vertikal Rennen zur Staatsmeisterschaft am Galsterberg gestartet. Seit den fr\u00fchen Morgenstunden war das Team vom Schiklub Raiffeisen Gr\u00f6bming gemeinsam mit dem Team der Bergbahnen bem\u00fcht optimale Bedingungen f\u00fcr die Athleten zu schaffen.<\/p>\n\n\n\n<p>Ziel u. Startraum aufbauen, Z\u00e4une an den neuralgischen Punkten f\u00fcr die Sicherheit der Sportler zu setzen da ja zu dem Zeitpunkt noch reger Skibetrieb war. Neben dem vollz\u00e4hligen Sportlern des Nationalteams waren ambitionierte Skibergsteiger aus 8 Nationen (POL, NL, HUN, GER, CRO, ESP, JPN, AUT) am Start.<\/p>\n\n\n\n<p>Der K\u00e4rntner Paul Verbnjak gab bei den Herren gleich nach dem Start den Ton an und suchte in der ersten steilen Rampe eine Entscheidung herbeizuf\u00fchren. Bei den Damen war es die Schladmingerin Johanna Hiemer welche von Beginn an aufs Tempo dr\u00fcckte. Beide konnten das Tempo bis ins Ziel nach 3,2km u. 620hm durchziehen und sich den Staatsmeistertitel holen.<\/p>\n\n\n\n<p>In den Sch\u00fclerklassen (U14 u. U16) waren 15 Nachwuchsathleten am Start. \u00dcber die 300hm war der Steirer Florian Steinecker nicht zu schlagen. Er sicherte sich mit einem Vorsprung von \u00fcber 2min den Sieg. Bei den M\u00e4dls sichert sich die Salzburgerin Emely Breitfu\u00df die Tagesbestzeit und somit den Titel in der U16 Klasse.<\/p>\n\n\n\n<p>Da der Galsterberg im Allgemeinen in der Region neben dem Skibetrieb auch ein ausgewiesener Berg f\u00fcr Tourengeher ist war es nicht verwunderlich das sich sehr viele dieses Spektakel am Streckenrand nicht entgehen Liesen und die Athleten lautstark anfeuerten.<\/p>\n\n\n\n<p>Bei der Siegerehrung fanden Pr\u00e4s. STSV Renate G\u00f6tschl, Georg W\u00f6rter vom \u00d6SV und GF Peter Weichbold lobende Worte f\u00fcr den Weltcup erprobten Schiklub und seinem Team f\u00fcr die reibungslose Durchf\u00fchrung der Meisterschaft. <\/p>\n\n\n\n<blockquote class=\"wp-block-quote\"><p><em>Man sieht wenn ein<\/em> <em>engagiertes und erfahrenes Team am Werk ist kann man auch kurzfristig ein Rennen \u00fcbernehmen und durchf\u00fchren<\/em>.<\/p><cite>Renate G\u00f6tschl<\/cite><\/blockquote>\n\n\n\n<p>Aber nicht nur die Ehreng\u00e4ste waren voll des Lobes sondern auch die Athleten welche anerkennende Worte f\u00fcr die durchaus fordernde Streckenf\u00fchrung und die klaglose Organisation trotz der Wetterbedingungen fanden.<\/p>\n\n\n\n<p>Die Medaillen wurden in den Klassen durch unsere Ehreng\u00e4ste \u00fcbergeben. H\u00f6hepunkt war nat\u00fcrlich die \u00dcbergabe der Staatsmeistermedaillen an Johanna Hiemer und Paul Verbnjak. F\u00fcr Johanna an dem Tag ein emotionaler Moment, hat sie sich nach Sprint und Individual auch den ersten lange ersehnten Vertikal Titel gesichert . Nach dem Abspielen der \u00d6sterreichischen Bundeshymne begleitet von einem Feuerwerk zu Ehren der \u00d6sterreichischen- u. Staatsmeister lies das Team vom Schiklub den Tag in gem\u00fctlicher Runde ausklingen. \u00a0<\/p>\n\n\n\n<p>Ein gro\u00dfer Dank gilt aber vor allem den Partnern TVB Schladming Dachstein, Planai u. Galsterberg Bergbahnen, Martini, der Gemeinde Gr\u00f6bming und dem ASV\u00d6 Steiermark f\u00fcr die tolle Unterst\u00fctzung. Erst durch so kooperative Partner ist es einem Verein m\u00f6glich Veranstaltungen auf die Beine zu stellen.<\/p>\n\n\n\n<figure class=\"wp-block-gallery columns-3 is-cropped\"><ul class=\"blocks-gallery-grid\"><li class=\"blocks-gallery-item\"><figure><a href=\"https:\/\/www.skimo.at\/rennen\/files\/2026\/01\/img-0184.jpg\"><img loading=\"lazy\" width=\"1024\" height=\"1024\" src=\"https:\/\/www.skimo.at\/rennen\/files\/2026\/01\/img-0184-1024x1024.jpg\" alt=\"\" data-id=\"306365\" data-full-url=\"https:\/\/www.skimo.at\/rennen\/files\/2026\/01\/img-0184.jpg\" data-link=\"https:\/\/www.skimo.at\/rennen\/306340\/hiemer-und-verbnjak-schliessen-2025-als-vertical-staatsmeister-ab\/img-0184\/\" class=\"wp-image-306365\" srcset=\"https:\/\/www.skimo.at\/rennen\/files\/2026\/01\/img-0184-1024x1024.jpg 1024w, https:\/\/www.skimo.at\/rennen\/files\/2026\/01\/img-0184-300x300.jpg 300w, https:\/\/www.skimo.at\/rennen\/files\/2026\/01\/img-0184-150x150.jpg 150w, https:\/\/www.skimo.at\/rennen\/files\/2026\/01\/img-0184-768x768.jpg 768w, https:\/\/www.skimo.at\/rennen\/files\/2026\/01\/img-0184-970x970.jpg 970w, https:\/\/www.skimo.at\/rennen\/files\/2026\/01\/img-0184-554x554.jpg 554w, https:\/\/www.skimo.at\/rennen\/files\/2026\/01\/img-0184-93x93.jpg 93w, https:\/\/www.skimo.at\/rennen\/files\/2026\/01\/img-0184.jpg 1200w\" sizes=\"(max-width: 1024px) 100vw, 1024px\" \/><\/a><\/figure><\/li><li class=\"blocks-gallery-item\"><figure><a href=\"https:\/\/www.skimo.at\/rennen\/files\/2026\/01\/img-0301.jpg\"><img loading=\"lazy\" width=\"543\" height=\"405\" src=\"https:\/\/www.skimo.at\/rennen\/files\/2026\/01\/img-0301.jpg\" alt=\"\" data-id=\"306366\" data-full-url=\"https:\/\/www.skimo.at\/rennen\/files\/2026\/01\/img-0301.jpg\" data-link=\"https:\/\/www.skimo.at\/rennen\/306340\/hiemer-und-verbnjak-schliessen-2025-als-vertical-staatsmeister-ab\/img-0301\/\" class=\"wp-image-306366\" srcset=\"https:\/\/www.skimo.at\/rennen\/files\/2026\/01\/img-0301.jpg 543w, https:\/\/www.skimo.at\/rennen\/files\/2026\/01\/img-0301-300x224.jpg 300w, https:\/\/www.skimo.at\/rennen\/files\/2026\/01\/img-0301-125x93.jpg 125w\" sizes=\"(max-width: 543px) 100vw, 543px\" \/><\/a><\/figure><\/li><li class=\"blocks-gallery-item\"><figure><a href=\"https:\/\/www.skimo.at\/rennen\/files\/2026\/01\/img-0344.jpg\"><img loading=\"lazy\" width=\"543\" height=\"405\" src=\"https:\/\/www.skimo.at\/rennen\/files\/2026\/01\/img-0344.jpg\" alt=\"\" data-id=\"306367\" data-full-url=\"https:\/\/www.skimo.at\/rennen\/files\/2026\/01\/img-0344.jpg\" data-link=\"https:\/\/www.skimo.at\/rennen\/306340\/hiemer-und-verbnjak-schliessen-2025-als-vertical-staatsmeister-ab\/img-0344\/\" class=\"wp-image-306367\" srcset=\"https:\/\/www.skimo.at\/rennen\/files\/2026\/01\/img-0344.jpg 543w, https:\/\/www.skimo.at\/rennen\/files\/2026\/01\/img-0344-300x224.jpg 300w, https:\/\/www.skimo.at\/rennen\/files\/2026\/01\/img-0344-125x93.jpg 125w\" sizes=\"(max-width: 543px) 100vw, 543px\" \/><\/a><\/figure><\/li><li class=\"blocks-gallery-item\"><figure><a href=\"https:\/\/www.skimo.at\/rennen\/files\/2026\/01\/img-0345.jpg\"><img loading=\"lazy\" width=\"543\" height=\"405\" src=\"https:\/\/www.skimo.at\/rennen\/files\/2026\/01\/img-0345.jpg\" alt=\"\" data-id=\"306368\" data-full-url=\"https:\/\/www.skimo.at\/rennen\/files\/2026\/01\/img-0345.jpg\" data-link=\"https:\/\/www.skimo.at\/rennen\/306340\/hiemer-und-verbnjak-schliessen-2025-als-vertical-staatsmeister-ab\/img-0345\/\" class=\"wp-image-306368\" srcset=\"https:\/\/www.skimo.at\/rennen\/files\/2026\/01\/img-0345.jpg 543w, https:\/\/www.skimo.at\/rennen\/files\/2026\/01\/img-0345-300x224.jpg 300w, https:\/\/www.skimo.at\/rennen\/files\/2026\/01\/img-0345-125x93.jpg 125w\" sizes=\"(max-width: 543px) 100vw, 543px\" \/><\/a><\/figure><\/li><li class=\"blocks-gallery-item\"><figure><a href=\"https:\/\/www.skimo.at\/rennen\/files\/2026\/01\/img-0346.jpg\"><img loading=\"lazy\" width=\"543\" height=\"405\" src=\"https:\/\/www.skimo.at\/rennen\/files\/2026\/01\/img-0346.jpg\" alt=\"\" data-id=\"306369\" data-full-url=\"https:\/\/www.skimo.at\/rennen\/files\/2026\/01\/img-0346.jpg\" data-link=\"https:\/\/www.skimo.at\/rennen\/306340\/hiemer-und-verbnjak-schliessen-2025-als-vertical-staatsmeister-ab\/img-0346\/\" class=\"wp-image-306369\" srcset=\"https:\/\/www.skimo.at\/rennen\/files\/2026\/01\/img-0346.jpg 543w, https:\/\/www.skimo.at\/rennen\/files\/2026\/01\/img-0346-300x224.jpg 300w, https:\/\/www.skimo.at\/rennen\/files\/2026\/01\/img-0346-125x93.jpg 125w\" sizes=\"(max-width: 543px) 100vw, 543px\" \/><\/a><\/figure><\/li><\/ul><figcaption class=\"blocks-gallery-caption\">Bildergalerie vom Veranstalter.  Bilder: Helga Koller \/ Katrin Arnsteiner \/ Schiklub Gr\u00f6bming<\/figcaption><\/figure>\n\n\n\n<p>Ergebnisse: <a href=\"http:\/\/www.time2win\">www.time2win<\/a><\/p>\n\n\n\n<p>Link zu den Bildern: &nbsp;&nbsp; <a href=\"https:\/\/photos.app.goo.gl\/Ry1SuTmR92p3L6zs5\">https:\/\/photos.app.goo.gl\/Ry1SuTmR92p3L6zs5<\/a><\/p>\n\n\n\n<p><\/p>\n","protected":false},"excerpt":{"rendered":"<p>Johanna Hiemer und Paul Verbnjak kr\u00f6nten sich bei der gestrigen \u00d6M, am Galsterberg (Steiermark), zu \u00f6sterreichischen Vertical-Staatsmeistern. Im neuen Jahr stehen mit der Olympia-Premiere und der EM in Aserbaidschan zwei gro\u00dfe Highlights im Kalender der Skibergsteiger.<\/p>\n","protected":false},"author":3,"featured_media":306342,"comment_status":"closed","ping_status":"closed","sticky":false,"template":"","format":"standard","meta":[],"categories":[1,3],"tags":[],"yoast_head":"<!-- This site is optimized with the Yoast SEO plugin v16.3 - https:\/\/yoast.com\/wordpress\/plugins\/seo\/ -->\n<title>Hiemer und Verbnjak schlie\u00dfen 2025 als Vertical Staatsmeister ab - Rennen<\/title>\n<meta name=\"robots\" content=\"index, follow, max-snippet:-1, max-image-preview:large, max-video-preview:-1\" \/>\n<link rel=\"canonical\" href=\"https:\/\/www.skimo.at\/rennen\/306340\/hiemer-und-verbnjak-schliessen-2025-als-vertical-staatsmeister-ab\/\" \/>\n<meta property=\"og:locale\" content=\"de_DE\" \/>\n<meta property=\"og:type\" content=\"article\" \/>\n<meta property=\"og:title\" content=\"Hiemer und Verbnjak schlie\u00dfen 2025 als Vertical Staatsmeister ab - Rennen\" \/>\n<meta property=\"og:description\" content=\"Johanna Hiemer und Paul Verbnjak kr\u00f6nten sich bei der gestrigen \u00d6M, am Galsterberg (Steiermark), zu \u00f6sterreichischen Vertical-Staatsmeistern. Im neuen Jahr stehen mit der Olympia-Premiere und der EM in Aserbaidschan zwei gro\u00dfe Highlights im Kalender der Skibergsteiger.\" \/>\n<meta property=\"og:url\" content=\"https:\/\/www.skimo.at\/rennen\/306340\/hiemer-und-verbnjak-schliessen-2025-als-vertical-staatsmeister-ab\/\" \/>\n<meta property=\"og:site_name\" content=\"Rennen\" \/>\n<meta property=\"article:published_time\" content=\"2025-12-31T09:26:58+00:00\" \/>\n<meta property=\"article:modified_time\" content=\"2026-01-03T15:12:50+00:00\" \/>\n<meta property=\"og:image\" content=\"https:\/\/www.skimo.at\/rennen\/files\/2025\/12\/img-2635-1.jpeg\" \/>\n\t<meta property=\"og:image:width\" content=\"1920\" \/>\n\t<meta property=\"og:image:height\" content=\"1309\" \/>\n<meta name=\"twitter:card\" content=\"summary\" \/>\n<meta name=\"twitter:label1\" content=\"Gesch\u00e4tzte Lesezeit\">\n\t<meta name=\"twitter:data1\" content=\"6\u00a0Minuten\">\n<script type=\"application\/ld+json\" class=\"yoast-schema-graph\">{\"@context\":\"https:\/\/schema.org\",\"@graph\":[{\"@type\":\"WebSite\",\"@id\":\"https:\/\/skimo.73.jarolim.eu\/rennen\/#website\",\"url\":\"https:\/\/skimo.73.jarolim.eu\/rennen\/\",\"name\":\"Rennen\",\"description\":\"\",\"potentialAction\":[{\"@type\":\"SearchAction\",\"target\":\"https:\/\/skimo.73.jarolim.eu\/rennen\/?s={search_term_string}\",\"query-input\":\"required name=search_term_string\"}],\"inLanguage\":\"de\"},{\"@type\":\"ImageObject\",\"@id\":\"https:\/\/www.skimo.at\/rennen\/306340\/hiemer-und-verbnjak-schliessen-2025-als-vertical-staatsmeister-ab\/#primaryimage\",\"inLanguage\":\"de\",\"url\":\"https:\/\/www.skimo.at\/rennen\/files\/2025\/12\/img-2635-1.jpeg\",\"contentUrl\":\"https:\/\/www.skimo.at\/rennen\/files\/2025\/12\/img-2635-1.jpeg\",\"width\":1920,\"height\":1309},{\"@type\":\"WebPage\",\"@id\":\"https:\/\/www.skimo.at\/rennen\/306340\/hiemer-und-verbnjak-schliessen-2025-als-vertical-staatsmeister-ab\/#webpage\",\"url\":\"https:\/\/www.skimo.at\/rennen\/306340\/hiemer-und-verbnjak-schliessen-2025-als-vertical-staatsmeister-ab\/\",\"name\":\"Hiemer und Verbnjak schlie\\u00dfen 2025 als Vertical Staatsmeister ab - Rennen\",\"isPartOf\":{\"@id\":\"https:\/\/skimo.73.jarolim.eu\/rennen\/#website\"},\"primaryImageOfPage\":{\"@id\":\"https:\/\/www.skimo.at\/rennen\/306340\/hiemer-und-verbnjak-schliessen-2025-als-vertical-staatsmeister-ab\/#primaryimage\"},\"datePublished\":\"2025-12-31T09:26:58+00:00\",\"dateModified\":\"2026-01-03T15:12:50+00:00\",\"author\":{\"@id\":\"https:\/\/skimo.73.jarolim.eu\/rennen\/#\/schema\/person\/796ecbce6796efca58bf848ca63ec12c\"},\"breadcrumb\":{\"@id\":\"https:\/\/www.skimo.at\/rennen\/306340\/hiemer-und-verbnjak-schliessen-2025-als-vertical-staatsmeister-ab\/#breadcrumb\"},\"inLanguage\":\"de\",\"potentialAction\":[{\"@type\":\"ReadAction\",\"target\":[\"https:\/\/www.skimo.at\/rennen\/306340\/hiemer-und-verbnjak-schliessen-2025-als-vertical-staatsmeister-ab\/\"]}]},{\"@type\":\"BreadcrumbList\",\"@id\":\"https:\/\/www.skimo.at\/rennen\/306340\/hiemer-und-verbnjak-schliessen-2025-als-vertical-staatsmeister-ab\/#breadcrumb\",\"itemListElement\":[{\"@type\":\"ListItem\",\"position\":1,\"item\":{\"@type\":\"WebPage\",\"@id\":\"https:\/\/skimo.73.jarolim.eu\/rennen\/\",\"url\":\"https:\/\/skimo.73.jarolim.eu\/rennen\/\",\"name\":\"Home\"}},{\"@type\":\"ListItem\",\"position\":2,\"item\":{\"@id\":\"https:\/\/www.skimo.at\/rennen\/306340\/hiemer-und-verbnjak-schliessen-2025-als-vertical-staatsmeister-ab\/#webpage\"}}]},{\"@type\":\"Person\",\"@id\":\"https:\/\/skimo.73.jarolim.eu\/rennen\/#\/schema\/person\/796ecbce6796efca58bf848ca63ec12c\",\"name\":\"kposch\",\"image\":{\"@type\":\"ImageObject\",\"@id\":\"https:\/\/skimo.73.jarolim.eu\/rennen\/#personlogo\",\"inLanguage\":\"de\",\"url\":\"https:\/\/secure.gravatar.com\/avatar\/e9f5f28da60e5e563d3f4d3cc0b9b425?s=96&r=g\",\"contentUrl\":\"https:\/\/secure.gravatar.com\/avatar\/e9f5f28da60e5e563d3f4d3cc0b9b425?s=96&r=g\",\"caption\":\"kposch\"},\"url\":\"https:\/\/www.skimo.at\/rennen\/author\/kposch\/\"}]}<\/script>\n<!-- \/ Yoast SEO plugin. -->","_links":{"self":[{"href":"https:\/\/www.skimo.at\/rennen\/wp-json\/wp\/v2\/posts\/306340"}],"collection":[{"href":"https:\/\/www.skimo.at\/rennen\/wp-json\/wp\/v2\/posts"}],"about":[{"href":"https:\/\/www.skimo.at\/rennen\/wp-json\/wp\/v2\/types\/post"}],"author":[{"embeddable":true,"href":"https:\/\/www.skimo.at\/rennen\/wp-json\/wp\/v2\/users\/3"}],"replies":[{"embeddable":true,"href":"https:\/\/www.skimo.at\/rennen\/wp-json\/wp\/v2\/comments?post=306340"}],"version-history":[{"count":4,"href":"https:\/\/www.skimo.at\/rennen\/wp-json\/wp\/v2\/posts\/306340\/revisions"}],"predecessor-version":[{"id":306370,"href":"https:\/\/www.skimo.at\/rennen\/wp-json\/wp\/v2\/posts\/306340\/revisions\/306370"}],"wp:featuredmedia":[{"embeddable":true,"href":"https:\/\/www.skimo.at\/rennen\/wp-json\/wp\/v2\/media\/306342"}],"wp:attachment":[{"href":"https:\/\/www.skimo.at\/rennen\/wp-json\/wp\/v2\/media?parent=306340"}],"wp:term":[{"taxonomy":"category","embeddable":true,"href":"https:\/\/www.skimo.at\/rennen\/wp-json\/wp\/v2\/categories?post=306340"},{"taxonomy":"post_tag","embeddable":true,"href":"https:\/\/www.skimo.at\/rennen\/wp-json\/wp\/v2\/tags?post=306340"}],"curies":[{"name":"wp","href":"https:\/\/api.w.org\/{rel}","templated":true}]}}