{"id":306175,"date":"2025-12-09T09:04:05","date_gmt":"2025-12-09T07:04:05","guid":{"rendered":"https:\/\/www.skimo.at\/rennen\/?p=306175"},"modified":"2025-12-09T09:04:06","modified_gmt":"2025-12-09T07:04:06","slug":"nightattack-eroeffnet-die-skitourenrennsaison-25-26","status":"publish","type":"post","link":"https:\/\/www.skimo.at\/rennen\/306175\/nightattack-eroeffnet-die-skitourenrennsaison-25-26\/","title":{"rendered":"NightAttack er\u00f6ffnet die Skitourenrennsaison 25\/26"},"content":{"rendered":"\n<p>Ein gro\u00dfartiges Skitourenrennen erwartet die Teilnehmenden und Zuschauenden am Flumser-berg: Der NightAttack Flumserberg l\u00e4dt Skitourenenthusiasten, Alpinisten und Naturfreunde zu einem unvergesslichen Erlebnis ein.<br>Das Skitourenrennen geht in die n\u00e4chste Runde und verspricht erneut ein fesselndes Rennspektakel am Flumserberg. Die Veranstaltung er\u00f6ffnet die Skitourenrennsaison 25\/26 und ist ein fester Bestandteil des Skitourenkalenders. Jedes Jahr zieht das Rennen bis zu 500 begeisterte Teilnehmende an.<\/p>\n\n\n\n<!--more-->\n\n\n\n<p>Am Samstag, 13.12.2025, startet das Rennen um 18.00 Uhr bei der Talstation im Tannenheim (1&#8217;220 m.\u00fc.M.). Die Strecke f\u00fchrt die Athleten \u00fcber die Schlittelpiste nach Prodalp und weiter auf der Skipiste bis nach Prod-kamm (1&#8217;939 m.\u00fc.M.). Dabei durchlaufen die Teilnehmenden eine ca. 4.4 km lange Strecke mit anspruchsvollen Anstiegen.<\/p>\n\n\n\n<figure class=\"wp-block-gallery columns-3 is-cropped\"><ul class=\"blocks-gallery-grid\"><li class=\"blocks-gallery-item\"><figure><a href=\"https:\/\/www.skimo.at\/rennen\/files\/2025\/12\/foto-01-duell-an-der-spitze.jpg\"><img loading=\"lazy\" width=\"1024\" height=\"683\" src=\"https:\/\/www.skimo.at\/rennen\/files\/2025\/12\/foto-01-duell-an-der-spitze-1024x683.jpg\" alt=\"\" data-id=\"306176\" data-full-url=\"https:\/\/www.skimo.at\/rennen\/files\/2025\/12\/foto-01-duell-an-der-spitze.jpg\" data-link=\"https:\/\/www.skimo.at\/rennen\/?attachment_id=306176\" class=\"wp-image-306176\" srcset=\"https:\/\/www.skimo.at\/rennen\/files\/2025\/12\/foto-01-duell-an-der-spitze-1024x683.jpg 1024w, https:\/\/www.skimo.at\/rennen\/files\/2025\/12\/foto-01-duell-an-der-spitze-300x200.jpg 300w, https:\/\/www.skimo.at\/rennen\/files\/2025\/12\/foto-01-duell-an-der-spitze-768x512.jpg 768w, https:\/\/www.skimo.at\/rennen\/files\/2025\/12\/foto-01-duell-an-der-spitze-746x497.jpg 746w, https:\/\/www.skimo.at\/rennen\/files\/2025\/12\/foto-01-duell-an-der-spitze-618x412.jpg 618w, https:\/\/www.skimo.at\/rennen\/files\/2025\/12\/foto-01-duell-an-der-spitze-554x369.jpg 554w, https:\/\/www.skimo.at\/rennen\/files\/2025\/12\/foto-01-duell-an-der-spitze-299x199.jpg 299w, https:\/\/www.skimo.at\/rennen\/files\/2025\/12\/foto-01-duell-an-der-spitze-1224x816.jpg 1224w, https:\/\/www.skimo.at\/rennen\/files\/2025\/12\/foto-01-duell-an-der-spitze-970x647.jpg 970w, https:\/\/www.skimo.at\/rennen\/files\/2025\/12\/foto-01-duell-an-der-spitze-140x93.jpg 140w, https:\/\/www.skimo.at\/rennen\/files\/2025\/12\/foto-01-duell-an-der-spitze-540x360.jpg 540w, https:\/\/www.skimo.at\/rennen\/files\/2025\/12\/foto-01-duell-an-der-spitze.jpg 1920w\" sizes=\"(max-width: 1024px) 100vw, 1024px\" \/><\/a><\/figure><\/li><li class=\"blocks-gallery-item\"><figure><a href=\"https:\/\/www.skimo.at\/rennen\/files\/2025\/12\/foto-02-ein-unvergessliches-erlebnis-fur-alle.jpg\"><img loading=\"lazy\" width=\"1024\" height=\"683\" src=\"https:\/\/www.skimo.at\/rennen\/files\/2025\/12\/foto-02-ein-unvergessliches-erlebnis-fur-alle-1024x683.jpg\" alt=\"\" data-id=\"306177\" data-full-url=\"https:\/\/www.skimo.at\/rennen\/files\/2025\/12\/foto-02-ein-unvergessliches-erlebnis-fur-alle.jpg\" data-link=\"https:\/\/www.skimo.at\/rennen\/?attachment_id=306177\" class=\"wp-image-306177\" srcset=\"https:\/\/www.skimo.at\/rennen\/files\/2025\/12\/foto-02-ein-unvergessliches-erlebnis-fur-alle-1024x683.jpg 1024w, https:\/\/www.skimo.at\/rennen\/files\/2025\/12\/foto-02-ein-unvergessliches-erlebnis-fur-alle-300x200.jpg 300w, https:\/\/www.skimo.at\/rennen\/files\/2025\/12\/foto-02-ein-unvergessliches-erlebnis-fur-alle-768x512.jpg 768w, https:\/\/www.skimo.at\/rennen\/files\/2025\/12\/foto-02-ein-unvergessliches-erlebnis-fur-alle-746x497.jpg 746w, https:\/\/www.skimo.at\/rennen\/files\/2025\/12\/foto-02-ein-unvergessliches-erlebnis-fur-alle-618x412.jpg 618w, https:\/\/www.skimo.at\/rennen\/files\/2025\/12\/foto-02-ein-unvergessliches-erlebnis-fur-alle-554x369.jpg 554w, https:\/\/www.skimo.at\/rennen\/files\/2025\/12\/foto-02-ein-unvergessliches-erlebnis-fur-alle-299x199.jpg 299w, https:\/\/www.skimo.at\/rennen\/files\/2025\/12\/foto-02-ein-unvergessliches-erlebnis-fur-alle-1224x816.jpg 1224w, https:\/\/www.skimo.at\/rennen\/files\/2025\/12\/foto-02-ein-unvergessliches-erlebnis-fur-alle-970x647.jpg 970w, https:\/\/www.skimo.at\/rennen\/files\/2025\/12\/foto-02-ein-unvergessliches-erlebnis-fur-alle-140x93.jpg 140w, https:\/\/www.skimo.at\/rennen\/files\/2025\/12\/foto-02-ein-unvergessliches-erlebnis-fur-alle-540x360.jpg 540w, https:\/\/www.skimo.at\/rennen\/files\/2025\/12\/foto-02-ein-unvergessliches-erlebnis-fur-alle.jpg 1920w\" sizes=\"(max-width: 1024px) 100vw, 1024px\" \/><\/a><\/figure><\/li><li class=\"blocks-gallery-item\"><figure><a href=\"https:\/\/www.skimo.at\/rennen\/files\/2025\/12\/foto-03-auf-die-platze-und-los-gehts.jpg\"><img loading=\"lazy\" width=\"1024\" height=\"683\" src=\"https:\/\/www.skimo.at\/rennen\/files\/2025\/12\/foto-03-auf-die-platze-und-los-gehts-1024x683.jpg\" alt=\"\" data-id=\"306178\" data-full-url=\"https:\/\/www.skimo.at\/rennen\/files\/2025\/12\/foto-03-auf-die-platze-und-los-gehts.jpg\" data-link=\"https:\/\/www.skimo.at\/rennen\/?attachment_id=306178\" class=\"wp-image-306178\" srcset=\"https:\/\/www.skimo.at\/rennen\/files\/2025\/12\/foto-03-auf-die-platze-und-los-gehts-1024x683.jpg 1024w, https:\/\/www.skimo.at\/rennen\/files\/2025\/12\/foto-03-auf-die-platze-und-los-gehts-300x200.jpg 300w, https:\/\/www.skimo.at\/rennen\/files\/2025\/12\/foto-03-auf-die-platze-und-los-gehts-768x512.jpg 768w, https:\/\/www.skimo.at\/rennen\/files\/2025\/12\/foto-03-auf-die-platze-und-los-gehts-746x497.jpg 746w, https:\/\/www.skimo.at\/rennen\/files\/2025\/12\/foto-03-auf-die-platze-und-los-gehts-618x412.jpg 618w, https:\/\/www.skimo.at\/rennen\/files\/2025\/12\/foto-03-auf-die-platze-und-los-gehts-554x369.jpg 554w, https:\/\/www.skimo.at\/rennen\/files\/2025\/12\/foto-03-auf-die-platze-und-los-gehts-299x199.jpg 299w, https:\/\/www.skimo.at\/rennen\/files\/2025\/12\/foto-03-auf-die-platze-und-los-gehts-1224x816.jpg 1224w, https:\/\/www.skimo.at\/rennen\/files\/2025\/12\/foto-03-auf-die-platze-und-los-gehts-970x647.jpg 970w, https:\/\/www.skimo.at\/rennen\/files\/2025\/12\/foto-03-auf-die-platze-und-los-gehts-140x93.jpg 140w, https:\/\/www.skimo.at\/rennen\/files\/2025\/12\/foto-03-auf-die-platze-und-los-gehts-540x360.jpg 540w, https:\/\/www.skimo.at\/rennen\/files\/2025\/12\/foto-03-auf-die-platze-und-los-gehts.jpg 1920w\" sizes=\"(max-width: 1024px) 100vw, 1024px\" \/><\/a><\/figure><\/li><\/ul><\/figure>\n\n\n\n<p>Die NightAttack-Strecke wird aus Sicherheitsgr\u00fcnden nur am Eventabend freigegeben. Interessierte haben je-doch die M\u00f6glichkeit sich auf die Herausforderung vorzubereiten, indem sie die markierte Spiga-Piste Nr. 1 von Tannenheim, Spiga nach Prodkamm f\u00fcr Trainingsl\u00e4ufe nutzen. Diese steht nach der Freigabe der Bergbahnen jeweils am Donnerstag, Freitag und Samstag bis maximal 21.00 Uhr zur Verf\u00fcgung. \u00dcber die Regeln von Skitouren auf Pisten informiert die Webseite flumserberg.ch.<\/p>\n\n\n\n<p>Die Anmeldung f\u00fcr die 19. Austragung des NightAttack Flumserberg ist online bis zum Freitag, 12. Dezember 2025, 20.00 Uhr, m\u00f6glich. Die Teilnehmerzahl ist auf 500 begrenzt. F\u00fcr Kurzentschlossene besteht die Option zur Anmeldung vor Ort bis 16.30 Uhr<br>Der NightAttack Flumserberg markiert den Auftakt zur Skitourensaison 2025\/26 und ist Teil einer Serie von neun Skitourenrennen in der Ostschweiz. Weitere Informationen zur Veranstaltung, Anmeldung und Strecken-details sind auf der Website nightattack.ch verf\u00fcgbar.<br>Verpassen Sie nicht die Gelegenheit, dieses einzigartige Skitourenrennen am Flumserberg zu erleben und sich mit Gleichgesinnten zu messen.<\/p>\n\n\n\n<p><a href=\"https:\/\/www.nightattack.ch\/\">Hier geht es zur Webseite<\/a><\/p>\n","protected":false},"excerpt":{"rendered":"<p>Ein gro\u00dfartiges Skitourenrennen erwartet die Teilnehmenden und Zuschauenden am Flumser-berg: Der NightAttack Flumserberg l\u00e4dt Skitourenenthusiasten, Alpinisten und Naturfreunde zu einem unvergesslichen Erlebnis ein.Das Skitourenrennen geht in die n\u00e4chste Runde und verspricht erneut ein fesselndes Rennspektakel am Flumserberg. Die Veranstaltung er\u00f6ffnet die Skitourenrennsaison 25\/26 und ist ein fester Bestandteil des Skitourenkalenders. Jedes Jahr zieht das Rennen [&hellip;]<\/p>\n","protected":false},"author":3,"featured_media":306178,"comment_status":"closed","ping_status":"closed","sticky":false,"template":"","format":"standard","meta":[],"categories":[127,9,3],"tags":[],"yoast_head":"<!-- This site is optimized with the Yoast SEO plugin v16.3 - https:\/\/yoast.com\/wordpress\/plugins\/seo\/ -->\n<title>NightAttack er\u00f6ffnet die Skitourenrennsaison 25\/26 - Rennen<\/title>\n<meta name=\"robots\" content=\"index, follow, max-snippet:-1, max-image-preview:large, max-video-preview:-1\" \/>\n<link rel=\"canonical\" href=\"https:\/\/www.skimo.at\/rennen\/306175\/nightattack-eroeffnet-die-skitourenrennsaison-25-26\/\" \/>\n<meta property=\"og:locale\" content=\"de_DE\" \/>\n<meta property=\"og:type\" content=\"article\" \/>\n<meta property=\"og:title\" content=\"NightAttack er\u00f6ffnet die Skitourenrennsaison 25\/26 - Rennen\" \/>\n<meta property=\"og:description\" content=\"Ein gro\u00dfartiges Skitourenrennen erwartet die Teilnehmenden und Zuschauenden am Flumser-berg: Der NightAttack Flumserberg l\u00e4dt Skitourenenthusiasten, Alpinisten und Naturfreunde zu einem unvergesslichen Erlebnis ein.Das Skitourenrennen geht in die n\u00e4chste Runde und verspricht erneut ein fesselndes Rennspektakel am Flumserberg. Die Veranstaltung er\u00f6ffnet die Skitourenrennsaison 25\/26 und ist ein fester Bestandteil des Skitourenkalenders. Jedes Jahr zieht das Rennen [&hellip;]\" \/>\n<meta property=\"og:url\" content=\"https:\/\/www.skimo.at\/rennen\/306175\/nightattack-eroeffnet-die-skitourenrennsaison-25-26\/\" \/>\n<meta property=\"og:site_name\" content=\"Rennen\" \/>\n<meta property=\"article:published_time\" content=\"2025-12-09T07:04:05+00:00\" \/>\n<meta property=\"article:modified_time\" content=\"2025-12-09T07:04:06+00:00\" \/>\n<meta property=\"og:image\" content=\"https:\/\/www.skimo.at\/rennen\/files\/2025\/12\/foto-03-auf-die-platze-und-los-gehts.jpg\" \/>\n\t<meta property=\"og:image:width\" content=\"1920\" \/>\n\t<meta property=\"og:image:height\" content=\"1280\" \/>\n<meta name=\"twitter:card\" content=\"summary\" \/>\n<meta name=\"twitter:label1\" content=\"Gesch\u00e4tzte Lesezeit\">\n\t<meta name=\"twitter:data1\" content=\"2\u00a0Minuten\">\n<script type=\"application\/ld+json\" class=\"yoast-schema-graph\">{\"@context\":\"https:\/\/schema.org\",\"@graph\":[{\"@type\":\"WebSite\",\"@id\":\"https:\/\/skimo.73.jarolim.eu\/rennen\/#website\",\"url\":\"https:\/\/skimo.73.jarolim.eu\/rennen\/\",\"name\":\"Rennen\",\"description\":\"\",\"potentialAction\":[{\"@type\":\"SearchAction\",\"target\":\"https:\/\/skimo.73.jarolim.eu\/rennen\/?s={search_term_string}\",\"query-input\":\"required name=search_term_string\"}],\"inLanguage\":\"de\"},{\"@type\":\"ImageObject\",\"@id\":\"https:\/\/www.skimo.at\/rennen\/306175\/nightattack-eroeffnet-die-skitourenrennsaison-25-26\/#primaryimage\",\"inLanguage\":\"de\",\"url\":\"https:\/\/www.skimo.at\/rennen\/files\/2025\/12\/foto-03-auf-die-platze-und-los-gehts.jpg\",\"contentUrl\":\"https:\/\/www.skimo.at\/rennen\/files\/2025\/12\/foto-03-auf-die-platze-und-los-gehts.jpg\",\"width\":1920,\"height\":1280},{\"@type\":\"WebPage\",\"@id\":\"https:\/\/www.skimo.at\/rennen\/306175\/nightattack-eroeffnet-die-skitourenrennsaison-25-26\/#webpage\",\"url\":\"https:\/\/www.skimo.at\/rennen\/306175\/nightattack-eroeffnet-die-skitourenrennsaison-25-26\/\",\"name\":\"NightAttack er\\u00f6ffnet die Skitourenrennsaison 25\/26 - Rennen\",\"isPartOf\":{\"@id\":\"https:\/\/skimo.73.jarolim.eu\/rennen\/#website\"},\"primaryImageOfPage\":{\"@id\":\"https:\/\/www.skimo.at\/rennen\/306175\/nightattack-eroeffnet-die-skitourenrennsaison-25-26\/#primaryimage\"},\"datePublished\":\"2025-12-09T07:04:05+00:00\",\"dateModified\":\"2025-12-09T07:04:06+00:00\",\"author\":{\"@id\":\"https:\/\/skimo.73.jarolim.eu\/rennen\/#\/schema\/person\/796ecbce6796efca58bf848ca63ec12c\"},\"breadcrumb\":{\"@id\":\"https:\/\/www.skimo.at\/rennen\/306175\/nightattack-eroeffnet-die-skitourenrennsaison-25-26\/#breadcrumb\"},\"inLanguage\":\"de\",\"potentialAction\":[{\"@type\":\"ReadAction\",\"target\":[\"https:\/\/www.skimo.at\/rennen\/306175\/nightattack-eroeffnet-die-skitourenrennsaison-25-26\/\"]}]},{\"@type\":\"BreadcrumbList\",\"@id\":\"https:\/\/www.skimo.at\/rennen\/306175\/nightattack-eroeffnet-die-skitourenrennsaison-25-26\/#breadcrumb\",\"itemListElement\":[{\"@type\":\"ListItem\",\"position\":1,\"item\":{\"@type\":\"WebPage\",\"@id\":\"https:\/\/skimo.73.jarolim.eu\/rennen\/\",\"url\":\"https:\/\/skimo.73.jarolim.eu\/rennen\/\",\"name\":\"Home\"}},{\"@type\":\"ListItem\",\"position\":2,\"item\":{\"@id\":\"https:\/\/www.skimo.at\/rennen\/306175\/nightattack-eroeffnet-die-skitourenrennsaison-25-26\/#webpage\"}}]},{\"@type\":\"Person\",\"@id\":\"https:\/\/skimo.73.jarolim.eu\/rennen\/#\/schema\/person\/796ecbce6796efca58bf848ca63ec12c\",\"name\":\"kposch\",\"image\":{\"@type\":\"ImageObject\",\"@id\":\"https:\/\/skimo.73.jarolim.eu\/rennen\/#personlogo\",\"inLanguage\":\"de\",\"url\":\"https:\/\/secure.gravatar.com\/avatar\/e9f5f28da60e5e563d3f4d3cc0b9b425?s=96&r=g\",\"contentUrl\":\"https:\/\/secure.gravatar.com\/avatar\/e9f5f28da60e5e563d3f4d3cc0b9b425?s=96&r=g\",\"caption\":\"kposch\"},\"url\":\"https:\/\/www.skimo.at\/rennen\/author\/kposch\/\"}]}<\/script>\n<!-- \/ Yoast SEO plugin. -->","_links":{"self":[{"href":"https:\/\/www.skimo.at\/rennen\/wp-json\/wp\/v2\/posts\/306175"}],"collection":[{"href":"https:\/\/www.skimo.at\/rennen\/wp-json\/wp\/v2\/posts"}],"about":[{"href":"https:\/\/www.skimo.at\/rennen\/wp-json\/wp\/v2\/types\/post"}],"author":[{"embeddable":true,"href":"https:\/\/www.skimo.at\/rennen\/wp-json\/wp\/v2\/users\/3"}],"replies":[{"embeddable":true,"href":"https:\/\/www.skimo.at\/rennen\/wp-json\/wp\/v2\/comments?post=306175"}],"version-history":[{"count":1,"href":"https:\/\/www.skimo.at\/rennen\/wp-json\/wp\/v2\/posts\/306175\/revisions"}],"predecessor-version":[{"id":306179,"href":"https:\/\/www.skimo.at\/rennen\/wp-json\/wp\/v2\/posts\/306175\/revisions\/306179"}],"wp:featuredmedia":[{"embeddable":true,"href":"https:\/\/www.skimo.at\/rennen\/wp-json\/wp\/v2\/media\/306178"}],"wp:attachment":[{"href":"https:\/\/www.skimo.at\/rennen\/wp-json\/wp\/v2\/media?parent=306175"}],"wp:term":[{"taxonomy":"category","embeddable":true,"href":"https:\/\/www.skimo.at\/rennen\/wp-json\/wp\/v2\/categories?post=306175"},{"taxonomy":"post_tag","embeddable":true,"href":"https:\/\/www.skimo.at\/rennen\/wp-json\/wp\/v2\/tags?post=306175"}],"curies":[{"name":"wp","href":"https:\/\/api.w.org\/{rel}","templated":true}]}}