{"id":306077,"date":"2025-11-21T13:50:20","date_gmt":"2025-11-21T11:50:20","guid":{"rendered":"https:\/\/www.skimo.at\/rennen\/?p=306077"},"modified":"2025-11-21T13:52:11","modified_gmt":"2025-11-21T11:52:11","slug":"16-zwieselalm-aufstieg-am-30-12-2025-jahresabschluss-im-salzkammergut","status":"publish","type":"post","link":"https:\/\/www.skimo.at\/rennen\/306077\/16-zwieselalm-aufstieg-am-30-12-2025-jahresabschluss-im-salzkammergut\/","title":{"rendered":"16. Zwieselalm-Aufstieg am 30.12.2025 &#8211; Jahresabschluss im Salzkammergut"},"content":{"rendered":"\n<p>Auch heuer l\u00e4dt der Zwieselalm-Aufstieg am <strong>30. Dezember 2025<\/strong> in der malerischen Skiregion Dachstein West alle Skitourenbegeisterten zu einem sportlichen Jahresausklang ein. Die beliebte Strecke f\u00fchrt wie gewohnt in den Abendstunden \u00fcber <strong>760 H\u00f6henmeter<\/strong> von der Talstation des <strong>8er Panorama Jets<\/strong> hinauf zur Zwieselalm-Aussicht \u2013 ein Erlebnis, das sportliche Herausforderung und beeindruckende Winterkulisse im Salzkammergut perfekt verbindet.<\/p>\n\n\n\n<p>Der Start erfolgt um <strong>16:30 Uhr<\/strong> bei der Talstation des 8er Jets. Die Route \u00fcber die Zwieselalm-Abfahrt bietet eine ideale Mischung aus sportlichem Anspruch und eindrucksvollen Panoramablicken. Das Startgeld betr\u00e4gt auch 2025 wieder <strong>EUR 28,&#8211;<\/strong>, die Anmeldung erfolgt ausschlie\u00dflich online unter <strong>time2win.at<\/strong>. Aufgrund des begrenzten Platzangebots auf der Sonnenalm bleibt die Teilnehmerzahl auf <strong>120 Startpl\u00e4tze<\/strong> limitiert \u2013 eine fr\u00fchzeitige Anmeldung wird daher dringend empfohlen.<\/p>\n\n\n\n<figure class=\"wp-block-gallery columns-3 is-cropped\"><ul class=\"blocks-gallery-grid\"><li class=\"blocks-gallery-item\"><figure><a href=\"https:\/\/www.skimo.at\/rennen\/files\/2025\/11\/zwieselalmaufstieg24-motiv-09-bild-karl-posch-1024x683.jpg\"><img loading=\"lazy\" width=\"1024\" height=\"683\" src=\"https:\/\/www.skimo.at\/rennen\/files\/2025\/11\/zwieselalmaufstieg24-motiv-09-bild-karl-posch-1024x683.jpg\" alt=\"\" data-id=\"306079\" data-link=\"https:\/\/www.skimo.at\/rennen\/?attachment_id=306079\" class=\"wp-image-306079\" srcset=\"https:\/\/www.skimo.at\/rennen\/files\/2025\/11\/zwieselalmaufstieg24-motiv-09-bild-karl-posch-1024x683.jpg 1024w, https:\/\/www.skimo.at\/rennen\/files\/2025\/11\/zwieselalmaufstieg24-motiv-09-bild-karl-posch-300x200.jpg 300w, https:\/\/www.skimo.at\/rennen\/files\/2025\/11\/zwieselalmaufstieg24-motiv-09-bild-karl-posch-768x512.jpg 768w, https:\/\/www.skimo.at\/rennen\/files\/2025\/11\/zwieselalmaufstieg24-motiv-09-bild-karl-posch-746x497.jpg 746w, https:\/\/www.skimo.at\/rennen\/files\/2025\/11\/zwieselalmaufstieg24-motiv-09-bild-karl-posch-618x412.jpg 618w, https:\/\/www.skimo.at\/rennen\/files\/2025\/11\/zwieselalmaufstieg24-motiv-09-bild-karl-posch-554x369.jpg 554w, https:\/\/www.skimo.at\/rennen\/files\/2025\/11\/zwieselalmaufstieg24-motiv-09-bild-karl-posch-299x199.jpg 299w, https:\/\/www.skimo.at\/rennen\/files\/2025\/11\/zwieselalmaufstieg24-motiv-09-bild-karl-posch-1224x816.jpg 1224w, https:\/\/www.skimo.at\/rennen\/files\/2025\/11\/zwieselalmaufstieg24-motiv-09-bild-karl-posch-970x647.jpg 970w, https:\/\/www.skimo.at\/rennen\/files\/2025\/11\/zwieselalmaufstieg24-motiv-09-bild-karl-posch-140x93.jpg 140w, https:\/\/www.skimo.at\/rennen\/files\/2025\/11\/zwieselalmaufstieg24-motiv-09-bild-karl-posch-540x360.jpg 540w, https:\/\/www.skimo.at\/rennen\/files\/2025\/11\/zwieselalmaufstieg24-motiv-09-bild-karl-posch.jpg 1920w\" sizes=\"(max-width: 1024px) 100vw, 1024px\" \/><\/a><\/figure><\/li><li class=\"blocks-gallery-item\"><figure><a href=\"https:\/\/www.skimo.at\/rennen\/files\/2025\/11\/zwieselalmaufstieg24-motiv-12-bild-karl-posch-1024x683.jpg\"><img loading=\"lazy\" width=\"1024\" height=\"683\" src=\"https:\/\/www.skimo.at\/rennen\/files\/2025\/11\/zwieselalmaufstieg24-motiv-12-bild-karl-posch-1024x683.jpg\" alt=\"\" data-id=\"306080\" data-link=\"https:\/\/www.skimo.at\/rennen\/?attachment_id=306080\" class=\"wp-image-306080\" srcset=\"https:\/\/www.skimo.at\/rennen\/files\/2025\/11\/zwieselalmaufstieg24-motiv-12-bild-karl-posch-1024x683.jpg 1024w, https:\/\/www.skimo.at\/rennen\/files\/2025\/11\/zwieselalmaufstieg24-motiv-12-bild-karl-posch-300x200.jpg 300w, https:\/\/www.skimo.at\/rennen\/files\/2025\/11\/zwieselalmaufstieg24-motiv-12-bild-karl-posch-768x512.jpg 768w, https:\/\/www.skimo.at\/rennen\/files\/2025\/11\/zwieselalmaufstieg24-motiv-12-bild-karl-posch-746x497.jpg 746w, https:\/\/www.skimo.at\/rennen\/files\/2025\/11\/zwieselalmaufstieg24-motiv-12-bild-karl-posch-618x412.jpg 618w, https:\/\/www.skimo.at\/rennen\/files\/2025\/11\/zwieselalmaufstieg24-motiv-12-bild-karl-posch-554x369.jpg 554w, https:\/\/www.skimo.at\/rennen\/files\/2025\/11\/zwieselalmaufstieg24-motiv-12-bild-karl-posch-299x199.jpg 299w, https:\/\/www.skimo.at\/rennen\/files\/2025\/11\/zwieselalmaufstieg24-motiv-12-bild-karl-posch-1224x816.jpg 1224w, https:\/\/www.skimo.at\/rennen\/files\/2025\/11\/zwieselalmaufstieg24-motiv-12-bild-karl-posch-970x647.jpg 970w, https:\/\/www.skimo.at\/rennen\/files\/2025\/11\/zwieselalmaufstieg24-motiv-12-bild-karl-posch-140x93.jpg 140w, https:\/\/www.skimo.at\/rennen\/files\/2025\/11\/zwieselalmaufstieg24-motiv-12-bild-karl-posch-540x360.jpg 540w, https:\/\/www.skimo.at\/rennen\/files\/2025\/11\/zwieselalmaufstieg24-motiv-12-bild-karl-posch.jpg 1920w\" sizes=\"(max-width: 1024px) 100vw, 1024px\" \/><\/a><\/figure><\/li><li class=\"blocks-gallery-item\"><figure><a href=\"https:\/\/www.skimo.at\/rennen\/files\/2025\/11\/zwieselalmaufstieg24-motiv-31-bild-karl-posch-1024x683.jpg\"><img loading=\"lazy\" width=\"1024\" height=\"683\" src=\"https:\/\/www.skimo.at\/rennen\/files\/2025\/11\/zwieselalmaufstieg24-motiv-31-bild-karl-posch-1024x683.jpg\" alt=\"\" data-id=\"306081\" data-link=\"https:\/\/www.skimo.at\/rennen\/?attachment_id=306081\" class=\"wp-image-306081\" srcset=\"https:\/\/www.skimo.at\/rennen\/files\/2025\/11\/zwieselalmaufstieg24-motiv-31-bild-karl-posch-1024x683.jpg 1024w, https:\/\/www.skimo.at\/rennen\/files\/2025\/11\/zwieselalmaufstieg24-motiv-31-bild-karl-posch-300x200.jpg 300w, https:\/\/www.skimo.at\/rennen\/files\/2025\/11\/zwieselalmaufstieg24-motiv-31-bild-karl-posch-768x512.jpg 768w, https:\/\/www.skimo.at\/rennen\/files\/2025\/11\/zwieselalmaufstieg24-motiv-31-bild-karl-posch-746x497.jpg 746w, https:\/\/www.skimo.at\/rennen\/files\/2025\/11\/zwieselalmaufstieg24-motiv-31-bild-karl-posch-618x412.jpg 618w, https:\/\/www.skimo.at\/rennen\/files\/2025\/11\/zwieselalmaufstieg24-motiv-31-bild-karl-posch-554x369.jpg 554w, https:\/\/www.skimo.at\/rennen\/files\/2025\/11\/zwieselalmaufstieg24-motiv-31-bild-karl-posch-299x199.jpg 299w, https:\/\/www.skimo.at\/rennen\/files\/2025\/11\/zwieselalmaufstieg24-motiv-31-bild-karl-posch-1224x816.jpg 1224w, https:\/\/www.skimo.at\/rennen\/files\/2025\/11\/zwieselalmaufstieg24-motiv-31-bild-karl-posch-970x647.jpg 970w, https:\/\/www.skimo.at\/rennen\/files\/2025\/11\/zwieselalmaufstieg24-motiv-31-bild-karl-posch-140x93.jpg 140w, https:\/\/www.skimo.at\/rennen\/files\/2025\/11\/zwieselalmaufstieg24-motiv-31-bild-karl-posch-540x360.jpg 540w, https:\/\/www.skimo.at\/rennen\/files\/2025\/11\/zwieselalmaufstieg24-motiv-31-bild-karl-posch.jpg 1920w\" sizes=\"(max-width: 1024px) 100vw, 1024px\" \/><\/a><\/figure><\/li><li class=\"blocks-gallery-item\"><figure><a href=\"https:\/\/www.skimo.at\/rennen\/files\/2025\/11\/zwieselalmaufstieg24-motiv-34-bild-karl-posch-1024x683.jpg\"><img loading=\"lazy\" width=\"1024\" height=\"683\" src=\"https:\/\/www.skimo.at\/rennen\/files\/2025\/11\/zwieselalmaufstieg24-motiv-34-bild-karl-posch-1024x683.jpg\" alt=\"\" data-id=\"306082\" data-link=\"https:\/\/www.skimo.at\/rennen\/?attachment_id=306082\" class=\"wp-image-306082\" srcset=\"https:\/\/www.skimo.at\/rennen\/files\/2025\/11\/zwieselalmaufstieg24-motiv-34-bild-karl-posch-1024x683.jpg 1024w, https:\/\/www.skimo.at\/rennen\/files\/2025\/11\/zwieselalmaufstieg24-motiv-34-bild-karl-posch-300x200.jpg 300w, https:\/\/www.skimo.at\/rennen\/files\/2025\/11\/zwieselalmaufstieg24-motiv-34-bild-karl-posch-768x512.jpg 768w, https:\/\/www.skimo.at\/rennen\/files\/2025\/11\/zwieselalmaufstieg24-motiv-34-bild-karl-posch-746x497.jpg 746w, https:\/\/www.skimo.at\/rennen\/files\/2025\/11\/zwieselalmaufstieg24-motiv-34-bild-karl-posch-618x412.jpg 618w, https:\/\/www.skimo.at\/rennen\/files\/2025\/11\/zwieselalmaufstieg24-motiv-34-bild-karl-posch-554x369.jpg 554w, https:\/\/www.skimo.at\/rennen\/files\/2025\/11\/zwieselalmaufstieg24-motiv-34-bild-karl-posch-299x199.jpg 299w, https:\/\/www.skimo.at\/rennen\/files\/2025\/11\/zwieselalmaufstieg24-motiv-34-bild-karl-posch-1224x816.jpg 1224w, https:\/\/www.skimo.at\/rennen\/files\/2025\/11\/zwieselalmaufstieg24-motiv-34-bild-karl-posch-970x647.jpg 970w, https:\/\/www.skimo.at\/rennen\/files\/2025\/11\/zwieselalmaufstieg24-motiv-34-bild-karl-posch-140x93.jpg 140w, https:\/\/www.skimo.at\/rennen\/files\/2025\/11\/zwieselalmaufstieg24-motiv-34-bild-karl-posch-540x360.jpg 540w, https:\/\/www.skimo.at\/rennen\/files\/2025\/11\/zwieselalmaufstieg24-motiv-34-bild-karl-posch.jpg 1920w\" sizes=\"(max-width: 1024px) 100vw, 1024px\" \/><\/a><\/figure><\/li><li class=\"blocks-gallery-item\"><figure><a href=\"https:\/\/www.skimo.at\/rennen\/files\/2025\/11\/zwieselalmaufstieg24-motiv-37-bild-karl-posch-1024x683.jpg\"><img loading=\"lazy\" width=\"1024\" height=\"683\" src=\"https:\/\/www.skimo.at\/rennen\/files\/2025\/11\/zwieselalmaufstieg24-motiv-37-bild-karl-posch-1024x683.jpg\" alt=\"\" data-id=\"306083\" data-link=\"https:\/\/www.skimo.at\/rennen\/?attachment_id=306083\" class=\"wp-image-306083\" srcset=\"https:\/\/www.skimo.at\/rennen\/files\/2025\/11\/zwieselalmaufstieg24-motiv-37-bild-karl-posch-1024x683.jpg 1024w, https:\/\/www.skimo.at\/rennen\/files\/2025\/11\/zwieselalmaufstieg24-motiv-37-bild-karl-posch-300x200.jpg 300w, https:\/\/www.skimo.at\/rennen\/files\/2025\/11\/zwieselalmaufstieg24-motiv-37-bild-karl-posch-768x512.jpg 768w, https:\/\/www.skimo.at\/rennen\/files\/2025\/11\/zwieselalmaufstieg24-motiv-37-bild-karl-posch-746x497.jpg 746w, https:\/\/www.skimo.at\/rennen\/files\/2025\/11\/zwieselalmaufstieg24-motiv-37-bild-karl-posch-618x412.jpg 618w, https:\/\/www.skimo.at\/rennen\/files\/2025\/11\/zwieselalmaufstieg24-motiv-37-bild-karl-posch-554x369.jpg 554w, https:\/\/www.skimo.at\/rennen\/files\/2025\/11\/zwieselalmaufstieg24-motiv-37-bild-karl-posch-299x199.jpg 299w, https:\/\/www.skimo.at\/rennen\/files\/2025\/11\/zwieselalmaufstieg24-motiv-37-bild-karl-posch-1224x816.jpg 1224w, https:\/\/www.skimo.at\/rennen\/files\/2025\/11\/zwieselalmaufstieg24-motiv-37-bild-karl-posch-970x647.jpg 970w, https:\/\/www.skimo.at\/rennen\/files\/2025\/11\/zwieselalmaufstieg24-motiv-37-bild-karl-posch-140x93.jpg 140w, https:\/\/www.skimo.at\/rennen\/files\/2025\/11\/zwieselalmaufstieg24-motiv-37-bild-karl-posch-540x360.jpg 540w, https:\/\/www.skimo.at\/rennen\/files\/2025\/11\/zwieselalmaufstieg24-motiv-37-bild-karl-posch.jpg 1920w\" sizes=\"(max-width: 1024px) 100vw, 1024px\" \/><\/a><\/figure><\/li><li class=\"blocks-gallery-item\"><figure><a href=\"https:\/\/www.skimo.at\/rennen\/files\/2025\/11\/zwieselalmaufstieg24-motiv-41-bild-andreas-renner-1024x683.jpg\"><img loading=\"lazy\" width=\"1024\" height=\"683\" src=\"https:\/\/www.skimo.at\/rennen\/files\/2025\/11\/zwieselalmaufstieg24-motiv-41-bild-andreas-renner-1024x683.jpg\" alt=\"\" data-id=\"306084\" data-link=\"https:\/\/www.skimo.at\/rennen\/?attachment_id=306084\" class=\"wp-image-306084\" srcset=\"https:\/\/www.skimo.at\/rennen\/files\/2025\/11\/zwieselalmaufstieg24-motiv-41-bild-andreas-renner-1024x683.jpg 1024w, https:\/\/www.skimo.at\/rennen\/files\/2025\/11\/zwieselalmaufstieg24-motiv-41-bild-andreas-renner-300x200.jpg 300w, https:\/\/www.skimo.at\/rennen\/files\/2025\/11\/zwieselalmaufstieg24-motiv-41-bild-andreas-renner-768x512.jpg 768w, https:\/\/www.skimo.at\/rennen\/files\/2025\/11\/zwieselalmaufstieg24-motiv-41-bild-andreas-renner-746x497.jpg 746w, https:\/\/www.skimo.at\/rennen\/files\/2025\/11\/zwieselalmaufstieg24-motiv-41-bild-andreas-renner-618x412.jpg 618w, https:\/\/www.skimo.at\/rennen\/files\/2025\/11\/zwieselalmaufstieg24-motiv-41-bild-andreas-renner-554x370.jpg 554w, https:\/\/www.skimo.at\/rennen\/files\/2025\/11\/zwieselalmaufstieg24-motiv-41-bild-andreas-renner-299x199.jpg 299w, https:\/\/www.skimo.at\/rennen\/files\/2025\/11\/zwieselalmaufstieg24-motiv-41-bild-andreas-renner-1224x817.jpg 1224w, https:\/\/www.skimo.at\/rennen\/files\/2025\/11\/zwieselalmaufstieg24-motiv-41-bild-andreas-renner-970x647.jpg 970w, https:\/\/www.skimo.at\/rennen\/files\/2025\/11\/zwieselalmaufstieg24-motiv-41-bild-andreas-renner-139x93.jpg 139w, https:\/\/www.skimo.at\/rennen\/files\/2025\/11\/zwieselalmaufstieg24-motiv-41-bild-andreas-renner-540x360.jpg 540w, https:\/\/www.skimo.at\/rennen\/files\/2025\/11\/zwieselalmaufstieg24-motiv-41-bild-andreas-renner.jpg 1920w\" sizes=\"(max-width: 1024px) 100vw, 1024px\" \/><\/a><\/figure><\/li><li class=\"blocks-gallery-item\"><figure><a href=\"https:\/\/www.skimo.at\/rennen\/files\/2025\/11\/zwieselalmaufstieg24-motiv-47-bild-andreas-renner-1024x683.jpg\"><img loading=\"lazy\" width=\"1024\" height=\"683\" src=\"https:\/\/www.skimo.at\/rennen\/files\/2025\/11\/zwieselalmaufstieg24-motiv-47-bild-andreas-renner-1024x683.jpg\" alt=\"\" data-id=\"306085\" data-link=\"https:\/\/www.skimo.at\/rennen\/?attachment_id=306085\" class=\"wp-image-306085\" srcset=\"https:\/\/www.skimo.at\/rennen\/files\/2025\/11\/zwieselalmaufstieg24-motiv-47-bild-andreas-renner-1024x683.jpg 1024w, https:\/\/www.skimo.at\/rennen\/files\/2025\/11\/zwieselalmaufstieg24-motiv-47-bild-andreas-renner-300x200.jpg 300w, https:\/\/www.skimo.at\/rennen\/files\/2025\/11\/zwieselalmaufstieg24-motiv-47-bild-andreas-renner-768x512.jpg 768w, https:\/\/www.skimo.at\/rennen\/files\/2025\/11\/zwieselalmaufstieg24-motiv-47-bild-andreas-renner-746x497.jpg 746w, https:\/\/www.skimo.at\/rennen\/files\/2025\/11\/zwieselalmaufstieg24-motiv-47-bild-andreas-renner-618x412.jpg 618w, https:\/\/www.skimo.at\/rennen\/files\/2025\/11\/zwieselalmaufstieg24-motiv-47-bild-andreas-renner-554x370.jpg 554w, https:\/\/www.skimo.at\/rennen\/files\/2025\/11\/zwieselalmaufstieg24-motiv-47-bild-andreas-renner-299x199.jpg 299w, https:\/\/www.skimo.at\/rennen\/files\/2025\/11\/zwieselalmaufstieg24-motiv-47-bild-andreas-renner-1224x817.jpg 1224w, https:\/\/www.skimo.at\/rennen\/files\/2025\/11\/zwieselalmaufstieg24-motiv-47-bild-andreas-renner-970x647.jpg 970w, https:\/\/www.skimo.at\/rennen\/files\/2025\/11\/zwieselalmaufstieg24-motiv-47-bild-andreas-renner-139x93.jpg 139w, https:\/\/www.skimo.at\/rennen\/files\/2025\/11\/zwieselalmaufstieg24-motiv-47-bild-andreas-renner-540x360.jpg 540w, https:\/\/www.skimo.at\/rennen\/files\/2025\/11\/zwieselalmaufstieg24-motiv-47-bild-andreas-renner.jpg 1920w\" sizes=\"(max-width: 1024px) 100vw, 1024px\" \/><\/a><\/figure><\/li><li class=\"blocks-gallery-item\"><figure><a href=\"https:\/\/www.skimo.at\/rennen\/files\/2025\/11\/zwieselalmaufstieg24-motiv-24-bild-karl-posch-1024x683.jpg\"><img loading=\"lazy\" width=\"1024\" height=\"683\" src=\"https:\/\/www.skimo.at\/rennen\/files\/2025\/11\/zwieselalmaufstieg24-motiv-24-bild-karl-posch-1024x683.jpg\" alt=\"\" data-id=\"306086\" data-link=\"https:\/\/www.skimo.at\/rennen\/?attachment_id=306086\" class=\"wp-image-306086\" srcset=\"https:\/\/www.skimo.at\/rennen\/files\/2025\/11\/zwieselalmaufstieg24-motiv-24-bild-karl-posch-1024x683.jpg 1024w, https:\/\/www.skimo.at\/rennen\/files\/2025\/11\/zwieselalmaufstieg24-motiv-24-bild-karl-posch-300x200.jpg 300w, https:\/\/www.skimo.at\/rennen\/files\/2025\/11\/zwieselalmaufstieg24-motiv-24-bild-karl-posch-768x512.jpg 768w, https:\/\/www.skimo.at\/rennen\/files\/2025\/11\/zwieselalmaufstieg24-motiv-24-bild-karl-posch-746x497.jpg 746w, https:\/\/www.skimo.at\/rennen\/files\/2025\/11\/zwieselalmaufstieg24-motiv-24-bild-karl-posch-618x412.jpg 618w, https:\/\/www.skimo.at\/rennen\/files\/2025\/11\/zwieselalmaufstieg24-motiv-24-bild-karl-posch-554x369.jpg 554w, https:\/\/www.skimo.at\/rennen\/files\/2025\/11\/zwieselalmaufstieg24-motiv-24-bild-karl-posch-299x199.jpg 299w, https:\/\/www.skimo.at\/rennen\/files\/2025\/11\/zwieselalmaufstieg24-motiv-24-bild-karl-posch-1224x816.jpg 1224w, https:\/\/www.skimo.at\/rennen\/files\/2025\/11\/zwieselalmaufstieg24-motiv-24-bild-karl-posch-970x647.jpg 970w, https:\/\/www.skimo.at\/rennen\/files\/2025\/11\/zwieselalmaufstieg24-motiv-24-bild-karl-posch-140x93.jpg 140w, https:\/\/www.skimo.at\/rennen\/files\/2025\/11\/zwieselalmaufstieg24-motiv-24-bild-karl-posch-540x360.jpg 540w, https:\/\/www.skimo.at\/rennen\/files\/2025\/11\/zwieselalmaufstieg24-motiv-24-bild-karl-posch.jpg 1920w\" sizes=\"(max-width: 1024px) 100vw, 1024px\" \/><\/a><\/figure><\/li><li class=\"blocks-gallery-item\"><figure><a href=\"https:\/\/www.skimo.at\/rennen\/files\/2025\/11\/zwieselalmaufstieg24-motiv-14-bild-karl-posch.jpg\"><img loading=\"lazy\" width=\"1024\" height=\"683\" src=\"https:\/\/www.skimo.at\/rennen\/files\/2025\/11\/zwieselalmaufstieg24-motiv-14-bild-karl-posch-1024x683.jpg\" alt=\"\" data-id=\"306087\" data-full-url=\"https:\/\/www.skimo.at\/rennen\/files\/2025\/11\/zwieselalmaufstieg24-motiv-14-bild-karl-posch.jpg\" data-link=\"https:\/\/www.skimo.at\/rennen\/?attachment_id=306087\" class=\"wp-image-306087\" srcset=\"https:\/\/www.skimo.at\/rennen\/files\/2025\/11\/zwieselalmaufstieg24-motiv-14-bild-karl-posch-1024x683.jpg 1024w, https:\/\/www.skimo.at\/rennen\/files\/2025\/11\/zwieselalmaufstieg24-motiv-14-bild-karl-posch-300x200.jpg 300w, https:\/\/www.skimo.at\/rennen\/files\/2025\/11\/zwieselalmaufstieg24-motiv-14-bild-karl-posch-768x512.jpg 768w, https:\/\/www.skimo.at\/rennen\/files\/2025\/11\/zwieselalmaufstieg24-motiv-14-bild-karl-posch-746x497.jpg 746w, https:\/\/www.skimo.at\/rennen\/files\/2025\/11\/zwieselalmaufstieg24-motiv-14-bild-karl-posch-618x412.jpg 618w, https:\/\/www.skimo.at\/rennen\/files\/2025\/11\/zwieselalmaufstieg24-motiv-14-bild-karl-posch-554x369.jpg 554w, https:\/\/www.skimo.at\/rennen\/files\/2025\/11\/zwieselalmaufstieg24-motiv-14-bild-karl-posch-299x199.jpg 299w, https:\/\/www.skimo.at\/rennen\/files\/2025\/11\/zwieselalmaufstieg24-motiv-14-bild-karl-posch-1224x816.jpg 1224w, https:\/\/www.skimo.at\/rennen\/files\/2025\/11\/zwieselalmaufstieg24-motiv-14-bild-karl-posch-970x647.jpg 970w, https:\/\/www.skimo.at\/rennen\/files\/2025\/11\/zwieselalmaufstieg24-motiv-14-bild-karl-posch-140x93.jpg 140w, https:\/\/www.skimo.at\/rennen\/files\/2025\/11\/zwieselalmaufstieg24-motiv-14-bild-karl-posch-540x360.jpg 540w, https:\/\/www.skimo.at\/rennen\/files\/2025\/11\/zwieselalmaufstieg24-motiv-14-bild-karl-posch.jpg 1920w\" sizes=\"(max-width: 1024px) 100vw, 1024px\" \/><\/a><\/figure><\/li><\/ul><figcaption class=\"blocks-gallery-caption\">Zuerst der Sport, dann das Vergn\u00fcgen. Also zuerst 760 H\u00f6henmeter zur Zwieselalm, dann zu den Kasspatzen auf der Sonnenalm.<\/figcaption><\/figure>\n\n\n\n<p><\/p>\n\n\n\n<div class=\"wp-block-columns\">\n<div class=\"wp-block-column\" style=\"flex-basis:50%\">\n<p>Nach dem letzten, anspruchsvollen Steilst\u00fcck am \u201eKanonenrohr\u201c erwartet die Teilnehmer am h\u00f6chsten Punkt der Zwieselalm-Aussicht nicht nur ein wundersch\u00f6nes Bergpanorama, sondern auch ein kulinarischer H\u00f6hepunkt: <strong>\u201eKasspatzen All You Can Eat\u201c<\/strong> in der gem\u00fctlichen Atmosph\u00e4re der Sonnenalm.<br><br>Die <strong>Siegerehrung<\/strong> beginnt um <strong>19:00 Uhr<\/strong>. Sie w\u00fcrdigt nicht nur die sportlichen Leistungen, sondern belohnt die Finisher mit <strong>Sachpreisen im Gesamtwert von EUR 2.000,&#8211;<\/strong>. Von hochwertigen Tourenskiern \u00fcber praktische Rucks\u00e4cke bis hin zu funktionalen Steigfellen \u2013 die Preise, bereitgestellt von den Partnern der Veranstaltung, unterst\u00fctzen die Gewinner bei ihren n\u00e4chsten Touren und Abenteuern.<\/p>\n<\/div>\n\n\n\n<div class=\"wp-block-column\" style=\"flex-basis:50%\">\n<figure class=\"wp-block-image size-large\"><a href=\"https:\/\/www.skimo.at\/rennen\/files\/2025\/11\/zwieselalmaufstieg24-motiv-07-bild-andreas-renner.jpg\"><img loading=\"lazy\" width=\"1024\" height=\"683\" src=\"https:\/\/www.skimo.at\/rennen\/files\/2025\/11\/zwieselalmaufstieg24-motiv-07-bild-andreas-renner-1024x683.jpg\" alt=\"\" class=\"wp-image-306078\" srcset=\"https:\/\/www.skimo.at\/rennen\/files\/2025\/11\/zwieselalmaufstieg24-motiv-07-bild-andreas-renner-1024x683.jpg 1024w, https:\/\/www.skimo.at\/rennen\/files\/2025\/11\/zwieselalmaufstieg24-motiv-07-bild-andreas-renner-300x200.jpg 300w, https:\/\/www.skimo.at\/rennen\/files\/2025\/11\/zwieselalmaufstieg24-motiv-07-bild-andreas-renner-768x512.jpg 768w, https:\/\/www.skimo.at\/rennen\/files\/2025\/11\/zwieselalmaufstieg24-motiv-07-bild-andreas-renner-746x497.jpg 746w, https:\/\/www.skimo.at\/rennen\/files\/2025\/11\/zwieselalmaufstieg24-motiv-07-bild-andreas-renner-618x412.jpg 618w, https:\/\/www.skimo.at\/rennen\/files\/2025\/11\/zwieselalmaufstieg24-motiv-07-bild-andreas-renner-554x369.jpg 554w, https:\/\/www.skimo.at\/rennen\/files\/2025\/11\/zwieselalmaufstieg24-motiv-07-bild-andreas-renner-299x199.jpg 299w, https:\/\/www.skimo.at\/rennen\/files\/2025\/11\/zwieselalmaufstieg24-motiv-07-bild-andreas-renner-1224x816.jpg 1224w, https:\/\/www.skimo.at\/rennen\/files\/2025\/11\/zwieselalmaufstieg24-motiv-07-bild-andreas-renner-970x647.jpg 970w, https:\/\/www.skimo.at\/rennen\/files\/2025\/11\/zwieselalmaufstieg24-motiv-07-bild-andreas-renner-140x93.jpg 140w, https:\/\/www.skimo.at\/rennen\/files\/2025\/11\/zwieselalmaufstieg24-motiv-07-bild-andreas-renner-540x360.jpg 540w, https:\/\/www.skimo.at\/rennen\/files\/2025\/11\/zwieselalmaufstieg24-motiv-07-bild-andreas-renner.jpg 1920w\" sizes=\"(max-width: 1024px) 100vw, 1024px\" \/><\/a><figcaption>Letztjahres-Sieger Horst Gaigg aus Ebensee mit dem Hauptpreis, einem FISCHER Ski<\/figcaption><\/figure>\n<\/div>\n<\/div>\n\n\n\n<p>Traditionell ist der Zwieselalm-Aufstieg nicht nur ein sportlicher Fixpunkt zum Jahresende, sondern auch eine wunderbare Gelegenheit, die beeindruckende Winterlandschaft des Salzkammerguts gemeinsam mit Gleichgesinnten zu genie\u00dfen.<\/p>\n\n\n\n<p>Weitere Informationen und die seit gestern offene Anmeldung gibt\u2019s auf <a href=\"https:\/\/time2win.at\/event\/846\">time2win<\/a>. <\/p>\n","protected":false},"excerpt":{"rendered":"<p>Auch heuer l\u00e4dt der Zwieselalm-Aufstieg am 30. Dezember 2025 in der malerischen Skiregion Dachstein West alle Skitourenbegeisterten zu einem sportlichen Jahresausklang ein. Die beliebte Strecke f\u00fchrt wie gewohnt in den Abendstunden \u00fcber 760 H\u00f6henmeter von der Talstation des 8er Panorama Jets hinauf zur Zwieselalm-Aussicht \u2013 ein Erlebnis, das sportliche Herausforderung und beeindruckende Winterkulisse im Salzkammergut [&hellip;]<\/p>\n","protected":false},"author":3,"featured_media":306083,"comment_status":"closed","ping_status":"closed","sticky":false,"template":"","format":"standard","meta":[],"categories":[1,9,3],"tags":[],"yoast_head":"<!-- This site is optimized with the Yoast SEO plugin v16.3 - https:\/\/yoast.com\/wordpress\/plugins\/seo\/ -->\n<title>16. Zwieselalm-Aufstieg am 30.12.2025 - Jahresabschluss im Salzkammergut - Rennen<\/title>\n<meta name=\"robots\" content=\"index, follow, max-snippet:-1, max-image-preview:large, max-video-preview:-1\" \/>\n<link rel=\"canonical\" href=\"https:\/\/www.skimo.at\/rennen\/306077\/16-zwieselalm-aufstieg-am-30-12-2025-jahresabschluss-im-salzkammergut\/\" \/>\n<meta property=\"og:locale\" content=\"de_DE\" \/>\n<meta property=\"og:type\" content=\"article\" \/>\n<meta property=\"og:title\" content=\"16. Zwieselalm-Aufstieg am 30.12.2025 - Jahresabschluss im Salzkammergut - Rennen\" \/>\n<meta property=\"og:description\" content=\"Auch heuer l\u00e4dt der Zwieselalm-Aufstieg am 30. Dezember 2025 in der malerischen Skiregion Dachstein West alle Skitourenbegeisterten zu einem sportlichen Jahresausklang ein. Die beliebte Strecke f\u00fchrt wie gewohnt in den Abendstunden \u00fcber 760 H\u00f6henmeter von der Talstation des 8er Panorama Jets hinauf zur Zwieselalm-Aussicht \u2013 ein Erlebnis, das sportliche Herausforderung und beeindruckende Winterkulisse im Salzkammergut [&hellip;]\" \/>\n<meta property=\"og:url\" content=\"https:\/\/www.skimo.at\/rennen\/306077\/16-zwieselalm-aufstieg-am-30-12-2025-jahresabschluss-im-salzkammergut\/\" \/>\n<meta property=\"og:site_name\" content=\"Rennen\" \/>\n<meta property=\"article:published_time\" content=\"2025-11-21T11:50:20+00:00\" \/>\n<meta property=\"article:modified_time\" content=\"2025-11-21T11:52:11+00:00\" \/>\n<meta property=\"og:image\" content=\"https:\/\/www.skimo.at\/rennen\/files\/2025\/11\/zwieselalmaufstieg24-motiv-37-bild-karl-posch.jpg\" \/>\n\t<meta property=\"og:image:width\" content=\"1920\" \/>\n\t<meta property=\"og:image:height\" content=\"1280\" \/>\n<meta name=\"twitter:card\" content=\"summary\" \/>\n<meta name=\"twitter:label1\" content=\"Gesch\u00e4tzte Lesezeit\">\n\t<meta name=\"twitter:data1\" content=\"4\u00a0Minuten\">\n<script type=\"application\/ld+json\" class=\"yoast-schema-graph\">{\"@context\":\"https:\/\/schema.org\",\"@graph\":[{\"@type\":\"WebSite\",\"@id\":\"https:\/\/skimo.73.jarolim.eu\/rennen\/#website\",\"url\":\"https:\/\/skimo.73.jarolim.eu\/rennen\/\",\"name\":\"Rennen\",\"description\":\"\",\"potentialAction\":[{\"@type\":\"SearchAction\",\"target\":\"https:\/\/skimo.73.jarolim.eu\/rennen\/?s={search_term_string}\",\"query-input\":\"required name=search_term_string\"}],\"inLanguage\":\"de\"},{\"@type\":\"ImageObject\",\"@id\":\"https:\/\/www.skimo.at\/rennen\/306077\/16-zwieselalm-aufstieg-am-30-12-2025-jahresabschluss-im-salzkammergut\/#primaryimage\",\"inLanguage\":\"de\",\"url\":\"https:\/\/www.skimo.at\/rennen\/files\/2025\/11\/zwieselalmaufstieg24-motiv-37-bild-karl-posch.jpg\",\"contentUrl\":\"https:\/\/www.skimo.at\/rennen\/files\/2025\/11\/zwieselalmaufstieg24-motiv-37-bild-karl-posch.jpg\",\"width\":1920,\"height\":1280},{\"@type\":\"WebPage\",\"@id\":\"https:\/\/www.skimo.at\/rennen\/306077\/16-zwieselalm-aufstieg-am-30-12-2025-jahresabschluss-im-salzkammergut\/#webpage\",\"url\":\"https:\/\/www.skimo.at\/rennen\/306077\/16-zwieselalm-aufstieg-am-30-12-2025-jahresabschluss-im-salzkammergut\/\",\"name\":\"16. Zwieselalm-Aufstieg am 30.12.2025 - Jahresabschluss im Salzkammergut - Rennen\",\"isPartOf\":{\"@id\":\"https:\/\/skimo.73.jarolim.eu\/rennen\/#website\"},\"primaryImageOfPage\":{\"@id\":\"https:\/\/www.skimo.at\/rennen\/306077\/16-zwieselalm-aufstieg-am-30-12-2025-jahresabschluss-im-salzkammergut\/#primaryimage\"},\"datePublished\":\"2025-11-21T11:50:20+00:00\",\"dateModified\":\"2025-11-21T11:52:11+00:00\",\"author\":{\"@id\":\"https:\/\/skimo.73.jarolim.eu\/rennen\/#\/schema\/person\/796ecbce6796efca58bf848ca63ec12c\"},\"breadcrumb\":{\"@id\":\"https:\/\/www.skimo.at\/rennen\/306077\/16-zwieselalm-aufstieg-am-30-12-2025-jahresabschluss-im-salzkammergut\/#breadcrumb\"},\"inLanguage\":\"de\",\"potentialAction\":[{\"@type\":\"ReadAction\",\"target\":[\"https:\/\/www.skimo.at\/rennen\/306077\/16-zwieselalm-aufstieg-am-30-12-2025-jahresabschluss-im-salzkammergut\/\"]}]},{\"@type\":\"BreadcrumbList\",\"@id\":\"https:\/\/www.skimo.at\/rennen\/306077\/16-zwieselalm-aufstieg-am-30-12-2025-jahresabschluss-im-salzkammergut\/#breadcrumb\",\"itemListElement\":[{\"@type\":\"ListItem\",\"position\":1,\"item\":{\"@type\":\"WebPage\",\"@id\":\"https:\/\/skimo.73.jarolim.eu\/rennen\/\",\"url\":\"https:\/\/skimo.73.jarolim.eu\/rennen\/\",\"name\":\"Home\"}},{\"@type\":\"ListItem\",\"position\":2,\"item\":{\"@id\":\"https:\/\/www.skimo.at\/rennen\/306077\/16-zwieselalm-aufstieg-am-30-12-2025-jahresabschluss-im-salzkammergut\/#webpage\"}}]},{\"@type\":\"Person\",\"@id\":\"https:\/\/skimo.73.jarolim.eu\/rennen\/#\/schema\/person\/796ecbce6796efca58bf848ca63ec12c\",\"name\":\"kposch\",\"image\":{\"@type\":\"ImageObject\",\"@id\":\"https:\/\/skimo.73.jarolim.eu\/rennen\/#personlogo\",\"inLanguage\":\"de\",\"url\":\"https:\/\/secure.gravatar.com\/avatar\/e9f5f28da60e5e563d3f4d3cc0b9b425?s=96&r=g\",\"contentUrl\":\"https:\/\/secure.gravatar.com\/avatar\/e9f5f28da60e5e563d3f4d3cc0b9b425?s=96&r=g\",\"caption\":\"kposch\"},\"url\":\"https:\/\/www.skimo.at\/rennen\/author\/kposch\/\"}]}<\/script>\n<!-- \/ Yoast SEO plugin. -->","_links":{"self":[{"href":"https:\/\/www.skimo.at\/rennen\/wp-json\/wp\/v2\/posts\/306077"}],"collection":[{"href":"https:\/\/www.skimo.at\/rennen\/wp-json\/wp\/v2\/posts"}],"about":[{"href":"https:\/\/www.skimo.at\/rennen\/wp-json\/wp\/v2\/types\/post"}],"author":[{"embeddable":true,"href":"https:\/\/www.skimo.at\/rennen\/wp-json\/wp\/v2\/users\/3"}],"replies":[{"embeddable":true,"href":"https:\/\/www.skimo.at\/rennen\/wp-json\/wp\/v2\/comments?post=306077"}],"version-history":[{"count":3,"href":"https:\/\/www.skimo.at\/rennen\/wp-json\/wp\/v2\/posts\/306077\/revisions"}],"predecessor-version":[{"id":306091,"href":"https:\/\/www.skimo.at\/rennen\/wp-json\/wp\/v2\/posts\/306077\/revisions\/306091"}],"wp:featuredmedia":[{"embeddable":true,"href":"https:\/\/www.skimo.at\/rennen\/wp-json\/wp\/v2\/media\/306083"}],"wp:attachment":[{"href":"https:\/\/www.skimo.at\/rennen\/wp-json\/wp\/v2\/media?parent=306077"}],"wp:term":[{"taxonomy":"category","embeddable":true,"href":"https:\/\/www.skimo.at\/rennen\/wp-json\/wp\/v2\/categories?post=306077"},{"taxonomy":"post_tag","embeddable":true,"href":"https:\/\/www.skimo.at\/rennen\/wp-json\/wp\/v2\/tags?post=306077"}],"curies":[{"name":"wp","href":"https:\/\/api.w.org\/{rel}","templated":true}]}}