{"id":305985,"date":"2025-10-28T14:59:20","date_gmt":"2025-10-28T12:59:20","guid":{"rendered":"https:\/\/www.skimo.at\/rennen\/?p=305985"},"modified":"2025-10-28T14:59:44","modified_gmt":"2025-10-28T12:59:44","slug":"bormio-ruestet-sich-fuer-milano-cortina-2026-100-tage-bis-zum-olympischen-ruhm-auf-der-stelvio","status":"publish","type":"post","link":"https:\/\/www.skimo.at\/rennen\/305985\/bormio-ruestet-sich-fuer-milano-cortina-2026-100-tage-bis-zum-olympischen-ruhm-auf-der-stelvio\/","title":{"rendered":"Bormio r\u00fcstet sich f\u00fcr Milano Cortina 2026: 100 Tage bis zum olympischen Ruhm auf der Stelvio"},"content":{"rendered":"\n<p>In hundert Tagen beginnen die Olympischen Winterspiele Milano Cortina 2026 \u2013 und Bormio ist bereit, Geschichte zu schreiben. Auf der legend\u00e4ren Stelvio-Piste werden alle alpinen Skibewerbe der Herren ausgetragen, und erstmals feiert der Skibergstieg (Ski Mountaineering) seine olympische Premiere.<\/p>\n\n\n\n<p><strong>Der Countdown l\u00e4uft: Noch 100 Tage bis zur Er\u00f6ffnungsfeier der Olympischen Winterspiele Milano Cortina 2026<\/strong><\/p>\n\n\n\n<p>Morgen, am Mittwoch, den 29. Oktober, sind es genau 100 Tage bis zur Er\u00f6ffnung der Olympischen Winterspiele Milano Cortina 2026. Das erste sportliche Highlight findet hier in <strong>Bormio<\/strong> statt \u2013 am 7. Februar, wenn das <strong>Abfahrtsrennen der Herren<\/strong> auf der legend\u00e4ren <strong>Stelvio-Piste<\/strong> als <strong>erster Medaillenbewerb<\/strong> der Spiele \u00fcber die B\u00fchne geht.<\/p>\n\n\n\n<figure class=\"wp-block-image size-large\"><a href=\"https:\/\/www.skimo.at\/rennen\/files\/2025\/10\/bormionotturnastelvio-enricopozzi.jpg\"><img loading=\"lazy\" width=\"1024\" height=\"683\" src=\"https:\/\/www.skimo.at\/rennen\/files\/2025\/10\/bormionotturnastelvio-enricopozzi-1024x683.jpg\" alt=\"\" class=\"wp-image-305987\" srcset=\"https:\/\/www.skimo.at\/rennen\/files\/2025\/10\/bormionotturnastelvio-enricopozzi-1024x683.jpg 1024w, https:\/\/www.skimo.at\/rennen\/files\/2025\/10\/bormionotturnastelvio-enricopozzi-300x200.jpg 300w, https:\/\/www.skimo.at\/rennen\/files\/2025\/10\/bormionotturnastelvio-enricopozzi-768x512.jpg 768w, https:\/\/www.skimo.at\/rennen\/files\/2025\/10\/bormionotturnastelvio-enricopozzi-746x497.jpg 746w, https:\/\/www.skimo.at\/rennen\/files\/2025\/10\/bormionotturnastelvio-enricopozzi-618x412.jpg 618w, https:\/\/www.skimo.at\/rennen\/files\/2025\/10\/bormionotturnastelvio-enricopozzi-554x370.jpg 554w, https:\/\/www.skimo.at\/rennen\/files\/2025\/10\/bormionotturnastelvio-enricopozzi-299x199.jpg 299w, https:\/\/www.skimo.at\/rennen\/files\/2025\/10\/bormionotturnastelvio-enricopozzi-1224x817.jpg 1224w, https:\/\/www.skimo.at\/rennen\/files\/2025\/10\/bormionotturnastelvio-enricopozzi-970x647.jpg 970w, https:\/\/www.skimo.at\/rennen\/files\/2025\/10\/bormionotturnastelvio-enricopozzi-139x93.jpg 139w, https:\/\/www.skimo.at\/rennen\/files\/2025\/10\/bormionotturnastelvio-enricopozzi-540x360.jpg 540w, https:\/\/www.skimo.at\/rennen\/files\/2025\/10\/bormionotturnastelvio-enricopozzi.jpg 1920w\" sizes=\"(max-width: 1024px) 100vw, 1024px\" \/><\/a><figcaption>Bild: Enrico Pozzi<\/figcaption><\/figure>\n\n\n\n<p>Von diesem Tag bis zum 21. Februar 2026 wird das alpine Juwel im <strong>Alta Valtellina<\/strong> Gastgeber aller <strong>alpinen Skibewerbe der Herren<\/strong> sowie der <strong>ersten olympischen Wettbewerbe im Skibergsteigen (Ski Mountaineering)<\/strong> sein \u2013 und dabei <strong>Spitzensportler und tausende Fans aus aller Welt<\/strong> willkommen hei\u00dfen.<\/p>\n\n\n\n<p><strong>100 Tage, um sich auf ein einmaliges Erlebnis vorzubereiten<\/strong> \u2013 um die besten Athletinnen und Athleten der Welt hautnah zu erleben und Teil eines historischen Moments zu werden. <strong>Bormio ist bereit, die Stelvio wartet \u2013 und die Welt ist unterwegs.<\/strong><\/p>\n\n\n\n<hr class=\"wp-block-separator\" \/>\n\n\n\n<h3>\u201eLa Scala\u201c des Skisports empf\u00e4ngt ihre ersten Olympiamedaillen<\/h3>\n\n\n\n<p>Seit ihrer Premiere im Jahr 1982 und den Austragungen der <strong>Alpinen Skiweltmeisterschaften 1985 und 2005<\/strong> hat die Stelvio-Piste auf diesen <strong>kr\u00f6nenden Moment<\/strong> hingearbeitet. Seit mehr als drei Jahrzehnten ist sie ein <strong>Fixpunkt im Weltcupkalender<\/strong>. Mit einem <strong>H\u00f6henunterschied von 1.023 Metern<\/strong> gilt sie als eine der <strong>anspruchsvollsten und spektakul\u00e4rsten Abfahrten der Welt<\/strong> \u2013 die wahre <strong>\u201eLa Scala\u201c des Wintersports<\/strong>.<\/p>\n\n\n\n<p>Das <strong>olympische Programm<\/strong> in Bormio beginnt am <strong>Samstag, den 7. Februar<\/strong>, mit der <strong>Herrenabfahrt<\/strong>, gefolgt vom <strong>Team-Kombinationsbewerb<\/strong> am <strong>Montag, den 9. Februar<\/strong>. Der <strong>Riesenslalom<\/strong> steht am <strong>14. Februar<\/strong> auf dem Programm, und der <strong>Slalom am Montag, den 16. Februar<\/strong>, bildet den <strong>Abschluss der alpinen Herrenbewerbe<\/strong> in Bormio.<\/p>\n\n\n\n<p>Auf der Stelvio werden sich die gr\u00f6\u00dften Namen des Skisports messen. <strong>Der Schweizer Marco Odermatt<\/strong> gilt als Favorit und m\u00f6chte seinem Olympiagold von Peking eine weitere Medaille hinzuf\u00fcgen. <strong>Italiens Hoffnungen<\/strong> ruhen auf <strong>Dominik Paris<\/strong>, <strong>Ehrenb\u00fcrger von Bormio<\/strong>, und <strong>Mattia Casse<\/strong> in den Speeddisziplinen.<\/p>\n\n\n\n<blockquote class=\"wp-block-quote\"><p>\u201eWir bereiten uns seit Langem vor, und das Ziel ist klar: Topform auf der Stelvio \u2013 einer meiner Lieblingsstrecken \u2013 zu erreichen, an einem gro\u00dfartigen Ort, zu dem ich eine tiefe Verbindung habe\u201c,<\/p><cite>Dominik Paris<\/cite><\/blockquote>\n\n\n\n<p>Auch <strong>Slalom-Spezialist Tommaso Sala<\/strong> blickt mit Spannung auf die Spiele:<\/p>\n\n\n\n<blockquote class=\"wp-block-quote\"><p>\u201eJahre voller Tr\u00e4ume \u2013 und jetzt nur noch 100 Tage! Die Olympischen Spiele hier zu erleben, ist einfach unglaublich. Dieser Countdown bedeutet nicht nur das Verstreichen von Zeit \u2013 er steht f\u00fcr Leidenschaft, f\u00fcr den Wettkampfgeist und f\u00fcr das Gef\u00fchl, Teil eines historischen Moments zu sein.\u201c<\/p><cite>Tommasso Sala<\/cite><\/blockquote>\n\n\n\n<p><\/p>\n\n\n\n<h3>SKIBERGSTEIGEN FEIERT SEIN OLYMPISCHES DEB\u00dcT<\/h3>\n\n\n\n<p>Noch bedeutender wird Bormios Rolle bei den Olympischen Spielen durch die <strong>Premiere des Skibergsteigens (Ski Mountaineering)<\/strong> \u2013 einer anspruchsvollen Disziplin, die <strong>Ausdauer, Technik und alpines K\u00f6nnen auf Ski<\/strong> vereint. Die Wettk\u00e4mpfe finden auf einem speziell adaptierten Abschnitt am <strong>Fu\u00df der Stelvio-Piste<\/strong> statt.<\/p>\n\n\n\n<figure class=\"wp-block-image size-large\"><a href=\"https:\/\/www.skimo.at\/rennen\/files\/2025\/10\/sprintbormio-mtorri-0073-copia.jpg\"><img loading=\"lazy\" width=\"1024\" height=\"682\" src=\"https:\/\/www.skimo.at\/rennen\/files\/2025\/10\/sprintbormio-mtorri-0073-copia-1024x682.jpg\" alt=\"\" class=\"wp-image-305986\" srcset=\"https:\/\/www.skimo.at\/rennen\/files\/2025\/10\/sprintbormio-mtorri-0073-copia-1024x682.jpg 1024w, https:\/\/www.skimo.at\/rennen\/files\/2025\/10\/sprintbormio-mtorri-0073-copia-300x200.jpg 300w, https:\/\/www.skimo.at\/rennen\/files\/2025\/10\/sprintbormio-mtorri-0073-copia-768x512.jpg 768w, https:\/\/www.skimo.at\/rennen\/files\/2025\/10\/sprintbormio-mtorri-0073-copia-746x497.jpg 746w, https:\/\/www.skimo.at\/rennen\/files\/2025\/10\/sprintbormio-mtorri-0073-copia-618x412.jpg 618w, https:\/\/www.skimo.at\/rennen\/files\/2025\/10\/sprintbormio-mtorri-0073-copia-554x369.jpg 554w, https:\/\/www.skimo.at\/rennen\/files\/2025\/10\/sprintbormio-mtorri-0073-copia-299x199.jpg 299w, https:\/\/www.skimo.at\/rennen\/files\/2025\/10\/sprintbormio-mtorri-0073-copia-1224x815.jpg 1224w, https:\/\/www.skimo.at\/rennen\/files\/2025\/10\/sprintbormio-mtorri-0073-copia-970x646.jpg 970w, https:\/\/www.skimo.at\/rennen\/files\/2025\/10\/sprintbormio-mtorri-0073-copia-140x93.jpg 140w, https:\/\/www.skimo.at\/rennen\/files\/2025\/10\/sprintbormio-mtorri-0073-copia-540x360.jpg 540w, https:\/\/www.skimo.at\/rennen\/files\/2025\/10\/sprintbormio-mtorri-0073-copia.jpg 1920w\" sizes=\"(max-width: 1024px) 100vw, 1024px\" \/><\/a><figcaption>Bild: Maurizio Torri<\/figcaption><\/figure>\n\n\n\n<p>Der <strong>Wettkampfbeginn<\/strong> ist am <strong>Donnerstag, den 19. Februar<\/strong>, mit den <strong>Sprintbewerben der Damen und Herren<\/strong>, gefolgt von der <strong>Mixed-Staffel<\/strong> am <strong>Samstag, den 21. Februar<\/strong>. Insgesamt werden <strong>drei Goldmedaillen<\/strong> vergeben \u2013 und damit <strong>das erste Kapitel dieser Sportart in der Olympiageschichte<\/strong> genau hier in <strong>Bormio<\/strong> geschrieben.<\/p>\n\n\n\n<p>Zu den <strong>Favorit:innen<\/strong> z\u00e4hlen <strong>Thibault Anselmet<\/strong> und <strong>Emily Harrop<\/strong> aus <strong>Frankreich<\/strong> \u2013 beide Weltcupsieger und Weltmeister in der Mixed-Staffel \u2013 sowie <strong>Oriol Cardona Coll<\/strong> aus <strong>Spanien<\/strong> und <strong>Finn H\u00f6sch<\/strong> aus <strong>Deutschland<\/strong>. <strong>Italien<\/strong> setzt auf seine <strong>heimischen Top-Athlet:innen<\/strong> in einer Disziplin, die traditionell von <strong>Frankreich, der Schweiz und Spanien<\/strong> dominiert wird.<\/p>\n\n\n\n<p>Der geb\u00fcrtige Bormioer und Skibergsteiger-Weltmeister <strong>Nicol\u00f2 Canclini<\/strong> brachte die Bedeutung dieses Moments auf den Punkt:<\/p>\n\n\n\n<blockquote class=\"wp-block-quote\"><p>\u201e100 Tage vor dem Start \u2013 das ist eine symbolische Marke, die alles greifbarer macht. Die Vorfreude w\u00e4chst mit jedem Tag, und jedes Training l\u00e4sst den Traum realer werden. Die Olympischen Spiele sind die Essenz des Sports \u2013 und f\u00fcr Italien ist dies eine einmalige Gelegenheit, auf der gr\u00f6\u00dften B\u00fchne der Welt zu gl\u00e4nzen.\u201c<\/p><cite>Nicolo Canclini<\/cite><\/blockquote>\n\n\n\n<p><\/p>\n\n\n\n<h3>BORMIO IST BEREIT F\u00dcR SEINEN OLYMPISCHEN MOMENT<\/h3>\n\n\n\n<p><strong>Silvia Cavazzi<\/strong>, B\u00fcrgermeisterin von Bormio, betonte das Engagement und die Gastfreundschaft der Gemeinde:<\/p>\n\n\n\n<blockquote class=\"wp-block-quote\"><p>\u201eDer olympische Moment r\u00fcckt n\u00e4her, und die Vorfreude w\u00e4chst. Alle ziehen an einem Strang \u2013 Institutionen, Vereine, Unternehmen und B\u00fcrger:innen \u2013, um sicherzustellen, dass wir bereit sind. Die Bauarbeiten liegen im Zeitplan, aber ebenso wichtig ist unsere Gastfreundschaft. Besucher:innen aus der ganzen Welt werden kommen, und wir m\u00f6chten Bormio von seiner besten Seite zeigen \u2013 in jeder Hinsicht.\u201c<\/p><cite>Silvia Cavazzi<\/cite><\/blockquote>\n\n\n\n<p><strong>Samanta Antonioli<\/strong>, Stadtr\u00e4tin f\u00fcr Sport, Tourismus und Olympische Spiele, hob die strategische Bedeutung des Ereignisses hervor:<\/p>\n\n\n\n<blockquote class=\"wp-block-quote\"><p>\u201e100 Tage bis zu den Olympischen Winterspielen Milano Cortina 2026 \u2013 ein historisches Ereignis, das Bormio und unsere Region ins weltweite Rampenlicht r\u00fccken wird. Die Vorbereitungen laufen auf Hochtouren, und diese letzten 100 Tage sind die entscheidende Phase. Unser Ziel ist es, den Athlet:innen die besten Bedingungen zu bieten und den Bewohner:innen wie Besucher:innen ein unvergessliches Erlebnis zu erm\u00f6glichen. Die Olympischen Spiele sind weit mehr als Sport \u2013 sie sind ein Motor f\u00fcr unsere Region, eine Investition in nachhaltige Infrastruktur und eine Quelle des gemeinsamen Stolzes. Vor uns liegen 100 Tage voller Vorfreude, Arbeit und Leidenschaft.\u201c<\/p><cite>Samanta Antonioli<\/cite><\/blockquote>\n\n\n\n<p><strong>Dario Da Zanche<\/strong>, Pr\u00e4sident der <strong>Fondazione Bormio<\/strong>, unterstrich die Kraft der Zusammenarbeit:<\/p>\n\n\n\n<blockquote class=\"wp-block-quote\"><p>\u201eJe n\u00e4her die Spiele r\u00fccken, desto st\u00e4rker wird die Emotion. Die Fondazione Bormio steht f\u00fcr dieses Gebiet und seine Exzellenz. Unsere Aufgabe ist es, sicherzustellen, dass sich alle, die hier leben, arbeiten oder investieren, als Teil dieses historischen Moments f\u00fchlen. Die Olympischen Spiele sind unsere Chance, der Welt den wahren Geist von Bormio zu zeigen \u2013 und zugleich das Sprungbrett f\u00fcr eine Zukunft voller gro\u00dfer Sportereignisse auf der Stelvio. Wir schaffen etwas Dauerhaftes und Gemeinschaftliches, das Bormio auch in den kommenden Jahren an der Spitze des internationalen Wintersports halten wird.\u201c<\/p><cite>Dario Da Zanche<\/cite><\/blockquote>\n","protected":false},"excerpt":{"rendered":"<p>In hundert Tagen beginnen die Olympischen Winterspiele Milano Cortina 2026 \u2013 und Bormio ist bereit, Geschichte zu schreiben. Auf der legend\u00e4ren Stelvio-Piste werden alle alpinen Skibewerbe der Herren ausgetragen, und erstmals feiert der Skibergstieg (Ski Mountaineering) seine olympische Premiere. Der Countdown l\u00e4uft: Noch 100 Tage bis zur Er\u00f6ffnungsfeier der Olympischen Winterspiele Milano Cortina 2026 Morgen, [&hellip;]<\/p>\n","protected":false},"author":3,"featured_media":305986,"comment_status":"closed","ping_status":"closed","sticky":false,"template":"","format":"standard","meta":[],"categories":[127,9,3],"tags":[],"yoast_head":"<!-- This site is optimized with the Yoast SEO plugin v16.3 - https:\/\/yoast.com\/wordpress\/plugins\/seo\/ -->\n<title>Bormio r\u00fcstet sich f\u00fcr Milano Cortina 2026: 100 Tage bis zum olympischen Ruhm auf der Stelvio - Rennen<\/title>\n<meta name=\"robots\" content=\"index, follow, max-snippet:-1, max-image-preview:large, max-video-preview:-1\" \/>\n<link rel=\"canonical\" href=\"https:\/\/www.skimo.at\/rennen\/305985\/bormio-ruestet-sich-fuer-milano-cortina-2026-100-tage-bis-zum-olympischen-ruhm-auf-der-stelvio\/\" \/>\n<meta property=\"og:locale\" content=\"de_DE\" \/>\n<meta property=\"og:type\" content=\"article\" \/>\n<meta property=\"og:title\" content=\"Bormio r\u00fcstet sich f\u00fcr Milano Cortina 2026: 100 Tage bis zum olympischen Ruhm auf der Stelvio - Rennen\" \/>\n<meta property=\"og:description\" content=\"In hundert Tagen beginnen die Olympischen Winterspiele Milano Cortina 2026 \u2013 und Bormio ist bereit, Geschichte zu schreiben. Auf der legend\u00e4ren Stelvio-Piste werden alle alpinen Skibewerbe der Herren ausgetragen, und erstmals feiert der Skibergstieg (Ski Mountaineering) seine olympische Premiere. Der Countdown l\u00e4uft: Noch 100 Tage bis zur Er\u00f6ffnungsfeier der Olympischen Winterspiele Milano Cortina 2026 Morgen, [&hellip;]\" \/>\n<meta property=\"og:url\" content=\"https:\/\/www.skimo.at\/rennen\/305985\/bormio-ruestet-sich-fuer-milano-cortina-2026-100-tage-bis-zum-olympischen-ruhm-auf-der-stelvio\/\" \/>\n<meta property=\"og:site_name\" content=\"Rennen\" \/>\n<meta property=\"article:published_time\" content=\"2025-10-28T12:59:20+00:00\" \/>\n<meta property=\"article:modified_time\" content=\"2025-10-28T12:59:44+00:00\" \/>\n<meta property=\"og:image\" content=\"https:\/\/www.skimo.at\/rennen\/files\/2025\/10\/sprintbormio-mtorri-0073-copia.jpg\" \/>\n\t<meta property=\"og:image:width\" content=\"1920\" \/>\n\t<meta property=\"og:image:height\" content=\"1279\" \/>\n<meta name=\"twitter:card\" content=\"summary\" \/>\n<meta name=\"twitter:label1\" content=\"Gesch\u00e4tzte Lesezeit\">\n\t<meta name=\"twitter:data1\" content=\"5\u00a0Minuten\">\n<script type=\"application\/ld+json\" class=\"yoast-schema-graph\">{\"@context\":\"https:\/\/schema.org\",\"@graph\":[{\"@type\":\"WebSite\",\"@id\":\"https:\/\/skimo.73.jarolim.eu\/rennen\/#website\",\"url\":\"https:\/\/skimo.73.jarolim.eu\/rennen\/\",\"name\":\"Rennen\",\"description\":\"\",\"potentialAction\":[{\"@type\":\"SearchAction\",\"target\":\"https:\/\/skimo.73.jarolim.eu\/rennen\/?s={search_term_string}\",\"query-input\":\"required name=search_term_string\"}],\"inLanguage\":\"de\"},{\"@type\":\"ImageObject\",\"@id\":\"https:\/\/www.skimo.at\/rennen\/305985\/bormio-ruestet-sich-fuer-milano-cortina-2026-100-tage-bis-zum-olympischen-ruhm-auf-der-stelvio\/#primaryimage\",\"inLanguage\":\"de\",\"url\":\"https:\/\/www.skimo.at\/rennen\/files\/2025\/10\/sprintbormio-mtorri-0073-copia.jpg\",\"contentUrl\":\"https:\/\/www.skimo.at\/rennen\/files\/2025\/10\/sprintbormio-mtorri-0073-copia.jpg\",\"width\":1920,\"height\":1279},{\"@type\":\"WebPage\",\"@id\":\"https:\/\/www.skimo.at\/rennen\/305985\/bormio-ruestet-sich-fuer-milano-cortina-2026-100-tage-bis-zum-olympischen-ruhm-auf-der-stelvio\/#webpage\",\"url\":\"https:\/\/www.skimo.at\/rennen\/305985\/bormio-ruestet-sich-fuer-milano-cortina-2026-100-tage-bis-zum-olympischen-ruhm-auf-der-stelvio\/\",\"name\":\"Bormio r\\u00fcstet sich f\\u00fcr Milano Cortina 2026: 100 Tage bis zum olympischen Ruhm auf der Stelvio - Rennen\",\"isPartOf\":{\"@id\":\"https:\/\/skimo.73.jarolim.eu\/rennen\/#website\"},\"primaryImageOfPage\":{\"@id\":\"https:\/\/www.skimo.at\/rennen\/305985\/bormio-ruestet-sich-fuer-milano-cortina-2026-100-tage-bis-zum-olympischen-ruhm-auf-der-stelvio\/#primaryimage\"},\"datePublished\":\"2025-10-28T12:59:20+00:00\",\"dateModified\":\"2025-10-28T12:59:44+00:00\",\"author\":{\"@id\":\"https:\/\/skimo.73.jarolim.eu\/rennen\/#\/schema\/person\/796ecbce6796efca58bf848ca63ec12c\"},\"breadcrumb\":{\"@id\":\"https:\/\/www.skimo.at\/rennen\/305985\/bormio-ruestet-sich-fuer-milano-cortina-2026-100-tage-bis-zum-olympischen-ruhm-auf-der-stelvio\/#breadcrumb\"},\"inLanguage\":\"de\",\"potentialAction\":[{\"@type\":\"ReadAction\",\"target\":[\"https:\/\/www.skimo.at\/rennen\/305985\/bormio-ruestet-sich-fuer-milano-cortina-2026-100-tage-bis-zum-olympischen-ruhm-auf-der-stelvio\/\"]}]},{\"@type\":\"BreadcrumbList\",\"@id\":\"https:\/\/www.skimo.at\/rennen\/305985\/bormio-ruestet-sich-fuer-milano-cortina-2026-100-tage-bis-zum-olympischen-ruhm-auf-der-stelvio\/#breadcrumb\",\"itemListElement\":[{\"@type\":\"ListItem\",\"position\":1,\"item\":{\"@type\":\"WebPage\",\"@id\":\"https:\/\/skimo.73.jarolim.eu\/rennen\/\",\"url\":\"https:\/\/skimo.73.jarolim.eu\/rennen\/\",\"name\":\"Home\"}},{\"@type\":\"ListItem\",\"position\":2,\"item\":{\"@id\":\"https:\/\/www.skimo.at\/rennen\/305985\/bormio-ruestet-sich-fuer-milano-cortina-2026-100-tage-bis-zum-olympischen-ruhm-auf-der-stelvio\/#webpage\"}}]},{\"@type\":\"Person\",\"@id\":\"https:\/\/skimo.73.jarolim.eu\/rennen\/#\/schema\/person\/796ecbce6796efca58bf848ca63ec12c\",\"name\":\"kposch\",\"image\":{\"@type\":\"ImageObject\",\"@id\":\"https:\/\/skimo.73.jarolim.eu\/rennen\/#personlogo\",\"inLanguage\":\"de\",\"url\":\"https:\/\/secure.gravatar.com\/avatar\/e9f5f28da60e5e563d3f4d3cc0b9b425?s=96&r=g\",\"contentUrl\":\"https:\/\/secure.gravatar.com\/avatar\/e9f5f28da60e5e563d3f4d3cc0b9b425?s=96&r=g\",\"caption\":\"kposch\"},\"url\":\"https:\/\/www.skimo.at\/rennen\/author\/kposch\/\"}]}<\/script>\n<!-- \/ Yoast SEO plugin. -->","_links":{"self":[{"href":"https:\/\/www.skimo.at\/rennen\/wp-json\/wp\/v2\/posts\/305985"}],"collection":[{"href":"https:\/\/www.skimo.at\/rennen\/wp-json\/wp\/v2\/posts"}],"about":[{"href":"https:\/\/www.skimo.at\/rennen\/wp-json\/wp\/v2\/types\/post"}],"author":[{"embeddable":true,"href":"https:\/\/www.skimo.at\/rennen\/wp-json\/wp\/v2\/users\/3"}],"replies":[{"embeddable":true,"href":"https:\/\/www.skimo.at\/rennen\/wp-json\/wp\/v2\/comments?post=305985"}],"version-history":[{"count":1,"href":"https:\/\/www.skimo.at\/rennen\/wp-json\/wp\/v2\/posts\/305985\/revisions"}],"predecessor-version":[{"id":305988,"href":"https:\/\/www.skimo.at\/rennen\/wp-json\/wp\/v2\/posts\/305985\/revisions\/305988"}],"wp:featuredmedia":[{"embeddable":true,"href":"https:\/\/www.skimo.at\/rennen\/wp-json\/wp\/v2\/media\/305986"}],"wp:attachment":[{"href":"https:\/\/www.skimo.at\/rennen\/wp-json\/wp\/v2\/media?parent=305985"}],"wp:term":[{"taxonomy":"category","embeddable":true,"href":"https:\/\/www.skimo.at\/rennen\/wp-json\/wp\/v2\/categories?post=305985"},{"taxonomy":"post_tag","embeddable":true,"href":"https:\/\/www.skimo.at\/rennen\/wp-json\/wp\/v2\/tags?post=305985"}],"curies":[{"name":"wp","href":"https:\/\/api.w.org\/{rel}","templated":true}]}}