{"id":305893,"date":"2025-04-30T22:03:41","date_gmt":"2025-04-30T20:03:41","guid":{"rendered":"https:\/\/www.skimo.at\/rennen\/?p=305893"},"modified":"2025-05-01T14:41:40","modified_gmt":"2025-05-01T12:41:40","slug":"nachruf-auf-martin-hornegger-%e2%80%a0","status":"publish","type":"post","link":"https:\/\/www.skimo.at\/rennen\/305893\/nachruf-auf-martin-hornegger-%e2%80%a0\/","title":{"rendered":"Nachruf auf Martin Hornegger, \u2020 27.4.2025"},"content":{"rendered":"\n<p>Am Samstag 27.4.2025 (Best\u00e4tigung des Datums steht noch aus) ist Martin Hornegger t\u00f6dlich verungl\u00fcckt. Bei seiner Leidenschaft, der Bergsteigerei und auf einem der sch\u00f6nsten Berge der Welt, der 6.812 m hohen Ama Dablam in Nepal. Eine wahre Legende ist von seiner letzten Tour nicht mehr zur\u00fcckgekehrt.<\/p>\n\n\n\n<!--more-->\n\n\n\n<p>Ein Schock waren die ersten Ger\u00fcchte, die sich in Bergsteigerkreisen rasch verbreitet haben. Ausgerechnet Martin Hornegger, zweifellos mit seinen 64 Jahren einer der erfahrensten Bergsteiger weitum, dazu z\u00e4h wie der sprichw\u00f6rtliche Lederriemen, soll verungl\u00fcckt sein. W\u00e4hrend der Stunden bis zur traurigen Best\u00e4tigung sind viele Telefonleitungen in \u00d6sterreich hei\u00df gelaufen, denn den \u201eMartini\u201c kennt gef\u00fchlt jeder in der der Bergsteigerszene.<\/p>\n\n\n\n<div class=\"wp-block-image\"><figure class=\"aligncenter size-large is-resized\"><a href=\"https:\/\/www.skimo.at\/rennen\/files\/2025\/04\/martin-hornegger-1.jpg\"><img loading=\"lazy\" src=\"https:\/\/www.skimo.at\/rennen\/files\/2025\/04\/martin-hornegger-1.jpg\" alt=\"\" class=\"wp-image-305904\" width=\"154\" height=\"206\" srcset=\"https:\/\/www.skimo.at\/rennen\/files\/2025\/04\/martin-hornegger-1.jpg 617w, https:\/\/www.skimo.at\/rennen\/files\/2025\/04\/martin-hornegger-1-225x300.jpg 225w, https:\/\/www.skimo.at\/rennen\/files\/2025\/04\/martin-hornegger-1-554x738.jpg 554w, https:\/\/www.skimo.at\/rennen\/files\/2025\/04\/martin-hornegger-1-70x93.jpg 70w\" sizes=\"(max-width: 154px) 100vw, 154px\" \/><\/a><figcaption>Martin Hornegger<\/figcaption><\/figure><\/div>\n\n\n\n<p>Martin war universeller Bergsteiger der Extraklasse, aber auch erfolgreicher Unternehmer. Die Firma MARTINI Sportswear in Annaberg, von seinem Vater Martin sen. 1958 gegr\u00fcndet, hat Martin zusammen mit seiner Schwester Lisa zu einem florierenden Leitbetrieb gemacht. Vom Produzenten von Hosen und Skisprunganz\u00fcgen hat sich die Firma unter seiner F\u00fchrung zu einem f\u00fchrenden Outdoor-Ausstatter gemausert. Martin war dabei sowohl ehrgeiziger Pusher bei Schnittdesign und den Besuchen in den Produktionsst\u00e4tten weltweit als auch auch kritischer Produkttester. Als er 2021 die alleinige F\u00fchrung des Unternehmens an seine Schwester abgab, war es auf einem H\u00f6henflug und ist es bis heute.<\/p>\n\n\n\n<p>Der R\u00fcckzug aus dem Gesch\u00e4ftsleben hat f\u00fcr den leidenschaftlichen Bergsteiger einen Damm ge\u00f6ffnet. War er w\u00e4hrend seines Berufslebens schon extrem viel in seinem geliebten Bergen unterwegs, so war diese Leidenschaft nun der Mittelpunk des Lebens. Die Entwicklung dorthin ist geschm\u00fcckt mit vielen G\u2019schichtln und Episoden. Jeder der Martin gekannt hat, wei\u00df was Lustiges aus gemeinsamen Touren zu erz\u00e4hlen, aber auch dar\u00fcber, wie zielgerichtet, pragmatisch und kompromisslos er in der Umsetzung von alpinen Zielen war. Dabei h\u00f6rt man \u00fcberall auch einen Satz: mit dem Martin konnte man nicht streiten\u2026.er war immer umg\u00e4nglich, menschlich h\u00f6chst angenehm.<br>Ob als junger Sportkletterer in den 1980ern im Yosemite, als einer der ersten Paragleiter im Gosaukamm in den 1990ern, als Steilwand-Skifahrer, als Wettkampf-Mountainbiker, H\u00f6henbergsteiger oder als Wettkampf-Skibergsteiger, Martin war sportlich \u00fcberall top und immer vorne dabei. Eine Aufz\u00e4hlung seiner bergsteigerischen und sportlichen Erfolge w\u00fcrde ein Buch f\u00fcllen. Die \u00fcber die lustigen G\u2019schichtln dar\u00fcber jedenfalls einen zweiten Band.<\/p>\n\n\n\n<p>Gerade das Wettkampf-Skibergsteigen wurde von Martin gepr\u00e4gt wie kaum von jemand anderem. Er geh\u00f6rte zur Rige der Legenden der ersten Jahre, die von der klassischen Bergsteigerei zum Wettkampf gekommen sind. Als Teil des \u201eASTC Powerteams\u201c war er 2006 und 2007 Teil des Vorl\u00e4ufers der \u00d6sterreichischen Skibergsteiger-Nationalmannschaft, fuhr unz\u00e4hlige Top Ergebnisse international und national ein, teils mit unortodoxen Methoden. Ein Beispiel vom Sellraintaler Tourenmarathon 2006: \u201eMartin, warum machst Du keine Kurven beim runterfahren und f\u00e4hrst im Gel\u00e4nde direkt runter?\u201c Antwort: \u201eSo kann ich mich besser ausrasten.\u201c<br>Manche Siege stechen dabei besonders hervor, z.B. 2003 beim Marathon der Mountain Attack in Saalbach oder 2002 beim DachSteinBock in Russbach, wo er zwischen Zieleinlauf &#8211; mit 10 Minuten Vorsprung auf den zweitplatzierten &nbsp;&#8211; und der Siegerehrung nach einem Sturz erst einmal gen\u00e4ht werden musste.<\/p>\n\n\n\n<p>Martin war nicht nur selbst aktiv als Skibergsteiger-Wettk\u00e4mpfer, sondern auch als Ausstatter. Auch nach der Gr\u00fcndung der Nationalmannschaft 2008 durch den ASKIMO war Martin zusammen mit ADIDAS weiterhin als Partner, Sponsor und F\u00f6rderer in der Szene unterwegs und ist seit 2017 auch als Partner der jetzigen Nationalmannschaft engagiert.<\/p>\n\n\n\n<p>Im April 2007 sprang Martin dem Berg-Tod von der Schaufel, als er einen spektakul\u00e4ren Unfall am Gro\u00dfglockner nur mit knapper Not \u00fcberlebte. Die \u00c4rzte sagten damals, dass kein anderer das geschafft h\u00e4tte. Nun ist es sich an der Ama Dablam leider nicht mehr ausgegangen. Martin wird uns allen fehlen.<\/p>\n\n\n\n<p>Seine 4 Kinder sind bestimmt am meisten zu bemitleiden, ihnen wurde der Vater entrissen, und damit eine wahre Leitfigur. Zumindest eines kann man aber sagen: die Bergleidenschaft des Vaters hat sich vererbt, und so bleibt ein St\u00fcckerl der Legende auch in Zukunft sp\u00fcrbar.<\/p>\n\n\n\n<p>Pfiati Martin.<\/p>\n\n\n\n<p>Martin zum Nachh\u00f6ren: <a href=\"https:\/\/www.skimo.at\/skibergsteigen\/189945\/skimo-jausenbankerl-mit-martin-hornegger-und-andi-ringhofer\/\">ein SKIMO Jausenbankerl mit ihm und Andi Ringhofer aus dem Jahr 2019.<\/a><\/p>\n\n\n\n<p><\/p>\n\n\n\n<p>Karl Posch, SKIMO Austria<\/p>\n\n\n\n<h2>Bildergalerie Martin Hornegger<\/h2>\n\n\n\n<figure class=\"wp-block-gallery columns-3 is-cropped\"><ul class=\"blocks-gallery-grid\"><li class=\"blocks-gallery-item\"><figure><a href=\"https:\/\/www.skimo.at\/rennen\/files\/2025\/04\/100eos1d-7dea7378-7dea7378-1.jpg\"><img loading=\"lazy\" width=\"1024\" height=\"685\" src=\"https:\/\/www.skimo.at\/rennen\/files\/2025\/04\/100eos1d-7dea7378-7dea7378-1-1024x685.jpg\" alt=\"\" data-id=\"305911\" data-full-url=\"https:\/\/www.skimo.at\/rennen\/files\/2025\/04\/100eos1d-7dea7378-7dea7378-1.jpg\" data-link=\"https:\/\/www.skimo.at\/rennen\/?attachment_id=305911\" class=\"wp-image-305911\" srcset=\"https:\/\/www.skimo.at\/rennen\/files\/2025\/04\/100eos1d-7dea7378-7dea7378-1-1024x685.jpg 1024w, https:\/\/www.skimo.at\/rennen\/files\/2025\/04\/100eos1d-7dea7378-7dea7378-1-300x201.jpg 300w, https:\/\/www.skimo.at\/rennen\/files\/2025\/04\/100eos1d-7dea7378-7dea7378-1-768x514.jpg 768w, https:\/\/www.skimo.at\/rennen\/files\/2025\/04\/100eos1d-7dea7378-7dea7378-1-618x412.jpg 618w, https:\/\/www.skimo.at\/rennen\/files\/2025\/04\/100eos1d-7dea7378-7dea7378-1-299x199.jpg 299w, https:\/\/www.skimo.at\/rennen\/files\/2025\/04\/100eos1d-7dea7378-7dea7378-1-1224x819.jpg 1224w, https:\/\/www.skimo.at\/rennen\/files\/2025\/04\/100eos1d-7dea7378-7dea7378-1-970x649.jpg 970w, https:\/\/www.skimo.at\/rennen\/files\/2025\/04\/100eos1d-7dea7378-7dea7378-1-554x370.jpg 554w, https:\/\/www.skimo.at\/rennen\/files\/2025\/04\/100eos1d-7dea7378-7dea7378-1-139x93.jpg 139w, https:\/\/www.skimo.at\/rennen\/files\/2025\/04\/100eos1d-7dea7378-7dea7378-1-540x360.jpg 540w, https:\/\/www.skimo.at\/rennen\/files\/2025\/04\/100eos1d-7dea7378-7dea7378-1.jpg 1920w\" sizes=\"(max-width: 1024px) 100vw, 1024px\" \/><\/a><\/figure><\/li><li class=\"blocks-gallery-item\"><figure><a href=\"https:\/\/www.skimo.at\/rennen\/files\/2025\/04\/01270066-1.jpg\"><img loading=\"lazy\" width=\"1024\" height=\"768\" src=\"https:\/\/www.skimo.at\/rennen\/files\/2025\/04\/01270066-1-1024x768.jpg\" alt=\"\" data-id=\"305912\" data-full-url=\"https:\/\/www.skimo.at\/rennen\/files\/2025\/04\/01270066-1.jpg\" data-link=\"https:\/\/www.skimo.at\/rennen\/?attachment_id=305912\" class=\"wp-image-305912\" srcset=\"https:\/\/www.skimo.at\/rennen\/files\/2025\/04\/01270066-1-1024x768.jpg 1024w, https:\/\/www.skimo.at\/rennen\/files\/2025\/04\/01270066-1-300x225.jpg 300w, https:\/\/www.skimo.at\/rennen\/files\/2025\/04\/01270066-1-768x576.jpg 768w, https:\/\/www.skimo.at\/rennen\/files\/2025\/04\/01270066-1-1224x918.jpg 1224w, https:\/\/www.skimo.at\/rennen\/files\/2025\/04\/01270066-1-970x728.jpg 970w, https:\/\/www.skimo.at\/rennen\/files\/2025\/04\/01270066-1-554x416.jpg 554w, https:\/\/www.skimo.at\/rennen\/files\/2025\/04\/01270066-1-124x93.jpg 124w, https:\/\/www.skimo.at\/rennen\/files\/2025\/04\/01270066-1.jpg 1920w\" sizes=\"(max-width: 1024px) 100vw, 1024px\" \/><\/a><\/figure><\/li><li class=\"blocks-gallery-item\"><figure><a href=\"https:\/\/www.skimo.at\/rennen\/files\/2025\/04\/12090001-1.jpg\"><img loading=\"lazy\" width=\"1024\" height=\"768\" src=\"https:\/\/www.skimo.at\/rennen\/files\/2025\/04\/12090001-1-1024x768.jpg\" alt=\"\" data-id=\"305913\" data-full-url=\"https:\/\/www.skimo.at\/rennen\/files\/2025\/04\/12090001-1.jpg\" data-link=\"https:\/\/www.skimo.at\/rennen\/?attachment_id=305913\" class=\"wp-image-305913\" srcset=\"https:\/\/www.skimo.at\/rennen\/files\/2025\/04\/12090001-1-1024x768.jpg 1024w, https:\/\/www.skimo.at\/rennen\/files\/2025\/04\/12090001-1-300x225.jpg 300w, https:\/\/www.skimo.at\/rennen\/files\/2025\/04\/12090001-1-768x576.jpg 768w, https:\/\/www.skimo.at\/rennen\/files\/2025\/04\/12090001-1-1224x918.jpg 1224w, https:\/\/www.skimo.at\/rennen\/files\/2025\/04\/12090001-1-970x728.jpg 970w, https:\/\/www.skimo.at\/rennen\/files\/2025\/04\/12090001-1-554x416.jpg 554w, https:\/\/www.skimo.at\/rennen\/files\/2025\/04\/12090001-1-124x93.jpg 124w, https:\/\/www.skimo.at\/rennen\/files\/2025\/04\/12090001-1.jpg 1920w\" sizes=\"(max-width: 1024px) 100vw, 1024px\" \/><\/a><\/figure><\/li><li class=\"blocks-gallery-item\"><figure><a href=\"https:\/\/www.skimo.at\/rennen\/files\/2025\/04\/die-ersten-drei-2003-1.jpg\"><img loading=\"lazy\" width=\"768\" height=\"1024\" src=\"https:\/\/www.skimo.at\/rennen\/files\/2025\/04\/die-ersten-drei-2003-1-768x1024.jpg\" alt=\"\" data-id=\"305914\" data-full-url=\"https:\/\/www.skimo.at\/rennen\/files\/2025\/04\/die-ersten-drei-2003-1.jpg\" data-link=\"https:\/\/www.skimo.at\/rennen\/?attachment_id=305914\" class=\"wp-image-305914\" srcset=\"https:\/\/www.skimo.at\/rennen\/files\/2025\/04\/die-ersten-drei-2003-1-768x1024.jpg 768w, https:\/\/www.skimo.at\/rennen\/files\/2025\/04\/die-ersten-drei-2003-1-225x300.jpg 225w, https:\/\/www.skimo.at\/rennen\/files\/2025\/04\/die-ersten-drei-2003-1-1224x1632.jpg 1224w, https:\/\/www.skimo.at\/rennen\/files\/2025\/04\/die-ersten-drei-2003-1-970x1293.jpg 970w, https:\/\/www.skimo.at\/rennen\/files\/2025\/04\/die-ersten-drei-2003-1-554x739.jpg 554w, https:\/\/www.skimo.at\/rennen\/files\/2025\/04\/die-ersten-drei-2003-1-70x93.jpg 70w, https:\/\/www.skimo.at\/rennen\/files\/2025\/04\/die-ersten-drei-2003-1.jpg 1440w\" sizes=\"(max-width: 768px) 100vw, 768px\" \/><\/a><figcaption class=\"blocks-gallery-item__caption\">Die ersten drei des DachSteinBock 2003: Markus Stock aus Bischofshofen, Miroslav Leitner (SK), Martin Hornegger aus Annaberg.<\/figcaption><\/figure><\/li><li class=\"blocks-gallery-item\"><figure><a href=\"https:\/\/www.skimo.at\/rennen\/files\/2025\/04\/dsc-3602.jpg\"><img loading=\"lazy\" width=\"1024\" height=\"681\" src=\"https:\/\/www.skimo.at\/rennen\/files\/2025\/04\/dsc-3602-1024x681.jpg\" alt=\"\" data-id=\"305915\" data-full-url=\"https:\/\/www.skimo.at\/rennen\/files\/2025\/04\/dsc-3602.jpg\" data-link=\"https:\/\/www.skimo.at\/rennen\/?attachment_id=305915\" class=\"wp-image-305915\" srcset=\"https:\/\/www.skimo.at\/rennen\/files\/2025\/04\/dsc-3602-1024x681.jpg 1024w, https:\/\/www.skimo.at\/rennen\/files\/2025\/04\/dsc-3602-300x200.jpg 300w, https:\/\/www.skimo.at\/rennen\/files\/2025\/04\/dsc-3602-768x511.jpg 768w, https:\/\/www.skimo.at\/rennen\/files\/2025\/04\/dsc-3602-746x497.jpg 746w, https:\/\/www.skimo.at\/rennen\/files\/2025\/04\/dsc-3602-618x412.jpg 618w, https:\/\/www.skimo.at\/rennen\/files\/2025\/04\/dsc-3602-554x368.jpg 554w, https:\/\/www.skimo.at\/rennen\/files\/2025\/04\/dsc-3602-299x199.jpg 299w, https:\/\/www.skimo.at\/rennen\/files\/2025\/04\/dsc-3602-1224x814.jpg 1224w, https:\/\/www.skimo.at\/rennen\/files\/2025\/04\/dsc-3602-970x645.jpg 970w, https:\/\/www.skimo.at\/rennen\/files\/2025\/04\/dsc-3602-140x93.jpg 140w, https:\/\/www.skimo.at\/rennen\/files\/2025\/04\/dsc-3602-540x360.jpg 540w, https:\/\/www.skimo.at\/rennen\/files\/2025\/04\/dsc-3602.jpg 1920w\" sizes=\"(max-width: 1024px) 100vw, 1024px\" \/><\/a><\/figure><\/li><li class=\"blocks-gallery-item\"><figure><a href=\"https:\/\/www.skimo.at\/rennen\/files\/2025\/04\/hornegger-martin-2.jpg\"><img loading=\"lazy\" width=\"683\" height=\"1024\" src=\"https:\/\/www.skimo.at\/rennen\/files\/2025\/04\/hornegger-martin-2-683x1024.jpg\" alt=\"\" data-id=\"305916\" data-full-url=\"https:\/\/www.skimo.at\/rennen\/files\/2025\/04\/hornegger-martin-2.jpg\" data-link=\"https:\/\/www.skimo.at\/rennen\/?attachment_id=305916\" class=\"wp-image-305916\" srcset=\"https:\/\/www.skimo.at\/rennen\/files\/2025\/04\/hornegger-martin-2-683x1024.jpg 683w, https:\/\/www.skimo.at\/rennen\/files\/2025\/04\/hornegger-martin-2-200x300.jpg 200w, https:\/\/www.skimo.at\/rennen\/files\/2025\/04\/hornegger-martin-2-768x1151.jpg 768w, https:\/\/www.skimo.at\/rennen\/files\/2025\/04\/hornegger-martin-2-1224x1835.jpg 1224w, https:\/\/www.skimo.at\/rennen\/files\/2025\/04\/hornegger-martin-2-970x1454.jpg 970w, https:\/\/www.skimo.at\/rennen\/files\/2025\/04\/hornegger-martin-2-554x830.jpg 554w, https:\/\/www.skimo.at\/rennen\/files\/2025\/04\/hornegger-martin-2-62x93.jpg 62w, https:\/\/www.skimo.at\/rennen\/files\/2025\/04\/hornegger-martin-2.jpg 1281w\" sizes=\"(max-width: 683px) 100vw, 683px\" \/><\/a><\/figure><\/li><li class=\"blocks-gallery-item\"><figure><a href=\"https:\/\/www.skimo.at\/rennen\/files\/2025\/04\/hornegger-hornegger-1-2004-1.jpg\"><img loading=\"lazy\" width=\"994\" height=\"1024\" src=\"https:\/\/www.skimo.at\/rennen\/files\/2025\/04\/hornegger-hornegger-1-2004-1-994x1024.jpg\" alt=\"\" data-id=\"305917\" data-full-url=\"https:\/\/www.skimo.at\/rennen\/files\/2025\/04\/hornegger-hornegger-1-2004-1.jpg\" data-link=\"https:\/\/www.skimo.at\/rennen\/?attachment_id=305917\" class=\"wp-image-305917\" srcset=\"https:\/\/www.skimo.at\/rennen\/files\/2025\/04\/hornegger-hornegger-1-2004-1-994x1024.jpg 994w, https:\/\/www.skimo.at\/rennen\/files\/2025\/04\/hornegger-hornegger-1-2004-1-291x300.jpg 291w, https:\/\/www.skimo.at\/rennen\/files\/2025\/04\/hornegger-hornegger-1-2004-1-768x791.jpg 768w, https:\/\/www.skimo.at\/rennen\/files\/2025\/04\/hornegger-hornegger-1-2004-1-1224x1261.jpg 1224w, https:\/\/www.skimo.at\/rennen\/files\/2025\/04\/hornegger-hornegger-1-2004-1-970x999.jpg 970w, https:\/\/www.skimo.at\/rennen\/files\/2025\/04\/hornegger-hornegger-1-2004-1-554x571.jpg 554w, https:\/\/www.skimo.at\/rennen\/files\/2025\/04\/hornegger-hornegger-1-2004-1-90x93.jpg 90w, https:\/\/www.skimo.at\/rennen\/files\/2025\/04\/hornegger-hornegger-1-2004-1.jpg 1864w\" sizes=\"(max-width: 994px) 100vw, 994px\" \/><\/a><\/figure><\/li><li class=\"blocks-gallery-item\"><figure><a href=\"https:\/\/www.skimo.at\/rennen\/files\/2025\/04\/hornegger-martin-3.jpg\"><img loading=\"lazy\" width=\"682\" height=\"1024\" src=\"https:\/\/www.skimo.at\/rennen\/files\/2025\/04\/hornegger-martin-3-682x1024.jpg\" alt=\"\" data-id=\"305918\" data-full-url=\"https:\/\/www.skimo.at\/rennen\/files\/2025\/04\/hornegger-martin-3.jpg\" data-link=\"https:\/\/www.skimo.at\/rennen\/?attachment_id=305918\" class=\"wp-image-305918\" srcset=\"https:\/\/www.skimo.at\/rennen\/files\/2025\/04\/hornegger-martin-3-682x1024.jpg 682w, https:\/\/www.skimo.at\/rennen\/files\/2025\/04\/hornegger-martin-3-200x300.jpg 200w, https:\/\/www.skimo.at\/rennen\/files\/2025\/04\/hornegger-martin-3-768x1153.jpg 768w, https:\/\/www.skimo.at\/rennen\/files\/2025\/04\/hornegger-martin-3-1224x1837.jpg 1224w, https:\/\/www.skimo.at\/rennen\/files\/2025\/04\/hornegger-martin-3-970x1456.jpg 970w, https:\/\/www.skimo.at\/rennen\/files\/2025\/04\/hornegger-martin-3-554x832.jpg 554w, https:\/\/www.skimo.at\/rennen\/files\/2025\/04\/hornegger-martin-3-62x93.jpg 62w, https:\/\/www.skimo.at\/rennen\/files\/2025\/04\/hornegger-martin-3.jpg 1279w\" sizes=\"(max-width: 682px) 100vw, 682px\" \/><\/a><\/figure><\/li><li class=\"blocks-gallery-item\"><figure><a href=\"https:\/\/www.skimo.at\/rennen\/files\/2025\/04\/img-0140.jpg\"><img loading=\"lazy\" width=\"1024\" height=\"683\" src=\"https:\/\/www.skimo.at\/rennen\/files\/2025\/04\/img-0140-1024x683.jpg\" alt=\"\" data-id=\"305919\" data-full-url=\"https:\/\/www.skimo.at\/rennen\/files\/2025\/04\/img-0140.jpg\" data-link=\"https:\/\/www.skimo.at\/rennen\/?attachment_id=305919\" class=\"wp-image-305919\" srcset=\"https:\/\/www.skimo.at\/rennen\/files\/2025\/04\/img-0140-1024x683.jpg 1024w, https:\/\/www.skimo.at\/rennen\/files\/2025\/04\/img-0140-300x200.jpg 300w, https:\/\/www.skimo.at\/rennen\/files\/2025\/04\/img-0140-768x512.jpg 768w, https:\/\/www.skimo.at\/rennen\/files\/2025\/04\/img-0140-746x497.jpg 746w, https:\/\/www.skimo.at\/rennen\/files\/2025\/04\/img-0140-618x412.jpg 618w, https:\/\/www.skimo.at\/rennen\/files\/2025\/04\/img-0140-554x369.jpg 554w, https:\/\/www.skimo.at\/rennen\/files\/2025\/04\/img-0140-299x199.jpg 299w, https:\/\/www.skimo.at\/rennen\/files\/2025\/04\/img-0140-1224x816.jpg 1224w, https:\/\/www.skimo.at\/rennen\/files\/2025\/04\/img-0140-970x647.jpg 970w, https:\/\/www.skimo.at\/rennen\/files\/2025\/04\/img-0140-140x93.jpg 140w, https:\/\/www.skimo.at\/rennen\/files\/2025\/04\/img-0140-540x360.jpg 540w, https:\/\/www.skimo.at\/rennen\/files\/2025\/04\/img-0140.jpg 1920w\" sizes=\"(max-width: 1024px) 100vw, 1024px\" \/><\/a><\/figure><\/li><li class=\"blocks-gallery-item\"><figure><a href=\"https:\/\/www.skimo.at\/rennen\/files\/2025\/04\/img-7195.jpg\"><img loading=\"lazy\" width=\"683\" height=\"1024\" src=\"https:\/\/www.skimo.at\/rennen\/files\/2025\/04\/img-7195-683x1024.jpg\" alt=\"\" data-id=\"305920\" data-full-url=\"https:\/\/www.skimo.at\/rennen\/files\/2025\/04\/img-7195.jpg\" data-link=\"https:\/\/www.skimo.at\/rennen\/?attachment_id=305920\" class=\"wp-image-305920\" srcset=\"https:\/\/www.skimo.at\/rennen\/files\/2025\/04\/img-7195-683x1024.jpg 683w, https:\/\/www.skimo.at\/rennen\/files\/2025\/04\/img-7195-200x300.jpg 200w, https:\/\/www.skimo.at\/rennen\/files\/2025\/04\/img-7195-768x1152.jpg 768w, https:\/\/www.skimo.at\/rennen\/files\/2025\/04\/img-7195-1224x1836.jpg 1224w, https:\/\/www.skimo.at\/rennen\/files\/2025\/04\/img-7195-970x1455.jpg 970w, https:\/\/www.skimo.at\/rennen\/files\/2025\/04\/img-7195-554x831.jpg 554w, https:\/\/www.skimo.at\/rennen\/files\/2025\/04\/img-7195-62x93.jpg 62w, https:\/\/www.skimo.at\/rennen\/files\/2025\/04\/img-7195.jpg 1280w\" sizes=\"(max-width: 683px) 100vw, 683px\" \/><\/a><\/figure><\/li><li class=\"blocks-gallery-item\"><figure><a href=\"https:\/\/www.skimo.at\/rennen\/files\/2025\/04\/img-7222.jpg\"><img loading=\"lazy\" width=\"1024\" height=\"683\" src=\"https:\/\/www.skimo.at\/rennen\/files\/2025\/04\/img-7222-1024x683.jpg\" alt=\"\" data-id=\"305921\" data-full-url=\"https:\/\/www.skimo.at\/rennen\/files\/2025\/04\/img-7222.jpg\" data-link=\"https:\/\/www.skimo.at\/rennen\/?attachment_id=305921\" class=\"wp-image-305921\" srcset=\"https:\/\/www.skimo.at\/rennen\/files\/2025\/04\/img-7222-1024x683.jpg 1024w, https:\/\/www.skimo.at\/rennen\/files\/2025\/04\/img-7222-300x200.jpg 300w, https:\/\/www.skimo.at\/rennen\/files\/2025\/04\/img-7222-768x512.jpg 768w, https:\/\/www.skimo.at\/rennen\/files\/2025\/04\/img-7222-746x497.jpg 746w, https:\/\/www.skimo.at\/rennen\/files\/2025\/04\/img-7222-618x412.jpg 618w, https:\/\/www.skimo.at\/rennen\/files\/2025\/04\/img-7222-554x369.jpg 554w, https:\/\/www.skimo.at\/rennen\/files\/2025\/04\/img-7222-299x199.jpg 299w, https:\/\/www.skimo.at\/rennen\/files\/2025\/04\/img-7222-1224x816.jpg 1224w, https:\/\/www.skimo.at\/rennen\/files\/2025\/04\/img-7222-970x647.jpg 970w, https:\/\/www.skimo.at\/rennen\/files\/2025\/04\/img-7222-140x93.jpg 140w, https:\/\/www.skimo.at\/rennen\/files\/2025\/04\/img-7222-540x360.jpg 540w, https:\/\/www.skimo.at\/rennen\/files\/2025\/04\/img-7222.jpg 1920w\" sizes=\"(max-width: 1024px) 100vw, 1024px\" \/><\/a><\/figure><\/li><li class=\"blocks-gallery-item\"><figure><a href=\"https:\/\/www.skimo.at\/rennen\/files\/2025\/04\/img-9858.jpg\"><img loading=\"lazy\" width=\"1024\" height=\"683\" src=\"https:\/\/www.skimo.at\/rennen\/files\/2025\/04\/img-9858-1024x683.jpg\" alt=\"\" data-id=\"305922\" data-full-url=\"https:\/\/www.skimo.at\/rennen\/files\/2025\/04\/img-9858.jpg\" data-link=\"https:\/\/www.skimo.at\/rennen\/?attachment_id=305922\" class=\"wp-image-305922\" srcset=\"https:\/\/www.skimo.at\/rennen\/files\/2025\/04\/img-9858-1024x683.jpg 1024w, https:\/\/www.skimo.at\/rennen\/files\/2025\/04\/img-9858-300x200.jpg 300w, https:\/\/www.skimo.at\/rennen\/files\/2025\/04\/img-9858-768x512.jpg 768w, https:\/\/www.skimo.at\/rennen\/files\/2025\/04\/img-9858-746x497.jpg 746w, https:\/\/www.skimo.at\/rennen\/files\/2025\/04\/img-9858-618x412.jpg 618w, https:\/\/www.skimo.at\/rennen\/files\/2025\/04\/img-9858-554x369.jpg 554w, https:\/\/www.skimo.at\/rennen\/files\/2025\/04\/img-9858-299x199.jpg 299w, https:\/\/www.skimo.at\/rennen\/files\/2025\/04\/img-9858-1224x816.jpg 1224w, https:\/\/www.skimo.at\/rennen\/files\/2025\/04\/img-9858-970x647.jpg 970w, https:\/\/www.skimo.at\/rennen\/files\/2025\/04\/img-9858-140x93.jpg 140w, https:\/\/www.skimo.at\/rennen\/files\/2025\/04\/img-9858-540x360.jpg 540w, https:\/\/www.skimo.at\/rennen\/files\/2025\/04\/img-9858.jpg 1920w\" sizes=\"(max-width: 1024px) 100vw, 1024px\" \/><\/a><\/figure><\/li><li class=\"blocks-gallery-item\"><figure><a href=\"https:\/\/www.skimo.at\/rennen\/files\/2025\/04\/martin-hornegger-1-1.jpg\"><img loading=\"lazy\" width=\"769\" height=\"1024\" src=\"https:\/\/www.skimo.at\/rennen\/files\/2025\/04\/martin-hornegger-1-1-769x1024.jpg\" alt=\"\" data-id=\"305923\" data-full-url=\"https:\/\/www.skimo.at\/rennen\/files\/2025\/04\/martin-hornegger-1-1.jpg\" data-link=\"https:\/\/www.skimo.at\/rennen\/?attachment_id=305923\" class=\"wp-image-305923\" srcset=\"https:\/\/www.skimo.at\/rennen\/files\/2025\/04\/martin-hornegger-1-1-769x1024.jpg 769w, https:\/\/www.skimo.at\/rennen\/files\/2025\/04\/martin-hornegger-1-1-225x300.jpg 225w, https:\/\/www.skimo.at\/rennen\/files\/2025\/04\/martin-hornegger-1-1-768x1023.jpg 768w, https:\/\/www.skimo.at\/rennen\/files\/2025\/04\/martin-hornegger-1-1-1224x1631.jpg 1224w, https:\/\/www.skimo.at\/rennen\/files\/2025\/04\/martin-hornegger-1-1-970x1292.jpg 970w, https:\/\/www.skimo.at\/rennen\/files\/2025\/04\/martin-hornegger-1-1-554x738.jpg 554w, https:\/\/www.skimo.at\/rennen\/files\/2025\/04\/martin-hornegger-1-1-70x93.jpg 70w, https:\/\/www.skimo.at\/rennen\/files\/2025\/04\/martin-hornegger-1-1.jpg 1441w\" sizes=\"(max-width: 769px) 100vw, 769px\" \/><\/a><figcaption class=\"blocks-gallery-item__caption\">SANYO DIGITAL CAMERA<\/figcaption><\/figure><\/li><li class=\"blocks-gallery-item\"><figure><a href=\"https:\/\/www.skimo.at\/rennen\/files\/2025\/04\/martin-hornegger-1-bild-wwwsportografcom-1.jpg\"><img loading=\"lazy\" width=\"1024\" height=\"802\" src=\"https:\/\/www.skimo.at\/rennen\/files\/2025\/04\/martin-hornegger-1-bild-wwwsportografcom-1-1024x802.jpg\" alt=\"\" data-id=\"305924\" data-full-url=\"https:\/\/www.skimo.at\/rennen\/files\/2025\/04\/martin-hornegger-1-bild-wwwsportografcom-1.jpg\" data-link=\"https:\/\/www.skimo.at\/rennen\/?attachment_id=305924\" class=\"wp-image-305924\" srcset=\"https:\/\/www.skimo.at\/rennen\/files\/2025\/04\/martin-hornegger-1-bild-wwwsportografcom-1-1024x802.jpg 1024w, https:\/\/www.skimo.at\/rennen\/files\/2025\/04\/martin-hornegger-1-bild-wwwsportografcom-1-300x235.jpg 300w, https:\/\/www.skimo.at\/rennen\/files\/2025\/04\/martin-hornegger-1-bild-wwwsportografcom-1-768x601.jpg 768w, https:\/\/www.skimo.at\/rennen\/files\/2025\/04\/martin-hornegger-1-bild-wwwsportografcom-1-1224x958.jpg 1224w, https:\/\/www.skimo.at\/rennen\/files\/2025\/04\/martin-hornegger-1-bild-wwwsportografcom-1-970x759.jpg 970w, https:\/\/www.skimo.at\/rennen\/files\/2025\/04\/martin-hornegger-1-bild-wwwsportografcom-1-554x434.jpg 554w, https:\/\/www.skimo.at\/rennen\/files\/2025\/04\/martin-hornegger-1-bild-wwwsportografcom-1-119x93.jpg 119w, https:\/\/www.skimo.at\/rennen\/files\/2025\/04\/martin-hornegger-1-bild-wwwsportografcom-1.jpg 1920w\" sizes=\"(max-width: 1024px) 100vw, 1024px\" \/><\/a><figcaption class=\"blocks-gallery-item__caption\">www.sportograf.com, dachstein extreme 2007, 31.03.2007<\/figcaption><\/figure><\/li><li class=\"blocks-gallery-item\"><figure><a href=\"https:\/\/www.skimo.at\/rennen\/files\/2025\/04\/martin-hornegger-2-1.jpg\"><img loading=\"lazy\" width=\"1024\" height=\"763\" src=\"https:\/\/www.skimo.at\/rennen\/files\/2025\/04\/martin-hornegger-2-1-1024x763.jpg\" alt=\"\" data-id=\"305925\" data-full-url=\"https:\/\/www.skimo.at\/rennen\/files\/2025\/04\/martin-hornegger-2-1.jpg\" data-link=\"https:\/\/www.skimo.at\/rennen\/?attachment_id=305925\" class=\"wp-image-305925\" srcset=\"https:\/\/www.skimo.at\/rennen\/files\/2025\/04\/martin-hornegger-2-1-1024x763.jpg 1024w, https:\/\/www.skimo.at\/rennen\/files\/2025\/04\/martin-hornegger-2-1-300x223.jpg 300w, https:\/\/www.skimo.at\/rennen\/files\/2025\/04\/martin-hornegger-2-1-768x572.jpg 768w, https:\/\/www.skimo.at\/rennen\/files\/2025\/04\/martin-hornegger-2-1-1224x912.jpg 1224w, https:\/\/www.skimo.at\/rennen\/files\/2025\/04\/martin-hornegger-2-1-970x722.jpg 970w, https:\/\/www.skimo.at\/rennen\/files\/2025\/04\/martin-hornegger-2-1-554x413.jpg 554w, https:\/\/www.skimo.at\/rennen\/files\/2025\/04\/martin-hornegger-2-1-125x93.jpg 125w, https:\/\/www.skimo.at\/rennen\/files\/2025\/04\/martin-hornegger-2-1.jpg 1920w\" sizes=\"(max-width: 1024px) 100vw, 1024px\" \/><\/a><\/figure><\/li><li class=\"blocks-gallery-item\"><figure><a href=\"https:\/\/www.skimo.at\/rennen\/files\/2025\/04\/martin-hornegger-2-bild-wwwsportografcom-1.jpg\"><img loading=\"lazy\" width=\"683\" height=\"1024\" src=\"https:\/\/www.skimo.at\/rennen\/files\/2025\/04\/martin-hornegger-2-bild-wwwsportografcom-1-683x1024.jpg\" alt=\"\" data-id=\"305926\" data-full-url=\"https:\/\/www.skimo.at\/rennen\/files\/2025\/04\/martin-hornegger-2-bild-wwwsportografcom-1.jpg\" data-link=\"https:\/\/www.skimo.at\/rennen\/?attachment_id=305926\" class=\"wp-image-305926\" srcset=\"https:\/\/www.skimo.at\/rennen\/files\/2025\/04\/martin-hornegger-2-bild-wwwsportografcom-1-683x1024.jpg 683w, https:\/\/www.skimo.at\/rennen\/files\/2025\/04\/martin-hornegger-2-bild-wwwsportografcom-1-200x300.jpg 200w, https:\/\/www.skimo.at\/rennen\/files\/2025\/04\/martin-hornegger-2-bild-wwwsportografcom-1-768x1151.jpg 768w, https:\/\/www.skimo.at\/rennen\/files\/2025\/04\/martin-hornegger-2-bild-wwwsportografcom-1-1224x1835.jpg 1224w, https:\/\/www.skimo.at\/rennen\/files\/2025\/04\/martin-hornegger-2-bild-wwwsportografcom-1-970x1454.jpg 970w, https:\/\/www.skimo.at\/rennen\/files\/2025\/04\/martin-hornegger-2-bild-wwwsportografcom-1-554x830.jpg 554w, https:\/\/www.skimo.at\/rennen\/files\/2025\/04\/martin-hornegger-2-bild-wwwsportografcom-1-62x93.jpg 62w, https:\/\/www.skimo.at\/rennen\/files\/2025\/04\/martin-hornegger-2-bild-wwwsportografcom-1.jpg 1281w\" sizes=\"(max-width: 683px) 100vw, 683px\" \/><\/a><figcaption class=\"blocks-gallery-item__caption\">www.sportograf.com, dachstein extreme 2007, 31.03.2007<\/figcaption><\/figure><\/li><li class=\"blocks-gallery-item\"><figure><a href=\"https:\/\/www.skimo.at\/rennen\/files\/2025\/04\/martin-hornegger-3.jpg\"><img loading=\"lazy\" width=\"795\" height=\"1024\" src=\"https:\/\/www.skimo.at\/rennen\/files\/2025\/04\/martin-hornegger-3-795x1024.jpg\" alt=\"\" data-id=\"305927\" data-full-url=\"https:\/\/www.skimo.at\/rennen\/files\/2025\/04\/martin-hornegger-3.jpg\" data-link=\"https:\/\/www.skimo.at\/rennen\/?attachment_id=305927\" class=\"wp-image-305927\" srcset=\"https:\/\/www.skimo.at\/rennen\/files\/2025\/04\/martin-hornegger-3-795x1024.jpg 795w, https:\/\/www.skimo.at\/rennen\/files\/2025\/04\/martin-hornegger-3-233x300.jpg 233w, https:\/\/www.skimo.at\/rennen\/files\/2025\/04\/martin-hornegger-3-768x990.jpg 768w, https:\/\/www.skimo.at\/rennen\/files\/2025\/04\/martin-hornegger-3-1224x1577.jpg 1224w, https:\/\/www.skimo.at\/rennen\/files\/2025\/04\/martin-hornegger-3-970x1250.jpg 970w, https:\/\/www.skimo.at\/rennen\/files\/2025\/04\/martin-hornegger-3-554x714.jpg 554w, https:\/\/www.skimo.at\/rennen\/files\/2025\/04\/martin-hornegger-3-72x93.jpg 72w, https:\/\/www.skimo.at\/rennen\/files\/2025\/04\/martin-hornegger-3.jpg 1490w\" sizes=\"(max-width: 795px) 100vw, 795px\" \/><\/a><\/figure><\/li><li class=\"blocks-gallery-item\"><figure><a href=\"https:\/\/www.skimo.at\/rennen\/files\/2025\/04\/martin-hornegger-2001-1.jpg\"><img loading=\"lazy\" width=\"1024\" height=\"768\" src=\"https:\/\/www.skimo.at\/rennen\/files\/2025\/04\/martin-hornegger-2001-1-1024x768.jpg\" alt=\"\" data-id=\"305928\" data-full-url=\"https:\/\/www.skimo.at\/rennen\/files\/2025\/04\/martin-hornegger-2001-1.jpg\" data-link=\"https:\/\/www.skimo.at\/rennen\/?attachment_id=305928\" class=\"wp-image-305928\" srcset=\"https:\/\/www.skimo.at\/rennen\/files\/2025\/04\/martin-hornegger-2001-1-1024x768.jpg 1024w, https:\/\/www.skimo.at\/rennen\/files\/2025\/04\/martin-hornegger-2001-1-300x225.jpg 300w, https:\/\/www.skimo.at\/rennen\/files\/2025\/04\/martin-hornegger-2001-1-768x576.jpg 768w, https:\/\/www.skimo.at\/rennen\/files\/2025\/04\/martin-hornegger-2001-1-1224x918.jpg 1224w, https:\/\/www.skimo.at\/rennen\/files\/2025\/04\/martin-hornegger-2001-1-970x728.jpg 970w, https:\/\/www.skimo.at\/rennen\/files\/2025\/04\/martin-hornegger-2001-1-554x416.jpg 554w, https:\/\/www.skimo.at\/rennen\/files\/2025\/04\/martin-hornegger-2001-1-124x93.jpg 124w, https:\/\/www.skimo.at\/rennen\/files\/2025\/04\/martin-hornegger-2001-1.jpg 1920w\" sizes=\"(max-width: 1024px) 100vw, 1024px\" \/><\/a><\/figure><\/li><li class=\"blocks-gallery-item\"><figure><a href=\"https:\/\/www.skimo.at\/rennen\/files\/2025\/04\/martin-hornegger-2003-1.jpg\"><img loading=\"lazy\" width=\"745\" height=\"1024\" src=\"https:\/\/www.skimo.at\/rennen\/files\/2025\/04\/martin-hornegger-2003-1-745x1024.jpg\" alt=\"\" data-id=\"305929\" data-full-url=\"https:\/\/www.skimo.at\/rennen\/files\/2025\/04\/martin-hornegger-2003-1.jpg\" data-link=\"https:\/\/www.skimo.at\/rennen\/?attachment_id=305929\" class=\"wp-image-305929\" srcset=\"https:\/\/www.skimo.at\/rennen\/files\/2025\/04\/martin-hornegger-2003-1-745x1024.jpg 745w, https:\/\/www.skimo.at\/rennen\/files\/2025\/04\/martin-hornegger-2003-1-218x300.jpg 218w, https:\/\/www.skimo.at\/rennen\/files\/2025\/04\/martin-hornegger-2003-1-768x1056.jpg 768w, https:\/\/www.skimo.at\/rennen\/files\/2025\/04\/martin-hornegger-2003-1-1224x1682.jpg 1224w, https:\/\/www.skimo.at\/rennen\/files\/2025\/04\/martin-hornegger-2003-1-970x1333.jpg 970w, https:\/\/www.skimo.at\/rennen\/files\/2025\/04\/martin-hornegger-2003-1-554x761.jpg 554w, https:\/\/www.skimo.at\/rennen\/files\/2025\/04\/martin-hornegger-2003-1-68x93.jpg 68w, https:\/\/www.skimo.at\/rennen\/files\/2025\/04\/martin-hornegger-2003-1.jpg 1397w\" sizes=\"(max-width: 745px) 100vw, 745px\" \/><\/a><\/figure><\/li><li class=\"blocks-gallery-item\"><figure><a href=\"https:\/\/www.skimo.at\/rennen\/files\/2025\/04\/martin-hornegger-auffi-muas-i-2003-1.jpg\"><img loading=\"lazy\" width=\"686\" height=\"1024\" src=\"https:\/\/www.skimo.at\/rennen\/files\/2025\/04\/martin-hornegger-auffi-muas-i-2003-1-686x1024.jpg\" alt=\"\" data-id=\"305930\" data-full-url=\"https:\/\/www.skimo.at\/rennen\/files\/2025\/04\/martin-hornegger-auffi-muas-i-2003-1.jpg\" data-link=\"https:\/\/www.skimo.at\/rennen\/?attachment_id=305930\" class=\"wp-image-305930\" srcset=\"https:\/\/www.skimo.at\/rennen\/files\/2025\/04\/martin-hornegger-auffi-muas-i-2003-1-686x1024.jpg 686w, https:\/\/www.skimo.at\/rennen\/files\/2025\/04\/martin-hornegger-auffi-muas-i-2003-1-201x300.jpg 201w, https:\/\/www.skimo.at\/rennen\/files\/2025\/04\/martin-hornegger-auffi-muas-i-2003-1-768x1147.jpg 768w, https:\/\/www.skimo.at\/rennen\/files\/2025\/04\/martin-hornegger-auffi-muas-i-2003-1-1224x1827.jpg 1224w, https:\/\/www.skimo.at\/rennen\/files\/2025\/04\/martin-hornegger-auffi-muas-i-2003-1-970x1448.jpg 970w, https:\/\/www.skimo.at\/rennen\/files\/2025\/04\/martin-hornegger-auffi-muas-i-2003-1-554x827.jpg 554w, https:\/\/www.skimo.at\/rennen\/files\/2025\/04\/martin-hornegger-auffi-muas-i-2003-1-62x93.jpg 62w, https:\/\/www.skimo.at\/rennen\/files\/2025\/04\/martin-hornegger-auffi-muas-i-2003-1.jpg 1286w\" sizes=\"(max-width: 686px) 100vw, 686px\" \/><\/a><\/figure><\/li><li class=\"blocks-gallery-item\"><figure><a href=\"https:\/\/www.skimo.at\/rennen\/files\/2025\/04\/martin-hornegger-im-aufstieg-dachsteinbock-2003.jpg\"><img loading=\"lazy\" width=\"1024\" height=\"673\" src=\"https:\/\/www.skimo.at\/rennen\/files\/2025\/04\/martin-hornegger-im-aufstieg-dachsteinbock-2003-1024x673.jpg\" alt=\"\" data-id=\"305931\" data-full-url=\"https:\/\/www.skimo.at\/rennen\/files\/2025\/04\/martin-hornegger-im-aufstieg-dachsteinbock-2003.jpg\" data-link=\"https:\/\/www.skimo.at\/rennen\/?attachment_id=305931\" class=\"wp-image-305931\" srcset=\"https:\/\/www.skimo.at\/rennen\/files\/2025\/04\/martin-hornegger-im-aufstieg-dachsteinbock-2003-1024x673.jpg 1024w, https:\/\/www.skimo.at\/rennen\/files\/2025\/04\/martin-hornegger-im-aufstieg-dachsteinbock-2003-300x197.jpg 300w, https:\/\/www.skimo.at\/rennen\/files\/2025\/04\/martin-hornegger-im-aufstieg-dachsteinbock-2003-768x504.jpg 768w, https:\/\/www.skimo.at\/rennen\/files\/2025\/04\/martin-hornegger-im-aufstieg-dachsteinbock-2003-1224x804.jpg 1224w, https:\/\/www.skimo.at\/rennen\/files\/2025\/04\/martin-hornegger-im-aufstieg-dachsteinbock-2003-970x637.jpg 970w, https:\/\/www.skimo.at\/rennen\/files\/2025\/04\/martin-hornegger-im-aufstieg-dachsteinbock-2003-554x364.jpg 554w, https:\/\/www.skimo.at\/rennen\/files\/2025\/04\/martin-hornegger-im-aufstieg-dachsteinbock-2003-142x93.jpg 142w, https:\/\/www.skimo.at\/rennen\/files\/2025\/04\/martin-hornegger-im-aufstieg-dachsteinbock-2003.jpg 1920w\" sizes=\"(max-width: 1024px) 100vw, 1024px\" \/><\/a><figcaption class=\"blocks-gallery-item__caption\">Martin Hornegger, der \u00f6sterreichische Meister im Schibergsteigen 2002 und 2003, im Aufstieg beim DachSteinBock 2003<\/figcaption><\/figure><\/li><li class=\"blocks-gallery-item\"><figure><a href=\"https:\/\/www.skimo.at\/rennen\/files\/2025\/04\/sieger2-1.jpg\"><img loading=\"lazy\" width=\"1024\" height=\"715\" src=\"https:\/\/www.skimo.at\/rennen\/files\/2025\/04\/sieger2-1-1024x715.jpg\" alt=\"\" data-id=\"305932\" data-full-url=\"https:\/\/www.skimo.at\/rennen\/files\/2025\/04\/sieger2-1.jpg\" data-link=\"https:\/\/www.skimo.at\/rennen\/?attachment_id=305932\" class=\"wp-image-305932\" srcset=\"https:\/\/www.skimo.at\/rennen\/files\/2025\/04\/sieger2-1-1024x715.jpg 1024w, https:\/\/www.skimo.at\/rennen\/files\/2025\/04\/sieger2-1-300x210.jpg 300w, https:\/\/www.skimo.at\/rennen\/files\/2025\/04\/sieger2-1-768x536.jpg 768w, https:\/\/www.skimo.at\/rennen\/files\/2025\/04\/sieger2-1-1224x855.jpg 1224w, https:\/\/www.skimo.at\/rennen\/files\/2025\/04\/sieger2-1-970x677.jpg 970w, https:\/\/www.skimo.at\/rennen\/files\/2025\/04\/sieger2-1-554x387.jpg 554w, https:\/\/www.skimo.at\/rennen\/files\/2025\/04\/sieger2-1-133x93.jpg 133w, https:\/\/www.skimo.at\/rennen\/files\/2025\/04\/sieger2-1.jpg 1920w\" sizes=\"(max-width: 1024px) 100vw, 1024px\" \/><\/a><\/figure><\/li><li class=\"blocks-gallery-item\"><figure><a href=\"https:\/\/www.skimo.at\/rennen\/files\/2025\/04\/start-2-1.jpg\"><img loading=\"lazy\" width=\"1024\" height=\"673\" src=\"https:\/\/www.skimo.at\/rennen\/files\/2025\/04\/start-2-1-1024x673.jpg\" alt=\"\" data-id=\"305933\" data-full-url=\"https:\/\/www.skimo.at\/rennen\/files\/2025\/04\/start-2-1.jpg\" data-link=\"https:\/\/www.skimo.at\/rennen\/?attachment_id=305933\" class=\"wp-image-305933\" srcset=\"https:\/\/www.skimo.at\/rennen\/files\/2025\/04\/start-2-1-1024x673.jpg 1024w, https:\/\/www.skimo.at\/rennen\/files\/2025\/04\/start-2-1-300x197.jpg 300w, https:\/\/www.skimo.at\/rennen\/files\/2025\/04\/start-2-1-768x504.jpg 768w, https:\/\/www.skimo.at\/rennen\/files\/2025\/04\/start-2-1-1224x804.jpg 1224w, https:\/\/www.skimo.at\/rennen\/files\/2025\/04\/start-2-1-970x637.jpg 970w, https:\/\/www.skimo.at\/rennen\/files\/2025\/04\/start-2-1-554x364.jpg 554w, https:\/\/www.skimo.at\/rennen\/files\/2025\/04\/start-2-1-142x93.jpg 142w, https:\/\/www.skimo.at\/rennen\/files\/2025\/04\/start-2-1.jpg 1920w\" sizes=\"(max-width: 1024px) 100vw, 1024px\" \/><\/a><figcaption class=\"blocks-gallery-item__caption\">Startfoto 1<\/figcaption><\/figure><\/li><\/ul><\/figure>\n","protected":false},"excerpt":{"rendered":"<p>Am Samstag 27.4.2025 (Best\u00e4tigung des Datums steht noch aus) ist Martin Hornegger t\u00f6dlich verungl\u00fcckt. Bei seiner Leidenschaft, der Bergsteigerei und auf einem der sch\u00f6nsten Berge der Welt, der 6.812 m hohen Ama Dablam in Nepal. Eine wahre Legende ist von seiner letzten Tour nicht mehr zur\u00fcckgekehrt.<\/p>\n","protected":false},"author":3,"featured_media":305904,"comment_status":"closed","ping_status":"closed","sticky":false,"template":"","format":"standard","meta":[],"categories":[1,3],"tags":[],"yoast_head":"<!-- This site is optimized with the Yoast SEO plugin v16.3 - https:\/\/yoast.com\/wordpress\/plugins\/seo\/ -->\n<title>Nachruf auf Martin Hornegger, \u2020 27.4.2025 - Rennen<\/title>\n<meta name=\"robots\" content=\"index, follow, max-snippet:-1, max-image-preview:large, max-video-preview:-1\" \/>\n<link rel=\"canonical\" href=\"https:\/\/www.skimo.at\/rennen\/305893\/nachruf-auf-martin-hornegger-\u2020\/\" \/>\n<meta property=\"og:locale\" content=\"de_DE\" \/>\n<meta property=\"og:type\" content=\"article\" \/>\n<meta property=\"og:title\" content=\"Nachruf auf Martin Hornegger, \u2020 27.4.2025 - Rennen\" \/>\n<meta property=\"og:description\" content=\"Am Samstag 27.4.2025 (Best\u00e4tigung des Datums steht noch aus) ist Martin Hornegger t\u00f6dlich verungl\u00fcckt. Bei seiner Leidenschaft, der Bergsteigerei und auf einem der sch\u00f6nsten Berge der Welt, der 6.812 m hohen Ama Dablam in Nepal. Eine wahre Legende ist von seiner letzten Tour nicht mehr zur\u00fcckgekehrt.\" \/>\n<meta property=\"og:url\" content=\"https:\/\/www.skimo.at\/rennen\/305893\/nachruf-auf-martin-hornegger-\u2020\/\" \/>\n<meta property=\"og:site_name\" content=\"Rennen\" \/>\n<meta property=\"article:published_time\" content=\"2025-04-30T20:03:41+00:00\" \/>\n<meta property=\"article:modified_time\" content=\"2025-05-01T12:41:40+00:00\" \/>\n<meta property=\"og:image\" content=\"https:\/\/www.skimo.at\/rennen\/files\/2025\/04\/martin-hornegger-1.jpg\" \/>\n\t<meta property=\"og:image:width\" content=\"617\" \/>\n\t<meta property=\"og:image:height\" content=\"822\" \/>\n<meta name=\"twitter:card\" content=\"summary\" \/>\n<meta name=\"twitter:label1\" content=\"Gesch\u00e4tzte Lesezeit\">\n\t<meta name=\"twitter:data1\" content=\"8\u00a0Minuten\">\n<script type=\"application\/ld+json\" class=\"yoast-schema-graph\">{\"@context\":\"https:\/\/schema.org\",\"@graph\":[{\"@type\":\"WebSite\",\"@id\":\"https:\/\/skimo.73.jarolim.eu\/rennen\/#website\",\"url\":\"https:\/\/skimo.73.jarolim.eu\/rennen\/\",\"name\":\"Rennen\",\"description\":\"\",\"potentialAction\":[{\"@type\":\"SearchAction\",\"target\":\"https:\/\/skimo.73.jarolim.eu\/rennen\/?s={search_term_string}\",\"query-input\":\"required name=search_term_string\"}],\"inLanguage\":\"de\"},{\"@type\":\"ImageObject\",\"@id\":\"https:\/\/www.skimo.at\/rennen\/305893\/nachruf-auf-martin-hornegger-%e2%80%a0\/#primaryimage\",\"inLanguage\":\"de\",\"url\":\"https:\/\/www.skimo.at\/rennen\/files\/2025\/04\/martin-hornegger-1.jpg\",\"contentUrl\":\"https:\/\/www.skimo.at\/rennen\/files\/2025\/04\/martin-hornegger-1.jpg\",\"width\":617,\"height\":822,\"caption\":\"SANYO DIGITAL CAMERA\"},{\"@type\":\"WebPage\",\"@id\":\"https:\/\/www.skimo.at\/rennen\/305893\/nachruf-auf-martin-hornegger-%e2%80%a0\/#webpage\",\"url\":\"https:\/\/www.skimo.at\/rennen\/305893\/nachruf-auf-martin-hornegger-%e2%80%a0\/\",\"name\":\"Nachruf auf Martin Hornegger, \\u2020 27.4.2025 - Rennen\",\"isPartOf\":{\"@id\":\"https:\/\/skimo.73.jarolim.eu\/rennen\/#website\"},\"primaryImageOfPage\":{\"@id\":\"https:\/\/www.skimo.at\/rennen\/305893\/nachruf-auf-martin-hornegger-%e2%80%a0\/#primaryimage\"},\"datePublished\":\"2025-04-30T20:03:41+00:00\",\"dateModified\":\"2025-05-01T12:41:40+00:00\",\"author\":{\"@id\":\"https:\/\/skimo.73.jarolim.eu\/rennen\/#\/schema\/person\/796ecbce6796efca58bf848ca63ec12c\"},\"breadcrumb\":{\"@id\":\"https:\/\/www.skimo.at\/rennen\/305893\/nachruf-auf-martin-hornegger-%e2%80%a0\/#breadcrumb\"},\"inLanguage\":\"de\",\"potentialAction\":[{\"@type\":\"ReadAction\",\"target\":[\"https:\/\/www.skimo.at\/rennen\/305893\/nachruf-auf-martin-hornegger-%e2%80%a0\/\"]}]},{\"@type\":\"BreadcrumbList\",\"@id\":\"https:\/\/www.skimo.at\/rennen\/305893\/nachruf-auf-martin-hornegger-%e2%80%a0\/#breadcrumb\",\"itemListElement\":[{\"@type\":\"ListItem\",\"position\":1,\"item\":{\"@type\":\"WebPage\",\"@id\":\"https:\/\/skimo.73.jarolim.eu\/rennen\/\",\"url\":\"https:\/\/skimo.73.jarolim.eu\/rennen\/\",\"name\":\"Home\"}},{\"@type\":\"ListItem\",\"position\":2,\"item\":{\"@id\":\"https:\/\/www.skimo.at\/rennen\/305893\/nachruf-auf-martin-hornegger-%e2%80%a0\/#webpage\"}}]},{\"@type\":\"Person\",\"@id\":\"https:\/\/skimo.73.jarolim.eu\/rennen\/#\/schema\/person\/796ecbce6796efca58bf848ca63ec12c\",\"name\":\"kposch\",\"image\":{\"@type\":\"ImageObject\",\"@id\":\"https:\/\/skimo.73.jarolim.eu\/rennen\/#personlogo\",\"inLanguage\":\"de\",\"url\":\"https:\/\/secure.gravatar.com\/avatar\/e9f5f28da60e5e563d3f4d3cc0b9b425?s=96&r=g\",\"contentUrl\":\"https:\/\/secure.gravatar.com\/avatar\/e9f5f28da60e5e563d3f4d3cc0b9b425?s=96&r=g\",\"caption\":\"kposch\"},\"url\":\"https:\/\/www.skimo.at\/rennen\/author\/kposch\/\"}]}<\/script>\n<!-- \/ Yoast SEO plugin. -->","_links":{"self":[{"href":"https:\/\/www.skimo.at\/rennen\/wp-json\/wp\/v2\/posts\/305893"}],"collection":[{"href":"https:\/\/www.skimo.at\/rennen\/wp-json\/wp\/v2\/posts"}],"about":[{"href":"https:\/\/www.skimo.at\/rennen\/wp-json\/wp\/v2\/types\/post"}],"author":[{"embeddable":true,"href":"https:\/\/www.skimo.at\/rennen\/wp-json\/wp\/v2\/users\/3"}],"replies":[{"embeddable":true,"href":"https:\/\/www.skimo.at\/rennen\/wp-json\/wp\/v2\/comments?post=305893"}],"version-history":[{"count":8,"href":"https:\/\/www.skimo.at\/rennen\/wp-json\/wp\/v2\/posts\/305893\/revisions"}],"predecessor-version":[{"id":305944,"href":"https:\/\/www.skimo.at\/rennen\/wp-json\/wp\/v2\/posts\/305893\/revisions\/305944"}],"wp:featuredmedia":[{"embeddable":true,"href":"https:\/\/www.skimo.at\/rennen\/wp-json\/wp\/v2\/media\/305904"}],"wp:attachment":[{"href":"https:\/\/www.skimo.at\/rennen\/wp-json\/wp\/v2\/media?parent=305893"}],"wp:term":[{"taxonomy":"category","embeddable":true,"href":"https:\/\/www.skimo.at\/rennen\/wp-json\/wp\/v2\/categories?post=305893"},{"taxonomy":"post_tag","embeddable":true,"href":"https:\/\/www.skimo.at\/rennen\/wp-json\/wp\/v2\/tags?post=305893"}],"curies":[{"name":"wp","href":"https:\/\/api.w.org\/{rel}","templated":true}]}}