{"id":305724,"date":"2025-04-12T20:57:21","date_gmt":"2025-04-12T18:57:21","guid":{"rendered":"https:\/\/www.skimo.at\/rennen\/?p=305724"},"modified":"2025-04-12T20:58:06","modified_gmt":"2025-04-12T18:58:06","slug":"sprint-finale-in-tromso-emily-harrop-bleibt-ungeschlagen-thomas-bussard-feiert-seinen-ersten-einzel-weltcupsieg","status":"publish","type":"post","link":"https:\/\/www.skimo.at\/rennen\/305724\/sprint-finale-in-tromso-emily-harrop-bleibt-ungeschlagen-thomas-bussard-feiert-seinen-ersten-einzel-weltcupsieg\/","title":{"rendered":"Sprint-Finale in Troms\u00f8 \u2013 Emily Harrop bleibt ungeschlagen, Thomas Bussard feiert seinen ersten Einzel-Weltcupsieg"},"content":{"rendered":"\n<p>Das heutige Sprintrennen in Troms\u00f8 markierte das gro\u00dfe Finale der ISMF-Weltcupsaison 2024\/25. Nun stehen die endg\u00fcltigen Platzierungen in der Sprint-Disziplin fest! Die Sprintstrecke in Troms\u00f8 umfasste insgesamt 70 H\u00f6henmeter: 45 m im Aufstieg mit Fellen, gefolgt von einem 15 m langen Laufsegment und einem abschlie\u00dfenden 10 m Aufstieg auf Skiern vor der Abfahrt.<\/p>\n\n\n\n<!--more-->\n\n\n\n<p>Bei den Damen setzte Emily Harrop ihre beeindruckende Siegesserie fort, w\u00e4hrend das Herrenfinale mit einem dramatischen Wendepunkt \u00fcberraschte: Eine Zeitstrafe warf Oriol Cardona Coll aus Spanien aus den Podiumspl\u00e4tzen.<br>Alle Infos zum Rennen, Foto-Highlights und neue TV-Clips jetzt verf\u00fcgbar.<\/p>\n\n\n\n<hr class=\"wp-block-separator\" \/>\n\n\n\n<h3><strong>ZUSAMMENFASSUNG DAMENRENNEN<\/strong><\/h3>\n\n\n\n<p>Im Damenfinale war das franz\u00f6sische Team stark vertreten \u2013 mit vier Athletinnen an der Startlinie: L\u00e9na Bonnel, Emily Harrop, C\u00e9lia Perillat-Pessey und Margot Ravinel. Weitere Top-Favoritinnen waren Marianne Fatton (Schweiz) und Ana Alonso Rodriguez (Spanien).<\/p>\n\n\n\n<p>Einmal mehr war Emily Harrop (FRA) nicht zu schlagen. Sie f\u00fchrte das Rennen von Beginn an an und sicherte sich mit diesem Sieg eine perfekte Sprintserie \u2013 sie gewann jedes einzelne Sprintrennen der Weltcupsaison 2024\/25.<\/p>\n\n\n\n<p>Den zweiten Platz belegte Marianne Fatton (SUI), die eine konstant starke Saison zeigte. Auf Rang drei landete die junge und vielversprechende Margot Ravinel (FRA), die erneut ihr Talent unter Beweis stellte und als Zukunftshoffnung gilt.<\/p>\n\n\n\n<blockquote class=\"wp-block-quote\"><p>\u201eEs ist einfach verr\u00fcckt \u2013 ich bin so stolz und gl\u00fccklich \u00fcber diese Saison. Es ist keine Selbstverst\u00e4ndlichkeit, in jedem Rennen vorn zu bleiben \u2013 man muss immer voll konzentriert sein. Das hier in Norwegen abzuschlie\u00dfen, macht es noch besonderer \u2013 alle lieben diesen Ort. Und mit dem heutigen Wetter hatten wir richtig Gl\u00fcck. So die Saison zu beenden, ist ein Traum.\u201c<\/p><cite>Emily Harrop<\/cite><\/blockquote>\n\n\n\n<hr class=\"wp-block-separator\" \/>\n\n\n\n<h3><strong>DAMENPODIUM &amp; ENDERGEBNISSE<\/strong><\/h3>\n\n\n\n<p>\ud83e\udd47 Emily Harrop (FRA) \u2013 3:07.1<br>\ud83e\udd48 Marianne Fatton (SUI) \u2013 3:15.8 (+8.7)<br>\ud83e\udd49 Margot Ravinel (FRA) \u2013 3:16.4 (+9.3)<\/p>\n\n\n\n<p>Beste Deutsche war Tatjana Paller auf Platz 9, beste \u00d6sterreicherin Johanna Hiemer auf Platz 13.<\/p>\n\n\n\n<hr class=\"wp-block-separator\" \/>\n\n\n\n<h3><strong>ZUSAMMENFASSUNG HERRENRENNEN<\/strong><\/h3>\n\n\n\n<p>Im Finale der Herren standen: Thibault Anselmet (FRA), Thomas Bussard (SUI), Oriol Cardona Coll (ESP), Maximilien Drion (BEL), Jon Kistler (SUI) und Ot Ferrer (ESP).<\/p>\n\n\n\n<p>Nach einem explosiven Start von Oriol Cardona Coll, dicht gefolgt von Thibault Anselmet und Maximilien Drion, k\u00e4mpften sich die beiden Schweizer stark zur\u00fcck ins Rennen.<\/p>\n\n\n\n<p>Zwar \u00fcberquerte Oriol Cardona Coll als Erster die Ziellinie, doch eine 10-Sekunden-Strafe \u2013 wegen au\u00dferhalb der Wechselzone platzierter Skier vor dem Greifen der St\u00f6cke \u2013 warf ihn auf Rang vier zur\u00fcck.<\/p>\n\n\n\n<p>Davon profitierte Thomas Bussard, der mit einem starken Anstieg und perfektem Wechsel in die Abfahrt ging und vor Jon Kistler ins Ziel kam.<\/p>\n\n\n\n<p>Der Sieg ging somit an Thomas Bussard (SUI) \u2013 sein erster Einzelweltcupsieg! U23-Athlet Jon Kistler (SUI) wurde Zweiter, Maximilien Drion (BEL) komplettierte das Podium auf Rang drei \u2013 ein starkes Saisonfinale f\u00fcr ihn.<\/p>\n\n\n\n<blockquote class=\"wp-block-quote\"><p>\u201eIch h\u00e4tte nie mit diesem Sieg gerechnet \u2013 ehrlich gesagt war ich schon \u00fcbergl\u00fccklich mit dem zweiten Platz. Mein letzter Sprintpodium war 2022 in Val Thorens \u2013 ich habe so lange darauf gewartet, zur\u00fcckzukehren. Ich bin sprachlos\u2026 Schon Zweiter zu sein, war Wahnsinn \u2013 und dann erfahre ich f\u00fcnf Minuten sp\u00e4ter, dass ich gewonnen habe. Es tut mir leid f\u00fcr Oriol wegen der Strafe \u2013 aber ein Sieg ist ein Sieg, also nehme ich ihn gerne.\u201c<\/p><cite>Thomas Bussard<\/cite><\/blockquote>\n\n\n\n<hr class=\"wp-block-separator\" \/>\n\n\n\n<h3><strong>HERRENPODIUM &amp; ENDERGEBNISSE<\/strong><\/h3>\n\n\n\n<p>\ud83e\udd47 Thomas Bussard (SUI) \u2013 2:46.0<br>\ud83e\udd48 Jon Kistler (SUI) \u2013 2:48.6 (+2.6)<br>\ud83e\udd49 Maximilien Drion (BEL) \u2013 2:53.4 (+7.4)<\/p>\n\n\n\n<p>Bester \u00d6sterreicher war Andi Mayer auf Platz 25, bester Deutscher Finn H\u00f6sch auf Rang 30.<\/p>\n\n\n\n<hr class=\"wp-block-separator\" \/>\n\n\n\n<h3><strong>GESAMTERGEBNIS<\/strong><\/h3>\n\n\n\n<div class=\"wp-block-file\"><a href=\"https:\/\/www.skimo.at\/rennen\/files\/2025\/04\/WC2025-tromso-SPR-12.4.2025.pdf\">WC2025-tromso-SPR 12.4.2025<\/a><a href=\"https:\/\/www.skimo.at\/rennen\/files\/2025\/04\/WC2025-tromso-SPR-12.4.2025.pdf\" class=\"wp-block-file__button\" download>Herunterladen<\/a><\/div>\n\n\n\n<hr class=\"wp-block-separator\" \/>\n\n\n\n<h3><strong>\ud83c\udfc6 Endstand Sprint-Weltcup \u2013 ISMF-Saison 2024\/25<\/strong><\/h3>\n\n\n\n<p><strong>Damen Sprint-Wertung:<\/strong><\/p>\n\n\n\n<ol><li>Emily Harrop (FRA) \u2013 700 Punkte<\/li><li>Marianne Fatton (SUI) \u2013 571 Punkte<\/li><li>Ana Alonso Rodriguez (ESP) \u2013 453 Punkte<\/li><\/ol>\n\n\n\n<p><strong>Herren Sprint-Wertung:<\/strong><\/p>\n\n\n\n<ol><li>Oriol Cardona Coll (ESP) \u2013 575 Punkte<\/li><li>Jon Kistler (SUI) \u2013 527 Punkte<\/li><li>Thibault Anselmet (FRA) \u2013 518 Punkte<\/li><\/ol>\n\n\n\n<hr class=\"wp-block-separator\" \/>\n\n\n\n<p><strong>Die ISMF-Weltcupsaison 2024\/25 endet morgen mit dem Individual Race \u2013 dem letzten Event der Saison \u2013 vor der atemberaubenden Kulisse der Fjorde von Troms\u00f8.<\/strong><\/p>\n\n\n\n<p><strong>Wichtiger Hinweis: Die Startzeiten wurden vorverlegt.<\/strong><br>\u27a1\ufe0f Damenstart: 12:10 Uhr<br>\u27a1\ufe0f Herrenstart: 13:45 Uhr<\/p>\n\n\n\n<p>BILDERGALERIE DER ISMF<\/p>\n\n\n\n<figure class=\"wp-block-gallery columns-3 is-cropped\"><ul class=\"blocks-gallery-grid\"><li class=\"blocks-gallery-item\"><figure><a href=\"https:\/\/www.skimo.at\/rennen\/?attachment_id=305728\"><img loading=\"lazy\" width=\"1024\" height=\"769\" src=\"https:\/\/www.skimo.at\/rennen\/files\/2025\/04\/press-sprint-1024x769.jpg\" alt=\"\" data-id=\"305728\" data-full-url=\"https:\/\/www.skimo.at\/rennen\/files\/2025\/04\/press-sprint.jpg\" data-link=\"https:\/\/www.skimo.at\/rennen\/?attachment_id=305728\" class=\"wp-image-305728\" srcset=\"https:\/\/www.skimo.at\/rennen\/files\/2025\/04\/press-sprint-1024x769.jpg 1024w, https:\/\/www.skimo.at\/rennen\/files\/2025\/04\/press-sprint-300x225.jpg 300w, https:\/\/www.skimo.at\/rennen\/files\/2025\/04\/press-sprint-768x576.jpg 768w, https:\/\/www.skimo.at\/rennen\/files\/2025\/04\/press-sprint-1224x919.jpg 1224w, https:\/\/www.skimo.at\/rennen\/files\/2025\/04\/press-sprint-970x728.jpg 970w, https:\/\/www.skimo.at\/rennen\/files\/2025\/04\/press-sprint-554x416.jpg 554w, https:\/\/www.skimo.at\/rennen\/files\/2025\/04\/press-sprint-124x93.jpg 124w, https:\/\/www.skimo.at\/rennen\/files\/2025\/04\/press-sprint.jpg 1920w\" sizes=\"(max-width: 1024px) 100vw, 1024px\" \/><\/a><\/figure><\/li><li class=\"blocks-gallery-item\"><figure><a href=\"https:\/\/www.skimo.at\/rennen\/?attachment_id=305729\"><img loading=\"lazy\" width=\"1024\" height=\"769\" src=\"https:\/\/www.skimo.at\/rennen\/files\/2025\/04\/press-sprint-2-1024x769.jpg\" alt=\"\" data-id=\"305729\" data-full-url=\"https:\/\/www.skimo.at\/rennen\/files\/2025\/04\/press-sprint-2.jpg\" data-link=\"https:\/\/www.skimo.at\/rennen\/?attachment_id=305729\" class=\"wp-image-305729\" srcset=\"https:\/\/www.skimo.at\/rennen\/files\/2025\/04\/press-sprint-2-1024x769.jpg 1024w, https:\/\/www.skimo.at\/rennen\/files\/2025\/04\/press-sprint-2-300x225.jpg 300w, https:\/\/www.skimo.at\/rennen\/files\/2025\/04\/press-sprint-2-768x576.jpg 768w, https:\/\/www.skimo.at\/rennen\/files\/2025\/04\/press-sprint-2-1224x919.jpg 1224w, https:\/\/www.skimo.at\/rennen\/files\/2025\/04\/press-sprint-2-970x728.jpg 970w, https:\/\/www.skimo.at\/rennen\/files\/2025\/04\/press-sprint-2-554x416.jpg 554w, https:\/\/www.skimo.at\/rennen\/files\/2025\/04\/press-sprint-2-124x93.jpg 124w, https:\/\/www.skimo.at\/rennen\/files\/2025\/04\/press-sprint-2.jpg 1920w\" sizes=\"(max-width: 1024px) 100vw, 1024px\" \/><\/a><\/figure><\/li><li class=\"blocks-gallery-item\"><figure><a href=\"https:\/\/www.skimo.at\/rennen\/?attachment_id=305730\"><img loading=\"lazy\" width=\"1024\" height=\"769\" src=\"https:\/\/www.skimo.at\/rennen\/files\/2025\/04\/press-sprint-3-1024x769.jpg\" alt=\"\" data-id=\"305730\" data-full-url=\"https:\/\/www.skimo.at\/rennen\/files\/2025\/04\/press-sprint-3.jpg\" data-link=\"https:\/\/www.skimo.at\/rennen\/?attachment_id=305730\" class=\"wp-image-305730\" srcset=\"https:\/\/www.skimo.at\/rennen\/files\/2025\/04\/press-sprint-3-1024x769.jpg 1024w, https:\/\/www.skimo.at\/rennen\/files\/2025\/04\/press-sprint-3-300x225.jpg 300w, https:\/\/www.skimo.at\/rennen\/files\/2025\/04\/press-sprint-3-768x576.jpg 768w, https:\/\/www.skimo.at\/rennen\/files\/2025\/04\/press-sprint-3-1224x919.jpg 1224w, https:\/\/www.skimo.at\/rennen\/files\/2025\/04\/press-sprint-3-970x728.jpg 970w, https:\/\/www.skimo.at\/rennen\/files\/2025\/04\/press-sprint-3-554x416.jpg 554w, https:\/\/www.skimo.at\/rennen\/files\/2025\/04\/press-sprint-3-124x93.jpg 124w, https:\/\/www.skimo.at\/rennen\/files\/2025\/04\/press-sprint-3.jpg 1920w\" sizes=\"(max-width: 1024px) 100vw, 1024px\" \/><\/a><\/figure><\/li><li class=\"blocks-gallery-item\"><figure><a href=\"https:\/\/www.skimo.at\/rennen\/?attachment_id=305731\"><img loading=\"lazy\" width=\"1024\" height=\"769\" src=\"https:\/\/www.skimo.at\/rennen\/files\/2025\/04\/press-sprint-4-1024x769.jpg\" alt=\"\" data-id=\"305731\" data-full-url=\"https:\/\/www.skimo.at\/rennen\/files\/2025\/04\/press-sprint-4.jpg\" data-link=\"https:\/\/www.skimo.at\/rennen\/?attachment_id=305731\" class=\"wp-image-305731\" srcset=\"https:\/\/www.skimo.at\/rennen\/files\/2025\/04\/press-sprint-4-1024x769.jpg 1024w, https:\/\/www.skimo.at\/rennen\/files\/2025\/04\/press-sprint-4-300x225.jpg 300w, https:\/\/www.skimo.at\/rennen\/files\/2025\/04\/press-sprint-4-768x576.jpg 768w, https:\/\/www.skimo.at\/rennen\/files\/2025\/04\/press-sprint-4-1224x919.jpg 1224w, https:\/\/www.skimo.at\/rennen\/files\/2025\/04\/press-sprint-4-970x728.jpg 970w, https:\/\/www.skimo.at\/rennen\/files\/2025\/04\/press-sprint-4-554x416.jpg 554w, https:\/\/www.skimo.at\/rennen\/files\/2025\/04\/press-sprint-4-124x93.jpg 124w, https:\/\/www.skimo.at\/rennen\/files\/2025\/04\/press-sprint-4.jpg 1920w\" sizes=\"(max-width: 1024px) 100vw, 1024px\" \/><\/a><\/figure><\/li><li class=\"blocks-gallery-item\"><figure><a href=\"https:\/\/www.skimo.at\/rennen\/?attachment_id=305732\"><img loading=\"lazy\" width=\"1024\" height=\"769\" src=\"https:\/\/www.skimo.at\/rennen\/files\/2025\/04\/press-sprint-5-1024x769.jpg\" alt=\"\" data-id=\"305732\" data-full-url=\"https:\/\/www.skimo.at\/rennen\/files\/2025\/04\/press-sprint-5.jpg\" data-link=\"https:\/\/www.skimo.at\/rennen\/?attachment_id=305732\" class=\"wp-image-305732\" srcset=\"https:\/\/www.skimo.at\/rennen\/files\/2025\/04\/press-sprint-5-1024x769.jpg 1024w, https:\/\/www.skimo.at\/rennen\/files\/2025\/04\/press-sprint-5-300x225.jpg 300w, https:\/\/www.skimo.at\/rennen\/files\/2025\/04\/press-sprint-5-768x576.jpg 768w, https:\/\/www.skimo.at\/rennen\/files\/2025\/04\/press-sprint-5-1224x919.jpg 1224w, https:\/\/www.skimo.at\/rennen\/files\/2025\/04\/press-sprint-5-970x728.jpg 970w, https:\/\/www.skimo.at\/rennen\/files\/2025\/04\/press-sprint-5-554x416.jpg 554w, https:\/\/www.skimo.at\/rennen\/files\/2025\/04\/press-sprint-5-124x93.jpg 124w, https:\/\/www.skimo.at\/rennen\/files\/2025\/04\/press-sprint-5.jpg 1920w\" sizes=\"(max-width: 1024px) 100vw, 1024px\" \/><\/a><\/figure><\/li><li class=\"blocks-gallery-item\"><figure><a href=\"https:\/\/www.skimo.at\/rennen\/?attachment_id=305733\"><img loading=\"lazy\" width=\"1024\" height=\"769\" src=\"https:\/\/www.skimo.at\/rennen\/files\/2025\/04\/press-sprint-6-1024x769.jpg\" alt=\"\" data-id=\"305733\" data-full-url=\"https:\/\/www.skimo.at\/rennen\/files\/2025\/04\/press-sprint-6.jpg\" data-link=\"https:\/\/www.skimo.at\/rennen\/?attachment_id=305733\" class=\"wp-image-305733\" srcset=\"https:\/\/www.skimo.at\/rennen\/files\/2025\/04\/press-sprint-6-1024x769.jpg 1024w, https:\/\/www.skimo.at\/rennen\/files\/2025\/04\/press-sprint-6-300x225.jpg 300w, https:\/\/www.skimo.at\/rennen\/files\/2025\/04\/press-sprint-6-768x576.jpg 768w, https:\/\/www.skimo.at\/rennen\/files\/2025\/04\/press-sprint-6-1224x919.jpg 1224w, https:\/\/www.skimo.at\/rennen\/files\/2025\/04\/press-sprint-6-970x728.jpg 970w, https:\/\/www.skimo.at\/rennen\/files\/2025\/04\/press-sprint-6-554x416.jpg 554w, https:\/\/www.skimo.at\/rennen\/files\/2025\/04\/press-sprint-6-124x93.jpg 124w, https:\/\/www.skimo.at\/rennen\/files\/2025\/04\/press-sprint-6.jpg 1920w\" sizes=\"(max-width: 1024px) 100vw, 1024px\" \/><\/a><\/figure><\/li><li class=\"blocks-gallery-item\"><figure><a href=\"https:\/\/www.skimo.at\/rennen\/?attachment_id=305734\"><img loading=\"lazy\" width=\"1024\" height=\"769\" src=\"https:\/\/www.skimo.at\/rennen\/files\/2025\/04\/press-sprint-7-1024x769.jpg\" alt=\"\" data-id=\"305734\" data-full-url=\"https:\/\/www.skimo.at\/rennen\/files\/2025\/04\/press-sprint-7.jpg\" data-link=\"https:\/\/www.skimo.at\/rennen\/?attachment_id=305734\" class=\"wp-image-305734\" srcset=\"https:\/\/www.skimo.at\/rennen\/files\/2025\/04\/press-sprint-7-1024x769.jpg 1024w, https:\/\/www.skimo.at\/rennen\/files\/2025\/04\/press-sprint-7-300x225.jpg 300w, https:\/\/www.skimo.at\/rennen\/files\/2025\/04\/press-sprint-7-768x576.jpg 768w, https:\/\/www.skimo.at\/rennen\/files\/2025\/04\/press-sprint-7-1224x919.jpg 1224w, https:\/\/www.skimo.at\/rennen\/files\/2025\/04\/press-sprint-7-970x728.jpg 970w, https:\/\/www.skimo.at\/rennen\/files\/2025\/04\/press-sprint-7-554x416.jpg 554w, https:\/\/www.skimo.at\/rennen\/files\/2025\/04\/press-sprint-7-124x93.jpg 124w, https:\/\/www.skimo.at\/rennen\/files\/2025\/04\/press-sprint-7.jpg 1920w\" sizes=\"(max-width: 1024px) 100vw, 1024px\" \/><\/a><\/figure><\/li><li class=\"blocks-gallery-item\"><figure><a href=\"https:\/\/www.skimo.at\/rennen\/?attachment_id=305735\"><img loading=\"lazy\" width=\"1024\" height=\"769\" src=\"https:\/\/www.skimo.at\/rennen\/files\/2025\/04\/press-sprint-8-1024x769.jpg\" alt=\"\" data-id=\"305735\" data-full-url=\"https:\/\/www.skimo.at\/rennen\/files\/2025\/04\/press-sprint-8.jpg\" data-link=\"https:\/\/www.skimo.at\/rennen\/?attachment_id=305735\" class=\"wp-image-305735\" srcset=\"https:\/\/www.skimo.at\/rennen\/files\/2025\/04\/press-sprint-8-1024x769.jpg 1024w, https:\/\/www.skimo.at\/rennen\/files\/2025\/04\/press-sprint-8-300x225.jpg 300w, https:\/\/www.skimo.at\/rennen\/files\/2025\/04\/press-sprint-8-768x576.jpg 768w, https:\/\/www.skimo.at\/rennen\/files\/2025\/04\/press-sprint-8-1224x919.jpg 1224w, https:\/\/www.skimo.at\/rennen\/files\/2025\/04\/press-sprint-8-970x728.jpg 970w, https:\/\/www.skimo.at\/rennen\/files\/2025\/04\/press-sprint-8-554x416.jpg 554w, https:\/\/www.skimo.at\/rennen\/files\/2025\/04\/press-sprint-8-124x93.jpg 124w, https:\/\/www.skimo.at\/rennen\/files\/2025\/04\/press-sprint-8.jpg 1920w\" sizes=\"(max-width: 1024px) 100vw, 1024px\" \/><\/a><\/figure><\/li><li class=\"blocks-gallery-item\"><figure><a href=\"https:\/\/www.skimo.at\/rennen\/?attachment_id=305736\"><img loading=\"lazy\" width=\"1024\" height=\"769\" src=\"https:\/\/www.skimo.at\/rennen\/files\/2025\/04\/press-sprint-9-1024x769.jpg\" alt=\"\" data-id=\"305736\" data-full-url=\"https:\/\/www.skimo.at\/rennen\/files\/2025\/04\/press-sprint-9.jpg\" data-link=\"https:\/\/www.skimo.at\/rennen\/?attachment_id=305736\" class=\"wp-image-305736\" srcset=\"https:\/\/www.skimo.at\/rennen\/files\/2025\/04\/press-sprint-9-1024x769.jpg 1024w, https:\/\/www.skimo.at\/rennen\/files\/2025\/04\/press-sprint-9-300x225.jpg 300w, https:\/\/www.skimo.at\/rennen\/files\/2025\/04\/press-sprint-9-768x576.jpg 768w, https:\/\/www.skimo.at\/rennen\/files\/2025\/04\/press-sprint-9-1224x919.jpg 1224w, https:\/\/www.skimo.at\/rennen\/files\/2025\/04\/press-sprint-9-970x728.jpg 970w, https:\/\/www.skimo.at\/rennen\/files\/2025\/04\/press-sprint-9-554x416.jpg 554w, https:\/\/www.skimo.at\/rennen\/files\/2025\/04\/press-sprint-9-124x93.jpg 124w, https:\/\/www.skimo.at\/rennen\/files\/2025\/04\/press-sprint-9.jpg 1920w\" sizes=\"(max-width: 1024px) 100vw, 1024px\" \/><\/a><\/figure><\/li><li class=\"blocks-gallery-item\"><figure><a href=\"https:\/\/www.skimo.at\/rennen\/?attachment_id=305737\"><img loading=\"lazy\" width=\"1024\" height=\"769\" src=\"https:\/\/www.skimo.at\/rennen\/files\/2025\/04\/press-sprint-10-1024x769.jpg\" alt=\"\" data-id=\"305737\" data-full-url=\"https:\/\/www.skimo.at\/rennen\/files\/2025\/04\/press-sprint-10.jpg\" data-link=\"https:\/\/www.skimo.at\/rennen\/?attachment_id=305737\" class=\"wp-image-305737\" srcset=\"https:\/\/www.skimo.at\/rennen\/files\/2025\/04\/press-sprint-10-1024x769.jpg 1024w, https:\/\/www.skimo.at\/rennen\/files\/2025\/04\/press-sprint-10-300x225.jpg 300w, https:\/\/www.skimo.at\/rennen\/files\/2025\/04\/press-sprint-10-768x576.jpg 768w, https:\/\/www.skimo.at\/rennen\/files\/2025\/04\/press-sprint-10-1224x919.jpg 1224w, https:\/\/www.skimo.at\/rennen\/files\/2025\/04\/press-sprint-10-970x728.jpg 970w, https:\/\/www.skimo.at\/rennen\/files\/2025\/04\/press-sprint-10-554x416.jpg 554w, https:\/\/www.skimo.at\/rennen\/files\/2025\/04\/press-sprint-10-124x93.jpg 124w, https:\/\/www.skimo.at\/rennen\/files\/2025\/04\/press-sprint-10.jpg 1920w\" sizes=\"(max-width: 1024px) 100vw, 1024px\" \/><\/a><\/figure><\/li><li class=\"blocks-gallery-item\"><figure><a href=\"https:\/\/www.skimo.at\/rennen\/?attachment_id=305738\"><img loading=\"lazy\" width=\"1024\" height=\"769\" src=\"https:\/\/www.skimo.at\/rennen\/files\/2025\/04\/press-sprint-11-1024x769.jpg\" alt=\"\" data-id=\"305738\" data-full-url=\"https:\/\/www.skimo.at\/rennen\/files\/2025\/04\/press-sprint-11.jpg\" data-link=\"https:\/\/www.skimo.at\/rennen\/?attachment_id=305738\" class=\"wp-image-305738\" srcset=\"https:\/\/www.skimo.at\/rennen\/files\/2025\/04\/press-sprint-11-1024x769.jpg 1024w, https:\/\/www.skimo.at\/rennen\/files\/2025\/04\/press-sprint-11-300x225.jpg 300w, https:\/\/www.skimo.at\/rennen\/files\/2025\/04\/press-sprint-11-768x576.jpg 768w, https:\/\/www.skimo.at\/rennen\/files\/2025\/04\/press-sprint-11-1224x919.jpg 1224w, https:\/\/www.skimo.at\/rennen\/files\/2025\/04\/press-sprint-11-970x728.jpg 970w, https:\/\/www.skimo.at\/rennen\/files\/2025\/04\/press-sprint-11-554x416.jpg 554w, https:\/\/www.skimo.at\/rennen\/files\/2025\/04\/press-sprint-11-124x93.jpg 124w, https:\/\/www.skimo.at\/rennen\/files\/2025\/04\/press-sprint-11.jpg 1920w\" sizes=\"(max-width: 1024px) 100vw, 1024px\" \/><\/a><\/figure><\/li><li class=\"blocks-gallery-item\"><figure><a href=\"https:\/\/www.skimo.at\/rennen\/?attachment_id=305739\"><img loading=\"lazy\" width=\"1024\" height=\"769\" src=\"https:\/\/www.skimo.at\/rennen\/files\/2025\/04\/press-sprint-12-1024x769.jpg\" alt=\"\" data-id=\"305739\" data-full-url=\"https:\/\/www.skimo.at\/rennen\/files\/2025\/04\/press-sprint-12.jpg\" data-link=\"https:\/\/www.skimo.at\/rennen\/?attachment_id=305739\" class=\"wp-image-305739\" srcset=\"https:\/\/www.skimo.at\/rennen\/files\/2025\/04\/press-sprint-12-1024x769.jpg 1024w, https:\/\/www.skimo.at\/rennen\/files\/2025\/04\/press-sprint-12-300x225.jpg 300w, https:\/\/www.skimo.at\/rennen\/files\/2025\/04\/press-sprint-12-768x576.jpg 768w, https:\/\/www.skimo.at\/rennen\/files\/2025\/04\/press-sprint-12-1224x919.jpg 1224w, https:\/\/www.skimo.at\/rennen\/files\/2025\/04\/press-sprint-12-970x728.jpg 970w, https:\/\/www.skimo.at\/rennen\/files\/2025\/04\/press-sprint-12-554x416.jpg 554w, https:\/\/www.skimo.at\/rennen\/files\/2025\/04\/press-sprint-12-124x93.jpg 124w, https:\/\/www.skimo.at\/rennen\/files\/2025\/04\/press-sprint-12.jpg 1920w\" sizes=\"(max-width: 1024px) 100vw, 1024px\" \/><\/a><\/figure><\/li><li class=\"blocks-gallery-item\"><figure><a href=\"https:\/\/www.skimo.at\/rennen\/?attachment_id=305740\"><img loading=\"lazy\" width=\"1024\" height=\"769\" src=\"https:\/\/www.skimo.at\/rennen\/files\/2025\/04\/press-sprint-13-1024x769.jpg\" alt=\"\" data-id=\"305740\" data-full-url=\"https:\/\/www.skimo.at\/rennen\/files\/2025\/04\/press-sprint-13.jpg\" data-link=\"https:\/\/www.skimo.at\/rennen\/?attachment_id=305740\" class=\"wp-image-305740\" srcset=\"https:\/\/www.skimo.at\/rennen\/files\/2025\/04\/press-sprint-13-1024x769.jpg 1024w, https:\/\/www.skimo.at\/rennen\/files\/2025\/04\/press-sprint-13-300x225.jpg 300w, https:\/\/www.skimo.at\/rennen\/files\/2025\/04\/press-sprint-13-768x576.jpg 768w, https:\/\/www.skimo.at\/rennen\/files\/2025\/04\/press-sprint-13-1224x919.jpg 1224w, https:\/\/www.skimo.at\/rennen\/files\/2025\/04\/press-sprint-13-970x728.jpg 970w, https:\/\/www.skimo.at\/rennen\/files\/2025\/04\/press-sprint-13-554x416.jpg 554w, https:\/\/www.skimo.at\/rennen\/files\/2025\/04\/press-sprint-13-124x93.jpg 124w, https:\/\/www.skimo.at\/rennen\/files\/2025\/04\/press-sprint-13.jpg 1920w\" sizes=\"(max-width: 1024px) 100vw, 1024px\" \/><\/a><\/figure><\/li><li class=\"blocks-gallery-item\"><figure><a href=\"https:\/\/www.skimo.at\/rennen\/?attachment_id=305741\"><img loading=\"lazy\" width=\"1024\" height=\"769\" src=\"https:\/\/www.skimo.at\/rennen\/files\/2025\/04\/press-sprint-14-1024x769.jpg\" alt=\"\" data-id=\"305741\" data-full-url=\"https:\/\/www.skimo.at\/rennen\/files\/2025\/04\/press-sprint-14.jpg\" data-link=\"https:\/\/www.skimo.at\/rennen\/?attachment_id=305741\" class=\"wp-image-305741\" srcset=\"https:\/\/www.skimo.at\/rennen\/files\/2025\/04\/press-sprint-14-1024x769.jpg 1024w, https:\/\/www.skimo.at\/rennen\/files\/2025\/04\/press-sprint-14-300x225.jpg 300w, https:\/\/www.skimo.at\/rennen\/files\/2025\/04\/press-sprint-14-768x576.jpg 768w, https:\/\/www.skimo.at\/rennen\/files\/2025\/04\/press-sprint-14-1224x919.jpg 1224w, https:\/\/www.skimo.at\/rennen\/files\/2025\/04\/press-sprint-14-970x728.jpg 970w, https:\/\/www.skimo.at\/rennen\/files\/2025\/04\/press-sprint-14-554x416.jpg 554w, https:\/\/www.skimo.at\/rennen\/files\/2025\/04\/press-sprint-14-124x93.jpg 124w, https:\/\/www.skimo.at\/rennen\/files\/2025\/04\/press-sprint-14.jpg 1920w\" sizes=\"(max-width: 1024px) 100vw, 1024px\" \/><\/a><\/figure><\/li><li class=\"blocks-gallery-item\"><figure><a href=\"https:\/\/www.skimo.at\/rennen\/?attachment_id=305742\"><img loading=\"lazy\" width=\"1024\" height=\"769\" src=\"https:\/\/www.skimo.at\/rennen\/files\/2025\/04\/press-sprint-15-1024x769.jpg\" alt=\"\" data-id=\"305742\" data-full-url=\"https:\/\/www.skimo.at\/rennen\/files\/2025\/04\/press-sprint-15.jpg\" data-link=\"https:\/\/www.skimo.at\/rennen\/?attachment_id=305742\" class=\"wp-image-305742\" srcset=\"https:\/\/www.skimo.at\/rennen\/files\/2025\/04\/press-sprint-15-1024x769.jpg 1024w, https:\/\/www.skimo.at\/rennen\/files\/2025\/04\/press-sprint-15-300x225.jpg 300w, https:\/\/www.skimo.at\/rennen\/files\/2025\/04\/press-sprint-15-768x576.jpg 768w, https:\/\/www.skimo.at\/rennen\/files\/2025\/04\/press-sprint-15-1224x919.jpg 1224w, https:\/\/www.skimo.at\/rennen\/files\/2025\/04\/press-sprint-15-970x728.jpg 970w, https:\/\/www.skimo.at\/rennen\/files\/2025\/04\/press-sprint-15-554x416.jpg 554w, https:\/\/www.skimo.at\/rennen\/files\/2025\/04\/press-sprint-15-124x93.jpg 124w, https:\/\/www.skimo.at\/rennen\/files\/2025\/04\/press-sprint-15.jpg 1920w\" sizes=\"(max-width: 1024px) 100vw, 1024px\" \/><\/a><\/figure><\/li><li class=\"blocks-gallery-item\"><figure><a href=\"https:\/\/www.skimo.at\/rennen\/305724\/sprint-finale-in-tromso-emily-harrop-bleibt-ungeschlagen-thomas-bussard-feiert-seinen-ersten-einzel-weltcupsieg\/press-sprint-16\/\"><img loading=\"lazy\" width=\"1024\" height=\"769\" src=\"https:\/\/www.skimo.at\/rennen\/files\/2025\/04\/press-sprint-16-1024x769.jpg\" alt=\"\" data-id=\"305744\" data-full-url=\"https:\/\/www.skimo.at\/rennen\/files\/2025\/04\/press-sprint-16.jpg\" data-link=\"https:\/\/www.skimo.at\/rennen\/305724\/sprint-finale-in-tromso-emily-harrop-bleibt-ungeschlagen-thomas-bussard-feiert-seinen-ersten-einzel-weltcupsieg\/press-sprint-16\/\" class=\"wp-image-305744\" srcset=\"https:\/\/www.skimo.at\/rennen\/files\/2025\/04\/press-sprint-16-1024x769.jpg 1024w, https:\/\/www.skimo.at\/rennen\/files\/2025\/04\/press-sprint-16-300x225.jpg 300w, https:\/\/www.skimo.at\/rennen\/files\/2025\/04\/press-sprint-16-768x576.jpg 768w, https:\/\/www.skimo.at\/rennen\/files\/2025\/04\/press-sprint-16-1224x919.jpg 1224w, https:\/\/www.skimo.at\/rennen\/files\/2025\/04\/press-sprint-16-970x728.jpg 970w, https:\/\/www.skimo.at\/rennen\/files\/2025\/04\/press-sprint-16-554x416.jpg 554w, https:\/\/www.skimo.at\/rennen\/files\/2025\/04\/press-sprint-16-124x93.jpg 124w, https:\/\/www.skimo.at\/rennen\/files\/2025\/04\/press-sprint-16.jpg 1920w\" sizes=\"(max-width: 1024px) 100vw, 1024px\" \/><\/a><\/figure><\/li><li class=\"blocks-gallery-item\"><figure><a href=\"https:\/\/www.skimo.at\/rennen\/305724\/sprint-finale-in-tromso-emily-harrop-bleibt-ungeschlagen-thomas-bussard-feiert-seinen-ersten-einzel-weltcupsieg\/press-sprint-17\/\"><img loading=\"lazy\" width=\"1024\" height=\"769\" src=\"https:\/\/www.skimo.at\/rennen\/files\/2025\/04\/press-sprint-17-1024x769.jpg\" alt=\"\" data-id=\"305745\" data-full-url=\"https:\/\/www.skimo.at\/rennen\/files\/2025\/04\/press-sprint-17.jpg\" data-link=\"https:\/\/www.skimo.at\/rennen\/305724\/sprint-finale-in-tromso-emily-harrop-bleibt-ungeschlagen-thomas-bussard-feiert-seinen-ersten-einzel-weltcupsieg\/press-sprint-17\/\" class=\"wp-image-305745\" srcset=\"https:\/\/www.skimo.at\/rennen\/files\/2025\/04\/press-sprint-17-1024x769.jpg 1024w, https:\/\/www.skimo.at\/rennen\/files\/2025\/04\/press-sprint-17-300x225.jpg 300w, https:\/\/www.skimo.at\/rennen\/files\/2025\/04\/press-sprint-17-768x576.jpg 768w, https:\/\/www.skimo.at\/rennen\/files\/2025\/04\/press-sprint-17-1224x919.jpg 1224w, https:\/\/www.skimo.at\/rennen\/files\/2025\/04\/press-sprint-17-970x728.jpg 970w, https:\/\/www.skimo.at\/rennen\/files\/2025\/04\/press-sprint-17-554x416.jpg 554w, https:\/\/www.skimo.at\/rennen\/files\/2025\/04\/press-sprint-17-124x93.jpg 124w, https:\/\/www.skimo.at\/rennen\/files\/2025\/04\/press-sprint-17.jpg 1920w\" sizes=\"(max-width: 1024px) 100vw, 1024px\" \/><\/a><\/figure><\/li><li class=\"blocks-gallery-item\"><figure><a href=\"https:\/\/www.skimo.at\/rennen\/305724\/sprint-finale-in-tromso-emily-harrop-bleibt-ungeschlagen-thomas-bussard-feiert-seinen-ersten-einzel-weltcupsieg\/press-sprint-18\/\"><img loading=\"lazy\" width=\"1024\" height=\"769\" src=\"https:\/\/www.skimo.at\/rennen\/files\/2025\/04\/press-sprint-18-1024x769.jpg\" alt=\"\" data-id=\"305746\" data-full-url=\"https:\/\/www.skimo.at\/rennen\/files\/2025\/04\/press-sprint-18.jpg\" data-link=\"https:\/\/www.skimo.at\/rennen\/305724\/sprint-finale-in-tromso-emily-harrop-bleibt-ungeschlagen-thomas-bussard-feiert-seinen-ersten-einzel-weltcupsieg\/press-sprint-18\/\" class=\"wp-image-305746\" srcset=\"https:\/\/www.skimo.at\/rennen\/files\/2025\/04\/press-sprint-18-1024x769.jpg 1024w, https:\/\/www.skimo.at\/rennen\/files\/2025\/04\/press-sprint-18-300x225.jpg 300w, https:\/\/www.skimo.at\/rennen\/files\/2025\/04\/press-sprint-18-768x576.jpg 768w, https:\/\/www.skimo.at\/rennen\/files\/2025\/04\/press-sprint-18-1224x919.jpg 1224w, https:\/\/www.skimo.at\/rennen\/files\/2025\/04\/press-sprint-18-970x728.jpg 970w, https:\/\/www.skimo.at\/rennen\/files\/2025\/04\/press-sprint-18-554x416.jpg 554w, https:\/\/www.skimo.at\/rennen\/files\/2025\/04\/press-sprint-18-124x93.jpg 124w, https:\/\/www.skimo.at\/rennen\/files\/2025\/04\/press-sprint-18.jpg 1920w\" sizes=\"(max-width: 1024px) 100vw, 1024px\" \/><\/a><\/figure><\/li><li class=\"blocks-gallery-item\"><figure><a href=\"https:\/\/www.skimo.at\/rennen\/305724\/sprint-finale-in-tromso-emily-harrop-bleibt-ungeschlagen-thomas-bussard-feiert-seinen-ersten-einzel-weltcupsieg\/press-sprint-19\/\"><img loading=\"lazy\" width=\"769\" height=\"1024\" src=\"https:\/\/www.skimo.at\/rennen\/files\/2025\/04\/press-sprint-19-769x1024.jpg\" alt=\"\" data-id=\"305747\" data-full-url=\"https:\/\/www.skimo.at\/rennen\/files\/2025\/04\/press-sprint-19.jpg\" data-link=\"https:\/\/www.skimo.at\/rennen\/305724\/sprint-finale-in-tromso-emily-harrop-bleibt-ungeschlagen-thomas-bussard-feiert-seinen-ersten-einzel-weltcupsieg\/press-sprint-19\/\" class=\"wp-image-305747\" srcset=\"https:\/\/www.skimo.at\/rennen\/files\/2025\/04\/press-sprint-19-769x1024.jpg 769w, https:\/\/www.skimo.at\/rennen\/files\/2025\/04\/press-sprint-19-225x300.jpg 225w, https:\/\/www.skimo.at\/rennen\/files\/2025\/04\/press-sprint-19-768x1023.jpg 768w, https:\/\/www.skimo.at\/rennen\/files\/2025\/04\/press-sprint-19-1224x1631.jpg 1224w, https:\/\/www.skimo.at\/rennen\/files\/2025\/04\/press-sprint-19-970x1292.jpg 970w, https:\/\/www.skimo.at\/rennen\/files\/2025\/04\/press-sprint-19-554x738.jpg 554w, https:\/\/www.skimo.at\/rennen\/files\/2025\/04\/press-sprint-19-70x93.jpg 70w, https:\/\/www.skimo.at\/rennen\/files\/2025\/04\/press-sprint-19.jpg 1441w\" sizes=\"(max-width: 769px) 100vw, 769px\" \/><\/a><\/figure><\/li><li class=\"blocks-gallery-item\"><figure><a href=\"https:\/\/www.skimo.at\/rennen\/305724\/sprint-finale-in-tromso-emily-harrop-bleibt-ungeschlagen-thomas-bussard-feiert-seinen-ersten-einzel-weltcupsieg\/press-sprint-20\/\"><img loading=\"lazy\" width=\"1024\" height=\"769\" src=\"https:\/\/www.skimo.at\/rennen\/files\/2025\/04\/press-sprint-20-1024x769.jpg\" alt=\"\" data-id=\"305748\" data-full-url=\"https:\/\/www.skimo.at\/rennen\/files\/2025\/04\/press-sprint-20.jpg\" data-link=\"https:\/\/www.skimo.at\/rennen\/305724\/sprint-finale-in-tromso-emily-harrop-bleibt-ungeschlagen-thomas-bussard-feiert-seinen-ersten-einzel-weltcupsieg\/press-sprint-20\/\" class=\"wp-image-305748\" srcset=\"https:\/\/www.skimo.at\/rennen\/files\/2025\/04\/press-sprint-20-1024x769.jpg 1024w, https:\/\/www.skimo.at\/rennen\/files\/2025\/04\/press-sprint-20-300x225.jpg 300w, https:\/\/www.skimo.at\/rennen\/files\/2025\/04\/press-sprint-20-768x576.jpg 768w, https:\/\/www.skimo.at\/rennen\/files\/2025\/04\/press-sprint-20-1224x919.jpg 1224w, https:\/\/www.skimo.at\/rennen\/files\/2025\/04\/press-sprint-20-970x728.jpg 970w, https:\/\/www.skimo.at\/rennen\/files\/2025\/04\/press-sprint-20-554x416.jpg 554w, https:\/\/www.skimo.at\/rennen\/files\/2025\/04\/press-sprint-20-124x93.jpg 124w, https:\/\/www.skimo.at\/rennen\/files\/2025\/04\/press-sprint-20.jpg 1920w\" sizes=\"(max-width: 1024px) 100vw, 1024px\" \/><\/a><\/figure><\/li><li class=\"blocks-gallery-item\"><figure><a href=\"https:\/\/www.skimo.at\/rennen\/305724\/sprint-finale-in-tromso-emily-harrop-bleibt-ungeschlagen-thomas-bussard-feiert-seinen-ersten-einzel-weltcupsieg\/press-sprint-21\/\"><img loading=\"lazy\" width=\"1024\" height=\"769\" src=\"https:\/\/www.skimo.at\/rennen\/files\/2025\/04\/press-sprint-21-1024x769.jpg\" alt=\"\" data-id=\"305749\" data-full-url=\"https:\/\/www.skimo.at\/rennen\/files\/2025\/04\/press-sprint-21.jpg\" data-link=\"https:\/\/www.skimo.at\/rennen\/305724\/sprint-finale-in-tromso-emily-harrop-bleibt-ungeschlagen-thomas-bussard-feiert-seinen-ersten-einzel-weltcupsieg\/press-sprint-21\/\" class=\"wp-image-305749\" srcset=\"https:\/\/www.skimo.at\/rennen\/files\/2025\/04\/press-sprint-21-1024x769.jpg 1024w, https:\/\/www.skimo.at\/rennen\/files\/2025\/04\/press-sprint-21-300x225.jpg 300w, https:\/\/www.skimo.at\/rennen\/files\/2025\/04\/press-sprint-21-768x576.jpg 768w, https:\/\/www.skimo.at\/rennen\/files\/2025\/04\/press-sprint-21-1224x919.jpg 1224w, https:\/\/www.skimo.at\/rennen\/files\/2025\/04\/press-sprint-21-970x728.jpg 970w, https:\/\/www.skimo.at\/rennen\/files\/2025\/04\/press-sprint-21-554x416.jpg 554w, https:\/\/www.skimo.at\/rennen\/files\/2025\/04\/press-sprint-21-124x93.jpg 124w, https:\/\/www.skimo.at\/rennen\/files\/2025\/04\/press-sprint-21.jpg 1920w\" sizes=\"(max-width: 1024px) 100vw, 1024px\" \/><\/a><\/figure><\/li><li class=\"blocks-gallery-item\"><figure><a href=\"https:\/\/www.skimo.at\/rennen\/305724\/sprint-finale-in-tromso-emily-harrop-bleibt-ungeschlagen-thomas-bussard-feiert-seinen-ersten-einzel-weltcupsieg\/press-sprint-22\/\"><img loading=\"lazy\" width=\"769\" height=\"1024\" src=\"https:\/\/www.skimo.at\/rennen\/files\/2025\/04\/press-sprint-22-769x1024.jpg\" alt=\"\" data-id=\"305750\" data-full-url=\"https:\/\/www.skimo.at\/rennen\/files\/2025\/04\/press-sprint-22.jpg\" data-link=\"https:\/\/www.skimo.at\/rennen\/305724\/sprint-finale-in-tromso-emily-harrop-bleibt-ungeschlagen-thomas-bussard-feiert-seinen-ersten-einzel-weltcupsieg\/press-sprint-22\/\" class=\"wp-image-305750\" srcset=\"https:\/\/www.skimo.at\/rennen\/files\/2025\/04\/press-sprint-22-769x1024.jpg 769w, https:\/\/www.skimo.at\/rennen\/files\/2025\/04\/press-sprint-22-225x300.jpg 225w, https:\/\/www.skimo.at\/rennen\/files\/2025\/04\/press-sprint-22-768x1023.jpg 768w, https:\/\/www.skimo.at\/rennen\/files\/2025\/04\/press-sprint-22-1224x1631.jpg 1224w, https:\/\/www.skimo.at\/rennen\/files\/2025\/04\/press-sprint-22-970x1292.jpg 970w, https:\/\/www.skimo.at\/rennen\/files\/2025\/04\/press-sprint-22-554x738.jpg 554w, https:\/\/www.skimo.at\/rennen\/files\/2025\/04\/press-sprint-22-70x93.jpg 70w, https:\/\/www.skimo.at\/rennen\/files\/2025\/04\/press-sprint-22.jpg 1441w\" sizes=\"(max-width: 769px) 100vw, 769px\" \/><\/a><\/figure><\/li><li class=\"blocks-gallery-item\"><figure><a href=\"https:\/\/www.skimo.at\/rennen\/305724\/sprint-finale-in-tromso-emily-harrop-bleibt-ungeschlagen-thomas-bussard-feiert-seinen-ersten-einzel-weltcupsieg\/press-sprint-23\/\"><img loading=\"lazy\" width=\"1024\" height=\"769\" src=\"https:\/\/www.skimo.at\/rennen\/files\/2025\/04\/press-sprint-23-1024x769.jpg\" alt=\"\" data-id=\"305751\" data-full-url=\"https:\/\/www.skimo.at\/rennen\/files\/2025\/04\/press-sprint-23.jpg\" data-link=\"https:\/\/www.skimo.at\/rennen\/305724\/sprint-finale-in-tromso-emily-harrop-bleibt-ungeschlagen-thomas-bussard-feiert-seinen-ersten-einzel-weltcupsieg\/press-sprint-23\/\" class=\"wp-image-305751\" srcset=\"https:\/\/www.skimo.at\/rennen\/files\/2025\/04\/press-sprint-23-1024x769.jpg 1024w, https:\/\/www.skimo.at\/rennen\/files\/2025\/04\/press-sprint-23-300x225.jpg 300w, https:\/\/www.skimo.at\/rennen\/files\/2025\/04\/press-sprint-23-768x576.jpg 768w, https:\/\/www.skimo.at\/rennen\/files\/2025\/04\/press-sprint-23-1224x919.jpg 1224w, https:\/\/www.skimo.at\/rennen\/files\/2025\/04\/press-sprint-23-970x728.jpg 970w, https:\/\/www.skimo.at\/rennen\/files\/2025\/04\/press-sprint-23-554x416.jpg 554w, https:\/\/www.skimo.at\/rennen\/files\/2025\/04\/press-sprint-23-124x93.jpg 124w, https:\/\/www.skimo.at\/rennen\/files\/2025\/04\/press-sprint-23.jpg 1920w\" sizes=\"(max-width: 1024px) 100vw, 1024px\" \/><\/a><\/figure><\/li><\/ul><\/figure>\n","protected":false},"excerpt":{"rendered":"<p>Das heutige Sprintrennen in Troms\u00f8 markierte das gro\u00dfe Finale der ISMF-Weltcupsaison 2024\/25. Nun stehen die endg\u00fcltigen Platzierungen in der Sprint-Disziplin fest! Die Sprintstrecke in Troms\u00f8 umfasste insgesamt 70 H\u00f6henmeter: 45 m im Aufstieg mit Fellen, gefolgt von einem 15 m langen Laufsegment und einem abschlie\u00dfenden 10 m Aufstieg auf Skiern vor der Abfahrt.<\/p>\n","protected":false},"author":3,"featured_media":305737,"comment_status":"closed","ping_status":"closed","sticky":false,"template":"","format":"standard","meta":[],"categories":[1,3],"tags":[],"yoast_head":"<!-- This site is optimized with the Yoast SEO plugin v16.3 - https:\/\/yoast.com\/wordpress\/plugins\/seo\/ -->\n<title>Sprint-Finale in Troms\u00f8 \u2013 Emily Harrop bleibt ungeschlagen, Thomas Bussard feiert seinen ersten Einzel-Weltcupsieg - Rennen<\/title>\n<meta name=\"robots\" content=\"index, follow, max-snippet:-1, max-image-preview:large, max-video-preview:-1\" \/>\n<link rel=\"canonical\" href=\"https:\/\/www.skimo.at\/rennen\/305724\/sprint-finale-in-tromso-emily-harrop-bleibt-ungeschlagen-thomas-bussard-feiert-seinen-ersten-einzel-weltcupsieg\/\" \/>\n<meta property=\"og:locale\" content=\"de_DE\" \/>\n<meta property=\"og:type\" content=\"article\" \/>\n<meta property=\"og:title\" content=\"Sprint-Finale in Troms\u00f8 \u2013 Emily Harrop bleibt ungeschlagen, Thomas Bussard feiert seinen ersten Einzel-Weltcupsieg - Rennen\" \/>\n<meta property=\"og:description\" content=\"Das heutige Sprintrennen in Troms\u00f8 markierte das gro\u00dfe Finale der ISMF-Weltcupsaison 2024\/25. Nun stehen die endg\u00fcltigen Platzierungen in der Sprint-Disziplin fest! Die Sprintstrecke in Troms\u00f8 umfasste insgesamt 70 H\u00f6henmeter: 45 m im Aufstieg mit Fellen, gefolgt von einem 15 m langen Laufsegment und einem abschlie\u00dfenden 10 m Aufstieg auf Skiern vor der Abfahrt.\" \/>\n<meta property=\"og:url\" content=\"https:\/\/www.skimo.at\/rennen\/305724\/sprint-finale-in-tromso-emily-harrop-bleibt-ungeschlagen-thomas-bussard-feiert-seinen-ersten-einzel-weltcupsieg\/\" \/>\n<meta property=\"og:site_name\" content=\"Rennen\" \/>\n<meta property=\"article:published_time\" content=\"2025-04-12T18:57:21+00:00\" \/>\n<meta property=\"article:modified_time\" content=\"2025-04-12T18:58:06+00:00\" \/>\n<meta property=\"og:image\" content=\"https:\/\/www.skimo.at\/rennen\/files\/2025\/04\/press-sprint-10.jpg\" \/>\n\t<meta property=\"og:image:width\" content=\"1920\" \/>\n\t<meta property=\"og:image:height\" content=\"1441\" \/>\n<meta name=\"twitter:card\" content=\"summary\" \/>\n<meta name=\"twitter:label1\" content=\"Gesch\u00e4tzte Lesezeit\">\n\t<meta name=\"twitter:data1\" content=\"8\u00a0Minuten\">\n<script type=\"application\/ld+json\" class=\"yoast-schema-graph\">{\"@context\":\"https:\/\/schema.org\",\"@graph\":[{\"@type\":\"WebSite\",\"@id\":\"https:\/\/skimo.73.jarolim.eu\/rennen\/#website\",\"url\":\"https:\/\/skimo.73.jarolim.eu\/rennen\/\",\"name\":\"Rennen\",\"description\":\"\",\"potentialAction\":[{\"@type\":\"SearchAction\",\"target\":\"https:\/\/skimo.73.jarolim.eu\/rennen\/?s={search_term_string}\",\"query-input\":\"required name=search_term_string\"}],\"inLanguage\":\"de\"},{\"@type\":\"ImageObject\",\"@id\":\"https:\/\/www.skimo.at\/rennen\/305724\/sprint-finale-in-tromso-emily-harrop-bleibt-ungeschlagen-thomas-bussard-feiert-seinen-ersten-einzel-weltcupsieg\/#primaryimage\",\"inLanguage\":\"de\",\"url\":\"https:\/\/www.skimo.at\/rennen\/files\/2025\/04\/press-sprint-10.jpg\",\"contentUrl\":\"https:\/\/www.skimo.at\/rennen\/files\/2025\/04\/press-sprint-10.jpg\",\"width\":1920,\"height\":1441},{\"@type\":\"WebPage\",\"@id\":\"https:\/\/www.skimo.at\/rennen\/305724\/sprint-finale-in-tromso-emily-harrop-bleibt-ungeschlagen-thomas-bussard-feiert-seinen-ersten-einzel-weltcupsieg\/#webpage\",\"url\":\"https:\/\/www.skimo.at\/rennen\/305724\/sprint-finale-in-tromso-emily-harrop-bleibt-ungeschlagen-thomas-bussard-feiert-seinen-ersten-einzel-weltcupsieg\/\",\"name\":\"Sprint-Finale in Troms\\u00f8 \\u2013 Emily Harrop bleibt ungeschlagen, Thomas Bussard feiert seinen ersten Einzel-Weltcupsieg - Rennen\",\"isPartOf\":{\"@id\":\"https:\/\/skimo.73.jarolim.eu\/rennen\/#website\"},\"primaryImageOfPage\":{\"@id\":\"https:\/\/www.skimo.at\/rennen\/305724\/sprint-finale-in-tromso-emily-harrop-bleibt-ungeschlagen-thomas-bussard-feiert-seinen-ersten-einzel-weltcupsieg\/#primaryimage\"},\"datePublished\":\"2025-04-12T18:57:21+00:00\",\"dateModified\":\"2025-04-12T18:58:06+00:00\",\"author\":{\"@id\":\"https:\/\/skimo.73.jarolim.eu\/rennen\/#\/schema\/person\/796ecbce6796efca58bf848ca63ec12c\"},\"breadcrumb\":{\"@id\":\"https:\/\/www.skimo.at\/rennen\/305724\/sprint-finale-in-tromso-emily-harrop-bleibt-ungeschlagen-thomas-bussard-feiert-seinen-ersten-einzel-weltcupsieg\/#breadcrumb\"},\"inLanguage\":\"de\",\"potentialAction\":[{\"@type\":\"ReadAction\",\"target\":[\"https:\/\/www.skimo.at\/rennen\/305724\/sprint-finale-in-tromso-emily-harrop-bleibt-ungeschlagen-thomas-bussard-feiert-seinen-ersten-einzel-weltcupsieg\/\"]}]},{\"@type\":\"BreadcrumbList\",\"@id\":\"https:\/\/www.skimo.at\/rennen\/305724\/sprint-finale-in-tromso-emily-harrop-bleibt-ungeschlagen-thomas-bussard-feiert-seinen-ersten-einzel-weltcupsieg\/#breadcrumb\",\"itemListElement\":[{\"@type\":\"ListItem\",\"position\":1,\"item\":{\"@type\":\"WebPage\",\"@id\":\"https:\/\/skimo.73.jarolim.eu\/rennen\/\",\"url\":\"https:\/\/skimo.73.jarolim.eu\/rennen\/\",\"name\":\"Home\"}},{\"@type\":\"ListItem\",\"position\":2,\"item\":{\"@id\":\"https:\/\/www.skimo.at\/rennen\/305724\/sprint-finale-in-tromso-emily-harrop-bleibt-ungeschlagen-thomas-bussard-feiert-seinen-ersten-einzel-weltcupsieg\/#webpage\"}}]},{\"@type\":\"Person\",\"@id\":\"https:\/\/skimo.73.jarolim.eu\/rennen\/#\/schema\/person\/796ecbce6796efca58bf848ca63ec12c\",\"name\":\"kposch\",\"image\":{\"@type\":\"ImageObject\",\"@id\":\"https:\/\/skimo.73.jarolim.eu\/rennen\/#personlogo\",\"inLanguage\":\"de\",\"url\":\"https:\/\/secure.gravatar.com\/avatar\/e9f5f28da60e5e563d3f4d3cc0b9b425?s=96&r=g\",\"contentUrl\":\"https:\/\/secure.gravatar.com\/avatar\/e9f5f28da60e5e563d3f4d3cc0b9b425?s=96&r=g\",\"caption\":\"kposch\"},\"url\":\"https:\/\/www.skimo.at\/rennen\/author\/kposch\/\"}]}<\/script>\n<!-- \/ Yoast SEO plugin. -->","_links":{"self":[{"href":"https:\/\/www.skimo.at\/rennen\/wp-json\/wp\/v2\/posts\/305724"}],"collection":[{"href":"https:\/\/www.skimo.at\/rennen\/wp-json\/wp\/v2\/posts"}],"about":[{"href":"https:\/\/www.skimo.at\/rennen\/wp-json\/wp\/v2\/types\/post"}],"author":[{"embeddable":true,"href":"https:\/\/www.skimo.at\/rennen\/wp-json\/wp\/v2\/users\/3"}],"replies":[{"embeddable":true,"href":"https:\/\/www.skimo.at\/rennen\/wp-json\/wp\/v2\/comments?post=305724"}],"version-history":[{"count":4,"href":"https:\/\/www.skimo.at\/rennen\/wp-json\/wp\/v2\/posts\/305724\/revisions"}],"predecessor-version":[{"id":305753,"href":"https:\/\/www.skimo.at\/rennen\/wp-json\/wp\/v2\/posts\/305724\/revisions\/305753"}],"wp:featuredmedia":[{"embeddable":true,"href":"https:\/\/www.skimo.at\/rennen\/wp-json\/wp\/v2\/media\/305737"}],"wp:attachment":[{"href":"https:\/\/www.skimo.at\/rennen\/wp-json\/wp\/v2\/media?parent=305724"}],"wp:term":[{"taxonomy":"category","embeddable":true,"href":"https:\/\/www.skimo.at\/rennen\/wp-json\/wp\/v2\/categories?post=305724"},{"taxonomy":"post_tag","embeddable":true,"href":"https:\/\/www.skimo.at\/rennen\/wp-json\/wp\/v2\/tags?post=305724"}],"curies":[{"name":"wp","href":"https:\/\/api.w.org\/{rel}","templated":true}]}}