{"id":305676,"date":"2025-04-07T15:34:10","date_gmt":"2025-04-07T13:34:10","guid":{"rendered":"https:\/\/www.skimo.at\/rennen\/?p=305676"},"modified":"2025-04-07T15:34:10","modified_gmt":"2025-04-07T13:34:10","slug":"adamello-ski-raid-die-franzosen-gachet-und-bon-mardion-siegen-bei-den-frauen-triumphieren-compagnoni-und-moreschini","status":"publish","type":"post","link":"https:\/\/www.skimo.at\/rennen\/305676\/adamello-ski-raid-die-franzosen-gachet-und-bon-mardion-siegen-bei-den-frauen-triumphieren-compagnoni-und-moreschini\/","title":{"rendered":"Adamello Ski Raid: Die Franzosen Gachet und Bon Mardion siegen, bei den Frauen triumphieren Compagnoni und Moreschini"},"content":{"rendered":"\n<p>Die &#8222;Marseillaise&#8220; ert\u00f6nt bei der neunten Ausgabe des Adamello Ski Raid, dem Skitourenrennen, das heuer als zweite Veranstaltung der Saison im internationalen Circuit \u201eLa Grande Course\u201c gilt. Die beiden erfahrenen franz\u00f6sischen Teamkollegen Xavier Gachet und William Bon Mardion \u00fcberquerten als erste die Ziellinie, nachdem sie einen H\u00f6henunterschied von 3.355 Metern und eine Strecke von 40 km, die f\u00fcnf Anstiege, f\u00fcnf Abfahrten und vier Abschnitte zu Fu\u00df beinhaltete, bew\u00e4ltigt hatten. Ihre Zeit betrug 4 Stunden 07&#8242; 57&#8243;. Bei den Frauen sicherten sich die Italienerinnen Giulia Compagnoni aus der Valtellina und Lisa Moreschini aus Trient den Sieg mit einer Zeit von 4 Stunden 04&#8242; 07&#8243; auf einer k\u00fcrzeren Strecke. Der zweite Platz in der M\u00e4nnerwertung ging an die Italiener William Boffelli aus Roncobello und Alex Oberbacher aus Ortisei (4&#8217;32&#8220; R\u00fcckstand), gefolgt von den Franzosen Samuel Equy und Anselme Damevin auf dem dritten Podiumsplatz mit einem R\u00fcckstand von 12&#8217;40&#8220;.<\/p>\n\n\n\n<h2>Das Herrenrennen<\/h2>\n\n\n\n<p>Das alpine Rennen war bereits im ersten Abschnitt spannend, der im Skigebiet Pontedilegno-Tonale bis auf 2.990 Meter H\u00f6he zum Passo Presena f\u00fchrte. Dort erreichten drei Teams fast gleichzeitig den h\u00f6chsten Punkt, darunter die vier Franzosen Samuel Equy und Anselme Damevin sowie Xavier Gachet und William Bon Mardion, dicht gefolgt von den Italienern William Boffelli und Alex Oberbacher. Die Positionen auf dem Podium wurden beim zweiten Anstieg zum Passo della Valletta auf 3.190 Meter und vor allem beim Aufstieg zum Punta Venerocolo, dem h\u00f6chsten Punkt des Rennens mit 3.312 Metern, festgelegt. Hier zogen die erfahrenen Gachet und Bon Mardion das Tempo an und setzten sich von Boffelli und Oberbacher ab, die wiederum Equy und Damevin distanzierten. Die Positionen \u00e4nderten sich auch nicht beim \u00dcbergang zu den 3.307 Metern der Cresta Croce und sp\u00e4ter beim Passo Tre Denti auf 2.996 Metern.<\/p>\n\n\n\n<p>Am Ziel in Ponte di Legno feierten Xavier Gachet, der zum zweiten Mal teilnahm und seinen ersten Sieg beim Adamello Ski Raid errang, und sein Teamkollege William Bon Mardion, der seinen dritten Sieg, den ersten mit Gachet, verzeichnete \u2013 nachdem sie 2023 noch den dritten Platz belegten. Die beiden Athleten des Centro Sportivo Esercito, Matteo Eydallin und Robert Antonioli, belegten nur den vierten Platz, mit einem R\u00fcckstand von 17 Minuten auf die Sieger. Der piemontesische Athlet aus Salice D\u2019Ulzio beging leider einen Kursfehler in der zweiten Abfahrt, was entscheidend f\u00fcr die Podiumsplatzierung war, als sie noch auf dem vierten Platz lagen und wertvolle Minuten beim Wiederaufholen verloren. Trotz intensiven Bem\u00fchens mit dem Teamkollegen aus Valfurva konnten sie den R\u00fcckstand nicht mehr aufholen. Die Zwillinge Jacques Lino und Didier Daio Chanoine aus La Salle (Val d&#8217;Aosta) beendeten das Rennen auf dem f\u00fcnften Platz mit einem R\u00fcckstand von 19&#8217;23&#8220; und schafften es, die starke Kombination von Federico Nicolini aus Molveno (Trentino) und Nadir Maguet aus Torgnon (Val d&#8217;Aosta), die einen nicht ganz optimalen Tag erlebten, hinter sich zu lassen. Diese beiden waren nie wirklich im Kampf um das Podium.<\/p>\n\n\n\n<p>Bestes \u00d6sterreichisches Team waren Patrick und Sandro K\u00f6ck auf Platz 32.<\/p>\n\n\n\n<p>Frankreich platzierte insgesamt neun Athleten unter den ersten Zehn der Herren- und Damenwertung, was die Popularit\u00e4t des von Adamello Ski Team organisierten Events unterstreicht, das Teilnehmer aus 16 Nationen anlockte.<\/p>\n\n\n\n<h2>Das Damenrennen<\/h2>\n\n\n\n<p>Die Frauenkonkurrenz war hingegen eine klare Angelegenheit f\u00fcr die 28-j\u00e4hrige Giulia Compagnoni aus Valfurva (Sondrio) und die 23-j\u00e4hrige Lisa Moreschini aus Pejo (Trentino), die sich von Anfang an an die Spitze setzten und ihren Vorsprung Kilometer f\u00fcr Kilometer ausbauten. Der Sieg war f\u00fcr die beiden Italienerinnen ein gro\u00dfes Vertrauen, nachdem sie in dieser Saison bereits bei verschiedenen Wettbewerben hervorgetreten waren. F\u00fcr Giulia war es der erste Sieg auf der Originalstrecke, der zweite insgesamt und das dritte Podium, w\u00e4hrend es f\u00fcr Lisa der erste Sieg bei einem f\u00fcr sie besonders wichtigen Event war, da es nahe ihrer Heimat stattfand. Das zweite Duo, Lorna Bonnel und Perrine Gindre aus Frankreich, belegte mit einem R\u00fcckstand von 26&#8217;29&#8220; den zweiten Platz, w\u00e4hrend die Tschechin Marcela Vasinova und die \u00d6sterreicherin Bianca Somavilla mit einem R\u00fcckstand von 40 Minuten den dritten Platz belegten.<br>Laura Dahlmeier und Evi Gudelius konnten sich auf Platz 6 bei den Damen einreihen.<\/p>\n\n\n\n<p>In der Mixed-Kategorie triumphierten, ebenfalls mit Start am Passo Paradiso, das Paar Corinna Ghirardi und Paolo Montemezzi, beide wohnhaft in Ponte di Legno, mit einer Zeit von 4h26&#8217;43&#8220;.<\/p>\n\n\n\n<p>F\u00fcr die Organisatoren war es ein Tag zum Feiern, auch aufgrund der erfreulichen Teilnahme von 100 Athleten an der ersten Ausgabe des Experience-Formats und der 1.300 begeisterten Zuschauer, die das Angebot des Konsortiums Pontedilegno-Tonale nutzten, das den kostenlosen Zugang zu den Seilbahnen Paradiso und Presena bei Sonnenaufgang erm\u00f6glichte. Au\u00dferdem motivierten die au\u00dfergew\u00f6hnlichen Wetterbedingungen und die Schneeverh\u00e4ltnisse die Organisatoren, die daraufhin die Fortsetzung des Adamello Ski Raid f\u00fcr 2027 planen.<\/p>\n\n\n\n<h2>Die Ergebnisse<\/h2>\n\n\n\n<div class=\"wp-block-file\"><a href=\"https:\/\/www.skimo.at\/rennen\/files\/2025\/04\/CLASSIFICA_AdamelloSkiRaid_2025.pdf\">CLASSIFICA_AdamelloSkiRaid_2025<\/a><a href=\"https:\/\/www.skimo.at\/rennen\/files\/2025\/04\/CLASSIFICA_AdamelloSkiRaid_2025.pdf\" class=\"wp-block-file__button\" download>Herunterladen<\/a><\/div>\n\n\n\n<h2>Bildergalerie<\/h2>\n\n\n\n<figure class=\"wp-block-gallery columns-3 is-cropped\"><ul class=\"blocks-gallery-grid\"><li class=\"blocks-gallery-item\"><figure><a href=\"https:\/\/www.skimo.at\/rennen\/?attachment_id=305688\"><img loading=\"lazy\" width=\"1024\" height=\"683\" src=\"https:\/\/www.skimo.at\/rennen\/files\/2025\/04\/36006-1-1024x683.jpg\" alt=\"\" data-id=\"305688\" data-full-url=\"https:\/\/www.skimo.at\/rennen\/files\/2025\/04\/36006-1.jpg\" data-link=\"https:\/\/www.skimo.at\/rennen\/?attachment_id=305688\" class=\"wp-image-305688\" srcset=\"https:\/\/www.skimo.at\/rennen\/files\/2025\/04\/36006-1-1024x683.jpg 1024w, https:\/\/www.skimo.at\/rennen\/files\/2025\/04\/36006-1-300x200.jpg 300w, https:\/\/www.skimo.at\/rennen\/files\/2025\/04\/36006-1-768x512.jpg 768w, https:\/\/www.skimo.at\/rennen\/files\/2025\/04\/36006-1-746x497.jpg 746w, https:\/\/www.skimo.at\/rennen\/files\/2025\/04\/36006-1-618x412.jpg 618w, https:\/\/www.skimo.at\/rennen\/files\/2025\/04\/36006-1-554x370.jpg 554w, https:\/\/www.skimo.at\/rennen\/files\/2025\/04\/36006-1-299x199.jpg 299w, https:\/\/www.skimo.at\/rennen\/files\/2025\/04\/36006-1-1224x817.jpg 1224w, https:\/\/www.skimo.at\/rennen\/files\/2025\/04\/36006-1-970x647.jpg 970w, https:\/\/www.skimo.at\/rennen\/files\/2025\/04\/36006-1-139x93.jpg 139w, https:\/\/www.skimo.at\/rennen\/files\/2025\/04\/36006-1-540x360.jpg 540w, https:\/\/www.skimo.at\/rennen\/files\/2025\/04\/36006-1.jpg 1920w\" sizes=\"(max-width: 1024px) 100vw, 1024px\" \/><\/a><\/figure><\/li><li class=\"blocks-gallery-item\"><figure><a href=\"https:\/\/www.skimo.at\/rennen\/?attachment_id=305689\"><img loading=\"lazy\" width=\"1024\" height=\"683\" src=\"https:\/\/www.skimo.at\/rennen\/files\/2025\/04\/36007-1-1024x683.jpg\" alt=\"\" data-id=\"305689\" data-full-url=\"https:\/\/www.skimo.at\/rennen\/files\/2025\/04\/36007-1.jpg\" data-link=\"https:\/\/www.skimo.at\/rennen\/?attachment_id=305689\" class=\"wp-image-305689\" srcset=\"https:\/\/www.skimo.at\/rennen\/files\/2025\/04\/36007-1-1024x683.jpg 1024w, https:\/\/www.skimo.at\/rennen\/files\/2025\/04\/36007-1-300x200.jpg 300w, https:\/\/www.skimo.at\/rennen\/files\/2025\/04\/36007-1-768x512.jpg 768w, https:\/\/www.skimo.at\/rennen\/files\/2025\/04\/36007-1-746x497.jpg 746w, https:\/\/www.skimo.at\/rennen\/files\/2025\/04\/36007-1-618x412.jpg 618w, https:\/\/www.skimo.at\/rennen\/files\/2025\/04\/36007-1-554x370.jpg 554w, https:\/\/www.skimo.at\/rennen\/files\/2025\/04\/36007-1-299x199.jpg 299w, https:\/\/www.skimo.at\/rennen\/files\/2025\/04\/36007-1-1224x817.jpg 1224w, https:\/\/www.skimo.at\/rennen\/files\/2025\/04\/36007-1-970x647.jpg 970w, https:\/\/www.skimo.at\/rennen\/files\/2025\/04\/36007-1-139x93.jpg 139w, https:\/\/www.skimo.at\/rennen\/files\/2025\/04\/36007-1-540x360.jpg 540w, https:\/\/www.skimo.at\/rennen\/files\/2025\/04\/36007-1.jpg 1920w\" sizes=\"(max-width: 1024px) 100vw, 1024px\" \/><\/a><\/figure><\/li><li class=\"blocks-gallery-item\"><figure><a href=\"https:\/\/www.skimo.at\/rennen\/?attachment_id=305690\"><img loading=\"lazy\" width=\"1024\" height=\"683\" src=\"https:\/\/www.skimo.at\/rennen\/files\/2025\/04\/36011-1-1024x683.jpg\" alt=\"\" data-id=\"305690\" data-full-url=\"https:\/\/www.skimo.at\/rennen\/files\/2025\/04\/36011-1.jpg\" data-link=\"https:\/\/www.skimo.at\/rennen\/?attachment_id=305690\" class=\"wp-image-305690\" srcset=\"https:\/\/www.skimo.at\/rennen\/files\/2025\/04\/36011-1-1024x683.jpg 1024w, https:\/\/www.skimo.at\/rennen\/files\/2025\/04\/36011-1-300x200.jpg 300w, https:\/\/www.skimo.at\/rennen\/files\/2025\/04\/36011-1-768x512.jpg 768w, https:\/\/www.skimo.at\/rennen\/files\/2025\/04\/36011-1-746x497.jpg 746w, https:\/\/www.skimo.at\/rennen\/files\/2025\/04\/36011-1-618x412.jpg 618w, https:\/\/www.skimo.at\/rennen\/files\/2025\/04\/36011-1-554x370.jpg 554w, https:\/\/www.skimo.at\/rennen\/files\/2025\/04\/36011-1-299x199.jpg 299w, https:\/\/www.skimo.at\/rennen\/files\/2025\/04\/36011-1-1224x817.jpg 1224w, https:\/\/www.skimo.at\/rennen\/files\/2025\/04\/36011-1-970x647.jpg 970w, https:\/\/www.skimo.at\/rennen\/files\/2025\/04\/36011-1-139x93.jpg 139w, https:\/\/www.skimo.at\/rennen\/files\/2025\/04\/36011-1-540x360.jpg 540w, https:\/\/www.skimo.at\/rennen\/files\/2025\/04\/36011-1.jpg 1920w\" sizes=\"(max-width: 1024px) 100vw, 1024px\" \/><\/a><\/figure><\/li><li class=\"blocks-gallery-item\"><figure><a href=\"https:\/\/www.skimo.at\/rennen\/?attachment_id=305691\"><img loading=\"lazy\" width=\"1024\" height=\"683\" src=\"https:\/\/www.skimo.at\/rennen\/files\/2025\/04\/36012-1024x683.jpg\" alt=\"\" data-id=\"305691\" data-full-url=\"https:\/\/www.skimo.at\/rennen\/files\/2025\/04\/36012.jpg\" data-link=\"https:\/\/www.skimo.at\/rennen\/?attachment_id=305691\" class=\"wp-image-305691\" srcset=\"https:\/\/www.skimo.at\/rennen\/files\/2025\/04\/36012-1024x683.jpg 1024w, https:\/\/www.skimo.at\/rennen\/files\/2025\/04\/36012-300x200.jpg 300w, https:\/\/www.skimo.at\/rennen\/files\/2025\/04\/36012-768x512.jpg 768w, https:\/\/www.skimo.at\/rennen\/files\/2025\/04\/36012-746x497.jpg 746w, https:\/\/www.skimo.at\/rennen\/files\/2025\/04\/36012-618x412.jpg 618w, https:\/\/www.skimo.at\/rennen\/files\/2025\/04\/36012-554x369.jpg 554w, https:\/\/www.skimo.at\/rennen\/files\/2025\/04\/36012-299x199.jpg 299w, https:\/\/www.skimo.at\/rennen\/files\/2025\/04\/36012-1224x816.jpg 1224w, https:\/\/www.skimo.at\/rennen\/files\/2025\/04\/36012-970x647.jpg 970w, https:\/\/www.skimo.at\/rennen\/files\/2025\/04\/36012-140x93.jpg 140w, https:\/\/www.skimo.at\/rennen\/files\/2025\/04\/36012-540x360.jpg 540w, https:\/\/www.skimo.at\/rennen\/files\/2025\/04\/36012.jpg 1920w\" sizes=\"(max-width: 1024px) 100vw, 1024px\" \/><\/a><\/figure><\/li><li class=\"blocks-gallery-item\"><figure><a href=\"https:\/\/www.skimo.at\/rennen\/?attachment_id=305692\"><img loading=\"lazy\" width=\"1024\" height=\"683\" src=\"https:\/\/www.skimo.at\/rennen\/files\/2025\/04\/36015-1024x683.jpg\" alt=\"\" data-id=\"305692\" data-full-url=\"https:\/\/www.skimo.at\/rennen\/files\/2025\/04\/36015.jpg\" data-link=\"https:\/\/www.skimo.at\/rennen\/?attachment_id=305692\" class=\"wp-image-305692\" srcset=\"https:\/\/www.skimo.at\/rennen\/files\/2025\/04\/36015-1024x683.jpg 1024w, https:\/\/www.skimo.at\/rennen\/files\/2025\/04\/36015-300x200.jpg 300w, https:\/\/www.skimo.at\/rennen\/files\/2025\/04\/36015-768x512.jpg 768w, https:\/\/www.skimo.at\/rennen\/files\/2025\/04\/36015-746x497.jpg 746w, https:\/\/www.skimo.at\/rennen\/files\/2025\/04\/36015-618x412.jpg 618w, https:\/\/www.skimo.at\/rennen\/files\/2025\/04\/36015-554x369.jpg 554w, https:\/\/www.skimo.at\/rennen\/files\/2025\/04\/36015-299x199.jpg 299w, https:\/\/www.skimo.at\/rennen\/files\/2025\/04\/36015-1224x816.jpg 1224w, https:\/\/www.skimo.at\/rennen\/files\/2025\/04\/36015-970x647.jpg 970w, https:\/\/www.skimo.at\/rennen\/files\/2025\/04\/36015-140x93.jpg 140w, https:\/\/www.skimo.at\/rennen\/files\/2025\/04\/36015-540x360.jpg 540w, https:\/\/www.skimo.at\/rennen\/files\/2025\/04\/36015.jpg 1920w\" sizes=\"(max-width: 1024px) 100vw, 1024px\" \/><\/a><\/figure><\/li><li class=\"blocks-gallery-item\"><figure><a href=\"https:\/\/www.skimo.at\/rennen\/?attachment_id=305693\"><img loading=\"lazy\" width=\"1024\" height=\"683\" src=\"https:\/\/www.skimo.at\/rennen\/files\/2025\/04\/36017-1-1024x683.jpg\" alt=\"\" data-id=\"305693\" data-full-url=\"https:\/\/www.skimo.at\/rennen\/files\/2025\/04\/36017-1.jpg\" data-link=\"https:\/\/www.skimo.at\/rennen\/?attachment_id=305693\" class=\"wp-image-305693\" srcset=\"https:\/\/www.skimo.at\/rennen\/files\/2025\/04\/36017-1-1024x683.jpg 1024w, https:\/\/www.skimo.at\/rennen\/files\/2025\/04\/36017-1-300x200.jpg 300w, https:\/\/www.skimo.at\/rennen\/files\/2025\/04\/36017-1-768x512.jpg 768w, https:\/\/www.skimo.at\/rennen\/files\/2025\/04\/36017-1-746x497.jpg 746w, https:\/\/www.skimo.at\/rennen\/files\/2025\/04\/36017-1-618x412.jpg 618w, https:\/\/www.skimo.at\/rennen\/files\/2025\/04\/36017-1-554x369.jpg 554w, https:\/\/www.skimo.at\/rennen\/files\/2025\/04\/36017-1-299x199.jpg 299w, https:\/\/www.skimo.at\/rennen\/files\/2025\/04\/36017-1-1224x816.jpg 1224w, https:\/\/www.skimo.at\/rennen\/files\/2025\/04\/36017-1-970x647.jpg 970w, https:\/\/www.skimo.at\/rennen\/files\/2025\/04\/36017-1-140x93.jpg 140w, https:\/\/www.skimo.at\/rennen\/files\/2025\/04\/36017-1-540x360.jpg 540w, https:\/\/www.skimo.at\/rennen\/files\/2025\/04\/36017-1.jpg 1920w\" sizes=\"(max-width: 1024px) 100vw, 1024px\" \/><\/a><\/figure><\/li><li class=\"blocks-gallery-item\"><figure><a href=\"https:\/\/www.skimo.at\/rennen\/?attachment_id=305694\"><img loading=\"lazy\" width=\"1024\" height=\"683\" src=\"https:\/\/www.skimo.at\/rennen\/files\/2025\/04\/36018-1024x683.jpg\" alt=\"\" data-id=\"305694\" data-full-url=\"https:\/\/www.skimo.at\/rennen\/files\/2025\/04\/36018.jpg\" data-link=\"https:\/\/www.skimo.at\/rennen\/?attachment_id=305694\" class=\"wp-image-305694\" srcset=\"https:\/\/www.skimo.at\/rennen\/files\/2025\/04\/36018-1024x683.jpg 1024w, https:\/\/www.skimo.at\/rennen\/files\/2025\/04\/36018-300x200.jpg 300w, https:\/\/www.skimo.at\/rennen\/files\/2025\/04\/36018-768x512.jpg 768w, https:\/\/www.skimo.at\/rennen\/files\/2025\/04\/36018-746x497.jpg 746w, https:\/\/www.skimo.at\/rennen\/files\/2025\/04\/36018-618x412.jpg 618w, https:\/\/www.skimo.at\/rennen\/files\/2025\/04\/36018-554x369.jpg 554w, https:\/\/www.skimo.at\/rennen\/files\/2025\/04\/36018-299x199.jpg 299w, https:\/\/www.skimo.at\/rennen\/files\/2025\/04\/36018-1224x816.jpg 1224w, https:\/\/www.skimo.at\/rennen\/files\/2025\/04\/36018-970x647.jpg 970w, https:\/\/www.skimo.at\/rennen\/files\/2025\/04\/36018-140x93.jpg 140w, https:\/\/www.skimo.at\/rennen\/files\/2025\/04\/36018-540x360.jpg 540w, https:\/\/www.skimo.at\/rennen\/files\/2025\/04\/36018.jpg 1920w\" sizes=\"(max-width: 1024px) 100vw, 1024px\" \/><\/a><\/figure><\/li><li class=\"blocks-gallery-item\"><figure><a href=\"https:\/\/www.skimo.at\/rennen\/?attachment_id=305695\"><img loading=\"lazy\" width=\"1024\" height=\"683\" src=\"https:\/\/www.skimo.at\/rennen\/files\/2025\/04\/36019-1-1024x683.jpg\" alt=\"\" data-id=\"305695\" data-full-url=\"https:\/\/www.skimo.at\/rennen\/files\/2025\/04\/36019-1.jpg\" data-link=\"https:\/\/www.skimo.at\/rennen\/?attachment_id=305695\" class=\"wp-image-305695\" srcset=\"https:\/\/www.skimo.at\/rennen\/files\/2025\/04\/36019-1-1024x683.jpg 1024w, https:\/\/www.skimo.at\/rennen\/files\/2025\/04\/36019-1-300x200.jpg 300w, https:\/\/www.skimo.at\/rennen\/files\/2025\/04\/36019-1-768x512.jpg 768w, https:\/\/www.skimo.at\/rennen\/files\/2025\/04\/36019-1-746x497.jpg 746w, https:\/\/www.skimo.at\/rennen\/files\/2025\/04\/36019-1-618x412.jpg 618w, https:\/\/www.skimo.at\/rennen\/files\/2025\/04\/36019-1-554x369.jpg 554w, https:\/\/www.skimo.at\/rennen\/files\/2025\/04\/36019-1-299x199.jpg 299w, https:\/\/www.skimo.at\/rennen\/files\/2025\/04\/36019-1-1224x816.jpg 1224w, https:\/\/www.skimo.at\/rennen\/files\/2025\/04\/36019-1-970x647.jpg 970w, https:\/\/www.skimo.at\/rennen\/files\/2025\/04\/36019-1-140x93.jpg 140w, https:\/\/www.skimo.at\/rennen\/files\/2025\/04\/36019-1-540x360.jpg 540w, https:\/\/www.skimo.at\/rennen\/files\/2025\/04\/36019-1.jpg 1920w\" sizes=\"(max-width: 1024px) 100vw, 1024px\" \/><\/a><\/figure><\/li><li class=\"blocks-gallery-item\"><figure><a href=\"https:\/\/www.skimo.at\/rennen\/?attachment_id=305696\"><img loading=\"lazy\" width=\"1024\" height=\"683\" src=\"https:\/\/www.skimo.at\/rennen\/files\/2025\/04\/36020-1024x683.jpg\" alt=\"\" data-id=\"305696\" data-full-url=\"https:\/\/www.skimo.at\/rennen\/files\/2025\/04\/36020.jpg\" data-link=\"https:\/\/www.skimo.at\/rennen\/?attachment_id=305696\" class=\"wp-image-305696\" srcset=\"https:\/\/www.skimo.at\/rennen\/files\/2025\/04\/36020-1024x683.jpg 1024w, https:\/\/www.skimo.at\/rennen\/files\/2025\/04\/36020-300x200.jpg 300w, https:\/\/www.skimo.at\/rennen\/files\/2025\/04\/36020-768x512.jpg 768w, https:\/\/www.skimo.at\/rennen\/files\/2025\/04\/36020-746x497.jpg 746w, https:\/\/www.skimo.at\/rennen\/files\/2025\/04\/36020-618x412.jpg 618w, https:\/\/www.skimo.at\/rennen\/files\/2025\/04\/36020-554x370.jpg 554w, https:\/\/www.skimo.at\/rennen\/files\/2025\/04\/36020-299x199.jpg 299w, https:\/\/www.skimo.at\/rennen\/files\/2025\/04\/36020-1224x817.jpg 1224w, https:\/\/www.skimo.at\/rennen\/files\/2025\/04\/36020-970x647.jpg 970w, https:\/\/www.skimo.at\/rennen\/files\/2025\/04\/36020-139x93.jpg 139w, https:\/\/www.skimo.at\/rennen\/files\/2025\/04\/36020-540x360.jpg 540w, https:\/\/www.skimo.at\/rennen\/files\/2025\/04\/36020.jpg 1920w\" sizes=\"(max-width: 1024px) 100vw, 1024px\" \/><\/a><\/figure><\/li><li class=\"blocks-gallery-item\"><figure><a href=\"https:\/\/www.skimo.at\/rennen\/?attachment_id=305697\"><img loading=\"lazy\" width=\"1024\" height=\"683\" src=\"https:\/\/www.skimo.at\/rennen\/files\/2025\/04\/36022-1024x683.jpg\" alt=\"\" data-id=\"305697\" data-full-url=\"https:\/\/www.skimo.at\/rennen\/files\/2025\/04\/36022.jpg\" data-link=\"https:\/\/www.skimo.at\/rennen\/?attachment_id=305697\" class=\"wp-image-305697\" srcset=\"https:\/\/www.skimo.at\/rennen\/files\/2025\/04\/36022-1024x683.jpg 1024w, https:\/\/www.skimo.at\/rennen\/files\/2025\/04\/36022-300x200.jpg 300w, https:\/\/www.skimo.at\/rennen\/files\/2025\/04\/36022-768x512.jpg 768w, https:\/\/www.skimo.at\/rennen\/files\/2025\/04\/36022-746x497.jpg 746w, https:\/\/www.skimo.at\/rennen\/files\/2025\/04\/36022-618x412.jpg 618w, https:\/\/www.skimo.at\/rennen\/files\/2025\/04\/36022-554x370.jpg 554w, https:\/\/www.skimo.at\/rennen\/files\/2025\/04\/36022-299x199.jpg 299w, https:\/\/www.skimo.at\/rennen\/files\/2025\/04\/36022-1224x817.jpg 1224w, https:\/\/www.skimo.at\/rennen\/files\/2025\/04\/36022-970x647.jpg 970w, https:\/\/www.skimo.at\/rennen\/files\/2025\/04\/36022-139x93.jpg 139w, https:\/\/www.skimo.at\/rennen\/files\/2025\/04\/36022-540x360.jpg 540w, https:\/\/www.skimo.at\/rennen\/files\/2025\/04\/36022.jpg 1920w\" sizes=\"(max-width: 1024px) 100vw, 1024px\" \/><\/a><\/figure><\/li><li class=\"blocks-gallery-item\"><figure><a href=\"https:\/\/www.skimo.at\/rennen\/?attachment_id=305698\"><img loading=\"lazy\" width=\"1024\" height=\"683\" src=\"https:\/\/www.skimo.at\/rennen\/files\/2025\/04\/36041-1-1024x683.jpg\" alt=\"\" data-id=\"305698\" data-full-url=\"https:\/\/www.skimo.at\/rennen\/files\/2025\/04\/36041-1.jpg\" data-link=\"https:\/\/www.skimo.at\/rennen\/?attachment_id=305698\" class=\"wp-image-305698\" srcset=\"https:\/\/www.skimo.at\/rennen\/files\/2025\/04\/36041-1-1024x683.jpg 1024w, https:\/\/www.skimo.at\/rennen\/files\/2025\/04\/36041-1-300x200.jpg 300w, https:\/\/www.skimo.at\/rennen\/files\/2025\/04\/36041-1-768x512.jpg 768w, https:\/\/www.skimo.at\/rennen\/files\/2025\/04\/36041-1-746x497.jpg 746w, https:\/\/www.skimo.at\/rennen\/files\/2025\/04\/36041-1-618x412.jpg 618w, https:\/\/www.skimo.at\/rennen\/files\/2025\/04\/36041-1-554x369.jpg 554w, https:\/\/www.skimo.at\/rennen\/files\/2025\/04\/36041-1-299x199.jpg 299w, https:\/\/www.skimo.at\/rennen\/files\/2025\/04\/36041-1-1224x816.jpg 1224w, https:\/\/www.skimo.at\/rennen\/files\/2025\/04\/36041-1-970x647.jpg 970w, https:\/\/www.skimo.at\/rennen\/files\/2025\/04\/36041-1-140x93.jpg 140w, https:\/\/www.skimo.at\/rennen\/files\/2025\/04\/36041-1-540x360.jpg 540w, https:\/\/www.skimo.at\/rennen\/files\/2025\/04\/36041-1.jpg 1920w\" sizes=\"(max-width: 1024px) 100vw, 1024px\" \/><\/a><\/figure><\/li><li class=\"blocks-gallery-item\"><figure><a href=\"https:\/\/www.skimo.at\/rennen\/?attachment_id=305699\"><img loading=\"lazy\" width=\"1024\" height=\"683\" src=\"https:\/\/www.skimo.at\/rennen\/files\/2025\/04\/36042-1-1024x683.jpg\" alt=\"\" data-id=\"305699\" data-full-url=\"https:\/\/www.skimo.at\/rennen\/files\/2025\/04\/36042-1.jpg\" data-link=\"https:\/\/www.skimo.at\/rennen\/?attachment_id=305699\" class=\"wp-image-305699\" srcset=\"https:\/\/www.skimo.at\/rennen\/files\/2025\/04\/36042-1-1024x683.jpg 1024w, https:\/\/www.skimo.at\/rennen\/files\/2025\/04\/36042-1-300x200.jpg 300w, https:\/\/www.skimo.at\/rennen\/files\/2025\/04\/36042-1-768x512.jpg 768w, https:\/\/www.skimo.at\/rennen\/files\/2025\/04\/36042-1-746x497.jpg 746w, https:\/\/www.skimo.at\/rennen\/files\/2025\/04\/36042-1-618x412.jpg 618w, https:\/\/www.skimo.at\/rennen\/files\/2025\/04\/36042-1-554x369.jpg 554w, https:\/\/www.skimo.at\/rennen\/files\/2025\/04\/36042-1-299x199.jpg 299w, https:\/\/www.skimo.at\/rennen\/files\/2025\/04\/36042-1-1224x816.jpg 1224w, https:\/\/www.skimo.at\/rennen\/files\/2025\/04\/36042-1-970x647.jpg 970w, https:\/\/www.skimo.at\/rennen\/files\/2025\/04\/36042-1-140x93.jpg 140w, https:\/\/www.skimo.at\/rennen\/files\/2025\/04\/36042-1-540x360.jpg 540w, https:\/\/www.skimo.at\/rennen\/files\/2025\/04\/36042-1.jpg 1920w\" sizes=\"(max-width: 1024px) 100vw, 1024px\" \/><\/a><\/figure><\/li><li class=\"blocks-gallery-item\"><figure><a href=\"https:\/\/www.skimo.at\/rennen\/?attachment_id=305700\"><img loading=\"lazy\" width=\"1024\" height=\"683\" src=\"https:\/\/www.skimo.at\/rennen\/files\/2025\/04\/36046-1-1024x683.jpg\" alt=\"\" data-id=\"305700\" data-full-url=\"https:\/\/www.skimo.at\/rennen\/files\/2025\/04\/36046-1.jpg\" data-link=\"https:\/\/www.skimo.at\/rennen\/?attachment_id=305700\" class=\"wp-image-305700\" srcset=\"https:\/\/www.skimo.at\/rennen\/files\/2025\/04\/36046-1-1024x683.jpg 1024w, https:\/\/www.skimo.at\/rennen\/files\/2025\/04\/36046-1-300x200.jpg 300w, https:\/\/www.skimo.at\/rennen\/files\/2025\/04\/36046-1-768x512.jpg 768w, https:\/\/www.skimo.at\/rennen\/files\/2025\/04\/36046-1-746x497.jpg 746w, https:\/\/www.skimo.at\/rennen\/files\/2025\/04\/36046-1-618x412.jpg 618w, https:\/\/www.skimo.at\/rennen\/files\/2025\/04\/36046-1-554x369.jpg 554w, https:\/\/www.skimo.at\/rennen\/files\/2025\/04\/36046-1-299x199.jpg 299w, https:\/\/www.skimo.at\/rennen\/files\/2025\/04\/36046-1-1224x816.jpg 1224w, https:\/\/www.skimo.at\/rennen\/files\/2025\/04\/36046-1-970x647.jpg 970w, https:\/\/www.skimo.at\/rennen\/files\/2025\/04\/36046-1-140x93.jpg 140w, https:\/\/www.skimo.at\/rennen\/files\/2025\/04\/36046-1-540x360.jpg 540w, https:\/\/www.skimo.at\/rennen\/files\/2025\/04\/36046-1.jpg 1920w\" sizes=\"(max-width: 1024px) 100vw, 1024px\" \/><\/a><\/figure><\/li><li class=\"blocks-gallery-item\"><figure><a href=\"https:\/\/www.skimo.at\/rennen\/?attachment_id=305701\"><img loading=\"lazy\" width=\"1024\" height=\"683\" src=\"https:\/\/www.skimo.at\/rennen\/files\/2025\/04\/36047-1-1024x683.jpg\" alt=\"\" data-id=\"305701\" data-full-url=\"https:\/\/www.skimo.at\/rennen\/files\/2025\/04\/36047-1.jpg\" data-link=\"https:\/\/www.skimo.at\/rennen\/?attachment_id=305701\" class=\"wp-image-305701\" srcset=\"https:\/\/www.skimo.at\/rennen\/files\/2025\/04\/36047-1-1024x683.jpg 1024w, https:\/\/www.skimo.at\/rennen\/files\/2025\/04\/36047-1-300x200.jpg 300w, https:\/\/www.skimo.at\/rennen\/files\/2025\/04\/36047-1-768x512.jpg 768w, https:\/\/www.skimo.at\/rennen\/files\/2025\/04\/36047-1-746x497.jpg 746w, https:\/\/www.skimo.at\/rennen\/files\/2025\/04\/36047-1-618x412.jpg 618w, https:\/\/www.skimo.at\/rennen\/files\/2025\/04\/36047-1-554x369.jpg 554w, https:\/\/www.skimo.at\/rennen\/files\/2025\/04\/36047-1-299x199.jpg 299w, https:\/\/www.skimo.at\/rennen\/files\/2025\/04\/36047-1-1224x816.jpg 1224w, https:\/\/www.skimo.at\/rennen\/files\/2025\/04\/36047-1-970x647.jpg 970w, https:\/\/www.skimo.at\/rennen\/files\/2025\/04\/36047-1-140x93.jpg 140w, https:\/\/www.skimo.at\/rennen\/files\/2025\/04\/36047-1-540x360.jpg 540w, https:\/\/www.skimo.at\/rennen\/files\/2025\/04\/36047-1.jpg 1920w\" sizes=\"(max-width: 1024px) 100vw, 1024px\" \/><\/a><\/figure><\/li><li class=\"blocks-gallery-item\"><figure><a href=\"https:\/\/www.skimo.at\/rennen\/?attachment_id=305702\"><img loading=\"lazy\" width=\"1024\" height=\"683\" src=\"https:\/\/www.skimo.at\/rennen\/files\/2025\/04\/36050-1-1024x683.jpg\" alt=\"\" data-id=\"305702\" data-full-url=\"https:\/\/www.skimo.at\/rennen\/files\/2025\/04\/36050-1.jpg\" data-link=\"https:\/\/www.skimo.at\/rennen\/?attachment_id=305702\" class=\"wp-image-305702\" srcset=\"https:\/\/www.skimo.at\/rennen\/files\/2025\/04\/36050-1-1024x683.jpg 1024w, https:\/\/www.skimo.at\/rennen\/files\/2025\/04\/36050-1-300x200.jpg 300w, https:\/\/www.skimo.at\/rennen\/files\/2025\/04\/36050-1-768x512.jpg 768w, https:\/\/www.skimo.at\/rennen\/files\/2025\/04\/36050-1-746x497.jpg 746w, https:\/\/www.skimo.at\/rennen\/files\/2025\/04\/36050-1-618x412.jpg 618w, https:\/\/www.skimo.at\/rennen\/files\/2025\/04\/36050-1-554x369.jpg 554w, https:\/\/www.skimo.at\/rennen\/files\/2025\/04\/36050-1-299x199.jpg 299w, https:\/\/www.skimo.at\/rennen\/files\/2025\/04\/36050-1-1224x816.jpg 1224w, https:\/\/www.skimo.at\/rennen\/files\/2025\/04\/36050-1-970x647.jpg 970w, https:\/\/www.skimo.at\/rennen\/files\/2025\/04\/36050-1-140x93.jpg 140w, https:\/\/www.skimo.at\/rennen\/files\/2025\/04\/36050-1-540x360.jpg 540w, https:\/\/www.skimo.at\/rennen\/files\/2025\/04\/36050-1.jpg 1920w\" sizes=\"(max-width: 1024px) 100vw, 1024px\" \/><\/a><\/figure><\/li><\/ul><\/figure>\n","protected":false},"excerpt":{"rendered":"<p>Die &#8222;Marseillaise&#8220; ert\u00f6nt bei der neunten Ausgabe des Adamello Ski Raid, dem Skitourenrennen, das heuer als zweite Veranstaltung der Saison im internationalen Circuit \u201eLa Grande Course\u201c gilt. Die beiden erfahrenen franz\u00f6sischen Teamkollegen Xavier Gachet und William Bon Mardion \u00fcberquerten als erste die Ziellinie, nachdem sie einen H\u00f6henunterschied von 3.355 Metern und eine Strecke von 40 [&hellip;]<\/p>\n","protected":false},"author":3,"featured_media":305700,"comment_status":"closed","ping_status":"closed","sticky":false,"template":"","format":"standard","meta":[],"categories":[1,3],"tags":[],"yoast_head":"<!-- This site is optimized with the Yoast SEO plugin v16.3 - https:\/\/yoast.com\/wordpress\/plugins\/seo\/ -->\n<title>Adamello Ski Raid: Die Franzosen Gachet und Bon Mardion siegen, bei den Frauen triumphieren Compagnoni und Moreschini - Rennen<\/title>\n<meta name=\"robots\" content=\"index, follow, max-snippet:-1, max-image-preview:large, max-video-preview:-1\" \/>\n<link rel=\"canonical\" href=\"https:\/\/www.skimo.at\/rennen\/305676\/adamello-ski-raid-die-franzosen-gachet-und-bon-mardion-siegen-bei-den-frauen-triumphieren-compagnoni-und-moreschini\/\" \/>\n<meta property=\"og:locale\" content=\"de_DE\" \/>\n<meta property=\"og:type\" content=\"article\" \/>\n<meta property=\"og:title\" content=\"Adamello Ski Raid: Die Franzosen Gachet und Bon Mardion siegen, bei den Frauen triumphieren Compagnoni und Moreschini - Rennen\" \/>\n<meta property=\"og:description\" content=\"Die &#8222;Marseillaise&#8220; ert\u00f6nt bei der neunten Ausgabe des Adamello Ski Raid, dem Skitourenrennen, das heuer als zweite Veranstaltung der Saison im internationalen Circuit \u201eLa Grande Course\u201c gilt. Die beiden erfahrenen franz\u00f6sischen Teamkollegen Xavier Gachet und William Bon Mardion \u00fcberquerten als erste die Ziellinie, nachdem sie einen H\u00f6henunterschied von 3.355 Metern und eine Strecke von 40 [&hellip;]\" \/>\n<meta property=\"og:url\" content=\"https:\/\/www.skimo.at\/rennen\/305676\/adamello-ski-raid-die-franzosen-gachet-und-bon-mardion-siegen-bei-den-frauen-triumphieren-compagnoni-und-moreschini\/\" \/>\n<meta property=\"og:site_name\" content=\"Rennen\" \/>\n<meta property=\"article:published_time\" content=\"2025-04-07T13:34:10+00:00\" \/>\n<meta property=\"og:image\" content=\"https:\/\/www.skimo.at\/rennen\/files\/2025\/04\/36046-1.jpg\" \/>\n\t<meta property=\"og:image:width\" content=\"1920\" \/>\n\t<meta property=\"og:image:height\" content=\"1280\" \/>\n<meta name=\"twitter:card\" content=\"summary\" \/>\n<meta name=\"twitter:label1\" content=\"Gesch\u00e4tzte Lesezeit\">\n\t<meta name=\"twitter:data1\" content=\"7\u00a0Minuten\">\n<script type=\"application\/ld+json\" class=\"yoast-schema-graph\">{\"@context\":\"https:\/\/schema.org\",\"@graph\":[{\"@type\":\"WebSite\",\"@id\":\"https:\/\/skimo.73.jarolim.eu\/rennen\/#website\",\"url\":\"https:\/\/skimo.73.jarolim.eu\/rennen\/\",\"name\":\"Rennen\",\"description\":\"\",\"potentialAction\":[{\"@type\":\"SearchAction\",\"target\":\"https:\/\/skimo.73.jarolim.eu\/rennen\/?s={search_term_string}\",\"query-input\":\"required name=search_term_string\"}],\"inLanguage\":\"de\"},{\"@type\":\"ImageObject\",\"@id\":\"https:\/\/www.skimo.at\/rennen\/305676\/adamello-ski-raid-die-franzosen-gachet-und-bon-mardion-siegen-bei-den-frauen-triumphieren-compagnoni-und-moreschini\/#primaryimage\",\"inLanguage\":\"de\",\"url\":\"https:\/\/www.skimo.at\/rennen\/files\/2025\/04\/36046-1.jpg\",\"contentUrl\":\"https:\/\/www.skimo.at\/rennen\/files\/2025\/04\/36046-1.jpg\",\"width\":1920,\"height\":1280},{\"@type\":\"WebPage\",\"@id\":\"https:\/\/www.skimo.at\/rennen\/305676\/adamello-ski-raid-die-franzosen-gachet-und-bon-mardion-siegen-bei-den-frauen-triumphieren-compagnoni-und-moreschini\/#webpage\",\"url\":\"https:\/\/www.skimo.at\/rennen\/305676\/adamello-ski-raid-die-franzosen-gachet-und-bon-mardion-siegen-bei-den-frauen-triumphieren-compagnoni-und-moreschini\/\",\"name\":\"Adamello Ski Raid: Die Franzosen Gachet und Bon Mardion siegen, bei den Frauen triumphieren Compagnoni und Moreschini - Rennen\",\"isPartOf\":{\"@id\":\"https:\/\/skimo.73.jarolim.eu\/rennen\/#website\"},\"primaryImageOfPage\":{\"@id\":\"https:\/\/www.skimo.at\/rennen\/305676\/adamello-ski-raid-die-franzosen-gachet-und-bon-mardion-siegen-bei-den-frauen-triumphieren-compagnoni-und-moreschini\/#primaryimage\"},\"datePublished\":\"2025-04-07T13:34:10+00:00\",\"dateModified\":\"2025-04-07T13:34:10+00:00\",\"author\":{\"@id\":\"https:\/\/skimo.73.jarolim.eu\/rennen\/#\/schema\/person\/796ecbce6796efca58bf848ca63ec12c\"},\"breadcrumb\":{\"@id\":\"https:\/\/www.skimo.at\/rennen\/305676\/adamello-ski-raid-die-franzosen-gachet-und-bon-mardion-siegen-bei-den-frauen-triumphieren-compagnoni-und-moreschini\/#breadcrumb\"},\"inLanguage\":\"de\",\"potentialAction\":[{\"@type\":\"ReadAction\",\"target\":[\"https:\/\/www.skimo.at\/rennen\/305676\/adamello-ski-raid-die-franzosen-gachet-und-bon-mardion-siegen-bei-den-frauen-triumphieren-compagnoni-und-moreschini\/\"]}]},{\"@type\":\"BreadcrumbList\",\"@id\":\"https:\/\/www.skimo.at\/rennen\/305676\/adamello-ski-raid-die-franzosen-gachet-und-bon-mardion-siegen-bei-den-frauen-triumphieren-compagnoni-und-moreschini\/#breadcrumb\",\"itemListElement\":[{\"@type\":\"ListItem\",\"position\":1,\"item\":{\"@type\":\"WebPage\",\"@id\":\"https:\/\/skimo.73.jarolim.eu\/rennen\/\",\"url\":\"https:\/\/skimo.73.jarolim.eu\/rennen\/\",\"name\":\"Home\"}},{\"@type\":\"ListItem\",\"position\":2,\"item\":{\"@id\":\"https:\/\/www.skimo.at\/rennen\/305676\/adamello-ski-raid-die-franzosen-gachet-und-bon-mardion-siegen-bei-den-frauen-triumphieren-compagnoni-und-moreschini\/#webpage\"}}]},{\"@type\":\"Person\",\"@id\":\"https:\/\/skimo.73.jarolim.eu\/rennen\/#\/schema\/person\/796ecbce6796efca58bf848ca63ec12c\",\"name\":\"kposch\",\"image\":{\"@type\":\"ImageObject\",\"@id\":\"https:\/\/skimo.73.jarolim.eu\/rennen\/#personlogo\",\"inLanguage\":\"de\",\"url\":\"https:\/\/secure.gravatar.com\/avatar\/e9f5f28da60e5e563d3f4d3cc0b9b425?s=96&r=g\",\"contentUrl\":\"https:\/\/secure.gravatar.com\/avatar\/e9f5f28da60e5e563d3f4d3cc0b9b425?s=96&r=g\",\"caption\":\"kposch\"},\"url\":\"https:\/\/www.skimo.at\/rennen\/author\/kposch\/\"}]}<\/script>\n<!-- \/ Yoast SEO plugin. -->","_links":{"self":[{"href":"https:\/\/www.skimo.at\/rennen\/wp-json\/wp\/v2\/posts\/305676"}],"collection":[{"href":"https:\/\/www.skimo.at\/rennen\/wp-json\/wp\/v2\/posts"}],"about":[{"href":"https:\/\/www.skimo.at\/rennen\/wp-json\/wp\/v2\/types\/post"}],"author":[{"embeddable":true,"href":"https:\/\/www.skimo.at\/rennen\/wp-json\/wp\/v2\/users\/3"}],"replies":[{"embeddable":true,"href":"https:\/\/www.skimo.at\/rennen\/wp-json\/wp\/v2\/comments?post=305676"}],"version-history":[{"count":2,"href":"https:\/\/www.skimo.at\/rennen\/wp-json\/wp\/v2\/posts\/305676\/revisions"}],"predecessor-version":[{"id":305704,"href":"https:\/\/www.skimo.at\/rennen\/wp-json\/wp\/v2\/posts\/305676\/revisions\/305704"}],"wp:featuredmedia":[{"embeddable":true,"href":"https:\/\/www.skimo.at\/rennen\/wp-json\/wp\/v2\/media\/305700"}],"wp:attachment":[{"href":"https:\/\/www.skimo.at\/rennen\/wp-json\/wp\/v2\/media?parent=305676"}],"wp:term":[{"taxonomy":"category","embeddable":true,"href":"https:\/\/www.skimo.at\/rennen\/wp-json\/wp\/v2\/categories?post=305676"},{"taxonomy":"post_tag","embeddable":true,"href":"https:\/\/www.skimo.at\/rennen\/wp-json\/wp\/v2\/tags?post=305676"}],"curies":[{"name":"wp","href":"https:\/\/api.w.org\/{rel}","templated":true}]}}