{"id":305628,"date":"2025-03-30T18:24:57","date_gmt":"2025-03-30T16:24:57","guid":{"rendered":"https:\/\/www.skimo.at\/rennen\/?p=305628"},"modified":"2025-04-01T15:00:19","modified_gmt":"2025-04-01T13:00:19","slug":"saisonfinale-in-frankreich-silber-fuer-oesterreich-und-deutschland-italien-gewinnt-die-nationenwertung","status":"publish","type":"post","link":"https:\/\/www.skimo.at\/rennen\/305628\/saisonfinale-in-frankreich-silber-fuer-oesterreich-und-deutschland-italien-gewinnt-die-nationenwertung\/","title":{"rendered":"Jugend-Saisonfinale in Frankreich: Silber f\u00fcr \u00d6sterreich und Deutschland, Italien gewinnt die Nationenwertung"},"content":{"rendered":"\n<p>Der letzte Tag der Weltcup-Finals fand bei perfekten Wetterbedingungen statt. Bei sonnigem und warmem Wetter wurde die Konkurrenz im Pelvoux Ski Resort ausgetragen, einem idealen Ort f\u00fcr das Vertikalrennen. Mit einer konstant steilen Strecke vom Start bis zum Ziel bot der Kurs die perfekte B\u00fchne f\u00fcr junge Athleten, um vor der Saisonpause zu gl\u00e4nzen, ihre letzten Punkte f\u00fcr die Gesamtwertung zu sichern und zur Platzierung ihrer Nationen beizutragen.<\/p>\n\n\n\n<p><strong>Rennh\u00f6hepunkte<\/strong><\/p>\n\n\n\n<ul><li><strong>U20 Frauen (9:00 Uhr)<\/strong> \u2013 Chinas Yuzhen Cidan dominierte erneut und lie\u00df ihren Rivalinnen keine Chance. Auf dem zweiten Platz sicherte sich Silvia Boscacci (ITA) einen starken Rhythmus und einen komfortablen Vorsprung vor Camille Maupoix (FRA), die den dritten Platz belegte. Maupoix\u2019 Podiumsplatz reichte aus, um sich den Gesamtweltcup-Titel zu sichern und eine unglaubliche Saison zu kr\u00f6nen, in der sie in allen Disziplinen konstant blieb.<\/li><li><strong>U18 M\u00e4nner (9:25 Uhr)<\/strong> \u2013 Gongsong Langjia (CHN) war erneut nicht zu stoppen und gewann mit einem deutlichen Vorsprung. Dahinter sicherte sich Moritz Bauregger (GER) den zweiten Platz und holte gen\u00fcgend Punkte, um den Gesamtweltcup-Titel zu gewinnen. Das Duell um Platz drei war hart umk\u00e4mpft zwischen Aron Rodal Haugen (NOR) und Paul Sulpice (FRA), wobei Haugen in einem spannenden Sprintfinish den letzten Platz auf dem Podium eroberte.<\/li><li><strong>U18 Frauen (9:50 Uhr)<\/strong> \u2013 Nach ihrem R\u00fcckzug aus dem Einzelrennen zeigte Ani Pumu (CHN) eine herausragende Leistung und siegte. Giorgia Pollini (ITA) belegte den zweiten Platz, w\u00e4hrend Teresa Schivalocchi (ITA) den dritten Platz erreichte. Pollinis Ergebnis reichte aus, um sich den Gesamtweltcup-Titel in ihrer ersten Saison zu sichern.<\/li><li><strong>U20 M\u00e4nner (10:15 Uhr)<\/strong> \u2013 Das letzte Rennen des Tages bot ein spannendes Duell zwischen Bi Yuxin (CHN) und Silvano Wolf (AUT). Wolf f\u00fchrte anfangs, aber Bi setzte sich in der Mitte des Rennens durch und sicherte sich den Sieg. Beide Athleten gaben alles im Kampf um den ersten Platz, doch der chinesische Skifahrer setzte sich durch. Oscar Tonietti (ITA) vervollst\u00e4ndigte das Podium auf dem dritten Platz, w\u00e4hrend sein Teamkollege Lorenzo Milesi den f\u00fcnften Platz belegte und genug Punkte f\u00fcr den Gesamtweltcup-Titel holte.<\/li><\/ul>\n\n\n\n<p><strong>TOP 3 U20 M\u00e4nner<\/strong><br>\u2022 Yuxin Bi, CHN, 19:52<br>\u2022 Silvano Wolf, AUT, 19:58 (+0:06)<br>\u2022 Oscar Tonietti, ITA, 20:08 (+0:16)<\/p>\n\n\n\n<figure class=\"wp-block-image size-large\"><a href=\"https:\/\/www.skimo.at\/rennen\/files\/2025\/03\/bild-2-scaled.jpg\"><img loading=\"lazy\" width=\"1024\" height=\"683\" src=\"https:\/\/www.skimo.at\/rennen\/files\/2025\/03\/bild-2-1024x683.jpg\" alt=\"\" class=\"wp-image-305629\" srcset=\"https:\/\/www.skimo.at\/rennen\/files\/2025\/03\/bild-2-1024x683.jpg 1024w, https:\/\/www.skimo.at\/rennen\/files\/2025\/03\/bild-2-300x200.jpg 300w, https:\/\/www.skimo.at\/rennen\/files\/2025\/03\/bild-2-768x512.jpg 768w, https:\/\/www.skimo.at\/rennen\/files\/2025\/03\/bild-2-746x497.jpg 746w, https:\/\/www.skimo.at\/rennen\/files\/2025\/03\/bild-2-618x412.jpg 618w, https:\/\/www.skimo.at\/rennen\/files\/2025\/03\/bild-2-554x369.jpg 554w, https:\/\/www.skimo.at\/rennen\/files\/2025\/03\/bild-2-299x199.jpg 299w, https:\/\/www.skimo.at\/rennen\/files\/2025\/03\/bild-2-1224x816.jpg 1224w, https:\/\/www.skimo.at\/rennen\/files\/2025\/03\/bild-2-970x647.jpg 970w, https:\/\/www.skimo.at\/rennen\/files\/2025\/03\/bild-2-140x93.jpg 140w, https:\/\/www.skimo.at\/rennen\/files\/2025\/03\/bild-2-540x360.jpg 540w\" sizes=\"(max-width: 1024px) 100vw, 1024px\" \/><\/a><figcaption>Silvano Wolf auf Platz 2<\/figcaption><\/figure>\n\n\n\n<p><strong>TOP 3 U20 Frauen<\/strong><br>\u2022 Yuzhen Cidan, CHN, 18:43<br>\u2022 Silvia Boscacci, ITA, 19:18 (+0:35)<br>\u2022 Camille Maupoix, FRA, 19:28 (+0:45)<\/p>\n\n\n\n<p><strong>TOP 3 U18 M\u00e4nner<\/strong><br>\u2022 Gongsong Langjia, CHN, 16:05<br>\u2022 Moritz Bauregger, GER, 16:17 (+0:12)<br>\u2022 Aron Rodal Haugen, NOR, 16:28 (+0:23)<\/p>\n\n\n\n<figure class=\"wp-block-image size-large\"><a href=\"https:\/\/www.skimo.at\/rennen\/files\/2025\/03\/bild-3-scaled.jpg\"><img loading=\"lazy\" width=\"1024\" height=\"683\" src=\"https:\/\/www.skimo.at\/rennen\/files\/2025\/03\/bild-3-1024x683.jpg\" alt=\"\" class=\"wp-image-305630\" srcset=\"https:\/\/www.skimo.at\/rennen\/files\/2025\/03\/bild-3-1024x683.jpg 1024w, https:\/\/www.skimo.at\/rennen\/files\/2025\/03\/bild-3-300x200.jpg 300w, https:\/\/www.skimo.at\/rennen\/files\/2025\/03\/bild-3-768x512.jpg 768w, https:\/\/www.skimo.at\/rennen\/files\/2025\/03\/bild-3-746x497.jpg 746w, https:\/\/www.skimo.at\/rennen\/files\/2025\/03\/bild-3-618x412.jpg 618w, https:\/\/www.skimo.at\/rennen\/files\/2025\/03\/bild-3-554x369.jpg 554w, https:\/\/www.skimo.at\/rennen\/files\/2025\/03\/bild-3-299x199.jpg 299w, https:\/\/www.skimo.at\/rennen\/files\/2025\/03\/bild-3-1224x816.jpg 1224w, https:\/\/www.skimo.at\/rennen\/files\/2025\/03\/bild-3-970x647.jpg 970w, https:\/\/www.skimo.at\/rennen\/files\/2025\/03\/bild-3-140x93.jpg 140w, https:\/\/www.skimo.at\/rennen\/files\/2025\/03\/bild-3-540x360.jpg 540w\" sizes=\"(max-width: 1024px) 100vw, 1024px\" \/><\/a><figcaption>Moritz Bauregger auf Platz 2<\/figcaption><\/figure>\n\n\n\n<p><strong>TOP 3 U18 Frauen<\/strong><br>\u2022 Ani Pumu, CHN, 19:48<br>\u2022 Giorgia Pollini, ITA, 20:31 (+0:43)<br>\u2022 Teresa Schivalocchi, ITA, 20:34 (+0:46)<\/p>\n\n\n\n<p><strong>ISMF Youth World Cup Finale &#8211; Vertikalstrecke<\/strong><br>Die U18 M\u00e4nner, U18 Frauen und U20 Frauen starteten alle am gleichen Punkt und beendeten das Rennen an der Spitze des Pelvoux Saint Antoine Sessellifts. Sie mussten einen H\u00f6henunterschied von 440 m \u00fcberwinden, mit dem Ziel am oberen Ende der Station. Die U20 M\u00e4nner starteten etwas weiter unten, was eine zus\u00e4tzliche Herausforderung darstellte und eine Gesamtanstiegsh\u00f6he von 510 m bedeutete.<br>F\u00fcr die U18- und U20-Frauen waren die ersten 200 m ein steiler Anstieg, gefolgt von einem 100 m flacheren Abschnitt mit einigen Kurven, bevor sie den Wald verlie\u00dfen. Die letzten 100 m beinhalteten einen steilen ersten Abschnitt von 50 m, der dann abflachte \u2013 ein perfektes Terrain f\u00fcr Angriffe in letzter Minute und Positions\u00e4nderungen. Die zus\u00e4tzlichen Meter der U20 M\u00e4nner beinhalteten einen steilen Abschnitt im Wald, bevor sie zur Hauptstrecke zur\u00fcckkehrten.<\/p>\n\n\n\n<p><strong>Ergebnisse<\/strong><br>Unter <a href=\"https:\/\/as2pic.org\/evenements\/ismf-ywc-pelvoux-vertical-race\/\">diesem Link<\/a> geht es zu den Ergebnissen des Vertikalrennens<\/p>\n\n\n\n<p><strong>Saisonabschluss<\/strong><br>Es war ein fantastisches Saisonfinale in den franz\u00f6sischen Alpen, bei dem auch die finalen nationalen Ranglisten festgelegt wurden. Die Schweiz, die als bestplatzierte Nation angereist war, belegte den dritten Platz, w\u00e4hrend China den zweiten Platz sicherte. Das bestplatzierte Team der Saison war Italien, was zeigt, dass die n\u00e4chste Generation italienischer Athleten eine vielversprechende Zukunft hat.<br>Dieses Youth World Cup Finale hob auch das beeindruckende Wachstum des Skibergsteigens (Skimo hervor, mit mehr als 100 Athleten aus 21 Nationen, die auf h\u00f6chstem Niveau antraten. Die steigende weltweite Teilnahme spiegelt die wachsende Beliebtheit des Sports und eine vielversprechende Zukunft auf internationaler Ebene wider.<\/p>\n\n\n\n<p><strong>TOP 3 Gesamtwertung Nationen<\/strong><br>\u2022 Italien, 3026 Punkte<br>\u2022 China, 2232 Punkte<br>\u2022 Schweiz, 2052 Punkte<\/p>\n\n\n\n<p><strong>TOP 3 U20 Gesamtwertung M\u00e4nner<\/strong><br>\u2022 Lorenzo Milesi, ITA, 656 Punkte<br>\u2022 Silvano Wolf, AUT, 560 Punkte<br>\u2022 Luca Curioni, ITA, 558 Punkte<\/p>\n\n\n\n<p><strong>TOP 3 U20 Gesamtwertung Frauen<\/strong><br>\u2022 Camille Maupoix, FRA, 721 Punkte<br>\u2022 Helena Euringer, GER, 633 Punkte<br>\u2022 Silvia Boscacci, ITA, 590 Punkte<\/p>\n\n\n\n<p><strong>TOP 3 U18 Gesamtwertung M\u00e4nner<\/strong><br>\u2022 Moritz Bauregger, GER, 673 Punkte<br>\u2022 Kilian Rettensteiner, AUT, 613 Punkte<br>\u2022 Gongsong Langjia, CHN, 590 Punkte<\/p>\n\n\n\n<p><strong>TOP 3 U18 Gesamtwertung Frauen<\/strong><br>\u2022 Giorgia Pollini, ITA, 822 Punkte<br>\u2022 Teresa Schivalocchi, ITA, 692 Punkte<br>\u2022 Elena Beatrice Boboc, ROU, 600 Punkte<\/p>\n\n\n\n<p><strong>Bevorstehende ISMF-Wettbewerbe:<\/strong><\/p>\n\n\n\n<p><strong>ISMF Weltcups<\/strong><br>4.-5. April 2025 \u2013 Villars-sur-Ollon, SUI \u2013 Sprint &amp; Mixed Relay<br>10.-13. April 2025 \u2013 Troms\u00f8, NOR \u2013 Vertikal, Sprint &amp; Einzel<\/p>\n","protected":false},"excerpt":{"rendered":"<p>Der letzte Tag der Weltcup-Finals fand bei perfekten Wetterbedingungen statt. Bei sonnigem und warmem Wetter wurde die Konkurrenz im Pelvoux Ski Resort ausgetragen, einem idealen Ort f\u00fcr das Vertikalrennen. Mit einer konstant steilen Strecke vom Start bis zum Ziel bot der Kurs die perfekte B\u00fchne f\u00fcr junge Athleten, um vor der Saisonpause zu gl\u00e4nzen, ihre [&hellip;]<\/p>\n","protected":false},"author":3,"featured_media":305631,"comment_status":"closed","ping_status":"closed","sticky":false,"template":"","format":"standard","meta":[],"categories":[1,3],"tags":[],"yoast_head":"<!-- This site is optimized with the Yoast SEO plugin v16.3 - https:\/\/yoast.com\/wordpress\/plugins\/seo\/ -->\n<title>Jugend-Saisonfinale in Frankreich: Silber f\u00fcr \u00d6sterreich und Deutschland, Italien gewinnt die Nationenwertung - Rennen<\/title>\n<meta name=\"robots\" content=\"index, follow, max-snippet:-1, max-image-preview:large, max-video-preview:-1\" \/>\n<link rel=\"canonical\" href=\"https:\/\/www.skimo.at\/rennen\/305628\/saisonfinale-in-frankreich-silber-fuer-oesterreich-und-deutschland-italien-gewinnt-die-nationenwertung\/\" \/>\n<meta property=\"og:locale\" content=\"de_DE\" \/>\n<meta property=\"og:type\" content=\"article\" \/>\n<meta property=\"og:title\" content=\"Jugend-Saisonfinale in Frankreich: Silber f\u00fcr \u00d6sterreich und Deutschland, Italien gewinnt die Nationenwertung - Rennen\" \/>\n<meta property=\"og:description\" content=\"Der letzte Tag der Weltcup-Finals fand bei perfekten Wetterbedingungen statt. Bei sonnigem und warmem Wetter wurde die Konkurrenz im Pelvoux Ski Resort ausgetragen, einem idealen Ort f\u00fcr das Vertikalrennen. Mit einer konstant steilen Strecke vom Start bis zum Ziel bot der Kurs die perfekte B\u00fchne f\u00fcr junge Athleten, um vor der Saisonpause zu gl\u00e4nzen, ihre [&hellip;]\" \/>\n<meta property=\"og:url\" content=\"https:\/\/www.skimo.at\/rennen\/305628\/saisonfinale-in-frankreich-silber-fuer-oesterreich-und-deutschland-italien-gewinnt-die-nationenwertung\/\" \/>\n<meta property=\"og:site_name\" content=\"Rennen\" \/>\n<meta property=\"article:published_time\" content=\"2025-03-30T16:24:57+00:00\" \/>\n<meta property=\"article:modified_time\" content=\"2025-04-01T13:00:19+00:00\" \/>\n<meta property=\"og:image\" content=\"https:\/\/www.skimo.at\/rennen\/files\/2025\/03\/bild-1-scaled.jpg\" \/>\n\t<meta property=\"og:image:width\" content=\"2560\" \/>\n\t<meta property=\"og:image:height\" content=\"1706\" \/>\n<meta name=\"twitter:card\" content=\"summary\" \/>\n<meta name=\"twitter:label1\" content=\"Gesch\u00e4tzte Lesezeit\">\n\t<meta name=\"twitter:data1\" content=\"4\u00a0Minuten\">\n<script type=\"application\/ld+json\" class=\"yoast-schema-graph\">{\"@context\":\"https:\/\/schema.org\",\"@graph\":[{\"@type\":\"WebSite\",\"@id\":\"https:\/\/skimo.73.jarolim.eu\/rennen\/#website\",\"url\":\"https:\/\/skimo.73.jarolim.eu\/rennen\/\",\"name\":\"Rennen\",\"description\":\"\",\"potentialAction\":[{\"@type\":\"SearchAction\",\"target\":\"https:\/\/skimo.73.jarolim.eu\/rennen\/?s={search_term_string}\",\"query-input\":\"required name=search_term_string\"}],\"inLanguage\":\"de\"},{\"@type\":\"ImageObject\",\"@id\":\"https:\/\/www.skimo.at\/rennen\/305628\/saisonfinale-in-frankreich-silber-fuer-oesterreich-und-deutschland-italien-gewinnt-die-nationenwertung\/#primaryimage\",\"inLanguage\":\"de\",\"url\":\"https:\/\/www.skimo.at\/rennen\/files\/2025\/03\/bild-1-scaled.jpg\",\"contentUrl\":\"https:\/\/www.skimo.at\/rennen\/files\/2025\/03\/bild-1-scaled.jpg\",\"width\":2560,\"height\":1706},{\"@type\":\"WebPage\",\"@id\":\"https:\/\/www.skimo.at\/rennen\/305628\/saisonfinale-in-frankreich-silber-fuer-oesterreich-und-deutschland-italien-gewinnt-die-nationenwertung\/#webpage\",\"url\":\"https:\/\/www.skimo.at\/rennen\/305628\/saisonfinale-in-frankreich-silber-fuer-oesterreich-und-deutschland-italien-gewinnt-die-nationenwertung\/\",\"name\":\"Jugend-Saisonfinale in Frankreich: Silber f\\u00fcr \\u00d6sterreich und Deutschland, Italien gewinnt die Nationenwertung - Rennen\",\"isPartOf\":{\"@id\":\"https:\/\/skimo.73.jarolim.eu\/rennen\/#website\"},\"primaryImageOfPage\":{\"@id\":\"https:\/\/www.skimo.at\/rennen\/305628\/saisonfinale-in-frankreich-silber-fuer-oesterreich-und-deutschland-italien-gewinnt-die-nationenwertung\/#primaryimage\"},\"datePublished\":\"2025-03-30T16:24:57+00:00\",\"dateModified\":\"2025-04-01T13:00:19+00:00\",\"author\":{\"@id\":\"https:\/\/skimo.73.jarolim.eu\/rennen\/#\/schema\/person\/796ecbce6796efca58bf848ca63ec12c\"},\"breadcrumb\":{\"@id\":\"https:\/\/www.skimo.at\/rennen\/305628\/saisonfinale-in-frankreich-silber-fuer-oesterreich-und-deutschland-italien-gewinnt-die-nationenwertung\/#breadcrumb\"},\"inLanguage\":\"de\",\"potentialAction\":[{\"@type\":\"ReadAction\",\"target\":[\"https:\/\/www.skimo.at\/rennen\/305628\/saisonfinale-in-frankreich-silber-fuer-oesterreich-und-deutschland-italien-gewinnt-die-nationenwertung\/\"]}]},{\"@type\":\"BreadcrumbList\",\"@id\":\"https:\/\/www.skimo.at\/rennen\/305628\/saisonfinale-in-frankreich-silber-fuer-oesterreich-und-deutschland-italien-gewinnt-die-nationenwertung\/#breadcrumb\",\"itemListElement\":[{\"@type\":\"ListItem\",\"position\":1,\"item\":{\"@type\":\"WebPage\",\"@id\":\"https:\/\/skimo.73.jarolim.eu\/rennen\/\",\"url\":\"https:\/\/skimo.73.jarolim.eu\/rennen\/\",\"name\":\"Home\"}},{\"@type\":\"ListItem\",\"position\":2,\"item\":{\"@id\":\"https:\/\/www.skimo.at\/rennen\/305628\/saisonfinale-in-frankreich-silber-fuer-oesterreich-und-deutschland-italien-gewinnt-die-nationenwertung\/#webpage\"}}]},{\"@type\":\"Person\",\"@id\":\"https:\/\/skimo.73.jarolim.eu\/rennen\/#\/schema\/person\/796ecbce6796efca58bf848ca63ec12c\",\"name\":\"kposch\",\"image\":{\"@type\":\"ImageObject\",\"@id\":\"https:\/\/skimo.73.jarolim.eu\/rennen\/#personlogo\",\"inLanguage\":\"de\",\"url\":\"https:\/\/secure.gravatar.com\/avatar\/e9f5f28da60e5e563d3f4d3cc0b9b425?s=96&r=g\",\"contentUrl\":\"https:\/\/secure.gravatar.com\/avatar\/e9f5f28da60e5e563d3f4d3cc0b9b425?s=96&r=g\",\"caption\":\"kposch\"},\"url\":\"https:\/\/www.skimo.at\/rennen\/author\/kposch\/\"}]}<\/script>\n<!-- \/ Yoast SEO plugin. -->","_links":{"self":[{"href":"https:\/\/www.skimo.at\/rennen\/wp-json\/wp\/v2\/posts\/305628"}],"collection":[{"href":"https:\/\/www.skimo.at\/rennen\/wp-json\/wp\/v2\/posts"}],"about":[{"href":"https:\/\/www.skimo.at\/rennen\/wp-json\/wp\/v2\/types\/post"}],"author":[{"embeddable":true,"href":"https:\/\/www.skimo.at\/rennen\/wp-json\/wp\/v2\/users\/3"}],"replies":[{"embeddable":true,"href":"https:\/\/www.skimo.at\/rennen\/wp-json\/wp\/v2\/comments?post=305628"}],"version-history":[{"count":2,"href":"https:\/\/www.skimo.at\/rennen\/wp-json\/wp\/v2\/posts\/305628\/revisions"}],"predecessor-version":[{"id":305634,"href":"https:\/\/www.skimo.at\/rennen\/wp-json\/wp\/v2\/posts\/305628\/revisions\/305634"}],"wp:featuredmedia":[{"embeddable":true,"href":"https:\/\/www.skimo.at\/rennen\/wp-json\/wp\/v2\/media\/305631"}],"wp:attachment":[{"href":"https:\/\/www.skimo.at\/rennen\/wp-json\/wp\/v2\/media?parent=305628"}],"wp:term":[{"taxonomy":"category","embeddable":true,"href":"https:\/\/www.skimo.at\/rennen\/wp-json\/wp\/v2\/categories?post=305628"},{"taxonomy":"post_tag","embeddable":true,"href":"https:\/\/www.skimo.at\/rennen\/wp-json\/wp\/v2\/tags?post=305628"}],"curies":[{"name":"wp","href":"https:\/\/api.w.org\/{rel}","templated":true}]}}