{"id":305549,"date":"2025-03-18T22:26:01","date_gmt":"2025-03-18T20:26:01","guid":{"rendered":"https:\/\/www.skimo.at\/rennen\/?p=305549"},"modified":"2025-03-18T22:26:02","modified_gmt":"2025-03-18T20:26:02","slug":"grosse-vorfreude-auf-die-17-marmotta-trophy-in-martell","status":"publish","type":"post","link":"https:\/\/www.skimo.at\/rennen\/305549\/grosse-vorfreude-auf-die-17-marmotta-trophy-in-martell\/","title":{"rendered":"Gro\u00dfe Vorfreude auf die 17. Marmotta Trophy in Martell"},"content":{"rendered":"\n<p>Es ist alles vorbereitet f\u00fcr den ISMF Weltcup im Skibergsteigen, der in dieser Woche in Martell zu Gast sein wird. Im Herzen des Nationalparks Stilfserjoch gehen am Donnerstag, 20. und Samstag, 22. M\u00e4rz insgesamt drei Entscheidungen \u00fcber die B\u00fchne, und zwar zun\u00e4chst im Einzel und dann in der Mixed Staffel. \u00dcber 130 Athletinnen und Athleten aus 24 verschiedenen Nationen sind im S\u00fcdtiroler Skibergsteiger-Paradies im Einsatz.<\/p>\n\n\n\n<!--more-->\n\n\n\n<p>In dieser Woche ist Martell einmal mehr das Mekka der internationalen Skitouren-Szene. Von Donnerstag, 20. bis Samstag, 22. M\u00e4rz geht im Herzen des Nationalparks Stilfserjoch der ISMF Weltcup im Skibergsteigen im Rahmen der Marmotta Trophy \u00fcber die B\u00fchne. Es ist bereits die 17. Ausgabe des renommierten Events, zu dem die Cr\u00e8me de la Cr\u00e8me der Skibergsteigerszene erwartet wird.<\/p>\n\n\n\n<p>Ein Event, bei dem die besten Skibergsteigerinnen und -bergsteiger der Welt perfekte Bedingungen vorfinden werden. \u201eEs ist tief winterlich bei uns in Martell, es hat rund 30 Zentimeter geschneit. Die Athletinnen und Athleten d\u00fcrfen sich auf optimale Verh\u00e4ltnisse freuen, vielleicht die besten im gesamten Winter. Auf das Einzel werden sie sich ganz besonders freuen, denn zum ersten Mal in dieser Saison werden sie im freien Gel\u00e4nde und nicht auf Pisten unterwegs sein. Auch die Wetterprognose ist sehr vielversprechend, weshalb wir uns auf spannende Wettk\u00e4mpfe freuen d\u00fcrfen\u201c, sagt Streckenchef und Renndirektor Egon Eberh\u00f6fer zwei Tage vor dem Showdown. <\/p>\n\n\n\n<figure class=\"wp-block-image size-large\"><a href=\"https:\/\/www.skimo.at\/rennen\/files\/2025\/03\/bild-1-marmotta-trophy.jpg\"><img loading=\"lazy\" width=\"1024\" height=\"619\" src=\"https:\/\/www.skimo.at\/rennen\/files\/2025\/03\/bild-1-marmotta-trophy-1024x619.jpg\" alt=\"\" class=\"wp-image-305551\" srcset=\"https:\/\/www.skimo.at\/rennen\/files\/2025\/03\/bild-1-marmotta-trophy-1024x619.jpg 1024w, https:\/\/www.skimo.at\/rennen\/files\/2025\/03\/bild-1-marmotta-trophy-300x181.jpg 300w, https:\/\/www.skimo.at\/rennen\/files\/2025\/03\/bild-1-marmotta-trophy-768x464.jpg 768w, https:\/\/www.skimo.at\/rennen\/files\/2025\/03\/bild-1-marmotta-trophy-1224x740.jpg 1224w, https:\/\/www.skimo.at\/rennen\/files\/2025\/03\/bild-1-marmotta-trophy-970x586.jpg 970w, https:\/\/www.skimo.at\/rennen\/files\/2025\/03\/bild-1-marmotta-trophy-554x335.jpg 554w, https:\/\/www.skimo.at\/rennen\/files\/2025\/03\/bild-1-marmotta-trophy-154x93.jpg 154w, https:\/\/www.skimo.at\/rennen\/files\/2025\/03\/bild-1-marmotta-trophy.jpg 2048w\" sizes=\"(max-width: 1024px) 100vw, 1024px\" \/><\/a><\/figure>\n\n\n\n<h2>Mit dem Einzel geht\u2019s am Donnerstag los<\/h2>\n\n\n\n<p>Er\u00f6ffnet wird die siebte von insgesamt neun Weltcup-Etappen in der Saison 2024\/25 am Donnerstag, 20. M\u00e4rz. Auf dem Programm stehen die Einzelwettk\u00e4mpfe der Frauen und M\u00e4nner. Titelverteidiger sind Xavier Gachet und Axelle Gachet Mollaret aus Frankreich. Ab 9.30 Uhr starten die Herren vom ehemaligen Hotel Paradiso im Marteller Talschluss in Richtung Gipfel der umliegenden Bergwelt. Die Strecke, die sie dabei absolvieren m\u00fcssen, ist 15 Kilometer lang und weist 1500 H\u00f6henmeter vor \u2013 knackige Aufstiege und rasante Abfahrten inklusive. 45 Minuten sp\u00e4ter brechen um 10.15 Uhr auch die Skibergsteigerinnen auf. Sie legen knapp 14 Kilometer zur\u00fcck und \u201espulen\u201c rund 1300 H\u00f6henmeter herunter. Auch der Zieleinlauf befindet sich am Hotel Paradiso, wo gegen 12 Uhr die Flower Ceremony und offizielle Siegerehrung \u00fcber die B\u00fchne gehen wird.<\/p>\n\n\n\n<p>Ein Hauch von Olympia weht im Rahmen der 17. Marmotta Trophy dann am Samstag, 22. M\u00e4rz, wenn der Weltcup in Martell mit der Mixed Staffel fortgesetzt wird. Denn dabei handelt es sich um eine jener Disziplinen, die in das Programm der kommenden Olympischen Winterspiele Mailand Cortina 2026 aufgenommen wurden. Dieser Wettkampf ist f\u00fcr Zuschauerinnen und Zuschauer in Martell besonders interessant, da er sich im Biathlonzentrum Grogg abspielt und somit fast zur G\u00e4nze einsehbar ist.<\/p>\n\n\n\n<h2>Gibt es wieder einen Heimsieg?<\/h2>\n\n\n\n<p>Interessierte k\u00f6nnen also hautnah dabei sein, wenn bei dieser packenden Entscheidung die W\u00fcrfel fallen. Der Wettbewerb beginnt um 9.20 Uhr mit den Qualifikationen, gefolgt von den B-Finals (10.45 Uhr) und den A-Finals (11.45 Uhr). Am Ende des Rennens findet in Zieln\u00e4he die Blumenzeremonie statt. Um 12.40 Uhr steigt dann, ebenfalls im Biathlonzentrum Grogg, die offizielle Siegerehrung, welche den feierlichen Abschluss der 17. Marmotta Trophy bildet. Im vergangenen Jahr erreichten die \u201eAzzurri\u201c Alba De Silvestro und Michele Boscacci als Erste die Ziellinie.<\/p>\n\n\n\n<p>Die Vorfreude auf die 17. Marmotta Trophy ist nicht nur bei den Athletinnen und Athleten gro\u00df. Auch die Veranstalter k\u00f6nnen den Startschuss kaum mehr erwarten. <\/p>\n\n\n\n<blockquote class=\"wp-block-quote\"><p>\u201eDie Vorbereitungen sind weitestgehend abgeschlossen. Wir freuen uns, dass Martell nach den Biathlon Europameisterschaften vor knapp eineinhalb Monaten das n\u00e4chste gro\u00dfe Sportereignis ausrichten darf. Auch in unserem Team ist die Vorfreude bereits seit Wochen sp\u00fcrbar. Ich m\u00f6chte mich schon im Vorfeld bei unseren Helferinnen und Helfern und allen beteiligten Organisationen und Vereinen f\u00fcr ihre Unterst\u00fctzung bedanken \u2013 genauso, wie bei unseren Sponsoren, die die Ausrichtung dieses Events \u00fcberhaupt erst erm\u00f6glichen\u201c<\/p><p><\/p><cite>Georg Altst\u00e4tter, Pr\u00e4sident des Organisationskomitees<\/cite><\/blockquote>\n\n\n\n<p>Offizielle Webseite: <a href=\"https:\/\/www.marmotta-trophy.it\" target=\"_blank\" rel=\"noreferrer noopener\">https:\/\/www.marmotta-trophy.it<\/a>&nbsp;&nbsp;<\/p>\n\n\n\n<p>Facebook: <a href=\"https:\/\/www.facebook.com\/MartellMarmottaTrophy\/\" target=\"_blank\" rel=\"noreferrer noopener\">https:\/\/www.facebook.com\/MartellMarmottaTrophy\/<\/a>&nbsp;&nbsp;<\/p>\n\n\n\n<p>Instagram: <a href=\"https:\/\/www.instagram.com\/marmottatrophy\/\" target=\"_blank\" rel=\"noreferrer noopener\">https:\/\/www.instagram.com\/marmottatrophy\/<\/a>&nbsp;&nbsp;<\/p>\n","protected":false},"excerpt":{"rendered":"<p>Es ist alles vorbereitet f\u00fcr den ISMF Weltcup im Skibergsteigen, der in dieser Woche in Martell zu Gast sein wird. Im Herzen des Nationalparks Stilfserjoch gehen am Donnerstag, 20. und Samstag, 22. M\u00e4rz insgesamt drei Entscheidungen \u00fcber die B\u00fchne, und zwar zun\u00e4chst im Einzel und dann in der Mixed Staffel. \u00dcber 130 Athletinnen und Athleten [&hellip;]<\/p>\n","protected":false},"author":3,"featured_media":305551,"comment_status":"closed","ping_status":"closed","sticky":false,"template":"","format":"standard","meta":[],"categories":[1,3],"tags":[],"yoast_head":"<!-- This site is optimized with the Yoast SEO plugin v16.3 - https:\/\/yoast.com\/wordpress\/plugins\/seo\/ -->\n<title>Gro\u00dfe Vorfreude auf die 17. Marmotta Trophy in Martell - Rennen<\/title>\n<meta name=\"robots\" content=\"index, follow, max-snippet:-1, max-image-preview:large, max-video-preview:-1\" \/>\n<link rel=\"canonical\" href=\"https:\/\/www.skimo.at\/rennen\/305549\/grosse-vorfreude-auf-die-17-marmotta-trophy-in-martell\/\" \/>\n<meta property=\"og:locale\" content=\"de_DE\" \/>\n<meta property=\"og:type\" content=\"article\" \/>\n<meta property=\"og:title\" content=\"Gro\u00dfe Vorfreude auf die 17. Marmotta Trophy in Martell - Rennen\" \/>\n<meta property=\"og:description\" content=\"Es ist alles vorbereitet f\u00fcr den ISMF Weltcup im Skibergsteigen, der in dieser Woche in Martell zu Gast sein wird. Im Herzen des Nationalparks Stilfserjoch gehen am Donnerstag, 20. und Samstag, 22. M\u00e4rz insgesamt drei Entscheidungen \u00fcber die B\u00fchne, und zwar zun\u00e4chst im Einzel und dann in der Mixed Staffel. \u00dcber 130 Athletinnen und Athleten [&hellip;]\" \/>\n<meta property=\"og:url\" content=\"https:\/\/www.skimo.at\/rennen\/305549\/grosse-vorfreude-auf-die-17-marmotta-trophy-in-martell\/\" \/>\n<meta property=\"og:site_name\" content=\"Rennen\" \/>\n<meta property=\"article:published_time\" content=\"2025-03-18T20:26:01+00:00\" \/>\n<meta property=\"article:modified_time\" content=\"2025-03-18T20:26:02+00:00\" \/>\n<meta property=\"og:image\" content=\"https:\/\/www.skimo.at\/rennen\/files\/2025\/03\/bild-1-marmotta-trophy.jpg\" \/>\n\t<meta property=\"og:image:width\" content=\"2048\" \/>\n\t<meta property=\"og:image:height\" content=\"1238\" \/>\n<meta name=\"twitter:card\" content=\"summary\" \/>\n<meta name=\"twitter:label1\" content=\"Gesch\u00e4tzte Lesezeit\">\n\t<meta name=\"twitter:data1\" content=\"3\u00a0Minuten\">\n<script type=\"application\/ld+json\" class=\"yoast-schema-graph\">{\"@context\":\"https:\/\/schema.org\",\"@graph\":[{\"@type\":\"WebSite\",\"@id\":\"https:\/\/skimo.73.jarolim.eu\/rennen\/#website\",\"url\":\"https:\/\/skimo.73.jarolim.eu\/rennen\/\",\"name\":\"Rennen\",\"description\":\"\",\"potentialAction\":[{\"@type\":\"SearchAction\",\"target\":\"https:\/\/skimo.73.jarolim.eu\/rennen\/?s={search_term_string}\",\"query-input\":\"required name=search_term_string\"}],\"inLanguage\":\"de\"},{\"@type\":\"ImageObject\",\"@id\":\"https:\/\/www.skimo.at\/rennen\/305549\/grosse-vorfreude-auf-die-17-marmotta-trophy-in-martell\/#primaryimage\",\"inLanguage\":\"de\",\"url\":\"https:\/\/www.skimo.at\/rennen\/files\/2025\/03\/bild-1-marmotta-trophy.jpg\",\"contentUrl\":\"https:\/\/www.skimo.at\/rennen\/files\/2025\/03\/bild-1-marmotta-trophy.jpg\",\"width\":2048,\"height\":1238},{\"@type\":\"WebPage\",\"@id\":\"https:\/\/www.skimo.at\/rennen\/305549\/grosse-vorfreude-auf-die-17-marmotta-trophy-in-martell\/#webpage\",\"url\":\"https:\/\/www.skimo.at\/rennen\/305549\/grosse-vorfreude-auf-die-17-marmotta-trophy-in-martell\/\",\"name\":\"Gro\\u00dfe Vorfreude auf die 17. Marmotta Trophy in Martell - Rennen\",\"isPartOf\":{\"@id\":\"https:\/\/skimo.73.jarolim.eu\/rennen\/#website\"},\"primaryImageOfPage\":{\"@id\":\"https:\/\/www.skimo.at\/rennen\/305549\/grosse-vorfreude-auf-die-17-marmotta-trophy-in-martell\/#primaryimage\"},\"datePublished\":\"2025-03-18T20:26:01+00:00\",\"dateModified\":\"2025-03-18T20:26:02+00:00\",\"author\":{\"@id\":\"https:\/\/skimo.73.jarolim.eu\/rennen\/#\/schema\/person\/796ecbce6796efca58bf848ca63ec12c\"},\"breadcrumb\":{\"@id\":\"https:\/\/www.skimo.at\/rennen\/305549\/grosse-vorfreude-auf-die-17-marmotta-trophy-in-martell\/#breadcrumb\"},\"inLanguage\":\"de\",\"potentialAction\":[{\"@type\":\"ReadAction\",\"target\":[\"https:\/\/www.skimo.at\/rennen\/305549\/grosse-vorfreude-auf-die-17-marmotta-trophy-in-martell\/\"]}]},{\"@type\":\"BreadcrumbList\",\"@id\":\"https:\/\/www.skimo.at\/rennen\/305549\/grosse-vorfreude-auf-die-17-marmotta-trophy-in-martell\/#breadcrumb\",\"itemListElement\":[{\"@type\":\"ListItem\",\"position\":1,\"item\":{\"@type\":\"WebPage\",\"@id\":\"https:\/\/skimo.73.jarolim.eu\/rennen\/\",\"url\":\"https:\/\/skimo.73.jarolim.eu\/rennen\/\",\"name\":\"Home\"}},{\"@type\":\"ListItem\",\"position\":2,\"item\":{\"@id\":\"https:\/\/www.skimo.at\/rennen\/305549\/grosse-vorfreude-auf-die-17-marmotta-trophy-in-martell\/#webpage\"}}]},{\"@type\":\"Person\",\"@id\":\"https:\/\/skimo.73.jarolim.eu\/rennen\/#\/schema\/person\/796ecbce6796efca58bf848ca63ec12c\",\"name\":\"kposch\",\"image\":{\"@type\":\"ImageObject\",\"@id\":\"https:\/\/skimo.73.jarolim.eu\/rennen\/#personlogo\",\"inLanguage\":\"de\",\"url\":\"https:\/\/secure.gravatar.com\/avatar\/e9f5f28da60e5e563d3f4d3cc0b9b425?s=96&r=g\",\"contentUrl\":\"https:\/\/secure.gravatar.com\/avatar\/e9f5f28da60e5e563d3f4d3cc0b9b425?s=96&r=g\",\"caption\":\"kposch\"},\"url\":\"https:\/\/www.skimo.at\/rennen\/author\/kposch\/\"}]}<\/script>\n<!-- \/ Yoast SEO plugin. -->","_links":{"self":[{"href":"https:\/\/www.skimo.at\/rennen\/wp-json\/wp\/v2\/posts\/305549"}],"collection":[{"href":"https:\/\/www.skimo.at\/rennen\/wp-json\/wp\/v2\/posts"}],"about":[{"href":"https:\/\/www.skimo.at\/rennen\/wp-json\/wp\/v2\/types\/post"}],"author":[{"embeddable":true,"href":"https:\/\/www.skimo.at\/rennen\/wp-json\/wp\/v2\/users\/3"}],"replies":[{"embeddable":true,"href":"https:\/\/www.skimo.at\/rennen\/wp-json\/wp\/v2\/comments?post=305549"}],"version-history":[{"count":2,"href":"https:\/\/www.skimo.at\/rennen\/wp-json\/wp\/v2\/posts\/305549\/revisions"}],"predecessor-version":[{"id":305552,"href":"https:\/\/www.skimo.at\/rennen\/wp-json\/wp\/v2\/posts\/305549\/revisions\/305552"}],"wp:featuredmedia":[{"embeddable":true,"href":"https:\/\/www.skimo.at\/rennen\/wp-json\/wp\/v2\/media\/305551"}],"wp:attachment":[{"href":"https:\/\/www.skimo.at\/rennen\/wp-json\/wp\/v2\/media?parent=305549"}],"wp:term":[{"taxonomy":"category","embeddable":true,"href":"https:\/\/www.skimo.at\/rennen\/wp-json\/wp\/v2\/categories?post=305549"},{"taxonomy":"post_tag","embeddable":true,"href":"https:\/\/www.skimo.at\/rennen\/wp-json\/wp\/v2\/tags?post=305549"}],"curies":[{"name":"wp","href":"https:\/\/api.w.org\/{rel}","templated":true}]}}