{"id":305207,"date":"2025-02-25T12:33:02","date_gmt":"2025-02-25T10:33:02","guid":{"rendered":"https:\/\/www.skimo.at\/rennen\/?p=305207"},"modified":"2025-02-26T13:19:19","modified_gmt":"2025-02-26T11:19:19","slug":"armin-hoefl-und-vasinova-marcela-gewinnen-den-35-laserzlauf","status":"publish","type":"post","link":"https:\/\/www.skimo.at\/rennen\/305207\/armin-hoefl-und-vasinova-marcela-gewinnen-den-35-laserzlauf\/","title":{"rendered":"Armin H\u00f6fl und Vasinova Marcela gewinnen den 35. Laserzlauf"},"content":{"rendered":"\n<p>Bei idealen Bedingungen ging der 35. Laserzlauf am Sonntag 23.2. \u00fcber die B\u00fchne. Die anspruchsvolle Rennstrecke \u00fcber Rund 1800 H\u00f6henmeter mit 2 Tragepassagen und 3 Abfahrten stie\u00df bei den Athleten auf gro\u00dfe Begeisterung.<\/p>\n\n\n\n<figure class=\"wp-block-gallery columns-3 is-cropped\"><ul class=\"blocks-gallery-grid\"><li class=\"blocks-gallery-item\"><figure><a href=\"https:\/\/www.skimo.at\/rennen\/files\/2025\/02\/laserzlauf-2025-4-1024x678.jpeg\"><img loading=\"lazy\" width=\"1024\" height=\"678\" src=\"https:\/\/www.skimo.at\/rennen\/files\/2025\/02\/laserzlauf-2025-4-1024x678.jpeg\" alt=\"\" data-id=\"305216\" data-link=\"https:\/\/www.skimo.at\/rennen\/?attachment_id=305216\" class=\"wp-image-305216\" srcset=\"https:\/\/www.skimo.at\/rennen\/files\/2025\/02\/laserzlauf-2025-4-1024x678.jpeg 1024w, https:\/\/www.skimo.at\/rennen\/files\/2025\/02\/laserzlauf-2025-4-300x199.jpeg 300w, https:\/\/www.skimo.at\/rennen\/files\/2025\/02\/laserzlauf-2025-4-768x509.jpeg 768w, https:\/\/www.skimo.at\/rennen\/files\/2025\/02\/laserzlauf-2025-4-299x199.jpeg 299w, https:\/\/www.skimo.at\/rennen\/files\/2025\/02\/laserzlauf-2025-4-1224x811.jpeg 1224w, https:\/\/www.skimo.at\/rennen\/files\/2025\/02\/laserzlauf-2025-4-970x643.jpeg 970w, https:\/\/www.skimo.at\/rennen\/files\/2025\/02\/laserzlauf-2025-4-554x367.jpeg 554w, https:\/\/www.skimo.at\/rennen\/files\/2025\/02\/laserzlauf-2025-4-140x93.jpeg 140w, https:\/\/www.skimo.at\/rennen\/files\/2025\/02\/laserzlauf-2025-4.jpeg 1280w\" sizes=\"(max-width: 1024px) 100vw, 1024px\" \/><\/a><\/figure><\/li><li class=\"blocks-gallery-item\"><figure><a href=\"https:\/\/www.skimo.at\/rennen\/files\/2025\/02\/laserzlauf-02-2025-526af-1-1024x682.jpeg\"><img loading=\"lazy\" width=\"1024\" height=\"682\" src=\"https:\/\/www.skimo.at\/rennen\/files\/2025\/02\/laserzlauf-02-2025-526af-1-1024x682.jpeg\" alt=\"\" data-id=\"305217\" data-link=\"https:\/\/www.skimo.at\/rennen\/?attachment_id=305217\" class=\"wp-image-305217\" srcset=\"https:\/\/www.skimo.at\/rennen\/files\/2025\/02\/laserzlauf-02-2025-526af-1-1024x682.jpeg 1024w, https:\/\/www.skimo.at\/rennen\/files\/2025\/02\/laserzlauf-02-2025-526af-1-300x200.jpeg 300w, https:\/\/www.skimo.at\/rennen\/files\/2025\/02\/laserzlauf-02-2025-526af-1-768x512.jpeg 768w, https:\/\/www.skimo.at\/rennen\/files\/2025\/02\/laserzlauf-02-2025-526af-1-746x497.jpeg 746w, https:\/\/www.skimo.at\/rennen\/files\/2025\/02\/laserzlauf-02-2025-526af-1-618x412.jpeg 618w, https:\/\/www.skimo.at\/rennen\/files\/2025\/02\/laserzlauf-02-2025-526af-1-554x369.jpeg 554w, https:\/\/www.skimo.at\/rennen\/files\/2025\/02\/laserzlauf-02-2025-526af-1-299x199.jpeg 299w, https:\/\/www.skimo.at\/rennen\/files\/2025\/02\/laserzlauf-02-2025-526af-1-1224x816.jpeg 1224w, https:\/\/www.skimo.at\/rennen\/files\/2025\/02\/laserzlauf-02-2025-526af-1-970x646.jpeg 970w, https:\/\/www.skimo.at\/rennen\/files\/2025\/02\/laserzlauf-02-2025-526af-1-140x93.jpeg 140w, https:\/\/www.skimo.at\/rennen\/files\/2025\/02\/laserzlauf-02-2025-526af-1-540x360.jpeg 540w, https:\/\/www.skimo.at\/rennen\/files\/2025\/02\/laserzlauf-02-2025-526af-1.jpeg 1280w\" sizes=\"(max-width: 1024px) 100vw, 1024px\" \/><\/a><\/figure><\/li><li class=\"blocks-gallery-item\"><figure><a href=\"https:\/\/www.skimo.at\/rennen\/files\/2025\/02\/laserzlauf-02-2025-951afk-1.jpeg\"><img loading=\"lazy\" width=\"1024\" height=\"682\" src=\"https:\/\/www.skimo.at\/rennen\/files\/2025\/02\/laserzlauf-02-2025-951afk-1-1024x682.jpeg\" alt=\"\" data-id=\"305218\" data-full-url=\"https:\/\/www.skimo.at\/rennen\/files\/2025\/02\/laserzlauf-02-2025-951afk-1.jpeg\" data-link=\"https:\/\/www.skimo.at\/rennen\/?attachment_id=305218\" class=\"wp-image-305218\" srcset=\"https:\/\/www.skimo.at\/rennen\/files\/2025\/02\/laserzlauf-02-2025-951afk-1-1024x682.jpeg 1024w, https:\/\/www.skimo.at\/rennen\/files\/2025\/02\/laserzlauf-02-2025-951afk-1-300x200.jpeg 300w, https:\/\/www.skimo.at\/rennen\/files\/2025\/02\/laserzlauf-02-2025-951afk-1-768x512.jpeg 768w, https:\/\/www.skimo.at\/rennen\/files\/2025\/02\/laserzlauf-02-2025-951afk-1-746x497.jpeg 746w, https:\/\/www.skimo.at\/rennen\/files\/2025\/02\/laserzlauf-02-2025-951afk-1-618x412.jpeg 618w, https:\/\/www.skimo.at\/rennen\/files\/2025\/02\/laserzlauf-02-2025-951afk-1-554x369.jpeg 554w, https:\/\/www.skimo.at\/rennen\/files\/2025\/02\/laserzlauf-02-2025-951afk-1-299x199.jpeg 299w, https:\/\/www.skimo.at\/rennen\/files\/2025\/02\/laserzlauf-02-2025-951afk-1-1224x816.jpeg 1224w, https:\/\/www.skimo.at\/rennen\/files\/2025\/02\/laserzlauf-02-2025-951afk-1-970x646.jpeg 970w, https:\/\/www.skimo.at\/rennen\/files\/2025\/02\/laserzlauf-02-2025-951afk-1-140x93.jpeg 140w, https:\/\/www.skimo.at\/rennen\/files\/2025\/02\/laserzlauf-02-2025-951afk-1-540x360.jpeg 540w, https:\/\/www.skimo.at\/rennen\/files\/2025\/02\/laserzlauf-02-2025-951afk-1.jpeg 1280w\" sizes=\"(max-width: 1024px) 100vw, 1024px\" \/><\/a><\/figure><\/li><\/ul><figcaption class=\"blocks-gallery-caption\">Bildrechte: Alpenraute Lienz<\/figcaption><\/figure>\n\n\n\n<p>Der Laserzlauf ist einer der letzten Skitourenl\u00e4ufe in \u00d6sterreich, welcher ausschlie\u00dflich durch alpines Gel\u00e4nde f\u00fchrt. Der Sieg in der Rennklasse der Herren ging an Armin H\u00f6fl mit der Laufzeit von 1:50,56 (Team Karpos), gefolgt von Christian HoUmann (Team Fischer Sports) und Harald Feuchter (La Sportiva Mountain Attack Team) Die Aufstiegszeit des Siegers auf Laserzt\u00f6rl betrug 1.35,31. Die Rennklasse der Damen konnte Vasinova Marcela in 2:27,04 f\u00fcr sich entscheiden. Die Tschechin gewann vor Wilhelmst\u00e4tter Linda (La Sportiva Mountain Attack Team) und der Niederl\u00e4nderin Goetze Aneloes (Team Esprit Montagne). <br>Die Hobbyklasse \u00fcber 1200 H\u00f6henmeter gewann der Osttiroler Hermann Webhofer vor Brugger Benjamin und Pargger Hannes in einer Zeit von 1:40,54. Bei den Damen siegte Bichler Isabell vor Mackova Johana und Pr\u00fcnster Sonja. Bis auf einen abgebrochenen Ski ging der Laserzlauf unfall- und verletzungsfrei \u00fcber die B\u00fchne. Die Alpenraute bedankt sich bei der Bergrettung Lienz und allen Helfern f\u00fcr die wertvolle Unterst\u00fctzung w\u00e4hrend des Rennens.<\/p>\n\n\n\n<p><strong>Ergebnisse unter:<\/strong><br><a href=\"https:\/\/www.alpenraute.at\/wp-content\/uploads\/2025\/02\/250223_35Laserzlauf.pdf\">https:\/\/www.alpenraute.at\/wp-content\/uploads\/2025\/02\/250223_35Laserzlauf.pdf<\/a><br><br><strong>Bildergalerie:<\/strong><br><\/p>\n\n\n\n<figure class=\"wp-block-gallery columns-3 is-cropped\"><ul class=\"blocks-gallery-grid\"><li class=\"blocks-gallery-item\"><figure><a href=\"https:\/\/www.skimo.at\/rennen\/files\/2025\/02\/laserzlauf-2025-3-1-1024x678.jpeg\"><img loading=\"lazy\" width=\"1024\" height=\"678\" src=\"https:\/\/www.skimo.at\/rennen\/files\/2025\/02\/laserzlauf-2025-3-1-1024x678.jpeg\" alt=\"\" data-id=\"305219\" data-link=\"https:\/\/www.skimo.at\/rennen\/?attachment_id=305219\" class=\"wp-image-305219\" srcset=\"https:\/\/www.skimo.at\/rennen\/files\/2025\/02\/laserzlauf-2025-3-1-1024x678.jpeg 1024w, https:\/\/www.skimo.at\/rennen\/files\/2025\/02\/laserzlauf-2025-3-1-300x199.jpeg 300w, https:\/\/www.skimo.at\/rennen\/files\/2025\/02\/laserzlauf-2025-3-1-768x509.jpeg 768w, https:\/\/www.skimo.at\/rennen\/files\/2025\/02\/laserzlauf-2025-3-1-299x199.jpeg 299w, https:\/\/www.skimo.at\/rennen\/files\/2025\/02\/laserzlauf-2025-3-1-1224x811.jpeg 1224w, https:\/\/www.skimo.at\/rennen\/files\/2025\/02\/laserzlauf-2025-3-1-970x643.jpeg 970w, https:\/\/www.skimo.at\/rennen\/files\/2025\/02\/laserzlauf-2025-3-1-554x367.jpeg 554w, https:\/\/www.skimo.at\/rennen\/files\/2025\/02\/laserzlauf-2025-3-1-140x93.jpeg 140w, https:\/\/www.skimo.at\/rennen\/files\/2025\/02\/laserzlauf-2025-3-1.jpeg 1280w\" sizes=\"(max-width: 1024px) 100vw, 1024px\" \/><\/a><\/figure><\/li><li class=\"blocks-gallery-item\"><figure><a href=\"https:\/\/www.skimo.at\/rennen\/files\/2025\/02\/laserzlauf-2025-5-1024x678.jpeg\"><img loading=\"lazy\" width=\"1024\" height=\"678\" src=\"https:\/\/www.skimo.at\/rennen\/files\/2025\/02\/laserzlauf-2025-5-1024x678.jpeg\" alt=\"\" data-id=\"305220\" data-link=\"https:\/\/www.skimo.at\/rennen\/?attachment_id=305220\" class=\"wp-image-305220\" srcset=\"https:\/\/www.skimo.at\/rennen\/files\/2025\/02\/laserzlauf-2025-5-1024x678.jpeg 1024w, https:\/\/www.skimo.at\/rennen\/files\/2025\/02\/laserzlauf-2025-5-300x199.jpeg 300w, https:\/\/www.skimo.at\/rennen\/files\/2025\/02\/laserzlauf-2025-5-768x509.jpeg 768w, https:\/\/www.skimo.at\/rennen\/files\/2025\/02\/laserzlauf-2025-5-299x199.jpeg 299w, https:\/\/www.skimo.at\/rennen\/files\/2025\/02\/laserzlauf-2025-5-1224x811.jpeg 1224w, https:\/\/www.skimo.at\/rennen\/files\/2025\/02\/laserzlauf-2025-5-970x643.jpeg 970w, https:\/\/www.skimo.at\/rennen\/files\/2025\/02\/laserzlauf-2025-5-554x367.jpeg 554w, https:\/\/www.skimo.at\/rennen\/files\/2025\/02\/laserzlauf-2025-5-140x93.jpeg 140w, https:\/\/www.skimo.at\/rennen\/files\/2025\/02\/laserzlauf-2025-5.jpeg 1280w\" sizes=\"(max-width: 1024px) 100vw, 1024px\" \/><\/a><\/figure><\/li><li class=\"blocks-gallery-item\"><figure><a href=\"https:\/\/www.skimo.at\/rennen\/files\/2025\/02\/laserzlauf-2025-2-1024x678.jpeg\"><img loading=\"lazy\" width=\"1024\" height=\"678\" src=\"https:\/\/www.skimo.at\/rennen\/files\/2025\/02\/laserzlauf-2025-2-1024x678.jpeg\" alt=\"\" data-id=\"305221\" data-link=\"https:\/\/www.skimo.at\/rennen\/?attachment_id=305221\" class=\"wp-image-305221\" srcset=\"https:\/\/www.skimo.at\/rennen\/files\/2025\/02\/laserzlauf-2025-2-1024x678.jpeg 1024w, https:\/\/www.skimo.at\/rennen\/files\/2025\/02\/laserzlauf-2025-2-300x199.jpeg 300w, https:\/\/www.skimo.at\/rennen\/files\/2025\/02\/laserzlauf-2025-2-768x509.jpeg 768w, https:\/\/www.skimo.at\/rennen\/files\/2025\/02\/laserzlauf-2025-2-299x199.jpeg 299w, https:\/\/www.skimo.at\/rennen\/files\/2025\/02\/laserzlauf-2025-2-1224x811.jpeg 1224w, https:\/\/www.skimo.at\/rennen\/files\/2025\/02\/laserzlauf-2025-2-970x643.jpeg 970w, https:\/\/www.skimo.at\/rennen\/files\/2025\/02\/laserzlauf-2025-2-554x367.jpeg 554w, https:\/\/www.skimo.at\/rennen\/files\/2025\/02\/laserzlauf-2025-2-140x93.jpeg 140w, https:\/\/www.skimo.at\/rennen\/files\/2025\/02\/laserzlauf-2025-2.jpeg 1280w\" sizes=\"(max-width: 1024px) 100vw, 1024px\" \/><\/a><\/figure><\/li><li class=\"blocks-gallery-item\"><figure><a href=\"https:\/\/www.skimo.at\/rennen\/files\/2025\/02\/laserzlauf-2025-13-1-1024x678.jpeg\"><img loading=\"lazy\" width=\"1024\" height=\"678\" src=\"https:\/\/www.skimo.at\/rennen\/files\/2025\/02\/laserzlauf-2025-13-1-1024x678.jpeg\" alt=\"\" data-id=\"305222\" data-link=\"https:\/\/www.skimo.at\/rennen\/?attachment_id=305222\" class=\"wp-image-305222\" srcset=\"https:\/\/www.skimo.at\/rennen\/files\/2025\/02\/laserzlauf-2025-13-1-1024x678.jpeg 1024w, https:\/\/www.skimo.at\/rennen\/files\/2025\/02\/laserzlauf-2025-13-1-300x199.jpeg 300w, https:\/\/www.skimo.at\/rennen\/files\/2025\/02\/laserzlauf-2025-13-1-768x509.jpeg 768w, https:\/\/www.skimo.at\/rennen\/files\/2025\/02\/laserzlauf-2025-13-1-299x199.jpeg 299w, https:\/\/www.skimo.at\/rennen\/files\/2025\/02\/laserzlauf-2025-13-1-1224x811.jpeg 1224w, https:\/\/www.skimo.at\/rennen\/files\/2025\/02\/laserzlauf-2025-13-1-970x643.jpeg 970w, https:\/\/www.skimo.at\/rennen\/files\/2025\/02\/laserzlauf-2025-13-1-554x367.jpeg 554w, https:\/\/www.skimo.at\/rennen\/files\/2025\/02\/laserzlauf-2025-13-1-140x93.jpeg 140w, https:\/\/www.skimo.at\/rennen\/files\/2025\/02\/laserzlauf-2025-13-1.jpeg 1280w\" sizes=\"(max-width: 1024px) 100vw, 1024px\" \/><\/a><\/figure><\/li><li class=\"blocks-gallery-item\"><figure><a href=\"https:\/\/www.skimo.at\/rennen\/files\/2025\/02\/laserzlauf-2025-12-1024x678.jpeg\"><img loading=\"lazy\" width=\"1024\" height=\"678\" src=\"https:\/\/www.skimo.at\/rennen\/files\/2025\/02\/laserzlauf-2025-12-1024x678.jpeg\" alt=\"\" data-id=\"305223\" data-link=\"https:\/\/www.skimo.at\/rennen\/?attachment_id=305223\" class=\"wp-image-305223\" srcset=\"https:\/\/www.skimo.at\/rennen\/files\/2025\/02\/laserzlauf-2025-12-1024x678.jpeg 1024w, https:\/\/www.skimo.at\/rennen\/files\/2025\/02\/laserzlauf-2025-12-300x199.jpeg 300w, https:\/\/www.skimo.at\/rennen\/files\/2025\/02\/laserzlauf-2025-12-768x509.jpeg 768w, https:\/\/www.skimo.at\/rennen\/files\/2025\/02\/laserzlauf-2025-12-299x199.jpeg 299w, https:\/\/www.skimo.at\/rennen\/files\/2025\/02\/laserzlauf-2025-12-1224x811.jpeg 1224w, https:\/\/www.skimo.at\/rennen\/files\/2025\/02\/laserzlauf-2025-12-970x643.jpeg 970w, https:\/\/www.skimo.at\/rennen\/files\/2025\/02\/laserzlauf-2025-12-554x367.jpeg 554w, https:\/\/www.skimo.at\/rennen\/files\/2025\/02\/laserzlauf-2025-12-140x93.jpeg 140w, https:\/\/www.skimo.at\/rennen\/files\/2025\/02\/laserzlauf-2025-12.jpeg 1280w\" sizes=\"(max-width: 1024px) 100vw, 1024px\" \/><\/a><\/figure><\/li><li class=\"blocks-gallery-item\"><figure><a href=\"https:\/\/www.skimo.at\/rennen\/files\/2025\/02\/laserzlauf-2025-10-1-1024x678.jpeg\"><img loading=\"lazy\" width=\"1024\" height=\"678\" src=\"https:\/\/www.skimo.at\/rennen\/files\/2025\/02\/laserzlauf-2025-10-1-1024x678.jpeg\" alt=\"\" data-id=\"305224\" data-link=\"https:\/\/www.skimo.at\/rennen\/?attachment_id=305224\" class=\"wp-image-305224\" srcset=\"https:\/\/www.skimo.at\/rennen\/files\/2025\/02\/laserzlauf-2025-10-1-1024x678.jpeg 1024w, https:\/\/www.skimo.at\/rennen\/files\/2025\/02\/laserzlauf-2025-10-1-300x199.jpeg 300w, https:\/\/www.skimo.at\/rennen\/files\/2025\/02\/laserzlauf-2025-10-1-768x509.jpeg 768w, https:\/\/www.skimo.at\/rennen\/files\/2025\/02\/laserzlauf-2025-10-1-299x199.jpeg 299w, https:\/\/www.skimo.at\/rennen\/files\/2025\/02\/laserzlauf-2025-10-1-1224x811.jpeg 1224w, https:\/\/www.skimo.at\/rennen\/files\/2025\/02\/laserzlauf-2025-10-1-970x643.jpeg 970w, https:\/\/www.skimo.at\/rennen\/files\/2025\/02\/laserzlauf-2025-10-1-554x367.jpeg 554w, https:\/\/www.skimo.at\/rennen\/files\/2025\/02\/laserzlauf-2025-10-1-140x93.jpeg 140w, https:\/\/www.skimo.at\/rennen\/files\/2025\/02\/laserzlauf-2025-10-1.jpeg 1280w\" sizes=\"(max-width: 1024px) 100vw, 1024px\" \/><\/a><\/figure><\/li><li class=\"blocks-gallery-item\"><figure><a href=\"https:\/\/www.skimo.at\/rennen\/files\/2025\/02\/laserzlauf-2025-7-1024x678.jpeg\"><img loading=\"lazy\" width=\"1024\" height=\"678\" src=\"https:\/\/www.skimo.at\/rennen\/files\/2025\/02\/laserzlauf-2025-7-1024x678.jpeg\" alt=\"\" data-id=\"305225\" data-link=\"https:\/\/www.skimo.at\/rennen\/?attachment_id=305225\" class=\"wp-image-305225\" srcset=\"https:\/\/www.skimo.at\/rennen\/files\/2025\/02\/laserzlauf-2025-7-1024x678.jpeg 1024w, https:\/\/www.skimo.at\/rennen\/files\/2025\/02\/laserzlauf-2025-7-300x199.jpeg 300w, https:\/\/www.skimo.at\/rennen\/files\/2025\/02\/laserzlauf-2025-7-768x509.jpeg 768w, https:\/\/www.skimo.at\/rennen\/files\/2025\/02\/laserzlauf-2025-7-299x199.jpeg 299w, https:\/\/www.skimo.at\/rennen\/files\/2025\/02\/laserzlauf-2025-7-1224x811.jpeg 1224w, https:\/\/www.skimo.at\/rennen\/files\/2025\/02\/laserzlauf-2025-7-970x643.jpeg 970w, https:\/\/www.skimo.at\/rennen\/files\/2025\/02\/laserzlauf-2025-7-554x367.jpeg 554w, https:\/\/www.skimo.at\/rennen\/files\/2025\/02\/laserzlauf-2025-7-140x93.jpeg 140w, https:\/\/www.skimo.at\/rennen\/files\/2025\/02\/laserzlauf-2025-7.jpeg 1280w\" sizes=\"(max-width: 1024px) 100vw, 1024px\" \/><\/a><\/figure><\/li><li class=\"blocks-gallery-item\"><figure><a href=\"https:\/\/www.skimo.at\/rennen\/files\/2025\/02\/laserzlauf-2025-11-2-1024x678.jpeg\"><img loading=\"lazy\" width=\"1024\" height=\"678\" src=\"https:\/\/www.skimo.at\/rennen\/files\/2025\/02\/laserzlauf-2025-11-2-1024x678.jpeg\" alt=\"\" data-id=\"305227\" data-link=\"https:\/\/www.skimo.at\/rennen\/?attachment_id=305227\" class=\"wp-image-305227\" srcset=\"https:\/\/www.skimo.at\/rennen\/files\/2025\/02\/laserzlauf-2025-11-2-1024x678.jpeg 1024w, https:\/\/www.skimo.at\/rennen\/files\/2025\/02\/laserzlauf-2025-11-2-300x199.jpeg 300w, https:\/\/www.skimo.at\/rennen\/files\/2025\/02\/laserzlauf-2025-11-2-768x509.jpeg 768w, https:\/\/www.skimo.at\/rennen\/files\/2025\/02\/laserzlauf-2025-11-2-299x199.jpeg 299w, https:\/\/www.skimo.at\/rennen\/files\/2025\/02\/laserzlauf-2025-11-2-1224x811.jpeg 1224w, https:\/\/www.skimo.at\/rennen\/files\/2025\/02\/laserzlauf-2025-11-2-970x643.jpeg 970w, https:\/\/www.skimo.at\/rennen\/files\/2025\/02\/laserzlauf-2025-11-2-554x367.jpeg 554w, https:\/\/www.skimo.at\/rennen\/files\/2025\/02\/laserzlauf-2025-11-2-140x93.jpeg 140w, https:\/\/www.skimo.at\/rennen\/files\/2025\/02\/laserzlauf-2025-11-2.jpeg 1280w\" sizes=\"(max-width: 1024px) 100vw, 1024px\" \/><\/a><\/figure><\/li><li class=\"blocks-gallery-item\"><figure><a href=\"https:\/\/www.skimo.at\/rennen\/files\/2025\/02\/laserzlauf-02-2025-526af-2.jpeg\"><img loading=\"lazy\" width=\"1024\" height=\"682\" src=\"https:\/\/www.skimo.at\/rennen\/files\/2025\/02\/laserzlauf-02-2025-526af-2-1024x682.jpeg\" alt=\"\" data-id=\"305229\" data-full-url=\"https:\/\/www.skimo.at\/rennen\/files\/2025\/02\/laserzlauf-02-2025-526af-2.jpeg\" data-link=\"https:\/\/www.skimo.at\/rennen\/?attachment_id=305229\" class=\"wp-image-305229\" srcset=\"https:\/\/www.skimo.at\/rennen\/files\/2025\/02\/laserzlauf-02-2025-526af-2-1024x682.jpeg 1024w, https:\/\/www.skimo.at\/rennen\/files\/2025\/02\/laserzlauf-02-2025-526af-2-300x200.jpeg 300w, https:\/\/www.skimo.at\/rennen\/files\/2025\/02\/laserzlauf-02-2025-526af-2-768x512.jpeg 768w, https:\/\/www.skimo.at\/rennen\/files\/2025\/02\/laserzlauf-02-2025-526af-2-746x497.jpeg 746w, https:\/\/www.skimo.at\/rennen\/files\/2025\/02\/laserzlauf-02-2025-526af-2-618x412.jpeg 618w, https:\/\/www.skimo.at\/rennen\/files\/2025\/02\/laserzlauf-02-2025-526af-2-554x369.jpeg 554w, https:\/\/www.skimo.at\/rennen\/files\/2025\/02\/laserzlauf-02-2025-526af-2-299x199.jpeg 299w, https:\/\/www.skimo.at\/rennen\/files\/2025\/02\/laserzlauf-02-2025-526af-2-1224x816.jpeg 1224w, https:\/\/www.skimo.at\/rennen\/files\/2025\/02\/laserzlauf-02-2025-526af-2-970x646.jpeg 970w, https:\/\/www.skimo.at\/rennen\/files\/2025\/02\/laserzlauf-02-2025-526af-2-140x93.jpeg 140w, https:\/\/www.skimo.at\/rennen\/files\/2025\/02\/laserzlauf-02-2025-526af-2-540x360.jpeg 540w, https:\/\/www.skimo.at\/rennen\/files\/2025\/02\/laserzlauf-02-2025-526af-2.jpeg 1280w\" sizes=\"(max-width: 1024px) 100vw, 1024px\" \/><\/a><\/figure><\/li><li class=\"blocks-gallery-item\"><figure><a href=\"https:\/\/www.skimo.at\/rennen\/files\/2025\/02\/laserzlauf-02-2025-951afk-2.jpeg\"><img loading=\"lazy\" width=\"1024\" height=\"682\" src=\"https:\/\/www.skimo.at\/rennen\/files\/2025\/02\/laserzlauf-02-2025-951afk-2-1024x682.jpeg\" alt=\"\" data-id=\"305230\" data-full-url=\"https:\/\/www.skimo.at\/rennen\/files\/2025\/02\/laserzlauf-02-2025-951afk-2.jpeg\" data-link=\"https:\/\/www.skimo.at\/rennen\/?attachment_id=305230\" class=\"wp-image-305230\" srcset=\"https:\/\/www.skimo.at\/rennen\/files\/2025\/02\/laserzlauf-02-2025-951afk-2-1024x682.jpeg 1024w, https:\/\/www.skimo.at\/rennen\/files\/2025\/02\/laserzlauf-02-2025-951afk-2-300x200.jpeg 300w, https:\/\/www.skimo.at\/rennen\/files\/2025\/02\/laserzlauf-02-2025-951afk-2-768x512.jpeg 768w, https:\/\/www.skimo.at\/rennen\/files\/2025\/02\/laserzlauf-02-2025-951afk-2-746x497.jpeg 746w, https:\/\/www.skimo.at\/rennen\/files\/2025\/02\/laserzlauf-02-2025-951afk-2-618x412.jpeg 618w, https:\/\/www.skimo.at\/rennen\/files\/2025\/02\/laserzlauf-02-2025-951afk-2-554x369.jpeg 554w, https:\/\/www.skimo.at\/rennen\/files\/2025\/02\/laserzlauf-02-2025-951afk-2-299x199.jpeg 299w, https:\/\/www.skimo.at\/rennen\/files\/2025\/02\/laserzlauf-02-2025-951afk-2-1224x816.jpeg 1224w, https:\/\/www.skimo.at\/rennen\/files\/2025\/02\/laserzlauf-02-2025-951afk-2-970x646.jpeg 970w, https:\/\/www.skimo.at\/rennen\/files\/2025\/02\/laserzlauf-02-2025-951afk-2-140x93.jpeg 140w, https:\/\/www.skimo.at\/rennen\/files\/2025\/02\/laserzlauf-02-2025-951afk-2-540x360.jpeg 540w, https:\/\/www.skimo.at\/rennen\/files\/2025\/02\/laserzlauf-02-2025-951afk-2.jpeg 1280w\" sizes=\"(max-width: 1024px) 100vw, 1024px\" \/><\/a><\/figure><\/li><li class=\"blocks-gallery-item\"><figure><a href=\"https:\/\/www.skimo.at\/rennen\/files\/2025\/02\/laserzlauf-02-2025-962afk-1.jpeg\"><img loading=\"lazy\" width=\"1024\" height=\"682\" src=\"https:\/\/www.skimo.at\/rennen\/files\/2025\/02\/laserzlauf-02-2025-962afk-1-1024x682.jpeg\" alt=\"\" data-id=\"305231\" data-full-url=\"https:\/\/www.skimo.at\/rennen\/files\/2025\/02\/laserzlauf-02-2025-962afk-1.jpeg\" data-link=\"https:\/\/www.skimo.at\/rennen\/?attachment_id=305231\" class=\"wp-image-305231\" srcset=\"https:\/\/www.skimo.at\/rennen\/files\/2025\/02\/laserzlauf-02-2025-962afk-1-1024x682.jpeg 1024w, https:\/\/www.skimo.at\/rennen\/files\/2025\/02\/laserzlauf-02-2025-962afk-1-300x200.jpeg 300w, https:\/\/www.skimo.at\/rennen\/files\/2025\/02\/laserzlauf-02-2025-962afk-1-768x512.jpeg 768w, https:\/\/www.skimo.at\/rennen\/files\/2025\/02\/laserzlauf-02-2025-962afk-1-746x497.jpeg 746w, https:\/\/www.skimo.at\/rennen\/files\/2025\/02\/laserzlauf-02-2025-962afk-1-618x412.jpeg 618w, https:\/\/www.skimo.at\/rennen\/files\/2025\/02\/laserzlauf-02-2025-962afk-1-554x369.jpeg 554w, https:\/\/www.skimo.at\/rennen\/files\/2025\/02\/laserzlauf-02-2025-962afk-1-299x199.jpeg 299w, https:\/\/www.skimo.at\/rennen\/files\/2025\/02\/laserzlauf-02-2025-962afk-1-1224x816.jpeg 1224w, https:\/\/www.skimo.at\/rennen\/files\/2025\/02\/laserzlauf-02-2025-962afk-1-970x646.jpeg 970w, https:\/\/www.skimo.at\/rennen\/files\/2025\/02\/laserzlauf-02-2025-962afk-1-140x93.jpeg 140w, https:\/\/www.skimo.at\/rennen\/files\/2025\/02\/laserzlauf-02-2025-962afk-1-540x360.jpeg 540w, https:\/\/www.skimo.at\/rennen\/files\/2025\/02\/laserzlauf-02-2025-962afk-1.jpeg 1280w\" sizes=\"(max-width: 1024px) 100vw, 1024px\" \/><\/a><\/figure><\/li><\/ul><figcaption class=\"blocks-gallery-caption\">Bildrechte: Alpenraute Lienz<\/figcaption><\/figure>\n\n\n\n<p><\/p>\n","protected":false},"excerpt":{"rendered":"<p>Bei idealen Bedingungen ging der 35. Laserzlauf am Sonntag 23.2. \u00fcber die B\u00fchne. Die anspruchsvolle Rennstrecke \u00fcber Rund 1800 H\u00f6henmeter mit 2 Tragepassagen und 3 Abfahrten stie\u00df bei den Athleten auf gro\u00dfe Begeisterung. Der Laserzlauf ist einer der letzten Skitourenl\u00e4ufe in \u00d6sterreich, welcher ausschlie\u00dflich durch alpines Gel\u00e4nde f\u00fchrt. Der Sieg in der Rennklasse der Herren [&hellip;]<\/p>\n","protected":false},"author":43,"featured_media":305217,"comment_status":"closed","ping_status":"closed","sticky":false,"template":"","format":"standard","meta":[],"categories":[1,3],"tags":[],"yoast_head":"<!-- This site is optimized with the Yoast SEO plugin v16.3 - https:\/\/yoast.com\/wordpress\/plugins\/seo\/ -->\n<title>Armin H\u00f6fl und Vasinova Marcela gewinnen den 35. Laserzlauf - Rennen<\/title>\n<meta name=\"robots\" content=\"index, follow, max-snippet:-1, max-image-preview:large, max-video-preview:-1\" \/>\n<link rel=\"canonical\" href=\"https:\/\/www.skimo.at\/rennen\/305207\/armin-hoefl-und-vasinova-marcela-gewinnen-den-35-laserzlauf\/\" \/>\n<meta property=\"og:locale\" content=\"de_DE\" \/>\n<meta property=\"og:type\" content=\"article\" \/>\n<meta property=\"og:title\" content=\"Armin H\u00f6fl und Vasinova Marcela gewinnen den 35. Laserzlauf - Rennen\" \/>\n<meta property=\"og:description\" content=\"Bei idealen Bedingungen ging der 35. Laserzlauf am Sonntag 23.2. \u00fcber die B\u00fchne. Die anspruchsvolle Rennstrecke \u00fcber Rund 1800 H\u00f6henmeter mit 2 Tragepassagen und 3 Abfahrten stie\u00df bei den Athleten auf gro\u00dfe Begeisterung. Der Laserzlauf ist einer der letzten Skitourenl\u00e4ufe in \u00d6sterreich, welcher ausschlie\u00dflich durch alpines Gel\u00e4nde f\u00fchrt. Der Sieg in der Rennklasse der Herren [&hellip;]\" \/>\n<meta property=\"og:url\" content=\"https:\/\/www.skimo.at\/rennen\/305207\/armin-hoefl-und-vasinova-marcela-gewinnen-den-35-laserzlauf\/\" \/>\n<meta property=\"og:site_name\" content=\"Rennen\" \/>\n<meta property=\"article:published_time\" content=\"2025-02-25T10:33:02+00:00\" \/>\n<meta property=\"article:modified_time\" content=\"2025-02-26T11:19:19+00:00\" \/>\n<meta property=\"og:image\" content=\"https:\/\/www.skimo.at\/rennen\/files\/2025\/02\/laserzlauf-02-2025-526af-1.jpeg\" \/>\n\t<meta property=\"og:image:width\" content=\"1280\" \/>\n\t<meta property=\"og:image:height\" content=\"853\" \/>\n<meta name=\"twitter:card\" content=\"summary\" \/>\n<meta name=\"twitter:label1\" content=\"Gesch\u00e4tzte Lesezeit\">\n\t<meta name=\"twitter:data1\" content=\"4\u00a0Minuten\">\n<script type=\"application\/ld+json\" class=\"yoast-schema-graph\">{\"@context\":\"https:\/\/schema.org\",\"@graph\":[{\"@type\":\"WebSite\",\"@id\":\"https:\/\/skimo.73.jarolim.eu\/rennen\/#website\",\"url\":\"https:\/\/skimo.73.jarolim.eu\/rennen\/\",\"name\":\"Rennen\",\"description\":\"\",\"potentialAction\":[{\"@type\":\"SearchAction\",\"target\":\"https:\/\/skimo.73.jarolim.eu\/rennen\/?s={search_term_string}\",\"query-input\":\"required name=search_term_string\"}],\"inLanguage\":\"de\"},{\"@type\":\"ImageObject\",\"@id\":\"https:\/\/www.skimo.at\/rennen\/305207\/armin-hoefl-und-vasinova-marcela-gewinnen-den-35-laserzlauf\/#primaryimage\",\"inLanguage\":\"de\",\"url\":\"https:\/\/www.skimo.at\/rennen\/files\/2025\/02\/laserzlauf-02-2025-526af-1.jpeg\",\"contentUrl\":\"https:\/\/www.skimo.at\/rennen\/files\/2025\/02\/laserzlauf-02-2025-526af-1.jpeg\",\"width\":1280,\"height\":853},{\"@type\":\"WebPage\",\"@id\":\"https:\/\/www.skimo.at\/rennen\/305207\/armin-hoefl-und-vasinova-marcela-gewinnen-den-35-laserzlauf\/#webpage\",\"url\":\"https:\/\/www.skimo.at\/rennen\/305207\/armin-hoefl-und-vasinova-marcela-gewinnen-den-35-laserzlauf\/\",\"name\":\"Armin H\\u00f6fl und Vasinova Marcela gewinnen den 35. Laserzlauf - Rennen\",\"isPartOf\":{\"@id\":\"https:\/\/skimo.73.jarolim.eu\/rennen\/#website\"},\"primaryImageOfPage\":{\"@id\":\"https:\/\/www.skimo.at\/rennen\/305207\/armin-hoefl-und-vasinova-marcela-gewinnen-den-35-laserzlauf\/#primaryimage\"},\"datePublished\":\"2025-02-25T10:33:02+00:00\",\"dateModified\":\"2025-02-26T11:19:19+00:00\",\"author\":{\"@id\":\"https:\/\/skimo.73.jarolim.eu\/rennen\/#\/schema\/person\/d1fd885720578102ff9dbc135863dec9\"},\"breadcrumb\":{\"@id\":\"https:\/\/www.skimo.at\/rennen\/305207\/armin-hoefl-und-vasinova-marcela-gewinnen-den-35-laserzlauf\/#breadcrumb\"},\"inLanguage\":\"de\",\"potentialAction\":[{\"@type\":\"ReadAction\",\"target\":[\"https:\/\/www.skimo.at\/rennen\/305207\/armin-hoefl-und-vasinova-marcela-gewinnen-den-35-laserzlauf\/\"]}]},{\"@type\":\"BreadcrumbList\",\"@id\":\"https:\/\/www.skimo.at\/rennen\/305207\/armin-hoefl-und-vasinova-marcela-gewinnen-den-35-laserzlauf\/#breadcrumb\",\"itemListElement\":[{\"@type\":\"ListItem\",\"position\":1,\"item\":{\"@type\":\"WebPage\",\"@id\":\"https:\/\/skimo.73.jarolim.eu\/rennen\/\",\"url\":\"https:\/\/skimo.73.jarolim.eu\/rennen\/\",\"name\":\"Home\"}},{\"@type\":\"ListItem\",\"position\":2,\"item\":{\"@id\":\"https:\/\/www.skimo.at\/rennen\/305207\/armin-hoefl-und-vasinova-marcela-gewinnen-den-35-laserzlauf\/#webpage\"}}]},{\"@type\":\"Person\",\"@id\":\"https:\/\/skimo.73.jarolim.eu\/rennen\/#\/schema\/person\/d1fd885720578102ff9dbc135863dec9\",\"name\":\"mseethaler\",\"image\":{\"@type\":\"ImageObject\",\"@id\":\"https:\/\/skimo.73.jarolim.eu\/rennen\/#personlogo\",\"inLanguage\":\"de\",\"url\":\"https:\/\/secure.gravatar.com\/avatar\/72e9ae544f40c38c3dd881925ccc0b30?s=96&r=g\",\"contentUrl\":\"https:\/\/secure.gravatar.com\/avatar\/72e9ae544f40c38c3dd881925ccc0b30?s=96&r=g\",\"caption\":\"mseethaler\"},\"url\":\"https:\/\/www.skimo.at\/rennen\/author\/mseethaler\/\"}]}<\/script>\n<!-- \/ Yoast SEO plugin. -->","_links":{"self":[{"href":"https:\/\/www.skimo.at\/rennen\/wp-json\/wp\/v2\/posts\/305207"}],"collection":[{"href":"https:\/\/www.skimo.at\/rennen\/wp-json\/wp\/v2\/posts"}],"about":[{"href":"https:\/\/www.skimo.at\/rennen\/wp-json\/wp\/v2\/types\/post"}],"author":[{"embeddable":true,"href":"https:\/\/www.skimo.at\/rennen\/wp-json\/wp\/v2\/users\/43"}],"replies":[{"embeddable":true,"href":"https:\/\/www.skimo.at\/rennen\/wp-json\/wp\/v2\/comments?post=305207"}],"version-history":[{"count":3,"href":"https:\/\/www.skimo.at\/rennen\/wp-json\/wp\/v2\/posts\/305207\/revisions"}],"predecessor-version":[{"id":305234,"href":"https:\/\/www.skimo.at\/rennen\/wp-json\/wp\/v2\/posts\/305207\/revisions\/305234"}],"wp:featuredmedia":[{"embeddable":true,"href":"https:\/\/www.skimo.at\/rennen\/wp-json\/wp\/v2\/media\/305217"}],"wp:attachment":[{"href":"https:\/\/www.skimo.at\/rennen\/wp-json\/wp\/v2\/media?parent=305207"}],"wp:term":[{"taxonomy":"category","embeddable":true,"href":"https:\/\/www.skimo.at\/rennen\/wp-json\/wp\/v2\/categories?post=305207"},{"taxonomy":"post_tag","embeddable":true,"href":"https:\/\/www.skimo.at\/rennen\/wp-json\/wp\/v2\/tags?post=305207"}],"curies":[{"name":"wp","href":"https:\/\/api.w.org\/{rel}","templated":true}]}}