{"id":303433,"date":"2024-12-31T15:24:22","date_gmt":"2024-12-31T13:24:22","guid":{"rendered":"https:\/\/www.skimo.at\/rennen\/?p=303433"},"modified":"2025-01-02T20:26:25","modified_gmt":"2025-01-02T18:26:25","slug":"mit-geht-steil-am-07-01-2025-in-mieders-startet-eine-neuen-skitouren-event-reihe-rund-um-innsbruck","status":"publish","type":"post","link":"https:\/\/www.skimo.at\/rennen\/303433\/mit-geht-steil-am-07-01-2025-in-mieders-startet-eine-neuen-skitouren-event-reihe-rund-um-innsbruck\/","title":{"rendered":"Mit \u201cgeht.steil.\u201d am 07.01.2025 in Mieders startet eine neue Skitouren Event Reihe rund um Innsbruck."},"content":{"rendered":"\n<p>Die Jungs und M\u00e4dels des Fahrradverein KISS, die gr\u00f6\u00dfte Rennrad Community in Innsbruck hat es sich zum Ziel gemacht deine gew\u00f6hnliche Feierabendskitour zu einem besonderen Erlebnis gemeinsam mit vielen Gleichgesinnten zu machen.<\/p>\n\n\n\n<p>Egal ob mit deiner Crew \u00fcber eine \u201eTeam Mittelzeit,\u201c als Rennski Racer:in oder in der Rucksackklasse Mittelzeit. Geht. Steil. bietet f\u00fcr dich das passende Format deinen schwei\u00dftreibenden Aufstieg oder deine Pers\u00f6nliche Bestleistung geb\u00fchrend zu feiern.<\/p>\n\n\n\n<p>Gewertet werden die einzelnen Events und die Serie \u00fcber ein Punktesystemin drei verschiedenen Klassen:<\/p>\n\n\n\n<p>\u2013 Rennklasse (Ausr\u00fcstung gem. ISMF Standards)<\/p>\n\n\n\n<p>\u2013 Team Mittelzeit &nbsp;(min. 2 Teilnehmer:innen)<\/p>\n\n\n\n<p>\u2013 Solo Mittelzeit (Rucksackklasse)<\/p>\n\n\n\n<p>Die Community und das Miteinander am Berg stehen bei geht.steil. absolut im Vordergrund!<\/p>\n\n\n\n<p>Wir freuen uns auf spanende Events gemeinsam mit dir.<\/p>\n\n\n\n<p>Anmeldung und Informationen auf&nbsp;<a href=\"https:\/\/my.raceresult.com\/316994\/\">www.gehtsteil.at<\/a><\/p>\n\n\n\n<figure class=\"wp-block-gallery columns-1 is-cropped\"><ul class=\"blocks-gallery-grid\"><li class=\"blocks-gallery-item\"><figure><a href=\"https:\/\/www.skimo.at\/rennen\/files\/2024\/12\/logo-gs-black-slogan1-scaled.jpg\"><img loading=\"lazy\" width=\"1024\" height=\"557\" src=\"https:\/\/www.skimo.at\/rennen\/files\/2024\/12\/logo-gs-black-slogan1-1024x557.jpg\" alt=\"\" data-id=\"303437\" data-full-url=\"https:\/\/www.skimo.at\/rennen\/files\/2024\/12\/logo-gs-black-slogan1-scaled.jpg\" data-link=\"https:\/\/www.skimo.at\/rennen\/303433\/mit-geht-steil-am-05-01-2025-in-mieders-startet-eine-neuen-skitouren-event-reihe-rund-um-innsbruck\/logo-gs-black-slogan1-2\/\" class=\"wp-image-303437\" srcset=\"https:\/\/www.skimo.at\/rennen\/files\/2024\/12\/logo-gs-black-slogan1-1024x557.jpg 1024w, https:\/\/www.skimo.at\/rennen\/files\/2024\/12\/logo-gs-black-slogan1-300x163.jpg 300w, https:\/\/www.skimo.at\/rennen\/files\/2024\/12\/logo-gs-black-slogan1-768x418.jpg 768w, https:\/\/www.skimo.at\/rennen\/files\/2024\/12\/logo-gs-black-slogan1-1224x666.jpg 1224w, https:\/\/www.skimo.at\/rennen\/files\/2024\/12\/logo-gs-black-slogan1-970x528.jpg 970w, https:\/\/www.skimo.at\/rennen\/files\/2024\/12\/logo-gs-black-slogan1-554x301.jpg 554w, https:\/\/www.skimo.at\/rennen\/files\/2024\/12\/logo-gs-black-slogan1-171x93.jpg 171w\" sizes=\"(max-width: 1024px) 100vw, 1024px\" \/><\/a><\/figure><\/li><\/ul><\/figure>\n","protected":false},"excerpt":{"rendered":"<p>Die Jungs und M\u00e4dels des Fahrradverein KISS, die gr\u00f6\u00dfte Rennrad Community in Innsbruck hat es sich zum Ziel gemacht deine gew\u00f6hnliche Feierabendskitour zu einem besonderen Erlebnis gemeinsam mit vielen Gleichgesinnten zu machen. Egal ob mit deiner Crew \u00fcber eine \u201eTeam Mittelzeit,\u201c als Rennski Racer:in oder in der Rucksackklasse Mittelzeit. Geht. Steil. bietet f\u00fcr dich das [&hellip;]<\/p>\n","protected":false},"author":43,"featured_media":303437,"comment_status":"closed","ping_status":"closed","sticky":false,"template":"","format":"standard","meta":[],"categories":[1,3],"tags":[],"yoast_head":"<!-- This site is optimized with the Yoast SEO plugin v16.3 - https:\/\/yoast.com\/wordpress\/plugins\/seo\/ -->\n<title>Mit \u201cgeht.steil.\u201d am 07.01.2025 in Mieders startet eine neue Skitouren Event Reihe rund um Innsbruck. - Rennen<\/title>\n<meta name=\"robots\" content=\"index, follow, max-snippet:-1, max-image-preview:large, max-video-preview:-1\" \/>\n<link rel=\"canonical\" href=\"https:\/\/www.skimo.at\/rennen\/303433\/mit-geht-steil-am-07-01-2025-in-mieders-startet-eine-neuen-skitouren-event-reihe-rund-um-innsbruck\/\" \/>\n<meta property=\"og:locale\" content=\"de_DE\" \/>\n<meta property=\"og:type\" content=\"article\" \/>\n<meta property=\"og:title\" content=\"Mit \u201cgeht.steil.\u201d am 07.01.2025 in Mieders startet eine neue Skitouren Event Reihe rund um Innsbruck. - Rennen\" \/>\n<meta property=\"og:description\" content=\"Die Jungs und M\u00e4dels des Fahrradverein KISS, die gr\u00f6\u00dfte Rennrad Community in Innsbruck hat es sich zum Ziel gemacht deine gew\u00f6hnliche Feierabendskitour zu einem besonderen Erlebnis gemeinsam mit vielen Gleichgesinnten zu machen. Egal ob mit deiner Crew \u00fcber eine \u201eTeam Mittelzeit,\u201c als Rennski Racer:in oder in der Rucksackklasse Mittelzeit. Geht. Steil. bietet f\u00fcr dich das [&hellip;]\" \/>\n<meta property=\"og:url\" content=\"https:\/\/www.skimo.at\/rennen\/303433\/mit-geht-steil-am-07-01-2025-in-mieders-startet-eine-neuen-skitouren-event-reihe-rund-um-innsbruck\/\" \/>\n<meta property=\"og:site_name\" content=\"Rennen\" \/>\n<meta property=\"article:published_time\" content=\"2024-12-31T13:24:22+00:00\" \/>\n<meta property=\"article:modified_time\" content=\"2025-01-02T18:26:25+00:00\" \/>\n<meta property=\"og:image\" content=\"https:\/\/www.skimo.at\/rennen\/files\/2024\/12\/logo-gs-black-slogan1-scaled.jpg\" \/>\n\t<meta property=\"og:image:width\" content=\"2560\" \/>\n\t<meta property=\"og:image:height\" content=\"1393\" \/>\n<meta name=\"twitter:card\" content=\"summary\" \/>\n<meta name=\"twitter:label1\" content=\"Gesch\u00e4tzte Lesezeit\">\n\t<meta name=\"twitter:data1\" content=\"1\u00a0Minute\">\n<script type=\"application\/ld+json\" class=\"yoast-schema-graph\">{\"@context\":\"https:\/\/schema.org\",\"@graph\":[{\"@type\":\"WebSite\",\"@id\":\"https:\/\/skimo.73.jarolim.eu\/rennen\/#website\",\"url\":\"https:\/\/skimo.73.jarolim.eu\/rennen\/\",\"name\":\"Rennen\",\"description\":\"\",\"potentialAction\":[{\"@type\":\"SearchAction\",\"target\":\"https:\/\/skimo.73.jarolim.eu\/rennen\/?s={search_term_string}\",\"query-input\":\"required name=search_term_string\"}],\"inLanguage\":\"de\"},{\"@type\":\"ImageObject\",\"@id\":\"https:\/\/www.skimo.at\/rennen\/303433\/mit-geht-steil-am-07-01-2025-in-mieders-startet-eine-neuen-skitouren-event-reihe-rund-um-innsbruck\/#primaryimage\",\"inLanguage\":\"de\",\"url\":\"https:\/\/www.skimo.at\/rennen\/files\/2024\/12\/logo-gs-black-slogan1-scaled.jpg\",\"contentUrl\":\"https:\/\/www.skimo.at\/rennen\/files\/2024\/12\/logo-gs-black-slogan1-scaled.jpg\",\"width\":2560,\"height\":1393},{\"@type\":\"WebPage\",\"@id\":\"https:\/\/www.skimo.at\/rennen\/303433\/mit-geht-steil-am-07-01-2025-in-mieders-startet-eine-neuen-skitouren-event-reihe-rund-um-innsbruck\/#webpage\",\"url\":\"https:\/\/www.skimo.at\/rennen\/303433\/mit-geht-steil-am-07-01-2025-in-mieders-startet-eine-neuen-skitouren-event-reihe-rund-um-innsbruck\/\",\"name\":\"Mit \\u201cgeht.steil.\\u201d am 07.01.2025 in Mieders startet eine neue Skitouren Event Reihe rund um Innsbruck. - Rennen\",\"isPartOf\":{\"@id\":\"https:\/\/skimo.73.jarolim.eu\/rennen\/#website\"},\"primaryImageOfPage\":{\"@id\":\"https:\/\/www.skimo.at\/rennen\/303433\/mit-geht-steil-am-07-01-2025-in-mieders-startet-eine-neuen-skitouren-event-reihe-rund-um-innsbruck\/#primaryimage\"},\"datePublished\":\"2024-12-31T13:24:22+00:00\",\"dateModified\":\"2025-01-02T18:26:25+00:00\",\"author\":{\"@id\":\"https:\/\/skimo.73.jarolim.eu\/rennen\/#\/schema\/person\/d1fd885720578102ff9dbc135863dec9\"},\"breadcrumb\":{\"@id\":\"https:\/\/www.skimo.at\/rennen\/303433\/mit-geht-steil-am-07-01-2025-in-mieders-startet-eine-neuen-skitouren-event-reihe-rund-um-innsbruck\/#breadcrumb\"},\"inLanguage\":\"de\",\"potentialAction\":[{\"@type\":\"ReadAction\",\"target\":[\"https:\/\/www.skimo.at\/rennen\/303433\/mit-geht-steil-am-07-01-2025-in-mieders-startet-eine-neuen-skitouren-event-reihe-rund-um-innsbruck\/\"]}]},{\"@type\":\"BreadcrumbList\",\"@id\":\"https:\/\/www.skimo.at\/rennen\/303433\/mit-geht-steil-am-07-01-2025-in-mieders-startet-eine-neuen-skitouren-event-reihe-rund-um-innsbruck\/#breadcrumb\",\"itemListElement\":[{\"@type\":\"ListItem\",\"position\":1,\"item\":{\"@type\":\"WebPage\",\"@id\":\"https:\/\/skimo.73.jarolim.eu\/rennen\/\",\"url\":\"https:\/\/skimo.73.jarolim.eu\/rennen\/\",\"name\":\"Home\"}},{\"@type\":\"ListItem\",\"position\":2,\"item\":{\"@id\":\"https:\/\/www.skimo.at\/rennen\/303433\/mit-geht-steil-am-07-01-2025-in-mieders-startet-eine-neuen-skitouren-event-reihe-rund-um-innsbruck\/#webpage\"}}]},{\"@type\":\"Person\",\"@id\":\"https:\/\/skimo.73.jarolim.eu\/rennen\/#\/schema\/person\/d1fd885720578102ff9dbc135863dec9\",\"name\":\"mseethaler\",\"image\":{\"@type\":\"ImageObject\",\"@id\":\"https:\/\/skimo.73.jarolim.eu\/rennen\/#personlogo\",\"inLanguage\":\"de\",\"url\":\"https:\/\/secure.gravatar.com\/avatar\/72e9ae544f40c38c3dd881925ccc0b30?s=96&r=g\",\"contentUrl\":\"https:\/\/secure.gravatar.com\/avatar\/72e9ae544f40c38c3dd881925ccc0b30?s=96&r=g\",\"caption\":\"mseethaler\"},\"url\":\"https:\/\/www.skimo.at\/rennen\/author\/mseethaler\/\"}]}<\/script>\n<!-- \/ Yoast SEO plugin. -->","_links":{"self":[{"href":"https:\/\/www.skimo.at\/rennen\/wp-json\/wp\/v2\/posts\/303433"}],"collection":[{"href":"https:\/\/www.skimo.at\/rennen\/wp-json\/wp\/v2\/posts"}],"about":[{"href":"https:\/\/www.skimo.at\/rennen\/wp-json\/wp\/v2\/types\/post"}],"author":[{"embeddable":true,"href":"https:\/\/www.skimo.at\/rennen\/wp-json\/wp\/v2\/users\/43"}],"replies":[{"embeddable":true,"href":"https:\/\/www.skimo.at\/rennen\/wp-json\/wp\/v2\/comments?post=303433"}],"version-history":[{"count":4,"href":"https:\/\/www.skimo.at\/rennen\/wp-json\/wp\/v2\/posts\/303433\/revisions"}],"predecessor-version":[{"id":303495,"href":"https:\/\/www.skimo.at\/rennen\/wp-json\/wp\/v2\/posts\/303433\/revisions\/303495"}],"wp:featuredmedia":[{"embeddable":true,"href":"https:\/\/www.skimo.at\/rennen\/wp-json\/wp\/v2\/media\/303437"}],"wp:attachment":[{"href":"https:\/\/www.skimo.at\/rennen\/wp-json\/wp\/v2\/media?parent=303433"}],"wp:term":[{"taxonomy":"category","embeddable":true,"href":"https:\/\/www.skimo.at\/rennen\/wp-json\/wp\/v2\/categories?post=303433"},{"taxonomy":"post_tag","embeddable":true,"href":"https:\/\/www.skimo.at\/rennen\/wp-json\/wp\/v2\/tags?post=303433"}],"curies":[{"name":"wp","href":"https:\/\/api.w.org\/{rel}","templated":true}]}}