{"id":303427,"date":"2024-12-31T14:58:16","date_gmt":"2024-12-31T12:58:16","guid":{"rendered":"https:\/\/www.skimo.at\/rennen\/?p=303427"},"modified":"2025-01-03T13:39:54","modified_gmt":"2025-01-03T11:39:54","slug":"dreier-und-hochenwarter-gehen-als-vertical-staatsmeister-ins-neue-jahr","status":"publish","type":"post","link":"https:\/\/www.skimo.at\/rennen\/303427\/dreier-und-hochenwarter-gehen-als-vertical-staatsmeister-ins-neue-jahr\/","title":{"rendered":"Dreier und Hochenwarter gehen als Vertical-Staatsmeister ins neue Jahr"},"content":{"rendered":"\n<p>Sarah Dreier und Christof Hochenwarter kr\u00f6nten sich bei der gestrigen \u00d6M, im Rahmen des Gernkogel Vertical, zum \u00f6sterreichischen Staatsmeister. Mit den Weltmeisterschaften in der Schweiz und dem Heimweltcup in Schladming stehen 2025 zwei gro\u00dfe Highlights f\u00fcr die Skibergsteiger im Kalender.<\/p>\n\n\n\n<!--more-->\n\n\n\n<p>Das 3. Gernkogel Vertical in St. Johann im Pongau war am gestrigen Montag zugleich Austragungsort der \u00f6sterreichischen Staatsmeisterschaften. Rund 90 Teilnehmer gingen auf der 4 Kilometer langen Strecke mit 812 H\u00f6henmetern an den Start. Mit einer absoluten Bestzeit von 30:25 Minuten und somit neuem Streckenrekord sicherte sich Ski Austria-L\u00e4ufer Christof Hochenwarter den Sieg und den Staatsmeistertitel im Vertical. Damit verwies der K\u00e4rntner seinen Teamkollegen und Vorjahressieger Paul Verbnjak mit rund 21 Sekunden auf Platz 2. Eine mehr als \u00fcberzeugende Leistung zeigte Kevin Hinterberger, der nur wenige Sekunden dahinter ins Ziel kam. Einen \u00fcberragenden 4. Platz feierte der erst 21-j\u00e4hrige Hannes Lohfeyer, der nach langem Kopf-an-Kopf-Duell letztendlich Nils Oberauer hinter sich halten konnte. Eine gute Form zeigten auch die weiteren \u00d6SV-Herren mit Julian Tritscher, Daniel Zugg und Andreas Mayer auf den R\u00e4ngen 7 bis 9.<\/p>\n\n\n\n<p>Bei den \u00d6SV-Damen lieferten sich Vertical-Europameisterin Sarah Dreier und Johanna Hiemer bis etwa zur Halbzeit ein enges Rennen. Im letzten Abschnitt konnte die Salzburgerin jedoch erneut zulegen und sich mit einer Laufzeit von 36:15 Minuten den Sieg sichern. Damit k\u00fcrte sich die 29-J\u00e4hrige bereits zum 5. Mal in Folge zur \u00f6sterreichischen Vertical-Staatsmeisterin. Johanna Hiemer, die in dieser Saison vor allem die Mixed-Staffel in den Fokus r\u00fccken m\u00f6chte, belegte Rang 2. Der 3. Platz ging an die Salzburgerin Linda Wilhelmst\u00e4tter. Die \u00d6SV-Nachwuchsl\u00e4ufer Silvano Wolf und Elias Peer sicherten sich die obersten Podestpl\u00e4tze in der U20-Wertung.<\/p>\n\n\n\n<h2>Vorfreude auf das neue Jahr<\/h2>\n\n\n\n<p>F\u00fcr die \u00d6SV-Skibergsteiger stehen im kommenden Jahr mit den Weltmeisterschaften in Morgins (SUI) vom 2. bis 9. M\u00e4rz 2025 und dem direkt anschlie\u00dfenden Heimweltcup in Schladming (13. \u2013 15. M\u00e4rz 2025) zwei echte Highlights im Kalender. Au\u00dferdem gilt es in dieser Saison erstmals auch f\u00fcr die Skibergsteiger, die Olympiaqualifikation f\u00fcr Milano-Cortina 2026 zu erreichen. Zun\u00e4chst hei\u00dft es f\u00fcr das \u00d6SV-Team aber erst einmal, sich gut zu regenerieren und sich auf den n\u00e4chsten Weltcup vorzubereiten. Vom 10. bis 13. Januar gehen dann in Aserbaidschan die Sprint-, Vertical- und Individual-Bewerbe \u00fcber die B\u00fchne. Zeitgleich finden am 11. und 12. Januar die Masters-Weltmeisterschaften sowie die \u00f6sterreichischen Meisterschaften im Individual im Rahmen der Erztrophy in Werfenweng statt. Altmeister und Ex-\u00d6SV-L\u00e4ufer Christian Hoffmann, der auch die Masters-Klasse beim gestrigen Gernkogel Vertical f\u00fcr sich entscheiden konnte, d\u00fcrfte dabei zu den hei\u00dfesten Anw\u00e4rtern auf einen Titel z\u00e4hlen.<\/p>\n\n\n\n<h2>STIMMEN:<\/h2>\n\n\n\n<blockquote class=\"wp-block-quote\"><p>\u201eIch bin sehr happy. Ich habe heute das f\u00fcnfte Mal den Staatsmeistertitel im Vertical holen k\u00f6nnen, aber ich freue mich auch f\u00fcr Johanna, die immer n\u00e4her rankommt und ebenfalls in einer tollen Form ist. Diesen Spirit wollen wir jetzt ins neue Jahr mitnehmen. Insofern freue ich mich riesig auf die n\u00e4chsten Rennen und dann nat\u00fcrlich auf die WM sowie den Heimweltcup in Schladming.\u201c<\/p><cite>Sarah Dreier<\/cite><\/blockquote>\n\n\n\n<blockquote class=\"wp-block-quote\"><p>\u201eEs ist mein erster Staatsmeistertitel im Skibergsteigen und das ist nat\u00fcrlich schon etwas Besonderes f\u00fcr mich. Das gibt mir noch einmal zus\u00e4tzliche Motivation, und ich kann es kaum erwarten, in 14 Tagen im Vertical-Weltcup an den Start zu gehen. Das Podest ist definitiv mein Ziel f\u00fcr 2025.\u201c<\/p><cite>Christof Hochenwarter<\/cite><\/blockquote>\n\n\n\n<p>Text und Bilder: \u00d6SV \/ Martin Weigl und Andreas Eberhart<\/p>\n\n\n\n<p><strong>Die Wertungsklassen holten sich folgende Starter:<\/strong><br><\/p>\n\n\n\n<figure class=\"wp-block-table\"><table><tbody><tr><td><strong>JUNIOR:INNEN<\/strong><\/td><td>&nbsp;<\/td><\/tr><tr><td>Kendlbacher Benedikt &#8211; U14 &#8211; 21:16 Steinecker Florian &#8211; U16 &#8211; 16:21 &nbsp; B\u00f6hm Balthasar &#8211; U16 &#8211; 58:50 &nbsp;<\/td><td>Voithofer Emilia &#8211; U14 &#8211; 19:59 Breitfu\u00df Emily &#8211; U16 &#8211; 18:55 Baub\u00f6ck Emilie &#8211; U18 &#8211; 19:12 &nbsp;<\/td><\/tr><tr><td><strong>SENIOR<\/strong><\/td><td>&nbsp;<\/td><\/tr><tr><td>Christof Hochenwarter &#8211; 30:25 Paul Verbnjak &#8211; 30:46 Kevin Hinterberger &#8211; 30:54<\/td><td>Sarah Dreier &#8211; 36:15<br>Johanna Hiemer &#8211; 37:02 Linda Wilhelmst\u00e4tter &#8211; 41:16<\/td><\/tr><tr><td><strong>MASTERS<\/strong><\/td><td>&nbsp;<\/td><\/tr><tr><td>Christian Hoffmann &#8211; 33:13<br>Thomas Wallner &#8211; 34:27<br>Sepp Jetzbacker &#8211; 35:47<\/td><td>Silke Repaski &#8211; 59:57<br><\/td><\/tr><\/tbody><\/table><\/figure>\n\n\n\n<h2>Ergebnisse gesamt<\/h2>\n\n\n\n<div class=\"wp-block-file\"><a href=\"https:\/\/www.skimo.at\/rennen\/files\/2025\/01\/Ergebnisliste-Gernkogel-Vertical-30.12.2024.pdf\">Ergebnisliste Gernkogel Vertical 30.12.2024<\/a><a href=\"https:\/\/www.skimo.at\/rennen\/files\/2025\/01\/Ergebnisliste-Gernkogel-Vertical-30.12.2024.pdf\" class=\"wp-block-file__button\" download>Herunterladen<\/a><\/div>\n\n\n\n<h2>Bildergalerie<\/h2>\n\n\n\n<figure class=\"wp-block-gallery columns-3 is-cropped\"><ul class=\"blocks-gallery-grid\"><li class=\"blocks-gallery-item\"><figure><a href=\"https:\/\/www.skimo.at\/rennen\/?attachment_id=303428\"><img loading=\"lazy\" width=\"1024\" height=\"683\" src=\"https:\/\/www.skimo.at\/rennen\/files\/2024\/12\/andreas-eberhardt-1024x683.jpg\" alt=\"\" data-id=\"303428\" data-link=\"https:\/\/www.skimo.at\/rennen\/?attachment_id=303428\" class=\"wp-image-303428\" srcset=\"https:\/\/www.skimo.at\/rennen\/files\/2024\/12\/andreas-eberhardt-1024x683.jpg 1024w, https:\/\/www.skimo.at\/rennen\/files\/2024\/12\/andreas-eberhardt-300x200.jpg 300w, https:\/\/www.skimo.at\/rennen\/files\/2024\/12\/andreas-eberhardt-768x512.jpg 768w, https:\/\/www.skimo.at\/rennen\/files\/2024\/12\/andreas-eberhardt-746x497.jpg 746w, https:\/\/www.skimo.at\/rennen\/files\/2024\/12\/andreas-eberhardt-618x412.jpg 618w, https:\/\/www.skimo.at\/rennen\/files\/2024\/12\/andreas-eberhardt-554x370.jpg 554w, https:\/\/www.skimo.at\/rennen\/files\/2024\/12\/andreas-eberhardt-299x199.jpg 299w, https:\/\/www.skimo.at\/rennen\/files\/2024\/12\/andreas-eberhardt-1224x817.jpg 1224w, https:\/\/www.skimo.at\/rennen\/files\/2024\/12\/andreas-eberhardt-970x647.jpg 970w, https:\/\/www.skimo.at\/rennen\/files\/2024\/12\/andreas-eberhardt-139x93.jpg 139w, https:\/\/www.skimo.at\/rennen\/files\/2024\/12\/andreas-eberhardt-540x360.jpg 540w, https:\/\/www.skimo.at\/rennen\/files\/2024\/12\/andreas-eberhardt.jpg 1920w\" sizes=\"(max-width: 1024px) 100vw, 1024px\" \/><\/a><\/figure><\/li><li class=\"blocks-gallery-item\"><figure><a href=\"https:\/\/www.skimo.at\/rennen\/?attachment_id=303429\"><img loading=\"lazy\" width=\"683\" height=\"1024\" src=\"https:\/\/www.skimo.at\/rennen\/files\/2024\/12\/andreas-eberhardt-damen-podium-683x1024.jpg\" alt=\"\" data-id=\"303429\" data-link=\"https:\/\/www.skimo.at\/rennen\/?attachment_id=303429\" class=\"wp-image-303429\" srcset=\"https:\/\/www.skimo.at\/rennen\/files\/2024\/12\/andreas-eberhardt-damen-podium-683x1024.jpg 683w, https:\/\/www.skimo.at\/rennen\/files\/2024\/12\/andreas-eberhardt-damen-podium-200x300.jpg 200w, https:\/\/www.skimo.at\/rennen\/files\/2024\/12\/andreas-eberhardt-damen-podium-768x1151.jpg 768w, https:\/\/www.skimo.at\/rennen\/files\/2024\/12\/andreas-eberhardt-damen-podium-1224x1835.jpg 1224w, https:\/\/www.skimo.at\/rennen\/files\/2024\/12\/andreas-eberhardt-damen-podium-970x1454.jpg 970w, https:\/\/www.skimo.at\/rennen\/files\/2024\/12\/andreas-eberhardt-damen-podium-554x830.jpg 554w, https:\/\/www.skimo.at\/rennen\/files\/2024\/12\/andreas-eberhardt-damen-podium-62x93.jpg 62w, https:\/\/www.skimo.at\/rennen\/files\/2024\/12\/andreas-eberhardt-damen-podium.jpg 1281w\" sizes=\"(max-width: 683px) 100vw, 683px\" \/><\/a><\/figure><\/li><li class=\"blocks-gallery-item\"><figure><a href=\"https:\/\/www.skimo.at\/rennen\/?attachment_id=303430\"><img loading=\"lazy\" width=\"683\" height=\"1024\" src=\"https:\/\/www.skimo.at\/rennen\/files\/2024\/12\/andreas-eberhardt-herren-podium-683x1024.jpg\" alt=\"\" data-id=\"303430\" data-link=\"https:\/\/www.skimo.at\/rennen\/?attachment_id=303430\" class=\"wp-image-303430\" srcset=\"https:\/\/www.skimo.at\/rennen\/files\/2024\/12\/andreas-eberhardt-herren-podium-683x1024.jpg 683w, https:\/\/www.skimo.at\/rennen\/files\/2024\/12\/andreas-eberhardt-herren-podium-200x300.jpg 200w, https:\/\/www.skimo.at\/rennen\/files\/2024\/12\/andreas-eberhardt-herren-podium-768x1151.jpg 768w, https:\/\/www.skimo.at\/rennen\/files\/2024\/12\/andreas-eberhardt-herren-podium-1224x1835.jpg 1224w, https:\/\/www.skimo.at\/rennen\/files\/2024\/12\/andreas-eberhardt-herren-podium-970x1454.jpg 970w, https:\/\/www.skimo.at\/rennen\/files\/2024\/12\/andreas-eberhardt-herren-podium-554x830.jpg 554w, https:\/\/www.skimo.at\/rennen\/files\/2024\/12\/andreas-eberhardt-herren-podium-62x93.jpg 62w, https:\/\/www.skimo.at\/rennen\/files\/2024\/12\/andreas-eberhardt-herren-podium.jpg 1281w\" sizes=\"(max-width: 683px) 100vw, 683px\" \/><\/a><\/figure><\/li><li class=\"blocks-gallery-item\"><figure><a href=\"https:\/\/www.skimo.at\/rennen\/?attachment_id=303431\"><img loading=\"lazy\" width=\"1024\" height=\"681\" src=\"https:\/\/www.skimo.at\/rennen\/files\/2024\/12\/skiaustria-weigl-1024x681.jpg\" alt=\"\" data-id=\"303431\" data-link=\"https:\/\/www.skimo.at\/rennen\/?attachment_id=303431\" class=\"wp-image-303431\" srcset=\"https:\/\/www.skimo.at\/rennen\/files\/2024\/12\/skiaustria-weigl-1024x681.jpg 1024w, https:\/\/www.skimo.at\/rennen\/files\/2024\/12\/skiaustria-weigl-300x200.jpg 300w, https:\/\/www.skimo.at\/rennen\/files\/2024\/12\/skiaustria-weigl-768x511.jpg 768w, https:\/\/www.skimo.at\/rennen\/files\/2024\/12\/skiaustria-weigl-746x497.jpg 746w, https:\/\/www.skimo.at\/rennen\/files\/2024\/12\/skiaustria-weigl-618x412.jpg 618w, https:\/\/www.skimo.at\/rennen\/files\/2024\/12\/skiaustria-weigl-554x369.jpg 554w, https:\/\/www.skimo.at\/rennen\/files\/2024\/12\/skiaustria-weigl-299x199.jpg 299w, https:\/\/www.skimo.at\/rennen\/files\/2024\/12\/skiaustria-weigl-1224x814.jpg 1224w, https:\/\/www.skimo.at\/rennen\/files\/2024\/12\/skiaustria-weigl-970x645.jpg 970w, https:\/\/www.skimo.at\/rennen\/files\/2024\/12\/skiaustria-weigl-140x93.jpg 140w, https:\/\/www.skimo.at\/rennen\/files\/2024\/12\/skiaustria-weigl-540x360.jpg 540w\" sizes=\"(max-width: 1024px) 100vw, 1024px\" \/><\/a><\/figure><\/li><li class=\"blocks-gallery-item\"><figure><a href=\"https:\/\/www.skimo.at\/rennen\/303427\/dreier-und-hochenwarter-gehen-als-vertical-staatsmeister-ins-neue-jahr\/screenshot-2025-01-02-163450-1\/\"><img loading=\"lazy\" width=\"1024\" height=\"681\" src=\"https:\/\/www.skimo.at\/rennen\/files\/2025\/01\/screenshot-2025-01-02-163450-1-1024x681.jpg\" alt=\"\" data-id=\"303514\" data-full-url=\"https:\/\/www.skimo.at\/rennen\/files\/2025\/01\/screenshot-2025-01-02-163450-1.jpg\" data-link=\"https:\/\/www.skimo.at\/rennen\/303427\/dreier-und-hochenwarter-gehen-als-vertical-staatsmeister-ins-neue-jahr\/screenshot-2025-01-02-163450-1\/\" class=\"wp-image-303514\" srcset=\"https:\/\/www.skimo.at\/rennen\/files\/2025\/01\/screenshot-2025-01-02-163450-1-1024x681.jpg 1024w, https:\/\/www.skimo.at\/rennen\/files\/2025\/01\/screenshot-2025-01-02-163450-1-300x199.jpg 300w, https:\/\/www.skimo.at\/rennen\/files\/2025\/01\/screenshot-2025-01-02-163450-1-768x511.jpg 768w, https:\/\/www.skimo.at\/rennen\/files\/2025\/01\/screenshot-2025-01-02-163450-1-746x497.jpg 746w, https:\/\/www.skimo.at\/rennen\/files\/2025\/01\/screenshot-2025-01-02-163450-1-618x412.jpg 618w, https:\/\/www.skimo.at\/rennen\/files\/2025\/01\/screenshot-2025-01-02-163450-1-554x368.jpg 554w, https:\/\/www.skimo.at\/rennen\/files\/2025\/01\/screenshot-2025-01-02-163450-1-299x199.jpg 299w, https:\/\/www.skimo.at\/rennen\/files\/2025\/01\/screenshot-2025-01-02-163450-1-1224x814.jpg 1224w, https:\/\/www.skimo.at\/rennen\/files\/2025\/01\/screenshot-2025-01-02-163450-1-970x645.jpg 970w, https:\/\/www.skimo.at\/rennen\/files\/2025\/01\/screenshot-2025-01-02-163450-1-140x93.jpg 140w, https:\/\/www.skimo.at\/rennen\/files\/2025\/01\/screenshot-2025-01-02-163450-1-540x360.jpg 540w, https:\/\/www.skimo.at\/rennen\/files\/2025\/01\/screenshot-2025-01-02-163450-1.jpg 1247w\" sizes=\"(max-width: 1024px) 100vw, 1024px\" \/><\/a><\/figure><\/li><li class=\"blocks-gallery-item\"><figure><a href=\"https:\/\/www.skimo.at\/rennen\/303427\/dreier-und-hochenwarter-gehen-als-vertical-staatsmeister-ins-neue-jahr\/screenshot-2025-01-02-163527-1\/\"><img loading=\"lazy\" width=\"578\" height=\"831\" src=\"https:\/\/www.skimo.at\/rennen\/files\/2025\/01\/screenshot-2025-01-02-163527-1.jpg\" alt=\"\" data-id=\"303515\" data-full-url=\"https:\/\/www.skimo.at\/rennen\/files\/2025\/01\/screenshot-2025-01-02-163527-1.jpg\" data-link=\"https:\/\/www.skimo.at\/rennen\/303427\/dreier-und-hochenwarter-gehen-als-vertical-staatsmeister-ins-neue-jahr\/screenshot-2025-01-02-163527-1\/\" class=\"wp-image-303515\" srcset=\"https:\/\/www.skimo.at\/rennen\/files\/2025\/01\/screenshot-2025-01-02-163527-1.jpg 578w, https:\/\/www.skimo.at\/rennen\/files\/2025\/01\/screenshot-2025-01-02-163527-1-209x300.jpg 209w, https:\/\/www.skimo.at\/rennen\/files\/2025\/01\/screenshot-2025-01-02-163527-1-554x796.jpg 554w, https:\/\/www.skimo.at\/rennen\/files\/2025\/01\/screenshot-2025-01-02-163527-1-65x93.jpg 65w\" sizes=\"(max-width: 578px) 100vw, 578px\" \/><\/a><\/figure><\/li><li class=\"blocks-gallery-item\"><figure><a href=\"https:\/\/www.skimo.at\/rennen\/303427\/dreier-und-hochenwarter-gehen-als-vertical-staatsmeister-ins-neue-jahr\/screenshot-2025-01-02-163553-1\/\"><img loading=\"lazy\" width=\"550\" height=\"829\" src=\"https:\/\/www.skimo.at\/rennen\/files\/2025\/01\/screenshot-2025-01-02-163553-1.jpg\" alt=\"\" data-id=\"303516\" data-full-url=\"https:\/\/www.skimo.at\/rennen\/files\/2025\/01\/screenshot-2025-01-02-163553-1.jpg\" data-link=\"https:\/\/www.skimo.at\/rennen\/303427\/dreier-und-hochenwarter-gehen-als-vertical-staatsmeister-ins-neue-jahr\/screenshot-2025-01-02-163553-1\/\" class=\"wp-image-303516\" srcset=\"https:\/\/www.skimo.at\/rennen\/files\/2025\/01\/screenshot-2025-01-02-163553-1.jpg 550w, https:\/\/www.skimo.at\/rennen\/files\/2025\/01\/screenshot-2025-01-02-163553-1-199x300.jpg 199w, https:\/\/www.skimo.at\/rennen\/files\/2025\/01\/screenshot-2025-01-02-163553-1-62x93.jpg 62w\" sizes=\"(max-width: 550px) 100vw, 550px\" \/><\/a><\/figure><\/li><li class=\"blocks-gallery-item\"><figure><a href=\"https:\/\/www.skimo.at\/rennen\/303427\/dreier-und-hochenwarter-gehen-als-vertical-staatsmeister-ins-neue-jahr\/screenshot-2025-01-02-163619-1\/\"><img loading=\"lazy\" width=\"554\" height=\"825\" src=\"https:\/\/www.skimo.at\/rennen\/files\/2025\/01\/screenshot-2025-01-02-163619-1.jpg\" alt=\"\" data-id=\"303517\" data-full-url=\"https:\/\/www.skimo.at\/rennen\/files\/2025\/01\/screenshot-2025-01-02-163619-1.jpg\" data-link=\"https:\/\/www.skimo.at\/rennen\/303427\/dreier-und-hochenwarter-gehen-als-vertical-staatsmeister-ins-neue-jahr\/screenshot-2025-01-02-163619-1\/\" class=\"wp-image-303517\" srcset=\"https:\/\/www.skimo.at\/rennen\/files\/2025\/01\/screenshot-2025-01-02-163619-1.jpg 554w, https:\/\/www.skimo.at\/rennen\/files\/2025\/01\/screenshot-2025-01-02-163619-1-201x300.jpg 201w, https:\/\/www.skimo.at\/rennen\/files\/2025\/01\/screenshot-2025-01-02-163619-1-62x93.jpg 62w\" sizes=\"(max-width: 554px) 100vw, 554px\" \/><\/a><\/figure><\/li><li class=\"blocks-gallery-item\"><figure><a href=\"https:\/\/www.skimo.at\/rennen\/303427\/dreier-und-hochenwarter-gehen-als-vertical-staatsmeister-ins-neue-jahr\/screenshot-2025-01-02-163731-1\/\"><img loading=\"lazy\" width=\"1024\" height=\"683\" src=\"https:\/\/www.skimo.at\/rennen\/files\/2025\/01\/screenshot-2025-01-02-163731-1-1024x683.jpg\" alt=\"\" data-id=\"303519\" data-full-url=\"https:\/\/www.skimo.at\/rennen\/files\/2025\/01\/screenshot-2025-01-02-163731-1.jpg\" data-link=\"https:\/\/www.skimo.at\/rennen\/303427\/dreier-und-hochenwarter-gehen-als-vertical-staatsmeister-ins-neue-jahr\/screenshot-2025-01-02-163731-1\/\" class=\"wp-image-303519\" srcset=\"https:\/\/www.skimo.at\/rennen\/files\/2025\/01\/screenshot-2025-01-02-163731-1-1024x683.jpg 1024w, https:\/\/www.skimo.at\/rennen\/files\/2025\/01\/screenshot-2025-01-02-163731-1-300x200.jpg 300w, https:\/\/www.skimo.at\/rennen\/files\/2025\/01\/screenshot-2025-01-02-163731-1-768x512.jpg 768w, https:\/\/www.skimo.at\/rennen\/files\/2025\/01\/screenshot-2025-01-02-163731-1-746x497.jpg 746w, https:\/\/www.skimo.at\/rennen\/files\/2025\/01\/screenshot-2025-01-02-163731-1-618x412.jpg 618w, https:\/\/www.skimo.at\/rennen\/files\/2025\/01\/screenshot-2025-01-02-163731-1-554x370.jpg 554w, https:\/\/www.skimo.at\/rennen\/files\/2025\/01\/screenshot-2025-01-02-163731-1-299x199.jpg 299w, https:\/\/www.skimo.at\/rennen\/files\/2025\/01\/screenshot-2025-01-02-163731-1-1224x817.jpg 1224w, https:\/\/www.skimo.at\/rennen\/files\/2025\/01\/screenshot-2025-01-02-163731-1-970x647.jpg 970w, https:\/\/www.skimo.at\/rennen\/files\/2025\/01\/screenshot-2025-01-02-163731-1-139x93.jpg 139w, https:\/\/www.skimo.at\/rennen\/files\/2025\/01\/screenshot-2025-01-02-163731-1-540x360.jpg 540w, https:\/\/www.skimo.at\/rennen\/files\/2025\/01\/screenshot-2025-01-02-163731-1.jpg 1247w\" sizes=\"(max-width: 1024px) 100vw, 1024px\" \/><\/a><\/figure><\/li><li class=\"blocks-gallery-item\"><figure><a href=\"https:\/\/www.skimo.at\/rennen\/303427\/dreier-und-hochenwarter-gehen-als-vertical-staatsmeister-ins-neue-jahr\/screenshot-2025-01-02-163803-1\/\"><img loading=\"lazy\" width=\"1024\" height=\"673\" src=\"https:\/\/www.skimo.at\/rennen\/files\/2025\/01\/screenshot-2025-01-02-163803-1-1024x673.jpg\" alt=\"\" data-id=\"303520\" data-full-url=\"https:\/\/www.skimo.at\/rennen\/files\/2025\/01\/screenshot-2025-01-02-163803-1.jpg\" data-link=\"https:\/\/www.skimo.at\/rennen\/303427\/dreier-und-hochenwarter-gehen-als-vertical-staatsmeister-ins-neue-jahr\/screenshot-2025-01-02-163803-1\/\" class=\"wp-image-303520\" srcset=\"https:\/\/www.skimo.at\/rennen\/files\/2025\/01\/screenshot-2025-01-02-163803-1-1024x673.jpg 1024w, https:\/\/www.skimo.at\/rennen\/files\/2025\/01\/screenshot-2025-01-02-163803-1-300x197.jpg 300w, https:\/\/www.skimo.at\/rennen\/files\/2025\/01\/screenshot-2025-01-02-163803-1-768x505.jpg 768w, https:\/\/www.skimo.at\/rennen\/files\/2025\/01\/screenshot-2025-01-02-163803-1-1224x805.jpg 1224w, https:\/\/www.skimo.at\/rennen\/files\/2025\/01\/screenshot-2025-01-02-163803-1-970x638.jpg 970w, https:\/\/www.skimo.at\/rennen\/files\/2025\/01\/screenshot-2025-01-02-163803-1-554x364.jpg 554w, https:\/\/www.skimo.at\/rennen\/files\/2025\/01\/screenshot-2025-01-02-163803-1-141x93.jpg 141w, https:\/\/www.skimo.at\/rennen\/files\/2025\/01\/screenshot-2025-01-02-163803-1.jpg 1253w\" sizes=\"(max-width: 1024px) 100vw, 1024px\" \/><\/a><\/figure><\/li><li class=\"blocks-gallery-item\"><figure><a href=\"https:\/\/www.skimo.at\/rennen\/303427\/dreier-und-hochenwarter-gehen-als-vertical-staatsmeister-ins-neue-jahr\/screenshot-2025-01-02-163826-1\/\"><img loading=\"lazy\" width=\"1024\" height=\"777\" src=\"https:\/\/www.skimo.at\/rennen\/files\/2025\/01\/screenshot-2025-01-02-163826-1-1024x777.jpg\" alt=\"\" data-id=\"303521\" data-full-url=\"https:\/\/www.skimo.at\/rennen\/files\/2025\/01\/screenshot-2025-01-02-163826-1.jpg\" data-link=\"https:\/\/www.skimo.at\/rennen\/303427\/dreier-und-hochenwarter-gehen-als-vertical-staatsmeister-ins-neue-jahr\/screenshot-2025-01-02-163826-1\/\" class=\"wp-image-303521\" srcset=\"https:\/\/www.skimo.at\/rennen\/files\/2025\/01\/screenshot-2025-01-02-163826-1-1024x777.jpg 1024w, https:\/\/www.skimo.at\/rennen\/files\/2025\/01\/screenshot-2025-01-02-163826-1-300x228.jpg 300w, https:\/\/www.skimo.at\/rennen\/files\/2025\/01\/screenshot-2025-01-02-163826-1-768x583.jpg 768w, https:\/\/www.skimo.at\/rennen\/files\/2025\/01\/screenshot-2025-01-02-163826-1-970x736.jpg 970w, https:\/\/www.skimo.at\/rennen\/files\/2025\/01\/screenshot-2025-01-02-163826-1-554x421.jpg 554w, https:\/\/www.skimo.at\/rennen\/files\/2025\/01\/screenshot-2025-01-02-163826-1-123x93.jpg 123w, https:\/\/www.skimo.at\/rennen\/files\/2025\/01\/screenshot-2025-01-02-163826-1.jpg 1071w\" sizes=\"(max-width: 1024px) 100vw, 1024px\" \/><\/a><\/figure><\/li><li class=\"blocks-gallery-item\"><figure><a href=\"https:\/\/www.skimo.at\/rennen\/303427\/dreier-und-hochenwarter-gehen-als-vertical-staatsmeister-ins-neue-jahr\/screenshot-2025-01-02-163854-1\/\"><img loading=\"lazy\" width=\"1024\" height=\"696\" src=\"https:\/\/www.skimo.at\/rennen\/files\/2025\/01\/screenshot-2025-01-02-163854-1-1024x696.jpg\" alt=\"\" data-id=\"303522\" data-full-url=\"https:\/\/www.skimo.at\/rennen\/files\/2025\/01\/screenshot-2025-01-02-163854-1.jpg\" data-link=\"https:\/\/www.skimo.at\/rennen\/303427\/dreier-und-hochenwarter-gehen-als-vertical-staatsmeister-ins-neue-jahr\/screenshot-2025-01-02-163854-1\/\" class=\"wp-image-303522\" srcset=\"https:\/\/www.skimo.at\/rennen\/files\/2025\/01\/screenshot-2025-01-02-163854-1-1024x696.jpg 1024w, https:\/\/www.skimo.at\/rennen\/files\/2025\/01\/screenshot-2025-01-02-163854-1-300x204.jpg 300w, https:\/\/www.skimo.at\/rennen\/files\/2025\/01\/screenshot-2025-01-02-163854-1-768x522.jpg 768w, https:\/\/www.skimo.at\/rennen\/files\/2025\/01\/screenshot-2025-01-02-163854-1-1224x832.jpg 1224w, https:\/\/www.skimo.at\/rennen\/files\/2025\/01\/screenshot-2025-01-02-163854-1-970x659.jpg 970w, https:\/\/www.skimo.at\/rennen\/files\/2025\/01\/screenshot-2025-01-02-163854-1-554x376.jpg 554w, https:\/\/www.skimo.at\/rennen\/files\/2025\/01\/screenshot-2025-01-02-163854-1-137x93.jpg 137w, https:\/\/www.skimo.at\/rennen\/files\/2025\/01\/screenshot-2025-01-02-163854-1.jpg 1242w\" sizes=\"(max-width: 1024px) 100vw, 1024px\" \/><\/a><\/figure><\/li><li class=\"blocks-gallery-item\"><figure><a href=\"https:\/\/www.skimo.at\/rennen\/303427\/dreier-und-hochenwarter-gehen-als-vertical-staatsmeister-ins-neue-jahr\/screenshot-2025-01-02-163920-1\/\"><img loading=\"lazy\" width=\"549\" height=\"832\" src=\"https:\/\/www.skimo.at\/rennen\/files\/2025\/01\/screenshot-2025-01-02-163920-1.jpg\" alt=\"\" data-id=\"303523\" data-full-url=\"https:\/\/www.skimo.at\/rennen\/files\/2025\/01\/screenshot-2025-01-02-163920-1.jpg\" data-link=\"https:\/\/www.skimo.at\/rennen\/303427\/dreier-und-hochenwarter-gehen-als-vertical-staatsmeister-ins-neue-jahr\/screenshot-2025-01-02-163920-1\/\" class=\"wp-image-303523\" srcset=\"https:\/\/www.skimo.at\/rennen\/files\/2025\/01\/screenshot-2025-01-02-163920-1.jpg 549w, https:\/\/www.skimo.at\/rennen\/files\/2025\/01\/screenshot-2025-01-02-163920-1-198x300.jpg 198w, https:\/\/www.skimo.at\/rennen\/files\/2025\/01\/screenshot-2025-01-02-163920-1-61x93.jpg 61w\" sizes=\"(max-width: 549px) 100vw, 549px\" \/><\/a><\/figure><\/li><li class=\"blocks-gallery-item\"><figure><a href=\"https:\/\/www.skimo.at\/rennen\/303427\/dreier-und-hochenwarter-gehen-als-vertical-staatsmeister-ins-neue-jahr\/screenshot-2025-01-02-164002-1\/\"><img loading=\"lazy\" width=\"549\" height=\"827\" src=\"https:\/\/www.skimo.at\/rennen\/files\/2025\/01\/screenshot-2025-01-02-164002-1.jpg\" alt=\"\" data-id=\"303524\" data-full-url=\"https:\/\/www.skimo.at\/rennen\/files\/2025\/01\/screenshot-2025-01-02-164002-1.jpg\" data-link=\"https:\/\/www.skimo.at\/rennen\/303427\/dreier-und-hochenwarter-gehen-als-vertical-staatsmeister-ins-neue-jahr\/screenshot-2025-01-02-164002-1\/\" class=\"wp-image-303524\" srcset=\"https:\/\/www.skimo.at\/rennen\/files\/2025\/01\/screenshot-2025-01-02-164002-1.jpg 549w, https:\/\/www.skimo.at\/rennen\/files\/2025\/01\/screenshot-2025-01-02-164002-1-199x300.jpg 199w, https:\/\/www.skimo.at\/rennen\/files\/2025\/01\/screenshot-2025-01-02-164002-1-62x93.jpg 62w\" sizes=\"(max-width: 549px) 100vw, 549px\" \/><\/a><\/figure><\/li><li class=\"blocks-gallery-item\"><figure><a href=\"https:\/\/www.skimo.at\/rennen\/303427\/dreier-und-hochenwarter-gehen-als-vertical-staatsmeister-ins-neue-jahr\/screenshot-2025-01-02-164103-1\/\"><img loading=\"lazy\" width=\"546\" height=\"830\" src=\"https:\/\/www.skimo.at\/rennen\/files\/2025\/01\/screenshot-2025-01-02-164103-1.jpg\" alt=\"\" data-id=\"303526\" data-full-url=\"https:\/\/www.skimo.at\/rennen\/files\/2025\/01\/screenshot-2025-01-02-164103-1.jpg\" data-link=\"https:\/\/www.skimo.at\/rennen\/303427\/dreier-und-hochenwarter-gehen-als-vertical-staatsmeister-ins-neue-jahr\/screenshot-2025-01-02-164103-1\/\" class=\"wp-image-303526\" srcset=\"https:\/\/www.skimo.at\/rennen\/files\/2025\/01\/screenshot-2025-01-02-164103-1.jpg 546w, https:\/\/www.skimo.at\/rennen\/files\/2025\/01\/screenshot-2025-01-02-164103-1-197x300.jpg 197w, https:\/\/www.skimo.at\/rennen\/files\/2025\/01\/screenshot-2025-01-02-164103-1-61x93.jpg 61w\" sizes=\"(max-width: 546px) 100vw, 546px\" \/><\/a><\/figure><\/li><\/ul><\/figure>\n","protected":false},"excerpt":{"rendered":"<p>Sarah Dreier und Christof Hochenwarter kr\u00f6nten sich bei der gestrigen \u00d6M, im Rahmen des Gernkogel Vertical, zum \u00f6sterreichischen Staatsmeister. Mit den Weltmeisterschaften in der Schweiz und dem Heimweltcup in Schladming stehen 2025 zwei gro\u00dfe Highlights f\u00fcr die Skibergsteiger im Kalender.<\/p>\n","protected":false},"author":3,"featured_media":303431,"comment_status":"closed","ping_status":"closed","sticky":false,"template":"","format":"standard","meta":[],"categories":[1,3],"tags":[],"yoast_head":"<!-- This site is optimized with the Yoast SEO plugin v16.3 - https:\/\/yoast.com\/wordpress\/plugins\/seo\/ -->\n<title>Dreier und Hochenwarter gehen als Vertical-Staatsmeister ins neue Jahr - Rennen<\/title>\n<meta name=\"robots\" content=\"index, follow, max-snippet:-1, max-image-preview:large, max-video-preview:-1\" \/>\n<link rel=\"canonical\" href=\"https:\/\/www.skimo.at\/rennen\/303427\/dreier-und-hochenwarter-gehen-als-vertical-staatsmeister-ins-neue-jahr\/\" \/>\n<meta property=\"og:locale\" content=\"de_DE\" \/>\n<meta property=\"og:type\" content=\"article\" \/>\n<meta property=\"og:title\" content=\"Dreier und Hochenwarter gehen als Vertical-Staatsmeister ins neue Jahr - Rennen\" \/>\n<meta property=\"og:description\" content=\"Sarah Dreier und Christof Hochenwarter kr\u00f6nten sich bei der gestrigen \u00d6M, im Rahmen des Gernkogel Vertical, zum \u00f6sterreichischen Staatsmeister. Mit den Weltmeisterschaften in der Schweiz und dem Heimweltcup in Schladming stehen 2025 zwei gro\u00dfe Highlights f\u00fcr die Skibergsteiger im Kalender.\" \/>\n<meta property=\"og:url\" content=\"https:\/\/www.skimo.at\/rennen\/303427\/dreier-und-hochenwarter-gehen-als-vertical-staatsmeister-ins-neue-jahr\/\" \/>\n<meta property=\"og:site_name\" content=\"Rennen\" \/>\n<meta property=\"article:published_time\" content=\"2024-12-31T12:58:16+00:00\" \/>\n<meta property=\"article:modified_time\" content=\"2025-01-03T11:39:54+00:00\" \/>\n<meta property=\"og:image\" content=\"https:\/\/www.skimo.at\/rennen\/files\/2024\/12\/skiaustria-weigl.jpg\" \/>\n\t<meta property=\"og:image:width\" content=\"2500\" \/>\n\t<meta property=\"og:image:height\" content=\"1663\" \/>\n<meta name=\"twitter:card\" content=\"summary\" \/>\n<meta name=\"twitter:label1\" content=\"Gesch\u00e4tzte Lesezeit\">\n\t<meta name=\"twitter:data1\" content=\"6\u00a0Minuten\">\n<script type=\"application\/ld+json\" class=\"yoast-schema-graph\">{\"@context\":\"https:\/\/schema.org\",\"@graph\":[{\"@type\":\"WebSite\",\"@id\":\"https:\/\/skimo.73.jarolim.eu\/rennen\/#website\",\"url\":\"https:\/\/skimo.73.jarolim.eu\/rennen\/\",\"name\":\"Rennen\",\"description\":\"\",\"potentialAction\":[{\"@type\":\"SearchAction\",\"target\":\"https:\/\/skimo.73.jarolim.eu\/rennen\/?s={search_term_string}\",\"query-input\":\"required name=search_term_string\"}],\"inLanguage\":\"de\"},{\"@type\":\"ImageObject\",\"@id\":\"https:\/\/www.skimo.at\/rennen\/303427\/dreier-und-hochenwarter-gehen-als-vertical-staatsmeister-ins-neue-jahr\/#primaryimage\",\"inLanguage\":\"de\",\"url\":\"https:\/\/www.skimo.at\/rennen\/files\/2024\/12\/skiaustria-weigl.jpg\",\"contentUrl\":\"https:\/\/www.skimo.at\/rennen\/files\/2024\/12\/skiaustria-weigl.jpg\",\"width\":2500,\"height\":1663},{\"@type\":\"WebPage\",\"@id\":\"https:\/\/www.skimo.at\/rennen\/303427\/dreier-und-hochenwarter-gehen-als-vertical-staatsmeister-ins-neue-jahr\/#webpage\",\"url\":\"https:\/\/www.skimo.at\/rennen\/303427\/dreier-und-hochenwarter-gehen-als-vertical-staatsmeister-ins-neue-jahr\/\",\"name\":\"Dreier und Hochenwarter gehen als Vertical-Staatsmeister ins neue Jahr - Rennen\",\"isPartOf\":{\"@id\":\"https:\/\/skimo.73.jarolim.eu\/rennen\/#website\"},\"primaryImageOfPage\":{\"@id\":\"https:\/\/www.skimo.at\/rennen\/303427\/dreier-und-hochenwarter-gehen-als-vertical-staatsmeister-ins-neue-jahr\/#primaryimage\"},\"datePublished\":\"2024-12-31T12:58:16+00:00\",\"dateModified\":\"2025-01-03T11:39:54+00:00\",\"author\":{\"@id\":\"https:\/\/skimo.73.jarolim.eu\/rennen\/#\/schema\/person\/796ecbce6796efca58bf848ca63ec12c\"},\"breadcrumb\":{\"@id\":\"https:\/\/www.skimo.at\/rennen\/303427\/dreier-und-hochenwarter-gehen-als-vertical-staatsmeister-ins-neue-jahr\/#breadcrumb\"},\"inLanguage\":\"de\",\"potentialAction\":[{\"@type\":\"ReadAction\",\"target\":[\"https:\/\/www.skimo.at\/rennen\/303427\/dreier-und-hochenwarter-gehen-als-vertical-staatsmeister-ins-neue-jahr\/\"]}]},{\"@type\":\"BreadcrumbList\",\"@id\":\"https:\/\/www.skimo.at\/rennen\/303427\/dreier-und-hochenwarter-gehen-als-vertical-staatsmeister-ins-neue-jahr\/#breadcrumb\",\"itemListElement\":[{\"@type\":\"ListItem\",\"position\":1,\"item\":{\"@type\":\"WebPage\",\"@id\":\"https:\/\/skimo.73.jarolim.eu\/rennen\/\",\"url\":\"https:\/\/skimo.73.jarolim.eu\/rennen\/\",\"name\":\"Home\"}},{\"@type\":\"ListItem\",\"position\":2,\"item\":{\"@id\":\"https:\/\/www.skimo.at\/rennen\/303427\/dreier-und-hochenwarter-gehen-als-vertical-staatsmeister-ins-neue-jahr\/#webpage\"}}]},{\"@type\":\"Person\",\"@id\":\"https:\/\/skimo.73.jarolim.eu\/rennen\/#\/schema\/person\/796ecbce6796efca58bf848ca63ec12c\",\"name\":\"kposch\",\"image\":{\"@type\":\"ImageObject\",\"@id\":\"https:\/\/skimo.73.jarolim.eu\/rennen\/#personlogo\",\"inLanguage\":\"de\",\"url\":\"https:\/\/secure.gravatar.com\/avatar\/e9f5f28da60e5e563d3f4d3cc0b9b425?s=96&r=g\",\"contentUrl\":\"https:\/\/secure.gravatar.com\/avatar\/e9f5f28da60e5e563d3f4d3cc0b9b425?s=96&r=g\",\"caption\":\"kposch\"},\"url\":\"https:\/\/www.skimo.at\/rennen\/author\/kposch\/\"}]}<\/script>\n<!-- \/ Yoast SEO plugin. -->","_links":{"self":[{"href":"https:\/\/www.skimo.at\/rennen\/wp-json\/wp\/v2\/posts\/303427"}],"collection":[{"href":"https:\/\/www.skimo.at\/rennen\/wp-json\/wp\/v2\/posts"}],"about":[{"href":"https:\/\/www.skimo.at\/rennen\/wp-json\/wp\/v2\/types\/post"}],"author":[{"embeddable":true,"href":"https:\/\/www.skimo.at\/rennen\/wp-json\/wp\/v2\/users\/3"}],"replies":[{"embeddable":true,"href":"https:\/\/www.skimo.at\/rennen\/wp-json\/wp\/v2\/comments?post=303427"}],"version-history":[{"count":3,"href":"https:\/\/www.skimo.at\/rennen\/wp-json\/wp\/v2\/posts\/303427\/revisions"}],"predecessor-version":[{"id":303530,"href":"https:\/\/www.skimo.at\/rennen\/wp-json\/wp\/v2\/posts\/303427\/revisions\/303530"}],"wp:featuredmedia":[{"embeddable":true,"href":"https:\/\/www.skimo.at\/rennen\/wp-json\/wp\/v2\/media\/303431"}],"wp:attachment":[{"href":"https:\/\/www.skimo.at\/rennen\/wp-json\/wp\/v2\/media?parent=303427"}],"wp:term":[{"taxonomy":"category","embeddable":true,"href":"https:\/\/www.skimo.at\/rennen\/wp-json\/wp\/v2\/categories?post=303427"},{"taxonomy":"post_tag","embeddable":true,"href":"https:\/\/www.skimo.at\/rennen\/wp-json\/wp\/v2\/tags?post=303427"}],"curies":[{"name":"wp","href":"https:\/\/api.w.org\/{rel}","templated":true}]}}