{"id":302135,"date":"2024-03-14T00:52:03","date_gmt":"2024-03-13T22:52:03","guid":{"rendered":"https:\/\/www.skimo.at\/rennen\/?p=302135"},"modified":"2024-03-14T09:43:50","modified_gmt":"2024-03-14T07:43:50","slug":"ergebnisse-und-bilder-zum-esrten-etappe-des-pierra-menta-rennen-in-frankreich","status":"publish","type":"post","link":"https:\/\/www.skimo.at\/rennen\/302135\/ergebnisse-und-bilder-zum-esrten-etappe-des-pierra-menta-rennen-in-frankreich\/","title":{"rendered":"Ergebnisse und Bilder zur ersten Etappe der Pierra Menta in Frankreich"},"content":{"rendered":"\n<p>Die Er\u00f6ffnungsetappe der 38. Ausgabe des legend\u00e4ren Skimo-Rennens Pierra Menta fand unter perfekten Bedingungen statt. Sonniges Wetter, perfekte Schneeverh\u00e4ltnisse und eine lange Etappe \u00fcber die Grande Journ\u00e9e und den Mont Mirantin machten es zu einem unvergesslichen Ereignis. In Zahlen ausgedr\u00fcckt waren es 20 km und 2700 H\u00f6henmeter Anstieg.<\/p>\n\n\n\n<p>210 2er-Teams starteten morgens von Planay aus. Bei den Herren war Davide Magnini heute in Hochform und trieb das Rennen voran. Zusammen mit Robert Antonioli gewann er die Etappe vor dem Heimduo William Bon Mardion &amp; Xavier Gachet. Der \u00d6sterreicher Jakob Herrmann und sein Teampartner Math\u00e9o Jacquemoud holten im zweiten Teil der Etappe auf und landeten schlie\u00dflich auf dem dritten Platz.<br>Die beiden \u00d6sterreichsichen Youngsters Julian Tritscher und Nils Oberauer belegten Platz 11, Daniel Ganahl mit seinem deutschne Teampartner Marc D\u00fcrr Rang 14, beides sensationelle Ergebnisse. Hannes Lohfeyer, gestartet mit einem Andorranischen Teamkollegen, belegte den ebenfalls gewaltigen Platz 16. Die jungen \u00d6sterreichger hatten allesamt nur \u00fcberschaubare R\u00fcckst\u00e4nde. Rene Fischer und Thomas Koller sicherten sich Platz 91.<\/p>\n\n\n\n<p>Bei den Damen sicherten sich die amtierenden Gewinnerinnen Axelle Gachet-Mollaret und Emily Harrop den Etappensieg. Auf dem zweiten Platz landeten Alba De Silvestro &amp; Giulia Murada aus Italien mit einem R\u00fcckstand von weniger als 2 Minuten. Mit noch drei Tagen vor uns kann noch alles passieren! Den dritten Platz im Ziel belegten C\u00e9lia Perillat-Pessey und Lorna Bonnel.<br>Das Deutsche Team Anja L\u00f6wenhagen\/Anna Michel belegte Platz 14 mit 1:04:02 Stunden R\u00fcckstand.<br><br>Text <\/p>\n\n\n\n<p><strong>Hier geht`s zu den Ergebnissen zur ersten Etappe:<\/strong><\/p>\n\n\n\n<div class=\"wp-block-file\"><a href=\"https:\/\/www.skimo.at\/rennen\/files\/2024\/03\/result_20240313153250-1.pdf\">result_20240313153250<\/a><a href=\"https:\/\/www.skimo.at\/rennen\/files\/2024\/03\/result_20240313153250-1.pdf\" class=\"wp-block-file__button\" download>Herunterladen<\/a><\/div>\n\n\n\n<div class=\"wp-block-file\"><a href=\"https:\/\/www.skimo.at\/rennen\/files\/2024\/03\/result_20240313153312-1.pdf\">result_20240313153312<\/a><a href=\"https:\/\/www.skimo.at\/rennen\/files\/2024\/03\/result_20240313153312-1.pdf\" class=\"wp-block-file__button\" download>Herunterladen<\/a><\/div>\n\n\n\n<p><strong>Impressionen zur ersten Etappe von SkimoStats:<\/strong> <\/p>\n\n\n\n<figure class=\"wp-block-gallery columns-3 is-cropped\"><ul class=\"blocks-gallery-grid\"><li class=\"blocks-gallery-item\"><figure><a href=\"https:\/\/www.skimo.at\/rennen\/302135\/ergebnisse-und-bilder-zum-esrten-etappe-des-pierra-menta-rennen-in-frankreich\/w3a4041\/\"><img loading=\"lazy\" width=\"1024\" height=\"683\" src=\"https:\/\/www.skimo.at\/rennen\/files\/2024\/03\/w3a4041-1024x683.jpg\" alt=\"\" data-id=\"302160\" data-full-url=\"https:\/\/www.skimo.at\/rennen\/files\/2024\/03\/w3a4041.jpg\" data-link=\"https:\/\/www.skimo.at\/rennen\/302135\/ergebnisse-und-bilder-zum-esrten-etappe-des-pierra-menta-rennen-in-frankreich\/w3a4041\/\" class=\"wp-image-302160\" srcset=\"https:\/\/www.skimo.at\/rennen\/files\/2024\/03\/w3a4041-1024x683.jpg 1024w, https:\/\/www.skimo.at\/rennen\/files\/2024\/03\/w3a4041-300x200.jpg 300w, https:\/\/www.skimo.at\/rennen\/files\/2024\/03\/w3a4041-768x512.jpg 768w, https:\/\/www.skimo.at\/rennen\/files\/2024\/03\/w3a4041-746x497.jpg 746w, https:\/\/www.skimo.at\/rennen\/files\/2024\/03\/w3a4041-618x412.jpg 618w, https:\/\/www.skimo.at\/rennen\/files\/2024\/03\/w3a4041-554x369.jpg 554w, https:\/\/www.skimo.at\/rennen\/files\/2024\/03\/w3a4041-299x199.jpg 299w, https:\/\/www.skimo.at\/rennen\/files\/2024\/03\/w3a4041-1224x816.jpg 1224w, https:\/\/www.skimo.at\/rennen\/files\/2024\/03\/w3a4041-970x647.jpg 970w, https:\/\/www.skimo.at\/rennen\/files\/2024\/03\/w3a4041-139x93.jpg 139w, https:\/\/www.skimo.at\/rennen\/files\/2024\/03\/w3a4041-540x360.jpg 540w, https:\/\/www.skimo.at\/rennen\/files\/2024\/03\/w3a4041.jpg 2020w\" sizes=\"(max-width: 1024px) 100vw, 1024px\" \/><\/a><\/figure><\/li><li class=\"blocks-gallery-item\"><figure><a href=\"https:\/\/www.skimo.at\/rennen\/302135\/ergebnisse-und-bilder-zum-esrten-etappe-des-pierra-menta-rennen-in-frankreich\/w3a4043\/\"><img loading=\"lazy\" width=\"1024\" height=\"683\" src=\"https:\/\/www.skimo.at\/rennen\/files\/2024\/03\/w3a4043-1024x683.jpg\" alt=\"\" data-id=\"302161\" data-full-url=\"https:\/\/www.skimo.at\/rennen\/files\/2024\/03\/w3a4043.jpg\" data-link=\"https:\/\/www.skimo.at\/rennen\/302135\/ergebnisse-und-bilder-zum-esrten-etappe-des-pierra-menta-rennen-in-frankreich\/w3a4043\/\" class=\"wp-image-302161\" srcset=\"https:\/\/www.skimo.at\/rennen\/files\/2024\/03\/w3a4043-1024x683.jpg 1024w, https:\/\/www.skimo.at\/rennen\/files\/2024\/03\/w3a4043-300x200.jpg 300w, https:\/\/www.skimo.at\/rennen\/files\/2024\/03\/w3a4043-768x512.jpg 768w, https:\/\/www.skimo.at\/rennen\/files\/2024\/03\/w3a4043-746x497.jpg 746w, https:\/\/www.skimo.at\/rennen\/files\/2024\/03\/w3a4043-618x412.jpg 618w, https:\/\/www.skimo.at\/rennen\/files\/2024\/03\/w3a4043-554x369.jpg 554w, https:\/\/www.skimo.at\/rennen\/files\/2024\/03\/w3a4043-299x199.jpg 299w, https:\/\/www.skimo.at\/rennen\/files\/2024\/03\/w3a4043-1224x816.jpg 1224w, https:\/\/www.skimo.at\/rennen\/files\/2024\/03\/w3a4043-970x647.jpg 970w, https:\/\/www.skimo.at\/rennen\/files\/2024\/03\/w3a4043-139x93.jpg 139w, https:\/\/www.skimo.at\/rennen\/files\/2024\/03\/w3a4043-540x360.jpg 540w, https:\/\/www.skimo.at\/rennen\/files\/2024\/03\/w3a4043.jpg 2020w\" sizes=\"(max-width: 1024px) 100vw, 1024px\" \/><\/a><\/figure><\/li><li class=\"blocks-gallery-item\"><figure><a href=\"https:\/\/www.skimo.at\/rennen\/302135\/ergebnisse-und-bilder-zum-esrten-etappe-des-pierra-menta-rennen-in-frankreich\/w3a4078\/\"><img loading=\"lazy\" width=\"1024\" height=\"683\" src=\"https:\/\/www.skimo.at\/rennen\/files\/2024\/03\/w3a4078-1024x683.jpg\" alt=\"\" data-id=\"302162\" data-full-url=\"https:\/\/www.skimo.at\/rennen\/files\/2024\/03\/w3a4078.jpg\" data-link=\"https:\/\/www.skimo.at\/rennen\/302135\/ergebnisse-und-bilder-zum-esrten-etappe-des-pierra-menta-rennen-in-frankreich\/w3a4078\/\" class=\"wp-image-302162\" srcset=\"https:\/\/www.skimo.at\/rennen\/files\/2024\/03\/w3a4078-1024x683.jpg 1024w, https:\/\/www.skimo.at\/rennen\/files\/2024\/03\/w3a4078-300x200.jpg 300w, https:\/\/www.skimo.at\/rennen\/files\/2024\/03\/w3a4078-768x512.jpg 768w, https:\/\/www.skimo.at\/rennen\/files\/2024\/03\/w3a4078-746x497.jpg 746w, https:\/\/www.skimo.at\/rennen\/files\/2024\/03\/w3a4078-618x412.jpg 618w, https:\/\/www.skimo.at\/rennen\/files\/2024\/03\/w3a4078-554x369.jpg 554w, https:\/\/www.skimo.at\/rennen\/files\/2024\/03\/w3a4078-299x199.jpg 299w, https:\/\/www.skimo.at\/rennen\/files\/2024\/03\/w3a4078-1224x816.jpg 1224w, https:\/\/www.skimo.at\/rennen\/files\/2024\/03\/w3a4078-970x647.jpg 970w, https:\/\/www.skimo.at\/rennen\/files\/2024\/03\/w3a4078-139x93.jpg 139w, https:\/\/www.skimo.at\/rennen\/files\/2024\/03\/w3a4078-540x360.jpg 540w, https:\/\/www.skimo.at\/rennen\/files\/2024\/03\/w3a4078.jpg 2020w\" sizes=\"(max-width: 1024px) 100vw, 1024px\" \/><\/a><\/figure><\/li><li class=\"blocks-gallery-item\"><figure><a href=\"https:\/\/www.skimo.at\/rennen\/302135\/ergebnisse-und-bilder-zum-esrten-etappe-des-pierra-menta-rennen-in-frankreich\/w3a4139\/\"><img loading=\"lazy\" width=\"1024\" height=\"683\" src=\"https:\/\/www.skimo.at\/rennen\/files\/2024\/03\/w3a4139-1024x683.jpg\" alt=\"\" data-id=\"302163\" data-full-url=\"https:\/\/www.skimo.at\/rennen\/files\/2024\/03\/w3a4139.jpg\" data-link=\"https:\/\/www.skimo.at\/rennen\/302135\/ergebnisse-und-bilder-zum-esrten-etappe-des-pierra-menta-rennen-in-frankreich\/w3a4139\/\" class=\"wp-image-302163\" srcset=\"https:\/\/www.skimo.at\/rennen\/files\/2024\/03\/w3a4139-1024x683.jpg 1024w, https:\/\/www.skimo.at\/rennen\/files\/2024\/03\/w3a4139-300x200.jpg 300w, https:\/\/www.skimo.at\/rennen\/files\/2024\/03\/w3a4139-768x512.jpg 768w, https:\/\/www.skimo.at\/rennen\/files\/2024\/03\/w3a4139-746x497.jpg 746w, https:\/\/www.skimo.at\/rennen\/files\/2024\/03\/w3a4139-618x412.jpg 618w, https:\/\/www.skimo.at\/rennen\/files\/2024\/03\/w3a4139-554x369.jpg 554w, https:\/\/www.skimo.at\/rennen\/files\/2024\/03\/w3a4139-299x199.jpg 299w, https:\/\/www.skimo.at\/rennen\/files\/2024\/03\/w3a4139-1224x816.jpg 1224w, https:\/\/www.skimo.at\/rennen\/files\/2024\/03\/w3a4139-970x647.jpg 970w, https:\/\/www.skimo.at\/rennen\/files\/2024\/03\/w3a4139-139x93.jpg 139w, https:\/\/www.skimo.at\/rennen\/files\/2024\/03\/w3a4139-540x360.jpg 540w, https:\/\/www.skimo.at\/rennen\/files\/2024\/03\/w3a4139.jpg 2020w\" sizes=\"(max-width: 1024px) 100vw, 1024px\" \/><\/a><\/figure><\/li><li class=\"blocks-gallery-item\"><figure><a href=\"https:\/\/www.skimo.at\/rennen\/302135\/ergebnisse-und-bilder-zum-esrten-etappe-des-pierra-menta-rennen-in-frankreich\/w3a4156\/\"><img loading=\"lazy\" width=\"1024\" height=\"683\" src=\"https:\/\/www.skimo.at\/rennen\/files\/2024\/03\/w3a4156-1024x683.jpg\" alt=\"\" data-id=\"302164\" data-full-url=\"https:\/\/www.skimo.at\/rennen\/files\/2024\/03\/w3a4156.jpg\" data-link=\"https:\/\/www.skimo.at\/rennen\/302135\/ergebnisse-und-bilder-zum-esrten-etappe-des-pierra-menta-rennen-in-frankreich\/w3a4156\/\" class=\"wp-image-302164\" srcset=\"https:\/\/www.skimo.at\/rennen\/files\/2024\/03\/w3a4156-1024x683.jpg 1024w, https:\/\/www.skimo.at\/rennen\/files\/2024\/03\/w3a4156-300x200.jpg 300w, https:\/\/www.skimo.at\/rennen\/files\/2024\/03\/w3a4156-768x512.jpg 768w, https:\/\/www.skimo.at\/rennen\/files\/2024\/03\/w3a4156-746x497.jpg 746w, https:\/\/www.skimo.at\/rennen\/files\/2024\/03\/w3a4156-618x412.jpg 618w, https:\/\/www.skimo.at\/rennen\/files\/2024\/03\/w3a4156-554x369.jpg 554w, https:\/\/www.skimo.at\/rennen\/files\/2024\/03\/w3a4156-299x199.jpg 299w, https:\/\/www.skimo.at\/rennen\/files\/2024\/03\/w3a4156-1224x816.jpg 1224w, https:\/\/www.skimo.at\/rennen\/files\/2024\/03\/w3a4156-970x647.jpg 970w, https:\/\/www.skimo.at\/rennen\/files\/2024\/03\/w3a4156-139x93.jpg 139w, https:\/\/www.skimo.at\/rennen\/files\/2024\/03\/w3a4156-540x360.jpg 540w, https:\/\/www.skimo.at\/rennen\/files\/2024\/03\/w3a4156.jpg 2020w\" sizes=\"(max-width: 1024px) 100vw, 1024px\" \/><\/a><\/figure><\/li><li class=\"blocks-gallery-item\"><figure><a href=\"https:\/\/www.skimo.at\/rennen\/302135\/ergebnisse-und-bilder-zum-esrten-etappe-des-pierra-menta-rennen-in-frankreich\/w3a4158\/\"><img loading=\"lazy\" width=\"1024\" height=\"683\" src=\"https:\/\/www.skimo.at\/rennen\/files\/2024\/03\/w3a4158-1024x683.jpg\" alt=\"\" data-id=\"302165\" data-full-url=\"https:\/\/www.skimo.at\/rennen\/files\/2024\/03\/w3a4158.jpg\" data-link=\"https:\/\/www.skimo.at\/rennen\/302135\/ergebnisse-und-bilder-zum-esrten-etappe-des-pierra-menta-rennen-in-frankreich\/w3a4158\/\" class=\"wp-image-302165\" srcset=\"https:\/\/www.skimo.at\/rennen\/files\/2024\/03\/w3a4158-1024x683.jpg 1024w, https:\/\/www.skimo.at\/rennen\/files\/2024\/03\/w3a4158-300x200.jpg 300w, https:\/\/www.skimo.at\/rennen\/files\/2024\/03\/w3a4158-768x512.jpg 768w, https:\/\/www.skimo.at\/rennen\/files\/2024\/03\/w3a4158-746x497.jpg 746w, https:\/\/www.skimo.at\/rennen\/files\/2024\/03\/w3a4158-618x412.jpg 618w, https:\/\/www.skimo.at\/rennen\/files\/2024\/03\/w3a4158-554x369.jpg 554w, https:\/\/www.skimo.at\/rennen\/files\/2024\/03\/w3a4158-299x199.jpg 299w, https:\/\/www.skimo.at\/rennen\/files\/2024\/03\/w3a4158-1224x816.jpg 1224w, https:\/\/www.skimo.at\/rennen\/files\/2024\/03\/w3a4158-970x647.jpg 970w, https:\/\/www.skimo.at\/rennen\/files\/2024\/03\/w3a4158-139x93.jpg 139w, https:\/\/www.skimo.at\/rennen\/files\/2024\/03\/w3a4158-540x360.jpg 540w, https:\/\/www.skimo.at\/rennen\/files\/2024\/03\/w3a4158.jpg 2020w\" sizes=\"(max-width: 1024px) 100vw, 1024px\" \/><\/a><\/figure><\/li><li class=\"blocks-gallery-item\"><figure><a href=\"https:\/\/www.skimo.at\/rennen\/302135\/ergebnisse-und-bilder-zum-esrten-etappe-des-pierra-menta-rennen-in-frankreich\/w3a4247\/\"><img loading=\"lazy\" width=\"1024\" height=\"683\" src=\"https:\/\/www.skimo.at\/rennen\/files\/2024\/03\/w3a4247-1024x683.jpg\" alt=\"\" data-id=\"302166\" data-full-url=\"https:\/\/www.skimo.at\/rennen\/files\/2024\/03\/w3a4247.jpg\" data-link=\"https:\/\/www.skimo.at\/rennen\/302135\/ergebnisse-und-bilder-zum-esrten-etappe-des-pierra-menta-rennen-in-frankreich\/w3a4247\/\" class=\"wp-image-302166\" srcset=\"https:\/\/www.skimo.at\/rennen\/files\/2024\/03\/w3a4247-1024x683.jpg 1024w, https:\/\/www.skimo.at\/rennen\/files\/2024\/03\/w3a4247-300x200.jpg 300w, https:\/\/www.skimo.at\/rennen\/files\/2024\/03\/w3a4247-768x512.jpg 768w, https:\/\/www.skimo.at\/rennen\/files\/2024\/03\/w3a4247-746x497.jpg 746w, https:\/\/www.skimo.at\/rennen\/files\/2024\/03\/w3a4247-618x412.jpg 618w, https:\/\/www.skimo.at\/rennen\/files\/2024\/03\/w3a4247-554x369.jpg 554w, https:\/\/www.skimo.at\/rennen\/files\/2024\/03\/w3a4247-299x199.jpg 299w, https:\/\/www.skimo.at\/rennen\/files\/2024\/03\/w3a4247-1224x816.jpg 1224w, https:\/\/www.skimo.at\/rennen\/files\/2024\/03\/w3a4247-970x647.jpg 970w, https:\/\/www.skimo.at\/rennen\/files\/2024\/03\/w3a4247-139x93.jpg 139w, https:\/\/www.skimo.at\/rennen\/files\/2024\/03\/w3a4247-540x360.jpg 540w, https:\/\/www.skimo.at\/rennen\/files\/2024\/03\/w3a4247.jpg 2020w\" sizes=\"(max-width: 1024px) 100vw, 1024px\" \/><\/a><\/figure><\/li><li class=\"blocks-gallery-item\"><figure><a href=\"https:\/\/www.skimo.at\/rennen\/302135\/ergebnisse-und-bilder-zum-esrten-etappe-des-pierra-menta-rennen-in-frankreich\/w3a4296\/\"><img loading=\"lazy\" width=\"1024\" height=\"683\" src=\"https:\/\/www.skimo.at\/rennen\/files\/2024\/03\/w3a4296-1024x683.jpg\" alt=\"\" data-id=\"302167\" data-full-url=\"https:\/\/www.skimo.at\/rennen\/files\/2024\/03\/w3a4296.jpg\" data-link=\"https:\/\/www.skimo.at\/rennen\/302135\/ergebnisse-und-bilder-zum-esrten-etappe-des-pierra-menta-rennen-in-frankreich\/w3a4296\/\" class=\"wp-image-302167\" srcset=\"https:\/\/www.skimo.at\/rennen\/files\/2024\/03\/w3a4296-1024x683.jpg 1024w, https:\/\/www.skimo.at\/rennen\/files\/2024\/03\/w3a4296-300x200.jpg 300w, https:\/\/www.skimo.at\/rennen\/files\/2024\/03\/w3a4296-768x512.jpg 768w, https:\/\/www.skimo.at\/rennen\/files\/2024\/03\/w3a4296-746x497.jpg 746w, https:\/\/www.skimo.at\/rennen\/files\/2024\/03\/w3a4296-618x412.jpg 618w, https:\/\/www.skimo.at\/rennen\/files\/2024\/03\/w3a4296-554x369.jpg 554w, https:\/\/www.skimo.at\/rennen\/files\/2024\/03\/w3a4296-299x199.jpg 299w, https:\/\/www.skimo.at\/rennen\/files\/2024\/03\/w3a4296-1224x816.jpg 1224w, https:\/\/www.skimo.at\/rennen\/files\/2024\/03\/w3a4296-970x647.jpg 970w, https:\/\/www.skimo.at\/rennen\/files\/2024\/03\/w3a4296-139x93.jpg 139w, https:\/\/www.skimo.at\/rennen\/files\/2024\/03\/w3a4296-540x360.jpg 540w, https:\/\/www.skimo.at\/rennen\/files\/2024\/03\/w3a4296.jpg 2020w\" sizes=\"(max-width: 1024px) 100vw, 1024px\" \/><\/a><\/figure><\/li><li class=\"blocks-gallery-item\"><figure><a href=\"https:\/\/www.skimo.at\/rennen\/302135\/ergebnisse-und-bilder-zum-esrten-etappe-des-pierra-menta-rennen-in-frankreich\/w3a4385\/\"><img loading=\"lazy\" width=\"1024\" height=\"683\" src=\"https:\/\/www.skimo.at\/rennen\/files\/2024\/03\/w3a4385-1024x683.jpg\" alt=\"\" data-id=\"302168\" data-full-url=\"https:\/\/www.skimo.at\/rennen\/files\/2024\/03\/w3a4385.jpg\" data-link=\"https:\/\/www.skimo.at\/rennen\/302135\/ergebnisse-und-bilder-zum-esrten-etappe-des-pierra-menta-rennen-in-frankreich\/w3a4385\/\" class=\"wp-image-302168\" srcset=\"https:\/\/www.skimo.at\/rennen\/files\/2024\/03\/w3a4385-1024x683.jpg 1024w, https:\/\/www.skimo.at\/rennen\/files\/2024\/03\/w3a4385-300x200.jpg 300w, https:\/\/www.skimo.at\/rennen\/files\/2024\/03\/w3a4385-768x512.jpg 768w, https:\/\/www.skimo.at\/rennen\/files\/2024\/03\/w3a4385-746x497.jpg 746w, https:\/\/www.skimo.at\/rennen\/files\/2024\/03\/w3a4385-618x412.jpg 618w, https:\/\/www.skimo.at\/rennen\/files\/2024\/03\/w3a4385-554x369.jpg 554w, https:\/\/www.skimo.at\/rennen\/files\/2024\/03\/w3a4385-299x199.jpg 299w, https:\/\/www.skimo.at\/rennen\/files\/2024\/03\/w3a4385-1224x816.jpg 1224w, https:\/\/www.skimo.at\/rennen\/files\/2024\/03\/w3a4385-970x647.jpg 970w, https:\/\/www.skimo.at\/rennen\/files\/2024\/03\/w3a4385-139x93.jpg 139w, https:\/\/www.skimo.at\/rennen\/files\/2024\/03\/w3a4385-540x360.jpg 540w, https:\/\/www.skimo.at\/rennen\/files\/2024\/03\/w3a4385.jpg 2020w\" sizes=\"(max-width: 1024px) 100vw, 1024px\" \/><\/a><\/figure><\/li><li class=\"blocks-gallery-item\"><figure><a href=\"https:\/\/www.skimo.at\/rennen\/302135\/ergebnisse-und-bilder-zum-esrten-etappe-des-pierra-menta-rennen-in-frankreich\/dscf2138\/\"><img loading=\"lazy\" width=\"1024\" height=\"683\" src=\"https:\/\/www.skimo.at\/rennen\/files\/2024\/03\/dscf2138-1024x683.jpg\" alt=\"\" data-id=\"302169\" data-full-url=\"https:\/\/www.skimo.at\/rennen\/files\/2024\/03\/dscf2138.jpg\" data-link=\"https:\/\/www.skimo.at\/rennen\/302135\/ergebnisse-und-bilder-zum-esrten-etappe-des-pierra-menta-rennen-in-frankreich\/dscf2138\/\" class=\"wp-image-302169\" srcset=\"https:\/\/www.skimo.at\/rennen\/files\/2024\/03\/dscf2138-1024x683.jpg 1024w, https:\/\/www.skimo.at\/rennen\/files\/2024\/03\/dscf2138-300x200.jpg 300w, https:\/\/www.skimo.at\/rennen\/files\/2024\/03\/dscf2138-768x512.jpg 768w, https:\/\/www.skimo.at\/rennen\/files\/2024\/03\/dscf2138-746x497.jpg 746w, https:\/\/www.skimo.at\/rennen\/files\/2024\/03\/dscf2138-618x412.jpg 618w, https:\/\/www.skimo.at\/rennen\/files\/2024\/03\/dscf2138-554x369.jpg 554w, https:\/\/www.skimo.at\/rennen\/files\/2024\/03\/dscf2138-299x199.jpg 299w, https:\/\/www.skimo.at\/rennen\/files\/2024\/03\/dscf2138-1224x816.jpg 1224w, https:\/\/www.skimo.at\/rennen\/files\/2024\/03\/dscf2138-970x647.jpg 970w, https:\/\/www.skimo.at\/rennen\/files\/2024\/03\/dscf2138-139x93.jpg 139w, https:\/\/www.skimo.at\/rennen\/files\/2024\/03\/dscf2138-540x360.jpg 540w, https:\/\/www.skimo.at\/rennen\/files\/2024\/03\/dscf2138.jpg 2020w\" sizes=\"(max-width: 1024px) 100vw, 1024px\" \/><\/a><\/figure><\/li><li class=\"blocks-gallery-item\"><figure><a href=\"https:\/\/www.skimo.at\/rennen\/302135\/ergebnisse-und-bilder-zum-esrten-etappe-des-pierra-menta-rennen-in-frankreich\/dscf2154\/\"><img loading=\"lazy\" width=\"1024\" height=\"683\" src=\"https:\/\/www.skimo.at\/rennen\/files\/2024\/03\/dscf2154-1024x683.jpg\" alt=\"\" data-id=\"302170\" data-full-url=\"https:\/\/www.skimo.at\/rennen\/files\/2024\/03\/dscf2154.jpg\" data-link=\"https:\/\/www.skimo.at\/rennen\/302135\/ergebnisse-und-bilder-zum-esrten-etappe-des-pierra-menta-rennen-in-frankreich\/dscf2154\/\" class=\"wp-image-302170\" srcset=\"https:\/\/www.skimo.at\/rennen\/files\/2024\/03\/dscf2154-1024x683.jpg 1024w, https:\/\/www.skimo.at\/rennen\/files\/2024\/03\/dscf2154-300x200.jpg 300w, https:\/\/www.skimo.at\/rennen\/files\/2024\/03\/dscf2154-768x512.jpg 768w, https:\/\/www.skimo.at\/rennen\/files\/2024\/03\/dscf2154-746x497.jpg 746w, https:\/\/www.skimo.at\/rennen\/files\/2024\/03\/dscf2154-618x412.jpg 618w, https:\/\/www.skimo.at\/rennen\/files\/2024\/03\/dscf2154-554x369.jpg 554w, https:\/\/www.skimo.at\/rennen\/files\/2024\/03\/dscf2154-299x199.jpg 299w, https:\/\/www.skimo.at\/rennen\/files\/2024\/03\/dscf2154-1224x816.jpg 1224w, https:\/\/www.skimo.at\/rennen\/files\/2024\/03\/dscf2154-970x647.jpg 970w, https:\/\/www.skimo.at\/rennen\/files\/2024\/03\/dscf2154-139x93.jpg 139w, https:\/\/www.skimo.at\/rennen\/files\/2024\/03\/dscf2154-540x360.jpg 540w, https:\/\/www.skimo.at\/rennen\/files\/2024\/03\/dscf2154.jpg 2020w\" sizes=\"(max-width: 1024px) 100vw, 1024px\" \/><\/a><\/figure><\/li><li class=\"blocks-gallery-item\"><figure><a href=\"https:\/\/www.skimo.at\/rennen\/302135\/ergebnisse-und-bilder-zum-esrten-etappe-des-pierra-menta-rennen-in-frankreich\/dscf2167\/\"><img loading=\"lazy\" width=\"1024\" height=\"683\" src=\"https:\/\/www.skimo.at\/rennen\/files\/2024\/03\/dscf2167-1024x683.jpg\" alt=\"\" data-id=\"302171\" data-full-url=\"https:\/\/www.skimo.at\/rennen\/files\/2024\/03\/dscf2167.jpg\" data-link=\"https:\/\/www.skimo.at\/rennen\/302135\/ergebnisse-und-bilder-zum-esrten-etappe-des-pierra-menta-rennen-in-frankreich\/dscf2167\/\" class=\"wp-image-302171\" srcset=\"https:\/\/www.skimo.at\/rennen\/files\/2024\/03\/dscf2167-1024x683.jpg 1024w, https:\/\/www.skimo.at\/rennen\/files\/2024\/03\/dscf2167-300x200.jpg 300w, https:\/\/www.skimo.at\/rennen\/files\/2024\/03\/dscf2167-768x512.jpg 768w, https:\/\/www.skimo.at\/rennen\/files\/2024\/03\/dscf2167-746x497.jpg 746w, https:\/\/www.skimo.at\/rennen\/files\/2024\/03\/dscf2167-618x412.jpg 618w, https:\/\/www.skimo.at\/rennen\/files\/2024\/03\/dscf2167-554x369.jpg 554w, https:\/\/www.skimo.at\/rennen\/files\/2024\/03\/dscf2167-299x199.jpg 299w, https:\/\/www.skimo.at\/rennen\/files\/2024\/03\/dscf2167-1224x816.jpg 1224w, https:\/\/www.skimo.at\/rennen\/files\/2024\/03\/dscf2167-970x647.jpg 970w, https:\/\/www.skimo.at\/rennen\/files\/2024\/03\/dscf2167-139x93.jpg 139w, https:\/\/www.skimo.at\/rennen\/files\/2024\/03\/dscf2167-540x360.jpg 540w, https:\/\/www.skimo.at\/rennen\/files\/2024\/03\/dscf2167.jpg 2020w\" sizes=\"(max-width: 1024px) 100vw, 1024px\" \/><\/a><\/figure><\/li><li class=\"blocks-gallery-item\"><figure><a href=\"https:\/\/www.skimo.at\/rennen\/302135\/ergebnisse-und-bilder-zum-esrten-etappe-des-pierra-menta-rennen-in-frankreich\/dscf2174\/\"><img loading=\"lazy\" width=\"1024\" height=\"683\" src=\"https:\/\/www.skimo.at\/rennen\/files\/2024\/03\/dscf2174-1024x683.jpg\" alt=\"\" data-id=\"302172\" data-full-url=\"https:\/\/www.skimo.at\/rennen\/files\/2024\/03\/dscf2174.jpg\" data-link=\"https:\/\/www.skimo.at\/rennen\/302135\/ergebnisse-und-bilder-zum-esrten-etappe-des-pierra-menta-rennen-in-frankreich\/dscf2174\/\" class=\"wp-image-302172\" srcset=\"https:\/\/www.skimo.at\/rennen\/files\/2024\/03\/dscf2174-1024x683.jpg 1024w, https:\/\/www.skimo.at\/rennen\/files\/2024\/03\/dscf2174-300x200.jpg 300w, https:\/\/www.skimo.at\/rennen\/files\/2024\/03\/dscf2174-768x512.jpg 768w, https:\/\/www.skimo.at\/rennen\/files\/2024\/03\/dscf2174-746x497.jpg 746w, https:\/\/www.skimo.at\/rennen\/files\/2024\/03\/dscf2174-618x412.jpg 618w, https:\/\/www.skimo.at\/rennen\/files\/2024\/03\/dscf2174-554x369.jpg 554w, https:\/\/www.skimo.at\/rennen\/files\/2024\/03\/dscf2174-299x199.jpg 299w, https:\/\/www.skimo.at\/rennen\/files\/2024\/03\/dscf2174-1224x816.jpg 1224w, https:\/\/www.skimo.at\/rennen\/files\/2024\/03\/dscf2174-970x647.jpg 970w, https:\/\/www.skimo.at\/rennen\/files\/2024\/03\/dscf2174-139x93.jpg 139w, https:\/\/www.skimo.at\/rennen\/files\/2024\/03\/dscf2174-540x360.jpg 540w, https:\/\/www.skimo.at\/rennen\/files\/2024\/03\/dscf2174.jpg 2020w\" sizes=\"(max-width: 1024px) 100vw, 1024px\" \/><\/a><\/figure><\/li><li class=\"blocks-gallery-item\"><figure><a href=\"https:\/\/www.skimo.at\/rennen\/302135\/ergebnisse-und-bilder-zum-esrten-etappe-des-pierra-menta-rennen-in-frankreich\/dscf2178\/\"><img loading=\"lazy\" width=\"1024\" height=\"683\" src=\"https:\/\/www.skimo.at\/rennen\/files\/2024\/03\/dscf2178-1024x683.jpg\" alt=\"\" data-id=\"302173\" data-full-url=\"https:\/\/www.skimo.at\/rennen\/files\/2024\/03\/dscf2178.jpg\" data-link=\"https:\/\/www.skimo.at\/rennen\/302135\/ergebnisse-und-bilder-zum-esrten-etappe-des-pierra-menta-rennen-in-frankreich\/dscf2178\/\" class=\"wp-image-302173\" srcset=\"https:\/\/www.skimo.at\/rennen\/files\/2024\/03\/dscf2178-1024x683.jpg 1024w, https:\/\/www.skimo.at\/rennen\/files\/2024\/03\/dscf2178-300x200.jpg 300w, https:\/\/www.skimo.at\/rennen\/files\/2024\/03\/dscf2178-768x512.jpg 768w, https:\/\/www.skimo.at\/rennen\/files\/2024\/03\/dscf2178-746x497.jpg 746w, https:\/\/www.skimo.at\/rennen\/files\/2024\/03\/dscf2178-618x412.jpg 618w, https:\/\/www.skimo.at\/rennen\/files\/2024\/03\/dscf2178-554x369.jpg 554w, https:\/\/www.skimo.at\/rennen\/files\/2024\/03\/dscf2178-299x199.jpg 299w, https:\/\/www.skimo.at\/rennen\/files\/2024\/03\/dscf2178-1224x816.jpg 1224w, https:\/\/www.skimo.at\/rennen\/files\/2024\/03\/dscf2178-970x647.jpg 970w, https:\/\/www.skimo.at\/rennen\/files\/2024\/03\/dscf2178-139x93.jpg 139w, https:\/\/www.skimo.at\/rennen\/files\/2024\/03\/dscf2178-540x360.jpg 540w, https:\/\/www.skimo.at\/rennen\/files\/2024\/03\/dscf2178.jpg 2020w\" sizes=\"(max-width: 1024px) 100vw, 1024px\" \/><\/a><\/figure><\/li><li class=\"blocks-gallery-item\"><figure><a href=\"https:\/\/www.skimo.at\/rennen\/302135\/ergebnisse-und-bilder-zum-esrten-etappe-des-pierra-menta-rennen-in-frankreich\/dscf2194\/\"><img loading=\"lazy\" width=\"1024\" height=\"683\" src=\"https:\/\/www.skimo.at\/rennen\/files\/2024\/03\/dscf2194-1024x683.jpg\" alt=\"\" data-id=\"302174\" data-full-url=\"https:\/\/www.skimo.at\/rennen\/files\/2024\/03\/dscf2194.jpg\" data-link=\"https:\/\/www.skimo.at\/rennen\/302135\/ergebnisse-und-bilder-zum-esrten-etappe-des-pierra-menta-rennen-in-frankreich\/dscf2194\/\" class=\"wp-image-302174\" srcset=\"https:\/\/www.skimo.at\/rennen\/files\/2024\/03\/dscf2194-1024x683.jpg 1024w, https:\/\/www.skimo.at\/rennen\/files\/2024\/03\/dscf2194-300x200.jpg 300w, https:\/\/www.skimo.at\/rennen\/files\/2024\/03\/dscf2194-768x512.jpg 768w, https:\/\/www.skimo.at\/rennen\/files\/2024\/03\/dscf2194-746x497.jpg 746w, https:\/\/www.skimo.at\/rennen\/files\/2024\/03\/dscf2194-618x412.jpg 618w, https:\/\/www.skimo.at\/rennen\/files\/2024\/03\/dscf2194-554x369.jpg 554w, https:\/\/www.skimo.at\/rennen\/files\/2024\/03\/dscf2194-299x199.jpg 299w, https:\/\/www.skimo.at\/rennen\/files\/2024\/03\/dscf2194-1224x816.jpg 1224w, https:\/\/www.skimo.at\/rennen\/files\/2024\/03\/dscf2194-970x647.jpg 970w, https:\/\/www.skimo.at\/rennen\/files\/2024\/03\/dscf2194-139x93.jpg 139w, https:\/\/www.skimo.at\/rennen\/files\/2024\/03\/dscf2194-540x360.jpg 540w, https:\/\/www.skimo.at\/rennen\/files\/2024\/03\/dscf2194.jpg 2020w\" sizes=\"(max-width: 1024px) 100vw, 1024px\" \/><\/a><\/figure><\/li><li class=\"blocks-gallery-item\"><figure><a href=\"https:\/\/www.skimo.at\/rennen\/302135\/ergebnisse-und-bilder-zum-esrten-etappe-des-pierra-menta-rennen-in-frankreich\/dscf2199\/\"><img loading=\"lazy\" width=\"1024\" height=\"683\" src=\"https:\/\/www.skimo.at\/rennen\/files\/2024\/03\/dscf2199-1024x683.jpg\" alt=\"\" data-id=\"302175\" data-full-url=\"https:\/\/www.skimo.at\/rennen\/files\/2024\/03\/dscf2199.jpg\" data-link=\"https:\/\/www.skimo.at\/rennen\/302135\/ergebnisse-und-bilder-zum-esrten-etappe-des-pierra-menta-rennen-in-frankreich\/dscf2199\/\" class=\"wp-image-302175\" srcset=\"https:\/\/www.skimo.at\/rennen\/files\/2024\/03\/dscf2199-1024x683.jpg 1024w, https:\/\/www.skimo.at\/rennen\/files\/2024\/03\/dscf2199-300x200.jpg 300w, https:\/\/www.skimo.at\/rennen\/files\/2024\/03\/dscf2199-768x512.jpg 768w, https:\/\/www.skimo.at\/rennen\/files\/2024\/03\/dscf2199-746x497.jpg 746w, https:\/\/www.skimo.at\/rennen\/files\/2024\/03\/dscf2199-618x412.jpg 618w, https:\/\/www.skimo.at\/rennen\/files\/2024\/03\/dscf2199-554x369.jpg 554w, https:\/\/www.skimo.at\/rennen\/files\/2024\/03\/dscf2199-299x199.jpg 299w, https:\/\/www.skimo.at\/rennen\/files\/2024\/03\/dscf2199-1224x816.jpg 1224w, https:\/\/www.skimo.at\/rennen\/files\/2024\/03\/dscf2199-970x647.jpg 970w, https:\/\/www.skimo.at\/rennen\/files\/2024\/03\/dscf2199-139x93.jpg 139w, https:\/\/www.skimo.at\/rennen\/files\/2024\/03\/dscf2199-540x360.jpg 540w, https:\/\/www.skimo.at\/rennen\/files\/2024\/03\/dscf2199.jpg 2020w\" sizes=\"(max-width: 1024px) 100vw, 1024px\" \/><\/a><\/figure><\/li><li class=\"blocks-gallery-item\"><figure><a href=\"https:\/\/www.skimo.at\/rennen\/302135\/ergebnisse-und-bilder-zum-esrten-etappe-des-pierra-menta-rennen-in-frankreich\/dscf2204\/\"><img loading=\"lazy\" width=\"1024\" height=\"683\" src=\"https:\/\/www.skimo.at\/rennen\/files\/2024\/03\/dscf2204-1024x683.jpg\" alt=\"\" data-id=\"302176\" data-full-url=\"https:\/\/www.skimo.at\/rennen\/files\/2024\/03\/dscf2204.jpg\" data-link=\"https:\/\/www.skimo.at\/rennen\/302135\/ergebnisse-und-bilder-zum-esrten-etappe-des-pierra-menta-rennen-in-frankreich\/dscf2204\/\" class=\"wp-image-302176\" srcset=\"https:\/\/www.skimo.at\/rennen\/files\/2024\/03\/dscf2204-1024x683.jpg 1024w, https:\/\/www.skimo.at\/rennen\/files\/2024\/03\/dscf2204-300x200.jpg 300w, https:\/\/www.skimo.at\/rennen\/files\/2024\/03\/dscf2204-768x512.jpg 768w, https:\/\/www.skimo.at\/rennen\/files\/2024\/03\/dscf2204-746x497.jpg 746w, https:\/\/www.skimo.at\/rennen\/files\/2024\/03\/dscf2204-618x412.jpg 618w, https:\/\/www.skimo.at\/rennen\/files\/2024\/03\/dscf2204-554x369.jpg 554w, https:\/\/www.skimo.at\/rennen\/files\/2024\/03\/dscf2204-299x199.jpg 299w, https:\/\/www.skimo.at\/rennen\/files\/2024\/03\/dscf2204-1224x816.jpg 1224w, https:\/\/www.skimo.at\/rennen\/files\/2024\/03\/dscf2204-970x647.jpg 970w, https:\/\/www.skimo.at\/rennen\/files\/2024\/03\/dscf2204-139x93.jpg 139w, https:\/\/www.skimo.at\/rennen\/files\/2024\/03\/dscf2204-540x360.jpg 540w, https:\/\/www.skimo.at\/rennen\/files\/2024\/03\/dscf2204.jpg 2020w\" sizes=\"(max-width: 1024px) 100vw, 1024px\" \/><\/a><\/figure><\/li><li class=\"blocks-gallery-item\"><figure><a href=\"https:\/\/www.skimo.at\/rennen\/302135\/ergebnisse-und-bilder-zum-esrten-etappe-des-pierra-menta-rennen-in-frankreich\/dscf2235\/\"><img loading=\"lazy\" width=\"1024\" height=\"683\" src=\"https:\/\/www.skimo.at\/rennen\/files\/2024\/03\/dscf2235-1024x683.jpg\" alt=\"\" data-id=\"302177\" data-full-url=\"https:\/\/www.skimo.at\/rennen\/files\/2024\/03\/dscf2235.jpg\" data-link=\"https:\/\/www.skimo.at\/rennen\/302135\/ergebnisse-und-bilder-zum-esrten-etappe-des-pierra-menta-rennen-in-frankreich\/dscf2235\/\" class=\"wp-image-302177\" srcset=\"https:\/\/www.skimo.at\/rennen\/files\/2024\/03\/dscf2235-1024x683.jpg 1024w, https:\/\/www.skimo.at\/rennen\/files\/2024\/03\/dscf2235-300x200.jpg 300w, https:\/\/www.skimo.at\/rennen\/files\/2024\/03\/dscf2235-768x512.jpg 768w, https:\/\/www.skimo.at\/rennen\/files\/2024\/03\/dscf2235-746x497.jpg 746w, https:\/\/www.skimo.at\/rennen\/files\/2024\/03\/dscf2235-618x412.jpg 618w, https:\/\/www.skimo.at\/rennen\/files\/2024\/03\/dscf2235-554x369.jpg 554w, https:\/\/www.skimo.at\/rennen\/files\/2024\/03\/dscf2235-299x199.jpg 299w, https:\/\/www.skimo.at\/rennen\/files\/2024\/03\/dscf2235-1224x816.jpg 1224w, https:\/\/www.skimo.at\/rennen\/files\/2024\/03\/dscf2235-970x647.jpg 970w, https:\/\/www.skimo.at\/rennen\/files\/2024\/03\/dscf2235-139x93.jpg 139w, https:\/\/www.skimo.at\/rennen\/files\/2024\/03\/dscf2235-540x360.jpg 540w, https:\/\/www.skimo.at\/rennen\/files\/2024\/03\/dscf2235.jpg 2020w\" sizes=\"(max-width: 1024px) 100vw, 1024px\" \/><\/a><\/figure><\/li><li class=\"blocks-gallery-item\"><figure><a href=\"https:\/\/www.skimo.at\/rennen\/302135\/ergebnisse-und-bilder-zum-esrten-etappe-des-pierra-menta-rennen-in-frankreich\/dscf2245\/\"><img loading=\"lazy\" width=\"1024\" height=\"683\" src=\"https:\/\/www.skimo.at\/rennen\/files\/2024\/03\/dscf2245-1024x683.jpg\" alt=\"\" data-id=\"302178\" data-full-url=\"https:\/\/www.skimo.at\/rennen\/files\/2024\/03\/dscf2245.jpg\" data-link=\"https:\/\/www.skimo.at\/rennen\/302135\/ergebnisse-und-bilder-zum-esrten-etappe-des-pierra-menta-rennen-in-frankreich\/dscf2245\/\" class=\"wp-image-302178\" srcset=\"https:\/\/www.skimo.at\/rennen\/files\/2024\/03\/dscf2245-1024x683.jpg 1024w, https:\/\/www.skimo.at\/rennen\/files\/2024\/03\/dscf2245-300x200.jpg 300w, https:\/\/www.skimo.at\/rennen\/files\/2024\/03\/dscf2245-768x512.jpg 768w, https:\/\/www.skimo.at\/rennen\/files\/2024\/03\/dscf2245-746x497.jpg 746w, https:\/\/www.skimo.at\/rennen\/files\/2024\/03\/dscf2245-618x412.jpg 618w, https:\/\/www.skimo.at\/rennen\/files\/2024\/03\/dscf2245-554x369.jpg 554w, https:\/\/www.skimo.at\/rennen\/files\/2024\/03\/dscf2245-299x199.jpg 299w, https:\/\/www.skimo.at\/rennen\/files\/2024\/03\/dscf2245-1224x816.jpg 1224w, https:\/\/www.skimo.at\/rennen\/files\/2024\/03\/dscf2245-970x647.jpg 970w, https:\/\/www.skimo.at\/rennen\/files\/2024\/03\/dscf2245-139x93.jpg 139w, https:\/\/www.skimo.at\/rennen\/files\/2024\/03\/dscf2245-540x360.jpg 540w, https:\/\/www.skimo.at\/rennen\/files\/2024\/03\/dscf2245.jpg 2020w\" sizes=\"(max-width: 1024px) 100vw, 1024px\" \/><\/a><\/figure><\/li><li class=\"blocks-gallery-item\"><figure><a href=\"https:\/\/www.skimo.at\/rennen\/302135\/ergebnisse-und-bilder-zum-esrten-etappe-des-pierra-menta-rennen-in-frankreich\/dscf2251\/\"><img loading=\"lazy\" width=\"683\" height=\"1024\" src=\"https:\/\/www.skimo.at\/rennen\/files\/2024\/03\/dscf2251-683x1024.jpg\" alt=\"\" data-id=\"302179\" data-full-url=\"https:\/\/www.skimo.at\/rennen\/files\/2024\/03\/dscf2251.jpg\" data-link=\"https:\/\/www.skimo.at\/rennen\/302135\/ergebnisse-und-bilder-zum-esrten-etappe-des-pierra-menta-rennen-in-frankreich\/dscf2251\/\" class=\"wp-image-302179\" srcset=\"https:\/\/www.skimo.at\/rennen\/files\/2024\/03\/dscf2251-683x1024.jpg 683w, https:\/\/www.skimo.at\/rennen\/files\/2024\/03\/dscf2251-200x300.jpg 200w, https:\/\/www.skimo.at\/rennen\/files\/2024\/03\/dscf2251-768x1152.jpg 768w, https:\/\/www.skimo.at\/rennen\/files\/2024\/03\/dscf2251-1224x1836.jpg 1224w, https:\/\/www.skimo.at\/rennen\/files\/2024\/03\/dscf2251-970x1455.jpg 970w, https:\/\/www.skimo.at\/rennen\/files\/2024\/03\/dscf2251-554x831.jpg 554w, https:\/\/www.skimo.at\/rennen\/files\/2024\/03\/dscf2251-62x93.jpg 62w, https:\/\/www.skimo.at\/rennen\/files\/2024\/03\/dscf2251.jpg 1347w\" sizes=\"(max-width: 683px) 100vw, 683px\" \/><\/a><\/figure><\/li><li class=\"blocks-gallery-item\"><figure><a href=\"https:\/\/www.skimo.at\/rennen\/302135\/ergebnisse-und-bilder-zum-esrten-etappe-des-pierra-menta-rennen-in-frankreich\/dscf2253\/\"><img loading=\"lazy\" width=\"1024\" height=\"683\" src=\"https:\/\/www.skimo.at\/rennen\/files\/2024\/03\/dscf2253-1024x683.jpg\" alt=\"\" data-id=\"302180\" data-full-url=\"https:\/\/www.skimo.at\/rennen\/files\/2024\/03\/dscf2253.jpg\" data-link=\"https:\/\/www.skimo.at\/rennen\/302135\/ergebnisse-und-bilder-zum-esrten-etappe-des-pierra-menta-rennen-in-frankreich\/dscf2253\/\" class=\"wp-image-302180\" srcset=\"https:\/\/www.skimo.at\/rennen\/files\/2024\/03\/dscf2253-1024x683.jpg 1024w, https:\/\/www.skimo.at\/rennen\/files\/2024\/03\/dscf2253-300x200.jpg 300w, https:\/\/www.skimo.at\/rennen\/files\/2024\/03\/dscf2253-768x512.jpg 768w, https:\/\/www.skimo.at\/rennen\/files\/2024\/03\/dscf2253-746x497.jpg 746w, https:\/\/www.skimo.at\/rennen\/files\/2024\/03\/dscf2253-618x412.jpg 618w, https:\/\/www.skimo.at\/rennen\/files\/2024\/03\/dscf2253-554x369.jpg 554w, https:\/\/www.skimo.at\/rennen\/files\/2024\/03\/dscf2253-299x199.jpg 299w, https:\/\/www.skimo.at\/rennen\/files\/2024\/03\/dscf2253-1224x816.jpg 1224w, https:\/\/www.skimo.at\/rennen\/files\/2024\/03\/dscf2253-970x647.jpg 970w, https:\/\/www.skimo.at\/rennen\/files\/2024\/03\/dscf2253-139x93.jpg 139w, https:\/\/www.skimo.at\/rennen\/files\/2024\/03\/dscf2253-540x360.jpg 540w, https:\/\/www.skimo.at\/rennen\/files\/2024\/03\/dscf2253.jpg 2020w\" sizes=\"(max-width: 1024px) 100vw, 1024px\" \/><\/a><\/figure><\/li><li class=\"blocks-gallery-item\"><figure><a href=\"https:\/\/www.skimo.at\/rennen\/302135\/ergebnisse-und-bilder-zum-esrten-etappe-des-pierra-menta-rennen-in-frankreich\/dscf2271\/\"><img loading=\"lazy\" width=\"683\" height=\"1024\" src=\"https:\/\/www.skimo.at\/rennen\/files\/2024\/03\/dscf2271-683x1024.jpg\" alt=\"\" data-id=\"302181\" data-full-url=\"https:\/\/www.skimo.at\/rennen\/files\/2024\/03\/dscf2271.jpg\" data-link=\"https:\/\/www.skimo.at\/rennen\/302135\/ergebnisse-und-bilder-zum-esrten-etappe-des-pierra-menta-rennen-in-frankreich\/dscf2271\/\" class=\"wp-image-302181\" srcset=\"https:\/\/www.skimo.at\/rennen\/files\/2024\/03\/dscf2271-683x1024.jpg 683w, https:\/\/www.skimo.at\/rennen\/files\/2024\/03\/dscf2271-200x300.jpg 200w, https:\/\/www.skimo.at\/rennen\/files\/2024\/03\/dscf2271-768x1152.jpg 768w, https:\/\/www.skimo.at\/rennen\/files\/2024\/03\/dscf2271-1224x1836.jpg 1224w, https:\/\/www.skimo.at\/rennen\/files\/2024\/03\/dscf2271-970x1455.jpg 970w, https:\/\/www.skimo.at\/rennen\/files\/2024\/03\/dscf2271-554x831.jpg 554w, https:\/\/www.skimo.at\/rennen\/files\/2024\/03\/dscf2271-62x93.jpg 62w, https:\/\/www.skimo.at\/rennen\/files\/2024\/03\/dscf2271.jpg 1347w\" sizes=\"(max-width: 683px) 100vw, 683px\" \/><\/a><\/figure><\/li><li class=\"blocks-gallery-item\"><figure><a href=\"https:\/\/www.skimo.at\/rennen\/302135\/ergebnisse-und-bilder-zum-esrten-etappe-des-pierra-menta-rennen-in-frankreich\/dscf2299\/\"><img loading=\"lazy\" width=\"1024\" height=\"683\" src=\"https:\/\/www.skimo.at\/rennen\/files\/2024\/03\/dscf2299-1024x683.jpg\" alt=\"\" data-id=\"302182\" data-full-url=\"https:\/\/www.skimo.at\/rennen\/files\/2024\/03\/dscf2299.jpg\" data-link=\"https:\/\/www.skimo.at\/rennen\/302135\/ergebnisse-und-bilder-zum-esrten-etappe-des-pierra-menta-rennen-in-frankreich\/dscf2299\/\" class=\"wp-image-302182\" srcset=\"https:\/\/www.skimo.at\/rennen\/files\/2024\/03\/dscf2299-1024x683.jpg 1024w, https:\/\/www.skimo.at\/rennen\/files\/2024\/03\/dscf2299-300x200.jpg 300w, https:\/\/www.skimo.at\/rennen\/files\/2024\/03\/dscf2299-768x512.jpg 768w, https:\/\/www.skimo.at\/rennen\/files\/2024\/03\/dscf2299-746x497.jpg 746w, https:\/\/www.skimo.at\/rennen\/files\/2024\/03\/dscf2299-618x412.jpg 618w, https:\/\/www.skimo.at\/rennen\/files\/2024\/03\/dscf2299-554x369.jpg 554w, https:\/\/www.skimo.at\/rennen\/files\/2024\/03\/dscf2299-299x199.jpg 299w, https:\/\/www.skimo.at\/rennen\/files\/2024\/03\/dscf2299-1224x816.jpg 1224w, https:\/\/www.skimo.at\/rennen\/files\/2024\/03\/dscf2299-970x647.jpg 970w, https:\/\/www.skimo.at\/rennen\/files\/2024\/03\/dscf2299-139x93.jpg 139w, https:\/\/www.skimo.at\/rennen\/files\/2024\/03\/dscf2299-540x360.jpg 540w, https:\/\/www.skimo.at\/rennen\/files\/2024\/03\/dscf2299.jpg 2020w\" sizes=\"(max-width: 1024px) 100vw, 1024px\" \/><\/a><\/figure><\/li><li class=\"blocks-gallery-item\"><figure><a href=\"https:\/\/www.skimo.at\/rennen\/302135\/ergebnisse-und-bilder-zum-esrten-etappe-des-pierra-menta-rennen-in-frankreich\/dscf2313\/\"><img loading=\"lazy\" width=\"1024\" height=\"683\" src=\"https:\/\/www.skimo.at\/rennen\/files\/2024\/03\/dscf2313-1024x683.jpg\" alt=\"\" data-id=\"302183\" data-full-url=\"https:\/\/www.skimo.at\/rennen\/files\/2024\/03\/dscf2313.jpg\" data-link=\"https:\/\/www.skimo.at\/rennen\/302135\/ergebnisse-und-bilder-zum-esrten-etappe-des-pierra-menta-rennen-in-frankreich\/dscf2313\/\" class=\"wp-image-302183\" srcset=\"https:\/\/www.skimo.at\/rennen\/files\/2024\/03\/dscf2313-1024x683.jpg 1024w, https:\/\/www.skimo.at\/rennen\/files\/2024\/03\/dscf2313-300x200.jpg 300w, https:\/\/www.skimo.at\/rennen\/files\/2024\/03\/dscf2313-768x512.jpg 768w, https:\/\/www.skimo.at\/rennen\/files\/2024\/03\/dscf2313-746x497.jpg 746w, https:\/\/www.skimo.at\/rennen\/files\/2024\/03\/dscf2313-618x412.jpg 618w, https:\/\/www.skimo.at\/rennen\/files\/2024\/03\/dscf2313-554x369.jpg 554w, https:\/\/www.skimo.at\/rennen\/files\/2024\/03\/dscf2313-299x199.jpg 299w, https:\/\/www.skimo.at\/rennen\/files\/2024\/03\/dscf2313-1224x816.jpg 1224w, https:\/\/www.skimo.at\/rennen\/files\/2024\/03\/dscf2313-970x647.jpg 970w, https:\/\/www.skimo.at\/rennen\/files\/2024\/03\/dscf2313-139x93.jpg 139w, https:\/\/www.skimo.at\/rennen\/files\/2024\/03\/dscf2313-540x360.jpg 540w, https:\/\/www.skimo.at\/rennen\/files\/2024\/03\/dscf2313.jpg 2020w\" sizes=\"(max-width: 1024px) 100vw, 1024px\" \/><\/a><\/figure><\/li><li class=\"blocks-gallery-item\"><figure><a href=\"https:\/\/www.skimo.at\/rennen\/302135\/ergebnisse-und-bilder-zum-esrten-etappe-des-pierra-menta-rennen-in-frankreich\/dscf2317\/\"><img loading=\"lazy\" width=\"683\" height=\"1024\" src=\"https:\/\/www.skimo.at\/rennen\/files\/2024\/03\/dscf2317-683x1024.jpg\" alt=\"\" data-id=\"302184\" data-full-url=\"https:\/\/www.skimo.at\/rennen\/files\/2024\/03\/dscf2317.jpg\" data-link=\"https:\/\/www.skimo.at\/rennen\/302135\/ergebnisse-und-bilder-zum-esrten-etappe-des-pierra-menta-rennen-in-frankreich\/dscf2317\/\" class=\"wp-image-302184\" srcset=\"https:\/\/www.skimo.at\/rennen\/files\/2024\/03\/dscf2317-683x1024.jpg 683w, https:\/\/www.skimo.at\/rennen\/files\/2024\/03\/dscf2317-200x300.jpg 200w, https:\/\/www.skimo.at\/rennen\/files\/2024\/03\/dscf2317-768x1152.jpg 768w, https:\/\/www.skimo.at\/rennen\/files\/2024\/03\/dscf2317-1224x1836.jpg 1224w, https:\/\/www.skimo.at\/rennen\/files\/2024\/03\/dscf2317-970x1455.jpg 970w, https:\/\/www.skimo.at\/rennen\/files\/2024\/03\/dscf2317-554x831.jpg 554w, https:\/\/www.skimo.at\/rennen\/files\/2024\/03\/dscf2317-62x93.jpg 62w, https:\/\/www.skimo.at\/rennen\/files\/2024\/03\/dscf2317.jpg 1347w\" sizes=\"(max-width: 683px) 100vw, 683px\" \/><\/a><\/figure><\/li><li class=\"blocks-gallery-item\"><figure><a href=\"https:\/\/www.skimo.at\/rennen\/302135\/ergebnisse-und-bilder-zum-esrten-etappe-des-pierra-menta-rennen-in-frankreich\/dscf2329\/\"><img loading=\"lazy\" width=\"683\" height=\"1024\" src=\"https:\/\/www.skimo.at\/rennen\/files\/2024\/03\/dscf2329-683x1024.jpg\" alt=\"\" data-id=\"302185\" data-full-url=\"https:\/\/www.skimo.at\/rennen\/files\/2024\/03\/dscf2329.jpg\" data-link=\"https:\/\/www.skimo.at\/rennen\/302135\/ergebnisse-und-bilder-zum-esrten-etappe-des-pierra-menta-rennen-in-frankreich\/dscf2329\/\" class=\"wp-image-302185\" srcset=\"https:\/\/www.skimo.at\/rennen\/files\/2024\/03\/dscf2329-683x1024.jpg 683w, https:\/\/www.skimo.at\/rennen\/files\/2024\/03\/dscf2329-200x300.jpg 200w, https:\/\/www.skimo.at\/rennen\/files\/2024\/03\/dscf2329-768x1152.jpg 768w, https:\/\/www.skimo.at\/rennen\/files\/2024\/03\/dscf2329-1224x1836.jpg 1224w, https:\/\/www.skimo.at\/rennen\/files\/2024\/03\/dscf2329-970x1455.jpg 970w, https:\/\/www.skimo.at\/rennen\/files\/2024\/03\/dscf2329-554x831.jpg 554w, https:\/\/www.skimo.at\/rennen\/files\/2024\/03\/dscf2329-62x93.jpg 62w, https:\/\/www.skimo.at\/rennen\/files\/2024\/03\/dscf2329.jpg 1347w\" sizes=\"(max-width: 683px) 100vw, 683px\" \/><\/a><\/figure><\/li><li class=\"blocks-gallery-item\"><figure><a href=\"https:\/\/www.skimo.at\/rennen\/302135\/ergebnisse-und-bilder-zum-esrten-etappe-des-pierra-menta-rennen-in-frankreich\/dscf2367\/\"><img loading=\"lazy\" width=\"683\" height=\"1024\" src=\"https:\/\/www.skimo.at\/rennen\/files\/2024\/03\/dscf2367-683x1024.jpg\" alt=\"\" data-id=\"302186\" data-full-url=\"https:\/\/www.skimo.at\/rennen\/files\/2024\/03\/dscf2367.jpg\" data-link=\"https:\/\/www.skimo.at\/rennen\/302135\/ergebnisse-und-bilder-zum-esrten-etappe-des-pierra-menta-rennen-in-frankreich\/dscf2367\/\" class=\"wp-image-302186\" srcset=\"https:\/\/www.skimo.at\/rennen\/files\/2024\/03\/dscf2367-683x1024.jpg 683w, https:\/\/www.skimo.at\/rennen\/files\/2024\/03\/dscf2367-200x300.jpg 200w, https:\/\/www.skimo.at\/rennen\/files\/2024\/03\/dscf2367-768x1152.jpg 768w, https:\/\/www.skimo.at\/rennen\/files\/2024\/03\/dscf2367-1224x1836.jpg 1224w, https:\/\/www.skimo.at\/rennen\/files\/2024\/03\/dscf2367-970x1455.jpg 970w, https:\/\/www.skimo.at\/rennen\/files\/2024\/03\/dscf2367-554x831.jpg 554w, https:\/\/www.skimo.at\/rennen\/files\/2024\/03\/dscf2367-62x93.jpg 62w, https:\/\/www.skimo.at\/rennen\/files\/2024\/03\/dscf2367.jpg 1347w\" sizes=\"(max-width: 683px) 100vw, 683px\" \/><\/a><\/figure><\/li><li class=\"blocks-gallery-item\"><figure><a href=\"https:\/\/www.skimo.at\/rennen\/302135\/ergebnisse-und-bilder-zum-esrten-etappe-des-pierra-menta-rennen-in-frankreich\/dscf2384\/\"><img loading=\"lazy\" width=\"1024\" height=\"683\" src=\"https:\/\/www.skimo.at\/rennen\/files\/2024\/03\/dscf2384-1024x683.jpg\" alt=\"\" data-id=\"302187\" data-full-url=\"https:\/\/www.skimo.at\/rennen\/files\/2024\/03\/dscf2384.jpg\" data-link=\"https:\/\/www.skimo.at\/rennen\/302135\/ergebnisse-und-bilder-zum-esrten-etappe-des-pierra-menta-rennen-in-frankreich\/dscf2384\/\" class=\"wp-image-302187\" srcset=\"https:\/\/www.skimo.at\/rennen\/files\/2024\/03\/dscf2384-1024x683.jpg 1024w, https:\/\/www.skimo.at\/rennen\/files\/2024\/03\/dscf2384-300x200.jpg 300w, https:\/\/www.skimo.at\/rennen\/files\/2024\/03\/dscf2384-768x512.jpg 768w, https:\/\/www.skimo.at\/rennen\/files\/2024\/03\/dscf2384-746x497.jpg 746w, https:\/\/www.skimo.at\/rennen\/files\/2024\/03\/dscf2384-618x412.jpg 618w, https:\/\/www.skimo.at\/rennen\/files\/2024\/03\/dscf2384-554x369.jpg 554w, https:\/\/www.skimo.at\/rennen\/files\/2024\/03\/dscf2384-299x199.jpg 299w, https:\/\/www.skimo.at\/rennen\/files\/2024\/03\/dscf2384-1224x816.jpg 1224w, https:\/\/www.skimo.at\/rennen\/files\/2024\/03\/dscf2384-970x647.jpg 970w, https:\/\/www.skimo.at\/rennen\/files\/2024\/03\/dscf2384-139x93.jpg 139w, https:\/\/www.skimo.at\/rennen\/files\/2024\/03\/dscf2384-540x360.jpg 540w, https:\/\/www.skimo.at\/rennen\/files\/2024\/03\/dscf2384.jpg 2020w\" sizes=\"(max-width: 1024px) 100vw, 1024px\" \/><\/a><\/figure><\/li><li class=\"blocks-gallery-item\"><figure><a href=\"https:\/\/www.skimo.at\/rennen\/302135\/ergebnisse-und-bilder-zum-esrten-etappe-des-pierra-menta-rennen-in-frankreich\/dscf2400\/\"><img loading=\"lazy\" width=\"683\" height=\"1024\" src=\"https:\/\/www.skimo.at\/rennen\/files\/2024\/03\/dscf2400-683x1024.jpg\" alt=\"\" data-id=\"302188\" data-full-url=\"https:\/\/www.skimo.at\/rennen\/files\/2024\/03\/dscf2400.jpg\" data-link=\"https:\/\/www.skimo.at\/rennen\/302135\/ergebnisse-und-bilder-zum-esrten-etappe-des-pierra-menta-rennen-in-frankreich\/dscf2400\/\" class=\"wp-image-302188\" srcset=\"https:\/\/www.skimo.at\/rennen\/files\/2024\/03\/dscf2400-683x1024.jpg 683w, https:\/\/www.skimo.at\/rennen\/files\/2024\/03\/dscf2400-200x300.jpg 200w, https:\/\/www.skimo.at\/rennen\/files\/2024\/03\/dscf2400-768x1152.jpg 768w, https:\/\/www.skimo.at\/rennen\/files\/2024\/03\/dscf2400-1224x1836.jpg 1224w, https:\/\/www.skimo.at\/rennen\/files\/2024\/03\/dscf2400-970x1455.jpg 970w, https:\/\/www.skimo.at\/rennen\/files\/2024\/03\/dscf2400-554x831.jpg 554w, https:\/\/www.skimo.at\/rennen\/files\/2024\/03\/dscf2400-62x93.jpg 62w, https:\/\/www.skimo.at\/rennen\/files\/2024\/03\/dscf2400.jpg 1347w\" sizes=\"(max-width: 683px) 100vw, 683px\" \/><\/a><\/figure><\/li><li class=\"blocks-gallery-item\"><figure><a href=\"https:\/\/www.skimo.at\/rennen\/302135\/ergebnisse-und-bilder-zum-esrten-etappe-des-pierra-menta-rennen-in-frankreich\/dscf2417\/\"><img loading=\"lazy\" width=\"1024\" height=\"683\" src=\"https:\/\/www.skimo.at\/rennen\/files\/2024\/03\/dscf2417-1024x683.jpg\" alt=\"\" data-id=\"302189\" data-full-url=\"https:\/\/www.skimo.at\/rennen\/files\/2024\/03\/dscf2417.jpg\" data-link=\"https:\/\/www.skimo.at\/rennen\/302135\/ergebnisse-und-bilder-zum-esrten-etappe-des-pierra-menta-rennen-in-frankreich\/dscf2417\/\" class=\"wp-image-302189\" srcset=\"https:\/\/www.skimo.at\/rennen\/files\/2024\/03\/dscf2417-1024x683.jpg 1024w, https:\/\/www.skimo.at\/rennen\/files\/2024\/03\/dscf2417-300x200.jpg 300w, https:\/\/www.skimo.at\/rennen\/files\/2024\/03\/dscf2417-768x512.jpg 768w, https:\/\/www.skimo.at\/rennen\/files\/2024\/03\/dscf2417-746x497.jpg 746w, https:\/\/www.skimo.at\/rennen\/files\/2024\/03\/dscf2417-618x412.jpg 618w, https:\/\/www.skimo.at\/rennen\/files\/2024\/03\/dscf2417-554x369.jpg 554w, https:\/\/www.skimo.at\/rennen\/files\/2024\/03\/dscf2417-299x199.jpg 299w, https:\/\/www.skimo.at\/rennen\/files\/2024\/03\/dscf2417-1224x816.jpg 1224w, https:\/\/www.skimo.at\/rennen\/files\/2024\/03\/dscf2417-970x647.jpg 970w, https:\/\/www.skimo.at\/rennen\/files\/2024\/03\/dscf2417-139x93.jpg 139w, https:\/\/www.skimo.at\/rennen\/files\/2024\/03\/dscf2417-540x360.jpg 540w, https:\/\/www.skimo.at\/rennen\/files\/2024\/03\/dscf2417.jpg 2020w\" sizes=\"(max-width: 1024px) 100vw, 1024px\" \/><\/a><\/figure><\/li><li class=\"blocks-gallery-item\"><figure><a href=\"https:\/\/www.skimo.at\/rennen\/302135\/ergebnisse-und-bilder-zum-esrten-etappe-des-pierra-menta-rennen-in-frankreich\/dscf2428\/\"><img loading=\"lazy\" width=\"1024\" height=\"683\" src=\"https:\/\/www.skimo.at\/rennen\/files\/2024\/03\/dscf2428-1024x683.jpg\" alt=\"\" data-id=\"302190\" data-full-url=\"https:\/\/www.skimo.at\/rennen\/files\/2024\/03\/dscf2428.jpg\" data-link=\"https:\/\/www.skimo.at\/rennen\/302135\/ergebnisse-und-bilder-zum-esrten-etappe-des-pierra-menta-rennen-in-frankreich\/dscf2428\/\" class=\"wp-image-302190\" srcset=\"https:\/\/www.skimo.at\/rennen\/files\/2024\/03\/dscf2428-1024x683.jpg 1024w, https:\/\/www.skimo.at\/rennen\/files\/2024\/03\/dscf2428-300x200.jpg 300w, https:\/\/www.skimo.at\/rennen\/files\/2024\/03\/dscf2428-768x512.jpg 768w, https:\/\/www.skimo.at\/rennen\/files\/2024\/03\/dscf2428-746x497.jpg 746w, https:\/\/www.skimo.at\/rennen\/files\/2024\/03\/dscf2428-618x412.jpg 618w, https:\/\/www.skimo.at\/rennen\/files\/2024\/03\/dscf2428-554x369.jpg 554w, https:\/\/www.skimo.at\/rennen\/files\/2024\/03\/dscf2428-299x199.jpg 299w, https:\/\/www.skimo.at\/rennen\/files\/2024\/03\/dscf2428-1224x816.jpg 1224w, https:\/\/www.skimo.at\/rennen\/files\/2024\/03\/dscf2428-970x647.jpg 970w, https:\/\/www.skimo.at\/rennen\/files\/2024\/03\/dscf2428-139x93.jpg 139w, https:\/\/www.skimo.at\/rennen\/files\/2024\/03\/dscf2428-540x360.jpg 540w, https:\/\/www.skimo.at\/rennen\/files\/2024\/03\/dscf2428.jpg 2020w\" sizes=\"(max-width: 1024px) 100vw, 1024px\" \/><\/a><\/figure><\/li><li class=\"blocks-gallery-item\"><figure><a href=\"https:\/\/www.skimo.at\/rennen\/302135\/ergebnisse-und-bilder-zum-esrten-etappe-des-pierra-menta-rennen-in-frankreich\/dscf2435\/\"><img loading=\"lazy\" width=\"1024\" height=\"683\" src=\"https:\/\/www.skimo.at\/rennen\/files\/2024\/03\/dscf2435-1024x683.jpg\" alt=\"\" data-id=\"302191\" data-full-url=\"https:\/\/www.skimo.at\/rennen\/files\/2024\/03\/dscf2435.jpg\" data-link=\"https:\/\/www.skimo.at\/rennen\/302135\/ergebnisse-und-bilder-zum-esrten-etappe-des-pierra-menta-rennen-in-frankreich\/dscf2435\/\" class=\"wp-image-302191\" srcset=\"https:\/\/www.skimo.at\/rennen\/files\/2024\/03\/dscf2435-1024x683.jpg 1024w, https:\/\/www.skimo.at\/rennen\/files\/2024\/03\/dscf2435-300x200.jpg 300w, https:\/\/www.skimo.at\/rennen\/files\/2024\/03\/dscf2435-768x512.jpg 768w, https:\/\/www.skimo.at\/rennen\/files\/2024\/03\/dscf2435-746x497.jpg 746w, https:\/\/www.skimo.at\/rennen\/files\/2024\/03\/dscf2435-618x412.jpg 618w, https:\/\/www.skimo.at\/rennen\/files\/2024\/03\/dscf2435-554x369.jpg 554w, https:\/\/www.skimo.at\/rennen\/files\/2024\/03\/dscf2435-299x199.jpg 299w, https:\/\/www.skimo.at\/rennen\/files\/2024\/03\/dscf2435-1224x816.jpg 1224w, https:\/\/www.skimo.at\/rennen\/files\/2024\/03\/dscf2435-970x647.jpg 970w, https:\/\/www.skimo.at\/rennen\/files\/2024\/03\/dscf2435-139x93.jpg 139w, https:\/\/www.skimo.at\/rennen\/files\/2024\/03\/dscf2435-540x360.jpg 540w, https:\/\/www.skimo.at\/rennen\/files\/2024\/03\/dscf2435.jpg 2020w\" sizes=\"(max-width: 1024px) 100vw, 1024px\" \/><\/a><\/figure><\/li><li class=\"blocks-gallery-item\"><figure><a href=\"https:\/\/www.skimo.at\/rennen\/302135\/ergebnisse-und-bilder-zum-esrten-etappe-des-pierra-menta-rennen-in-frankreich\/pierra-menta-2024-1-day-downhill-41\/\"><img loading=\"lazy\" width=\"1024\" height=\"683\" src=\"https:\/\/www.skimo.at\/rennen\/files\/2024\/03\/pierra-menta-2024-1-day-downhill-41-1024x683.jpg\" alt=\"\" data-id=\"302192\" data-full-url=\"https:\/\/www.skimo.at\/rennen\/files\/2024\/03\/pierra-menta-2024-1-day-downhill-41.jpg\" data-link=\"https:\/\/www.skimo.at\/rennen\/302135\/ergebnisse-und-bilder-zum-esrten-etappe-des-pierra-menta-rennen-in-frankreich\/pierra-menta-2024-1-day-downhill-41\/\" class=\"wp-image-302192\" srcset=\"https:\/\/www.skimo.at\/rennen\/files\/2024\/03\/pierra-menta-2024-1-day-downhill-41-1024x683.jpg 1024w, https:\/\/www.skimo.at\/rennen\/files\/2024\/03\/pierra-menta-2024-1-day-downhill-41-300x200.jpg 300w, https:\/\/www.skimo.at\/rennen\/files\/2024\/03\/pierra-menta-2024-1-day-downhill-41-768x513.jpg 768w, https:\/\/www.skimo.at\/rennen\/files\/2024\/03\/pierra-menta-2024-1-day-downhill-41-746x497.jpg 746w, https:\/\/www.skimo.at\/rennen\/files\/2024\/03\/pierra-menta-2024-1-day-downhill-41-618x412.jpg 618w, https:\/\/www.skimo.at\/rennen\/files\/2024\/03\/pierra-menta-2024-1-day-downhill-41-554x370.jpg 554w, https:\/\/www.skimo.at\/rennen\/files\/2024\/03\/pierra-menta-2024-1-day-downhill-41-299x199.jpg 299w, https:\/\/www.skimo.at\/rennen\/files\/2024\/03\/pierra-menta-2024-1-day-downhill-41-1224x817.jpg 1224w, https:\/\/www.skimo.at\/rennen\/files\/2024\/03\/pierra-menta-2024-1-day-downhill-41-970x647.jpg 970w, https:\/\/www.skimo.at\/rennen\/files\/2024\/03\/pierra-menta-2024-1-day-downhill-41-139x93.jpg 139w, https:\/\/www.skimo.at\/rennen\/files\/2024\/03\/pierra-menta-2024-1-day-downhill-41-540x360.jpg 540w, https:\/\/www.skimo.at\/rennen\/files\/2024\/03\/pierra-menta-2024-1-day-downhill-41.jpg 2020w\" sizes=\"(max-width: 1024px) 100vw, 1024px\" \/><\/a><\/figure><\/li><li class=\"blocks-gallery-item\"><figure><a href=\"https:\/\/www.skimo.at\/rennen\/302135\/ergebnisse-und-bilder-zum-esrten-etappe-des-pierra-menta-rennen-in-frankreich\/pierra-menta-2024-1-day-downhill-43\/\"><img loading=\"lazy\" width=\"1024\" height=\"683\" src=\"https:\/\/www.skimo.at\/rennen\/files\/2024\/03\/pierra-menta-2024-1-day-downhill-43-1024x683.jpg\" alt=\"\" data-id=\"302193\" data-full-url=\"https:\/\/www.skimo.at\/rennen\/files\/2024\/03\/pierra-menta-2024-1-day-downhill-43.jpg\" data-link=\"https:\/\/www.skimo.at\/rennen\/302135\/ergebnisse-und-bilder-zum-esrten-etappe-des-pierra-menta-rennen-in-frankreich\/pierra-menta-2024-1-day-downhill-43\/\" class=\"wp-image-302193\" srcset=\"https:\/\/www.skimo.at\/rennen\/files\/2024\/03\/pierra-menta-2024-1-day-downhill-43-1024x683.jpg 1024w, https:\/\/www.skimo.at\/rennen\/files\/2024\/03\/pierra-menta-2024-1-day-downhill-43-300x200.jpg 300w, https:\/\/www.skimo.at\/rennen\/files\/2024\/03\/pierra-menta-2024-1-day-downhill-43-768x513.jpg 768w, https:\/\/www.skimo.at\/rennen\/files\/2024\/03\/pierra-menta-2024-1-day-downhill-43-746x497.jpg 746w, https:\/\/www.skimo.at\/rennen\/files\/2024\/03\/pierra-menta-2024-1-day-downhill-43-618x412.jpg 618w, https:\/\/www.skimo.at\/rennen\/files\/2024\/03\/pierra-menta-2024-1-day-downhill-43-554x370.jpg 554w, https:\/\/www.skimo.at\/rennen\/files\/2024\/03\/pierra-menta-2024-1-day-downhill-43-299x199.jpg 299w, https:\/\/www.skimo.at\/rennen\/files\/2024\/03\/pierra-menta-2024-1-day-downhill-43-1224x817.jpg 1224w, https:\/\/www.skimo.at\/rennen\/files\/2024\/03\/pierra-menta-2024-1-day-downhill-43-970x647.jpg 970w, https:\/\/www.skimo.at\/rennen\/files\/2024\/03\/pierra-menta-2024-1-day-downhill-43-139x93.jpg 139w, https:\/\/www.skimo.at\/rennen\/files\/2024\/03\/pierra-menta-2024-1-day-downhill-43-540x360.jpg 540w, https:\/\/www.skimo.at\/rennen\/files\/2024\/03\/pierra-menta-2024-1-day-downhill-43.jpg 2020w\" sizes=\"(max-width: 1024px) 100vw, 1024px\" \/><\/a><\/figure><\/li><li class=\"blocks-gallery-item\"><figure><a href=\"https:\/\/www.skimo.at\/rennen\/302135\/ergebnisse-und-bilder-zum-esrten-etappe-des-pierra-menta-rennen-in-frankreich\/pierra-menta-2024-1-day-downhill-114\/\"><img loading=\"lazy\" width=\"681\" height=\"1024\" src=\"https:\/\/www.skimo.at\/rennen\/files\/2024\/03\/pierra-menta-2024-1-day-downhill-114-681x1024.jpg\" alt=\"\" data-id=\"302194\" data-full-url=\"https:\/\/www.skimo.at\/rennen\/files\/2024\/03\/pierra-menta-2024-1-day-downhill-114.jpg\" data-link=\"https:\/\/www.skimo.at\/rennen\/302135\/ergebnisse-und-bilder-zum-esrten-etappe-des-pierra-menta-rennen-in-frankreich\/pierra-menta-2024-1-day-downhill-114\/\" class=\"wp-image-302194\" srcset=\"https:\/\/www.skimo.at\/rennen\/files\/2024\/03\/pierra-menta-2024-1-day-downhill-114-681x1024.jpg 681w, https:\/\/www.skimo.at\/rennen\/files\/2024\/03\/pierra-menta-2024-1-day-downhill-114-200x300.jpg 200w, https:\/\/www.skimo.at\/rennen\/files\/2024\/03\/pierra-menta-2024-1-day-downhill-114-768x1154.jpg 768w, https:\/\/www.skimo.at\/rennen\/files\/2024\/03\/pierra-menta-2024-1-day-downhill-114-1224x1840.jpg 1224w, https:\/\/www.skimo.at\/rennen\/files\/2024\/03\/pierra-menta-2024-1-day-downhill-114-970x1458.jpg 970w, https:\/\/www.skimo.at\/rennen\/files\/2024\/03\/pierra-menta-2024-1-day-downhill-114-554x833.jpg 554w, https:\/\/www.skimo.at\/rennen\/files\/2024\/03\/pierra-menta-2024-1-day-downhill-114-62x93.jpg 62w, https:\/\/www.skimo.at\/rennen\/files\/2024\/03\/pierra-menta-2024-1-day-downhill-114.jpg 1344w\" sizes=\"(max-width: 681px) 100vw, 681px\" \/><\/a><\/figure><\/li><li class=\"blocks-gallery-item\"><figure><a href=\"https:\/\/www.skimo.at\/rennen\/302135\/ergebnisse-und-bilder-zum-esrten-etappe-des-pierra-menta-rennen-in-frankreich\/pierra-menta-2024-1-day-downhill-118\/\"><img loading=\"lazy\" width=\"1024\" height=\"681\" src=\"https:\/\/www.skimo.at\/rennen\/files\/2024\/03\/pierra-menta-2024-1-day-downhill-118-1024x681.jpg\" alt=\"\" data-id=\"302195\" data-full-url=\"https:\/\/www.skimo.at\/rennen\/files\/2024\/03\/pierra-menta-2024-1-day-downhill-118.jpg\" data-link=\"https:\/\/www.skimo.at\/rennen\/302135\/ergebnisse-und-bilder-zum-esrten-etappe-des-pierra-menta-rennen-in-frankreich\/pierra-menta-2024-1-day-downhill-118\/\" class=\"wp-image-302195\" srcset=\"https:\/\/www.skimo.at\/rennen\/files\/2024\/03\/pierra-menta-2024-1-day-downhill-118-1024x681.jpg 1024w, https:\/\/www.skimo.at\/rennen\/files\/2024\/03\/pierra-menta-2024-1-day-downhill-118-300x200.jpg 300w, https:\/\/www.skimo.at\/rennen\/files\/2024\/03\/pierra-menta-2024-1-day-downhill-118-768x511.jpg 768w, https:\/\/www.skimo.at\/rennen\/files\/2024\/03\/pierra-menta-2024-1-day-downhill-118-746x497.jpg 746w, https:\/\/www.skimo.at\/rennen\/files\/2024\/03\/pierra-menta-2024-1-day-downhill-118-618x412.jpg 618w, https:\/\/www.skimo.at\/rennen\/files\/2024\/03\/pierra-menta-2024-1-day-downhill-118-554x369.jpg 554w, https:\/\/www.skimo.at\/rennen\/files\/2024\/03\/pierra-menta-2024-1-day-downhill-118-299x199.jpg 299w, https:\/\/www.skimo.at\/rennen\/files\/2024\/03\/pierra-menta-2024-1-day-downhill-118-1224x814.jpg 1224w, https:\/\/www.skimo.at\/rennen\/files\/2024\/03\/pierra-menta-2024-1-day-downhill-118-970x645.jpg 970w, https:\/\/www.skimo.at\/rennen\/files\/2024\/03\/pierra-menta-2024-1-day-downhill-118-140x93.jpg 140w, https:\/\/www.skimo.at\/rennen\/files\/2024\/03\/pierra-menta-2024-1-day-downhill-118-540x360.jpg 540w, https:\/\/www.skimo.at\/rennen\/files\/2024\/03\/pierra-menta-2024-1-day-downhill-118.jpg 2020w\" sizes=\"(max-width: 1024px) 100vw, 1024px\" \/><\/a><\/figure><\/li><li class=\"blocks-gallery-item\"><figure><a href=\"https:\/\/www.skimo.at\/rennen\/302135\/ergebnisse-und-bilder-zum-esrten-etappe-des-pierra-menta-rennen-in-frankreich\/pierra-menta-2024-1-day-downhill-131\/\"><img loading=\"lazy\" width=\"1024\" height=\"683\" src=\"https:\/\/www.skimo.at\/rennen\/files\/2024\/03\/pierra-menta-2024-1-day-downhill-131-1024x683.jpg\" alt=\"\" data-id=\"302196\" data-full-url=\"https:\/\/www.skimo.at\/rennen\/files\/2024\/03\/pierra-menta-2024-1-day-downhill-131.jpg\" data-link=\"https:\/\/www.skimo.at\/rennen\/302135\/ergebnisse-und-bilder-zum-esrten-etappe-des-pierra-menta-rennen-in-frankreich\/pierra-menta-2024-1-day-downhill-131\/\" class=\"wp-image-302196\" srcset=\"https:\/\/www.skimo.at\/rennen\/files\/2024\/03\/pierra-menta-2024-1-day-downhill-131-1024x683.jpg 1024w, https:\/\/www.skimo.at\/rennen\/files\/2024\/03\/pierra-menta-2024-1-day-downhill-131-300x200.jpg 300w, https:\/\/www.skimo.at\/rennen\/files\/2024\/03\/pierra-menta-2024-1-day-downhill-131-768x513.jpg 768w, https:\/\/www.skimo.at\/rennen\/files\/2024\/03\/pierra-menta-2024-1-day-downhill-131-746x497.jpg 746w, https:\/\/www.skimo.at\/rennen\/files\/2024\/03\/pierra-menta-2024-1-day-downhill-131-618x412.jpg 618w, https:\/\/www.skimo.at\/rennen\/files\/2024\/03\/pierra-menta-2024-1-day-downhill-131-554x370.jpg 554w, https:\/\/www.skimo.at\/rennen\/files\/2024\/03\/pierra-menta-2024-1-day-downhill-131-299x199.jpg 299w, https:\/\/www.skimo.at\/rennen\/files\/2024\/03\/pierra-menta-2024-1-day-downhill-131-1224x817.jpg 1224w, https:\/\/www.skimo.at\/rennen\/files\/2024\/03\/pierra-menta-2024-1-day-downhill-131-970x647.jpg 970w, https:\/\/www.skimo.at\/rennen\/files\/2024\/03\/pierra-menta-2024-1-day-downhill-131-139x93.jpg 139w, https:\/\/www.skimo.at\/rennen\/files\/2024\/03\/pierra-menta-2024-1-day-downhill-131-540x360.jpg 540w, https:\/\/www.skimo.at\/rennen\/files\/2024\/03\/pierra-menta-2024-1-day-downhill-131.jpg 2020w\" sizes=\"(max-width: 1024px) 100vw, 1024px\" \/><\/a><\/figure><\/li><li class=\"blocks-gallery-item\"><figure><a href=\"https:\/\/www.skimo.at\/rennen\/302135\/ergebnisse-und-bilder-zum-esrten-etappe-des-pierra-menta-rennen-in-frankreich\/pierra-menta-2024-1-day-downhill-135\/\"><img loading=\"lazy\" width=\"1024\" height=\"681\" src=\"https:\/\/www.skimo.at\/rennen\/files\/2024\/03\/pierra-menta-2024-1-day-downhill-135-1024x681.jpg\" alt=\"\" data-id=\"302197\" data-full-url=\"https:\/\/www.skimo.at\/rennen\/files\/2024\/03\/pierra-menta-2024-1-day-downhill-135.jpg\" data-link=\"https:\/\/www.skimo.at\/rennen\/302135\/ergebnisse-und-bilder-zum-esrten-etappe-des-pierra-menta-rennen-in-frankreich\/pierra-menta-2024-1-day-downhill-135\/\" class=\"wp-image-302197\" srcset=\"https:\/\/www.skimo.at\/rennen\/files\/2024\/03\/pierra-menta-2024-1-day-downhill-135-1024x681.jpg 1024w, https:\/\/www.skimo.at\/rennen\/files\/2024\/03\/pierra-menta-2024-1-day-downhill-135-300x200.jpg 300w, https:\/\/www.skimo.at\/rennen\/files\/2024\/03\/pierra-menta-2024-1-day-downhill-135-768x511.jpg 768w, https:\/\/www.skimo.at\/rennen\/files\/2024\/03\/pierra-menta-2024-1-day-downhill-135-746x497.jpg 746w, https:\/\/www.skimo.at\/rennen\/files\/2024\/03\/pierra-menta-2024-1-day-downhill-135-618x412.jpg 618w, https:\/\/www.skimo.at\/rennen\/files\/2024\/03\/pierra-menta-2024-1-day-downhill-135-554x369.jpg 554w, https:\/\/www.skimo.at\/rennen\/files\/2024\/03\/pierra-menta-2024-1-day-downhill-135-299x199.jpg 299w, https:\/\/www.skimo.at\/rennen\/files\/2024\/03\/pierra-menta-2024-1-day-downhill-135-1224x814.jpg 1224w, https:\/\/www.skimo.at\/rennen\/files\/2024\/03\/pierra-menta-2024-1-day-downhill-135-970x645.jpg 970w, https:\/\/www.skimo.at\/rennen\/files\/2024\/03\/pierra-menta-2024-1-day-downhill-135-140x93.jpg 140w, https:\/\/www.skimo.at\/rennen\/files\/2024\/03\/pierra-menta-2024-1-day-downhill-135-540x360.jpg 540w, https:\/\/www.skimo.at\/rennen\/files\/2024\/03\/pierra-menta-2024-1-day-downhill-135.jpg 2020w\" sizes=\"(max-width: 1024px) 100vw, 1024px\" \/><\/a><\/figure><\/li><li class=\"blocks-gallery-item\"><figure><a href=\"https:\/\/www.skimo.at\/rennen\/302135\/ergebnisse-und-bilder-zum-esrten-etappe-des-pierra-menta-rennen-in-frankreich\/pierra-menta-2024-1-day-downhill-143\/\"><img loading=\"lazy\" width=\"681\" height=\"1024\" src=\"https:\/\/www.skimo.at\/rennen\/files\/2024\/03\/pierra-menta-2024-1-day-downhill-143-681x1024.jpg\" alt=\"\" data-id=\"302198\" data-full-url=\"https:\/\/www.skimo.at\/rennen\/files\/2024\/03\/pierra-menta-2024-1-day-downhill-143.jpg\" data-link=\"https:\/\/www.skimo.at\/rennen\/302135\/ergebnisse-und-bilder-zum-esrten-etappe-des-pierra-menta-rennen-in-frankreich\/pierra-menta-2024-1-day-downhill-143\/\" class=\"wp-image-302198\" srcset=\"https:\/\/www.skimo.at\/rennen\/files\/2024\/03\/pierra-menta-2024-1-day-downhill-143-681x1024.jpg 681w, https:\/\/www.skimo.at\/rennen\/files\/2024\/03\/pierra-menta-2024-1-day-downhill-143-200x300.jpg 200w, https:\/\/www.skimo.at\/rennen\/files\/2024\/03\/pierra-menta-2024-1-day-downhill-143-768x1154.jpg 768w, https:\/\/www.skimo.at\/rennen\/files\/2024\/03\/pierra-menta-2024-1-day-downhill-143-1224x1840.jpg 1224w, https:\/\/www.skimo.at\/rennen\/files\/2024\/03\/pierra-menta-2024-1-day-downhill-143-970x1458.jpg 970w, https:\/\/www.skimo.at\/rennen\/files\/2024\/03\/pierra-menta-2024-1-day-downhill-143-554x833.jpg 554w, https:\/\/www.skimo.at\/rennen\/files\/2024\/03\/pierra-menta-2024-1-day-downhill-143-62x93.jpg 62w, https:\/\/www.skimo.at\/rennen\/files\/2024\/03\/pierra-menta-2024-1-day-downhill-143.jpg 1344w\" sizes=\"(max-width: 681px) 100vw, 681px\" \/><\/a><\/figure><\/li><li class=\"blocks-gallery-item\"><figure><a href=\"https:\/\/www.skimo.at\/rennen\/302135\/ergebnisse-und-bilder-zum-esrten-etappe-des-pierra-menta-rennen-in-frankreich\/pierra-menta-2024-1-day-downhill-148\/\"><img loading=\"lazy\" width=\"681\" height=\"1024\" src=\"https:\/\/www.skimo.at\/rennen\/files\/2024\/03\/pierra-menta-2024-1-day-downhill-148-681x1024.jpg\" alt=\"\" data-id=\"302199\" data-full-url=\"https:\/\/www.skimo.at\/rennen\/files\/2024\/03\/pierra-menta-2024-1-day-downhill-148.jpg\" data-link=\"https:\/\/www.skimo.at\/rennen\/302135\/ergebnisse-und-bilder-zum-esrten-etappe-des-pierra-menta-rennen-in-frankreich\/pierra-menta-2024-1-day-downhill-148\/\" class=\"wp-image-302199\" srcset=\"https:\/\/www.skimo.at\/rennen\/files\/2024\/03\/pierra-menta-2024-1-day-downhill-148-681x1024.jpg 681w, https:\/\/www.skimo.at\/rennen\/files\/2024\/03\/pierra-menta-2024-1-day-downhill-148-200x300.jpg 200w, https:\/\/www.skimo.at\/rennen\/files\/2024\/03\/pierra-menta-2024-1-day-downhill-148-768x1154.jpg 768w, https:\/\/www.skimo.at\/rennen\/files\/2024\/03\/pierra-menta-2024-1-day-downhill-148-1224x1840.jpg 1224w, https:\/\/www.skimo.at\/rennen\/files\/2024\/03\/pierra-menta-2024-1-day-downhill-148-970x1458.jpg 970w, https:\/\/www.skimo.at\/rennen\/files\/2024\/03\/pierra-menta-2024-1-day-downhill-148-554x833.jpg 554w, https:\/\/www.skimo.at\/rennen\/files\/2024\/03\/pierra-menta-2024-1-day-downhill-148-62x93.jpg 62w, https:\/\/www.skimo.at\/rennen\/files\/2024\/03\/pierra-menta-2024-1-day-downhill-148.jpg 1344w\" sizes=\"(max-width: 681px) 100vw, 681px\" \/><\/a><\/figure><\/li><li class=\"blocks-gallery-item\"><figure><a href=\"https:\/\/www.skimo.at\/rennen\/302135\/ergebnisse-und-bilder-zum-esrten-etappe-des-pierra-menta-rennen-in-frankreich\/pierra-menta-2024-1-day-downhill-171\/\"><img loading=\"lazy\" width=\"1024\" height=\"681\" src=\"https:\/\/www.skimo.at\/rennen\/files\/2024\/03\/pierra-menta-2024-1-day-downhill-171-1024x681.jpg\" alt=\"\" data-id=\"302200\" data-full-url=\"https:\/\/www.skimo.at\/rennen\/files\/2024\/03\/pierra-menta-2024-1-day-downhill-171.jpg\" data-link=\"https:\/\/www.skimo.at\/rennen\/302135\/ergebnisse-und-bilder-zum-esrten-etappe-des-pierra-menta-rennen-in-frankreich\/pierra-menta-2024-1-day-downhill-171\/\" class=\"wp-image-302200\" srcset=\"https:\/\/www.skimo.at\/rennen\/files\/2024\/03\/pierra-menta-2024-1-day-downhill-171-1024x681.jpg 1024w, https:\/\/www.skimo.at\/rennen\/files\/2024\/03\/pierra-menta-2024-1-day-downhill-171-300x200.jpg 300w, https:\/\/www.skimo.at\/rennen\/files\/2024\/03\/pierra-menta-2024-1-day-downhill-171-768x511.jpg 768w, https:\/\/www.skimo.at\/rennen\/files\/2024\/03\/pierra-menta-2024-1-day-downhill-171-746x497.jpg 746w, https:\/\/www.skimo.at\/rennen\/files\/2024\/03\/pierra-menta-2024-1-day-downhill-171-618x412.jpg 618w, https:\/\/www.skimo.at\/rennen\/files\/2024\/03\/pierra-menta-2024-1-day-downhill-171-554x369.jpg 554w, https:\/\/www.skimo.at\/rennen\/files\/2024\/03\/pierra-menta-2024-1-day-downhill-171-299x199.jpg 299w, https:\/\/www.skimo.at\/rennen\/files\/2024\/03\/pierra-menta-2024-1-day-downhill-171-1224x814.jpg 1224w, https:\/\/www.skimo.at\/rennen\/files\/2024\/03\/pierra-menta-2024-1-day-downhill-171-970x645.jpg 970w, https:\/\/www.skimo.at\/rennen\/files\/2024\/03\/pierra-menta-2024-1-day-downhill-171-140x93.jpg 140w, https:\/\/www.skimo.at\/rennen\/files\/2024\/03\/pierra-menta-2024-1-day-downhill-171-540x360.jpg 540w, https:\/\/www.skimo.at\/rennen\/files\/2024\/03\/pierra-menta-2024-1-day-downhill-171.jpg 2020w\" sizes=\"(max-width: 1024px) 100vw, 1024px\" \/><\/a><\/figure><\/li><li class=\"blocks-gallery-item\"><figure><a href=\"https:\/\/www.skimo.at\/rennen\/302135\/ergebnisse-und-bilder-zum-esrten-etappe-des-pierra-menta-rennen-in-frankreich\/pierra-menta-2024-1-day-downhill-190\/\"><img loading=\"lazy\" width=\"681\" height=\"1024\" src=\"https:\/\/www.skimo.at\/rennen\/files\/2024\/03\/pierra-menta-2024-1-day-downhill-190-681x1024.jpg\" alt=\"\" data-id=\"302201\" data-full-url=\"https:\/\/www.skimo.at\/rennen\/files\/2024\/03\/pierra-menta-2024-1-day-downhill-190.jpg\" data-link=\"https:\/\/www.skimo.at\/rennen\/302135\/ergebnisse-und-bilder-zum-esrten-etappe-des-pierra-menta-rennen-in-frankreich\/pierra-menta-2024-1-day-downhill-190\/\" class=\"wp-image-302201\" srcset=\"https:\/\/www.skimo.at\/rennen\/files\/2024\/03\/pierra-menta-2024-1-day-downhill-190-681x1024.jpg 681w, https:\/\/www.skimo.at\/rennen\/files\/2024\/03\/pierra-menta-2024-1-day-downhill-190-200x300.jpg 200w, https:\/\/www.skimo.at\/rennen\/files\/2024\/03\/pierra-menta-2024-1-day-downhill-190-768x1154.jpg 768w, https:\/\/www.skimo.at\/rennen\/files\/2024\/03\/pierra-menta-2024-1-day-downhill-190-1224x1840.jpg 1224w, https:\/\/www.skimo.at\/rennen\/files\/2024\/03\/pierra-menta-2024-1-day-downhill-190-970x1458.jpg 970w, https:\/\/www.skimo.at\/rennen\/files\/2024\/03\/pierra-menta-2024-1-day-downhill-190-554x833.jpg 554w, https:\/\/www.skimo.at\/rennen\/files\/2024\/03\/pierra-menta-2024-1-day-downhill-190-62x93.jpg 62w, https:\/\/www.skimo.at\/rennen\/files\/2024\/03\/pierra-menta-2024-1-day-downhill-190.jpg 1344w\" sizes=\"(max-width: 681px) 100vw, 681px\" \/><\/a><\/figure><\/li><li class=\"blocks-gallery-item\"><figure><a href=\"https:\/\/www.skimo.at\/rennen\/302135\/ergebnisse-und-bilder-zum-esrten-etappe-des-pierra-menta-rennen-in-frankreich\/pierra-menta-2024-1-day-downhill-201\/\"><img loading=\"lazy\" width=\"1024\" height=\"681\" src=\"https:\/\/www.skimo.at\/rennen\/files\/2024\/03\/pierra-menta-2024-1-day-downhill-201-1024x681.jpg\" alt=\"\" data-id=\"302202\" data-full-url=\"https:\/\/www.skimo.at\/rennen\/files\/2024\/03\/pierra-menta-2024-1-day-downhill-201.jpg\" data-link=\"https:\/\/www.skimo.at\/rennen\/302135\/ergebnisse-und-bilder-zum-esrten-etappe-des-pierra-menta-rennen-in-frankreich\/pierra-menta-2024-1-day-downhill-201\/\" class=\"wp-image-302202\" srcset=\"https:\/\/www.skimo.at\/rennen\/files\/2024\/03\/pierra-menta-2024-1-day-downhill-201-1024x681.jpg 1024w, https:\/\/www.skimo.at\/rennen\/files\/2024\/03\/pierra-menta-2024-1-day-downhill-201-300x200.jpg 300w, https:\/\/www.skimo.at\/rennen\/files\/2024\/03\/pierra-menta-2024-1-day-downhill-201-768x511.jpg 768w, https:\/\/www.skimo.at\/rennen\/files\/2024\/03\/pierra-menta-2024-1-day-downhill-201-746x497.jpg 746w, https:\/\/www.skimo.at\/rennen\/files\/2024\/03\/pierra-menta-2024-1-day-downhill-201-618x412.jpg 618w, https:\/\/www.skimo.at\/rennen\/files\/2024\/03\/pierra-menta-2024-1-day-downhill-201-554x369.jpg 554w, https:\/\/www.skimo.at\/rennen\/files\/2024\/03\/pierra-menta-2024-1-day-downhill-201-299x199.jpg 299w, https:\/\/www.skimo.at\/rennen\/files\/2024\/03\/pierra-menta-2024-1-day-downhill-201-1224x814.jpg 1224w, https:\/\/www.skimo.at\/rennen\/files\/2024\/03\/pierra-menta-2024-1-day-downhill-201-970x645.jpg 970w, https:\/\/www.skimo.at\/rennen\/files\/2024\/03\/pierra-menta-2024-1-day-downhill-201-140x93.jpg 140w, https:\/\/www.skimo.at\/rennen\/files\/2024\/03\/pierra-menta-2024-1-day-downhill-201-540x360.jpg 540w, https:\/\/www.skimo.at\/rennen\/files\/2024\/03\/pierra-menta-2024-1-day-downhill-201.jpg 2020w\" sizes=\"(max-width: 1024px) 100vw, 1024px\" \/><\/a><\/figure><\/li><li class=\"blocks-gallery-item\"><figure><a href=\"https:\/\/www.skimo.at\/rennen\/302135\/ergebnisse-und-bilder-zum-esrten-etappe-des-pierra-menta-rennen-in-frankreich\/pierra-menta-2024-1-day-downhill-204\/\"><img loading=\"lazy\" width=\"1024\" height=\"681\" src=\"https:\/\/www.skimo.at\/rennen\/files\/2024\/03\/pierra-menta-2024-1-day-downhill-204-1024x681.jpg\" alt=\"\" data-id=\"302203\" data-full-url=\"https:\/\/www.skimo.at\/rennen\/files\/2024\/03\/pierra-menta-2024-1-day-downhill-204.jpg\" data-link=\"https:\/\/www.skimo.at\/rennen\/302135\/ergebnisse-und-bilder-zum-esrten-etappe-des-pierra-menta-rennen-in-frankreich\/pierra-menta-2024-1-day-downhill-204\/\" class=\"wp-image-302203\" srcset=\"https:\/\/www.skimo.at\/rennen\/files\/2024\/03\/pierra-menta-2024-1-day-downhill-204-1024x681.jpg 1024w, https:\/\/www.skimo.at\/rennen\/files\/2024\/03\/pierra-menta-2024-1-day-downhill-204-300x200.jpg 300w, https:\/\/www.skimo.at\/rennen\/files\/2024\/03\/pierra-menta-2024-1-day-downhill-204-768x511.jpg 768w, https:\/\/www.skimo.at\/rennen\/files\/2024\/03\/pierra-menta-2024-1-day-downhill-204-746x497.jpg 746w, https:\/\/www.skimo.at\/rennen\/files\/2024\/03\/pierra-menta-2024-1-day-downhill-204-618x412.jpg 618w, https:\/\/www.skimo.at\/rennen\/files\/2024\/03\/pierra-menta-2024-1-day-downhill-204-554x369.jpg 554w, https:\/\/www.skimo.at\/rennen\/files\/2024\/03\/pierra-menta-2024-1-day-downhill-204-299x199.jpg 299w, https:\/\/www.skimo.at\/rennen\/files\/2024\/03\/pierra-menta-2024-1-day-downhill-204-1224x814.jpg 1224w, https:\/\/www.skimo.at\/rennen\/files\/2024\/03\/pierra-menta-2024-1-day-downhill-204-970x645.jpg 970w, https:\/\/www.skimo.at\/rennen\/files\/2024\/03\/pierra-menta-2024-1-day-downhill-204-140x93.jpg 140w, https:\/\/www.skimo.at\/rennen\/files\/2024\/03\/pierra-menta-2024-1-day-downhill-204-540x360.jpg 540w, https:\/\/www.skimo.at\/rennen\/files\/2024\/03\/pierra-menta-2024-1-day-downhill-204.jpg 2020w\" sizes=\"(max-width: 1024px) 100vw, 1024px\" \/><\/a><\/figure><\/li><li class=\"blocks-gallery-item\"><figure><a href=\"https:\/\/www.skimo.at\/rennen\/302135\/ergebnisse-und-bilder-zum-esrten-etappe-des-pierra-menta-rennen-in-frankreich\/pierra-menta-2024-1-day-downhill-225\/\"><img loading=\"lazy\" width=\"1024\" height=\"683\" src=\"https:\/\/www.skimo.at\/rennen\/files\/2024\/03\/pierra-menta-2024-1-day-downhill-225-1024x683.jpg\" alt=\"\" data-id=\"302204\" data-full-url=\"https:\/\/www.skimo.at\/rennen\/files\/2024\/03\/pierra-menta-2024-1-day-downhill-225.jpg\" data-link=\"https:\/\/www.skimo.at\/rennen\/302135\/ergebnisse-und-bilder-zum-esrten-etappe-des-pierra-menta-rennen-in-frankreich\/pierra-menta-2024-1-day-downhill-225\/\" class=\"wp-image-302204\" srcset=\"https:\/\/www.skimo.at\/rennen\/files\/2024\/03\/pierra-menta-2024-1-day-downhill-225-1024x683.jpg 1024w, https:\/\/www.skimo.at\/rennen\/files\/2024\/03\/pierra-menta-2024-1-day-downhill-225-300x200.jpg 300w, https:\/\/www.skimo.at\/rennen\/files\/2024\/03\/pierra-menta-2024-1-day-downhill-225-768x513.jpg 768w, https:\/\/www.skimo.at\/rennen\/files\/2024\/03\/pierra-menta-2024-1-day-downhill-225-746x497.jpg 746w, https:\/\/www.skimo.at\/rennen\/files\/2024\/03\/pierra-menta-2024-1-day-downhill-225-618x412.jpg 618w, https:\/\/www.skimo.at\/rennen\/files\/2024\/03\/pierra-menta-2024-1-day-downhill-225-554x370.jpg 554w, https:\/\/www.skimo.at\/rennen\/files\/2024\/03\/pierra-menta-2024-1-day-downhill-225-299x199.jpg 299w, https:\/\/www.skimo.at\/rennen\/files\/2024\/03\/pierra-menta-2024-1-day-downhill-225-1224x817.jpg 1224w, https:\/\/www.skimo.at\/rennen\/files\/2024\/03\/pierra-menta-2024-1-day-downhill-225-970x647.jpg 970w, https:\/\/www.skimo.at\/rennen\/files\/2024\/03\/pierra-menta-2024-1-day-downhill-225-139x93.jpg 139w, https:\/\/www.skimo.at\/rennen\/files\/2024\/03\/pierra-menta-2024-1-day-downhill-225-540x360.jpg 540w, https:\/\/www.skimo.at\/rennen\/files\/2024\/03\/pierra-menta-2024-1-day-downhill-225.jpg 2020w\" sizes=\"(max-width: 1024px) 100vw, 1024px\" \/><\/a><\/figure><\/li><li class=\"blocks-gallery-item\"><figure><a href=\"https:\/\/www.skimo.at\/rennen\/302135\/ergebnisse-und-bilder-zum-esrten-etappe-des-pierra-menta-rennen-in-frankreich\/pierra-menta-2024-1-day-downhill-252\/\"><img loading=\"lazy\" width=\"1024\" height=\"683\" src=\"https:\/\/www.skimo.at\/rennen\/files\/2024\/03\/pierra-menta-2024-1-day-downhill-252-1024x683.jpg\" alt=\"\" data-id=\"302205\" data-full-url=\"https:\/\/www.skimo.at\/rennen\/files\/2024\/03\/pierra-menta-2024-1-day-downhill-252.jpg\" data-link=\"https:\/\/www.skimo.at\/rennen\/302135\/ergebnisse-und-bilder-zum-esrten-etappe-des-pierra-menta-rennen-in-frankreich\/pierra-menta-2024-1-day-downhill-252\/\" class=\"wp-image-302205\" srcset=\"https:\/\/www.skimo.at\/rennen\/files\/2024\/03\/pierra-menta-2024-1-day-downhill-252-1024x683.jpg 1024w, https:\/\/www.skimo.at\/rennen\/files\/2024\/03\/pierra-menta-2024-1-day-downhill-252-300x200.jpg 300w, https:\/\/www.skimo.at\/rennen\/files\/2024\/03\/pierra-menta-2024-1-day-downhill-252-768x513.jpg 768w, https:\/\/www.skimo.at\/rennen\/files\/2024\/03\/pierra-menta-2024-1-day-downhill-252-746x497.jpg 746w, https:\/\/www.skimo.at\/rennen\/files\/2024\/03\/pierra-menta-2024-1-day-downhill-252-618x412.jpg 618w, https:\/\/www.skimo.at\/rennen\/files\/2024\/03\/pierra-menta-2024-1-day-downhill-252-554x370.jpg 554w, https:\/\/www.skimo.at\/rennen\/files\/2024\/03\/pierra-menta-2024-1-day-downhill-252-299x199.jpg 299w, https:\/\/www.skimo.at\/rennen\/files\/2024\/03\/pierra-menta-2024-1-day-downhill-252-1224x817.jpg 1224w, https:\/\/www.skimo.at\/rennen\/files\/2024\/03\/pierra-menta-2024-1-day-downhill-252-970x647.jpg 970w, https:\/\/www.skimo.at\/rennen\/files\/2024\/03\/pierra-menta-2024-1-day-downhill-252-139x93.jpg 139w, https:\/\/www.skimo.at\/rennen\/files\/2024\/03\/pierra-menta-2024-1-day-downhill-252-540x360.jpg 540w, https:\/\/www.skimo.at\/rennen\/files\/2024\/03\/pierra-menta-2024-1-day-downhill-252.jpg 2020w\" sizes=\"(max-width: 1024px) 100vw, 1024px\" \/><\/a><\/figure><\/li><li class=\"blocks-gallery-item\"><figure><a href=\"https:\/\/www.skimo.at\/rennen\/302135\/ergebnisse-und-bilder-zum-esrten-etappe-des-pierra-menta-rennen-in-frankreich\/pierra-menta-2024-1-day-downhill-261\/\"><img loading=\"lazy\" width=\"1024\" height=\"683\" src=\"https:\/\/www.skimo.at\/rennen\/files\/2024\/03\/pierra-menta-2024-1-day-downhill-261-1024x683.jpg\" alt=\"\" data-id=\"302206\" data-full-url=\"https:\/\/www.skimo.at\/rennen\/files\/2024\/03\/pierra-menta-2024-1-day-downhill-261.jpg\" data-link=\"https:\/\/www.skimo.at\/rennen\/302135\/ergebnisse-und-bilder-zum-esrten-etappe-des-pierra-menta-rennen-in-frankreich\/pierra-menta-2024-1-day-downhill-261\/\" class=\"wp-image-302206\" srcset=\"https:\/\/www.skimo.at\/rennen\/files\/2024\/03\/pierra-menta-2024-1-day-downhill-261-1024x683.jpg 1024w, https:\/\/www.skimo.at\/rennen\/files\/2024\/03\/pierra-menta-2024-1-day-downhill-261-300x200.jpg 300w, https:\/\/www.skimo.at\/rennen\/files\/2024\/03\/pierra-menta-2024-1-day-downhill-261-768x513.jpg 768w, https:\/\/www.skimo.at\/rennen\/files\/2024\/03\/pierra-menta-2024-1-day-downhill-261-746x497.jpg 746w, https:\/\/www.skimo.at\/rennen\/files\/2024\/03\/pierra-menta-2024-1-day-downhill-261-618x412.jpg 618w, https:\/\/www.skimo.at\/rennen\/files\/2024\/03\/pierra-menta-2024-1-day-downhill-261-554x370.jpg 554w, https:\/\/www.skimo.at\/rennen\/files\/2024\/03\/pierra-menta-2024-1-day-downhill-261-299x199.jpg 299w, https:\/\/www.skimo.at\/rennen\/files\/2024\/03\/pierra-menta-2024-1-day-downhill-261-1224x817.jpg 1224w, https:\/\/www.skimo.at\/rennen\/files\/2024\/03\/pierra-menta-2024-1-day-downhill-261-970x647.jpg 970w, https:\/\/www.skimo.at\/rennen\/files\/2024\/03\/pierra-menta-2024-1-day-downhill-261-139x93.jpg 139w, https:\/\/www.skimo.at\/rennen\/files\/2024\/03\/pierra-menta-2024-1-day-downhill-261-540x360.jpg 540w, https:\/\/www.skimo.at\/rennen\/files\/2024\/03\/pierra-menta-2024-1-day-downhill-261.jpg 2020w\" sizes=\"(max-width: 1024px) 100vw, 1024px\" \/><\/a><\/figure><\/li><li class=\"blocks-gallery-item\"><figure><a href=\"https:\/\/www.skimo.at\/rennen\/302135\/ergebnisse-und-bilder-zum-esrten-etappe-des-pierra-menta-rennen-in-frankreich\/pierra-menta-2024-1-day-second-uphill-291\/\"><img loading=\"lazy\" width=\"1024\" height=\"681\" src=\"https:\/\/www.skimo.at\/rennen\/files\/2024\/03\/pierra-menta-2024-1-day-second-uphill-291-1024x681.jpg\" alt=\"\" data-id=\"302207\" data-full-url=\"https:\/\/www.skimo.at\/rennen\/files\/2024\/03\/pierra-menta-2024-1-day-second-uphill-291.jpg\" data-link=\"https:\/\/www.skimo.at\/rennen\/302135\/ergebnisse-und-bilder-zum-esrten-etappe-des-pierra-menta-rennen-in-frankreich\/pierra-menta-2024-1-day-second-uphill-291\/\" class=\"wp-image-302207\" srcset=\"https:\/\/www.skimo.at\/rennen\/files\/2024\/03\/pierra-menta-2024-1-day-second-uphill-291-1024x681.jpg 1024w, https:\/\/www.skimo.at\/rennen\/files\/2024\/03\/pierra-menta-2024-1-day-second-uphill-291-300x200.jpg 300w, https:\/\/www.skimo.at\/rennen\/files\/2024\/03\/pierra-menta-2024-1-day-second-uphill-291-768x511.jpg 768w, https:\/\/www.skimo.at\/rennen\/files\/2024\/03\/pierra-menta-2024-1-day-second-uphill-291-746x497.jpg 746w, https:\/\/www.skimo.at\/rennen\/files\/2024\/03\/pierra-menta-2024-1-day-second-uphill-291-618x412.jpg 618w, https:\/\/www.skimo.at\/rennen\/files\/2024\/03\/pierra-menta-2024-1-day-second-uphill-291-554x369.jpg 554w, https:\/\/www.skimo.at\/rennen\/files\/2024\/03\/pierra-menta-2024-1-day-second-uphill-291-299x199.jpg 299w, https:\/\/www.skimo.at\/rennen\/files\/2024\/03\/pierra-menta-2024-1-day-second-uphill-291-1224x814.jpg 1224w, https:\/\/www.skimo.at\/rennen\/files\/2024\/03\/pierra-menta-2024-1-day-second-uphill-291-970x645.jpg 970w, https:\/\/www.skimo.at\/rennen\/files\/2024\/03\/pierra-menta-2024-1-day-second-uphill-291-140x93.jpg 140w, https:\/\/www.skimo.at\/rennen\/files\/2024\/03\/pierra-menta-2024-1-day-second-uphill-291-540x360.jpg 540w, https:\/\/www.skimo.at\/rennen\/files\/2024\/03\/pierra-menta-2024-1-day-second-uphill-291.jpg 2020w\" sizes=\"(max-width: 1024px) 100vw, 1024px\" \/><\/a><\/figure><\/li><\/ul><\/figure>\n\n\n\n<p>mehr unter <a href=\"http:\/\/www.pierramenta.com\">www.pierramenta.com<\/a><\/p>\n","protected":false},"excerpt":{"rendered":"<p>Die Er\u00f6ffnungsetappe der 38. Ausgabe des legend\u00e4ren Skimo-Rennens Pierra Menta fand unter perfekten Bedingungen statt. Sonniges Wetter, perfekte Schneeverh\u00e4ltnisse und eine lange Etappe \u00fcber die Grande Journ\u00e9e und den Mont Mirantin machten es zu einem unvergesslichen Ereignis. In Zahlen ausgedr\u00fcckt waren es 20 km und 2700 H\u00f6henmeter Anstieg. 210 2er-Teams starteten morgens von Planay aus. [&hellip;]<\/p>\n","protected":false},"author":43,"featured_media":302170,"comment_status":"closed","ping_status":"closed","sticky":false,"template":"","format":"standard","meta":[],"categories":[1,3],"tags":[],"yoast_head":"<!-- This site is optimized with the Yoast SEO plugin v16.3 - https:\/\/yoast.com\/wordpress\/plugins\/seo\/ -->\n<title>Ergebnisse und Bilder zur ersten Etappe der Pierra Menta in Frankreich - Rennen<\/title>\n<meta name=\"robots\" content=\"index, follow, max-snippet:-1, max-image-preview:large, max-video-preview:-1\" \/>\n<link rel=\"canonical\" href=\"https:\/\/www.skimo.at\/rennen\/302135\/ergebnisse-und-bilder-zum-esrten-etappe-des-pierra-menta-rennen-in-frankreich\/\" \/>\n<meta property=\"og:locale\" content=\"de_DE\" \/>\n<meta property=\"og:type\" content=\"article\" \/>\n<meta property=\"og:title\" content=\"Ergebnisse und Bilder zur ersten Etappe der Pierra Menta in Frankreich - Rennen\" \/>\n<meta property=\"og:description\" content=\"Die Er\u00f6ffnungsetappe der 38. Ausgabe des legend\u00e4ren Skimo-Rennens Pierra Menta fand unter perfekten Bedingungen statt. Sonniges Wetter, perfekte Schneeverh\u00e4ltnisse und eine lange Etappe \u00fcber die Grande Journ\u00e9e und den Mont Mirantin machten es zu einem unvergesslichen Ereignis. In Zahlen ausgedr\u00fcckt waren es 20 km und 2700 H\u00f6henmeter Anstieg. 210 2er-Teams starteten morgens von Planay aus. [&hellip;]\" \/>\n<meta property=\"og:url\" content=\"https:\/\/www.skimo.at\/rennen\/302135\/ergebnisse-und-bilder-zum-esrten-etappe-des-pierra-menta-rennen-in-frankreich\/\" \/>\n<meta property=\"og:site_name\" content=\"Rennen\" \/>\n<meta property=\"article:published_time\" content=\"2024-03-13T22:52:03+00:00\" \/>\n<meta property=\"article:modified_time\" content=\"2024-03-14T07:43:50+00:00\" \/>\n<meta property=\"og:image\" content=\"https:\/\/www.skimo.at\/rennen\/files\/2024\/03\/dscf2154.jpg\" \/>\n\t<meta property=\"og:image:width\" content=\"2020\" \/>\n\t<meta property=\"og:image:height\" content=\"1347\" \/>\n<meta name=\"twitter:card\" content=\"summary\" \/>\n<meta name=\"twitter:label1\" content=\"Gesch\u00e4tzte Lesezeit\">\n\t<meta name=\"twitter:data1\" content=\"11\u00a0Minuten\">\n<script type=\"application\/ld+json\" class=\"yoast-schema-graph\">{\"@context\":\"https:\/\/schema.org\",\"@graph\":[{\"@type\":\"WebSite\",\"@id\":\"https:\/\/skimo.73.jarolim.eu\/rennen\/#website\",\"url\":\"https:\/\/skimo.73.jarolim.eu\/rennen\/\",\"name\":\"Rennen\",\"description\":\"\",\"potentialAction\":[{\"@type\":\"SearchAction\",\"target\":\"https:\/\/skimo.73.jarolim.eu\/rennen\/?s={search_term_string}\",\"query-input\":\"required name=search_term_string\"}],\"inLanguage\":\"de\"},{\"@type\":\"ImageObject\",\"@id\":\"https:\/\/www.skimo.at\/rennen\/302135\/ergebnisse-und-bilder-zum-esrten-etappe-des-pierra-menta-rennen-in-frankreich\/#primaryimage\",\"inLanguage\":\"de\",\"url\":\"https:\/\/www.skimo.at\/rennen\/files\/2024\/03\/dscf2154.jpg\",\"contentUrl\":\"https:\/\/www.skimo.at\/rennen\/files\/2024\/03\/dscf2154.jpg\",\"width\":2020,\"height\":1347},{\"@type\":\"WebPage\",\"@id\":\"https:\/\/www.skimo.at\/rennen\/302135\/ergebnisse-und-bilder-zum-esrten-etappe-des-pierra-menta-rennen-in-frankreich\/#webpage\",\"url\":\"https:\/\/www.skimo.at\/rennen\/302135\/ergebnisse-und-bilder-zum-esrten-etappe-des-pierra-menta-rennen-in-frankreich\/\",\"name\":\"Ergebnisse und Bilder zur ersten Etappe der Pierra Menta in Frankreich - Rennen\",\"isPartOf\":{\"@id\":\"https:\/\/skimo.73.jarolim.eu\/rennen\/#website\"},\"primaryImageOfPage\":{\"@id\":\"https:\/\/www.skimo.at\/rennen\/302135\/ergebnisse-und-bilder-zum-esrten-etappe-des-pierra-menta-rennen-in-frankreich\/#primaryimage\"},\"datePublished\":\"2024-03-13T22:52:03+00:00\",\"dateModified\":\"2024-03-14T07:43:50+00:00\",\"author\":{\"@id\":\"https:\/\/skimo.73.jarolim.eu\/rennen\/#\/schema\/person\/d1fd885720578102ff9dbc135863dec9\"},\"breadcrumb\":{\"@id\":\"https:\/\/www.skimo.at\/rennen\/302135\/ergebnisse-und-bilder-zum-esrten-etappe-des-pierra-menta-rennen-in-frankreich\/#breadcrumb\"},\"inLanguage\":\"de\",\"potentialAction\":[{\"@type\":\"ReadAction\",\"target\":[\"https:\/\/www.skimo.at\/rennen\/302135\/ergebnisse-und-bilder-zum-esrten-etappe-des-pierra-menta-rennen-in-frankreich\/\"]}]},{\"@type\":\"BreadcrumbList\",\"@id\":\"https:\/\/www.skimo.at\/rennen\/302135\/ergebnisse-und-bilder-zum-esrten-etappe-des-pierra-menta-rennen-in-frankreich\/#breadcrumb\",\"itemListElement\":[{\"@type\":\"ListItem\",\"position\":1,\"item\":{\"@type\":\"WebPage\",\"@id\":\"https:\/\/skimo.73.jarolim.eu\/rennen\/\",\"url\":\"https:\/\/skimo.73.jarolim.eu\/rennen\/\",\"name\":\"Home\"}},{\"@type\":\"ListItem\",\"position\":2,\"item\":{\"@id\":\"https:\/\/www.skimo.at\/rennen\/302135\/ergebnisse-und-bilder-zum-esrten-etappe-des-pierra-menta-rennen-in-frankreich\/#webpage\"}}]},{\"@type\":\"Person\",\"@id\":\"https:\/\/skimo.73.jarolim.eu\/rennen\/#\/schema\/person\/d1fd885720578102ff9dbc135863dec9\",\"name\":\"mseethaler\",\"image\":{\"@type\":\"ImageObject\",\"@id\":\"https:\/\/skimo.73.jarolim.eu\/rennen\/#personlogo\",\"inLanguage\":\"de\",\"url\":\"https:\/\/secure.gravatar.com\/avatar\/72e9ae544f40c38c3dd881925ccc0b30?s=96&r=g\",\"contentUrl\":\"https:\/\/secure.gravatar.com\/avatar\/72e9ae544f40c38c3dd881925ccc0b30?s=96&r=g\",\"caption\":\"mseethaler\"},\"url\":\"https:\/\/www.skimo.at\/rennen\/author\/mseethaler\/\"}]}<\/script>\n<!-- \/ Yoast SEO plugin. -->","_links":{"self":[{"href":"https:\/\/www.skimo.at\/rennen\/wp-json\/wp\/v2\/posts\/302135"}],"collection":[{"href":"https:\/\/www.skimo.at\/rennen\/wp-json\/wp\/v2\/posts"}],"about":[{"href":"https:\/\/www.skimo.at\/rennen\/wp-json\/wp\/v2\/types\/post"}],"author":[{"embeddable":true,"href":"https:\/\/www.skimo.at\/rennen\/wp-json\/wp\/v2\/users\/43"}],"replies":[{"embeddable":true,"href":"https:\/\/www.skimo.at\/rennen\/wp-json\/wp\/v2\/comments?post=302135"}],"version-history":[{"count":8,"href":"https:\/\/www.skimo.at\/rennen\/wp-json\/wp\/v2\/posts\/302135\/revisions"}],"predecessor-version":[{"id":302211,"href":"https:\/\/www.skimo.at\/rennen\/wp-json\/wp\/v2\/posts\/302135\/revisions\/302211"}],"wp:featuredmedia":[{"embeddable":true,"href":"https:\/\/www.skimo.at\/rennen\/wp-json\/wp\/v2\/media\/302170"}],"wp:attachment":[{"href":"https:\/\/www.skimo.at\/rennen\/wp-json\/wp\/v2\/media?parent=302135"}],"wp:term":[{"taxonomy":"category","embeddable":true,"href":"https:\/\/www.skimo.at\/rennen\/wp-json\/wp\/v2\/categories?post=302135"},{"taxonomy":"post_tag","embeddable":true,"href":"https:\/\/www.skimo.at\/rennen\/wp-json\/wp\/v2\/tags?post=302135"}],"curies":[{"name":"wp","href":"https:\/\/api.w.org\/{rel}","templated":true}]}}