{"id":299602,"date":"2023-12-31T18:14:03","date_gmt":"2023-12-31T16:14:03","guid":{"rendered":"https:\/\/www.skimo.at\/rennen\/?p=299602"},"modified":"2023-12-31T18:25:39","modified_gmt":"2023-12-31T16:25:39","slug":"zwieselalmaufstieg-vor-dem-jahreswechsel-nochmal-auf-den-berg","status":"publish","type":"post","link":"https:\/\/www.skimo.at\/rennen\/299602\/zwieselalmaufstieg-vor-dem-jahreswechsel-nochmal-auf-den-berg\/","title":{"rendered":"Zwieselalmaufstieg \u2013 vor dem Jahreswechsel nochmal auf den Berg"},"content":{"rendered":"\n<p>Am 30.12.2023 organisierte die Sektion Ausdauersport des ASK\u00d6 Raiffeisen Gosau zum 14. Mal den traditionellen Zwieselalm-Aufstieg. Das Aufstiegsrennen mit Tourenskiern auf den h\u00f6chsten Punkt des Skigebiets Dachstein West richtet sich an \u201eNormal-Tourengeher\u201c und nicht an die Rennelite, und so geht es bei der Siegerwertung um die Mittelzeit und nicht um die Tagesbestzeit.<\/p>\n\n\n\n<p>Viele Skigebiete in ganz \u00d6sterreich haben gerade Probleme mit der geringen Schneelage, die Pisten der Skiregion Dachstein West sind aber in allerbestem Zustand, und davon konnten auch die Skitouren-Rennl\u00e4ufer profitieren. Zwar war der Anstieg durch eisige Stellen anspruchsvoll, vor allem in der steilen Schl\u00fcsselstelle \u201eKanonenrohr\u201c, allerdings f\u00f6rderten Windstille und moderate Gipfeltemperaturen die Leistung der Teilnehmer. P\u00fcnktlich um 16:30 starteten knapp 100 Teilnehmer bergw\u00e4rts, die lange Reihe der Stirnlampen f\u00e4delte sich wie Perlen an einer Kette auf, und bei der Ankunft am Grat vor dem Ziel zeigte sich die Bergwelt mit einem wundersch\u00f6nen Sonnenuntergang von der besten Seite. Der Mittelwert aller gegangenen Zeiten auf die Zwieselalm mit einem H\u00f6henunterschied von 760 Metern lag heuer schlie\u00dflich bei 58:31 Minuten. Das meiste Gef\u00fchl daf\u00fcr hatte Hannes Mayrhofer aus Wals bei Salzburg, er verfehlte den Mittelwert um nur 1:17 Minuten und konnte sich \u00fcber den Hauptpreis, ein Paar Tourenski von FISCHER, freuen. <\/p>\n\n\n\n<figure class=\"wp-block-image size-large\"><a href=\"https:\/\/www.skimo.at\/rennen\/files\/2023\/12\/zwieselalmaufstieg-2023-hannes-mayrhofer-bild-karl-posch-lr.jpg\"><img loading=\"lazy\" width=\"1024\" height=\"683\" src=\"https:\/\/www.skimo.at\/rennen\/files\/2023\/12\/zwieselalmaufstieg-2023-hannes-mayrhofer-bild-karl-posch-lr-1024x683.jpg\" alt=\"\" class=\"wp-image-299604\" srcset=\"https:\/\/www.skimo.at\/rennen\/files\/2023\/12\/zwieselalmaufstieg-2023-hannes-mayrhofer-bild-karl-posch-lr-1024x683.jpg 1024w, https:\/\/www.skimo.at\/rennen\/files\/2023\/12\/zwieselalmaufstieg-2023-hannes-mayrhofer-bild-karl-posch-lr-300x200.jpg 300w, https:\/\/www.skimo.at\/rennen\/files\/2023\/12\/zwieselalmaufstieg-2023-hannes-mayrhofer-bild-karl-posch-lr-768x512.jpg 768w, https:\/\/www.skimo.at\/rennen\/files\/2023\/12\/zwieselalmaufstieg-2023-hannes-mayrhofer-bild-karl-posch-lr-746x497.jpg 746w, https:\/\/www.skimo.at\/rennen\/files\/2023\/12\/zwieselalmaufstieg-2023-hannes-mayrhofer-bild-karl-posch-lr-618x412.jpg 618w, https:\/\/www.skimo.at\/rennen\/files\/2023\/12\/zwieselalmaufstieg-2023-hannes-mayrhofer-bild-karl-posch-lr-554x369.jpg 554w, https:\/\/www.skimo.at\/rennen\/files\/2023\/12\/zwieselalmaufstieg-2023-hannes-mayrhofer-bild-karl-posch-lr-299x199.jpg 299w, https:\/\/www.skimo.at\/rennen\/files\/2023\/12\/zwieselalmaufstieg-2023-hannes-mayrhofer-bild-karl-posch-lr-1224x816.jpg 1224w, https:\/\/www.skimo.at\/rennen\/files\/2023\/12\/zwieselalmaufstieg-2023-hannes-mayrhofer-bild-karl-posch-lr-970x647.jpg 970w, https:\/\/www.skimo.at\/rennen\/files\/2023\/12\/zwieselalmaufstieg-2023-hannes-mayrhofer-bild-karl-posch-lr-140x93.jpg 140w, https:\/\/www.skimo.at\/rennen\/files\/2023\/12\/zwieselalmaufstieg-2023-hannes-mayrhofer-bild-karl-posch-lr-540x360.jpg 540w, https:\/\/www.skimo.at\/rennen\/files\/2023\/12\/zwieselalmaufstieg-2023-hannes-mayrhofer-bild-karl-posch-lr.jpg 1920w\" sizes=\"(max-width: 1024px) 100vw, 1024px\" \/><\/a><figcaption>Hannes Mayrhofer aus Wals gewann die Mittelwertung<\/figcaption><\/figure>\n\n\n\n<p>Insgesamt gingen 10 Sachpreise u.a. von L\u00d6FFLER und POMOCA im Wert von rund EUR 2.000,&#8211; an diejenigen Sportler, die sich am n\u00e4chsten um den Mittelwert platzieren konnten. Der Ausklang nach dem Rennen fand traditionell in der Sonnenalm statt, wo bei Kasspatzen aus der Eisenpfanne und bei Musik aus der Ziehharmonika die Nachbesprechung deutlich l\u00e4nger dauerte als das Rennen selbst. Gemeinsam wurde dann mit der Kabinenbahn abgefahren, um die Pr\u00e4parierungsarbeiten f\u00fcr den kommenden Tag nicht zu st\u00f6ren.<\/p>\n\n\n\n<p>Sektionsleiter Karl Posch \u00fcber die Veranstaltung:<\/p>\n\n\n\n<blockquote class=\"wp-block-quote\"><p><em>\u201eEs waren gute Verh\u00e4ltnisse heute und wir hatten sehr starke und disziplinierte Teilnehmer, das brachte eine schnelle und gleichzeitig sichere Veranstaltung. Schade, dass die Grippe viele an der Teilnahme gehindert hat, denn die haben definitiv was vers\u00e4umt. Das Wichtigste f\u00fcr uns als Veranstalter ist der Geist des gemeinsamen Bergerlebnisses, und der wurde heute definitiv verspr\u00fcht, auf der Rennstrecke und in der Gaststube beim Feiern.\u201c<\/em><\/p><\/blockquote>\n\n\n\n<p>Die Tagesbestzeiten &#8211; traditionell mit Halbe\/Seidel\/Pfiff bedacht &#8211; wurden bei beiden Geschlechtern vom starken La Sportiva Mountain Attack Team gestellt: Linda Wilhelmst\u00e4tter aus Salzburg bew\u00e4ltigte in der Damenklasse in 44:26 Minuten die Strecke am schnellsten, Tobias Wagenhofer aus Abtenau war in 33:50 Minuten der schnellste Herr.<\/p>\n\n\n\n<div class=\"wp-block-file\"><a href=\"https:\/\/www.skimo.at\/rennen\/files\/2023\/12\/Ergebnisliste-Zwieselalmaufstieg-30.12.2023.pdf\">Ergebnisliste Zwieselalmaufstieg 30.12.2023<\/a><a href=\"https:\/\/www.skimo.at\/rennen\/files\/2023\/12\/Ergebnisliste-Zwieselalmaufstieg-30.12.2023.pdf\" class=\"wp-block-file__button\" download>Herunterladen<\/a><\/div>\n\n\n\n<figure class=\"wp-block-gallery columns-3 is-cropped\"><ul class=\"blocks-gallery-grid\"><li class=\"blocks-gallery-item\"><figure><a href=\"https:\/\/www.skimo.at\/rennen\/?attachment_id=299604\"><img loading=\"lazy\" width=\"1024\" height=\"683\" src=\"https:\/\/www.skimo.at\/rennen\/files\/2023\/12\/zwieselalmaufstieg-2023-hannes-mayrhofer-bild-karl-posch-lr-1024x683.jpg\" alt=\"\" data-id=\"299604\" data-full-url=\"https:\/\/www.skimo.at\/rennen\/files\/2023\/12\/zwieselalmaufstieg-2023-hannes-mayrhofer-bild-karl-posch-lr.jpg\" data-link=\"https:\/\/www.skimo.at\/rennen\/?attachment_id=299604\" class=\"wp-image-299604\" srcset=\"https:\/\/www.skimo.at\/rennen\/files\/2023\/12\/zwieselalmaufstieg-2023-hannes-mayrhofer-bild-karl-posch-lr-1024x683.jpg 1024w, https:\/\/www.skimo.at\/rennen\/files\/2023\/12\/zwieselalmaufstieg-2023-hannes-mayrhofer-bild-karl-posch-lr-300x200.jpg 300w, https:\/\/www.skimo.at\/rennen\/files\/2023\/12\/zwieselalmaufstieg-2023-hannes-mayrhofer-bild-karl-posch-lr-768x512.jpg 768w, https:\/\/www.skimo.at\/rennen\/files\/2023\/12\/zwieselalmaufstieg-2023-hannes-mayrhofer-bild-karl-posch-lr-746x497.jpg 746w, https:\/\/www.skimo.at\/rennen\/files\/2023\/12\/zwieselalmaufstieg-2023-hannes-mayrhofer-bild-karl-posch-lr-618x412.jpg 618w, https:\/\/www.skimo.at\/rennen\/files\/2023\/12\/zwieselalmaufstieg-2023-hannes-mayrhofer-bild-karl-posch-lr-554x369.jpg 554w, https:\/\/www.skimo.at\/rennen\/files\/2023\/12\/zwieselalmaufstieg-2023-hannes-mayrhofer-bild-karl-posch-lr-299x199.jpg 299w, https:\/\/www.skimo.at\/rennen\/files\/2023\/12\/zwieselalmaufstieg-2023-hannes-mayrhofer-bild-karl-posch-lr-1224x816.jpg 1224w, https:\/\/www.skimo.at\/rennen\/files\/2023\/12\/zwieselalmaufstieg-2023-hannes-mayrhofer-bild-karl-posch-lr-970x647.jpg 970w, https:\/\/www.skimo.at\/rennen\/files\/2023\/12\/zwieselalmaufstieg-2023-hannes-mayrhofer-bild-karl-posch-lr-140x93.jpg 140w, https:\/\/www.skimo.at\/rennen\/files\/2023\/12\/zwieselalmaufstieg-2023-hannes-mayrhofer-bild-karl-posch-lr-540x360.jpg 540w, https:\/\/www.skimo.at\/rennen\/files\/2023\/12\/zwieselalmaufstieg-2023-hannes-mayrhofer-bild-karl-posch-lr.jpg 1920w\" sizes=\"(max-width: 1024px) 100vw, 1024px\" \/><\/a><\/figure><\/li><li class=\"blocks-gallery-item\"><figure><a href=\"https:\/\/www.skimo.at\/rennen\/?attachment_id=299605\"><img loading=\"lazy\" width=\"1024\" height=\"683\" src=\"https:\/\/www.skimo.at\/rennen\/files\/2023\/12\/zwieselalmaufstieg-2023-im-kanonenrohr-bild-andreas-renner-lr-1024x683.jpg\" alt=\"\" data-id=\"299605\" data-full-url=\"https:\/\/www.skimo.at\/rennen\/files\/2023\/12\/zwieselalmaufstieg-2023-im-kanonenrohr-bild-andreas-renner-lr.jpg\" data-link=\"https:\/\/www.skimo.at\/rennen\/?attachment_id=299605\" class=\"wp-image-299605\" srcset=\"https:\/\/www.skimo.at\/rennen\/files\/2023\/12\/zwieselalmaufstieg-2023-im-kanonenrohr-bild-andreas-renner-lr-1024x683.jpg 1024w, https:\/\/www.skimo.at\/rennen\/files\/2023\/12\/zwieselalmaufstieg-2023-im-kanonenrohr-bild-andreas-renner-lr-300x200.jpg 300w, https:\/\/www.skimo.at\/rennen\/files\/2023\/12\/zwieselalmaufstieg-2023-im-kanonenrohr-bild-andreas-renner-lr-768x512.jpg 768w, https:\/\/www.skimo.at\/rennen\/files\/2023\/12\/zwieselalmaufstieg-2023-im-kanonenrohr-bild-andreas-renner-lr-746x497.jpg 746w, https:\/\/www.skimo.at\/rennen\/files\/2023\/12\/zwieselalmaufstieg-2023-im-kanonenrohr-bild-andreas-renner-lr-618x412.jpg 618w, https:\/\/www.skimo.at\/rennen\/files\/2023\/12\/zwieselalmaufstieg-2023-im-kanonenrohr-bild-andreas-renner-lr-554x370.jpg 554w, https:\/\/www.skimo.at\/rennen\/files\/2023\/12\/zwieselalmaufstieg-2023-im-kanonenrohr-bild-andreas-renner-lr-299x199.jpg 299w, https:\/\/www.skimo.at\/rennen\/files\/2023\/12\/zwieselalmaufstieg-2023-im-kanonenrohr-bild-andreas-renner-lr-1224x817.jpg 1224w, https:\/\/www.skimo.at\/rennen\/files\/2023\/12\/zwieselalmaufstieg-2023-im-kanonenrohr-bild-andreas-renner-lr-970x647.jpg 970w, https:\/\/www.skimo.at\/rennen\/files\/2023\/12\/zwieselalmaufstieg-2023-im-kanonenrohr-bild-andreas-renner-lr-139x93.jpg 139w, https:\/\/www.skimo.at\/rennen\/files\/2023\/12\/zwieselalmaufstieg-2023-im-kanonenrohr-bild-andreas-renner-lr-540x360.jpg 540w, https:\/\/www.skimo.at\/rennen\/files\/2023\/12\/zwieselalmaufstieg-2023-im-kanonenrohr-bild-andreas-renner-lr.jpg 1920w\" sizes=\"(max-width: 1024px) 100vw, 1024px\" \/><\/a><\/figure><\/li><li class=\"blocks-gallery-item\"><figure><a href=\"https:\/\/www.skimo.at\/rennen\/?attachment_id=299606\"><img loading=\"lazy\" width=\"1024\" height=\"683\" src=\"https:\/\/www.skimo.at\/rennen\/files\/2023\/12\/zwieselalmaufstieg-2023-im-rennen-1-bild-karl-posch-lr-1024x683.jpg\" alt=\"\" data-id=\"299606\" data-full-url=\"https:\/\/www.skimo.at\/rennen\/files\/2023\/12\/zwieselalmaufstieg-2023-im-rennen-1-bild-karl-posch-lr.jpg\" data-link=\"https:\/\/www.skimo.at\/rennen\/?attachment_id=299606\" class=\"wp-image-299606\" srcset=\"https:\/\/www.skimo.at\/rennen\/files\/2023\/12\/zwieselalmaufstieg-2023-im-rennen-1-bild-karl-posch-lr-1024x683.jpg 1024w, https:\/\/www.skimo.at\/rennen\/files\/2023\/12\/zwieselalmaufstieg-2023-im-rennen-1-bild-karl-posch-lr-300x200.jpg 300w, https:\/\/www.skimo.at\/rennen\/files\/2023\/12\/zwieselalmaufstieg-2023-im-rennen-1-bild-karl-posch-lr-768x512.jpg 768w, https:\/\/www.skimo.at\/rennen\/files\/2023\/12\/zwieselalmaufstieg-2023-im-rennen-1-bild-karl-posch-lr-746x497.jpg 746w, https:\/\/www.skimo.at\/rennen\/files\/2023\/12\/zwieselalmaufstieg-2023-im-rennen-1-bild-karl-posch-lr-618x412.jpg 618w, https:\/\/www.skimo.at\/rennen\/files\/2023\/12\/zwieselalmaufstieg-2023-im-rennen-1-bild-karl-posch-lr-554x369.jpg 554w, https:\/\/www.skimo.at\/rennen\/files\/2023\/12\/zwieselalmaufstieg-2023-im-rennen-1-bild-karl-posch-lr-299x199.jpg 299w, https:\/\/www.skimo.at\/rennen\/files\/2023\/12\/zwieselalmaufstieg-2023-im-rennen-1-bild-karl-posch-lr-1224x816.jpg 1224w, https:\/\/www.skimo.at\/rennen\/files\/2023\/12\/zwieselalmaufstieg-2023-im-rennen-1-bild-karl-posch-lr-970x647.jpg 970w, https:\/\/www.skimo.at\/rennen\/files\/2023\/12\/zwieselalmaufstieg-2023-im-rennen-1-bild-karl-posch-lr-140x93.jpg 140w, https:\/\/www.skimo.at\/rennen\/files\/2023\/12\/zwieselalmaufstieg-2023-im-rennen-1-bild-karl-posch-lr-540x360.jpg 540w, https:\/\/www.skimo.at\/rennen\/files\/2023\/12\/zwieselalmaufstieg-2023-im-rennen-1-bild-karl-posch-lr.jpg 1920w\" sizes=\"(max-width: 1024px) 100vw, 1024px\" \/><\/a><\/figure><\/li><li class=\"blocks-gallery-item\"><figure><a href=\"https:\/\/www.skimo.at\/rennen\/?attachment_id=299607\"><img loading=\"lazy\" width=\"1024\" height=\"703\" src=\"https:\/\/www.skimo.at\/rennen\/files\/2023\/12\/zwieselalmaufstieg-2023-im-rennen-2-bild-andreas-renner-lr-1024x703.jpg\" alt=\"\" data-id=\"299607\" data-full-url=\"https:\/\/www.skimo.at\/rennen\/files\/2023\/12\/zwieselalmaufstieg-2023-im-rennen-2-bild-andreas-renner-lr.jpg\" data-link=\"https:\/\/www.skimo.at\/rennen\/?attachment_id=299607\" class=\"wp-image-299607\" srcset=\"https:\/\/www.skimo.at\/rennen\/files\/2023\/12\/zwieselalmaufstieg-2023-im-rennen-2-bild-andreas-renner-lr-1024x703.jpg 1024w, https:\/\/www.skimo.at\/rennen\/files\/2023\/12\/zwieselalmaufstieg-2023-im-rennen-2-bild-andreas-renner-lr-300x206.jpg 300w, https:\/\/www.skimo.at\/rennen\/files\/2023\/12\/zwieselalmaufstieg-2023-im-rennen-2-bild-andreas-renner-lr-768x527.jpg 768w, https:\/\/www.skimo.at\/rennen\/files\/2023\/12\/zwieselalmaufstieg-2023-im-rennen-2-bild-andreas-renner-lr-1224x840.jpg 1224w, https:\/\/www.skimo.at\/rennen\/files\/2023\/12\/zwieselalmaufstieg-2023-im-rennen-2-bild-andreas-renner-lr-970x666.jpg 970w, https:\/\/www.skimo.at\/rennen\/files\/2023\/12\/zwieselalmaufstieg-2023-im-rennen-2-bild-andreas-renner-lr-554x380.jpg 554w, https:\/\/www.skimo.at\/rennen\/files\/2023\/12\/zwieselalmaufstieg-2023-im-rennen-2-bild-andreas-renner-lr-135x93.jpg 135w, https:\/\/www.skimo.at\/rennen\/files\/2023\/12\/zwieselalmaufstieg-2023-im-rennen-2-bild-andreas-renner-lr.jpg 1920w\" sizes=\"(max-width: 1024px) 100vw, 1024px\" \/><\/a><\/figure><\/li><li class=\"blocks-gallery-item\"><figure><a href=\"https:\/\/www.skimo.at\/rennen\/?attachment_id=299608\"><img loading=\"lazy\" width=\"1024\" height=\"683\" src=\"https:\/\/www.skimo.at\/rennen\/files\/2023\/12\/zwieselalmaufstieg-2023-im-rennen-3-bild-andreas-renner-lr-1024x683.jpg\" alt=\"\" data-id=\"299608\" data-full-url=\"https:\/\/www.skimo.at\/rennen\/files\/2023\/12\/zwieselalmaufstieg-2023-im-rennen-3-bild-andreas-renner-lr.jpg\" data-link=\"https:\/\/www.skimo.at\/rennen\/?attachment_id=299608\" class=\"wp-image-299608\" srcset=\"https:\/\/www.skimo.at\/rennen\/files\/2023\/12\/zwieselalmaufstieg-2023-im-rennen-3-bild-andreas-renner-lr-1024x683.jpg 1024w, https:\/\/www.skimo.at\/rennen\/files\/2023\/12\/zwieselalmaufstieg-2023-im-rennen-3-bild-andreas-renner-lr-300x200.jpg 300w, https:\/\/www.skimo.at\/rennen\/files\/2023\/12\/zwieselalmaufstieg-2023-im-rennen-3-bild-andreas-renner-lr-768x512.jpg 768w, https:\/\/www.skimo.at\/rennen\/files\/2023\/12\/zwieselalmaufstieg-2023-im-rennen-3-bild-andreas-renner-lr-746x497.jpg 746w, https:\/\/www.skimo.at\/rennen\/files\/2023\/12\/zwieselalmaufstieg-2023-im-rennen-3-bild-andreas-renner-lr-618x412.jpg 618w, https:\/\/www.skimo.at\/rennen\/files\/2023\/12\/zwieselalmaufstieg-2023-im-rennen-3-bild-andreas-renner-lr-554x370.jpg 554w, https:\/\/www.skimo.at\/rennen\/files\/2023\/12\/zwieselalmaufstieg-2023-im-rennen-3-bild-andreas-renner-lr-299x199.jpg 299w, https:\/\/www.skimo.at\/rennen\/files\/2023\/12\/zwieselalmaufstieg-2023-im-rennen-3-bild-andreas-renner-lr-1224x817.jpg 1224w, https:\/\/www.skimo.at\/rennen\/files\/2023\/12\/zwieselalmaufstieg-2023-im-rennen-3-bild-andreas-renner-lr-970x647.jpg 970w, https:\/\/www.skimo.at\/rennen\/files\/2023\/12\/zwieselalmaufstieg-2023-im-rennen-3-bild-andreas-renner-lr-139x93.jpg 139w, https:\/\/www.skimo.at\/rennen\/files\/2023\/12\/zwieselalmaufstieg-2023-im-rennen-3-bild-andreas-renner-lr-540x360.jpg 540w, https:\/\/www.skimo.at\/rennen\/files\/2023\/12\/zwieselalmaufstieg-2023-im-rennen-3-bild-andreas-renner-lr.jpg 1920w\" sizes=\"(max-width: 1024px) 100vw, 1024px\" \/><\/a><\/figure><\/li><li class=\"blocks-gallery-item\"><figure><a href=\"https:\/\/www.skimo.at\/rennen\/?attachment_id=299609\"><img loading=\"lazy\" width=\"1024\" height=\"683\" src=\"https:\/\/www.skimo.at\/rennen\/files\/2023\/12\/zwieselalmaufstieg-2023-linda-wilhelmstatter-bild-andreas-renner-lr-1024x683.jpg\" alt=\"\" data-id=\"299609\" data-full-url=\"https:\/\/www.skimo.at\/rennen\/files\/2023\/12\/zwieselalmaufstieg-2023-linda-wilhelmstatter-bild-andreas-renner-lr.jpg\" data-link=\"https:\/\/www.skimo.at\/rennen\/?attachment_id=299609\" class=\"wp-image-299609\" srcset=\"https:\/\/www.skimo.at\/rennen\/files\/2023\/12\/zwieselalmaufstieg-2023-linda-wilhelmstatter-bild-andreas-renner-lr-1024x683.jpg 1024w, https:\/\/www.skimo.at\/rennen\/files\/2023\/12\/zwieselalmaufstieg-2023-linda-wilhelmstatter-bild-andreas-renner-lr-300x200.jpg 300w, https:\/\/www.skimo.at\/rennen\/files\/2023\/12\/zwieselalmaufstieg-2023-linda-wilhelmstatter-bild-andreas-renner-lr-768x512.jpg 768w, https:\/\/www.skimo.at\/rennen\/files\/2023\/12\/zwieselalmaufstieg-2023-linda-wilhelmstatter-bild-andreas-renner-lr-746x497.jpg 746w, https:\/\/www.skimo.at\/rennen\/files\/2023\/12\/zwieselalmaufstieg-2023-linda-wilhelmstatter-bild-andreas-renner-lr-618x412.jpg 618w, https:\/\/www.skimo.at\/rennen\/files\/2023\/12\/zwieselalmaufstieg-2023-linda-wilhelmstatter-bild-andreas-renner-lr-554x370.jpg 554w, https:\/\/www.skimo.at\/rennen\/files\/2023\/12\/zwieselalmaufstieg-2023-linda-wilhelmstatter-bild-andreas-renner-lr-299x199.jpg 299w, https:\/\/www.skimo.at\/rennen\/files\/2023\/12\/zwieselalmaufstieg-2023-linda-wilhelmstatter-bild-andreas-renner-lr-1224x817.jpg 1224w, https:\/\/www.skimo.at\/rennen\/files\/2023\/12\/zwieselalmaufstieg-2023-linda-wilhelmstatter-bild-andreas-renner-lr-970x647.jpg 970w, https:\/\/www.skimo.at\/rennen\/files\/2023\/12\/zwieselalmaufstieg-2023-linda-wilhelmstatter-bild-andreas-renner-lr-139x93.jpg 139w, https:\/\/www.skimo.at\/rennen\/files\/2023\/12\/zwieselalmaufstieg-2023-linda-wilhelmstatter-bild-andreas-renner-lr-540x360.jpg 540w, https:\/\/www.skimo.at\/rennen\/files\/2023\/12\/zwieselalmaufstieg-2023-linda-wilhelmstatter-bild-andreas-renner-lr.jpg 1920w\" sizes=\"(max-width: 1024px) 100vw, 1024px\" \/><\/a><\/figure><\/li><li class=\"blocks-gallery-item\"><figure><a href=\"https:\/\/www.skimo.at\/rennen\/?attachment_id=299610\"><img loading=\"lazy\" width=\"1024\" height=\"683\" src=\"https:\/\/www.skimo.at\/rennen\/files\/2023\/12\/zwieselalmaufstieg-2023-start-bild-peter-wallner-lr-1024x683.jpg\" alt=\"\" data-id=\"299610\" data-full-url=\"https:\/\/www.skimo.at\/rennen\/files\/2023\/12\/zwieselalmaufstieg-2023-start-bild-peter-wallner-lr.jpg\" data-link=\"https:\/\/www.skimo.at\/rennen\/?attachment_id=299610\" class=\"wp-image-299610\" srcset=\"https:\/\/www.skimo.at\/rennen\/files\/2023\/12\/zwieselalmaufstieg-2023-start-bild-peter-wallner-lr-1024x683.jpg 1024w, https:\/\/www.skimo.at\/rennen\/files\/2023\/12\/zwieselalmaufstieg-2023-start-bild-peter-wallner-lr-300x200.jpg 300w, https:\/\/www.skimo.at\/rennen\/files\/2023\/12\/zwieselalmaufstieg-2023-start-bild-peter-wallner-lr-768x512.jpg 768w, https:\/\/www.skimo.at\/rennen\/files\/2023\/12\/zwieselalmaufstieg-2023-start-bild-peter-wallner-lr-746x497.jpg 746w, https:\/\/www.skimo.at\/rennen\/files\/2023\/12\/zwieselalmaufstieg-2023-start-bild-peter-wallner-lr-618x412.jpg 618w, https:\/\/www.skimo.at\/rennen\/files\/2023\/12\/zwieselalmaufstieg-2023-start-bild-peter-wallner-lr-554x369.jpg 554w, https:\/\/www.skimo.at\/rennen\/files\/2023\/12\/zwieselalmaufstieg-2023-start-bild-peter-wallner-lr-299x199.jpg 299w, https:\/\/www.skimo.at\/rennen\/files\/2023\/12\/zwieselalmaufstieg-2023-start-bild-peter-wallner-lr-1224x816.jpg 1224w, https:\/\/www.skimo.at\/rennen\/files\/2023\/12\/zwieselalmaufstieg-2023-start-bild-peter-wallner-lr-970x647.jpg 970w, https:\/\/www.skimo.at\/rennen\/files\/2023\/12\/zwieselalmaufstieg-2023-start-bild-peter-wallner-lr-140x93.jpg 140w, https:\/\/www.skimo.at\/rennen\/files\/2023\/12\/zwieselalmaufstieg-2023-start-bild-peter-wallner-lr-540x360.jpg 540w, https:\/\/www.skimo.at\/rennen\/files\/2023\/12\/zwieselalmaufstieg-2023-start-bild-peter-wallner-lr.jpg 1920w\" sizes=\"(max-width: 1024px) 100vw, 1024px\" \/><\/a><\/figure><\/li><li class=\"blocks-gallery-item\"><figure><a href=\"https:\/\/www.skimo.at\/rennen\/?attachment_id=299611\"><img loading=\"lazy\" width=\"1024\" height=\"703\" src=\"https:\/\/www.skimo.at\/rennen\/files\/2023\/12\/zwieselalmaufstieg-2023-tobias-wagenhofer-bild-andreas-renner-lr-1024x703.jpg\" alt=\"\" data-id=\"299611\" data-full-url=\"https:\/\/www.skimo.at\/rennen\/files\/2023\/12\/zwieselalmaufstieg-2023-tobias-wagenhofer-bild-andreas-renner-lr.jpg\" data-link=\"https:\/\/www.skimo.at\/rennen\/?attachment_id=299611\" class=\"wp-image-299611\" srcset=\"https:\/\/www.skimo.at\/rennen\/files\/2023\/12\/zwieselalmaufstieg-2023-tobias-wagenhofer-bild-andreas-renner-lr-1024x703.jpg 1024w, https:\/\/www.skimo.at\/rennen\/files\/2023\/12\/zwieselalmaufstieg-2023-tobias-wagenhofer-bild-andreas-renner-lr-300x206.jpg 300w, https:\/\/www.skimo.at\/rennen\/files\/2023\/12\/zwieselalmaufstieg-2023-tobias-wagenhofer-bild-andreas-renner-lr-768x527.jpg 768w, https:\/\/www.skimo.at\/rennen\/files\/2023\/12\/zwieselalmaufstieg-2023-tobias-wagenhofer-bild-andreas-renner-lr-1224x840.jpg 1224w, https:\/\/www.skimo.at\/rennen\/files\/2023\/12\/zwieselalmaufstieg-2023-tobias-wagenhofer-bild-andreas-renner-lr-970x666.jpg 970w, https:\/\/www.skimo.at\/rennen\/files\/2023\/12\/zwieselalmaufstieg-2023-tobias-wagenhofer-bild-andreas-renner-lr-554x380.jpg 554w, https:\/\/www.skimo.at\/rennen\/files\/2023\/12\/zwieselalmaufstieg-2023-tobias-wagenhofer-bild-andreas-renner-lr-135x93.jpg 135w, https:\/\/www.skimo.at\/rennen\/files\/2023\/12\/zwieselalmaufstieg-2023-tobias-wagenhofer-bild-andreas-renner-lr.jpg 1920w\" sizes=\"(max-width: 1024px) 100vw, 1024px\" \/><\/a><\/figure><\/li><li class=\"blocks-gallery-item\"><figure><a href=\"https:\/\/www.skimo.at\/rennen\/?attachment_id=299612\"><img loading=\"lazy\" width=\"1024\" height=\"683\" src=\"https:\/\/www.skimo.at\/rennen\/files\/2023\/12\/zwieselalmaufstieg-2023-motiv-56-bild-andreas-renner-lr-1024x683.jpg\" alt=\"\" data-id=\"299612\" data-full-url=\"https:\/\/www.skimo.at\/rennen\/files\/2023\/12\/zwieselalmaufstieg-2023-motiv-56-bild-andreas-renner-lr.jpg\" data-link=\"https:\/\/www.skimo.at\/rennen\/?attachment_id=299612\" class=\"wp-image-299612\" srcset=\"https:\/\/www.skimo.at\/rennen\/files\/2023\/12\/zwieselalmaufstieg-2023-motiv-56-bild-andreas-renner-lr-1024x683.jpg 1024w, https:\/\/www.skimo.at\/rennen\/files\/2023\/12\/zwieselalmaufstieg-2023-motiv-56-bild-andreas-renner-lr-300x200.jpg 300w, https:\/\/www.skimo.at\/rennen\/files\/2023\/12\/zwieselalmaufstieg-2023-motiv-56-bild-andreas-renner-lr-768x512.jpg 768w, https:\/\/www.skimo.at\/rennen\/files\/2023\/12\/zwieselalmaufstieg-2023-motiv-56-bild-andreas-renner-lr-746x497.jpg 746w, https:\/\/www.skimo.at\/rennen\/files\/2023\/12\/zwieselalmaufstieg-2023-motiv-56-bild-andreas-renner-lr-618x412.jpg 618w, https:\/\/www.skimo.at\/rennen\/files\/2023\/12\/zwieselalmaufstieg-2023-motiv-56-bild-andreas-renner-lr-554x370.jpg 554w, https:\/\/www.skimo.at\/rennen\/files\/2023\/12\/zwieselalmaufstieg-2023-motiv-56-bild-andreas-renner-lr-299x199.jpg 299w, https:\/\/www.skimo.at\/rennen\/files\/2023\/12\/zwieselalmaufstieg-2023-motiv-56-bild-andreas-renner-lr-1224x817.jpg 1224w, https:\/\/www.skimo.at\/rennen\/files\/2023\/12\/zwieselalmaufstieg-2023-motiv-56-bild-andreas-renner-lr-970x647.jpg 970w, https:\/\/www.skimo.at\/rennen\/files\/2023\/12\/zwieselalmaufstieg-2023-motiv-56-bild-andreas-renner-lr-139x93.jpg 139w, https:\/\/www.skimo.at\/rennen\/files\/2023\/12\/zwieselalmaufstieg-2023-motiv-56-bild-andreas-renner-lr-540x360.jpg 540w, https:\/\/www.skimo.at\/rennen\/files\/2023\/12\/zwieselalmaufstieg-2023-motiv-56-bild-andreas-renner-lr.jpg 1920w\" sizes=\"(max-width: 1024px) 100vw, 1024px\" \/><\/a><\/figure><\/li><li class=\"blocks-gallery-item\"><figure><a href=\"https:\/\/www.skimo.at\/rennen\/?attachment_id=299613\"><img loading=\"lazy\" width=\"1024\" height=\"683\" src=\"https:\/\/www.skimo.at\/rennen\/files\/2023\/12\/zwieselalmaufstieg-2023-motiv-57-bild-andreas-renner-lr-1024x683.jpg\" alt=\"\" data-id=\"299613\" data-full-url=\"https:\/\/www.skimo.at\/rennen\/files\/2023\/12\/zwieselalmaufstieg-2023-motiv-57-bild-andreas-renner-lr.jpg\" data-link=\"https:\/\/www.skimo.at\/rennen\/?attachment_id=299613\" class=\"wp-image-299613\" srcset=\"https:\/\/www.skimo.at\/rennen\/files\/2023\/12\/zwieselalmaufstieg-2023-motiv-57-bild-andreas-renner-lr-1024x683.jpg 1024w, https:\/\/www.skimo.at\/rennen\/files\/2023\/12\/zwieselalmaufstieg-2023-motiv-57-bild-andreas-renner-lr-300x200.jpg 300w, https:\/\/www.skimo.at\/rennen\/files\/2023\/12\/zwieselalmaufstieg-2023-motiv-57-bild-andreas-renner-lr-768x512.jpg 768w, https:\/\/www.skimo.at\/rennen\/files\/2023\/12\/zwieselalmaufstieg-2023-motiv-57-bild-andreas-renner-lr-746x497.jpg 746w, https:\/\/www.skimo.at\/rennen\/files\/2023\/12\/zwieselalmaufstieg-2023-motiv-57-bild-andreas-renner-lr-618x412.jpg 618w, https:\/\/www.skimo.at\/rennen\/files\/2023\/12\/zwieselalmaufstieg-2023-motiv-57-bild-andreas-renner-lr-554x370.jpg 554w, https:\/\/www.skimo.at\/rennen\/files\/2023\/12\/zwieselalmaufstieg-2023-motiv-57-bild-andreas-renner-lr-299x199.jpg 299w, https:\/\/www.skimo.at\/rennen\/files\/2023\/12\/zwieselalmaufstieg-2023-motiv-57-bild-andreas-renner-lr-1224x817.jpg 1224w, https:\/\/www.skimo.at\/rennen\/files\/2023\/12\/zwieselalmaufstieg-2023-motiv-57-bild-andreas-renner-lr-970x647.jpg 970w, https:\/\/www.skimo.at\/rennen\/files\/2023\/12\/zwieselalmaufstieg-2023-motiv-57-bild-andreas-renner-lr-139x93.jpg 139w, https:\/\/www.skimo.at\/rennen\/files\/2023\/12\/zwieselalmaufstieg-2023-motiv-57-bild-andreas-renner-lr-540x360.jpg 540w, https:\/\/www.skimo.at\/rennen\/files\/2023\/12\/zwieselalmaufstieg-2023-motiv-57-bild-andreas-renner-lr.jpg 1920w\" sizes=\"(max-width: 1024px) 100vw, 1024px\" \/><\/a><\/figure><\/li><li class=\"blocks-gallery-item\"><figure><a href=\"https:\/\/www.skimo.at\/rennen\/?attachment_id=299614\"><img loading=\"lazy\" width=\"1024\" height=\"683\" src=\"https:\/\/www.skimo.at\/rennen\/files\/2023\/12\/zwieselalmaufstieg-2023-motiv-58-bild-andreas-renner-lr-1024x683.jpg\" alt=\"\" data-id=\"299614\" data-full-url=\"https:\/\/www.skimo.at\/rennen\/files\/2023\/12\/zwieselalmaufstieg-2023-motiv-58-bild-andreas-renner-lr.jpg\" data-link=\"https:\/\/www.skimo.at\/rennen\/?attachment_id=299614\" class=\"wp-image-299614\" srcset=\"https:\/\/www.skimo.at\/rennen\/files\/2023\/12\/zwieselalmaufstieg-2023-motiv-58-bild-andreas-renner-lr-1024x683.jpg 1024w, https:\/\/www.skimo.at\/rennen\/files\/2023\/12\/zwieselalmaufstieg-2023-motiv-58-bild-andreas-renner-lr-300x200.jpg 300w, https:\/\/www.skimo.at\/rennen\/files\/2023\/12\/zwieselalmaufstieg-2023-motiv-58-bild-andreas-renner-lr-768x512.jpg 768w, https:\/\/www.skimo.at\/rennen\/files\/2023\/12\/zwieselalmaufstieg-2023-motiv-58-bild-andreas-renner-lr-746x497.jpg 746w, https:\/\/www.skimo.at\/rennen\/files\/2023\/12\/zwieselalmaufstieg-2023-motiv-58-bild-andreas-renner-lr-618x412.jpg 618w, https:\/\/www.skimo.at\/rennen\/files\/2023\/12\/zwieselalmaufstieg-2023-motiv-58-bild-andreas-renner-lr-554x370.jpg 554w, https:\/\/www.skimo.at\/rennen\/files\/2023\/12\/zwieselalmaufstieg-2023-motiv-58-bild-andreas-renner-lr-299x199.jpg 299w, https:\/\/www.skimo.at\/rennen\/files\/2023\/12\/zwieselalmaufstieg-2023-motiv-58-bild-andreas-renner-lr-1224x817.jpg 1224w, https:\/\/www.skimo.at\/rennen\/files\/2023\/12\/zwieselalmaufstieg-2023-motiv-58-bild-andreas-renner-lr-970x647.jpg 970w, https:\/\/www.skimo.at\/rennen\/files\/2023\/12\/zwieselalmaufstieg-2023-motiv-58-bild-andreas-renner-lr-139x93.jpg 139w, https:\/\/www.skimo.at\/rennen\/files\/2023\/12\/zwieselalmaufstieg-2023-motiv-58-bild-andreas-renner-lr-540x360.jpg 540w, https:\/\/www.skimo.at\/rennen\/files\/2023\/12\/zwieselalmaufstieg-2023-motiv-58-bild-andreas-renner-lr.jpg 1920w\" sizes=\"(max-width: 1024px) 100vw, 1024px\" \/><\/a><\/figure><\/li><li class=\"blocks-gallery-item\"><figure><a href=\"https:\/\/www.skimo.at\/rennen\/?attachment_id=299615\"><img loading=\"lazy\" width=\"1024\" height=\"683\" src=\"https:\/\/www.skimo.at\/rennen\/files\/2023\/12\/zwieselalmaufstieg-2023-motiv-59-bild-andreas-renner-lr-1024x683.jpg\" alt=\"\" data-id=\"299615\" data-full-url=\"https:\/\/www.skimo.at\/rennen\/files\/2023\/12\/zwieselalmaufstieg-2023-motiv-59-bild-andreas-renner-lr.jpg\" data-link=\"https:\/\/www.skimo.at\/rennen\/?attachment_id=299615\" class=\"wp-image-299615\" srcset=\"https:\/\/www.skimo.at\/rennen\/files\/2023\/12\/zwieselalmaufstieg-2023-motiv-59-bild-andreas-renner-lr-1024x683.jpg 1024w, https:\/\/www.skimo.at\/rennen\/files\/2023\/12\/zwieselalmaufstieg-2023-motiv-59-bild-andreas-renner-lr-300x200.jpg 300w, https:\/\/www.skimo.at\/rennen\/files\/2023\/12\/zwieselalmaufstieg-2023-motiv-59-bild-andreas-renner-lr-768x512.jpg 768w, https:\/\/www.skimo.at\/rennen\/files\/2023\/12\/zwieselalmaufstieg-2023-motiv-59-bild-andreas-renner-lr-746x497.jpg 746w, https:\/\/www.skimo.at\/rennen\/files\/2023\/12\/zwieselalmaufstieg-2023-motiv-59-bild-andreas-renner-lr-618x412.jpg 618w, https:\/\/www.skimo.at\/rennen\/files\/2023\/12\/zwieselalmaufstieg-2023-motiv-59-bild-andreas-renner-lr-554x370.jpg 554w, https:\/\/www.skimo.at\/rennen\/files\/2023\/12\/zwieselalmaufstieg-2023-motiv-59-bild-andreas-renner-lr-299x199.jpg 299w, https:\/\/www.skimo.at\/rennen\/files\/2023\/12\/zwieselalmaufstieg-2023-motiv-59-bild-andreas-renner-lr-1224x817.jpg 1224w, https:\/\/www.skimo.at\/rennen\/files\/2023\/12\/zwieselalmaufstieg-2023-motiv-59-bild-andreas-renner-lr-970x647.jpg 970w, https:\/\/www.skimo.at\/rennen\/files\/2023\/12\/zwieselalmaufstieg-2023-motiv-59-bild-andreas-renner-lr-139x93.jpg 139w, https:\/\/www.skimo.at\/rennen\/files\/2023\/12\/zwieselalmaufstieg-2023-motiv-59-bild-andreas-renner-lr-540x360.jpg 540w, https:\/\/www.skimo.at\/rennen\/files\/2023\/12\/zwieselalmaufstieg-2023-motiv-59-bild-andreas-renner-lr.jpg 1920w\" sizes=\"(max-width: 1024px) 100vw, 1024px\" \/><\/a><\/figure><\/li><li class=\"blocks-gallery-item\"><figure><a href=\"https:\/\/www.skimo.at\/rennen\/?attachment_id=299616\"><img loading=\"lazy\" width=\"1024\" height=\"683\" src=\"https:\/\/www.skimo.at\/rennen\/files\/2023\/12\/zwieselalmaufstieg-2023-motiv-61-bild-andreas-renner-lr-1024x683.jpg\" alt=\"\" data-id=\"299616\" data-full-url=\"https:\/\/www.skimo.at\/rennen\/files\/2023\/12\/zwieselalmaufstieg-2023-motiv-61-bild-andreas-renner-lr.jpg\" data-link=\"https:\/\/www.skimo.at\/rennen\/?attachment_id=299616\" class=\"wp-image-299616\" srcset=\"https:\/\/www.skimo.at\/rennen\/files\/2023\/12\/zwieselalmaufstieg-2023-motiv-61-bild-andreas-renner-lr-1024x683.jpg 1024w, https:\/\/www.skimo.at\/rennen\/files\/2023\/12\/zwieselalmaufstieg-2023-motiv-61-bild-andreas-renner-lr-300x200.jpg 300w, https:\/\/www.skimo.at\/rennen\/files\/2023\/12\/zwieselalmaufstieg-2023-motiv-61-bild-andreas-renner-lr-768x512.jpg 768w, https:\/\/www.skimo.at\/rennen\/files\/2023\/12\/zwieselalmaufstieg-2023-motiv-61-bild-andreas-renner-lr-746x497.jpg 746w, https:\/\/www.skimo.at\/rennen\/files\/2023\/12\/zwieselalmaufstieg-2023-motiv-61-bild-andreas-renner-lr-618x412.jpg 618w, https:\/\/www.skimo.at\/rennen\/files\/2023\/12\/zwieselalmaufstieg-2023-motiv-61-bild-andreas-renner-lr-554x370.jpg 554w, https:\/\/www.skimo.at\/rennen\/files\/2023\/12\/zwieselalmaufstieg-2023-motiv-61-bild-andreas-renner-lr-299x199.jpg 299w, https:\/\/www.skimo.at\/rennen\/files\/2023\/12\/zwieselalmaufstieg-2023-motiv-61-bild-andreas-renner-lr-1224x817.jpg 1224w, https:\/\/www.skimo.at\/rennen\/files\/2023\/12\/zwieselalmaufstieg-2023-motiv-61-bild-andreas-renner-lr-970x647.jpg 970w, https:\/\/www.skimo.at\/rennen\/files\/2023\/12\/zwieselalmaufstieg-2023-motiv-61-bild-andreas-renner-lr-139x93.jpg 139w, https:\/\/www.skimo.at\/rennen\/files\/2023\/12\/zwieselalmaufstieg-2023-motiv-61-bild-andreas-renner-lr-540x360.jpg 540w, https:\/\/www.skimo.at\/rennen\/files\/2023\/12\/zwieselalmaufstieg-2023-motiv-61-bild-andreas-renner-lr.jpg 1920w\" sizes=\"(max-width: 1024px) 100vw, 1024px\" \/><\/a><\/figure><\/li><li class=\"blocks-gallery-item\"><figure><a href=\"https:\/\/www.skimo.at\/rennen\/?attachment_id=299617\"><img loading=\"lazy\" width=\"1024\" height=\"683\" src=\"https:\/\/www.skimo.at\/rennen\/files\/2023\/12\/zwieselalmaufstieg-2023-motiv-62-bild-andreas-renner-lr-1024x683.jpg\" alt=\"\" data-id=\"299617\" data-full-url=\"https:\/\/www.skimo.at\/rennen\/files\/2023\/12\/zwieselalmaufstieg-2023-motiv-62-bild-andreas-renner-lr.jpg\" data-link=\"https:\/\/www.skimo.at\/rennen\/?attachment_id=299617\" class=\"wp-image-299617\" srcset=\"https:\/\/www.skimo.at\/rennen\/files\/2023\/12\/zwieselalmaufstieg-2023-motiv-62-bild-andreas-renner-lr-1024x683.jpg 1024w, https:\/\/www.skimo.at\/rennen\/files\/2023\/12\/zwieselalmaufstieg-2023-motiv-62-bild-andreas-renner-lr-300x200.jpg 300w, https:\/\/www.skimo.at\/rennen\/files\/2023\/12\/zwieselalmaufstieg-2023-motiv-62-bild-andreas-renner-lr-768x512.jpg 768w, https:\/\/www.skimo.at\/rennen\/files\/2023\/12\/zwieselalmaufstieg-2023-motiv-62-bild-andreas-renner-lr-746x497.jpg 746w, https:\/\/www.skimo.at\/rennen\/files\/2023\/12\/zwieselalmaufstieg-2023-motiv-62-bild-andreas-renner-lr-618x412.jpg 618w, https:\/\/www.skimo.at\/rennen\/files\/2023\/12\/zwieselalmaufstieg-2023-motiv-62-bild-andreas-renner-lr-554x370.jpg 554w, https:\/\/www.skimo.at\/rennen\/files\/2023\/12\/zwieselalmaufstieg-2023-motiv-62-bild-andreas-renner-lr-299x199.jpg 299w, https:\/\/www.skimo.at\/rennen\/files\/2023\/12\/zwieselalmaufstieg-2023-motiv-62-bild-andreas-renner-lr-1224x817.jpg 1224w, https:\/\/www.skimo.at\/rennen\/files\/2023\/12\/zwieselalmaufstieg-2023-motiv-62-bild-andreas-renner-lr-970x647.jpg 970w, https:\/\/www.skimo.at\/rennen\/files\/2023\/12\/zwieselalmaufstieg-2023-motiv-62-bild-andreas-renner-lr-139x93.jpg 139w, https:\/\/www.skimo.at\/rennen\/files\/2023\/12\/zwieselalmaufstieg-2023-motiv-62-bild-andreas-renner-lr-540x360.jpg 540w, https:\/\/www.skimo.at\/rennen\/files\/2023\/12\/zwieselalmaufstieg-2023-motiv-62-bild-andreas-renner-lr.jpg 1920w\" sizes=\"(max-width: 1024px) 100vw, 1024px\" \/><\/a><\/figure><\/li><li class=\"blocks-gallery-item\"><figure><a href=\"https:\/\/www.skimo.at\/rennen\/?attachment_id=299618\"><img loading=\"lazy\" width=\"1024\" height=\"683\" src=\"https:\/\/www.skimo.at\/rennen\/files\/2023\/12\/zwieselalmaufstieg-2023-motiv-63-bild-andreas-renner-lr-1024x683.jpg\" alt=\"\" data-id=\"299618\" data-full-url=\"https:\/\/www.skimo.at\/rennen\/files\/2023\/12\/zwieselalmaufstieg-2023-motiv-63-bild-andreas-renner-lr.jpg\" data-link=\"https:\/\/www.skimo.at\/rennen\/?attachment_id=299618\" class=\"wp-image-299618\" srcset=\"https:\/\/www.skimo.at\/rennen\/files\/2023\/12\/zwieselalmaufstieg-2023-motiv-63-bild-andreas-renner-lr-1024x683.jpg 1024w, https:\/\/www.skimo.at\/rennen\/files\/2023\/12\/zwieselalmaufstieg-2023-motiv-63-bild-andreas-renner-lr-300x200.jpg 300w, https:\/\/www.skimo.at\/rennen\/files\/2023\/12\/zwieselalmaufstieg-2023-motiv-63-bild-andreas-renner-lr-768x512.jpg 768w, https:\/\/www.skimo.at\/rennen\/files\/2023\/12\/zwieselalmaufstieg-2023-motiv-63-bild-andreas-renner-lr-746x497.jpg 746w, https:\/\/www.skimo.at\/rennen\/files\/2023\/12\/zwieselalmaufstieg-2023-motiv-63-bild-andreas-renner-lr-618x412.jpg 618w, https:\/\/www.skimo.at\/rennen\/files\/2023\/12\/zwieselalmaufstieg-2023-motiv-63-bild-andreas-renner-lr-554x370.jpg 554w, https:\/\/www.skimo.at\/rennen\/files\/2023\/12\/zwieselalmaufstieg-2023-motiv-63-bild-andreas-renner-lr-299x199.jpg 299w, https:\/\/www.skimo.at\/rennen\/files\/2023\/12\/zwieselalmaufstieg-2023-motiv-63-bild-andreas-renner-lr-1224x817.jpg 1224w, https:\/\/www.skimo.at\/rennen\/files\/2023\/12\/zwieselalmaufstieg-2023-motiv-63-bild-andreas-renner-lr-970x647.jpg 970w, https:\/\/www.skimo.at\/rennen\/files\/2023\/12\/zwieselalmaufstieg-2023-motiv-63-bild-andreas-renner-lr-139x93.jpg 139w, https:\/\/www.skimo.at\/rennen\/files\/2023\/12\/zwieselalmaufstieg-2023-motiv-63-bild-andreas-renner-lr-540x360.jpg 540w, https:\/\/www.skimo.at\/rennen\/files\/2023\/12\/zwieselalmaufstieg-2023-motiv-63-bild-andreas-renner-lr.jpg 1920w\" sizes=\"(max-width: 1024px) 100vw, 1024px\" \/><\/a><\/figure><\/li><li class=\"blocks-gallery-item\"><figure><a href=\"https:\/\/www.skimo.at\/rennen\/?attachment_id=299619\"><img loading=\"lazy\" width=\"1024\" height=\"683\" src=\"https:\/\/www.skimo.at\/rennen\/files\/2023\/12\/zwieselalmaufstieg-2023-motiv-64-bild-andreas-renner-lr-1024x683.jpg\" alt=\"\" data-id=\"299619\" data-full-url=\"https:\/\/www.skimo.at\/rennen\/files\/2023\/12\/zwieselalmaufstieg-2023-motiv-64-bild-andreas-renner-lr.jpg\" data-link=\"https:\/\/www.skimo.at\/rennen\/?attachment_id=299619\" class=\"wp-image-299619\" srcset=\"https:\/\/www.skimo.at\/rennen\/files\/2023\/12\/zwieselalmaufstieg-2023-motiv-64-bild-andreas-renner-lr-1024x683.jpg 1024w, https:\/\/www.skimo.at\/rennen\/files\/2023\/12\/zwieselalmaufstieg-2023-motiv-64-bild-andreas-renner-lr-300x200.jpg 300w, https:\/\/www.skimo.at\/rennen\/files\/2023\/12\/zwieselalmaufstieg-2023-motiv-64-bild-andreas-renner-lr-768x512.jpg 768w, https:\/\/www.skimo.at\/rennen\/files\/2023\/12\/zwieselalmaufstieg-2023-motiv-64-bild-andreas-renner-lr-746x497.jpg 746w, https:\/\/www.skimo.at\/rennen\/files\/2023\/12\/zwieselalmaufstieg-2023-motiv-64-bild-andreas-renner-lr-618x412.jpg 618w, https:\/\/www.skimo.at\/rennen\/files\/2023\/12\/zwieselalmaufstieg-2023-motiv-64-bild-andreas-renner-lr-554x370.jpg 554w, https:\/\/www.skimo.at\/rennen\/files\/2023\/12\/zwieselalmaufstieg-2023-motiv-64-bild-andreas-renner-lr-299x199.jpg 299w, https:\/\/www.skimo.at\/rennen\/files\/2023\/12\/zwieselalmaufstieg-2023-motiv-64-bild-andreas-renner-lr-1224x817.jpg 1224w, https:\/\/www.skimo.at\/rennen\/files\/2023\/12\/zwieselalmaufstieg-2023-motiv-64-bild-andreas-renner-lr-970x647.jpg 970w, https:\/\/www.skimo.at\/rennen\/files\/2023\/12\/zwieselalmaufstieg-2023-motiv-64-bild-andreas-renner-lr-139x93.jpg 139w, https:\/\/www.skimo.at\/rennen\/files\/2023\/12\/zwieselalmaufstieg-2023-motiv-64-bild-andreas-renner-lr-540x360.jpg 540w, https:\/\/www.skimo.at\/rennen\/files\/2023\/12\/zwieselalmaufstieg-2023-motiv-64-bild-andreas-renner-lr.jpg 1920w\" sizes=\"(max-width: 1024px) 100vw, 1024px\" \/><\/a><\/figure><\/li><li class=\"blocks-gallery-item\"><figure><a href=\"https:\/\/www.skimo.at\/rennen\/?attachment_id=299620\"><img loading=\"lazy\" width=\"1024\" height=\"683\" src=\"https:\/\/www.skimo.at\/rennen\/files\/2023\/12\/zwieselalmaufstieg-2023-motiv-65-bild-andreas-renner-lr-1024x683.jpg\" alt=\"\" data-id=\"299620\" data-full-url=\"https:\/\/www.skimo.at\/rennen\/files\/2023\/12\/zwieselalmaufstieg-2023-motiv-65-bild-andreas-renner-lr.jpg\" data-link=\"https:\/\/www.skimo.at\/rennen\/?attachment_id=299620\" class=\"wp-image-299620\" srcset=\"https:\/\/www.skimo.at\/rennen\/files\/2023\/12\/zwieselalmaufstieg-2023-motiv-65-bild-andreas-renner-lr-1024x683.jpg 1024w, https:\/\/www.skimo.at\/rennen\/files\/2023\/12\/zwieselalmaufstieg-2023-motiv-65-bild-andreas-renner-lr-300x200.jpg 300w, https:\/\/www.skimo.at\/rennen\/files\/2023\/12\/zwieselalmaufstieg-2023-motiv-65-bild-andreas-renner-lr-768x512.jpg 768w, https:\/\/www.skimo.at\/rennen\/files\/2023\/12\/zwieselalmaufstieg-2023-motiv-65-bild-andreas-renner-lr-746x497.jpg 746w, https:\/\/www.skimo.at\/rennen\/files\/2023\/12\/zwieselalmaufstieg-2023-motiv-65-bild-andreas-renner-lr-618x412.jpg 618w, https:\/\/www.skimo.at\/rennen\/files\/2023\/12\/zwieselalmaufstieg-2023-motiv-65-bild-andreas-renner-lr-554x370.jpg 554w, https:\/\/www.skimo.at\/rennen\/files\/2023\/12\/zwieselalmaufstieg-2023-motiv-65-bild-andreas-renner-lr-299x199.jpg 299w, https:\/\/www.skimo.at\/rennen\/files\/2023\/12\/zwieselalmaufstieg-2023-motiv-65-bild-andreas-renner-lr-1224x817.jpg 1224w, https:\/\/www.skimo.at\/rennen\/files\/2023\/12\/zwieselalmaufstieg-2023-motiv-65-bild-andreas-renner-lr-970x647.jpg 970w, https:\/\/www.skimo.at\/rennen\/files\/2023\/12\/zwieselalmaufstieg-2023-motiv-65-bild-andreas-renner-lr-139x93.jpg 139w, https:\/\/www.skimo.at\/rennen\/files\/2023\/12\/zwieselalmaufstieg-2023-motiv-65-bild-andreas-renner-lr-540x360.jpg 540w, https:\/\/www.skimo.at\/rennen\/files\/2023\/12\/zwieselalmaufstieg-2023-motiv-65-bild-andreas-renner-lr.jpg 1920w\" sizes=\"(max-width: 1024px) 100vw, 1024px\" \/><\/a><\/figure><\/li><li class=\"blocks-gallery-item\"><figure><a href=\"https:\/\/www.skimo.at\/rennen\/?attachment_id=299621\"><img loading=\"lazy\" width=\"1024\" height=\"683\" src=\"https:\/\/www.skimo.at\/rennen\/files\/2023\/12\/zwieselalmaufstieg-2023-motiv-66-bild-andreas-renner-lr-1024x683.jpg\" alt=\"\" data-id=\"299621\" data-full-url=\"https:\/\/www.skimo.at\/rennen\/files\/2023\/12\/zwieselalmaufstieg-2023-motiv-66-bild-andreas-renner-lr.jpg\" data-link=\"https:\/\/www.skimo.at\/rennen\/?attachment_id=299621\" class=\"wp-image-299621\" srcset=\"https:\/\/www.skimo.at\/rennen\/files\/2023\/12\/zwieselalmaufstieg-2023-motiv-66-bild-andreas-renner-lr-1024x683.jpg 1024w, https:\/\/www.skimo.at\/rennen\/files\/2023\/12\/zwieselalmaufstieg-2023-motiv-66-bild-andreas-renner-lr-300x200.jpg 300w, https:\/\/www.skimo.at\/rennen\/files\/2023\/12\/zwieselalmaufstieg-2023-motiv-66-bild-andreas-renner-lr-768x512.jpg 768w, https:\/\/www.skimo.at\/rennen\/files\/2023\/12\/zwieselalmaufstieg-2023-motiv-66-bild-andreas-renner-lr-746x497.jpg 746w, https:\/\/www.skimo.at\/rennen\/files\/2023\/12\/zwieselalmaufstieg-2023-motiv-66-bild-andreas-renner-lr-618x412.jpg 618w, https:\/\/www.skimo.at\/rennen\/files\/2023\/12\/zwieselalmaufstieg-2023-motiv-66-bild-andreas-renner-lr-554x370.jpg 554w, https:\/\/www.skimo.at\/rennen\/files\/2023\/12\/zwieselalmaufstieg-2023-motiv-66-bild-andreas-renner-lr-299x199.jpg 299w, https:\/\/www.skimo.at\/rennen\/files\/2023\/12\/zwieselalmaufstieg-2023-motiv-66-bild-andreas-renner-lr-1224x817.jpg 1224w, https:\/\/www.skimo.at\/rennen\/files\/2023\/12\/zwieselalmaufstieg-2023-motiv-66-bild-andreas-renner-lr-970x647.jpg 970w, https:\/\/www.skimo.at\/rennen\/files\/2023\/12\/zwieselalmaufstieg-2023-motiv-66-bild-andreas-renner-lr-139x93.jpg 139w, https:\/\/www.skimo.at\/rennen\/files\/2023\/12\/zwieselalmaufstieg-2023-motiv-66-bild-andreas-renner-lr-540x360.jpg 540w, https:\/\/www.skimo.at\/rennen\/files\/2023\/12\/zwieselalmaufstieg-2023-motiv-66-bild-andreas-renner-lr.jpg 1920w\" sizes=\"(max-width: 1024px) 100vw, 1024px\" \/><\/a><\/figure><\/li><li class=\"blocks-gallery-item\"><figure><a href=\"https:\/\/www.skimo.at\/rennen\/?attachment_id=299622\"><img loading=\"lazy\" width=\"1024\" height=\"683\" src=\"https:\/\/www.skimo.at\/rennen\/files\/2023\/12\/zwieselalmaufstieg-2023-motiv-67-bild-andreas-renner-lr-1024x683.jpg\" alt=\"\" data-id=\"299622\" data-full-url=\"https:\/\/www.skimo.at\/rennen\/files\/2023\/12\/zwieselalmaufstieg-2023-motiv-67-bild-andreas-renner-lr.jpg\" data-link=\"https:\/\/www.skimo.at\/rennen\/?attachment_id=299622\" class=\"wp-image-299622\" srcset=\"https:\/\/www.skimo.at\/rennen\/files\/2023\/12\/zwieselalmaufstieg-2023-motiv-67-bild-andreas-renner-lr-1024x683.jpg 1024w, https:\/\/www.skimo.at\/rennen\/files\/2023\/12\/zwieselalmaufstieg-2023-motiv-67-bild-andreas-renner-lr-300x200.jpg 300w, https:\/\/www.skimo.at\/rennen\/files\/2023\/12\/zwieselalmaufstieg-2023-motiv-67-bild-andreas-renner-lr-768x512.jpg 768w, https:\/\/www.skimo.at\/rennen\/files\/2023\/12\/zwieselalmaufstieg-2023-motiv-67-bild-andreas-renner-lr-746x497.jpg 746w, https:\/\/www.skimo.at\/rennen\/files\/2023\/12\/zwieselalmaufstieg-2023-motiv-67-bild-andreas-renner-lr-618x412.jpg 618w, https:\/\/www.skimo.at\/rennen\/files\/2023\/12\/zwieselalmaufstieg-2023-motiv-67-bild-andreas-renner-lr-554x370.jpg 554w, https:\/\/www.skimo.at\/rennen\/files\/2023\/12\/zwieselalmaufstieg-2023-motiv-67-bild-andreas-renner-lr-299x199.jpg 299w, https:\/\/www.skimo.at\/rennen\/files\/2023\/12\/zwieselalmaufstieg-2023-motiv-67-bild-andreas-renner-lr-1224x817.jpg 1224w, https:\/\/www.skimo.at\/rennen\/files\/2023\/12\/zwieselalmaufstieg-2023-motiv-67-bild-andreas-renner-lr-970x647.jpg 970w, https:\/\/www.skimo.at\/rennen\/files\/2023\/12\/zwieselalmaufstieg-2023-motiv-67-bild-andreas-renner-lr-139x93.jpg 139w, https:\/\/www.skimo.at\/rennen\/files\/2023\/12\/zwieselalmaufstieg-2023-motiv-67-bild-andreas-renner-lr-540x360.jpg 540w, https:\/\/www.skimo.at\/rennen\/files\/2023\/12\/zwieselalmaufstieg-2023-motiv-67-bild-andreas-renner-lr.jpg 1920w\" sizes=\"(max-width: 1024px) 100vw, 1024px\" \/><\/a><\/figure><\/li><li class=\"blocks-gallery-item\"><figure><a href=\"https:\/\/www.skimo.at\/rennen\/?attachment_id=299623\"><img loading=\"lazy\" width=\"1024\" height=\"683\" src=\"https:\/\/www.skimo.at\/rennen\/files\/2023\/12\/zwieselalmaufstieg-2023-motiv-68-bild-andreas-renner-lr-1024x683.jpg\" alt=\"\" data-id=\"299623\" data-full-url=\"https:\/\/www.skimo.at\/rennen\/files\/2023\/12\/zwieselalmaufstieg-2023-motiv-68-bild-andreas-renner-lr.jpg\" data-link=\"https:\/\/www.skimo.at\/rennen\/?attachment_id=299623\" class=\"wp-image-299623\" srcset=\"https:\/\/www.skimo.at\/rennen\/files\/2023\/12\/zwieselalmaufstieg-2023-motiv-68-bild-andreas-renner-lr-1024x683.jpg 1024w, https:\/\/www.skimo.at\/rennen\/files\/2023\/12\/zwieselalmaufstieg-2023-motiv-68-bild-andreas-renner-lr-300x200.jpg 300w, https:\/\/www.skimo.at\/rennen\/files\/2023\/12\/zwieselalmaufstieg-2023-motiv-68-bild-andreas-renner-lr-768x512.jpg 768w, https:\/\/www.skimo.at\/rennen\/files\/2023\/12\/zwieselalmaufstieg-2023-motiv-68-bild-andreas-renner-lr-746x497.jpg 746w, https:\/\/www.skimo.at\/rennen\/files\/2023\/12\/zwieselalmaufstieg-2023-motiv-68-bild-andreas-renner-lr-618x412.jpg 618w, https:\/\/www.skimo.at\/rennen\/files\/2023\/12\/zwieselalmaufstieg-2023-motiv-68-bild-andreas-renner-lr-554x370.jpg 554w, https:\/\/www.skimo.at\/rennen\/files\/2023\/12\/zwieselalmaufstieg-2023-motiv-68-bild-andreas-renner-lr-299x199.jpg 299w, https:\/\/www.skimo.at\/rennen\/files\/2023\/12\/zwieselalmaufstieg-2023-motiv-68-bild-andreas-renner-lr-1224x817.jpg 1224w, https:\/\/www.skimo.at\/rennen\/files\/2023\/12\/zwieselalmaufstieg-2023-motiv-68-bild-andreas-renner-lr-970x647.jpg 970w, https:\/\/www.skimo.at\/rennen\/files\/2023\/12\/zwieselalmaufstieg-2023-motiv-68-bild-andreas-renner-lr-139x93.jpg 139w, https:\/\/www.skimo.at\/rennen\/files\/2023\/12\/zwieselalmaufstieg-2023-motiv-68-bild-andreas-renner-lr-540x360.jpg 540w, https:\/\/www.skimo.at\/rennen\/files\/2023\/12\/zwieselalmaufstieg-2023-motiv-68-bild-andreas-renner-lr.jpg 1920w\" sizes=\"(max-width: 1024px) 100vw, 1024px\" \/><\/a><\/figure><\/li><li class=\"blocks-gallery-item\"><figure><a href=\"https:\/\/www.skimo.at\/rennen\/?attachment_id=299624\"><img loading=\"lazy\" width=\"1024\" height=\"683\" src=\"https:\/\/www.skimo.at\/rennen\/files\/2023\/12\/zwieselalmaufstieg-2023-motiv-69-bild-andreas-renner-lr-1024x683.jpg\" alt=\"\" data-id=\"299624\" data-full-url=\"https:\/\/www.skimo.at\/rennen\/files\/2023\/12\/zwieselalmaufstieg-2023-motiv-69-bild-andreas-renner-lr.jpg\" data-link=\"https:\/\/www.skimo.at\/rennen\/?attachment_id=299624\" class=\"wp-image-299624\" srcset=\"https:\/\/www.skimo.at\/rennen\/files\/2023\/12\/zwieselalmaufstieg-2023-motiv-69-bild-andreas-renner-lr-1024x683.jpg 1024w, https:\/\/www.skimo.at\/rennen\/files\/2023\/12\/zwieselalmaufstieg-2023-motiv-69-bild-andreas-renner-lr-300x200.jpg 300w, https:\/\/www.skimo.at\/rennen\/files\/2023\/12\/zwieselalmaufstieg-2023-motiv-69-bild-andreas-renner-lr-768x512.jpg 768w, https:\/\/www.skimo.at\/rennen\/files\/2023\/12\/zwieselalmaufstieg-2023-motiv-69-bild-andreas-renner-lr-746x497.jpg 746w, https:\/\/www.skimo.at\/rennen\/files\/2023\/12\/zwieselalmaufstieg-2023-motiv-69-bild-andreas-renner-lr-618x412.jpg 618w, https:\/\/www.skimo.at\/rennen\/files\/2023\/12\/zwieselalmaufstieg-2023-motiv-69-bild-andreas-renner-lr-554x370.jpg 554w, https:\/\/www.skimo.at\/rennen\/files\/2023\/12\/zwieselalmaufstieg-2023-motiv-69-bild-andreas-renner-lr-299x199.jpg 299w, https:\/\/www.skimo.at\/rennen\/files\/2023\/12\/zwieselalmaufstieg-2023-motiv-69-bild-andreas-renner-lr-1224x817.jpg 1224w, https:\/\/www.skimo.at\/rennen\/files\/2023\/12\/zwieselalmaufstieg-2023-motiv-69-bild-andreas-renner-lr-970x647.jpg 970w, https:\/\/www.skimo.at\/rennen\/files\/2023\/12\/zwieselalmaufstieg-2023-motiv-69-bild-andreas-renner-lr-139x93.jpg 139w, https:\/\/www.skimo.at\/rennen\/files\/2023\/12\/zwieselalmaufstieg-2023-motiv-69-bild-andreas-renner-lr-540x360.jpg 540w, https:\/\/www.skimo.at\/rennen\/files\/2023\/12\/zwieselalmaufstieg-2023-motiv-69-bild-andreas-renner-lr.jpg 1920w\" sizes=\"(max-width: 1024px) 100vw, 1024px\" \/><\/a><\/figure><\/li><li class=\"blocks-gallery-item\"><figure><a href=\"https:\/\/www.skimo.at\/rennen\/?attachment_id=299625\"><img loading=\"lazy\" width=\"1024\" height=\"683\" src=\"https:\/\/www.skimo.at\/rennen\/files\/2023\/12\/zwieselalmaufstieg-2023-motiv-70-bild-andreas-renner-lr-1024x683.jpg\" alt=\"\" data-id=\"299625\" data-full-url=\"https:\/\/www.skimo.at\/rennen\/files\/2023\/12\/zwieselalmaufstieg-2023-motiv-70-bild-andreas-renner-lr.jpg\" data-link=\"https:\/\/www.skimo.at\/rennen\/?attachment_id=299625\" class=\"wp-image-299625\" srcset=\"https:\/\/www.skimo.at\/rennen\/files\/2023\/12\/zwieselalmaufstieg-2023-motiv-70-bild-andreas-renner-lr-1024x683.jpg 1024w, https:\/\/www.skimo.at\/rennen\/files\/2023\/12\/zwieselalmaufstieg-2023-motiv-70-bild-andreas-renner-lr-300x200.jpg 300w, https:\/\/www.skimo.at\/rennen\/files\/2023\/12\/zwieselalmaufstieg-2023-motiv-70-bild-andreas-renner-lr-768x512.jpg 768w, https:\/\/www.skimo.at\/rennen\/files\/2023\/12\/zwieselalmaufstieg-2023-motiv-70-bild-andreas-renner-lr-746x497.jpg 746w, https:\/\/www.skimo.at\/rennen\/files\/2023\/12\/zwieselalmaufstieg-2023-motiv-70-bild-andreas-renner-lr-618x412.jpg 618w, https:\/\/www.skimo.at\/rennen\/files\/2023\/12\/zwieselalmaufstieg-2023-motiv-70-bild-andreas-renner-lr-554x370.jpg 554w, https:\/\/www.skimo.at\/rennen\/files\/2023\/12\/zwieselalmaufstieg-2023-motiv-70-bild-andreas-renner-lr-299x199.jpg 299w, https:\/\/www.skimo.at\/rennen\/files\/2023\/12\/zwieselalmaufstieg-2023-motiv-70-bild-andreas-renner-lr-1224x817.jpg 1224w, https:\/\/www.skimo.at\/rennen\/files\/2023\/12\/zwieselalmaufstieg-2023-motiv-70-bild-andreas-renner-lr-970x647.jpg 970w, https:\/\/www.skimo.at\/rennen\/files\/2023\/12\/zwieselalmaufstieg-2023-motiv-70-bild-andreas-renner-lr-139x93.jpg 139w, https:\/\/www.skimo.at\/rennen\/files\/2023\/12\/zwieselalmaufstieg-2023-motiv-70-bild-andreas-renner-lr-540x360.jpg 540w, https:\/\/www.skimo.at\/rennen\/files\/2023\/12\/zwieselalmaufstieg-2023-motiv-70-bild-andreas-renner-lr.jpg 1920w\" sizes=\"(max-width: 1024px) 100vw, 1024px\" \/><\/a><\/figure><\/li><li class=\"blocks-gallery-item\"><figure><a href=\"https:\/\/www.skimo.at\/rennen\/?attachment_id=299626\"><img loading=\"lazy\" width=\"1024\" height=\"683\" src=\"https:\/\/www.skimo.at\/rennen\/files\/2023\/12\/zwieselalmaufstieg-2023-motiv-72-bild-andreas-renner-lr-1024x683.jpg\" alt=\"\" data-id=\"299626\" data-full-url=\"https:\/\/www.skimo.at\/rennen\/files\/2023\/12\/zwieselalmaufstieg-2023-motiv-72-bild-andreas-renner-lr.jpg\" data-link=\"https:\/\/www.skimo.at\/rennen\/?attachment_id=299626\" class=\"wp-image-299626\" srcset=\"https:\/\/www.skimo.at\/rennen\/files\/2023\/12\/zwieselalmaufstieg-2023-motiv-72-bild-andreas-renner-lr-1024x683.jpg 1024w, https:\/\/www.skimo.at\/rennen\/files\/2023\/12\/zwieselalmaufstieg-2023-motiv-72-bild-andreas-renner-lr-300x200.jpg 300w, https:\/\/www.skimo.at\/rennen\/files\/2023\/12\/zwieselalmaufstieg-2023-motiv-72-bild-andreas-renner-lr-768x512.jpg 768w, https:\/\/www.skimo.at\/rennen\/files\/2023\/12\/zwieselalmaufstieg-2023-motiv-72-bild-andreas-renner-lr-746x497.jpg 746w, https:\/\/www.skimo.at\/rennen\/files\/2023\/12\/zwieselalmaufstieg-2023-motiv-72-bild-andreas-renner-lr-618x412.jpg 618w, https:\/\/www.skimo.at\/rennen\/files\/2023\/12\/zwieselalmaufstieg-2023-motiv-72-bild-andreas-renner-lr-554x370.jpg 554w, https:\/\/www.skimo.at\/rennen\/files\/2023\/12\/zwieselalmaufstieg-2023-motiv-72-bild-andreas-renner-lr-299x199.jpg 299w, https:\/\/www.skimo.at\/rennen\/files\/2023\/12\/zwieselalmaufstieg-2023-motiv-72-bild-andreas-renner-lr-1224x817.jpg 1224w, https:\/\/www.skimo.at\/rennen\/files\/2023\/12\/zwieselalmaufstieg-2023-motiv-72-bild-andreas-renner-lr-970x647.jpg 970w, https:\/\/www.skimo.at\/rennen\/files\/2023\/12\/zwieselalmaufstieg-2023-motiv-72-bild-andreas-renner-lr-139x93.jpg 139w, https:\/\/www.skimo.at\/rennen\/files\/2023\/12\/zwieselalmaufstieg-2023-motiv-72-bild-andreas-renner-lr-540x360.jpg 540w, https:\/\/www.skimo.at\/rennen\/files\/2023\/12\/zwieselalmaufstieg-2023-motiv-72-bild-andreas-renner-lr.jpg 1920w\" sizes=\"(max-width: 1024px) 100vw, 1024px\" \/><\/a><\/figure><\/li><li class=\"blocks-gallery-item\"><figure><a href=\"https:\/\/www.skimo.at\/rennen\/?attachment_id=299627\"><img loading=\"lazy\" width=\"1024\" height=\"683\" src=\"https:\/\/www.skimo.at\/rennen\/files\/2023\/12\/zwieselalmaufstieg-2023-motiv-73-bild-andreas-renner-lr-1024x683.jpg\" alt=\"\" data-id=\"299627\" data-full-url=\"https:\/\/www.skimo.at\/rennen\/files\/2023\/12\/zwieselalmaufstieg-2023-motiv-73-bild-andreas-renner-lr.jpg\" data-link=\"https:\/\/www.skimo.at\/rennen\/?attachment_id=299627\" class=\"wp-image-299627\" srcset=\"https:\/\/www.skimo.at\/rennen\/files\/2023\/12\/zwieselalmaufstieg-2023-motiv-73-bild-andreas-renner-lr-1024x683.jpg 1024w, https:\/\/www.skimo.at\/rennen\/files\/2023\/12\/zwieselalmaufstieg-2023-motiv-73-bild-andreas-renner-lr-300x200.jpg 300w, https:\/\/www.skimo.at\/rennen\/files\/2023\/12\/zwieselalmaufstieg-2023-motiv-73-bild-andreas-renner-lr-768x512.jpg 768w, https:\/\/www.skimo.at\/rennen\/files\/2023\/12\/zwieselalmaufstieg-2023-motiv-73-bild-andreas-renner-lr-746x497.jpg 746w, https:\/\/www.skimo.at\/rennen\/files\/2023\/12\/zwieselalmaufstieg-2023-motiv-73-bild-andreas-renner-lr-618x412.jpg 618w, https:\/\/www.skimo.at\/rennen\/files\/2023\/12\/zwieselalmaufstieg-2023-motiv-73-bild-andreas-renner-lr-554x370.jpg 554w, https:\/\/www.skimo.at\/rennen\/files\/2023\/12\/zwieselalmaufstieg-2023-motiv-73-bild-andreas-renner-lr-299x199.jpg 299w, https:\/\/www.skimo.at\/rennen\/files\/2023\/12\/zwieselalmaufstieg-2023-motiv-73-bild-andreas-renner-lr-1224x817.jpg 1224w, https:\/\/www.skimo.at\/rennen\/files\/2023\/12\/zwieselalmaufstieg-2023-motiv-73-bild-andreas-renner-lr-970x647.jpg 970w, https:\/\/www.skimo.at\/rennen\/files\/2023\/12\/zwieselalmaufstieg-2023-motiv-73-bild-andreas-renner-lr-139x93.jpg 139w, https:\/\/www.skimo.at\/rennen\/files\/2023\/12\/zwieselalmaufstieg-2023-motiv-73-bild-andreas-renner-lr-540x360.jpg 540w, https:\/\/www.skimo.at\/rennen\/files\/2023\/12\/zwieselalmaufstieg-2023-motiv-73-bild-andreas-renner-lr.jpg 1920w\" sizes=\"(max-width: 1024px) 100vw, 1024px\" \/><\/a><\/figure><\/li><li class=\"blocks-gallery-item\"><figure><a href=\"https:\/\/www.skimo.at\/rennen\/?attachment_id=299628\"><img loading=\"lazy\" width=\"1024\" height=\"683\" src=\"https:\/\/www.skimo.at\/rennen\/files\/2023\/12\/zwieselalmaufstieg-2023-motiv-74-bild-andreas-renner-lr-1024x683.jpg\" alt=\"\" data-id=\"299628\" data-full-url=\"https:\/\/www.skimo.at\/rennen\/files\/2023\/12\/zwieselalmaufstieg-2023-motiv-74-bild-andreas-renner-lr.jpg\" data-link=\"https:\/\/www.skimo.at\/rennen\/?attachment_id=299628\" class=\"wp-image-299628\" srcset=\"https:\/\/www.skimo.at\/rennen\/files\/2023\/12\/zwieselalmaufstieg-2023-motiv-74-bild-andreas-renner-lr-1024x683.jpg 1024w, https:\/\/www.skimo.at\/rennen\/files\/2023\/12\/zwieselalmaufstieg-2023-motiv-74-bild-andreas-renner-lr-300x200.jpg 300w, https:\/\/www.skimo.at\/rennen\/files\/2023\/12\/zwieselalmaufstieg-2023-motiv-74-bild-andreas-renner-lr-768x512.jpg 768w, https:\/\/www.skimo.at\/rennen\/files\/2023\/12\/zwieselalmaufstieg-2023-motiv-74-bild-andreas-renner-lr-746x497.jpg 746w, https:\/\/www.skimo.at\/rennen\/files\/2023\/12\/zwieselalmaufstieg-2023-motiv-74-bild-andreas-renner-lr-618x412.jpg 618w, https:\/\/www.skimo.at\/rennen\/files\/2023\/12\/zwieselalmaufstieg-2023-motiv-74-bild-andreas-renner-lr-554x370.jpg 554w, https:\/\/www.skimo.at\/rennen\/files\/2023\/12\/zwieselalmaufstieg-2023-motiv-74-bild-andreas-renner-lr-299x199.jpg 299w, https:\/\/www.skimo.at\/rennen\/files\/2023\/12\/zwieselalmaufstieg-2023-motiv-74-bild-andreas-renner-lr-1224x817.jpg 1224w, https:\/\/www.skimo.at\/rennen\/files\/2023\/12\/zwieselalmaufstieg-2023-motiv-74-bild-andreas-renner-lr-970x647.jpg 970w, https:\/\/www.skimo.at\/rennen\/files\/2023\/12\/zwieselalmaufstieg-2023-motiv-74-bild-andreas-renner-lr-139x93.jpg 139w, https:\/\/www.skimo.at\/rennen\/files\/2023\/12\/zwieselalmaufstieg-2023-motiv-74-bild-andreas-renner-lr-540x360.jpg 540w, https:\/\/www.skimo.at\/rennen\/files\/2023\/12\/zwieselalmaufstieg-2023-motiv-74-bild-andreas-renner-lr.jpg 1920w\" sizes=\"(max-width: 1024px) 100vw, 1024px\" \/><\/a><\/figure><\/li><li class=\"blocks-gallery-item\"><figure><a href=\"https:\/\/www.skimo.at\/rennen\/?attachment_id=299629\"><img loading=\"lazy\" width=\"1024\" height=\"683\" src=\"https:\/\/www.skimo.at\/rennen\/files\/2023\/12\/zwieselalmaufstieg-2023-motiv-75-bild-andreas-renner-lr-1024x683.jpg\" alt=\"\" data-id=\"299629\" data-full-url=\"https:\/\/www.skimo.at\/rennen\/files\/2023\/12\/zwieselalmaufstieg-2023-motiv-75-bild-andreas-renner-lr.jpg\" data-link=\"https:\/\/www.skimo.at\/rennen\/?attachment_id=299629\" class=\"wp-image-299629\" srcset=\"https:\/\/www.skimo.at\/rennen\/files\/2023\/12\/zwieselalmaufstieg-2023-motiv-75-bild-andreas-renner-lr-1024x683.jpg 1024w, https:\/\/www.skimo.at\/rennen\/files\/2023\/12\/zwieselalmaufstieg-2023-motiv-75-bild-andreas-renner-lr-300x200.jpg 300w, https:\/\/www.skimo.at\/rennen\/files\/2023\/12\/zwieselalmaufstieg-2023-motiv-75-bild-andreas-renner-lr-768x512.jpg 768w, https:\/\/www.skimo.at\/rennen\/files\/2023\/12\/zwieselalmaufstieg-2023-motiv-75-bild-andreas-renner-lr-746x497.jpg 746w, https:\/\/www.skimo.at\/rennen\/files\/2023\/12\/zwieselalmaufstieg-2023-motiv-75-bild-andreas-renner-lr-618x412.jpg 618w, https:\/\/www.skimo.at\/rennen\/files\/2023\/12\/zwieselalmaufstieg-2023-motiv-75-bild-andreas-renner-lr-554x370.jpg 554w, https:\/\/www.skimo.at\/rennen\/files\/2023\/12\/zwieselalmaufstieg-2023-motiv-75-bild-andreas-renner-lr-299x199.jpg 299w, https:\/\/www.skimo.at\/rennen\/files\/2023\/12\/zwieselalmaufstieg-2023-motiv-75-bild-andreas-renner-lr-1224x817.jpg 1224w, https:\/\/www.skimo.at\/rennen\/files\/2023\/12\/zwieselalmaufstieg-2023-motiv-75-bild-andreas-renner-lr-970x647.jpg 970w, https:\/\/www.skimo.at\/rennen\/files\/2023\/12\/zwieselalmaufstieg-2023-motiv-75-bild-andreas-renner-lr-139x93.jpg 139w, https:\/\/www.skimo.at\/rennen\/files\/2023\/12\/zwieselalmaufstieg-2023-motiv-75-bild-andreas-renner-lr-540x360.jpg 540w, https:\/\/www.skimo.at\/rennen\/files\/2023\/12\/zwieselalmaufstieg-2023-motiv-75-bild-andreas-renner-lr.jpg 1920w\" sizes=\"(max-width: 1024px) 100vw, 1024px\" \/><\/a><\/figure><\/li><li class=\"blocks-gallery-item\"><figure><a href=\"https:\/\/www.skimo.at\/rennen\/?attachment_id=299630\"><img loading=\"lazy\" width=\"1024\" height=\"683\" src=\"https:\/\/www.skimo.at\/rennen\/files\/2023\/12\/zwieselalmaufstieg-2023-motiv-76-bild-andreas-renner-lr-1024x683.jpg\" alt=\"\" data-id=\"299630\" data-full-url=\"https:\/\/www.skimo.at\/rennen\/files\/2023\/12\/zwieselalmaufstieg-2023-motiv-76-bild-andreas-renner-lr.jpg\" data-link=\"https:\/\/www.skimo.at\/rennen\/?attachment_id=299630\" class=\"wp-image-299630\" srcset=\"https:\/\/www.skimo.at\/rennen\/files\/2023\/12\/zwieselalmaufstieg-2023-motiv-76-bild-andreas-renner-lr-1024x683.jpg 1024w, https:\/\/www.skimo.at\/rennen\/files\/2023\/12\/zwieselalmaufstieg-2023-motiv-76-bild-andreas-renner-lr-300x200.jpg 300w, https:\/\/www.skimo.at\/rennen\/files\/2023\/12\/zwieselalmaufstieg-2023-motiv-76-bild-andreas-renner-lr-768x512.jpg 768w, https:\/\/www.skimo.at\/rennen\/files\/2023\/12\/zwieselalmaufstieg-2023-motiv-76-bild-andreas-renner-lr-746x497.jpg 746w, https:\/\/www.skimo.at\/rennen\/files\/2023\/12\/zwieselalmaufstieg-2023-motiv-76-bild-andreas-renner-lr-618x412.jpg 618w, https:\/\/www.skimo.at\/rennen\/files\/2023\/12\/zwieselalmaufstieg-2023-motiv-76-bild-andreas-renner-lr-554x370.jpg 554w, https:\/\/www.skimo.at\/rennen\/files\/2023\/12\/zwieselalmaufstieg-2023-motiv-76-bild-andreas-renner-lr-299x199.jpg 299w, https:\/\/www.skimo.at\/rennen\/files\/2023\/12\/zwieselalmaufstieg-2023-motiv-76-bild-andreas-renner-lr-1224x817.jpg 1224w, https:\/\/www.skimo.at\/rennen\/files\/2023\/12\/zwieselalmaufstieg-2023-motiv-76-bild-andreas-renner-lr-970x647.jpg 970w, https:\/\/www.skimo.at\/rennen\/files\/2023\/12\/zwieselalmaufstieg-2023-motiv-76-bild-andreas-renner-lr-139x93.jpg 139w, https:\/\/www.skimo.at\/rennen\/files\/2023\/12\/zwieselalmaufstieg-2023-motiv-76-bild-andreas-renner-lr-540x360.jpg 540w, https:\/\/www.skimo.at\/rennen\/files\/2023\/12\/zwieselalmaufstieg-2023-motiv-76-bild-andreas-renner-lr.jpg 1920w\" sizes=\"(max-width: 1024px) 100vw, 1024px\" \/><\/a><\/figure><\/li><li class=\"blocks-gallery-item\"><figure><a href=\"https:\/\/www.skimo.at\/rennen\/?attachment_id=299631\"><img loading=\"lazy\" width=\"1024\" height=\"683\" src=\"https:\/\/www.skimo.at\/rennen\/files\/2023\/12\/zwieselalmaufstieg-2023-motiv-77-bild-andreas-renner-lr-1024x683.jpg\" alt=\"\" data-id=\"299631\" data-full-url=\"https:\/\/www.skimo.at\/rennen\/files\/2023\/12\/zwieselalmaufstieg-2023-motiv-77-bild-andreas-renner-lr.jpg\" data-link=\"https:\/\/www.skimo.at\/rennen\/?attachment_id=299631\" class=\"wp-image-299631\" srcset=\"https:\/\/www.skimo.at\/rennen\/files\/2023\/12\/zwieselalmaufstieg-2023-motiv-77-bild-andreas-renner-lr-1024x683.jpg 1024w, https:\/\/www.skimo.at\/rennen\/files\/2023\/12\/zwieselalmaufstieg-2023-motiv-77-bild-andreas-renner-lr-300x200.jpg 300w, https:\/\/www.skimo.at\/rennen\/files\/2023\/12\/zwieselalmaufstieg-2023-motiv-77-bild-andreas-renner-lr-768x512.jpg 768w, https:\/\/www.skimo.at\/rennen\/files\/2023\/12\/zwieselalmaufstieg-2023-motiv-77-bild-andreas-renner-lr-746x497.jpg 746w, https:\/\/www.skimo.at\/rennen\/files\/2023\/12\/zwieselalmaufstieg-2023-motiv-77-bild-andreas-renner-lr-618x412.jpg 618w, https:\/\/www.skimo.at\/rennen\/files\/2023\/12\/zwieselalmaufstieg-2023-motiv-77-bild-andreas-renner-lr-554x370.jpg 554w, https:\/\/www.skimo.at\/rennen\/files\/2023\/12\/zwieselalmaufstieg-2023-motiv-77-bild-andreas-renner-lr-299x199.jpg 299w, https:\/\/www.skimo.at\/rennen\/files\/2023\/12\/zwieselalmaufstieg-2023-motiv-77-bild-andreas-renner-lr-1224x817.jpg 1224w, https:\/\/www.skimo.at\/rennen\/files\/2023\/12\/zwieselalmaufstieg-2023-motiv-77-bild-andreas-renner-lr-970x647.jpg 970w, https:\/\/www.skimo.at\/rennen\/files\/2023\/12\/zwieselalmaufstieg-2023-motiv-77-bild-andreas-renner-lr-139x93.jpg 139w, https:\/\/www.skimo.at\/rennen\/files\/2023\/12\/zwieselalmaufstieg-2023-motiv-77-bild-andreas-renner-lr-540x360.jpg 540w, https:\/\/www.skimo.at\/rennen\/files\/2023\/12\/zwieselalmaufstieg-2023-motiv-77-bild-andreas-renner-lr.jpg 1920w\" sizes=\"(max-width: 1024px) 100vw, 1024px\" \/><\/a><\/figure><\/li><li class=\"blocks-gallery-item\"><figure><a href=\"https:\/\/www.skimo.at\/rennen\/?attachment_id=299632\"><img loading=\"lazy\" width=\"1024\" height=\"683\" src=\"https:\/\/www.skimo.at\/rennen\/files\/2023\/12\/zwieselalmaufstieg-2023-motiv-78-bild-andreas-renner-lr-1024x683.jpg\" alt=\"\" data-id=\"299632\" data-full-url=\"https:\/\/www.skimo.at\/rennen\/files\/2023\/12\/zwieselalmaufstieg-2023-motiv-78-bild-andreas-renner-lr.jpg\" data-link=\"https:\/\/www.skimo.at\/rennen\/?attachment_id=299632\" class=\"wp-image-299632\" srcset=\"https:\/\/www.skimo.at\/rennen\/files\/2023\/12\/zwieselalmaufstieg-2023-motiv-78-bild-andreas-renner-lr-1024x683.jpg 1024w, https:\/\/www.skimo.at\/rennen\/files\/2023\/12\/zwieselalmaufstieg-2023-motiv-78-bild-andreas-renner-lr-300x200.jpg 300w, https:\/\/www.skimo.at\/rennen\/files\/2023\/12\/zwieselalmaufstieg-2023-motiv-78-bild-andreas-renner-lr-768x512.jpg 768w, https:\/\/www.skimo.at\/rennen\/files\/2023\/12\/zwieselalmaufstieg-2023-motiv-78-bild-andreas-renner-lr-746x497.jpg 746w, https:\/\/www.skimo.at\/rennen\/files\/2023\/12\/zwieselalmaufstieg-2023-motiv-78-bild-andreas-renner-lr-618x412.jpg 618w, https:\/\/www.skimo.at\/rennen\/files\/2023\/12\/zwieselalmaufstieg-2023-motiv-78-bild-andreas-renner-lr-554x370.jpg 554w, https:\/\/www.skimo.at\/rennen\/files\/2023\/12\/zwieselalmaufstieg-2023-motiv-78-bild-andreas-renner-lr-299x199.jpg 299w, https:\/\/www.skimo.at\/rennen\/files\/2023\/12\/zwieselalmaufstieg-2023-motiv-78-bild-andreas-renner-lr-1224x817.jpg 1224w, https:\/\/www.skimo.at\/rennen\/files\/2023\/12\/zwieselalmaufstieg-2023-motiv-78-bild-andreas-renner-lr-970x647.jpg 970w, https:\/\/www.skimo.at\/rennen\/files\/2023\/12\/zwieselalmaufstieg-2023-motiv-78-bild-andreas-renner-lr-139x93.jpg 139w, https:\/\/www.skimo.at\/rennen\/files\/2023\/12\/zwieselalmaufstieg-2023-motiv-78-bild-andreas-renner-lr-540x360.jpg 540w, https:\/\/www.skimo.at\/rennen\/files\/2023\/12\/zwieselalmaufstieg-2023-motiv-78-bild-andreas-renner-lr.jpg 1920w\" sizes=\"(max-width: 1024px) 100vw, 1024px\" \/><\/a><\/figure><\/li><li class=\"blocks-gallery-item\"><figure><a href=\"https:\/\/www.skimo.at\/rennen\/?attachment_id=299633\"><img loading=\"lazy\" width=\"1024\" height=\"683\" src=\"https:\/\/www.skimo.at\/rennen\/files\/2023\/12\/zwieselalmaufstieg-2023-motiv-79-bild-andreas-renner-lr-1024x683.jpg\" alt=\"\" data-id=\"299633\" data-full-url=\"https:\/\/www.skimo.at\/rennen\/files\/2023\/12\/zwieselalmaufstieg-2023-motiv-79-bild-andreas-renner-lr.jpg\" data-link=\"https:\/\/www.skimo.at\/rennen\/?attachment_id=299633\" class=\"wp-image-299633\" srcset=\"https:\/\/www.skimo.at\/rennen\/files\/2023\/12\/zwieselalmaufstieg-2023-motiv-79-bild-andreas-renner-lr-1024x683.jpg 1024w, https:\/\/www.skimo.at\/rennen\/files\/2023\/12\/zwieselalmaufstieg-2023-motiv-79-bild-andreas-renner-lr-300x200.jpg 300w, https:\/\/www.skimo.at\/rennen\/files\/2023\/12\/zwieselalmaufstieg-2023-motiv-79-bild-andreas-renner-lr-768x512.jpg 768w, https:\/\/www.skimo.at\/rennen\/files\/2023\/12\/zwieselalmaufstieg-2023-motiv-79-bild-andreas-renner-lr-746x497.jpg 746w, https:\/\/www.skimo.at\/rennen\/files\/2023\/12\/zwieselalmaufstieg-2023-motiv-79-bild-andreas-renner-lr-618x412.jpg 618w, https:\/\/www.skimo.at\/rennen\/files\/2023\/12\/zwieselalmaufstieg-2023-motiv-79-bild-andreas-renner-lr-554x370.jpg 554w, https:\/\/www.skimo.at\/rennen\/files\/2023\/12\/zwieselalmaufstieg-2023-motiv-79-bild-andreas-renner-lr-299x199.jpg 299w, https:\/\/www.skimo.at\/rennen\/files\/2023\/12\/zwieselalmaufstieg-2023-motiv-79-bild-andreas-renner-lr-1224x817.jpg 1224w, https:\/\/www.skimo.at\/rennen\/files\/2023\/12\/zwieselalmaufstieg-2023-motiv-79-bild-andreas-renner-lr-970x647.jpg 970w, https:\/\/www.skimo.at\/rennen\/files\/2023\/12\/zwieselalmaufstieg-2023-motiv-79-bild-andreas-renner-lr-139x93.jpg 139w, https:\/\/www.skimo.at\/rennen\/files\/2023\/12\/zwieselalmaufstieg-2023-motiv-79-bild-andreas-renner-lr-540x360.jpg 540w, https:\/\/www.skimo.at\/rennen\/files\/2023\/12\/zwieselalmaufstieg-2023-motiv-79-bild-andreas-renner-lr.jpg 1920w\" sizes=\"(max-width: 1024px) 100vw, 1024px\" \/><\/a><\/figure><\/li><li class=\"blocks-gallery-item\"><figure><a href=\"https:\/\/www.skimo.at\/rennen\/?attachment_id=299634\"><img loading=\"lazy\" width=\"1024\" height=\"683\" src=\"https:\/\/www.skimo.at\/rennen\/files\/2023\/12\/zwieselalmaufstieg-2023-motiv-80-bild-andreas-renner-lr-1024x683.jpg\" alt=\"\" data-id=\"299634\" data-full-url=\"https:\/\/www.skimo.at\/rennen\/files\/2023\/12\/zwieselalmaufstieg-2023-motiv-80-bild-andreas-renner-lr.jpg\" data-link=\"https:\/\/www.skimo.at\/rennen\/?attachment_id=299634\" class=\"wp-image-299634\" srcset=\"https:\/\/www.skimo.at\/rennen\/files\/2023\/12\/zwieselalmaufstieg-2023-motiv-80-bild-andreas-renner-lr-1024x683.jpg 1024w, https:\/\/www.skimo.at\/rennen\/files\/2023\/12\/zwieselalmaufstieg-2023-motiv-80-bild-andreas-renner-lr-300x200.jpg 300w, https:\/\/www.skimo.at\/rennen\/files\/2023\/12\/zwieselalmaufstieg-2023-motiv-80-bild-andreas-renner-lr-768x512.jpg 768w, https:\/\/www.skimo.at\/rennen\/files\/2023\/12\/zwieselalmaufstieg-2023-motiv-80-bild-andreas-renner-lr-746x497.jpg 746w, https:\/\/www.skimo.at\/rennen\/files\/2023\/12\/zwieselalmaufstieg-2023-motiv-80-bild-andreas-renner-lr-618x412.jpg 618w, https:\/\/www.skimo.at\/rennen\/files\/2023\/12\/zwieselalmaufstieg-2023-motiv-80-bild-andreas-renner-lr-554x370.jpg 554w, https:\/\/www.skimo.at\/rennen\/files\/2023\/12\/zwieselalmaufstieg-2023-motiv-80-bild-andreas-renner-lr-299x199.jpg 299w, https:\/\/www.skimo.at\/rennen\/files\/2023\/12\/zwieselalmaufstieg-2023-motiv-80-bild-andreas-renner-lr-1224x817.jpg 1224w, https:\/\/www.skimo.at\/rennen\/files\/2023\/12\/zwieselalmaufstieg-2023-motiv-80-bild-andreas-renner-lr-970x647.jpg 970w, https:\/\/www.skimo.at\/rennen\/files\/2023\/12\/zwieselalmaufstieg-2023-motiv-80-bild-andreas-renner-lr-139x93.jpg 139w, https:\/\/www.skimo.at\/rennen\/files\/2023\/12\/zwieselalmaufstieg-2023-motiv-80-bild-andreas-renner-lr-540x360.jpg 540w, https:\/\/www.skimo.at\/rennen\/files\/2023\/12\/zwieselalmaufstieg-2023-motiv-80-bild-andreas-renner-lr.jpg 1920w\" sizes=\"(max-width: 1024px) 100vw, 1024px\" \/><\/a><\/figure><\/li><li class=\"blocks-gallery-item\"><figure><a href=\"https:\/\/www.skimo.at\/rennen\/?attachment_id=299635\"><img loading=\"lazy\" width=\"1024\" height=\"683\" src=\"https:\/\/www.skimo.at\/rennen\/files\/2023\/12\/zwieselalmaufstieg-2023-motiv-81-bild-andreas-renner-lr-1024x683.jpg\" alt=\"\" data-id=\"299635\" data-full-url=\"https:\/\/www.skimo.at\/rennen\/files\/2023\/12\/zwieselalmaufstieg-2023-motiv-81-bild-andreas-renner-lr.jpg\" data-link=\"https:\/\/www.skimo.at\/rennen\/?attachment_id=299635\" class=\"wp-image-299635\" srcset=\"https:\/\/www.skimo.at\/rennen\/files\/2023\/12\/zwieselalmaufstieg-2023-motiv-81-bild-andreas-renner-lr-1024x683.jpg 1024w, https:\/\/www.skimo.at\/rennen\/files\/2023\/12\/zwieselalmaufstieg-2023-motiv-81-bild-andreas-renner-lr-300x200.jpg 300w, https:\/\/www.skimo.at\/rennen\/files\/2023\/12\/zwieselalmaufstieg-2023-motiv-81-bild-andreas-renner-lr-768x512.jpg 768w, https:\/\/www.skimo.at\/rennen\/files\/2023\/12\/zwieselalmaufstieg-2023-motiv-81-bild-andreas-renner-lr-746x497.jpg 746w, https:\/\/www.skimo.at\/rennen\/files\/2023\/12\/zwieselalmaufstieg-2023-motiv-81-bild-andreas-renner-lr-618x412.jpg 618w, https:\/\/www.skimo.at\/rennen\/files\/2023\/12\/zwieselalmaufstieg-2023-motiv-81-bild-andreas-renner-lr-554x370.jpg 554w, https:\/\/www.skimo.at\/rennen\/files\/2023\/12\/zwieselalmaufstieg-2023-motiv-81-bild-andreas-renner-lr-299x199.jpg 299w, https:\/\/www.skimo.at\/rennen\/files\/2023\/12\/zwieselalmaufstieg-2023-motiv-81-bild-andreas-renner-lr-1224x817.jpg 1224w, https:\/\/www.skimo.at\/rennen\/files\/2023\/12\/zwieselalmaufstieg-2023-motiv-81-bild-andreas-renner-lr-970x647.jpg 970w, https:\/\/www.skimo.at\/rennen\/files\/2023\/12\/zwieselalmaufstieg-2023-motiv-81-bild-andreas-renner-lr-139x93.jpg 139w, https:\/\/www.skimo.at\/rennen\/files\/2023\/12\/zwieselalmaufstieg-2023-motiv-81-bild-andreas-renner-lr-540x360.jpg 540w, https:\/\/www.skimo.at\/rennen\/files\/2023\/12\/zwieselalmaufstieg-2023-motiv-81-bild-andreas-renner-lr.jpg 1920w\" sizes=\"(max-width: 1024px) 100vw, 1024px\" \/><\/a><\/figure><\/li><li class=\"blocks-gallery-item\"><figure><a href=\"https:\/\/www.skimo.at\/rennen\/?attachment_id=299636\"><img loading=\"lazy\" width=\"1024\" height=\"683\" src=\"https:\/\/www.skimo.at\/rennen\/files\/2023\/12\/zwieselalmaufstieg-2023-motiv-82-bild-andreas-renner-lr-1024x683.jpg\" alt=\"\" data-id=\"299636\" data-full-url=\"https:\/\/www.skimo.at\/rennen\/files\/2023\/12\/zwieselalmaufstieg-2023-motiv-82-bild-andreas-renner-lr.jpg\" data-link=\"https:\/\/www.skimo.at\/rennen\/?attachment_id=299636\" class=\"wp-image-299636\" srcset=\"https:\/\/www.skimo.at\/rennen\/files\/2023\/12\/zwieselalmaufstieg-2023-motiv-82-bild-andreas-renner-lr-1024x683.jpg 1024w, https:\/\/www.skimo.at\/rennen\/files\/2023\/12\/zwieselalmaufstieg-2023-motiv-82-bild-andreas-renner-lr-300x200.jpg 300w, https:\/\/www.skimo.at\/rennen\/files\/2023\/12\/zwieselalmaufstieg-2023-motiv-82-bild-andreas-renner-lr-768x512.jpg 768w, https:\/\/www.skimo.at\/rennen\/files\/2023\/12\/zwieselalmaufstieg-2023-motiv-82-bild-andreas-renner-lr-746x497.jpg 746w, https:\/\/www.skimo.at\/rennen\/files\/2023\/12\/zwieselalmaufstieg-2023-motiv-82-bild-andreas-renner-lr-618x412.jpg 618w, https:\/\/www.skimo.at\/rennen\/files\/2023\/12\/zwieselalmaufstieg-2023-motiv-82-bild-andreas-renner-lr-554x370.jpg 554w, https:\/\/www.skimo.at\/rennen\/files\/2023\/12\/zwieselalmaufstieg-2023-motiv-82-bild-andreas-renner-lr-299x199.jpg 299w, https:\/\/www.skimo.at\/rennen\/files\/2023\/12\/zwieselalmaufstieg-2023-motiv-82-bild-andreas-renner-lr-1224x817.jpg 1224w, https:\/\/www.skimo.at\/rennen\/files\/2023\/12\/zwieselalmaufstieg-2023-motiv-82-bild-andreas-renner-lr-970x647.jpg 970w, https:\/\/www.skimo.at\/rennen\/files\/2023\/12\/zwieselalmaufstieg-2023-motiv-82-bild-andreas-renner-lr-139x93.jpg 139w, https:\/\/www.skimo.at\/rennen\/files\/2023\/12\/zwieselalmaufstieg-2023-motiv-82-bild-andreas-renner-lr-540x360.jpg 540w, https:\/\/www.skimo.at\/rennen\/files\/2023\/12\/zwieselalmaufstieg-2023-motiv-82-bild-andreas-renner-lr.jpg 1920w\" sizes=\"(max-width: 1024px) 100vw, 1024px\" \/><\/a><\/figure><\/li><li class=\"blocks-gallery-item\"><figure><a href=\"https:\/\/www.skimo.at\/rennen\/?attachment_id=299637\"><img loading=\"lazy\" width=\"1024\" height=\"683\" src=\"https:\/\/www.skimo.at\/rennen\/files\/2023\/12\/zwieselalmaufstieg-2023-motiv-83-bild-andreas-renner-lr-1024x683.jpg\" alt=\"\" data-id=\"299637\" data-full-url=\"https:\/\/www.skimo.at\/rennen\/files\/2023\/12\/zwieselalmaufstieg-2023-motiv-83-bild-andreas-renner-lr.jpg\" data-link=\"https:\/\/www.skimo.at\/rennen\/?attachment_id=299637\" class=\"wp-image-299637\" srcset=\"https:\/\/www.skimo.at\/rennen\/files\/2023\/12\/zwieselalmaufstieg-2023-motiv-83-bild-andreas-renner-lr-1024x683.jpg 1024w, https:\/\/www.skimo.at\/rennen\/files\/2023\/12\/zwieselalmaufstieg-2023-motiv-83-bild-andreas-renner-lr-300x200.jpg 300w, https:\/\/www.skimo.at\/rennen\/files\/2023\/12\/zwieselalmaufstieg-2023-motiv-83-bild-andreas-renner-lr-768x512.jpg 768w, https:\/\/www.skimo.at\/rennen\/files\/2023\/12\/zwieselalmaufstieg-2023-motiv-83-bild-andreas-renner-lr-746x497.jpg 746w, https:\/\/www.skimo.at\/rennen\/files\/2023\/12\/zwieselalmaufstieg-2023-motiv-83-bild-andreas-renner-lr-618x412.jpg 618w, https:\/\/www.skimo.at\/rennen\/files\/2023\/12\/zwieselalmaufstieg-2023-motiv-83-bild-andreas-renner-lr-554x370.jpg 554w, https:\/\/www.skimo.at\/rennen\/files\/2023\/12\/zwieselalmaufstieg-2023-motiv-83-bild-andreas-renner-lr-299x199.jpg 299w, https:\/\/www.skimo.at\/rennen\/files\/2023\/12\/zwieselalmaufstieg-2023-motiv-83-bild-andreas-renner-lr-1224x817.jpg 1224w, https:\/\/www.skimo.at\/rennen\/files\/2023\/12\/zwieselalmaufstieg-2023-motiv-83-bild-andreas-renner-lr-970x647.jpg 970w, https:\/\/www.skimo.at\/rennen\/files\/2023\/12\/zwieselalmaufstieg-2023-motiv-83-bild-andreas-renner-lr-139x93.jpg 139w, https:\/\/www.skimo.at\/rennen\/files\/2023\/12\/zwieselalmaufstieg-2023-motiv-83-bild-andreas-renner-lr-540x360.jpg 540w, https:\/\/www.skimo.at\/rennen\/files\/2023\/12\/zwieselalmaufstieg-2023-motiv-83-bild-andreas-renner-lr.jpg 1920w\" sizes=\"(max-width: 1024px) 100vw, 1024px\" \/><\/a><\/figure><\/li><li class=\"blocks-gallery-item\"><figure><a href=\"https:\/\/www.skimo.at\/rennen\/?attachment_id=299638\"><img loading=\"lazy\" width=\"1024\" height=\"683\" src=\"https:\/\/www.skimo.at\/rennen\/files\/2023\/12\/zwieselalmaufstieg-2023-motiv-84-bild-andreas-renner-lr-1024x683.jpg\" alt=\"\" data-id=\"299638\" data-full-url=\"https:\/\/www.skimo.at\/rennen\/files\/2023\/12\/zwieselalmaufstieg-2023-motiv-84-bild-andreas-renner-lr.jpg\" data-link=\"https:\/\/www.skimo.at\/rennen\/?attachment_id=299638\" class=\"wp-image-299638\" srcset=\"https:\/\/www.skimo.at\/rennen\/files\/2023\/12\/zwieselalmaufstieg-2023-motiv-84-bild-andreas-renner-lr-1024x683.jpg 1024w, https:\/\/www.skimo.at\/rennen\/files\/2023\/12\/zwieselalmaufstieg-2023-motiv-84-bild-andreas-renner-lr-300x200.jpg 300w, https:\/\/www.skimo.at\/rennen\/files\/2023\/12\/zwieselalmaufstieg-2023-motiv-84-bild-andreas-renner-lr-768x512.jpg 768w, https:\/\/www.skimo.at\/rennen\/files\/2023\/12\/zwieselalmaufstieg-2023-motiv-84-bild-andreas-renner-lr-746x497.jpg 746w, https:\/\/www.skimo.at\/rennen\/files\/2023\/12\/zwieselalmaufstieg-2023-motiv-84-bild-andreas-renner-lr-618x412.jpg 618w, https:\/\/www.skimo.at\/rennen\/files\/2023\/12\/zwieselalmaufstieg-2023-motiv-84-bild-andreas-renner-lr-554x370.jpg 554w, https:\/\/www.skimo.at\/rennen\/files\/2023\/12\/zwieselalmaufstieg-2023-motiv-84-bild-andreas-renner-lr-299x199.jpg 299w, https:\/\/www.skimo.at\/rennen\/files\/2023\/12\/zwieselalmaufstieg-2023-motiv-84-bild-andreas-renner-lr-1224x817.jpg 1224w, https:\/\/www.skimo.at\/rennen\/files\/2023\/12\/zwieselalmaufstieg-2023-motiv-84-bild-andreas-renner-lr-970x647.jpg 970w, https:\/\/www.skimo.at\/rennen\/files\/2023\/12\/zwieselalmaufstieg-2023-motiv-84-bild-andreas-renner-lr-139x93.jpg 139w, https:\/\/www.skimo.at\/rennen\/files\/2023\/12\/zwieselalmaufstieg-2023-motiv-84-bild-andreas-renner-lr-540x360.jpg 540w, https:\/\/www.skimo.at\/rennen\/files\/2023\/12\/zwieselalmaufstieg-2023-motiv-84-bild-andreas-renner-lr.jpg 1920w\" sizes=\"(max-width: 1024px) 100vw, 1024px\" \/><\/a><\/figure><\/li><li class=\"blocks-gallery-item\"><figure><a href=\"https:\/\/www.skimo.at\/rennen\/?attachment_id=299639\"><img loading=\"lazy\" width=\"1024\" height=\"683\" src=\"https:\/\/www.skimo.at\/rennen\/files\/2023\/12\/zwieselalmaufstieg-2023-motiv-85-bild-andreas-renner-lr-1024x683.jpg\" alt=\"\" data-id=\"299639\" data-full-url=\"https:\/\/www.skimo.at\/rennen\/files\/2023\/12\/zwieselalmaufstieg-2023-motiv-85-bild-andreas-renner-lr.jpg\" data-link=\"https:\/\/www.skimo.at\/rennen\/?attachment_id=299639\" class=\"wp-image-299639\" srcset=\"https:\/\/www.skimo.at\/rennen\/files\/2023\/12\/zwieselalmaufstieg-2023-motiv-85-bild-andreas-renner-lr-1024x683.jpg 1024w, https:\/\/www.skimo.at\/rennen\/files\/2023\/12\/zwieselalmaufstieg-2023-motiv-85-bild-andreas-renner-lr-300x200.jpg 300w, https:\/\/www.skimo.at\/rennen\/files\/2023\/12\/zwieselalmaufstieg-2023-motiv-85-bild-andreas-renner-lr-768x512.jpg 768w, https:\/\/www.skimo.at\/rennen\/files\/2023\/12\/zwieselalmaufstieg-2023-motiv-85-bild-andreas-renner-lr-746x497.jpg 746w, https:\/\/www.skimo.at\/rennen\/files\/2023\/12\/zwieselalmaufstieg-2023-motiv-85-bild-andreas-renner-lr-618x412.jpg 618w, https:\/\/www.skimo.at\/rennen\/files\/2023\/12\/zwieselalmaufstieg-2023-motiv-85-bild-andreas-renner-lr-554x370.jpg 554w, https:\/\/www.skimo.at\/rennen\/files\/2023\/12\/zwieselalmaufstieg-2023-motiv-85-bild-andreas-renner-lr-299x199.jpg 299w, https:\/\/www.skimo.at\/rennen\/files\/2023\/12\/zwieselalmaufstieg-2023-motiv-85-bild-andreas-renner-lr-1224x817.jpg 1224w, https:\/\/www.skimo.at\/rennen\/files\/2023\/12\/zwieselalmaufstieg-2023-motiv-85-bild-andreas-renner-lr-970x647.jpg 970w, https:\/\/www.skimo.at\/rennen\/files\/2023\/12\/zwieselalmaufstieg-2023-motiv-85-bild-andreas-renner-lr-139x93.jpg 139w, https:\/\/www.skimo.at\/rennen\/files\/2023\/12\/zwieselalmaufstieg-2023-motiv-85-bild-andreas-renner-lr-540x360.jpg 540w, https:\/\/www.skimo.at\/rennen\/files\/2023\/12\/zwieselalmaufstieg-2023-motiv-85-bild-andreas-renner-lr.jpg 1920w\" sizes=\"(max-width: 1024px) 100vw, 1024px\" \/><\/a><\/figure><\/li><li class=\"blocks-gallery-item\"><figure><a href=\"https:\/\/www.skimo.at\/rennen\/?attachment_id=299640\"><img loading=\"lazy\" width=\"1024\" height=\"683\" src=\"https:\/\/www.skimo.at\/rennen\/files\/2023\/12\/zwieselalmaufstieg-2023-motiv-86-bild-andreas-renner-lr-1024x683.jpg\" alt=\"\" data-id=\"299640\" data-full-url=\"https:\/\/www.skimo.at\/rennen\/files\/2023\/12\/zwieselalmaufstieg-2023-motiv-86-bild-andreas-renner-lr.jpg\" data-link=\"https:\/\/www.skimo.at\/rennen\/?attachment_id=299640\" class=\"wp-image-299640\" srcset=\"https:\/\/www.skimo.at\/rennen\/files\/2023\/12\/zwieselalmaufstieg-2023-motiv-86-bild-andreas-renner-lr-1024x683.jpg 1024w, https:\/\/www.skimo.at\/rennen\/files\/2023\/12\/zwieselalmaufstieg-2023-motiv-86-bild-andreas-renner-lr-300x200.jpg 300w, https:\/\/www.skimo.at\/rennen\/files\/2023\/12\/zwieselalmaufstieg-2023-motiv-86-bild-andreas-renner-lr-768x512.jpg 768w, https:\/\/www.skimo.at\/rennen\/files\/2023\/12\/zwieselalmaufstieg-2023-motiv-86-bild-andreas-renner-lr-746x497.jpg 746w, https:\/\/www.skimo.at\/rennen\/files\/2023\/12\/zwieselalmaufstieg-2023-motiv-86-bild-andreas-renner-lr-618x412.jpg 618w, https:\/\/www.skimo.at\/rennen\/files\/2023\/12\/zwieselalmaufstieg-2023-motiv-86-bild-andreas-renner-lr-554x370.jpg 554w, https:\/\/www.skimo.at\/rennen\/files\/2023\/12\/zwieselalmaufstieg-2023-motiv-86-bild-andreas-renner-lr-299x199.jpg 299w, https:\/\/www.skimo.at\/rennen\/files\/2023\/12\/zwieselalmaufstieg-2023-motiv-86-bild-andreas-renner-lr-1224x817.jpg 1224w, https:\/\/www.skimo.at\/rennen\/files\/2023\/12\/zwieselalmaufstieg-2023-motiv-86-bild-andreas-renner-lr-970x647.jpg 970w, https:\/\/www.skimo.at\/rennen\/files\/2023\/12\/zwieselalmaufstieg-2023-motiv-86-bild-andreas-renner-lr-139x93.jpg 139w, https:\/\/www.skimo.at\/rennen\/files\/2023\/12\/zwieselalmaufstieg-2023-motiv-86-bild-andreas-renner-lr-540x360.jpg 540w, https:\/\/www.skimo.at\/rennen\/files\/2023\/12\/zwieselalmaufstieg-2023-motiv-86-bild-andreas-renner-lr.jpg 1920w\" sizes=\"(max-width: 1024px) 100vw, 1024px\" \/><\/a><\/figure><\/li><li class=\"blocks-gallery-item\"><figure><a href=\"https:\/\/www.skimo.at\/rennen\/?attachment_id=299641\"><img loading=\"lazy\" width=\"1024\" height=\"683\" src=\"https:\/\/www.skimo.at\/rennen\/files\/2023\/12\/zwieselalmaufstieg-2023-motiv-87-bild-andreas-renner-lr-1024x683.jpg\" alt=\"\" data-id=\"299641\" data-full-url=\"https:\/\/www.skimo.at\/rennen\/files\/2023\/12\/zwieselalmaufstieg-2023-motiv-87-bild-andreas-renner-lr.jpg\" data-link=\"https:\/\/www.skimo.at\/rennen\/?attachment_id=299641\" class=\"wp-image-299641\" srcset=\"https:\/\/www.skimo.at\/rennen\/files\/2023\/12\/zwieselalmaufstieg-2023-motiv-87-bild-andreas-renner-lr-1024x683.jpg 1024w, https:\/\/www.skimo.at\/rennen\/files\/2023\/12\/zwieselalmaufstieg-2023-motiv-87-bild-andreas-renner-lr-300x200.jpg 300w, https:\/\/www.skimo.at\/rennen\/files\/2023\/12\/zwieselalmaufstieg-2023-motiv-87-bild-andreas-renner-lr-768x512.jpg 768w, https:\/\/www.skimo.at\/rennen\/files\/2023\/12\/zwieselalmaufstieg-2023-motiv-87-bild-andreas-renner-lr-746x497.jpg 746w, https:\/\/www.skimo.at\/rennen\/files\/2023\/12\/zwieselalmaufstieg-2023-motiv-87-bild-andreas-renner-lr-618x412.jpg 618w, https:\/\/www.skimo.at\/rennen\/files\/2023\/12\/zwieselalmaufstieg-2023-motiv-87-bild-andreas-renner-lr-554x370.jpg 554w, https:\/\/www.skimo.at\/rennen\/files\/2023\/12\/zwieselalmaufstieg-2023-motiv-87-bild-andreas-renner-lr-299x199.jpg 299w, https:\/\/www.skimo.at\/rennen\/files\/2023\/12\/zwieselalmaufstieg-2023-motiv-87-bild-andreas-renner-lr-1224x817.jpg 1224w, https:\/\/www.skimo.at\/rennen\/files\/2023\/12\/zwieselalmaufstieg-2023-motiv-87-bild-andreas-renner-lr-970x647.jpg 970w, https:\/\/www.skimo.at\/rennen\/files\/2023\/12\/zwieselalmaufstieg-2023-motiv-87-bild-andreas-renner-lr-139x93.jpg 139w, https:\/\/www.skimo.at\/rennen\/files\/2023\/12\/zwieselalmaufstieg-2023-motiv-87-bild-andreas-renner-lr-540x360.jpg 540w, https:\/\/www.skimo.at\/rennen\/files\/2023\/12\/zwieselalmaufstieg-2023-motiv-87-bild-andreas-renner-lr.jpg 1920w\" sizes=\"(max-width: 1024px) 100vw, 1024px\" \/><\/a><\/figure><\/li><li class=\"blocks-gallery-item\"><figure><a href=\"https:\/\/www.skimo.at\/rennen\/?attachment_id=299642\"><img loading=\"lazy\" width=\"1024\" height=\"683\" src=\"https:\/\/www.skimo.at\/rennen\/files\/2023\/12\/zwieselalmaufstieg-2023-motiv-88-bild-andreas-renner-lr-1024x683.jpg\" alt=\"\" data-id=\"299642\" data-full-url=\"https:\/\/www.skimo.at\/rennen\/files\/2023\/12\/zwieselalmaufstieg-2023-motiv-88-bild-andreas-renner-lr.jpg\" data-link=\"https:\/\/www.skimo.at\/rennen\/?attachment_id=299642\" class=\"wp-image-299642\" srcset=\"https:\/\/www.skimo.at\/rennen\/files\/2023\/12\/zwieselalmaufstieg-2023-motiv-88-bild-andreas-renner-lr-1024x683.jpg 1024w, https:\/\/www.skimo.at\/rennen\/files\/2023\/12\/zwieselalmaufstieg-2023-motiv-88-bild-andreas-renner-lr-300x200.jpg 300w, https:\/\/www.skimo.at\/rennen\/files\/2023\/12\/zwieselalmaufstieg-2023-motiv-88-bild-andreas-renner-lr-768x512.jpg 768w, https:\/\/www.skimo.at\/rennen\/files\/2023\/12\/zwieselalmaufstieg-2023-motiv-88-bild-andreas-renner-lr-746x497.jpg 746w, https:\/\/www.skimo.at\/rennen\/files\/2023\/12\/zwieselalmaufstieg-2023-motiv-88-bild-andreas-renner-lr-618x412.jpg 618w, https:\/\/www.skimo.at\/rennen\/files\/2023\/12\/zwieselalmaufstieg-2023-motiv-88-bild-andreas-renner-lr-554x370.jpg 554w, https:\/\/www.skimo.at\/rennen\/files\/2023\/12\/zwieselalmaufstieg-2023-motiv-88-bild-andreas-renner-lr-299x199.jpg 299w, https:\/\/www.skimo.at\/rennen\/files\/2023\/12\/zwieselalmaufstieg-2023-motiv-88-bild-andreas-renner-lr-1224x817.jpg 1224w, https:\/\/www.skimo.at\/rennen\/files\/2023\/12\/zwieselalmaufstieg-2023-motiv-88-bild-andreas-renner-lr-970x647.jpg 970w, https:\/\/www.skimo.at\/rennen\/files\/2023\/12\/zwieselalmaufstieg-2023-motiv-88-bild-andreas-renner-lr-139x93.jpg 139w, https:\/\/www.skimo.at\/rennen\/files\/2023\/12\/zwieselalmaufstieg-2023-motiv-88-bild-andreas-renner-lr-540x360.jpg 540w, https:\/\/www.skimo.at\/rennen\/files\/2023\/12\/zwieselalmaufstieg-2023-motiv-88-bild-andreas-renner-lr.jpg 1920w\" sizes=\"(max-width: 1024px) 100vw, 1024px\" \/><\/a><\/figure><\/li><li class=\"blocks-gallery-item\"><figure><a href=\"https:\/\/www.skimo.at\/rennen\/?attachment_id=299643\"><img loading=\"lazy\" width=\"1024\" height=\"683\" src=\"https:\/\/www.skimo.at\/rennen\/files\/2023\/12\/zwieselalmaufstieg-2023-motiv-89-bild-andreas-renner-lr-1024x683.jpg\" alt=\"\" data-id=\"299643\" data-full-url=\"https:\/\/www.skimo.at\/rennen\/files\/2023\/12\/zwieselalmaufstieg-2023-motiv-89-bild-andreas-renner-lr.jpg\" data-link=\"https:\/\/www.skimo.at\/rennen\/?attachment_id=299643\" class=\"wp-image-299643\" srcset=\"https:\/\/www.skimo.at\/rennen\/files\/2023\/12\/zwieselalmaufstieg-2023-motiv-89-bild-andreas-renner-lr-1024x683.jpg 1024w, https:\/\/www.skimo.at\/rennen\/files\/2023\/12\/zwieselalmaufstieg-2023-motiv-89-bild-andreas-renner-lr-300x200.jpg 300w, https:\/\/www.skimo.at\/rennen\/files\/2023\/12\/zwieselalmaufstieg-2023-motiv-89-bild-andreas-renner-lr-768x512.jpg 768w, https:\/\/www.skimo.at\/rennen\/files\/2023\/12\/zwieselalmaufstieg-2023-motiv-89-bild-andreas-renner-lr-746x497.jpg 746w, https:\/\/www.skimo.at\/rennen\/files\/2023\/12\/zwieselalmaufstieg-2023-motiv-89-bild-andreas-renner-lr-618x412.jpg 618w, https:\/\/www.skimo.at\/rennen\/files\/2023\/12\/zwieselalmaufstieg-2023-motiv-89-bild-andreas-renner-lr-554x370.jpg 554w, https:\/\/www.skimo.at\/rennen\/files\/2023\/12\/zwieselalmaufstieg-2023-motiv-89-bild-andreas-renner-lr-299x199.jpg 299w, https:\/\/www.skimo.at\/rennen\/files\/2023\/12\/zwieselalmaufstieg-2023-motiv-89-bild-andreas-renner-lr-1224x817.jpg 1224w, https:\/\/www.skimo.at\/rennen\/files\/2023\/12\/zwieselalmaufstieg-2023-motiv-89-bild-andreas-renner-lr-970x647.jpg 970w, https:\/\/www.skimo.at\/rennen\/files\/2023\/12\/zwieselalmaufstieg-2023-motiv-89-bild-andreas-renner-lr-139x93.jpg 139w, https:\/\/www.skimo.at\/rennen\/files\/2023\/12\/zwieselalmaufstieg-2023-motiv-89-bild-andreas-renner-lr-540x360.jpg 540w, https:\/\/www.skimo.at\/rennen\/files\/2023\/12\/zwieselalmaufstieg-2023-motiv-89-bild-andreas-renner-lr.jpg 1920w\" sizes=\"(max-width: 1024px) 100vw, 1024px\" \/><\/a><\/figure><\/li><li class=\"blocks-gallery-item\"><figure><a href=\"https:\/\/www.skimo.at\/rennen\/?attachment_id=299644\"><img loading=\"lazy\" width=\"1024\" height=\"683\" src=\"https:\/\/www.skimo.at\/rennen\/files\/2023\/12\/zwieselalmaufstieg-2023-motiv-90-bild-andreas-renner-lr-1024x683.jpg\" alt=\"\" data-id=\"299644\" data-full-url=\"https:\/\/www.skimo.at\/rennen\/files\/2023\/12\/zwieselalmaufstieg-2023-motiv-90-bild-andreas-renner-lr.jpg\" data-link=\"https:\/\/www.skimo.at\/rennen\/?attachment_id=299644\" class=\"wp-image-299644\" srcset=\"https:\/\/www.skimo.at\/rennen\/files\/2023\/12\/zwieselalmaufstieg-2023-motiv-90-bild-andreas-renner-lr-1024x683.jpg 1024w, https:\/\/www.skimo.at\/rennen\/files\/2023\/12\/zwieselalmaufstieg-2023-motiv-90-bild-andreas-renner-lr-300x200.jpg 300w, https:\/\/www.skimo.at\/rennen\/files\/2023\/12\/zwieselalmaufstieg-2023-motiv-90-bild-andreas-renner-lr-768x512.jpg 768w, https:\/\/www.skimo.at\/rennen\/files\/2023\/12\/zwieselalmaufstieg-2023-motiv-90-bild-andreas-renner-lr-746x497.jpg 746w, https:\/\/www.skimo.at\/rennen\/files\/2023\/12\/zwieselalmaufstieg-2023-motiv-90-bild-andreas-renner-lr-618x412.jpg 618w, https:\/\/www.skimo.at\/rennen\/files\/2023\/12\/zwieselalmaufstieg-2023-motiv-90-bild-andreas-renner-lr-554x370.jpg 554w, https:\/\/www.skimo.at\/rennen\/files\/2023\/12\/zwieselalmaufstieg-2023-motiv-90-bild-andreas-renner-lr-299x199.jpg 299w, https:\/\/www.skimo.at\/rennen\/files\/2023\/12\/zwieselalmaufstieg-2023-motiv-90-bild-andreas-renner-lr-1224x817.jpg 1224w, https:\/\/www.skimo.at\/rennen\/files\/2023\/12\/zwieselalmaufstieg-2023-motiv-90-bild-andreas-renner-lr-970x647.jpg 970w, https:\/\/www.skimo.at\/rennen\/files\/2023\/12\/zwieselalmaufstieg-2023-motiv-90-bild-andreas-renner-lr-139x93.jpg 139w, https:\/\/www.skimo.at\/rennen\/files\/2023\/12\/zwieselalmaufstieg-2023-motiv-90-bild-andreas-renner-lr-540x360.jpg 540w, https:\/\/www.skimo.at\/rennen\/files\/2023\/12\/zwieselalmaufstieg-2023-motiv-90-bild-andreas-renner-lr.jpg 1920w\" sizes=\"(max-width: 1024px) 100vw, 1024px\" \/><\/a><\/figure><\/li><li class=\"blocks-gallery-item\"><figure><a href=\"https:\/\/www.skimo.at\/rennen\/?attachment_id=299645\"><img loading=\"lazy\" width=\"1024\" height=\"683\" src=\"https:\/\/www.skimo.at\/rennen\/files\/2023\/12\/zwieselalmaufstieg-2023-motiv-91-bild-andreas-renner-lr-1024x683.jpg\" alt=\"\" data-id=\"299645\" data-full-url=\"https:\/\/www.skimo.at\/rennen\/files\/2023\/12\/zwieselalmaufstieg-2023-motiv-91-bild-andreas-renner-lr.jpg\" data-link=\"https:\/\/www.skimo.at\/rennen\/?attachment_id=299645\" class=\"wp-image-299645\" srcset=\"https:\/\/www.skimo.at\/rennen\/files\/2023\/12\/zwieselalmaufstieg-2023-motiv-91-bild-andreas-renner-lr-1024x683.jpg 1024w, https:\/\/www.skimo.at\/rennen\/files\/2023\/12\/zwieselalmaufstieg-2023-motiv-91-bild-andreas-renner-lr-300x200.jpg 300w, https:\/\/www.skimo.at\/rennen\/files\/2023\/12\/zwieselalmaufstieg-2023-motiv-91-bild-andreas-renner-lr-768x512.jpg 768w, https:\/\/www.skimo.at\/rennen\/files\/2023\/12\/zwieselalmaufstieg-2023-motiv-91-bild-andreas-renner-lr-746x497.jpg 746w, https:\/\/www.skimo.at\/rennen\/files\/2023\/12\/zwieselalmaufstieg-2023-motiv-91-bild-andreas-renner-lr-618x412.jpg 618w, https:\/\/www.skimo.at\/rennen\/files\/2023\/12\/zwieselalmaufstieg-2023-motiv-91-bild-andreas-renner-lr-554x370.jpg 554w, https:\/\/www.skimo.at\/rennen\/files\/2023\/12\/zwieselalmaufstieg-2023-motiv-91-bild-andreas-renner-lr-299x199.jpg 299w, https:\/\/www.skimo.at\/rennen\/files\/2023\/12\/zwieselalmaufstieg-2023-motiv-91-bild-andreas-renner-lr-1224x817.jpg 1224w, https:\/\/www.skimo.at\/rennen\/files\/2023\/12\/zwieselalmaufstieg-2023-motiv-91-bild-andreas-renner-lr-970x647.jpg 970w, https:\/\/www.skimo.at\/rennen\/files\/2023\/12\/zwieselalmaufstieg-2023-motiv-91-bild-andreas-renner-lr-139x93.jpg 139w, https:\/\/www.skimo.at\/rennen\/files\/2023\/12\/zwieselalmaufstieg-2023-motiv-91-bild-andreas-renner-lr-540x360.jpg 540w, https:\/\/www.skimo.at\/rennen\/files\/2023\/12\/zwieselalmaufstieg-2023-motiv-91-bild-andreas-renner-lr.jpg 1920w\" sizes=\"(max-width: 1024px) 100vw, 1024px\" \/><\/a><\/figure><\/li><li class=\"blocks-gallery-item\"><figure><a href=\"https:\/\/www.skimo.at\/rennen\/?attachment_id=299646\"><img loading=\"lazy\" width=\"1024\" height=\"683\" src=\"https:\/\/www.skimo.at\/rennen\/files\/2023\/12\/zwieselalmaufstieg-2023-motiv-92-bild-andreas-renner-lr-1024x683.jpg\" alt=\"\" data-id=\"299646\" data-full-url=\"https:\/\/www.skimo.at\/rennen\/files\/2023\/12\/zwieselalmaufstieg-2023-motiv-92-bild-andreas-renner-lr.jpg\" data-link=\"https:\/\/www.skimo.at\/rennen\/?attachment_id=299646\" class=\"wp-image-299646\" srcset=\"https:\/\/www.skimo.at\/rennen\/files\/2023\/12\/zwieselalmaufstieg-2023-motiv-92-bild-andreas-renner-lr-1024x683.jpg 1024w, https:\/\/www.skimo.at\/rennen\/files\/2023\/12\/zwieselalmaufstieg-2023-motiv-92-bild-andreas-renner-lr-300x200.jpg 300w, https:\/\/www.skimo.at\/rennen\/files\/2023\/12\/zwieselalmaufstieg-2023-motiv-92-bild-andreas-renner-lr-768x512.jpg 768w, https:\/\/www.skimo.at\/rennen\/files\/2023\/12\/zwieselalmaufstieg-2023-motiv-92-bild-andreas-renner-lr-746x497.jpg 746w, https:\/\/www.skimo.at\/rennen\/files\/2023\/12\/zwieselalmaufstieg-2023-motiv-92-bild-andreas-renner-lr-618x412.jpg 618w, https:\/\/www.skimo.at\/rennen\/files\/2023\/12\/zwieselalmaufstieg-2023-motiv-92-bild-andreas-renner-lr-554x370.jpg 554w, https:\/\/www.skimo.at\/rennen\/files\/2023\/12\/zwieselalmaufstieg-2023-motiv-92-bild-andreas-renner-lr-299x199.jpg 299w, https:\/\/www.skimo.at\/rennen\/files\/2023\/12\/zwieselalmaufstieg-2023-motiv-92-bild-andreas-renner-lr-1224x817.jpg 1224w, https:\/\/www.skimo.at\/rennen\/files\/2023\/12\/zwieselalmaufstieg-2023-motiv-92-bild-andreas-renner-lr-970x647.jpg 970w, https:\/\/www.skimo.at\/rennen\/files\/2023\/12\/zwieselalmaufstieg-2023-motiv-92-bild-andreas-renner-lr-139x93.jpg 139w, https:\/\/www.skimo.at\/rennen\/files\/2023\/12\/zwieselalmaufstieg-2023-motiv-92-bild-andreas-renner-lr-540x360.jpg 540w, https:\/\/www.skimo.at\/rennen\/files\/2023\/12\/zwieselalmaufstieg-2023-motiv-92-bild-andreas-renner-lr.jpg 1920w\" sizes=\"(max-width: 1024px) 100vw, 1024px\" \/><\/a><\/figure><\/li><li class=\"blocks-gallery-item\"><figure><a href=\"https:\/\/www.skimo.at\/rennen\/?attachment_id=299647\"><img loading=\"lazy\" width=\"1024\" height=\"683\" src=\"https:\/\/www.skimo.at\/rennen\/files\/2023\/12\/zwieselalmaufstieg-2023-motiv-93-bild-andreas-renner-lr-1024x683.jpg\" alt=\"\" data-id=\"299647\" data-full-url=\"https:\/\/www.skimo.at\/rennen\/files\/2023\/12\/zwieselalmaufstieg-2023-motiv-93-bild-andreas-renner-lr.jpg\" data-link=\"https:\/\/www.skimo.at\/rennen\/?attachment_id=299647\" class=\"wp-image-299647\" srcset=\"https:\/\/www.skimo.at\/rennen\/files\/2023\/12\/zwieselalmaufstieg-2023-motiv-93-bild-andreas-renner-lr-1024x683.jpg 1024w, https:\/\/www.skimo.at\/rennen\/files\/2023\/12\/zwieselalmaufstieg-2023-motiv-93-bild-andreas-renner-lr-300x200.jpg 300w, https:\/\/www.skimo.at\/rennen\/files\/2023\/12\/zwieselalmaufstieg-2023-motiv-93-bild-andreas-renner-lr-768x512.jpg 768w, https:\/\/www.skimo.at\/rennen\/files\/2023\/12\/zwieselalmaufstieg-2023-motiv-93-bild-andreas-renner-lr-746x497.jpg 746w, https:\/\/www.skimo.at\/rennen\/files\/2023\/12\/zwieselalmaufstieg-2023-motiv-93-bild-andreas-renner-lr-618x412.jpg 618w, https:\/\/www.skimo.at\/rennen\/files\/2023\/12\/zwieselalmaufstieg-2023-motiv-93-bild-andreas-renner-lr-554x370.jpg 554w, https:\/\/www.skimo.at\/rennen\/files\/2023\/12\/zwieselalmaufstieg-2023-motiv-93-bild-andreas-renner-lr-299x199.jpg 299w, https:\/\/www.skimo.at\/rennen\/files\/2023\/12\/zwieselalmaufstieg-2023-motiv-93-bild-andreas-renner-lr-1224x817.jpg 1224w, https:\/\/www.skimo.at\/rennen\/files\/2023\/12\/zwieselalmaufstieg-2023-motiv-93-bild-andreas-renner-lr-970x647.jpg 970w, https:\/\/www.skimo.at\/rennen\/files\/2023\/12\/zwieselalmaufstieg-2023-motiv-93-bild-andreas-renner-lr-139x93.jpg 139w, https:\/\/www.skimo.at\/rennen\/files\/2023\/12\/zwieselalmaufstieg-2023-motiv-93-bild-andreas-renner-lr-540x360.jpg 540w, https:\/\/www.skimo.at\/rennen\/files\/2023\/12\/zwieselalmaufstieg-2023-motiv-93-bild-andreas-renner-lr.jpg 1920w\" sizes=\"(max-width: 1024px) 100vw, 1024px\" \/><\/a><\/figure><\/li><li class=\"blocks-gallery-item\"><figure><a href=\"https:\/\/www.skimo.at\/rennen\/?attachment_id=299648\"><img loading=\"lazy\" width=\"1024\" height=\"683\" src=\"https:\/\/www.skimo.at\/rennen\/files\/2023\/12\/zwieselalmaufstieg-2023-motiv-96-bild-andreas-renner-lr-1024x683.jpg\" alt=\"\" data-id=\"299648\" data-full-url=\"https:\/\/www.skimo.at\/rennen\/files\/2023\/12\/zwieselalmaufstieg-2023-motiv-96-bild-andreas-renner-lr.jpg\" data-link=\"https:\/\/www.skimo.at\/rennen\/?attachment_id=299648\" class=\"wp-image-299648\" srcset=\"https:\/\/www.skimo.at\/rennen\/files\/2023\/12\/zwieselalmaufstieg-2023-motiv-96-bild-andreas-renner-lr-1024x683.jpg 1024w, https:\/\/www.skimo.at\/rennen\/files\/2023\/12\/zwieselalmaufstieg-2023-motiv-96-bild-andreas-renner-lr-300x200.jpg 300w, https:\/\/www.skimo.at\/rennen\/files\/2023\/12\/zwieselalmaufstieg-2023-motiv-96-bild-andreas-renner-lr-768x512.jpg 768w, https:\/\/www.skimo.at\/rennen\/files\/2023\/12\/zwieselalmaufstieg-2023-motiv-96-bild-andreas-renner-lr-746x497.jpg 746w, https:\/\/www.skimo.at\/rennen\/files\/2023\/12\/zwieselalmaufstieg-2023-motiv-96-bild-andreas-renner-lr-618x412.jpg 618w, https:\/\/www.skimo.at\/rennen\/files\/2023\/12\/zwieselalmaufstieg-2023-motiv-96-bild-andreas-renner-lr-554x370.jpg 554w, https:\/\/www.skimo.at\/rennen\/files\/2023\/12\/zwieselalmaufstieg-2023-motiv-96-bild-andreas-renner-lr-299x199.jpg 299w, https:\/\/www.skimo.at\/rennen\/files\/2023\/12\/zwieselalmaufstieg-2023-motiv-96-bild-andreas-renner-lr-1224x817.jpg 1224w, https:\/\/www.skimo.at\/rennen\/files\/2023\/12\/zwieselalmaufstieg-2023-motiv-96-bild-andreas-renner-lr-970x647.jpg 970w, https:\/\/www.skimo.at\/rennen\/files\/2023\/12\/zwieselalmaufstieg-2023-motiv-96-bild-andreas-renner-lr-139x93.jpg 139w, https:\/\/www.skimo.at\/rennen\/files\/2023\/12\/zwieselalmaufstieg-2023-motiv-96-bild-andreas-renner-lr-540x360.jpg 540w, https:\/\/www.skimo.at\/rennen\/files\/2023\/12\/zwieselalmaufstieg-2023-motiv-96-bild-andreas-renner-lr.jpg 1920w\" sizes=\"(max-width: 1024px) 100vw, 1024px\" \/><\/a><\/figure><\/li><li class=\"blocks-gallery-item\"><figure><a href=\"https:\/\/www.skimo.at\/rennen\/?attachment_id=299649\"><img loading=\"lazy\" width=\"1024\" height=\"683\" src=\"https:\/\/www.skimo.at\/rennen\/files\/2023\/12\/zwieselalmaufstieg-2023-motiv-97-bild-andreas-renner-lr-1024x683.jpg\" alt=\"\" data-id=\"299649\" data-full-url=\"https:\/\/www.skimo.at\/rennen\/files\/2023\/12\/zwieselalmaufstieg-2023-motiv-97-bild-andreas-renner-lr.jpg\" data-link=\"https:\/\/www.skimo.at\/rennen\/?attachment_id=299649\" class=\"wp-image-299649\" srcset=\"https:\/\/www.skimo.at\/rennen\/files\/2023\/12\/zwieselalmaufstieg-2023-motiv-97-bild-andreas-renner-lr-1024x683.jpg 1024w, https:\/\/www.skimo.at\/rennen\/files\/2023\/12\/zwieselalmaufstieg-2023-motiv-97-bild-andreas-renner-lr-300x200.jpg 300w, https:\/\/www.skimo.at\/rennen\/files\/2023\/12\/zwieselalmaufstieg-2023-motiv-97-bild-andreas-renner-lr-768x512.jpg 768w, https:\/\/www.skimo.at\/rennen\/files\/2023\/12\/zwieselalmaufstieg-2023-motiv-97-bild-andreas-renner-lr-746x497.jpg 746w, https:\/\/www.skimo.at\/rennen\/files\/2023\/12\/zwieselalmaufstieg-2023-motiv-97-bild-andreas-renner-lr-618x412.jpg 618w, https:\/\/www.skimo.at\/rennen\/files\/2023\/12\/zwieselalmaufstieg-2023-motiv-97-bild-andreas-renner-lr-554x370.jpg 554w, https:\/\/www.skimo.at\/rennen\/files\/2023\/12\/zwieselalmaufstieg-2023-motiv-97-bild-andreas-renner-lr-299x199.jpg 299w, https:\/\/www.skimo.at\/rennen\/files\/2023\/12\/zwieselalmaufstieg-2023-motiv-97-bild-andreas-renner-lr-1224x817.jpg 1224w, https:\/\/www.skimo.at\/rennen\/files\/2023\/12\/zwieselalmaufstieg-2023-motiv-97-bild-andreas-renner-lr-970x647.jpg 970w, https:\/\/www.skimo.at\/rennen\/files\/2023\/12\/zwieselalmaufstieg-2023-motiv-97-bild-andreas-renner-lr-139x93.jpg 139w, https:\/\/www.skimo.at\/rennen\/files\/2023\/12\/zwieselalmaufstieg-2023-motiv-97-bild-andreas-renner-lr-540x360.jpg 540w, https:\/\/www.skimo.at\/rennen\/files\/2023\/12\/zwieselalmaufstieg-2023-motiv-97-bild-andreas-renner-lr.jpg 1920w\" sizes=\"(max-width: 1024px) 100vw, 1024px\" \/><\/a><\/figure><\/li><li class=\"blocks-gallery-item\"><figure><a href=\"https:\/\/www.skimo.at\/rennen\/?attachment_id=299650\"><img loading=\"lazy\" width=\"1024\" height=\"683\" src=\"https:\/\/www.skimo.at\/rennen\/files\/2023\/12\/zwieselalmaufstieg-2023-motiv-98-bild-andreas-renner-lr-1024x683.jpg\" alt=\"\" data-id=\"299650\" data-full-url=\"https:\/\/www.skimo.at\/rennen\/files\/2023\/12\/zwieselalmaufstieg-2023-motiv-98-bild-andreas-renner-lr.jpg\" data-link=\"https:\/\/www.skimo.at\/rennen\/?attachment_id=299650\" class=\"wp-image-299650\" srcset=\"https:\/\/www.skimo.at\/rennen\/files\/2023\/12\/zwieselalmaufstieg-2023-motiv-98-bild-andreas-renner-lr-1024x683.jpg 1024w, https:\/\/www.skimo.at\/rennen\/files\/2023\/12\/zwieselalmaufstieg-2023-motiv-98-bild-andreas-renner-lr-300x200.jpg 300w, https:\/\/www.skimo.at\/rennen\/files\/2023\/12\/zwieselalmaufstieg-2023-motiv-98-bild-andreas-renner-lr-768x512.jpg 768w, https:\/\/www.skimo.at\/rennen\/files\/2023\/12\/zwieselalmaufstieg-2023-motiv-98-bild-andreas-renner-lr-746x497.jpg 746w, https:\/\/www.skimo.at\/rennen\/files\/2023\/12\/zwieselalmaufstieg-2023-motiv-98-bild-andreas-renner-lr-618x412.jpg 618w, https:\/\/www.skimo.at\/rennen\/files\/2023\/12\/zwieselalmaufstieg-2023-motiv-98-bild-andreas-renner-lr-554x370.jpg 554w, https:\/\/www.skimo.at\/rennen\/files\/2023\/12\/zwieselalmaufstieg-2023-motiv-98-bild-andreas-renner-lr-299x199.jpg 299w, https:\/\/www.skimo.at\/rennen\/files\/2023\/12\/zwieselalmaufstieg-2023-motiv-98-bild-andreas-renner-lr-1224x817.jpg 1224w, https:\/\/www.skimo.at\/rennen\/files\/2023\/12\/zwieselalmaufstieg-2023-motiv-98-bild-andreas-renner-lr-970x647.jpg 970w, https:\/\/www.skimo.at\/rennen\/files\/2023\/12\/zwieselalmaufstieg-2023-motiv-98-bild-andreas-renner-lr-139x93.jpg 139w, https:\/\/www.skimo.at\/rennen\/files\/2023\/12\/zwieselalmaufstieg-2023-motiv-98-bild-andreas-renner-lr-540x360.jpg 540w, https:\/\/www.skimo.at\/rennen\/files\/2023\/12\/zwieselalmaufstieg-2023-motiv-98-bild-andreas-renner-lr.jpg 1920w\" sizes=\"(max-width: 1024px) 100vw, 1024px\" \/><\/a><\/figure><\/li><li class=\"blocks-gallery-item\"><figure><a href=\"https:\/\/www.skimo.at\/rennen\/?attachment_id=299651\"><img loading=\"lazy\" width=\"1024\" height=\"683\" src=\"https:\/\/www.skimo.at\/rennen\/files\/2023\/12\/zwieselalmaufstieg-2023-motiv-99-bild-andreas-renner-lr-1024x683.jpg\" alt=\"\" data-id=\"299651\" data-full-url=\"https:\/\/www.skimo.at\/rennen\/files\/2023\/12\/zwieselalmaufstieg-2023-motiv-99-bild-andreas-renner-lr.jpg\" data-link=\"https:\/\/www.skimo.at\/rennen\/?attachment_id=299651\" class=\"wp-image-299651\" srcset=\"https:\/\/www.skimo.at\/rennen\/files\/2023\/12\/zwieselalmaufstieg-2023-motiv-99-bild-andreas-renner-lr-1024x683.jpg 1024w, https:\/\/www.skimo.at\/rennen\/files\/2023\/12\/zwieselalmaufstieg-2023-motiv-99-bild-andreas-renner-lr-300x200.jpg 300w, https:\/\/www.skimo.at\/rennen\/files\/2023\/12\/zwieselalmaufstieg-2023-motiv-99-bild-andreas-renner-lr-768x512.jpg 768w, https:\/\/www.skimo.at\/rennen\/files\/2023\/12\/zwieselalmaufstieg-2023-motiv-99-bild-andreas-renner-lr-746x497.jpg 746w, https:\/\/www.skimo.at\/rennen\/files\/2023\/12\/zwieselalmaufstieg-2023-motiv-99-bild-andreas-renner-lr-618x412.jpg 618w, https:\/\/www.skimo.at\/rennen\/files\/2023\/12\/zwieselalmaufstieg-2023-motiv-99-bild-andreas-renner-lr-554x370.jpg 554w, https:\/\/www.skimo.at\/rennen\/files\/2023\/12\/zwieselalmaufstieg-2023-motiv-99-bild-andreas-renner-lr-299x199.jpg 299w, https:\/\/www.skimo.at\/rennen\/files\/2023\/12\/zwieselalmaufstieg-2023-motiv-99-bild-andreas-renner-lr-1224x817.jpg 1224w, https:\/\/www.skimo.at\/rennen\/files\/2023\/12\/zwieselalmaufstieg-2023-motiv-99-bild-andreas-renner-lr-970x647.jpg 970w, https:\/\/www.skimo.at\/rennen\/files\/2023\/12\/zwieselalmaufstieg-2023-motiv-99-bild-andreas-renner-lr-139x93.jpg 139w, https:\/\/www.skimo.at\/rennen\/files\/2023\/12\/zwieselalmaufstieg-2023-motiv-99-bild-andreas-renner-lr-540x360.jpg 540w, https:\/\/www.skimo.at\/rennen\/files\/2023\/12\/zwieselalmaufstieg-2023-motiv-99-bild-andreas-renner-lr.jpg 1920w\" sizes=\"(max-width: 1024px) 100vw, 1024px\" \/><\/a><\/figure><\/li><li class=\"blocks-gallery-item\"><figure><a href=\"https:\/\/www.skimo.at\/rennen\/?attachment_id=299652\"><img loading=\"lazy\" width=\"1024\" height=\"683\" src=\"https:\/\/www.skimo.at\/rennen\/files\/2023\/12\/os-0653-1024x683.jpg\" alt=\"\" data-id=\"299652\" data-full-url=\"https:\/\/www.skimo.at\/rennen\/files\/2023\/12\/os-0653.jpg\" data-link=\"https:\/\/www.skimo.at\/rennen\/?attachment_id=299652\" class=\"wp-image-299652\" srcset=\"https:\/\/www.skimo.at\/rennen\/files\/2023\/12\/os-0653-1024x683.jpg 1024w, https:\/\/www.skimo.at\/rennen\/files\/2023\/12\/os-0653-300x200.jpg 300w, https:\/\/www.skimo.at\/rennen\/files\/2023\/12\/os-0653-768x512.jpg 768w, https:\/\/www.skimo.at\/rennen\/files\/2023\/12\/os-0653-746x497.jpg 746w, https:\/\/www.skimo.at\/rennen\/files\/2023\/12\/os-0653-618x412.jpg 618w, https:\/\/www.skimo.at\/rennen\/files\/2023\/12\/os-0653-554x369.jpg 554w, https:\/\/www.skimo.at\/rennen\/files\/2023\/12\/os-0653-299x199.jpg 299w, https:\/\/www.skimo.at\/rennen\/files\/2023\/12\/os-0653-1224x816.jpg 1224w, https:\/\/www.skimo.at\/rennen\/files\/2023\/12\/os-0653-970x647.jpg 970w, https:\/\/www.skimo.at\/rennen\/files\/2023\/12\/os-0653-140x93.jpg 140w, https:\/\/www.skimo.at\/rennen\/files\/2023\/12\/os-0653-540x360.jpg 540w, https:\/\/www.skimo.at\/rennen\/files\/2023\/12\/os-0653.jpg 1920w\" sizes=\"(max-width: 1024px) 100vw, 1024px\" \/><\/a><\/figure><\/li><li class=\"blocks-gallery-item\"><figure><a href=\"https:\/\/www.skimo.at\/rennen\/?attachment_id=299653\"><img loading=\"lazy\" width=\"1024\" height=\"683\" src=\"https:\/\/www.skimo.at\/rennen\/files\/2023\/12\/os-0658-1024x683.jpg\" alt=\"\" data-id=\"299653\" data-full-url=\"https:\/\/www.skimo.at\/rennen\/files\/2023\/12\/os-0658.jpg\" data-link=\"https:\/\/www.skimo.at\/rennen\/?attachment_id=299653\" class=\"wp-image-299653\" srcset=\"https:\/\/www.skimo.at\/rennen\/files\/2023\/12\/os-0658-1024x683.jpg 1024w, https:\/\/www.skimo.at\/rennen\/files\/2023\/12\/os-0658-300x200.jpg 300w, https:\/\/www.skimo.at\/rennen\/files\/2023\/12\/os-0658-768x512.jpg 768w, https:\/\/www.skimo.at\/rennen\/files\/2023\/12\/os-0658-746x497.jpg 746w, https:\/\/www.skimo.at\/rennen\/files\/2023\/12\/os-0658-618x412.jpg 618w, https:\/\/www.skimo.at\/rennen\/files\/2023\/12\/os-0658-554x369.jpg 554w, https:\/\/www.skimo.at\/rennen\/files\/2023\/12\/os-0658-299x199.jpg 299w, https:\/\/www.skimo.at\/rennen\/files\/2023\/12\/os-0658-1224x816.jpg 1224w, https:\/\/www.skimo.at\/rennen\/files\/2023\/12\/os-0658-970x647.jpg 970w, https:\/\/www.skimo.at\/rennen\/files\/2023\/12\/os-0658-140x93.jpg 140w, https:\/\/www.skimo.at\/rennen\/files\/2023\/12\/os-0658-540x360.jpg 540w, https:\/\/www.skimo.at\/rennen\/files\/2023\/12\/os-0658.jpg 1920w\" sizes=\"(max-width: 1024px) 100vw, 1024px\" \/><\/a><\/figure><\/li><li class=\"blocks-gallery-item\"><figure><a href=\"https:\/\/www.skimo.at\/rennen\/?attachment_id=299654\"><img loading=\"lazy\" width=\"1024\" height=\"683\" src=\"https:\/\/www.skimo.at\/rennen\/files\/2023\/12\/os-0665-1024x683.jpg\" alt=\"\" data-id=\"299654\" data-full-url=\"https:\/\/www.skimo.at\/rennen\/files\/2023\/12\/os-0665.jpg\" data-link=\"https:\/\/www.skimo.at\/rennen\/?attachment_id=299654\" class=\"wp-image-299654\" srcset=\"https:\/\/www.skimo.at\/rennen\/files\/2023\/12\/os-0665-1024x683.jpg 1024w, https:\/\/www.skimo.at\/rennen\/files\/2023\/12\/os-0665-300x200.jpg 300w, https:\/\/www.skimo.at\/rennen\/files\/2023\/12\/os-0665-768x512.jpg 768w, https:\/\/www.skimo.at\/rennen\/files\/2023\/12\/os-0665-746x497.jpg 746w, https:\/\/www.skimo.at\/rennen\/files\/2023\/12\/os-0665-618x412.jpg 618w, https:\/\/www.skimo.at\/rennen\/files\/2023\/12\/os-0665-554x369.jpg 554w, https:\/\/www.skimo.at\/rennen\/files\/2023\/12\/os-0665-299x199.jpg 299w, https:\/\/www.skimo.at\/rennen\/files\/2023\/12\/os-0665-1224x816.jpg 1224w, https:\/\/www.skimo.at\/rennen\/files\/2023\/12\/os-0665-970x647.jpg 970w, https:\/\/www.skimo.at\/rennen\/files\/2023\/12\/os-0665-140x93.jpg 140w, https:\/\/www.skimo.at\/rennen\/files\/2023\/12\/os-0665-540x360.jpg 540w, https:\/\/www.skimo.at\/rennen\/files\/2023\/12\/os-0665.jpg 1920w\" sizes=\"(max-width: 1024px) 100vw, 1024px\" \/><\/a><\/figure><\/li><li class=\"blocks-gallery-item\"><figure><a href=\"https:\/\/www.skimo.at\/rennen\/?attachment_id=299655\"><img loading=\"lazy\" width=\"1024\" height=\"683\" src=\"https:\/\/www.skimo.at\/rennen\/files\/2023\/12\/os-0666-1024x683.jpg\" alt=\"\" data-id=\"299655\" data-full-url=\"https:\/\/www.skimo.at\/rennen\/files\/2023\/12\/os-0666.jpg\" data-link=\"https:\/\/www.skimo.at\/rennen\/?attachment_id=299655\" class=\"wp-image-299655\" srcset=\"https:\/\/www.skimo.at\/rennen\/files\/2023\/12\/os-0666-1024x683.jpg 1024w, https:\/\/www.skimo.at\/rennen\/files\/2023\/12\/os-0666-300x200.jpg 300w, https:\/\/www.skimo.at\/rennen\/files\/2023\/12\/os-0666-768x512.jpg 768w, https:\/\/www.skimo.at\/rennen\/files\/2023\/12\/os-0666-746x497.jpg 746w, https:\/\/www.skimo.at\/rennen\/files\/2023\/12\/os-0666-618x412.jpg 618w, https:\/\/www.skimo.at\/rennen\/files\/2023\/12\/os-0666-554x369.jpg 554w, https:\/\/www.skimo.at\/rennen\/files\/2023\/12\/os-0666-299x199.jpg 299w, https:\/\/www.skimo.at\/rennen\/files\/2023\/12\/os-0666-1224x816.jpg 1224w, https:\/\/www.skimo.at\/rennen\/files\/2023\/12\/os-0666-970x647.jpg 970w, https:\/\/www.skimo.at\/rennen\/files\/2023\/12\/os-0666-140x93.jpg 140w, https:\/\/www.skimo.at\/rennen\/files\/2023\/12\/os-0666-540x360.jpg 540w, https:\/\/www.skimo.at\/rennen\/files\/2023\/12\/os-0666.jpg 1920w\" sizes=\"(max-width: 1024px) 100vw, 1024px\" \/><\/a><\/figure><\/li><li class=\"blocks-gallery-item\"><figure><a href=\"https:\/\/www.skimo.at\/rennen\/?attachment_id=299656\"><img loading=\"lazy\" width=\"1024\" height=\"683\" src=\"https:\/\/www.skimo.at\/rennen\/files\/2023\/12\/os-0669-1024x683.jpg\" alt=\"\" data-id=\"299656\" data-full-url=\"https:\/\/www.skimo.at\/rennen\/files\/2023\/12\/os-0669.jpg\" data-link=\"https:\/\/www.skimo.at\/rennen\/?attachment_id=299656\" class=\"wp-image-299656\" srcset=\"https:\/\/www.skimo.at\/rennen\/files\/2023\/12\/os-0669-1024x683.jpg 1024w, https:\/\/www.skimo.at\/rennen\/files\/2023\/12\/os-0669-300x200.jpg 300w, https:\/\/www.skimo.at\/rennen\/files\/2023\/12\/os-0669-768x512.jpg 768w, https:\/\/www.skimo.at\/rennen\/files\/2023\/12\/os-0669-746x497.jpg 746w, https:\/\/www.skimo.at\/rennen\/files\/2023\/12\/os-0669-618x412.jpg 618w, https:\/\/www.skimo.at\/rennen\/files\/2023\/12\/os-0669-554x369.jpg 554w, https:\/\/www.skimo.at\/rennen\/files\/2023\/12\/os-0669-299x199.jpg 299w, https:\/\/www.skimo.at\/rennen\/files\/2023\/12\/os-0669-1224x816.jpg 1224w, https:\/\/www.skimo.at\/rennen\/files\/2023\/12\/os-0669-970x647.jpg 970w, https:\/\/www.skimo.at\/rennen\/files\/2023\/12\/os-0669-140x93.jpg 140w, https:\/\/www.skimo.at\/rennen\/files\/2023\/12\/os-0669-540x360.jpg 540w, https:\/\/www.skimo.at\/rennen\/files\/2023\/12\/os-0669.jpg 1920w\" sizes=\"(max-width: 1024px) 100vw, 1024px\" \/><\/a><\/figure><\/li><li class=\"blocks-gallery-item\"><figure><a href=\"https:\/\/www.skimo.at\/rennen\/?attachment_id=299657\"><img loading=\"lazy\" width=\"1024\" height=\"683\" src=\"https:\/\/www.skimo.at\/rennen\/files\/2023\/12\/os-0674-1024x683.jpg\" alt=\"\" data-id=\"299657\" data-full-url=\"https:\/\/www.skimo.at\/rennen\/files\/2023\/12\/os-0674.jpg\" data-link=\"https:\/\/www.skimo.at\/rennen\/?attachment_id=299657\" class=\"wp-image-299657\" srcset=\"https:\/\/www.skimo.at\/rennen\/files\/2023\/12\/os-0674-1024x683.jpg 1024w, https:\/\/www.skimo.at\/rennen\/files\/2023\/12\/os-0674-300x200.jpg 300w, https:\/\/www.skimo.at\/rennen\/files\/2023\/12\/os-0674-768x512.jpg 768w, https:\/\/www.skimo.at\/rennen\/files\/2023\/12\/os-0674-746x497.jpg 746w, https:\/\/www.skimo.at\/rennen\/files\/2023\/12\/os-0674-618x412.jpg 618w, https:\/\/www.skimo.at\/rennen\/files\/2023\/12\/os-0674-554x369.jpg 554w, https:\/\/www.skimo.at\/rennen\/files\/2023\/12\/os-0674-299x199.jpg 299w, https:\/\/www.skimo.at\/rennen\/files\/2023\/12\/os-0674-1224x816.jpg 1224w, https:\/\/www.skimo.at\/rennen\/files\/2023\/12\/os-0674-970x647.jpg 970w, https:\/\/www.skimo.at\/rennen\/files\/2023\/12\/os-0674-140x93.jpg 140w, https:\/\/www.skimo.at\/rennen\/files\/2023\/12\/os-0674-540x360.jpg 540w, https:\/\/www.skimo.at\/rennen\/files\/2023\/12\/os-0674.jpg 1920w\" sizes=\"(max-width: 1024px) 100vw, 1024px\" \/><\/a><\/figure><\/li><li class=\"blocks-gallery-item\"><figure><a href=\"https:\/\/www.skimo.at\/rennen\/?attachment_id=299658\"><img loading=\"lazy\" width=\"1024\" height=\"683\" src=\"https:\/\/www.skimo.at\/rennen\/files\/2023\/12\/os-0677-1024x683.jpg\" alt=\"\" data-id=\"299658\" data-full-url=\"https:\/\/www.skimo.at\/rennen\/files\/2023\/12\/os-0677.jpg\" data-link=\"https:\/\/www.skimo.at\/rennen\/?attachment_id=299658\" class=\"wp-image-299658\" srcset=\"https:\/\/www.skimo.at\/rennen\/files\/2023\/12\/os-0677-1024x683.jpg 1024w, https:\/\/www.skimo.at\/rennen\/files\/2023\/12\/os-0677-300x200.jpg 300w, https:\/\/www.skimo.at\/rennen\/files\/2023\/12\/os-0677-768x512.jpg 768w, https:\/\/www.skimo.at\/rennen\/files\/2023\/12\/os-0677-746x497.jpg 746w, https:\/\/www.skimo.at\/rennen\/files\/2023\/12\/os-0677-618x412.jpg 618w, https:\/\/www.skimo.at\/rennen\/files\/2023\/12\/os-0677-554x369.jpg 554w, https:\/\/www.skimo.at\/rennen\/files\/2023\/12\/os-0677-299x199.jpg 299w, https:\/\/www.skimo.at\/rennen\/files\/2023\/12\/os-0677-1224x816.jpg 1224w, https:\/\/www.skimo.at\/rennen\/files\/2023\/12\/os-0677-970x647.jpg 970w, https:\/\/www.skimo.at\/rennen\/files\/2023\/12\/os-0677-140x93.jpg 140w, https:\/\/www.skimo.at\/rennen\/files\/2023\/12\/os-0677-540x360.jpg 540w, https:\/\/www.skimo.at\/rennen\/files\/2023\/12\/os-0677.jpg 1920w\" sizes=\"(max-width: 1024px) 100vw, 1024px\" \/><\/a><\/figure><\/li><li class=\"blocks-gallery-item\"><figure><a href=\"https:\/\/www.skimo.at\/rennen\/?attachment_id=299659\"><img loading=\"lazy\" width=\"1024\" height=\"683\" src=\"https:\/\/www.skimo.at\/rennen\/files\/2023\/12\/os-0692-1024x683.jpg\" alt=\"\" data-id=\"299659\" data-full-url=\"https:\/\/www.skimo.at\/rennen\/files\/2023\/12\/os-0692.jpg\" data-link=\"https:\/\/www.skimo.at\/rennen\/?attachment_id=299659\" class=\"wp-image-299659\" srcset=\"https:\/\/www.skimo.at\/rennen\/files\/2023\/12\/os-0692-1024x683.jpg 1024w, https:\/\/www.skimo.at\/rennen\/files\/2023\/12\/os-0692-300x200.jpg 300w, https:\/\/www.skimo.at\/rennen\/files\/2023\/12\/os-0692-768x512.jpg 768w, https:\/\/www.skimo.at\/rennen\/files\/2023\/12\/os-0692-746x497.jpg 746w, https:\/\/www.skimo.at\/rennen\/files\/2023\/12\/os-0692-618x412.jpg 618w, https:\/\/www.skimo.at\/rennen\/files\/2023\/12\/os-0692-554x369.jpg 554w, https:\/\/www.skimo.at\/rennen\/files\/2023\/12\/os-0692-299x199.jpg 299w, https:\/\/www.skimo.at\/rennen\/files\/2023\/12\/os-0692-1224x816.jpg 1224w, https:\/\/www.skimo.at\/rennen\/files\/2023\/12\/os-0692-970x647.jpg 970w, https:\/\/www.skimo.at\/rennen\/files\/2023\/12\/os-0692-140x93.jpg 140w, https:\/\/www.skimo.at\/rennen\/files\/2023\/12\/os-0692-540x360.jpg 540w, https:\/\/www.skimo.at\/rennen\/files\/2023\/12\/os-0692.jpg 1920w\" sizes=\"(max-width: 1024px) 100vw, 1024px\" \/><\/a><\/figure><\/li><li class=\"blocks-gallery-item\"><figure><a href=\"https:\/\/www.skimo.at\/rennen\/?attachment_id=299660\"><img loading=\"lazy\" width=\"1024\" height=\"683\" src=\"https:\/\/www.skimo.at\/rennen\/files\/2023\/12\/os-0704-1024x683.jpg\" alt=\"\" data-id=\"299660\" data-full-url=\"https:\/\/www.skimo.at\/rennen\/files\/2023\/12\/os-0704.jpg\" data-link=\"https:\/\/www.skimo.at\/rennen\/?attachment_id=299660\" class=\"wp-image-299660\" srcset=\"https:\/\/www.skimo.at\/rennen\/files\/2023\/12\/os-0704-1024x683.jpg 1024w, https:\/\/www.skimo.at\/rennen\/files\/2023\/12\/os-0704-300x200.jpg 300w, https:\/\/www.skimo.at\/rennen\/files\/2023\/12\/os-0704-768x512.jpg 768w, https:\/\/www.skimo.at\/rennen\/files\/2023\/12\/os-0704-746x497.jpg 746w, https:\/\/www.skimo.at\/rennen\/files\/2023\/12\/os-0704-618x412.jpg 618w, https:\/\/www.skimo.at\/rennen\/files\/2023\/12\/os-0704-554x369.jpg 554w, https:\/\/www.skimo.at\/rennen\/files\/2023\/12\/os-0704-299x199.jpg 299w, https:\/\/www.skimo.at\/rennen\/files\/2023\/12\/os-0704-1224x816.jpg 1224w, https:\/\/www.skimo.at\/rennen\/files\/2023\/12\/os-0704-970x647.jpg 970w, https:\/\/www.skimo.at\/rennen\/files\/2023\/12\/os-0704-140x93.jpg 140w, https:\/\/www.skimo.at\/rennen\/files\/2023\/12\/os-0704-540x360.jpg 540w, https:\/\/www.skimo.at\/rennen\/files\/2023\/12\/os-0704.jpg 1920w\" sizes=\"(max-width: 1024px) 100vw, 1024px\" \/><\/a><\/figure><\/li><li class=\"blocks-gallery-item\"><figure><a href=\"https:\/\/www.skimo.at\/rennen\/?attachment_id=299661\"><img loading=\"lazy\" width=\"1024\" height=\"683\" src=\"https:\/\/www.skimo.at\/rennen\/files\/2023\/12\/os-0714-1024x683.jpg\" alt=\"\" data-id=\"299661\" data-full-url=\"https:\/\/www.skimo.at\/rennen\/files\/2023\/12\/os-0714.jpg\" data-link=\"https:\/\/www.skimo.at\/rennen\/?attachment_id=299661\" class=\"wp-image-299661\" srcset=\"https:\/\/www.skimo.at\/rennen\/files\/2023\/12\/os-0714-1024x683.jpg 1024w, https:\/\/www.skimo.at\/rennen\/files\/2023\/12\/os-0714-300x200.jpg 300w, https:\/\/www.skimo.at\/rennen\/files\/2023\/12\/os-0714-768x512.jpg 768w, https:\/\/www.skimo.at\/rennen\/files\/2023\/12\/os-0714-746x497.jpg 746w, https:\/\/www.skimo.at\/rennen\/files\/2023\/12\/os-0714-618x412.jpg 618w, https:\/\/www.skimo.at\/rennen\/files\/2023\/12\/os-0714-554x369.jpg 554w, https:\/\/www.skimo.at\/rennen\/files\/2023\/12\/os-0714-299x199.jpg 299w, https:\/\/www.skimo.at\/rennen\/files\/2023\/12\/os-0714-1224x816.jpg 1224w, https:\/\/www.skimo.at\/rennen\/files\/2023\/12\/os-0714-970x647.jpg 970w, https:\/\/www.skimo.at\/rennen\/files\/2023\/12\/os-0714-140x93.jpg 140w, https:\/\/www.skimo.at\/rennen\/files\/2023\/12\/os-0714-540x360.jpg 540w, https:\/\/www.skimo.at\/rennen\/files\/2023\/12\/os-0714.jpg 1920w\" sizes=\"(max-width: 1024px) 100vw, 1024px\" \/><\/a><\/figure><\/li><li class=\"blocks-gallery-item\"><figure><a href=\"https:\/\/www.skimo.at\/rennen\/?attachment_id=299662\"><img loading=\"lazy\" width=\"1024\" height=\"683\" src=\"https:\/\/www.skimo.at\/rennen\/files\/2023\/12\/os-0732-1024x683.jpg\" alt=\"\" data-id=\"299662\" data-full-url=\"https:\/\/www.skimo.at\/rennen\/files\/2023\/12\/os-0732.jpg\" data-link=\"https:\/\/www.skimo.at\/rennen\/?attachment_id=299662\" class=\"wp-image-299662\" srcset=\"https:\/\/www.skimo.at\/rennen\/files\/2023\/12\/os-0732-1024x683.jpg 1024w, https:\/\/www.skimo.at\/rennen\/files\/2023\/12\/os-0732-300x200.jpg 300w, https:\/\/www.skimo.at\/rennen\/files\/2023\/12\/os-0732-768x512.jpg 768w, https:\/\/www.skimo.at\/rennen\/files\/2023\/12\/os-0732-746x497.jpg 746w, https:\/\/www.skimo.at\/rennen\/files\/2023\/12\/os-0732-618x412.jpg 618w, https:\/\/www.skimo.at\/rennen\/files\/2023\/12\/os-0732-554x369.jpg 554w, https:\/\/www.skimo.at\/rennen\/files\/2023\/12\/os-0732-299x199.jpg 299w, https:\/\/www.skimo.at\/rennen\/files\/2023\/12\/os-0732-1224x816.jpg 1224w, https:\/\/www.skimo.at\/rennen\/files\/2023\/12\/os-0732-970x647.jpg 970w, https:\/\/www.skimo.at\/rennen\/files\/2023\/12\/os-0732-140x93.jpg 140w, https:\/\/www.skimo.at\/rennen\/files\/2023\/12\/os-0732-540x360.jpg 540w, https:\/\/www.skimo.at\/rennen\/files\/2023\/12\/os-0732.jpg 1920w\" sizes=\"(max-width: 1024px) 100vw, 1024px\" \/><\/a><\/figure><\/li><li class=\"blocks-gallery-item\"><figure><a href=\"https:\/\/www.skimo.at\/rennen\/?attachment_id=299663\"><img loading=\"lazy\" width=\"1024\" height=\"683\" src=\"https:\/\/www.skimo.at\/rennen\/files\/2023\/12\/zwieselalmaufstieg-2023-motiv-03-bild-karl-posch-lr-1024x683.jpg\" alt=\"\" data-id=\"299663\" data-full-url=\"https:\/\/www.skimo.at\/rennen\/files\/2023\/12\/zwieselalmaufstieg-2023-motiv-03-bild-karl-posch-lr.jpg\" data-link=\"https:\/\/www.skimo.at\/rennen\/?attachment_id=299663\" class=\"wp-image-299663\" srcset=\"https:\/\/www.skimo.at\/rennen\/files\/2023\/12\/zwieselalmaufstieg-2023-motiv-03-bild-karl-posch-lr-1024x683.jpg 1024w, https:\/\/www.skimo.at\/rennen\/files\/2023\/12\/zwieselalmaufstieg-2023-motiv-03-bild-karl-posch-lr-300x200.jpg 300w, https:\/\/www.skimo.at\/rennen\/files\/2023\/12\/zwieselalmaufstieg-2023-motiv-03-bild-karl-posch-lr-768x512.jpg 768w, https:\/\/www.skimo.at\/rennen\/files\/2023\/12\/zwieselalmaufstieg-2023-motiv-03-bild-karl-posch-lr-746x497.jpg 746w, https:\/\/www.skimo.at\/rennen\/files\/2023\/12\/zwieselalmaufstieg-2023-motiv-03-bild-karl-posch-lr-618x412.jpg 618w, https:\/\/www.skimo.at\/rennen\/files\/2023\/12\/zwieselalmaufstieg-2023-motiv-03-bild-karl-posch-lr-554x369.jpg 554w, https:\/\/www.skimo.at\/rennen\/files\/2023\/12\/zwieselalmaufstieg-2023-motiv-03-bild-karl-posch-lr-299x199.jpg 299w, https:\/\/www.skimo.at\/rennen\/files\/2023\/12\/zwieselalmaufstieg-2023-motiv-03-bild-karl-posch-lr-1224x816.jpg 1224w, https:\/\/www.skimo.at\/rennen\/files\/2023\/12\/zwieselalmaufstieg-2023-motiv-03-bild-karl-posch-lr-970x647.jpg 970w, https:\/\/www.skimo.at\/rennen\/files\/2023\/12\/zwieselalmaufstieg-2023-motiv-03-bild-karl-posch-lr-140x93.jpg 140w, https:\/\/www.skimo.at\/rennen\/files\/2023\/12\/zwieselalmaufstieg-2023-motiv-03-bild-karl-posch-lr-540x360.jpg 540w, https:\/\/www.skimo.at\/rennen\/files\/2023\/12\/zwieselalmaufstieg-2023-motiv-03-bild-karl-posch-lr.jpg 1920w\" sizes=\"(max-width: 1024px) 100vw, 1024px\" \/><\/a><\/figure><\/li><li class=\"blocks-gallery-item\"><figure><a href=\"https:\/\/www.skimo.at\/rennen\/?attachment_id=299664\"><img loading=\"lazy\" width=\"1024\" height=\"683\" src=\"https:\/\/www.skimo.at\/rennen\/files\/2023\/12\/zwieselalmaufstieg-2023-motiv-06-bild-karl-posch-lr-1024x683.jpg\" alt=\"\" data-id=\"299664\" data-full-url=\"https:\/\/www.skimo.at\/rennen\/files\/2023\/12\/zwieselalmaufstieg-2023-motiv-06-bild-karl-posch-lr.jpg\" data-link=\"https:\/\/www.skimo.at\/rennen\/?attachment_id=299664\" class=\"wp-image-299664\" srcset=\"https:\/\/www.skimo.at\/rennen\/files\/2023\/12\/zwieselalmaufstieg-2023-motiv-06-bild-karl-posch-lr-1024x683.jpg 1024w, https:\/\/www.skimo.at\/rennen\/files\/2023\/12\/zwieselalmaufstieg-2023-motiv-06-bild-karl-posch-lr-300x200.jpg 300w, https:\/\/www.skimo.at\/rennen\/files\/2023\/12\/zwieselalmaufstieg-2023-motiv-06-bild-karl-posch-lr-768x512.jpg 768w, https:\/\/www.skimo.at\/rennen\/files\/2023\/12\/zwieselalmaufstieg-2023-motiv-06-bild-karl-posch-lr-746x497.jpg 746w, https:\/\/www.skimo.at\/rennen\/files\/2023\/12\/zwieselalmaufstieg-2023-motiv-06-bild-karl-posch-lr-618x412.jpg 618w, https:\/\/www.skimo.at\/rennen\/files\/2023\/12\/zwieselalmaufstieg-2023-motiv-06-bild-karl-posch-lr-554x369.jpg 554w, https:\/\/www.skimo.at\/rennen\/files\/2023\/12\/zwieselalmaufstieg-2023-motiv-06-bild-karl-posch-lr-299x199.jpg 299w, https:\/\/www.skimo.at\/rennen\/files\/2023\/12\/zwieselalmaufstieg-2023-motiv-06-bild-karl-posch-lr-1224x816.jpg 1224w, https:\/\/www.skimo.at\/rennen\/files\/2023\/12\/zwieselalmaufstieg-2023-motiv-06-bild-karl-posch-lr-970x647.jpg 970w, https:\/\/www.skimo.at\/rennen\/files\/2023\/12\/zwieselalmaufstieg-2023-motiv-06-bild-karl-posch-lr-140x93.jpg 140w, https:\/\/www.skimo.at\/rennen\/files\/2023\/12\/zwieselalmaufstieg-2023-motiv-06-bild-karl-posch-lr-540x360.jpg 540w, https:\/\/www.skimo.at\/rennen\/files\/2023\/12\/zwieselalmaufstieg-2023-motiv-06-bild-karl-posch-lr.jpg 1920w\" sizes=\"(max-width: 1024px) 100vw, 1024px\" \/><\/a><\/figure><\/li><li class=\"blocks-gallery-item\"><figure><a href=\"https:\/\/www.skimo.at\/rennen\/?attachment_id=299665\"><img loading=\"lazy\" width=\"1024\" height=\"683\" src=\"https:\/\/www.skimo.at\/rennen\/files\/2023\/12\/zwieselalmaufstieg-2023-motiv-10-bild-karl-posch-lr-1024x683.jpg\" alt=\"\" data-id=\"299665\" data-full-url=\"https:\/\/www.skimo.at\/rennen\/files\/2023\/12\/zwieselalmaufstieg-2023-motiv-10-bild-karl-posch-lr.jpg\" data-link=\"https:\/\/www.skimo.at\/rennen\/?attachment_id=299665\" class=\"wp-image-299665\" srcset=\"https:\/\/www.skimo.at\/rennen\/files\/2023\/12\/zwieselalmaufstieg-2023-motiv-10-bild-karl-posch-lr-1024x683.jpg 1024w, https:\/\/www.skimo.at\/rennen\/files\/2023\/12\/zwieselalmaufstieg-2023-motiv-10-bild-karl-posch-lr-300x200.jpg 300w, https:\/\/www.skimo.at\/rennen\/files\/2023\/12\/zwieselalmaufstieg-2023-motiv-10-bild-karl-posch-lr-768x512.jpg 768w, https:\/\/www.skimo.at\/rennen\/files\/2023\/12\/zwieselalmaufstieg-2023-motiv-10-bild-karl-posch-lr-746x497.jpg 746w, https:\/\/www.skimo.at\/rennen\/files\/2023\/12\/zwieselalmaufstieg-2023-motiv-10-bild-karl-posch-lr-618x412.jpg 618w, https:\/\/www.skimo.at\/rennen\/files\/2023\/12\/zwieselalmaufstieg-2023-motiv-10-bild-karl-posch-lr-554x369.jpg 554w, https:\/\/www.skimo.at\/rennen\/files\/2023\/12\/zwieselalmaufstieg-2023-motiv-10-bild-karl-posch-lr-299x199.jpg 299w, https:\/\/www.skimo.at\/rennen\/files\/2023\/12\/zwieselalmaufstieg-2023-motiv-10-bild-karl-posch-lr-1224x816.jpg 1224w, https:\/\/www.skimo.at\/rennen\/files\/2023\/12\/zwieselalmaufstieg-2023-motiv-10-bild-karl-posch-lr-970x647.jpg 970w, https:\/\/www.skimo.at\/rennen\/files\/2023\/12\/zwieselalmaufstieg-2023-motiv-10-bild-karl-posch-lr-140x93.jpg 140w, https:\/\/www.skimo.at\/rennen\/files\/2023\/12\/zwieselalmaufstieg-2023-motiv-10-bild-karl-posch-lr-540x360.jpg 540w, https:\/\/www.skimo.at\/rennen\/files\/2023\/12\/zwieselalmaufstieg-2023-motiv-10-bild-karl-posch-lr.jpg 1920w\" sizes=\"(max-width: 1024px) 100vw, 1024px\" \/><\/a><\/figure><\/li><li class=\"blocks-gallery-item\"><figure><a href=\"https:\/\/www.skimo.at\/rennen\/?attachment_id=299666\"><img loading=\"lazy\" width=\"1024\" height=\"683\" src=\"https:\/\/www.skimo.at\/rennen\/files\/2023\/12\/zwieselalmaufstieg-2023-motiv-15-bild-karl-posch-lr-1024x683.jpg\" alt=\"\" data-id=\"299666\" data-full-url=\"https:\/\/www.skimo.at\/rennen\/files\/2023\/12\/zwieselalmaufstieg-2023-motiv-15-bild-karl-posch-lr.jpg\" data-link=\"https:\/\/www.skimo.at\/rennen\/?attachment_id=299666\" class=\"wp-image-299666\" srcset=\"https:\/\/www.skimo.at\/rennen\/files\/2023\/12\/zwieselalmaufstieg-2023-motiv-15-bild-karl-posch-lr-1024x683.jpg 1024w, https:\/\/www.skimo.at\/rennen\/files\/2023\/12\/zwieselalmaufstieg-2023-motiv-15-bild-karl-posch-lr-300x200.jpg 300w, https:\/\/www.skimo.at\/rennen\/files\/2023\/12\/zwieselalmaufstieg-2023-motiv-15-bild-karl-posch-lr-768x512.jpg 768w, https:\/\/www.skimo.at\/rennen\/files\/2023\/12\/zwieselalmaufstieg-2023-motiv-15-bild-karl-posch-lr-746x497.jpg 746w, https:\/\/www.skimo.at\/rennen\/files\/2023\/12\/zwieselalmaufstieg-2023-motiv-15-bild-karl-posch-lr-618x412.jpg 618w, https:\/\/www.skimo.at\/rennen\/files\/2023\/12\/zwieselalmaufstieg-2023-motiv-15-bild-karl-posch-lr-554x369.jpg 554w, https:\/\/www.skimo.at\/rennen\/files\/2023\/12\/zwieselalmaufstieg-2023-motiv-15-bild-karl-posch-lr-299x199.jpg 299w, https:\/\/www.skimo.at\/rennen\/files\/2023\/12\/zwieselalmaufstieg-2023-motiv-15-bild-karl-posch-lr-1224x816.jpg 1224w, https:\/\/www.skimo.at\/rennen\/files\/2023\/12\/zwieselalmaufstieg-2023-motiv-15-bild-karl-posch-lr-970x647.jpg 970w, https:\/\/www.skimo.at\/rennen\/files\/2023\/12\/zwieselalmaufstieg-2023-motiv-15-bild-karl-posch-lr-140x93.jpg 140w, https:\/\/www.skimo.at\/rennen\/files\/2023\/12\/zwieselalmaufstieg-2023-motiv-15-bild-karl-posch-lr-540x360.jpg 540w, https:\/\/www.skimo.at\/rennen\/files\/2023\/12\/zwieselalmaufstieg-2023-motiv-15-bild-karl-posch-lr.jpg 1920w\" sizes=\"(max-width: 1024px) 100vw, 1024px\" \/><\/a><\/figure><\/li><li class=\"blocks-gallery-item\"><figure><a href=\"https:\/\/www.skimo.at\/rennen\/?attachment_id=299667\"><img loading=\"lazy\" width=\"1024\" height=\"683\" src=\"https:\/\/www.skimo.at\/rennen\/files\/2023\/12\/zwieselalmaufstieg-2023-motiv-17-bild-karl-posch-lr-1024x683.jpg\" alt=\"\" data-id=\"299667\" data-full-url=\"https:\/\/www.skimo.at\/rennen\/files\/2023\/12\/zwieselalmaufstieg-2023-motiv-17-bild-karl-posch-lr.jpg\" data-link=\"https:\/\/www.skimo.at\/rennen\/?attachment_id=299667\" class=\"wp-image-299667\" srcset=\"https:\/\/www.skimo.at\/rennen\/files\/2023\/12\/zwieselalmaufstieg-2023-motiv-17-bild-karl-posch-lr-1024x683.jpg 1024w, https:\/\/www.skimo.at\/rennen\/files\/2023\/12\/zwieselalmaufstieg-2023-motiv-17-bild-karl-posch-lr-300x200.jpg 300w, https:\/\/www.skimo.at\/rennen\/files\/2023\/12\/zwieselalmaufstieg-2023-motiv-17-bild-karl-posch-lr-768x512.jpg 768w, https:\/\/www.skimo.at\/rennen\/files\/2023\/12\/zwieselalmaufstieg-2023-motiv-17-bild-karl-posch-lr-746x497.jpg 746w, https:\/\/www.skimo.at\/rennen\/files\/2023\/12\/zwieselalmaufstieg-2023-motiv-17-bild-karl-posch-lr-618x412.jpg 618w, https:\/\/www.skimo.at\/rennen\/files\/2023\/12\/zwieselalmaufstieg-2023-motiv-17-bild-karl-posch-lr-554x369.jpg 554w, https:\/\/www.skimo.at\/rennen\/files\/2023\/12\/zwieselalmaufstieg-2023-motiv-17-bild-karl-posch-lr-299x199.jpg 299w, https:\/\/www.skimo.at\/rennen\/files\/2023\/12\/zwieselalmaufstieg-2023-motiv-17-bild-karl-posch-lr-1224x816.jpg 1224w, https:\/\/www.skimo.at\/rennen\/files\/2023\/12\/zwieselalmaufstieg-2023-motiv-17-bild-karl-posch-lr-970x647.jpg 970w, https:\/\/www.skimo.at\/rennen\/files\/2023\/12\/zwieselalmaufstieg-2023-motiv-17-bild-karl-posch-lr-140x93.jpg 140w, https:\/\/www.skimo.at\/rennen\/files\/2023\/12\/zwieselalmaufstieg-2023-motiv-17-bild-karl-posch-lr-540x360.jpg 540w, https:\/\/www.skimo.at\/rennen\/files\/2023\/12\/zwieselalmaufstieg-2023-motiv-17-bild-karl-posch-lr.jpg 1920w\" sizes=\"(max-width: 1024px) 100vw, 1024px\" \/><\/a><\/figure><\/li><li class=\"blocks-gallery-item\"><figure><a href=\"https:\/\/www.skimo.at\/rennen\/?attachment_id=299668\"><img loading=\"lazy\" width=\"1024\" height=\"683\" src=\"https:\/\/www.skimo.at\/rennen\/files\/2023\/12\/zwieselalmaufstieg-2023-motiv-18-bild-karl-posch-lr-1024x683.jpg\" alt=\"\" data-id=\"299668\" data-full-url=\"https:\/\/www.skimo.at\/rennen\/files\/2023\/12\/zwieselalmaufstieg-2023-motiv-18-bild-karl-posch-lr.jpg\" data-link=\"https:\/\/www.skimo.at\/rennen\/?attachment_id=299668\" class=\"wp-image-299668\" srcset=\"https:\/\/www.skimo.at\/rennen\/files\/2023\/12\/zwieselalmaufstieg-2023-motiv-18-bild-karl-posch-lr-1024x683.jpg 1024w, https:\/\/www.skimo.at\/rennen\/files\/2023\/12\/zwieselalmaufstieg-2023-motiv-18-bild-karl-posch-lr-300x200.jpg 300w, https:\/\/www.skimo.at\/rennen\/files\/2023\/12\/zwieselalmaufstieg-2023-motiv-18-bild-karl-posch-lr-768x512.jpg 768w, https:\/\/www.skimo.at\/rennen\/files\/2023\/12\/zwieselalmaufstieg-2023-motiv-18-bild-karl-posch-lr-746x497.jpg 746w, https:\/\/www.skimo.at\/rennen\/files\/2023\/12\/zwieselalmaufstieg-2023-motiv-18-bild-karl-posch-lr-618x412.jpg 618w, https:\/\/www.skimo.at\/rennen\/files\/2023\/12\/zwieselalmaufstieg-2023-motiv-18-bild-karl-posch-lr-554x369.jpg 554w, https:\/\/www.skimo.at\/rennen\/files\/2023\/12\/zwieselalmaufstieg-2023-motiv-18-bild-karl-posch-lr-299x199.jpg 299w, https:\/\/www.skimo.at\/rennen\/files\/2023\/12\/zwieselalmaufstieg-2023-motiv-18-bild-karl-posch-lr-1224x816.jpg 1224w, https:\/\/www.skimo.at\/rennen\/files\/2023\/12\/zwieselalmaufstieg-2023-motiv-18-bild-karl-posch-lr-970x647.jpg 970w, https:\/\/www.skimo.at\/rennen\/files\/2023\/12\/zwieselalmaufstieg-2023-motiv-18-bild-karl-posch-lr-140x93.jpg 140w, https:\/\/www.skimo.at\/rennen\/files\/2023\/12\/zwieselalmaufstieg-2023-motiv-18-bild-karl-posch-lr-540x360.jpg 540w, https:\/\/www.skimo.at\/rennen\/files\/2023\/12\/zwieselalmaufstieg-2023-motiv-18-bild-karl-posch-lr.jpg 1920w\" sizes=\"(max-width: 1024px) 100vw, 1024px\" \/><\/a><\/figure><\/li><li class=\"blocks-gallery-item\"><figure><a href=\"https:\/\/www.skimo.at\/rennen\/?attachment_id=299669\"><img loading=\"lazy\" width=\"1024\" height=\"683\" src=\"https:\/\/www.skimo.at\/rennen\/files\/2023\/12\/zwieselalmaufstieg-2023-motiv-19-bild-karl-posch-lr-1024x683.jpg\" alt=\"\" data-id=\"299669\" data-full-url=\"https:\/\/www.skimo.at\/rennen\/files\/2023\/12\/zwieselalmaufstieg-2023-motiv-19-bild-karl-posch-lr.jpg\" data-link=\"https:\/\/www.skimo.at\/rennen\/?attachment_id=299669\" class=\"wp-image-299669\" srcset=\"https:\/\/www.skimo.at\/rennen\/files\/2023\/12\/zwieselalmaufstieg-2023-motiv-19-bild-karl-posch-lr-1024x683.jpg 1024w, https:\/\/www.skimo.at\/rennen\/files\/2023\/12\/zwieselalmaufstieg-2023-motiv-19-bild-karl-posch-lr-300x200.jpg 300w, https:\/\/www.skimo.at\/rennen\/files\/2023\/12\/zwieselalmaufstieg-2023-motiv-19-bild-karl-posch-lr-768x512.jpg 768w, https:\/\/www.skimo.at\/rennen\/files\/2023\/12\/zwieselalmaufstieg-2023-motiv-19-bild-karl-posch-lr-746x497.jpg 746w, https:\/\/www.skimo.at\/rennen\/files\/2023\/12\/zwieselalmaufstieg-2023-motiv-19-bild-karl-posch-lr-618x412.jpg 618w, https:\/\/www.skimo.at\/rennen\/files\/2023\/12\/zwieselalmaufstieg-2023-motiv-19-bild-karl-posch-lr-554x369.jpg 554w, https:\/\/www.skimo.at\/rennen\/files\/2023\/12\/zwieselalmaufstieg-2023-motiv-19-bild-karl-posch-lr-299x199.jpg 299w, https:\/\/www.skimo.at\/rennen\/files\/2023\/12\/zwieselalmaufstieg-2023-motiv-19-bild-karl-posch-lr-1224x816.jpg 1224w, https:\/\/www.skimo.at\/rennen\/files\/2023\/12\/zwieselalmaufstieg-2023-motiv-19-bild-karl-posch-lr-970x647.jpg 970w, https:\/\/www.skimo.at\/rennen\/files\/2023\/12\/zwieselalmaufstieg-2023-motiv-19-bild-karl-posch-lr-140x93.jpg 140w, https:\/\/www.skimo.at\/rennen\/files\/2023\/12\/zwieselalmaufstieg-2023-motiv-19-bild-karl-posch-lr-540x360.jpg 540w, https:\/\/www.skimo.at\/rennen\/files\/2023\/12\/zwieselalmaufstieg-2023-motiv-19-bild-karl-posch-lr.jpg 1920w\" sizes=\"(max-width: 1024px) 100vw, 1024px\" \/><\/a><\/figure><\/li><li class=\"blocks-gallery-item\"><figure><a href=\"https:\/\/www.skimo.at\/rennen\/?attachment_id=299670\"><img loading=\"lazy\" width=\"1024\" height=\"683\" src=\"https:\/\/www.skimo.at\/rennen\/files\/2023\/12\/zwieselalmaufstieg-2023-motiv-20-bild-karl-posch-lr-1024x683.jpg\" alt=\"\" data-id=\"299670\" data-full-url=\"https:\/\/www.skimo.at\/rennen\/files\/2023\/12\/zwieselalmaufstieg-2023-motiv-20-bild-karl-posch-lr.jpg\" data-link=\"https:\/\/www.skimo.at\/rennen\/?attachment_id=299670\" class=\"wp-image-299670\" srcset=\"https:\/\/www.skimo.at\/rennen\/files\/2023\/12\/zwieselalmaufstieg-2023-motiv-20-bild-karl-posch-lr-1024x683.jpg 1024w, https:\/\/www.skimo.at\/rennen\/files\/2023\/12\/zwieselalmaufstieg-2023-motiv-20-bild-karl-posch-lr-300x200.jpg 300w, https:\/\/www.skimo.at\/rennen\/files\/2023\/12\/zwieselalmaufstieg-2023-motiv-20-bild-karl-posch-lr-768x512.jpg 768w, https:\/\/www.skimo.at\/rennen\/files\/2023\/12\/zwieselalmaufstieg-2023-motiv-20-bild-karl-posch-lr-746x497.jpg 746w, https:\/\/www.skimo.at\/rennen\/files\/2023\/12\/zwieselalmaufstieg-2023-motiv-20-bild-karl-posch-lr-618x412.jpg 618w, https:\/\/www.skimo.at\/rennen\/files\/2023\/12\/zwieselalmaufstieg-2023-motiv-20-bild-karl-posch-lr-554x369.jpg 554w, https:\/\/www.skimo.at\/rennen\/files\/2023\/12\/zwieselalmaufstieg-2023-motiv-20-bild-karl-posch-lr-299x199.jpg 299w, https:\/\/www.skimo.at\/rennen\/files\/2023\/12\/zwieselalmaufstieg-2023-motiv-20-bild-karl-posch-lr-1224x816.jpg 1224w, https:\/\/www.skimo.at\/rennen\/files\/2023\/12\/zwieselalmaufstieg-2023-motiv-20-bild-karl-posch-lr-970x647.jpg 970w, https:\/\/www.skimo.at\/rennen\/files\/2023\/12\/zwieselalmaufstieg-2023-motiv-20-bild-karl-posch-lr-140x93.jpg 140w, https:\/\/www.skimo.at\/rennen\/files\/2023\/12\/zwieselalmaufstieg-2023-motiv-20-bild-karl-posch-lr-540x360.jpg 540w, https:\/\/www.skimo.at\/rennen\/files\/2023\/12\/zwieselalmaufstieg-2023-motiv-20-bild-karl-posch-lr.jpg 1920w\" sizes=\"(max-width: 1024px) 100vw, 1024px\" \/><\/a><\/figure><\/li><li class=\"blocks-gallery-item\"><figure><a href=\"https:\/\/www.skimo.at\/rennen\/?attachment_id=299671\"><img loading=\"lazy\" width=\"1024\" height=\"683\" src=\"https:\/\/www.skimo.at\/rennen\/files\/2023\/12\/zwieselalmaufstieg-2023-motiv-21-bild-karl-posch-lr-1024x683.jpg\" alt=\"\" data-id=\"299671\" data-full-url=\"https:\/\/www.skimo.at\/rennen\/files\/2023\/12\/zwieselalmaufstieg-2023-motiv-21-bild-karl-posch-lr.jpg\" data-link=\"https:\/\/www.skimo.at\/rennen\/?attachment_id=299671\" class=\"wp-image-299671\" srcset=\"https:\/\/www.skimo.at\/rennen\/files\/2023\/12\/zwieselalmaufstieg-2023-motiv-21-bild-karl-posch-lr-1024x683.jpg 1024w, https:\/\/www.skimo.at\/rennen\/files\/2023\/12\/zwieselalmaufstieg-2023-motiv-21-bild-karl-posch-lr-300x200.jpg 300w, https:\/\/www.skimo.at\/rennen\/files\/2023\/12\/zwieselalmaufstieg-2023-motiv-21-bild-karl-posch-lr-768x512.jpg 768w, https:\/\/www.skimo.at\/rennen\/files\/2023\/12\/zwieselalmaufstieg-2023-motiv-21-bild-karl-posch-lr-746x497.jpg 746w, https:\/\/www.skimo.at\/rennen\/files\/2023\/12\/zwieselalmaufstieg-2023-motiv-21-bild-karl-posch-lr-618x412.jpg 618w, https:\/\/www.skimo.at\/rennen\/files\/2023\/12\/zwieselalmaufstieg-2023-motiv-21-bild-karl-posch-lr-554x369.jpg 554w, https:\/\/www.skimo.at\/rennen\/files\/2023\/12\/zwieselalmaufstieg-2023-motiv-21-bild-karl-posch-lr-299x199.jpg 299w, https:\/\/www.skimo.at\/rennen\/files\/2023\/12\/zwieselalmaufstieg-2023-motiv-21-bild-karl-posch-lr-1224x816.jpg 1224w, https:\/\/www.skimo.at\/rennen\/files\/2023\/12\/zwieselalmaufstieg-2023-motiv-21-bild-karl-posch-lr-970x647.jpg 970w, https:\/\/www.skimo.at\/rennen\/files\/2023\/12\/zwieselalmaufstieg-2023-motiv-21-bild-karl-posch-lr-140x93.jpg 140w, https:\/\/www.skimo.at\/rennen\/files\/2023\/12\/zwieselalmaufstieg-2023-motiv-21-bild-karl-posch-lr-540x360.jpg 540w, https:\/\/www.skimo.at\/rennen\/files\/2023\/12\/zwieselalmaufstieg-2023-motiv-21-bild-karl-posch-lr.jpg 1920w\" sizes=\"(max-width: 1024px) 100vw, 1024px\" \/><\/a><\/figure><\/li><li class=\"blocks-gallery-item\"><figure><a href=\"https:\/\/www.skimo.at\/rennen\/?attachment_id=299672\"><img loading=\"lazy\" width=\"1024\" height=\"683\" src=\"https:\/\/www.skimo.at\/rennen\/files\/2023\/12\/zwieselalmaufstieg-2023-motiv-22-bild-karl-posch-lr-1024x683.jpg\" alt=\"\" data-id=\"299672\" data-full-url=\"https:\/\/www.skimo.at\/rennen\/files\/2023\/12\/zwieselalmaufstieg-2023-motiv-22-bild-karl-posch-lr.jpg\" data-link=\"https:\/\/www.skimo.at\/rennen\/?attachment_id=299672\" class=\"wp-image-299672\" srcset=\"https:\/\/www.skimo.at\/rennen\/files\/2023\/12\/zwieselalmaufstieg-2023-motiv-22-bild-karl-posch-lr-1024x683.jpg 1024w, https:\/\/www.skimo.at\/rennen\/files\/2023\/12\/zwieselalmaufstieg-2023-motiv-22-bild-karl-posch-lr-300x200.jpg 300w, https:\/\/www.skimo.at\/rennen\/files\/2023\/12\/zwieselalmaufstieg-2023-motiv-22-bild-karl-posch-lr-768x512.jpg 768w, https:\/\/www.skimo.at\/rennen\/files\/2023\/12\/zwieselalmaufstieg-2023-motiv-22-bild-karl-posch-lr-746x497.jpg 746w, https:\/\/www.skimo.at\/rennen\/files\/2023\/12\/zwieselalmaufstieg-2023-motiv-22-bild-karl-posch-lr-618x412.jpg 618w, https:\/\/www.skimo.at\/rennen\/files\/2023\/12\/zwieselalmaufstieg-2023-motiv-22-bild-karl-posch-lr-554x369.jpg 554w, https:\/\/www.skimo.at\/rennen\/files\/2023\/12\/zwieselalmaufstieg-2023-motiv-22-bild-karl-posch-lr-299x199.jpg 299w, https:\/\/www.skimo.at\/rennen\/files\/2023\/12\/zwieselalmaufstieg-2023-motiv-22-bild-karl-posch-lr-1224x816.jpg 1224w, https:\/\/www.skimo.at\/rennen\/files\/2023\/12\/zwieselalmaufstieg-2023-motiv-22-bild-karl-posch-lr-970x647.jpg 970w, https:\/\/www.skimo.at\/rennen\/files\/2023\/12\/zwieselalmaufstieg-2023-motiv-22-bild-karl-posch-lr-140x93.jpg 140w, https:\/\/www.skimo.at\/rennen\/files\/2023\/12\/zwieselalmaufstieg-2023-motiv-22-bild-karl-posch-lr-540x360.jpg 540w, https:\/\/www.skimo.at\/rennen\/files\/2023\/12\/zwieselalmaufstieg-2023-motiv-22-bild-karl-posch-lr.jpg 1920w\" sizes=\"(max-width: 1024px) 100vw, 1024px\" \/><\/a><\/figure><\/li><li class=\"blocks-gallery-item\"><figure><a href=\"https:\/\/www.skimo.at\/rennen\/?attachment_id=299673\"><img loading=\"lazy\" width=\"1024\" height=\"683\" src=\"https:\/\/www.skimo.at\/rennen\/files\/2023\/12\/zwieselalmaufstieg-2023-motiv-24-bild-karl-posch-lr-1024x683.jpg\" alt=\"\" data-id=\"299673\" data-full-url=\"https:\/\/www.skimo.at\/rennen\/files\/2023\/12\/zwieselalmaufstieg-2023-motiv-24-bild-karl-posch-lr.jpg\" data-link=\"https:\/\/www.skimo.at\/rennen\/?attachment_id=299673\" class=\"wp-image-299673\" srcset=\"https:\/\/www.skimo.at\/rennen\/files\/2023\/12\/zwieselalmaufstieg-2023-motiv-24-bild-karl-posch-lr-1024x683.jpg 1024w, https:\/\/www.skimo.at\/rennen\/files\/2023\/12\/zwieselalmaufstieg-2023-motiv-24-bild-karl-posch-lr-300x200.jpg 300w, https:\/\/www.skimo.at\/rennen\/files\/2023\/12\/zwieselalmaufstieg-2023-motiv-24-bild-karl-posch-lr-768x512.jpg 768w, https:\/\/www.skimo.at\/rennen\/files\/2023\/12\/zwieselalmaufstieg-2023-motiv-24-bild-karl-posch-lr-746x497.jpg 746w, https:\/\/www.skimo.at\/rennen\/files\/2023\/12\/zwieselalmaufstieg-2023-motiv-24-bild-karl-posch-lr-618x412.jpg 618w, https:\/\/www.skimo.at\/rennen\/files\/2023\/12\/zwieselalmaufstieg-2023-motiv-24-bild-karl-posch-lr-554x369.jpg 554w, https:\/\/www.skimo.at\/rennen\/files\/2023\/12\/zwieselalmaufstieg-2023-motiv-24-bild-karl-posch-lr-299x199.jpg 299w, https:\/\/www.skimo.at\/rennen\/files\/2023\/12\/zwieselalmaufstieg-2023-motiv-24-bild-karl-posch-lr-1224x816.jpg 1224w, https:\/\/www.skimo.at\/rennen\/files\/2023\/12\/zwieselalmaufstieg-2023-motiv-24-bild-karl-posch-lr-970x647.jpg 970w, https:\/\/www.skimo.at\/rennen\/files\/2023\/12\/zwieselalmaufstieg-2023-motiv-24-bild-karl-posch-lr-140x93.jpg 140w, https:\/\/www.skimo.at\/rennen\/files\/2023\/12\/zwieselalmaufstieg-2023-motiv-24-bild-karl-posch-lr-540x360.jpg 540w, https:\/\/www.skimo.at\/rennen\/files\/2023\/12\/zwieselalmaufstieg-2023-motiv-24-bild-karl-posch-lr.jpg 1920w\" sizes=\"(max-width: 1024px) 100vw, 1024px\" \/><\/a><\/figure><\/li><li class=\"blocks-gallery-item\"><figure><a href=\"https:\/\/www.skimo.at\/rennen\/?attachment_id=299674\"><img loading=\"lazy\" width=\"1024\" height=\"683\" src=\"https:\/\/www.skimo.at\/rennen\/files\/2023\/12\/zwieselalmaufstieg-2023-motiv-25-bild-karl-posch-lr-1024x683.jpg\" alt=\"\" data-id=\"299674\" data-full-url=\"https:\/\/www.skimo.at\/rennen\/files\/2023\/12\/zwieselalmaufstieg-2023-motiv-25-bild-karl-posch-lr.jpg\" data-link=\"https:\/\/www.skimo.at\/rennen\/?attachment_id=299674\" class=\"wp-image-299674\" srcset=\"https:\/\/www.skimo.at\/rennen\/files\/2023\/12\/zwieselalmaufstieg-2023-motiv-25-bild-karl-posch-lr-1024x683.jpg 1024w, https:\/\/www.skimo.at\/rennen\/files\/2023\/12\/zwieselalmaufstieg-2023-motiv-25-bild-karl-posch-lr-300x200.jpg 300w, https:\/\/www.skimo.at\/rennen\/files\/2023\/12\/zwieselalmaufstieg-2023-motiv-25-bild-karl-posch-lr-768x512.jpg 768w, https:\/\/www.skimo.at\/rennen\/files\/2023\/12\/zwieselalmaufstieg-2023-motiv-25-bild-karl-posch-lr-746x497.jpg 746w, https:\/\/www.skimo.at\/rennen\/files\/2023\/12\/zwieselalmaufstieg-2023-motiv-25-bild-karl-posch-lr-618x412.jpg 618w, https:\/\/www.skimo.at\/rennen\/files\/2023\/12\/zwieselalmaufstieg-2023-motiv-25-bild-karl-posch-lr-554x369.jpg 554w, https:\/\/www.skimo.at\/rennen\/files\/2023\/12\/zwieselalmaufstieg-2023-motiv-25-bild-karl-posch-lr-299x199.jpg 299w, https:\/\/www.skimo.at\/rennen\/files\/2023\/12\/zwieselalmaufstieg-2023-motiv-25-bild-karl-posch-lr-1224x816.jpg 1224w, https:\/\/www.skimo.at\/rennen\/files\/2023\/12\/zwieselalmaufstieg-2023-motiv-25-bild-karl-posch-lr-970x647.jpg 970w, https:\/\/www.skimo.at\/rennen\/files\/2023\/12\/zwieselalmaufstieg-2023-motiv-25-bild-karl-posch-lr-140x93.jpg 140w, https:\/\/www.skimo.at\/rennen\/files\/2023\/12\/zwieselalmaufstieg-2023-motiv-25-bild-karl-posch-lr-540x360.jpg 540w, https:\/\/www.skimo.at\/rennen\/files\/2023\/12\/zwieselalmaufstieg-2023-motiv-25-bild-karl-posch-lr.jpg 1920w\" sizes=\"(max-width: 1024px) 100vw, 1024px\" \/><\/a><\/figure><\/li><li class=\"blocks-gallery-item\"><figure><a href=\"https:\/\/www.skimo.at\/rennen\/?attachment_id=299675\"><img loading=\"lazy\" width=\"1024\" height=\"683\" src=\"https:\/\/www.skimo.at\/rennen\/files\/2023\/12\/zwieselalmaufstieg-2023-motiv-26-bild-karl-posch-lr-1024x683.jpg\" alt=\"\" data-id=\"299675\" data-full-url=\"https:\/\/www.skimo.at\/rennen\/files\/2023\/12\/zwieselalmaufstieg-2023-motiv-26-bild-karl-posch-lr.jpg\" data-link=\"https:\/\/www.skimo.at\/rennen\/?attachment_id=299675\" class=\"wp-image-299675\" srcset=\"https:\/\/www.skimo.at\/rennen\/files\/2023\/12\/zwieselalmaufstieg-2023-motiv-26-bild-karl-posch-lr-1024x683.jpg 1024w, https:\/\/www.skimo.at\/rennen\/files\/2023\/12\/zwieselalmaufstieg-2023-motiv-26-bild-karl-posch-lr-300x200.jpg 300w, https:\/\/www.skimo.at\/rennen\/files\/2023\/12\/zwieselalmaufstieg-2023-motiv-26-bild-karl-posch-lr-768x512.jpg 768w, https:\/\/www.skimo.at\/rennen\/files\/2023\/12\/zwieselalmaufstieg-2023-motiv-26-bild-karl-posch-lr-746x497.jpg 746w, https:\/\/www.skimo.at\/rennen\/files\/2023\/12\/zwieselalmaufstieg-2023-motiv-26-bild-karl-posch-lr-618x412.jpg 618w, https:\/\/www.skimo.at\/rennen\/files\/2023\/12\/zwieselalmaufstieg-2023-motiv-26-bild-karl-posch-lr-554x369.jpg 554w, https:\/\/www.skimo.at\/rennen\/files\/2023\/12\/zwieselalmaufstieg-2023-motiv-26-bild-karl-posch-lr-299x199.jpg 299w, https:\/\/www.skimo.at\/rennen\/files\/2023\/12\/zwieselalmaufstieg-2023-motiv-26-bild-karl-posch-lr-1224x816.jpg 1224w, https:\/\/www.skimo.at\/rennen\/files\/2023\/12\/zwieselalmaufstieg-2023-motiv-26-bild-karl-posch-lr-970x647.jpg 970w, https:\/\/www.skimo.at\/rennen\/files\/2023\/12\/zwieselalmaufstieg-2023-motiv-26-bild-karl-posch-lr-140x93.jpg 140w, https:\/\/www.skimo.at\/rennen\/files\/2023\/12\/zwieselalmaufstieg-2023-motiv-26-bild-karl-posch-lr-540x360.jpg 540w, https:\/\/www.skimo.at\/rennen\/files\/2023\/12\/zwieselalmaufstieg-2023-motiv-26-bild-karl-posch-lr.jpg 1920w\" sizes=\"(max-width: 1024px) 100vw, 1024px\" \/><\/a><\/figure><\/li><li class=\"blocks-gallery-item\"><figure><a href=\"https:\/\/www.skimo.at\/rennen\/?attachment_id=299676\"><img loading=\"lazy\" width=\"1024\" height=\"683\" src=\"https:\/\/www.skimo.at\/rennen\/files\/2023\/12\/zwieselalmaufstieg-2023-motiv-28-bild-karl-posch-lr-1024x683.jpg\" alt=\"\" data-id=\"299676\" data-full-url=\"https:\/\/www.skimo.at\/rennen\/files\/2023\/12\/zwieselalmaufstieg-2023-motiv-28-bild-karl-posch-lr.jpg\" data-link=\"https:\/\/www.skimo.at\/rennen\/?attachment_id=299676\" class=\"wp-image-299676\" srcset=\"https:\/\/www.skimo.at\/rennen\/files\/2023\/12\/zwieselalmaufstieg-2023-motiv-28-bild-karl-posch-lr-1024x683.jpg 1024w, https:\/\/www.skimo.at\/rennen\/files\/2023\/12\/zwieselalmaufstieg-2023-motiv-28-bild-karl-posch-lr-300x200.jpg 300w, https:\/\/www.skimo.at\/rennen\/files\/2023\/12\/zwieselalmaufstieg-2023-motiv-28-bild-karl-posch-lr-768x512.jpg 768w, https:\/\/www.skimo.at\/rennen\/files\/2023\/12\/zwieselalmaufstieg-2023-motiv-28-bild-karl-posch-lr-746x497.jpg 746w, https:\/\/www.skimo.at\/rennen\/files\/2023\/12\/zwieselalmaufstieg-2023-motiv-28-bild-karl-posch-lr-618x412.jpg 618w, https:\/\/www.skimo.at\/rennen\/files\/2023\/12\/zwieselalmaufstieg-2023-motiv-28-bild-karl-posch-lr-554x369.jpg 554w, https:\/\/www.skimo.at\/rennen\/files\/2023\/12\/zwieselalmaufstieg-2023-motiv-28-bild-karl-posch-lr-299x199.jpg 299w, https:\/\/www.skimo.at\/rennen\/files\/2023\/12\/zwieselalmaufstieg-2023-motiv-28-bild-karl-posch-lr-1224x816.jpg 1224w, https:\/\/www.skimo.at\/rennen\/files\/2023\/12\/zwieselalmaufstieg-2023-motiv-28-bild-karl-posch-lr-970x647.jpg 970w, https:\/\/www.skimo.at\/rennen\/files\/2023\/12\/zwieselalmaufstieg-2023-motiv-28-bild-karl-posch-lr-140x93.jpg 140w, https:\/\/www.skimo.at\/rennen\/files\/2023\/12\/zwieselalmaufstieg-2023-motiv-28-bild-karl-posch-lr-540x360.jpg 540w, https:\/\/www.skimo.at\/rennen\/files\/2023\/12\/zwieselalmaufstieg-2023-motiv-28-bild-karl-posch-lr.jpg 1920w\" sizes=\"(max-width: 1024px) 100vw, 1024px\" \/><\/a><\/figure><\/li><li class=\"blocks-gallery-item\"><figure><a href=\"https:\/\/www.skimo.at\/rennen\/?attachment_id=299677\"><img loading=\"lazy\" width=\"1024\" height=\"683\" src=\"https:\/\/www.skimo.at\/rennen\/files\/2023\/12\/zwieselalmaufstieg-2023-motiv-29-bild-karl-posch-lr-1024x683.jpg\" alt=\"\" data-id=\"299677\" data-full-url=\"https:\/\/www.skimo.at\/rennen\/files\/2023\/12\/zwieselalmaufstieg-2023-motiv-29-bild-karl-posch-lr.jpg\" data-link=\"https:\/\/www.skimo.at\/rennen\/?attachment_id=299677\" class=\"wp-image-299677\" srcset=\"https:\/\/www.skimo.at\/rennen\/files\/2023\/12\/zwieselalmaufstieg-2023-motiv-29-bild-karl-posch-lr-1024x683.jpg 1024w, https:\/\/www.skimo.at\/rennen\/files\/2023\/12\/zwieselalmaufstieg-2023-motiv-29-bild-karl-posch-lr-300x200.jpg 300w, https:\/\/www.skimo.at\/rennen\/files\/2023\/12\/zwieselalmaufstieg-2023-motiv-29-bild-karl-posch-lr-768x512.jpg 768w, https:\/\/www.skimo.at\/rennen\/files\/2023\/12\/zwieselalmaufstieg-2023-motiv-29-bild-karl-posch-lr-746x497.jpg 746w, https:\/\/www.skimo.at\/rennen\/files\/2023\/12\/zwieselalmaufstieg-2023-motiv-29-bild-karl-posch-lr-618x412.jpg 618w, https:\/\/www.skimo.at\/rennen\/files\/2023\/12\/zwieselalmaufstieg-2023-motiv-29-bild-karl-posch-lr-554x369.jpg 554w, https:\/\/www.skimo.at\/rennen\/files\/2023\/12\/zwieselalmaufstieg-2023-motiv-29-bild-karl-posch-lr-299x199.jpg 299w, https:\/\/www.skimo.at\/rennen\/files\/2023\/12\/zwieselalmaufstieg-2023-motiv-29-bild-karl-posch-lr-1224x816.jpg 1224w, https:\/\/www.skimo.at\/rennen\/files\/2023\/12\/zwieselalmaufstieg-2023-motiv-29-bild-karl-posch-lr-970x647.jpg 970w, https:\/\/www.skimo.at\/rennen\/files\/2023\/12\/zwieselalmaufstieg-2023-motiv-29-bild-karl-posch-lr-140x93.jpg 140w, https:\/\/www.skimo.at\/rennen\/files\/2023\/12\/zwieselalmaufstieg-2023-motiv-29-bild-karl-posch-lr-540x360.jpg 540w, https:\/\/www.skimo.at\/rennen\/files\/2023\/12\/zwieselalmaufstieg-2023-motiv-29-bild-karl-posch-lr.jpg 1920w\" sizes=\"(max-width: 1024px) 100vw, 1024px\" \/><\/a><\/figure><\/li><li class=\"blocks-gallery-item\"><figure><a href=\"https:\/\/www.skimo.at\/rennen\/?attachment_id=299678\"><img loading=\"lazy\" width=\"1024\" height=\"683\" src=\"https:\/\/www.skimo.at\/rennen\/files\/2023\/12\/zwieselalmaufstieg-2023-motiv-30-bild-karl-posch-lr-1024x683.jpg\" alt=\"\" data-id=\"299678\" data-full-url=\"https:\/\/www.skimo.at\/rennen\/files\/2023\/12\/zwieselalmaufstieg-2023-motiv-30-bild-karl-posch-lr.jpg\" data-link=\"https:\/\/www.skimo.at\/rennen\/?attachment_id=299678\" class=\"wp-image-299678\" srcset=\"https:\/\/www.skimo.at\/rennen\/files\/2023\/12\/zwieselalmaufstieg-2023-motiv-30-bild-karl-posch-lr-1024x683.jpg 1024w, https:\/\/www.skimo.at\/rennen\/files\/2023\/12\/zwieselalmaufstieg-2023-motiv-30-bild-karl-posch-lr-300x200.jpg 300w, https:\/\/www.skimo.at\/rennen\/files\/2023\/12\/zwieselalmaufstieg-2023-motiv-30-bild-karl-posch-lr-768x512.jpg 768w, https:\/\/www.skimo.at\/rennen\/files\/2023\/12\/zwieselalmaufstieg-2023-motiv-30-bild-karl-posch-lr-746x497.jpg 746w, https:\/\/www.skimo.at\/rennen\/files\/2023\/12\/zwieselalmaufstieg-2023-motiv-30-bild-karl-posch-lr-618x412.jpg 618w, https:\/\/www.skimo.at\/rennen\/files\/2023\/12\/zwieselalmaufstieg-2023-motiv-30-bild-karl-posch-lr-554x369.jpg 554w, https:\/\/www.skimo.at\/rennen\/files\/2023\/12\/zwieselalmaufstieg-2023-motiv-30-bild-karl-posch-lr-299x199.jpg 299w, https:\/\/www.skimo.at\/rennen\/files\/2023\/12\/zwieselalmaufstieg-2023-motiv-30-bild-karl-posch-lr-1224x816.jpg 1224w, https:\/\/www.skimo.at\/rennen\/files\/2023\/12\/zwieselalmaufstieg-2023-motiv-30-bild-karl-posch-lr-970x647.jpg 970w, https:\/\/www.skimo.at\/rennen\/files\/2023\/12\/zwieselalmaufstieg-2023-motiv-30-bild-karl-posch-lr-140x93.jpg 140w, https:\/\/www.skimo.at\/rennen\/files\/2023\/12\/zwieselalmaufstieg-2023-motiv-30-bild-karl-posch-lr-540x360.jpg 540w, https:\/\/www.skimo.at\/rennen\/files\/2023\/12\/zwieselalmaufstieg-2023-motiv-30-bild-karl-posch-lr.jpg 1920w\" sizes=\"(max-width: 1024px) 100vw, 1024px\" \/><\/a><\/figure><\/li><li class=\"blocks-gallery-item\"><figure><a href=\"https:\/\/www.skimo.at\/rennen\/?attachment_id=299679\"><img loading=\"lazy\" width=\"1024\" height=\"683\" src=\"https:\/\/www.skimo.at\/rennen\/files\/2023\/12\/zwieselalmaufstieg-2023-motiv-31-bild-karl-posch-lr-1024x683.jpg\" alt=\"\" data-id=\"299679\" data-full-url=\"https:\/\/www.skimo.at\/rennen\/files\/2023\/12\/zwieselalmaufstieg-2023-motiv-31-bild-karl-posch-lr.jpg\" data-link=\"https:\/\/www.skimo.at\/rennen\/?attachment_id=299679\" class=\"wp-image-299679\" srcset=\"https:\/\/www.skimo.at\/rennen\/files\/2023\/12\/zwieselalmaufstieg-2023-motiv-31-bild-karl-posch-lr-1024x683.jpg 1024w, https:\/\/www.skimo.at\/rennen\/files\/2023\/12\/zwieselalmaufstieg-2023-motiv-31-bild-karl-posch-lr-300x200.jpg 300w, https:\/\/www.skimo.at\/rennen\/files\/2023\/12\/zwieselalmaufstieg-2023-motiv-31-bild-karl-posch-lr-768x512.jpg 768w, https:\/\/www.skimo.at\/rennen\/files\/2023\/12\/zwieselalmaufstieg-2023-motiv-31-bild-karl-posch-lr-746x497.jpg 746w, https:\/\/www.skimo.at\/rennen\/files\/2023\/12\/zwieselalmaufstieg-2023-motiv-31-bild-karl-posch-lr-618x412.jpg 618w, https:\/\/www.skimo.at\/rennen\/files\/2023\/12\/zwieselalmaufstieg-2023-motiv-31-bild-karl-posch-lr-554x369.jpg 554w, https:\/\/www.skimo.at\/rennen\/files\/2023\/12\/zwieselalmaufstieg-2023-motiv-31-bild-karl-posch-lr-299x199.jpg 299w, https:\/\/www.skimo.at\/rennen\/files\/2023\/12\/zwieselalmaufstieg-2023-motiv-31-bild-karl-posch-lr-1224x816.jpg 1224w, https:\/\/www.skimo.at\/rennen\/files\/2023\/12\/zwieselalmaufstieg-2023-motiv-31-bild-karl-posch-lr-970x647.jpg 970w, https:\/\/www.skimo.at\/rennen\/files\/2023\/12\/zwieselalmaufstieg-2023-motiv-31-bild-karl-posch-lr-140x93.jpg 140w, https:\/\/www.skimo.at\/rennen\/files\/2023\/12\/zwieselalmaufstieg-2023-motiv-31-bild-karl-posch-lr-540x360.jpg 540w, https:\/\/www.skimo.at\/rennen\/files\/2023\/12\/zwieselalmaufstieg-2023-motiv-31-bild-karl-posch-lr.jpg 1920w\" sizes=\"(max-width: 1024px) 100vw, 1024px\" \/><\/a><\/figure><\/li><li class=\"blocks-gallery-item\"><figure><a href=\"https:\/\/www.skimo.at\/rennen\/?attachment_id=299680\"><img loading=\"lazy\" width=\"1024\" height=\"683\" src=\"https:\/\/www.skimo.at\/rennen\/files\/2023\/12\/zwieselalmaufstieg-2023-motiv-34-bild-karl-posch-lr-1024x683.jpg\" alt=\"\" data-id=\"299680\" data-full-url=\"https:\/\/www.skimo.at\/rennen\/files\/2023\/12\/zwieselalmaufstieg-2023-motiv-34-bild-karl-posch-lr.jpg\" data-link=\"https:\/\/www.skimo.at\/rennen\/?attachment_id=299680\" class=\"wp-image-299680\" srcset=\"https:\/\/www.skimo.at\/rennen\/files\/2023\/12\/zwieselalmaufstieg-2023-motiv-34-bild-karl-posch-lr-1024x683.jpg 1024w, https:\/\/www.skimo.at\/rennen\/files\/2023\/12\/zwieselalmaufstieg-2023-motiv-34-bild-karl-posch-lr-300x200.jpg 300w, https:\/\/www.skimo.at\/rennen\/files\/2023\/12\/zwieselalmaufstieg-2023-motiv-34-bild-karl-posch-lr-768x512.jpg 768w, https:\/\/www.skimo.at\/rennen\/files\/2023\/12\/zwieselalmaufstieg-2023-motiv-34-bild-karl-posch-lr-746x497.jpg 746w, https:\/\/www.skimo.at\/rennen\/files\/2023\/12\/zwieselalmaufstieg-2023-motiv-34-bild-karl-posch-lr-618x412.jpg 618w, https:\/\/www.skimo.at\/rennen\/files\/2023\/12\/zwieselalmaufstieg-2023-motiv-34-bild-karl-posch-lr-554x369.jpg 554w, https:\/\/www.skimo.at\/rennen\/files\/2023\/12\/zwieselalmaufstieg-2023-motiv-34-bild-karl-posch-lr-299x199.jpg 299w, https:\/\/www.skimo.at\/rennen\/files\/2023\/12\/zwieselalmaufstieg-2023-motiv-34-bild-karl-posch-lr-1224x816.jpg 1224w, https:\/\/www.skimo.at\/rennen\/files\/2023\/12\/zwieselalmaufstieg-2023-motiv-34-bild-karl-posch-lr-970x647.jpg 970w, https:\/\/www.skimo.at\/rennen\/files\/2023\/12\/zwieselalmaufstieg-2023-motiv-34-bild-karl-posch-lr-140x93.jpg 140w, https:\/\/www.skimo.at\/rennen\/files\/2023\/12\/zwieselalmaufstieg-2023-motiv-34-bild-karl-posch-lr-540x360.jpg 540w, https:\/\/www.skimo.at\/rennen\/files\/2023\/12\/zwieselalmaufstieg-2023-motiv-34-bild-karl-posch-lr.jpg 1920w\" sizes=\"(max-width: 1024px) 100vw, 1024px\" \/><\/a><\/figure><\/li><li class=\"blocks-gallery-item\"><figure><a href=\"https:\/\/www.skimo.at\/rennen\/?attachment_id=299681\"><img loading=\"lazy\" width=\"1024\" height=\"683\" src=\"https:\/\/www.skimo.at\/rennen\/files\/2023\/12\/zwieselalmaufstieg-2023-motiv-37-bild-karl-posch-lr-1024x683.jpg\" alt=\"\" data-id=\"299681\" data-full-url=\"https:\/\/www.skimo.at\/rennen\/files\/2023\/12\/zwieselalmaufstieg-2023-motiv-37-bild-karl-posch-lr.jpg\" data-link=\"https:\/\/www.skimo.at\/rennen\/?attachment_id=299681\" class=\"wp-image-299681\" srcset=\"https:\/\/www.skimo.at\/rennen\/files\/2023\/12\/zwieselalmaufstieg-2023-motiv-37-bild-karl-posch-lr-1024x683.jpg 1024w, https:\/\/www.skimo.at\/rennen\/files\/2023\/12\/zwieselalmaufstieg-2023-motiv-37-bild-karl-posch-lr-300x200.jpg 300w, https:\/\/www.skimo.at\/rennen\/files\/2023\/12\/zwieselalmaufstieg-2023-motiv-37-bild-karl-posch-lr-768x512.jpg 768w, https:\/\/www.skimo.at\/rennen\/files\/2023\/12\/zwieselalmaufstieg-2023-motiv-37-bild-karl-posch-lr-746x497.jpg 746w, https:\/\/www.skimo.at\/rennen\/files\/2023\/12\/zwieselalmaufstieg-2023-motiv-37-bild-karl-posch-lr-618x412.jpg 618w, https:\/\/www.skimo.at\/rennen\/files\/2023\/12\/zwieselalmaufstieg-2023-motiv-37-bild-karl-posch-lr-554x369.jpg 554w, https:\/\/www.skimo.at\/rennen\/files\/2023\/12\/zwieselalmaufstieg-2023-motiv-37-bild-karl-posch-lr-299x199.jpg 299w, https:\/\/www.skimo.at\/rennen\/files\/2023\/12\/zwieselalmaufstieg-2023-motiv-37-bild-karl-posch-lr-1224x816.jpg 1224w, https:\/\/www.skimo.at\/rennen\/files\/2023\/12\/zwieselalmaufstieg-2023-motiv-37-bild-karl-posch-lr-970x647.jpg 970w, https:\/\/www.skimo.at\/rennen\/files\/2023\/12\/zwieselalmaufstieg-2023-motiv-37-bild-karl-posch-lr-140x93.jpg 140w, https:\/\/www.skimo.at\/rennen\/files\/2023\/12\/zwieselalmaufstieg-2023-motiv-37-bild-karl-posch-lr-540x360.jpg 540w, https:\/\/www.skimo.at\/rennen\/files\/2023\/12\/zwieselalmaufstieg-2023-motiv-37-bild-karl-posch-lr.jpg 1920w\" sizes=\"(max-width: 1024px) 100vw, 1024px\" \/><\/a><\/figure><\/li><li class=\"blocks-gallery-item\"><figure><a href=\"https:\/\/www.skimo.at\/rennen\/?attachment_id=299682\"><img loading=\"lazy\" width=\"1024\" height=\"683\" src=\"https:\/\/www.skimo.at\/rennen\/files\/2023\/12\/zwieselalmaufstieg-2023-motiv-38-bild-karl-posch-lr-1024x683.jpg\" alt=\"\" data-id=\"299682\" data-full-url=\"https:\/\/www.skimo.at\/rennen\/files\/2023\/12\/zwieselalmaufstieg-2023-motiv-38-bild-karl-posch-lr.jpg\" data-link=\"https:\/\/www.skimo.at\/rennen\/?attachment_id=299682\" class=\"wp-image-299682\" srcset=\"https:\/\/www.skimo.at\/rennen\/files\/2023\/12\/zwieselalmaufstieg-2023-motiv-38-bild-karl-posch-lr-1024x683.jpg 1024w, https:\/\/www.skimo.at\/rennen\/files\/2023\/12\/zwieselalmaufstieg-2023-motiv-38-bild-karl-posch-lr-300x200.jpg 300w, https:\/\/www.skimo.at\/rennen\/files\/2023\/12\/zwieselalmaufstieg-2023-motiv-38-bild-karl-posch-lr-768x512.jpg 768w, https:\/\/www.skimo.at\/rennen\/files\/2023\/12\/zwieselalmaufstieg-2023-motiv-38-bild-karl-posch-lr-746x497.jpg 746w, https:\/\/www.skimo.at\/rennen\/files\/2023\/12\/zwieselalmaufstieg-2023-motiv-38-bild-karl-posch-lr-618x412.jpg 618w, https:\/\/www.skimo.at\/rennen\/files\/2023\/12\/zwieselalmaufstieg-2023-motiv-38-bild-karl-posch-lr-554x369.jpg 554w, https:\/\/www.skimo.at\/rennen\/files\/2023\/12\/zwieselalmaufstieg-2023-motiv-38-bild-karl-posch-lr-299x199.jpg 299w, https:\/\/www.skimo.at\/rennen\/files\/2023\/12\/zwieselalmaufstieg-2023-motiv-38-bild-karl-posch-lr-1224x816.jpg 1224w, https:\/\/www.skimo.at\/rennen\/files\/2023\/12\/zwieselalmaufstieg-2023-motiv-38-bild-karl-posch-lr-970x647.jpg 970w, https:\/\/www.skimo.at\/rennen\/files\/2023\/12\/zwieselalmaufstieg-2023-motiv-38-bild-karl-posch-lr-140x93.jpg 140w, https:\/\/www.skimo.at\/rennen\/files\/2023\/12\/zwieselalmaufstieg-2023-motiv-38-bild-karl-posch-lr-540x360.jpg 540w, https:\/\/www.skimo.at\/rennen\/files\/2023\/12\/zwieselalmaufstieg-2023-motiv-38-bild-karl-posch-lr.jpg 1920w\" sizes=\"(max-width: 1024px) 100vw, 1024px\" \/><\/a><\/figure><\/li><li class=\"blocks-gallery-item\"><figure><a href=\"https:\/\/www.skimo.at\/rennen\/?attachment_id=299683\"><img loading=\"lazy\" width=\"1024\" height=\"683\" src=\"https:\/\/www.skimo.at\/rennen\/files\/2023\/12\/zwieselalmaufstieg-2023-motiv-39-bild-karl-posch-lr-1024x683.jpg\" alt=\"\" data-id=\"299683\" data-full-url=\"https:\/\/www.skimo.at\/rennen\/files\/2023\/12\/zwieselalmaufstieg-2023-motiv-39-bild-karl-posch-lr.jpg\" data-link=\"https:\/\/www.skimo.at\/rennen\/?attachment_id=299683\" class=\"wp-image-299683\" srcset=\"https:\/\/www.skimo.at\/rennen\/files\/2023\/12\/zwieselalmaufstieg-2023-motiv-39-bild-karl-posch-lr-1024x683.jpg 1024w, https:\/\/www.skimo.at\/rennen\/files\/2023\/12\/zwieselalmaufstieg-2023-motiv-39-bild-karl-posch-lr-300x200.jpg 300w, https:\/\/www.skimo.at\/rennen\/files\/2023\/12\/zwieselalmaufstieg-2023-motiv-39-bild-karl-posch-lr-768x512.jpg 768w, https:\/\/www.skimo.at\/rennen\/files\/2023\/12\/zwieselalmaufstieg-2023-motiv-39-bild-karl-posch-lr-746x497.jpg 746w, https:\/\/www.skimo.at\/rennen\/files\/2023\/12\/zwieselalmaufstieg-2023-motiv-39-bild-karl-posch-lr-618x412.jpg 618w, https:\/\/www.skimo.at\/rennen\/files\/2023\/12\/zwieselalmaufstieg-2023-motiv-39-bild-karl-posch-lr-554x369.jpg 554w, https:\/\/www.skimo.at\/rennen\/files\/2023\/12\/zwieselalmaufstieg-2023-motiv-39-bild-karl-posch-lr-299x199.jpg 299w, https:\/\/www.skimo.at\/rennen\/files\/2023\/12\/zwieselalmaufstieg-2023-motiv-39-bild-karl-posch-lr-1224x816.jpg 1224w, https:\/\/www.skimo.at\/rennen\/files\/2023\/12\/zwieselalmaufstieg-2023-motiv-39-bild-karl-posch-lr-970x647.jpg 970w, https:\/\/www.skimo.at\/rennen\/files\/2023\/12\/zwieselalmaufstieg-2023-motiv-39-bild-karl-posch-lr-140x93.jpg 140w, https:\/\/www.skimo.at\/rennen\/files\/2023\/12\/zwieselalmaufstieg-2023-motiv-39-bild-karl-posch-lr-540x360.jpg 540w, https:\/\/www.skimo.at\/rennen\/files\/2023\/12\/zwieselalmaufstieg-2023-motiv-39-bild-karl-posch-lr.jpg 1920w\" sizes=\"(max-width: 1024px) 100vw, 1024px\" \/><\/a><\/figure><\/li><li class=\"blocks-gallery-item\"><figure><a href=\"https:\/\/www.skimo.at\/rennen\/?attachment_id=299684\"><img loading=\"lazy\" width=\"1024\" height=\"683\" src=\"https:\/\/www.skimo.at\/rennen\/files\/2023\/12\/zwieselalmaufstieg-2023-motiv-41-bild-karl-posch-lr-1024x683.jpg\" alt=\"\" data-id=\"299684\" data-full-url=\"https:\/\/www.skimo.at\/rennen\/files\/2023\/12\/zwieselalmaufstieg-2023-motiv-41-bild-karl-posch-lr.jpg\" data-link=\"https:\/\/www.skimo.at\/rennen\/?attachment_id=299684\" class=\"wp-image-299684\" srcset=\"https:\/\/www.skimo.at\/rennen\/files\/2023\/12\/zwieselalmaufstieg-2023-motiv-41-bild-karl-posch-lr-1024x683.jpg 1024w, https:\/\/www.skimo.at\/rennen\/files\/2023\/12\/zwieselalmaufstieg-2023-motiv-41-bild-karl-posch-lr-300x200.jpg 300w, https:\/\/www.skimo.at\/rennen\/files\/2023\/12\/zwieselalmaufstieg-2023-motiv-41-bild-karl-posch-lr-768x512.jpg 768w, https:\/\/www.skimo.at\/rennen\/files\/2023\/12\/zwieselalmaufstieg-2023-motiv-41-bild-karl-posch-lr-746x497.jpg 746w, https:\/\/www.skimo.at\/rennen\/files\/2023\/12\/zwieselalmaufstieg-2023-motiv-41-bild-karl-posch-lr-618x412.jpg 618w, https:\/\/www.skimo.at\/rennen\/files\/2023\/12\/zwieselalmaufstieg-2023-motiv-41-bild-karl-posch-lr-554x369.jpg 554w, https:\/\/www.skimo.at\/rennen\/files\/2023\/12\/zwieselalmaufstieg-2023-motiv-41-bild-karl-posch-lr-299x199.jpg 299w, https:\/\/www.skimo.at\/rennen\/files\/2023\/12\/zwieselalmaufstieg-2023-motiv-41-bild-karl-posch-lr-1224x816.jpg 1224w, https:\/\/www.skimo.at\/rennen\/files\/2023\/12\/zwieselalmaufstieg-2023-motiv-41-bild-karl-posch-lr-970x647.jpg 970w, https:\/\/www.skimo.at\/rennen\/files\/2023\/12\/zwieselalmaufstieg-2023-motiv-41-bild-karl-posch-lr-140x93.jpg 140w, https:\/\/www.skimo.at\/rennen\/files\/2023\/12\/zwieselalmaufstieg-2023-motiv-41-bild-karl-posch-lr-540x360.jpg 540w, https:\/\/www.skimo.at\/rennen\/files\/2023\/12\/zwieselalmaufstieg-2023-motiv-41-bild-karl-posch-lr.jpg 1920w\" sizes=\"(max-width: 1024px) 100vw, 1024px\" \/><\/a><\/figure><\/li><li class=\"blocks-gallery-item\"><figure><a href=\"https:\/\/www.skimo.at\/rennen\/?attachment_id=299685\"><img loading=\"lazy\" width=\"1024\" height=\"683\" src=\"https:\/\/www.skimo.at\/rennen\/files\/2023\/12\/zwieselalmaufstieg-2023-motiv-42-bild-karl-posch-lr-1024x683.jpg\" alt=\"\" data-id=\"299685\" data-full-url=\"https:\/\/www.skimo.at\/rennen\/files\/2023\/12\/zwieselalmaufstieg-2023-motiv-42-bild-karl-posch-lr.jpg\" data-link=\"https:\/\/www.skimo.at\/rennen\/?attachment_id=299685\" class=\"wp-image-299685\" srcset=\"https:\/\/www.skimo.at\/rennen\/files\/2023\/12\/zwieselalmaufstieg-2023-motiv-42-bild-karl-posch-lr-1024x683.jpg 1024w, https:\/\/www.skimo.at\/rennen\/files\/2023\/12\/zwieselalmaufstieg-2023-motiv-42-bild-karl-posch-lr-300x200.jpg 300w, https:\/\/www.skimo.at\/rennen\/files\/2023\/12\/zwieselalmaufstieg-2023-motiv-42-bild-karl-posch-lr-768x512.jpg 768w, https:\/\/www.skimo.at\/rennen\/files\/2023\/12\/zwieselalmaufstieg-2023-motiv-42-bild-karl-posch-lr-746x497.jpg 746w, https:\/\/www.skimo.at\/rennen\/files\/2023\/12\/zwieselalmaufstieg-2023-motiv-42-bild-karl-posch-lr-618x412.jpg 618w, https:\/\/www.skimo.at\/rennen\/files\/2023\/12\/zwieselalmaufstieg-2023-motiv-42-bild-karl-posch-lr-554x369.jpg 554w, https:\/\/www.skimo.at\/rennen\/files\/2023\/12\/zwieselalmaufstieg-2023-motiv-42-bild-karl-posch-lr-299x199.jpg 299w, https:\/\/www.skimo.at\/rennen\/files\/2023\/12\/zwieselalmaufstieg-2023-motiv-42-bild-karl-posch-lr-1224x816.jpg 1224w, https:\/\/www.skimo.at\/rennen\/files\/2023\/12\/zwieselalmaufstieg-2023-motiv-42-bild-karl-posch-lr-970x647.jpg 970w, https:\/\/www.skimo.at\/rennen\/files\/2023\/12\/zwieselalmaufstieg-2023-motiv-42-bild-karl-posch-lr-140x93.jpg 140w, https:\/\/www.skimo.at\/rennen\/files\/2023\/12\/zwieselalmaufstieg-2023-motiv-42-bild-karl-posch-lr-540x360.jpg 540w, https:\/\/www.skimo.at\/rennen\/files\/2023\/12\/zwieselalmaufstieg-2023-motiv-42-bild-karl-posch-lr.jpg 1920w\" sizes=\"(max-width: 1024px) 100vw, 1024px\" \/><\/a><\/figure><\/li><li class=\"blocks-gallery-item\"><figure><a href=\"https:\/\/www.skimo.at\/rennen\/?attachment_id=299686\"><img loading=\"lazy\" width=\"1024\" height=\"683\" src=\"https:\/\/www.skimo.at\/rennen\/files\/2023\/12\/zwieselalmaufstieg-2023-motiv-43-bild-karl-posch-lr-1024x683.jpg\" alt=\"\" data-id=\"299686\" data-full-url=\"https:\/\/www.skimo.at\/rennen\/files\/2023\/12\/zwieselalmaufstieg-2023-motiv-43-bild-karl-posch-lr.jpg\" data-link=\"https:\/\/www.skimo.at\/rennen\/?attachment_id=299686\" class=\"wp-image-299686\" srcset=\"https:\/\/www.skimo.at\/rennen\/files\/2023\/12\/zwieselalmaufstieg-2023-motiv-43-bild-karl-posch-lr-1024x683.jpg 1024w, https:\/\/www.skimo.at\/rennen\/files\/2023\/12\/zwieselalmaufstieg-2023-motiv-43-bild-karl-posch-lr-300x200.jpg 300w, https:\/\/www.skimo.at\/rennen\/files\/2023\/12\/zwieselalmaufstieg-2023-motiv-43-bild-karl-posch-lr-768x512.jpg 768w, https:\/\/www.skimo.at\/rennen\/files\/2023\/12\/zwieselalmaufstieg-2023-motiv-43-bild-karl-posch-lr-746x497.jpg 746w, https:\/\/www.skimo.at\/rennen\/files\/2023\/12\/zwieselalmaufstieg-2023-motiv-43-bild-karl-posch-lr-618x412.jpg 618w, https:\/\/www.skimo.at\/rennen\/files\/2023\/12\/zwieselalmaufstieg-2023-motiv-43-bild-karl-posch-lr-554x369.jpg 554w, https:\/\/www.skimo.at\/rennen\/files\/2023\/12\/zwieselalmaufstieg-2023-motiv-43-bild-karl-posch-lr-299x199.jpg 299w, https:\/\/www.skimo.at\/rennen\/files\/2023\/12\/zwieselalmaufstieg-2023-motiv-43-bild-karl-posch-lr-1224x816.jpg 1224w, https:\/\/www.skimo.at\/rennen\/files\/2023\/12\/zwieselalmaufstieg-2023-motiv-43-bild-karl-posch-lr-970x647.jpg 970w, https:\/\/www.skimo.at\/rennen\/files\/2023\/12\/zwieselalmaufstieg-2023-motiv-43-bild-karl-posch-lr-140x93.jpg 140w, https:\/\/www.skimo.at\/rennen\/files\/2023\/12\/zwieselalmaufstieg-2023-motiv-43-bild-karl-posch-lr-540x360.jpg 540w, https:\/\/www.skimo.at\/rennen\/files\/2023\/12\/zwieselalmaufstieg-2023-motiv-43-bild-karl-posch-lr.jpg 1920w\" sizes=\"(max-width: 1024px) 100vw, 1024px\" \/><\/a><\/figure><\/li><li class=\"blocks-gallery-item\"><figure><a href=\"https:\/\/www.skimo.at\/rennen\/?attachment_id=299687\"><img loading=\"lazy\" width=\"1024\" height=\"683\" src=\"https:\/\/www.skimo.at\/rennen\/files\/2023\/12\/zwieselalmaufstieg-2023-motiv-44-bild-andreas-renner-lr-1024x683.jpg\" alt=\"\" data-id=\"299687\" data-full-url=\"https:\/\/www.skimo.at\/rennen\/files\/2023\/12\/zwieselalmaufstieg-2023-motiv-44-bild-andreas-renner-lr.jpg\" data-link=\"https:\/\/www.skimo.at\/rennen\/?attachment_id=299687\" class=\"wp-image-299687\" srcset=\"https:\/\/www.skimo.at\/rennen\/files\/2023\/12\/zwieselalmaufstieg-2023-motiv-44-bild-andreas-renner-lr-1024x683.jpg 1024w, https:\/\/www.skimo.at\/rennen\/files\/2023\/12\/zwieselalmaufstieg-2023-motiv-44-bild-andreas-renner-lr-300x200.jpg 300w, https:\/\/www.skimo.at\/rennen\/files\/2023\/12\/zwieselalmaufstieg-2023-motiv-44-bild-andreas-renner-lr-768x512.jpg 768w, https:\/\/www.skimo.at\/rennen\/files\/2023\/12\/zwieselalmaufstieg-2023-motiv-44-bild-andreas-renner-lr-746x497.jpg 746w, https:\/\/www.skimo.at\/rennen\/files\/2023\/12\/zwieselalmaufstieg-2023-motiv-44-bild-andreas-renner-lr-618x412.jpg 618w, https:\/\/www.skimo.at\/rennen\/files\/2023\/12\/zwieselalmaufstieg-2023-motiv-44-bild-andreas-renner-lr-554x369.jpg 554w, https:\/\/www.skimo.at\/rennen\/files\/2023\/12\/zwieselalmaufstieg-2023-motiv-44-bild-andreas-renner-lr-299x199.jpg 299w, https:\/\/www.skimo.at\/rennen\/files\/2023\/12\/zwieselalmaufstieg-2023-motiv-44-bild-andreas-renner-lr-1224x816.jpg 1224w, https:\/\/www.skimo.at\/rennen\/files\/2023\/12\/zwieselalmaufstieg-2023-motiv-44-bild-andreas-renner-lr-970x647.jpg 970w, https:\/\/www.skimo.at\/rennen\/files\/2023\/12\/zwieselalmaufstieg-2023-motiv-44-bild-andreas-renner-lr-140x93.jpg 140w, https:\/\/www.skimo.at\/rennen\/files\/2023\/12\/zwieselalmaufstieg-2023-motiv-44-bild-andreas-renner-lr-540x360.jpg 540w, https:\/\/www.skimo.at\/rennen\/files\/2023\/12\/zwieselalmaufstieg-2023-motiv-44-bild-andreas-renner-lr.jpg 1920w\" sizes=\"(max-width: 1024px) 100vw, 1024px\" \/><\/a><\/figure><\/li><li class=\"blocks-gallery-item\"><figure><a href=\"https:\/\/www.skimo.at\/rennen\/?attachment_id=299688\"><img loading=\"lazy\" width=\"1024\" height=\"683\" src=\"https:\/\/www.skimo.at\/rennen\/files\/2023\/12\/zwieselalmaufstieg-2023-motiv-45-bild-andreas-renner-lr-1024x683.jpg\" alt=\"\" data-id=\"299688\" data-full-url=\"https:\/\/www.skimo.at\/rennen\/files\/2023\/12\/zwieselalmaufstieg-2023-motiv-45-bild-andreas-renner-lr.jpg\" data-link=\"https:\/\/www.skimo.at\/rennen\/?attachment_id=299688\" class=\"wp-image-299688\" srcset=\"https:\/\/www.skimo.at\/rennen\/files\/2023\/12\/zwieselalmaufstieg-2023-motiv-45-bild-andreas-renner-lr-1024x683.jpg 1024w, https:\/\/www.skimo.at\/rennen\/files\/2023\/12\/zwieselalmaufstieg-2023-motiv-45-bild-andreas-renner-lr-300x200.jpg 300w, https:\/\/www.skimo.at\/rennen\/files\/2023\/12\/zwieselalmaufstieg-2023-motiv-45-bild-andreas-renner-lr-768x512.jpg 768w, https:\/\/www.skimo.at\/rennen\/files\/2023\/12\/zwieselalmaufstieg-2023-motiv-45-bild-andreas-renner-lr-746x497.jpg 746w, https:\/\/www.skimo.at\/rennen\/files\/2023\/12\/zwieselalmaufstieg-2023-motiv-45-bild-andreas-renner-lr-618x412.jpg 618w, https:\/\/www.skimo.at\/rennen\/files\/2023\/12\/zwieselalmaufstieg-2023-motiv-45-bild-andreas-renner-lr-554x369.jpg 554w, https:\/\/www.skimo.at\/rennen\/files\/2023\/12\/zwieselalmaufstieg-2023-motiv-45-bild-andreas-renner-lr-299x199.jpg 299w, https:\/\/www.skimo.at\/rennen\/files\/2023\/12\/zwieselalmaufstieg-2023-motiv-45-bild-andreas-renner-lr-1224x816.jpg 1224w, https:\/\/www.skimo.at\/rennen\/files\/2023\/12\/zwieselalmaufstieg-2023-motiv-45-bild-andreas-renner-lr-970x647.jpg 970w, https:\/\/www.skimo.at\/rennen\/files\/2023\/12\/zwieselalmaufstieg-2023-motiv-45-bild-andreas-renner-lr-140x93.jpg 140w, https:\/\/www.skimo.at\/rennen\/files\/2023\/12\/zwieselalmaufstieg-2023-motiv-45-bild-andreas-renner-lr-540x360.jpg 540w, https:\/\/www.skimo.at\/rennen\/files\/2023\/12\/zwieselalmaufstieg-2023-motiv-45-bild-andreas-renner-lr.jpg 1920w\" sizes=\"(max-width: 1024px) 100vw, 1024px\" \/><\/a><\/figure><\/li><li class=\"blocks-gallery-item\"><figure><a href=\"https:\/\/www.skimo.at\/rennen\/?attachment_id=299689\"><img loading=\"lazy\" width=\"1024\" height=\"683\" src=\"https:\/\/www.skimo.at\/rennen\/files\/2023\/12\/zwieselalmaufstieg-2023-motiv-46-bild-andreas-renner-lr-1024x683.jpg\" alt=\"\" data-id=\"299689\" data-full-url=\"https:\/\/www.skimo.at\/rennen\/files\/2023\/12\/zwieselalmaufstieg-2023-motiv-46-bild-andreas-renner-lr.jpg\" data-link=\"https:\/\/www.skimo.at\/rennen\/?attachment_id=299689\" class=\"wp-image-299689\" srcset=\"https:\/\/www.skimo.at\/rennen\/files\/2023\/12\/zwieselalmaufstieg-2023-motiv-46-bild-andreas-renner-lr-1024x683.jpg 1024w, https:\/\/www.skimo.at\/rennen\/files\/2023\/12\/zwieselalmaufstieg-2023-motiv-46-bild-andreas-renner-lr-300x200.jpg 300w, https:\/\/www.skimo.at\/rennen\/files\/2023\/12\/zwieselalmaufstieg-2023-motiv-46-bild-andreas-renner-lr-768x512.jpg 768w, https:\/\/www.skimo.at\/rennen\/files\/2023\/12\/zwieselalmaufstieg-2023-motiv-46-bild-andreas-renner-lr-746x497.jpg 746w, https:\/\/www.skimo.at\/rennen\/files\/2023\/12\/zwieselalmaufstieg-2023-motiv-46-bild-andreas-renner-lr-618x412.jpg 618w, https:\/\/www.skimo.at\/rennen\/files\/2023\/12\/zwieselalmaufstieg-2023-motiv-46-bild-andreas-renner-lr-554x369.jpg 554w, https:\/\/www.skimo.at\/rennen\/files\/2023\/12\/zwieselalmaufstieg-2023-motiv-46-bild-andreas-renner-lr-299x199.jpg 299w, https:\/\/www.skimo.at\/rennen\/files\/2023\/12\/zwieselalmaufstieg-2023-motiv-46-bild-andreas-renner-lr-1224x816.jpg 1224w, https:\/\/www.skimo.at\/rennen\/files\/2023\/12\/zwieselalmaufstieg-2023-motiv-46-bild-andreas-renner-lr-970x647.jpg 970w, https:\/\/www.skimo.at\/rennen\/files\/2023\/12\/zwieselalmaufstieg-2023-motiv-46-bild-andreas-renner-lr-140x93.jpg 140w, https:\/\/www.skimo.at\/rennen\/files\/2023\/12\/zwieselalmaufstieg-2023-motiv-46-bild-andreas-renner-lr-540x360.jpg 540w, https:\/\/www.skimo.at\/rennen\/files\/2023\/12\/zwieselalmaufstieg-2023-motiv-46-bild-andreas-renner-lr.jpg 1920w\" sizes=\"(max-width: 1024px) 100vw, 1024px\" \/><\/a><\/figure><\/li><li class=\"blocks-gallery-item\"><figure><a href=\"https:\/\/www.skimo.at\/rennen\/?attachment_id=299690\"><img loading=\"lazy\" width=\"1024\" height=\"683\" src=\"https:\/\/www.skimo.at\/rennen\/files\/2023\/12\/zwieselalmaufstieg-2023-motiv-47-bild-andreas-renner-lr-1024x683.jpg\" alt=\"\" data-id=\"299690\" data-full-url=\"https:\/\/www.skimo.at\/rennen\/files\/2023\/12\/zwieselalmaufstieg-2023-motiv-47-bild-andreas-renner-lr.jpg\" data-link=\"https:\/\/www.skimo.at\/rennen\/?attachment_id=299690\" class=\"wp-image-299690\" srcset=\"https:\/\/www.skimo.at\/rennen\/files\/2023\/12\/zwieselalmaufstieg-2023-motiv-47-bild-andreas-renner-lr-1024x683.jpg 1024w, https:\/\/www.skimo.at\/rennen\/files\/2023\/12\/zwieselalmaufstieg-2023-motiv-47-bild-andreas-renner-lr-300x200.jpg 300w, https:\/\/www.skimo.at\/rennen\/files\/2023\/12\/zwieselalmaufstieg-2023-motiv-47-bild-andreas-renner-lr-768x512.jpg 768w, https:\/\/www.skimo.at\/rennen\/files\/2023\/12\/zwieselalmaufstieg-2023-motiv-47-bild-andreas-renner-lr-746x497.jpg 746w, https:\/\/www.skimo.at\/rennen\/files\/2023\/12\/zwieselalmaufstieg-2023-motiv-47-bild-andreas-renner-lr-618x412.jpg 618w, https:\/\/www.skimo.at\/rennen\/files\/2023\/12\/zwieselalmaufstieg-2023-motiv-47-bild-andreas-renner-lr-554x369.jpg 554w, https:\/\/www.skimo.at\/rennen\/files\/2023\/12\/zwieselalmaufstieg-2023-motiv-47-bild-andreas-renner-lr-299x199.jpg 299w, https:\/\/www.skimo.at\/rennen\/files\/2023\/12\/zwieselalmaufstieg-2023-motiv-47-bild-andreas-renner-lr-1224x816.jpg 1224w, https:\/\/www.skimo.at\/rennen\/files\/2023\/12\/zwieselalmaufstieg-2023-motiv-47-bild-andreas-renner-lr-970x647.jpg 970w, https:\/\/www.skimo.at\/rennen\/files\/2023\/12\/zwieselalmaufstieg-2023-motiv-47-bild-andreas-renner-lr-140x93.jpg 140w, https:\/\/www.skimo.at\/rennen\/files\/2023\/12\/zwieselalmaufstieg-2023-motiv-47-bild-andreas-renner-lr-540x360.jpg 540w, https:\/\/www.skimo.at\/rennen\/files\/2023\/12\/zwieselalmaufstieg-2023-motiv-47-bild-andreas-renner-lr.jpg 1920w\" sizes=\"(max-width: 1024px) 100vw, 1024px\" \/><\/a><\/figure><\/li><li class=\"blocks-gallery-item\"><figure><a href=\"https:\/\/www.skimo.at\/rennen\/?attachment_id=299691\"><img loading=\"lazy\" width=\"1024\" height=\"683\" src=\"https:\/\/www.skimo.at\/rennen\/files\/2023\/12\/zwieselalmaufstieg-2023-motiv-48-bild-andreas-renner-lr-1024x683.jpg\" alt=\"\" data-id=\"299691\" data-full-url=\"https:\/\/www.skimo.at\/rennen\/files\/2023\/12\/zwieselalmaufstieg-2023-motiv-48-bild-andreas-renner-lr.jpg\" data-link=\"https:\/\/www.skimo.at\/rennen\/?attachment_id=299691\" class=\"wp-image-299691\" srcset=\"https:\/\/www.skimo.at\/rennen\/files\/2023\/12\/zwieselalmaufstieg-2023-motiv-48-bild-andreas-renner-lr-1024x683.jpg 1024w, https:\/\/www.skimo.at\/rennen\/files\/2023\/12\/zwieselalmaufstieg-2023-motiv-48-bild-andreas-renner-lr-300x200.jpg 300w, https:\/\/www.skimo.at\/rennen\/files\/2023\/12\/zwieselalmaufstieg-2023-motiv-48-bild-andreas-renner-lr-768x512.jpg 768w, https:\/\/www.skimo.at\/rennen\/files\/2023\/12\/zwieselalmaufstieg-2023-motiv-48-bild-andreas-renner-lr-746x497.jpg 746w, https:\/\/www.skimo.at\/rennen\/files\/2023\/12\/zwieselalmaufstieg-2023-motiv-48-bild-andreas-renner-lr-618x412.jpg 618w, https:\/\/www.skimo.at\/rennen\/files\/2023\/12\/zwieselalmaufstieg-2023-motiv-48-bild-andreas-renner-lr-554x369.jpg 554w, https:\/\/www.skimo.at\/rennen\/files\/2023\/12\/zwieselalmaufstieg-2023-motiv-48-bild-andreas-renner-lr-299x199.jpg 299w, https:\/\/www.skimo.at\/rennen\/files\/2023\/12\/zwieselalmaufstieg-2023-motiv-48-bild-andreas-renner-lr-1224x816.jpg 1224w, https:\/\/www.skimo.at\/rennen\/files\/2023\/12\/zwieselalmaufstieg-2023-motiv-48-bild-andreas-renner-lr-970x647.jpg 970w, https:\/\/www.skimo.at\/rennen\/files\/2023\/12\/zwieselalmaufstieg-2023-motiv-48-bild-andreas-renner-lr-140x93.jpg 140w, https:\/\/www.skimo.at\/rennen\/files\/2023\/12\/zwieselalmaufstieg-2023-motiv-48-bild-andreas-renner-lr-540x360.jpg 540w, https:\/\/www.skimo.at\/rennen\/files\/2023\/12\/zwieselalmaufstieg-2023-motiv-48-bild-andreas-renner-lr.jpg 1920w\" sizes=\"(max-width: 1024px) 100vw, 1024px\" \/><\/a><\/figure><\/li><li class=\"blocks-gallery-item\"><figure><a href=\"https:\/\/www.skimo.at\/rennen\/?attachment_id=299692\"><img loading=\"lazy\" width=\"1024\" height=\"683\" src=\"https:\/\/www.skimo.at\/rennen\/files\/2023\/12\/zwieselalmaufstieg-2023-motiv-49-bild-andreas-renner-lr-1024x683.jpg\" alt=\"\" data-id=\"299692\" data-full-url=\"https:\/\/www.skimo.at\/rennen\/files\/2023\/12\/zwieselalmaufstieg-2023-motiv-49-bild-andreas-renner-lr.jpg\" data-link=\"https:\/\/www.skimo.at\/rennen\/?attachment_id=299692\" class=\"wp-image-299692\" srcset=\"https:\/\/www.skimo.at\/rennen\/files\/2023\/12\/zwieselalmaufstieg-2023-motiv-49-bild-andreas-renner-lr-1024x683.jpg 1024w, https:\/\/www.skimo.at\/rennen\/files\/2023\/12\/zwieselalmaufstieg-2023-motiv-49-bild-andreas-renner-lr-300x200.jpg 300w, https:\/\/www.skimo.at\/rennen\/files\/2023\/12\/zwieselalmaufstieg-2023-motiv-49-bild-andreas-renner-lr-768x512.jpg 768w, https:\/\/www.skimo.at\/rennen\/files\/2023\/12\/zwieselalmaufstieg-2023-motiv-49-bild-andreas-renner-lr-746x497.jpg 746w, https:\/\/www.skimo.at\/rennen\/files\/2023\/12\/zwieselalmaufstieg-2023-motiv-49-bild-andreas-renner-lr-618x412.jpg 618w, https:\/\/www.skimo.at\/rennen\/files\/2023\/12\/zwieselalmaufstieg-2023-motiv-49-bild-andreas-renner-lr-554x369.jpg 554w, https:\/\/www.skimo.at\/rennen\/files\/2023\/12\/zwieselalmaufstieg-2023-motiv-49-bild-andreas-renner-lr-299x199.jpg 299w, https:\/\/www.skimo.at\/rennen\/files\/2023\/12\/zwieselalmaufstieg-2023-motiv-49-bild-andreas-renner-lr-1224x816.jpg 1224w, https:\/\/www.skimo.at\/rennen\/files\/2023\/12\/zwieselalmaufstieg-2023-motiv-49-bild-andreas-renner-lr-970x647.jpg 970w, https:\/\/www.skimo.at\/rennen\/files\/2023\/12\/zwieselalmaufstieg-2023-motiv-49-bild-andreas-renner-lr-140x93.jpg 140w, https:\/\/www.skimo.at\/rennen\/files\/2023\/12\/zwieselalmaufstieg-2023-motiv-49-bild-andreas-renner-lr-540x360.jpg 540w, https:\/\/www.skimo.at\/rennen\/files\/2023\/12\/zwieselalmaufstieg-2023-motiv-49-bild-andreas-renner-lr.jpg 1920w\" sizes=\"(max-width: 1024px) 100vw, 1024px\" \/><\/a><\/figure><\/li><li class=\"blocks-gallery-item\"><figure><a href=\"https:\/\/www.skimo.at\/rennen\/?attachment_id=299693\"><img loading=\"lazy\" width=\"1024\" height=\"683\" src=\"https:\/\/www.skimo.at\/rennen\/files\/2023\/12\/zwieselalmaufstieg-2023-motiv-50-bild-andreas-renner-lr-1024x683.jpg\" alt=\"\" data-id=\"299693\" data-full-url=\"https:\/\/www.skimo.at\/rennen\/files\/2023\/12\/zwieselalmaufstieg-2023-motiv-50-bild-andreas-renner-lr.jpg\" data-link=\"https:\/\/www.skimo.at\/rennen\/?attachment_id=299693\" class=\"wp-image-299693\" srcset=\"https:\/\/www.skimo.at\/rennen\/files\/2023\/12\/zwieselalmaufstieg-2023-motiv-50-bild-andreas-renner-lr-1024x683.jpg 1024w, https:\/\/www.skimo.at\/rennen\/files\/2023\/12\/zwieselalmaufstieg-2023-motiv-50-bild-andreas-renner-lr-300x200.jpg 300w, https:\/\/www.skimo.at\/rennen\/files\/2023\/12\/zwieselalmaufstieg-2023-motiv-50-bild-andreas-renner-lr-768x512.jpg 768w, https:\/\/www.skimo.at\/rennen\/files\/2023\/12\/zwieselalmaufstieg-2023-motiv-50-bild-andreas-renner-lr-746x497.jpg 746w, https:\/\/www.skimo.at\/rennen\/files\/2023\/12\/zwieselalmaufstieg-2023-motiv-50-bild-andreas-renner-lr-618x412.jpg 618w, https:\/\/www.skimo.at\/rennen\/files\/2023\/12\/zwieselalmaufstieg-2023-motiv-50-bild-andreas-renner-lr-554x369.jpg 554w, https:\/\/www.skimo.at\/rennen\/files\/2023\/12\/zwieselalmaufstieg-2023-motiv-50-bild-andreas-renner-lr-299x199.jpg 299w, https:\/\/www.skimo.at\/rennen\/files\/2023\/12\/zwieselalmaufstieg-2023-motiv-50-bild-andreas-renner-lr-1224x816.jpg 1224w, https:\/\/www.skimo.at\/rennen\/files\/2023\/12\/zwieselalmaufstieg-2023-motiv-50-bild-andreas-renner-lr-970x647.jpg 970w, https:\/\/www.skimo.at\/rennen\/files\/2023\/12\/zwieselalmaufstieg-2023-motiv-50-bild-andreas-renner-lr-140x93.jpg 140w, https:\/\/www.skimo.at\/rennen\/files\/2023\/12\/zwieselalmaufstieg-2023-motiv-50-bild-andreas-renner-lr-540x360.jpg 540w, https:\/\/www.skimo.at\/rennen\/files\/2023\/12\/zwieselalmaufstieg-2023-motiv-50-bild-andreas-renner-lr.jpg 1920w\" sizes=\"(max-width: 1024px) 100vw, 1024px\" \/><\/a><\/figure><\/li><li class=\"blocks-gallery-item\"><figure><a href=\"https:\/\/www.skimo.at\/rennen\/?attachment_id=299694\"><img loading=\"lazy\" width=\"1024\" height=\"683\" src=\"https:\/\/www.skimo.at\/rennen\/files\/2023\/12\/zwieselalmaufstieg-2023-motiv-51-bild-andreas-renner-lr-1024x683.jpg\" alt=\"\" data-id=\"299694\" data-full-url=\"https:\/\/www.skimo.at\/rennen\/files\/2023\/12\/zwieselalmaufstieg-2023-motiv-51-bild-andreas-renner-lr.jpg\" data-link=\"https:\/\/www.skimo.at\/rennen\/?attachment_id=299694\" class=\"wp-image-299694\" srcset=\"https:\/\/www.skimo.at\/rennen\/files\/2023\/12\/zwieselalmaufstieg-2023-motiv-51-bild-andreas-renner-lr-1024x683.jpg 1024w, https:\/\/www.skimo.at\/rennen\/files\/2023\/12\/zwieselalmaufstieg-2023-motiv-51-bild-andreas-renner-lr-300x200.jpg 300w, https:\/\/www.skimo.at\/rennen\/files\/2023\/12\/zwieselalmaufstieg-2023-motiv-51-bild-andreas-renner-lr-768x512.jpg 768w, https:\/\/www.skimo.at\/rennen\/files\/2023\/12\/zwieselalmaufstieg-2023-motiv-51-bild-andreas-renner-lr-746x497.jpg 746w, https:\/\/www.skimo.at\/rennen\/files\/2023\/12\/zwieselalmaufstieg-2023-motiv-51-bild-andreas-renner-lr-618x412.jpg 618w, https:\/\/www.skimo.at\/rennen\/files\/2023\/12\/zwieselalmaufstieg-2023-motiv-51-bild-andreas-renner-lr-554x369.jpg 554w, https:\/\/www.skimo.at\/rennen\/files\/2023\/12\/zwieselalmaufstieg-2023-motiv-51-bild-andreas-renner-lr-299x199.jpg 299w, https:\/\/www.skimo.at\/rennen\/files\/2023\/12\/zwieselalmaufstieg-2023-motiv-51-bild-andreas-renner-lr-1224x816.jpg 1224w, https:\/\/www.skimo.at\/rennen\/files\/2023\/12\/zwieselalmaufstieg-2023-motiv-51-bild-andreas-renner-lr-970x647.jpg 970w, https:\/\/www.skimo.at\/rennen\/files\/2023\/12\/zwieselalmaufstieg-2023-motiv-51-bild-andreas-renner-lr-140x93.jpg 140w, https:\/\/www.skimo.at\/rennen\/files\/2023\/12\/zwieselalmaufstieg-2023-motiv-51-bild-andreas-renner-lr-540x360.jpg 540w, https:\/\/www.skimo.at\/rennen\/files\/2023\/12\/zwieselalmaufstieg-2023-motiv-51-bild-andreas-renner-lr.jpg 1920w\" sizes=\"(max-width: 1024px) 100vw, 1024px\" \/><\/a><\/figure><\/li><li class=\"blocks-gallery-item\"><figure><a href=\"https:\/\/www.skimo.at\/rennen\/?attachment_id=299695\"><img loading=\"lazy\" width=\"1024\" height=\"683\" src=\"https:\/\/www.skimo.at\/rennen\/files\/2023\/12\/zwieselalmaufstieg-2023-motiv-52-bild-andreas-renner-lr-1024x683.jpg\" alt=\"\" data-id=\"299695\" data-full-url=\"https:\/\/www.skimo.at\/rennen\/files\/2023\/12\/zwieselalmaufstieg-2023-motiv-52-bild-andreas-renner-lr.jpg\" data-link=\"https:\/\/www.skimo.at\/rennen\/?attachment_id=299695\" class=\"wp-image-299695\" srcset=\"https:\/\/www.skimo.at\/rennen\/files\/2023\/12\/zwieselalmaufstieg-2023-motiv-52-bild-andreas-renner-lr-1024x683.jpg 1024w, https:\/\/www.skimo.at\/rennen\/files\/2023\/12\/zwieselalmaufstieg-2023-motiv-52-bild-andreas-renner-lr-300x200.jpg 300w, https:\/\/www.skimo.at\/rennen\/files\/2023\/12\/zwieselalmaufstieg-2023-motiv-52-bild-andreas-renner-lr-768x512.jpg 768w, https:\/\/www.skimo.at\/rennen\/files\/2023\/12\/zwieselalmaufstieg-2023-motiv-52-bild-andreas-renner-lr-746x497.jpg 746w, https:\/\/www.skimo.at\/rennen\/files\/2023\/12\/zwieselalmaufstieg-2023-motiv-52-bild-andreas-renner-lr-618x412.jpg 618w, https:\/\/www.skimo.at\/rennen\/files\/2023\/12\/zwieselalmaufstieg-2023-motiv-52-bild-andreas-renner-lr-554x369.jpg 554w, https:\/\/www.skimo.at\/rennen\/files\/2023\/12\/zwieselalmaufstieg-2023-motiv-52-bild-andreas-renner-lr-299x199.jpg 299w, https:\/\/www.skimo.at\/rennen\/files\/2023\/12\/zwieselalmaufstieg-2023-motiv-52-bild-andreas-renner-lr-1224x816.jpg 1224w, https:\/\/www.skimo.at\/rennen\/files\/2023\/12\/zwieselalmaufstieg-2023-motiv-52-bild-andreas-renner-lr-970x647.jpg 970w, https:\/\/www.skimo.at\/rennen\/files\/2023\/12\/zwieselalmaufstieg-2023-motiv-52-bild-andreas-renner-lr-140x93.jpg 140w, https:\/\/www.skimo.at\/rennen\/files\/2023\/12\/zwieselalmaufstieg-2023-motiv-52-bild-andreas-renner-lr-540x360.jpg 540w, https:\/\/www.skimo.at\/rennen\/files\/2023\/12\/zwieselalmaufstieg-2023-motiv-52-bild-andreas-renner-lr.jpg 1920w\" sizes=\"(max-width: 1024px) 100vw, 1024px\" \/><\/a><\/figure><\/li><li class=\"blocks-gallery-item\"><figure><a href=\"https:\/\/www.skimo.at\/rennen\/?attachment_id=299696\"><img loading=\"lazy\" width=\"1024\" height=\"683\" src=\"https:\/\/www.skimo.at\/rennen\/files\/2023\/12\/zwieselalmaufstieg-2023-motiv-53-bild-andreas-renner-lr-1024x683.jpg\" alt=\"\" data-id=\"299696\" data-full-url=\"https:\/\/www.skimo.at\/rennen\/files\/2023\/12\/zwieselalmaufstieg-2023-motiv-53-bild-andreas-renner-lr.jpg\" data-link=\"https:\/\/www.skimo.at\/rennen\/?attachment_id=299696\" class=\"wp-image-299696\" srcset=\"https:\/\/www.skimo.at\/rennen\/files\/2023\/12\/zwieselalmaufstieg-2023-motiv-53-bild-andreas-renner-lr-1024x683.jpg 1024w, https:\/\/www.skimo.at\/rennen\/files\/2023\/12\/zwieselalmaufstieg-2023-motiv-53-bild-andreas-renner-lr-300x200.jpg 300w, https:\/\/www.skimo.at\/rennen\/files\/2023\/12\/zwieselalmaufstieg-2023-motiv-53-bild-andreas-renner-lr-768x512.jpg 768w, https:\/\/www.skimo.at\/rennen\/files\/2023\/12\/zwieselalmaufstieg-2023-motiv-53-bild-andreas-renner-lr-746x497.jpg 746w, https:\/\/www.skimo.at\/rennen\/files\/2023\/12\/zwieselalmaufstieg-2023-motiv-53-bild-andreas-renner-lr-618x412.jpg 618w, https:\/\/www.skimo.at\/rennen\/files\/2023\/12\/zwieselalmaufstieg-2023-motiv-53-bild-andreas-renner-lr-554x369.jpg 554w, https:\/\/www.skimo.at\/rennen\/files\/2023\/12\/zwieselalmaufstieg-2023-motiv-53-bild-andreas-renner-lr-299x199.jpg 299w, https:\/\/www.skimo.at\/rennen\/files\/2023\/12\/zwieselalmaufstieg-2023-motiv-53-bild-andreas-renner-lr-1224x816.jpg 1224w, https:\/\/www.skimo.at\/rennen\/files\/2023\/12\/zwieselalmaufstieg-2023-motiv-53-bild-andreas-renner-lr-970x647.jpg 970w, https:\/\/www.skimo.at\/rennen\/files\/2023\/12\/zwieselalmaufstieg-2023-motiv-53-bild-andreas-renner-lr-140x93.jpg 140w, https:\/\/www.skimo.at\/rennen\/files\/2023\/12\/zwieselalmaufstieg-2023-motiv-53-bild-andreas-renner-lr-540x360.jpg 540w, https:\/\/www.skimo.at\/rennen\/files\/2023\/12\/zwieselalmaufstieg-2023-motiv-53-bild-andreas-renner-lr.jpg 1920w\" sizes=\"(max-width: 1024px) 100vw, 1024px\" \/><\/a><\/figure><\/li><li class=\"blocks-gallery-item\"><figure><a href=\"https:\/\/www.skimo.at\/rennen\/?attachment_id=299697\"><img loading=\"lazy\" width=\"1024\" height=\"683\" src=\"https:\/\/www.skimo.at\/rennen\/files\/2023\/12\/zwieselalmaufstieg-2023-motiv-54-bild-andreas-renner-lr-1024x683.jpg\" alt=\"\" data-id=\"299697\" data-full-url=\"https:\/\/www.skimo.at\/rennen\/files\/2023\/12\/zwieselalmaufstieg-2023-motiv-54-bild-andreas-renner-lr.jpg\" data-link=\"https:\/\/www.skimo.at\/rennen\/?attachment_id=299697\" class=\"wp-image-299697\" srcset=\"https:\/\/www.skimo.at\/rennen\/files\/2023\/12\/zwieselalmaufstieg-2023-motiv-54-bild-andreas-renner-lr-1024x683.jpg 1024w, https:\/\/www.skimo.at\/rennen\/files\/2023\/12\/zwieselalmaufstieg-2023-motiv-54-bild-andreas-renner-lr-300x200.jpg 300w, https:\/\/www.skimo.at\/rennen\/files\/2023\/12\/zwieselalmaufstieg-2023-motiv-54-bild-andreas-renner-lr-768x512.jpg 768w, https:\/\/www.skimo.at\/rennen\/files\/2023\/12\/zwieselalmaufstieg-2023-motiv-54-bild-andreas-renner-lr-746x497.jpg 746w, https:\/\/www.skimo.at\/rennen\/files\/2023\/12\/zwieselalmaufstieg-2023-motiv-54-bild-andreas-renner-lr-618x412.jpg 618w, https:\/\/www.skimo.at\/rennen\/files\/2023\/12\/zwieselalmaufstieg-2023-motiv-54-bild-andreas-renner-lr-554x369.jpg 554w, https:\/\/www.skimo.at\/rennen\/files\/2023\/12\/zwieselalmaufstieg-2023-motiv-54-bild-andreas-renner-lr-299x199.jpg 299w, https:\/\/www.skimo.at\/rennen\/files\/2023\/12\/zwieselalmaufstieg-2023-motiv-54-bild-andreas-renner-lr-1224x816.jpg 1224w, https:\/\/www.skimo.at\/rennen\/files\/2023\/12\/zwieselalmaufstieg-2023-motiv-54-bild-andreas-renner-lr-970x647.jpg 970w, https:\/\/www.skimo.at\/rennen\/files\/2023\/12\/zwieselalmaufstieg-2023-motiv-54-bild-andreas-renner-lr-140x93.jpg 140w, https:\/\/www.skimo.at\/rennen\/files\/2023\/12\/zwieselalmaufstieg-2023-motiv-54-bild-andreas-renner-lr-540x360.jpg 540w, https:\/\/www.skimo.at\/rennen\/files\/2023\/12\/zwieselalmaufstieg-2023-motiv-54-bild-andreas-renner-lr.jpg 1920w\" sizes=\"(max-width: 1024px) 100vw, 1024px\" \/><\/a><\/figure><\/li><li class=\"blocks-gallery-item\"><figure><a href=\"https:\/\/www.skimo.at\/rennen\/?attachment_id=299698\"><img loading=\"lazy\" width=\"1024\" height=\"683\" src=\"https:\/\/www.skimo.at\/rennen\/files\/2023\/12\/zwieselalmaufstieg-2023-motiv-55-bild-andreas-renner-lr-1024x683.jpg\" alt=\"\" data-id=\"299698\" data-full-url=\"https:\/\/www.skimo.at\/rennen\/files\/2023\/12\/zwieselalmaufstieg-2023-motiv-55-bild-andreas-renner-lr.jpg\" data-link=\"https:\/\/www.skimo.at\/rennen\/?attachment_id=299698\" class=\"wp-image-299698\" srcset=\"https:\/\/www.skimo.at\/rennen\/files\/2023\/12\/zwieselalmaufstieg-2023-motiv-55-bild-andreas-renner-lr-1024x683.jpg 1024w, https:\/\/www.skimo.at\/rennen\/files\/2023\/12\/zwieselalmaufstieg-2023-motiv-55-bild-andreas-renner-lr-300x200.jpg 300w, https:\/\/www.skimo.at\/rennen\/files\/2023\/12\/zwieselalmaufstieg-2023-motiv-55-bild-andreas-renner-lr-768x512.jpg 768w, https:\/\/www.skimo.at\/rennen\/files\/2023\/12\/zwieselalmaufstieg-2023-motiv-55-bild-andreas-renner-lr-746x497.jpg 746w, https:\/\/www.skimo.at\/rennen\/files\/2023\/12\/zwieselalmaufstieg-2023-motiv-55-bild-andreas-renner-lr-618x412.jpg 618w, https:\/\/www.skimo.at\/rennen\/files\/2023\/12\/zwieselalmaufstieg-2023-motiv-55-bild-andreas-renner-lr-554x369.jpg 554w, https:\/\/www.skimo.at\/rennen\/files\/2023\/12\/zwieselalmaufstieg-2023-motiv-55-bild-andreas-renner-lr-299x199.jpg 299w, https:\/\/www.skimo.at\/rennen\/files\/2023\/12\/zwieselalmaufstieg-2023-motiv-55-bild-andreas-renner-lr-1224x816.jpg 1224w, https:\/\/www.skimo.at\/rennen\/files\/2023\/12\/zwieselalmaufstieg-2023-motiv-55-bild-andreas-renner-lr-970x647.jpg 970w, https:\/\/www.skimo.at\/rennen\/files\/2023\/12\/zwieselalmaufstieg-2023-motiv-55-bild-andreas-renner-lr-140x93.jpg 140w, https:\/\/www.skimo.at\/rennen\/files\/2023\/12\/zwieselalmaufstieg-2023-motiv-55-bild-andreas-renner-lr-540x360.jpg 540w, https:\/\/www.skimo.at\/rennen\/files\/2023\/12\/zwieselalmaufstieg-2023-motiv-55-bild-andreas-renner-lr.jpg 1920w\" sizes=\"(max-width: 1024px) 100vw, 1024px\" \/><\/a><\/figure><\/li><li class=\"blocks-gallery-item\"><figure><a href=\"https:\/\/www.skimo.at\/rennen\/?attachment_id=299699\"><img loading=\"lazy\" width=\"1024\" height=\"683\" src=\"https:\/\/www.skimo.at\/rennen\/files\/2023\/12\/zwieselalmaufstieg-2023-motiv-02-bild-karl-posch-lr-1024x683.jpg\" alt=\"\" data-id=\"299699\" data-full-url=\"https:\/\/www.skimo.at\/rennen\/files\/2023\/12\/zwieselalmaufstieg-2023-motiv-02-bild-karl-posch-lr.jpg\" data-link=\"https:\/\/www.skimo.at\/rennen\/?attachment_id=299699\" class=\"wp-image-299699\" srcset=\"https:\/\/www.skimo.at\/rennen\/files\/2023\/12\/zwieselalmaufstieg-2023-motiv-02-bild-karl-posch-lr-1024x683.jpg 1024w, https:\/\/www.skimo.at\/rennen\/files\/2023\/12\/zwieselalmaufstieg-2023-motiv-02-bild-karl-posch-lr-300x200.jpg 300w, https:\/\/www.skimo.at\/rennen\/files\/2023\/12\/zwieselalmaufstieg-2023-motiv-02-bild-karl-posch-lr-768x512.jpg 768w, https:\/\/www.skimo.at\/rennen\/files\/2023\/12\/zwieselalmaufstieg-2023-motiv-02-bild-karl-posch-lr-746x497.jpg 746w, https:\/\/www.skimo.at\/rennen\/files\/2023\/12\/zwieselalmaufstieg-2023-motiv-02-bild-karl-posch-lr-618x412.jpg 618w, https:\/\/www.skimo.at\/rennen\/files\/2023\/12\/zwieselalmaufstieg-2023-motiv-02-bild-karl-posch-lr-554x369.jpg 554w, https:\/\/www.skimo.at\/rennen\/files\/2023\/12\/zwieselalmaufstieg-2023-motiv-02-bild-karl-posch-lr-299x199.jpg 299w, https:\/\/www.skimo.at\/rennen\/files\/2023\/12\/zwieselalmaufstieg-2023-motiv-02-bild-karl-posch-lr-1224x816.jpg 1224w, https:\/\/www.skimo.at\/rennen\/files\/2023\/12\/zwieselalmaufstieg-2023-motiv-02-bild-karl-posch-lr-970x647.jpg 970w, https:\/\/www.skimo.at\/rennen\/files\/2023\/12\/zwieselalmaufstieg-2023-motiv-02-bild-karl-posch-lr-140x93.jpg 140w, https:\/\/www.skimo.at\/rennen\/files\/2023\/12\/zwieselalmaufstieg-2023-motiv-02-bild-karl-posch-lr-540x360.jpg 540w, https:\/\/www.skimo.at\/rennen\/files\/2023\/12\/zwieselalmaufstieg-2023-motiv-02-bild-karl-posch-lr.jpg 1920w\" sizes=\"(max-width: 1024px) 100vw, 1024px\" \/><\/a><\/figure><\/li><li class=\"blocks-gallery-item\"><figure><a href=\"https:\/\/www.skimo.at\/rennen\/?attachment_id=299700\"><img loading=\"lazy\" width=\"1024\" height=\"683\" src=\"https:\/\/www.skimo.at\/rennen\/files\/2023\/12\/zwieselalmaufstieg-2023-motiv-71-bild-andreas-renner-lr-1024x683.jpg\" alt=\"\" data-id=\"299700\" data-full-url=\"https:\/\/www.skimo.at\/rennen\/files\/2023\/12\/zwieselalmaufstieg-2023-motiv-71-bild-andreas-renner-lr.jpg\" data-link=\"https:\/\/www.skimo.at\/rennen\/?attachment_id=299700\" class=\"wp-image-299700\" srcset=\"https:\/\/www.skimo.at\/rennen\/files\/2023\/12\/zwieselalmaufstieg-2023-motiv-71-bild-andreas-renner-lr-1024x683.jpg 1024w, https:\/\/www.skimo.at\/rennen\/files\/2023\/12\/zwieselalmaufstieg-2023-motiv-71-bild-andreas-renner-lr-300x200.jpg 300w, https:\/\/www.skimo.at\/rennen\/files\/2023\/12\/zwieselalmaufstieg-2023-motiv-71-bild-andreas-renner-lr-768x512.jpg 768w, https:\/\/www.skimo.at\/rennen\/files\/2023\/12\/zwieselalmaufstieg-2023-motiv-71-bild-andreas-renner-lr-746x497.jpg 746w, https:\/\/www.skimo.at\/rennen\/files\/2023\/12\/zwieselalmaufstieg-2023-motiv-71-bild-andreas-renner-lr-618x412.jpg 618w, https:\/\/www.skimo.at\/rennen\/files\/2023\/12\/zwieselalmaufstieg-2023-motiv-71-bild-andreas-renner-lr-554x370.jpg 554w, https:\/\/www.skimo.at\/rennen\/files\/2023\/12\/zwieselalmaufstieg-2023-motiv-71-bild-andreas-renner-lr-299x199.jpg 299w, https:\/\/www.skimo.at\/rennen\/files\/2023\/12\/zwieselalmaufstieg-2023-motiv-71-bild-andreas-renner-lr-1224x817.jpg 1224w, https:\/\/www.skimo.at\/rennen\/files\/2023\/12\/zwieselalmaufstieg-2023-motiv-71-bild-andreas-renner-lr-970x647.jpg 970w, https:\/\/www.skimo.at\/rennen\/files\/2023\/12\/zwieselalmaufstieg-2023-motiv-71-bild-andreas-renner-lr-139x93.jpg 139w, https:\/\/www.skimo.at\/rennen\/files\/2023\/12\/zwieselalmaufstieg-2023-motiv-71-bild-andreas-renner-lr-540x360.jpg 540w, https:\/\/www.skimo.at\/rennen\/files\/2023\/12\/zwieselalmaufstieg-2023-motiv-71-bild-andreas-renner-lr.jpg 1920w\" sizes=\"(max-width: 1024px) 100vw, 1024px\" \/><\/a><\/figure><\/li><li class=\"blocks-gallery-item\"><figure><a href=\"https:\/\/www.skimo.at\/rennen\/?attachment_id=299701\"><img loading=\"lazy\" width=\"1024\" height=\"683\" src=\"https:\/\/www.skimo.at\/rennen\/files\/2023\/12\/zwieselalmaufstieg-2023-motiv-04-bild-karl-posch-lr-1024x683.jpg\" alt=\"\" data-id=\"299701\" data-full-url=\"https:\/\/www.skimo.at\/rennen\/files\/2023\/12\/zwieselalmaufstieg-2023-motiv-04-bild-karl-posch-lr.jpg\" data-link=\"https:\/\/www.skimo.at\/rennen\/?attachment_id=299701\" class=\"wp-image-299701\" srcset=\"https:\/\/www.skimo.at\/rennen\/files\/2023\/12\/zwieselalmaufstieg-2023-motiv-04-bild-karl-posch-lr-1024x683.jpg 1024w, https:\/\/www.skimo.at\/rennen\/files\/2023\/12\/zwieselalmaufstieg-2023-motiv-04-bild-karl-posch-lr-300x200.jpg 300w, https:\/\/www.skimo.at\/rennen\/files\/2023\/12\/zwieselalmaufstieg-2023-motiv-04-bild-karl-posch-lr-768x512.jpg 768w, https:\/\/www.skimo.at\/rennen\/files\/2023\/12\/zwieselalmaufstieg-2023-motiv-04-bild-karl-posch-lr-746x497.jpg 746w, https:\/\/www.skimo.at\/rennen\/files\/2023\/12\/zwieselalmaufstieg-2023-motiv-04-bild-karl-posch-lr-618x412.jpg 618w, https:\/\/www.skimo.at\/rennen\/files\/2023\/12\/zwieselalmaufstieg-2023-motiv-04-bild-karl-posch-lr-554x369.jpg 554w, https:\/\/www.skimo.at\/rennen\/files\/2023\/12\/zwieselalmaufstieg-2023-motiv-04-bild-karl-posch-lr-299x199.jpg 299w, https:\/\/www.skimo.at\/rennen\/files\/2023\/12\/zwieselalmaufstieg-2023-motiv-04-bild-karl-posch-lr-1224x816.jpg 1224w, https:\/\/www.skimo.at\/rennen\/files\/2023\/12\/zwieselalmaufstieg-2023-motiv-04-bild-karl-posch-lr-970x647.jpg 970w, https:\/\/www.skimo.at\/rennen\/files\/2023\/12\/zwieselalmaufstieg-2023-motiv-04-bild-karl-posch-lr-140x93.jpg 140w, https:\/\/www.skimo.at\/rennen\/files\/2023\/12\/zwieselalmaufstieg-2023-motiv-04-bild-karl-posch-lr-540x360.jpg 540w, https:\/\/www.skimo.at\/rennen\/files\/2023\/12\/zwieselalmaufstieg-2023-motiv-04-bild-karl-posch-lr.jpg 1920w\" sizes=\"(max-width: 1024px) 100vw, 1024px\" \/><\/a><\/figure><\/li><li class=\"blocks-gallery-item\"><figure><a href=\"https:\/\/www.skimo.at\/rennen\/?attachment_id=299702\"><img loading=\"lazy\" width=\"1024\" height=\"683\" src=\"https:\/\/www.skimo.at\/rennen\/files\/2023\/12\/zwieselalmaufstieg-2023-motiv-05-bild-karl-posch-lr-1024x683.jpg\" alt=\"\" data-id=\"299702\" data-full-url=\"https:\/\/www.skimo.at\/rennen\/files\/2023\/12\/zwieselalmaufstieg-2023-motiv-05-bild-karl-posch-lr.jpg\" data-link=\"https:\/\/www.skimo.at\/rennen\/?attachment_id=299702\" class=\"wp-image-299702\" srcset=\"https:\/\/www.skimo.at\/rennen\/files\/2023\/12\/zwieselalmaufstieg-2023-motiv-05-bild-karl-posch-lr-1024x683.jpg 1024w, https:\/\/www.skimo.at\/rennen\/files\/2023\/12\/zwieselalmaufstieg-2023-motiv-05-bild-karl-posch-lr-300x200.jpg 300w, https:\/\/www.skimo.at\/rennen\/files\/2023\/12\/zwieselalmaufstieg-2023-motiv-05-bild-karl-posch-lr-768x512.jpg 768w, https:\/\/www.skimo.at\/rennen\/files\/2023\/12\/zwieselalmaufstieg-2023-motiv-05-bild-karl-posch-lr-746x497.jpg 746w, https:\/\/www.skimo.at\/rennen\/files\/2023\/12\/zwieselalmaufstieg-2023-motiv-05-bild-karl-posch-lr-618x412.jpg 618w, https:\/\/www.skimo.at\/rennen\/files\/2023\/12\/zwieselalmaufstieg-2023-motiv-05-bild-karl-posch-lr-554x369.jpg 554w, https:\/\/www.skimo.at\/rennen\/files\/2023\/12\/zwieselalmaufstieg-2023-motiv-05-bild-karl-posch-lr-299x199.jpg 299w, https:\/\/www.skimo.at\/rennen\/files\/2023\/12\/zwieselalmaufstieg-2023-motiv-05-bild-karl-posch-lr-1224x816.jpg 1224w, https:\/\/www.skimo.at\/rennen\/files\/2023\/12\/zwieselalmaufstieg-2023-motiv-05-bild-karl-posch-lr-970x647.jpg 970w, https:\/\/www.skimo.at\/rennen\/files\/2023\/12\/zwieselalmaufstieg-2023-motiv-05-bild-karl-posch-lr-140x93.jpg 140w, https:\/\/www.skimo.at\/rennen\/files\/2023\/12\/zwieselalmaufstieg-2023-motiv-05-bild-karl-posch-lr-540x360.jpg 540w, https:\/\/www.skimo.at\/rennen\/files\/2023\/12\/zwieselalmaufstieg-2023-motiv-05-bild-karl-posch-lr.jpg 1920w\" sizes=\"(max-width: 1024px) 100vw, 1024px\" \/><\/a><\/figure><\/li><li class=\"blocks-gallery-item\"><figure><a href=\"https:\/\/www.skimo.at\/rennen\/?attachment_id=299703\"><img loading=\"lazy\" width=\"1024\" height=\"683\" src=\"https:\/\/www.skimo.at\/rennen\/files\/2023\/12\/zwieselalmaufstieg-2023-motiv-07-bild-karl-posch-lr-1024x683.jpg\" alt=\"\" data-id=\"299703\" data-full-url=\"https:\/\/www.skimo.at\/rennen\/files\/2023\/12\/zwieselalmaufstieg-2023-motiv-07-bild-karl-posch-lr.jpg\" data-link=\"https:\/\/www.skimo.at\/rennen\/?attachment_id=299703\" class=\"wp-image-299703\" srcset=\"https:\/\/www.skimo.at\/rennen\/files\/2023\/12\/zwieselalmaufstieg-2023-motiv-07-bild-karl-posch-lr-1024x683.jpg 1024w, https:\/\/www.skimo.at\/rennen\/files\/2023\/12\/zwieselalmaufstieg-2023-motiv-07-bild-karl-posch-lr-300x200.jpg 300w, https:\/\/www.skimo.at\/rennen\/files\/2023\/12\/zwieselalmaufstieg-2023-motiv-07-bild-karl-posch-lr-768x512.jpg 768w, https:\/\/www.skimo.at\/rennen\/files\/2023\/12\/zwieselalmaufstieg-2023-motiv-07-bild-karl-posch-lr-746x497.jpg 746w, https:\/\/www.skimo.at\/rennen\/files\/2023\/12\/zwieselalmaufstieg-2023-motiv-07-bild-karl-posch-lr-618x412.jpg 618w, https:\/\/www.skimo.at\/rennen\/files\/2023\/12\/zwieselalmaufstieg-2023-motiv-07-bild-karl-posch-lr-554x369.jpg 554w, https:\/\/www.skimo.at\/rennen\/files\/2023\/12\/zwieselalmaufstieg-2023-motiv-07-bild-karl-posch-lr-299x199.jpg 299w, https:\/\/www.skimo.at\/rennen\/files\/2023\/12\/zwieselalmaufstieg-2023-motiv-07-bild-karl-posch-lr-1224x816.jpg 1224w, https:\/\/www.skimo.at\/rennen\/files\/2023\/12\/zwieselalmaufstieg-2023-motiv-07-bild-karl-posch-lr-970x647.jpg 970w, https:\/\/www.skimo.at\/rennen\/files\/2023\/12\/zwieselalmaufstieg-2023-motiv-07-bild-karl-posch-lr-140x93.jpg 140w, https:\/\/www.skimo.at\/rennen\/files\/2023\/12\/zwieselalmaufstieg-2023-motiv-07-bild-karl-posch-lr-540x360.jpg 540w, https:\/\/www.skimo.at\/rennen\/files\/2023\/12\/zwieselalmaufstieg-2023-motiv-07-bild-karl-posch-lr.jpg 1920w\" sizes=\"(max-width: 1024px) 100vw, 1024px\" \/><\/a><\/figure><\/li><li class=\"blocks-gallery-item\"><figure><a href=\"https:\/\/www.skimo.at\/rennen\/?attachment_id=299704\"><img loading=\"lazy\" width=\"1024\" height=\"683\" src=\"https:\/\/www.skimo.at\/rennen\/files\/2023\/12\/zwieselalmaufstieg-2023-motiv-08-bild-karl-posch-lr-1024x683.jpg\" alt=\"\" data-id=\"299704\" data-full-url=\"https:\/\/www.skimo.at\/rennen\/files\/2023\/12\/zwieselalmaufstieg-2023-motiv-08-bild-karl-posch-lr.jpg\" data-link=\"https:\/\/www.skimo.at\/rennen\/?attachment_id=299704\" class=\"wp-image-299704\" srcset=\"https:\/\/www.skimo.at\/rennen\/files\/2023\/12\/zwieselalmaufstieg-2023-motiv-08-bild-karl-posch-lr-1024x683.jpg 1024w, https:\/\/www.skimo.at\/rennen\/files\/2023\/12\/zwieselalmaufstieg-2023-motiv-08-bild-karl-posch-lr-300x200.jpg 300w, https:\/\/www.skimo.at\/rennen\/files\/2023\/12\/zwieselalmaufstieg-2023-motiv-08-bild-karl-posch-lr-768x512.jpg 768w, https:\/\/www.skimo.at\/rennen\/files\/2023\/12\/zwieselalmaufstieg-2023-motiv-08-bild-karl-posch-lr-746x497.jpg 746w, https:\/\/www.skimo.at\/rennen\/files\/2023\/12\/zwieselalmaufstieg-2023-motiv-08-bild-karl-posch-lr-618x412.jpg 618w, https:\/\/www.skimo.at\/rennen\/files\/2023\/12\/zwieselalmaufstieg-2023-motiv-08-bild-karl-posch-lr-554x369.jpg 554w, https:\/\/www.skimo.at\/rennen\/files\/2023\/12\/zwieselalmaufstieg-2023-motiv-08-bild-karl-posch-lr-299x199.jpg 299w, https:\/\/www.skimo.at\/rennen\/files\/2023\/12\/zwieselalmaufstieg-2023-motiv-08-bild-karl-posch-lr-1224x816.jpg 1224w, https:\/\/www.skimo.at\/rennen\/files\/2023\/12\/zwieselalmaufstieg-2023-motiv-08-bild-karl-posch-lr-970x647.jpg 970w, https:\/\/www.skimo.at\/rennen\/files\/2023\/12\/zwieselalmaufstieg-2023-motiv-08-bild-karl-posch-lr-140x93.jpg 140w, https:\/\/www.skimo.at\/rennen\/files\/2023\/12\/zwieselalmaufstieg-2023-motiv-08-bild-karl-posch-lr-540x360.jpg 540w, https:\/\/www.skimo.at\/rennen\/files\/2023\/12\/zwieselalmaufstieg-2023-motiv-08-bild-karl-posch-lr.jpg 1920w\" sizes=\"(max-width: 1024px) 100vw, 1024px\" \/><\/a><\/figure><\/li><li class=\"blocks-gallery-item\"><figure><a href=\"https:\/\/www.skimo.at\/rennen\/?attachment_id=299705\"><img loading=\"lazy\" width=\"1024\" height=\"683\" src=\"https:\/\/www.skimo.at\/rennen\/files\/2023\/12\/zwieselalmaufstieg-2023-motiv-09-bild-karl-posch-lr-1024x683.jpg\" alt=\"\" data-id=\"299705\" data-full-url=\"https:\/\/www.skimo.at\/rennen\/files\/2023\/12\/zwieselalmaufstieg-2023-motiv-09-bild-karl-posch-lr.jpg\" data-link=\"https:\/\/www.skimo.at\/rennen\/?attachment_id=299705\" class=\"wp-image-299705\" srcset=\"https:\/\/www.skimo.at\/rennen\/files\/2023\/12\/zwieselalmaufstieg-2023-motiv-09-bild-karl-posch-lr-1024x683.jpg 1024w, https:\/\/www.skimo.at\/rennen\/files\/2023\/12\/zwieselalmaufstieg-2023-motiv-09-bild-karl-posch-lr-300x200.jpg 300w, https:\/\/www.skimo.at\/rennen\/files\/2023\/12\/zwieselalmaufstieg-2023-motiv-09-bild-karl-posch-lr-768x512.jpg 768w, https:\/\/www.skimo.at\/rennen\/files\/2023\/12\/zwieselalmaufstieg-2023-motiv-09-bild-karl-posch-lr-746x497.jpg 746w, https:\/\/www.skimo.at\/rennen\/files\/2023\/12\/zwieselalmaufstieg-2023-motiv-09-bild-karl-posch-lr-618x412.jpg 618w, https:\/\/www.skimo.at\/rennen\/files\/2023\/12\/zwieselalmaufstieg-2023-motiv-09-bild-karl-posch-lr-554x369.jpg 554w, https:\/\/www.skimo.at\/rennen\/files\/2023\/12\/zwieselalmaufstieg-2023-motiv-09-bild-karl-posch-lr-299x199.jpg 299w, https:\/\/www.skimo.at\/rennen\/files\/2023\/12\/zwieselalmaufstieg-2023-motiv-09-bild-karl-posch-lr-1224x816.jpg 1224w, https:\/\/www.skimo.at\/rennen\/files\/2023\/12\/zwieselalmaufstieg-2023-motiv-09-bild-karl-posch-lr-970x647.jpg 970w, https:\/\/www.skimo.at\/rennen\/files\/2023\/12\/zwieselalmaufstieg-2023-motiv-09-bild-karl-posch-lr-140x93.jpg 140w, https:\/\/www.skimo.at\/rennen\/files\/2023\/12\/zwieselalmaufstieg-2023-motiv-09-bild-karl-posch-lr-540x360.jpg 540w, https:\/\/www.skimo.at\/rennen\/files\/2023\/12\/zwieselalmaufstieg-2023-motiv-09-bild-karl-posch-lr.jpg 1920w\" sizes=\"(max-width: 1024px) 100vw, 1024px\" \/><\/a><\/figure><\/li><li class=\"blocks-gallery-item\"><figure><a href=\"https:\/\/www.skimo.at\/rennen\/?attachment_id=299706\"><img loading=\"lazy\" width=\"1024\" height=\"683\" src=\"https:\/\/www.skimo.at\/rennen\/files\/2023\/12\/zwieselalmaufstieg-2023-motiv-12-bild-karl-posch-lr-1024x683.jpg\" alt=\"\" data-id=\"299706\" data-full-url=\"https:\/\/www.skimo.at\/rennen\/files\/2023\/12\/zwieselalmaufstieg-2023-motiv-12-bild-karl-posch-lr.jpg\" data-link=\"https:\/\/www.skimo.at\/rennen\/?attachment_id=299706\" class=\"wp-image-299706\" srcset=\"https:\/\/www.skimo.at\/rennen\/files\/2023\/12\/zwieselalmaufstieg-2023-motiv-12-bild-karl-posch-lr-1024x683.jpg 1024w, https:\/\/www.skimo.at\/rennen\/files\/2023\/12\/zwieselalmaufstieg-2023-motiv-12-bild-karl-posch-lr-300x200.jpg 300w, https:\/\/www.skimo.at\/rennen\/files\/2023\/12\/zwieselalmaufstieg-2023-motiv-12-bild-karl-posch-lr-768x512.jpg 768w, https:\/\/www.skimo.at\/rennen\/files\/2023\/12\/zwieselalmaufstieg-2023-motiv-12-bild-karl-posch-lr-746x497.jpg 746w, https:\/\/www.skimo.at\/rennen\/files\/2023\/12\/zwieselalmaufstieg-2023-motiv-12-bild-karl-posch-lr-618x412.jpg 618w, https:\/\/www.skimo.at\/rennen\/files\/2023\/12\/zwieselalmaufstieg-2023-motiv-12-bild-karl-posch-lr-554x369.jpg 554w, https:\/\/www.skimo.at\/rennen\/files\/2023\/12\/zwieselalmaufstieg-2023-motiv-12-bild-karl-posch-lr-299x199.jpg 299w, https:\/\/www.skimo.at\/rennen\/files\/2023\/12\/zwieselalmaufstieg-2023-motiv-12-bild-karl-posch-lr-1224x816.jpg 1224w, https:\/\/www.skimo.at\/rennen\/files\/2023\/12\/zwieselalmaufstieg-2023-motiv-12-bild-karl-posch-lr-970x647.jpg 970w, https:\/\/www.skimo.at\/rennen\/files\/2023\/12\/zwieselalmaufstieg-2023-motiv-12-bild-karl-posch-lr-140x93.jpg 140w, https:\/\/www.skimo.at\/rennen\/files\/2023\/12\/zwieselalmaufstieg-2023-motiv-12-bild-karl-posch-lr-540x360.jpg 540w, https:\/\/www.skimo.at\/rennen\/files\/2023\/12\/zwieselalmaufstieg-2023-motiv-12-bild-karl-posch-lr.jpg 1920w\" sizes=\"(max-width: 1024px) 100vw, 1024px\" \/><\/a><\/figure><\/li><li class=\"blocks-gallery-item\"><figure><a href=\"https:\/\/www.skimo.at\/rennen\/?attachment_id=299707\"><img loading=\"lazy\" width=\"1024\" height=\"683\" src=\"https:\/\/www.skimo.at\/rennen\/files\/2023\/12\/zwieselalmaufstieg-2023-motiv-11-bild-karl-posch-lr-1024x683.jpg\" alt=\"\" data-id=\"299707\" data-full-url=\"https:\/\/www.skimo.at\/rennen\/files\/2023\/12\/zwieselalmaufstieg-2023-motiv-11-bild-karl-posch-lr.jpg\" data-link=\"https:\/\/www.skimo.at\/rennen\/?attachment_id=299707\" class=\"wp-image-299707\" srcset=\"https:\/\/www.skimo.at\/rennen\/files\/2023\/12\/zwieselalmaufstieg-2023-motiv-11-bild-karl-posch-lr-1024x683.jpg 1024w, https:\/\/www.skimo.at\/rennen\/files\/2023\/12\/zwieselalmaufstieg-2023-motiv-11-bild-karl-posch-lr-300x200.jpg 300w, https:\/\/www.skimo.at\/rennen\/files\/2023\/12\/zwieselalmaufstieg-2023-motiv-11-bild-karl-posch-lr-768x512.jpg 768w, https:\/\/www.skimo.at\/rennen\/files\/2023\/12\/zwieselalmaufstieg-2023-motiv-11-bild-karl-posch-lr-746x497.jpg 746w, https:\/\/www.skimo.at\/rennen\/files\/2023\/12\/zwieselalmaufstieg-2023-motiv-11-bild-karl-posch-lr-618x412.jpg 618w, https:\/\/www.skimo.at\/rennen\/files\/2023\/12\/zwieselalmaufstieg-2023-motiv-11-bild-karl-posch-lr-554x369.jpg 554w, https:\/\/www.skimo.at\/rennen\/files\/2023\/12\/zwieselalmaufstieg-2023-motiv-11-bild-karl-posch-lr-299x199.jpg 299w, https:\/\/www.skimo.at\/rennen\/files\/2023\/12\/zwieselalmaufstieg-2023-motiv-11-bild-karl-posch-lr-1224x816.jpg 1224w, https:\/\/www.skimo.at\/rennen\/files\/2023\/12\/zwieselalmaufstieg-2023-motiv-11-bild-karl-posch-lr-970x647.jpg 970w, https:\/\/www.skimo.at\/rennen\/files\/2023\/12\/zwieselalmaufstieg-2023-motiv-11-bild-karl-posch-lr-140x93.jpg 140w, https:\/\/www.skimo.at\/rennen\/files\/2023\/12\/zwieselalmaufstieg-2023-motiv-11-bild-karl-posch-lr-540x360.jpg 540w, https:\/\/www.skimo.at\/rennen\/files\/2023\/12\/zwieselalmaufstieg-2023-motiv-11-bild-karl-posch-lr.jpg 1920w\" sizes=\"(max-width: 1024px) 100vw, 1024px\" \/><\/a><\/figure><\/li><li class=\"blocks-gallery-item\"><figure><a href=\"https:\/\/www.skimo.at\/rennen\/?attachment_id=299708\"><img loading=\"lazy\" width=\"1024\" height=\"683\" src=\"https:\/\/www.skimo.at\/rennen\/files\/2023\/12\/zwieselalmaufstieg-2023-motiv-13-bild-karl-posch-lr-1024x683.jpg\" alt=\"\" data-id=\"299708\" data-full-url=\"https:\/\/www.skimo.at\/rennen\/files\/2023\/12\/zwieselalmaufstieg-2023-motiv-13-bild-karl-posch-lr.jpg\" data-link=\"https:\/\/www.skimo.at\/rennen\/?attachment_id=299708\" class=\"wp-image-299708\" srcset=\"https:\/\/www.skimo.at\/rennen\/files\/2023\/12\/zwieselalmaufstieg-2023-motiv-13-bild-karl-posch-lr-1024x683.jpg 1024w, https:\/\/www.skimo.at\/rennen\/files\/2023\/12\/zwieselalmaufstieg-2023-motiv-13-bild-karl-posch-lr-300x200.jpg 300w, https:\/\/www.skimo.at\/rennen\/files\/2023\/12\/zwieselalmaufstieg-2023-motiv-13-bild-karl-posch-lr-768x512.jpg 768w, https:\/\/www.skimo.at\/rennen\/files\/2023\/12\/zwieselalmaufstieg-2023-motiv-13-bild-karl-posch-lr-746x497.jpg 746w, https:\/\/www.skimo.at\/rennen\/files\/2023\/12\/zwieselalmaufstieg-2023-motiv-13-bild-karl-posch-lr-618x412.jpg 618w, https:\/\/www.skimo.at\/rennen\/files\/2023\/12\/zwieselalmaufstieg-2023-motiv-13-bild-karl-posch-lr-554x369.jpg 554w, https:\/\/www.skimo.at\/rennen\/files\/2023\/12\/zwieselalmaufstieg-2023-motiv-13-bild-karl-posch-lr-299x199.jpg 299w, https:\/\/www.skimo.at\/rennen\/files\/2023\/12\/zwieselalmaufstieg-2023-motiv-13-bild-karl-posch-lr-1224x816.jpg 1224w, https:\/\/www.skimo.at\/rennen\/files\/2023\/12\/zwieselalmaufstieg-2023-motiv-13-bild-karl-posch-lr-970x647.jpg 970w, https:\/\/www.skimo.at\/rennen\/files\/2023\/12\/zwieselalmaufstieg-2023-motiv-13-bild-karl-posch-lr-140x93.jpg 140w, https:\/\/www.skimo.at\/rennen\/files\/2023\/12\/zwieselalmaufstieg-2023-motiv-13-bild-karl-posch-lr-540x360.jpg 540w, https:\/\/www.skimo.at\/rennen\/files\/2023\/12\/zwieselalmaufstieg-2023-motiv-13-bild-karl-posch-lr.jpg 1920w\" sizes=\"(max-width: 1024px) 100vw, 1024px\" \/><\/a><\/figure><\/li><li class=\"blocks-gallery-item\"><figure><a href=\"https:\/\/www.skimo.at\/rennen\/?attachment_id=299709\"><img loading=\"lazy\" width=\"1024\" height=\"683\" src=\"https:\/\/www.skimo.at\/rennen\/files\/2023\/12\/zwieselalmaufstieg-2023-motiv-14-bild-karl-posch-lr-1024x683.jpg\" alt=\"\" data-id=\"299709\" data-full-url=\"https:\/\/www.skimo.at\/rennen\/files\/2023\/12\/zwieselalmaufstieg-2023-motiv-14-bild-karl-posch-lr.jpg\" data-link=\"https:\/\/www.skimo.at\/rennen\/?attachment_id=299709\" class=\"wp-image-299709\" srcset=\"https:\/\/www.skimo.at\/rennen\/files\/2023\/12\/zwieselalmaufstieg-2023-motiv-14-bild-karl-posch-lr-1024x683.jpg 1024w, https:\/\/www.skimo.at\/rennen\/files\/2023\/12\/zwieselalmaufstieg-2023-motiv-14-bild-karl-posch-lr-300x200.jpg 300w, https:\/\/www.skimo.at\/rennen\/files\/2023\/12\/zwieselalmaufstieg-2023-motiv-14-bild-karl-posch-lr-768x512.jpg 768w, https:\/\/www.skimo.at\/rennen\/files\/2023\/12\/zwieselalmaufstieg-2023-motiv-14-bild-karl-posch-lr-746x497.jpg 746w, https:\/\/www.skimo.at\/rennen\/files\/2023\/12\/zwieselalmaufstieg-2023-motiv-14-bild-karl-posch-lr-618x412.jpg 618w, https:\/\/www.skimo.at\/rennen\/files\/2023\/12\/zwieselalmaufstieg-2023-motiv-14-bild-karl-posch-lr-554x369.jpg 554w, https:\/\/www.skimo.at\/rennen\/files\/2023\/12\/zwieselalmaufstieg-2023-motiv-14-bild-karl-posch-lr-299x199.jpg 299w, https:\/\/www.skimo.at\/rennen\/files\/2023\/12\/zwieselalmaufstieg-2023-motiv-14-bild-karl-posch-lr-1224x816.jpg 1224w, https:\/\/www.skimo.at\/rennen\/files\/2023\/12\/zwieselalmaufstieg-2023-motiv-14-bild-karl-posch-lr-970x647.jpg 970w, https:\/\/www.skimo.at\/rennen\/files\/2023\/12\/zwieselalmaufstieg-2023-motiv-14-bild-karl-posch-lr-140x93.jpg 140w, https:\/\/www.skimo.at\/rennen\/files\/2023\/12\/zwieselalmaufstieg-2023-motiv-14-bild-karl-posch-lr-540x360.jpg 540w, https:\/\/www.skimo.at\/rennen\/files\/2023\/12\/zwieselalmaufstieg-2023-motiv-14-bild-karl-posch-lr.jpg 1920w\" sizes=\"(max-width: 1024px) 100vw, 1024px\" \/><\/a><\/figure><\/li><li class=\"blocks-gallery-item\"><figure><a href=\"https:\/\/www.skimo.at\/rennen\/?attachment_id=299710\"><img loading=\"lazy\" width=\"1024\" height=\"683\" src=\"https:\/\/www.skimo.at\/rennen\/files\/2023\/12\/zwieselalmaufstieg-2023-motiv-94-bild-andreas-renner-lr-1024x683.jpg\" alt=\"\" data-id=\"299710\" data-full-url=\"https:\/\/www.skimo.at\/rennen\/files\/2023\/12\/zwieselalmaufstieg-2023-motiv-94-bild-andreas-renner-lr.jpg\" data-link=\"https:\/\/www.skimo.at\/rennen\/?attachment_id=299710\" class=\"wp-image-299710\" srcset=\"https:\/\/www.skimo.at\/rennen\/files\/2023\/12\/zwieselalmaufstieg-2023-motiv-94-bild-andreas-renner-lr-1024x683.jpg 1024w, https:\/\/www.skimo.at\/rennen\/files\/2023\/12\/zwieselalmaufstieg-2023-motiv-94-bild-andreas-renner-lr-300x200.jpg 300w, https:\/\/www.skimo.at\/rennen\/files\/2023\/12\/zwieselalmaufstieg-2023-motiv-94-bild-andreas-renner-lr-768x512.jpg 768w, https:\/\/www.skimo.at\/rennen\/files\/2023\/12\/zwieselalmaufstieg-2023-motiv-94-bild-andreas-renner-lr-746x497.jpg 746w, https:\/\/www.skimo.at\/rennen\/files\/2023\/12\/zwieselalmaufstieg-2023-motiv-94-bild-andreas-renner-lr-618x412.jpg 618w, https:\/\/www.skimo.at\/rennen\/files\/2023\/12\/zwieselalmaufstieg-2023-motiv-94-bild-andreas-renner-lr-554x370.jpg 554w, https:\/\/www.skimo.at\/rennen\/files\/2023\/12\/zwieselalmaufstieg-2023-motiv-94-bild-andreas-renner-lr-299x199.jpg 299w, https:\/\/www.skimo.at\/rennen\/files\/2023\/12\/zwieselalmaufstieg-2023-motiv-94-bild-andreas-renner-lr-1224x817.jpg 1224w, https:\/\/www.skimo.at\/rennen\/files\/2023\/12\/zwieselalmaufstieg-2023-motiv-94-bild-andreas-renner-lr-970x647.jpg 970w, https:\/\/www.skimo.at\/rennen\/files\/2023\/12\/zwieselalmaufstieg-2023-motiv-94-bild-andreas-renner-lr-139x93.jpg 139w, https:\/\/www.skimo.at\/rennen\/files\/2023\/12\/zwieselalmaufstieg-2023-motiv-94-bild-andreas-renner-lr-540x360.jpg 540w, https:\/\/www.skimo.at\/rennen\/files\/2023\/12\/zwieselalmaufstieg-2023-motiv-94-bild-andreas-renner-lr.jpg 1920w\" sizes=\"(max-width: 1024px) 100vw, 1024px\" \/><\/a><\/figure><\/li><li class=\"blocks-gallery-item\"><figure><a href=\"https:\/\/www.skimo.at\/rennen\/?attachment_id=299711\"><img loading=\"lazy\" width=\"1024\" height=\"683\" src=\"https:\/\/www.skimo.at\/rennen\/files\/2023\/12\/zwieselalmaufstieg-2023-motiv-16-bild-karl-posch-lr-1024x683.jpg\" alt=\"\" data-id=\"299711\" data-full-url=\"https:\/\/www.skimo.at\/rennen\/files\/2023\/12\/zwieselalmaufstieg-2023-motiv-16-bild-karl-posch-lr.jpg\" data-link=\"https:\/\/www.skimo.at\/rennen\/?attachment_id=299711\" class=\"wp-image-299711\" srcset=\"https:\/\/www.skimo.at\/rennen\/files\/2023\/12\/zwieselalmaufstieg-2023-motiv-16-bild-karl-posch-lr-1024x683.jpg 1024w, https:\/\/www.skimo.at\/rennen\/files\/2023\/12\/zwieselalmaufstieg-2023-motiv-16-bild-karl-posch-lr-300x200.jpg 300w, https:\/\/www.skimo.at\/rennen\/files\/2023\/12\/zwieselalmaufstieg-2023-motiv-16-bild-karl-posch-lr-768x512.jpg 768w, https:\/\/www.skimo.at\/rennen\/files\/2023\/12\/zwieselalmaufstieg-2023-motiv-16-bild-karl-posch-lr-746x497.jpg 746w, https:\/\/www.skimo.at\/rennen\/files\/2023\/12\/zwieselalmaufstieg-2023-motiv-16-bild-karl-posch-lr-618x412.jpg 618w, https:\/\/www.skimo.at\/rennen\/files\/2023\/12\/zwieselalmaufstieg-2023-motiv-16-bild-karl-posch-lr-554x369.jpg 554w, https:\/\/www.skimo.at\/rennen\/files\/2023\/12\/zwieselalmaufstieg-2023-motiv-16-bild-karl-posch-lr-299x199.jpg 299w, https:\/\/www.skimo.at\/rennen\/files\/2023\/12\/zwieselalmaufstieg-2023-motiv-16-bild-karl-posch-lr-1224x816.jpg 1224w, https:\/\/www.skimo.at\/rennen\/files\/2023\/12\/zwieselalmaufstieg-2023-motiv-16-bild-karl-posch-lr-970x647.jpg 970w, https:\/\/www.skimo.at\/rennen\/files\/2023\/12\/zwieselalmaufstieg-2023-motiv-16-bild-karl-posch-lr-140x93.jpg 140w, https:\/\/www.skimo.at\/rennen\/files\/2023\/12\/zwieselalmaufstieg-2023-motiv-16-bild-karl-posch-lr-540x360.jpg 540w, https:\/\/www.skimo.at\/rennen\/files\/2023\/12\/zwieselalmaufstieg-2023-motiv-16-bild-karl-posch-lr.jpg 1920w\" sizes=\"(max-width: 1024px) 100vw, 1024px\" \/><\/a><\/figure><\/li><li class=\"blocks-gallery-item\"><figure><a href=\"https:\/\/www.skimo.at\/rennen\/?attachment_id=299712\"><img loading=\"lazy\" width=\"1024\" height=\"683\" src=\"https:\/\/www.skimo.at\/rennen\/files\/2023\/12\/zwieselalmaufstieg-2023-motiv-95-bild-andreas-renner-lr-1024x683.jpg\" alt=\"\" data-id=\"299712\" data-full-url=\"https:\/\/www.skimo.at\/rennen\/files\/2023\/12\/zwieselalmaufstieg-2023-motiv-95-bild-andreas-renner-lr.jpg\" data-link=\"https:\/\/www.skimo.at\/rennen\/?attachment_id=299712\" class=\"wp-image-299712\" srcset=\"https:\/\/www.skimo.at\/rennen\/files\/2023\/12\/zwieselalmaufstieg-2023-motiv-95-bild-andreas-renner-lr-1024x683.jpg 1024w, https:\/\/www.skimo.at\/rennen\/files\/2023\/12\/zwieselalmaufstieg-2023-motiv-95-bild-andreas-renner-lr-300x200.jpg 300w, https:\/\/www.skimo.at\/rennen\/files\/2023\/12\/zwieselalmaufstieg-2023-motiv-95-bild-andreas-renner-lr-768x512.jpg 768w, https:\/\/www.skimo.at\/rennen\/files\/2023\/12\/zwieselalmaufstieg-2023-motiv-95-bild-andreas-renner-lr-746x497.jpg 746w, https:\/\/www.skimo.at\/rennen\/files\/2023\/12\/zwieselalmaufstieg-2023-motiv-95-bild-andreas-renner-lr-618x412.jpg 618w, https:\/\/www.skimo.at\/rennen\/files\/2023\/12\/zwieselalmaufstieg-2023-motiv-95-bild-andreas-renner-lr-554x370.jpg 554w, https:\/\/www.skimo.at\/rennen\/files\/2023\/12\/zwieselalmaufstieg-2023-motiv-95-bild-andreas-renner-lr-299x199.jpg 299w, https:\/\/www.skimo.at\/rennen\/files\/2023\/12\/zwieselalmaufstieg-2023-motiv-95-bild-andreas-renner-lr-1224x817.jpg 1224w, https:\/\/www.skimo.at\/rennen\/files\/2023\/12\/zwieselalmaufstieg-2023-motiv-95-bild-andreas-renner-lr-970x647.jpg 970w, https:\/\/www.skimo.at\/rennen\/files\/2023\/12\/zwieselalmaufstieg-2023-motiv-95-bild-andreas-renner-lr-139x93.jpg 139w, https:\/\/www.skimo.at\/rennen\/files\/2023\/12\/zwieselalmaufstieg-2023-motiv-95-bild-andreas-renner-lr-540x360.jpg 540w, https:\/\/www.skimo.at\/rennen\/files\/2023\/12\/zwieselalmaufstieg-2023-motiv-95-bild-andreas-renner-lr.jpg 1920w\" sizes=\"(max-width: 1024px) 100vw, 1024px\" \/><\/a><\/figure><\/li><li class=\"blocks-gallery-item\"><figure><a href=\"https:\/\/www.skimo.at\/rennen\/?attachment_id=299713\"><img loading=\"lazy\" width=\"1024\" height=\"683\" src=\"https:\/\/www.skimo.at\/rennen\/files\/2023\/12\/zwieselalmaufstieg-2023-motiv-23-bild-karl-posch-lr-1024x683.jpg\" alt=\"\" data-id=\"299713\" data-full-url=\"https:\/\/www.skimo.at\/rennen\/files\/2023\/12\/zwieselalmaufstieg-2023-motiv-23-bild-karl-posch-lr.jpg\" data-link=\"https:\/\/www.skimo.at\/rennen\/?attachment_id=299713\" class=\"wp-image-299713\" srcset=\"https:\/\/www.skimo.at\/rennen\/files\/2023\/12\/zwieselalmaufstieg-2023-motiv-23-bild-karl-posch-lr-1024x683.jpg 1024w, https:\/\/www.skimo.at\/rennen\/files\/2023\/12\/zwieselalmaufstieg-2023-motiv-23-bild-karl-posch-lr-300x200.jpg 300w, https:\/\/www.skimo.at\/rennen\/files\/2023\/12\/zwieselalmaufstieg-2023-motiv-23-bild-karl-posch-lr-768x512.jpg 768w, https:\/\/www.skimo.at\/rennen\/files\/2023\/12\/zwieselalmaufstieg-2023-motiv-23-bild-karl-posch-lr-746x497.jpg 746w, https:\/\/www.skimo.at\/rennen\/files\/2023\/12\/zwieselalmaufstieg-2023-motiv-23-bild-karl-posch-lr-618x412.jpg 618w, https:\/\/www.skimo.at\/rennen\/files\/2023\/12\/zwieselalmaufstieg-2023-motiv-23-bild-karl-posch-lr-554x369.jpg 554w, https:\/\/www.skimo.at\/rennen\/files\/2023\/12\/zwieselalmaufstieg-2023-motiv-23-bild-karl-posch-lr-299x199.jpg 299w, https:\/\/www.skimo.at\/rennen\/files\/2023\/12\/zwieselalmaufstieg-2023-motiv-23-bild-karl-posch-lr-1224x816.jpg 1224w, https:\/\/www.skimo.at\/rennen\/files\/2023\/12\/zwieselalmaufstieg-2023-motiv-23-bild-karl-posch-lr-970x647.jpg 970w, https:\/\/www.skimo.at\/rennen\/files\/2023\/12\/zwieselalmaufstieg-2023-motiv-23-bild-karl-posch-lr-140x93.jpg 140w, https:\/\/www.skimo.at\/rennen\/files\/2023\/12\/zwieselalmaufstieg-2023-motiv-23-bild-karl-posch-lr-540x360.jpg 540w, https:\/\/www.skimo.at\/rennen\/files\/2023\/12\/zwieselalmaufstieg-2023-motiv-23-bild-karl-posch-lr.jpg 1920w\" sizes=\"(max-width: 1024px) 100vw, 1024px\" \/><\/a><\/figure><\/li><li class=\"blocks-gallery-item\"><figure><a href=\"https:\/\/www.skimo.at\/rennen\/?attachment_id=299714\"><img loading=\"lazy\" width=\"1024\" height=\"683\" src=\"https:\/\/www.skimo.at\/rennen\/files\/2023\/12\/zwieselalmaufstieg-2023-motiv-27-bild-karl-posch-lr-1024x683.jpg\" alt=\"\" data-id=\"299714\" data-full-url=\"https:\/\/www.skimo.at\/rennen\/files\/2023\/12\/zwieselalmaufstieg-2023-motiv-27-bild-karl-posch-lr.jpg\" data-link=\"https:\/\/www.skimo.at\/rennen\/?attachment_id=299714\" class=\"wp-image-299714\" srcset=\"https:\/\/www.skimo.at\/rennen\/files\/2023\/12\/zwieselalmaufstieg-2023-motiv-27-bild-karl-posch-lr-1024x683.jpg 1024w, https:\/\/www.skimo.at\/rennen\/files\/2023\/12\/zwieselalmaufstieg-2023-motiv-27-bild-karl-posch-lr-300x200.jpg 300w, https:\/\/www.skimo.at\/rennen\/files\/2023\/12\/zwieselalmaufstieg-2023-motiv-27-bild-karl-posch-lr-768x512.jpg 768w, https:\/\/www.skimo.at\/rennen\/files\/2023\/12\/zwieselalmaufstieg-2023-motiv-27-bild-karl-posch-lr-746x497.jpg 746w, https:\/\/www.skimo.at\/rennen\/files\/2023\/12\/zwieselalmaufstieg-2023-motiv-27-bild-karl-posch-lr-618x412.jpg 618w, https:\/\/www.skimo.at\/rennen\/files\/2023\/12\/zwieselalmaufstieg-2023-motiv-27-bild-karl-posch-lr-554x369.jpg 554w, https:\/\/www.skimo.at\/rennen\/files\/2023\/12\/zwieselalmaufstieg-2023-motiv-27-bild-karl-posch-lr-299x199.jpg 299w, https:\/\/www.skimo.at\/rennen\/files\/2023\/12\/zwieselalmaufstieg-2023-motiv-27-bild-karl-posch-lr-1224x816.jpg 1224w, https:\/\/www.skimo.at\/rennen\/files\/2023\/12\/zwieselalmaufstieg-2023-motiv-27-bild-karl-posch-lr-970x647.jpg 970w, https:\/\/www.skimo.at\/rennen\/files\/2023\/12\/zwieselalmaufstieg-2023-motiv-27-bild-karl-posch-lr-140x93.jpg 140w, https:\/\/www.skimo.at\/rennen\/files\/2023\/12\/zwieselalmaufstieg-2023-motiv-27-bild-karl-posch-lr-540x360.jpg 540w, https:\/\/www.skimo.at\/rennen\/files\/2023\/12\/zwieselalmaufstieg-2023-motiv-27-bild-karl-posch-lr.jpg 1920w\" sizes=\"(max-width: 1024px) 100vw, 1024px\" \/><\/a><\/figure><\/li><li class=\"blocks-gallery-item\"><figure><a href=\"https:\/\/www.skimo.at\/rennen\/?attachment_id=299715\"><img loading=\"lazy\" width=\"1024\" height=\"683\" src=\"https:\/\/www.skimo.at\/rennen\/files\/2023\/12\/zwieselalmaufstieg-2023-motiv-32-bild-karl-posch-lr-1024x683.jpg\" alt=\"\" data-id=\"299715\" data-full-url=\"https:\/\/www.skimo.at\/rennen\/files\/2023\/12\/zwieselalmaufstieg-2023-motiv-32-bild-karl-posch-lr.jpg\" data-link=\"https:\/\/www.skimo.at\/rennen\/?attachment_id=299715\" class=\"wp-image-299715\" srcset=\"https:\/\/www.skimo.at\/rennen\/files\/2023\/12\/zwieselalmaufstieg-2023-motiv-32-bild-karl-posch-lr-1024x683.jpg 1024w, https:\/\/www.skimo.at\/rennen\/files\/2023\/12\/zwieselalmaufstieg-2023-motiv-32-bild-karl-posch-lr-300x200.jpg 300w, https:\/\/www.skimo.at\/rennen\/files\/2023\/12\/zwieselalmaufstieg-2023-motiv-32-bild-karl-posch-lr-768x512.jpg 768w, https:\/\/www.skimo.at\/rennen\/files\/2023\/12\/zwieselalmaufstieg-2023-motiv-32-bild-karl-posch-lr-746x497.jpg 746w, https:\/\/www.skimo.at\/rennen\/files\/2023\/12\/zwieselalmaufstieg-2023-motiv-32-bild-karl-posch-lr-618x412.jpg 618w, https:\/\/www.skimo.at\/rennen\/files\/2023\/12\/zwieselalmaufstieg-2023-motiv-32-bild-karl-posch-lr-554x369.jpg 554w, https:\/\/www.skimo.at\/rennen\/files\/2023\/12\/zwieselalmaufstieg-2023-motiv-32-bild-karl-posch-lr-299x199.jpg 299w, https:\/\/www.skimo.at\/rennen\/files\/2023\/12\/zwieselalmaufstieg-2023-motiv-32-bild-karl-posch-lr-1224x816.jpg 1224w, https:\/\/www.skimo.at\/rennen\/files\/2023\/12\/zwieselalmaufstieg-2023-motiv-32-bild-karl-posch-lr-970x647.jpg 970w, https:\/\/www.skimo.at\/rennen\/files\/2023\/12\/zwieselalmaufstieg-2023-motiv-32-bild-karl-posch-lr-140x93.jpg 140w, https:\/\/www.skimo.at\/rennen\/files\/2023\/12\/zwieselalmaufstieg-2023-motiv-32-bild-karl-posch-lr-540x360.jpg 540w, https:\/\/www.skimo.at\/rennen\/files\/2023\/12\/zwieselalmaufstieg-2023-motiv-32-bild-karl-posch-lr.jpg 1920w\" sizes=\"(max-width: 1024px) 100vw, 1024px\" \/><\/a><\/figure><\/li><li class=\"blocks-gallery-item\"><figure><a href=\"https:\/\/www.skimo.at\/rennen\/?attachment_id=299716\"><img loading=\"lazy\" width=\"1024\" height=\"683\" src=\"https:\/\/www.skimo.at\/rennen\/files\/2023\/12\/zwieselalmaufstieg-2023-motiv-33-bild-karl-posch-lr-1024x683.jpg\" alt=\"\" data-id=\"299716\" data-full-url=\"https:\/\/www.skimo.at\/rennen\/files\/2023\/12\/zwieselalmaufstieg-2023-motiv-33-bild-karl-posch-lr.jpg\" data-link=\"https:\/\/www.skimo.at\/rennen\/?attachment_id=299716\" class=\"wp-image-299716\" srcset=\"https:\/\/www.skimo.at\/rennen\/files\/2023\/12\/zwieselalmaufstieg-2023-motiv-33-bild-karl-posch-lr-1024x683.jpg 1024w, https:\/\/www.skimo.at\/rennen\/files\/2023\/12\/zwieselalmaufstieg-2023-motiv-33-bild-karl-posch-lr-300x200.jpg 300w, https:\/\/www.skimo.at\/rennen\/files\/2023\/12\/zwieselalmaufstieg-2023-motiv-33-bild-karl-posch-lr-768x512.jpg 768w, https:\/\/www.skimo.at\/rennen\/files\/2023\/12\/zwieselalmaufstieg-2023-motiv-33-bild-karl-posch-lr-746x497.jpg 746w, https:\/\/www.skimo.at\/rennen\/files\/2023\/12\/zwieselalmaufstieg-2023-motiv-33-bild-karl-posch-lr-618x412.jpg 618w, https:\/\/www.skimo.at\/rennen\/files\/2023\/12\/zwieselalmaufstieg-2023-motiv-33-bild-karl-posch-lr-554x369.jpg 554w, https:\/\/www.skimo.at\/rennen\/files\/2023\/12\/zwieselalmaufstieg-2023-motiv-33-bild-karl-posch-lr-299x199.jpg 299w, https:\/\/www.skimo.at\/rennen\/files\/2023\/12\/zwieselalmaufstieg-2023-motiv-33-bild-karl-posch-lr-1224x816.jpg 1224w, https:\/\/www.skimo.at\/rennen\/files\/2023\/12\/zwieselalmaufstieg-2023-motiv-33-bild-karl-posch-lr-970x647.jpg 970w, https:\/\/www.skimo.at\/rennen\/files\/2023\/12\/zwieselalmaufstieg-2023-motiv-33-bild-karl-posch-lr-140x93.jpg 140w, https:\/\/www.skimo.at\/rennen\/files\/2023\/12\/zwieselalmaufstieg-2023-motiv-33-bild-karl-posch-lr-540x360.jpg 540w, https:\/\/www.skimo.at\/rennen\/files\/2023\/12\/zwieselalmaufstieg-2023-motiv-33-bild-karl-posch-lr.jpg 1920w\" sizes=\"(max-width: 1024px) 100vw, 1024px\" \/><\/a><\/figure><\/li><li class=\"blocks-gallery-item\"><figure><a href=\"https:\/\/www.skimo.at\/rennen\/?attachment_id=299717\"><img loading=\"lazy\" width=\"1024\" height=\"683\" src=\"https:\/\/www.skimo.at\/rennen\/files\/2023\/12\/zwieselalmaufstieg-2023-motiv-35-bild-karl-posch-lr-1024x683.jpg\" alt=\"\" data-id=\"299717\" data-full-url=\"https:\/\/www.skimo.at\/rennen\/files\/2023\/12\/zwieselalmaufstieg-2023-motiv-35-bild-karl-posch-lr.jpg\" data-link=\"https:\/\/www.skimo.at\/rennen\/?attachment_id=299717\" class=\"wp-image-299717\" srcset=\"https:\/\/www.skimo.at\/rennen\/files\/2023\/12\/zwieselalmaufstieg-2023-motiv-35-bild-karl-posch-lr-1024x683.jpg 1024w, https:\/\/www.skimo.at\/rennen\/files\/2023\/12\/zwieselalmaufstieg-2023-motiv-35-bild-karl-posch-lr-300x200.jpg 300w, https:\/\/www.skimo.at\/rennen\/files\/2023\/12\/zwieselalmaufstieg-2023-motiv-35-bild-karl-posch-lr-768x512.jpg 768w, https:\/\/www.skimo.at\/rennen\/files\/2023\/12\/zwieselalmaufstieg-2023-motiv-35-bild-karl-posch-lr-746x497.jpg 746w, https:\/\/www.skimo.at\/rennen\/files\/2023\/12\/zwieselalmaufstieg-2023-motiv-35-bild-karl-posch-lr-618x412.jpg 618w, https:\/\/www.skimo.at\/rennen\/files\/2023\/12\/zwieselalmaufstieg-2023-motiv-35-bild-karl-posch-lr-554x369.jpg 554w, https:\/\/www.skimo.at\/rennen\/files\/2023\/12\/zwieselalmaufstieg-2023-motiv-35-bild-karl-posch-lr-299x199.jpg 299w, https:\/\/www.skimo.at\/rennen\/files\/2023\/12\/zwieselalmaufstieg-2023-motiv-35-bild-karl-posch-lr-1224x816.jpg 1224w, https:\/\/www.skimo.at\/rennen\/files\/2023\/12\/zwieselalmaufstieg-2023-motiv-35-bild-karl-posch-lr-970x647.jpg 970w, https:\/\/www.skimo.at\/rennen\/files\/2023\/12\/zwieselalmaufstieg-2023-motiv-35-bild-karl-posch-lr-140x93.jpg 140w, https:\/\/www.skimo.at\/rennen\/files\/2023\/12\/zwieselalmaufstieg-2023-motiv-35-bild-karl-posch-lr-540x360.jpg 540w, https:\/\/www.skimo.at\/rennen\/files\/2023\/12\/zwieselalmaufstieg-2023-motiv-35-bild-karl-posch-lr.jpg 1920w\" sizes=\"(max-width: 1024px) 100vw, 1024px\" \/><\/a><\/figure><\/li><li class=\"blocks-gallery-item\"><figure><a href=\"https:\/\/www.skimo.at\/rennen\/?attachment_id=299718\"><img loading=\"lazy\" width=\"1024\" height=\"683\" src=\"https:\/\/www.skimo.at\/rennen\/files\/2023\/12\/zwieselalmaufstieg-2023-motiv-36-bild-karl-posch-lr-1024x683.jpg\" alt=\"\" data-id=\"299718\" data-full-url=\"https:\/\/www.skimo.at\/rennen\/files\/2023\/12\/zwieselalmaufstieg-2023-motiv-36-bild-karl-posch-lr.jpg\" data-link=\"https:\/\/www.skimo.at\/rennen\/?attachment_id=299718\" class=\"wp-image-299718\" srcset=\"https:\/\/www.skimo.at\/rennen\/files\/2023\/12\/zwieselalmaufstieg-2023-motiv-36-bild-karl-posch-lr-1024x683.jpg 1024w, https:\/\/www.skimo.at\/rennen\/files\/2023\/12\/zwieselalmaufstieg-2023-motiv-36-bild-karl-posch-lr-300x200.jpg 300w, https:\/\/www.skimo.at\/rennen\/files\/2023\/12\/zwieselalmaufstieg-2023-motiv-36-bild-karl-posch-lr-768x512.jpg 768w, https:\/\/www.skimo.at\/rennen\/files\/2023\/12\/zwieselalmaufstieg-2023-motiv-36-bild-karl-posch-lr-746x497.jpg 746w, https:\/\/www.skimo.at\/rennen\/files\/2023\/12\/zwieselalmaufstieg-2023-motiv-36-bild-karl-posch-lr-618x412.jpg 618w, https:\/\/www.skimo.at\/rennen\/files\/2023\/12\/zwieselalmaufstieg-2023-motiv-36-bild-karl-posch-lr-554x369.jpg 554w, https:\/\/www.skimo.at\/rennen\/files\/2023\/12\/zwieselalmaufstieg-2023-motiv-36-bild-karl-posch-lr-299x199.jpg 299w, https:\/\/www.skimo.at\/rennen\/files\/2023\/12\/zwieselalmaufstieg-2023-motiv-36-bild-karl-posch-lr-1224x816.jpg 1224w, https:\/\/www.skimo.at\/rennen\/files\/2023\/12\/zwieselalmaufstieg-2023-motiv-36-bild-karl-posch-lr-970x647.jpg 970w, https:\/\/www.skimo.at\/rennen\/files\/2023\/12\/zwieselalmaufstieg-2023-motiv-36-bild-karl-posch-lr-140x93.jpg 140w, https:\/\/www.skimo.at\/rennen\/files\/2023\/12\/zwieselalmaufstieg-2023-motiv-36-bild-karl-posch-lr-540x360.jpg 540w, https:\/\/www.skimo.at\/rennen\/files\/2023\/12\/zwieselalmaufstieg-2023-motiv-36-bild-karl-posch-lr.jpg 1920w\" sizes=\"(max-width: 1024px) 100vw, 1024px\" \/><\/a><\/figure><\/li><li class=\"blocks-gallery-item\"><figure><a href=\"https:\/\/www.skimo.at\/rennen\/?attachment_id=299719\"><img loading=\"lazy\" width=\"1024\" height=\"683\" src=\"https:\/\/www.skimo.at\/rennen\/files\/2023\/12\/zwieselalmaufstieg-2023-motiv-60-bild-andreas-renner-lr-1024x683.jpg\" alt=\"\" data-id=\"299719\" data-full-url=\"https:\/\/www.skimo.at\/rennen\/files\/2023\/12\/zwieselalmaufstieg-2023-motiv-60-bild-andreas-renner-lr.jpg\" data-link=\"https:\/\/www.skimo.at\/rennen\/?attachment_id=299719\" class=\"wp-image-299719\" srcset=\"https:\/\/www.skimo.at\/rennen\/files\/2023\/12\/zwieselalmaufstieg-2023-motiv-60-bild-andreas-renner-lr-1024x683.jpg 1024w, https:\/\/www.skimo.at\/rennen\/files\/2023\/12\/zwieselalmaufstieg-2023-motiv-60-bild-andreas-renner-lr-300x200.jpg 300w, https:\/\/www.skimo.at\/rennen\/files\/2023\/12\/zwieselalmaufstieg-2023-motiv-60-bild-andreas-renner-lr-768x512.jpg 768w, https:\/\/www.skimo.at\/rennen\/files\/2023\/12\/zwieselalmaufstieg-2023-motiv-60-bild-andreas-renner-lr-746x497.jpg 746w, https:\/\/www.skimo.at\/rennen\/files\/2023\/12\/zwieselalmaufstieg-2023-motiv-60-bild-andreas-renner-lr-618x412.jpg 618w, https:\/\/www.skimo.at\/rennen\/files\/2023\/12\/zwieselalmaufstieg-2023-motiv-60-bild-andreas-renner-lr-554x370.jpg 554w, https:\/\/www.skimo.at\/rennen\/files\/2023\/12\/zwieselalmaufstieg-2023-motiv-60-bild-andreas-renner-lr-299x199.jpg 299w, https:\/\/www.skimo.at\/rennen\/files\/2023\/12\/zwieselalmaufstieg-2023-motiv-60-bild-andreas-renner-lr-1224x817.jpg 1224w, https:\/\/www.skimo.at\/rennen\/files\/2023\/12\/zwieselalmaufstieg-2023-motiv-60-bild-andreas-renner-lr-970x647.jpg 970w, https:\/\/www.skimo.at\/rennen\/files\/2023\/12\/zwieselalmaufstieg-2023-motiv-60-bild-andreas-renner-lr-139x93.jpg 139w, https:\/\/www.skimo.at\/rennen\/files\/2023\/12\/zwieselalmaufstieg-2023-motiv-60-bild-andreas-renner-lr-540x360.jpg 540w, https:\/\/www.skimo.at\/rennen\/files\/2023\/12\/zwieselalmaufstieg-2023-motiv-60-bild-andreas-renner-lr.jpg 1920w\" sizes=\"(max-width: 1024px) 100vw, 1024px\" \/><\/a><\/figure><\/li><li class=\"blocks-gallery-item\"><figure><a href=\"https:\/\/www.skimo.at\/rennen\/?attachment_id=299720\"><img loading=\"lazy\" width=\"1024\" height=\"683\" src=\"https:\/\/www.skimo.at\/rennen\/files\/2023\/12\/zwieselalmaufstieg-2023-motiv-40-bild-karl-posch-lr-1024x683.jpg\" alt=\"\" data-id=\"299720\" data-full-url=\"https:\/\/www.skimo.at\/rennen\/files\/2023\/12\/zwieselalmaufstieg-2023-motiv-40-bild-karl-posch-lr.jpg\" data-link=\"https:\/\/www.skimo.at\/rennen\/?attachment_id=299720\" class=\"wp-image-299720\" srcset=\"https:\/\/www.skimo.at\/rennen\/files\/2023\/12\/zwieselalmaufstieg-2023-motiv-40-bild-karl-posch-lr-1024x683.jpg 1024w, https:\/\/www.skimo.at\/rennen\/files\/2023\/12\/zwieselalmaufstieg-2023-motiv-40-bild-karl-posch-lr-300x200.jpg 300w, https:\/\/www.skimo.at\/rennen\/files\/2023\/12\/zwieselalmaufstieg-2023-motiv-40-bild-karl-posch-lr-768x512.jpg 768w, https:\/\/www.skimo.at\/rennen\/files\/2023\/12\/zwieselalmaufstieg-2023-motiv-40-bild-karl-posch-lr-746x497.jpg 746w, https:\/\/www.skimo.at\/rennen\/files\/2023\/12\/zwieselalmaufstieg-2023-motiv-40-bild-karl-posch-lr-618x412.jpg 618w, https:\/\/www.skimo.at\/rennen\/files\/2023\/12\/zwieselalmaufstieg-2023-motiv-40-bild-karl-posch-lr-554x369.jpg 554w, https:\/\/www.skimo.at\/rennen\/files\/2023\/12\/zwieselalmaufstieg-2023-motiv-40-bild-karl-posch-lr-299x199.jpg 299w, https:\/\/www.skimo.at\/rennen\/files\/2023\/12\/zwieselalmaufstieg-2023-motiv-40-bild-karl-posch-lr-1224x816.jpg 1224w, https:\/\/www.skimo.at\/rennen\/files\/2023\/12\/zwieselalmaufstieg-2023-motiv-40-bild-karl-posch-lr-970x647.jpg 970w, https:\/\/www.skimo.at\/rennen\/files\/2023\/12\/zwieselalmaufstieg-2023-motiv-40-bild-karl-posch-lr-140x93.jpg 140w, https:\/\/www.skimo.at\/rennen\/files\/2023\/12\/zwieselalmaufstieg-2023-motiv-40-bild-karl-posch-lr-540x360.jpg 540w, https:\/\/www.skimo.at\/rennen\/files\/2023\/12\/zwieselalmaufstieg-2023-motiv-40-bild-karl-posch-lr.jpg 1920w\" sizes=\"(max-width: 1024px) 100vw, 1024px\" \/><\/a><\/figure><\/li><li class=\"blocks-gallery-item\"><figure><a href=\"https:\/\/www.skimo.at\/rennen\/?attachment_id=299721\"><img loading=\"lazy\" width=\"1024\" height=\"682\" src=\"https:\/\/www.skimo.at\/rennen\/files\/2023\/12\/zwieselalmaufstieg-2023-motiv-01-bild-karl-posch-lr-1024x682.jpg\" alt=\"\" data-id=\"299721\" data-full-url=\"https:\/\/www.skimo.at\/rennen\/files\/2023\/12\/zwieselalmaufstieg-2023-motiv-01-bild-karl-posch-lr.jpg\" data-link=\"https:\/\/www.skimo.at\/rennen\/?attachment_id=299721\" class=\"wp-image-299721\" srcset=\"https:\/\/www.skimo.at\/rennen\/files\/2023\/12\/zwieselalmaufstieg-2023-motiv-01-bild-karl-posch-lr-1024x682.jpg 1024w, https:\/\/www.skimo.at\/rennen\/files\/2023\/12\/zwieselalmaufstieg-2023-motiv-01-bild-karl-posch-lr-300x200.jpg 300w, https:\/\/www.skimo.at\/rennen\/files\/2023\/12\/zwieselalmaufstieg-2023-motiv-01-bild-karl-posch-lr-768x512.jpg 768w, https:\/\/www.skimo.at\/rennen\/files\/2023\/12\/zwieselalmaufstieg-2023-motiv-01-bild-karl-posch-lr-746x497.jpg 746w, https:\/\/www.skimo.at\/rennen\/files\/2023\/12\/zwieselalmaufstieg-2023-motiv-01-bild-karl-posch-lr-618x412.jpg 618w, https:\/\/www.skimo.at\/rennen\/files\/2023\/12\/zwieselalmaufstieg-2023-motiv-01-bild-karl-posch-lr-554x369.jpg 554w, https:\/\/www.skimo.at\/rennen\/files\/2023\/12\/zwieselalmaufstieg-2023-motiv-01-bild-karl-posch-lr-299x199.jpg 299w, https:\/\/www.skimo.at\/rennen\/files\/2023\/12\/zwieselalmaufstieg-2023-motiv-01-bild-karl-posch-lr-1224x815.jpg 1224w, https:\/\/www.skimo.at\/rennen\/files\/2023\/12\/zwieselalmaufstieg-2023-motiv-01-bild-karl-posch-lr-970x646.jpg 970w, https:\/\/www.skimo.at\/rennen\/files\/2023\/12\/zwieselalmaufstieg-2023-motiv-01-bild-karl-posch-lr-140x93.jpg 140w, https:\/\/www.skimo.at\/rennen\/files\/2023\/12\/zwieselalmaufstieg-2023-motiv-01-bild-karl-posch-lr-540x360.jpg 540w, https:\/\/www.skimo.at\/rennen\/files\/2023\/12\/zwieselalmaufstieg-2023-motiv-01-bild-karl-posch-lr.jpg 1615w\" sizes=\"(max-width: 1024px) 100vw, 1024px\" \/><\/a><\/figure><\/li><\/ul><\/figure>\n","protected":false},"excerpt":{"rendered":"<p>Am 30.12.2023 organisierte die Sektion Ausdauersport des ASK\u00d6 Raiffeisen Gosau zum 14. Mal den traditionellen Zwieselalm-Aufstieg. Das Aufstiegsrennen mit Tourenskiern auf den h\u00f6chsten Punkt des Skigebiets Dachstein West richtet sich an \u201eNormal-Tourengeher\u201c und nicht an die Rennelite, und so geht es bei der Siegerwertung um die Mittelzeit und nicht um die Tagesbestzeit. Viele Skigebiete in [&hellip;]<\/p>\n","protected":false},"author":3,"featured_media":299687,"comment_status":"closed","ping_status":"closed","sticky":false,"template":"","format":"standard","meta":[],"categories":[1,3],"tags":[],"yoast_head":"<!-- This site is optimized with the Yoast SEO plugin v16.3 - https:\/\/yoast.com\/wordpress\/plugins\/seo\/ -->\n<title>Zwieselalmaufstieg \u2013 vor dem Jahreswechsel nochmal auf den Berg - Rennen<\/title>\n<meta name=\"robots\" content=\"index, follow, max-snippet:-1, max-image-preview:large, max-video-preview:-1\" \/>\n<link rel=\"canonical\" href=\"https:\/\/www.skimo.at\/rennen\/299602\/zwieselalmaufstieg-vor-dem-jahreswechsel-nochmal-auf-den-berg\/\" \/>\n<meta property=\"og:locale\" content=\"de_DE\" \/>\n<meta property=\"og:type\" content=\"article\" \/>\n<meta property=\"og:title\" content=\"Zwieselalmaufstieg \u2013 vor dem Jahreswechsel nochmal auf den Berg - Rennen\" \/>\n<meta property=\"og:description\" content=\"Am 30.12.2023 organisierte die Sektion Ausdauersport des ASK\u00d6 Raiffeisen Gosau zum 14. Mal den traditionellen Zwieselalm-Aufstieg. Das Aufstiegsrennen mit Tourenskiern auf den h\u00f6chsten Punkt des Skigebiets Dachstein West richtet sich an \u201eNormal-Tourengeher\u201c und nicht an die Rennelite, und so geht es bei der Siegerwertung um die Mittelzeit und nicht um die Tagesbestzeit. Viele Skigebiete in [&hellip;]\" \/>\n<meta property=\"og:url\" content=\"https:\/\/www.skimo.at\/rennen\/299602\/zwieselalmaufstieg-vor-dem-jahreswechsel-nochmal-auf-den-berg\/\" \/>\n<meta property=\"og:site_name\" content=\"Rennen\" \/>\n<meta property=\"article:published_time\" content=\"2023-12-31T16:14:03+00:00\" \/>\n<meta property=\"article:modified_time\" content=\"2023-12-31T16:25:39+00:00\" \/>\n<meta property=\"og:image\" content=\"https:\/\/www.skimo.at\/rennen\/files\/2023\/12\/zwieselalmaufstieg-2023-motiv-44-bild-andreas-renner-lr.jpg\" \/>\n\t<meta property=\"og:image:width\" content=\"1920\" \/>\n\t<meta property=\"og:image:height\" content=\"1280\" \/>\n<meta name=\"twitter:card\" content=\"summary\" \/>\n<meta name=\"twitter:label1\" content=\"Gesch\u00e4tzte Lesezeit\">\n\t<meta name=\"twitter:data1\" content=\"26\u00a0Minuten\">\n<script type=\"application\/ld+json\" class=\"yoast-schema-graph\">{\"@context\":\"https:\/\/schema.org\",\"@graph\":[{\"@type\":\"WebSite\",\"@id\":\"https:\/\/skimo.73.jarolim.eu\/rennen\/#website\",\"url\":\"https:\/\/skimo.73.jarolim.eu\/rennen\/\",\"name\":\"Rennen\",\"description\":\"\",\"potentialAction\":[{\"@type\":\"SearchAction\",\"target\":\"https:\/\/skimo.73.jarolim.eu\/rennen\/?s={search_term_string}\",\"query-input\":\"required name=search_term_string\"}],\"inLanguage\":\"de\"},{\"@type\":\"ImageObject\",\"@id\":\"https:\/\/www.skimo.at\/rennen\/299602\/zwieselalmaufstieg-vor-dem-jahreswechsel-nochmal-auf-den-berg\/#primaryimage\",\"inLanguage\":\"de\",\"url\":\"https:\/\/www.skimo.at\/rennen\/files\/2023\/12\/zwieselalmaufstieg-2023-motiv-44-bild-andreas-renner-lr.jpg\",\"contentUrl\":\"https:\/\/www.skimo.at\/rennen\/files\/2023\/12\/zwieselalmaufstieg-2023-motiv-44-bild-andreas-renner-lr.jpg\",\"width\":1920,\"height\":1280},{\"@type\":\"WebPage\",\"@id\":\"https:\/\/www.skimo.at\/rennen\/299602\/zwieselalmaufstieg-vor-dem-jahreswechsel-nochmal-auf-den-berg\/#webpage\",\"url\":\"https:\/\/www.skimo.at\/rennen\/299602\/zwieselalmaufstieg-vor-dem-jahreswechsel-nochmal-auf-den-berg\/\",\"name\":\"Zwieselalmaufstieg \\u2013 vor dem Jahreswechsel nochmal auf den Berg - Rennen\",\"isPartOf\":{\"@id\":\"https:\/\/skimo.73.jarolim.eu\/rennen\/#website\"},\"primaryImageOfPage\":{\"@id\":\"https:\/\/www.skimo.at\/rennen\/299602\/zwieselalmaufstieg-vor-dem-jahreswechsel-nochmal-auf-den-berg\/#primaryimage\"},\"datePublished\":\"2023-12-31T16:14:03+00:00\",\"dateModified\":\"2023-12-31T16:25:39+00:00\",\"author\":{\"@id\":\"https:\/\/skimo.73.jarolim.eu\/rennen\/#\/schema\/person\/796ecbce6796efca58bf848ca63ec12c\"},\"breadcrumb\":{\"@id\":\"https:\/\/www.skimo.at\/rennen\/299602\/zwieselalmaufstieg-vor-dem-jahreswechsel-nochmal-auf-den-berg\/#breadcrumb\"},\"inLanguage\":\"de\",\"potentialAction\":[{\"@type\":\"ReadAction\",\"target\":[\"https:\/\/www.skimo.at\/rennen\/299602\/zwieselalmaufstieg-vor-dem-jahreswechsel-nochmal-auf-den-berg\/\"]}]},{\"@type\":\"BreadcrumbList\",\"@id\":\"https:\/\/www.skimo.at\/rennen\/299602\/zwieselalmaufstieg-vor-dem-jahreswechsel-nochmal-auf-den-berg\/#breadcrumb\",\"itemListElement\":[{\"@type\":\"ListItem\",\"position\":1,\"item\":{\"@type\":\"WebPage\",\"@id\":\"https:\/\/skimo.73.jarolim.eu\/rennen\/\",\"url\":\"https:\/\/skimo.73.jarolim.eu\/rennen\/\",\"name\":\"Home\"}},{\"@type\":\"ListItem\",\"position\":2,\"item\":{\"@id\":\"https:\/\/www.skimo.at\/rennen\/299602\/zwieselalmaufstieg-vor-dem-jahreswechsel-nochmal-auf-den-berg\/#webpage\"}}]},{\"@type\":\"Person\",\"@id\":\"https:\/\/skimo.73.jarolim.eu\/rennen\/#\/schema\/person\/796ecbce6796efca58bf848ca63ec12c\",\"name\":\"kposch\",\"image\":{\"@type\":\"ImageObject\",\"@id\":\"https:\/\/skimo.73.jarolim.eu\/rennen\/#personlogo\",\"inLanguage\":\"de\",\"url\":\"https:\/\/secure.gravatar.com\/avatar\/e9f5f28da60e5e563d3f4d3cc0b9b425?s=96&r=g\",\"contentUrl\":\"https:\/\/secure.gravatar.com\/avatar\/e9f5f28da60e5e563d3f4d3cc0b9b425?s=96&r=g\",\"caption\":\"kposch\"},\"url\":\"https:\/\/www.skimo.at\/rennen\/author\/kposch\/\"}]}<\/script>\n<!-- \/ Yoast SEO plugin. -->","_links":{"self":[{"href":"https:\/\/www.skimo.at\/rennen\/wp-json\/wp\/v2\/posts\/299602"}],"collection":[{"href":"https:\/\/www.skimo.at\/rennen\/wp-json\/wp\/v2\/posts"}],"about":[{"href":"https:\/\/www.skimo.at\/rennen\/wp-json\/wp\/v2\/types\/post"}],"author":[{"embeddable":true,"href":"https:\/\/www.skimo.at\/rennen\/wp-json\/wp\/v2\/users\/3"}],"replies":[{"embeddable":true,"href":"https:\/\/www.skimo.at\/rennen\/wp-json\/wp\/v2\/comments?post=299602"}],"version-history":[{"count":3,"href":"https:\/\/www.skimo.at\/rennen\/wp-json\/wp\/v2\/posts\/299602\/revisions"}],"predecessor-version":[{"id":299725,"href":"https:\/\/www.skimo.at\/rennen\/wp-json\/wp\/v2\/posts\/299602\/revisions\/299725"}],"wp:featuredmedia":[{"embeddable":true,"href":"https:\/\/www.skimo.at\/rennen\/wp-json\/wp\/v2\/media\/299687"}],"wp:attachment":[{"href":"https:\/\/www.skimo.at\/rennen\/wp-json\/wp\/v2\/media?parent=299602"}],"wp:term":[{"taxonomy":"category","embeddable":true,"href":"https:\/\/www.skimo.at\/rennen\/wp-json\/wp\/v2\/categories?post=299602"},{"taxonomy":"post_tag","embeddable":true,"href":"https:\/\/www.skimo.at\/rennen\/wp-json\/wp\/v2\/tags?post=299602"}],"curies":[{"name":"wp","href":"https:\/\/api.w.org\/{rel}","templated":true}]}}