{"id":299430,"date":"2023-12-19T18:21:06","date_gmt":"2023-12-19T16:21:06","guid":{"rendered":"https:\/\/www.skimo.at\/rennen\/?p=299430"},"modified":"2023-12-19T18:21:06","modified_gmt":"2023-12-19T16:21:06","slug":"pressekonferenz-von-skimo-austria-19-12-2023-der-skitourensport-ueberwindet-ein-zwischentief","status":"publish","type":"post","link":"https:\/\/www.skimo.at\/rennen\/299430\/pressekonferenz-von-skimo-austria-19-12-2023-der-skitourensport-ueberwindet-ein-zwischentief\/","title":{"rendered":"Pressekonferenz von SKIMO Austria 19.12.2023 &#8211; Der Skitourensport \u00fcberwindet ein Zwischentief"},"content":{"rendered":"\n<p>Am 19.12.2023 fand im gewohnten Rahmen beim Autohaus <a href=\"https:\/\/www.sonnleitner-auto.com\/at\/\">SONNLEITNER <\/a>in Salzburg die j\u00e4hrliche Pressekonferenz von SKIMO Austria zum Thema Skitourensport statt. Die Einsch\u00e4tzungen von Experten aus allen Bereichen des Skitourensports stie\u00dfen vor vollem Haus auf gro\u00dfes Interesse. Der betrachtete Bereich f\u00fcr alle Experten waren Sell-In Zahlen aus dem vorigen Winter 2022\/23, der durch schlechte Schneelage und Nachwehen der Pandemie durchaus als sportlicher Problemwinter gesehen werden kann. Dennoch wurde bei den Vortr\u00e4gen klar, dass es sich wohl nur um ein Zwischentief in der sonst positiven Entwicklung handelt und dass die Zukunft f\u00fcr das Skibergsteigen rosig sein wird.<\/p>\n\n\n\n<!--more-->\n\n\n\n<p>Die Pressekonferenz \u2013 dieses Mal \u00fcbrigens Live in ORF Sport+ \u00fcbertragen \u2013 gliederte sich in drei Bl\u00f6cke mit unterschiedlichen Themen.<\/p>\n\n\n\n<figure class=\"wp-block-image size-large\"><a href=\"https:\/\/www.skimo.at\/rennen\/files\/2023\/12\/skimoaustria-pressekonferenz2023-skimoaustriakarlposch-nilslang-lr-004.jpg\"><img loading=\"lazy\" width=\"1024\" height=\"682\" src=\"https:\/\/www.skimo.at\/rennen\/files\/2023\/12\/skimoaustria-pressekonferenz2023-skimoaustriakarlposch-nilslang-lr-004-1024x682.jpg\" alt=\"\" class=\"wp-image-299450\" srcset=\"https:\/\/www.skimo.at\/rennen\/files\/2023\/12\/skimoaustria-pressekonferenz2023-skimoaustriakarlposch-nilslang-lr-004-1024x682.jpg 1024w, https:\/\/www.skimo.at\/rennen\/files\/2023\/12\/skimoaustria-pressekonferenz2023-skimoaustriakarlposch-nilslang-lr-004-300x200.jpg 300w, https:\/\/www.skimo.at\/rennen\/files\/2023\/12\/skimoaustria-pressekonferenz2023-skimoaustriakarlposch-nilslang-lr-004-768x512.jpg 768w, https:\/\/www.skimo.at\/rennen\/files\/2023\/12\/skimoaustria-pressekonferenz2023-skimoaustriakarlposch-nilslang-lr-004-746x497.jpg 746w, https:\/\/www.skimo.at\/rennen\/files\/2023\/12\/skimoaustria-pressekonferenz2023-skimoaustriakarlposch-nilslang-lr-004-618x412.jpg 618w, https:\/\/www.skimo.at\/rennen\/files\/2023\/12\/skimoaustria-pressekonferenz2023-skimoaustriakarlposch-nilslang-lr-004-554x369.jpg 554w, https:\/\/www.skimo.at\/rennen\/files\/2023\/12\/skimoaustria-pressekonferenz2023-skimoaustriakarlposch-nilslang-lr-004-299x199.jpg 299w, https:\/\/www.skimo.at\/rennen\/files\/2023\/12\/skimoaustria-pressekonferenz2023-skimoaustriakarlposch-nilslang-lr-004-1224x816.jpg 1224w, https:\/\/www.skimo.at\/rennen\/files\/2023\/12\/skimoaustria-pressekonferenz2023-skimoaustriakarlposch-nilslang-lr-004-970x646.jpg 970w, https:\/\/www.skimo.at\/rennen\/files\/2023\/12\/skimoaustria-pressekonferenz2023-skimoaustriakarlposch-nilslang-lr-004-140x93.jpg 140w, https:\/\/www.skimo.at\/rennen\/files\/2023\/12\/skimoaustria-pressekonferenz2023-skimoaustriakarlposch-nilslang-lr-004-540x360.jpg 540w, https:\/\/www.skimo.at\/rennen\/files\/2023\/12\/skimoaustria-pressekonferenz2023-skimoaustriakarlposch-nilslang-lr-004.jpg 1772w\" sizes=\"(max-width: 1024px) 100vw, 1024px\" \/><\/a><figcaption>Karl Posch<\/figcaption><\/figure>\n\n\n\n<p>Die Einleitung \u00fcbernahm <strong>Karl Posch<\/strong>, der Betreiber von SKIMO Austria mit einem Update zur Demografie der Tourengeher. Demnach gibt es in \u00d6sterreich \u00fcber 700.000 Tourengeher mit einem steigenden Frauenanteil von im Schnitt ca. 40% und sinkendem Durchschnittsalter. Der Sport bewegt sich in Richtung Masse, ist durch bessere Verf\u00fcgbarkeit guter Produkte in der Breite angekommen. Der letzte schwierige Winter brachte jedoch einen D\u00e4mpfer f\u00fcr die Entwicklung, wie Posch erl\u00e4utert:<\/p>\n\n\n\n<blockquote class=\"wp-block-quote\"><p><em>\u201eDurch den Mangel an Schnee war das Tourengehen im Gel\u00e4nde nur bedingt m\u00f6glich. Mit Maschinenschnee war der Alpine Skilauf jedoch bei guten Bedingungen ungebremst m\u00f6glich. Deshalb sind manche, die w\u00e4hrend der Pandemiejahre auf Tourenski umgestiegen waren, zumindest zeitweise wieder zum Pistenskilauf zur\u00fcckgekehrt.\u201c<\/em><\/p><\/blockquote>\n\n\n\n<p>Jedenfalls scheint der H\u00f6chststand an aktiven Tourengehern vorerst \u00fcberschritten zu sein.<\/p>\n\n\n\n<h2><strong>Themenblock 1 Wirtschaft<\/strong><\/h2>\n\n\n\n<p>Die Experten im Themenblock 1 \u201eZahlen, Daten und Fakten des Skitourensports\u201c gingen detailliert auf die Fakten des vergangenen Wintersund auf die Zukunftsaussichten der Sportart Skibergsteigen ein.<\/p>\n\n\n\n<figure class=\"wp-block-image size-large\"><a href=\"https:\/\/www.skimo.at\/rennen\/files\/2023\/12\/skimoaustria-pressekonferenz2023-michaelschineischristianhofstetteririnaandorfer-nilslang-lr-007.jpg\"><img loading=\"lazy\" width=\"1024\" height=\"682\" src=\"https:\/\/www.skimo.at\/rennen\/files\/2023\/12\/skimoaustria-pressekonferenz2023-michaelschineischristianhofstetteririnaandorfer-nilslang-lr-007-1024x682.jpg\" alt=\"\" class=\"wp-image-299440\" srcset=\"https:\/\/www.skimo.at\/rennen\/files\/2023\/12\/skimoaustria-pressekonferenz2023-michaelschineischristianhofstetteririnaandorfer-nilslang-lr-007-1024x682.jpg 1024w, https:\/\/www.skimo.at\/rennen\/files\/2023\/12\/skimoaustria-pressekonferenz2023-michaelschineischristianhofstetteririnaandorfer-nilslang-lr-007-300x200.jpg 300w, https:\/\/www.skimo.at\/rennen\/files\/2023\/12\/skimoaustria-pressekonferenz2023-michaelschineischristianhofstetteririnaandorfer-nilslang-lr-007-768x512.jpg 768w, https:\/\/www.skimo.at\/rennen\/files\/2023\/12\/skimoaustria-pressekonferenz2023-michaelschineischristianhofstetteririnaandorfer-nilslang-lr-007-746x497.jpg 746w, https:\/\/www.skimo.at\/rennen\/files\/2023\/12\/skimoaustria-pressekonferenz2023-michaelschineischristianhofstetteririnaandorfer-nilslang-lr-007-618x412.jpg 618w, https:\/\/www.skimo.at\/rennen\/files\/2023\/12\/skimoaustria-pressekonferenz2023-michaelschineischristianhofstetteririnaandorfer-nilslang-lr-007-554x369.jpg 554w, https:\/\/www.skimo.at\/rennen\/files\/2023\/12\/skimoaustria-pressekonferenz2023-michaelschineischristianhofstetteririnaandorfer-nilslang-lr-007-299x199.jpg 299w, https:\/\/www.skimo.at\/rennen\/files\/2023\/12\/skimoaustria-pressekonferenz2023-michaelschineischristianhofstetteririnaandorfer-nilslang-lr-007-1224x816.jpg 1224w, https:\/\/www.skimo.at\/rennen\/files\/2023\/12\/skimoaustria-pressekonferenz2023-michaelschineischristianhofstetteririnaandorfer-nilslang-lr-007-970x646.jpg 970w, https:\/\/www.skimo.at\/rennen\/files\/2023\/12\/skimoaustria-pressekonferenz2023-michaelschineischristianhofstetteririnaandorfer-nilslang-lr-007-140x93.jpg 140w, https:\/\/www.skimo.at\/rennen\/files\/2023\/12\/skimoaustria-pressekonferenz2023-michaelschineischristianhofstetteririnaandorfer-nilslang-lr-007-540x360.jpg 540w, https:\/\/www.skimo.at\/rennen\/files\/2023\/12\/skimoaustria-pressekonferenz2023-michaelschineischristianhofstetteririnaandorfer-nilslang-lr-007.jpg 1772w\" sizes=\"(max-width: 1024px) 100vw, 1024px\" \/><\/a><figcaption>vlnr: Dr. Michael Schineis, Christian Hofstetter, Irina Andorfer<\/figcaption><\/figure>\n\n\n\n<p><strong>Irina Andorfer<\/strong>, <a href=\"https:\/\/www.dynafit.com\/de-de\">DYNAFIT <\/a>Sales Managerin f\u00fcr D\/A\/CH und Sprecherin der Outdoor Group des <a href=\"https:\/\/www.vsso.at\/\">Verbands der Sportartikelerzeuger und Sportartikelh\u00e4ndler \u00d6sterreichs (VSS\u00d6)<\/a>, pr\u00e4sentierte Verkaufs- und Umsatzzahlen im Outdoorbereich, speziell aufgeschl\u00fcsselt auf den Bereich Skitouren. Demnach wurde international mit 340.000 Paar Tourenski, 325.000 Paar Tourenskischuhen und 320.000 Tourenbindungen der Zenit der Verk\u00e4ufe \u00fcberschritten, das Niveau aber noch fast gehalten. Der schneearme Winter in Europa und eine schwierige \u00dcbersee-Marktsituation in den USA mit einem deutlichen Minus warfen Schatten auf die Tatsache, dass alle Produktionsr\u00fcckst\u00e4nde der letzten beiden Jahre aufgeholt werden konnten.<\/p>\n\n\n\n<p>Das Resultat der Gesamtsituation, n\u00e4mlich \u00fcbervolle Lager und weniger Absatz, war auch im \u00d6sterreichischen Markt massiv zu sp\u00fcren. Hierzulande schrumpfte das Volumen von Outdoor-Textilien um 2,5% auf 290 Mio. \u20ac, machte dabei etwa 48% des um etwa 3,4 % geschrumpften Outdoormarktes von 595 Mio. \u20ac aus. Der Outdoormarkt ist und bleibt mit etwa 25% des gesamten Sporthandelsumsatzes eine wichtige Gr\u00f6\u00dfe. Bei der Hartware verlor man gar ganze 7% vom Umsatz, allerdings ist das relativ zu sehen, denn noch immer ist der Markt etwa 21% \u00fcber dem Vor-Corona-Niveau. Der Anteil der verkauften 52.000 Paar Tourenski an der Gesamtmenge der Ski am Markt ist von 28% auf 13% gesunken, ein untr\u00fcgliches Zeichen, dass der Tourensport im Vergleich zum Alpinskilauf verloren hat. Mit 57.000 Paar Tourenskischuhen und 45.000 Tourenbindungen best\u00e4tigte sich der insgesamte R\u00fcckgang. Parallel stiegen die Verkaufspreise aber deutlich an, bei Tourenskischuhen um satte 21%.<\/p>\n\n\n\n<p>Dennoch sieht Andorfer aus Herstellersicht bei der Marktentwicklung im Skitourensport keineswegs schwarz:<\/p>\n\n\n\n<blockquote class=\"wp-block-quote\"><p><em>\u201eWir m\u00fcssen ber\u00fccksichtigen, dass wir zwei Saisonen lang massive Umsatzzuw\u00e4chse hatten und das Minus des letzten Winters gesondert betrachtet werden muss. Der Skitourenmarkt ist in der Breite angekommen, und das Wachstum wird sich mittelfristig auf einem guten Vor-Corona Niveau bei 5% j\u00e4hrlich einpendeln. Damit werden wir wieder im Trend sein, denn das Skibergsteigen gewinnt an Attraktivit\u00e4t \u2013 die Sportart passt optimal zur fitnessorientierten und naturverbundenen Entwicklung der Gesellschaft<\/em>.\u00a0\u00a0\u00a0<\/p><\/blockquote>\n\n\n\n<p>Der Pr\u00e4sident des Verbands der Sportartikelerzeuger und Sportartikelh\u00e4ndler \u00d6sterreichs (VSS\u00d6) und Pr\u00e4sident der <a href=\"https:\/\/www.amersports.com\/\">Amer-Gruppe<\/a> <strong>Dr.<\/strong> <strong>Michael Schineis<\/strong> warf ein Licht auf die Gesamtsituation am Wintersportmarkt. Nach Jahren mit niedrigen Zahlen der weltweiten Skiproduktion hat man im Winter 2022\/23 mit 3.672.962 verkauften Paar Ski, davon mit 396.001 Paar ca. 10% am \u00d6sterreichischen Markt, wieder Vor-Corona-Niveau erreicht. Die \u00d6sterreichische Skiindustrie, die rund 50% der weltweit verkauften Skier produziert, freut das. Der geschrumpfte Markt bei Tourenskiern wird dabei nur zeitlich begrenzt sein, zudem weist Schineis darauf hin, dass in der Gesamtbetrachtung des Outdoormarktes inklusive Textil und Zubeh\u00f6r die Situation keineswegs schlecht ist. Und w\u00e4hrend im vergangenen Winter der Tourenskimarkt nach unten ging, l\u00e4sst die aktuelle Entwicklung erahnen, dass das Tief \u00fcberwunden ist. Die Zukunft scheint gut zu sein:<\/p>\n\n\n\n<blockquote class=\"wp-block-quote\"><p><em>\u201eDer Tourensport ebenso wie der gesamte Skisport entwickeln sich seit vielen Jahren stabil. Nat\u00fcrlich war der Schneemangel im letzten Winter problematisch, aber jedes Problem kann auch als Chance verstanden werden. Hersteller und Handel sind flexibel genug, angepasst an den Markt zu reagieren. Es keinen Grund, an einer gesunden Zukunft des Skisports und nat\u00fcrlich auch des Tourensports zu zweifeln.\u201c<\/em><\/p><\/blockquote>\n\n\n\n<p><strong>Christian Hofstetter<\/strong>, Ein- und Verkaufsleiter bei <a href=\"https:\/\/www.bergzeit.de\/\">BERGZEIT<\/a>, einem der gr\u00f6\u00dften Outdoor-Onlineh\u00e4ndler in Europa, beleuchtete schlie\u00dflich die Situation des Handels. Hier schrumpfte der Umsatz im vergangenen Winter gar um 15%, \u00fcberproportional bei LVS-Ausr\u00fcstungen und Einsteigersets, beides dem Schneemangel geschuldet. Prozentual hat dabei der Onlinehandel mehr verloren als der station\u00e4re Handel, allerdings gilt auch im Handel, dass 2 Jahre zuvor ein massives Wachstum von mind. 30% zu verzeichnen war, die Verluste also verkraftbar waren. Ein Problem sind allerdings die vollen Lager in Kombination mit gro\u00dfen Preissteigerungen. Mittelfristig ist die Aussicht trotzdem positiv:<\/p>\n\n\n\n<blockquote class=\"wp-block-quote\"><p><em>\u201eDie Preissteigerung im gesamten Outdoorbereich samt Textil war mit 8% relativ hoch und die Lagersituation entspannt sich nur sehr langsam. Es ist auch zu bef\u00fcrchten, dass die gerade rollende Pleitewelle in der Branche noch andauern wird. Die Handelslandschaft wird sich in den kommenden Jahren nachhaltig ver\u00e4ndern, aber auch wieder auf ein gesundes Wachstum einpendeln.\u201c<\/em><\/p><\/blockquote>\n\n\n\n<p>Abschlie\u00dfend gaben die Experten noch eine Aussicht in die Zukunft. Demnach wird Nachhaltigkeit eine zunehmend gro\u00dfe Rolle spielen, hybride Nutzung von Ausr\u00fcstung ist vor allem im stark wachsenden Jugendsegment wichtig. Die Eroberung des erschlossenen Skiraums durch die Tourengeher ist ein Motor f\u00fcr die laufende Entwicklung von der Nische in die Breite, von der Randerscheinung zur Wertsch\u00f6pfung.<\/p>\n\n\n\n<!--nextpage-->\n\n\n\n<h2><strong>Themenblock 2: Entwicklung Skibergsteigen<\/strong><\/h2>\n\n\n\n<p>Im 2. Themenblock: \u201eSkibergsteigen am Vorabend der Olympischen Spiele 2026 \u2013 Quo Vadis?\u201c wurde die aktuelle und m\u00f6gliche zuk\u00fcnftige Entwicklung der Sportart beleuchtet. Experten aus verschiedenen Bereichen gaben ihre Einsch\u00e4tzungen ab. Spannend sind diese vor dem Hintergrund der Aufnahme der Sportart in das Olympische Programm 2026 und einer damit verbundenen Spezialisierung des Spitzensports auf Kurzstreckenevents, w\u00e4hrend parallel der Breitensport stark w\u00e4chst und das pers\u00f6nliche Naturerlebnis als Megatrend Fahrt aufnimmt.<\/p>\n\n\n\n<figure class=\"wp-block-image size-large\"><a href=\"https:\/\/www.skimo.at\/rennen\/files\/2023\/12\/skimoaustria-pressekonferenz2023-jakobherrmann-nilslang-lr-011.jpg\"><img loading=\"lazy\" width=\"1024\" height=\"682\" src=\"https:\/\/www.skimo.at\/rennen\/files\/2023\/12\/skimoaustria-pressekonferenz2023-jakobherrmann-nilslang-lr-011-1024x682.jpg\" alt=\"\" class=\"wp-image-299438\" srcset=\"https:\/\/www.skimo.at\/rennen\/files\/2023\/12\/skimoaustria-pressekonferenz2023-jakobherrmann-nilslang-lr-011-1024x682.jpg 1024w, https:\/\/www.skimo.at\/rennen\/files\/2023\/12\/skimoaustria-pressekonferenz2023-jakobherrmann-nilslang-lr-011-300x200.jpg 300w, https:\/\/www.skimo.at\/rennen\/files\/2023\/12\/skimoaustria-pressekonferenz2023-jakobherrmann-nilslang-lr-011-768x512.jpg 768w, https:\/\/www.skimo.at\/rennen\/files\/2023\/12\/skimoaustria-pressekonferenz2023-jakobherrmann-nilslang-lr-011-746x497.jpg 746w, https:\/\/www.skimo.at\/rennen\/files\/2023\/12\/skimoaustria-pressekonferenz2023-jakobherrmann-nilslang-lr-011-618x412.jpg 618w, https:\/\/www.skimo.at\/rennen\/files\/2023\/12\/skimoaustria-pressekonferenz2023-jakobherrmann-nilslang-lr-011-554x369.jpg 554w, https:\/\/www.skimo.at\/rennen\/files\/2023\/12\/skimoaustria-pressekonferenz2023-jakobherrmann-nilslang-lr-011-299x199.jpg 299w, https:\/\/www.skimo.at\/rennen\/files\/2023\/12\/skimoaustria-pressekonferenz2023-jakobherrmann-nilslang-lr-011-1224x816.jpg 1224w, https:\/\/www.skimo.at\/rennen\/files\/2023\/12\/skimoaustria-pressekonferenz2023-jakobherrmann-nilslang-lr-011-970x646.jpg 970w, https:\/\/www.skimo.at\/rennen\/files\/2023\/12\/skimoaustria-pressekonferenz2023-jakobherrmann-nilslang-lr-011-140x93.jpg 140w, https:\/\/www.skimo.at\/rennen\/files\/2023\/12\/skimoaustria-pressekonferenz2023-jakobherrmann-nilslang-lr-011-540x360.jpg 540w, https:\/\/www.skimo.at\/rennen\/files\/2023\/12\/skimoaustria-pressekonferenz2023-jakobherrmann-nilslang-lr-011.jpg 1772w\" sizes=\"(max-width: 1024px) 100vw, 1024px\" \/><\/a><figcaption>vlnr: Mario Siedler, Annette Hanssum, Thomas Pitzer, Jakob Herrmann<\/figcaption><\/figure>\n\n\n\n<p>F\u00fcr Industrie und Handel sprach <strong>Annette Hanssum<\/strong> von der Bekleidungsmarke <a href=\"https:\/\/www.maloja.de\/collection\/\">MALOJA<\/a>. Die schnell wachsende Trendmarke stattet im Spitzensport das Deutsche Nationalteam Skibergsteigen aus und veranstaltet divergent dazu mit dem \u201eSoul of the Mountains\u201c j\u00e4hrlich eine Breitensportveranstaltung mit \u00fcber 500 Teilnehmern.<\/p>\n\n\n\n<blockquote class=\"wp-block-quote\"><p><em>\u201eWir decken im Skitourenbereich alle Spielarten ab. Ob bei der Nationalmannschaft im Weltcup oder bei unserem Teambewerb f\u00fcr Jedermann in Ruhpolding, f\u00fcr uns ist die Emotion und das Erlebnis das Wichtigste.\u201c<\/em><\/p><\/blockquote>\n\n\n\n<p>Repr\u00e4sentativ f\u00fcr die Seilbahnwirtschaft sprach <strong>Thomas Pitzer<\/strong>, technischer Leiter der <a href=\"https:\/\/www.planai.at\/de\">Planai-Hochwurzen Bergbahnen<\/a> und selbst begeisterter Tourengeher. In den 5 Skigebieten der Region Schladming-Dachstein ist das Tourengehen mittlerweile integraler Bestandteil des Angebots, zudem richtet Schladming im M\u00e4rz 2024 bereits zum insgesamt 4. Mal einen ISMF Skibergsteiger-Weltcup aus, in Folge zum 2. Mal auf der Planai:<\/p>\n\n\n\n<blockquote class=\"wp-block-quote\"><p><em>\u201eIm Vergleich zum Alpinskilauf ist der Tourensport bei uns noch ein kleiner Bereich. Dennoch ist er wichtig und zukunftstr\u00e4chtig, wir haben deshalb bei allen unseren Skigebieten bereits eigene Aufstiegsrouten etabliert, f\u00fcr die eine Ben\u00fctzungsgeb\u00fchr eingehoben wird.\u201c<\/em><\/p><\/blockquote>\n\n\n\n<p>Die Tourismuswirtschaft vertrat der Gesch\u00e4ftsf\u00fchrer des <a href=\"https:\/\/www.obertauern.com\/\">Tourismusverbandes Obertauern<\/a>,<a> <\/a><strong>Mario Siedler<\/strong>. Durch die Lage und zentrale Erreichbarkeit ist Obertauern ein Hotspot des Tourenskisports, Obertauern hat einen zukuftsorientierten und entspannten Zugang zur Entwicklung:<\/p>\n\n\n\n<blockquote class=\"wp-block-quote\"><p><em>\u201eObertauern ist sehr beliebt bei Tourengehern, und wir freuen uns, dass sich die allermeisten an Basisregeln halten. Zuk\u00fcnftig sehen wir den Skitourengeher als fixen Bestandteil des Winterangebots. Wir werden zumindest auch f\u00fcr diesen Winter noch keine Geb\u00fchren bei den Tourengehern einheben.\u201c<\/em><\/p><\/blockquote>\n\n\n\n<figure class=\"wp-block-image size-large\"><a href=\"https:\/\/www.skimo.at\/rennen\/files\/2023\/12\/skimoaustria-pressekonferenz2023-jakobherrmannamphelenaeuringer-nilslang-lr-013.jpg\"><img loading=\"lazy\" width=\"1024\" height=\"682\" src=\"https:\/\/www.skimo.at\/rennen\/files\/2023\/12\/skimoaustria-pressekonferenz2023-jakobherrmannamphelenaeuringer-nilslang-lr-013-1024x682.jpg\" alt=\"\" class=\"wp-image-299437\" srcset=\"https:\/\/www.skimo.at\/rennen\/files\/2023\/12\/skimoaustria-pressekonferenz2023-jakobherrmannamphelenaeuringer-nilslang-lr-013-1024x682.jpg 1024w, https:\/\/www.skimo.at\/rennen\/files\/2023\/12\/skimoaustria-pressekonferenz2023-jakobherrmannamphelenaeuringer-nilslang-lr-013-300x200.jpg 300w, https:\/\/www.skimo.at\/rennen\/files\/2023\/12\/skimoaustria-pressekonferenz2023-jakobherrmannamphelenaeuringer-nilslang-lr-013-768x512.jpg 768w, https:\/\/www.skimo.at\/rennen\/files\/2023\/12\/skimoaustria-pressekonferenz2023-jakobherrmannamphelenaeuringer-nilslang-lr-013-746x497.jpg 746w, https:\/\/www.skimo.at\/rennen\/files\/2023\/12\/skimoaustria-pressekonferenz2023-jakobherrmannamphelenaeuringer-nilslang-lr-013-618x412.jpg 618w, https:\/\/www.skimo.at\/rennen\/files\/2023\/12\/skimoaustria-pressekonferenz2023-jakobherrmannamphelenaeuringer-nilslang-lr-013-554x369.jpg 554w, https:\/\/www.skimo.at\/rennen\/files\/2023\/12\/skimoaustria-pressekonferenz2023-jakobherrmannamphelenaeuringer-nilslang-lr-013-299x199.jpg 299w, https:\/\/www.skimo.at\/rennen\/files\/2023\/12\/skimoaustria-pressekonferenz2023-jakobherrmannamphelenaeuringer-nilslang-lr-013-1224x816.jpg 1224w, https:\/\/www.skimo.at\/rennen\/files\/2023\/12\/skimoaustria-pressekonferenz2023-jakobherrmannamphelenaeuringer-nilslang-lr-013-970x646.jpg 970w, https:\/\/www.skimo.at\/rennen\/files\/2023\/12\/skimoaustria-pressekonferenz2023-jakobherrmannamphelenaeuringer-nilslang-lr-013-140x93.jpg 140w, https:\/\/www.skimo.at\/rennen\/files\/2023\/12\/skimoaustria-pressekonferenz2023-jakobherrmannamphelenaeuringer-nilslang-lr-013-540x360.jpg 540w, https:\/\/www.skimo.at\/rennen\/files\/2023\/12\/skimoaustria-pressekonferenz2023-jakobherrmannamphelenaeuringer-nilslang-lr-013.jpg 1772w\" sizes=\"(max-width: 1024px) 100vw, 1024px\" \/><\/a><figcaption>vlnr Jakob Herrmann, Helena Euringer<\/figcaption><\/figure>\n\n\n\n<p>Aus der Sicht des Sportlers betrachtete <strong>Jakob Herrmann<\/strong>, Profisportler aus Werfenweng, die Entwicklung. Der amtierende und x-fache Meister im Skibergsteigen hat unz\u00e4hlige Wettk\u00e4mpfe im In- und Ausland bestritten und alpine Klassiker wie die Adamello Ski Raid in Italien und das Altitoy-Rennen in Frankreich gewonnen. Sein Bergsteiger-Herz schl\u00e4gt f\u00fcr den alpinen Tourenskisport, den er auch als den roten Faden durch alle Entwicklungen sieht.<\/p>\n\n\n\n<blockquote class=\"wp-block-quote\"><p><em>\u201eF\u00fcr mich pers\u00f6nlich ist das Skibergsteigen eine emotionale Sache, ich bin sehr gerne mit langen Touren auf den Bergen und genie\u00dfe die Zeit dort. Meiner Meinung nach ist das alpine Erlebnis die Hauptsache. Wettk\u00e4mpfe auf der Kurzstrecke sind notwendig f\u00fcr Olympia 2026 und nicht ganz meine Sache. Aber ich freue mich darauf, die \u00d6sterreicher in 3 Jahren anfeuern zu d\u00fcrfen.\u201c<\/em><\/p><\/blockquote>\n\n\n\n<p>Olympia zum Greifen nahe hat die erst 17-j\u00e4hrige <strong>Helena Euringer<\/strong> aus Schneizlreuth, Sportlerin des Deutschen DAV Nationalkaders Skibergsteigen. Sie ist nach Top Ergebnissen in den Jugendklassen ganz vorne im Nachwuchskader gereiht. Und sollte die Leistungskurve weiterhin steigen, ist der Start bei Olympia 2026 in Mailand\/Cortina in Italien ein realistisches Ziel.<\/p>\n\n\n\n<blockquote class=\"wp-block-quote\"><p><em>\u201eDie kurzen Strecken im olympischen Programm liegen mir, auch wenn ich privat sehr gerne im freien Gel\u00e4nde auf meinen Heimatbergen unterwegs bin. Olympia ist sicherlich das h\u00f6chste Ziel jedes Sportlers und ich hoffe, in 3 Jahren dabei sein zu d\u00fcrfen. Aber bis dahin hei\u00dft es noch flei\u00dfig trainieren.\u201c<\/em><\/p><\/blockquote>\n\n\n\n<!--nextpage-->\n\n\n\n<h2><strong>Themenblock 3: SKIMO Alpencup 2024 und European SKIMO Tour<\/strong><\/h2>\n\n\n\n<p>SKIMO Austria steht auch f\u00fcr die Organisation und Vermarktung von Renne im Skibergsteigen. Klassisch wird auch im kommenden Winter wieder der SKIMO Alpencup abgehalten, bestehend aus 2 Events mit 4 Wettkampftagen.<\/p>\n\n\n\n<figure class=\"wp-block-image size-large\"><a href=\"https:\/\/www.skimo.at\/rennen\/files\/2023\/12\/skimoaustria-pressekonferenz2023-rennorganisatoreneuropeanskimotour-nilslang-lr-020.jpg\"><img loading=\"lazy\" width=\"1024\" height=\"682\" src=\"https:\/\/www.skimo.at\/rennen\/files\/2023\/12\/skimoaustria-pressekonferenz2023-rennorganisatoreneuropeanskimotour-nilslang-lr-020-1024x682.jpg\" alt=\"\" class=\"wp-image-299446\" srcset=\"https:\/\/www.skimo.at\/rennen\/files\/2023\/12\/skimoaustria-pressekonferenz2023-rennorganisatoreneuropeanskimotour-nilslang-lr-020-1024x682.jpg 1024w, https:\/\/www.skimo.at\/rennen\/files\/2023\/12\/skimoaustria-pressekonferenz2023-rennorganisatoreneuropeanskimotour-nilslang-lr-020-300x200.jpg 300w, https:\/\/www.skimo.at\/rennen\/files\/2023\/12\/skimoaustria-pressekonferenz2023-rennorganisatoreneuropeanskimotour-nilslang-lr-020-768x512.jpg 768w, https:\/\/www.skimo.at\/rennen\/files\/2023\/12\/skimoaustria-pressekonferenz2023-rennorganisatoreneuropeanskimotour-nilslang-lr-020-746x497.jpg 746w, https:\/\/www.skimo.at\/rennen\/files\/2023\/12\/skimoaustria-pressekonferenz2023-rennorganisatoreneuropeanskimotour-nilslang-lr-020-618x412.jpg 618w, https:\/\/www.skimo.at\/rennen\/files\/2023\/12\/skimoaustria-pressekonferenz2023-rennorganisatoreneuropeanskimotour-nilslang-lr-020-554x369.jpg 554w, https:\/\/www.skimo.at\/rennen\/files\/2023\/12\/skimoaustria-pressekonferenz2023-rennorganisatoreneuropeanskimotour-nilslang-lr-020-299x199.jpg 299w, https:\/\/www.skimo.at\/rennen\/files\/2023\/12\/skimoaustria-pressekonferenz2023-rennorganisatoreneuropeanskimotour-nilslang-lr-020-1224x816.jpg 1224w, https:\/\/www.skimo.at\/rennen\/files\/2023\/12\/skimoaustria-pressekonferenz2023-rennorganisatoreneuropeanskimotour-nilslang-lr-020-970x646.jpg 970w, https:\/\/www.skimo.at\/rennen\/files\/2023\/12\/skimoaustria-pressekonferenz2023-rennorganisatoreneuropeanskimotour-nilslang-lr-020-140x93.jpg 140w, https:\/\/www.skimo.at\/rennen\/files\/2023\/12\/skimoaustria-pressekonferenz2023-rennorganisatoreneuropeanskimotour-nilslang-lr-020-540x360.jpg 540w, https:\/\/www.skimo.at\/rennen\/files\/2023\/12\/skimoaustria-pressekonferenz2023-rennorganisatoreneuropeanskimotour-nilslang-lr-020.jpg 1772w\" sizes=\"(max-width: 1024px) 100vw, 1024px\" \/><\/a><figcaption>vlnr: Beatrice Soyter, Thomas Wallner, Gabi Schieder Moderegger, Hannes Laner, Roland Kurz<\/figcaption><\/figure>\n\n\n\n<p>Die \u201e<a href=\"https:\/\/erztrophy.at\/\">Erztrophy<\/a>\u201c in Werfenweng am 26. und 27.1.2024 er\u00f6ffnet den Alpencup 2024. Im 20. Jubil\u00e4umsjahr werden ein Vertical- und ein Individualrennen abgehalten, zweiteres unter anderem als \u00d6sterreichische Staatsmeisterschaft. Die Pl\u00e4ne f\u00fcr den Ablauf des Pongauer Klassikers erl\u00e4uterten die OK-Mitglieder <strong>Hannes Laner<\/strong> und <strong>Thomas Wallner<\/strong>:<\/p>\n\n\n\n<blockquote class=\"wp-block-quote\"><p><em>\u201eWir freuen uns, mit der Tourismusregion Werfenweng und neuem Sponsor KARPOS ins 20. Jahr unserer Veranstaltung gehen zu d\u00fcrfen. Neben dem Verticalrennen ist uns traditionell ein gutes Individualrennen wichtig, das wir am Bischling perfekt umsetzen k\u00f6nnen. Neu wird heuer sein, dass die Wahl der 3 Streckenl\u00e4ngen jedem Teilnehmer freisteht. Wir wenden uns mit dieser Neuerung an alle Amateur-Rennl\u00e4ufer, die im Ziel eine spezielle Finisher-Medaille erwartet.\u201c<\/em><\/p><\/blockquote>\n\n\n\n<p>Die 2. Station des SKIMO Alpencups 2024 ist der legend\u00e4re \u201e<a href=\"https:\/\/www.jennerstier.de\/de\/\">Jennerstier<\/a>\u201c in Berchtesgaden am 17. und 18.2.2024. Neben dem Vertical und dem ber\u00fcchtigten Individualrennen durch den Spinnergraben, die beide als offene Rennen f\u00fcr jedermann gef\u00fchrt werden, fungiert der Jennerstier 2024 auch als Austragungsort f\u00fcr einen ISMF-Jugendweltcup. Zus\u00e4tzlich werden auch eine Dreierstaffel und ein Kinderrennen organisiert. Eine Besonderheit ist der erste Bewerb f\u00fcr 17 \u2013 25j\u00e4hrige Studenten im Rahmen des Verticals nach der k\u00fcrzlich erfolgten Anerkennung der Sportart Skibergsteigen durch den internationalen Hochschulsportverband FISU. Die OK Mitglieder <strong>Gabi Schieder-Moderegger<\/strong> und <strong>Beatrice Soyter<\/strong> freuen sich auf die Durchf\u00fchrung:<\/p>\n\n\n\n<blockquote class=\"wp-block-quote\"><p><em>\u201eDer Jenner ist ab diesem Winter als Tourenskigebiet ausgewiesen, was f\u00fcr unsere Veranstaltung perfekt passt. Als Sektion des Deutschen Alpenvereins sind wir Berchtesgadener auch besonders dem Nachwuchs verpflichtet, weshalb der Jugendweltcup ein richtiges Highlight ist.\u201c<\/em><\/p><\/blockquote>\n\n\n\n<p>Als Neuerung wurde abschlie\u00dfend schlie\u00dflich die Idee der \u201eEuropean SKIMO Tour EST\u201c pr\u00e4sentiert. Nach einem intensiven Dialog zwischen etablierten europ\u00e4ischen Rennveranstaltern im vergangenen Fr\u00fchling soll diese lose Vereinigung mit gemeinsamer Punktewertung eine Erg\u00e4nzung zur aktuellen Entwicklung des Welt- und Europacups bieten. Denn w\u00e4hrend sich in diesen Rennserien das Streben nach Olympia durch die Abhaltung von Sprints und gemischten Staffeln abbildet, wollen die Anbieter in der European SKIMO Tour bewusst auf Vertical- und Individualrennen setzen und damit den klassischen Skibergsteiger ansprechen. F\u00fcr das Deb\u00fct-Jahr 2024 sind 4 kapitale Veranstaltungen Teil der Tour: neben den beiden Rennen des SKIMO Alpencups sind dies das gr\u00f6\u00dfte \u00d6sterreichische Skibergsteiger-Rennen, die \u201e<a href=\"https:\/\/www.mountain-attack.at\/de\/\">Mountain Attack<\/a>\u201c in Saalbach am 19.1.2024 und das italienische Rennen \u201eSellaronda\u201c am 22.3.2024. Die Intention hinter der Idee und die Zielsetzung erkl\u00e4rte Roland Kurz, OK-Chef der Mountain Attack:<\/p>\n\n\n\n<blockquote class=\"wp-block-quote\"><p><em>\u201eUnsere gro\u00dfen und starken Rennen mit viel Tradition haben \u00fcber 92 Veranstaltungsjahre immense Erfahrung bei der Abwicklung von Veranstaltungen in den Kerndisziplinen sammeln k\u00f6nnen. Die Verbindung zu einer gemeinsamen europaweiten Tour f\u00fcr Jedermann mit Vertical- und Individualrennen soll den Geist des traditionellen Skibergsteigens aktiv halten, auch wenn wir den zuk\u00fcnftigen Olympiasiegern auf Kurzstrecken zujubeln werden. Eine Erweiterung auch au\u00dferhalb des deutschsprachigen Gebiets ist ab 2025 geplant.\u201c<\/em><\/p><\/blockquote>\n\n\n\n<p>Die mit gro\u00dfem Interesse zuh\u00f6renden Medienschaffenden hatte zum Abschluss der Pressekonferenz noch Gelegenheit, Einzelgespr\u00e4che mit den Fachleuten vor Ort zu f\u00fchren.<\/p>\n\n\n\n<div class=\"wp-block-file\"><a href=\"https:\/\/www.skimo.at\/rennen\/files\/2023\/12\/Handout-SKIMO-PK-19.12.2022_3.pdf\">Handout SKIMO PK 19.12.2022_3<\/a><a href=\"https:\/\/www.skimo.at\/rennen\/files\/2023\/12\/Handout-SKIMO-PK-19.12.2022_3.pdf\" class=\"wp-block-file__button\" download>Herunterladen<\/a><\/div>\n\n\n\n<figure class=\"wp-block-gallery columns-3 is-cropped\"><ul class=\"blocks-gallery-grid\"><li class=\"blocks-gallery-item\"><figure><a href=\"https:\/\/www.skimo.at\/rennen\/?attachment_id=299434\"><img loading=\"lazy\" width=\"1024\" height=\"682\" src=\"https:\/\/www.skimo.at\/rennen\/files\/2023\/12\/skimoaustria-pressekonferenz2023-athletinhelenaeuringer-nilslang-lr-014-1024x682.jpg\" alt=\"\" data-id=\"299434\" data-full-url=\"https:\/\/www.skimo.at\/rennen\/files\/2023\/12\/skimoaustria-pressekonferenz2023-athletinhelenaeuringer-nilslang-lr-014.jpg\" data-link=\"https:\/\/www.skimo.at\/rennen\/?attachment_id=299434\" class=\"wp-image-299434\" srcset=\"https:\/\/www.skimo.at\/rennen\/files\/2023\/12\/skimoaustria-pressekonferenz2023-athletinhelenaeuringer-nilslang-lr-014-1024x682.jpg 1024w, https:\/\/www.skimo.at\/rennen\/files\/2023\/12\/skimoaustria-pressekonferenz2023-athletinhelenaeuringer-nilslang-lr-014-300x200.jpg 300w, https:\/\/www.skimo.at\/rennen\/files\/2023\/12\/skimoaustria-pressekonferenz2023-athletinhelenaeuringer-nilslang-lr-014-768x512.jpg 768w, https:\/\/www.skimo.at\/rennen\/files\/2023\/12\/skimoaustria-pressekonferenz2023-athletinhelenaeuringer-nilslang-lr-014-746x497.jpg 746w, https:\/\/www.skimo.at\/rennen\/files\/2023\/12\/skimoaustria-pressekonferenz2023-athletinhelenaeuringer-nilslang-lr-014-618x412.jpg 618w, https:\/\/www.skimo.at\/rennen\/files\/2023\/12\/skimoaustria-pressekonferenz2023-athletinhelenaeuringer-nilslang-lr-014-554x369.jpg 554w, https:\/\/www.skimo.at\/rennen\/files\/2023\/12\/skimoaustria-pressekonferenz2023-athletinhelenaeuringer-nilslang-lr-014-299x199.jpg 299w, https:\/\/www.skimo.at\/rennen\/files\/2023\/12\/skimoaustria-pressekonferenz2023-athletinhelenaeuringer-nilslang-lr-014-1224x816.jpg 1224w, https:\/\/www.skimo.at\/rennen\/files\/2023\/12\/skimoaustria-pressekonferenz2023-athletinhelenaeuringer-nilslang-lr-014-970x646.jpg 970w, https:\/\/www.skimo.at\/rennen\/files\/2023\/12\/skimoaustria-pressekonferenz2023-athletinhelenaeuringer-nilslang-lr-014-140x93.jpg 140w, https:\/\/www.skimo.at\/rennen\/files\/2023\/12\/skimoaustria-pressekonferenz2023-athletinhelenaeuringer-nilslang-lr-014-540x360.jpg 540w, https:\/\/www.skimo.at\/rennen\/files\/2023\/12\/skimoaustria-pressekonferenz2023-athletinhelenaeuringer-nilslang-lr-014.jpg 1772w\" sizes=\"(max-width: 1024px) 100vw, 1024px\" \/><\/a><\/figure><\/li><li class=\"blocks-gallery-item\"><figure><a href=\"https:\/\/www.skimo.at\/rennen\/?attachment_id=299435\"><img loading=\"lazy\" width=\"1024\" height=\"682\" src=\"https:\/\/www.skimo.at\/rennen\/files\/2023\/12\/skimoaustria-pressekonferenz2023-christianhofstetteririnaandorferkarlposch-nilslang-lr-005-1024x682.jpg\" alt=\"\" data-id=\"299435\" data-full-url=\"https:\/\/www.skimo.at\/rennen\/files\/2023\/12\/skimoaustria-pressekonferenz2023-christianhofstetteririnaandorferkarlposch-nilslang-lr-005.jpg\" data-link=\"https:\/\/www.skimo.at\/rennen\/?attachment_id=299435\" class=\"wp-image-299435\" srcset=\"https:\/\/www.skimo.at\/rennen\/files\/2023\/12\/skimoaustria-pressekonferenz2023-christianhofstetteririnaandorferkarlposch-nilslang-lr-005-1024x682.jpg 1024w, https:\/\/www.skimo.at\/rennen\/files\/2023\/12\/skimoaustria-pressekonferenz2023-christianhofstetteririnaandorferkarlposch-nilslang-lr-005-300x200.jpg 300w, https:\/\/www.skimo.at\/rennen\/files\/2023\/12\/skimoaustria-pressekonferenz2023-christianhofstetteririnaandorferkarlposch-nilslang-lr-005-768x512.jpg 768w, https:\/\/www.skimo.at\/rennen\/files\/2023\/12\/skimoaustria-pressekonferenz2023-christianhofstetteririnaandorferkarlposch-nilslang-lr-005-746x497.jpg 746w, https:\/\/www.skimo.at\/rennen\/files\/2023\/12\/skimoaustria-pressekonferenz2023-christianhofstetteririnaandorferkarlposch-nilslang-lr-005-618x412.jpg 618w, https:\/\/www.skimo.at\/rennen\/files\/2023\/12\/skimoaustria-pressekonferenz2023-christianhofstetteririnaandorferkarlposch-nilslang-lr-005-554x369.jpg 554w, https:\/\/www.skimo.at\/rennen\/files\/2023\/12\/skimoaustria-pressekonferenz2023-christianhofstetteririnaandorferkarlposch-nilslang-lr-005-299x199.jpg 299w, https:\/\/www.skimo.at\/rennen\/files\/2023\/12\/skimoaustria-pressekonferenz2023-christianhofstetteririnaandorferkarlposch-nilslang-lr-005-1224x816.jpg 1224w, https:\/\/www.skimo.at\/rennen\/files\/2023\/12\/skimoaustria-pressekonferenz2023-christianhofstetteririnaandorferkarlposch-nilslang-lr-005-970x646.jpg 970w, https:\/\/www.skimo.at\/rennen\/files\/2023\/12\/skimoaustria-pressekonferenz2023-christianhofstetteririnaandorferkarlposch-nilslang-lr-005-140x93.jpg 140w, https:\/\/www.skimo.at\/rennen\/files\/2023\/12\/skimoaustria-pressekonferenz2023-christianhofstetteririnaandorferkarlposch-nilslang-lr-005-540x360.jpg 540w, https:\/\/www.skimo.at\/rennen\/files\/2023\/12\/skimoaustria-pressekonferenz2023-christianhofstetteririnaandorferkarlposch-nilslang-lr-005.jpg 1772w\" sizes=\"(max-width: 1024px) 100vw, 1024px\" \/><\/a><\/figure><\/li><li class=\"blocks-gallery-item\"><figure><a href=\"https:\/\/www.skimo.at\/rennen\/?attachment_id=299436\"><img loading=\"lazy\" width=\"1024\" height=\"682\" src=\"https:\/\/www.skimo.at\/rennen\/files\/2023\/12\/skimoaustria-pressekonferenz2023-jakobherrmannamphelenaeuringer-nilslang-lr-012-1024x682.jpg\" alt=\"\" data-id=\"299436\" data-full-url=\"https:\/\/www.skimo.at\/rennen\/files\/2023\/12\/skimoaustria-pressekonferenz2023-jakobherrmannamphelenaeuringer-nilslang-lr-012.jpg\" data-link=\"https:\/\/www.skimo.at\/rennen\/?attachment_id=299436\" class=\"wp-image-299436\" srcset=\"https:\/\/www.skimo.at\/rennen\/files\/2023\/12\/skimoaustria-pressekonferenz2023-jakobherrmannamphelenaeuringer-nilslang-lr-012-1024x682.jpg 1024w, https:\/\/www.skimo.at\/rennen\/files\/2023\/12\/skimoaustria-pressekonferenz2023-jakobherrmannamphelenaeuringer-nilslang-lr-012-300x200.jpg 300w, https:\/\/www.skimo.at\/rennen\/files\/2023\/12\/skimoaustria-pressekonferenz2023-jakobherrmannamphelenaeuringer-nilslang-lr-012-768x512.jpg 768w, https:\/\/www.skimo.at\/rennen\/files\/2023\/12\/skimoaustria-pressekonferenz2023-jakobherrmannamphelenaeuringer-nilslang-lr-012-746x497.jpg 746w, https:\/\/www.skimo.at\/rennen\/files\/2023\/12\/skimoaustria-pressekonferenz2023-jakobherrmannamphelenaeuringer-nilslang-lr-012-618x412.jpg 618w, https:\/\/www.skimo.at\/rennen\/files\/2023\/12\/skimoaustria-pressekonferenz2023-jakobherrmannamphelenaeuringer-nilslang-lr-012-554x369.jpg 554w, https:\/\/www.skimo.at\/rennen\/files\/2023\/12\/skimoaustria-pressekonferenz2023-jakobherrmannamphelenaeuringer-nilslang-lr-012-299x199.jpg 299w, https:\/\/www.skimo.at\/rennen\/files\/2023\/12\/skimoaustria-pressekonferenz2023-jakobherrmannamphelenaeuringer-nilslang-lr-012-1224x816.jpg 1224w, https:\/\/www.skimo.at\/rennen\/files\/2023\/12\/skimoaustria-pressekonferenz2023-jakobherrmannamphelenaeuringer-nilslang-lr-012-970x646.jpg 970w, https:\/\/www.skimo.at\/rennen\/files\/2023\/12\/skimoaustria-pressekonferenz2023-jakobherrmannamphelenaeuringer-nilslang-lr-012-140x93.jpg 140w, https:\/\/www.skimo.at\/rennen\/files\/2023\/12\/skimoaustria-pressekonferenz2023-jakobherrmannamphelenaeuringer-nilslang-lr-012-540x360.jpg 540w, https:\/\/www.skimo.at\/rennen\/files\/2023\/12\/skimoaustria-pressekonferenz2023-jakobherrmannamphelenaeuringer-nilslang-lr-012.jpg 1772w\" sizes=\"(max-width: 1024px) 100vw, 1024px\" \/><\/a><\/figure><\/li><li class=\"blocks-gallery-item\"><figure><a href=\"https:\/\/www.skimo.at\/rennen\/?attachment_id=299437\"><img loading=\"lazy\" width=\"1024\" height=\"682\" src=\"https:\/\/www.skimo.at\/rennen\/files\/2023\/12\/skimoaustria-pressekonferenz2023-jakobherrmannamphelenaeuringer-nilslang-lr-013-1024x682.jpg\" alt=\"\" data-id=\"299437\" data-full-url=\"https:\/\/www.skimo.at\/rennen\/files\/2023\/12\/skimoaustria-pressekonferenz2023-jakobherrmannamphelenaeuringer-nilslang-lr-013.jpg\" data-link=\"https:\/\/www.skimo.at\/rennen\/?attachment_id=299437\" class=\"wp-image-299437\" srcset=\"https:\/\/www.skimo.at\/rennen\/files\/2023\/12\/skimoaustria-pressekonferenz2023-jakobherrmannamphelenaeuringer-nilslang-lr-013-1024x682.jpg 1024w, https:\/\/www.skimo.at\/rennen\/files\/2023\/12\/skimoaustria-pressekonferenz2023-jakobherrmannamphelenaeuringer-nilslang-lr-013-300x200.jpg 300w, https:\/\/www.skimo.at\/rennen\/files\/2023\/12\/skimoaustria-pressekonferenz2023-jakobherrmannamphelenaeuringer-nilslang-lr-013-768x512.jpg 768w, https:\/\/www.skimo.at\/rennen\/files\/2023\/12\/skimoaustria-pressekonferenz2023-jakobherrmannamphelenaeuringer-nilslang-lr-013-746x497.jpg 746w, https:\/\/www.skimo.at\/rennen\/files\/2023\/12\/skimoaustria-pressekonferenz2023-jakobherrmannamphelenaeuringer-nilslang-lr-013-618x412.jpg 618w, https:\/\/www.skimo.at\/rennen\/files\/2023\/12\/skimoaustria-pressekonferenz2023-jakobherrmannamphelenaeuringer-nilslang-lr-013-554x369.jpg 554w, https:\/\/www.skimo.at\/rennen\/files\/2023\/12\/skimoaustria-pressekonferenz2023-jakobherrmannamphelenaeuringer-nilslang-lr-013-299x199.jpg 299w, https:\/\/www.skimo.at\/rennen\/files\/2023\/12\/skimoaustria-pressekonferenz2023-jakobherrmannamphelenaeuringer-nilslang-lr-013-1224x816.jpg 1224w, https:\/\/www.skimo.at\/rennen\/files\/2023\/12\/skimoaustria-pressekonferenz2023-jakobherrmannamphelenaeuringer-nilslang-lr-013-970x646.jpg 970w, https:\/\/www.skimo.at\/rennen\/files\/2023\/12\/skimoaustria-pressekonferenz2023-jakobherrmannamphelenaeuringer-nilslang-lr-013-140x93.jpg 140w, https:\/\/www.skimo.at\/rennen\/files\/2023\/12\/skimoaustria-pressekonferenz2023-jakobherrmannamphelenaeuringer-nilslang-lr-013-540x360.jpg 540w, https:\/\/www.skimo.at\/rennen\/files\/2023\/12\/skimoaustria-pressekonferenz2023-jakobherrmannamphelenaeuringer-nilslang-lr-013.jpg 1772w\" sizes=\"(max-width: 1024px) 100vw, 1024px\" \/><\/a><\/figure><\/li><li class=\"blocks-gallery-item\"><figure><a href=\"https:\/\/www.skimo.at\/rennen\/?attachment_id=299438\"><img loading=\"lazy\" width=\"1024\" height=\"682\" src=\"https:\/\/www.skimo.at\/rennen\/files\/2023\/12\/skimoaustria-pressekonferenz2023-jakobherrmann-nilslang-lr-011-1024x682.jpg\" alt=\"\" data-id=\"299438\" data-full-url=\"https:\/\/www.skimo.at\/rennen\/files\/2023\/12\/skimoaustria-pressekonferenz2023-jakobherrmann-nilslang-lr-011.jpg\" data-link=\"https:\/\/www.skimo.at\/rennen\/?attachment_id=299438\" class=\"wp-image-299438\" srcset=\"https:\/\/www.skimo.at\/rennen\/files\/2023\/12\/skimoaustria-pressekonferenz2023-jakobherrmann-nilslang-lr-011-1024x682.jpg 1024w, https:\/\/www.skimo.at\/rennen\/files\/2023\/12\/skimoaustria-pressekonferenz2023-jakobherrmann-nilslang-lr-011-300x200.jpg 300w, https:\/\/www.skimo.at\/rennen\/files\/2023\/12\/skimoaustria-pressekonferenz2023-jakobherrmann-nilslang-lr-011-768x512.jpg 768w, https:\/\/www.skimo.at\/rennen\/files\/2023\/12\/skimoaustria-pressekonferenz2023-jakobherrmann-nilslang-lr-011-746x497.jpg 746w, https:\/\/www.skimo.at\/rennen\/files\/2023\/12\/skimoaustria-pressekonferenz2023-jakobherrmann-nilslang-lr-011-618x412.jpg 618w, https:\/\/www.skimo.at\/rennen\/files\/2023\/12\/skimoaustria-pressekonferenz2023-jakobherrmann-nilslang-lr-011-554x369.jpg 554w, https:\/\/www.skimo.at\/rennen\/files\/2023\/12\/skimoaustria-pressekonferenz2023-jakobherrmann-nilslang-lr-011-299x199.jpg 299w, https:\/\/www.skimo.at\/rennen\/files\/2023\/12\/skimoaustria-pressekonferenz2023-jakobherrmann-nilslang-lr-011-1224x816.jpg 1224w, https:\/\/www.skimo.at\/rennen\/files\/2023\/12\/skimoaustria-pressekonferenz2023-jakobherrmann-nilslang-lr-011-970x646.jpg 970w, https:\/\/www.skimo.at\/rennen\/files\/2023\/12\/skimoaustria-pressekonferenz2023-jakobherrmann-nilslang-lr-011-140x93.jpg 140w, https:\/\/www.skimo.at\/rennen\/files\/2023\/12\/skimoaustria-pressekonferenz2023-jakobherrmann-nilslang-lr-011-540x360.jpg 540w, https:\/\/www.skimo.at\/rennen\/files\/2023\/12\/skimoaustria-pressekonferenz2023-jakobherrmann-nilslang-lr-011.jpg 1772w\" sizes=\"(max-width: 1024px) 100vw, 1024px\" \/><\/a><\/figure><\/li><li class=\"blocks-gallery-item\"><figure><a href=\"https:\/\/www.skimo.at\/rennen\/?attachment_id=299439\"><img loading=\"lazy\" width=\"682\" height=\"1024\" src=\"https:\/\/www.skimo.at\/rennen\/files\/2023\/12\/skimoaustria-pressekonferenz2023-michaelschineischristianhofstetteririnaandorfer-nilslang-lr-006-682x1024.jpg\" alt=\"\" data-id=\"299439\" data-full-url=\"https:\/\/www.skimo.at\/rennen\/files\/2023\/12\/skimoaustria-pressekonferenz2023-michaelschineischristianhofstetteririnaandorfer-nilslang-lr-006.jpg\" data-link=\"https:\/\/www.skimo.at\/rennen\/?attachment_id=299439\" class=\"wp-image-299439\" srcset=\"https:\/\/www.skimo.at\/rennen\/files\/2023\/12\/skimoaustria-pressekonferenz2023-michaelschineischristianhofstetteririnaandorfer-nilslang-lr-006-682x1024.jpg 682w, https:\/\/www.skimo.at\/rennen\/files\/2023\/12\/skimoaustria-pressekonferenz2023-michaelschineischristianhofstetteririnaandorfer-nilslang-lr-006-200x300.jpg 200w, https:\/\/www.skimo.at\/rennen\/files\/2023\/12\/skimoaustria-pressekonferenz2023-michaelschineischristianhofstetteririnaandorfer-nilslang-lr-006-768x1152.jpg 768w, https:\/\/www.skimo.at\/rennen\/files\/2023\/12\/skimoaustria-pressekonferenz2023-michaelschineischristianhofstetteririnaandorfer-nilslang-lr-006-970x1455.jpg 970w, https:\/\/www.skimo.at\/rennen\/files\/2023\/12\/skimoaustria-pressekonferenz2023-michaelschineischristianhofstetteririnaandorfer-nilslang-lr-006-554x831.jpg 554w, https:\/\/www.skimo.at\/rennen\/files\/2023\/12\/skimoaustria-pressekonferenz2023-michaelschineischristianhofstetteririnaandorfer-nilslang-lr-006-62x93.jpg 62w, https:\/\/www.skimo.at\/rennen\/files\/2023\/12\/skimoaustria-pressekonferenz2023-michaelschineischristianhofstetteririnaandorfer-nilslang-lr-006.jpg 1181w\" sizes=\"(max-width: 682px) 100vw, 682px\" \/><\/a><\/figure><\/li><li class=\"blocks-gallery-item\"><figure><a href=\"https:\/\/www.skimo.at\/rennen\/?attachment_id=299440\"><img loading=\"lazy\" width=\"1024\" height=\"682\" src=\"https:\/\/www.skimo.at\/rennen\/files\/2023\/12\/skimoaustria-pressekonferenz2023-michaelschineischristianhofstetteririnaandorfer-nilslang-lr-007-1024x682.jpg\" alt=\"\" data-id=\"299440\" data-full-url=\"https:\/\/www.skimo.at\/rennen\/files\/2023\/12\/skimoaustria-pressekonferenz2023-michaelschineischristianhofstetteririnaandorfer-nilslang-lr-007.jpg\" data-link=\"https:\/\/www.skimo.at\/rennen\/?attachment_id=299440\" class=\"wp-image-299440\" srcset=\"https:\/\/www.skimo.at\/rennen\/files\/2023\/12\/skimoaustria-pressekonferenz2023-michaelschineischristianhofstetteririnaandorfer-nilslang-lr-007-1024x682.jpg 1024w, https:\/\/www.skimo.at\/rennen\/files\/2023\/12\/skimoaustria-pressekonferenz2023-michaelschineischristianhofstetteririnaandorfer-nilslang-lr-007-300x200.jpg 300w, https:\/\/www.skimo.at\/rennen\/files\/2023\/12\/skimoaustria-pressekonferenz2023-michaelschineischristianhofstetteririnaandorfer-nilslang-lr-007-768x512.jpg 768w, https:\/\/www.skimo.at\/rennen\/files\/2023\/12\/skimoaustria-pressekonferenz2023-michaelschineischristianhofstetteririnaandorfer-nilslang-lr-007-746x497.jpg 746w, https:\/\/www.skimo.at\/rennen\/files\/2023\/12\/skimoaustria-pressekonferenz2023-michaelschineischristianhofstetteririnaandorfer-nilslang-lr-007-618x412.jpg 618w, https:\/\/www.skimo.at\/rennen\/files\/2023\/12\/skimoaustria-pressekonferenz2023-michaelschineischristianhofstetteririnaandorfer-nilslang-lr-007-554x369.jpg 554w, https:\/\/www.skimo.at\/rennen\/files\/2023\/12\/skimoaustria-pressekonferenz2023-michaelschineischristianhofstetteririnaandorfer-nilslang-lr-007-299x199.jpg 299w, https:\/\/www.skimo.at\/rennen\/files\/2023\/12\/skimoaustria-pressekonferenz2023-michaelschineischristianhofstetteririnaandorfer-nilslang-lr-007-1224x816.jpg 1224w, https:\/\/www.skimo.at\/rennen\/files\/2023\/12\/skimoaustria-pressekonferenz2023-michaelschineischristianhofstetteririnaandorfer-nilslang-lr-007-970x646.jpg 970w, https:\/\/www.skimo.at\/rennen\/files\/2023\/12\/skimoaustria-pressekonferenz2023-michaelschineischristianhofstetteririnaandorfer-nilslang-lr-007-140x93.jpg 140w, https:\/\/www.skimo.at\/rennen\/files\/2023\/12\/skimoaustria-pressekonferenz2023-michaelschineischristianhofstetteririnaandorfer-nilslang-lr-007-540x360.jpg 540w, https:\/\/www.skimo.at\/rennen\/files\/2023\/12\/skimoaustria-pressekonferenz2023-michaelschineischristianhofstetteririnaandorfer-nilslang-lr-007.jpg 1772w\" sizes=\"(max-width: 1024px) 100vw, 1024px\" \/><\/a><\/figure><\/li><li class=\"blocks-gallery-item\"><figure><a href=\"https:\/\/www.skimo.at\/rennen\/?attachment_id=299441\"><img loading=\"lazy\" width=\"1024\" height=\"682\" src=\"https:\/\/www.skimo.at\/rennen\/files\/2023\/12\/skimoaustria-pressekonferenz2023-okjennerstieramperztrophy-nilslang-lr-016-1024x682.jpg\" alt=\"\" data-id=\"299441\" data-full-url=\"https:\/\/www.skimo.at\/rennen\/files\/2023\/12\/skimoaustria-pressekonferenz2023-okjennerstieramperztrophy-nilslang-lr-016.jpg\" data-link=\"https:\/\/www.skimo.at\/rennen\/?attachment_id=299441\" class=\"wp-image-299441\" srcset=\"https:\/\/www.skimo.at\/rennen\/files\/2023\/12\/skimoaustria-pressekonferenz2023-okjennerstieramperztrophy-nilslang-lr-016-1024x682.jpg 1024w, https:\/\/www.skimo.at\/rennen\/files\/2023\/12\/skimoaustria-pressekonferenz2023-okjennerstieramperztrophy-nilslang-lr-016-300x200.jpg 300w, https:\/\/www.skimo.at\/rennen\/files\/2023\/12\/skimoaustria-pressekonferenz2023-okjennerstieramperztrophy-nilslang-lr-016-768x512.jpg 768w, https:\/\/www.skimo.at\/rennen\/files\/2023\/12\/skimoaustria-pressekonferenz2023-okjennerstieramperztrophy-nilslang-lr-016-746x497.jpg 746w, https:\/\/www.skimo.at\/rennen\/files\/2023\/12\/skimoaustria-pressekonferenz2023-okjennerstieramperztrophy-nilslang-lr-016-618x412.jpg 618w, https:\/\/www.skimo.at\/rennen\/files\/2023\/12\/skimoaustria-pressekonferenz2023-okjennerstieramperztrophy-nilslang-lr-016-554x369.jpg 554w, https:\/\/www.skimo.at\/rennen\/files\/2023\/12\/skimoaustria-pressekonferenz2023-okjennerstieramperztrophy-nilslang-lr-016-299x199.jpg 299w, https:\/\/www.skimo.at\/rennen\/files\/2023\/12\/skimoaustria-pressekonferenz2023-okjennerstieramperztrophy-nilslang-lr-016-1224x816.jpg 1224w, https:\/\/www.skimo.at\/rennen\/files\/2023\/12\/skimoaustria-pressekonferenz2023-okjennerstieramperztrophy-nilslang-lr-016-970x646.jpg 970w, https:\/\/www.skimo.at\/rennen\/files\/2023\/12\/skimoaustria-pressekonferenz2023-okjennerstieramperztrophy-nilslang-lr-016-140x93.jpg 140w, https:\/\/www.skimo.at\/rennen\/files\/2023\/12\/skimoaustria-pressekonferenz2023-okjennerstieramperztrophy-nilslang-lr-016-540x360.jpg 540w, https:\/\/www.skimo.at\/rennen\/files\/2023\/12\/skimoaustria-pressekonferenz2023-okjennerstieramperztrophy-nilslang-lr-016.jpg 1772w\" sizes=\"(max-width: 1024px) 100vw, 1024px\" \/><\/a><\/figure><\/li><li class=\"blocks-gallery-item\"><figure><a href=\"https:\/\/www.skimo.at\/rennen\/?attachment_id=299442\"><img loading=\"lazy\" width=\"1024\" height=\"682\" src=\"https:\/\/www.skimo.at\/rennen\/files\/2023\/12\/skimoaustria-pressekonferenz2023-orfthomasgonaus-nilslang-lr-001-1024x682.jpg\" alt=\"\" data-id=\"299442\" data-full-url=\"https:\/\/www.skimo.at\/rennen\/files\/2023\/12\/skimoaustria-pressekonferenz2023-orfthomasgonaus-nilslang-lr-001.jpg\" data-link=\"https:\/\/www.skimo.at\/rennen\/?attachment_id=299442\" class=\"wp-image-299442\" srcset=\"https:\/\/www.skimo.at\/rennen\/files\/2023\/12\/skimoaustria-pressekonferenz2023-orfthomasgonaus-nilslang-lr-001-1024x682.jpg 1024w, https:\/\/www.skimo.at\/rennen\/files\/2023\/12\/skimoaustria-pressekonferenz2023-orfthomasgonaus-nilslang-lr-001-300x200.jpg 300w, https:\/\/www.skimo.at\/rennen\/files\/2023\/12\/skimoaustria-pressekonferenz2023-orfthomasgonaus-nilslang-lr-001-768x512.jpg 768w, https:\/\/www.skimo.at\/rennen\/files\/2023\/12\/skimoaustria-pressekonferenz2023-orfthomasgonaus-nilslang-lr-001-746x497.jpg 746w, https:\/\/www.skimo.at\/rennen\/files\/2023\/12\/skimoaustria-pressekonferenz2023-orfthomasgonaus-nilslang-lr-001-618x412.jpg 618w, https:\/\/www.skimo.at\/rennen\/files\/2023\/12\/skimoaustria-pressekonferenz2023-orfthomasgonaus-nilslang-lr-001-554x369.jpg 554w, https:\/\/www.skimo.at\/rennen\/files\/2023\/12\/skimoaustria-pressekonferenz2023-orfthomasgonaus-nilslang-lr-001-299x199.jpg 299w, https:\/\/www.skimo.at\/rennen\/files\/2023\/12\/skimoaustria-pressekonferenz2023-orfthomasgonaus-nilslang-lr-001-1224x816.jpg 1224w, https:\/\/www.skimo.at\/rennen\/files\/2023\/12\/skimoaustria-pressekonferenz2023-orfthomasgonaus-nilslang-lr-001-970x646.jpg 970w, https:\/\/www.skimo.at\/rennen\/files\/2023\/12\/skimoaustria-pressekonferenz2023-orfthomasgonaus-nilslang-lr-001-140x93.jpg 140w, https:\/\/www.skimo.at\/rennen\/files\/2023\/12\/skimoaustria-pressekonferenz2023-orfthomasgonaus-nilslang-lr-001-540x360.jpg 540w, https:\/\/www.skimo.at\/rennen\/files\/2023\/12\/skimoaustria-pressekonferenz2023-orfthomasgonaus-nilslang-lr-001.jpg 1772w\" sizes=\"(max-width: 1024px) 100vw, 1024px\" \/><\/a><\/figure><\/li><li class=\"blocks-gallery-item\"><figure><a href=\"https:\/\/www.skimo.at\/rennen\/?attachment_id=299443\"><img loading=\"lazy\" width=\"682\" height=\"1024\" src=\"https:\/\/www.skimo.at\/rennen\/files\/2023\/12\/skimoaustria-pressekonferenz2023-orfthomasgonaus-nilslang-lr-019-682x1024.jpg\" alt=\"\" data-id=\"299443\" data-full-url=\"https:\/\/www.skimo.at\/rennen\/files\/2023\/12\/skimoaustria-pressekonferenz2023-orfthomasgonaus-nilslang-lr-019.jpg\" data-link=\"https:\/\/www.skimo.at\/rennen\/?attachment_id=299443\" class=\"wp-image-299443\" srcset=\"https:\/\/www.skimo.at\/rennen\/files\/2023\/12\/skimoaustria-pressekonferenz2023-orfthomasgonaus-nilslang-lr-019-682x1024.jpg 682w, https:\/\/www.skimo.at\/rennen\/files\/2023\/12\/skimoaustria-pressekonferenz2023-orfthomasgonaus-nilslang-lr-019-200x300.jpg 200w, https:\/\/www.skimo.at\/rennen\/files\/2023\/12\/skimoaustria-pressekonferenz2023-orfthomasgonaus-nilslang-lr-019-768x1152.jpg 768w, https:\/\/www.skimo.at\/rennen\/files\/2023\/12\/skimoaustria-pressekonferenz2023-orfthomasgonaus-nilslang-lr-019-970x1455.jpg 970w, https:\/\/www.skimo.at\/rennen\/files\/2023\/12\/skimoaustria-pressekonferenz2023-orfthomasgonaus-nilslang-lr-019-554x831.jpg 554w, https:\/\/www.skimo.at\/rennen\/files\/2023\/12\/skimoaustria-pressekonferenz2023-orfthomasgonaus-nilslang-lr-019-62x93.jpg 62w, https:\/\/www.skimo.at\/rennen\/files\/2023\/12\/skimoaustria-pressekonferenz2023-orfthomasgonaus-nilslang-lr-019.jpg 1181w\" sizes=\"(max-width: 682px) 100vw, 682px\" \/><\/a><\/figure><\/li><li class=\"blocks-gallery-item\"><figure><a href=\"https:\/\/www.skimo.at\/rennen\/?attachment_id=299444\"><img loading=\"lazy\" width=\"1024\" height=\"682\" src=\"https:\/\/www.skimo.at\/rennen\/files\/2023\/12\/skimoaustria-pressekonferenz2023-organisatoreneuropeanskimotour-nilslang-lr-017-1024x682.jpg\" alt=\"\" data-id=\"299444\" data-full-url=\"https:\/\/www.skimo.at\/rennen\/files\/2023\/12\/skimoaustria-pressekonferenz2023-organisatoreneuropeanskimotour-nilslang-lr-017.jpg\" data-link=\"https:\/\/www.skimo.at\/rennen\/?attachment_id=299444\" class=\"wp-image-299444\" srcset=\"https:\/\/www.skimo.at\/rennen\/files\/2023\/12\/skimoaustria-pressekonferenz2023-organisatoreneuropeanskimotour-nilslang-lr-017-1024x682.jpg 1024w, https:\/\/www.skimo.at\/rennen\/files\/2023\/12\/skimoaustria-pressekonferenz2023-organisatoreneuropeanskimotour-nilslang-lr-017-300x200.jpg 300w, https:\/\/www.skimo.at\/rennen\/files\/2023\/12\/skimoaustria-pressekonferenz2023-organisatoreneuropeanskimotour-nilslang-lr-017-768x512.jpg 768w, https:\/\/www.skimo.at\/rennen\/files\/2023\/12\/skimoaustria-pressekonferenz2023-organisatoreneuropeanskimotour-nilslang-lr-017-746x497.jpg 746w, https:\/\/www.skimo.at\/rennen\/files\/2023\/12\/skimoaustria-pressekonferenz2023-organisatoreneuropeanskimotour-nilslang-lr-017-618x412.jpg 618w, https:\/\/www.skimo.at\/rennen\/files\/2023\/12\/skimoaustria-pressekonferenz2023-organisatoreneuropeanskimotour-nilslang-lr-017-554x369.jpg 554w, https:\/\/www.skimo.at\/rennen\/files\/2023\/12\/skimoaustria-pressekonferenz2023-organisatoreneuropeanskimotour-nilslang-lr-017-299x199.jpg 299w, https:\/\/www.skimo.at\/rennen\/files\/2023\/12\/skimoaustria-pressekonferenz2023-organisatoreneuropeanskimotour-nilslang-lr-017-1224x816.jpg 1224w, https:\/\/www.skimo.at\/rennen\/files\/2023\/12\/skimoaustria-pressekonferenz2023-organisatoreneuropeanskimotour-nilslang-lr-017-970x646.jpg 970w, https:\/\/www.skimo.at\/rennen\/files\/2023\/12\/skimoaustria-pressekonferenz2023-organisatoreneuropeanskimotour-nilslang-lr-017-140x93.jpg 140w, https:\/\/www.skimo.at\/rennen\/files\/2023\/12\/skimoaustria-pressekonferenz2023-organisatoreneuropeanskimotour-nilslang-lr-017-540x360.jpg 540w, https:\/\/www.skimo.at\/rennen\/files\/2023\/12\/skimoaustria-pressekonferenz2023-organisatoreneuropeanskimotour-nilslang-lr-017.jpg 1772w\" sizes=\"(max-width: 1024px) 100vw, 1024px\" \/><\/a><\/figure><\/li><li class=\"blocks-gallery-item\"><figure><a href=\"https:\/\/www.skimo.at\/rennen\/?attachment_id=299445\"><img loading=\"lazy\" width=\"1024\" height=\"682\" src=\"https:\/\/www.skimo.at\/rennen\/files\/2023\/12\/skimoaustria-pressekonferenz2023-planaibergbahnenthomaspitzer-nilslang-lr-010-1024x682.jpg\" alt=\"\" data-id=\"299445\" data-full-url=\"https:\/\/www.skimo.at\/rennen\/files\/2023\/12\/skimoaustria-pressekonferenz2023-planaibergbahnenthomaspitzer-nilslang-lr-010.jpg\" data-link=\"https:\/\/www.skimo.at\/rennen\/?attachment_id=299445\" class=\"wp-image-299445\" srcset=\"https:\/\/www.skimo.at\/rennen\/files\/2023\/12\/skimoaustria-pressekonferenz2023-planaibergbahnenthomaspitzer-nilslang-lr-010-1024x682.jpg 1024w, https:\/\/www.skimo.at\/rennen\/files\/2023\/12\/skimoaustria-pressekonferenz2023-planaibergbahnenthomaspitzer-nilslang-lr-010-300x200.jpg 300w, https:\/\/www.skimo.at\/rennen\/files\/2023\/12\/skimoaustria-pressekonferenz2023-planaibergbahnenthomaspitzer-nilslang-lr-010-768x512.jpg 768w, https:\/\/www.skimo.at\/rennen\/files\/2023\/12\/skimoaustria-pressekonferenz2023-planaibergbahnenthomaspitzer-nilslang-lr-010-746x497.jpg 746w, https:\/\/www.skimo.at\/rennen\/files\/2023\/12\/skimoaustria-pressekonferenz2023-planaibergbahnenthomaspitzer-nilslang-lr-010-618x412.jpg 618w, https:\/\/www.skimo.at\/rennen\/files\/2023\/12\/skimoaustria-pressekonferenz2023-planaibergbahnenthomaspitzer-nilslang-lr-010-554x369.jpg 554w, https:\/\/www.skimo.at\/rennen\/files\/2023\/12\/skimoaustria-pressekonferenz2023-planaibergbahnenthomaspitzer-nilslang-lr-010-299x199.jpg 299w, https:\/\/www.skimo.at\/rennen\/files\/2023\/12\/skimoaustria-pressekonferenz2023-planaibergbahnenthomaspitzer-nilslang-lr-010-1224x816.jpg 1224w, https:\/\/www.skimo.at\/rennen\/files\/2023\/12\/skimoaustria-pressekonferenz2023-planaibergbahnenthomaspitzer-nilslang-lr-010-970x646.jpg 970w, https:\/\/www.skimo.at\/rennen\/files\/2023\/12\/skimoaustria-pressekonferenz2023-planaibergbahnenthomaspitzer-nilslang-lr-010-140x93.jpg 140w, https:\/\/www.skimo.at\/rennen\/files\/2023\/12\/skimoaustria-pressekonferenz2023-planaibergbahnenthomaspitzer-nilslang-lr-010-540x360.jpg 540w, https:\/\/www.skimo.at\/rennen\/files\/2023\/12\/skimoaustria-pressekonferenz2023-planaibergbahnenthomaspitzer-nilslang-lr-010.jpg 1772w\" sizes=\"(max-width: 1024px) 100vw, 1024px\" \/><\/a><\/figure><\/li><li class=\"blocks-gallery-item\"><figure><a href=\"https:\/\/www.skimo.at\/rennen\/?attachment_id=299446\"><img loading=\"lazy\" width=\"1024\" height=\"682\" src=\"https:\/\/www.skimo.at\/rennen\/files\/2023\/12\/skimoaustria-pressekonferenz2023-rennorganisatoreneuropeanskimotour-nilslang-lr-020-1024x682.jpg\" alt=\"\" data-id=\"299446\" data-full-url=\"https:\/\/www.skimo.at\/rennen\/files\/2023\/12\/skimoaustria-pressekonferenz2023-rennorganisatoreneuropeanskimotour-nilslang-lr-020.jpg\" data-link=\"https:\/\/www.skimo.at\/rennen\/?attachment_id=299446\" class=\"wp-image-299446\" srcset=\"https:\/\/www.skimo.at\/rennen\/files\/2023\/12\/skimoaustria-pressekonferenz2023-rennorganisatoreneuropeanskimotour-nilslang-lr-020-1024x682.jpg 1024w, https:\/\/www.skimo.at\/rennen\/files\/2023\/12\/skimoaustria-pressekonferenz2023-rennorganisatoreneuropeanskimotour-nilslang-lr-020-300x200.jpg 300w, https:\/\/www.skimo.at\/rennen\/files\/2023\/12\/skimoaustria-pressekonferenz2023-rennorganisatoreneuropeanskimotour-nilslang-lr-020-768x512.jpg 768w, https:\/\/www.skimo.at\/rennen\/files\/2023\/12\/skimoaustria-pressekonferenz2023-rennorganisatoreneuropeanskimotour-nilslang-lr-020-746x497.jpg 746w, https:\/\/www.skimo.at\/rennen\/files\/2023\/12\/skimoaustria-pressekonferenz2023-rennorganisatoreneuropeanskimotour-nilslang-lr-020-618x412.jpg 618w, https:\/\/www.skimo.at\/rennen\/files\/2023\/12\/skimoaustria-pressekonferenz2023-rennorganisatoreneuropeanskimotour-nilslang-lr-020-554x369.jpg 554w, https:\/\/www.skimo.at\/rennen\/files\/2023\/12\/skimoaustria-pressekonferenz2023-rennorganisatoreneuropeanskimotour-nilslang-lr-020-299x199.jpg 299w, https:\/\/www.skimo.at\/rennen\/files\/2023\/12\/skimoaustria-pressekonferenz2023-rennorganisatoreneuropeanskimotour-nilslang-lr-020-1224x816.jpg 1224w, https:\/\/www.skimo.at\/rennen\/files\/2023\/12\/skimoaustria-pressekonferenz2023-rennorganisatoreneuropeanskimotour-nilslang-lr-020-970x646.jpg 970w, https:\/\/www.skimo.at\/rennen\/files\/2023\/12\/skimoaustria-pressekonferenz2023-rennorganisatoreneuropeanskimotour-nilslang-lr-020-140x93.jpg 140w, https:\/\/www.skimo.at\/rennen\/files\/2023\/12\/skimoaustria-pressekonferenz2023-rennorganisatoreneuropeanskimotour-nilslang-lr-020-540x360.jpg 540w, https:\/\/www.skimo.at\/rennen\/files\/2023\/12\/skimoaustria-pressekonferenz2023-rennorganisatoreneuropeanskimotour-nilslang-lr-020.jpg 1772w\" sizes=\"(max-width: 1024px) 100vw, 1024px\" \/><\/a><\/figure><\/li><li class=\"blocks-gallery-item\"><figure><a href=\"https:\/\/www.skimo.at\/rennen\/?attachment_id=299447\"><img loading=\"lazy\" width=\"682\" height=\"1024\" src=\"https:\/\/www.skimo.at\/rennen\/files\/2023\/12\/skimoaustria-pressekonferenz2023-salesmanagerdynafitirinaandorfer-nilslang-lr-008-682x1024.jpg\" alt=\"\" data-id=\"299447\" data-full-url=\"https:\/\/www.skimo.at\/rennen\/files\/2023\/12\/skimoaustria-pressekonferenz2023-salesmanagerdynafitirinaandorfer-nilslang-lr-008.jpg\" data-link=\"https:\/\/www.skimo.at\/rennen\/?attachment_id=299447\" class=\"wp-image-299447\" srcset=\"https:\/\/www.skimo.at\/rennen\/files\/2023\/12\/skimoaustria-pressekonferenz2023-salesmanagerdynafitirinaandorfer-nilslang-lr-008-682x1024.jpg 682w, https:\/\/www.skimo.at\/rennen\/files\/2023\/12\/skimoaustria-pressekonferenz2023-salesmanagerdynafitirinaandorfer-nilslang-lr-008-200x300.jpg 200w, https:\/\/www.skimo.at\/rennen\/files\/2023\/12\/skimoaustria-pressekonferenz2023-salesmanagerdynafitirinaandorfer-nilslang-lr-008-768x1152.jpg 768w, https:\/\/www.skimo.at\/rennen\/files\/2023\/12\/skimoaustria-pressekonferenz2023-salesmanagerdynafitirinaandorfer-nilslang-lr-008-970x1455.jpg 970w, https:\/\/www.skimo.at\/rennen\/files\/2023\/12\/skimoaustria-pressekonferenz2023-salesmanagerdynafitirinaandorfer-nilslang-lr-008-554x831.jpg 554w, https:\/\/www.skimo.at\/rennen\/files\/2023\/12\/skimoaustria-pressekonferenz2023-salesmanagerdynafitirinaandorfer-nilslang-lr-008-62x93.jpg 62w, https:\/\/www.skimo.at\/rennen\/files\/2023\/12\/skimoaustria-pressekonferenz2023-salesmanagerdynafitirinaandorfer-nilslang-lr-008.jpg 1181w\" sizes=\"(max-width: 682px) 100vw, 682px\" \/><\/a><\/figure><\/li><li class=\"blocks-gallery-item\"><figure><a href=\"https:\/\/www.skimo.at\/rennen\/?attachment_id=299448\"><img loading=\"lazy\" width=\"682\" height=\"1024\" src=\"https:\/\/www.skimo.at\/rennen\/files\/2023\/12\/skimoaustria-pressekonferenz2023-skimoaustriakarlposch-nilslang-lr-002-682x1024.jpg\" alt=\"\" data-id=\"299448\" data-full-url=\"https:\/\/www.skimo.at\/rennen\/files\/2023\/12\/skimoaustria-pressekonferenz2023-skimoaustriakarlposch-nilslang-lr-002.jpg\" data-link=\"https:\/\/www.skimo.at\/rennen\/?attachment_id=299448\" class=\"wp-image-299448\" srcset=\"https:\/\/www.skimo.at\/rennen\/files\/2023\/12\/skimoaustria-pressekonferenz2023-skimoaustriakarlposch-nilslang-lr-002-682x1024.jpg 682w, https:\/\/www.skimo.at\/rennen\/files\/2023\/12\/skimoaustria-pressekonferenz2023-skimoaustriakarlposch-nilslang-lr-002-200x300.jpg 200w, https:\/\/www.skimo.at\/rennen\/files\/2023\/12\/skimoaustria-pressekonferenz2023-skimoaustriakarlposch-nilslang-lr-002-768x1152.jpg 768w, https:\/\/www.skimo.at\/rennen\/files\/2023\/12\/skimoaustria-pressekonferenz2023-skimoaustriakarlposch-nilslang-lr-002-970x1455.jpg 970w, https:\/\/www.skimo.at\/rennen\/files\/2023\/12\/skimoaustria-pressekonferenz2023-skimoaustriakarlposch-nilslang-lr-002-554x831.jpg 554w, https:\/\/www.skimo.at\/rennen\/files\/2023\/12\/skimoaustria-pressekonferenz2023-skimoaustriakarlposch-nilslang-lr-002-62x93.jpg 62w, https:\/\/www.skimo.at\/rennen\/files\/2023\/12\/skimoaustria-pressekonferenz2023-skimoaustriakarlposch-nilslang-lr-002.jpg 1181w\" sizes=\"(max-width: 682px) 100vw, 682px\" \/><\/a><\/figure><\/li><li class=\"blocks-gallery-item\"><figure><a href=\"https:\/\/www.skimo.at\/rennen\/?attachment_id=299449\"><img loading=\"lazy\" width=\"1024\" height=\"682\" src=\"https:\/\/www.skimo.at\/rennen\/files\/2023\/12\/skimoaustria-pressekonferenz2023-skimoaustriakarlposch-nilslang-lr-003-1024x682.jpg\" alt=\"\" data-id=\"299449\" data-full-url=\"https:\/\/www.skimo.at\/rennen\/files\/2023\/12\/skimoaustria-pressekonferenz2023-skimoaustriakarlposch-nilslang-lr-003.jpg\" data-link=\"https:\/\/www.skimo.at\/rennen\/?attachment_id=299449\" class=\"wp-image-299449\" srcset=\"https:\/\/www.skimo.at\/rennen\/files\/2023\/12\/skimoaustria-pressekonferenz2023-skimoaustriakarlposch-nilslang-lr-003-1024x682.jpg 1024w, https:\/\/www.skimo.at\/rennen\/files\/2023\/12\/skimoaustria-pressekonferenz2023-skimoaustriakarlposch-nilslang-lr-003-300x200.jpg 300w, https:\/\/www.skimo.at\/rennen\/files\/2023\/12\/skimoaustria-pressekonferenz2023-skimoaustriakarlposch-nilslang-lr-003-768x512.jpg 768w, https:\/\/www.skimo.at\/rennen\/files\/2023\/12\/skimoaustria-pressekonferenz2023-skimoaustriakarlposch-nilslang-lr-003-746x497.jpg 746w, https:\/\/www.skimo.at\/rennen\/files\/2023\/12\/skimoaustria-pressekonferenz2023-skimoaustriakarlposch-nilslang-lr-003-618x412.jpg 618w, https:\/\/www.skimo.at\/rennen\/files\/2023\/12\/skimoaustria-pressekonferenz2023-skimoaustriakarlposch-nilslang-lr-003-554x369.jpg 554w, https:\/\/www.skimo.at\/rennen\/files\/2023\/12\/skimoaustria-pressekonferenz2023-skimoaustriakarlposch-nilslang-lr-003-299x199.jpg 299w, https:\/\/www.skimo.at\/rennen\/files\/2023\/12\/skimoaustria-pressekonferenz2023-skimoaustriakarlposch-nilslang-lr-003-1224x816.jpg 1224w, https:\/\/www.skimo.at\/rennen\/files\/2023\/12\/skimoaustria-pressekonferenz2023-skimoaustriakarlposch-nilslang-lr-003-970x646.jpg 970w, https:\/\/www.skimo.at\/rennen\/files\/2023\/12\/skimoaustria-pressekonferenz2023-skimoaustriakarlposch-nilslang-lr-003-140x93.jpg 140w, https:\/\/www.skimo.at\/rennen\/files\/2023\/12\/skimoaustria-pressekonferenz2023-skimoaustriakarlposch-nilslang-lr-003-540x360.jpg 540w, https:\/\/www.skimo.at\/rennen\/files\/2023\/12\/skimoaustria-pressekonferenz2023-skimoaustriakarlposch-nilslang-lr-003.jpg 1772w\" sizes=\"(max-width: 1024px) 100vw, 1024px\" \/><\/a><\/figure><\/li><li class=\"blocks-gallery-item\"><figure><a href=\"https:\/\/www.skimo.at\/rennen\/?attachment_id=299450\"><img loading=\"lazy\" width=\"1024\" height=\"682\" src=\"https:\/\/www.skimo.at\/rennen\/files\/2023\/12\/skimoaustria-pressekonferenz2023-skimoaustriakarlposch-nilslang-lr-004-1024x682.jpg\" alt=\"\" data-id=\"299450\" data-full-url=\"https:\/\/www.skimo.at\/rennen\/files\/2023\/12\/skimoaustria-pressekonferenz2023-skimoaustriakarlposch-nilslang-lr-004.jpg\" data-link=\"https:\/\/www.skimo.at\/rennen\/?attachment_id=299450\" class=\"wp-image-299450\" srcset=\"https:\/\/www.skimo.at\/rennen\/files\/2023\/12\/skimoaustria-pressekonferenz2023-skimoaustriakarlposch-nilslang-lr-004-1024x682.jpg 1024w, https:\/\/www.skimo.at\/rennen\/files\/2023\/12\/skimoaustria-pressekonferenz2023-skimoaustriakarlposch-nilslang-lr-004-300x200.jpg 300w, https:\/\/www.skimo.at\/rennen\/files\/2023\/12\/skimoaustria-pressekonferenz2023-skimoaustriakarlposch-nilslang-lr-004-768x512.jpg 768w, https:\/\/www.skimo.at\/rennen\/files\/2023\/12\/skimoaustria-pressekonferenz2023-skimoaustriakarlposch-nilslang-lr-004-746x497.jpg 746w, https:\/\/www.skimo.at\/rennen\/files\/2023\/12\/skimoaustria-pressekonferenz2023-skimoaustriakarlposch-nilslang-lr-004-618x412.jpg 618w, https:\/\/www.skimo.at\/rennen\/files\/2023\/12\/skimoaustria-pressekonferenz2023-skimoaustriakarlposch-nilslang-lr-004-554x369.jpg 554w, https:\/\/www.skimo.at\/rennen\/files\/2023\/12\/skimoaustria-pressekonferenz2023-skimoaustriakarlposch-nilslang-lr-004-299x199.jpg 299w, https:\/\/www.skimo.at\/rennen\/files\/2023\/12\/skimoaustria-pressekonferenz2023-skimoaustriakarlposch-nilslang-lr-004-1224x816.jpg 1224w, https:\/\/www.skimo.at\/rennen\/files\/2023\/12\/skimoaustria-pressekonferenz2023-skimoaustriakarlposch-nilslang-lr-004-970x646.jpg 970w, https:\/\/www.skimo.at\/rennen\/files\/2023\/12\/skimoaustria-pressekonferenz2023-skimoaustriakarlposch-nilslang-lr-004-140x93.jpg 140w, https:\/\/www.skimo.at\/rennen\/files\/2023\/12\/skimoaustria-pressekonferenz2023-skimoaustriakarlposch-nilslang-lr-004-540x360.jpg 540w, https:\/\/www.skimo.at\/rennen\/files\/2023\/12\/skimoaustria-pressekonferenz2023-skimoaustriakarlposch-nilslang-lr-004.jpg 1772w\" sizes=\"(max-width: 1024px) 100vw, 1024px\" \/><\/a><\/figure><\/li><li class=\"blocks-gallery-item\"><figure><a href=\"https:\/\/www.skimo.at\/rennen\/?attachment_id=299451\"><img loading=\"lazy\" width=\"682\" height=\"1024\" src=\"https:\/\/www.skimo.at\/rennen\/files\/2023\/12\/skimoaustria-pressekonferenz2023-skimoaustriakarlposch-nilslang-lr-009-682x1024.jpg\" alt=\"\" data-id=\"299451\" data-full-url=\"https:\/\/www.skimo.at\/rennen\/files\/2023\/12\/skimoaustria-pressekonferenz2023-skimoaustriakarlposch-nilslang-lr-009.jpg\" data-link=\"https:\/\/www.skimo.at\/rennen\/?attachment_id=299451\" class=\"wp-image-299451\" srcset=\"https:\/\/www.skimo.at\/rennen\/files\/2023\/12\/skimoaustria-pressekonferenz2023-skimoaustriakarlposch-nilslang-lr-009-682x1024.jpg 682w, https:\/\/www.skimo.at\/rennen\/files\/2023\/12\/skimoaustria-pressekonferenz2023-skimoaustriakarlposch-nilslang-lr-009-200x300.jpg 200w, https:\/\/www.skimo.at\/rennen\/files\/2023\/12\/skimoaustria-pressekonferenz2023-skimoaustriakarlposch-nilslang-lr-009-768x1152.jpg 768w, https:\/\/www.skimo.at\/rennen\/files\/2023\/12\/skimoaustria-pressekonferenz2023-skimoaustriakarlposch-nilslang-lr-009-970x1455.jpg 970w, https:\/\/www.skimo.at\/rennen\/files\/2023\/12\/skimoaustria-pressekonferenz2023-skimoaustriakarlposch-nilslang-lr-009-554x831.jpg 554w, https:\/\/www.skimo.at\/rennen\/files\/2023\/12\/skimoaustria-pressekonferenz2023-skimoaustriakarlposch-nilslang-lr-009-62x93.jpg 62w, https:\/\/www.skimo.at\/rennen\/files\/2023\/12\/skimoaustria-pressekonferenz2023-skimoaustriakarlposch-nilslang-lr-009.jpg 1181w\" sizes=\"(max-width: 682px) 100vw, 682px\" \/><\/a><\/figure><\/li><li class=\"blocks-gallery-item\"><figure><a href=\"https:\/\/www.skimo.at\/rennen\/?attachment_id=299452\"><img loading=\"lazy\" width=\"682\" height=\"1024\" src=\"https:\/\/www.skimo.at\/rennen\/files\/2023\/12\/skimoaustria-pressekonferenz2023-skimoaustriakarlposch-nilslang-lr-015-682x1024.jpg\" alt=\"\" data-id=\"299452\" data-full-url=\"https:\/\/www.skimo.at\/rennen\/files\/2023\/12\/skimoaustria-pressekonferenz2023-skimoaustriakarlposch-nilslang-lr-015.jpg\" data-link=\"https:\/\/www.skimo.at\/rennen\/?attachment_id=299452\" class=\"wp-image-299452\" srcset=\"https:\/\/www.skimo.at\/rennen\/files\/2023\/12\/skimoaustria-pressekonferenz2023-skimoaustriakarlposch-nilslang-lr-015-682x1024.jpg 682w, https:\/\/www.skimo.at\/rennen\/files\/2023\/12\/skimoaustria-pressekonferenz2023-skimoaustriakarlposch-nilslang-lr-015-200x300.jpg 200w, https:\/\/www.skimo.at\/rennen\/files\/2023\/12\/skimoaustria-pressekonferenz2023-skimoaustriakarlposch-nilslang-lr-015-768x1152.jpg 768w, https:\/\/www.skimo.at\/rennen\/files\/2023\/12\/skimoaustria-pressekonferenz2023-skimoaustriakarlposch-nilslang-lr-015-970x1455.jpg 970w, https:\/\/www.skimo.at\/rennen\/files\/2023\/12\/skimoaustria-pressekonferenz2023-skimoaustriakarlposch-nilslang-lr-015-554x831.jpg 554w, https:\/\/www.skimo.at\/rennen\/files\/2023\/12\/skimoaustria-pressekonferenz2023-skimoaustriakarlposch-nilslang-lr-015-62x93.jpg 62w, https:\/\/www.skimo.at\/rennen\/files\/2023\/12\/skimoaustria-pressekonferenz2023-skimoaustriakarlposch-nilslang-lr-015.jpg 1181w\" sizes=\"(max-width: 682px) 100vw, 682px\" \/><\/a><\/figure><\/li><li class=\"blocks-gallery-item\"><figure><a href=\"https:\/\/www.skimo.at\/rennen\/?attachment_id=299453\"><img loading=\"lazy\" width=\"1024\" height=\"682\" src=\"https:\/\/www.skimo.at\/rennen\/files\/2023\/12\/skimoaustria-pressekonferenz2023-skimoaustriakarlposch-nilslang-lr-018-1024x682.jpg\" alt=\"\" data-id=\"299453\" data-full-url=\"https:\/\/www.skimo.at\/rennen\/files\/2023\/12\/skimoaustria-pressekonferenz2023-skimoaustriakarlposch-nilslang-lr-018.jpg\" data-link=\"https:\/\/www.skimo.at\/rennen\/?attachment_id=299453\" class=\"wp-image-299453\" srcset=\"https:\/\/www.skimo.at\/rennen\/files\/2023\/12\/skimoaustria-pressekonferenz2023-skimoaustriakarlposch-nilslang-lr-018-1024x682.jpg 1024w, https:\/\/www.skimo.at\/rennen\/files\/2023\/12\/skimoaustria-pressekonferenz2023-skimoaustriakarlposch-nilslang-lr-018-300x200.jpg 300w, https:\/\/www.skimo.at\/rennen\/files\/2023\/12\/skimoaustria-pressekonferenz2023-skimoaustriakarlposch-nilslang-lr-018-768x512.jpg 768w, https:\/\/www.skimo.at\/rennen\/files\/2023\/12\/skimoaustria-pressekonferenz2023-skimoaustriakarlposch-nilslang-lr-018-746x497.jpg 746w, https:\/\/www.skimo.at\/rennen\/files\/2023\/12\/skimoaustria-pressekonferenz2023-skimoaustriakarlposch-nilslang-lr-018-618x412.jpg 618w, https:\/\/www.skimo.at\/rennen\/files\/2023\/12\/skimoaustria-pressekonferenz2023-skimoaustriakarlposch-nilslang-lr-018-554x369.jpg 554w, https:\/\/www.skimo.at\/rennen\/files\/2023\/12\/skimoaustria-pressekonferenz2023-skimoaustriakarlposch-nilslang-lr-018-299x199.jpg 299w, https:\/\/www.skimo.at\/rennen\/files\/2023\/12\/skimoaustria-pressekonferenz2023-skimoaustriakarlposch-nilslang-lr-018-1224x816.jpg 1224w, https:\/\/www.skimo.at\/rennen\/files\/2023\/12\/skimoaustria-pressekonferenz2023-skimoaustriakarlposch-nilslang-lr-018-970x646.jpg 970w, https:\/\/www.skimo.at\/rennen\/files\/2023\/12\/skimoaustria-pressekonferenz2023-skimoaustriakarlposch-nilslang-lr-018-140x93.jpg 140w, https:\/\/www.skimo.at\/rennen\/files\/2023\/12\/skimoaustria-pressekonferenz2023-skimoaustriakarlposch-nilslang-lr-018-540x360.jpg 540w, https:\/\/www.skimo.at\/rennen\/files\/2023\/12\/skimoaustria-pressekonferenz2023-skimoaustriakarlposch-nilslang-lr-018.jpg 1772w\" sizes=\"(max-width: 1024px) 100vw, 1024px\" \/><\/a><\/figure><\/li><li class=\"blocks-gallery-item\"><figure><a href=\"https:\/\/www.skimo.at\/rennen\/?attachment_id=299454\"><img loading=\"lazy\" width=\"1024\" height=\"682\" src=\"https:\/\/www.skimo.at\/rennen\/files\/2023\/12\/skimoaustria-pressekonferenz2023-tvbobertauernmariosiedler-nilslang-lr-001-1024x682.jpg\" alt=\"\" data-id=\"299454\" data-full-url=\"https:\/\/www.skimo.at\/rennen\/files\/2023\/12\/skimoaustria-pressekonferenz2023-tvbobertauernmariosiedler-nilslang-lr-001.jpg\" data-link=\"https:\/\/www.skimo.at\/rennen\/?attachment_id=299454\" class=\"wp-image-299454\" srcset=\"https:\/\/www.skimo.at\/rennen\/files\/2023\/12\/skimoaustria-pressekonferenz2023-tvbobertauernmariosiedler-nilslang-lr-001-1024x682.jpg 1024w, https:\/\/www.skimo.at\/rennen\/files\/2023\/12\/skimoaustria-pressekonferenz2023-tvbobertauernmariosiedler-nilslang-lr-001-300x200.jpg 300w, https:\/\/www.skimo.at\/rennen\/files\/2023\/12\/skimoaustria-pressekonferenz2023-tvbobertauernmariosiedler-nilslang-lr-001-768x512.jpg 768w, https:\/\/www.skimo.at\/rennen\/files\/2023\/12\/skimoaustria-pressekonferenz2023-tvbobertauernmariosiedler-nilslang-lr-001-746x497.jpg 746w, https:\/\/www.skimo.at\/rennen\/files\/2023\/12\/skimoaustria-pressekonferenz2023-tvbobertauernmariosiedler-nilslang-lr-001-618x412.jpg 618w, https:\/\/www.skimo.at\/rennen\/files\/2023\/12\/skimoaustria-pressekonferenz2023-tvbobertauernmariosiedler-nilslang-lr-001-554x369.jpg 554w, https:\/\/www.skimo.at\/rennen\/files\/2023\/12\/skimoaustria-pressekonferenz2023-tvbobertauernmariosiedler-nilslang-lr-001-299x199.jpg 299w, https:\/\/www.skimo.at\/rennen\/files\/2023\/12\/skimoaustria-pressekonferenz2023-tvbobertauernmariosiedler-nilslang-lr-001-1224x816.jpg 1224w, https:\/\/www.skimo.at\/rennen\/files\/2023\/12\/skimoaustria-pressekonferenz2023-tvbobertauernmariosiedler-nilslang-lr-001-970x646.jpg 970w, https:\/\/www.skimo.at\/rennen\/files\/2023\/12\/skimoaustria-pressekonferenz2023-tvbobertauernmariosiedler-nilslang-lr-001-140x93.jpg 140w, https:\/\/www.skimo.at\/rennen\/files\/2023\/12\/skimoaustria-pressekonferenz2023-tvbobertauernmariosiedler-nilslang-lr-001-540x360.jpg 540w, https:\/\/www.skimo.at\/rennen\/files\/2023\/12\/skimoaustria-pressekonferenz2023-tvbobertauernmariosiedler-nilslang-lr-001.jpg 1772w\" sizes=\"(max-width: 1024px) 100vw, 1024px\" \/><\/a><\/figure><\/li><li class=\"blocks-gallery-item\"><figure><a href=\"https:\/\/www.skimo.at\/rennen\/?attachment_id=299455\"><img loading=\"lazy\" width=\"1024\" height=\"682\" src=\"https:\/\/www.skimo.at\/rennen\/files\/2023\/12\/skimoaustria-pressekonferenz2023-tvbobertauernmariosiedler-nilslang-lr-002-1024x682.jpg\" alt=\"\" data-id=\"299455\" data-full-url=\"https:\/\/www.skimo.at\/rennen\/files\/2023\/12\/skimoaustria-pressekonferenz2023-tvbobertauernmariosiedler-nilslang-lr-002.jpg\" data-link=\"https:\/\/www.skimo.at\/rennen\/?attachment_id=299455\" class=\"wp-image-299455\" srcset=\"https:\/\/www.skimo.at\/rennen\/files\/2023\/12\/skimoaustria-pressekonferenz2023-tvbobertauernmariosiedler-nilslang-lr-002-1024x682.jpg 1024w, https:\/\/www.skimo.at\/rennen\/files\/2023\/12\/skimoaustria-pressekonferenz2023-tvbobertauernmariosiedler-nilslang-lr-002-300x200.jpg 300w, https:\/\/www.skimo.at\/rennen\/files\/2023\/12\/skimoaustria-pressekonferenz2023-tvbobertauernmariosiedler-nilslang-lr-002-768x512.jpg 768w, https:\/\/www.skimo.at\/rennen\/files\/2023\/12\/skimoaustria-pressekonferenz2023-tvbobertauernmariosiedler-nilslang-lr-002-746x497.jpg 746w, https:\/\/www.skimo.at\/rennen\/files\/2023\/12\/skimoaustria-pressekonferenz2023-tvbobertauernmariosiedler-nilslang-lr-002-618x412.jpg 618w, https:\/\/www.skimo.at\/rennen\/files\/2023\/12\/skimoaustria-pressekonferenz2023-tvbobertauernmariosiedler-nilslang-lr-002-554x369.jpg 554w, https:\/\/www.skimo.at\/rennen\/files\/2023\/12\/skimoaustria-pressekonferenz2023-tvbobertauernmariosiedler-nilslang-lr-002-299x199.jpg 299w, https:\/\/www.skimo.at\/rennen\/files\/2023\/12\/skimoaustria-pressekonferenz2023-tvbobertauernmariosiedler-nilslang-lr-002-1224x816.jpg 1224w, https:\/\/www.skimo.at\/rennen\/files\/2023\/12\/skimoaustria-pressekonferenz2023-tvbobertauernmariosiedler-nilslang-lr-002-970x646.jpg 970w, https:\/\/www.skimo.at\/rennen\/files\/2023\/12\/skimoaustria-pressekonferenz2023-tvbobertauernmariosiedler-nilslang-lr-002-140x93.jpg 140w, https:\/\/www.skimo.at\/rennen\/files\/2023\/12\/skimoaustria-pressekonferenz2023-tvbobertauernmariosiedler-nilslang-lr-002-540x360.jpg 540w, https:\/\/www.skimo.at\/rennen\/files\/2023\/12\/skimoaustria-pressekonferenz2023-tvbobertauernmariosiedler-nilslang-lr-002.jpg 1772w\" sizes=\"(max-width: 1024px) 100vw, 1024px\" \/><\/a><\/figure><\/li><\/ul><\/figure>\n","protected":false},"excerpt":{"rendered":"<p>Am 19.12.2023 fand im gewohnten Rahmen beim Autohaus SONNLEITNER in Salzburg die j\u00e4hrliche Pressekonferenz von SKIMO Austria zum Thema Skitourensport statt. Die Einsch\u00e4tzungen von Experten aus allen Bereichen des Skitourensports stie\u00dfen vor vollem Haus auf gro\u00dfes Interesse. Der betrachtete Bereich f\u00fcr alle Experten waren Sell-In Zahlen aus dem vorigen Winter 2022\/23, der durch schlechte Schneelage [&hellip;]<\/p>\n","protected":false},"author":3,"featured_media":299442,"comment_status":"closed","ping_status":"closed","sticky":false,"template":"","format":"standard","meta":[],"categories":[1,3],"tags":[],"yoast_head":"<!-- This site is optimized with the Yoast SEO plugin v16.3 - https:\/\/yoast.com\/wordpress\/plugins\/seo\/ -->\n<title>Pressekonferenz von SKIMO Austria 19.12.2023 - Der Skitourensport \u00fcberwindet ein Zwischentief - Rennen<\/title>\n<meta name=\"robots\" content=\"index, follow, max-snippet:-1, max-image-preview:large, max-video-preview:-1\" \/>\n<link rel=\"canonical\" href=\"https:\/\/www.skimo.at\/rennen\/299430\/pressekonferenz-von-skimo-austria-19-12-2023-der-skitourensport-ueberwindet-ein-zwischentief\/\" \/>\n<link rel=\"next\" href=\"https:\/\/www.skimo.at\/rennen\/299430\/pressekonferenz-von-skimo-austria-19-12-2023-der-skitourensport-ueberwindet-ein-zwischentief\/2\/\" \/>\n<meta property=\"og:locale\" content=\"de_DE\" \/>\n<meta property=\"og:type\" content=\"article\" \/>\n<meta property=\"og:title\" content=\"Pressekonferenz von SKIMO Austria 19.12.2023 - Der Skitourensport \u00fcberwindet ein Zwischentief - Rennen\" \/>\n<meta property=\"og:description\" content=\"Am 19.12.2023 fand im gewohnten Rahmen beim Autohaus SONNLEITNER in Salzburg die j\u00e4hrliche Pressekonferenz von SKIMO Austria zum Thema Skitourensport statt. Die Einsch\u00e4tzungen von Experten aus allen Bereichen des Skitourensports stie\u00dfen vor vollem Haus auf gro\u00dfes Interesse. Der betrachtete Bereich f\u00fcr alle Experten waren Sell-In Zahlen aus dem vorigen Winter 2022\/23, der durch schlechte Schneelage [&hellip;]\" \/>\n<meta property=\"og:url\" content=\"https:\/\/www.skimo.at\/rennen\/299430\/pressekonferenz-von-skimo-austria-19-12-2023-der-skitourensport-ueberwindet-ein-zwischentief\/\" \/>\n<meta property=\"og:site_name\" content=\"Rennen\" \/>\n<meta property=\"article:published_time\" content=\"2023-12-19T16:21:06+00:00\" \/>\n<meta property=\"og:image\" content=\"https:\/\/www.skimo.at\/rennen\/files\/2023\/12\/skimoaustria-pressekonferenz2023-rennorganisatoreneuropeanskimotour-nilslang-lr-020.jpg\" \/>\n\t<meta property=\"og:image:width\" content=\"1772\" \/>\n\t<meta property=\"og:image:height\" content=\"1181\" \/>\n<meta name=\"twitter:card\" content=\"summary\" \/>\n<meta name=\"twitter:label1\" content=\"Gesch\u00e4tzte Lesezeit\">\n\t<meta name=\"twitter:data1\" content=\"15\u00a0Minuten\">\n<script type=\"application\/ld+json\" class=\"yoast-schema-graph\">{\"@context\":\"https:\/\/schema.org\",\"@graph\":[{\"@type\":\"WebSite\",\"@id\":\"https:\/\/skimo.73.jarolim.eu\/rennen\/#website\",\"url\":\"https:\/\/skimo.73.jarolim.eu\/rennen\/\",\"name\":\"Rennen\",\"description\":\"\",\"potentialAction\":[{\"@type\":\"SearchAction\",\"target\":\"https:\/\/skimo.73.jarolim.eu\/rennen\/?s={search_term_string}\",\"query-input\":\"required name=search_term_string\"}],\"inLanguage\":\"de\"},{\"@type\":\"ImageObject\",\"@id\":\"https:\/\/www.skimo.at\/rennen\/299430\/pressekonferenz-von-skimo-austria-19-12-2023-der-skitourensport-ueberwindet-ein-zwischentief\/#primaryimage\",\"inLanguage\":\"de\",\"url\":\"https:\/\/www.skimo.at\/rennen\/files\/2023\/12\/skimoaustria-pressekonferenz2023-rennorganisatoreneuropeanskimotour-nilslang-lr-020.jpg\",\"contentUrl\":\"https:\/\/www.skimo.at\/rennen\/files\/2023\/12\/skimoaustria-pressekonferenz2023-rennorganisatoreneuropeanskimotour-nilslang-lr-020.jpg\",\"width\":1772,\"height\":1181},{\"@type\":\"WebPage\",\"@id\":\"https:\/\/www.skimo.at\/rennen\/299430\/pressekonferenz-von-skimo-austria-19-12-2023-der-skitourensport-ueberwindet-ein-zwischentief\/#webpage\",\"url\":\"https:\/\/www.skimo.at\/rennen\/299430\/pressekonferenz-von-skimo-austria-19-12-2023-der-skitourensport-ueberwindet-ein-zwischentief\/\",\"name\":\"Pressekonferenz von SKIMO Austria 19.12.2023 - Der Skitourensport \\u00fcberwindet ein Zwischentief - Rennen\",\"isPartOf\":{\"@id\":\"https:\/\/skimo.73.jarolim.eu\/rennen\/#website\"},\"primaryImageOfPage\":{\"@id\":\"https:\/\/www.skimo.at\/rennen\/299430\/pressekonferenz-von-skimo-austria-19-12-2023-der-skitourensport-ueberwindet-ein-zwischentief\/#primaryimage\"},\"datePublished\":\"2023-12-19T16:21:06+00:00\",\"dateModified\":\"2023-12-19T16:21:06+00:00\",\"author\":{\"@id\":\"https:\/\/skimo.73.jarolim.eu\/rennen\/#\/schema\/person\/796ecbce6796efca58bf848ca63ec12c\"},\"breadcrumb\":{\"@id\":\"https:\/\/www.skimo.at\/rennen\/299430\/pressekonferenz-von-skimo-austria-19-12-2023-der-skitourensport-ueberwindet-ein-zwischentief\/#breadcrumb\"},\"inLanguage\":\"de\",\"potentialAction\":[{\"@type\":\"ReadAction\",\"target\":[\"https:\/\/www.skimo.at\/rennen\/299430\/pressekonferenz-von-skimo-austria-19-12-2023-der-skitourensport-ueberwindet-ein-zwischentief\/\"]}]},{\"@type\":\"BreadcrumbList\",\"@id\":\"https:\/\/www.skimo.at\/rennen\/299430\/pressekonferenz-von-skimo-austria-19-12-2023-der-skitourensport-ueberwindet-ein-zwischentief\/#breadcrumb\",\"itemListElement\":[{\"@type\":\"ListItem\",\"position\":1,\"item\":{\"@type\":\"WebPage\",\"@id\":\"https:\/\/skimo.73.jarolim.eu\/rennen\/\",\"url\":\"https:\/\/skimo.73.jarolim.eu\/rennen\/\",\"name\":\"Home\"}},{\"@type\":\"ListItem\",\"position\":2,\"item\":{\"@id\":\"https:\/\/www.skimo.at\/rennen\/299430\/pressekonferenz-von-skimo-austria-19-12-2023-der-skitourensport-ueberwindet-ein-zwischentief\/#webpage\"}}]},{\"@type\":\"Person\",\"@id\":\"https:\/\/skimo.73.jarolim.eu\/rennen\/#\/schema\/person\/796ecbce6796efca58bf848ca63ec12c\",\"name\":\"kposch\",\"image\":{\"@type\":\"ImageObject\",\"@id\":\"https:\/\/skimo.73.jarolim.eu\/rennen\/#personlogo\",\"inLanguage\":\"de\",\"url\":\"https:\/\/secure.gravatar.com\/avatar\/e9f5f28da60e5e563d3f4d3cc0b9b425?s=96&r=g\",\"contentUrl\":\"https:\/\/secure.gravatar.com\/avatar\/e9f5f28da60e5e563d3f4d3cc0b9b425?s=96&r=g\",\"caption\":\"kposch\"},\"url\":\"https:\/\/www.skimo.at\/rennen\/author\/kposch\/\"}]}<\/script>\n<!-- \/ Yoast SEO plugin. -->","_links":{"self":[{"href":"https:\/\/www.skimo.at\/rennen\/wp-json\/wp\/v2\/posts\/299430"}],"collection":[{"href":"https:\/\/www.skimo.at\/rennen\/wp-json\/wp\/v2\/posts"}],"about":[{"href":"https:\/\/www.skimo.at\/rennen\/wp-json\/wp\/v2\/types\/post"}],"author":[{"embeddable":true,"href":"https:\/\/www.skimo.at\/rennen\/wp-json\/wp\/v2\/users\/3"}],"replies":[{"embeddable":true,"href":"https:\/\/www.skimo.at\/rennen\/wp-json\/wp\/v2\/comments?post=299430"}],"version-history":[{"count":5,"href":"https:\/\/www.skimo.at\/rennen\/wp-json\/wp\/v2\/posts\/299430\/revisions"}],"predecessor-version":[{"id":299458,"href":"https:\/\/www.skimo.at\/rennen\/wp-json\/wp\/v2\/posts\/299430\/revisions\/299458"}],"wp:featuredmedia":[{"embeddable":true,"href":"https:\/\/www.skimo.at\/rennen\/wp-json\/wp\/v2\/media\/299442"}],"wp:attachment":[{"href":"https:\/\/www.skimo.at\/rennen\/wp-json\/wp\/v2\/media?parent=299430"}],"wp:term":[{"taxonomy":"category","embeddable":true,"href":"https:\/\/www.skimo.at\/rennen\/wp-json\/wp\/v2\/categories?post=299430"},{"taxonomy":"post_tag","embeddable":true,"href":"https:\/\/www.skimo.at\/rennen\/wp-json\/wp\/v2\/tags?post=299430"}],"curies":[{"name":"wp","href":"https:\/\/api.w.org\/{rel}","templated":true}]}}