{"id":299374,"date":"2023-12-11T09:58:31","date_gmt":"2023-12-11T07:58:31","guid":{"rendered":"https:\/\/www.skimo.at\/rennen\/?p=299374"},"modified":"2023-12-13T20:26:56","modified_gmt":"2023-12-13T18:26:56","slug":"zwieselalm-aufstieg-am-30-12-2022-ein-sportliches-wintermaerchen-fuer-skitourenliebhaber","status":"publish","type":"post","link":"https:\/\/www.skimo.at\/rennen\/299374\/zwieselalm-aufstieg-am-30-12-2022-ein-sportliches-wintermaerchen-fuer-skitourenliebhaber\/","title":{"rendered":"Zwieselalm-Aufstieg am 30.12.2022 &#8211; Anmeldung ge\u00f6ffnet!"},"content":{"rendered":"\n<p>Mit dem Zwieselalm-Aufstieg am 30. Dezember 2023 bietet die malerische Region rund um Gosau Skitourenliebhabern eine einzigartige Gelegenheit, die beeindruckende Winterlandschaft des Salzkammerguts zu erleben. Die herausfordernde Tour f\u00fchrt die Teilnehmer in den Abendstunden \u00fcber 760 H\u00f6henmeter von der Talstation des 8er Panorama Jets auf die Zwieselalm-Aussicht und verspricht nicht nur sportliche H\u00f6chstleistungen, sondern auch unvergessliche Naturerlebnisse.<\/p>\n\n\n\n<p>Der Startschuss f\u00fcr dieses winterliche Abenteuer f\u00e4llt um 16:30 Uhr bei der Talstation des 8er Jets. Die Route \u00fcber die Zwieselalm-Abfahrt bietet nicht nur eine sportliche Herausforderung, sondern auch ein beeindruckendes Panorama, das die Herzen aller Skitourengeher h\u00f6herschlagen l\u00e4sst. Das Startgeld betr\u00e4gt moderate EUR 26,&#8211;, und die Anmeldung erfolgt ausschlie\u00dflich online unter time2win.at\/event\/398. Aufgrund des begrenzten Platzangebots auf der Sonnenalm sind die Startpl\u00e4tze auf 120 limitiert, daher wird eine fr\u00fchzeitige Anmeldung dringend empfohlen.<br>Als Ziel f\u00fcr die Teilnehmer wartet nicht nur der Gipfel, sondern auch &#8222;Kasspatzen All You Can Eat&#8220; in der gem\u00fctlichen Atmosph\u00e4re der Sonnenalm. Ab 19:00 Uhr k\u00f6nnen sich die Teilnehmer auf die Siegerehrung freuen, die die Belohnung f\u00fcr den kr\u00e4ftezehrenden Aufstieg ist. Neben Ruhm und Ehre erhalten die Finisher beeindruckende Sachpreise im Gesamtwert von EUR 2.000,&#8211;. Von hochwertigen Tourenskiern \u00fcber praktische Rucks\u00e4cke bis hin zu funktionalen Steigfellen ist f\u00fcr jeden Geschmack und Bedarf etwas dabei. Diese gro\u00dfz\u00fcgigen Preise werden von den Partnern der Veranstaltung <a href=\"https:\/\/www.fischersports.com\/at_de\/\">FISCHER SPORTS<\/a>, <a href=\"https:\/\/www.loeffler.at\/de\/\">L\u00d6FFLER <\/a>und <a href=\"https:\/\/www.pomoca.com\/de\/\">POMOCA<\/a> bereitgestellt und sollen bei den weiteren Abenteuern der Gewinner gute Dienste leisten.<\/p>\n\n\n\n<p>Der Zwieselalm-Aufstieg verspricht nicht nur ein sportliches Highlight kurz vor dem Jahreswechsel zu sein, sondern auch eine Gelegenheit, die beeindruckende Winterlandschaft des Salzkammerguts zum Sonnenuntergang in vollen Z\u00fcgen zu genie\u00dfen. Seien Sie dabei, wenn sich Tourenbegeisterte aus Nah und Fern in Gosau treffen, um gemeinsam den Gipfel zu erklimmen und die Faszination des Skitourengehens zu erleben.<\/p>\n\n\n\n<p>F\u00fcr weitere Informationen und Anmeldungen besuchen Sie <a href=\"https:\/\/time2win.at\/event\/572\">time2win.at\/event\/398<\/a>. Machen Sie sich bereit f\u00fcr ein unvergessliches Wintererlebnis beim Zwieselalm-Aufstieg!<br><br><a href=\"https:\/\/time2win.at\/event\/572\">Hier geht&#8217;s zur Anmeldeseite.<\/a><\/p>\n\n\n\n<figure class=\"wp-block-gallery columns-3 is-cropped\"><ul class=\"blocks-gallery-grid\"><li class=\"blocks-gallery-item\"><figure><a href=\"https:\/\/www.skimo.at\/rennen\/files\/2023\/12\/zwieselalmaufstieg-30122022-motiv-04-bild-karl-posch-lr.jpg\"><img loading=\"lazy\" width=\"1024\" height=\"683\" src=\"https:\/\/www.skimo.at\/rennen\/files\/2023\/12\/zwieselalmaufstieg-30122022-motiv-04-bild-karl-posch-lr-1024x683.jpg\" alt=\"\" data-id=\"299376\" data-full-url=\"https:\/\/www.skimo.at\/rennen\/files\/2023\/12\/zwieselalmaufstieg-30122022-motiv-04-bild-karl-posch-lr.jpg\" data-link=\"https:\/\/www.skimo.at\/rennen\/?attachment_id=299376\" class=\"wp-image-299376\" srcset=\"https:\/\/www.skimo.at\/rennen\/files\/2023\/12\/zwieselalmaufstieg-30122022-motiv-04-bild-karl-posch-lr-1024x683.jpg 1024w, https:\/\/www.skimo.at\/rennen\/files\/2023\/12\/zwieselalmaufstieg-30122022-motiv-04-bild-karl-posch-lr-300x200.jpg 300w, https:\/\/www.skimo.at\/rennen\/files\/2023\/12\/zwieselalmaufstieg-30122022-motiv-04-bild-karl-posch-lr-768x512.jpg 768w, https:\/\/www.skimo.at\/rennen\/files\/2023\/12\/zwieselalmaufstieg-30122022-motiv-04-bild-karl-posch-lr-746x497.jpg 746w, https:\/\/www.skimo.at\/rennen\/files\/2023\/12\/zwieselalmaufstieg-30122022-motiv-04-bild-karl-posch-lr-618x412.jpg 618w, https:\/\/www.skimo.at\/rennen\/files\/2023\/12\/zwieselalmaufstieg-30122022-motiv-04-bild-karl-posch-lr-554x369.jpg 554w, https:\/\/www.skimo.at\/rennen\/files\/2023\/12\/zwieselalmaufstieg-30122022-motiv-04-bild-karl-posch-lr-299x199.jpg 299w, https:\/\/www.skimo.at\/rennen\/files\/2023\/12\/zwieselalmaufstieg-30122022-motiv-04-bild-karl-posch-lr-1224x816.jpg 1224w, https:\/\/www.skimo.at\/rennen\/files\/2023\/12\/zwieselalmaufstieg-30122022-motiv-04-bild-karl-posch-lr-970x647.jpg 970w, https:\/\/www.skimo.at\/rennen\/files\/2023\/12\/zwieselalmaufstieg-30122022-motiv-04-bild-karl-posch-lr-140x93.jpg 140w, https:\/\/www.skimo.at\/rennen\/files\/2023\/12\/zwieselalmaufstieg-30122022-motiv-04-bild-karl-posch-lr-540x360.jpg 540w, https:\/\/www.skimo.at\/rennen\/files\/2023\/12\/zwieselalmaufstieg-30122022-motiv-04-bild-karl-posch-lr.jpg 1800w\" sizes=\"(max-width: 1024px) 100vw, 1024px\" \/><\/a><\/figure><\/li><li class=\"blocks-gallery-item\"><figure><a href=\"https:\/\/www.skimo.at\/rennen\/files\/2023\/12\/zwieselalmaufstieg-30122022-motiv-19-bild-karl-posch-lr.jpg\"><img loading=\"lazy\" width=\"1024\" height=\"683\" src=\"https:\/\/www.skimo.at\/rennen\/files\/2023\/12\/zwieselalmaufstieg-30122022-motiv-19-bild-karl-posch-lr-1024x683.jpg\" alt=\"\" data-id=\"299377\" data-full-url=\"https:\/\/www.skimo.at\/rennen\/files\/2023\/12\/zwieselalmaufstieg-30122022-motiv-19-bild-karl-posch-lr.jpg\" data-link=\"https:\/\/www.skimo.at\/rennen\/?attachment_id=299377\" class=\"wp-image-299377\" srcset=\"https:\/\/www.skimo.at\/rennen\/files\/2023\/12\/zwieselalmaufstieg-30122022-motiv-19-bild-karl-posch-lr-1024x683.jpg 1024w, https:\/\/www.skimo.at\/rennen\/files\/2023\/12\/zwieselalmaufstieg-30122022-motiv-19-bild-karl-posch-lr-300x200.jpg 300w, https:\/\/www.skimo.at\/rennen\/files\/2023\/12\/zwieselalmaufstieg-30122022-motiv-19-bild-karl-posch-lr-768x512.jpg 768w, https:\/\/www.skimo.at\/rennen\/files\/2023\/12\/zwieselalmaufstieg-30122022-motiv-19-bild-karl-posch-lr-746x497.jpg 746w, https:\/\/www.skimo.at\/rennen\/files\/2023\/12\/zwieselalmaufstieg-30122022-motiv-19-bild-karl-posch-lr-618x412.jpg 618w, https:\/\/www.skimo.at\/rennen\/files\/2023\/12\/zwieselalmaufstieg-30122022-motiv-19-bild-karl-posch-lr-554x369.jpg 554w, https:\/\/www.skimo.at\/rennen\/files\/2023\/12\/zwieselalmaufstieg-30122022-motiv-19-bild-karl-posch-lr-299x199.jpg 299w, https:\/\/www.skimo.at\/rennen\/files\/2023\/12\/zwieselalmaufstieg-30122022-motiv-19-bild-karl-posch-lr-1224x816.jpg 1224w, https:\/\/www.skimo.at\/rennen\/files\/2023\/12\/zwieselalmaufstieg-30122022-motiv-19-bild-karl-posch-lr-970x647.jpg 970w, https:\/\/www.skimo.at\/rennen\/files\/2023\/12\/zwieselalmaufstieg-30122022-motiv-19-bild-karl-posch-lr-140x93.jpg 140w, https:\/\/www.skimo.at\/rennen\/files\/2023\/12\/zwieselalmaufstieg-30122022-motiv-19-bild-karl-posch-lr-540x360.jpg 540w, https:\/\/www.skimo.at\/rennen\/files\/2023\/12\/zwieselalmaufstieg-30122022-motiv-19-bild-karl-posch-lr.jpg 1800w\" sizes=\"(max-width: 1024px) 100vw, 1024px\" \/><\/a><\/figure><\/li><li class=\"blocks-gallery-item\"><figure><a href=\"https:\/\/www.skimo.at\/rennen\/files\/2023\/12\/zwieselalmaufstieg-30122022-start-bild-helmut-gapp-lr.jpg\"><img loading=\"lazy\" width=\"1024\" height=\"682\" src=\"https:\/\/www.skimo.at\/rennen\/files\/2023\/12\/zwieselalmaufstieg-30122022-start-bild-helmut-gapp-lr-1024x682.jpg\" alt=\"\" data-id=\"299378\" data-full-url=\"https:\/\/www.skimo.at\/rennen\/files\/2023\/12\/zwieselalmaufstieg-30122022-start-bild-helmut-gapp-lr.jpg\" data-link=\"https:\/\/www.skimo.at\/rennen\/?attachment_id=299378\" class=\"wp-image-299378\" srcset=\"https:\/\/www.skimo.at\/rennen\/files\/2023\/12\/zwieselalmaufstieg-30122022-start-bild-helmut-gapp-lr-1024x682.jpg 1024w, https:\/\/www.skimo.at\/rennen\/files\/2023\/12\/zwieselalmaufstieg-30122022-start-bild-helmut-gapp-lr-300x200.jpg 300w, https:\/\/www.skimo.at\/rennen\/files\/2023\/12\/zwieselalmaufstieg-30122022-start-bild-helmut-gapp-lr-768x512.jpg 768w, https:\/\/www.skimo.at\/rennen\/files\/2023\/12\/zwieselalmaufstieg-30122022-start-bild-helmut-gapp-lr-746x497.jpg 746w, https:\/\/www.skimo.at\/rennen\/files\/2023\/12\/zwieselalmaufstieg-30122022-start-bild-helmut-gapp-lr-618x412.jpg 618w, https:\/\/www.skimo.at\/rennen\/files\/2023\/12\/zwieselalmaufstieg-30122022-start-bild-helmut-gapp-lr-554x369.jpg 554w, https:\/\/www.skimo.at\/rennen\/files\/2023\/12\/zwieselalmaufstieg-30122022-start-bild-helmut-gapp-lr-299x199.jpg 299w, https:\/\/www.skimo.at\/rennen\/files\/2023\/12\/zwieselalmaufstieg-30122022-start-bild-helmut-gapp-lr-1224x816.jpg 1224w, https:\/\/www.skimo.at\/rennen\/files\/2023\/12\/zwieselalmaufstieg-30122022-start-bild-helmut-gapp-lr-970x646.jpg 970w, https:\/\/www.skimo.at\/rennen\/files\/2023\/12\/zwieselalmaufstieg-30122022-start-bild-helmut-gapp-lr-140x93.jpg 140w, https:\/\/www.skimo.at\/rennen\/files\/2023\/12\/zwieselalmaufstieg-30122022-start-bild-helmut-gapp-lr-540x360.jpg 540w, https:\/\/www.skimo.at\/rennen\/files\/2023\/12\/zwieselalmaufstieg-30122022-start-bild-helmut-gapp-lr.jpg 1772w\" sizes=\"(max-width: 1024px) 100vw, 1024px\" \/><\/a><\/figure><\/li><li class=\"blocks-gallery-item\"><figure><a href=\"https:\/\/www.skimo.at\/rennen\/files\/2023\/12\/zwieselalmaufstieg-brigitte-quehenberger-1-kraftberni-lr.jpg\"><img loading=\"lazy\" width=\"1024\" height=\"683\" src=\"https:\/\/www.skimo.at\/rennen\/files\/2023\/12\/zwieselalmaufstieg-brigitte-quehenberger-1-kraftberni-lr-1024x683.jpg\" alt=\"\" data-id=\"299379\" data-full-url=\"https:\/\/www.skimo.at\/rennen\/files\/2023\/12\/zwieselalmaufstieg-brigitte-quehenberger-1-kraftberni-lr.jpg\" data-link=\"https:\/\/www.skimo.at\/rennen\/?attachment_id=299379\" class=\"wp-image-299379\" srcset=\"https:\/\/www.skimo.at\/rennen\/files\/2023\/12\/zwieselalmaufstieg-brigitte-quehenberger-1-kraftberni-lr-1024x683.jpg 1024w, https:\/\/www.skimo.at\/rennen\/files\/2023\/12\/zwieselalmaufstieg-brigitte-quehenberger-1-kraftberni-lr-300x200.jpg 300w, https:\/\/www.skimo.at\/rennen\/files\/2023\/12\/zwieselalmaufstieg-brigitte-quehenberger-1-kraftberni-lr-768x512.jpg 768w, https:\/\/www.skimo.at\/rennen\/files\/2023\/12\/zwieselalmaufstieg-brigitte-quehenberger-1-kraftberni-lr-746x497.jpg 746w, https:\/\/www.skimo.at\/rennen\/files\/2023\/12\/zwieselalmaufstieg-brigitte-quehenberger-1-kraftberni-lr-618x412.jpg 618w, https:\/\/www.skimo.at\/rennen\/files\/2023\/12\/zwieselalmaufstieg-brigitte-quehenberger-1-kraftberni-lr-554x369.jpg 554w, https:\/\/www.skimo.at\/rennen\/files\/2023\/12\/zwieselalmaufstieg-brigitte-quehenberger-1-kraftberni-lr-299x199.jpg 299w, https:\/\/www.skimo.at\/rennen\/files\/2023\/12\/zwieselalmaufstieg-brigitte-quehenberger-1-kraftberni-lr-1224x816.jpg 1224w, https:\/\/www.skimo.at\/rennen\/files\/2023\/12\/zwieselalmaufstieg-brigitte-quehenberger-1-kraftberni-lr-970x647.jpg 970w, https:\/\/www.skimo.at\/rennen\/files\/2023\/12\/zwieselalmaufstieg-brigitte-quehenberger-1-kraftberni-lr-140x93.jpg 140w, https:\/\/www.skimo.at\/rennen\/files\/2023\/12\/zwieselalmaufstieg-brigitte-quehenberger-1-kraftberni-lr-540x360.jpg 540w, https:\/\/www.skimo.at\/rennen\/files\/2023\/12\/zwieselalmaufstieg-brigitte-quehenberger-1-kraftberni-lr.jpg 1800w\" sizes=\"(max-width: 1024px) 100vw, 1024px\" \/><\/a><\/figure><\/li><li class=\"blocks-gallery-item\"><figure><a href=\"https:\/\/www.skimo.at\/rennen\/files\/2023\/12\/zwieselalmaufstieg-david-weberbauer-1-kraftberni-lr.jpg\"><img loading=\"lazy\" width=\"1024\" height=\"729\" src=\"https:\/\/www.skimo.at\/rennen\/files\/2023\/12\/zwieselalmaufstieg-david-weberbauer-1-kraftberni-lr-1024x729.jpg\" alt=\"\" data-id=\"299380\" data-full-url=\"https:\/\/www.skimo.at\/rennen\/files\/2023\/12\/zwieselalmaufstieg-david-weberbauer-1-kraftberni-lr.jpg\" data-link=\"https:\/\/www.skimo.at\/rennen\/?attachment_id=299380\" class=\"wp-image-299380\" srcset=\"https:\/\/www.skimo.at\/rennen\/files\/2023\/12\/zwieselalmaufstieg-david-weberbauer-1-kraftberni-lr-1024x729.jpg 1024w, https:\/\/www.skimo.at\/rennen\/files\/2023\/12\/zwieselalmaufstieg-david-weberbauer-1-kraftberni-lr-300x214.jpg 300w, https:\/\/www.skimo.at\/rennen\/files\/2023\/12\/zwieselalmaufstieg-david-weberbauer-1-kraftberni-lr-768x547.jpg 768w, https:\/\/www.skimo.at\/rennen\/files\/2023\/12\/zwieselalmaufstieg-david-weberbauer-1-kraftberni-lr-1224x872.jpg 1224w, https:\/\/www.skimo.at\/rennen\/files\/2023\/12\/zwieselalmaufstieg-david-weberbauer-1-kraftberni-lr-970x691.jpg 970w, https:\/\/www.skimo.at\/rennen\/files\/2023\/12\/zwieselalmaufstieg-david-weberbauer-1-kraftberni-lr-554x395.jpg 554w, https:\/\/www.skimo.at\/rennen\/files\/2023\/12\/zwieselalmaufstieg-david-weberbauer-1-kraftberni-lr-131x93.jpg 131w, https:\/\/www.skimo.at\/rennen\/files\/2023\/12\/zwieselalmaufstieg-david-weberbauer-1-kraftberni-lr.jpg 1772w\" sizes=\"(max-width: 1024px) 100vw, 1024px\" \/><\/a><\/figure><\/li><li class=\"blocks-gallery-item\"><figure><a href=\"https:\/\/www.skimo.at\/rennen\/files\/2023\/12\/zwieselalmaufstieg-jaqueline-brandl-1-kraftberni-lr.jpg\"><img loading=\"lazy\" width=\"1024\" height=\"682\" src=\"https:\/\/www.skimo.at\/rennen\/files\/2023\/12\/zwieselalmaufstieg-jaqueline-brandl-1-kraftberni-lr-1024x682.jpg\" alt=\"\" data-id=\"299381\" data-full-url=\"https:\/\/www.skimo.at\/rennen\/files\/2023\/12\/zwieselalmaufstieg-jaqueline-brandl-1-kraftberni-lr.jpg\" data-link=\"https:\/\/www.skimo.at\/rennen\/?attachment_id=299381\" class=\"wp-image-299381\" srcset=\"https:\/\/www.skimo.at\/rennen\/files\/2023\/12\/zwieselalmaufstieg-jaqueline-brandl-1-kraftberni-lr-1024x682.jpg 1024w, https:\/\/www.skimo.at\/rennen\/files\/2023\/12\/zwieselalmaufstieg-jaqueline-brandl-1-kraftberni-lr-300x200.jpg 300w, https:\/\/www.skimo.at\/rennen\/files\/2023\/12\/zwieselalmaufstieg-jaqueline-brandl-1-kraftberni-lr-768x512.jpg 768w, https:\/\/www.skimo.at\/rennen\/files\/2023\/12\/zwieselalmaufstieg-jaqueline-brandl-1-kraftberni-lr-746x497.jpg 746w, https:\/\/www.skimo.at\/rennen\/files\/2023\/12\/zwieselalmaufstieg-jaqueline-brandl-1-kraftberni-lr-618x412.jpg 618w, https:\/\/www.skimo.at\/rennen\/files\/2023\/12\/zwieselalmaufstieg-jaqueline-brandl-1-kraftberni-lr-554x369.jpg 554w, https:\/\/www.skimo.at\/rennen\/files\/2023\/12\/zwieselalmaufstieg-jaqueline-brandl-1-kraftberni-lr-299x199.jpg 299w, https:\/\/www.skimo.at\/rennen\/files\/2023\/12\/zwieselalmaufstieg-jaqueline-brandl-1-kraftberni-lr-1224x816.jpg 1224w, https:\/\/www.skimo.at\/rennen\/files\/2023\/12\/zwieselalmaufstieg-jaqueline-brandl-1-kraftberni-lr-970x646.jpg 970w, https:\/\/www.skimo.at\/rennen\/files\/2023\/12\/zwieselalmaufstieg-jaqueline-brandl-1-kraftberni-lr-140x93.jpg 140w, https:\/\/www.skimo.at\/rennen\/files\/2023\/12\/zwieselalmaufstieg-jaqueline-brandl-1-kraftberni-lr-540x360.jpg 540w, https:\/\/www.skimo.at\/rennen\/files\/2023\/12\/zwieselalmaufstieg-jaqueline-brandl-1-kraftberni-lr.jpg 1772w\" sizes=\"(max-width: 1024px) 100vw, 1024px\" \/><\/a><\/figure><\/li><li class=\"blocks-gallery-item\"><figure><a href=\"https:\/\/www.skimo.at\/rennen\/files\/2023\/12\/zwieselalmaufstieg-motiv-101-kraftberni-lr.jpg\"><img loading=\"lazy\" width=\"1024\" height=\"683\" src=\"https:\/\/www.skimo.at\/rennen\/files\/2023\/12\/zwieselalmaufstieg-motiv-101-kraftberni-lr-1024x683.jpg\" alt=\"\" data-id=\"299382\" data-full-url=\"https:\/\/www.skimo.at\/rennen\/files\/2023\/12\/zwieselalmaufstieg-motiv-101-kraftberni-lr.jpg\" data-link=\"https:\/\/www.skimo.at\/rennen\/?attachment_id=299382\" class=\"wp-image-299382\" srcset=\"https:\/\/www.skimo.at\/rennen\/files\/2023\/12\/zwieselalmaufstieg-motiv-101-kraftberni-lr-1024x683.jpg 1024w, https:\/\/www.skimo.at\/rennen\/files\/2023\/12\/zwieselalmaufstieg-motiv-101-kraftberni-lr-300x200.jpg 300w, https:\/\/www.skimo.at\/rennen\/files\/2023\/12\/zwieselalmaufstieg-motiv-101-kraftberni-lr-768x512.jpg 768w, https:\/\/www.skimo.at\/rennen\/files\/2023\/12\/zwieselalmaufstieg-motiv-101-kraftberni-lr-746x497.jpg 746w, https:\/\/www.skimo.at\/rennen\/files\/2023\/12\/zwieselalmaufstieg-motiv-101-kraftberni-lr-618x412.jpg 618w, https:\/\/www.skimo.at\/rennen\/files\/2023\/12\/zwieselalmaufstieg-motiv-101-kraftberni-lr-554x369.jpg 554w, https:\/\/www.skimo.at\/rennen\/files\/2023\/12\/zwieselalmaufstieg-motiv-101-kraftberni-lr-299x199.jpg 299w, https:\/\/www.skimo.at\/rennen\/files\/2023\/12\/zwieselalmaufstieg-motiv-101-kraftberni-lr-1224x816.jpg 1224w, https:\/\/www.skimo.at\/rennen\/files\/2023\/12\/zwieselalmaufstieg-motiv-101-kraftberni-lr-970x647.jpg 970w, https:\/\/www.skimo.at\/rennen\/files\/2023\/12\/zwieselalmaufstieg-motiv-101-kraftberni-lr-140x93.jpg 140w, https:\/\/www.skimo.at\/rennen\/files\/2023\/12\/zwieselalmaufstieg-motiv-101-kraftberni-lr-540x360.jpg 540w, https:\/\/www.skimo.at\/rennen\/files\/2023\/12\/zwieselalmaufstieg-motiv-101-kraftberni-lr.jpg 1800w\" sizes=\"(max-width: 1024px) 100vw, 1024px\" \/><\/a><\/figure><\/li><li class=\"blocks-gallery-item\"><figure><a href=\"https:\/\/www.skimo.at\/rennen\/files\/2023\/12\/zwieselalmaufstieg-motiv-102-kraftberni-lr.jpg\"><img loading=\"lazy\" width=\"1024\" height=\"683\" src=\"https:\/\/www.skimo.at\/rennen\/files\/2023\/12\/zwieselalmaufstieg-motiv-102-kraftberni-lr-1024x683.jpg\" alt=\"\" data-id=\"299383\" data-full-url=\"https:\/\/www.skimo.at\/rennen\/files\/2023\/12\/zwieselalmaufstieg-motiv-102-kraftberni-lr.jpg\" data-link=\"https:\/\/www.skimo.at\/rennen\/?attachment_id=299383\" class=\"wp-image-299383\" srcset=\"https:\/\/www.skimo.at\/rennen\/files\/2023\/12\/zwieselalmaufstieg-motiv-102-kraftberni-lr-1024x683.jpg 1024w, https:\/\/www.skimo.at\/rennen\/files\/2023\/12\/zwieselalmaufstieg-motiv-102-kraftberni-lr-300x200.jpg 300w, https:\/\/www.skimo.at\/rennen\/files\/2023\/12\/zwieselalmaufstieg-motiv-102-kraftberni-lr-768x512.jpg 768w, https:\/\/www.skimo.at\/rennen\/files\/2023\/12\/zwieselalmaufstieg-motiv-102-kraftberni-lr-746x497.jpg 746w, https:\/\/www.skimo.at\/rennen\/files\/2023\/12\/zwieselalmaufstieg-motiv-102-kraftberni-lr-618x412.jpg 618w, https:\/\/www.skimo.at\/rennen\/files\/2023\/12\/zwieselalmaufstieg-motiv-102-kraftberni-lr-554x369.jpg 554w, https:\/\/www.skimo.at\/rennen\/files\/2023\/12\/zwieselalmaufstieg-motiv-102-kraftberni-lr-299x199.jpg 299w, https:\/\/www.skimo.at\/rennen\/files\/2023\/12\/zwieselalmaufstieg-motiv-102-kraftberni-lr-1224x816.jpg 1224w, https:\/\/www.skimo.at\/rennen\/files\/2023\/12\/zwieselalmaufstieg-motiv-102-kraftberni-lr-970x647.jpg 970w, https:\/\/www.skimo.at\/rennen\/files\/2023\/12\/zwieselalmaufstieg-motiv-102-kraftberni-lr-140x93.jpg 140w, https:\/\/www.skimo.at\/rennen\/files\/2023\/12\/zwieselalmaufstieg-motiv-102-kraftberni-lr-540x360.jpg 540w, https:\/\/www.skimo.at\/rennen\/files\/2023\/12\/zwieselalmaufstieg-motiv-102-kraftberni-lr.jpg 1800w\" sizes=\"(max-width: 1024px) 100vw, 1024px\" \/><\/a><\/figure><\/li><\/ul><figcaption class=\"blocks-gallery-caption\">Bilder vom Zwieselalm-Aufstieg 2023<\/figcaption><\/figure>\n","protected":false},"excerpt":{"rendered":"<p>Mit dem Zwieselalm-Aufstieg am 30. Dezember 2023 bietet die malerische Region rund um Gosau Skitourenliebhabern eine einzigartige Gelegenheit, die beeindruckende Winterlandschaft des Salzkammerguts zu erleben. Die herausfordernde Tour f\u00fchrt die Teilnehmer in den Abendstunden \u00fcber 760 H\u00f6henmeter von der Talstation des 8er Panorama Jets auf die Zwieselalm-Aussicht und verspricht nicht nur sportliche H\u00f6chstleistungen, sondern auch [&hellip;]<\/p>\n","protected":false},"author":3,"featured_media":299383,"comment_status":"closed","ping_status":"closed","sticky":false,"template":"","format":"standard","meta":[],"categories":[1,9,3],"tags":[],"yoast_head":"<!-- This site is optimized with the Yoast SEO plugin v16.3 - https:\/\/yoast.com\/wordpress\/plugins\/seo\/ -->\n<title>Zwieselalm-Aufstieg am 30.12.2022 - Anmeldung ge\u00f6ffnet! - Rennen<\/title>\n<meta name=\"robots\" content=\"index, follow, max-snippet:-1, max-image-preview:large, max-video-preview:-1\" \/>\n<link rel=\"canonical\" href=\"https:\/\/www.skimo.at\/rennen\/299374\/zwieselalm-aufstieg-am-30-12-2022-ein-sportliches-wintermaerchen-fuer-skitourenliebhaber\/\" \/>\n<meta property=\"og:locale\" content=\"de_DE\" \/>\n<meta property=\"og:type\" content=\"article\" \/>\n<meta property=\"og:title\" content=\"Zwieselalm-Aufstieg am 30.12.2022 - Anmeldung ge\u00f6ffnet! - Rennen\" \/>\n<meta property=\"og:description\" content=\"Mit dem Zwieselalm-Aufstieg am 30. Dezember 2023 bietet die malerische Region rund um Gosau Skitourenliebhabern eine einzigartige Gelegenheit, die beeindruckende Winterlandschaft des Salzkammerguts zu erleben. Die herausfordernde Tour f\u00fchrt die Teilnehmer in den Abendstunden \u00fcber 760 H\u00f6henmeter von der Talstation des 8er Panorama Jets auf die Zwieselalm-Aussicht und verspricht nicht nur sportliche H\u00f6chstleistungen, sondern auch [&hellip;]\" \/>\n<meta property=\"og:url\" content=\"https:\/\/www.skimo.at\/rennen\/299374\/zwieselalm-aufstieg-am-30-12-2022-ein-sportliches-wintermaerchen-fuer-skitourenliebhaber\/\" \/>\n<meta property=\"og:site_name\" content=\"Rennen\" \/>\n<meta property=\"article:published_time\" content=\"2023-12-11T07:58:31+00:00\" \/>\n<meta property=\"article:modified_time\" content=\"2023-12-13T18:26:56+00:00\" \/>\n<meta property=\"og:image\" content=\"https:\/\/www.skimo.at\/rennen\/files\/2023\/12\/zwieselalmaufstieg-motiv-102-kraftberni-lr.jpg\" \/>\n\t<meta property=\"og:image:width\" content=\"1800\" \/>\n\t<meta property=\"og:image:height\" content=\"1200\" \/>\n<meta name=\"twitter:card\" content=\"summary\" \/>\n<meta name=\"twitter:label1\" content=\"Gesch\u00e4tzte Lesezeit\">\n\t<meta name=\"twitter:data1\" content=\"3\u00a0Minuten\">\n<script type=\"application\/ld+json\" class=\"yoast-schema-graph\">{\"@context\":\"https:\/\/schema.org\",\"@graph\":[{\"@type\":\"WebSite\",\"@id\":\"https:\/\/skimo.73.jarolim.eu\/rennen\/#website\",\"url\":\"https:\/\/skimo.73.jarolim.eu\/rennen\/\",\"name\":\"Rennen\",\"description\":\"\",\"potentialAction\":[{\"@type\":\"SearchAction\",\"target\":\"https:\/\/skimo.73.jarolim.eu\/rennen\/?s={search_term_string}\",\"query-input\":\"required name=search_term_string\"}],\"inLanguage\":\"de\"},{\"@type\":\"ImageObject\",\"@id\":\"https:\/\/www.skimo.at\/rennen\/299374\/zwieselalm-aufstieg-am-30-12-2022-ein-sportliches-wintermaerchen-fuer-skitourenliebhaber\/#primaryimage\",\"inLanguage\":\"de\",\"url\":\"https:\/\/www.skimo.at\/rennen\/files\/2023\/12\/zwieselalmaufstieg-motiv-102-kraftberni-lr.jpg\",\"contentUrl\":\"https:\/\/www.skimo.at\/rennen\/files\/2023\/12\/zwieselalmaufstieg-motiv-102-kraftberni-lr.jpg\",\"width\":1800,\"height\":1200},{\"@type\":\"WebPage\",\"@id\":\"https:\/\/www.skimo.at\/rennen\/299374\/zwieselalm-aufstieg-am-30-12-2022-ein-sportliches-wintermaerchen-fuer-skitourenliebhaber\/#webpage\",\"url\":\"https:\/\/www.skimo.at\/rennen\/299374\/zwieselalm-aufstieg-am-30-12-2022-ein-sportliches-wintermaerchen-fuer-skitourenliebhaber\/\",\"name\":\"Zwieselalm-Aufstieg am 30.12.2022 - Anmeldung ge\\u00f6ffnet! - Rennen\",\"isPartOf\":{\"@id\":\"https:\/\/skimo.73.jarolim.eu\/rennen\/#website\"},\"primaryImageOfPage\":{\"@id\":\"https:\/\/www.skimo.at\/rennen\/299374\/zwieselalm-aufstieg-am-30-12-2022-ein-sportliches-wintermaerchen-fuer-skitourenliebhaber\/#primaryimage\"},\"datePublished\":\"2023-12-11T07:58:31+00:00\",\"dateModified\":\"2023-12-13T18:26:56+00:00\",\"author\":{\"@id\":\"https:\/\/skimo.73.jarolim.eu\/rennen\/#\/schema\/person\/796ecbce6796efca58bf848ca63ec12c\"},\"breadcrumb\":{\"@id\":\"https:\/\/www.skimo.at\/rennen\/299374\/zwieselalm-aufstieg-am-30-12-2022-ein-sportliches-wintermaerchen-fuer-skitourenliebhaber\/#breadcrumb\"},\"inLanguage\":\"de\",\"potentialAction\":[{\"@type\":\"ReadAction\",\"target\":[\"https:\/\/www.skimo.at\/rennen\/299374\/zwieselalm-aufstieg-am-30-12-2022-ein-sportliches-wintermaerchen-fuer-skitourenliebhaber\/\"]}]},{\"@type\":\"BreadcrumbList\",\"@id\":\"https:\/\/www.skimo.at\/rennen\/299374\/zwieselalm-aufstieg-am-30-12-2022-ein-sportliches-wintermaerchen-fuer-skitourenliebhaber\/#breadcrumb\",\"itemListElement\":[{\"@type\":\"ListItem\",\"position\":1,\"item\":{\"@type\":\"WebPage\",\"@id\":\"https:\/\/skimo.73.jarolim.eu\/rennen\/\",\"url\":\"https:\/\/skimo.73.jarolim.eu\/rennen\/\",\"name\":\"Home\"}},{\"@type\":\"ListItem\",\"position\":2,\"item\":{\"@id\":\"https:\/\/www.skimo.at\/rennen\/299374\/zwieselalm-aufstieg-am-30-12-2022-ein-sportliches-wintermaerchen-fuer-skitourenliebhaber\/#webpage\"}}]},{\"@type\":\"Person\",\"@id\":\"https:\/\/skimo.73.jarolim.eu\/rennen\/#\/schema\/person\/796ecbce6796efca58bf848ca63ec12c\",\"name\":\"kposch\",\"image\":{\"@type\":\"ImageObject\",\"@id\":\"https:\/\/skimo.73.jarolim.eu\/rennen\/#personlogo\",\"inLanguage\":\"de\",\"url\":\"https:\/\/secure.gravatar.com\/avatar\/e9f5f28da60e5e563d3f4d3cc0b9b425?s=96&r=g\",\"contentUrl\":\"https:\/\/secure.gravatar.com\/avatar\/e9f5f28da60e5e563d3f4d3cc0b9b425?s=96&r=g\",\"caption\":\"kposch\"},\"url\":\"https:\/\/www.skimo.at\/rennen\/author\/kposch\/\"}]}<\/script>\n<!-- \/ Yoast SEO plugin. -->","_links":{"self":[{"href":"https:\/\/www.skimo.at\/rennen\/wp-json\/wp\/v2\/posts\/299374"}],"collection":[{"href":"https:\/\/www.skimo.at\/rennen\/wp-json\/wp\/v2\/posts"}],"about":[{"href":"https:\/\/www.skimo.at\/rennen\/wp-json\/wp\/v2\/types\/post"}],"author":[{"embeddable":true,"href":"https:\/\/www.skimo.at\/rennen\/wp-json\/wp\/v2\/users\/3"}],"replies":[{"embeddable":true,"href":"https:\/\/www.skimo.at\/rennen\/wp-json\/wp\/v2\/comments?post=299374"}],"version-history":[{"count":4,"href":"https:\/\/www.skimo.at\/rennen\/wp-json\/wp\/v2\/posts\/299374\/revisions"}],"predecessor-version":[{"id":299388,"href":"https:\/\/www.skimo.at\/rennen\/wp-json\/wp\/v2\/posts\/299374\/revisions\/299388"}],"wp:featuredmedia":[{"embeddable":true,"href":"https:\/\/www.skimo.at\/rennen\/wp-json\/wp\/v2\/media\/299383"}],"wp:attachment":[{"href":"https:\/\/www.skimo.at\/rennen\/wp-json\/wp\/v2\/media?parent=299374"}],"wp:term":[{"taxonomy":"category","embeddable":true,"href":"https:\/\/www.skimo.at\/rennen\/wp-json\/wp\/v2\/categories?post=299374"},{"taxonomy":"post_tag","embeddable":true,"href":"https:\/\/www.skimo.at\/rennen\/wp-json\/wp\/v2\/tags?post=299374"}],"curies":[{"name":"wp","href":"https:\/\/api.w.org\/{rel}","templated":true}]}}