{"id":298673,"date":"2023-06-05T20:09:51","date_gmt":"2023-06-05T18:09:51","guid":{"rendered":"https:\/\/www.skimo.at\/rennen\/?p=298673"},"modified":"2023-06-05T20:23:16","modified_gmt":"2023-06-05T18:23:16","slug":"grossglockner-ultra-trail-von-27-30-juli-2023-skimo-austria-erstmals-kinder-trail","status":"publish","type":"post","link":"https:\/\/www.skimo.at\/rennen\/298673\/grossglockner-ultra-trail-von-27-30-juli-2023-skimo-austria-erstmals-kinder-trail\/","title":{"rendered":"Grossglockner ULTRA-TRAIL von 27.-30. Juli"},"content":{"rendered":"\n<p>Zerkl\u00fcftete Gletscher, Single Trails und die alpine Landschaft des Nationalparks Hohe Tauern: Der Gro\u00dfglockner ULTRA-TRAIL (GGUT) geh\u00f6rt zu den bekanntesten Trail-Wettk\u00e4mpfen im Alpenraum und f\u00fchrt auf hochalpinen Trails rund um den h\u00f6chsten Berg \u00d6sterreichs. Vom 27. bis zum 30. Juli 2023 l\u00e4dt der GGUT mit DYNAFIT als Hauptsponsor in die achte Runde ein \u2013 erstmals mit einem Speed- sowie einem Kinder-Trail im Programm.&nbsp;<\/p>\n\n\n\n<figure class=\"wp-block-gallery columns-3 is-cropped\"><ul class=\"blocks-gallery-grid\"><li class=\"blocks-gallery-item\"><figure><a href=\"https:\/\/www.skimo.at\/rennen\/files\/2023\/06\/ggut22-gwt34-cphilippreiter-scaled.jpg\"><img loading=\"lazy\" width=\"1024\" height=\"683\" src=\"https:\/\/www.skimo.at\/rennen\/files\/2023\/06\/ggut22-gwt34-cphilippreiter-1024x683.jpg\" alt=\"\" data-id=\"298676\" data-full-url=\"https:\/\/www.skimo.at\/rennen\/files\/2023\/06\/ggut22-gwt34-cphilippreiter-scaled.jpg\" data-link=\"https:\/\/www.skimo.at\/rennen\/?attachment_id=298676\" class=\"wp-image-298676\" srcset=\"https:\/\/www.skimo.at\/rennen\/files\/2023\/06\/ggut22-gwt34-cphilippreiter-1024x683.jpg 1024w, https:\/\/www.skimo.at\/rennen\/files\/2023\/06\/ggut22-gwt34-cphilippreiter-300x200.jpg 300w, https:\/\/www.skimo.at\/rennen\/files\/2023\/06\/ggut22-gwt34-cphilippreiter-768x512.jpg 768w, https:\/\/www.skimo.at\/rennen\/files\/2023\/06\/ggut22-gwt34-cphilippreiter-746x497.jpg 746w, https:\/\/www.skimo.at\/rennen\/files\/2023\/06\/ggut22-gwt34-cphilippreiter-618x412.jpg 618w, https:\/\/www.skimo.at\/rennen\/files\/2023\/06\/ggut22-gwt34-cphilippreiter-554x369.jpg 554w, https:\/\/www.skimo.at\/rennen\/files\/2023\/06\/ggut22-gwt34-cphilippreiter-299x199.jpg 299w, https:\/\/www.skimo.at\/rennen\/files\/2023\/06\/ggut22-gwt34-cphilippreiter-1224x816.jpg 1224w, https:\/\/www.skimo.at\/rennen\/files\/2023\/06\/ggut22-gwt34-cphilippreiter-970x647.jpg 970w, https:\/\/www.skimo.at\/rennen\/files\/2023\/06\/ggut22-gwt34-cphilippreiter-140x93.jpg 140w, https:\/\/www.skimo.at\/rennen\/files\/2023\/06\/ggut22-gwt34-cphilippreiter-540x360.jpg 540w\" sizes=\"(max-width: 1024px) 100vw, 1024px\" \/><\/a><\/figure><\/li><li class=\"blocks-gallery-item\"><figure><a href=\"https:\/\/www.skimo.at\/rennen\/files\/2023\/06\/ggut22-gwt35-cphilippreiter-4-1-scaled.jpg\"><img loading=\"lazy\" width=\"1024\" height=\"683\" src=\"https:\/\/www.skimo.at\/rennen\/files\/2023\/06\/ggut22-gwt35-cphilippreiter-4-1-1024x683.jpg\" alt=\"\" data-id=\"298677\" data-full-url=\"https:\/\/www.skimo.at\/rennen\/files\/2023\/06\/ggut22-gwt35-cphilippreiter-4-1-scaled.jpg\" data-link=\"https:\/\/www.skimo.at\/rennen\/?attachment_id=298677\" class=\"wp-image-298677\" srcset=\"https:\/\/www.skimo.at\/rennen\/files\/2023\/06\/ggut22-gwt35-cphilippreiter-4-1-1024x683.jpg 1024w, https:\/\/www.skimo.at\/rennen\/files\/2023\/06\/ggut22-gwt35-cphilippreiter-4-1-300x200.jpg 300w, https:\/\/www.skimo.at\/rennen\/files\/2023\/06\/ggut22-gwt35-cphilippreiter-4-1-768x512.jpg 768w, https:\/\/www.skimo.at\/rennen\/files\/2023\/06\/ggut22-gwt35-cphilippreiter-4-1-746x497.jpg 746w, https:\/\/www.skimo.at\/rennen\/files\/2023\/06\/ggut22-gwt35-cphilippreiter-4-1-618x412.jpg 618w, https:\/\/www.skimo.at\/rennen\/files\/2023\/06\/ggut22-gwt35-cphilippreiter-4-1-554x369.jpg 554w, https:\/\/www.skimo.at\/rennen\/files\/2023\/06\/ggut22-gwt35-cphilippreiter-4-1-299x199.jpg 299w, https:\/\/www.skimo.at\/rennen\/files\/2023\/06\/ggut22-gwt35-cphilippreiter-4-1-1224x816.jpg 1224w, https:\/\/www.skimo.at\/rennen\/files\/2023\/06\/ggut22-gwt35-cphilippreiter-4-1-970x647.jpg 970w, https:\/\/www.skimo.at\/rennen\/files\/2023\/06\/ggut22-gwt35-cphilippreiter-4-1-140x93.jpg 140w, https:\/\/www.skimo.at\/rennen\/files\/2023\/06\/ggut22-gwt35-cphilippreiter-4-1-540x360.jpg 540w\" sizes=\"(max-width: 1024px) 100vw, 1024px\" \/><\/a><\/figure><\/li><li class=\"blocks-gallery-item\"><figure><a href=\"https:\/\/www.skimo.at\/rennen\/files\/2023\/06\/yuapc-rf-1.jpeg\"><img loading=\"lazy\" width=\"1024\" height=\"682\" src=\"https:\/\/www.skimo.at\/rennen\/files\/2023\/06\/yuapc-rf-1-1024x682.jpeg\" alt=\"\" data-id=\"298678\" data-full-url=\"https:\/\/www.skimo.at\/rennen\/files\/2023\/06\/yuapc-rf-1.jpeg\" data-link=\"https:\/\/www.skimo.at\/rennen\/?attachment_id=298678\" class=\"wp-image-298678\" srcset=\"https:\/\/www.skimo.at\/rennen\/files\/2023\/06\/yuapc-rf-1-1024x682.jpeg 1024w, https:\/\/www.skimo.at\/rennen\/files\/2023\/06\/yuapc-rf-1-300x200.jpeg 300w, https:\/\/www.skimo.at\/rennen\/files\/2023\/06\/yuapc-rf-1-768x512.jpeg 768w, https:\/\/www.skimo.at\/rennen\/files\/2023\/06\/yuapc-rf-1-746x497.jpeg 746w, https:\/\/www.skimo.at\/rennen\/files\/2023\/06\/yuapc-rf-1-618x412.jpeg 618w, https:\/\/www.skimo.at\/rennen\/files\/2023\/06\/yuapc-rf-1-554x369.jpeg 554w, https:\/\/www.skimo.at\/rennen\/files\/2023\/06\/yuapc-rf-1-299x199.jpeg 299w, https:\/\/www.skimo.at\/rennen\/files\/2023\/06\/yuapc-rf-1-1224x815.jpeg 1224w, https:\/\/www.skimo.at\/rennen\/files\/2023\/06\/yuapc-rf-1-970x646.jpeg 970w, https:\/\/www.skimo.at\/rennen\/files\/2023\/06\/yuapc-rf-1-140x93.jpeg 140w, https:\/\/www.skimo.at\/rennen\/files\/2023\/06\/yuapc-rf-1-540x360.jpeg 540w, https:\/\/www.skimo.at\/rennen\/files\/2023\/06\/yuapc-rf-1.jpeg 1600w\" sizes=\"(max-width: 1024px) 100vw, 1024px\" \/><\/a><\/figure><\/li><\/ul><\/figure>\n\n\n\n<h2>Erstmals auch Strecke f\u00fcr Kids<\/h2>\n\n\n\n<p>Insgesamt f\u00fcnf Strecken f\u00fchren heuer durch den Nationalpark Hohe Tauern: vom Klassiker, dem Gro\u00dfglockner ULTRA-TRAIL mit 110 Kilometern und 6.500 H\u00f6henmetern, bis hin zum neuen Speed-Trail, dem Kaprun Scenic Trail mit 14 Kilometern und 1.000 vertikalen H\u00f6henmetern. Der Kaprun Scenic Trail f\u00fchrt zu den sch\u00f6nsten Ausblicken im Kapruner Tal. Wieder im Programm ist der Mini-GGUT: Am Samstag, den 29. Juli, haben Kids die M\u00f6glichkeit sich beim 1,3 Kilometer- oder 3,4 Kilometer-Lauf auszutoben und erstes Trail-Ambiente mitten in der Gebirgswelt von Kals am Gro\u00dfglockner zu schnuppern. Alle L\u00e4ufe zeichnen sich dabei durch eine landschaftlich einzigartige Streckenf\u00fchrung aus \u2013 stets im Angesicht des imposanten Gro\u00dfglockners.&nbsp;<\/p>\n\n\n\n<h2>Der Klassiker: Der Gro\u00dfglockner Ultra-Trail 110<\/h2>\n\n\n\n<p>110 km, 6.500 H\u00f6henmeter, durch 3 Bundesl\u00e4nder, vorbei an 14 Gletschern, umgeben von rund 300 Gipfeln mit mehr als 3.000 Metern H\u00f6he \u2013 der Grossglockner ULTRA-TRAIL 110 z\u00e4hlt zu den anspruchsvollsten, aber auch landschaftlich reizvollsten Ultra-Trails der Alpen und gilt zurecht als die K\u00f6nigsdisziplin des Events. Die Tour auf der \u201eGlocknerrunde\u201c verl\u00e4uft dabei durch technisch anspruchsvolles und hochalpines Gel\u00e4nde, vier Passagen liegen auf \u00fcber 2.500 Metern H\u00f6he. F\u00fcr den Grossglockner ULTRA-TRAIL gibt es 5 ITRA-Punkte.&nbsp;<\/p>\n\n\n\n<h2>Spitzenathlet:innen beim GGUT 2023<\/h2>\n\n\n\n<p>F\u00fcr das Team von Hauptsponsor DYNAFIT starten unter anderem Jakob Herrmann (AUT), Kirsten H. Amundsgaard (NOR), Maria Purschke (GER), Andre Purschke (GER) und Miria Meinheit (GER). Die beiden Erstplatzierten des Osttirol Trails Jordi Gamito Baus (ESP) und Hekmatulla Darwishi (AFG) starten ebenfalls wieder Ende Juli beim GGUT.&nbsp;<br><br><strong>Die Facts im \u00dcberblick<\/strong><\/p>\n\n\n\n<ul><li>Datum: 27. &#8211; 30. Juli 2023<\/li><li>Ort: Zell am See, Kaprun (AT)<\/li><li>rund 2.000 Starter<\/li><li>Strecken:<ul><li>Grossglockner ULTRA-TRAIL (110 km, 6.500 hm, 5 ITRA-Punkte)&nbsp;<\/li><li>Osttirol Trail (84 km, 5.000 hm, 4 ITRA-Punkte)<\/li><li>Grossglockner Trail (57 km, 3.500 hm, 3 ITRA-Punkte)<\/li><li>Weissee Gletscher Trail (35 km, 1.500 hm, 2 ITRA\/UTMB-Punkte)&nbsp;<\/li><li>NEU* Kaprun Scenic Trail (14 km, 1.000 hm)<\/li><li>Mini-GGUT (1,3 &amp; 3,4 km, 20 &amp; 120 hm)<\/li><\/ul><\/li><\/ul>\n\n\n\n<p><\/p>\n","protected":false},"excerpt":{"rendered":"<p>Zerkl\u00fcftete Gletscher, Single Trails und die alpine Landschaft des Nationalparks Hohe Tauern: Der Gro\u00dfglockner ULTRA-TRAIL (GGUT) geh\u00f6rt zu den bekanntesten Trail-Wettk\u00e4mpfen im Alpenraum und f\u00fchrt auf hochalpinen Trails rund um den h\u00f6chsten Berg \u00d6sterreichs. Vom 27. bis zum 30. Juli 2023 l\u00e4dt der GGUT mit DYNAFIT als Hauptsponsor in die achte Runde ein \u2013 erstmals [&hellip;]<\/p>\n","protected":false},"author":46,"featured_media":298676,"comment_status":"closed","ping_status":"closed","sticky":false,"template":"","format":"standard","meta":[],"categories":[1,3],"tags":[623,388,742,316,532,691,624,337,99],"yoast_head":"<!-- This site is optimized with the Yoast SEO plugin v16.3 - https:\/\/yoast.com\/wordpress\/plugins\/seo\/ -->\n<title>Rennen - Rennen<\/title>\n<meta name=\"description\" content=\"Der Gro\u00dfglockner ULTRA-TRAIL geh\u00f6rt zu den bekanntesten Trail-Wettk\u00e4mpfen im Alpenraum und findet heuer von 27. bis 30. Juli 2023 zum achten Mal statt.\" \/>\n<meta name=\"robots\" content=\"index, follow, max-snippet:-1, max-image-preview:large, max-video-preview:-1\" \/>\n<link rel=\"canonical\" href=\"https:\/\/www.skimo.at\/rennen\/298673\/grossglockner-ultra-trail-von-27-30-juli-2023-skimo-austria-erstmals-kinder-trail\/\" \/>\n<meta property=\"og:locale\" content=\"de_DE\" \/>\n<meta property=\"og:type\" content=\"article\" \/>\n<meta property=\"og:title\" content=\"Rennen - Rennen\" \/>\n<meta property=\"og:description\" content=\"Der Gro\u00dfglockner ULTRA-TRAIL geh\u00f6rt zu den bekanntesten Trail-Wettk\u00e4mpfen im Alpenraum und findet heuer von 27. bis 30. Juli 2023 zum achten Mal statt.\" \/>\n<meta property=\"og:url\" content=\"https:\/\/www.skimo.at\/rennen\/298673\/grossglockner-ultra-trail-von-27-30-juli-2023-skimo-austria-erstmals-kinder-trail\/\" \/>\n<meta property=\"og:site_name\" content=\"Rennen\" \/>\n<meta property=\"article:published_time\" content=\"2023-06-05T18:09:51+00:00\" \/>\n<meta property=\"article:modified_time\" content=\"2023-06-05T18:23:16+00:00\" \/>\n<meta property=\"og:image\" content=\"https:\/\/www.skimo.at\/rennen\/files\/2023\/06\/ggut22-gwt34-cphilippreiter-scaled.jpg\" \/>\n\t<meta property=\"og:image:width\" content=\"2560\" \/>\n\t<meta property=\"og:image:height\" content=\"1707\" \/>\n<meta name=\"twitter:card\" content=\"summary\" \/>\n<meta name=\"twitter:label1\" content=\"Gesch\u00e4tzte Lesezeit\">\n\t<meta name=\"twitter:data1\" content=\"3\u00a0Minuten\">\n<script type=\"application\/ld+json\" class=\"yoast-schema-graph\">{\"@context\":\"https:\/\/schema.org\",\"@graph\":[{\"@type\":\"WebSite\",\"@id\":\"https:\/\/skimo.73.jarolim.eu\/rennen\/#website\",\"url\":\"https:\/\/skimo.73.jarolim.eu\/rennen\/\",\"name\":\"Rennen\",\"description\":\"\",\"potentialAction\":[{\"@type\":\"SearchAction\",\"target\":\"https:\/\/skimo.73.jarolim.eu\/rennen\/?s={search_term_string}\",\"query-input\":\"required name=search_term_string\"}],\"inLanguage\":\"de\"},{\"@type\":\"ImageObject\",\"@id\":\"https:\/\/www.skimo.at\/rennen\/298673\/grossglockner-ultra-trail-von-27-30-juli-2023-skimo-austria-erstmals-kinder-trail\/#primaryimage\",\"inLanguage\":\"de\",\"url\":\"https:\/\/www.skimo.at\/rennen\/files\/2023\/06\/ggut22-gwt34-cphilippreiter-scaled.jpg\",\"contentUrl\":\"https:\/\/www.skimo.at\/rennen\/files\/2023\/06\/ggut22-gwt34-cphilippreiter-scaled.jpg\",\"width\":2560,\"height\":1707},{\"@type\":\"WebPage\",\"@id\":\"https:\/\/www.skimo.at\/rennen\/298673\/grossglockner-ultra-trail-von-27-30-juli-2023-skimo-austria-erstmals-kinder-trail\/#webpage\",\"url\":\"https:\/\/www.skimo.at\/rennen\/298673\/grossglockner-ultra-trail-von-27-30-juli-2023-skimo-austria-erstmals-kinder-trail\/\",\"name\":\"Rennen - Rennen\",\"isPartOf\":{\"@id\":\"https:\/\/skimo.73.jarolim.eu\/rennen\/#website\"},\"primaryImageOfPage\":{\"@id\":\"https:\/\/www.skimo.at\/rennen\/298673\/grossglockner-ultra-trail-von-27-30-juli-2023-skimo-austria-erstmals-kinder-trail\/#primaryimage\"},\"datePublished\":\"2023-06-05T18:09:51+00:00\",\"dateModified\":\"2023-06-05T18:23:16+00:00\",\"author\":{\"@id\":\"https:\/\/skimo.73.jarolim.eu\/rennen\/#\/schema\/person\/06e0ad047a5b8db68febf1faabd580ec\"},\"description\":\"Der Gro\\u00dfglockner ULTRA-TRAIL geh\\u00f6rt zu den bekanntesten Trail-Wettk\\u00e4mpfen im Alpenraum und findet heuer von 27. bis 30. Juli 2023 zum achten Mal statt.\",\"breadcrumb\":{\"@id\":\"https:\/\/www.skimo.at\/rennen\/298673\/grossglockner-ultra-trail-von-27-30-juli-2023-skimo-austria-erstmals-kinder-trail\/#breadcrumb\"},\"inLanguage\":\"de\",\"potentialAction\":[{\"@type\":\"ReadAction\",\"target\":[\"https:\/\/www.skimo.at\/rennen\/298673\/grossglockner-ultra-trail-von-27-30-juli-2023-skimo-austria-erstmals-kinder-trail\/\"]}]},{\"@type\":\"BreadcrumbList\",\"@id\":\"https:\/\/www.skimo.at\/rennen\/298673\/grossglockner-ultra-trail-von-27-30-juli-2023-skimo-austria-erstmals-kinder-trail\/#breadcrumb\",\"itemListElement\":[{\"@type\":\"ListItem\",\"position\":1,\"item\":{\"@type\":\"WebPage\",\"@id\":\"https:\/\/skimo.73.jarolim.eu\/rennen\/\",\"url\":\"https:\/\/skimo.73.jarolim.eu\/rennen\/\",\"name\":\"Home\"}},{\"@type\":\"ListItem\",\"position\":2,\"item\":{\"@id\":\"https:\/\/www.skimo.at\/rennen\/298673\/grossglockner-ultra-trail-von-27-30-juli-2023-skimo-austria-erstmals-kinder-trail\/#webpage\"}}]},{\"@type\":\"Person\",\"@id\":\"https:\/\/skimo.73.jarolim.eu\/rennen\/#\/schema\/person\/06e0ad047a5b8db68febf1faabd580ec\",\"name\":\"jauer\",\"image\":{\"@type\":\"ImageObject\",\"@id\":\"https:\/\/skimo.73.jarolim.eu\/rennen\/#personlogo\",\"inLanguage\":\"de\",\"url\":\"https:\/\/secure.gravatar.com\/avatar\/834131af50852e8b8e036d2a10b1f85a?s=96&r=g\",\"contentUrl\":\"https:\/\/secure.gravatar.com\/avatar\/834131af50852e8b8e036d2a10b1f85a?s=96&r=g\",\"caption\":\"jauer\"},\"url\":\"https:\/\/www.skimo.at\/rennen\/author\/jauer\/\"}]}<\/script>\n<!-- \/ Yoast SEO plugin. -->","_links":{"self":[{"href":"https:\/\/www.skimo.at\/rennen\/wp-json\/wp\/v2\/posts\/298673"}],"collection":[{"href":"https:\/\/www.skimo.at\/rennen\/wp-json\/wp\/v2\/posts"}],"about":[{"href":"https:\/\/www.skimo.at\/rennen\/wp-json\/wp\/v2\/types\/post"}],"author":[{"embeddable":true,"href":"https:\/\/www.skimo.at\/rennen\/wp-json\/wp\/v2\/users\/46"}],"replies":[{"embeddable":true,"href":"https:\/\/www.skimo.at\/rennen\/wp-json\/wp\/v2\/comments?post=298673"}],"version-history":[{"count":5,"href":"https:\/\/www.skimo.at\/rennen\/wp-json\/wp\/v2\/posts\/298673\/revisions"}],"predecessor-version":[{"id":298683,"href":"https:\/\/www.skimo.at\/rennen\/wp-json\/wp\/v2\/posts\/298673\/revisions\/298683"}],"wp:featuredmedia":[{"embeddable":true,"href":"https:\/\/www.skimo.at\/rennen\/wp-json\/wp\/v2\/media\/298676"}],"wp:attachment":[{"href":"https:\/\/www.skimo.at\/rennen\/wp-json\/wp\/v2\/media?parent=298673"}],"wp:term":[{"taxonomy":"category","embeddable":true,"href":"https:\/\/www.skimo.at\/rennen\/wp-json\/wp\/v2\/categories?post=298673"},{"taxonomy":"post_tag","embeddable":true,"href":"https:\/\/www.skimo.at\/rennen\/wp-json\/wp\/v2\/tags?post=298673"}],"curies":[{"name":"wp","href":"https:\/\/api.w.org\/{rel}","templated":true}]}}