{"id":298102,"date":"2023-03-15T18:57:13","date_gmt":"2023-03-15T16:57:13","guid":{"rendered":"https:\/\/www.skimo.at\/rennen\/?p=298102"},"modified":"2023-03-15T18:57:13","modified_gmt":"2023-03-15T16:57:13","slug":"noch-gut-2-wochen-bis-zur-masters-wm-in-der-slowakei","status":"publish","type":"post","link":"https:\/\/www.skimo.at\/rennen\/298102\/noch-gut-2-wochen-bis-zur-masters-wm-in-der-slowakei\/","title":{"rendered":"Noch gut 2 Wochen bis zur Masters-WM in der Slowakei"},"content":{"rendered":"\n<p>Heute haben wir ein Update aus der Slowakei von den Vorbereitungen zur ISMF Masters WM in der Niederen Tatra bekommen. Die Alterskategorien 35+ werden von 31.3. &#8211; 2.4.2023 in den Disziplinen Vertical und Individual ihre Weltmeister k\u00fcren. Die Rennen sind offen und k\u00f6nnen von jedermann bestritten werden, denn parallel findet das traditionelle Chopok-Rennen auf denselben Strecken statt. Die Schneesituation rund um Chopok ist zwar nicht \u00fcppig, aber OK f\u00fcr die Wettk\u00e4mpfe. OK-Chefin Katarina Belikova freut sich ausdr\u00fccklich \u00fcber Starter aus \u00d6sterreich&#8230;.eine Gelegenheit f\u00fcr einen feschen Ausflug in die Slowakei!<\/p>\n\n\n\n<figure class=\"wp-block-image size-large\"><a href=\"https:\/\/www.skimo.at\/rennen\/files\/2023\/03\/plakat-1532023-teaser.jpg\"><img loading=\"lazy\" width=\"1024\" height=\"728\" src=\"https:\/\/www.skimo.at\/rennen\/files\/2023\/03\/plakat-1532023-teaser-1024x728.jpg\" alt=\"\" class=\"wp-image-298103\" srcset=\"https:\/\/www.skimo.at\/rennen\/files\/2023\/03\/plakat-1532023-teaser-1024x728.jpg 1024w, https:\/\/www.skimo.at\/rennen\/files\/2023\/03\/plakat-1532023-teaser-300x213.jpg 300w, https:\/\/www.skimo.at\/rennen\/files\/2023\/03\/plakat-1532023-teaser-768x546.jpg 768w, https:\/\/www.skimo.at\/rennen\/files\/2023\/03\/plakat-1532023-teaser-1224x870.jpg 1224w, https:\/\/www.skimo.at\/rennen\/files\/2023\/03\/plakat-1532023-teaser-970x690.jpg 970w, https:\/\/www.skimo.at\/rennen\/files\/2023\/03\/plakat-1532023-teaser-554x394.jpg 554w, https:\/\/www.skimo.at\/rennen\/files\/2023\/03\/plakat-1532023-teaser-131x93.jpg 131w\" sizes=\"(max-width: 1024px) 100vw, 1024px\" \/><\/a><\/figure>\n\n\n\n<p><a href=\"https:\/\/www.challengechopok.sk\/en\/\">Hier geht es zur Webseite samt Anmeldung f\u00fcr das Event.<\/a><\/p>\n","protected":false},"excerpt":{"rendered":"<p>Heute haben wir ein Update aus der Slowakei von den Vorbereitungen zur ISMF Masters WM in der Niederen Tatra bekommen. Die Alterskategorien 35+ werden von 31.3. &#8211; 2.4.2023 in den Disziplinen Vertical und Individual ihre Weltmeister k\u00fcren. Die Rennen sind offen und k\u00f6nnen von jedermann bestritten werden, denn parallel findet das traditionelle Chopok-Rennen auf denselben [&hellip;]<\/p>\n","protected":false},"author":3,"featured_media":298103,"comment_status":"closed","ping_status":"closed","sticky":false,"template":"","format":"standard","meta":[],"categories":[1,3],"tags":[],"yoast_head":"<!-- This site is optimized with the Yoast SEO plugin v16.3 - https:\/\/yoast.com\/wordpress\/plugins\/seo\/ -->\n<title>Noch gut 2 Wochen bis zur Masters-WM in der Slowakei - Rennen<\/title>\n<meta name=\"robots\" content=\"index, follow, max-snippet:-1, max-image-preview:large, max-video-preview:-1\" \/>\n<link rel=\"canonical\" href=\"https:\/\/www.skimo.at\/rennen\/298102\/noch-gut-2-wochen-bis-zur-masters-wm-in-der-slowakei\/\" \/>\n<meta property=\"og:locale\" content=\"de_DE\" \/>\n<meta property=\"og:type\" content=\"article\" \/>\n<meta property=\"og:title\" content=\"Noch gut 2 Wochen bis zur Masters-WM in der Slowakei - Rennen\" \/>\n<meta property=\"og:description\" content=\"Heute haben wir ein Update aus der Slowakei von den Vorbereitungen zur ISMF Masters WM in der Niederen Tatra bekommen. Die Alterskategorien 35+ werden von 31.3. &#8211; 2.4.2023 in den Disziplinen Vertical und Individual ihre Weltmeister k\u00fcren. Die Rennen sind offen und k\u00f6nnen von jedermann bestritten werden, denn parallel findet das traditionelle Chopok-Rennen auf denselben [&hellip;]\" \/>\n<meta property=\"og:url\" content=\"https:\/\/www.skimo.at\/rennen\/298102\/noch-gut-2-wochen-bis-zur-masters-wm-in-der-slowakei\/\" \/>\n<meta property=\"og:site_name\" content=\"Rennen\" \/>\n<meta property=\"article:published_time\" content=\"2023-03-15T16:57:13+00:00\" \/>\n<meta property=\"og:image\" content=\"https:\/\/www.skimo.at\/rennen\/files\/2023\/03\/plakat-1532023-teaser.jpg\" \/>\n\t<meta property=\"og:image:width\" content=\"2250\" \/>\n\t<meta property=\"og:image:height\" content=\"1600\" \/>\n<meta name=\"twitter:card\" content=\"summary\" \/>\n<meta name=\"twitter:label1\" content=\"Gesch\u00e4tzte Lesezeit\">\n\t<meta name=\"twitter:data1\" content=\"1\u00a0Minute\">\n<script type=\"application\/ld+json\" class=\"yoast-schema-graph\">{\"@context\":\"https:\/\/schema.org\",\"@graph\":[{\"@type\":\"WebSite\",\"@id\":\"https:\/\/skimo.73.jarolim.eu\/rennen\/#website\",\"url\":\"https:\/\/skimo.73.jarolim.eu\/rennen\/\",\"name\":\"Rennen\",\"description\":\"\",\"potentialAction\":[{\"@type\":\"SearchAction\",\"target\":\"https:\/\/skimo.73.jarolim.eu\/rennen\/?s={search_term_string}\",\"query-input\":\"required name=search_term_string\"}],\"inLanguage\":\"de\"},{\"@type\":\"ImageObject\",\"@id\":\"https:\/\/www.skimo.at\/rennen\/298102\/noch-gut-2-wochen-bis-zur-masters-wm-in-der-slowakei\/#primaryimage\",\"inLanguage\":\"de\",\"url\":\"https:\/\/www.skimo.at\/rennen\/files\/2023\/03\/plakat-1532023-teaser.jpg\",\"contentUrl\":\"https:\/\/www.skimo.at\/rennen\/files\/2023\/03\/plakat-1532023-teaser.jpg\",\"width\":2250,\"height\":1600},{\"@type\":\"WebPage\",\"@id\":\"https:\/\/www.skimo.at\/rennen\/298102\/noch-gut-2-wochen-bis-zur-masters-wm-in-der-slowakei\/#webpage\",\"url\":\"https:\/\/www.skimo.at\/rennen\/298102\/noch-gut-2-wochen-bis-zur-masters-wm-in-der-slowakei\/\",\"name\":\"Noch gut 2 Wochen bis zur Masters-WM in der Slowakei - Rennen\",\"isPartOf\":{\"@id\":\"https:\/\/skimo.73.jarolim.eu\/rennen\/#website\"},\"primaryImageOfPage\":{\"@id\":\"https:\/\/www.skimo.at\/rennen\/298102\/noch-gut-2-wochen-bis-zur-masters-wm-in-der-slowakei\/#primaryimage\"},\"datePublished\":\"2023-03-15T16:57:13+00:00\",\"dateModified\":\"2023-03-15T16:57:13+00:00\",\"author\":{\"@id\":\"https:\/\/skimo.73.jarolim.eu\/rennen\/#\/schema\/person\/796ecbce6796efca58bf848ca63ec12c\"},\"breadcrumb\":{\"@id\":\"https:\/\/www.skimo.at\/rennen\/298102\/noch-gut-2-wochen-bis-zur-masters-wm-in-der-slowakei\/#breadcrumb\"},\"inLanguage\":\"de\",\"potentialAction\":[{\"@type\":\"ReadAction\",\"target\":[\"https:\/\/www.skimo.at\/rennen\/298102\/noch-gut-2-wochen-bis-zur-masters-wm-in-der-slowakei\/\"]}]},{\"@type\":\"BreadcrumbList\",\"@id\":\"https:\/\/www.skimo.at\/rennen\/298102\/noch-gut-2-wochen-bis-zur-masters-wm-in-der-slowakei\/#breadcrumb\",\"itemListElement\":[{\"@type\":\"ListItem\",\"position\":1,\"item\":{\"@type\":\"WebPage\",\"@id\":\"https:\/\/skimo.73.jarolim.eu\/rennen\/\",\"url\":\"https:\/\/skimo.73.jarolim.eu\/rennen\/\",\"name\":\"Home\"}},{\"@type\":\"ListItem\",\"position\":2,\"item\":{\"@id\":\"https:\/\/www.skimo.at\/rennen\/298102\/noch-gut-2-wochen-bis-zur-masters-wm-in-der-slowakei\/#webpage\"}}]},{\"@type\":\"Person\",\"@id\":\"https:\/\/skimo.73.jarolim.eu\/rennen\/#\/schema\/person\/796ecbce6796efca58bf848ca63ec12c\",\"name\":\"kposch\",\"image\":{\"@type\":\"ImageObject\",\"@id\":\"https:\/\/skimo.73.jarolim.eu\/rennen\/#personlogo\",\"inLanguage\":\"de\",\"url\":\"https:\/\/secure.gravatar.com\/avatar\/e9f5f28da60e5e563d3f4d3cc0b9b425?s=96&r=g\",\"contentUrl\":\"https:\/\/secure.gravatar.com\/avatar\/e9f5f28da60e5e563d3f4d3cc0b9b425?s=96&r=g\",\"caption\":\"kposch\"},\"url\":\"https:\/\/www.skimo.at\/rennen\/author\/kposch\/\"}]}<\/script>\n<!-- \/ Yoast SEO plugin. -->","_links":{"self":[{"href":"https:\/\/www.skimo.at\/rennen\/wp-json\/wp\/v2\/posts\/298102"}],"collection":[{"href":"https:\/\/www.skimo.at\/rennen\/wp-json\/wp\/v2\/posts"}],"about":[{"href":"https:\/\/www.skimo.at\/rennen\/wp-json\/wp\/v2\/types\/post"}],"author":[{"embeddable":true,"href":"https:\/\/www.skimo.at\/rennen\/wp-json\/wp\/v2\/users\/3"}],"replies":[{"embeddable":true,"href":"https:\/\/www.skimo.at\/rennen\/wp-json\/wp\/v2\/comments?post=298102"}],"version-history":[{"count":1,"href":"https:\/\/www.skimo.at\/rennen\/wp-json\/wp\/v2\/posts\/298102\/revisions"}],"predecessor-version":[{"id":298104,"href":"https:\/\/www.skimo.at\/rennen\/wp-json\/wp\/v2\/posts\/298102\/revisions\/298104"}],"wp:featuredmedia":[{"embeddable":true,"href":"https:\/\/www.skimo.at\/rennen\/wp-json\/wp\/v2\/media\/298103"}],"wp:attachment":[{"href":"https:\/\/www.skimo.at\/rennen\/wp-json\/wp\/v2\/media?parent=298102"}],"wp:term":[{"taxonomy":"category","embeddable":true,"href":"https:\/\/www.skimo.at\/rennen\/wp-json\/wp\/v2\/categories?post=298102"},{"taxonomy":"post_tag","embeddable":true,"href":"https:\/\/www.skimo.at\/rennen\/wp-json\/wp\/v2\/tags?post=298102"}],"curies":[{"name":"wp","href":"https:\/\/api.w.org\/{rel}","templated":true}]}}