{"id":297277,"date":"2023-02-12T16:23:00","date_gmt":"2023-02-12T14:23:00","guid":{"rendered":"https:\/\/www.skimo.at\/rennen\/?p=297277"},"modified":"2023-02-12T17:31:58","modified_gmt":"2023-02-12T15:31:58","slug":"ergebnisse-vom-jennerstier-individual","status":"publish","type":"post","link":"https:\/\/www.skimo.at\/rennen\/297277\/ergebnisse-vom-jennerstier-individual\/","title":{"rendered":"Ergebnisse vom Jennerstier Individual"},"content":{"rendered":"\n<p>Was f\u00fcr ein Rennwochenende! Bei idealen Verh\u00e4ltnissen ging heute das Individual beim Jennerstier \u00fcber die B\u00fchne. Das Rennen war gleichzeitig auch Austragungsbewerb der Deutschen Meisterschaft. \u00dcber 100 Skibergsteiger:innen bew\u00e4ltigten die Auf- und Abstiege mit rund 1.200 hm von der Mittelstation der Jennerbahn ins traumhafte Panorama-Zielgel\u00e4nde bei der Bergstation.<\/p>\n\n\n\n<div class=\"wp-block-file\"><a href=\"https:\/\/www.skimo.at\/rennen\/files\/2023\/02\/Jennestier_Ergebnis-Vertical-Senior-Master_12.02.2023.pdf\">Jennestier_Ergebnis Vertical Senior Master_12.02.2023<\/a><a href=\"https:\/\/www.skimo.at\/rennen\/files\/2023\/02\/Jennestier_Ergebnis-Vertical-Senior-Master_12.02.2023.pdf\" class=\"wp-block-file__button\" download>Herunterladen<\/a><\/div>\n\n\n\n<div class=\"wp-block-file\"><a href=\"https:\/\/www.skimo.at\/rennen\/files\/2023\/02\/Jennestier_Ergebnis-Vertical-U16-U18_12.02.2023.pdf\">Jennestier_Ergebnis Vertical U16-U18_12.02.2023<\/a><a href=\"https:\/\/www.skimo.at\/rennen\/files\/2023\/02\/Jennestier_Ergebnis-Vertical-U16-U18_12.02.2023.pdf\" class=\"wp-block-file__button\" download>Herunterladen<\/a><\/div>\n\n\n\n<div class=\"wp-block-file\"><a href=\"https:\/\/www.skimo.at\/rennen\/files\/2023\/02\/Jennestier_Ergebnis-Vertical-U12-U14_12.02.2023.pdf\">Jennestier_Ergebnis Vertical U12-U14_12.02.2023<\/a><a href=\"https:\/\/www.skimo.at\/rennen\/files\/2023\/02\/Jennestier_Ergebnis-Vertical-U12-U14_12.02.2023.pdf\" class=\"wp-block-file__button\" download>Herunterladen<\/a><\/div>\n\n\n\n<p>Bild: Karl Posch<\/p>\n","protected":false},"excerpt":{"rendered":"<p>Was f\u00fcr ein Rennwochenende! Bei idealen Verh\u00e4ltnissen ging heute das Individual beim Jennerstier \u00fcber die B\u00fchne. Das Rennen war gleichzeitig auch Austragungsbewerb der Deutschen Meisterschaft. \u00dcber 100 Skibergsteiger:innen bew\u00e4ltigten die Auf- und Abstiege mit rund 1.200 hm von der Mittelstation der Jennerbahn ins traumhafte Panorama-Zielgel\u00e4nde bei der Bergstation. Bild: Karl Posch<\/p>\n","protected":false},"author":35,"featured_media":297282,"comment_status":"closed","ping_status":"closed","sticky":false,"template":"","format":"standard","meta":[],"categories":[1,3],"tags":[],"yoast_head":"<!-- This site is optimized with the Yoast SEO plugin v16.3 - https:\/\/yoast.com\/wordpress\/plugins\/seo\/ -->\n<title>Ergebnisse vom Jennerstier Individual - Rennen<\/title>\n<meta name=\"robots\" content=\"index, follow, max-snippet:-1, max-image-preview:large, max-video-preview:-1\" \/>\n<link rel=\"canonical\" href=\"https:\/\/www.skimo.at\/rennen\/297277\/ergebnisse-vom-jennerstier-individual\/\" \/>\n<meta property=\"og:locale\" content=\"de_DE\" \/>\n<meta property=\"og:type\" content=\"article\" \/>\n<meta property=\"og:title\" content=\"Ergebnisse vom Jennerstier Individual - Rennen\" \/>\n<meta property=\"og:description\" content=\"Was f\u00fcr ein Rennwochenende! Bei idealen Verh\u00e4ltnissen ging heute das Individual beim Jennerstier \u00fcber die B\u00fchne. Das Rennen war gleichzeitig auch Austragungsbewerb der Deutschen Meisterschaft. \u00dcber 100 Skibergsteiger:innen bew\u00e4ltigten die Auf- und Abstiege mit rund 1.200 hm von der Mittelstation der Jennerbahn ins traumhafte Panorama-Zielgel\u00e4nde bei der Bergstation. Bild: Karl Posch\" \/>\n<meta property=\"og:url\" content=\"https:\/\/www.skimo.at\/rennen\/297277\/ergebnisse-vom-jennerstier-individual\/\" \/>\n<meta property=\"og:site_name\" content=\"Rennen\" \/>\n<meta property=\"article:published_time\" content=\"2023-02-12T14:23:00+00:00\" \/>\n<meta property=\"article:modified_time\" content=\"2023-02-12T15:31:58+00:00\" \/>\n<meta property=\"og:image\" content=\"https:\/\/www.skimo.at\/rennen\/files\/2023\/02\/04-jennerstier-individual-bild-karl-posch.jpg\" \/>\n\t<meta property=\"og:image:width\" content=\"1620\" \/>\n\t<meta property=\"og:image:height\" content=\"1080\" \/>\n<meta name=\"twitter:card\" content=\"summary\" \/>\n<meta name=\"twitter:label1\" content=\"Gesch\u00e4tzte Lesezeit\">\n\t<meta name=\"twitter:data1\" content=\"1\u00a0Minute\">\n<script type=\"application\/ld+json\" class=\"yoast-schema-graph\">{\"@context\":\"https:\/\/schema.org\",\"@graph\":[{\"@type\":\"WebSite\",\"@id\":\"https:\/\/skimo.73.jarolim.eu\/rennen\/#website\",\"url\":\"https:\/\/skimo.73.jarolim.eu\/rennen\/\",\"name\":\"Rennen\",\"description\":\"\",\"potentialAction\":[{\"@type\":\"SearchAction\",\"target\":\"https:\/\/skimo.73.jarolim.eu\/rennen\/?s={search_term_string}\",\"query-input\":\"required name=search_term_string\"}],\"inLanguage\":\"de\"},{\"@type\":\"ImageObject\",\"@id\":\"https:\/\/www.skimo.at\/rennen\/297277\/ergebnisse-vom-jennerstier-individual\/#primaryimage\",\"inLanguage\":\"de\",\"url\":\"https:\/\/www.skimo.at\/rennen\/files\/2023\/02\/04-jennerstier-individual-bild-karl-posch.jpg\",\"contentUrl\":\"https:\/\/www.skimo.at\/rennen\/files\/2023\/02\/04-jennerstier-individual-bild-karl-posch.jpg\",\"width\":1620,\"height\":1080},{\"@type\":\"WebPage\",\"@id\":\"https:\/\/www.skimo.at\/rennen\/297277\/ergebnisse-vom-jennerstier-individual\/#webpage\",\"url\":\"https:\/\/www.skimo.at\/rennen\/297277\/ergebnisse-vom-jennerstier-individual\/\",\"name\":\"Ergebnisse vom Jennerstier Individual - Rennen\",\"isPartOf\":{\"@id\":\"https:\/\/skimo.73.jarolim.eu\/rennen\/#website\"},\"primaryImageOfPage\":{\"@id\":\"https:\/\/www.skimo.at\/rennen\/297277\/ergebnisse-vom-jennerstier-individual\/#primaryimage\"},\"datePublished\":\"2023-02-12T14:23:00+00:00\",\"dateModified\":\"2023-02-12T15:31:58+00:00\",\"author\":{\"@id\":\"https:\/\/skimo.73.jarolim.eu\/rennen\/#\/schema\/person\/98f79b69381628f9078a5fab8eac4811\"},\"breadcrumb\":{\"@id\":\"https:\/\/www.skimo.at\/rennen\/297277\/ergebnisse-vom-jennerstier-individual\/#breadcrumb\"},\"inLanguage\":\"de\",\"potentialAction\":[{\"@type\":\"ReadAction\",\"target\":[\"https:\/\/www.skimo.at\/rennen\/297277\/ergebnisse-vom-jennerstier-individual\/\"]}]},{\"@type\":\"BreadcrumbList\",\"@id\":\"https:\/\/www.skimo.at\/rennen\/297277\/ergebnisse-vom-jennerstier-individual\/#breadcrumb\",\"itemListElement\":[{\"@type\":\"ListItem\",\"position\":1,\"item\":{\"@type\":\"WebPage\",\"@id\":\"https:\/\/skimo.73.jarolim.eu\/rennen\/\",\"url\":\"https:\/\/skimo.73.jarolim.eu\/rennen\/\",\"name\":\"Home\"}},{\"@type\":\"ListItem\",\"position\":2,\"item\":{\"@id\":\"https:\/\/www.skimo.at\/rennen\/297277\/ergebnisse-vom-jennerstier-individual\/#webpage\"}}]},{\"@type\":\"Person\",\"@id\":\"https:\/\/skimo.73.jarolim.eu\/rennen\/#\/schema\/person\/98f79b69381628f9078a5fab8eac4811\",\"name\":\"sbinder\",\"image\":{\"@type\":\"ImageObject\",\"@id\":\"https:\/\/skimo.73.jarolim.eu\/rennen\/#personlogo\",\"inLanguage\":\"de\",\"url\":\"https:\/\/secure.gravatar.com\/avatar\/11f3623e7f24f658f1be6d4cb550331e?s=96&r=g\",\"contentUrl\":\"https:\/\/secure.gravatar.com\/avatar\/11f3623e7f24f658f1be6d4cb550331e?s=96&r=g\",\"caption\":\"sbinder\"},\"url\":\"https:\/\/www.skimo.at\/rennen\/author\/sbinder\/\"}]}<\/script>\n<!-- \/ Yoast SEO plugin. -->","_links":{"self":[{"href":"https:\/\/www.skimo.at\/rennen\/wp-json\/wp\/v2\/posts\/297277"}],"collection":[{"href":"https:\/\/www.skimo.at\/rennen\/wp-json\/wp\/v2\/posts"}],"about":[{"href":"https:\/\/www.skimo.at\/rennen\/wp-json\/wp\/v2\/types\/post"}],"author":[{"embeddable":true,"href":"https:\/\/www.skimo.at\/rennen\/wp-json\/wp\/v2\/users\/35"}],"replies":[{"embeddable":true,"href":"https:\/\/www.skimo.at\/rennen\/wp-json\/wp\/v2\/comments?post=297277"}],"version-history":[{"count":3,"href":"https:\/\/www.skimo.at\/rennen\/wp-json\/wp\/v2\/posts\/297277\/revisions"}],"predecessor-version":[{"id":297285,"href":"https:\/\/www.skimo.at\/rennen\/wp-json\/wp\/v2\/posts\/297277\/revisions\/297285"}],"wp:featuredmedia":[{"embeddable":true,"href":"https:\/\/www.skimo.at\/rennen\/wp-json\/wp\/v2\/media\/297282"}],"wp:attachment":[{"href":"https:\/\/www.skimo.at\/rennen\/wp-json\/wp\/v2\/media?parent=297277"}],"wp:term":[{"taxonomy":"category","embeddable":true,"href":"https:\/\/www.skimo.at\/rennen\/wp-json\/wp\/v2\/categories?post=297277"},{"taxonomy":"post_tag","embeddable":true,"href":"https:\/\/www.skimo.at\/rennen\/wp-json\/wp\/v2\/tags?post=297277"}],"curies":[{"name":"wp","href":"https:\/\/api.w.org\/{rel}","templated":true}]}}