{"id":295565,"date":"2023-01-21T00:00:46","date_gmt":"2023-01-20T22:00:46","guid":{"rendered":"https:\/\/www.skimo.at\/rennen\/?p=295565"},"modified":"2023-01-21T00:00:46","modified_gmt":"2023-01-20T22:00:46","slug":"mountain-attack-siegerinterview-mit-jakob-herrmann","status":"publish","type":"post","link":"https:\/\/www.skimo.at\/rennen\/295565\/mountain-attack-siegerinterview-mit-jakob-herrmann\/","title":{"rendered":"Mountain Attack: Siegerinterview mit Jakob Herrmann"},"content":{"rendered":"\n<p>Sofort nach dem fulminaten Sieg von Jakob Herrmann aus Werfenweng bei der 25-j\u00e4hrigen Jubil\u00e4umsausgabe der Mountain Attack in Saalbach (nicht ganz sofort, erst nach einem T\u00e4nzchen mit seiner Frau Andrea \ud83d\ude42 ) haben wir ihn vor die Kamera gebeten. Trotz eines Vorsprungs von etwa 2 1\/2 Minuten war das Rennen f\u00fcr Jakob keineswegs einfach&#8230;.umso gl\u00fccklicher war er im Ziel.<\/p>\n\n\n\n<figure class=\"wp-block-embed is-type-video is-provider-youtube wp-block-embed-youtube wp-embed-aspect-16-9 wp-has-aspect-ratio\"><div class=\"wp-block-embed__wrapper\">\n<script> \n                DeferLib.deferInline({ \n                    event: \"THIRD_PARTY.YOUTUBE\", \n                    html: \"<iframe title=\\\"Siegerinterview mit Jakob Herrmann bei der Mountain Attack 20.1.2023 - SKIMO Austria, Karl Posch\\\" width=\\\"500\\\" height=\\\"281\\\" src=\\\"https:\\\/\\\/www.youtube.com\\\/embed\\\/zZEvyJ9irCo?feature=oembed\\\" frameborder=\\\"0\\\" allow=\\\"accelerometer; autoplay; clipboard-write; encrypted-media; gyroscope; picture-in-picture; web-share\\\" allowfullscreen><\\\/iframe>\", \n                    placeholder: \"<span class=\\\"skimo-dsgvo-content-placeholder placeholder-third-party placeholder-third-party--youtube\\\">\\r\\n    <span class=\\\"paragraph\\\">Um Sie umfassen informieren zu k\\u00f6nnen, f\\u00fcgen wir bei Bedarf redaktionelle Inhalte Dritter ein.<br>YouTube setzt Cookies.<\\\/span>\\r\\n    <a href=\\\"javascript:void(0);\\\" onclick=\\\"dsgvoOptIn.allow('THIRD_PARTY.YOUTUBE');\\\">YouTube Videos erlauben<\\\/a>\\r\\n<\\\/span>\" \n                }); \n            <\/script>\n<\/div><\/figure>\n","protected":false},"excerpt":{"rendered":"<p>Sofort nach dem fulminaten Sieg von Jakob Herrmann aus Werfenweng bei der 25-j\u00e4hrigen Jubil\u00e4umsausgabe der Mountain Attack in Saalbach (nicht ganz sofort, erst nach einem T\u00e4nzchen mit seiner Frau Andrea \ud83d\ude42 ) haben wir ihn vor die Kamera gebeten. Trotz eines Vorsprungs von etwa 2 1\/2 Minuten war das Rennen f\u00fcr Jakob keineswegs einfach&#8230;.umso gl\u00fccklicher [&hellip;]<\/p>\n","protected":false},"author":3,"featured_media":295566,"comment_status":"closed","ping_status":"closed","sticky":false,"template":"","format":"standard","meta":[],"categories":[1,9,3,7],"tags":[],"yoast_head":"<!-- This site is optimized with the Yoast SEO plugin v16.3 - https:\/\/yoast.com\/wordpress\/plugins\/seo\/ -->\n<title>Mountain Attack: Siegerinterview mit Jakob Herrmann - Rennen<\/title>\n<meta name=\"robots\" content=\"index, follow, max-snippet:-1, max-image-preview:large, max-video-preview:-1\" \/>\n<link rel=\"canonical\" href=\"https:\/\/www.skimo.at\/rennen\/295565\/mountain-attack-siegerinterview-mit-jakob-herrmann\/\" \/>\n<meta property=\"og:locale\" content=\"de_DE\" \/>\n<meta property=\"og:type\" content=\"article\" \/>\n<meta property=\"og:title\" content=\"Mountain Attack: Siegerinterview mit Jakob Herrmann - Rennen\" \/>\n<meta property=\"og:description\" content=\"Sofort nach dem fulminaten Sieg von Jakob Herrmann aus Werfenweng bei der 25-j\u00e4hrigen Jubil\u00e4umsausgabe der Mountain Attack in Saalbach (nicht ganz sofort, erst nach einem T\u00e4nzchen mit seiner Frau Andrea \ud83d\ude42 ) haben wir ihn vor die Kamera gebeten. Trotz eines Vorsprungs von etwa 2 1\/2 Minuten war das Rennen f\u00fcr Jakob keineswegs einfach&#8230;.umso gl\u00fccklicher [&hellip;]\" \/>\n<meta property=\"og:url\" content=\"https:\/\/www.skimo.at\/rennen\/295565\/mountain-attack-siegerinterview-mit-jakob-herrmann\/\" \/>\n<meta property=\"og:site_name\" content=\"Rennen\" \/>\n<meta property=\"article:published_time\" content=\"2023-01-20T22:00:46+00:00\" \/>\n<meta property=\"og:image\" content=\"https:\/\/www.skimo.at\/rennen\/files\/2023\/01\/jakob-herrmann-bei-der-ma-2023-skimo-austria-karl-posch.jpg\" \/>\n\t<meta property=\"og:image:width\" content=\"1284\" \/>\n\t<meta property=\"og:image:height\" content=\"721\" \/>\n<meta name=\"twitter:card\" content=\"summary\" \/>\n<meta name=\"twitter:label1\" content=\"Gesch\u00e4tzte Lesezeit\">\n\t<meta name=\"twitter:data1\" content=\"1\u00a0Minute\">\n<script type=\"application\/ld+json\" class=\"yoast-schema-graph\">{\"@context\":\"https:\/\/schema.org\",\"@graph\":[{\"@type\":\"WebSite\",\"@id\":\"https:\/\/skimo.73.jarolim.eu\/rennen\/#website\",\"url\":\"https:\/\/skimo.73.jarolim.eu\/rennen\/\",\"name\":\"Rennen\",\"description\":\"\",\"potentialAction\":[{\"@type\":\"SearchAction\",\"target\":\"https:\/\/skimo.73.jarolim.eu\/rennen\/?s={search_term_string}\",\"query-input\":\"required name=search_term_string\"}],\"inLanguage\":\"de\"},{\"@type\":\"ImageObject\",\"@id\":\"https:\/\/www.skimo.at\/rennen\/295565\/mountain-attack-siegerinterview-mit-jakob-herrmann\/#primaryimage\",\"inLanguage\":\"de\",\"url\":\"https:\/\/www.skimo.at\/rennen\/files\/2023\/01\/jakob-herrmann-bei-der-ma-2023-skimo-austria-karl-posch.jpg\",\"contentUrl\":\"https:\/\/www.skimo.at\/rennen\/files\/2023\/01\/jakob-herrmann-bei-der-ma-2023-skimo-austria-karl-posch.jpg\",\"width\":1284,\"height\":721},{\"@type\":\"WebPage\",\"@id\":\"https:\/\/www.skimo.at\/rennen\/295565\/mountain-attack-siegerinterview-mit-jakob-herrmann\/#webpage\",\"url\":\"https:\/\/www.skimo.at\/rennen\/295565\/mountain-attack-siegerinterview-mit-jakob-herrmann\/\",\"name\":\"Mountain Attack: Siegerinterview mit Jakob Herrmann - Rennen\",\"isPartOf\":{\"@id\":\"https:\/\/skimo.73.jarolim.eu\/rennen\/#website\"},\"primaryImageOfPage\":{\"@id\":\"https:\/\/www.skimo.at\/rennen\/295565\/mountain-attack-siegerinterview-mit-jakob-herrmann\/#primaryimage\"},\"datePublished\":\"2023-01-20T22:00:46+00:00\",\"dateModified\":\"2023-01-20T22:00:46+00:00\",\"author\":{\"@id\":\"https:\/\/skimo.73.jarolim.eu\/rennen\/#\/schema\/person\/796ecbce6796efca58bf848ca63ec12c\"},\"breadcrumb\":{\"@id\":\"https:\/\/www.skimo.at\/rennen\/295565\/mountain-attack-siegerinterview-mit-jakob-herrmann\/#breadcrumb\"},\"inLanguage\":\"de\",\"potentialAction\":[{\"@type\":\"ReadAction\",\"target\":[\"https:\/\/www.skimo.at\/rennen\/295565\/mountain-attack-siegerinterview-mit-jakob-herrmann\/\"]}]},{\"@type\":\"BreadcrumbList\",\"@id\":\"https:\/\/www.skimo.at\/rennen\/295565\/mountain-attack-siegerinterview-mit-jakob-herrmann\/#breadcrumb\",\"itemListElement\":[{\"@type\":\"ListItem\",\"position\":1,\"item\":{\"@type\":\"WebPage\",\"@id\":\"https:\/\/skimo.73.jarolim.eu\/rennen\/\",\"url\":\"https:\/\/skimo.73.jarolim.eu\/rennen\/\",\"name\":\"Home\"}},{\"@type\":\"ListItem\",\"position\":2,\"item\":{\"@id\":\"https:\/\/www.skimo.at\/rennen\/295565\/mountain-attack-siegerinterview-mit-jakob-herrmann\/#webpage\"}}]},{\"@type\":\"Person\",\"@id\":\"https:\/\/skimo.73.jarolim.eu\/rennen\/#\/schema\/person\/796ecbce6796efca58bf848ca63ec12c\",\"name\":\"kposch\",\"image\":{\"@type\":\"ImageObject\",\"@id\":\"https:\/\/skimo.73.jarolim.eu\/rennen\/#personlogo\",\"inLanguage\":\"de\",\"url\":\"https:\/\/secure.gravatar.com\/avatar\/e9f5f28da60e5e563d3f4d3cc0b9b425?s=96&r=g\",\"contentUrl\":\"https:\/\/secure.gravatar.com\/avatar\/e9f5f28da60e5e563d3f4d3cc0b9b425?s=96&r=g\",\"caption\":\"kposch\"},\"url\":\"https:\/\/www.skimo.at\/rennen\/author\/kposch\/\"}]}<\/script>\n<!-- \/ Yoast SEO plugin. -->","_links":{"self":[{"href":"https:\/\/www.skimo.at\/rennen\/wp-json\/wp\/v2\/posts\/295565"}],"collection":[{"href":"https:\/\/www.skimo.at\/rennen\/wp-json\/wp\/v2\/posts"}],"about":[{"href":"https:\/\/www.skimo.at\/rennen\/wp-json\/wp\/v2\/types\/post"}],"author":[{"embeddable":true,"href":"https:\/\/www.skimo.at\/rennen\/wp-json\/wp\/v2\/users\/3"}],"replies":[{"embeddable":true,"href":"https:\/\/www.skimo.at\/rennen\/wp-json\/wp\/v2\/comments?post=295565"}],"version-history":[{"count":1,"href":"https:\/\/www.skimo.at\/rennen\/wp-json\/wp\/v2\/posts\/295565\/revisions"}],"predecessor-version":[{"id":295567,"href":"https:\/\/www.skimo.at\/rennen\/wp-json\/wp\/v2\/posts\/295565\/revisions\/295567"}],"wp:featuredmedia":[{"embeddable":true,"href":"https:\/\/www.skimo.at\/rennen\/wp-json\/wp\/v2\/media\/295566"}],"wp:attachment":[{"href":"https:\/\/www.skimo.at\/rennen\/wp-json\/wp\/v2\/media?parent=295565"}],"wp:term":[{"taxonomy":"category","embeddable":true,"href":"https:\/\/www.skimo.at\/rennen\/wp-json\/wp\/v2\/categories?post=295565"},{"taxonomy":"post_tag","embeddable":true,"href":"https:\/\/www.skimo.at\/rennen\/wp-json\/wp\/v2\/tags?post=295565"}],"curies":[{"name":"wp","href":"https:\/\/api.w.org\/{rel}","templated":true}]}}